{"id":321309,"date":"2025-08-12T10:54:22","date_gmt":"2025-08-12T15:54:22","guid":{"rendered":"https:\/\/www.fiscalia.gov.co\/colombia\/?p=321309"},"modified":"2025-08-12T10:54:22","modified_gmt":"2025-08-12T15:54:22","slug":"presuntos-implicados-en-agresiones-sexuales-a-menores-de-edad-en-valle-del-cauca-fueron-asegurados","status":"publish","type":"post","link":"https:\/\/www.fiscalia.gov.co\/colombia\/noticias\/presuntos-implicados-en-agresiones-sexuales-a-menores-de-edad-en-valle-del-cauca-fueron-asegurados\/","title":{"rendered":"Presuntos implicados en agresiones sexuales a menores de edad en Valle del Cauca fueron asegurados"},"content":{"rendered":"<p>Las acciones investigativas de la Fiscal\u00eda General de la Naci\u00f3n permitieron la judicializaci\u00f3n de un t\u00edo y un abuelastro por su presunta responsabilidad<strong> en el abuso sexual de dos hermanas de 3 y 8 a\u00f1os<\/strong>, en hechos ocurridos en Obando (Valle del Cauca).<\/p>\n<figure id=\"attachment_321310\" aria-describedby=\"caption-attachment-321310\" style=\"width: 696px\" class=\"wp-caption aligncenter\"><img loading=\"lazy\" decoding=\"async\" class=\"size-large wp-image-321310\" src=\"https:\/\/www.fiscalia.gov.co\/colombia\/wp-content\/uploads\/Tio-y-abuelastro.-Acceso-carnal-abusivo-y-acto-sexual-con-menor-de-14-anos-agravados.-Obando-Valle-1024x783.jpg\" alt=\"En la fotograf\u00eda se aprecian dos hombres, uno m\u00e1s alto que el otro, est\u00e1n de pie y con los brazos atr\u00e1s. Uno viste camisa de colores fucsia y negro, de manga corta y jean azul. El otro viste camisa de manga larga, de color negro, y cuello gris; as\u00ed como jean azul desgastado. Al extremo derecho de los capturados hay un servidor del CTI de la Fiscal\u00eda y al extremo izquierdo un uniformado de la Polic\u00eda Nacional. Delante de ellos hay una superficie de color marr\u00f3n y sobre ella hay un letrero que dice: \u2018Capturado orden judicial\u2019. En la parte posterior hay un pend\u00f3n institucional de la Polic\u00eda.\" width=\"696\" height=\"532\" srcset=\"https:\/\/www.fiscalia.gov.co\/colombia\/wp-content\/uploads\/Tio-y-abuelastro.-Acceso-carnal-abusivo-y-acto-sexual-con-menor-de-14-anos-agravados.-Obando-Valle-1024x783.jpg 1024w, https:\/\/www.fiscalia.gov.co\/colombia\/wp-content\/uploads\/Tio-y-abuelastro.-Acceso-carnal-abusivo-y-acto-sexual-con-menor-de-14-anos-agravados.-Obando-Valle-300x230.jpg 300w, https:\/\/www.fiscalia.gov.co\/colombia\/wp-content\/uploads\/Tio-y-abuelastro.-Acceso-carnal-abusivo-y-acto-sexual-con-menor-de-14-anos-agravados.-Obando-Valle-768x588.jpg 768w, https:\/\/www.fiscalia.gov.co\/colombia\/wp-content\/uploads\/Tio-y-abuelastro.-Acceso-carnal-abusivo-y-acto-sexual-con-menor-de-14-anos-agravados.-Obando-Valle-1536x1175.jpg 1536w, https:\/\/www.fiscalia.gov.co\/colombia\/wp-content\/uploads\/Tio-y-abuelastro.-Acceso-carnal-abusivo-y-acto-sexual-con-menor-de-14-anos-agravados.-Obando-Valle-549x420.jpg 549w, https:\/\/www.fiscalia.gov.co\/colombia\/wp-content\/uploads\/Tio-y-abuelastro.-Acceso-carnal-abusivo-y-acto-sexual-con-menor-de-14-anos-agravados.-Obando-Valle-80x60.jpg 80w, https:\/\/www.fiscalia.gov.co\/colombia\/wp-content\/uploads\/Tio-y-abuelastro.-Acceso-carnal-abusivo-y-acto-sexual-con-menor-de-14-anos-agravados.-Obando-Valle-696x532.jpg 696w, https:\/\/www.fiscalia.gov.co\/colombia\/wp-content\/uploads\/Tio-y-abuelastro.-Acceso-carnal-abusivo-y-acto-sexual-con-menor-de-14-anos-agravados.-Obando-Valle-1068x817.jpg 1068w, https:\/\/www.fiscalia.gov.co\/colombia\/wp-content\/uploads\/Tio-y-abuelastro.-Acceso-carnal-abusivo-y-acto-sexual-con-menor-de-14-anos-agravados.-Obando-Valle.jpg 1600w\" sizes=\"auto, (max-width: 696px) 100vw, 696px\" \/><figcaption id=\"caption-attachment-321310\" class=\"wp-caption-text\">Estos dos hombres, en calidad de t\u00edo y abuelastro, son se\u00f1alados de abusar sexualmente de dos menores, en zona rural de Obando (Valle del Cauca).<\/figcaption><\/figure>\n<p>Un fiscal de la Seccional Valle del Cauca, les imput\u00f3 a los dos presuntos implicados los <strong>delitos de acceso carnal abusivo con menor de 14 a\u00f1os y acto sexual abusivo con menor de 14 a\u00f1os<\/strong>, ambas conductas agravadas. Los cargos no fueron aceptados.<\/p>\n<p>De acuerdo con la investigaci\u00f3n los hechos ocurrieron durante varios a\u00f1os, en una vivienda ubicada en zona rural del municipio, donde las ni\u00f1as<strong>, fueron sometidas a toda clase de abusos sexuales, amenazas y humillaciones.<\/strong><\/p>\n<p>Servidores del Cuerpo T\u00e9cnico de Investigaci\u00f3n (CTI), con apoyo de la Polic\u00eda Nacional, <strong>materializaron las \u00f3rdenes de captura contra los presuntos agresores de 56 y 69 a\u00f1os, el pasado 6 de agosto, en zona rural de Obando.<\/strong><\/p>\n<div class=\"td-post-content tagdiv-type\">\n<p>El juez de control de garant\u00edas acogi\u00f3 la solicitud de la Fiscal\u00eda y les impuso medida de aseguramiento en centro carcelario.<\/p>\n<p>&nbsp;<\/p>\n<p>&nbsp;<\/p>\n<p>&nbsp;<\/p>\n<p>&nbsp;<\/p>\n<p>&nbsp;<\/p>\n<p>&nbsp;<\/p>\n<p>MAP\/DSVC\/AMCJ\/<\/p>\n<p>&nbsp;<\/p>\n<p>&nbsp;<\/p>\n<p>&nbsp;<\/p>\n<p>&nbsp;<\/p>\n<p>&nbsp;<\/p>\n<p><em>La informaci\u00f3n contenida en este bolet\u00edn de prensa corresponde a la narraci\u00f3n de los hechos noticiosos objetivos, suministrados por los funcionarios encargados de adelantar las investigaciones penales al interior de la Fiscal\u00eda General de la Naci\u00f3n. Para el momento de la divulgaci\u00f3n de este comunicado, la situaci\u00f3n jur\u00eddica de la(s) persona(s) relacionada(s) se encuentra pendiente de resolver por la autoridad judicial competente, siempre bajo los preceptos de la presunci\u00f3n de inocencia, consagrados en el art\u00edculo 29 de la Constituci\u00f3n Pol\u00edtica y el art\u00edculo 7\u00ba de la Ley 906 de 2004.<\/em><\/p>\n<\/div>\n<footer>\n<div class=\"td-post-source-tags\"><\/div>\n<div class=\"td-post-sharing-bottom\"><\/div>\n<\/footer>\n<p>&nbsp;<\/p>\n\n<div class=\"twitter-share\"><a href=\"https:\/\/twitter.com\/intent\/tweet?via=fiscaliacol\" class=\"twitter-share-button\">Tweet<\/a><\/div>\n","protected":false},"excerpt":{"rendered":"<p>Las acciones investigativas de la Fiscal\u00eda General de la Naci\u00f3n permitieron la judicializaci\u00f3n de un t\u00edo y un abuelastro por su presunta responsabilidad en el abuso sexual de dos hermanas [&hellip;]<\/p>\n","protected":false},"author":177,"featured_media":0,"comment_status":"closed","ping_status":"open","sticky":false,"template":"","format":"standard","meta":{"tdm_status":"","tdm_grid_status":"","footnotes":""},"categories":[1,324,303,24127],"tags":[801,37492,1047,1628,31806],"class_list":["post-321309","post","type-post","status-publish","format-standard","category-noticias","category-seccional-cali","category-seccionales","category-violencia-sexual-e-intrafamiliar","tag-abuso-sexual","tag-fiscal-luz-adriana-camargo","tag-fiscalia-general-de-la-nacion","tag-menores-de-edad","tag-obando-valle-del-cauca"],"yoast_head":"<!-- This site is optimized with the Yoast SEO plugin v24.3 - https:\/\/yoast.com\/wordpress\/plugins\/seo\/ -->\n<title>Fiscal\u00eda General de la Naci\u00f3n<\/title>\n<meta name=\"description\" content=\"P\u00e1gina oficial de la Fiscal\u00eda General de la Naci\u00f3n \u2013 Colombia. Garantizamos el acceso efectivo a la justicia, la verdad y la reparaci\u00f3n de las v\u00edctimas de los delitos.\" \/>\n<meta name=\"robots\" content=\"noindex, follow\" \/>\n<meta property=\"og:locale\" content=\"es_ES\" \/>\n<meta property=\"og:type\" content=\"article\" \/>\n<meta property=\"og:title\" content=\"Fiscal\u00eda General de la Naci\u00f3n\" \/>\n<meta property=\"og:description\" content=\"P\u00e1gina oficial de la Fiscal\u00eda General de la Naci\u00f3n \u2013 Colombia. Garantizamos el acceso efectivo a la justicia, la verdad y la reparaci\u00f3n de las v\u00edctimas de los delitos.\" \/>\n<meta property=\"og:url\" content=\"https:\/\/www.fiscalia.gov.co\/colombia\/noticias\/presuntos-implicados-en-agresiones-sexuales-a-menores-de-edad-en-valle-del-cauca-fueron-asegurados\/\" \/>\n<meta property=\"og:site_name\" content=\"Fiscal\u00eda General de la Naci\u00f3n\" \/>\n<meta property=\"article:publisher\" content=\"https:\/\/www.facebook.com\/FiscaliaCol\" \/>\n<meta property=\"article:published_time\" content=\"2025-08-12T15:54:22+00:00\" \/>\n<meta property=\"og:image\" content=\"https:\/\/www.fiscalia.gov.co\/colombia\/wp-content\/uploads\/Tio-y-abuelastro.-Acceso-carnal-abusivo-y-acto-sexual-con-menor-de-14-anos-agravados.-Obando-Valle.jpg\" \/>\n\t<meta property=\"og:image:width\" content=\"1600\" \/>\n\t<meta property=\"og:image:height\" content=\"1224\" \/>\n\t<meta property=\"og:image:type\" content=\"image\/jpeg\" \/>\n<meta name=\"author\" content=\"Jordan Leandro Oviedo Anzola\" \/>\n<meta name=\"twitter:card\" content=\"summary_large_image\" \/>\n<meta name=\"twitter:creator\" content=\"@FiscaliaCol\" \/>\n<meta name=\"twitter:site\" content=\"@FiscaliaCol\" \/>\n<meta name=\"twitter:label1\" content=\"Escrito por\" \/>\n\t<meta name=\"twitter:data1\" content=\"Jordan Leandro Oviedo Anzola\" \/>\n\t<meta name=\"twitter:label2\" content=\"Tiempo de lectura\" \/>\n\t<meta name=\"twitter:data2\" content=\"2 minutos\" \/>\n<script type=\"application\/ld+json\" class=\"yoast-schema-graph\">{\"@context\":\"https:\/\/schema.org\",\"@graph\":[{\"@type\":\"Article\",\"@id\":\"https:\/\/www.fiscalia.gov.co\/colombia\/noticias\/presuntos-implicados-en-agresiones-sexuales-a-menores-de-edad-en-valle-del-cauca-fueron-asegurados\/#article\",\"isPartOf\":{\"@id\":\"https:\/\/www.fiscalia.gov.co\/colombia\/noticias\/presuntos-implicados-en-agresiones-sexuales-a-menores-de-edad-en-valle-del-cauca-fueron-asegurados\/\"},\"author\":{\"name\":\"Jordan Leandro Oviedo Anzola\",\"@id\":\"https:\/\/www.fiscalia.gov.co\/colombia\/#\/schema\/person\/bf84402cf293a5393e9c70b111020b24\"},\"headline\":\"Presuntos implicados en agresiones sexuales a menores de edad en Valle del Cauca fueron asegurados\",\"datePublished\":\"2025-08-12T15:54:22+00:00\",\"dateModified\":\"2025-08-12T15:54:22+00:00\",\"mainEntityOfPage\":{\"@id\":\"https:\/\/www.fiscalia.gov.co\/colombia\/noticias\/presuntos-implicados-en-agresiones-sexuales-a-menores-de-edad-en-valle-del-cauca-fueron-asegurados\/\"},\"wordCount\":353,\"publisher\":{\"@id\":\"https:\/\/www.fiscalia.gov.co\/colombia\/#organization\"},\"image\":{\"@id\":\"https:\/\/www.fiscalia.gov.co\/colombia\/noticias\/presuntos-implicados-en-agresiones-sexuales-a-menores-de-edad-en-valle-del-cauca-fueron-asegurados\/#primaryimage\"},\"thumbnailUrl\":\"https:\/\/www.fiscalia.gov.co\/colombia\/wp-content\/uploads\/Tio-y-abuelastro.-Acceso-carnal-abusivo-y-acto-sexual-con-menor-de-14-anos-agravados.-Obando-Valle-1024x783.jpg\",\"keywords\":[\"Abuso sexual\",\"Fiscal Luz Adriana Camargo\",\"Fiscal\u00eda General de la Naci\u00f3n\",\"Menores de edad\",\"Obando (Valle del Cauca)\"],\"articleSection\":[\"Noticias\",\"Seccional Cali\",\"Seccionales\",\"Violencia sexual e intrafamiliar\"],\"inLanguage\":\"es-CO\"},{\"@type\":\"WebPage\",\"@id\":\"https:\/\/www.fiscalia.gov.co\/colombia\/noticias\/presuntos-implicados-en-agresiones-sexuales-a-menores-de-edad-en-valle-del-cauca-fueron-asegurados\/\",\"url\":\"https:\/\/www.fiscalia.gov.co\/colombia\/noticias\/presuntos-implicados-en-agresiones-sexuales-a-menores-de-edad-en-valle-del-cauca-fueron-asegurados\/\",\"name\":\"Fiscal\u00eda General de la Naci\u00f3n\",\"isPartOf\":{\"@id\":\"https:\/\/www.fiscalia.gov.co\/colombia\/#website\"},\"primaryImageOfPage\":{\"@id\":\"https:\/\/www.fiscalia.gov.co\/colombia\/noticias\/presuntos-implicados-en-agresiones-sexuales-a-menores-de-edad-en-valle-del-cauca-fueron-asegurados\/#primaryimage\"},\"image\":{\"@id\":\"https:\/\/www.fiscalia.gov.co\/colombia\/noticias\/presuntos-implicados-en-agresiones-sexuales-a-menores-de-edad-en-valle-del-cauca-fueron-asegurados\/#primaryimage\"},\"thumbnailUrl\":\"https:\/\/www.fiscalia.gov.co\/colombia\/wp-content\/uploads\/Tio-y-abuelastro.-Acceso-carnal-abusivo-y-acto-sexual-con-menor-de-14-anos-agravados.-Obando-Valle-1024x783.jpg\",\"datePublished\":\"2025-08-12T15:54:22+00:00\",\"dateModified\":\"2025-08-12T15:54:22+00:00\",\"description\":\"P\u00e1gina oficial de la Fiscal\u00eda General de la Naci\u00f3n \u2013 Colombia. Garantizamos el acceso efectivo a la justicia, la verdad y la reparaci\u00f3n de las v\u00edctimas de los delitos.\",\"breadcrumb\":{\"@id\":\"https:\/\/www.fiscalia.gov.co\/colombia\/noticias\/presuntos-implicados-en-agresiones-sexuales-a-menores-de-edad-en-valle-del-cauca-fueron-asegurados\/#breadcrumb\"},\"inLanguage\":\"es-CO\",\"potentialAction\":[{\"@type\":\"ReadAction\",\"target\":[\"https:\/\/www.fiscalia.gov.co\/colombia\/noticias\/presuntos-implicados-en-agresiones-sexuales-a-menores-de-edad-en-valle-del-cauca-fueron-asegurados\/\"]}]},{\"@type\":\"ImageObject\",\"inLanguage\":\"es-CO\",\"@id\":\"https:\/\/www.fiscalia.gov.co\/colombia\/noticias\/presuntos-implicados-en-agresiones-sexuales-a-menores-de-edad-en-valle-del-cauca-fueron-asegurados\/#primaryimage\",\"url\":\"https:\/\/www.fiscalia.gov.co\/colombia\/wp-content\/uploads\/Tio-y-abuelastro.-Acceso-carnal-abusivo-y-acto-sexual-con-menor-de-14-anos-agravados.-Obando-Valle.jpg\",\"contentUrl\":\"https:\/\/www.fiscalia.gov.co\/colombia\/wp-content\/uploads\/Tio-y-abuelastro.-Acceso-carnal-abusivo-y-acto-sexual-con-menor-de-14-anos-agravados.-Obando-Valle.jpg\",\"width\":1600,\"height\":1224,\"caption\":\"Estos dos hombres, en calidad de t\u00edo y abuelastro, son se\u00f1alados de abusar sexualmente de dos menores, en zona rural de Obando (Valle del Cauca).\"},{\"@type\":\"BreadcrumbList\",\"@id\":\"https:\/\/www.fiscalia.gov.co\/colombia\/noticias\/presuntos-implicados-en-agresiones-sexuales-a-menores-de-edad-en-valle-del-cauca-fueron-asegurados\/#breadcrumb\",\"itemListElement\":[{\"@type\":\"ListItem\",\"position\":1,\"name\":\"Home\",\"item\":\"https:\/\/www.fiscalia.gov.co\/colombia\/\"},{\"@type\":\"ListItem\",\"position\":2,\"name\":\"Presuntos implicados en agresiones sexuales a menores de edad en Valle del Cauca fueron asegurados\"}]},{\"@type\":\"WebSite\",\"@id\":\"https:\/\/www.fiscalia.gov.co\/colombia\/#website\",\"url\":\"https:\/\/www.fiscalia.gov.co\/colombia\/\",\"name\":\"Fiscal\u00eda General de la Naci\u00f3n\",\"description\":\"P\u00e1gina oficial de la Fiscal\u00eda General de la Naci\u00f3n \u2013 Colombia. Garantizamos el acceso efectivo a la justicia, la verdad y la reparaci\u00f3n de las v\u00edctimas de los delitos.\",\"publisher\":{\"@id\":\"https:\/\/www.fiscalia.gov.co\/colombia\/#organization\"},\"potentialAction\":[{\"@type\":\"SearchAction\",\"target\":{\"@type\":\"EntryPoint\",\"urlTemplate\":\"https:\/\/www.fiscalia.gov.co\/colombia\/?s={search_term_string}\"},\"query-input\":{\"@type\":\"PropertyValueSpecification\",\"valueRequired\":true,\"valueName\":\"search_term_string\"}}],\"inLanguage\":\"es-CO\"},{\"@type\":\"Organization\",\"@id\":\"https:\/\/www.fiscalia.gov.co\/colombia\/#organization\",\"name\":\"Fiscal\u00eda General de la Naci\u00f3n\",\"url\":\"https:\/\/www.fiscalia.gov.co\/colombia\/\",\"logo\":{\"@type\":\"ImageObject\",\"inLanguage\":\"es-CO\",\"@id\":\"https:\/\/www.fiscalia.gov.co\/colombia\/#\/schema\/logo\/image\/\",\"url\":\"https:\/\/www.fiscalia.gov.co\/colombia\/wp-content\/uploads\/LogoHorizontal_1.jpg\",\"contentUrl\":\"https:\/\/www.fiscalia.gov.co\/colombia\/wp-content\/uploads\/LogoHorizontal_1.jpg\",\"width\":300,\"height\":90,\"caption\":\"Fiscal\u00eda General de la Naci\u00f3n\"},\"image\":{\"@id\":\"https:\/\/www.fiscalia.gov.co\/colombia\/#\/schema\/logo\/image\/\"},\"sameAs\":[\"https:\/\/www.facebook.com\/FiscaliaCol\",\"https:\/\/x.com\/FiscaliaCol\",\"https:\/\/www.instagram.com\/fiscaliacol\",\"https:\/\/www.linkedin.com\/company\/fiscalia-general-de-la-naci-n\/\",\"https:\/\/youtube.com\/@fiscaliageneraldelanacion-4668?si=6nN79nyQICPU5iTh\"]},{\"@type\":\"Person\",\"@id\":\"https:\/\/www.fiscalia.gov.co\/colombia\/#\/schema\/person\/bf84402cf293a5393e9c70b111020b24\",\"name\":\"Jordan Leandro Oviedo Anzola\",\"image\":{\"@type\":\"ImageObject\",\"inLanguage\":\"es-CO\",\"@id\":\"https:\/\/www.fiscalia.gov.co\/colombia\/#\/schema\/person\/image\/\",\"url\":\"https:\/\/secure.gravatar.com\/avatar\/dabba4346fa9b9207d96adafa8f92721?s=96&d=mm&r=g\",\"contentUrl\":\"https:\/\/secure.gravatar.com\/avatar\/dabba4346fa9b9207d96adafa8f92721?s=96&d=mm&r=g\",\"caption\":\"Jordan Leandro Oviedo Anzola\"},\"url\":\"https:\/\/www.fiscalia.gov.co\/colombia\/author\/joviedo\/\"}]}<\/script>\n<!-- \/ Yoast SEO plugin. -->","yoast_head_json":{"title":"Fiscal\u00eda General de la Naci\u00f3n","description":"P\u00e1gina oficial de la Fiscal\u00eda General de la Naci\u00f3n \u2013 Colombia. Garantizamos el acceso efectivo a la justicia, la verdad y la reparaci\u00f3n de las v\u00edctimas de los delitos.","robots":{"index":"noindex","follow":"follow"},"og_locale":"es_ES","og_type":"article","og_title":"Fiscal\u00eda General de la Naci\u00f3n","og_description":"P\u00e1gina oficial de la Fiscal\u00eda General de la Naci\u00f3n \u2013 Colombia. Garantizamos el acceso efectivo a la justicia, la verdad y la reparaci\u00f3n de las v\u00edctimas de los delitos.","og_url":"https:\/\/www.fiscalia.gov.co\/colombia\/noticias\/presuntos-implicados-en-agresiones-sexuales-a-menores-de-edad-en-valle-del-cauca-fueron-asegurados\/","og_site_name":"Fiscal\u00eda General de la Naci\u00f3n","article_publisher":"https:\/\/www.facebook.com\/FiscaliaCol","article_published_time":"2025-08-12T15:54:22+00:00","og_image":[{"width":1600,"height":1224,"url":"https:\/\/www.fiscalia.gov.co\/colombia\/wp-content\/uploads\/Tio-y-abuelastro.-Acceso-carnal-abusivo-y-acto-sexual-con-menor-de-14-anos-agravados.-Obando-Valle.jpg","type":"image\/jpeg"}],"author":"Jordan Leandro Oviedo Anzola","twitter_card":"summary_large_image","twitter_creator":"@FiscaliaCol","twitter_site":"@FiscaliaCol","twitter_misc":{"Escrito por":"Jordan Leandro Oviedo Anzola","Tiempo de lectura":"2 minutos"},"schema":{"@context":"https:\/\/schema.org","@graph":[{"@type":"Article","@id":"https:\/\/www.fiscalia.gov.co\/colombia\/noticias\/presuntos-implicados-en-agresiones-sexuales-a-menores-de-edad-en-valle-del-cauca-fueron-asegurados\/#article","isPartOf":{"@id":"https:\/\/www.fiscalia.gov.co\/colombia\/noticias\/presuntos-implicados-en-agresiones-sexuales-a-menores-de-edad-en-valle-del-cauca-fueron-asegurados\/"},"author":{"name":"Jordan Leandro Oviedo Anzola","@id":"https:\/\/www.fiscalia.gov.co\/colombia\/#\/schema\/person\/bf84402cf293a5393e9c70b111020b24"},"headline":"Presuntos implicados en agresiones sexuales a menores de edad en Valle del Cauca fueron asegurados","datePublished":"2025-08-12T15:54:22+00:00","dateModified":"2025-08-12T15:54:22+00:00","mainEntityOfPage":{"@id":"https:\/\/www.fiscalia.gov.co\/colombia\/noticias\/presuntos-implicados-en-agresiones-sexuales-a-menores-de-edad-en-valle-del-cauca-fueron-asegurados\/"},"wordCount":353,"publisher":{"@id":"https:\/\/www.fiscalia.gov.co\/colombia\/#organization"},"image":{"@id":"https:\/\/www.fiscalia.gov.co\/colombia\/noticias\/presuntos-implicados-en-agresiones-sexuales-a-menores-de-edad-en-valle-del-cauca-fueron-asegurados\/#primaryimage"},"thumbnailUrl":"https:\/\/www.fiscalia.gov.co\/colombia\/wp-content\/uploads\/Tio-y-abuelastro.-Acceso-carnal-abusivo-y-acto-sexual-con-menor-de-14-anos-agravados.-Obando-Valle-1024x783.jpg","keywords":["Abuso sexual","Fiscal Luz Adriana Camargo","Fiscal\u00eda General de la Naci\u00f3n","Menores de edad","Obando (Valle del Cauca)"],"articleSection":["Noticias","Seccional Cali","Seccionales","Violencia sexual e intrafamiliar"],"inLanguage":"es-CO"},{"@type":"WebPage","@id":"https:\/\/www.fiscalia.gov.co\/colombia\/noticias\/presuntos-implicados-en-agresiones-sexuales-a-menores-de-edad-en-valle-del-cauca-fueron-asegurados\/","url":"https:\/\/www.fiscalia.gov.co\/colombia\/noticias\/presuntos-implicados-en-agresiones-sexuales-a-menores-de-edad-en-valle-del-cauca-fueron-asegurados\/","name":"Fiscal\u00eda General de la Naci\u00f3n","isPartOf":{"@id":"https:\/\/www.fiscalia.gov.co\/colombia\/#website"},"primaryImageOfPage":{"@id":"https:\/\/www.fiscalia.gov.co\/colombia\/noticias\/presuntos-implicados-en-agresiones-sexuales-a-menores-de-edad-en-valle-del-cauca-fueron-asegurados\/#primaryimage"},"image":{"@id":"https:\/\/www.fiscalia.gov.co\/colombia\/noticias\/presuntos-implicados-en-agresiones-sexuales-a-menores-de-edad-en-valle-del-cauca-fueron-asegurados\/#primaryimage"},"thumbnailUrl":"https:\/\/www.fiscalia.gov.co\/colombia\/wp-content\/uploads\/Tio-y-abuelastro.-Acceso-carnal-abusivo-y-acto-sexual-con-menor-de-14-anos-agravados.-Obando-Valle-1024x783.jpg","datePublished":"2025-08-12T15:54:22+00:00","dateModified":"2025-08-12T15:54:22+00:00","description":"P\u00e1gina oficial de la Fiscal\u00eda General de la Naci\u00f3n \u2013 Colombia. Garantizamos el acceso efectivo a la justicia, la verdad y la reparaci\u00f3n de las v\u00edctimas de los delitos.","breadcrumb":{"@id":"https:\/\/www.fiscalia.gov.co\/colombia\/noticias\/presuntos-implicados-en-agresiones-sexuales-a-menores-de-edad-en-valle-del-cauca-fueron-asegurados\/#breadcrumb"},"inLanguage":"es-CO","potentialAction":[{"@type":"ReadAction","target":["https:\/\/www.fiscalia.gov.co\/colombia\/noticias\/presuntos-implicados-en-agresiones-sexuales-a-menores-de-edad-en-valle-del-cauca-fueron-asegurados\/"]}]},{"@type":"ImageObject","inLanguage":"es-CO","@id":"https:\/\/www.fiscalia.gov.co\/colombia\/noticias\/presuntos-implicados-en-agresiones-sexuales-a-menores-de-edad-en-valle-del-cauca-fueron-asegurados\/#primaryimage","url":"https:\/\/www.fiscalia.gov.co\/colombia\/wp-content\/uploads\/Tio-y-abuelastro.-Acceso-carnal-abusivo-y-acto-sexual-con-menor-de-14-anos-agravados.-Obando-Valle.jpg","contentUrl":"https:\/\/www.fiscalia.gov.co\/colombia\/wp-content\/uploads\/Tio-y-abuelastro.-Acceso-carnal-abusivo-y-acto-sexual-con-menor-de-14-anos-agravados.-Obando-Valle.jpg","width":1600,"height":1224,"caption":"Estos dos hombres, en calidad de t\u00edo y abuelastro, son se\u00f1alados de abusar sexualmente de dos menores, en zona rural de Obando (Valle del Cauca)."},{"@type":"BreadcrumbList","@id":"https:\/\/www.fiscalia.gov.co\/colombia\/noticias\/presuntos-implicados-en-agresiones-sexuales-a-menores-de-edad-en-valle-del-cauca-fueron-asegurados\/#breadcrumb","itemListElement":[{"@type":"ListItem","position":1,"name":"Home","item":"https:\/\/www.fiscalia.gov.co\/colombia\/"},{"@type":"ListItem","position":2,"name":"Presuntos implicados en agresiones sexuales a menores de edad en Valle del Cauca fueron asegurados"}]},{"@type":"WebSite","@id":"https:\/\/www.fiscalia.gov.co\/colombia\/#website","url":"https:\/\/www.fiscalia.gov.co\/colombia\/","name":"Fiscal\u00eda General de la Naci\u00f3n","description":"P\u00e1gina oficial de la Fiscal\u00eda General de la Naci\u00f3n \u2013 Colombia. Garantizamos el acceso efectivo a la justicia, la verdad y la reparaci\u00f3n de las v\u00edctimas de los delitos.","publisher":{"@id":"https:\/\/www.fiscalia.gov.co\/colombia\/#organization"},"potentialAction":[{"@type":"SearchAction","target":{"@type":"EntryPoint","urlTemplate":"https:\/\/www.fiscalia.gov.co\/colombia\/?s={search_term_string}"},"query-input":{"@type":"PropertyValueSpecification","valueRequired":true,"valueName":"search_term_string"}}],"inLanguage":"es-CO"},{"@type":"Organization","@id":"https:\/\/www.fiscalia.gov.co\/colombia\/#organization","name":"Fiscal\u00eda General de la Naci\u00f3n","url":"https:\/\/www.fiscalia.gov.co\/colombia\/","logo":{"@type":"ImageObject","inLanguage":"es-CO","@id":"https:\/\/www.fiscalia.gov.co\/colombia\/#\/schema\/logo\/image\/","url":"https:\/\/www.fiscalia.gov.co\/colombia\/wp-content\/uploads\/LogoHorizontal_1.jpg","contentUrl":"https:\/\/www.fiscalia.gov.co\/colombia\/wp-content\/uploads\/LogoHorizontal_1.jpg","width":300,"height":90,"caption":"Fiscal\u00eda General de la Naci\u00f3n"},"image":{"@id":"https:\/\/www.fiscalia.gov.co\/colombia\/#\/schema\/logo\/image\/"},"sameAs":["https:\/\/www.facebook.com\/FiscaliaCol","https:\/\/x.com\/FiscaliaCol","https:\/\/www.instagram.com\/fiscaliacol","https:\/\/www.linkedin.com\/company\/fiscalia-general-de-la-naci-n\/","https:\/\/youtube.com\/@fiscaliageneraldelanacion-4668?si=6nN79nyQICPU5iTh"]},{"@type":"Person","@id":"https:\/\/www.fiscalia.gov.co\/colombia\/#\/schema\/person\/bf84402cf293a5393e9c70b111020b24","name":"Jordan Leandro Oviedo Anzola","image":{"@type":"ImageObject","inLanguage":"es-CO","@id":"https:\/\/www.fiscalia.gov.co\/colombia\/#\/schema\/person\/image\/","url":"https:\/\/secure.gravatar.com\/avatar\/dabba4346fa9b9207d96adafa8f92721?s=96&d=mm&r=g","contentUrl":"https:\/\/secure.gravatar.com\/avatar\/dabba4346fa9b9207d96adafa8f92721?s=96&d=mm&r=g","caption":"Jordan Leandro Oviedo Anzola"},"url":"https:\/\/www.fiscalia.gov.co\/colombia\/author\/joviedo\/"}]}},"_links":{"self":[{"href":"https:\/\/www.fiscalia.gov.co\/colombia\/wp-json\/wp\/v2\/posts\/321309","targetHints":{"allow":["GET"]}}],"collection":[{"href":"https:\/\/www.fiscalia.gov.co\/colombia\/wp-json\/wp\/v2\/posts"}],"about":[{"href":"https:\/\/www.fiscalia.gov.co\/colombia\/wp-json\/wp\/v2\/types\/post"}],"author":[{"embeddable":true,"href":"https:\/\/www.fiscalia.gov.co\/colombia\/wp-json\/wp\/v2\/users\/177"}],"replies":[{"embeddable":true,"href":"https:\/\/www.fiscalia.gov.co\/colombia\/wp-json\/wp\/v2\/comments?post=321309"}],"version-history":[{"count":1,"href":"https:\/\/www.fiscalia.gov.co\/colombia\/wp-json\/wp\/v2\/posts\/321309\/revisions"}],"predecessor-version":[{"id":321311,"href":"https:\/\/www.fiscalia.gov.co\/colombia\/wp-json\/wp\/v2\/posts\/321309\/revisions\/321311"}],"wp:attachment":[{"href":"https:\/\/www.fiscalia.gov.co\/colombia\/wp-json\/wp\/v2\/media?parent=321309"}],"wp:term":[{"taxonomy":"category","embeddable":true,"href":"https:\/\/www.fiscalia.gov.co\/colombia\/wp-json\/wp\/v2\/categories?post=321309"},{"taxonomy":"post_tag","embeddable":true,"href":"https:\/\/www.fiscalia.gov.co\/colombia\/wp-json\/wp\/v2\/tags?post=321309"}],"curies":[{"name":"wp","href":"https:\/\/api.w.org\/{rel}","templated":true}]}}