{"id":321158,"date":"2025-08-10T10:24:10","date_gmt":"2025-08-10T15:24:10","guid":{"rendered":"https:\/\/www.fiscalia.gov.co\/colombia\/?p=321158"},"modified":"2025-08-10T10:24:10","modified_gmt":"2025-08-10T15:24:10","slug":"descubierta-red-delictiva-senalada-de-explotar-sexualmente-a-menores-de-edad-en-un-establecimiento-de-comercio-en-santander","status":"publish","type":"post","link":"https:\/\/www.fiscalia.gov.co\/colombia\/noticias\/descubierta-red-delictiva-senalada-de-explotar-sexualmente-a-menores-de-edad-en-un-establecimiento-de-comercio-en-santander\/","title":{"rendered":"Descubierta red delictiva se\u00f1alada de explotar sexualmente a menores de edad en un establecimiento de comercio en Santander"},"content":{"rendered":"<h4><em><strong>Seis de los presuntos integrantes de la organizaci\u00f3n fueron capturados y judicializados. Todos deber\u00e1n cumplir medida de aseguramiento en centro carcelario.<\/strong> <\/em><\/h4>\n<p>En un establecimiento nocturno de Piedecuesta (Santander), una red delictiva explotaba sexualmente a menores de edad en situaci\u00f3n de vulnerabilidad que eran contactadas y atra\u00eddas a trav\u00e9s de redes sociales con ofrecimiento laborales y altas remuneraciones econ\u00f3micas.<\/p>\n<figure id=\"attachment_321159\" aria-describedby=\"caption-attachment-321159\" style=\"width: 300px\" class=\"wp-caption alignnone\"><img loading=\"lazy\" decoding=\"async\" class=\"size-medium wp-image-321159\" src=\"https:\/\/www.fiscalia.gov.co\/colombia\/wp-content\/uploads\/WhatsApp-Image-2025-08-10-at-8.04.19-AM-300x227.jpeg\" alt=\"En la imagen se observa a seis personas de espaldas, alineadas en el centro, custodiadas por dos polic\u00edas uniformados ubicados en los extremos izquierdo y derecho. Detr\u00e1s de ellos hay un tel\u00f3n con el escudo y el nombre de la Polic\u00eda Nacional de Colombia repetidos. En la parte superior derecha aparecen los logotipos de la Polic\u00eda Nacional y de la Fiscal\u00eda General de la Naci\u00f3n. En la esquina inferior derecha se lee la frase \u201cInsumo de comunicaci\u00f3n con fines period\u00edsticos\u201d.\" width=\"300\" height=\"227\" srcset=\"https:\/\/www.fiscalia.gov.co\/colombia\/wp-content\/uploads\/WhatsApp-Image-2025-08-10-at-8.04.19-AM-300x227.jpeg 300w, https:\/\/www.fiscalia.gov.co\/colombia\/wp-content\/uploads\/WhatsApp-Image-2025-08-10-at-8.04.19-AM-1024x773.jpeg 1024w, https:\/\/www.fiscalia.gov.co\/colombia\/wp-content\/uploads\/WhatsApp-Image-2025-08-10-at-8.04.19-AM-768x580.jpeg 768w, https:\/\/www.fiscalia.gov.co\/colombia\/wp-content\/uploads\/WhatsApp-Image-2025-08-10-at-8.04.19-AM-1536x1160.jpeg 1536w, https:\/\/www.fiscalia.gov.co\/colombia\/wp-content\/uploads\/WhatsApp-Image-2025-08-10-at-8.04.19-AM-556x420.jpeg 556w, https:\/\/www.fiscalia.gov.co\/colombia\/wp-content\/uploads\/WhatsApp-Image-2025-08-10-at-8.04.19-AM-80x60.jpeg 80w, https:\/\/www.fiscalia.gov.co\/colombia\/wp-content\/uploads\/WhatsApp-Image-2025-08-10-at-8.04.19-AM-696x525.jpeg 696w, https:\/\/www.fiscalia.gov.co\/colombia\/wp-content\/uploads\/WhatsApp-Image-2025-08-10-at-8.04.19-AM-1068x806.jpeg 1068w, https:\/\/www.fiscalia.gov.co\/colombia\/wp-content\/uploads\/WhatsApp-Image-2025-08-10-at-8.04.19-AM.jpeg 1600w\" sizes=\"auto, (max-width: 300px) 100vw, 300px\" \/><figcaption id=\"caption-attachment-321159\" class=\"wp-caption-text\">Foto de los judicializados el d\u00eda de su captura.<\/figcaption><\/figure>\n<p>Ni\u00f1as y adolescentes que creyeron en las ofertas y acudieron al lugar fueron alojadas en el sitio e inducidas a ejercer actos de tipo sexual a cambio de pagos que oscilaban entre los 40.000 y 50.000 pesos. <strong>El dinero en realidad no lo recib\u00edan porque deb\u00edan destinarlo para cubrir multas que les impon\u00eda la organizaci\u00f3n ilegal<\/strong> por proporcionarles hospedaje, alimentaci\u00f3n, entre otros conceptos.<\/p>\n<p>En el curso de la investigaci\u00f3n se conoci\u00f3 que, para evadir los controles de las autoridades y evitar ser detectadas, las menores de edad recib\u00edan documentos de identidad nuevos en los que aparec\u00edan como mujeres mayores de 18 a\u00f1os.<\/p>\n<p>Seis de los presuntos involucrado en esta actividad il\u00edcita fueron capturados y presentados ante un juez de control de garant\u00edas.<strong> Se trata de Jeison Eduardo Morales Moreno, Marisol Carrillo Villamizar, Carlos Antonio Ruiz Crespo, Yosbelys Carolina Alvarado Rodr\u00edguez, Johnny Alex\u00e1nder Lucena D\u00edaz y Sergio Luis Andrade Retamoza.\u00a0<\/strong><\/p>\n<p>Un fiscal de la <strong>Seccional Norte de Santander, destacada para la lucha contra la trata de personas, les imput\u00f3 los delitos de trata de personas<\/strong> y proxenetismo con menor de edad. Adicionalmente, a los dos \u00faltimos procesados les formul\u00f3 cargos por concierto para delinquir y tr\u00e1fico, fabricaci\u00f3n o porte de estupefacientes.<\/p>\n<p>Estas cinco personas deber\u00e1n cumplir medida de aseguramiento en centro carcelario.<\/p>\n<p>JPP\/JARG\/TYSM<\/p>\n<p>&nbsp;<\/p>\n<p>&nbsp;<\/p>\n<p>&nbsp;<\/p>\n<p>&nbsp;<\/p>\n<p>&nbsp;<\/p>\n<p><i data-ogsc=\"\">La informaci\u00f3n contenida en este bolet\u00edn de prensa corresponde a la narraci\u00f3n de los hechos noticiosos objetivos, suministrados por los funcionarios encargados de adelantar las investigaciones penales al interior de la Fiscal\u00eda General de la Naci\u00f3n. Para el momento de la divulgaci\u00f3n de este comunicado, la situaci\u00f3n jur\u00eddica de la(s) persona(s) relacionada(s) se encuentra pendiente de resolver por la autoridad judicial competente, siempre bajo los preceptos de la presunci\u00f3n de inocencia, consagrados en el art\u00edculo 29 de la Constituci\u00f3n Pol\u00edtica y el art\u00edculo 7\u00ba de la Ley 906 de 2004.<\/i><\/p>\n<p>&nbsp;<\/p>\n<p>&nbsp;<\/p>\n<p>&nbsp;<\/p>\n\n<div class=\"twitter-share\"><a href=\"https:\/\/twitter.com\/intent\/tweet?via=fiscaliacol\" class=\"twitter-share-button\">Tweet<\/a><\/div>\n","protected":false},"excerpt":{"rendered":"<p>Seis de los presuntos integrantes de la organizaci\u00f3n fueron capturados y judicializados. Todos deber\u00e1n cumplir medida de aseguramiento en centro carcelario. En un establecimiento nocturno de Piedecuesta (Santander), una red delictiva explotaba sexualmente a menores de edad en situaci\u00f3n de vulnerabilidad que eran contactadas y atra\u00eddas a trav\u00e9s de redes sociales con ofrecimiento laborales y [&hellip;]<\/p>\n","protected":false},"author":181,"featured_media":0,"comment_status":"closed","ping_status":"open","sticky":false,"template":"","format":"standard","meta":{"tdm_status":"","tdm_grid_status":"","footnotes":""},"categories":[1,24099],"tags":[42231,12184,37492,1047],"class_list":{"0":"post-321158","1":"post","2":"type-post","3":"status-publish","4":"format-standard","6":"category-noticias","7":"category-seguridad-territorial","8":"tag-explotacion-sexual-a-menores-de-edad","9":"tag-fiscal","10":"tag-fiscal-luz-adriana-camargo","11":"tag-fiscalia-general-de-la-nacion"},"yoast_head":"<!-- This site is optimized with the Yoast SEO plugin v24.3 - https:\/\/yoast.com\/wordpress\/plugins\/seo\/ -->\n<title>Fiscal\u00eda General de la Naci\u00f3n<\/title>\n<meta name=\"description\" content=\"P\u00e1gina oficial de la Fiscal\u00eda General de la Naci\u00f3n \u2013 Colombia. Garantizamos el acceso efectivo a la justicia, la verdad y la reparaci\u00f3n de las v\u00edctimas de los delitos.\" \/>\n<meta name=\"robots\" content=\"noindex, follow\" \/>\n<meta property=\"og:locale\" content=\"es_ES\" \/>\n<meta property=\"og:type\" content=\"article\" \/>\n<meta property=\"og:title\" content=\"Fiscal\u00eda General de la Naci\u00f3n\" \/>\n<meta property=\"og:description\" content=\"P\u00e1gina oficial de la Fiscal\u00eda General de la Naci\u00f3n \u2013 Colombia. Garantizamos el acceso efectivo a la justicia, la verdad y la reparaci\u00f3n de las v\u00edctimas de los delitos.\" \/>\n<meta property=\"og:url\" content=\"https:\/\/www.fiscalia.gov.co\/colombia\/noticias\/descubierta-red-delictiva-senalada-de-explotar-sexualmente-a-menores-de-edad-en-un-establecimiento-de-comercio-en-santander\/\" \/>\n<meta property=\"og:site_name\" content=\"Fiscal\u00eda General de la Naci\u00f3n\" \/>\n<meta property=\"article:publisher\" content=\"https:\/\/www.facebook.com\/FiscaliaCol\" \/>\n<meta property=\"article:published_time\" content=\"2025-08-10T15:24:10+00:00\" \/>\n<meta property=\"og:image\" content=\"https:\/\/www.fiscalia.gov.co\/colombia\/wp-content\/uploads\/WhatsApp-Image-2025-08-10-at-8.04.19-AM.jpeg\" \/>\n\t<meta property=\"og:image:width\" content=\"1600\" \/>\n\t<meta property=\"og:image:height\" content=\"1208\" \/>\n\t<meta property=\"og:image:type\" content=\"image\/jpeg\" \/>\n<meta name=\"author\" content=\"Johanna Islenny Prieto Pe\u00f1a\" \/>\n<meta name=\"twitter:card\" content=\"summary_large_image\" \/>\n<meta name=\"twitter:creator\" content=\"@FiscaliaCol\" \/>\n<meta name=\"twitter:site\" content=\"@FiscaliaCol\" \/>\n<meta name=\"twitter:label1\" content=\"Escrito por\" \/>\n\t<meta name=\"twitter:data1\" content=\"Johanna Islenny Prieto Pe\u00f1a\" \/>\n\t<meta name=\"twitter:label2\" content=\"Tiempo de lectura\" \/>\n\t<meta name=\"twitter:data2\" content=\"2 minutos\" \/>\n<script type=\"application\/ld+json\" class=\"yoast-schema-graph\">{\"@context\":\"https:\/\/schema.org\",\"@graph\":[{\"@type\":\"Article\",\"@id\":\"https:\/\/www.fiscalia.gov.co\/colombia\/noticias\/descubierta-red-delictiva-senalada-de-explotar-sexualmente-a-menores-de-edad-en-un-establecimiento-de-comercio-en-santander\/#article\",\"isPartOf\":{\"@id\":\"https:\/\/www.fiscalia.gov.co\/colombia\/noticias\/descubierta-red-delictiva-senalada-de-explotar-sexualmente-a-menores-de-edad-en-un-establecimiento-de-comercio-en-santander\/\"},\"author\":{\"name\":\"Johanna Islenny Prieto Pe\u00f1a\",\"@id\":\"https:\/\/www.fiscalia.gov.co\/colombia\/#\/schema\/person\/ba9eca435947489fb25117a0cd75bf3e\"},\"headline\":\"Descubierta red delictiva se\u00f1alada de explotar sexualmente a menores de edad en un establecimiento de comercio en Santander\",\"datePublished\":\"2025-08-10T15:24:10+00:00\",\"dateModified\":\"2025-08-10T15:24:10+00:00\",\"mainEntityOfPage\":{\"@id\":\"https:\/\/www.fiscalia.gov.co\/colombia\/noticias\/descubierta-red-delictiva-senalada-de-explotar-sexualmente-a-menores-de-edad-en-un-establecimiento-de-comercio-en-santander\/\"},\"wordCount\":439,\"publisher\":{\"@id\":\"https:\/\/www.fiscalia.gov.co\/colombia\/#organization\"},\"image\":{\"@id\":\"https:\/\/www.fiscalia.gov.co\/colombia\/noticias\/descubierta-red-delictiva-senalada-de-explotar-sexualmente-a-menores-de-edad-en-un-establecimiento-de-comercio-en-santander\/#primaryimage\"},\"thumbnailUrl\":\"https:\/\/www.fiscalia.gov.co\/colombia\/wp-content\/uploads\/WhatsApp-Image-2025-08-10-at-8.04.19-AM-300x227.jpeg\",\"keywords\":[\"Explotaci\u00f3n sexual a menores de edad\",\"Fiscal\",\"Fiscal Luz Adriana Camargo\",\"Fiscal\u00eda General de la Naci\u00f3n\"],\"articleSection\":[\"Noticias\",\"Seguridad territorial\"],\"inLanguage\":\"es-CO\"},{\"@type\":\"WebPage\",\"@id\":\"https:\/\/www.fiscalia.gov.co\/colombia\/noticias\/descubierta-red-delictiva-senalada-de-explotar-sexualmente-a-menores-de-edad-en-un-establecimiento-de-comercio-en-santander\/\",\"url\":\"https:\/\/www.fiscalia.gov.co\/colombia\/noticias\/descubierta-red-delictiva-senalada-de-explotar-sexualmente-a-menores-de-edad-en-un-establecimiento-de-comercio-en-santander\/\",\"name\":\"Fiscal\u00eda General de la Naci\u00f3n\",\"isPartOf\":{\"@id\":\"https:\/\/www.fiscalia.gov.co\/colombia\/#website\"},\"primaryImageOfPage\":{\"@id\":\"https:\/\/www.fiscalia.gov.co\/colombia\/noticias\/descubierta-red-delictiva-senalada-de-explotar-sexualmente-a-menores-de-edad-en-un-establecimiento-de-comercio-en-santander\/#primaryimage\"},\"image\":{\"@id\":\"https:\/\/www.fiscalia.gov.co\/colombia\/noticias\/descubierta-red-delictiva-senalada-de-explotar-sexualmente-a-menores-de-edad-en-un-establecimiento-de-comercio-en-santander\/#primaryimage\"},\"thumbnailUrl\":\"https:\/\/www.fiscalia.gov.co\/colombia\/wp-content\/uploads\/WhatsApp-Image-2025-08-10-at-8.04.19-AM-300x227.jpeg\",\"datePublished\":\"2025-08-10T15:24:10+00:00\",\"dateModified\":\"2025-08-10T15:24:10+00:00\",\"description\":\"P\u00e1gina oficial de la Fiscal\u00eda General de la Naci\u00f3n \u2013 Colombia. Garantizamos el acceso efectivo a la justicia, la verdad y la reparaci\u00f3n de las v\u00edctimas de los delitos.\",\"breadcrumb\":{\"@id\":\"https:\/\/www.fiscalia.gov.co\/colombia\/noticias\/descubierta-red-delictiva-senalada-de-explotar-sexualmente-a-menores-de-edad-en-un-establecimiento-de-comercio-en-santander\/#breadcrumb\"},\"inLanguage\":\"es-CO\",\"potentialAction\":[{\"@type\":\"ReadAction\",\"target\":[\"https:\/\/www.fiscalia.gov.co\/colombia\/noticias\/descubierta-red-delictiva-senalada-de-explotar-sexualmente-a-menores-de-edad-en-un-establecimiento-de-comercio-en-santander\/\"]}]},{\"@type\":\"ImageObject\",\"inLanguage\":\"es-CO\",\"@id\":\"https:\/\/www.fiscalia.gov.co\/colombia\/noticias\/descubierta-red-delictiva-senalada-de-explotar-sexualmente-a-menores-de-edad-en-un-establecimiento-de-comercio-en-santander\/#primaryimage\",\"url\":\"https:\/\/www.fiscalia.gov.co\/colombia\/wp-content\/uploads\/WhatsApp-Image-2025-08-10-at-8.04.19-AM.jpeg\",\"contentUrl\":\"https:\/\/www.fiscalia.gov.co\/colombia\/wp-content\/uploads\/WhatsApp-Image-2025-08-10-at-8.04.19-AM.jpeg\",\"width\":1600,\"height\":1208,\"caption\":\"Foto de los judicializados el d\u00eda de su captura.\"},{\"@type\":\"BreadcrumbList\",\"@id\":\"https:\/\/www.fiscalia.gov.co\/colombia\/noticias\/descubierta-red-delictiva-senalada-de-explotar-sexualmente-a-menores-de-edad-en-un-establecimiento-de-comercio-en-santander\/#breadcrumb\",\"itemListElement\":[{\"@type\":\"ListItem\",\"position\":1,\"name\":\"Home\",\"item\":\"https:\/\/www.fiscalia.gov.co\/colombia\/\"},{\"@type\":\"ListItem\",\"position\":2,\"name\":\"Descubierta red delictiva se\u00f1alada de explotar sexualmente a menores de edad en un establecimiento de comercio en Santander\"}]},{\"@type\":\"WebSite\",\"@id\":\"https:\/\/www.fiscalia.gov.co\/colombia\/#website\",\"url\":\"https:\/\/www.fiscalia.gov.co\/colombia\/\",\"name\":\"Fiscal\u00eda General de la Naci\u00f3n\",\"description\":\"P\u00e1gina oficial de la Fiscal\u00eda General de la Naci\u00f3n \u2013 Colombia. Garantizamos el acceso efectivo a la justicia, la verdad y la reparaci\u00f3n de las v\u00edctimas de los delitos.\",\"publisher\":{\"@id\":\"https:\/\/www.fiscalia.gov.co\/colombia\/#organization\"},\"potentialAction\":[{\"@type\":\"SearchAction\",\"target\":{\"@type\":\"EntryPoint\",\"urlTemplate\":\"https:\/\/www.fiscalia.gov.co\/colombia\/?s={search_term_string}\"},\"query-input\":{\"@type\":\"PropertyValueSpecification\",\"valueRequired\":true,\"valueName\":\"search_term_string\"}}],\"inLanguage\":\"es-CO\"},{\"@type\":\"Organization\",\"@id\":\"https:\/\/www.fiscalia.gov.co\/colombia\/#organization\",\"name\":\"Fiscal\u00eda General de la Naci\u00f3n\",\"url\":\"https:\/\/www.fiscalia.gov.co\/colombia\/\",\"logo\":{\"@type\":\"ImageObject\",\"inLanguage\":\"es-CO\",\"@id\":\"https:\/\/www.fiscalia.gov.co\/colombia\/#\/schema\/logo\/image\/\",\"url\":\"https:\/\/www.fiscalia.gov.co\/colombia\/wp-content\/uploads\/LogoHorizontal_1.jpg\",\"contentUrl\":\"https:\/\/www.fiscalia.gov.co\/colombia\/wp-content\/uploads\/LogoHorizontal_1.jpg\",\"width\":300,\"height\":90,\"caption\":\"Fiscal\u00eda General de la Naci\u00f3n\"},\"image\":{\"@id\":\"https:\/\/www.fiscalia.gov.co\/colombia\/#\/schema\/logo\/image\/\"},\"sameAs\":[\"https:\/\/www.facebook.com\/FiscaliaCol\",\"https:\/\/x.com\/FiscaliaCol\",\"https:\/\/www.instagram.com\/fiscaliacol\",\"https:\/\/www.linkedin.com\/company\/fiscalia-general-de-la-naci-n\/\",\"https:\/\/youtube.com\/@fiscaliageneraldelanacion-4668?si=6nN79nyQICPU5iTh\"]},{\"@type\":\"Person\",\"@id\":\"https:\/\/www.fiscalia.gov.co\/colombia\/#\/schema\/person\/ba9eca435947489fb25117a0cd75bf3e\",\"name\":\"Johanna Islenny Prieto Pe\u00f1a\",\"image\":{\"@type\":\"ImageObject\",\"inLanguage\":\"es-CO\",\"@id\":\"https:\/\/www.fiscalia.gov.co\/colombia\/#\/schema\/person\/image\/\",\"url\":\"https:\/\/secure.gravatar.com\/avatar\/111433fc2acb037ffb768f6a3ca47864?s=96&d=mm&r=g\",\"contentUrl\":\"https:\/\/secure.gravatar.com\/avatar\/111433fc2acb037ffb768f6a3ca47864?s=96&d=mm&r=g\",\"caption\":\"Johanna Islenny Prieto Pe\u00f1a\"},\"url\":\"https:\/\/www.fiscalia.gov.co\/colombia\/author\/jprietop\/\"}]}<\/script>\n<!-- \/ Yoast SEO plugin. -->","yoast_head_json":{"title":"Fiscal\u00eda General de la Naci\u00f3n","description":"P\u00e1gina oficial de la Fiscal\u00eda General de la Naci\u00f3n \u2013 Colombia. Garantizamos el acceso efectivo a la justicia, la verdad y la reparaci\u00f3n de las v\u00edctimas de los delitos.","robots":{"index":"noindex","follow":"follow"},"og_locale":"es_ES","og_type":"article","og_title":"Fiscal\u00eda General de la Naci\u00f3n","og_description":"P\u00e1gina oficial de la Fiscal\u00eda General de la Naci\u00f3n \u2013 Colombia. Garantizamos el acceso efectivo a la justicia, la verdad y la reparaci\u00f3n de las v\u00edctimas de los delitos.","og_url":"https:\/\/www.fiscalia.gov.co\/colombia\/noticias\/descubierta-red-delictiva-senalada-de-explotar-sexualmente-a-menores-de-edad-en-un-establecimiento-de-comercio-en-santander\/","og_site_name":"Fiscal\u00eda General de la Naci\u00f3n","article_publisher":"https:\/\/www.facebook.com\/FiscaliaCol","article_published_time":"2025-08-10T15:24:10+00:00","og_image":[{"width":1600,"height":1208,"url":"https:\/\/www.fiscalia.gov.co\/colombia\/wp-content\/uploads\/WhatsApp-Image-2025-08-10-at-8.04.19-AM.jpeg","type":"image\/jpeg"}],"author":"Johanna Islenny Prieto Pe\u00f1a","twitter_card":"summary_large_image","twitter_creator":"@FiscaliaCol","twitter_site":"@FiscaliaCol","twitter_misc":{"Escrito por":"Johanna Islenny Prieto Pe\u00f1a","Tiempo de lectura":"2 minutos"},"schema":{"@context":"https:\/\/schema.org","@graph":[{"@type":"Article","@id":"https:\/\/www.fiscalia.gov.co\/colombia\/noticias\/descubierta-red-delictiva-senalada-de-explotar-sexualmente-a-menores-de-edad-en-un-establecimiento-de-comercio-en-santander\/#article","isPartOf":{"@id":"https:\/\/www.fiscalia.gov.co\/colombia\/noticias\/descubierta-red-delictiva-senalada-de-explotar-sexualmente-a-menores-de-edad-en-un-establecimiento-de-comercio-en-santander\/"},"author":{"name":"Johanna Islenny Prieto Pe\u00f1a","@id":"https:\/\/www.fiscalia.gov.co\/colombia\/#\/schema\/person\/ba9eca435947489fb25117a0cd75bf3e"},"headline":"Descubierta red delictiva se\u00f1alada de explotar sexualmente a menores de edad en un establecimiento de comercio en Santander","datePublished":"2025-08-10T15:24:10+00:00","dateModified":"2025-08-10T15:24:10+00:00","mainEntityOfPage":{"@id":"https:\/\/www.fiscalia.gov.co\/colombia\/noticias\/descubierta-red-delictiva-senalada-de-explotar-sexualmente-a-menores-de-edad-en-un-establecimiento-de-comercio-en-santander\/"},"wordCount":439,"publisher":{"@id":"https:\/\/www.fiscalia.gov.co\/colombia\/#organization"},"image":{"@id":"https:\/\/www.fiscalia.gov.co\/colombia\/noticias\/descubierta-red-delictiva-senalada-de-explotar-sexualmente-a-menores-de-edad-en-un-establecimiento-de-comercio-en-santander\/#primaryimage"},"thumbnailUrl":"https:\/\/www.fiscalia.gov.co\/colombia\/wp-content\/uploads\/WhatsApp-Image-2025-08-10-at-8.04.19-AM-300x227.jpeg","keywords":["Explotaci\u00f3n sexual a menores de edad","Fiscal","Fiscal Luz Adriana Camargo","Fiscal\u00eda General de la Naci\u00f3n"],"articleSection":["Noticias","Seguridad territorial"],"inLanguage":"es-CO"},{"@type":"WebPage","@id":"https:\/\/www.fiscalia.gov.co\/colombia\/noticias\/descubierta-red-delictiva-senalada-de-explotar-sexualmente-a-menores-de-edad-en-un-establecimiento-de-comercio-en-santander\/","url":"https:\/\/www.fiscalia.gov.co\/colombia\/noticias\/descubierta-red-delictiva-senalada-de-explotar-sexualmente-a-menores-de-edad-en-un-establecimiento-de-comercio-en-santander\/","name":"Fiscal\u00eda General de la Naci\u00f3n","isPartOf":{"@id":"https:\/\/www.fiscalia.gov.co\/colombia\/#website"},"primaryImageOfPage":{"@id":"https:\/\/www.fiscalia.gov.co\/colombia\/noticias\/descubierta-red-delictiva-senalada-de-explotar-sexualmente-a-menores-de-edad-en-un-establecimiento-de-comercio-en-santander\/#primaryimage"},"image":{"@id":"https:\/\/www.fiscalia.gov.co\/colombia\/noticias\/descubierta-red-delictiva-senalada-de-explotar-sexualmente-a-menores-de-edad-en-un-establecimiento-de-comercio-en-santander\/#primaryimage"},"thumbnailUrl":"https:\/\/www.fiscalia.gov.co\/colombia\/wp-content\/uploads\/WhatsApp-Image-2025-08-10-at-8.04.19-AM-300x227.jpeg","datePublished":"2025-08-10T15:24:10+00:00","dateModified":"2025-08-10T15:24:10+00:00","description":"P\u00e1gina oficial de la Fiscal\u00eda General de la Naci\u00f3n \u2013 Colombia. Garantizamos el acceso efectivo a la justicia, la verdad y la reparaci\u00f3n de las v\u00edctimas de los delitos.","breadcrumb":{"@id":"https:\/\/www.fiscalia.gov.co\/colombia\/noticias\/descubierta-red-delictiva-senalada-de-explotar-sexualmente-a-menores-de-edad-en-un-establecimiento-de-comercio-en-santander\/#breadcrumb"},"inLanguage":"es-CO","potentialAction":[{"@type":"ReadAction","target":["https:\/\/www.fiscalia.gov.co\/colombia\/noticias\/descubierta-red-delictiva-senalada-de-explotar-sexualmente-a-menores-de-edad-en-un-establecimiento-de-comercio-en-santander\/"]}]},{"@type":"ImageObject","inLanguage":"es-CO","@id":"https:\/\/www.fiscalia.gov.co\/colombia\/noticias\/descubierta-red-delictiva-senalada-de-explotar-sexualmente-a-menores-de-edad-en-un-establecimiento-de-comercio-en-santander\/#primaryimage","url":"https:\/\/www.fiscalia.gov.co\/colombia\/wp-content\/uploads\/WhatsApp-Image-2025-08-10-at-8.04.19-AM.jpeg","contentUrl":"https:\/\/www.fiscalia.gov.co\/colombia\/wp-content\/uploads\/WhatsApp-Image-2025-08-10-at-8.04.19-AM.jpeg","width":1600,"height":1208,"caption":"Foto de los judicializados el d\u00eda de su captura."},{"@type":"BreadcrumbList","@id":"https:\/\/www.fiscalia.gov.co\/colombia\/noticias\/descubierta-red-delictiva-senalada-de-explotar-sexualmente-a-menores-de-edad-en-un-establecimiento-de-comercio-en-santander\/#breadcrumb","itemListElement":[{"@type":"ListItem","position":1,"name":"Home","item":"https:\/\/www.fiscalia.gov.co\/colombia\/"},{"@type":"ListItem","position":2,"name":"Descubierta red delictiva se\u00f1alada de explotar sexualmente a menores de edad en un establecimiento de comercio en Santander"}]},{"@type":"WebSite","@id":"https:\/\/www.fiscalia.gov.co\/colombia\/#website","url":"https:\/\/www.fiscalia.gov.co\/colombia\/","name":"Fiscal\u00eda General de la Naci\u00f3n","description":"P\u00e1gina oficial de la Fiscal\u00eda General de la Naci\u00f3n \u2013 Colombia. Garantizamos el acceso efectivo a la justicia, la verdad y la reparaci\u00f3n de las v\u00edctimas de los delitos.","publisher":{"@id":"https:\/\/www.fiscalia.gov.co\/colombia\/#organization"},"potentialAction":[{"@type":"SearchAction","target":{"@type":"EntryPoint","urlTemplate":"https:\/\/www.fiscalia.gov.co\/colombia\/?s={search_term_string}"},"query-input":{"@type":"PropertyValueSpecification","valueRequired":true,"valueName":"search_term_string"}}],"inLanguage":"es-CO"},{"@type":"Organization","@id":"https:\/\/www.fiscalia.gov.co\/colombia\/#organization","name":"Fiscal\u00eda General de la Naci\u00f3n","url":"https:\/\/www.fiscalia.gov.co\/colombia\/","logo":{"@type":"ImageObject","inLanguage":"es-CO","@id":"https:\/\/www.fiscalia.gov.co\/colombia\/#\/schema\/logo\/image\/","url":"https:\/\/www.fiscalia.gov.co\/colombia\/wp-content\/uploads\/LogoHorizontal_1.jpg","contentUrl":"https:\/\/www.fiscalia.gov.co\/colombia\/wp-content\/uploads\/LogoHorizontal_1.jpg","width":300,"height":90,"caption":"Fiscal\u00eda General de la Naci\u00f3n"},"image":{"@id":"https:\/\/www.fiscalia.gov.co\/colombia\/#\/schema\/logo\/image\/"},"sameAs":["https:\/\/www.facebook.com\/FiscaliaCol","https:\/\/x.com\/FiscaliaCol","https:\/\/www.instagram.com\/fiscaliacol","https:\/\/www.linkedin.com\/company\/fiscalia-general-de-la-naci-n\/","https:\/\/youtube.com\/@fiscaliageneraldelanacion-4668?si=6nN79nyQICPU5iTh"]},{"@type":"Person","@id":"https:\/\/www.fiscalia.gov.co\/colombia\/#\/schema\/person\/ba9eca435947489fb25117a0cd75bf3e","name":"Johanna Islenny Prieto Pe\u00f1a","image":{"@type":"ImageObject","inLanguage":"es-CO","@id":"https:\/\/www.fiscalia.gov.co\/colombia\/#\/schema\/person\/image\/","url":"https:\/\/secure.gravatar.com\/avatar\/111433fc2acb037ffb768f6a3ca47864?s=96&d=mm&r=g","contentUrl":"https:\/\/secure.gravatar.com\/avatar\/111433fc2acb037ffb768f6a3ca47864?s=96&d=mm&r=g","caption":"Johanna Islenny Prieto Pe\u00f1a"},"url":"https:\/\/www.fiscalia.gov.co\/colombia\/author\/jprietop\/"}]}},"_links":{"self":[{"href":"https:\/\/www.fiscalia.gov.co\/colombia\/wp-json\/wp\/v2\/posts\/321158","targetHints":{"allow":["GET"]}}],"collection":[{"href":"https:\/\/www.fiscalia.gov.co\/colombia\/wp-json\/wp\/v2\/posts"}],"about":[{"href":"https:\/\/www.fiscalia.gov.co\/colombia\/wp-json\/wp\/v2\/types\/post"}],"author":[{"embeddable":true,"href":"https:\/\/www.fiscalia.gov.co\/colombia\/wp-json\/wp\/v2\/users\/181"}],"replies":[{"embeddable":true,"href":"https:\/\/www.fiscalia.gov.co\/colombia\/wp-json\/wp\/v2\/comments?post=321158"}],"version-history":[{"count":1,"href":"https:\/\/www.fiscalia.gov.co\/colombia\/wp-json\/wp\/v2\/posts\/321158\/revisions"}],"predecessor-version":[{"id":321160,"href":"https:\/\/www.fiscalia.gov.co\/colombia\/wp-json\/wp\/v2\/posts\/321158\/revisions\/321160"}],"wp:attachment":[{"href":"https:\/\/www.fiscalia.gov.co\/colombia\/wp-json\/wp\/v2\/media?parent=321158"}],"wp:term":[{"taxonomy":"category","embeddable":true,"href":"https:\/\/www.fiscalia.gov.co\/colombia\/wp-json\/wp\/v2\/categories?post=321158"},{"taxonomy":"post_tag","embeddable":true,"href":"https:\/\/www.fiscalia.gov.co\/colombia\/wp-json\/wp\/v2\/tags?post=321158"}],"curies":[{"name":"wp","href":"https:\/\/api.w.org\/{rel}","templated":true}]}}