{"id":321153,"date":"2025-08-09T10:37:08","date_gmt":"2025-08-09T15:37:08","guid":{"rendered":"https:\/\/www.fiscalia.gov.co\/colombia\/?p=321153"},"modified":"2025-08-09T10:37:08","modified_gmt":"2025-08-09T15:37:08","slug":"medida-de-aseguramiento-en-centro-carcelario-para-hombre-senalado-de-almacenar-y-distribuir-imagenes-de-menores-de-edad-en-actos-de-tipo-sexual","status":"publish","type":"post","link":"https:\/\/www.fiscalia.gov.co\/colombia\/noticias\/medida-de-aseguramiento-en-centro-carcelario-para-hombre-senalado-de-almacenar-y-distribuir-imagenes-de-menores-de-edad-en-actos-de-tipo-sexual\/","title":{"rendered":"Medida de aseguramiento en centro carcelario para hombre se\u00f1alado de almacenar y distribuir im\u00e1genes de menores de edad en actos de tipo sexual"},"content":{"rendered":"<blockquote>\n<h4><strong><em>Alertas emitidas por las agencias de seguridad de Estados Unidos permitieron detectar la actividad il\u00edcita.<\/em><\/strong><\/h4>\n<\/blockquote>\n<p>Como Miguel \u00c1ngel Rodr\u00edguez Rodr\u00edguez fue identificado un hombre que estar\u00eda implicado en el almacenamiento y distribuci\u00f3n de fotograf\u00edas y videos de ni\u00f1os, ni\u00f1as y adolescentes en actos sexuales.<\/p>\n<p>Esta persona fue puesta en evidencia por la Agencia de Investigaciones de Seguridad Nacional de Estados Unidos (HSI), que detect\u00f3 el env\u00edo de contenido expl\u00edcito con menores de edad a plataformas virtuales por parte de un usuario colombiano ubicado en el oriente del pa\u00eds.<\/p>\n<figure id=\"attachment_321154\" aria-describedby=\"caption-attachment-321154\" style=\"width: 300px\" class=\"wp-caption alignnone\"><img loading=\"lazy\" decoding=\"async\" class=\"size-medium wp-image-321154\" src=\"https:\/\/www.fiscalia.gov.co\/colombia\/wp-content\/uploads\/WhatsApp-Image-2025-08-09-at-10.19.20-AM-300x183.jpeg\" alt=\"ChatGPT PlusEn la imagen se ve a un hombre sentado en lo que parece ser una sala de audiencias o reuni\u00f3n formal, detr\u00e1s de una mesa. Viste una camiseta oscura y sostiene con ambas manos una prenda o tela blanca. Frente a \u00e9l hay micr\u00f3fonos y dos botellas de agua. Al fondo, se observan otras personas sentadas, parcialmente visibles.\" width=\"300\" height=\"183\" srcset=\"https:\/\/www.fiscalia.gov.co\/colombia\/wp-content\/uploads\/WhatsApp-Image-2025-08-09-at-10.19.20-AM-300x183.jpeg 300w, https:\/\/www.fiscalia.gov.co\/colombia\/wp-content\/uploads\/WhatsApp-Image-2025-08-09-at-10.19.20-AM.jpeg 480w\" sizes=\"auto, (max-width: 300px) 100vw, 300px\" \/><figcaption id=\"caption-attachment-321154\" class=\"wp-caption-text\">Miguel \u00c1ngel Rodr\u00edguez Rodr\u00edguez fue capturado en diligencias de registro y allanamiento<br \/>realizadas en su lugar de residencia.<\/figcaption><\/figure>\n<p>Con esta alerta, la Fiscal\u00eda General de la Naci\u00f3n, en articulaci\u00f3n con la DIJIN de la Polic\u00eda Nacional, puso en marcha varias actividades investigativas que permitieron conocer que Rodr\u00edguez Rodr\u00edguez ser\u00eda el presunto responsable de darle tr\u00e1fico al material audiovisual desde un inmueble en Villanueva (Casanare).<\/p>\n<p>Los elementos materiales probatorios dan cuenta de que, el 10 de enero del a\u00f1o en curso, habr\u00eda almacenado 17 archivos en su nube personal y posteriormente compartido la ruta de acceso para que contactos de diferentes lugares del mundo ingresaran a verlos.<\/p>\n<p>Por todo lo anterior, una fiscal de la Seccional Casanare le imput\u00f3 los delitos de pornograf\u00eda con menor de 18 a\u00f1os y utilizaci\u00f3n il\u00edcita de equipos transmisores o receptores. El procesado no acept\u00f3 los cargos y, por disposici\u00f3n de un juez de control de garant\u00edas, deber\u00e1 cumplir medida de aseguramiento en centro carcelario.<\/p>\n<p>Miguel \u00c1ngel Rodr\u00edguez Rodr\u00edguez fue capturado en diligencias de registro y allanamiento realizadas en su lugar de residencia. En el procedimiento fueron incautados celulares, computadores, una tableta, dispositivos de almacenamiento masivo, una c\u00e1mara, entre otros elementos.<\/p>\n<p>LAZL\/AMCJ\/JARG\/APS\/DSC\/<\/p>\n<p>&nbsp;<\/p>\n<p>&nbsp;<\/p>\n<p>&nbsp;<\/p>\n<p>&nbsp;<\/p>\n<p><i data-ogsc=\"\">La informaci\u00f3n contenida en este bolet\u00edn de prensa corresponde a la narraci\u00f3n de los hechos noticiosos objetivos, suministrados por los funcionarios encargados de adelantar las investigaciones penales al interior de la Fiscal\u00eda General de la Naci\u00f3n. Para el momento de la divulgaci\u00f3n de este comunicado, la situaci\u00f3n jur\u00eddica de la(s) persona(s) relacionada(s) se encuentra pendiente de resolver por la autoridad judicial competente, siempre bajo los preceptos de la presunci\u00f3n de inocencia, consagrados en el art\u00edculo 29 de la Constituci\u00f3n Pol\u00edtica y el art\u00edculo 7\u00ba de la Ley 906 de 2004.<\/i><\/p>\n\n<div class=\"twitter-share\"><a href=\"https:\/\/twitter.com\/intent\/tweet?via=fiscaliacol\" class=\"twitter-share-button\">Tweet<\/a><\/div>\n","protected":false},"excerpt":{"rendered":"<p>Alertas emitidas por las agencias de seguridad de Estados Unidos permitieron detectar la actividad il\u00edcita. Como Miguel \u00c1ngel Rodr\u00edguez Rodr\u00edguez fue identificado un hombre que estar\u00eda implicado en el almacenamiento y distribuci\u00f3n de fotograf\u00edas y videos de ni\u00f1os, ni\u00f1as y adolescentes en actos sexuales. Esta persona fue puesta en evidencia por la Agencia de Investigaciones [&hellip;]<\/p>\n","protected":false},"author":181,"featured_media":0,"comment_status":"closed","ping_status":"open","sticky":false,"template":"","format":"standard","meta":{"_price":"","_stock":"","_tribe_ticket_header":"","_tribe_default_ticket_provider":"","_tribe_ticket_capacity":"0","_ticket_start_date":"","_ticket_end_date":"","_tribe_ticket_show_description":"","_tribe_ticket_show_not_going":false,"_tribe_ticket_use_global_stock":"","_tribe_ticket_global_stock_level":"","_global_stock_mode":"","_global_stock_cap":"","_tribe_rsvp_for_event":"","_tribe_ticket_going_count":"","_tribe_ticket_not_going_count":"","_tribe_tickets_list":"[]","_tribe_ticket_has_attendee_info_fields":false,"tdm_status":"","tdm_grid_status":"","footnotes":""},"categories":[1,24099],"tags":[12184,37492,4614,1047,37671],"class_list":{"0":"post-321153","1":"post","2":"type-post","3":"status-publish","4":"format-standard","6":"category-noticias","7":"category-seguridad-territorial","8":"tag-fiscal","9":"tag-fiscal-luz-adriana-camargo","10":"tag-fiscalia-2","11":"tag-fiscalia-general-de-la-nacion","12":"tag-noticias"},"yoast_head":"<!-- This site is optimized with the Yoast SEO plugin v24.3 - https:\/\/yoast.com\/wordpress\/plugins\/seo\/ -->\n<title>Fiscal\u00eda General de la Naci\u00f3n<\/title>\n<meta name=\"description\" content=\"P\u00e1gina oficial de la Fiscal\u00eda General de la Naci\u00f3n \u2013 Colombia. Garantizamos el acceso efectivo a la justicia, la verdad y la reparaci\u00f3n de las v\u00edctimas de los delitos.\" \/>\n<meta name=\"robots\" content=\"noindex, follow\" \/>\n<meta property=\"og:locale\" content=\"es_ES\" \/>\n<meta property=\"og:type\" content=\"article\" \/>\n<meta property=\"og:title\" content=\"Fiscal\u00eda General de la Naci\u00f3n\" \/>\n<meta property=\"og:description\" content=\"P\u00e1gina oficial de la Fiscal\u00eda General de la Naci\u00f3n \u2013 Colombia. Garantizamos el acceso efectivo a la justicia, la verdad y la reparaci\u00f3n de las v\u00edctimas de los delitos.\" \/>\n<meta property=\"og:url\" content=\"https:\/\/www.fiscalia.gov.co\/colombia\/noticias\/medida-de-aseguramiento-en-centro-carcelario-para-hombre-senalado-de-almacenar-y-distribuir-imagenes-de-menores-de-edad-en-actos-de-tipo-sexual\/\" \/>\n<meta property=\"og:site_name\" content=\"Fiscal\u00eda General de la Naci\u00f3n\" \/>\n<meta property=\"article:publisher\" content=\"https:\/\/www.facebook.com\/FiscaliaCol\" \/>\n<meta property=\"article:published_time\" content=\"2025-08-09T15:37:08+00:00\" \/>\n<meta property=\"og:image\" content=\"https:\/\/www.fiscalia.gov.co\/colombia\/wp-content\/uploads\/WhatsApp-Image-2025-08-09-at-10.19.20-AM.jpeg\" \/>\n\t<meta property=\"og:image:width\" content=\"480\" \/>\n\t<meta property=\"og:image:height\" content=\"292\" \/>\n\t<meta property=\"og:image:type\" content=\"image\/jpeg\" \/>\n<meta name=\"author\" content=\"Johanna Islenny Prieto Pe\u00f1a\" \/>\n<meta name=\"twitter:card\" content=\"summary_large_image\" \/>\n<meta name=\"twitter:creator\" content=\"@FiscaliaCol\" \/>\n<meta name=\"twitter:site\" content=\"@FiscaliaCol\" \/>\n<meta name=\"twitter:label1\" content=\"Escrito por\" \/>\n\t<meta name=\"twitter:data1\" content=\"Johanna Islenny Prieto Pe\u00f1a\" \/>\n\t<meta name=\"twitter:label2\" content=\"Tiempo de lectura\" \/>\n\t<meta name=\"twitter:data2\" content=\"2 minutos\" \/>\n<script type=\"application\/ld+json\" class=\"yoast-schema-graph\">{\"@context\":\"https:\/\/schema.org\",\"@graph\":[{\"@type\":\"Article\",\"@id\":\"https:\/\/www.fiscalia.gov.co\/colombia\/noticias\/medida-de-aseguramiento-en-centro-carcelario-para-hombre-senalado-de-almacenar-y-distribuir-imagenes-de-menores-de-edad-en-actos-de-tipo-sexual\/#article\",\"isPartOf\":{\"@id\":\"https:\/\/www.fiscalia.gov.co\/colombia\/noticias\/medida-de-aseguramiento-en-centro-carcelario-para-hombre-senalado-de-almacenar-y-distribuir-imagenes-de-menores-de-edad-en-actos-de-tipo-sexual\/\"},\"author\":{\"name\":\"Johanna Islenny Prieto Pe\u00f1a\",\"@id\":\"https:\/\/www.fiscalia.gov.co\/colombia\/#\/schema\/person\/ba9eca435947489fb25117a0cd75bf3e\"},\"headline\":\"Medida de aseguramiento en centro carcelario para hombre se\u00f1alado de almacenar y distribuir im\u00e1genes de menores de edad en actos de tipo sexual\",\"datePublished\":\"2025-08-09T15:37:08+00:00\",\"dateModified\":\"2025-08-09T15:37:08+00:00\",\"mainEntityOfPage\":{\"@id\":\"https:\/\/www.fiscalia.gov.co\/colombia\/noticias\/medida-de-aseguramiento-en-centro-carcelario-para-hombre-senalado-de-almacenar-y-distribuir-imagenes-de-menores-de-edad-en-actos-de-tipo-sexual\/\"},\"wordCount\":454,\"publisher\":{\"@id\":\"https:\/\/www.fiscalia.gov.co\/colombia\/#organization\"},\"image\":{\"@id\":\"https:\/\/www.fiscalia.gov.co\/colombia\/noticias\/medida-de-aseguramiento-en-centro-carcelario-para-hombre-senalado-de-almacenar-y-distribuir-imagenes-de-menores-de-edad-en-actos-de-tipo-sexual\/#primaryimage\"},\"thumbnailUrl\":\"https:\/\/www.fiscalia.gov.co\/colombia\/wp-content\/uploads\/WhatsApp-Image-2025-08-09-at-10.19.20-AM-300x183.jpeg\",\"keywords\":[\"Fiscal\",\"Fiscal Luz Adriana Camargo\",\"Fiscal\u00eda\",\"Fiscal\u00eda General de la Naci\u00f3n\",\"Noticias\"],\"articleSection\":[\"Noticias\",\"Seguridad territorial\"],\"inLanguage\":\"es-CO\"},{\"@type\":\"WebPage\",\"@id\":\"https:\/\/www.fiscalia.gov.co\/colombia\/noticias\/medida-de-aseguramiento-en-centro-carcelario-para-hombre-senalado-de-almacenar-y-distribuir-imagenes-de-menores-de-edad-en-actos-de-tipo-sexual\/\",\"url\":\"https:\/\/www.fiscalia.gov.co\/colombia\/noticias\/medida-de-aseguramiento-en-centro-carcelario-para-hombre-senalado-de-almacenar-y-distribuir-imagenes-de-menores-de-edad-en-actos-de-tipo-sexual\/\",\"name\":\"Fiscal\u00eda General de la Naci\u00f3n\",\"isPartOf\":{\"@id\":\"https:\/\/www.fiscalia.gov.co\/colombia\/#website\"},\"primaryImageOfPage\":{\"@id\":\"https:\/\/www.fiscalia.gov.co\/colombia\/noticias\/medida-de-aseguramiento-en-centro-carcelario-para-hombre-senalado-de-almacenar-y-distribuir-imagenes-de-menores-de-edad-en-actos-de-tipo-sexual\/#primaryimage\"},\"image\":{\"@id\":\"https:\/\/www.fiscalia.gov.co\/colombia\/noticias\/medida-de-aseguramiento-en-centro-carcelario-para-hombre-senalado-de-almacenar-y-distribuir-imagenes-de-menores-de-edad-en-actos-de-tipo-sexual\/#primaryimage\"},\"thumbnailUrl\":\"https:\/\/www.fiscalia.gov.co\/colombia\/wp-content\/uploads\/WhatsApp-Image-2025-08-09-at-10.19.20-AM-300x183.jpeg\",\"datePublished\":\"2025-08-09T15:37:08+00:00\",\"dateModified\":\"2025-08-09T15:37:08+00:00\",\"description\":\"P\u00e1gina oficial de la Fiscal\u00eda General de la Naci\u00f3n \u2013 Colombia. Garantizamos el acceso efectivo a la justicia, la verdad y la reparaci\u00f3n de las v\u00edctimas de los delitos.\",\"breadcrumb\":{\"@id\":\"https:\/\/www.fiscalia.gov.co\/colombia\/noticias\/medida-de-aseguramiento-en-centro-carcelario-para-hombre-senalado-de-almacenar-y-distribuir-imagenes-de-menores-de-edad-en-actos-de-tipo-sexual\/#breadcrumb\"},\"inLanguage\":\"es-CO\",\"potentialAction\":[{\"@type\":\"ReadAction\",\"target\":[\"https:\/\/www.fiscalia.gov.co\/colombia\/noticias\/medida-de-aseguramiento-en-centro-carcelario-para-hombre-senalado-de-almacenar-y-distribuir-imagenes-de-menores-de-edad-en-actos-de-tipo-sexual\/\"]}]},{\"@type\":\"ImageObject\",\"inLanguage\":\"es-CO\",\"@id\":\"https:\/\/www.fiscalia.gov.co\/colombia\/noticias\/medida-de-aseguramiento-en-centro-carcelario-para-hombre-senalado-de-almacenar-y-distribuir-imagenes-de-menores-de-edad-en-actos-de-tipo-sexual\/#primaryimage\",\"url\":\"https:\/\/www.fiscalia.gov.co\/colombia\/wp-content\/uploads\/WhatsApp-Image-2025-08-09-at-10.19.20-AM.jpeg\",\"contentUrl\":\"https:\/\/www.fiscalia.gov.co\/colombia\/wp-content\/uploads\/WhatsApp-Image-2025-08-09-at-10.19.20-AM.jpeg\",\"width\":480,\"height\":292,\"caption\":\"Miguel \u00c1ngel Rodr\u00edguez Rodr\u00edguez fue capturado en diligencias de registro y allanamiento realizadas en su lugar de residencia.\"},{\"@type\":\"BreadcrumbList\",\"@id\":\"https:\/\/www.fiscalia.gov.co\/colombia\/noticias\/medida-de-aseguramiento-en-centro-carcelario-para-hombre-senalado-de-almacenar-y-distribuir-imagenes-de-menores-de-edad-en-actos-de-tipo-sexual\/#breadcrumb\",\"itemListElement\":[{\"@type\":\"ListItem\",\"position\":1,\"name\":\"Home\",\"item\":\"https:\/\/www.fiscalia.gov.co\/colombia\/\"},{\"@type\":\"ListItem\",\"position\":2,\"name\":\"Medida de aseguramiento en centro carcelario para hombre se\u00f1alado de almacenar y distribuir im\u00e1genes de menores de edad en actos de tipo sexual\"}]},{\"@type\":\"WebSite\",\"@id\":\"https:\/\/www.fiscalia.gov.co\/colombia\/#website\",\"url\":\"https:\/\/www.fiscalia.gov.co\/colombia\/\",\"name\":\"Fiscal\u00eda General de la Naci\u00f3n\",\"description\":\"P\u00e1gina oficial de la Fiscal\u00eda General de la Naci\u00f3n \u2013 Colombia. Garantizamos el acceso efectivo a la justicia, la verdad y la reparaci\u00f3n de las v\u00edctimas de los delitos.\",\"publisher\":{\"@id\":\"https:\/\/www.fiscalia.gov.co\/colombia\/#organization\"},\"potentialAction\":[{\"@type\":\"SearchAction\",\"target\":{\"@type\":\"EntryPoint\",\"urlTemplate\":\"https:\/\/www.fiscalia.gov.co\/colombia\/?s={search_term_string}\"},\"query-input\":{\"@type\":\"PropertyValueSpecification\",\"valueRequired\":true,\"valueName\":\"search_term_string\"}}],\"inLanguage\":\"es-CO\"},{\"@type\":\"Organization\",\"@id\":\"https:\/\/www.fiscalia.gov.co\/colombia\/#organization\",\"name\":\"Fiscal\u00eda General de la Naci\u00f3n\",\"url\":\"https:\/\/www.fiscalia.gov.co\/colombia\/\",\"logo\":{\"@type\":\"ImageObject\",\"inLanguage\":\"es-CO\",\"@id\":\"https:\/\/www.fiscalia.gov.co\/colombia\/#\/schema\/logo\/image\/\",\"url\":\"https:\/\/www.fiscalia.gov.co\/colombia\/wp-content\/uploads\/LogoHorizontal_1.jpg\",\"contentUrl\":\"https:\/\/www.fiscalia.gov.co\/colombia\/wp-content\/uploads\/LogoHorizontal_1.jpg\",\"width\":300,\"height\":90,\"caption\":\"Fiscal\u00eda General de la Naci\u00f3n\"},\"image\":{\"@id\":\"https:\/\/www.fiscalia.gov.co\/colombia\/#\/schema\/logo\/image\/\"},\"sameAs\":[\"https:\/\/www.facebook.com\/FiscaliaCol\",\"https:\/\/x.com\/FiscaliaCol\",\"https:\/\/www.instagram.com\/fiscaliacol\",\"https:\/\/www.linkedin.com\/company\/fiscalia-general-de-la-naci-n\/\",\"https:\/\/youtube.com\/@fiscaliageneraldelanacion-4668?si=6nN79nyQICPU5iTh\"]},{\"@type\":\"Person\",\"@id\":\"https:\/\/www.fiscalia.gov.co\/colombia\/#\/schema\/person\/ba9eca435947489fb25117a0cd75bf3e\",\"name\":\"Johanna Islenny Prieto Pe\u00f1a\",\"image\":{\"@type\":\"ImageObject\",\"inLanguage\":\"es-CO\",\"@id\":\"https:\/\/www.fiscalia.gov.co\/colombia\/#\/schema\/person\/image\/\",\"url\":\"https:\/\/secure.gravatar.com\/avatar\/111433fc2acb037ffb768f6a3ca47864?s=96&d=mm&r=g\",\"contentUrl\":\"https:\/\/secure.gravatar.com\/avatar\/111433fc2acb037ffb768f6a3ca47864?s=96&d=mm&r=g\",\"caption\":\"Johanna Islenny Prieto Pe\u00f1a\"},\"url\":\"https:\/\/www.fiscalia.gov.co\/colombia\/author\/jprietop\/\"}]}<\/script>\n<!-- \/ Yoast SEO plugin. -->","yoast_head_json":{"title":"Fiscal\u00eda General de la Naci\u00f3n","description":"P\u00e1gina oficial de la Fiscal\u00eda General de la Naci\u00f3n \u2013 Colombia. Garantizamos el acceso efectivo a la justicia, la verdad y la reparaci\u00f3n de las v\u00edctimas de los delitos.","robots":{"index":"noindex","follow":"follow"},"og_locale":"es_ES","og_type":"article","og_title":"Fiscal\u00eda General de la Naci\u00f3n","og_description":"P\u00e1gina oficial de la Fiscal\u00eda General de la Naci\u00f3n \u2013 Colombia. Garantizamos el acceso efectivo a la justicia, la verdad y la reparaci\u00f3n de las v\u00edctimas de los delitos.","og_url":"https:\/\/www.fiscalia.gov.co\/colombia\/noticias\/medida-de-aseguramiento-en-centro-carcelario-para-hombre-senalado-de-almacenar-y-distribuir-imagenes-de-menores-de-edad-en-actos-de-tipo-sexual\/","og_site_name":"Fiscal\u00eda General de la Naci\u00f3n","article_publisher":"https:\/\/www.facebook.com\/FiscaliaCol","article_published_time":"2025-08-09T15:37:08+00:00","og_image":[{"width":480,"height":292,"url":"https:\/\/www.fiscalia.gov.co\/colombia\/wp-content\/uploads\/WhatsApp-Image-2025-08-09-at-10.19.20-AM.jpeg","type":"image\/jpeg"}],"author":"Johanna Islenny Prieto Pe\u00f1a","twitter_card":"summary_large_image","twitter_creator":"@FiscaliaCol","twitter_site":"@FiscaliaCol","twitter_misc":{"Escrito por":"Johanna Islenny Prieto Pe\u00f1a","Tiempo de lectura":"2 minutos"},"schema":{"@context":"https:\/\/schema.org","@graph":[{"@type":"Article","@id":"https:\/\/www.fiscalia.gov.co\/colombia\/noticias\/medida-de-aseguramiento-en-centro-carcelario-para-hombre-senalado-de-almacenar-y-distribuir-imagenes-de-menores-de-edad-en-actos-de-tipo-sexual\/#article","isPartOf":{"@id":"https:\/\/www.fiscalia.gov.co\/colombia\/noticias\/medida-de-aseguramiento-en-centro-carcelario-para-hombre-senalado-de-almacenar-y-distribuir-imagenes-de-menores-de-edad-en-actos-de-tipo-sexual\/"},"author":{"name":"Johanna Islenny Prieto Pe\u00f1a","@id":"https:\/\/www.fiscalia.gov.co\/colombia\/#\/schema\/person\/ba9eca435947489fb25117a0cd75bf3e"},"headline":"Medida de aseguramiento en centro carcelario para hombre se\u00f1alado de almacenar y distribuir im\u00e1genes de menores de edad en actos de tipo sexual","datePublished":"2025-08-09T15:37:08+00:00","dateModified":"2025-08-09T15:37:08+00:00","mainEntityOfPage":{"@id":"https:\/\/www.fiscalia.gov.co\/colombia\/noticias\/medida-de-aseguramiento-en-centro-carcelario-para-hombre-senalado-de-almacenar-y-distribuir-imagenes-de-menores-de-edad-en-actos-de-tipo-sexual\/"},"wordCount":454,"publisher":{"@id":"https:\/\/www.fiscalia.gov.co\/colombia\/#organization"},"image":{"@id":"https:\/\/www.fiscalia.gov.co\/colombia\/noticias\/medida-de-aseguramiento-en-centro-carcelario-para-hombre-senalado-de-almacenar-y-distribuir-imagenes-de-menores-de-edad-en-actos-de-tipo-sexual\/#primaryimage"},"thumbnailUrl":"https:\/\/www.fiscalia.gov.co\/colombia\/wp-content\/uploads\/WhatsApp-Image-2025-08-09-at-10.19.20-AM-300x183.jpeg","keywords":["Fiscal","Fiscal Luz Adriana Camargo","Fiscal\u00eda","Fiscal\u00eda General de la Naci\u00f3n","Noticias"],"articleSection":["Noticias","Seguridad territorial"],"inLanguage":"es-CO"},{"@type":"WebPage","@id":"https:\/\/www.fiscalia.gov.co\/colombia\/noticias\/medida-de-aseguramiento-en-centro-carcelario-para-hombre-senalado-de-almacenar-y-distribuir-imagenes-de-menores-de-edad-en-actos-de-tipo-sexual\/","url":"https:\/\/www.fiscalia.gov.co\/colombia\/noticias\/medida-de-aseguramiento-en-centro-carcelario-para-hombre-senalado-de-almacenar-y-distribuir-imagenes-de-menores-de-edad-en-actos-de-tipo-sexual\/","name":"Fiscal\u00eda General de la Naci\u00f3n","isPartOf":{"@id":"https:\/\/www.fiscalia.gov.co\/colombia\/#website"},"primaryImageOfPage":{"@id":"https:\/\/www.fiscalia.gov.co\/colombia\/noticias\/medida-de-aseguramiento-en-centro-carcelario-para-hombre-senalado-de-almacenar-y-distribuir-imagenes-de-menores-de-edad-en-actos-de-tipo-sexual\/#primaryimage"},"image":{"@id":"https:\/\/www.fiscalia.gov.co\/colombia\/noticias\/medida-de-aseguramiento-en-centro-carcelario-para-hombre-senalado-de-almacenar-y-distribuir-imagenes-de-menores-de-edad-en-actos-de-tipo-sexual\/#primaryimage"},"thumbnailUrl":"https:\/\/www.fiscalia.gov.co\/colombia\/wp-content\/uploads\/WhatsApp-Image-2025-08-09-at-10.19.20-AM-300x183.jpeg","datePublished":"2025-08-09T15:37:08+00:00","dateModified":"2025-08-09T15:37:08+00:00","description":"P\u00e1gina oficial de la Fiscal\u00eda General de la Naci\u00f3n \u2013 Colombia. Garantizamos el acceso efectivo a la justicia, la verdad y la reparaci\u00f3n de las v\u00edctimas de los delitos.","breadcrumb":{"@id":"https:\/\/www.fiscalia.gov.co\/colombia\/noticias\/medida-de-aseguramiento-en-centro-carcelario-para-hombre-senalado-de-almacenar-y-distribuir-imagenes-de-menores-de-edad-en-actos-de-tipo-sexual\/#breadcrumb"},"inLanguage":"es-CO","potentialAction":[{"@type":"ReadAction","target":["https:\/\/www.fiscalia.gov.co\/colombia\/noticias\/medida-de-aseguramiento-en-centro-carcelario-para-hombre-senalado-de-almacenar-y-distribuir-imagenes-de-menores-de-edad-en-actos-de-tipo-sexual\/"]}]},{"@type":"ImageObject","inLanguage":"es-CO","@id":"https:\/\/www.fiscalia.gov.co\/colombia\/noticias\/medida-de-aseguramiento-en-centro-carcelario-para-hombre-senalado-de-almacenar-y-distribuir-imagenes-de-menores-de-edad-en-actos-de-tipo-sexual\/#primaryimage","url":"https:\/\/www.fiscalia.gov.co\/colombia\/wp-content\/uploads\/WhatsApp-Image-2025-08-09-at-10.19.20-AM.jpeg","contentUrl":"https:\/\/www.fiscalia.gov.co\/colombia\/wp-content\/uploads\/WhatsApp-Image-2025-08-09-at-10.19.20-AM.jpeg","width":480,"height":292,"caption":"Miguel \u00c1ngel Rodr\u00edguez Rodr\u00edguez fue capturado en diligencias de registro y allanamiento realizadas en su lugar de residencia."},{"@type":"BreadcrumbList","@id":"https:\/\/www.fiscalia.gov.co\/colombia\/noticias\/medida-de-aseguramiento-en-centro-carcelario-para-hombre-senalado-de-almacenar-y-distribuir-imagenes-de-menores-de-edad-en-actos-de-tipo-sexual\/#breadcrumb","itemListElement":[{"@type":"ListItem","position":1,"name":"Home","item":"https:\/\/www.fiscalia.gov.co\/colombia\/"},{"@type":"ListItem","position":2,"name":"Medida de aseguramiento en centro carcelario para hombre se\u00f1alado de almacenar y distribuir im\u00e1genes de menores de edad en actos de tipo sexual"}]},{"@type":"WebSite","@id":"https:\/\/www.fiscalia.gov.co\/colombia\/#website","url":"https:\/\/www.fiscalia.gov.co\/colombia\/","name":"Fiscal\u00eda General de la Naci\u00f3n","description":"P\u00e1gina oficial de la Fiscal\u00eda General de la Naci\u00f3n \u2013 Colombia. Garantizamos el acceso efectivo a la justicia, la verdad y la reparaci\u00f3n de las v\u00edctimas de los delitos.","publisher":{"@id":"https:\/\/www.fiscalia.gov.co\/colombia\/#organization"},"potentialAction":[{"@type":"SearchAction","target":{"@type":"EntryPoint","urlTemplate":"https:\/\/www.fiscalia.gov.co\/colombia\/?s={search_term_string}"},"query-input":{"@type":"PropertyValueSpecification","valueRequired":true,"valueName":"search_term_string"}}],"inLanguage":"es-CO"},{"@type":"Organization","@id":"https:\/\/www.fiscalia.gov.co\/colombia\/#organization","name":"Fiscal\u00eda General de la Naci\u00f3n","url":"https:\/\/www.fiscalia.gov.co\/colombia\/","logo":{"@type":"ImageObject","inLanguage":"es-CO","@id":"https:\/\/www.fiscalia.gov.co\/colombia\/#\/schema\/logo\/image\/","url":"https:\/\/www.fiscalia.gov.co\/colombia\/wp-content\/uploads\/LogoHorizontal_1.jpg","contentUrl":"https:\/\/www.fiscalia.gov.co\/colombia\/wp-content\/uploads\/LogoHorizontal_1.jpg","width":300,"height":90,"caption":"Fiscal\u00eda General de la Naci\u00f3n"},"image":{"@id":"https:\/\/www.fiscalia.gov.co\/colombia\/#\/schema\/logo\/image\/"},"sameAs":["https:\/\/www.facebook.com\/FiscaliaCol","https:\/\/x.com\/FiscaliaCol","https:\/\/www.instagram.com\/fiscaliacol","https:\/\/www.linkedin.com\/company\/fiscalia-general-de-la-naci-n\/","https:\/\/youtube.com\/@fiscaliageneraldelanacion-4668?si=6nN79nyQICPU5iTh"]},{"@type":"Person","@id":"https:\/\/www.fiscalia.gov.co\/colombia\/#\/schema\/person\/ba9eca435947489fb25117a0cd75bf3e","name":"Johanna Islenny Prieto Pe\u00f1a","image":{"@type":"ImageObject","inLanguage":"es-CO","@id":"https:\/\/www.fiscalia.gov.co\/colombia\/#\/schema\/person\/image\/","url":"https:\/\/secure.gravatar.com\/avatar\/111433fc2acb037ffb768f6a3ca47864?s=96&d=mm&r=g","contentUrl":"https:\/\/secure.gravatar.com\/avatar\/111433fc2acb037ffb768f6a3ca47864?s=96&d=mm&r=g","caption":"Johanna Islenny Prieto Pe\u00f1a"},"url":"https:\/\/www.fiscalia.gov.co\/colombia\/author\/jprietop\/"}]}},"_links":{"self":[{"href":"https:\/\/www.fiscalia.gov.co\/colombia\/wp-json\/wp\/v2\/posts\/321153","targetHints":{"allow":["GET"]}}],"collection":[{"href":"https:\/\/www.fiscalia.gov.co\/colombia\/wp-json\/wp\/v2\/posts"}],"about":[{"href":"https:\/\/www.fiscalia.gov.co\/colombia\/wp-json\/wp\/v2\/types\/post"}],"author":[{"embeddable":true,"href":"https:\/\/www.fiscalia.gov.co\/colombia\/wp-json\/wp\/v2\/users\/181"}],"replies":[{"embeddable":true,"href":"https:\/\/www.fiscalia.gov.co\/colombia\/wp-json\/wp\/v2\/comments?post=321153"}],"version-history":[{"count":1,"href":"https:\/\/www.fiscalia.gov.co\/colombia\/wp-json\/wp\/v2\/posts\/321153\/revisions"}],"predecessor-version":[{"id":321155,"href":"https:\/\/www.fiscalia.gov.co\/colombia\/wp-json\/wp\/v2\/posts\/321153\/revisions\/321155"}],"wp:attachment":[{"href":"https:\/\/www.fiscalia.gov.co\/colombia\/wp-json\/wp\/v2\/media?parent=321153"}],"wp:term":[{"taxonomy":"category","embeddable":true,"href":"https:\/\/www.fiscalia.gov.co\/colombia\/wp-json\/wp\/v2\/categories?post=321153"},{"taxonomy":"post_tag","embeddable":true,"href":"https:\/\/www.fiscalia.gov.co\/colombia\/wp-json\/wp\/v2\/tags?post=321153"}],"curies":[{"name":"wp","href":"https:\/\/api.w.org\/{rel}","templated":true}]}}