{"id":321114,"date":"2025-08-08T15:26:08","date_gmt":"2025-08-08T20:26:08","guid":{"rendered":"https:\/\/www.fiscalia.gov.co\/colombia\/?p=321114"},"modified":"2025-08-08T15:32:09","modified_gmt":"2025-08-08T20:32:09","slug":"por-irregularidades-en-contrato-de-tecnologia-para-el-manejo-de-basuras-fueron-condenados-cinco-exfuncionarios-de-la-empresa-de-aseo-de-bucaramanga","status":"publish","type":"post","link":"https:\/\/www.fiscalia.gov.co\/colombia\/noticias\/por-irregularidades-en-contrato-de-tecnologia-para-el-manejo-de-basuras-fueron-condenados-cinco-exfuncionarios-de-la-empresa-de-aseo-de-bucaramanga\/","title":{"rendered":"Por irregularidades en contrato de tecnolog\u00eda para el manejo de basuras fueron condenados cinco exfuncionarios de la empresa de aseo de Bucaramanga"},"content":{"rendered":"<blockquote>\n<h4><strong>Entre las irregularidades detectadas se encontr\u00f3 la falsificaci\u00f3n de documentos tanto p\u00fablicos como privados para la adjudicaci\u00f3n del contrato.<\/strong><\/h4>\n<\/blockquote>\n<p>Las irregularidades detectadas en la planeaci\u00f3n y suscripci\u00f3n de un contrato para la implementaci\u00f3n de nuevas tecnolog\u00edas para el manejo de basuras en Bucaramanga (Santander) en 2016, permitieron la condena a cinco exfuncionarios de la Empresa Municipal de Aseo Bucaramanga (EMAB) y un contratista.<\/p>\n<p>Las pruebas presentadas por la Fiscal\u00eda demostraron que los procesados participaron en m\u00faltiples irregularidades como la falsificaci\u00f3n de documentos p\u00fablicos y privados para la adjudicaci\u00f3n del contrato as\u00ed como el direccionamiento del mismo, modificando requisitos de referencia para que fuera entregado a una firma espec\u00edfica.<\/p>\n<p>El contrato ten\u00eda como objeto implementar nuevas tecnolog\u00edas para el manejo de basuras en el relleno sanitario de El Carrasco, por un valor de 336.000.000 de pesos.<\/p>\n<p>El exgerente de la EMAB, Jos\u00e9 Manuel Barrera Arias fue sentenciado a 11 a\u00f1os y 10 meses prisi\u00f3n; el jefe de disposici\u00f3n final, Rub\u00e9n Enrique Amaya Vanegas a 13 a\u00f1os y un mes; el jefe de la secci\u00f3n jur\u00eddica, C\u00e9sar Augusto Fontecha Rinc\u00f3n a 12 a\u00f1os y 7 meses; por su parte, el subgerente t\u00e9cnico operativo, Abelardo Dur\u00e1n Leyva y la subgerente administrativa y Financiera, Abigail Le\u00f3n Nieves a 12 a\u00f1os y 2 meses. A los exfuncionarios no se les concedi\u00f3 la suspensi\u00f3n provisional de la pena.<\/p>\n<p>Por su parte el contratista Jorge Hern\u00e1n Alarc\u00f3n Ayala enfrentar\u00e1 una condena 9 a\u00f1os y 10 meses de prisi\u00f3n, sentencia que deber\u00e1 cumplir en lugar de domicilio debido a su condici\u00f3n de salud.<\/p>\n<p>De acuerdo con sus responsabilidades individuales, son responsables de los delitos de inter\u00e9s indebido en la celebraci\u00f3n de contratos, contrato sin cumplimiento de requisitos legales, falsedad ideol\u00f3gica en documento p\u00fablico y falsedad en documento privado.<\/p>\n<p>Esta sentencia es de primera instancia y sobre ella proceden los recursos de ley.<\/p>\n<p>&nbsp;<\/p>\n<p>DRA\/LMFO\/AMCJ\/GATV\/DSS\/<\/p>\n<p>&nbsp;<\/p>\n<p>&nbsp;<\/p>\n<p>&nbsp;<\/p>\n<p>&nbsp;<\/p>\n<div><\/div>\n<div><\/div>\n<div><\/div>\n<div><\/div>\n<div>\n<p><i>La informaci\u00f3n contenida en este bolet\u00edn de prensa corresponde a la narraci\u00f3n de los hechos noticiosos objetivos, suministrados por los funcionarios encargados de adelantar las investigaciones penales al interior de la Fiscal\u00eda General de la Naci\u00f3n. Para el momento de la divulgaci\u00f3n de este comunicado, la situaci\u00f3n jur\u00eddica de la(s) persona(s) relacionada(s) se encuentra pendiente de resolver por la autoridad judicial competente, siempre bajo los preceptos de la presunci\u00f3n de inocencia, consagrados en el art\u00edculo 29 de la Constituci\u00f3n Pol\u00edtica y el art\u00edculo 7\u00ba de la Ley 906 de 2004.<\/i><\/p>\n<p>&nbsp;<\/p>\n<\/div>\n\n<div class=\"twitter-share\"><a href=\"https:\/\/twitter.com\/intent\/tweet?via=fiscaliacol\" class=\"twitter-share-button\">Tweet<\/a><\/div>\n","protected":false},"excerpt":{"rendered":"<p>Entre las irregularidades detectadas se encontr\u00f3 la falsificaci\u00f3n de documentos tanto p\u00fablicos como privados para la adjudicaci\u00f3n del contrato. Las irregularidades detectadas en la planeaci\u00f3n y suscripci\u00f3n de un contrato [&hellip;]<\/p>\n","protected":false},"author":181,"featured_media":0,"comment_status":"closed","ping_status":"open","sticky":false,"template":"","format":"standard","meta":{"tdm_status":"","tdm_grid_status":"","footnotes":""},"categories":[24174,1,24099],"tags":[293,12184,37492,4614,1047],"class_list":["post-321114","post","type-post","status-publish","format-standard","category-hay-justicia","category-noticias","category-seguridad-territorial","tag-condena","tag-fiscal","tag-fiscal-luz-adriana-camargo","tag-fiscalia-2","tag-fiscalia-general-de-la-nacion"],"yoast_head":"<!-- This site is optimized with the Yoast SEO plugin v24.3 - https:\/\/yoast.com\/wordpress\/plugins\/seo\/ -->\n<title>Fiscal\u00eda General de la Naci\u00f3n<\/title>\n<meta name=\"description\" content=\"P\u00e1gina oficial de la Fiscal\u00eda General de la Naci\u00f3n \u2013 Colombia. Garantizamos el acceso efectivo a la justicia, la verdad y la reparaci\u00f3n de las v\u00edctimas de los delitos.\" \/>\n<meta name=\"robots\" content=\"noindex, follow\" \/>\n<meta property=\"og:locale\" content=\"es_ES\" \/>\n<meta property=\"og:type\" content=\"article\" \/>\n<meta property=\"og:title\" content=\"Fiscal\u00eda General de la Naci\u00f3n\" \/>\n<meta property=\"og:description\" content=\"P\u00e1gina oficial de la Fiscal\u00eda General de la Naci\u00f3n \u2013 Colombia. Garantizamos el acceso efectivo a la justicia, la verdad y la reparaci\u00f3n de las v\u00edctimas de los delitos.\" \/>\n<meta property=\"og:url\" content=\"https:\/\/www.fiscalia.gov.co\/colombia\/noticias\/por-irregularidades-en-contrato-de-tecnologia-para-el-manejo-de-basuras-fueron-condenados-cinco-exfuncionarios-de-la-empresa-de-aseo-de-bucaramanga\/\" \/>\n<meta property=\"og:site_name\" content=\"Fiscal\u00eda General de la Naci\u00f3n\" \/>\n<meta property=\"article:publisher\" content=\"https:\/\/www.facebook.com\/FiscaliaCol\" \/>\n<meta property=\"article:published_time\" content=\"2025-08-08T20:26:08+00:00\" \/>\n<meta property=\"article:modified_time\" content=\"2025-08-08T20:32:09+00:00\" \/>\n<meta name=\"author\" content=\"Johanna Islenny Prieto Pe\u00f1a\" \/>\n<meta name=\"twitter:card\" content=\"summary_large_image\" \/>\n<meta name=\"twitter:creator\" content=\"@FiscaliaCol\" \/>\n<meta name=\"twitter:site\" content=\"@FiscaliaCol\" \/>\n<meta name=\"twitter:label1\" content=\"Escrito por\" \/>\n\t<meta name=\"twitter:data1\" content=\"Johanna Islenny Prieto Pe\u00f1a\" \/>\n\t<meta name=\"twitter:label2\" content=\"Tiempo de lectura\" \/>\n\t<meta name=\"twitter:data2\" content=\"2 minutos\" \/>\n<script type=\"application\/ld+json\" class=\"yoast-schema-graph\">{\"@context\":\"https:\/\/schema.org\",\"@graph\":[{\"@type\":\"Article\",\"@id\":\"https:\/\/www.fiscalia.gov.co\/colombia\/noticias\/por-irregularidades-en-contrato-de-tecnologia-para-el-manejo-de-basuras-fueron-condenados-cinco-exfuncionarios-de-la-empresa-de-aseo-de-bucaramanga\/#article\",\"isPartOf\":{\"@id\":\"https:\/\/www.fiscalia.gov.co\/colombia\/noticias\/por-irregularidades-en-contrato-de-tecnologia-para-el-manejo-de-basuras-fueron-condenados-cinco-exfuncionarios-de-la-empresa-de-aseo-de-bucaramanga\/\"},\"author\":{\"name\":\"Johanna Islenny Prieto Pe\u00f1a\",\"@id\":\"https:\/\/www.fiscalia.gov.co\/colombia\/#\/schema\/person\/ba9eca435947489fb25117a0cd75bf3e\"},\"headline\":\"Por irregularidades en contrato de tecnolog\u00eda para el manejo de basuras fueron condenados cinco exfuncionarios de la empresa de aseo de Bucaramanga\",\"datePublished\":\"2025-08-08T20:26:08+00:00\",\"dateModified\":\"2025-08-08T20:32:09+00:00\",\"mainEntityOfPage\":{\"@id\":\"https:\/\/www.fiscalia.gov.co\/colombia\/noticias\/por-irregularidades-en-contrato-de-tecnologia-para-el-manejo-de-basuras-fueron-condenados-cinco-exfuncionarios-de-la-empresa-de-aseo-de-bucaramanga\/\"},\"wordCount\":468,\"publisher\":{\"@id\":\"https:\/\/www.fiscalia.gov.co\/colombia\/#organization\"},\"keywords\":[\"Condena\",\"Fiscal\",\"Fiscal Luz Adriana Camargo\",\"Fiscal\u00eda\",\"Fiscal\u00eda General de la Naci\u00f3n\"],\"articleSection\":[\"Hay Justicia\",\"Noticias\",\"Seguridad territorial\"],\"inLanguage\":\"es-CO\"},{\"@type\":\"WebPage\",\"@id\":\"https:\/\/www.fiscalia.gov.co\/colombia\/noticias\/por-irregularidades-en-contrato-de-tecnologia-para-el-manejo-de-basuras-fueron-condenados-cinco-exfuncionarios-de-la-empresa-de-aseo-de-bucaramanga\/\",\"url\":\"https:\/\/www.fiscalia.gov.co\/colombia\/noticias\/por-irregularidades-en-contrato-de-tecnologia-para-el-manejo-de-basuras-fueron-condenados-cinco-exfuncionarios-de-la-empresa-de-aseo-de-bucaramanga\/\",\"name\":\"Fiscal\u00eda General de la Naci\u00f3n\",\"isPartOf\":{\"@id\":\"https:\/\/www.fiscalia.gov.co\/colombia\/#website\"},\"datePublished\":\"2025-08-08T20:26:08+00:00\",\"dateModified\":\"2025-08-08T20:32:09+00:00\",\"description\":\"P\u00e1gina oficial de la Fiscal\u00eda General de la Naci\u00f3n \u2013 Colombia. Garantizamos el acceso efectivo a la justicia, la verdad y la reparaci\u00f3n de las v\u00edctimas de los delitos.\",\"breadcrumb\":{\"@id\":\"https:\/\/www.fiscalia.gov.co\/colombia\/noticias\/por-irregularidades-en-contrato-de-tecnologia-para-el-manejo-de-basuras-fueron-condenados-cinco-exfuncionarios-de-la-empresa-de-aseo-de-bucaramanga\/#breadcrumb\"},\"inLanguage\":\"es-CO\",\"potentialAction\":[{\"@type\":\"ReadAction\",\"target\":[\"https:\/\/www.fiscalia.gov.co\/colombia\/noticias\/por-irregularidades-en-contrato-de-tecnologia-para-el-manejo-de-basuras-fueron-condenados-cinco-exfuncionarios-de-la-empresa-de-aseo-de-bucaramanga\/\"]}]},{\"@type\":\"BreadcrumbList\",\"@id\":\"https:\/\/www.fiscalia.gov.co\/colombia\/noticias\/por-irregularidades-en-contrato-de-tecnologia-para-el-manejo-de-basuras-fueron-condenados-cinco-exfuncionarios-de-la-empresa-de-aseo-de-bucaramanga\/#breadcrumb\",\"itemListElement\":[{\"@type\":\"ListItem\",\"position\":1,\"name\":\"Home\",\"item\":\"https:\/\/www.fiscalia.gov.co\/colombia\/\"},{\"@type\":\"ListItem\",\"position\":2,\"name\":\"Por irregularidades en contrato de tecnolog\u00eda para el manejo de basuras fueron condenados cinco exfuncionarios de la empresa de aseo de Bucaramanga\"}]},{\"@type\":\"WebSite\",\"@id\":\"https:\/\/www.fiscalia.gov.co\/colombia\/#website\",\"url\":\"https:\/\/www.fiscalia.gov.co\/colombia\/\",\"name\":\"Fiscal\u00eda General de la Naci\u00f3n\",\"description\":\"P\u00e1gina oficial de la Fiscal\u00eda General de la Naci\u00f3n \u2013 Colombia. Garantizamos el acceso efectivo a la justicia, la verdad y la reparaci\u00f3n de las v\u00edctimas de los delitos.\",\"publisher\":{\"@id\":\"https:\/\/www.fiscalia.gov.co\/colombia\/#organization\"},\"potentialAction\":[{\"@type\":\"SearchAction\",\"target\":{\"@type\":\"EntryPoint\",\"urlTemplate\":\"https:\/\/www.fiscalia.gov.co\/colombia\/?s={search_term_string}\"},\"query-input\":{\"@type\":\"PropertyValueSpecification\",\"valueRequired\":true,\"valueName\":\"search_term_string\"}}],\"inLanguage\":\"es-CO\"},{\"@type\":\"Organization\",\"@id\":\"https:\/\/www.fiscalia.gov.co\/colombia\/#organization\",\"name\":\"Fiscal\u00eda General de la Naci\u00f3n\",\"url\":\"https:\/\/www.fiscalia.gov.co\/colombia\/\",\"logo\":{\"@type\":\"ImageObject\",\"inLanguage\":\"es-CO\",\"@id\":\"https:\/\/www.fiscalia.gov.co\/colombia\/#\/schema\/logo\/image\/\",\"url\":\"https:\/\/www.fiscalia.gov.co\/colombia\/wp-content\/uploads\/LogoHorizontal_1.jpg\",\"contentUrl\":\"https:\/\/www.fiscalia.gov.co\/colombia\/wp-content\/uploads\/LogoHorizontal_1.jpg\",\"width\":300,\"height\":90,\"caption\":\"Fiscal\u00eda General de la Naci\u00f3n\"},\"image\":{\"@id\":\"https:\/\/www.fiscalia.gov.co\/colombia\/#\/schema\/logo\/image\/\"},\"sameAs\":[\"https:\/\/www.facebook.com\/FiscaliaCol\",\"https:\/\/x.com\/FiscaliaCol\",\"https:\/\/www.instagram.com\/fiscaliacol\",\"https:\/\/www.linkedin.com\/company\/fiscalia-general-de-la-naci-n\/\",\"https:\/\/youtube.com\/@fiscaliageneraldelanacion-4668?si=6nN79nyQICPU5iTh\"]},{\"@type\":\"Person\",\"@id\":\"https:\/\/www.fiscalia.gov.co\/colombia\/#\/schema\/person\/ba9eca435947489fb25117a0cd75bf3e\",\"name\":\"Johanna Islenny Prieto Pe\u00f1a\",\"image\":{\"@type\":\"ImageObject\",\"inLanguage\":\"es-CO\",\"@id\":\"https:\/\/www.fiscalia.gov.co\/colombia\/#\/schema\/person\/image\/\",\"url\":\"https:\/\/secure.gravatar.com\/avatar\/111433fc2acb037ffb768f6a3ca47864?s=96&d=mm&r=g\",\"contentUrl\":\"https:\/\/secure.gravatar.com\/avatar\/111433fc2acb037ffb768f6a3ca47864?s=96&d=mm&r=g\",\"caption\":\"Johanna Islenny Prieto Pe\u00f1a\"},\"url\":\"https:\/\/www.fiscalia.gov.co\/colombia\/author\/jprietop\/\"}]}<\/script>\n<!-- \/ Yoast SEO plugin. -->","yoast_head_json":{"title":"Fiscal\u00eda General de la Naci\u00f3n","description":"P\u00e1gina oficial de la Fiscal\u00eda General de la Naci\u00f3n \u2013 Colombia. Garantizamos el acceso efectivo a la justicia, la verdad y la reparaci\u00f3n de las v\u00edctimas de los delitos.","robots":{"index":"noindex","follow":"follow"},"og_locale":"es_ES","og_type":"article","og_title":"Fiscal\u00eda General de la Naci\u00f3n","og_description":"P\u00e1gina oficial de la Fiscal\u00eda General de la Naci\u00f3n \u2013 Colombia. Garantizamos el acceso efectivo a la justicia, la verdad y la reparaci\u00f3n de las v\u00edctimas de los delitos.","og_url":"https:\/\/www.fiscalia.gov.co\/colombia\/noticias\/por-irregularidades-en-contrato-de-tecnologia-para-el-manejo-de-basuras-fueron-condenados-cinco-exfuncionarios-de-la-empresa-de-aseo-de-bucaramanga\/","og_site_name":"Fiscal\u00eda General de la Naci\u00f3n","article_publisher":"https:\/\/www.facebook.com\/FiscaliaCol","article_published_time":"2025-08-08T20:26:08+00:00","article_modified_time":"2025-08-08T20:32:09+00:00","author":"Johanna Islenny Prieto Pe\u00f1a","twitter_card":"summary_large_image","twitter_creator":"@FiscaliaCol","twitter_site":"@FiscaliaCol","twitter_misc":{"Escrito por":"Johanna Islenny Prieto Pe\u00f1a","Tiempo de lectura":"2 minutos"},"schema":{"@context":"https:\/\/schema.org","@graph":[{"@type":"Article","@id":"https:\/\/www.fiscalia.gov.co\/colombia\/noticias\/por-irregularidades-en-contrato-de-tecnologia-para-el-manejo-de-basuras-fueron-condenados-cinco-exfuncionarios-de-la-empresa-de-aseo-de-bucaramanga\/#article","isPartOf":{"@id":"https:\/\/www.fiscalia.gov.co\/colombia\/noticias\/por-irregularidades-en-contrato-de-tecnologia-para-el-manejo-de-basuras-fueron-condenados-cinco-exfuncionarios-de-la-empresa-de-aseo-de-bucaramanga\/"},"author":{"name":"Johanna Islenny Prieto Pe\u00f1a","@id":"https:\/\/www.fiscalia.gov.co\/colombia\/#\/schema\/person\/ba9eca435947489fb25117a0cd75bf3e"},"headline":"Por irregularidades en contrato de tecnolog\u00eda para el manejo de basuras fueron condenados cinco exfuncionarios de la empresa de aseo de Bucaramanga","datePublished":"2025-08-08T20:26:08+00:00","dateModified":"2025-08-08T20:32:09+00:00","mainEntityOfPage":{"@id":"https:\/\/www.fiscalia.gov.co\/colombia\/noticias\/por-irregularidades-en-contrato-de-tecnologia-para-el-manejo-de-basuras-fueron-condenados-cinco-exfuncionarios-de-la-empresa-de-aseo-de-bucaramanga\/"},"wordCount":468,"publisher":{"@id":"https:\/\/www.fiscalia.gov.co\/colombia\/#organization"},"keywords":["Condena","Fiscal","Fiscal Luz Adriana Camargo","Fiscal\u00eda","Fiscal\u00eda General de la Naci\u00f3n"],"articleSection":["Hay Justicia","Noticias","Seguridad territorial"],"inLanguage":"es-CO"},{"@type":"WebPage","@id":"https:\/\/www.fiscalia.gov.co\/colombia\/noticias\/por-irregularidades-en-contrato-de-tecnologia-para-el-manejo-de-basuras-fueron-condenados-cinco-exfuncionarios-de-la-empresa-de-aseo-de-bucaramanga\/","url":"https:\/\/www.fiscalia.gov.co\/colombia\/noticias\/por-irregularidades-en-contrato-de-tecnologia-para-el-manejo-de-basuras-fueron-condenados-cinco-exfuncionarios-de-la-empresa-de-aseo-de-bucaramanga\/","name":"Fiscal\u00eda General de la Naci\u00f3n","isPartOf":{"@id":"https:\/\/www.fiscalia.gov.co\/colombia\/#website"},"datePublished":"2025-08-08T20:26:08+00:00","dateModified":"2025-08-08T20:32:09+00:00","description":"P\u00e1gina oficial de la Fiscal\u00eda General de la Naci\u00f3n \u2013 Colombia. Garantizamos el acceso efectivo a la justicia, la verdad y la reparaci\u00f3n de las v\u00edctimas de los delitos.","breadcrumb":{"@id":"https:\/\/www.fiscalia.gov.co\/colombia\/noticias\/por-irregularidades-en-contrato-de-tecnologia-para-el-manejo-de-basuras-fueron-condenados-cinco-exfuncionarios-de-la-empresa-de-aseo-de-bucaramanga\/#breadcrumb"},"inLanguage":"es-CO","potentialAction":[{"@type":"ReadAction","target":["https:\/\/www.fiscalia.gov.co\/colombia\/noticias\/por-irregularidades-en-contrato-de-tecnologia-para-el-manejo-de-basuras-fueron-condenados-cinco-exfuncionarios-de-la-empresa-de-aseo-de-bucaramanga\/"]}]},{"@type":"BreadcrumbList","@id":"https:\/\/www.fiscalia.gov.co\/colombia\/noticias\/por-irregularidades-en-contrato-de-tecnologia-para-el-manejo-de-basuras-fueron-condenados-cinco-exfuncionarios-de-la-empresa-de-aseo-de-bucaramanga\/#breadcrumb","itemListElement":[{"@type":"ListItem","position":1,"name":"Home","item":"https:\/\/www.fiscalia.gov.co\/colombia\/"},{"@type":"ListItem","position":2,"name":"Por irregularidades en contrato de tecnolog\u00eda para el manejo de basuras fueron condenados cinco exfuncionarios de la empresa de aseo de Bucaramanga"}]},{"@type":"WebSite","@id":"https:\/\/www.fiscalia.gov.co\/colombia\/#website","url":"https:\/\/www.fiscalia.gov.co\/colombia\/","name":"Fiscal\u00eda General de la Naci\u00f3n","description":"P\u00e1gina oficial de la Fiscal\u00eda General de la Naci\u00f3n \u2013 Colombia. Garantizamos el acceso efectivo a la justicia, la verdad y la reparaci\u00f3n de las v\u00edctimas de los delitos.","publisher":{"@id":"https:\/\/www.fiscalia.gov.co\/colombia\/#organization"},"potentialAction":[{"@type":"SearchAction","target":{"@type":"EntryPoint","urlTemplate":"https:\/\/www.fiscalia.gov.co\/colombia\/?s={search_term_string}"},"query-input":{"@type":"PropertyValueSpecification","valueRequired":true,"valueName":"search_term_string"}}],"inLanguage":"es-CO"},{"@type":"Organization","@id":"https:\/\/www.fiscalia.gov.co\/colombia\/#organization","name":"Fiscal\u00eda General de la Naci\u00f3n","url":"https:\/\/www.fiscalia.gov.co\/colombia\/","logo":{"@type":"ImageObject","inLanguage":"es-CO","@id":"https:\/\/www.fiscalia.gov.co\/colombia\/#\/schema\/logo\/image\/","url":"https:\/\/www.fiscalia.gov.co\/colombia\/wp-content\/uploads\/LogoHorizontal_1.jpg","contentUrl":"https:\/\/www.fiscalia.gov.co\/colombia\/wp-content\/uploads\/LogoHorizontal_1.jpg","width":300,"height":90,"caption":"Fiscal\u00eda General de la Naci\u00f3n"},"image":{"@id":"https:\/\/www.fiscalia.gov.co\/colombia\/#\/schema\/logo\/image\/"},"sameAs":["https:\/\/www.facebook.com\/FiscaliaCol","https:\/\/x.com\/FiscaliaCol","https:\/\/www.instagram.com\/fiscaliacol","https:\/\/www.linkedin.com\/company\/fiscalia-general-de-la-naci-n\/","https:\/\/youtube.com\/@fiscaliageneraldelanacion-4668?si=6nN79nyQICPU5iTh"]},{"@type":"Person","@id":"https:\/\/www.fiscalia.gov.co\/colombia\/#\/schema\/person\/ba9eca435947489fb25117a0cd75bf3e","name":"Johanna Islenny Prieto Pe\u00f1a","image":{"@type":"ImageObject","inLanguage":"es-CO","@id":"https:\/\/www.fiscalia.gov.co\/colombia\/#\/schema\/person\/image\/","url":"https:\/\/secure.gravatar.com\/avatar\/111433fc2acb037ffb768f6a3ca47864?s=96&d=mm&r=g","contentUrl":"https:\/\/secure.gravatar.com\/avatar\/111433fc2acb037ffb768f6a3ca47864?s=96&d=mm&r=g","caption":"Johanna Islenny Prieto Pe\u00f1a"},"url":"https:\/\/www.fiscalia.gov.co\/colombia\/author\/jprietop\/"}]}},"_links":{"self":[{"href":"https:\/\/www.fiscalia.gov.co\/colombia\/wp-json\/wp\/v2\/posts\/321114","targetHints":{"allow":["GET"]}}],"collection":[{"href":"https:\/\/www.fiscalia.gov.co\/colombia\/wp-json\/wp\/v2\/posts"}],"about":[{"href":"https:\/\/www.fiscalia.gov.co\/colombia\/wp-json\/wp\/v2\/types\/post"}],"author":[{"embeddable":true,"href":"https:\/\/www.fiscalia.gov.co\/colombia\/wp-json\/wp\/v2\/users\/181"}],"replies":[{"embeddable":true,"href":"https:\/\/www.fiscalia.gov.co\/colombia\/wp-json\/wp\/v2\/comments?post=321114"}],"version-history":[{"count":1,"href":"https:\/\/www.fiscalia.gov.co\/colombia\/wp-json\/wp\/v2\/posts\/321114\/revisions"}],"predecessor-version":[{"id":321115,"href":"https:\/\/www.fiscalia.gov.co\/colombia\/wp-json\/wp\/v2\/posts\/321114\/revisions\/321115"}],"wp:attachment":[{"href":"https:\/\/www.fiscalia.gov.co\/colombia\/wp-json\/wp\/v2\/media?parent=321114"}],"wp:term":[{"taxonomy":"category","embeddable":true,"href":"https:\/\/www.fiscalia.gov.co\/colombia\/wp-json\/wp\/v2\/categories?post=321114"},{"taxonomy":"post_tag","embeddable":true,"href":"https:\/\/www.fiscalia.gov.co\/colombia\/wp-json\/wp\/v2\/tags?post=321114"}],"curies":[{"name":"wp","href":"https:\/\/api.w.org\/{rel}","templated":true}]}}