{"id":320899,"date":"2025-08-06T15:01:43","date_gmt":"2025-08-06T20:01:43","guid":{"rendered":"https:\/\/www.fiscalia.gov.co\/colombia\/?p=320899"},"modified":"2025-08-06T15:01:43","modified_gmt":"2025-08-06T20:01:43","slug":"presuntos-responsables-de-abusos-sexuales-a-sus-hijastras-en-cundinamarca-fueron-enviados-a-la-carcel","status":"publish","type":"post","link":"https:\/\/www.fiscalia.gov.co\/colombia\/noticias\/presuntos-responsables-de-abusos-sexuales-a-sus-hijastras-en-cundinamarca-fueron-enviados-a-la-carcel\/","title":{"rendered":"Presuntos responsables de abusos sexuales a sus hijastras en Cundinamarca fueron enviados a la c\u00e1rcel"},"content":{"rendered":"<p>El material probatorio presentado por la Fiscal\u00eda General de la Naci\u00f3n, permiti\u00f3 que jueces de control de garant\u00edas impusieran medidas de aseguramiento en centro carcelario a dos hombres, que en hechos distintos, habr\u00edan agredido sexualmente a sus hijastras menores de edad en Cundinamarca.<\/p>\n<figure id=\"attachment_320910\" aria-describedby=\"caption-attachment-320910\" style=\"width: 294px\" class=\"wp-caption alignnone\"><img loading=\"lazy\" decoding=\"async\" class=\"size-medium wp-image-320910\" src=\"https:\/\/www.fiscalia.gov.co\/colombia\/wp-content\/uploads\/Caso-Fomeque-294x300.jpeg\" alt=\"En la imagen aparece el procesado de frente, en medio de una pareja de servidores de la Polic\u00eda Nacional.\" width=\"294\" height=\"300\" srcset=\"https:\/\/www.fiscalia.gov.co\/colombia\/wp-content\/uploads\/Caso-Fomeque-294x300.jpeg 294w, https:\/\/www.fiscalia.gov.co\/colombia\/wp-content\/uploads\/Caso-Fomeque-1005x1024.jpeg 1005w, https:\/\/www.fiscalia.gov.co\/colombia\/wp-content\/uploads\/Caso-Fomeque-768x783.jpeg 768w, https:\/\/www.fiscalia.gov.co\/colombia\/wp-content\/uploads\/Caso-Fomeque-1507x1536.jpeg 1507w, https:\/\/www.fiscalia.gov.co\/colombia\/wp-content\/uploads\/Caso-Fomeque-412x420.jpeg 412w, https:\/\/www.fiscalia.gov.co\/colombia\/wp-content\/uploads\/Caso-Fomeque-696x709.jpeg 696w, https:\/\/www.fiscalia.gov.co\/colombia\/wp-content\/uploads\/Caso-Fomeque-1068x1088.jpeg 1068w, https:\/\/www.fiscalia.gov.co\/colombia\/wp-content\/uploads\/Caso-Fomeque-356x364.jpeg 356w, https:\/\/www.fiscalia.gov.co\/colombia\/wp-content\/uploads\/Caso-Fomeque.jpeg 1570w\" sizes=\"auto, (max-width: 294px) 100vw, 294px\" \/><figcaption id=\"caption-attachment-320910\" class=\"wp-caption-text\">presunto responsable de agredir sexualmente a su hijastra de 13 a\u00f1os en F\u00f3meque<\/figcaption><\/figure>\n<p>El primer hecho investigado se present\u00f3 el pasado 30 de julio en F\u00f3meque. All\u00ed, un hombre, fue capturado en flagrancia, cuando al parecer, abusaba sexualmente de la hija de su compa\u00f1era sentimental de 13 a\u00f1os.<\/p>\n<p>Por otro caso, fue judicializado un hombre quien, aprovechada su cercan\u00eda y convivencia con sus hijastras, de 16 y 13 a\u00f1os, para someterlas a tocamientos de \u00edndole sexual y abusarlas. Estos hechos se registraron entre agosto de 2021 abril de 2022 en Granada.<\/p>\n<figure id=\"attachment_320909\" aria-describedby=\"caption-attachment-320909\" style=\"width: 300px\" class=\"wp-caption alignnone\"><img loading=\"lazy\" decoding=\"async\" class=\"size-medium wp-image-320909\" src=\"https:\/\/www.fiscalia.gov.co\/colombia\/wp-content\/uploads\/Caso-Granada-300x225.jpeg\" alt=\"En la imagen aparece el procesado de espaldas, en medio de una pareja de servidores de la Polic\u00eda Nacional.\u00a0\" width=\"300\" height=\"225\" srcset=\"https:\/\/www.fiscalia.gov.co\/colombia\/wp-content\/uploads\/Caso-Granada-300x225.jpeg 300w, https:\/\/www.fiscalia.gov.co\/colombia\/wp-content\/uploads\/Caso-Granada-1024x769.jpeg 1024w, https:\/\/www.fiscalia.gov.co\/colombia\/wp-content\/uploads\/Caso-Granada-768x577.jpeg 768w, https:\/\/www.fiscalia.gov.co\/colombia\/wp-content\/uploads\/Caso-Granada-1536x1154.jpeg 1536w, https:\/\/www.fiscalia.gov.co\/colombia\/wp-content\/uploads\/Caso-Granada-559x420.jpeg 559w, https:\/\/www.fiscalia.gov.co\/colombia\/wp-content\/uploads\/Caso-Granada-80x60.jpeg 80w, https:\/\/www.fiscalia.gov.co\/colombia\/wp-content\/uploads\/Caso-Granada-696x523.jpeg 696w, https:\/\/www.fiscalia.gov.co\/colombia\/wp-content\/uploads\/Caso-Granada-1068x802.jpeg 1068w, https:\/\/www.fiscalia.gov.co\/colombia\/wp-content\/uploads\/Caso-Granada-265x198.jpeg 265w, https:\/\/www.fiscalia.gov.co\/colombia\/wp-content\/uploads\/Caso-Granada.jpeg 1600w\" sizes=\"auto, (max-width: 300px) 100vw, 300px\" \/><figcaption id=\"caption-attachment-320909\" class=\"wp-caption-text\">hombre se\u00f1alado de abusar sexualmente a sus hijastras, de 16 y 13 a\u00f1os, en Granada (Cundinamarca).<\/figcaption><\/figure>\n<p>La Fiscal\u00eda les imput\u00f3, de acuerdo con sus responsabilidades individuales, los delitos de acceso carnal abusivo con menor de 14 a\u00f1os; y acto sexual con menor de 14 a\u00f1os. Ninguno de los procesados acept\u00f3 los cargos.<\/p>\n<p>ALGO\/AMCJ\/LMAM\/ALG\/FSC<\/p>\n<p>&nbsp;<\/p>\n<p>&nbsp;<\/p>\n<p>&nbsp;<\/p>\n<p>&nbsp;<\/p>\n<p>&nbsp;<\/p>\n<p><i>La informaci\u00f3n contenida en este bolet\u00edn de prensa corresponde a la narraci\u00f3n de los hechos noticiosos objetivos, suministrados por los funcionarios encargados de adelantar las investigaciones penales al interior de la Fiscal\u00eda General de la Naci\u00f3n. Para el momento de la divulgaci\u00f3n de este comunicado, la situaci\u00f3n jur\u00eddica de la(s) persona(s) relacionada(s) se encuentra pendiente de resolver por la autoridad judicial competente, siempre bajo los preceptos de la presunci\u00f3n de inocencia, consagrados en el art\u00edculo 29 de la Constituci\u00f3n Pol\u00edtica y el art\u00edculo 7\u00ba de la Ley 906 de 2004.<\/i><\/p>\n<p>&nbsp;<\/p>\n<p>&nbsp;<\/p>\n<p>&nbsp;<\/p>\n<p>&nbsp;<\/p>\n\n<div class=\"twitter-share\"><a href=\"https:\/\/twitter.com\/intent\/tweet?via=fiscaliacol\" class=\"twitter-share-button\">Tweet<\/a><\/div>\n","protected":false},"excerpt":{"rendered":"<p>El material probatorio presentado por la Fiscal\u00eda General de la Naci\u00f3n, permiti\u00f3 que jueces de control de garant\u00edas impusieran medidas de aseguramiento en centro carcelario a dos hombres, que en hechos distintos, habr\u00edan agredido sexualmente a sus hijastras menores de edad en Cundinamarca. El primer hecho investigado se present\u00f3 el pasado 30 de julio en [&hellip;]<\/p>\n","protected":false},"author":181,"featured_media":0,"comment_status":"closed","ping_status":"open","sticky":false,"template":"","format":"standard","meta":{"_price":"","_stock":"","_tribe_ticket_header":"","_tribe_default_ticket_provider":"","_tribe_ticket_capacity":"0","_ticket_start_date":"","_ticket_end_date":"","_tribe_ticket_show_description":"","_tribe_ticket_show_not_going":false,"_tribe_ticket_use_global_stock":"","_tribe_ticket_global_stock_level":"","_global_stock_mode":"","_global_stock_cap":"","_tribe_rsvp_for_event":"","_tribe_ticket_going_count":"","_tribe_ticket_not_going_count":"","_tribe_tickets_list":"[]","_tribe_ticket_has_attendee_info_fields":false,"tdm_status":"","tdm_grid_status":"","footnotes":""},"categories":[1,24099],"tags":[12184,4614],"class_list":{"0":"post-320899","1":"post","2":"type-post","3":"status-publish","4":"format-standard","6":"category-noticias","7":"category-seguridad-territorial","8":"tag-fiscal","9":"tag-fiscalia-2"},"yoast_head":"<!-- This site is optimized with the Yoast SEO plugin v24.3 - https:\/\/yoast.com\/wordpress\/plugins\/seo\/ -->\n<title>Fiscal\u00eda General de la Naci\u00f3n<\/title>\n<meta name=\"description\" content=\"P\u00e1gina oficial de la Fiscal\u00eda General de la Naci\u00f3n \u2013 Colombia. Garantizamos el acceso efectivo a la justicia, la verdad y la reparaci\u00f3n de las v\u00edctimas de los delitos.\" \/>\n<meta name=\"robots\" content=\"noindex, follow\" \/>\n<meta property=\"og:locale\" content=\"es_ES\" \/>\n<meta property=\"og:type\" content=\"article\" \/>\n<meta property=\"og:title\" content=\"Fiscal\u00eda General de la Naci\u00f3n\" \/>\n<meta property=\"og:description\" content=\"P\u00e1gina oficial de la Fiscal\u00eda General de la Naci\u00f3n \u2013 Colombia. Garantizamos el acceso efectivo a la justicia, la verdad y la reparaci\u00f3n de las v\u00edctimas de los delitos.\" \/>\n<meta property=\"og:url\" content=\"https:\/\/www.fiscalia.gov.co\/colombia\/noticias\/presuntos-responsables-de-abusos-sexuales-a-sus-hijastras-en-cundinamarca-fueron-enviados-a-la-carcel\/\" \/>\n<meta property=\"og:site_name\" content=\"Fiscal\u00eda General de la Naci\u00f3n\" \/>\n<meta property=\"article:publisher\" content=\"https:\/\/www.facebook.com\/FiscaliaCol\" \/>\n<meta property=\"article:published_time\" content=\"2025-08-06T20:01:43+00:00\" \/>\n<meta property=\"og:image\" content=\"https:\/\/www.fiscalia.gov.co\/colombia\/wp-content\/uploads\/Caso-Fomeque.jpeg\" \/>\n\t<meta property=\"og:image:width\" content=\"1570\" \/>\n\t<meta property=\"og:image:height\" content=\"1600\" \/>\n\t<meta property=\"og:image:type\" content=\"image\/jpeg\" \/>\n<meta name=\"author\" content=\"Johanna Islenny Prieto Pe\u00f1a\" \/>\n<meta name=\"twitter:card\" content=\"summary_large_image\" \/>\n<meta name=\"twitter:creator\" content=\"@FiscaliaCol\" \/>\n<meta name=\"twitter:site\" content=\"@FiscaliaCol\" \/>\n<meta name=\"twitter:label1\" content=\"Escrito por\" \/>\n\t<meta name=\"twitter:data1\" content=\"Johanna Islenny Prieto Pe\u00f1a\" \/>\n\t<meta name=\"twitter:label2\" content=\"Tiempo de lectura\" \/>\n\t<meta name=\"twitter:data2\" content=\"2 minutos\" \/>\n<script type=\"application\/ld+json\" class=\"yoast-schema-graph\">{\"@context\":\"https:\/\/schema.org\",\"@graph\":[{\"@type\":\"Article\",\"@id\":\"https:\/\/www.fiscalia.gov.co\/colombia\/noticias\/presuntos-responsables-de-abusos-sexuales-a-sus-hijastras-en-cundinamarca-fueron-enviados-a-la-carcel\/#article\",\"isPartOf\":{\"@id\":\"https:\/\/www.fiscalia.gov.co\/colombia\/noticias\/presuntos-responsables-de-abusos-sexuales-a-sus-hijastras-en-cundinamarca-fueron-enviados-a-la-carcel\/\"},\"author\":{\"name\":\"Johanna Islenny Prieto Pe\u00f1a\",\"@id\":\"https:\/\/www.fiscalia.gov.co\/colombia\/#\/schema\/person\/ba9eca435947489fb25117a0cd75bf3e\"},\"headline\":\"Presuntos responsables de abusos sexuales a sus hijastras en Cundinamarca fueron enviados a la c\u00e1rcel\",\"datePublished\":\"2025-08-06T20:01:43+00:00\",\"dateModified\":\"2025-08-06T20:01:43+00:00\",\"mainEntityOfPage\":{\"@id\":\"https:\/\/www.fiscalia.gov.co\/colombia\/noticias\/presuntos-responsables-de-abusos-sexuales-a-sus-hijastras-en-cundinamarca-fueron-enviados-a-la-carcel\/\"},\"wordCount\":337,\"publisher\":{\"@id\":\"https:\/\/www.fiscalia.gov.co\/colombia\/#organization\"},\"image\":{\"@id\":\"https:\/\/www.fiscalia.gov.co\/colombia\/noticias\/presuntos-responsables-de-abusos-sexuales-a-sus-hijastras-en-cundinamarca-fueron-enviados-a-la-carcel\/#primaryimage\"},\"thumbnailUrl\":\"https:\/\/www.fiscalia.gov.co\/colombia\/wp-content\/uploads\/Caso-Fomeque-294x300.jpeg\",\"keywords\":[\"Fiscal\",\"Fiscal\u00eda\"],\"articleSection\":[\"Noticias\",\"Seguridad territorial\"],\"inLanguage\":\"es-CO\"},{\"@type\":\"WebPage\",\"@id\":\"https:\/\/www.fiscalia.gov.co\/colombia\/noticias\/presuntos-responsables-de-abusos-sexuales-a-sus-hijastras-en-cundinamarca-fueron-enviados-a-la-carcel\/\",\"url\":\"https:\/\/www.fiscalia.gov.co\/colombia\/noticias\/presuntos-responsables-de-abusos-sexuales-a-sus-hijastras-en-cundinamarca-fueron-enviados-a-la-carcel\/\",\"name\":\"Fiscal\u00eda General de la Naci\u00f3n\",\"isPartOf\":{\"@id\":\"https:\/\/www.fiscalia.gov.co\/colombia\/#website\"},\"primaryImageOfPage\":{\"@id\":\"https:\/\/www.fiscalia.gov.co\/colombia\/noticias\/presuntos-responsables-de-abusos-sexuales-a-sus-hijastras-en-cundinamarca-fueron-enviados-a-la-carcel\/#primaryimage\"},\"image\":{\"@id\":\"https:\/\/www.fiscalia.gov.co\/colombia\/noticias\/presuntos-responsables-de-abusos-sexuales-a-sus-hijastras-en-cundinamarca-fueron-enviados-a-la-carcel\/#primaryimage\"},\"thumbnailUrl\":\"https:\/\/www.fiscalia.gov.co\/colombia\/wp-content\/uploads\/Caso-Fomeque-294x300.jpeg\",\"datePublished\":\"2025-08-06T20:01:43+00:00\",\"dateModified\":\"2025-08-06T20:01:43+00:00\",\"description\":\"P\u00e1gina oficial de la Fiscal\u00eda General de la Naci\u00f3n \u2013 Colombia. Garantizamos el acceso efectivo a la justicia, la verdad y la reparaci\u00f3n de las v\u00edctimas de los delitos.\",\"breadcrumb\":{\"@id\":\"https:\/\/www.fiscalia.gov.co\/colombia\/noticias\/presuntos-responsables-de-abusos-sexuales-a-sus-hijastras-en-cundinamarca-fueron-enviados-a-la-carcel\/#breadcrumb\"},\"inLanguage\":\"es-CO\",\"potentialAction\":[{\"@type\":\"ReadAction\",\"target\":[\"https:\/\/www.fiscalia.gov.co\/colombia\/noticias\/presuntos-responsables-de-abusos-sexuales-a-sus-hijastras-en-cundinamarca-fueron-enviados-a-la-carcel\/\"]}]},{\"@type\":\"ImageObject\",\"inLanguage\":\"es-CO\",\"@id\":\"https:\/\/www.fiscalia.gov.co\/colombia\/noticias\/presuntos-responsables-de-abusos-sexuales-a-sus-hijastras-en-cundinamarca-fueron-enviados-a-la-carcel\/#primaryimage\",\"url\":\"https:\/\/www.fiscalia.gov.co\/colombia\/wp-content\/uploads\/Caso-Fomeque.jpeg\",\"contentUrl\":\"https:\/\/www.fiscalia.gov.co\/colombia\/wp-content\/uploads\/Caso-Fomeque.jpeg\",\"width\":1570,\"height\":1600,\"caption\":\"presunto responsable de agredir sexualmente a su hijastra de 13 a\u00f1os en F\u00f3meque\"},{\"@type\":\"BreadcrumbList\",\"@id\":\"https:\/\/www.fiscalia.gov.co\/colombia\/noticias\/presuntos-responsables-de-abusos-sexuales-a-sus-hijastras-en-cundinamarca-fueron-enviados-a-la-carcel\/#breadcrumb\",\"itemListElement\":[{\"@type\":\"ListItem\",\"position\":1,\"name\":\"Home\",\"item\":\"https:\/\/www.fiscalia.gov.co\/colombia\/\"},{\"@type\":\"ListItem\",\"position\":2,\"name\":\"Presuntos responsables de abusos sexuales a sus hijastras en Cundinamarca fueron enviados a la c\u00e1rcel\"}]},{\"@type\":\"WebSite\",\"@id\":\"https:\/\/www.fiscalia.gov.co\/colombia\/#website\",\"url\":\"https:\/\/www.fiscalia.gov.co\/colombia\/\",\"name\":\"Fiscal\u00eda General de la Naci\u00f3n\",\"description\":\"P\u00e1gina oficial de la Fiscal\u00eda General de la Naci\u00f3n \u2013 Colombia. Garantizamos el acceso efectivo a la justicia, la verdad y la reparaci\u00f3n de las v\u00edctimas de los delitos.\",\"publisher\":{\"@id\":\"https:\/\/www.fiscalia.gov.co\/colombia\/#organization\"},\"potentialAction\":[{\"@type\":\"SearchAction\",\"target\":{\"@type\":\"EntryPoint\",\"urlTemplate\":\"https:\/\/www.fiscalia.gov.co\/colombia\/?s={search_term_string}\"},\"query-input\":{\"@type\":\"PropertyValueSpecification\",\"valueRequired\":true,\"valueName\":\"search_term_string\"}}],\"inLanguage\":\"es-CO\"},{\"@type\":\"Organization\",\"@id\":\"https:\/\/www.fiscalia.gov.co\/colombia\/#organization\",\"name\":\"Fiscal\u00eda General de la Naci\u00f3n\",\"url\":\"https:\/\/www.fiscalia.gov.co\/colombia\/\",\"logo\":{\"@type\":\"ImageObject\",\"inLanguage\":\"es-CO\",\"@id\":\"https:\/\/www.fiscalia.gov.co\/colombia\/#\/schema\/logo\/image\/\",\"url\":\"https:\/\/www.fiscalia.gov.co\/colombia\/wp-content\/uploads\/LogoHorizontal_1.jpg\",\"contentUrl\":\"https:\/\/www.fiscalia.gov.co\/colombia\/wp-content\/uploads\/LogoHorizontal_1.jpg\",\"width\":300,\"height\":90,\"caption\":\"Fiscal\u00eda General de la Naci\u00f3n\"},\"image\":{\"@id\":\"https:\/\/www.fiscalia.gov.co\/colombia\/#\/schema\/logo\/image\/\"},\"sameAs\":[\"https:\/\/www.facebook.com\/FiscaliaCol\",\"https:\/\/x.com\/FiscaliaCol\",\"https:\/\/www.instagram.com\/fiscaliacol\",\"https:\/\/www.linkedin.com\/company\/fiscalia-general-de-la-naci-n\/\",\"https:\/\/youtube.com\/@fiscaliageneraldelanacion-4668?si=6nN79nyQICPU5iTh\"]},{\"@type\":\"Person\",\"@id\":\"https:\/\/www.fiscalia.gov.co\/colombia\/#\/schema\/person\/ba9eca435947489fb25117a0cd75bf3e\",\"name\":\"Johanna Islenny Prieto Pe\u00f1a\",\"image\":{\"@type\":\"ImageObject\",\"inLanguage\":\"es-CO\",\"@id\":\"https:\/\/www.fiscalia.gov.co\/colombia\/#\/schema\/person\/image\/\",\"url\":\"https:\/\/secure.gravatar.com\/avatar\/111433fc2acb037ffb768f6a3ca47864?s=96&d=mm&r=g\",\"contentUrl\":\"https:\/\/secure.gravatar.com\/avatar\/111433fc2acb037ffb768f6a3ca47864?s=96&d=mm&r=g\",\"caption\":\"Johanna Islenny Prieto Pe\u00f1a\"},\"url\":\"https:\/\/www.fiscalia.gov.co\/colombia\/author\/jprietop\/\"}]}<\/script>\n<!-- \/ Yoast SEO plugin. -->","yoast_head_json":{"title":"Fiscal\u00eda General de la Naci\u00f3n","description":"P\u00e1gina oficial de la Fiscal\u00eda General de la Naci\u00f3n \u2013 Colombia. Garantizamos el acceso efectivo a la justicia, la verdad y la reparaci\u00f3n de las v\u00edctimas de los delitos.","robots":{"index":"noindex","follow":"follow"},"og_locale":"es_ES","og_type":"article","og_title":"Fiscal\u00eda General de la Naci\u00f3n","og_description":"P\u00e1gina oficial de la Fiscal\u00eda General de la Naci\u00f3n \u2013 Colombia. Garantizamos el acceso efectivo a la justicia, la verdad y la reparaci\u00f3n de las v\u00edctimas de los delitos.","og_url":"https:\/\/www.fiscalia.gov.co\/colombia\/noticias\/presuntos-responsables-de-abusos-sexuales-a-sus-hijastras-en-cundinamarca-fueron-enviados-a-la-carcel\/","og_site_name":"Fiscal\u00eda General de la Naci\u00f3n","article_publisher":"https:\/\/www.facebook.com\/FiscaliaCol","article_published_time":"2025-08-06T20:01:43+00:00","og_image":[{"width":1570,"height":1600,"url":"https:\/\/www.fiscalia.gov.co\/colombia\/wp-content\/uploads\/Caso-Fomeque.jpeg","type":"image\/jpeg"}],"author":"Johanna Islenny Prieto Pe\u00f1a","twitter_card":"summary_large_image","twitter_creator":"@FiscaliaCol","twitter_site":"@FiscaliaCol","twitter_misc":{"Escrito por":"Johanna Islenny Prieto Pe\u00f1a","Tiempo de lectura":"2 minutos"},"schema":{"@context":"https:\/\/schema.org","@graph":[{"@type":"Article","@id":"https:\/\/www.fiscalia.gov.co\/colombia\/noticias\/presuntos-responsables-de-abusos-sexuales-a-sus-hijastras-en-cundinamarca-fueron-enviados-a-la-carcel\/#article","isPartOf":{"@id":"https:\/\/www.fiscalia.gov.co\/colombia\/noticias\/presuntos-responsables-de-abusos-sexuales-a-sus-hijastras-en-cundinamarca-fueron-enviados-a-la-carcel\/"},"author":{"name":"Johanna Islenny Prieto Pe\u00f1a","@id":"https:\/\/www.fiscalia.gov.co\/colombia\/#\/schema\/person\/ba9eca435947489fb25117a0cd75bf3e"},"headline":"Presuntos responsables de abusos sexuales a sus hijastras en Cundinamarca fueron enviados a la c\u00e1rcel","datePublished":"2025-08-06T20:01:43+00:00","dateModified":"2025-08-06T20:01:43+00:00","mainEntityOfPage":{"@id":"https:\/\/www.fiscalia.gov.co\/colombia\/noticias\/presuntos-responsables-de-abusos-sexuales-a-sus-hijastras-en-cundinamarca-fueron-enviados-a-la-carcel\/"},"wordCount":337,"publisher":{"@id":"https:\/\/www.fiscalia.gov.co\/colombia\/#organization"},"image":{"@id":"https:\/\/www.fiscalia.gov.co\/colombia\/noticias\/presuntos-responsables-de-abusos-sexuales-a-sus-hijastras-en-cundinamarca-fueron-enviados-a-la-carcel\/#primaryimage"},"thumbnailUrl":"https:\/\/www.fiscalia.gov.co\/colombia\/wp-content\/uploads\/Caso-Fomeque-294x300.jpeg","keywords":["Fiscal","Fiscal\u00eda"],"articleSection":["Noticias","Seguridad territorial"],"inLanguage":"es-CO"},{"@type":"WebPage","@id":"https:\/\/www.fiscalia.gov.co\/colombia\/noticias\/presuntos-responsables-de-abusos-sexuales-a-sus-hijastras-en-cundinamarca-fueron-enviados-a-la-carcel\/","url":"https:\/\/www.fiscalia.gov.co\/colombia\/noticias\/presuntos-responsables-de-abusos-sexuales-a-sus-hijastras-en-cundinamarca-fueron-enviados-a-la-carcel\/","name":"Fiscal\u00eda General de la Naci\u00f3n","isPartOf":{"@id":"https:\/\/www.fiscalia.gov.co\/colombia\/#website"},"primaryImageOfPage":{"@id":"https:\/\/www.fiscalia.gov.co\/colombia\/noticias\/presuntos-responsables-de-abusos-sexuales-a-sus-hijastras-en-cundinamarca-fueron-enviados-a-la-carcel\/#primaryimage"},"image":{"@id":"https:\/\/www.fiscalia.gov.co\/colombia\/noticias\/presuntos-responsables-de-abusos-sexuales-a-sus-hijastras-en-cundinamarca-fueron-enviados-a-la-carcel\/#primaryimage"},"thumbnailUrl":"https:\/\/www.fiscalia.gov.co\/colombia\/wp-content\/uploads\/Caso-Fomeque-294x300.jpeg","datePublished":"2025-08-06T20:01:43+00:00","dateModified":"2025-08-06T20:01:43+00:00","description":"P\u00e1gina oficial de la Fiscal\u00eda General de la Naci\u00f3n \u2013 Colombia. Garantizamos el acceso efectivo a la justicia, la verdad y la reparaci\u00f3n de las v\u00edctimas de los delitos.","breadcrumb":{"@id":"https:\/\/www.fiscalia.gov.co\/colombia\/noticias\/presuntos-responsables-de-abusos-sexuales-a-sus-hijastras-en-cundinamarca-fueron-enviados-a-la-carcel\/#breadcrumb"},"inLanguage":"es-CO","potentialAction":[{"@type":"ReadAction","target":["https:\/\/www.fiscalia.gov.co\/colombia\/noticias\/presuntos-responsables-de-abusos-sexuales-a-sus-hijastras-en-cundinamarca-fueron-enviados-a-la-carcel\/"]}]},{"@type":"ImageObject","inLanguage":"es-CO","@id":"https:\/\/www.fiscalia.gov.co\/colombia\/noticias\/presuntos-responsables-de-abusos-sexuales-a-sus-hijastras-en-cundinamarca-fueron-enviados-a-la-carcel\/#primaryimage","url":"https:\/\/www.fiscalia.gov.co\/colombia\/wp-content\/uploads\/Caso-Fomeque.jpeg","contentUrl":"https:\/\/www.fiscalia.gov.co\/colombia\/wp-content\/uploads\/Caso-Fomeque.jpeg","width":1570,"height":1600,"caption":"presunto responsable de agredir sexualmente a su hijastra de 13 a\u00f1os en F\u00f3meque"},{"@type":"BreadcrumbList","@id":"https:\/\/www.fiscalia.gov.co\/colombia\/noticias\/presuntos-responsables-de-abusos-sexuales-a-sus-hijastras-en-cundinamarca-fueron-enviados-a-la-carcel\/#breadcrumb","itemListElement":[{"@type":"ListItem","position":1,"name":"Home","item":"https:\/\/www.fiscalia.gov.co\/colombia\/"},{"@type":"ListItem","position":2,"name":"Presuntos responsables de abusos sexuales a sus hijastras en Cundinamarca fueron enviados a la c\u00e1rcel"}]},{"@type":"WebSite","@id":"https:\/\/www.fiscalia.gov.co\/colombia\/#website","url":"https:\/\/www.fiscalia.gov.co\/colombia\/","name":"Fiscal\u00eda General de la Naci\u00f3n","description":"P\u00e1gina oficial de la Fiscal\u00eda General de la Naci\u00f3n \u2013 Colombia. Garantizamos el acceso efectivo a la justicia, la verdad y la reparaci\u00f3n de las v\u00edctimas de los delitos.","publisher":{"@id":"https:\/\/www.fiscalia.gov.co\/colombia\/#organization"},"potentialAction":[{"@type":"SearchAction","target":{"@type":"EntryPoint","urlTemplate":"https:\/\/www.fiscalia.gov.co\/colombia\/?s={search_term_string}"},"query-input":{"@type":"PropertyValueSpecification","valueRequired":true,"valueName":"search_term_string"}}],"inLanguage":"es-CO"},{"@type":"Organization","@id":"https:\/\/www.fiscalia.gov.co\/colombia\/#organization","name":"Fiscal\u00eda General de la Naci\u00f3n","url":"https:\/\/www.fiscalia.gov.co\/colombia\/","logo":{"@type":"ImageObject","inLanguage":"es-CO","@id":"https:\/\/www.fiscalia.gov.co\/colombia\/#\/schema\/logo\/image\/","url":"https:\/\/www.fiscalia.gov.co\/colombia\/wp-content\/uploads\/LogoHorizontal_1.jpg","contentUrl":"https:\/\/www.fiscalia.gov.co\/colombia\/wp-content\/uploads\/LogoHorizontal_1.jpg","width":300,"height":90,"caption":"Fiscal\u00eda General de la Naci\u00f3n"},"image":{"@id":"https:\/\/www.fiscalia.gov.co\/colombia\/#\/schema\/logo\/image\/"},"sameAs":["https:\/\/www.facebook.com\/FiscaliaCol","https:\/\/x.com\/FiscaliaCol","https:\/\/www.instagram.com\/fiscaliacol","https:\/\/www.linkedin.com\/company\/fiscalia-general-de-la-naci-n\/","https:\/\/youtube.com\/@fiscaliageneraldelanacion-4668?si=6nN79nyQICPU5iTh"]},{"@type":"Person","@id":"https:\/\/www.fiscalia.gov.co\/colombia\/#\/schema\/person\/ba9eca435947489fb25117a0cd75bf3e","name":"Johanna Islenny Prieto Pe\u00f1a","image":{"@type":"ImageObject","inLanguage":"es-CO","@id":"https:\/\/www.fiscalia.gov.co\/colombia\/#\/schema\/person\/image\/","url":"https:\/\/secure.gravatar.com\/avatar\/111433fc2acb037ffb768f6a3ca47864?s=96&d=mm&r=g","contentUrl":"https:\/\/secure.gravatar.com\/avatar\/111433fc2acb037ffb768f6a3ca47864?s=96&d=mm&r=g","caption":"Johanna Islenny Prieto Pe\u00f1a"},"url":"https:\/\/www.fiscalia.gov.co\/colombia\/author\/jprietop\/"}]}},"_links":{"self":[{"href":"https:\/\/www.fiscalia.gov.co\/colombia\/wp-json\/wp\/v2\/posts\/320899","targetHints":{"allow":["GET"]}}],"collection":[{"href":"https:\/\/www.fiscalia.gov.co\/colombia\/wp-json\/wp\/v2\/posts"}],"about":[{"href":"https:\/\/www.fiscalia.gov.co\/colombia\/wp-json\/wp\/v2\/types\/post"}],"author":[{"embeddable":true,"href":"https:\/\/www.fiscalia.gov.co\/colombia\/wp-json\/wp\/v2\/users\/181"}],"replies":[{"embeddable":true,"href":"https:\/\/www.fiscalia.gov.co\/colombia\/wp-json\/wp\/v2\/comments?post=320899"}],"version-history":[{"count":1,"href":"https:\/\/www.fiscalia.gov.co\/colombia\/wp-json\/wp\/v2\/posts\/320899\/revisions"}],"predecessor-version":[{"id":320911,"href":"https:\/\/www.fiscalia.gov.co\/colombia\/wp-json\/wp\/v2\/posts\/320899\/revisions\/320911"}],"wp:attachment":[{"href":"https:\/\/www.fiscalia.gov.co\/colombia\/wp-json\/wp\/v2\/media?parent=320899"}],"wp:term":[{"taxonomy":"category","embeddable":true,"href":"https:\/\/www.fiscalia.gov.co\/colombia\/wp-json\/wp\/v2\/categories?post=320899"},{"taxonomy":"post_tag","embeddable":true,"href":"https:\/\/www.fiscalia.gov.co\/colombia\/wp-json\/wp\/v2\/tags?post=320899"}],"curies":[{"name":"wp","href":"https:\/\/api.w.org\/{rel}","templated":true}]}}