{"id":320891,"date":"2025-08-06T14:31:58","date_gmt":"2025-08-06T19:31:58","guid":{"rendered":"https:\/\/www.fiscalia.gov.co\/colombia\/?p=320891"},"modified":"2025-08-06T14:41:28","modified_gmt":"2025-08-06T19:41:28","slug":"hombre-senalado-de-abuso-sexual-y-hurto-a-una-mujer-en-medellin-fue-enviado-a-la-carcel","status":"publish","type":"post","link":"https:\/\/www.fiscalia.gov.co\/colombia\/noticias\/hombre-senalado-de-abuso-sexual-y-hurto-a-una-mujer-en-medellin-fue-enviado-a-la-carcel\/","title":{"rendered":"Hombre se\u00f1alado de abuso sexual y hurto a una mujer en Medell\u00edn fue enviado a la c\u00e1rcel"},"content":{"rendered":"<h4 style=\"text-align: center;\" data-ogsc=\"black\"><strong><i data-ogsc=\"\">El presunto agresor habr\u00eda ingresado a la casa de la mujer con el pretexto de mirar una habitaci\u00f3n que estaba alquilando.<\/i><\/strong><\/h4>\n<p data-ogsc=\"black\">Por solicitud de la Fiscal\u00eda General de la Naci\u00f3n, un juez de control de garant\u00edas impuso medida de aseguramiento en centro carcelario en contra de Esteban Castilla Tarazona, de 25 a\u00f1os, <strong>como presunto responsable de acto sexual con incapaz de resistir<\/strong>, hurto por medios inform\u00e1ticos y hurto calificado y agravado.<\/p>\n<p data-ogsc=\"black\">Los hechos investigados ocurrieron en una vivienda del barrio Campo Amor de Medell\u00edn, el pasado 2 de agosto, <strong>cuando el procesado lleg\u00f3 hasta el inmueble con el pretexto de mirar una habitaci\u00f3n que estaba en alquiler.<\/strong><\/p>\n<p data-ogsc=\"black\">De acuerdo con la denuncia, despu\u00e9s de reducir a la due\u00f1a, <strong>el hombre la habr\u00eda amarrado de pies y manos para apoderarse de varios objetos valorados en 2.500.000 pesos.<\/strong> Las labores de polic\u00eda judicial tambi\u00e9n evidenciaron que, al parecer, hizo que la v\u00edctima desbloqueara su celular y realiz\u00f3 una transferencia no consentidas.<\/p>\n<p data-ogsc=\"black\">Despu\u00e9s de cometer el hurto, el hombre tambi\u00e9n le habr\u00eda realizado tocamientos de car\u00e1cter sexual y abandon\u00f3 el lugar.<\/p>\n<p data-ogsc=\"black\">Ante las voces de auxilio de la mujer, los vecinos retuvieron al presunto agresor y lo entregaron a la Polic\u00eda Nacional. <strong>Los objetos hurtados fueron recuperados.<\/strong><\/p>\n<p data-ogsc=\"black\">Durante las audiencias concentradas Castilla Tarazona no se allan\u00f3 a los cargos que le imput\u00f3 un fiscal de la Unidad de Reacci\u00f3n Inmediata (URI).<\/p>\n<p data-ogsc=\"black\">LFML\/CAM\/DSM\/AMCJ\/<\/p>\n<p data-ogsc=\"black\">\n<p data-ogsc=\"black\">\n<p data-ogsc=\"black\">\n<p>&nbsp;<\/p>\n<p><i>La informaci\u00f3n contenida en este bolet\u00edn de prensa corresponde a la narraci\u00f3n de los hechos noticiosos objetivos, suministrados por los funcionarios encargados de adelantar las investigaciones penales al interior de la Fiscal\u00eda General de la Naci\u00f3n. Para el momento de la divulgaci\u00f3n de este comunicado, la situaci\u00f3n jur\u00eddica de la(s) persona(s) relacionada(s) se encuentra pendiente de resolver por la autoridad judicial competente, siempre bajo los preceptos de la presunci\u00f3n de inocencia, consagrados en el art\u00edculo 29 de la Constituci\u00f3n Pol\u00edtica y el art\u00edculo 7\u00ba de la Ley 906 de 2004.<\/i><\/p>\n\n<div class=\"twitter-share\"><a href=\"https:\/\/twitter.com\/intent\/tweet?via=fiscaliacol\" class=\"twitter-share-button\">Tweet<\/a><\/div>\n","protected":false},"excerpt":{"rendered":"<p>El presunto agresor habr\u00eda ingresado a la casa de la mujer con el pretexto de mirar una habitaci\u00f3n que estaba alquilando. Por solicitud de la Fiscal\u00eda General de la Naci\u00f3n, [&hellip;]<\/p>\n","protected":false},"author":177,"featured_media":0,"comment_status":"closed","ping_status":"open","sticky":false,"template":"","format":"standard","meta":{"tdm_status":"","tdm_grid_status":"","footnotes":""},"categories":[1,331,303],"tags":[801,37492,1047,23960,23985],"class_list":["post-320891","post","type-post","status-publish","format-standard","category-noticias","category-seccional-medellin","category-seccionales","tag-abuso-sexual","tag-fiscal-luz-adriana-camargo","tag-fiscalia-general-de-la-nacion","tag-hurto","tag-medellin-antioquia"],"yoast_head":"<!-- This site is optimized with the Yoast SEO plugin v24.3 - https:\/\/yoast.com\/wordpress\/plugins\/seo\/ -->\n<title>Fiscal\u00eda General de la Naci\u00f3n<\/title>\n<meta name=\"description\" content=\"P\u00e1gina oficial de la Fiscal\u00eda General de la Naci\u00f3n \u2013 Colombia. Garantizamos el acceso efectivo a la justicia, la verdad y la reparaci\u00f3n de las v\u00edctimas de los delitos.\" \/>\n<meta name=\"robots\" content=\"noindex, follow\" \/>\n<meta property=\"og:locale\" content=\"es_ES\" \/>\n<meta property=\"og:type\" content=\"article\" \/>\n<meta property=\"og:title\" content=\"Fiscal\u00eda General de la Naci\u00f3n\" \/>\n<meta property=\"og:description\" content=\"P\u00e1gina oficial de la Fiscal\u00eda General de la Naci\u00f3n \u2013 Colombia. Garantizamos el acceso efectivo a la justicia, la verdad y la reparaci\u00f3n de las v\u00edctimas de los delitos.\" \/>\n<meta property=\"og:url\" content=\"https:\/\/www.fiscalia.gov.co\/colombia\/noticias\/hombre-senalado-de-abuso-sexual-y-hurto-a-una-mujer-en-medellin-fue-enviado-a-la-carcel\/\" \/>\n<meta property=\"og:site_name\" content=\"Fiscal\u00eda General de la Naci\u00f3n\" \/>\n<meta property=\"article:publisher\" content=\"https:\/\/www.facebook.com\/FiscaliaCol\" \/>\n<meta property=\"article:published_time\" content=\"2025-08-06T19:31:58+00:00\" \/>\n<meta property=\"article:modified_time\" content=\"2025-08-06T19:41:28+00:00\" \/>\n<meta name=\"author\" content=\"Jordan Leandro Oviedo Anzola\" \/>\n<meta name=\"twitter:card\" content=\"summary_large_image\" \/>\n<meta name=\"twitter:creator\" content=\"@FiscaliaCol\" \/>\n<meta name=\"twitter:site\" content=\"@FiscaliaCol\" \/>\n<meta name=\"twitter:label1\" content=\"Escrito por\" \/>\n\t<meta name=\"twitter:data1\" content=\"Jordan Leandro Oviedo Anzola\" \/>\n\t<meta name=\"twitter:label2\" content=\"Tiempo de lectura\" \/>\n\t<meta name=\"twitter:data2\" content=\"2 minutos\" \/>\n<script type=\"application\/ld+json\" class=\"yoast-schema-graph\">{\"@context\":\"https:\/\/schema.org\",\"@graph\":[{\"@type\":\"Article\",\"@id\":\"https:\/\/www.fiscalia.gov.co\/colombia\/noticias\/hombre-senalado-de-abuso-sexual-y-hurto-a-una-mujer-en-medellin-fue-enviado-a-la-carcel\/#article\",\"isPartOf\":{\"@id\":\"https:\/\/www.fiscalia.gov.co\/colombia\/noticias\/hombre-senalado-de-abuso-sexual-y-hurto-a-una-mujer-en-medellin-fue-enviado-a-la-carcel\/\"},\"author\":{\"name\":\"Jordan Leandro Oviedo Anzola\",\"@id\":\"https:\/\/www.fiscalia.gov.co\/colombia\/#\/schema\/person\/bf84402cf293a5393e9c70b111020b24\"},\"headline\":\"Hombre se\u00f1alado de abuso sexual y hurto a una mujer en Medell\u00edn fue enviado a la c\u00e1rcel\",\"datePublished\":\"2025-08-06T19:31:58+00:00\",\"dateModified\":\"2025-08-06T19:41:28+00:00\",\"mainEntityOfPage\":{\"@id\":\"https:\/\/www.fiscalia.gov.co\/colombia\/noticias\/hombre-senalado-de-abuso-sexual-y-hurto-a-una-mujer-en-medellin-fue-enviado-a-la-carcel\/\"},\"wordCount\":373,\"publisher\":{\"@id\":\"https:\/\/www.fiscalia.gov.co\/colombia\/#organization\"},\"keywords\":[\"Abuso sexual\",\"Fiscal Luz Adriana Camargo\",\"Fiscal\u00eda General de la Naci\u00f3n\",\"Hurto\",\"Medell\u00edn (Antioquia)\"],\"articleSection\":[\"Noticias\",\"Seccional Medell\u00edn\",\"Seccionales\"],\"inLanguage\":\"es-CO\"},{\"@type\":\"WebPage\",\"@id\":\"https:\/\/www.fiscalia.gov.co\/colombia\/noticias\/hombre-senalado-de-abuso-sexual-y-hurto-a-una-mujer-en-medellin-fue-enviado-a-la-carcel\/\",\"url\":\"https:\/\/www.fiscalia.gov.co\/colombia\/noticias\/hombre-senalado-de-abuso-sexual-y-hurto-a-una-mujer-en-medellin-fue-enviado-a-la-carcel\/\",\"name\":\"Fiscal\u00eda General de la Naci\u00f3n\",\"isPartOf\":{\"@id\":\"https:\/\/www.fiscalia.gov.co\/colombia\/#website\"},\"datePublished\":\"2025-08-06T19:31:58+00:00\",\"dateModified\":\"2025-08-06T19:41:28+00:00\",\"description\":\"P\u00e1gina oficial de la Fiscal\u00eda General de la Naci\u00f3n \u2013 Colombia. Garantizamos el acceso efectivo a la justicia, la verdad y la reparaci\u00f3n de las v\u00edctimas de los delitos.\",\"breadcrumb\":{\"@id\":\"https:\/\/www.fiscalia.gov.co\/colombia\/noticias\/hombre-senalado-de-abuso-sexual-y-hurto-a-una-mujer-en-medellin-fue-enviado-a-la-carcel\/#breadcrumb\"},\"inLanguage\":\"es-CO\",\"potentialAction\":[{\"@type\":\"ReadAction\",\"target\":[\"https:\/\/www.fiscalia.gov.co\/colombia\/noticias\/hombre-senalado-de-abuso-sexual-y-hurto-a-una-mujer-en-medellin-fue-enviado-a-la-carcel\/\"]}]},{\"@type\":\"BreadcrumbList\",\"@id\":\"https:\/\/www.fiscalia.gov.co\/colombia\/noticias\/hombre-senalado-de-abuso-sexual-y-hurto-a-una-mujer-en-medellin-fue-enviado-a-la-carcel\/#breadcrumb\",\"itemListElement\":[{\"@type\":\"ListItem\",\"position\":1,\"name\":\"Home\",\"item\":\"https:\/\/www.fiscalia.gov.co\/colombia\/\"},{\"@type\":\"ListItem\",\"position\":2,\"name\":\"Hombre se\u00f1alado de abuso sexual y hurto a una mujer en Medell\u00edn fue enviado a la c\u00e1rcel\"}]},{\"@type\":\"WebSite\",\"@id\":\"https:\/\/www.fiscalia.gov.co\/colombia\/#website\",\"url\":\"https:\/\/www.fiscalia.gov.co\/colombia\/\",\"name\":\"Fiscal\u00eda General de la Naci\u00f3n\",\"description\":\"P\u00e1gina oficial de la Fiscal\u00eda General de la Naci\u00f3n \u2013 Colombia. Garantizamos el acceso efectivo a la justicia, la verdad y la reparaci\u00f3n de las v\u00edctimas de los delitos.\",\"publisher\":{\"@id\":\"https:\/\/www.fiscalia.gov.co\/colombia\/#organization\"},\"potentialAction\":[{\"@type\":\"SearchAction\",\"target\":{\"@type\":\"EntryPoint\",\"urlTemplate\":\"https:\/\/www.fiscalia.gov.co\/colombia\/?s={search_term_string}\"},\"query-input\":{\"@type\":\"PropertyValueSpecification\",\"valueRequired\":true,\"valueName\":\"search_term_string\"}}],\"inLanguage\":\"es-CO\"},{\"@type\":\"Organization\",\"@id\":\"https:\/\/www.fiscalia.gov.co\/colombia\/#organization\",\"name\":\"Fiscal\u00eda General de la Naci\u00f3n\",\"url\":\"https:\/\/www.fiscalia.gov.co\/colombia\/\",\"logo\":{\"@type\":\"ImageObject\",\"inLanguage\":\"es-CO\",\"@id\":\"https:\/\/www.fiscalia.gov.co\/colombia\/#\/schema\/logo\/image\/\",\"url\":\"https:\/\/www.fiscalia.gov.co\/colombia\/wp-content\/uploads\/LogoHorizontal_1.jpg\",\"contentUrl\":\"https:\/\/www.fiscalia.gov.co\/colombia\/wp-content\/uploads\/LogoHorizontal_1.jpg\",\"width\":300,\"height\":90,\"caption\":\"Fiscal\u00eda General de la Naci\u00f3n\"},\"image\":{\"@id\":\"https:\/\/www.fiscalia.gov.co\/colombia\/#\/schema\/logo\/image\/\"},\"sameAs\":[\"https:\/\/www.facebook.com\/FiscaliaCol\",\"https:\/\/x.com\/FiscaliaCol\",\"https:\/\/www.instagram.com\/fiscaliacol\",\"https:\/\/www.linkedin.com\/company\/fiscalia-general-de-la-naci-n\/\",\"https:\/\/youtube.com\/@fiscaliageneraldelanacion-4668?si=6nN79nyQICPU5iTh\"]},{\"@type\":\"Person\",\"@id\":\"https:\/\/www.fiscalia.gov.co\/colombia\/#\/schema\/person\/bf84402cf293a5393e9c70b111020b24\",\"name\":\"Jordan Leandro Oviedo Anzola\",\"image\":{\"@type\":\"ImageObject\",\"inLanguage\":\"es-CO\",\"@id\":\"https:\/\/www.fiscalia.gov.co\/colombia\/#\/schema\/person\/image\/\",\"url\":\"https:\/\/secure.gravatar.com\/avatar\/dabba4346fa9b9207d96adafa8f92721?s=96&d=mm&r=g\",\"contentUrl\":\"https:\/\/secure.gravatar.com\/avatar\/dabba4346fa9b9207d96adafa8f92721?s=96&d=mm&r=g\",\"caption\":\"Jordan Leandro Oviedo Anzola\"},\"url\":\"https:\/\/www.fiscalia.gov.co\/colombia\/author\/joviedo\/\"}]}<\/script>\n<!-- \/ Yoast SEO plugin. -->","yoast_head_json":{"title":"Fiscal\u00eda General de la Naci\u00f3n","description":"P\u00e1gina oficial de la Fiscal\u00eda General de la Naci\u00f3n \u2013 Colombia. Garantizamos el acceso efectivo a la justicia, la verdad y la reparaci\u00f3n de las v\u00edctimas de los delitos.","robots":{"index":"noindex","follow":"follow"},"og_locale":"es_ES","og_type":"article","og_title":"Fiscal\u00eda General de la Naci\u00f3n","og_description":"P\u00e1gina oficial de la Fiscal\u00eda General de la Naci\u00f3n \u2013 Colombia. Garantizamos el acceso efectivo a la justicia, la verdad y la reparaci\u00f3n de las v\u00edctimas de los delitos.","og_url":"https:\/\/www.fiscalia.gov.co\/colombia\/noticias\/hombre-senalado-de-abuso-sexual-y-hurto-a-una-mujer-en-medellin-fue-enviado-a-la-carcel\/","og_site_name":"Fiscal\u00eda General de la Naci\u00f3n","article_publisher":"https:\/\/www.facebook.com\/FiscaliaCol","article_published_time":"2025-08-06T19:31:58+00:00","article_modified_time":"2025-08-06T19:41:28+00:00","author":"Jordan Leandro Oviedo Anzola","twitter_card":"summary_large_image","twitter_creator":"@FiscaliaCol","twitter_site":"@FiscaliaCol","twitter_misc":{"Escrito por":"Jordan Leandro Oviedo Anzola","Tiempo de lectura":"2 minutos"},"schema":{"@context":"https:\/\/schema.org","@graph":[{"@type":"Article","@id":"https:\/\/www.fiscalia.gov.co\/colombia\/noticias\/hombre-senalado-de-abuso-sexual-y-hurto-a-una-mujer-en-medellin-fue-enviado-a-la-carcel\/#article","isPartOf":{"@id":"https:\/\/www.fiscalia.gov.co\/colombia\/noticias\/hombre-senalado-de-abuso-sexual-y-hurto-a-una-mujer-en-medellin-fue-enviado-a-la-carcel\/"},"author":{"name":"Jordan Leandro Oviedo Anzola","@id":"https:\/\/www.fiscalia.gov.co\/colombia\/#\/schema\/person\/bf84402cf293a5393e9c70b111020b24"},"headline":"Hombre se\u00f1alado de abuso sexual y hurto a una mujer en Medell\u00edn fue enviado a la c\u00e1rcel","datePublished":"2025-08-06T19:31:58+00:00","dateModified":"2025-08-06T19:41:28+00:00","mainEntityOfPage":{"@id":"https:\/\/www.fiscalia.gov.co\/colombia\/noticias\/hombre-senalado-de-abuso-sexual-y-hurto-a-una-mujer-en-medellin-fue-enviado-a-la-carcel\/"},"wordCount":373,"publisher":{"@id":"https:\/\/www.fiscalia.gov.co\/colombia\/#organization"},"keywords":["Abuso sexual","Fiscal Luz Adriana Camargo","Fiscal\u00eda General de la Naci\u00f3n","Hurto","Medell\u00edn (Antioquia)"],"articleSection":["Noticias","Seccional Medell\u00edn","Seccionales"],"inLanguage":"es-CO"},{"@type":"WebPage","@id":"https:\/\/www.fiscalia.gov.co\/colombia\/noticias\/hombre-senalado-de-abuso-sexual-y-hurto-a-una-mujer-en-medellin-fue-enviado-a-la-carcel\/","url":"https:\/\/www.fiscalia.gov.co\/colombia\/noticias\/hombre-senalado-de-abuso-sexual-y-hurto-a-una-mujer-en-medellin-fue-enviado-a-la-carcel\/","name":"Fiscal\u00eda General de la Naci\u00f3n","isPartOf":{"@id":"https:\/\/www.fiscalia.gov.co\/colombia\/#website"},"datePublished":"2025-08-06T19:31:58+00:00","dateModified":"2025-08-06T19:41:28+00:00","description":"P\u00e1gina oficial de la Fiscal\u00eda General de la Naci\u00f3n \u2013 Colombia. Garantizamos el acceso efectivo a la justicia, la verdad y la reparaci\u00f3n de las v\u00edctimas de los delitos.","breadcrumb":{"@id":"https:\/\/www.fiscalia.gov.co\/colombia\/noticias\/hombre-senalado-de-abuso-sexual-y-hurto-a-una-mujer-en-medellin-fue-enviado-a-la-carcel\/#breadcrumb"},"inLanguage":"es-CO","potentialAction":[{"@type":"ReadAction","target":["https:\/\/www.fiscalia.gov.co\/colombia\/noticias\/hombre-senalado-de-abuso-sexual-y-hurto-a-una-mujer-en-medellin-fue-enviado-a-la-carcel\/"]}]},{"@type":"BreadcrumbList","@id":"https:\/\/www.fiscalia.gov.co\/colombia\/noticias\/hombre-senalado-de-abuso-sexual-y-hurto-a-una-mujer-en-medellin-fue-enviado-a-la-carcel\/#breadcrumb","itemListElement":[{"@type":"ListItem","position":1,"name":"Home","item":"https:\/\/www.fiscalia.gov.co\/colombia\/"},{"@type":"ListItem","position":2,"name":"Hombre se\u00f1alado de abuso sexual y hurto a una mujer en Medell\u00edn fue enviado a la c\u00e1rcel"}]},{"@type":"WebSite","@id":"https:\/\/www.fiscalia.gov.co\/colombia\/#website","url":"https:\/\/www.fiscalia.gov.co\/colombia\/","name":"Fiscal\u00eda General de la Naci\u00f3n","description":"P\u00e1gina oficial de la Fiscal\u00eda General de la Naci\u00f3n \u2013 Colombia. Garantizamos el acceso efectivo a la justicia, la verdad y la reparaci\u00f3n de las v\u00edctimas de los delitos.","publisher":{"@id":"https:\/\/www.fiscalia.gov.co\/colombia\/#organization"},"potentialAction":[{"@type":"SearchAction","target":{"@type":"EntryPoint","urlTemplate":"https:\/\/www.fiscalia.gov.co\/colombia\/?s={search_term_string}"},"query-input":{"@type":"PropertyValueSpecification","valueRequired":true,"valueName":"search_term_string"}}],"inLanguage":"es-CO"},{"@type":"Organization","@id":"https:\/\/www.fiscalia.gov.co\/colombia\/#organization","name":"Fiscal\u00eda General de la Naci\u00f3n","url":"https:\/\/www.fiscalia.gov.co\/colombia\/","logo":{"@type":"ImageObject","inLanguage":"es-CO","@id":"https:\/\/www.fiscalia.gov.co\/colombia\/#\/schema\/logo\/image\/","url":"https:\/\/www.fiscalia.gov.co\/colombia\/wp-content\/uploads\/LogoHorizontal_1.jpg","contentUrl":"https:\/\/www.fiscalia.gov.co\/colombia\/wp-content\/uploads\/LogoHorizontal_1.jpg","width":300,"height":90,"caption":"Fiscal\u00eda General de la Naci\u00f3n"},"image":{"@id":"https:\/\/www.fiscalia.gov.co\/colombia\/#\/schema\/logo\/image\/"},"sameAs":["https:\/\/www.facebook.com\/FiscaliaCol","https:\/\/x.com\/FiscaliaCol","https:\/\/www.instagram.com\/fiscaliacol","https:\/\/www.linkedin.com\/company\/fiscalia-general-de-la-naci-n\/","https:\/\/youtube.com\/@fiscaliageneraldelanacion-4668?si=6nN79nyQICPU5iTh"]},{"@type":"Person","@id":"https:\/\/www.fiscalia.gov.co\/colombia\/#\/schema\/person\/bf84402cf293a5393e9c70b111020b24","name":"Jordan Leandro Oviedo Anzola","image":{"@type":"ImageObject","inLanguage":"es-CO","@id":"https:\/\/www.fiscalia.gov.co\/colombia\/#\/schema\/person\/image\/","url":"https:\/\/secure.gravatar.com\/avatar\/dabba4346fa9b9207d96adafa8f92721?s=96&d=mm&r=g","contentUrl":"https:\/\/secure.gravatar.com\/avatar\/dabba4346fa9b9207d96adafa8f92721?s=96&d=mm&r=g","caption":"Jordan Leandro Oviedo Anzola"},"url":"https:\/\/www.fiscalia.gov.co\/colombia\/author\/joviedo\/"}]}},"_links":{"self":[{"href":"https:\/\/www.fiscalia.gov.co\/colombia\/wp-json\/wp\/v2\/posts\/320891","targetHints":{"allow":["GET"]}}],"collection":[{"href":"https:\/\/www.fiscalia.gov.co\/colombia\/wp-json\/wp\/v2\/posts"}],"about":[{"href":"https:\/\/www.fiscalia.gov.co\/colombia\/wp-json\/wp\/v2\/types\/post"}],"author":[{"embeddable":true,"href":"https:\/\/www.fiscalia.gov.co\/colombia\/wp-json\/wp\/v2\/users\/177"}],"replies":[{"embeddable":true,"href":"https:\/\/www.fiscalia.gov.co\/colombia\/wp-json\/wp\/v2\/comments?post=320891"}],"version-history":[{"count":3,"href":"https:\/\/www.fiscalia.gov.co\/colombia\/wp-json\/wp\/v2\/posts\/320891\/revisions"}],"predecessor-version":[{"id":320905,"href":"https:\/\/www.fiscalia.gov.co\/colombia\/wp-json\/wp\/v2\/posts\/320891\/revisions\/320905"}],"wp:attachment":[{"href":"https:\/\/www.fiscalia.gov.co\/colombia\/wp-json\/wp\/v2\/media?parent=320891"}],"wp:term":[{"taxonomy":"category","embeddable":true,"href":"https:\/\/www.fiscalia.gov.co\/colombia\/wp-json\/wp\/v2\/categories?post=320891"},{"taxonomy":"post_tag","embeddable":true,"href":"https:\/\/www.fiscalia.gov.co\/colombia\/wp-json\/wp\/v2\/tags?post=320891"}],"curies":[{"name":"wp","href":"https:\/\/api.w.org\/{rel}","templated":true}]}}