{"id":320495,"date":"2025-08-05T16:01:27","date_gmt":"2025-08-05T21:01:27","guid":{"rendered":"https:\/\/www.fiscalia.gov.co\/colombia\/?p=320495"},"modified":"2025-08-05T16:01:27","modified_gmt":"2025-08-05T21:01:27","slug":"afectado-grupo-delincuencial-que-estaria-dedicado-a-la-comercializacion-de-autopartes-robadas-en-cucuta","status":"publish","type":"post","link":"https:\/\/www.fiscalia.gov.co\/colombia\/noticias\/afectado-grupo-delincuencial-que-estaria-dedicado-a-la-comercializacion-de-autopartes-robadas-en-cucuta\/","title":{"rendered":"Afectado grupo delincuencial que estar\u00eda dedicado a la comercializaci\u00f3n de autopartes robadas en C\u00facuta"},"content":{"rendered":"<p data-ogsc=\"rgb(0, 0, 0)\">La Fiscal\u00eda General de la Naci\u00f3n judicializ\u00f3 a\u00a0diez presuntos integrantes de un grupo delincuencial conocido como Los Repetidos, <strong>que estar\u00edan dedicados a la comercializaci\u00f3n de autopartes robadas de veh\u00edculos de alta gama<\/strong>, en C\u00facuta\u00a0(Norte de Santander).<\/p>\n<figure id=\"attachment_320496\" aria-describedby=\"caption-attachment-320496\" style=\"width: 696px\" class=\"wp-caption aligncenter\"><img loading=\"lazy\" decoding=\"async\" class=\"size-large wp-image-320496\" src=\"https:\/\/www.fiscalia.gov.co\/colombia\/wp-content\/uploads\/Grupo-delincuencial-Los-Repetidos-judicializados-por-concierto-para-delinquir-y-receptacion-1024x787.jpeg\" alt=\"Se visualiza a los capturados junto a uniformados de la Polic\u00eda Nacional. Frente a ellos las 1000 autopartes incautadas. Detr\u00e1s de ellos el banner que identifica a la Polic\u00eda Nacional. \" width=\"696\" height=\"535\" srcset=\"https:\/\/www.fiscalia.gov.co\/colombia\/wp-content\/uploads\/Grupo-delincuencial-Los-Repetidos-judicializados-por-concierto-para-delinquir-y-receptacion-1024x787.jpeg 1024w, https:\/\/www.fiscalia.gov.co\/colombia\/wp-content\/uploads\/Grupo-delincuencial-Los-Repetidos-judicializados-por-concierto-para-delinquir-y-receptacion-300x231.jpeg 300w, https:\/\/www.fiscalia.gov.co\/colombia\/wp-content\/uploads\/Grupo-delincuencial-Los-Repetidos-judicializados-por-concierto-para-delinquir-y-receptacion-768x590.jpeg 768w, https:\/\/www.fiscalia.gov.co\/colombia\/wp-content\/uploads\/Grupo-delincuencial-Los-Repetidos-judicializados-por-concierto-para-delinquir-y-receptacion-1536x1181.jpeg 1536w, https:\/\/www.fiscalia.gov.co\/colombia\/wp-content\/uploads\/Grupo-delincuencial-Los-Repetidos-judicializados-por-concierto-para-delinquir-y-receptacion-546x420.jpeg 546w, https:\/\/www.fiscalia.gov.co\/colombia\/wp-content\/uploads\/Grupo-delincuencial-Los-Repetidos-judicializados-por-concierto-para-delinquir-y-receptacion-80x60.jpeg 80w, https:\/\/www.fiscalia.gov.co\/colombia\/wp-content\/uploads\/Grupo-delincuencial-Los-Repetidos-judicializados-por-concierto-para-delinquir-y-receptacion-696x535.jpeg 696w, https:\/\/www.fiscalia.gov.co\/colombia\/wp-content\/uploads\/Grupo-delincuencial-Los-Repetidos-judicializados-por-concierto-para-delinquir-y-receptacion-1068x821.jpeg 1068w, https:\/\/www.fiscalia.gov.co\/colombia\/wp-content\/uploads\/Grupo-delincuencial-Los-Repetidos-judicializados-por-concierto-para-delinquir-y-receptacion.jpeg 1600w\" sizes=\"auto, (max-width: 696px) 100vw, 696px\" \/><figcaption id=\"caption-attachment-320496\" class=\"wp-caption-text\">Los procesados presuntos integrantes de un grupo delincuencial dedicado a comercializaci\u00f3n de autopartes,\u00a0 fueron judicializados por concierto para delinquir y receptaci\u00f3n.<\/figcaption><\/figure>\n<p data-ogsc=\"rgb(0, 0, 0)\">Un fiscal de la Seccional Norte de Santander les imput\u00f3 los delitos de\u00a0<b data-ogsc=\"\">concierto para delinquir y receptaci\u00f3n.<\/b>\u00a0Los investigados fueron identificados como Rafael Ricardo Fuentes Suarez, Javier Navas Ure\u00f1a, John Jairo Calder\u00f3n Casas, Elci Yasmin Rodr\u00edguez Mora, Ricardo Galvis Monta\u00f1ez, Andersson Jes\u00fas Arciniegas Cuadros, Pedro Manuel Rodr\u00edguez Gonz\u00e1lez, John Jairo Delgado Urbina, Edgar Jes\u00fas Arciniegas Chinchilla y Efr\u00e9n Andeiro M\u00e1rquez P\u00e9rez.<\/p>\n<p data-ogsc=\"rgb(0, 0, 0)\">Tras ocho meses de\u00a0<a id=\"OWA0e98cbd6-82cc-89e9-95ed-072990f5e246\" class=\"x_x_OWAAutoLink\" title=\"https:\/\/www.fiscalia.gov.co\/colombia\/noticias\/a-la-carcel-presuntos-integrantes-de-un-grupo-delincuencial-dedicado-al-fleteo-en-cucuta-norte-de-santander\/\" href=\"https:\/\/www.fiscalia.gov.co\/colombia\/noticias\/a-la-carcel-presuntos-integrantes-de-un-grupo-delincuencial-dedicado-al-fleteo-en-cucuta-norte-de-santander\/\" target=\"_blank\" rel=\"noopener noreferrer\" data-auth=\"NotApplicable\" data-linkindex=\"0\" data-ogsc=\"\">investigaci\u00f3n<\/a>\u00a0adelantada en articulaci\u00f3n con la\u00a0Polic\u00eda Nacional se determin\u00f3 que este grupo delincuencial operaba principalmente en el sector El Tri\u00e1ngulo, ubicado en la zona del canal Bogot\u00e1, <strong>donde se comercializaban de forma ilegal autopartes<\/strong> como manijas de puertas, tapas de gasolina, de rines, espejos retrovisores, lunas y otros accesorios automotrices.<\/p>\n<p data-ogsc=\"rgb(0, 0, 0)\">Durante la investigaci\u00f3n, se evidenci\u00f3 que la actividad il\u00edcita del grupo\u00a0<b data-ogsc=\"\">gener\u00f3 ingresos estimados entre 150 y 200 millones de pesos.<\/b><\/p>\n<p data-ogsc=\"rgb(0, 0, 0)\">Los procesados fueron capturados en cinco diligencias de allanamiento y registro a casetas comerciales,\u00a0<b data-ogsc=\"\">ubicadas en El Tri\u00e1ngulo, donde se incautaron 10 tel\u00e9fonos celulares y m\u00e1s de mil autopartes de diferentes marcas de veh\u00edculos de alta gama.\u00a0<\/b><\/p>\n<p data-ogsc=\"rgb(0, 0, 0)\">En las\u00a0<a id=\"OWA8c4ca790-820a-610f-49ae-19c0dcca588d\" class=\"x_x_OWAAutoLink\" title=\"https:\/\/www.fiscalia.gov.co\/colombia\/noticias\/golpe-a-estructura-ilegal-dedicada-a-la-comercializacion-de-autopartes-robadas-en-cucuta\/\" href=\"https:\/\/www.fiscalia.gov.co\/colombia\/noticias\/golpe-a-estructura-ilegal-dedicada-a-la-comercializacion-de-autopartes-robadas-en-cucuta\/\" target=\"_blank\" rel=\"noopener noreferrer\" data-auth=\"NotApplicable\" data-linkindex=\"1\" data-ogsc=\"\">audiencias<\/a>\u00a0preliminares, ante un juez con funciones de control de garant\u00edas, los procesados\u00a0<b data-ogsc=\"\">aceptaron su responsabilidad, y el ente juzgador les impuso medida de aseguramiento privativa de la libertad.<\/b><\/p>\n<p data-ogsc=\"rgb(0, 0, 0)\">\n<p data-ogsc=\"rgb(0, 0, 0)\">\n<p data-ogsc=\"rgb(0, 0, 0)\">\n<p data-ogsc=\"rgb(0, 0, 0)\">\n<p data-ogsc=\"rgb(0, 0, 0)\">MPHA\/AMCJ\/SSQ\/JWCP\/DSNS<\/p>\n<p data-ogsc=\"rgb(0, 0, 0)\">\n<p data-ogsc=\"rgb(0, 0, 0)\">\n<p data-ogsc=\"rgb(0, 0, 0)\">\n<p data-ogsc=\"rgb(0, 0, 0)\">\n<p data-ogsc=\"rgb(0, 0, 0)\"><i data-ogsc=\"\">La informaci\u00f3n contenida en este bolet\u00edn de prensa corresponde a la narraci\u00f3n de los hechos noticiosos objetivos, suministrados por los funcionarios encargados de adelantar las investigaciones penales al interior de la Fiscal\u00eda General de la Naci\u00f3n. Para el momento de la divulgaci\u00f3n de este comunicado, la situaci\u00f3n jur\u00eddica de la(s) persona(s) relacionada(s) se encuentra pendiente de resolver por la autoridad judicial competente, siempre bajo los preceptos de la presunci\u00f3n de inocencia, consagrados en el art\u00edculo 29 de la Constituci\u00f3n Pol\u00edtica y el art\u00edculo 7\u00ba de la Ley 906 de 2004.<\/i><\/p>\n\n<div class=\"twitter-share\"><a href=\"https:\/\/twitter.com\/intent\/tweet?via=fiscaliacol\" class=\"twitter-share-button\">Tweet<\/a><\/div>\n","protected":false},"excerpt":{"rendered":"<p>La Fiscal\u00eda General de la Naci\u00f3n judicializ\u00f3 a\u00a0diez presuntos integrantes de un grupo delincuencial conocido como Los Repetidos, que estar\u00edan dedicados a la comercializaci\u00f3n de autopartes robadas de veh\u00edculos de [&hellip;]<\/p>\n","protected":false},"author":177,"featured_media":0,"comment_status":"closed","ping_status":"open","sticky":false,"template":"","format":"standard","meta":{"tdm_status":"","tdm_grid_status":"","footnotes":""},"categories":[1,326,303],"tags":[14550,9477,31730,1288,4614,17967,558,10084],"class_list":["post-320495","post","type-post","status-publish","format-standard","category-noticias","category-seccional-cucuta","category-seccionales","tag-carcel","tag-comunidad","tag-cucuta-norte-de-santander","tag-denuncia","tag-fiscalia-2","tag-investigacion","tag-policia-nacional","tag-seguridad"],"yoast_head":"<!-- This site is optimized with the Yoast SEO plugin v24.3 - https:\/\/yoast.com\/wordpress\/plugins\/seo\/ -->\n<title>Fiscal\u00eda General de la Naci\u00f3n<\/title>\n<meta name=\"description\" content=\"P\u00e1gina oficial de la Fiscal\u00eda General de la Naci\u00f3n \u2013 Colombia. Garantizamos el acceso efectivo a la justicia, la verdad y la reparaci\u00f3n de las v\u00edctimas de los delitos.\" \/>\n<meta name=\"robots\" content=\"noindex, follow\" \/>\n<meta property=\"og:locale\" content=\"es_ES\" \/>\n<meta property=\"og:type\" content=\"article\" \/>\n<meta property=\"og:title\" content=\"Fiscal\u00eda General de la Naci\u00f3n\" \/>\n<meta property=\"og:description\" content=\"P\u00e1gina oficial de la Fiscal\u00eda General de la Naci\u00f3n \u2013 Colombia. Garantizamos el acceso efectivo a la justicia, la verdad y la reparaci\u00f3n de las v\u00edctimas de los delitos.\" \/>\n<meta property=\"og:url\" content=\"https:\/\/www.fiscalia.gov.co\/colombia\/noticias\/afectado-grupo-delincuencial-que-estaria-dedicado-a-la-comercializacion-de-autopartes-robadas-en-cucuta\/\" \/>\n<meta property=\"og:site_name\" content=\"Fiscal\u00eda General de la Naci\u00f3n\" \/>\n<meta property=\"article:publisher\" content=\"https:\/\/www.facebook.com\/FiscaliaCol\" \/>\n<meta property=\"article:published_time\" content=\"2025-08-05T21:01:27+00:00\" \/>\n<meta property=\"og:image\" content=\"https:\/\/www.fiscalia.gov.co\/colombia\/wp-content\/uploads\/Grupo-delincuencial-Los-Repetidos-judicializados-por-concierto-para-delinquir-y-receptacion.jpeg\" \/>\n\t<meta property=\"og:image:width\" content=\"1600\" \/>\n\t<meta property=\"og:image:height\" content=\"1230\" \/>\n\t<meta property=\"og:image:type\" content=\"image\/jpeg\" \/>\n<meta name=\"author\" content=\"Jordan Leandro Oviedo Anzola\" \/>\n<meta name=\"twitter:card\" content=\"summary_large_image\" \/>\n<meta name=\"twitter:creator\" content=\"@FiscaliaCol\" \/>\n<meta name=\"twitter:site\" content=\"@FiscaliaCol\" \/>\n<meta name=\"twitter:label1\" content=\"Escrito por\" \/>\n\t<meta name=\"twitter:data1\" content=\"Jordan Leandro Oviedo Anzola\" \/>\n\t<meta name=\"twitter:label2\" content=\"Tiempo de lectura\" \/>\n\t<meta name=\"twitter:data2\" content=\"2 minutos\" \/>\n<script type=\"application\/ld+json\" class=\"yoast-schema-graph\">{\"@context\":\"https:\/\/schema.org\",\"@graph\":[{\"@type\":\"Article\",\"@id\":\"https:\/\/www.fiscalia.gov.co\/colombia\/noticias\/afectado-grupo-delincuencial-que-estaria-dedicado-a-la-comercializacion-de-autopartes-robadas-en-cucuta\/#article\",\"isPartOf\":{\"@id\":\"https:\/\/www.fiscalia.gov.co\/colombia\/noticias\/afectado-grupo-delincuencial-que-estaria-dedicado-a-la-comercializacion-de-autopartes-robadas-en-cucuta\/\"},\"author\":{\"name\":\"Jordan Leandro Oviedo Anzola\",\"@id\":\"https:\/\/www.fiscalia.gov.co\/colombia\/#\/schema\/person\/bf84402cf293a5393e9c70b111020b24\"},\"headline\":\"Afectado grupo delincuencial que estar\u00eda dedicado a la comercializaci\u00f3n de autopartes robadas en C\u00facuta\",\"datePublished\":\"2025-08-05T21:01:27+00:00\",\"dateModified\":\"2025-08-05T21:01:27+00:00\",\"mainEntityOfPage\":{\"@id\":\"https:\/\/www.fiscalia.gov.co\/colombia\/noticias\/afectado-grupo-delincuencial-que-estaria-dedicado-a-la-comercializacion-de-autopartes-robadas-en-cucuta\/\"},\"wordCount\":424,\"publisher\":{\"@id\":\"https:\/\/www.fiscalia.gov.co\/colombia\/#organization\"},\"image\":{\"@id\":\"https:\/\/www.fiscalia.gov.co\/colombia\/noticias\/afectado-grupo-delincuencial-que-estaria-dedicado-a-la-comercializacion-de-autopartes-robadas-en-cucuta\/#primaryimage\"},\"thumbnailUrl\":\"https:\/\/www.fiscalia.gov.co\/colombia\/wp-content\/uploads\/Grupo-delincuencial-Los-Repetidos-judicializados-por-concierto-para-delinquir-y-receptacion-1024x787.jpeg\",\"keywords\":[\"C\u00e1rcel\",\"Comunidad\",\"C\u00facuta (Norte de Santander)\",\"Denuncia\",\"Fiscal\u00eda\",\"Investigaci\u00f3n\",\"Polic\u00eda Nacional\",\"Seguridad\"],\"articleSection\":[\"Noticias\",\"Seccional C\u00facuta\",\"Seccionales\"],\"inLanguage\":\"es-CO\"},{\"@type\":\"WebPage\",\"@id\":\"https:\/\/www.fiscalia.gov.co\/colombia\/noticias\/afectado-grupo-delincuencial-que-estaria-dedicado-a-la-comercializacion-de-autopartes-robadas-en-cucuta\/\",\"url\":\"https:\/\/www.fiscalia.gov.co\/colombia\/noticias\/afectado-grupo-delincuencial-que-estaria-dedicado-a-la-comercializacion-de-autopartes-robadas-en-cucuta\/\",\"name\":\"Fiscal\u00eda General de la Naci\u00f3n\",\"isPartOf\":{\"@id\":\"https:\/\/www.fiscalia.gov.co\/colombia\/#website\"},\"primaryImageOfPage\":{\"@id\":\"https:\/\/www.fiscalia.gov.co\/colombia\/noticias\/afectado-grupo-delincuencial-que-estaria-dedicado-a-la-comercializacion-de-autopartes-robadas-en-cucuta\/#primaryimage\"},\"image\":{\"@id\":\"https:\/\/www.fiscalia.gov.co\/colombia\/noticias\/afectado-grupo-delincuencial-que-estaria-dedicado-a-la-comercializacion-de-autopartes-robadas-en-cucuta\/#primaryimage\"},\"thumbnailUrl\":\"https:\/\/www.fiscalia.gov.co\/colombia\/wp-content\/uploads\/Grupo-delincuencial-Los-Repetidos-judicializados-por-concierto-para-delinquir-y-receptacion-1024x787.jpeg\",\"datePublished\":\"2025-08-05T21:01:27+00:00\",\"dateModified\":\"2025-08-05T21:01:27+00:00\",\"description\":\"P\u00e1gina oficial de la Fiscal\u00eda General de la Naci\u00f3n \u2013 Colombia. Garantizamos el acceso efectivo a la justicia, la verdad y la reparaci\u00f3n de las v\u00edctimas de los delitos.\",\"breadcrumb\":{\"@id\":\"https:\/\/www.fiscalia.gov.co\/colombia\/noticias\/afectado-grupo-delincuencial-que-estaria-dedicado-a-la-comercializacion-de-autopartes-robadas-en-cucuta\/#breadcrumb\"},\"inLanguage\":\"es-CO\",\"potentialAction\":[{\"@type\":\"ReadAction\",\"target\":[\"https:\/\/www.fiscalia.gov.co\/colombia\/noticias\/afectado-grupo-delincuencial-que-estaria-dedicado-a-la-comercializacion-de-autopartes-robadas-en-cucuta\/\"]}]},{\"@type\":\"ImageObject\",\"inLanguage\":\"es-CO\",\"@id\":\"https:\/\/www.fiscalia.gov.co\/colombia\/noticias\/afectado-grupo-delincuencial-que-estaria-dedicado-a-la-comercializacion-de-autopartes-robadas-en-cucuta\/#primaryimage\",\"url\":\"https:\/\/www.fiscalia.gov.co\/colombia\/wp-content\/uploads\/Grupo-delincuencial-Los-Repetidos-judicializados-por-concierto-para-delinquir-y-receptacion.jpeg\",\"contentUrl\":\"https:\/\/www.fiscalia.gov.co\/colombia\/wp-content\/uploads\/Grupo-delincuencial-Los-Repetidos-judicializados-por-concierto-para-delinquir-y-receptacion.jpeg\",\"width\":1600,\"height\":1230,\"caption\":\"Los procesados presuntos integrantes de un grupo delincuencial dedicado a comercializaci\u00f3n de autopartes,\u00a0 fueron judicializados por concierto para delinquir y receptaci\u00f3n.\"},{\"@type\":\"BreadcrumbList\",\"@id\":\"https:\/\/www.fiscalia.gov.co\/colombia\/noticias\/afectado-grupo-delincuencial-que-estaria-dedicado-a-la-comercializacion-de-autopartes-robadas-en-cucuta\/#breadcrumb\",\"itemListElement\":[{\"@type\":\"ListItem\",\"position\":1,\"name\":\"Home\",\"item\":\"https:\/\/www.fiscalia.gov.co\/colombia\/\"},{\"@type\":\"ListItem\",\"position\":2,\"name\":\"Afectado grupo delincuencial que estar\u00eda dedicado a la comercializaci\u00f3n de autopartes robadas en C\u00facuta\"}]},{\"@type\":\"WebSite\",\"@id\":\"https:\/\/www.fiscalia.gov.co\/colombia\/#website\",\"url\":\"https:\/\/www.fiscalia.gov.co\/colombia\/\",\"name\":\"Fiscal\u00eda General de la Naci\u00f3n\",\"description\":\"P\u00e1gina oficial de la Fiscal\u00eda General de la Naci\u00f3n \u2013 Colombia. Garantizamos el acceso efectivo a la justicia, la verdad y la reparaci\u00f3n de las v\u00edctimas de los delitos.\",\"publisher\":{\"@id\":\"https:\/\/www.fiscalia.gov.co\/colombia\/#organization\"},\"potentialAction\":[{\"@type\":\"SearchAction\",\"target\":{\"@type\":\"EntryPoint\",\"urlTemplate\":\"https:\/\/www.fiscalia.gov.co\/colombia\/?s={search_term_string}\"},\"query-input\":{\"@type\":\"PropertyValueSpecification\",\"valueRequired\":true,\"valueName\":\"search_term_string\"}}],\"inLanguage\":\"es-CO\"},{\"@type\":\"Organization\",\"@id\":\"https:\/\/www.fiscalia.gov.co\/colombia\/#organization\",\"name\":\"Fiscal\u00eda General de la Naci\u00f3n\",\"url\":\"https:\/\/www.fiscalia.gov.co\/colombia\/\",\"logo\":{\"@type\":\"ImageObject\",\"inLanguage\":\"es-CO\",\"@id\":\"https:\/\/www.fiscalia.gov.co\/colombia\/#\/schema\/logo\/image\/\",\"url\":\"https:\/\/www.fiscalia.gov.co\/colombia\/wp-content\/uploads\/LogoHorizontal_1.jpg\",\"contentUrl\":\"https:\/\/www.fiscalia.gov.co\/colombia\/wp-content\/uploads\/LogoHorizontal_1.jpg\",\"width\":300,\"height\":90,\"caption\":\"Fiscal\u00eda General de la Naci\u00f3n\"},\"image\":{\"@id\":\"https:\/\/www.fiscalia.gov.co\/colombia\/#\/schema\/logo\/image\/\"},\"sameAs\":[\"https:\/\/www.facebook.com\/FiscaliaCol\",\"https:\/\/x.com\/FiscaliaCol\",\"https:\/\/www.instagram.com\/fiscaliacol\",\"https:\/\/www.linkedin.com\/company\/fiscalia-general-de-la-naci-n\/\",\"https:\/\/youtube.com\/@fiscaliageneraldelanacion-4668?si=6nN79nyQICPU5iTh\"]},{\"@type\":\"Person\",\"@id\":\"https:\/\/www.fiscalia.gov.co\/colombia\/#\/schema\/person\/bf84402cf293a5393e9c70b111020b24\",\"name\":\"Jordan Leandro Oviedo Anzola\",\"image\":{\"@type\":\"ImageObject\",\"inLanguage\":\"es-CO\",\"@id\":\"https:\/\/www.fiscalia.gov.co\/colombia\/#\/schema\/person\/image\/\",\"url\":\"https:\/\/secure.gravatar.com\/avatar\/dabba4346fa9b9207d96adafa8f92721?s=96&d=mm&r=g\",\"contentUrl\":\"https:\/\/secure.gravatar.com\/avatar\/dabba4346fa9b9207d96adafa8f92721?s=96&d=mm&r=g\",\"caption\":\"Jordan Leandro Oviedo Anzola\"},\"url\":\"https:\/\/www.fiscalia.gov.co\/colombia\/author\/joviedo\/\"}]}<\/script>\n<!-- \/ Yoast SEO plugin. -->","yoast_head_json":{"title":"Fiscal\u00eda General de la Naci\u00f3n","description":"P\u00e1gina oficial de la Fiscal\u00eda General de la Naci\u00f3n \u2013 Colombia. Garantizamos el acceso efectivo a la justicia, la verdad y la reparaci\u00f3n de las v\u00edctimas de los delitos.","robots":{"index":"noindex","follow":"follow"},"og_locale":"es_ES","og_type":"article","og_title":"Fiscal\u00eda General de la Naci\u00f3n","og_description":"P\u00e1gina oficial de la Fiscal\u00eda General de la Naci\u00f3n \u2013 Colombia. Garantizamos el acceso efectivo a la justicia, la verdad y la reparaci\u00f3n de las v\u00edctimas de los delitos.","og_url":"https:\/\/www.fiscalia.gov.co\/colombia\/noticias\/afectado-grupo-delincuencial-que-estaria-dedicado-a-la-comercializacion-de-autopartes-robadas-en-cucuta\/","og_site_name":"Fiscal\u00eda General de la Naci\u00f3n","article_publisher":"https:\/\/www.facebook.com\/FiscaliaCol","article_published_time":"2025-08-05T21:01:27+00:00","og_image":[{"width":1600,"height":1230,"url":"https:\/\/www.fiscalia.gov.co\/colombia\/wp-content\/uploads\/Grupo-delincuencial-Los-Repetidos-judicializados-por-concierto-para-delinquir-y-receptacion.jpeg","type":"image\/jpeg"}],"author":"Jordan Leandro Oviedo Anzola","twitter_card":"summary_large_image","twitter_creator":"@FiscaliaCol","twitter_site":"@FiscaliaCol","twitter_misc":{"Escrito por":"Jordan Leandro Oviedo Anzola","Tiempo de lectura":"2 minutos"},"schema":{"@context":"https:\/\/schema.org","@graph":[{"@type":"Article","@id":"https:\/\/www.fiscalia.gov.co\/colombia\/noticias\/afectado-grupo-delincuencial-que-estaria-dedicado-a-la-comercializacion-de-autopartes-robadas-en-cucuta\/#article","isPartOf":{"@id":"https:\/\/www.fiscalia.gov.co\/colombia\/noticias\/afectado-grupo-delincuencial-que-estaria-dedicado-a-la-comercializacion-de-autopartes-robadas-en-cucuta\/"},"author":{"name":"Jordan Leandro Oviedo Anzola","@id":"https:\/\/www.fiscalia.gov.co\/colombia\/#\/schema\/person\/bf84402cf293a5393e9c70b111020b24"},"headline":"Afectado grupo delincuencial que estar\u00eda dedicado a la comercializaci\u00f3n de autopartes robadas en C\u00facuta","datePublished":"2025-08-05T21:01:27+00:00","dateModified":"2025-08-05T21:01:27+00:00","mainEntityOfPage":{"@id":"https:\/\/www.fiscalia.gov.co\/colombia\/noticias\/afectado-grupo-delincuencial-que-estaria-dedicado-a-la-comercializacion-de-autopartes-robadas-en-cucuta\/"},"wordCount":424,"publisher":{"@id":"https:\/\/www.fiscalia.gov.co\/colombia\/#organization"},"image":{"@id":"https:\/\/www.fiscalia.gov.co\/colombia\/noticias\/afectado-grupo-delincuencial-que-estaria-dedicado-a-la-comercializacion-de-autopartes-robadas-en-cucuta\/#primaryimage"},"thumbnailUrl":"https:\/\/www.fiscalia.gov.co\/colombia\/wp-content\/uploads\/Grupo-delincuencial-Los-Repetidos-judicializados-por-concierto-para-delinquir-y-receptacion-1024x787.jpeg","keywords":["C\u00e1rcel","Comunidad","C\u00facuta (Norte de Santander)","Denuncia","Fiscal\u00eda","Investigaci\u00f3n","Polic\u00eda Nacional","Seguridad"],"articleSection":["Noticias","Seccional C\u00facuta","Seccionales"],"inLanguage":"es-CO"},{"@type":"WebPage","@id":"https:\/\/www.fiscalia.gov.co\/colombia\/noticias\/afectado-grupo-delincuencial-que-estaria-dedicado-a-la-comercializacion-de-autopartes-robadas-en-cucuta\/","url":"https:\/\/www.fiscalia.gov.co\/colombia\/noticias\/afectado-grupo-delincuencial-que-estaria-dedicado-a-la-comercializacion-de-autopartes-robadas-en-cucuta\/","name":"Fiscal\u00eda General de la Naci\u00f3n","isPartOf":{"@id":"https:\/\/www.fiscalia.gov.co\/colombia\/#website"},"primaryImageOfPage":{"@id":"https:\/\/www.fiscalia.gov.co\/colombia\/noticias\/afectado-grupo-delincuencial-que-estaria-dedicado-a-la-comercializacion-de-autopartes-robadas-en-cucuta\/#primaryimage"},"image":{"@id":"https:\/\/www.fiscalia.gov.co\/colombia\/noticias\/afectado-grupo-delincuencial-que-estaria-dedicado-a-la-comercializacion-de-autopartes-robadas-en-cucuta\/#primaryimage"},"thumbnailUrl":"https:\/\/www.fiscalia.gov.co\/colombia\/wp-content\/uploads\/Grupo-delincuencial-Los-Repetidos-judicializados-por-concierto-para-delinquir-y-receptacion-1024x787.jpeg","datePublished":"2025-08-05T21:01:27+00:00","dateModified":"2025-08-05T21:01:27+00:00","description":"P\u00e1gina oficial de la Fiscal\u00eda General de la Naci\u00f3n \u2013 Colombia. Garantizamos el acceso efectivo a la justicia, la verdad y la reparaci\u00f3n de las v\u00edctimas de los delitos.","breadcrumb":{"@id":"https:\/\/www.fiscalia.gov.co\/colombia\/noticias\/afectado-grupo-delincuencial-que-estaria-dedicado-a-la-comercializacion-de-autopartes-robadas-en-cucuta\/#breadcrumb"},"inLanguage":"es-CO","potentialAction":[{"@type":"ReadAction","target":["https:\/\/www.fiscalia.gov.co\/colombia\/noticias\/afectado-grupo-delincuencial-que-estaria-dedicado-a-la-comercializacion-de-autopartes-robadas-en-cucuta\/"]}]},{"@type":"ImageObject","inLanguage":"es-CO","@id":"https:\/\/www.fiscalia.gov.co\/colombia\/noticias\/afectado-grupo-delincuencial-que-estaria-dedicado-a-la-comercializacion-de-autopartes-robadas-en-cucuta\/#primaryimage","url":"https:\/\/www.fiscalia.gov.co\/colombia\/wp-content\/uploads\/Grupo-delincuencial-Los-Repetidos-judicializados-por-concierto-para-delinquir-y-receptacion.jpeg","contentUrl":"https:\/\/www.fiscalia.gov.co\/colombia\/wp-content\/uploads\/Grupo-delincuencial-Los-Repetidos-judicializados-por-concierto-para-delinquir-y-receptacion.jpeg","width":1600,"height":1230,"caption":"Los procesados presuntos integrantes de un grupo delincuencial dedicado a comercializaci\u00f3n de autopartes,\u00a0 fueron judicializados por concierto para delinquir y receptaci\u00f3n."},{"@type":"BreadcrumbList","@id":"https:\/\/www.fiscalia.gov.co\/colombia\/noticias\/afectado-grupo-delincuencial-que-estaria-dedicado-a-la-comercializacion-de-autopartes-robadas-en-cucuta\/#breadcrumb","itemListElement":[{"@type":"ListItem","position":1,"name":"Home","item":"https:\/\/www.fiscalia.gov.co\/colombia\/"},{"@type":"ListItem","position":2,"name":"Afectado grupo delincuencial que estar\u00eda dedicado a la comercializaci\u00f3n de autopartes robadas en C\u00facuta"}]},{"@type":"WebSite","@id":"https:\/\/www.fiscalia.gov.co\/colombia\/#website","url":"https:\/\/www.fiscalia.gov.co\/colombia\/","name":"Fiscal\u00eda General de la Naci\u00f3n","description":"P\u00e1gina oficial de la Fiscal\u00eda General de la Naci\u00f3n \u2013 Colombia. Garantizamos el acceso efectivo a la justicia, la verdad y la reparaci\u00f3n de las v\u00edctimas de los delitos.","publisher":{"@id":"https:\/\/www.fiscalia.gov.co\/colombia\/#organization"},"potentialAction":[{"@type":"SearchAction","target":{"@type":"EntryPoint","urlTemplate":"https:\/\/www.fiscalia.gov.co\/colombia\/?s={search_term_string}"},"query-input":{"@type":"PropertyValueSpecification","valueRequired":true,"valueName":"search_term_string"}}],"inLanguage":"es-CO"},{"@type":"Organization","@id":"https:\/\/www.fiscalia.gov.co\/colombia\/#organization","name":"Fiscal\u00eda General de la Naci\u00f3n","url":"https:\/\/www.fiscalia.gov.co\/colombia\/","logo":{"@type":"ImageObject","inLanguage":"es-CO","@id":"https:\/\/www.fiscalia.gov.co\/colombia\/#\/schema\/logo\/image\/","url":"https:\/\/www.fiscalia.gov.co\/colombia\/wp-content\/uploads\/LogoHorizontal_1.jpg","contentUrl":"https:\/\/www.fiscalia.gov.co\/colombia\/wp-content\/uploads\/LogoHorizontal_1.jpg","width":300,"height":90,"caption":"Fiscal\u00eda General de la Naci\u00f3n"},"image":{"@id":"https:\/\/www.fiscalia.gov.co\/colombia\/#\/schema\/logo\/image\/"},"sameAs":["https:\/\/www.facebook.com\/FiscaliaCol","https:\/\/x.com\/FiscaliaCol","https:\/\/www.instagram.com\/fiscaliacol","https:\/\/www.linkedin.com\/company\/fiscalia-general-de-la-naci-n\/","https:\/\/youtube.com\/@fiscaliageneraldelanacion-4668?si=6nN79nyQICPU5iTh"]},{"@type":"Person","@id":"https:\/\/www.fiscalia.gov.co\/colombia\/#\/schema\/person\/bf84402cf293a5393e9c70b111020b24","name":"Jordan Leandro Oviedo Anzola","image":{"@type":"ImageObject","inLanguage":"es-CO","@id":"https:\/\/www.fiscalia.gov.co\/colombia\/#\/schema\/person\/image\/","url":"https:\/\/secure.gravatar.com\/avatar\/dabba4346fa9b9207d96adafa8f92721?s=96&d=mm&r=g","contentUrl":"https:\/\/secure.gravatar.com\/avatar\/dabba4346fa9b9207d96adafa8f92721?s=96&d=mm&r=g","caption":"Jordan Leandro Oviedo Anzola"},"url":"https:\/\/www.fiscalia.gov.co\/colombia\/author\/joviedo\/"}]}},"_links":{"self":[{"href":"https:\/\/www.fiscalia.gov.co\/colombia\/wp-json\/wp\/v2\/posts\/320495","targetHints":{"allow":["GET"]}}],"collection":[{"href":"https:\/\/www.fiscalia.gov.co\/colombia\/wp-json\/wp\/v2\/posts"}],"about":[{"href":"https:\/\/www.fiscalia.gov.co\/colombia\/wp-json\/wp\/v2\/types\/post"}],"author":[{"embeddable":true,"href":"https:\/\/www.fiscalia.gov.co\/colombia\/wp-json\/wp\/v2\/users\/177"}],"replies":[{"embeddable":true,"href":"https:\/\/www.fiscalia.gov.co\/colombia\/wp-json\/wp\/v2\/comments?post=320495"}],"version-history":[{"count":1,"href":"https:\/\/www.fiscalia.gov.co\/colombia\/wp-json\/wp\/v2\/posts\/320495\/revisions"}],"predecessor-version":[{"id":320497,"href":"https:\/\/www.fiscalia.gov.co\/colombia\/wp-json\/wp\/v2\/posts\/320495\/revisions\/320497"}],"wp:attachment":[{"href":"https:\/\/www.fiscalia.gov.co\/colombia\/wp-json\/wp\/v2\/media?parent=320495"}],"wp:term":[{"taxonomy":"category","embeddable":true,"href":"https:\/\/www.fiscalia.gov.co\/colombia\/wp-json\/wp\/v2\/categories?post=320495"},{"taxonomy":"post_tag","embeddable":true,"href":"https:\/\/www.fiscalia.gov.co\/colombia\/wp-json\/wp\/v2\/tags?post=320495"}],"curies":[{"name":"wp","href":"https:\/\/api.w.org\/{rel}","templated":true}]}}