{"id":320467,"date":"2025-08-05T13:35:18","date_gmt":"2025-08-05T18:35:18","guid":{"rendered":"https:\/\/www.fiscalia.gov.co\/colombia\/?p=320467"},"modified":"2025-08-05T13:36:09","modified_gmt":"2025-08-05T18:36:09","slug":"sentido-de-fallo-condenatorio-contra-senalado-responsable-del-crimen-de-su-excompanera-sentimental-en-santa-marta","status":"publish","type":"post","link":"https:\/\/www.fiscalia.gov.co\/colombia\/hay-justicia\/sentido-de-fallo-condenatorio-contra-senalado-responsable-del-crimen-de-su-excompanera-sentimental-en-santa-marta\/","title":{"rendered":"Sentido de fallo condenatorio contra se\u00f1alado responsable del crimen de su excompa\u00f1era sentimental en Santa Marta"},"content":{"rendered":"<div class=\"\">\n<div class=\"wide-content-host\">\n<div class=\"uy30y\" tabindex=\"-1\">\n<div class=\"mT25S\">\n<div class=\"wnVEW\">\n<div class=\"w4BZ9\">\n<div role=\"document\">\n<div class=\"T31hC GNqVo allowTextSelection OuGoX\" tabindex=\"0\" aria-label=\"Cuerpo del mensaje\" data-fui-focus-visible=\"\">\n<div class=\"BIZfh\">\n<div dir=\"ltr\">\n<p dir=\"ltr\">Los argumentos presentados por la Fiscal\u00eda General de la Naci\u00f3n, permitieron que fuera\u00a0 emitido sentido de fallo condenatorio contra un hombre se\u00f1alado por su responsabilidad en <a href=\"https:\/\/www.fiscalia.gov.co\/colombia\/noticias\/fiscalia-logra-condena-de-50-anos-de-carcel-contra-responsable-del-feminicidio-de-una-menor-en-magdalena\/\" target=\"_blank\" rel=\"noopener\">la muerte de su excompa\u00f1era sentimental<\/a>, de 22 a\u00f1os.<\/p>\n<p>Los hechos ocurrieron el 8 de enero de 2024, en una vivienda ubicada en el barrio Santa Fe de Santa Marta (Magdalena), donde resid\u00eda el hoy procesado, de 26 a\u00f1os.<\/p>\n<p>Tras cometer el crimen, el hombre<strong> llam\u00f3 a la hermana de la v\u00edctima para informarle que ella se encontraba sin vida<\/strong> dentro del inmueble y luego huy\u00f3 del lugar.<\/p>\n<p><strong>Las evidencias y testimonios recolectados permitieron a la Fiscal\u00eda demostrar que el procesado ejerci\u00f3 violencia emocional, psicol\u00f3gica y f\u00edsica<\/strong> durante el tiempo que dur\u00f3 la relaci\u00f3n.<\/p>\n<p>En ese sentido, el juez lo declar\u00f3 responsable del delito de feminicidio agravado y orden\u00f3 su captura inmediata.<\/p>\n<p>La lectura de la sentencia se realizar\u00e1 las pr\u00f3ximas semanas.<\/p>\n<p>SKCR\/AMCJ\/SEGD\/MPO\/DSM<\/p>\n<\/div>\n<\/div>\n<\/div>\n<\/div>\n<\/div>\n<\/div>\n<\/div>\n<\/div>\n<\/div>\n<\/div>\n<p>&nbsp;<\/p>\n<p>&nbsp;<\/p>\n<p>&nbsp;<\/p>\n<p><em>La informaci\u00f3n contenida en este bolet\u00edn de prensa corresponde a la narraci\u00f3n de los hechos noticiosos objetivos, y las investigaciones penales al interior de la Fiscal\u00eda General de la Naci\u00f3n. Para el momento de la divulgaci\u00f3n de este comunicado, la situaci\u00f3n jur\u00eddica de la(s) persona(s) relacionada(s) se encuentra pendiente de resolver por la autoridad judicial competente, siempre bajo los preceptos de la presunci\u00f3n de inocencia, consagrados en el art\u00edculo 29 de la Constituci\u00f3n Pol\u00edtica y el art\u00edculo 7\u00ba de la Ley 906 de 2004.<\/em><\/p>\n<div class=\"\">\n<div class=\"wide-content-host\">\n<div class=\"uy30y\" tabindex=\"-1\">\n<div class=\"mT25S\">\n<div class=\"wnVEW\">\n<div class=\"w4BZ9\">\n<div role=\"document\">\n<div class=\"T31hC GNqVo allowTextSelection OuGoX\" tabindex=\"0\" aria-label=\"Cuerpo del mensaje\" data-fui-focus-visible=\"\">\n<div class=\"BIZfh\">\n<div dir=\"ltr\">\n<div dir=\"ltr\">\n<div><\/div>\n<div><\/div>\n<\/div>\n<\/div>\n<\/div>\n<\/div>\n<div class=\"g4Y3U\"><\/div>\n<\/div>\n<\/div>\n<\/div>\n<\/div>\n<\/div>\n<\/div>\n<\/div>\n<div>\n<div class=\"fui-FluentProvider fui-FluentProviderr2m ___5n94it0 f19n0e5 f3rmtva fgusgyc fk6fouc fkhj508 figsok6 fytdu2e\" dir=\"ltr\">\n<div class=\"wide-content-host\">\n<div id=\"focused\" class=\"SlLx9 WWy1F byzS1 WWy1F\" tabindex=\"-1\" aria-label=\"Mensaje de correo electr\u00f3nico\">\n<div class=\"uSg02\">\n<div class=\"DgV2h lAKmW\">\n<div class=\"x9jfA\">\n<div class=\"body-157\">\n<div class=\"ze1hM\"><\/div>\n<\/div>\n<\/div>\n<\/div>\n<\/div>\n<\/div>\n<\/div>\n<\/div>\n<\/div>\n\n<div class=\"twitter-share\"><a href=\"https:\/\/twitter.com\/intent\/tweet?via=fiscaliacol\" class=\"twitter-share-button\">Tweet<\/a><\/div>\n","protected":false},"excerpt":{"rendered":"<p>Los argumentos presentados por la Fiscal\u00eda General de la Naci\u00f3n, permitieron que fuera\u00a0 emitido sentido de fallo condenatorio contra un hombre se\u00f1alado por su responsabilidad en la muerte de su [&hellip;]<\/p>\n","protected":false},"author":181,"featured_media":0,"comment_status":"closed","ping_status":"open","sticky":false,"template":"","format":"standard","meta":{"tdm_status":"","tdm_grid_status":"","footnotes":""},"categories":[24174,1,24099],"tags":[24688,2107,293,25853,13442,24448,23979,2067,28958,23839,24310],"class_list":["post-320467","post","type-post","status-publish","format-standard","category-hay-justicia","category-noticias","category-seguridad-territorial","tag-agresiones","tag-asfixia-mecanica","tag-condena","tag-excompanera","tag-feminicidio","tag-hay-justicia","tag-magdalena","tag-mujer","tag-procesado","tag-santa-marta","tag-seccional-magdalena"],"yoast_head":"<!-- This site is optimized with the Yoast SEO plugin v24.3 - https:\/\/yoast.com\/wordpress\/plugins\/seo\/ -->\n<title>Fiscal\u00eda General de la Naci\u00f3n<\/title>\n<meta name=\"description\" content=\"P\u00e1gina oficial de la Fiscal\u00eda General de la Naci\u00f3n \u2013 Colombia. Garantizamos el acceso efectivo a la justicia, la verdad y la reparaci\u00f3n de las v\u00edctimas de los delitos.\" \/>\n<meta name=\"robots\" content=\"noindex, follow\" \/>\n<meta property=\"og:locale\" content=\"es_ES\" \/>\n<meta property=\"og:type\" content=\"article\" \/>\n<meta property=\"og:title\" content=\"Fiscal\u00eda General de la Naci\u00f3n\" \/>\n<meta property=\"og:description\" content=\"P\u00e1gina oficial de la Fiscal\u00eda General de la Naci\u00f3n \u2013 Colombia. Garantizamos el acceso efectivo a la justicia, la verdad y la reparaci\u00f3n de las v\u00edctimas de los delitos.\" \/>\n<meta property=\"og:url\" content=\"https:\/\/www.fiscalia.gov.co\/colombia\/hay-justicia\/sentido-de-fallo-condenatorio-contra-senalado-responsable-del-crimen-de-su-excompanera-sentimental-en-santa-marta\/\" \/>\n<meta property=\"og:site_name\" content=\"Fiscal\u00eda General de la Naci\u00f3n\" \/>\n<meta property=\"article:publisher\" content=\"https:\/\/www.facebook.com\/FiscaliaCol\" \/>\n<meta property=\"article:published_time\" content=\"2025-08-05T18:35:18+00:00\" \/>\n<meta property=\"article:modified_time\" content=\"2025-08-05T18:36:09+00:00\" \/>\n<meta name=\"author\" content=\"Johanna Islenny Prieto Pe\u00f1a\" \/>\n<meta name=\"twitter:card\" content=\"summary_large_image\" \/>\n<meta name=\"twitter:creator\" content=\"@FiscaliaCol\" \/>\n<meta name=\"twitter:site\" content=\"@FiscaliaCol\" \/>\n<meta name=\"twitter:label1\" content=\"Escrito por\" \/>\n\t<meta name=\"twitter:data1\" content=\"Johanna Islenny Prieto Pe\u00f1a\" \/>\n\t<meta name=\"twitter:label2\" content=\"Tiempo de lectura\" \/>\n\t<meta name=\"twitter:data2\" content=\"2 minutos\" \/>\n<script type=\"application\/ld+json\" class=\"yoast-schema-graph\">{\"@context\":\"https:\/\/schema.org\",\"@graph\":[{\"@type\":\"Article\",\"@id\":\"https:\/\/www.fiscalia.gov.co\/colombia\/hay-justicia\/sentido-de-fallo-condenatorio-contra-senalado-responsable-del-crimen-de-su-excompanera-sentimental-en-santa-marta\/#article\",\"isPartOf\":{\"@id\":\"https:\/\/www.fiscalia.gov.co\/colombia\/hay-justicia\/sentido-de-fallo-condenatorio-contra-senalado-responsable-del-crimen-de-su-excompanera-sentimental-en-santa-marta\/\"},\"author\":{\"name\":\"Johanna Islenny Prieto Pe\u00f1a\",\"@id\":\"https:\/\/www.fiscalia.gov.co\/colombia\/#\/schema\/person\/ba9eca435947489fb25117a0cd75bf3e\"},\"headline\":\"Sentido de fallo condenatorio contra se\u00f1alado responsable del crimen de su excompa\u00f1era sentimental en Santa Marta\",\"datePublished\":\"2025-08-05T18:35:18+00:00\",\"dateModified\":\"2025-08-05T18:36:09+00:00\",\"mainEntityOfPage\":{\"@id\":\"https:\/\/www.fiscalia.gov.co\/colombia\/hay-justicia\/sentido-de-fallo-condenatorio-contra-senalado-responsable-del-crimen-de-su-excompanera-sentimental-en-santa-marta\/\"},\"wordCount\":279,\"publisher\":{\"@id\":\"https:\/\/www.fiscalia.gov.co\/colombia\/#organization\"},\"keywords\":[\"agresiones\",\"Asfixia mec\u00e1nica\",\"Condena\",\"excompa\u00f1era\",\"Feminicidio\",\"Hay Justicia\",\"Magdalena\",\"Mujer\",\"procesado\",\"Santa Marta\",\"Seccional Magdalena\"],\"articleSection\":[\"Hay Justicia\",\"Noticias\",\"Seguridad territorial\"],\"inLanguage\":\"es-CO\"},{\"@type\":\"WebPage\",\"@id\":\"https:\/\/www.fiscalia.gov.co\/colombia\/hay-justicia\/sentido-de-fallo-condenatorio-contra-senalado-responsable-del-crimen-de-su-excompanera-sentimental-en-santa-marta\/\",\"url\":\"https:\/\/www.fiscalia.gov.co\/colombia\/hay-justicia\/sentido-de-fallo-condenatorio-contra-senalado-responsable-del-crimen-de-su-excompanera-sentimental-en-santa-marta\/\",\"name\":\"Fiscal\u00eda General de la Naci\u00f3n\",\"isPartOf\":{\"@id\":\"https:\/\/www.fiscalia.gov.co\/colombia\/#website\"},\"datePublished\":\"2025-08-05T18:35:18+00:00\",\"dateModified\":\"2025-08-05T18:36:09+00:00\",\"description\":\"P\u00e1gina oficial de la Fiscal\u00eda General de la Naci\u00f3n \u2013 Colombia. Garantizamos el acceso efectivo a la justicia, la verdad y la reparaci\u00f3n de las v\u00edctimas de los delitos.\",\"breadcrumb\":{\"@id\":\"https:\/\/www.fiscalia.gov.co\/colombia\/hay-justicia\/sentido-de-fallo-condenatorio-contra-senalado-responsable-del-crimen-de-su-excompanera-sentimental-en-santa-marta\/#breadcrumb\"},\"inLanguage\":\"es-CO\",\"potentialAction\":[{\"@type\":\"ReadAction\",\"target\":[\"https:\/\/www.fiscalia.gov.co\/colombia\/hay-justicia\/sentido-de-fallo-condenatorio-contra-senalado-responsable-del-crimen-de-su-excompanera-sentimental-en-santa-marta\/\"]}]},{\"@type\":\"BreadcrumbList\",\"@id\":\"https:\/\/www.fiscalia.gov.co\/colombia\/hay-justicia\/sentido-de-fallo-condenatorio-contra-senalado-responsable-del-crimen-de-su-excompanera-sentimental-en-santa-marta\/#breadcrumb\",\"itemListElement\":[{\"@type\":\"ListItem\",\"position\":1,\"name\":\"Home\",\"item\":\"https:\/\/www.fiscalia.gov.co\/colombia\/\"},{\"@type\":\"ListItem\",\"position\":2,\"name\":\"Sentido de fallo condenatorio contra se\u00f1alado responsable del crimen de su excompa\u00f1era sentimental en Santa Marta\"}]},{\"@type\":\"WebSite\",\"@id\":\"https:\/\/www.fiscalia.gov.co\/colombia\/#website\",\"url\":\"https:\/\/www.fiscalia.gov.co\/colombia\/\",\"name\":\"Fiscal\u00eda General de la Naci\u00f3n\",\"description\":\"P\u00e1gina oficial de la Fiscal\u00eda General de la Naci\u00f3n \u2013 Colombia. Garantizamos el acceso efectivo a la justicia, la verdad y la reparaci\u00f3n de las v\u00edctimas de los delitos.\",\"publisher\":{\"@id\":\"https:\/\/www.fiscalia.gov.co\/colombia\/#organization\"},\"potentialAction\":[{\"@type\":\"SearchAction\",\"target\":{\"@type\":\"EntryPoint\",\"urlTemplate\":\"https:\/\/www.fiscalia.gov.co\/colombia\/?s={search_term_string}\"},\"query-input\":{\"@type\":\"PropertyValueSpecification\",\"valueRequired\":true,\"valueName\":\"search_term_string\"}}],\"inLanguage\":\"es-CO\"},{\"@type\":\"Organization\",\"@id\":\"https:\/\/www.fiscalia.gov.co\/colombia\/#organization\",\"name\":\"Fiscal\u00eda General de la Naci\u00f3n\",\"url\":\"https:\/\/www.fiscalia.gov.co\/colombia\/\",\"logo\":{\"@type\":\"ImageObject\",\"inLanguage\":\"es-CO\",\"@id\":\"https:\/\/www.fiscalia.gov.co\/colombia\/#\/schema\/logo\/image\/\",\"url\":\"https:\/\/www.fiscalia.gov.co\/colombia\/wp-content\/uploads\/LogoHorizontal_1.jpg\",\"contentUrl\":\"https:\/\/www.fiscalia.gov.co\/colombia\/wp-content\/uploads\/LogoHorizontal_1.jpg\",\"width\":300,\"height\":90,\"caption\":\"Fiscal\u00eda General de la Naci\u00f3n\"},\"image\":{\"@id\":\"https:\/\/www.fiscalia.gov.co\/colombia\/#\/schema\/logo\/image\/\"},\"sameAs\":[\"https:\/\/www.facebook.com\/FiscaliaCol\",\"https:\/\/x.com\/FiscaliaCol\",\"https:\/\/www.instagram.com\/fiscaliacol\",\"https:\/\/www.linkedin.com\/company\/fiscalia-general-de-la-naci-n\/\",\"https:\/\/youtube.com\/@fiscaliageneraldelanacion-4668?si=6nN79nyQICPU5iTh\"]},{\"@type\":\"Person\",\"@id\":\"https:\/\/www.fiscalia.gov.co\/colombia\/#\/schema\/person\/ba9eca435947489fb25117a0cd75bf3e\",\"name\":\"Johanna Islenny Prieto Pe\u00f1a\",\"image\":{\"@type\":\"ImageObject\",\"inLanguage\":\"es-CO\",\"@id\":\"https:\/\/www.fiscalia.gov.co\/colombia\/#\/schema\/person\/image\/\",\"url\":\"https:\/\/secure.gravatar.com\/avatar\/111433fc2acb037ffb768f6a3ca47864?s=96&d=mm&r=g\",\"contentUrl\":\"https:\/\/secure.gravatar.com\/avatar\/111433fc2acb037ffb768f6a3ca47864?s=96&d=mm&r=g\",\"caption\":\"Johanna Islenny Prieto Pe\u00f1a\"},\"url\":\"https:\/\/www.fiscalia.gov.co\/colombia\/author\/jprietop\/\"}]}<\/script>\n<!-- \/ Yoast SEO plugin. -->","yoast_head_json":{"title":"Fiscal\u00eda General de la Naci\u00f3n","description":"P\u00e1gina oficial de la Fiscal\u00eda General de la Naci\u00f3n \u2013 Colombia. Garantizamos el acceso efectivo a la justicia, la verdad y la reparaci\u00f3n de las v\u00edctimas de los delitos.","robots":{"index":"noindex","follow":"follow"},"og_locale":"es_ES","og_type":"article","og_title":"Fiscal\u00eda General de la Naci\u00f3n","og_description":"P\u00e1gina oficial de la Fiscal\u00eda General de la Naci\u00f3n \u2013 Colombia. Garantizamos el acceso efectivo a la justicia, la verdad y la reparaci\u00f3n de las v\u00edctimas de los delitos.","og_url":"https:\/\/www.fiscalia.gov.co\/colombia\/hay-justicia\/sentido-de-fallo-condenatorio-contra-senalado-responsable-del-crimen-de-su-excompanera-sentimental-en-santa-marta\/","og_site_name":"Fiscal\u00eda General de la Naci\u00f3n","article_publisher":"https:\/\/www.facebook.com\/FiscaliaCol","article_published_time":"2025-08-05T18:35:18+00:00","article_modified_time":"2025-08-05T18:36:09+00:00","author":"Johanna Islenny Prieto Pe\u00f1a","twitter_card":"summary_large_image","twitter_creator":"@FiscaliaCol","twitter_site":"@FiscaliaCol","twitter_misc":{"Escrito por":"Johanna Islenny Prieto Pe\u00f1a","Tiempo de lectura":"2 minutos"},"schema":{"@context":"https:\/\/schema.org","@graph":[{"@type":"Article","@id":"https:\/\/www.fiscalia.gov.co\/colombia\/hay-justicia\/sentido-de-fallo-condenatorio-contra-senalado-responsable-del-crimen-de-su-excompanera-sentimental-en-santa-marta\/#article","isPartOf":{"@id":"https:\/\/www.fiscalia.gov.co\/colombia\/hay-justicia\/sentido-de-fallo-condenatorio-contra-senalado-responsable-del-crimen-de-su-excompanera-sentimental-en-santa-marta\/"},"author":{"name":"Johanna Islenny Prieto Pe\u00f1a","@id":"https:\/\/www.fiscalia.gov.co\/colombia\/#\/schema\/person\/ba9eca435947489fb25117a0cd75bf3e"},"headline":"Sentido de fallo condenatorio contra se\u00f1alado responsable del crimen de su excompa\u00f1era sentimental en Santa Marta","datePublished":"2025-08-05T18:35:18+00:00","dateModified":"2025-08-05T18:36:09+00:00","mainEntityOfPage":{"@id":"https:\/\/www.fiscalia.gov.co\/colombia\/hay-justicia\/sentido-de-fallo-condenatorio-contra-senalado-responsable-del-crimen-de-su-excompanera-sentimental-en-santa-marta\/"},"wordCount":279,"publisher":{"@id":"https:\/\/www.fiscalia.gov.co\/colombia\/#organization"},"keywords":["agresiones","Asfixia mec\u00e1nica","Condena","excompa\u00f1era","Feminicidio","Hay Justicia","Magdalena","Mujer","procesado","Santa Marta","Seccional Magdalena"],"articleSection":["Hay Justicia","Noticias","Seguridad territorial"],"inLanguage":"es-CO"},{"@type":"WebPage","@id":"https:\/\/www.fiscalia.gov.co\/colombia\/hay-justicia\/sentido-de-fallo-condenatorio-contra-senalado-responsable-del-crimen-de-su-excompanera-sentimental-en-santa-marta\/","url":"https:\/\/www.fiscalia.gov.co\/colombia\/hay-justicia\/sentido-de-fallo-condenatorio-contra-senalado-responsable-del-crimen-de-su-excompanera-sentimental-en-santa-marta\/","name":"Fiscal\u00eda General de la Naci\u00f3n","isPartOf":{"@id":"https:\/\/www.fiscalia.gov.co\/colombia\/#website"},"datePublished":"2025-08-05T18:35:18+00:00","dateModified":"2025-08-05T18:36:09+00:00","description":"P\u00e1gina oficial de la Fiscal\u00eda General de la Naci\u00f3n \u2013 Colombia. Garantizamos el acceso efectivo a la justicia, la verdad y la reparaci\u00f3n de las v\u00edctimas de los delitos.","breadcrumb":{"@id":"https:\/\/www.fiscalia.gov.co\/colombia\/hay-justicia\/sentido-de-fallo-condenatorio-contra-senalado-responsable-del-crimen-de-su-excompanera-sentimental-en-santa-marta\/#breadcrumb"},"inLanguage":"es-CO","potentialAction":[{"@type":"ReadAction","target":["https:\/\/www.fiscalia.gov.co\/colombia\/hay-justicia\/sentido-de-fallo-condenatorio-contra-senalado-responsable-del-crimen-de-su-excompanera-sentimental-en-santa-marta\/"]}]},{"@type":"BreadcrumbList","@id":"https:\/\/www.fiscalia.gov.co\/colombia\/hay-justicia\/sentido-de-fallo-condenatorio-contra-senalado-responsable-del-crimen-de-su-excompanera-sentimental-en-santa-marta\/#breadcrumb","itemListElement":[{"@type":"ListItem","position":1,"name":"Home","item":"https:\/\/www.fiscalia.gov.co\/colombia\/"},{"@type":"ListItem","position":2,"name":"Sentido de fallo condenatorio contra se\u00f1alado responsable del crimen de su excompa\u00f1era sentimental en Santa Marta"}]},{"@type":"WebSite","@id":"https:\/\/www.fiscalia.gov.co\/colombia\/#website","url":"https:\/\/www.fiscalia.gov.co\/colombia\/","name":"Fiscal\u00eda General de la Naci\u00f3n","description":"P\u00e1gina oficial de la Fiscal\u00eda General de la Naci\u00f3n \u2013 Colombia. Garantizamos el acceso efectivo a la justicia, la verdad y la reparaci\u00f3n de las v\u00edctimas de los delitos.","publisher":{"@id":"https:\/\/www.fiscalia.gov.co\/colombia\/#organization"},"potentialAction":[{"@type":"SearchAction","target":{"@type":"EntryPoint","urlTemplate":"https:\/\/www.fiscalia.gov.co\/colombia\/?s={search_term_string}"},"query-input":{"@type":"PropertyValueSpecification","valueRequired":true,"valueName":"search_term_string"}}],"inLanguage":"es-CO"},{"@type":"Organization","@id":"https:\/\/www.fiscalia.gov.co\/colombia\/#organization","name":"Fiscal\u00eda General de la Naci\u00f3n","url":"https:\/\/www.fiscalia.gov.co\/colombia\/","logo":{"@type":"ImageObject","inLanguage":"es-CO","@id":"https:\/\/www.fiscalia.gov.co\/colombia\/#\/schema\/logo\/image\/","url":"https:\/\/www.fiscalia.gov.co\/colombia\/wp-content\/uploads\/LogoHorizontal_1.jpg","contentUrl":"https:\/\/www.fiscalia.gov.co\/colombia\/wp-content\/uploads\/LogoHorizontal_1.jpg","width":300,"height":90,"caption":"Fiscal\u00eda General de la Naci\u00f3n"},"image":{"@id":"https:\/\/www.fiscalia.gov.co\/colombia\/#\/schema\/logo\/image\/"},"sameAs":["https:\/\/www.facebook.com\/FiscaliaCol","https:\/\/x.com\/FiscaliaCol","https:\/\/www.instagram.com\/fiscaliacol","https:\/\/www.linkedin.com\/company\/fiscalia-general-de-la-naci-n\/","https:\/\/youtube.com\/@fiscaliageneraldelanacion-4668?si=6nN79nyQICPU5iTh"]},{"@type":"Person","@id":"https:\/\/www.fiscalia.gov.co\/colombia\/#\/schema\/person\/ba9eca435947489fb25117a0cd75bf3e","name":"Johanna Islenny Prieto Pe\u00f1a","image":{"@type":"ImageObject","inLanguage":"es-CO","@id":"https:\/\/www.fiscalia.gov.co\/colombia\/#\/schema\/person\/image\/","url":"https:\/\/secure.gravatar.com\/avatar\/111433fc2acb037ffb768f6a3ca47864?s=96&d=mm&r=g","contentUrl":"https:\/\/secure.gravatar.com\/avatar\/111433fc2acb037ffb768f6a3ca47864?s=96&d=mm&r=g","caption":"Johanna Islenny Prieto Pe\u00f1a"},"url":"https:\/\/www.fiscalia.gov.co\/colombia\/author\/jprietop\/"}]}},"_links":{"self":[{"href":"https:\/\/www.fiscalia.gov.co\/colombia\/wp-json\/wp\/v2\/posts\/320467","targetHints":{"allow":["GET"]}}],"collection":[{"href":"https:\/\/www.fiscalia.gov.co\/colombia\/wp-json\/wp\/v2\/posts"}],"about":[{"href":"https:\/\/www.fiscalia.gov.co\/colombia\/wp-json\/wp\/v2\/types\/post"}],"author":[{"embeddable":true,"href":"https:\/\/www.fiscalia.gov.co\/colombia\/wp-json\/wp\/v2\/users\/181"}],"replies":[{"embeddable":true,"href":"https:\/\/www.fiscalia.gov.co\/colombia\/wp-json\/wp\/v2\/comments?post=320467"}],"version-history":[{"count":2,"href":"https:\/\/www.fiscalia.gov.co\/colombia\/wp-json\/wp\/v2\/posts\/320467\/revisions"}],"predecessor-version":[{"id":320469,"href":"https:\/\/www.fiscalia.gov.co\/colombia\/wp-json\/wp\/v2\/posts\/320467\/revisions\/320469"}],"wp:attachment":[{"href":"https:\/\/www.fiscalia.gov.co\/colombia\/wp-json\/wp\/v2\/media?parent=320467"}],"wp:term":[{"taxonomy":"category","embeddable":true,"href":"https:\/\/www.fiscalia.gov.co\/colombia\/wp-json\/wp\/v2\/categories?post=320467"},{"taxonomy":"post_tag","embeddable":true,"href":"https:\/\/www.fiscalia.gov.co\/colombia\/wp-json\/wp\/v2\/tags?post=320467"}],"curies":[{"name":"wp","href":"https:\/\/api.w.org\/{rel}","templated":true}]}}