{"id":320376,"date":"2025-08-04T16:41:18","date_gmt":"2025-08-04T21:41:18","guid":{"rendered":"https:\/\/www.fiscalia.gov.co\/colombia\/?p=320376"},"modified":"2025-08-04T16:41:18","modified_gmt":"2025-08-04T21:41:18","slug":"en-cartagena-fiscalia-adelanto-acciones-de-prevencion-contra-la-trata-de-personas","status":"publish","type":"post","link":"https:\/\/www.fiscalia.gov.co\/colombia\/noticias\/en-cartagena-fiscalia-adelanto-acciones-de-prevencion-contra-la-trata-de-personas\/","title":{"rendered":"En Cartagena Fiscal\u00eda adelant\u00f3 acciones de prevenci\u00f3n contra la trata de personas"},"content":{"rendered":"<p data-ogsc=\"rgb(0, 0, 0)\">La Fiscal\u00eda General de la Naci\u00f3n adelant\u00f3 en Cartagena (Bol\u00edvar) diversas actividades de prevenci\u00f3n y sensibilizaci\u00f3n contra la trata de personas, <strong>un delito que afecta a mujeres vulnerables, ni\u00f1os, ni\u00f1as y adolescentes<\/strong>, principalmente.<\/p>\n<figure id=\"attachment_320383\" aria-describedby=\"caption-attachment-320383\" style=\"width: 696px\" class=\"wp-caption aligncenter\"><img loading=\"lazy\" decoding=\"async\" class=\"size-large wp-image-320383\" src=\"https:\/\/www.fiscalia.gov.co\/colombia\/wp-content\/uploads\/Foto-1-boletin-4-de-agosto-trata-de-personas--1024x844.jpeg\" alt=\"En la imagen est\u00e1n funcionarios de la Fiscal\u00eda y de otras entidades articulando actividades que se llevan a cabo en al aeropuerto de Cartagena.\u00a0\" width=\"696\" height=\"574\" srcset=\"https:\/\/www.fiscalia.gov.co\/colombia\/wp-content\/uploads\/Foto-1-boletin-4-de-agosto-trata-de-personas--1024x844.jpeg 1024w, https:\/\/www.fiscalia.gov.co\/colombia\/wp-content\/uploads\/Foto-1-boletin-4-de-agosto-trata-de-personas--300x247.jpeg 300w, https:\/\/www.fiscalia.gov.co\/colombia\/wp-content\/uploads\/Foto-1-boletin-4-de-agosto-trata-de-personas--768x633.jpeg 768w, https:\/\/www.fiscalia.gov.co\/colombia\/wp-content\/uploads\/Foto-1-boletin-4-de-agosto-trata-de-personas--509x420.jpeg 509w, https:\/\/www.fiscalia.gov.co\/colombia\/wp-content\/uploads\/Foto-1-boletin-4-de-agosto-trata-de-personas--696x574.jpeg 696w, https:\/\/www.fiscalia.gov.co\/colombia\/wp-content\/uploads\/Foto-1-boletin-4-de-agosto-trata-de-personas--1068x881.jpeg 1068w, https:\/\/www.fiscalia.gov.co\/colombia\/wp-content\/uploads\/Foto-1-boletin-4-de-agosto-trata-de-personas-.jpeg 1436w\" sizes=\"auto, (max-width: 696px) 100vw, 696px\" \/><figcaption id=\"caption-attachment-320383\" class=\"wp-caption-text\">Fiscal\u00eda articula con otras entidades y difunde en el aeropuerto Rafael N\u00fa\u00f1ez de Cartagena los canales de denuncia que tiene disponible la entidad.<\/figcaption><\/figure>\n<p data-ogsc=\"rgb(0, 0, 0)\">En ese sentido, funcionarios del Programa Futuro Colombia y de Atenci\u00f3n al Usuario tanto del nivel central como de la direcci\u00f3n Seccional Bol\u00edvar realizaron una jornada de difusi\u00f3n en el aeropuerto Rafael N\u00fa\u00f1ez, <strong>donde turistas nacionales y extranjeros conocieron los canales dispuestos por la entidad para atender durante 24 horas<\/strong> las denuncias que por ese delito se presenten.<\/p>\n<p data-ogsc=\"rgb(0, 0, 0)\">La presencia de la Fiscal\u00eda se extendi\u00f3 a la inauguraci\u00f3n de la galer\u00eda al aire libre \u201cNo mires para otro lado\u201d que se llev\u00f3 a cabo en la Plaza de la Paz. All\u00ed, autoridades locales, entidades del orden regional, nacional y la empresa privada expusieron desde sus corresponsabilidades <strong>las acciones que se implementan para prevenir esta problem\u00e1tica y las sanciones penales.<\/strong><\/p>\n<p data-ogsc=\"rgb(0, 0, 0)\">Entre tanto, Martha Andrea Romero Reyes, coordinadora de la Unidad Especial de Delitos Priorizados cometidos contra Ni\u00f1as, Ni\u00f1os y Adolescentes, y Olga Luc\u00eda Araujo O\u00f1ate, fiscal especializada y delegada para la regional Norte en la tem\u00e1tica de trata de personas, encabezaron en nombre de la instituci\u00f3n <strong>el foro \u2018M\u00e1s all\u00e1 de la condena: justicia penal y rutas centradas en las v\u00edctimas de trata\u2019,<\/strong> que se realiz\u00f3 en la Universidad de Cartagena.<\/p>\n<p data-ogsc=\"rgb(0, 0, 0)\">Durante la actividad, las funcionarias enfatizaron que la Fiscal\u00eda le apunta a propuestas estrat\u00e9gicas de prevenci\u00f3n integral<strong> para que las personas m\u00e1s expuestas o con mayor riesgo de trata no sean un objetivo f\u00e1cil.<\/strong><\/p>\n<p data-ogsc=\"rgb(0, 0, 0)\">De esta manera se contin\u00faa con el fortalecimiento de la campa\u00f1a <strong>#EsoEsCuento<\/strong> en la que la Fiscal\u00eda con sus entidades aliadas previene a la ciudadan\u00eda sobre los riesgos de este delito, bajo qu\u00e9 circunstancias se presenta y cu\u00e1les son las graves afectaciones que se sufren cuando se es v\u00edctima de \u00e9l.<\/p>\n<p data-ogsc=\"rgb(0, 0, 0)\">Para denunciar este o cualquier otro delito puede marcar gratis desde su <strong>celular a la l\u00ednea 122 y en un tel\u00e9fono fijo al 018000919748 las 24 horas del d\u00eda.<\/strong> Tambi\u00e9n se \u00a0puede ingresar a la p\u00e1gina\u00a0<a id=\"OWAadc3dfb1-4745-3c37-06d2-e7367e378e7b\" class=\"x_x_OWAAutoLink\" title=\"http:\/\/www.fiscalia.gov.co\/\" href=\"http:\/\/www.fiscalia.gov.co\/\" target=\"_blank\" rel=\"noopener noreferrer\" data-auth=\"NotApplicable\" data-linkindex=\"0\" data-ogsc=\"\">www.fiscalia.gov.co<\/a>\u00a0al bot\u00f3n Denuncie F\u00e1cil, ir presencialmente a cualquier sede de la entidad en todo el pa\u00eds o radicarla de manera an\u00f3nima por escrito en las ventanillas de las direcciones seccionales.<\/p>\n<p data-ogsc=\"rgb(0, 0, 0)\">\n<p data-ogsc=\"rgb(0, 0, 0)\">\n<p data-ogsc=\"rgb(0, 0, 0)\">\n<p data-ogsc=\"rgb(0, 0, 0)\">\n<p data-ogsc=\"rgb(0, 0, 0)\">\n<p data-ogsc=\"rgb(0, 0, 0)\">MEVA\/AMCJ\/RP\/EGM\/DSB<\/p>\n<p data-ogsc=\"rgb(0, 0, 0)\">\n<p data-ogsc=\"rgb(0, 0, 0)\">\n<p data-ogsc=\"rgb(0, 0, 0)\">\n<p data-ogsc=\"rgb(0, 0, 0)\">\n<p data-ogsc=\"rgb(0, 0, 0)\">\n<p data-ogsc=\"rgb(0, 0, 0)\"><i data-ogsc=\"\">La informaci\u00f3n contenida en este bolet\u00edn de prensa corresponde a la narraci\u00f3n de los hechos noticiosos objetivos, suministrados por los funcionarios encargados de adelantar las investigaciones penales al interior de la Fiscal\u00eda General de la Naci\u00f3n. Para el momento de la divulgaci\u00f3n de este comunicado, la situaci\u00f3n jur\u00eddica de la(s) persona(s) relacionada(s) se encuentra pendiente de resolver por la autoridad judicial competente, siempre bajo los preceptos de la presunci\u00f3n de inocencia, consagrados en el art\u00edculo 29 de la Constituci\u00f3n Pol\u00edtica y el art\u00edculo 7\u00ba de la Ley 906 de 2004.<\/i><\/p>\n\n<div class=\"twitter-share\"><a href=\"https:\/\/twitter.com\/intent\/tweet?via=fiscaliacol\" class=\"twitter-share-button\">Tweet<\/a><\/div>\n","protected":false},"excerpt":{"rendered":"<p>La Fiscal\u00eda General de la Naci\u00f3n adelant\u00f3 en Cartagena (Bol\u00edvar) diversas actividades de prevenci\u00f3n y sensibilizaci\u00f3n contra la trata de personas, un delito que afecta a mujeres vulnerables, ni\u00f1os, ni\u00f1as y adolescentes, principalmente. En ese sentido, funcionarios del Programa Futuro Colombia y de Atenci\u00f3n al Usuario tanto del nivel central como de la direcci\u00f3n Seccional [&hellip;]<\/p>\n","protected":false},"author":177,"featured_media":0,"comment_status":"closed","ping_status":"open","sticky":false,"template":"","format":"standard","meta":{"_price":"","_stock":"","_tribe_ticket_header":"","_tribe_default_ticket_provider":"","_tribe_ticket_capacity":"0","_ticket_start_date":"","_ticket_end_date":"","_tribe_ticket_show_description":"","_tribe_ticket_show_not_going":false,"_tribe_ticket_use_global_stock":"","_tribe_ticket_global_stock_level":"","_global_stock_mode":"","_global_stock_cap":"","_tribe_rsvp_for_event":"","_tribe_ticket_going_count":"","_tribe_ticket_not_going_count":"","_tribe_tickets_list":"[]","_tribe_ticket_has_attendee_info_fields":false,"tdm_status":"","tdm_grid_status":"","footnotes":""},"categories":[1,325,303],"tags":[42207,42209,23819,23998,42208,29045,24187,1047,3750,41103,558,7592,213],"class_list":{"0":"post-320376","1":"post","2":"type-post","3":"status-publish","4":"format-standard","6":"category-noticias","7":"category-seccional-cartagena","8":"category-seccionales","9":"tag-actividades","10":"tag-canales-de-denuncias","11":"tag-cartagena","12":"tag-cartagena-bolivar","13":"tag-difusion","14":"tag-entidades","15":"tag-fiscalia-colombia","16":"tag-fiscalia-general-de-la-nacion","17":"tag-foro","18":"tag-participacion","19":"tag-policia-nacional","20":"tag-prevencion","21":"tag-trata-de-personas"},"yoast_head":"<!-- This site is optimized with the Yoast SEO plugin v24.3 - https:\/\/yoast.com\/wordpress\/plugins\/seo\/ -->\n<title>Fiscal\u00eda General de la Naci\u00f3n<\/title>\n<meta name=\"description\" content=\"P\u00e1gina oficial de la Fiscal\u00eda General de la Naci\u00f3n \u2013 Colombia. Garantizamos el acceso efectivo a la justicia, la verdad y la reparaci\u00f3n de las v\u00edctimas de los delitos.\" \/>\n<meta name=\"robots\" content=\"noindex, follow\" \/>\n<meta property=\"og:locale\" content=\"es_ES\" \/>\n<meta property=\"og:type\" content=\"article\" \/>\n<meta property=\"og:title\" content=\"Fiscal\u00eda General de la Naci\u00f3n\" \/>\n<meta property=\"og:description\" content=\"P\u00e1gina oficial de la Fiscal\u00eda General de la Naci\u00f3n \u2013 Colombia. Garantizamos el acceso efectivo a la justicia, la verdad y la reparaci\u00f3n de las v\u00edctimas de los delitos.\" \/>\n<meta property=\"og:url\" content=\"https:\/\/www.fiscalia.gov.co\/colombia\/noticias\/en-cartagena-fiscalia-adelanto-acciones-de-prevencion-contra-la-trata-de-personas\/\" \/>\n<meta property=\"og:site_name\" content=\"Fiscal\u00eda General de la Naci\u00f3n\" \/>\n<meta property=\"article:publisher\" content=\"https:\/\/www.facebook.com\/FiscaliaCol\" \/>\n<meta property=\"article:published_time\" content=\"2025-08-04T21:41:18+00:00\" \/>\n<meta property=\"og:image\" content=\"https:\/\/www.fiscalia.gov.co\/colombia\/wp-content\/uploads\/Foto-1-boletin-4-de-agosto-trata-de-personas-.jpeg\" \/>\n\t<meta property=\"og:image:width\" content=\"1436\" \/>\n\t<meta property=\"og:image:height\" content=\"1184\" \/>\n\t<meta property=\"og:image:type\" content=\"image\/jpeg\" \/>\n<meta name=\"author\" content=\"Jordan Leandro Oviedo Anzola\" \/>\n<meta name=\"twitter:card\" content=\"summary_large_image\" \/>\n<meta name=\"twitter:creator\" content=\"@FiscaliaCol\" \/>\n<meta name=\"twitter:site\" content=\"@FiscaliaCol\" \/>\n<meta name=\"twitter:label1\" content=\"Escrito por\" \/>\n\t<meta name=\"twitter:data1\" content=\"Jordan Leandro Oviedo Anzola\" \/>\n\t<meta name=\"twitter:label2\" content=\"Tiempo de lectura\" \/>\n\t<meta name=\"twitter:data2\" content=\"3 minutos\" \/>\n<script type=\"application\/ld+json\" class=\"yoast-schema-graph\">{\"@context\":\"https:\/\/schema.org\",\"@graph\":[{\"@type\":\"Article\",\"@id\":\"https:\/\/www.fiscalia.gov.co\/colombia\/noticias\/en-cartagena-fiscalia-adelanto-acciones-de-prevencion-contra-la-trata-de-personas\/#article\",\"isPartOf\":{\"@id\":\"https:\/\/www.fiscalia.gov.co\/colombia\/noticias\/en-cartagena-fiscalia-adelanto-acciones-de-prevencion-contra-la-trata-de-personas\/\"},\"author\":{\"name\":\"Jordan Leandro Oviedo Anzola\",\"@id\":\"https:\/\/www.fiscalia.gov.co\/colombia\/#\/schema\/person\/bf84402cf293a5393e9c70b111020b24\"},\"headline\":\"En Cartagena Fiscal\u00eda adelant\u00f3 acciones de prevenci\u00f3n contra la trata de personas\",\"datePublished\":\"2025-08-04T21:41:18+00:00\",\"dateModified\":\"2025-08-04T21:41:18+00:00\",\"mainEntityOfPage\":{\"@id\":\"https:\/\/www.fiscalia.gov.co\/colombia\/noticias\/en-cartagena-fiscalia-adelanto-acciones-de-prevencion-contra-la-trata-de-personas\/\"},\"wordCount\":571,\"publisher\":{\"@id\":\"https:\/\/www.fiscalia.gov.co\/colombia\/#organization\"},\"image\":{\"@id\":\"https:\/\/www.fiscalia.gov.co\/colombia\/noticias\/en-cartagena-fiscalia-adelanto-acciones-de-prevencion-contra-la-trata-de-personas\/#primaryimage\"},\"thumbnailUrl\":\"https:\/\/www.fiscalia.gov.co\/colombia\/wp-content\/uploads\/Foto-1-boletin-4-de-agosto-trata-de-personas--1024x844.jpeg\",\"keywords\":[\"actividades\",\"canales de denuncias\",\"Cartagena\",\"Cartagena (Bol\u00edvar)\",\"difusi\u00f3n\",\"entidades\",\"Fiscal\u00eda Colombia\",\"Fiscal\u00eda General de la Naci\u00f3n\",\"Foro\",\"participaci\u00f3n\",\"Polic\u00eda Nacional\",\"Prevenci\u00f3n\",\"Trata de personas\"],\"articleSection\":[\"Noticias\",\"Seccional Cartagena\",\"Seccionales\"],\"inLanguage\":\"es-CO\"},{\"@type\":\"WebPage\",\"@id\":\"https:\/\/www.fiscalia.gov.co\/colombia\/noticias\/en-cartagena-fiscalia-adelanto-acciones-de-prevencion-contra-la-trata-de-personas\/\",\"url\":\"https:\/\/www.fiscalia.gov.co\/colombia\/noticias\/en-cartagena-fiscalia-adelanto-acciones-de-prevencion-contra-la-trata-de-personas\/\",\"name\":\"Fiscal\u00eda General de la Naci\u00f3n\",\"isPartOf\":{\"@id\":\"https:\/\/www.fiscalia.gov.co\/colombia\/#website\"},\"primaryImageOfPage\":{\"@id\":\"https:\/\/www.fiscalia.gov.co\/colombia\/noticias\/en-cartagena-fiscalia-adelanto-acciones-de-prevencion-contra-la-trata-de-personas\/#primaryimage\"},\"image\":{\"@id\":\"https:\/\/www.fiscalia.gov.co\/colombia\/noticias\/en-cartagena-fiscalia-adelanto-acciones-de-prevencion-contra-la-trata-de-personas\/#primaryimage\"},\"thumbnailUrl\":\"https:\/\/www.fiscalia.gov.co\/colombia\/wp-content\/uploads\/Foto-1-boletin-4-de-agosto-trata-de-personas--1024x844.jpeg\",\"datePublished\":\"2025-08-04T21:41:18+00:00\",\"dateModified\":\"2025-08-04T21:41:18+00:00\",\"description\":\"P\u00e1gina oficial de la Fiscal\u00eda General de la Naci\u00f3n \u2013 Colombia. Garantizamos el acceso efectivo a la justicia, la verdad y la reparaci\u00f3n de las v\u00edctimas de los delitos.\",\"breadcrumb\":{\"@id\":\"https:\/\/www.fiscalia.gov.co\/colombia\/noticias\/en-cartagena-fiscalia-adelanto-acciones-de-prevencion-contra-la-trata-de-personas\/#breadcrumb\"},\"inLanguage\":\"es-CO\",\"potentialAction\":[{\"@type\":\"ReadAction\",\"target\":[\"https:\/\/www.fiscalia.gov.co\/colombia\/noticias\/en-cartagena-fiscalia-adelanto-acciones-de-prevencion-contra-la-trata-de-personas\/\"]}]},{\"@type\":\"ImageObject\",\"inLanguage\":\"es-CO\",\"@id\":\"https:\/\/www.fiscalia.gov.co\/colombia\/noticias\/en-cartagena-fiscalia-adelanto-acciones-de-prevencion-contra-la-trata-de-personas\/#primaryimage\",\"url\":\"https:\/\/www.fiscalia.gov.co\/colombia\/wp-content\/uploads\/Foto-1-boletin-4-de-agosto-trata-de-personas-.jpeg\",\"contentUrl\":\"https:\/\/www.fiscalia.gov.co\/colombia\/wp-content\/uploads\/Foto-1-boletin-4-de-agosto-trata-de-personas-.jpeg\",\"width\":1436,\"height\":1184,\"caption\":\"Fiscal\u00eda articula con otras entidades y difunde en el aeropuerto Rafael N\u00fa\u00f1ez de Cartagena los canales de denuncia que tiene disponible la entidad.\"},{\"@type\":\"BreadcrumbList\",\"@id\":\"https:\/\/www.fiscalia.gov.co\/colombia\/noticias\/en-cartagena-fiscalia-adelanto-acciones-de-prevencion-contra-la-trata-de-personas\/#breadcrumb\",\"itemListElement\":[{\"@type\":\"ListItem\",\"position\":1,\"name\":\"Home\",\"item\":\"https:\/\/www.fiscalia.gov.co\/colombia\/\"},{\"@type\":\"ListItem\",\"position\":2,\"name\":\"En Cartagena Fiscal\u00eda adelant\u00f3 acciones de prevenci\u00f3n contra la trata de personas\"}]},{\"@type\":\"WebSite\",\"@id\":\"https:\/\/www.fiscalia.gov.co\/colombia\/#website\",\"url\":\"https:\/\/www.fiscalia.gov.co\/colombia\/\",\"name\":\"Fiscal\u00eda General de la Naci\u00f3n\",\"description\":\"P\u00e1gina oficial de la Fiscal\u00eda General de la Naci\u00f3n \u2013 Colombia. Garantizamos el acceso efectivo a la justicia, la verdad y la reparaci\u00f3n de las v\u00edctimas de los delitos.\",\"publisher\":{\"@id\":\"https:\/\/www.fiscalia.gov.co\/colombia\/#organization\"},\"potentialAction\":[{\"@type\":\"SearchAction\",\"target\":{\"@type\":\"EntryPoint\",\"urlTemplate\":\"https:\/\/www.fiscalia.gov.co\/colombia\/?s={search_term_string}\"},\"query-input\":{\"@type\":\"PropertyValueSpecification\",\"valueRequired\":true,\"valueName\":\"search_term_string\"}}],\"inLanguage\":\"es-CO\"},{\"@type\":\"Organization\",\"@id\":\"https:\/\/www.fiscalia.gov.co\/colombia\/#organization\",\"name\":\"Fiscal\u00eda General de la Naci\u00f3n\",\"url\":\"https:\/\/www.fiscalia.gov.co\/colombia\/\",\"logo\":{\"@type\":\"ImageObject\",\"inLanguage\":\"es-CO\",\"@id\":\"https:\/\/www.fiscalia.gov.co\/colombia\/#\/schema\/logo\/image\/\",\"url\":\"https:\/\/www.fiscalia.gov.co\/colombia\/wp-content\/uploads\/LogoHorizontal_1.jpg\",\"contentUrl\":\"https:\/\/www.fiscalia.gov.co\/colombia\/wp-content\/uploads\/LogoHorizontal_1.jpg\",\"width\":300,\"height\":90,\"caption\":\"Fiscal\u00eda General de la Naci\u00f3n\"},\"image\":{\"@id\":\"https:\/\/www.fiscalia.gov.co\/colombia\/#\/schema\/logo\/image\/\"},\"sameAs\":[\"https:\/\/www.facebook.com\/FiscaliaCol\",\"https:\/\/x.com\/FiscaliaCol\",\"https:\/\/www.instagram.com\/fiscaliacol\",\"https:\/\/www.linkedin.com\/company\/fiscalia-general-de-la-naci-n\/\",\"https:\/\/youtube.com\/@fiscaliageneraldelanacion-4668?si=6nN79nyQICPU5iTh\"]},{\"@type\":\"Person\",\"@id\":\"https:\/\/www.fiscalia.gov.co\/colombia\/#\/schema\/person\/bf84402cf293a5393e9c70b111020b24\",\"name\":\"Jordan Leandro Oviedo Anzola\",\"image\":{\"@type\":\"ImageObject\",\"inLanguage\":\"es-CO\",\"@id\":\"https:\/\/www.fiscalia.gov.co\/colombia\/#\/schema\/person\/image\/\",\"url\":\"https:\/\/secure.gravatar.com\/avatar\/dabba4346fa9b9207d96adafa8f92721?s=96&d=mm&r=g\",\"contentUrl\":\"https:\/\/secure.gravatar.com\/avatar\/dabba4346fa9b9207d96adafa8f92721?s=96&d=mm&r=g\",\"caption\":\"Jordan Leandro Oviedo Anzola\"},\"url\":\"https:\/\/www.fiscalia.gov.co\/colombia\/author\/joviedo\/\"}]}<\/script>\n<!-- \/ Yoast SEO plugin. -->","yoast_head_json":{"title":"Fiscal\u00eda General de la Naci\u00f3n","description":"P\u00e1gina oficial de la Fiscal\u00eda General de la Naci\u00f3n \u2013 Colombia. Garantizamos el acceso efectivo a la justicia, la verdad y la reparaci\u00f3n de las v\u00edctimas de los delitos.","robots":{"index":"noindex","follow":"follow"},"og_locale":"es_ES","og_type":"article","og_title":"Fiscal\u00eda General de la Naci\u00f3n","og_description":"P\u00e1gina oficial de la Fiscal\u00eda General de la Naci\u00f3n \u2013 Colombia. Garantizamos el acceso efectivo a la justicia, la verdad y la reparaci\u00f3n de las v\u00edctimas de los delitos.","og_url":"https:\/\/www.fiscalia.gov.co\/colombia\/noticias\/en-cartagena-fiscalia-adelanto-acciones-de-prevencion-contra-la-trata-de-personas\/","og_site_name":"Fiscal\u00eda General de la Naci\u00f3n","article_publisher":"https:\/\/www.facebook.com\/FiscaliaCol","article_published_time":"2025-08-04T21:41:18+00:00","og_image":[{"width":1436,"height":1184,"url":"https:\/\/www.fiscalia.gov.co\/colombia\/wp-content\/uploads\/Foto-1-boletin-4-de-agosto-trata-de-personas-.jpeg","type":"image\/jpeg"}],"author":"Jordan Leandro Oviedo Anzola","twitter_card":"summary_large_image","twitter_creator":"@FiscaliaCol","twitter_site":"@FiscaliaCol","twitter_misc":{"Escrito por":"Jordan Leandro Oviedo Anzola","Tiempo de lectura":"3 minutos"},"schema":{"@context":"https:\/\/schema.org","@graph":[{"@type":"Article","@id":"https:\/\/www.fiscalia.gov.co\/colombia\/noticias\/en-cartagena-fiscalia-adelanto-acciones-de-prevencion-contra-la-trata-de-personas\/#article","isPartOf":{"@id":"https:\/\/www.fiscalia.gov.co\/colombia\/noticias\/en-cartagena-fiscalia-adelanto-acciones-de-prevencion-contra-la-trata-de-personas\/"},"author":{"name":"Jordan Leandro Oviedo Anzola","@id":"https:\/\/www.fiscalia.gov.co\/colombia\/#\/schema\/person\/bf84402cf293a5393e9c70b111020b24"},"headline":"En Cartagena Fiscal\u00eda adelant\u00f3 acciones de prevenci\u00f3n contra la trata de personas","datePublished":"2025-08-04T21:41:18+00:00","dateModified":"2025-08-04T21:41:18+00:00","mainEntityOfPage":{"@id":"https:\/\/www.fiscalia.gov.co\/colombia\/noticias\/en-cartagena-fiscalia-adelanto-acciones-de-prevencion-contra-la-trata-de-personas\/"},"wordCount":571,"publisher":{"@id":"https:\/\/www.fiscalia.gov.co\/colombia\/#organization"},"image":{"@id":"https:\/\/www.fiscalia.gov.co\/colombia\/noticias\/en-cartagena-fiscalia-adelanto-acciones-de-prevencion-contra-la-trata-de-personas\/#primaryimage"},"thumbnailUrl":"https:\/\/www.fiscalia.gov.co\/colombia\/wp-content\/uploads\/Foto-1-boletin-4-de-agosto-trata-de-personas--1024x844.jpeg","keywords":["actividades","canales de denuncias","Cartagena","Cartagena (Bol\u00edvar)","difusi\u00f3n","entidades","Fiscal\u00eda Colombia","Fiscal\u00eda General de la Naci\u00f3n","Foro","participaci\u00f3n","Polic\u00eda Nacional","Prevenci\u00f3n","Trata de personas"],"articleSection":["Noticias","Seccional Cartagena","Seccionales"],"inLanguage":"es-CO"},{"@type":"WebPage","@id":"https:\/\/www.fiscalia.gov.co\/colombia\/noticias\/en-cartagena-fiscalia-adelanto-acciones-de-prevencion-contra-la-trata-de-personas\/","url":"https:\/\/www.fiscalia.gov.co\/colombia\/noticias\/en-cartagena-fiscalia-adelanto-acciones-de-prevencion-contra-la-trata-de-personas\/","name":"Fiscal\u00eda General de la Naci\u00f3n","isPartOf":{"@id":"https:\/\/www.fiscalia.gov.co\/colombia\/#website"},"primaryImageOfPage":{"@id":"https:\/\/www.fiscalia.gov.co\/colombia\/noticias\/en-cartagena-fiscalia-adelanto-acciones-de-prevencion-contra-la-trata-de-personas\/#primaryimage"},"image":{"@id":"https:\/\/www.fiscalia.gov.co\/colombia\/noticias\/en-cartagena-fiscalia-adelanto-acciones-de-prevencion-contra-la-trata-de-personas\/#primaryimage"},"thumbnailUrl":"https:\/\/www.fiscalia.gov.co\/colombia\/wp-content\/uploads\/Foto-1-boletin-4-de-agosto-trata-de-personas--1024x844.jpeg","datePublished":"2025-08-04T21:41:18+00:00","dateModified":"2025-08-04T21:41:18+00:00","description":"P\u00e1gina oficial de la Fiscal\u00eda General de la Naci\u00f3n \u2013 Colombia. Garantizamos el acceso efectivo a la justicia, la verdad y la reparaci\u00f3n de las v\u00edctimas de los delitos.","breadcrumb":{"@id":"https:\/\/www.fiscalia.gov.co\/colombia\/noticias\/en-cartagena-fiscalia-adelanto-acciones-de-prevencion-contra-la-trata-de-personas\/#breadcrumb"},"inLanguage":"es-CO","potentialAction":[{"@type":"ReadAction","target":["https:\/\/www.fiscalia.gov.co\/colombia\/noticias\/en-cartagena-fiscalia-adelanto-acciones-de-prevencion-contra-la-trata-de-personas\/"]}]},{"@type":"ImageObject","inLanguage":"es-CO","@id":"https:\/\/www.fiscalia.gov.co\/colombia\/noticias\/en-cartagena-fiscalia-adelanto-acciones-de-prevencion-contra-la-trata-de-personas\/#primaryimage","url":"https:\/\/www.fiscalia.gov.co\/colombia\/wp-content\/uploads\/Foto-1-boletin-4-de-agosto-trata-de-personas-.jpeg","contentUrl":"https:\/\/www.fiscalia.gov.co\/colombia\/wp-content\/uploads\/Foto-1-boletin-4-de-agosto-trata-de-personas-.jpeg","width":1436,"height":1184,"caption":"Fiscal\u00eda articula con otras entidades y difunde en el aeropuerto Rafael N\u00fa\u00f1ez de Cartagena los canales de denuncia que tiene disponible la entidad."},{"@type":"BreadcrumbList","@id":"https:\/\/www.fiscalia.gov.co\/colombia\/noticias\/en-cartagena-fiscalia-adelanto-acciones-de-prevencion-contra-la-trata-de-personas\/#breadcrumb","itemListElement":[{"@type":"ListItem","position":1,"name":"Home","item":"https:\/\/www.fiscalia.gov.co\/colombia\/"},{"@type":"ListItem","position":2,"name":"En Cartagena Fiscal\u00eda adelant\u00f3 acciones de prevenci\u00f3n contra la trata de personas"}]},{"@type":"WebSite","@id":"https:\/\/www.fiscalia.gov.co\/colombia\/#website","url":"https:\/\/www.fiscalia.gov.co\/colombia\/","name":"Fiscal\u00eda General de la Naci\u00f3n","description":"P\u00e1gina oficial de la Fiscal\u00eda General de la Naci\u00f3n \u2013 Colombia. Garantizamos el acceso efectivo a la justicia, la verdad y la reparaci\u00f3n de las v\u00edctimas de los delitos.","publisher":{"@id":"https:\/\/www.fiscalia.gov.co\/colombia\/#organization"},"potentialAction":[{"@type":"SearchAction","target":{"@type":"EntryPoint","urlTemplate":"https:\/\/www.fiscalia.gov.co\/colombia\/?s={search_term_string}"},"query-input":{"@type":"PropertyValueSpecification","valueRequired":true,"valueName":"search_term_string"}}],"inLanguage":"es-CO"},{"@type":"Organization","@id":"https:\/\/www.fiscalia.gov.co\/colombia\/#organization","name":"Fiscal\u00eda General de la Naci\u00f3n","url":"https:\/\/www.fiscalia.gov.co\/colombia\/","logo":{"@type":"ImageObject","inLanguage":"es-CO","@id":"https:\/\/www.fiscalia.gov.co\/colombia\/#\/schema\/logo\/image\/","url":"https:\/\/www.fiscalia.gov.co\/colombia\/wp-content\/uploads\/LogoHorizontal_1.jpg","contentUrl":"https:\/\/www.fiscalia.gov.co\/colombia\/wp-content\/uploads\/LogoHorizontal_1.jpg","width":300,"height":90,"caption":"Fiscal\u00eda General de la Naci\u00f3n"},"image":{"@id":"https:\/\/www.fiscalia.gov.co\/colombia\/#\/schema\/logo\/image\/"},"sameAs":["https:\/\/www.facebook.com\/FiscaliaCol","https:\/\/x.com\/FiscaliaCol","https:\/\/www.instagram.com\/fiscaliacol","https:\/\/www.linkedin.com\/company\/fiscalia-general-de-la-naci-n\/","https:\/\/youtube.com\/@fiscaliageneraldelanacion-4668?si=6nN79nyQICPU5iTh"]},{"@type":"Person","@id":"https:\/\/www.fiscalia.gov.co\/colombia\/#\/schema\/person\/bf84402cf293a5393e9c70b111020b24","name":"Jordan Leandro Oviedo Anzola","image":{"@type":"ImageObject","inLanguage":"es-CO","@id":"https:\/\/www.fiscalia.gov.co\/colombia\/#\/schema\/person\/image\/","url":"https:\/\/secure.gravatar.com\/avatar\/dabba4346fa9b9207d96adafa8f92721?s=96&d=mm&r=g","contentUrl":"https:\/\/secure.gravatar.com\/avatar\/dabba4346fa9b9207d96adafa8f92721?s=96&d=mm&r=g","caption":"Jordan Leandro Oviedo Anzola"},"url":"https:\/\/www.fiscalia.gov.co\/colombia\/author\/joviedo\/"}]}},"_links":{"self":[{"href":"https:\/\/www.fiscalia.gov.co\/colombia\/wp-json\/wp\/v2\/posts\/320376","targetHints":{"allow":["GET"]}}],"collection":[{"href":"https:\/\/www.fiscalia.gov.co\/colombia\/wp-json\/wp\/v2\/posts"}],"about":[{"href":"https:\/\/www.fiscalia.gov.co\/colombia\/wp-json\/wp\/v2\/types\/post"}],"author":[{"embeddable":true,"href":"https:\/\/www.fiscalia.gov.co\/colombia\/wp-json\/wp\/v2\/users\/177"}],"replies":[{"embeddable":true,"href":"https:\/\/www.fiscalia.gov.co\/colombia\/wp-json\/wp\/v2\/comments?post=320376"}],"version-history":[{"count":1,"href":"https:\/\/www.fiscalia.gov.co\/colombia\/wp-json\/wp\/v2\/posts\/320376\/revisions"}],"predecessor-version":[{"id":320384,"href":"https:\/\/www.fiscalia.gov.co\/colombia\/wp-json\/wp\/v2\/posts\/320376\/revisions\/320384"}],"wp:attachment":[{"href":"https:\/\/www.fiscalia.gov.co\/colombia\/wp-json\/wp\/v2\/media?parent=320376"}],"wp:term":[{"taxonomy":"category","embeddable":true,"href":"https:\/\/www.fiscalia.gov.co\/colombia\/wp-json\/wp\/v2\/categories?post=320376"},{"taxonomy":"post_tag","embeddable":true,"href":"https:\/\/www.fiscalia.gov.co\/colombia\/wp-json\/wp\/v2\/tags?post=320376"}],"curies":[{"name":"wp","href":"https:\/\/api.w.org\/{rel}","templated":true}]}}