{"id":320165,"date":"2025-07-31T16:50:05","date_gmt":"2025-07-31T21:50:05","guid":{"rendered":"https:\/\/www.fiscalia.gov.co\/colombia\/?p=320165"},"modified":"2025-08-01T08:53:27","modified_gmt":"2025-08-01T13:53:27","slug":"con-la-apertura-de-paf-en-piojo-fiscalia-alcanza-15-puntos-de-atencion-en-atlantico","status":"publish","type":"post","link":"https:\/\/www.fiscalia.gov.co\/colombia\/noticias\/con-la-apertura-de-paf-en-piojo-fiscalia-alcanza-15-puntos-de-atencion-en-atlantico\/","title":{"rendered":"Con la apertura de PAF en Pioj\u00f3 Fiscal\u00eda alcanza 15 puntos de atenci\u00f3n en Atl\u00e1ntico"},"content":{"rendered":"<p data-ogsc=\"rgb(0, 0, 0)\">La Fiscal\u00eda General de la Naci\u00f3n puso al servicio de la ciudadan\u00eda un nuevo punto de atenci\u00f3n en Pioj\u00f3 (Atl\u00e1ntico), <strong>un espacio que beneficiara a m\u00e1s de 7.500 habitantes de esta zona del pa\u00eds.<\/strong><\/p>\n<figure id=\"attachment_320167\" aria-describedby=\"caption-attachment-320167\" style=\"width: 696px\" class=\"wp-caption aligncenter\"><img loading=\"lazy\" decoding=\"async\" class=\"size-large wp-image-320167\" src=\"https:\/\/www.fiscalia.gov.co\/colombia\/wp-content\/uploads\/IMG_7273-1024x576.jpeg\" alt=\"La jornada cont\u00f3 con la presencia de las autoridades locales, el comandante de Polic\u00eda del municipio, funcionarios de las entidades aliadas y ciudadan\u00eda en general.\" width=\"696\" height=\"392\" srcset=\"https:\/\/www.fiscalia.gov.co\/colombia\/wp-content\/uploads\/IMG_7273-1024x576.jpeg 1024w, https:\/\/www.fiscalia.gov.co\/colombia\/wp-content\/uploads\/IMG_7273-300x169.jpeg 300w, https:\/\/www.fiscalia.gov.co\/colombia\/wp-content\/uploads\/IMG_7273-768x432.jpeg 768w, https:\/\/www.fiscalia.gov.co\/colombia\/wp-content\/uploads\/IMG_7273-1536x864.jpeg 1536w, https:\/\/www.fiscalia.gov.co\/colombia\/wp-content\/uploads\/IMG_7273-2048x1152.jpeg 2048w, https:\/\/www.fiscalia.gov.co\/colombia\/wp-content\/uploads\/IMG_7273-747x420.jpeg 747w, https:\/\/www.fiscalia.gov.co\/colombia\/wp-content\/uploads\/IMG_7273-696x392.jpeg 696w, https:\/\/www.fiscalia.gov.co\/colombia\/wp-content\/uploads\/IMG_7273-1068x601.jpeg 1068w, https:\/\/www.fiscalia.gov.co\/colombia\/wp-content\/uploads\/IMG_7273-1920x1080.jpeg 1920w\" sizes=\"auto, (max-width: 696px) 100vw, 696px\" \/><figcaption id=\"caption-attachment-320167\" class=\"wp-caption-text\">Con este nuevo espacio, ya son 15 los Puntos de Atenci\u00f3n de Fiscal\u00eda (PAF) que operan en Atl\u00e1ntico, como parte de una estrategia institucional para acercar la justicia a las comunidades, fortalecer la prevenci\u00f3n y mejorar el acceso a los servicios que ofrece la entidad.<\/figcaption><\/figure>\n<p data-ogsc=\"rgb(0, 0, 0)\">Con este nuevo espacio, ya son 15 los Puntos de Atenci\u00f3n de Fiscal\u00eda (PAF) que operan en Atl\u00e1ntico, como parte de una estrategia institucional para acercar la justicia a las comunidades,<strong> fortalecer la prevenci\u00f3n y mejorar el acceso a los servicios que ofrece la entidad.<\/strong><\/p>\n<p data-ogsc=\"rgb(0, 0, 0)\">\u201c<strong>Este punto en Pioj\u00f3 es una muestra clara de que la justicia no debe quedarse en los centros urbanos,<\/strong> estamos comprometidos con llegar hasta el \u00faltimo rinc\u00f3n del departamento&#8221;, destac\u00f3 el asesor de Atenci\u00f3n al Usuario de la Seccional Atl\u00e1ntico, Vicente Arrieta.<\/p>\n<p data-ogsc=\"rgb(0, 0, 0)\">All\u00ed la ciudadan\u00eda podr\u00e1 recibir orientaci\u00f3n integral sobre rutas de atenci\u00f3n en casos de <strong>violencia intrafamiliar, lesiones personales, hurto, abigeato, maltrato animal, entre otros.<\/strong><\/p>\n<p data-ogsc=\"rgb(0, 0, 0)\">La jornada cont\u00f3 con la presencia de las autoridades locales, el comandante de Polic\u00eda del municipio, funcionarios de las entidades aliadas y ciudadan\u00eda en general.<\/p>\n<div class=\"td-post-content tagdiv-type\">\n<footer>La Fiscal\u00eda proyecta la apertura de un nuevo punto en el sector de Sabanagrande, continuando as\u00ed con la expansi\u00f3n territorial del modelo de atenci\u00f3n directa al ciudadano.<\/p>\n<\/footer>\n<\/div>\n<p>&nbsp;<\/p>\n<p>&nbsp;<\/p>\n<p>&nbsp;<\/p>\n<p>&nbsp;<\/p>\n<p>&nbsp;<\/p>\n<div class=\"td-post-content tagdiv-type\">\n<footer>SKCR\/AMCJ\/ VA\/WFOJ\/DSA<\/p>\n<p>&nbsp;<\/p>\n<p>&nbsp;<\/p>\n<p>&nbsp;<\/p>\n<p>&nbsp;<\/p>\n<p><em>La informaci\u00f3n contenida en este bolet\u00edn de prensa corresponde a la narraci\u00f3n de los hechos noticiosos objetivos, suministrados por los funcionarios encargados de adelantar las investigaciones penales al interior de la Fiscal\u00eda General de la Naci\u00f3n. Para el momento la divulgaci\u00f3n de este comunicado, la situaci\u00f3n jur\u00eddica de la(s) persona(s) relacionada(s) se encuentra pendiente de resolver por la autoridad judicial competente, siempre bajo los preceptos de la presunci\u00f3n de inocencia, consagrados en el art\u00edculo 29 de la Constituci\u00f3n Pol\u00edtica y el art\u00edculo 7\u00ba de la Ley 906 de 2004.<\/em><\/p>\n<\/footer>\n<\/div>\n<footer>\n<div class=\"td-post-source-tags\"><\/div>\n<div class=\"td-post-sharing-bottom\"><\/div>\n<\/footer>\n\n<div class=\"twitter-share\"><a href=\"https:\/\/twitter.com\/intent\/tweet?via=fiscaliacol\" class=\"twitter-share-button\">Tweet<\/a><\/div>\n","protected":false},"excerpt":{"rendered":"<p>La Fiscal\u00eda General de la Naci\u00f3n puso al servicio de la ciudadan\u00eda un nuevo punto de atenci\u00f3n en Pioj\u00f3 (Atl\u00e1ntico), un espacio que beneficiara a m\u00e1s de 7.500 habitantes de [&hellip;]<\/p>\n","protected":false},"author":177,"featured_media":0,"comment_status":"closed","ping_status":"open","sticky":false,"template":"","format":"standard","meta":{"tdm_status":"","tdm_grid_status":"","footnotes":""},"categories":[1,320,303],"tags":[42195,23982,34355,30580,31329,38883,27199],"class_list":["post-320165","post","type-post","status-publish","format-standard","category-noticias","category-seccional-barranquilla","category-seccionales","tag-15-puntos-de-atencion-de-la-fiscalia","tag-barranquilla-atlantico","tag-municipio","tag-paf","tag-piojo","tag-punto-de-atencion-fiscalia","tag-seccional-atlantico"],"yoast_head":"<!-- This site is optimized with the Yoast SEO plugin v24.3 - https:\/\/yoast.com\/wordpress\/plugins\/seo\/ -->\n<title>Fiscal\u00eda General de la Naci\u00f3n<\/title>\n<meta name=\"description\" content=\"P\u00e1gina oficial de la Fiscal\u00eda General de la Naci\u00f3n \u2013 Colombia. Garantizamos el acceso efectivo a la justicia, la verdad y la reparaci\u00f3n de las v\u00edctimas de los delitos.\" \/>\n<meta name=\"robots\" content=\"noindex, follow\" \/>\n<meta property=\"og:locale\" content=\"es_ES\" \/>\n<meta property=\"og:type\" content=\"article\" \/>\n<meta property=\"og:title\" content=\"Fiscal\u00eda General de la Naci\u00f3n\" \/>\n<meta property=\"og:description\" content=\"P\u00e1gina oficial de la Fiscal\u00eda General de la Naci\u00f3n \u2013 Colombia. Garantizamos el acceso efectivo a la justicia, la verdad y la reparaci\u00f3n de las v\u00edctimas de los delitos.\" \/>\n<meta property=\"og:url\" content=\"https:\/\/www.fiscalia.gov.co\/colombia\/noticias\/con-la-apertura-de-paf-en-piojo-fiscalia-alcanza-15-puntos-de-atencion-en-atlantico\/\" \/>\n<meta property=\"og:site_name\" content=\"Fiscal\u00eda General de la Naci\u00f3n\" \/>\n<meta property=\"article:publisher\" content=\"https:\/\/www.facebook.com\/FiscaliaCol\" \/>\n<meta property=\"article:published_time\" content=\"2025-07-31T21:50:05+00:00\" \/>\n<meta property=\"article:modified_time\" content=\"2025-08-01T13:53:27+00:00\" \/>\n<meta property=\"og:image\" content=\"https:\/\/www.fiscalia.gov.co\/colombia\/wp-content\/uploads\/IMG_7273-scaled.jpeg\" \/>\n\t<meta property=\"og:image:width\" content=\"2560\" \/>\n\t<meta property=\"og:image:height\" content=\"1440\" \/>\n\t<meta property=\"og:image:type\" content=\"image\/jpeg\" \/>\n<meta name=\"author\" content=\"Jordan Leandro Oviedo Anzola\" \/>\n<meta name=\"twitter:card\" content=\"summary_large_image\" \/>\n<meta name=\"twitter:creator\" content=\"@FiscaliaCol\" \/>\n<meta name=\"twitter:site\" content=\"@FiscaliaCol\" \/>\n<meta name=\"twitter:label1\" content=\"Escrito por\" \/>\n\t<meta name=\"twitter:data1\" content=\"Jordan Leandro Oviedo Anzola\" \/>\n\t<meta name=\"twitter:label2\" content=\"Tiempo de lectura\" \/>\n\t<meta name=\"twitter:data2\" content=\"2 minutos\" \/>\n<script type=\"application\/ld+json\" class=\"yoast-schema-graph\">{\"@context\":\"https:\/\/schema.org\",\"@graph\":[{\"@type\":\"Article\",\"@id\":\"https:\/\/www.fiscalia.gov.co\/colombia\/noticias\/con-la-apertura-de-paf-en-piojo-fiscalia-alcanza-15-puntos-de-atencion-en-atlantico\/#article\",\"isPartOf\":{\"@id\":\"https:\/\/www.fiscalia.gov.co\/colombia\/noticias\/con-la-apertura-de-paf-en-piojo-fiscalia-alcanza-15-puntos-de-atencion-en-atlantico\/\"},\"author\":{\"name\":\"Jordan Leandro Oviedo Anzola\",\"@id\":\"https:\/\/www.fiscalia.gov.co\/colombia\/#\/schema\/person\/bf84402cf293a5393e9c70b111020b24\"},\"headline\":\"Con la apertura de PAF en Pioj\u00f3 Fiscal\u00eda alcanza 15 puntos de atenci\u00f3n en Atl\u00e1ntico\",\"datePublished\":\"2025-07-31T21:50:05+00:00\",\"dateModified\":\"2025-08-01T13:53:27+00:00\",\"mainEntityOfPage\":{\"@id\":\"https:\/\/www.fiscalia.gov.co\/colombia\/noticias\/con-la-apertura-de-paf-en-piojo-fiscalia-alcanza-15-puntos-de-atencion-en-atlantico\/\"},\"wordCount\":404,\"publisher\":{\"@id\":\"https:\/\/www.fiscalia.gov.co\/colombia\/#organization\"},\"image\":{\"@id\":\"https:\/\/www.fiscalia.gov.co\/colombia\/noticias\/con-la-apertura-de-paf-en-piojo-fiscalia-alcanza-15-puntos-de-atencion-en-atlantico\/#primaryimage\"},\"thumbnailUrl\":\"https:\/\/www.fiscalia.gov.co\/colombia\/wp-content\/uploads\/IMG_7273-1024x576.jpeg\",\"keywords\":[\"15 puntos de atenci\u00f3n de la Fiscal\u00eda.\",\"Barranquilla (Atl\u00e1ntico)\",\"municipio\",\"PAF\",\"Pioj\u00f3\",\"Punto de Atenci\u00f3n Fiscal\u00eda\",\"Seccional Atl\u00e1ntico\"],\"articleSection\":[\"Noticias\",\"Seccional Barranquilla\",\"Seccionales\"],\"inLanguage\":\"es-CO\"},{\"@type\":\"WebPage\",\"@id\":\"https:\/\/www.fiscalia.gov.co\/colombia\/noticias\/con-la-apertura-de-paf-en-piojo-fiscalia-alcanza-15-puntos-de-atencion-en-atlantico\/\",\"url\":\"https:\/\/www.fiscalia.gov.co\/colombia\/noticias\/con-la-apertura-de-paf-en-piojo-fiscalia-alcanza-15-puntos-de-atencion-en-atlantico\/\",\"name\":\"Fiscal\u00eda General de la Naci\u00f3n\",\"isPartOf\":{\"@id\":\"https:\/\/www.fiscalia.gov.co\/colombia\/#website\"},\"primaryImageOfPage\":{\"@id\":\"https:\/\/www.fiscalia.gov.co\/colombia\/noticias\/con-la-apertura-de-paf-en-piojo-fiscalia-alcanza-15-puntos-de-atencion-en-atlantico\/#primaryimage\"},\"image\":{\"@id\":\"https:\/\/www.fiscalia.gov.co\/colombia\/noticias\/con-la-apertura-de-paf-en-piojo-fiscalia-alcanza-15-puntos-de-atencion-en-atlantico\/#primaryimage\"},\"thumbnailUrl\":\"https:\/\/www.fiscalia.gov.co\/colombia\/wp-content\/uploads\/IMG_7273-1024x576.jpeg\",\"datePublished\":\"2025-07-31T21:50:05+00:00\",\"dateModified\":\"2025-08-01T13:53:27+00:00\",\"description\":\"P\u00e1gina oficial de la Fiscal\u00eda General de la Naci\u00f3n \u2013 Colombia. Garantizamos el acceso efectivo a la justicia, la verdad y la reparaci\u00f3n de las v\u00edctimas de los delitos.\",\"breadcrumb\":{\"@id\":\"https:\/\/www.fiscalia.gov.co\/colombia\/noticias\/con-la-apertura-de-paf-en-piojo-fiscalia-alcanza-15-puntos-de-atencion-en-atlantico\/#breadcrumb\"},\"inLanguage\":\"es-CO\",\"potentialAction\":[{\"@type\":\"ReadAction\",\"target\":[\"https:\/\/www.fiscalia.gov.co\/colombia\/noticias\/con-la-apertura-de-paf-en-piojo-fiscalia-alcanza-15-puntos-de-atencion-en-atlantico\/\"]}]},{\"@type\":\"ImageObject\",\"inLanguage\":\"es-CO\",\"@id\":\"https:\/\/www.fiscalia.gov.co\/colombia\/noticias\/con-la-apertura-de-paf-en-piojo-fiscalia-alcanza-15-puntos-de-atencion-en-atlantico\/#primaryimage\",\"url\":\"https:\/\/www.fiscalia.gov.co\/colombia\/wp-content\/uploads\/IMG_7273-scaled.jpeg\",\"contentUrl\":\"https:\/\/www.fiscalia.gov.co\/colombia\/wp-content\/uploads\/IMG_7273-scaled.jpeg\",\"width\":2560,\"height\":1440,\"caption\":\"Con este nuevo espacio, ya son 15 los Puntos de Atenci\u00f3n de Fiscal\u00eda (PAF) que operan en Atl\u00e1ntico, como parte de una estrategia institucional para acercar la justicia a las comunidades, fortalecer la prevenci\u00f3n y mejorar el acceso a los servicios que ofrece la entidad.\"},{\"@type\":\"BreadcrumbList\",\"@id\":\"https:\/\/www.fiscalia.gov.co\/colombia\/noticias\/con-la-apertura-de-paf-en-piojo-fiscalia-alcanza-15-puntos-de-atencion-en-atlantico\/#breadcrumb\",\"itemListElement\":[{\"@type\":\"ListItem\",\"position\":1,\"name\":\"Home\",\"item\":\"https:\/\/www.fiscalia.gov.co\/colombia\/\"},{\"@type\":\"ListItem\",\"position\":2,\"name\":\"Con la apertura de PAF en Pioj\u00f3 Fiscal\u00eda alcanza 15 puntos de atenci\u00f3n en Atl\u00e1ntico\"}]},{\"@type\":\"WebSite\",\"@id\":\"https:\/\/www.fiscalia.gov.co\/colombia\/#website\",\"url\":\"https:\/\/www.fiscalia.gov.co\/colombia\/\",\"name\":\"Fiscal\u00eda General de la Naci\u00f3n\",\"description\":\"P\u00e1gina oficial de la Fiscal\u00eda General de la Naci\u00f3n \u2013 Colombia. Garantizamos el acceso efectivo a la justicia, la verdad y la reparaci\u00f3n de las v\u00edctimas de los delitos.\",\"publisher\":{\"@id\":\"https:\/\/www.fiscalia.gov.co\/colombia\/#organization\"},\"potentialAction\":[{\"@type\":\"SearchAction\",\"target\":{\"@type\":\"EntryPoint\",\"urlTemplate\":\"https:\/\/www.fiscalia.gov.co\/colombia\/?s={search_term_string}\"},\"query-input\":{\"@type\":\"PropertyValueSpecification\",\"valueRequired\":true,\"valueName\":\"search_term_string\"}}],\"inLanguage\":\"es-CO\"},{\"@type\":\"Organization\",\"@id\":\"https:\/\/www.fiscalia.gov.co\/colombia\/#organization\",\"name\":\"Fiscal\u00eda General de la Naci\u00f3n\",\"url\":\"https:\/\/www.fiscalia.gov.co\/colombia\/\",\"logo\":{\"@type\":\"ImageObject\",\"inLanguage\":\"es-CO\",\"@id\":\"https:\/\/www.fiscalia.gov.co\/colombia\/#\/schema\/logo\/image\/\",\"url\":\"https:\/\/www.fiscalia.gov.co\/colombia\/wp-content\/uploads\/LogoHorizontal_1.jpg\",\"contentUrl\":\"https:\/\/www.fiscalia.gov.co\/colombia\/wp-content\/uploads\/LogoHorizontal_1.jpg\",\"width\":300,\"height\":90,\"caption\":\"Fiscal\u00eda General de la Naci\u00f3n\"},\"image\":{\"@id\":\"https:\/\/www.fiscalia.gov.co\/colombia\/#\/schema\/logo\/image\/\"},\"sameAs\":[\"https:\/\/www.facebook.com\/FiscaliaCol\",\"https:\/\/x.com\/FiscaliaCol\",\"https:\/\/www.instagram.com\/fiscaliacol\",\"https:\/\/www.linkedin.com\/company\/fiscalia-general-de-la-naci-n\/\",\"https:\/\/youtube.com\/@fiscaliageneraldelanacion-4668?si=6nN79nyQICPU5iTh\"]},{\"@type\":\"Person\",\"@id\":\"https:\/\/www.fiscalia.gov.co\/colombia\/#\/schema\/person\/bf84402cf293a5393e9c70b111020b24\",\"name\":\"Jordan Leandro Oviedo Anzola\",\"image\":{\"@type\":\"ImageObject\",\"inLanguage\":\"es-CO\",\"@id\":\"https:\/\/www.fiscalia.gov.co\/colombia\/#\/schema\/person\/image\/\",\"url\":\"https:\/\/secure.gravatar.com\/avatar\/dabba4346fa9b9207d96adafa8f92721?s=96&d=mm&r=g\",\"contentUrl\":\"https:\/\/secure.gravatar.com\/avatar\/dabba4346fa9b9207d96adafa8f92721?s=96&d=mm&r=g\",\"caption\":\"Jordan Leandro Oviedo Anzola\"},\"url\":\"https:\/\/www.fiscalia.gov.co\/colombia\/author\/joviedo\/\"}]}<\/script>\n<!-- \/ Yoast SEO plugin. -->","yoast_head_json":{"title":"Fiscal\u00eda General de la Naci\u00f3n","description":"P\u00e1gina oficial de la Fiscal\u00eda General de la Naci\u00f3n \u2013 Colombia. Garantizamos el acceso efectivo a la justicia, la verdad y la reparaci\u00f3n de las v\u00edctimas de los delitos.","robots":{"index":"noindex","follow":"follow"},"og_locale":"es_ES","og_type":"article","og_title":"Fiscal\u00eda General de la Naci\u00f3n","og_description":"P\u00e1gina oficial de la Fiscal\u00eda General de la Naci\u00f3n \u2013 Colombia. Garantizamos el acceso efectivo a la justicia, la verdad y la reparaci\u00f3n de las v\u00edctimas de los delitos.","og_url":"https:\/\/www.fiscalia.gov.co\/colombia\/noticias\/con-la-apertura-de-paf-en-piojo-fiscalia-alcanza-15-puntos-de-atencion-en-atlantico\/","og_site_name":"Fiscal\u00eda General de la Naci\u00f3n","article_publisher":"https:\/\/www.facebook.com\/FiscaliaCol","article_published_time":"2025-07-31T21:50:05+00:00","article_modified_time":"2025-08-01T13:53:27+00:00","og_image":[{"width":2560,"height":1440,"url":"https:\/\/www.fiscalia.gov.co\/colombia\/wp-content\/uploads\/IMG_7273-scaled.jpeg","type":"image\/jpeg"}],"author":"Jordan Leandro Oviedo Anzola","twitter_card":"summary_large_image","twitter_creator":"@FiscaliaCol","twitter_site":"@FiscaliaCol","twitter_misc":{"Escrito por":"Jordan Leandro Oviedo Anzola","Tiempo de lectura":"2 minutos"},"schema":{"@context":"https:\/\/schema.org","@graph":[{"@type":"Article","@id":"https:\/\/www.fiscalia.gov.co\/colombia\/noticias\/con-la-apertura-de-paf-en-piojo-fiscalia-alcanza-15-puntos-de-atencion-en-atlantico\/#article","isPartOf":{"@id":"https:\/\/www.fiscalia.gov.co\/colombia\/noticias\/con-la-apertura-de-paf-en-piojo-fiscalia-alcanza-15-puntos-de-atencion-en-atlantico\/"},"author":{"name":"Jordan Leandro Oviedo Anzola","@id":"https:\/\/www.fiscalia.gov.co\/colombia\/#\/schema\/person\/bf84402cf293a5393e9c70b111020b24"},"headline":"Con la apertura de PAF en Pioj\u00f3 Fiscal\u00eda alcanza 15 puntos de atenci\u00f3n en Atl\u00e1ntico","datePublished":"2025-07-31T21:50:05+00:00","dateModified":"2025-08-01T13:53:27+00:00","mainEntityOfPage":{"@id":"https:\/\/www.fiscalia.gov.co\/colombia\/noticias\/con-la-apertura-de-paf-en-piojo-fiscalia-alcanza-15-puntos-de-atencion-en-atlantico\/"},"wordCount":404,"publisher":{"@id":"https:\/\/www.fiscalia.gov.co\/colombia\/#organization"},"image":{"@id":"https:\/\/www.fiscalia.gov.co\/colombia\/noticias\/con-la-apertura-de-paf-en-piojo-fiscalia-alcanza-15-puntos-de-atencion-en-atlantico\/#primaryimage"},"thumbnailUrl":"https:\/\/www.fiscalia.gov.co\/colombia\/wp-content\/uploads\/IMG_7273-1024x576.jpeg","keywords":["15 puntos de atenci\u00f3n de la Fiscal\u00eda.","Barranquilla (Atl\u00e1ntico)","municipio","PAF","Pioj\u00f3","Punto de Atenci\u00f3n Fiscal\u00eda","Seccional Atl\u00e1ntico"],"articleSection":["Noticias","Seccional Barranquilla","Seccionales"],"inLanguage":"es-CO"},{"@type":"WebPage","@id":"https:\/\/www.fiscalia.gov.co\/colombia\/noticias\/con-la-apertura-de-paf-en-piojo-fiscalia-alcanza-15-puntos-de-atencion-en-atlantico\/","url":"https:\/\/www.fiscalia.gov.co\/colombia\/noticias\/con-la-apertura-de-paf-en-piojo-fiscalia-alcanza-15-puntos-de-atencion-en-atlantico\/","name":"Fiscal\u00eda General de la Naci\u00f3n","isPartOf":{"@id":"https:\/\/www.fiscalia.gov.co\/colombia\/#website"},"primaryImageOfPage":{"@id":"https:\/\/www.fiscalia.gov.co\/colombia\/noticias\/con-la-apertura-de-paf-en-piojo-fiscalia-alcanza-15-puntos-de-atencion-en-atlantico\/#primaryimage"},"image":{"@id":"https:\/\/www.fiscalia.gov.co\/colombia\/noticias\/con-la-apertura-de-paf-en-piojo-fiscalia-alcanza-15-puntos-de-atencion-en-atlantico\/#primaryimage"},"thumbnailUrl":"https:\/\/www.fiscalia.gov.co\/colombia\/wp-content\/uploads\/IMG_7273-1024x576.jpeg","datePublished":"2025-07-31T21:50:05+00:00","dateModified":"2025-08-01T13:53:27+00:00","description":"P\u00e1gina oficial de la Fiscal\u00eda General de la Naci\u00f3n \u2013 Colombia. Garantizamos el acceso efectivo a la justicia, la verdad y la reparaci\u00f3n de las v\u00edctimas de los delitos.","breadcrumb":{"@id":"https:\/\/www.fiscalia.gov.co\/colombia\/noticias\/con-la-apertura-de-paf-en-piojo-fiscalia-alcanza-15-puntos-de-atencion-en-atlantico\/#breadcrumb"},"inLanguage":"es-CO","potentialAction":[{"@type":"ReadAction","target":["https:\/\/www.fiscalia.gov.co\/colombia\/noticias\/con-la-apertura-de-paf-en-piojo-fiscalia-alcanza-15-puntos-de-atencion-en-atlantico\/"]}]},{"@type":"ImageObject","inLanguage":"es-CO","@id":"https:\/\/www.fiscalia.gov.co\/colombia\/noticias\/con-la-apertura-de-paf-en-piojo-fiscalia-alcanza-15-puntos-de-atencion-en-atlantico\/#primaryimage","url":"https:\/\/www.fiscalia.gov.co\/colombia\/wp-content\/uploads\/IMG_7273-scaled.jpeg","contentUrl":"https:\/\/www.fiscalia.gov.co\/colombia\/wp-content\/uploads\/IMG_7273-scaled.jpeg","width":2560,"height":1440,"caption":"Con este nuevo espacio, ya son 15 los Puntos de Atenci\u00f3n de Fiscal\u00eda (PAF) que operan en Atl\u00e1ntico, como parte de una estrategia institucional para acercar la justicia a las comunidades, fortalecer la prevenci\u00f3n y mejorar el acceso a los servicios que ofrece la entidad."},{"@type":"BreadcrumbList","@id":"https:\/\/www.fiscalia.gov.co\/colombia\/noticias\/con-la-apertura-de-paf-en-piojo-fiscalia-alcanza-15-puntos-de-atencion-en-atlantico\/#breadcrumb","itemListElement":[{"@type":"ListItem","position":1,"name":"Home","item":"https:\/\/www.fiscalia.gov.co\/colombia\/"},{"@type":"ListItem","position":2,"name":"Con la apertura de PAF en Pioj\u00f3 Fiscal\u00eda alcanza 15 puntos de atenci\u00f3n en Atl\u00e1ntico"}]},{"@type":"WebSite","@id":"https:\/\/www.fiscalia.gov.co\/colombia\/#website","url":"https:\/\/www.fiscalia.gov.co\/colombia\/","name":"Fiscal\u00eda General de la Naci\u00f3n","description":"P\u00e1gina oficial de la Fiscal\u00eda General de la Naci\u00f3n \u2013 Colombia. Garantizamos el acceso efectivo a la justicia, la verdad y la reparaci\u00f3n de las v\u00edctimas de los delitos.","publisher":{"@id":"https:\/\/www.fiscalia.gov.co\/colombia\/#organization"},"potentialAction":[{"@type":"SearchAction","target":{"@type":"EntryPoint","urlTemplate":"https:\/\/www.fiscalia.gov.co\/colombia\/?s={search_term_string}"},"query-input":{"@type":"PropertyValueSpecification","valueRequired":true,"valueName":"search_term_string"}}],"inLanguage":"es-CO"},{"@type":"Organization","@id":"https:\/\/www.fiscalia.gov.co\/colombia\/#organization","name":"Fiscal\u00eda General de la Naci\u00f3n","url":"https:\/\/www.fiscalia.gov.co\/colombia\/","logo":{"@type":"ImageObject","inLanguage":"es-CO","@id":"https:\/\/www.fiscalia.gov.co\/colombia\/#\/schema\/logo\/image\/","url":"https:\/\/www.fiscalia.gov.co\/colombia\/wp-content\/uploads\/LogoHorizontal_1.jpg","contentUrl":"https:\/\/www.fiscalia.gov.co\/colombia\/wp-content\/uploads\/LogoHorizontal_1.jpg","width":300,"height":90,"caption":"Fiscal\u00eda General de la Naci\u00f3n"},"image":{"@id":"https:\/\/www.fiscalia.gov.co\/colombia\/#\/schema\/logo\/image\/"},"sameAs":["https:\/\/www.facebook.com\/FiscaliaCol","https:\/\/x.com\/FiscaliaCol","https:\/\/www.instagram.com\/fiscaliacol","https:\/\/www.linkedin.com\/company\/fiscalia-general-de-la-naci-n\/","https:\/\/youtube.com\/@fiscaliageneraldelanacion-4668?si=6nN79nyQICPU5iTh"]},{"@type":"Person","@id":"https:\/\/www.fiscalia.gov.co\/colombia\/#\/schema\/person\/bf84402cf293a5393e9c70b111020b24","name":"Jordan Leandro Oviedo Anzola","image":{"@type":"ImageObject","inLanguage":"es-CO","@id":"https:\/\/www.fiscalia.gov.co\/colombia\/#\/schema\/person\/image\/","url":"https:\/\/secure.gravatar.com\/avatar\/dabba4346fa9b9207d96adafa8f92721?s=96&d=mm&r=g","contentUrl":"https:\/\/secure.gravatar.com\/avatar\/dabba4346fa9b9207d96adafa8f92721?s=96&d=mm&r=g","caption":"Jordan Leandro Oviedo Anzola"},"url":"https:\/\/www.fiscalia.gov.co\/colombia\/author\/joviedo\/"}]}},"_links":{"self":[{"href":"https:\/\/www.fiscalia.gov.co\/colombia\/wp-json\/wp\/v2\/posts\/320165","targetHints":{"allow":["GET"]}}],"collection":[{"href":"https:\/\/www.fiscalia.gov.co\/colombia\/wp-json\/wp\/v2\/posts"}],"about":[{"href":"https:\/\/www.fiscalia.gov.co\/colombia\/wp-json\/wp\/v2\/types\/post"}],"author":[{"embeddable":true,"href":"https:\/\/www.fiscalia.gov.co\/colombia\/wp-json\/wp\/v2\/users\/177"}],"replies":[{"embeddable":true,"href":"https:\/\/www.fiscalia.gov.co\/colombia\/wp-json\/wp\/v2\/comments?post=320165"}],"version-history":[{"count":2,"href":"https:\/\/www.fiscalia.gov.co\/colombia\/wp-json\/wp\/v2\/posts\/320165\/revisions"}],"predecessor-version":[{"id":320191,"href":"https:\/\/www.fiscalia.gov.co\/colombia\/wp-json\/wp\/v2\/posts\/320165\/revisions\/320191"}],"wp:attachment":[{"href":"https:\/\/www.fiscalia.gov.co\/colombia\/wp-json\/wp\/v2\/media?parent=320165"}],"wp:term":[{"taxonomy":"category","embeddable":true,"href":"https:\/\/www.fiscalia.gov.co\/colombia\/wp-json\/wp\/v2\/categories?post=320165"},{"taxonomy":"post_tag","embeddable":true,"href":"https:\/\/www.fiscalia.gov.co\/colombia\/wp-json\/wp\/v2\/tags?post=320165"}],"curies":[{"name":"wp","href":"https:\/\/api.w.org\/{rel}","templated":true}]}}