{"id":320147,"date":"2025-07-31T16:43:14","date_gmt":"2025-07-31T21:43:14","guid":{"rendered":"https:\/\/www.fiscalia.gov.co\/colombia\/?p=320147"},"modified":"2025-07-31T16:44:12","modified_gmt":"2025-07-31T21:44:12","slug":"senalados-responsables-de-transportar-estupefacientes-por-vias-de-norte-santander-fueron-asegurados","status":"publish","type":"post","link":"https:\/\/www.fiscalia.gov.co\/colombia\/noticias\/senalados-responsables-de-transportar-estupefacientes-por-vias-de-norte-santander-fueron-asegurados\/","title":{"rendered":"Se\u00f1alados responsables de transportar estupefacientes por v\u00edas de Norte Santander fueron asegurados"},"content":{"rendered":"<p data-ogsc=\"rgb(0, 0, 0)\">Por solicitud de la Fiscal\u00eda General de la Naci\u00f3n, un juez de control de garant\u00edas impuso medida de aseguramiento en centro carcelario a\u00a0<b data-ogsc=\"\">dos hombres que estar\u00edan involucrados en el transporte de estupefacientes por v\u00edas de Norte de Santander.\u00a0<\/b><\/p>\n<figure id=\"attachment_320159\" aria-describedby=\"caption-attachment-320159\" style=\"width: 345px\" class=\"wp-caption alignleft\"><img loading=\"lazy\" decoding=\"async\" class=\" wp-image-320159\" src=\"https:\/\/www.fiscalia.gov.co\/colombia\/wp-content\/uploads\/Dario-Garcia-Suescun-y-Robinson-Mandon-Noriega-judicializados-por-trafico-de-estupefacientes.jpg\" alt=\"Se visualiza a los dos capturados junto a un uniformado de la Polic\u00eda Nacional.\" width=\"345\" height=\"445\" srcset=\"https:\/\/www.fiscalia.gov.co\/colombia\/wp-content\/uploads\/Dario-Garcia-Suescun-y-Robinson-Mandon-Noriega-judicializados-por-trafico-de-estupefacientes.jpg 523w, https:\/\/www.fiscalia.gov.co\/colombia\/wp-content\/uploads\/Dario-Garcia-Suescun-y-Robinson-Mandon-Noriega-judicializados-por-trafico-de-estupefacientes-233x300.jpg 233w, https:\/\/www.fiscalia.gov.co\/colombia\/wp-content\/uploads\/Dario-Garcia-Suescun-y-Robinson-Mandon-Noriega-judicializados-por-trafico-de-estupefacientes-326x420.jpg 326w\" sizes=\"auto, (max-width: 345px) 100vw, 345px\" \/><figcaption id=\"caption-attachment-320159\" class=\"wp-caption-text\">Los dos hombres fueron capturados transportando sustancias il\u00edcitas por v\u00edas del departamento de Norte de Santander.<\/figcaption><\/figure>\n<p data-ogsc=\"rgb(0, 0, 0)\">Los procesados fueron identificados como\u00a0<b data-ogsc=\"\">Dar\u00edo Garc\u00eda Suesc\u00fan y Robinson Mand\u00f3n Noriega<\/b>, a quienes un fiscal de seccional les imput\u00f3 el delito de\u00a0<b data-ogsc=\"\">tr\u00e1fico, fabricaci\u00f3n o porte de estupefacientes. Los cargos no fueron.<\/b><\/p>\n<p data-ogsc=\"rgb(0, 0, 0)\">Los dos hombres fueron\u00a0<b data-ogsc=\"\"><a id=\"OWAb9794598-ad46-8d49-62ba-4ef84e6cb110\" class=\"x_x_OWAAutoLink\" title=\"https:\/\/www.fiscalia.gov.co\/colombia\/noticias\/asegurados-ocho-presuntos-responsables-de-trafico-local-de-estupefacientes-en-la-comuna-9-de-cucuta\/\" href=\"https:\/\/www.fiscalia.gov.co\/colombia\/noticias\/asegurados-ocho-presuntos-responsables-de-trafico-local-de-estupefacientes-en-la-comuna-9-de-cucuta\/\" target=\"_blank\" rel=\"noopener noreferrer\" data-auth=\"NotApplicable\" data-linkindex=\"0\" data-ogsc=\"\">capturados<\/a> en flagrancia mientras se desplazaban por el\u00a0<\/b><b data-ogsc=\"\">sector conocido como La Represa, <\/b>entre Sardinata y El Zulia (Norte de Santander).<\/p>\n<p data-ogsc=\"rgb(0, 0, 0)\">Durante el operativo, realizado por uniformados de la<strong>\u00a0<\/strong>Polic\u00eda Nacional,<b data-ogsc=\"\"> les habr\u00edan encontrado en su poder 15 kilos de base de coca ocultos en el interior del veh\u00edculo en el que se movilizaban.<\/b>\u00a0Adem\u00e1s, fueron incautados dos celulares, el autom\u00f3vil y una motocicleta.<\/p>\n<p>Los hombres fueron enviados a la c\u00e1rcel Modelo de C\u00facuta.<\/p>\n<p>&nbsp;<\/p>\n<p>&nbsp;<\/p>\n<p>&nbsp;<\/p>\n<p>&nbsp;<\/p>\n<p>MPHA\/AMCJ\/WHDA\/EDBC\/DSNS<\/p>\n<p>&nbsp;<\/p>\n<p>&nbsp;<\/p>\n<p>&nbsp;<\/p>\n<p>&nbsp;<\/p>\n<p><em>La informaci\u00f3n contenida en este bolet\u00edn de prensa corresponde a la narraci\u00f3n de los hechos noticiosos objetivos, suministrados por los funcionarios encargados de adelantar las investigaciones penales al interior de la Fiscal\u00eda General de la Naci\u00f3n. Para el momento de la divulgaci\u00f3n de este comunicado, la situaci\u00f3n jur\u00eddica de la(s) persona(s) relacionada(s) se encuentra pendiente de resolver por la autoridad judicial competente, siempre bajo los preceptos de la presunci\u00f3n de inocencia, consagrados en el art\u00edculo 29 de la Constituci\u00f3n Pol\u00edtica y el art\u00edculo 7\u00ba de la Ley 906 de 2004.<\/em><\/p>\n\n<div class=\"twitter-share\"><a href=\"https:\/\/twitter.com\/intent\/tweet?via=fiscaliacol\" class=\"twitter-share-button\">Tweet<\/a><\/div>\n","protected":false},"excerpt":{"rendered":"<p>Por solicitud de la Fiscal\u00eda General de la Naci\u00f3n, un juez de control de garant\u00edas impuso medida de aseguramiento en centro carcelario a\u00a0dos hombres que estar\u00edan involucrados en el transporte [&hellip;]<\/p>\n","protected":false},"author":177,"featured_media":0,"comment_status":"closed","ping_status":"open","sticky":false,"template":"","format":"standard","meta":{"tdm_status":"","tdm_grid_status":"","footnotes":""},"categories":[1,326,303],"tags":[31730,50,37492,4614,1047,7169,558,24897],"class_list":["post-320147","post","type-post","status-publish","format-standard","category-noticias","category-seccional-cucuta","category-seccionales","tag-cucuta-norte-de-santander","tag-estupefacientes","tag-fiscal-luz-adriana-camargo","tag-fiscalia-2","tag-fiscalia-general-de-la-nacion","tag-flagrancia","tag-policia-nacional","tag-trafico-de-sustancias-estupefacientes"],"yoast_head":"<!-- This site is optimized with the Yoast SEO plugin v24.3 - https:\/\/yoast.com\/wordpress\/plugins\/seo\/ -->\n<title>Fiscal\u00eda General de la Naci\u00f3n<\/title>\n<meta name=\"description\" content=\"P\u00e1gina oficial de la Fiscal\u00eda General de la Naci\u00f3n \u2013 Colombia. Garantizamos el acceso efectivo a la justicia, la verdad y la reparaci\u00f3n de las v\u00edctimas de los delitos.\" \/>\n<meta name=\"robots\" content=\"noindex, follow\" \/>\n<meta property=\"og:locale\" content=\"es_ES\" \/>\n<meta property=\"og:type\" content=\"article\" \/>\n<meta property=\"og:title\" content=\"Fiscal\u00eda General de la Naci\u00f3n\" \/>\n<meta property=\"og:description\" content=\"P\u00e1gina oficial de la Fiscal\u00eda General de la Naci\u00f3n \u2013 Colombia. Garantizamos el acceso efectivo a la justicia, la verdad y la reparaci\u00f3n de las v\u00edctimas de los delitos.\" \/>\n<meta property=\"og:url\" content=\"https:\/\/www.fiscalia.gov.co\/colombia\/noticias\/senalados-responsables-de-transportar-estupefacientes-por-vias-de-norte-santander-fueron-asegurados\/\" \/>\n<meta property=\"og:site_name\" content=\"Fiscal\u00eda General de la Naci\u00f3n\" \/>\n<meta property=\"article:publisher\" content=\"https:\/\/www.facebook.com\/FiscaliaCol\" \/>\n<meta property=\"article:published_time\" content=\"2025-07-31T21:43:14+00:00\" \/>\n<meta property=\"article:modified_time\" content=\"2025-07-31T21:44:12+00:00\" \/>\n<meta property=\"og:image\" content=\"https:\/\/www.fiscalia.gov.co\/colombia\/wp-content\/uploads\/Dario-Garcia-Suescun-y-Robinson-Mandon-Noriega-judicializados-por-trafico-de-estupefacientes.jpg\" \/>\n\t<meta property=\"og:image:width\" content=\"523\" \/>\n\t<meta property=\"og:image:height\" content=\"674\" \/>\n\t<meta property=\"og:image:type\" content=\"image\/jpeg\" \/>\n<meta name=\"author\" content=\"Jordan Leandro Oviedo Anzola\" \/>\n<meta name=\"twitter:card\" content=\"summary_large_image\" \/>\n<meta name=\"twitter:creator\" content=\"@FiscaliaCol\" \/>\n<meta name=\"twitter:site\" content=\"@FiscaliaCol\" \/>\n<meta name=\"twitter:label1\" content=\"Escrito por\" \/>\n\t<meta name=\"twitter:data1\" content=\"Jordan Leandro Oviedo Anzola\" \/>\n\t<meta name=\"twitter:label2\" content=\"Tiempo de lectura\" \/>\n\t<meta name=\"twitter:data2\" content=\"2 minutos\" \/>\n<script type=\"application\/ld+json\" class=\"yoast-schema-graph\">{\"@context\":\"https:\/\/schema.org\",\"@graph\":[{\"@type\":\"Article\",\"@id\":\"https:\/\/www.fiscalia.gov.co\/colombia\/noticias\/senalados-responsables-de-transportar-estupefacientes-por-vias-de-norte-santander-fueron-asegurados\/#article\",\"isPartOf\":{\"@id\":\"https:\/\/www.fiscalia.gov.co\/colombia\/noticias\/senalados-responsables-de-transportar-estupefacientes-por-vias-de-norte-santander-fueron-asegurados\/\"},\"author\":{\"name\":\"Jordan Leandro Oviedo Anzola\",\"@id\":\"https:\/\/www.fiscalia.gov.co\/colombia\/#\/schema\/person\/bf84402cf293a5393e9c70b111020b24\"},\"headline\":\"Se\u00f1alados responsables de transportar estupefacientes por v\u00edas de Norte Santander fueron asegurados\",\"datePublished\":\"2025-07-31T21:43:14+00:00\",\"dateModified\":\"2025-07-31T21:44:12+00:00\",\"mainEntityOfPage\":{\"@id\":\"https:\/\/www.fiscalia.gov.co\/colombia\/noticias\/senalados-responsables-de-transportar-estupefacientes-por-vias-de-norte-santander-fueron-asegurados\/\"},\"wordCount\":321,\"publisher\":{\"@id\":\"https:\/\/www.fiscalia.gov.co\/colombia\/#organization\"},\"image\":{\"@id\":\"https:\/\/www.fiscalia.gov.co\/colombia\/noticias\/senalados-responsables-de-transportar-estupefacientes-por-vias-de-norte-santander-fueron-asegurados\/#primaryimage\"},\"thumbnailUrl\":\"https:\/\/www.fiscalia.gov.co\/colombia\/wp-content\/uploads\/Dario-Garcia-Suescun-y-Robinson-Mandon-Noriega-judicializados-por-trafico-de-estupefacientes.jpg\",\"keywords\":[\"C\u00facuta (Norte de Santander)\",\"Estupefacientes\",\"Fiscal Luz Adriana Camargo\",\"Fiscal\u00eda\",\"Fiscal\u00eda General de la Naci\u00f3n\",\"Flagrancia\",\"Polic\u00eda Nacional\",\"Tr\u00e1fico de sustancias estupefacientes\"],\"articleSection\":[\"Noticias\",\"Seccional C\u00facuta\",\"Seccionales\"],\"inLanguage\":\"es-CO\"},{\"@type\":\"WebPage\",\"@id\":\"https:\/\/www.fiscalia.gov.co\/colombia\/noticias\/senalados-responsables-de-transportar-estupefacientes-por-vias-de-norte-santander-fueron-asegurados\/\",\"url\":\"https:\/\/www.fiscalia.gov.co\/colombia\/noticias\/senalados-responsables-de-transportar-estupefacientes-por-vias-de-norte-santander-fueron-asegurados\/\",\"name\":\"Fiscal\u00eda General de la Naci\u00f3n\",\"isPartOf\":{\"@id\":\"https:\/\/www.fiscalia.gov.co\/colombia\/#website\"},\"primaryImageOfPage\":{\"@id\":\"https:\/\/www.fiscalia.gov.co\/colombia\/noticias\/senalados-responsables-de-transportar-estupefacientes-por-vias-de-norte-santander-fueron-asegurados\/#primaryimage\"},\"image\":{\"@id\":\"https:\/\/www.fiscalia.gov.co\/colombia\/noticias\/senalados-responsables-de-transportar-estupefacientes-por-vias-de-norte-santander-fueron-asegurados\/#primaryimage\"},\"thumbnailUrl\":\"https:\/\/www.fiscalia.gov.co\/colombia\/wp-content\/uploads\/Dario-Garcia-Suescun-y-Robinson-Mandon-Noriega-judicializados-por-trafico-de-estupefacientes.jpg\",\"datePublished\":\"2025-07-31T21:43:14+00:00\",\"dateModified\":\"2025-07-31T21:44:12+00:00\",\"description\":\"P\u00e1gina oficial de la Fiscal\u00eda General de la Naci\u00f3n \u2013 Colombia. Garantizamos el acceso efectivo a la justicia, la verdad y la reparaci\u00f3n de las v\u00edctimas de los delitos.\",\"breadcrumb\":{\"@id\":\"https:\/\/www.fiscalia.gov.co\/colombia\/noticias\/senalados-responsables-de-transportar-estupefacientes-por-vias-de-norte-santander-fueron-asegurados\/#breadcrumb\"},\"inLanguage\":\"es-CO\",\"potentialAction\":[{\"@type\":\"ReadAction\",\"target\":[\"https:\/\/www.fiscalia.gov.co\/colombia\/noticias\/senalados-responsables-de-transportar-estupefacientes-por-vias-de-norte-santander-fueron-asegurados\/\"]}]},{\"@type\":\"ImageObject\",\"inLanguage\":\"es-CO\",\"@id\":\"https:\/\/www.fiscalia.gov.co\/colombia\/noticias\/senalados-responsables-de-transportar-estupefacientes-por-vias-de-norte-santander-fueron-asegurados\/#primaryimage\",\"url\":\"https:\/\/www.fiscalia.gov.co\/colombia\/wp-content\/uploads\/Dario-Garcia-Suescun-y-Robinson-Mandon-Noriega-judicializados-por-trafico-de-estupefacientes.jpg\",\"contentUrl\":\"https:\/\/www.fiscalia.gov.co\/colombia\/wp-content\/uploads\/Dario-Garcia-Suescun-y-Robinson-Mandon-Noriega-judicializados-por-trafico-de-estupefacientes.jpg\",\"width\":523,\"height\":674,\"caption\":\"Los dos hombres fueron capturados transportando sustancias il\u00edcitas por v\u00edas del departamento de Norte de Santander\"},{\"@type\":\"BreadcrumbList\",\"@id\":\"https:\/\/www.fiscalia.gov.co\/colombia\/noticias\/senalados-responsables-de-transportar-estupefacientes-por-vias-de-norte-santander-fueron-asegurados\/#breadcrumb\",\"itemListElement\":[{\"@type\":\"ListItem\",\"position\":1,\"name\":\"Home\",\"item\":\"https:\/\/www.fiscalia.gov.co\/colombia\/\"},{\"@type\":\"ListItem\",\"position\":2,\"name\":\"Se\u00f1alados responsables de transportar estupefacientes por v\u00edas de Norte Santander fueron asegurados\"}]},{\"@type\":\"WebSite\",\"@id\":\"https:\/\/www.fiscalia.gov.co\/colombia\/#website\",\"url\":\"https:\/\/www.fiscalia.gov.co\/colombia\/\",\"name\":\"Fiscal\u00eda General de la Naci\u00f3n\",\"description\":\"P\u00e1gina oficial de la Fiscal\u00eda General de la Naci\u00f3n \u2013 Colombia. Garantizamos el acceso efectivo a la justicia, la verdad y la reparaci\u00f3n de las v\u00edctimas de los delitos.\",\"publisher\":{\"@id\":\"https:\/\/www.fiscalia.gov.co\/colombia\/#organization\"},\"potentialAction\":[{\"@type\":\"SearchAction\",\"target\":{\"@type\":\"EntryPoint\",\"urlTemplate\":\"https:\/\/www.fiscalia.gov.co\/colombia\/?s={search_term_string}\"},\"query-input\":{\"@type\":\"PropertyValueSpecification\",\"valueRequired\":true,\"valueName\":\"search_term_string\"}}],\"inLanguage\":\"es-CO\"},{\"@type\":\"Organization\",\"@id\":\"https:\/\/www.fiscalia.gov.co\/colombia\/#organization\",\"name\":\"Fiscal\u00eda General de la Naci\u00f3n\",\"url\":\"https:\/\/www.fiscalia.gov.co\/colombia\/\",\"logo\":{\"@type\":\"ImageObject\",\"inLanguage\":\"es-CO\",\"@id\":\"https:\/\/www.fiscalia.gov.co\/colombia\/#\/schema\/logo\/image\/\",\"url\":\"https:\/\/www.fiscalia.gov.co\/colombia\/wp-content\/uploads\/LogoHorizontal_1.jpg\",\"contentUrl\":\"https:\/\/www.fiscalia.gov.co\/colombia\/wp-content\/uploads\/LogoHorizontal_1.jpg\",\"width\":300,\"height\":90,\"caption\":\"Fiscal\u00eda General de la Naci\u00f3n\"},\"image\":{\"@id\":\"https:\/\/www.fiscalia.gov.co\/colombia\/#\/schema\/logo\/image\/\"},\"sameAs\":[\"https:\/\/www.facebook.com\/FiscaliaCol\",\"https:\/\/x.com\/FiscaliaCol\",\"https:\/\/www.instagram.com\/fiscaliacol\",\"https:\/\/www.linkedin.com\/company\/fiscalia-general-de-la-naci-n\/\",\"https:\/\/youtube.com\/@fiscaliageneraldelanacion-4668?si=6nN79nyQICPU5iTh\"]},{\"@type\":\"Person\",\"@id\":\"https:\/\/www.fiscalia.gov.co\/colombia\/#\/schema\/person\/bf84402cf293a5393e9c70b111020b24\",\"name\":\"Jordan Leandro Oviedo Anzola\",\"image\":{\"@type\":\"ImageObject\",\"inLanguage\":\"es-CO\",\"@id\":\"https:\/\/www.fiscalia.gov.co\/colombia\/#\/schema\/person\/image\/\",\"url\":\"https:\/\/secure.gravatar.com\/avatar\/dabba4346fa9b9207d96adafa8f92721?s=96&d=mm&r=g\",\"contentUrl\":\"https:\/\/secure.gravatar.com\/avatar\/dabba4346fa9b9207d96adafa8f92721?s=96&d=mm&r=g\",\"caption\":\"Jordan Leandro Oviedo Anzola\"},\"url\":\"https:\/\/www.fiscalia.gov.co\/colombia\/author\/joviedo\/\"}]}<\/script>\n<!-- \/ Yoast SEO plugin. -->","yoast_head_json":{"title":"Fiscal\u00eda General de la Naci\u00f3n","description":"P\u00e1gina oficial de la Fiscal\u00eda General de la Naci\u00f3n \u2013 Colombia. Garantizamos el acceso efectivo a la justicia, la verdad y la reparaci\u00f3n de las v\u00edctimas de los delitos.","robots":{"index":"noindex","follow":"follow"},"og_locale":"es_ES","og_type":"article","og_title":"Fiscal\u00eda General de la Naci\u00f3n","og_description":"P\u00e1gina oficial de la Fiscal\u00eda General de la Naci\u00f3n \u2013 Colombia. Garantizamos el acceso efectivo a la justicia, la verdad y la reparaci\u00f3n de las v\u00edctimas de los delitos.","og_url":"https:\/\/www.fiscalia.gov.co\/colombia\/noticias\/senalados-responsables-de-transportar-estupefacientes-por-vias-de-norte-santander-fueron-asegurados\/","og_site_name":"Fiscal\u00eda General de la Naci\u00f3n","article_publisher":"https:\/\/www.facebook.com\/FiscaliaCol","article_published_time":"2025-07-31T21:43:14+00:00","article_modified_time":"2025-07-31T21:44:12+00:00","og_image":[{"width":523,"height":674,"url":"https:\/\/www.fiscalia.gov.co\/colombia\/wp-content\/uploads\/Dario-Garcia-Suescun-y-Robinson-Mandon-Noriega-judicializados-por-trafico-de-estupefacientes.jpg","type":"image\/jpeg"}],"author":"Jordan Leandro Oviedo Anzola","twitter_card":"summary_large_image","twitter_creator":"@FiscaliaCol","twitter_site":"@FiscaliaCol","twitter_misc":{"Escrito por":"Jordan Leandro Oviedo Anzola","Tiempo de lectura":"2 minutos"},"schema":{"@context":"https:\/\/schema.org","@graph":[{"@type":"Article","@id":"https:\/\/www.fiscalia.gov.co\/colombia\/noticias\/senalados-responsables-de-transportar-estupefacientes-por-vias-de-norte-santander-fueron-asegurados\/#article","isPartOf":{"@id":"https:\/\/www.fiscalia.gov.co\/colombia\/noticias\/senalados-responsables-de-transportar-estupefacientes-por-vias-de-norte-santander-fueron-asegurados\/"},"author":{"name":"Jordan Leandro Oviedo Anzola","@id":"https:\/\/www.fiscalia.gov.co\/colombia\/#\/schema\/person\/bf84402cf293a5393e9c70b111020b24"},"headline":"Se\u00f1alados responsables de transportar estupefacientes por v\u00edas de Norte Santander fueron asegurados","datePublished":"2025-07-31T21:43:14+00:00","dateModified":"2025-07-31T21:44:12+00:00","mainEntityOfPage":{"@id":"https:\/\/www.fiscalia.gov.co\/colombia\/noticias\/senalados-responsables-de-transportar-estupefacientes-por-vias-de-norte-santander-fueron-asegurados\/"},"wordCount":321,"publisher":{"@id":"https:\/\/www.fiscalia.gov.co\/colombia\/#organization"},"image":{"@id":"https:\/\/www.fiscalia.gov.co\/colombia\/noticias\/senalados-responsables-de-transportar-estupefacientes-por-vias-de-norte-santander-fueron-asegurados\/#primaryimage"},"thumbnailUrl":"https:\/\/www.fiscalia.gov.co\/colombia\/wp-content\/uploads\/Dario-Garcia-Suescun-y-Robinson-Mandon-Noriega-judicializados-por-trafico-de-estupefacientes.jpg","keywords":["C\u00facuta (Norte de Santander)","Estupefacientes","Fiscal Luz Adriana Camargo","Fiscal\u00eda","Fiscal\u00eda General de la Naci\u00f3n","Flagrancia","Polic\u00eda Nacional","Tr\u00e1fico de sustancias estupefacientes"],"articleSection":["Noticias","Seccional C\u00facuta","Seccionales"],"inLanguage":"es-CO"},{"@type":"WebPage","@id":"https:\/\/www.fiscalia.gov.co\/colombia\/noticias\/senalados-responsables-de-transportar-estupefacientes-por-vias-de-norte-santander-fueron-asegurados\/","url":"https:\/\/www.fiscalia.gov.co\/colombia\/noticias\/senalados-responsables-de-transportar-estupefacientes-por-vias-de-norte-santander-fueron-asegurados\/","name":"Fiscal\u00eda General de la Naci\u00f3n","isPartOf":{"@id":"https:\/\/www.fiscalia.gov.co\/colombia\/#website"},"primaryImageOfPage":{"@id":"https:\/\/www.fiscalia.gov.co\/colombia\/noticias\/senalados-responsables-de-transportar-estupefacientes-por-vias-de-norte-santander-fueron-asegurados\/#primaryimage"},"image":{"@id":"https:\/\/www.fiscalia.gov.co\/colombia\/noticias\/senalados-responsables-de-transportar-estupefacientes-por-vias-de-norte-santander-fueron-asegurados\/#primaryimage"},"thumbnailUrl":"https:\/\/www.fiscalia.gov.co\/colombia\/wp-content\/uploads\/Dario-Garcia-Suescun-y-Robinson-Mandon-Noriega-judicializados-por-trafico-de-estupefacientes.jpg","datePublished":"2025-07-31T21:43:14+00:00","dateModified":"2025-07-31T21:44:12+00:00","description":"P\u00e1gina oficial de la Fiscal\u00eda General de la Naci\u00f3n \u2013 Colombia. Garantizamos el acceso efectivo a la justicia, la verdad y la reparaci\u00f3n de las v\u00edctimas de los delitos.","breadcrumb":{"@id":"https:\/\/www.fiscalia.gov.co\/colombia\/noticias\/senalados-responsables-de-transportar-estupefacientes-por-vias-de-norte-santander-fueron-asegurados\/#breadcrumb"},"inLanguage":"es-CO","potentialAction":[{"@type":"ReadAction","target":["https:\/\/www.fiscalia.gov.co\/colombia\/noticias\/senalados-responsables-de-transportar-estupefacientes-por-vias-de-norte-santander-fueron-asegurados\/"]}]},{"@type":"ImageObject","inLanguage":"es-CO","@id":"https:\/\/www.fiscalia.gov.co\/colombia\/noticias\/senalados-responsables-de-transportar-estupefacientes-por-vias-de-norte-santander-fueron-asegurados\/#primaryimage","url":"https:\/\/www.fiscalia.gov.co\/colombia\/wp-content\/uploads\/Dario-Garcia-Suescun-y-Robinson-Mandon-Noriega-judicializados-por-trafico-de-estupefacientes.jpg","contentUrl":"https:\/\/www.fiscalia.gov.co\/colombia\/wp-content\/uploads\/Dario-Garcia-Suescun-y-Robinson-Mandon-Noriega-judicializados-por-trafico-de-estupefacientes.jpg","width":523,"height":674,"caption":"Los dos hombres fueron capturados transportando sustancias il\u00edcitas por v\u00edas del departamento de Norte de Santander"},{"@type":"BreadcrumbList","@id":"https:\/\/www.fiscalia.gov.co\/colombia\/noticias\/senalados-responsables-de-transportar-estupefacientes-por-vias-de-norte-santander-fueron-asegurados\/#breadcrumb","itemListElement":[{"@type":"ListItem","position":1,"name":"Home","item":"https:\/\/www.fiscalia.gov.co\/colombia\/"},{"@type":"ListItem","position":2,"name":"Se\u00f1alados responsables de transportar estupefacientes por v\u00edas de Norte Santander fueron asegurados"}]},{"@type":"WebSite","@id":"https:\/\/www.fiscalia.gov.co\/colombia\/#website","url":"https:\/\/www.fiscalia.gov.co\/colombia\/","name":"Fiscal\u00eda General de la Naci\u00f3n","description":"P\u00e1gina oficial de la Fiscal\u00eda General de la Naci\u00f3n \u2013 Colombia. Garantizamos el acceso efectivo a la justicia, la verdad y la reparaci\u00f3n de las v\u00edctimas de los delitos.","publisher":{"@id":"https:\/\/www.fiscalia.gov.co\/colombia\/#organization"},"potentialAction":[{"@type":"SearchAction","target":{"@type":"EntryPoint","urlTemplate":"https:\/\/www.fiscalia.gov.co\/colombia\/?s={search_term_string}"},"query-input":{"@type":"PropertyValueSpecification","valueRequired":true,"valueName":"search_term_string"}}],"inLanguage":"es-CO"},{"@type":"Organization","@id":"https:\/\/www.fiscalia.gov.co\/colombia\/#organization","name":"Fiscal\u00eda General de la Naci\u00f3n","url":"https:\/\/www.fiscalia.gov.co\/colombia\/","logo":{"@type":"ImageObject","inLanguage":"es-CO","@id":"https:\/\/www.fiscalia.gov.co\/colombia\/#\/schema\/logo\/image\/","url":"https:\/\/www.fiscalia.gov.co\/colombia\/wp-content\/uploads\/LogoHorizontal_1.jpg","contentUrl":"https:\/\/www.fiscalia.gov.co\/colombia\/wp-content\/uploads\/LogoHorizontal_1.jpg","width":300,"height":90,"caption":"Fiscal\u00eda General de la Naci\u00f3n"},"image":{"@id":"https:\/\/www.fiscalia.gov.co\/colombia\/#\/schema\/logo\/image\/"},"sameAs":["https:\/\/www.facebook.com\/FiscaliaCol","https:\/\/x.com\/FiscaliaCol","https:\/\/www.instagram.com\/fiscaliacol","https:\/\/www.linkedin.com\/company\/fiscalia-general-de-la-naci-n\/","https:\/\/youtube.com\/@fiscaliageneraldelanacion-4668?si=6nN79nyQICPU5iTh"]},{"@type":"Person","@id":"https:\/\/www.fiscalia.gov.co\/colombia\/#\/schema\/person\/bf84402cf293a5393e9c70b111020b24","name":"Jordan Leandro Oviedo Anzola","image":{"@type":"ImageObject","inLanguage":"es-CO","@id":"https:\/\/www.fiscalia.gov.co\/colombia\/#\/schema\/person\/image\/","url":"https:\/\/secure.gravatar.com\/avatar\/dabba4346fa9b9207d96adafa8f92721?s=96&d=mm&r=g","contentUrl":"https:\/\/secure.gravatar.com\/avatar\/dabba4346fa9b9207d96adafa8f92721?s=96&d=mm&r=g","caption":"Jordan Leandro Oviedo Anzola"},"url":"https:\/\/www.fiscalia.gov.co\/colombia\/author\/joviedo\/"}]}},"_links":{"self":[{"href":"https:\/\/www.fiscalia.gov.co\/colombia\/wp-json\/wp\/v2\/posts\/320147","targetHints":{"allow":["GET"]}}],"collection":[{"href":"https:\/\/www.fiscalia.gov.co\/colombia\/wp-json\/wp\/v2\/posts"}],"about":[{"href":"https:\/\/www.fiscalia.gov.co\/colombia\/wp-json\/wp\/v2\/types\/post"}],"author":[{"embeddable":true,"href":"https:\/\/www.fiscalia.gov.co\/colombia\/wp-json\/wp\/v2\/users\/177"}],"replies":[{"embeddable":true,"href":"https:\/\/www.fiscalia.gov.co\/colombia\/wp-json\/wp\/v2\/comments?post=320147"}],"version-history":[{"count":2,"href":"https:\/\/www.fiscalia.gov.co\/colombia\/wp-json\/wp\/v2\/posts\/320147\/revisions"}],"predecessor-version":[{"id":320161,"href":"https:\/\/www.fiscalia.gov.co\/colombia\/wp-json\/wp\/v2\/posts\/320147\/revisions\/320161"}],"wp:attachment":[{"href":"https:\/\/www.fiscalia.gov.co\/colombia\/wp-json\/wp\/v2\/media?parent=320147"}],"wp:term":[{"taxonomy":"category","embeddable":true,"href":"https:\/\/www.fiscalia.gov.co\/colombia\/wp-json\/wp\/v2\/categories?post=320147"},{"taxonomy":"post_tag","embeddable":true,"href":"https:\/\/www.fiscalia.gov.co\/colombia\/wp-json\/wp\/v2\/tags?post=320147"}],"curies":[{"name":"wp","href":"https:\/\/api.w.org\/{rel}","templated":true}]}}