{"id":319617,"date":"2025-07-25T09:59:42","date_gmt":"2025-07-25T14:59:42","guid":{"rendered":"https:\/\/www.fiscalia.gov.co\/colombia\/?p=319617"},"modified":"2025-07-25T14:48:26","modified_gmt":"2025-07-25T19:48:26","slug":"a-la-carcel-docente-senalado-de-abusar-sexualmente-de-una-menor-de-edad-en-un-colegio-de-bogota","status":"publish","type":"post","link":"https:\/\/www.fiscalia.gov.co\/colombia\/noticias\/a-la-carcel-docente-senalado-de-abusar-sexualmente-de-una-menor-de-edad-en-un-colegio-de-bogota\/","title":{"rendered":"A la c\u00e1rcel docente se\u00f1alado de abusar sexualmente de una menor de edad en un colegio de Bogot\u00e1"},"content":{"rendered":"<p data-ccp-border-bottom=\"0px none #000000\" data-ccp-padding-bottom=\"0px\" data-ccp-border-between=\"0px none #000000\" data-ccp-padding-between=\"0px\"><i><span data-contrast=\"auto\">El procesado habr\u00eda aprovechado su posici\u00f3n en el plantel educativo donde laboraba, para realizar tocamientos de \u00edndole sexual a una menor de 4 a\u00f1os.<\/span><\/i><span data-ccp-props=\"{&quot;201341983&quot;:0,&quot;335551550&quot;:6,&quot;335551620&quot;:6,&quot;335557856&quot;:16777215,&quot;335559685&quot;:-142,&quot;335559738&quot;:280,&quot;335559739&quot;:80,&quot;335559740&quot;:259,&quot;335572071&quot;:0,&quot;335572072&quot;:0,&quot;335572073&quot;:0,&quot;335572075&quot;:0,&quot;335572076&quot;:0,&quot;335572077&quot;:0,&quot;335572079&quot;:0,&quot;335572080&quot;:0,&quot;335572081&quot;:0,&quot;335572083&quot;:0,&quot;335572084&quot;:0,&quot;335572085&quot;:0,&quot;335572087&quot;:0,&quot;335572088&quot;:0,&quot;335572089&quot;:0,&quot;469789798&quot;:&quot;nil&quot;,&quot;469789802&quot;:&quot;nil&quot;,&quot;469789806&quot;:&quot;nil&quot;,&quot;469789810&quot;:&quot;nil&quot;,&quot;469789814&quot;:&quot;nil&quot;}\">\u00a0<\/span><\/p>\n<p data-ccp-border-bottom=\"0px none #000000\" data-ccp-padding-bottom=\"0px\" data-ccp-border-between=\"0px none #000000\" data-ccp-padding-between=\"0px\"><span data-contrast=\"auto\">Por solicitud de la <strong>Fiscal\u00eda General de la Naci\u00f3n<\/strong>, un juez de control de garant\u00edas impuso medida de aseguramiento en centro carcelario a Jorge Andr\u00e9s Rodr\u00edguez R\u00edos quien trabajaba como profesor de m\u00fasica en un colegio de la localidad de Usme, en el sur de Bogot\u00e1.<\/span><span data-ccp-props=\"{&quot;335551550&quot;:6,&quot;335551620&quot;:6,&quot;335557856&quot;:16777215,&quot;335559685&quot;:-142,&quot;335559738&quot;:280,&quot;335559739&quot;:80,&quot;335572071&quot;:0,&quot;335572072&quot;:0,&quot;335572073&quot;:0,&quot;335572075&quot;:0,&quot;335572076&quot;:0,&quot;335572077&quot;:0,&quot;335572079&quot;:0,&quot;335572080&quot;:0,&quot;335572081&quot;:0,&quot;335572083&quot;:0,&quot;335572084&quot;:0,&quot;335572085&quot;:0,&quot;335572087&quot;:0,&quot;335572088&quot;:0,&quot;335572089&quot;:0,&quot;469789798&quot;:&quot;nil&quot;,&quot;469789802&quot;:&quot;nil&quot;,&quot;469789806&quot;:&quot;nil&quot;,&quot;469789810&quot;:&quot;nil&quot;,&quot;469789814&quot;:&quot;nil&quot;}\">\u00a0<\/span><\/p>\n<figure id=\"attachment_319618\" aria-describedby=\"caption-attachment-319618\" style=\"width: 300px\" class=\"wp-caption alignnone\"><img loading=\"lazy\" decoding=\"async\" class=\"size-medium wp-image-319618\" src=\"https:\/\/www.fiscalia.gov.co\/colombia\/wp-content\/uploads\/WhatsApp-Image-2025-07-24-at-2.51.32-PM-300x207.jpeg\" alt=\"En la foto se observa a un hombre en el centro, esposado, escoltado por dos agentes de polic\u00eda judicial (CTI) con los rostros difuminados. El detenido viste una camisa beige, chaqueta oscura y jeans, y lleva una mascarilla quir\u00fargica colgando del cuello. Los agentes a su lado visten ropa negra con las palabras &quot;CTI&quot; y &quot;Polic\u00eda Judicial&quot; visibles en sus chaquetas.El fondo es un panel institucional azul con el logotipo de la Fiscal\u00eda General de la Naci\u00f3n de Colombia y su lema \u201cEn la calle y en los territorios\u201d. Tambi\u00e9n se aprecian los logotipos de otras entidades oficiales en la parte superior derecha.\" width=\"300\" height=\"207\" srcset=\"https:\/\/www.fiscalia.gov.co\/colombia\/wp-content\/uploads\/WhatsApp-Image-2025-07-24-at-2.51.32-PM-300x207.jpeg 300w, https:\/\/www.fiscalia.gov.co\/colombia\/wp-content\/uploads\/WhatsApp-Image-2025-07-24-at-2.51.32-PM-1024x707.jpeg 1024w, https:\/\/www.fiscalia.gov.co\/colombia\/wp-content\/uploads\/WhatsApp-Image-2025-07-24-at-2.51.32-PM-768x530.jpeg 768w, https:\/\/www.fiscalia.gov.co\/colombia\/wp-content\/uploads\/WhatsApp-Image-2025-07-24-at-2.51.32-PM-609x420.jpeg 609w, https:\/\/www.fiscalia.gov.co\/colombia\/wp-content\/uploads\/WhatsApp-Image-2025-07-24-at-2.51.32-PM-218x150.jpeg 218w, https:\/\/www.fiscalia.gov.co\/colombia\/wp-content\/uploads\/WhatsApp-Image-2025-07-24-at-2.51.32-PM-696x480.jpeg 696w, https:\/\/www.fiscalia.gov.co\/colombia\/wp-content\/uploads\/WhatsApp-Image-2025-07-24-at-2.51.32-PM-1068x737.jpeg 1068w, https:\/\/www.fiscalia.gov.co\/colombia\/wp-content\/uploads\/WhatsApp-Image-2025-07-24-at-2.51.32-PM-100x70.jpeg 100w, https:\/\/www.fiscalia.gov.co\/colombia\/wp-content\/uploads\/WhatsApp-Image-2025-07-24-at-2.51.32-PM.jpeg 1304w\" sizes=\"auto, (max-width: 300px) 100vw, 300px\" \/><figcaption id=\"caption-attachment-319618\" class=\"wp-caption-text\">Jorge Andr\u00e9s Rodr\u00edguez R\u00edos quien<br \/>trabajaba como profesor de m\u00fasica es se\u00f1alado de abusar de una menor 4 a\u00f1os.<\/figcaption><\/figure>\n<p data-ccp-border-bottom=\"0px none #000000\" data-ccp-padding-bottom=\"0px\" data-ccp-border-between=\"0px none #000000\" data-ccp-padding-between=\"0px\"><span data-contrast=\"auto\">Los hechos investigados ocurrieron el pasado 16 de mayo durante una actividad l\u00fadica realizada con ni\u00f1os del grado jard\u00edn en el plantel educativo.<strong> El procesado habr\u00eda llevado a la v\u00edctima de 4 a\u00f1os a un ba\u00f1o<\/strong> donde, se cree, le realiz\u00f3 tocamientos de \u00edndole sexual.<\/span><span data-ccp-props=\"{&quot;335551550&quot;:6,&quot;335551620&quot;:6,&quot;335557856&quot;:16777215,&quot;335559685&quot;:-142,&quot;335559738&quot;:280,&quot;335559739&quot;:80,&quot;335572071&quot;:0,&quot;335572072&quot;:0,&quot;335572073&quot;:0,&quot;335572075&quot;:0,&quot;335572076&quot;:0,&quot;335572077&quot;:0,&quot;335572079&quot;:0,&quot;335572080&quot;:0,&quot;335572081&quot;:0,&quot;335572083&quot;:0,&quot;335572084&quot;:0,&quot;335572085&quot;:0,&quot;335572087&quot;:0,&quot;335572088&quot;:0,&quot;335572089&quot;:0,&quot;469789798&quot;:&quot;nil&quot;,&quot;469789802&quot;:&quot;nil&quot;,&quot;469789806&quot;:&quot;nil&quot;,&quot;469789810&quot;:&quot;nil&quot;,&quot;469789814&quot;:&quot;nil&quot;}\">\u00a0<\/span><\/p>\n<p data-ccp-border-bottom=\"0px none #000000\" data-ccp-padding-bottom=\"0px\" data-ccp-border-between=\"0px none #000000\" data-ccp-padding-between=\"0px\"><span data-contrast=\"auto\">El caso fue denunciado por la mam\u00e1 de la menor, y lo report\u00f3 de inmediato a la instituci\u00f3n educativa que activ\u00f3 la ruta de atenci\u00f3n por violencia sexual infantil.<\/span><span data-ccp-props=\"{&quot;335551550&quot;:6,&quot;335551620&quot;:6,&quot;335557856&quot;:16777215,&quot;335559685&quot;:-142,&quot;335559738&quot;:280,&quot;335559739&quot;:80,&quot;335572071&quot;:0,&quot;335572072&quot;:0,&quot;335572073&quot;:0,&quot;335572075&quot;:0,&quot;335572076&quot;:0,&quot;335572077&quot;:0,&quot;335572079&quot;:0,&quot;335572080&quot;:0,&quot;335572081&quot;:0,&quot;335572083&quot;:0,&quot;335572084&quot;:0,&quot;335572085&quot;:0,&quot;335572087&quot;:0,&quot;335572088&quot;:0,&quot;335572089&quot;:0,&quot;469789798&quot;:&quot;nil&quot;,&quot;469789802&quot;:&quot;nil&quot;,&quot;469789806&quot;:&quot;nil&quot;,&quot;469789810&quot;:&quot;nil&quot;,&quot;469789814&quot;:&quot;nil&quot;}\">\u00a0<\/span><\/p>\n<p data-ccp-border-bottom=\"0px none #000000\" data-ccp-padding-bottom=\"0px\" data-ccp-border-between=\"0px none #000000\" data-ccp-padding-between=\"0px\"><span data-contrast=\"auto\">Rodr\u00edguez R\u00edos fue capturado por servidores del<strong> CTI<\/strong> el pasado 18 de julio en v\u00eda p\u00fablica del barrio La Candelaria en el centro de la capital del pa\u00eds. Un fiscal de la Unidad Especial de Investigaci\u00f3n de Delitos contra Ni\u00f1as, Ni\u00f1os y Adolescentes <strong>(UENNA)<\/strong> le imput\u00f3 el delito de acto sexual con menor de 14 a\u00f1os agravado, cargo que no acept\u00f3.<\/span><span data-ccp-props=\"{&quot;335551550&quot;:6,&quot;335551620&quot;:6,&quot;335557856&quot;:16777215,&quot;335559685&quot;:-142,&quot;335559738&quot;:280,&quot;335559739&quot;:80,&quot;335572071&quot;:0,&quot;335572072&quot;:0,&quot;335572073&quot;:0,&quot;335572075&quot;:0,&quot;335572076&quot;:0,&quot;335572077&quot;:0,&quot;335572079&quot;:0,&quot;335572080&quot;:0,&quot;335572081&quot;:0,&quot;335572083&quot;:0,&quot;335572084&quot;:0,&quot;335572085&quot;:0,&quot;335572087&quot;:0,&quot;335572088&quot;:0,&quot;335572089&quot;:0,&quot;469789798&quot;:&quot;nil&quot;,&quot;469789802&quot;:&quot;nil&quot;,&quot;469789806&quot;:&quot;nil&quot;,&quot;469789810&quot;:&quot;nil&quot;,&quot;469789814&quot;:&quot;nil&quot;}\">\u00a0<\/span><\/p>\n<p data-ccp-border-between=\"0px none #000000\" data-ccp-padding-between=\"0px\"><span data-contrast=\"auto\">JPP\/MAGA\/ERR\/UENNA<\/span><span data-ccp-props=\"{&quot;335551550&quot;:6,&quot;335551620&quot;:6,&quot;335557856&quot;:16777215,&quot;335559685&quot;:-142,&quot;335559738&quot;:280,&quot;335559739&quot;:80,&quot;335572071&quot;:0,&quot;335572072&quot;:0,&quot;335572073&quot;:0,&quot;335572075&quot;:0,&quot;335572076&quot;:0,&quot;335572077&quot;:0,&quot;335572079&quot;:0,&quot;335572080&quot;:0,&quot;335572081&quot;:0,&quot;335572083&quot;:0,&quot;335572084&quot;:0,&quot;335572085&quot;:0,&quot;335572087&quot;:0,&quot;335572088&quot;:0,&quot;335572089&quot;:0,&quot;469789798&quot;:&quot;nil&quot;,&quot;469789802&quot;:&quot;nil&quot;,&quot;469789806&quot;:&quot;nil&quot;,&quot;469789810&quot;:&quot;nil&quot;,&quot;469789814&quot;:&quot;nil&quot;}\">\u00a0<\/span><\/p>\n<p data-ccp-border-between=\"0px none #000000\" data-ccp-padding-between=\"0px\">\n<p data-ccp-border-between=\"0px none #000000\" data-ccp-padding-between=\"0px\">\n<p data-ccp-border-between=\"0px none #000000\" data-ccp-padding-between=\"0px\">\n<p data-ccp-border-between=\"0px none #000000\" data-ccp-padding-between=\"0px\"><i data-ogsc=\"\">La informaci\u00f3n contenida en este bolet\u00edn de prensa corresponde a la narraci\u00f3n de los hechos noticiosos objetivos, suministrados por los funcionarios encargados de adelantar las investigaciones penales al interior de la Fiscal\u00eda General de la Naci\u00f3n. Para el momento de la divulgaci\u00f3n de este comunicado, la situaci\u00f3n jur\u00eddica de la(s) persona(s) relacionada(s) se encuentra pendiente de resolver por la autoridad judicial competente, siempre bajo los preceptos de la presunci\u00f3n de inocencia, consagrados en el art\u00edculo 29 de la Constituci\u00f3n Pol\u00edtica y el art\u00edculo 7\u00ba de la Ley 906 de 2004.<\/i><\/p>\n\n<div class=\"twitter-share\"><a href=\"https:\/\/twitter.com\/intent\/tweet?via=fiscaliacol\" class=\"twitter-share-button\">Tweet<\/a><\/div>\n","protected":false},"excerpt":{"rendered":"<p>El procesado habr\u00eda aprovechado su posici\u00f3n en el plantel educativo donde laboraba, para realizar tocamientos de \u00edndole sexual a una menor de 4 a\u00f1os.\u00a0 Por solicitud de la Fiscal\u00eda General de la Naci\u00f3n, un juez de control de garant\u00edas impuso medida de aseguramiento en centro carcelario a Jorge Andr\u00e9s Rodr\u00edguez R\u00edos quien trabajaba como profesor [&hellip;]<\/p>\n","protected":false},"author":181,"featured_media":0,"comment_status":"closed","ping_status":"open","sticky":false,"template":"","format":"standard","meta":{"_price":"","_stock":"","_tribe_ticket_header":"","_tribe_default_ticket_provider":"","_tribe_ticket_capacity":"0","_ticket_start_date":"","_ticket_end_date":"","_tribe_ticket_show_description":"","_tribe_ticket_show_not_going":false,"_tribe_ticket_use_global_stock":"","_tribe_ticket_global_stock_level":"","_global_stock_mode":"","_global_stock_cap":"","_tribe_rsvp_for_event":"","_tribe_ticket_going_count":"","_tribe_ticket_not_going_count":"","_tribe_tickets_list":"[]","_tribe_ticket_has_attendee_info_fields":false,"tdm_status":"","tdm_grid_status":"","footnotes":""},"categories":[1,24099],"tags":[42153,12184,37492,4614,1047,37671,40513],"class_list":{"0":"post-319617","1":"post","2":"type-post","3":"status-publish","4":"format-standard","6":"category-noticias","7":"category-seguridad-territorial","8":"tag-abuso-sexual-menor-de-edad","9":"tag-fiscal","10":"tag-fiscal-luz-adriana-camargo","11":"tag-fiscalia-2","12":"tag-fiscalia-general-de-la-nacion","13":"tag-noticias","14":"tag-uenna"},"yoast_head":"<!-- This site is optimized with the Yoast SEO plugin v24.3 - https:\/\/yoast.com\/wordpress\/plugins\/seo\/ -->\n<title>Fiscal\u00eda General de la Naci\u00f3n<\/title>\n<meta name=\"description\" content=\"P\u00e1gina oficial de la Fiscal\u00eda General de la Naci\u00f3n \u2013 Colombia. Garantizamos el acceso efectivo a la justicia, la verdad y la reparaci\u00f3n de las v\u00edctimas de los delitos.\" \/>\n<meta name=\"robots\" content=\"noindex, follow\" \/>\n<meta property=\"og:locale\" content=\"es_ES\" \/>\n<meta property=\"og:type\" content=\"article\" \/>\n<meta property=\"og:title\" content=\"Fiscal\u00eda General de la Naci\u00f3n\" \/>\n<meta property=\"og:description\" content=\"P\u00e1gina oficial de la Fiscal\u00eda General de la Naci\u00f3n \u2013 Colombia. Garantizamos el acceso efectivo a la justicia, la verdad y la reparaci\u00f3n de las v\u00edctimas de los delitos.\" \/>\n<meta property=\"og:url\" content=\"https:\/\/www.fiscalia.gov.co\/colombia\/noticias\/a-la-carcel-docente-senalado-de-abusar-sexualmente-de-una-menor-de-edad-en-un-colegio-de-bogota\/\" \/>\n<meta property=\"og:site_name\" content=\"Fiscal\u00eda General de la Naci\u00f3n\" \/>\n<meta property=\"article:publisher\" content=\"https:\/\/www.facebook.com\/FiscaliaCol\" \/>\n<meta property=\"article:published_time\" content=\"2025-07-25T14:59:42+00:00\" \/>\n<meta property=\"article:modified_time\" content=\"2025-07-25T19:48:26+00:00\" \/>\n<meta property=\"og:image\" content=\"https:\/\/www.fiscalia.gov.co\/colombia\/wp-content\/uploads\/WhatsApp-Image-2025-07-24-at-2.51.32-PM.jpeg\" \/>\n\t<meta property=\"og:image:width\" content=\"1304\" \/>\n\t<meta property=\"og:image:height\" content=\"900\" \/>\n\t<meta property=\"og:image:type\" content=\"image\/jpeg\" \/>\n<meta name=\"author\" content=\"Johanna Islenny Prieto Pe\u00f1a\" \/>\n<meta name=\"twitter:card\" content=\"summary_large_image\" \/>\n<meta name=\"twitter:creator\" content=\"@FiscaliaCol\" \/>\n<meta name=\"twitter:site\" content=\"@FiscaliaCol\" \/>\n<meta name=\"twitter:label1\" content=\"Escrito por\" \/>\n\t<meta name=\"twitter:data1\" content=\"Johanna Islenny Prieto Pe\u00f1a\" \/>\n\t<meta name=\"twitter:label2\" content=\"Tiempo de lectura\" \/>\n\t<meta name=\"twitter:data2\" content=\"2 minutos\" \/>\n<script type=\"application\/ld+json\" class=\"yoast-schema-graph\">{\"@context\":\"https:\/\/schema.org\",\"@graph\":[{\"@type\":\"Article\",\"@id\":\"https:\/\/www.fiscalia.gov.co\/colombia\/noticias\/a-la-carcel-docente-senalado-de-abusar-sexualmente-de-una-menor-de-edad-en-un-colegio-de-bogota\/#article\",\"isPartOf\":{\"@id\":\"https:\/\/www.fiscalia.gov.co\/colombia\/noticias\/a-la-carcel-docente-senalado-de-abusar-sexualmente-de-una-menor-de-edad-en-un-colegio-de-bogota\/\"},\"author\":{\"name\":\"Johanna Islenny Prieto Pe\u00f1a\",\"@id\":\"https:\/\/www.fiscalia.gov.co\/colombia\/#\/schema\/person\/ba9eca435947489fb25117a0cd75bf3e\"},\"headline\":\"A la c\u00e1rcel docente se\u00f1alado de abusar sexualmente de una menor de edad en un colegio de Bogot\u00e1\",\"datePublished\":\"2025-07-25T14:59:42+00:00\",\"dateModified\":\"2025-07-25T19:48:26+00:00\",\"mainEntityOfPage\":{\"@id\":\"https:\/\/www.fiscalia.gov.co\/colombia\/noticias\/a-la-carcel-docente-senalado-de-abusar-sexualmente-de-una-menor-de-edad-en-un-colegio-de-bogota\/\"},\"wordCount\":384,\"publisher\":{\"@id\":\"https:\/\/www.fiscalia.gov.co\/colombia\/#organization\"},\"image\":{\"@id\":\"https:\/\/www.fiscalia.gov.co\/colombia\/noticias\/a-la-carcel-docente-senalado-de-abusar-sexualmente-de-una-menor-de-edad-en-un-colegio-de-bogota\/#primaryimage\"},\"thumbnailUrl\":\"https:\/\/www.fiscalia.gov.co\/colombia\/wp-content\/uploads\/WhatsApp-Image-2025-07-24-at-2.51.32-PM-300x207.jpeg\",\"keywords\":[\"abuso sexual menor de edad\",\"Fiscal\",\"Fiscal Luz Adriana Camargo\",\"Fiscal\u00eda\",\"Fiscal\u00eda General de la Naci\u00f3n\",\"Noticias\",\"UENNA.\"],\"articleSection\":[\"Noticias\",\"Seguridad territorial\"],\"inLanguage\":\"es-CO\"},{\"@type\":\"WebPage\",\"@id\":\"https:\/\/www.fiscalia.gov.co\/colombia\/noticias\/a-la-carcel-docente-senalado-de-abusar-sexualmente-de-una-menor-de-edad-en-un-colegio-de-bogota\/\",\"url\":\"https:\/\/www.fiscalia.gov.co\/colombia\/noticias\/a-la-carcel-docente-senalado-de-abusar-sexualmente-de-una-menor-de-edad-en-un-colegio-de-bogota\/\",\"name\":\"Fiscal\u00eda General de la Naci\u00f3n\",\"isPartOf\":{\"@id\":\"https:\/\/www.fiscalia.gov.co\/colombia\/#website\"},\"primaryImageOfPage\":{\"@id\":\"https:\/\/www.fiscalia.gov.co\/colombia\/noticias\/a-la-carcel-docente-senalado-de-abusar-sexualmente-de-una-menor-de-edad-en-un-colegio-de-bogota\/#primaryimage\"},\"image\":{\"@id\":\"https:\/\/www.fiscalia.gov.co\/colombia\/noticias\/a-la-carcel-docente-senalado-de-abusar-sexualmente-de-una-menor-de-edad-en-un-colegio-de-bogota\/#primaryimage\"},\"thumbnailUrl\":\"https:\/\/www.fiscalia.gov.co\/colombia\/wp-content\/uploads\/WhatsApp-Image-2025-07-24-at-2.51.32-PM-300x207.jpeg\",\"datePublished\":\"2025-07-25T14:59:42+00:00\",\"dateModified\":\"2025-07-25T19:48:26+00:00\",\"description\":\"P\u00e1gina oficial de la Fiscal\u00eda General de la Naci\u00f3n \u2013 Colombia. Garantizamos el acceso efectivo a la justicia, la verdad y la reparaci\u00f3n de las v\u00edctimas de los delitos.\",\"breadcrumb\":{\"@id\":\"https:\/\/www.fiscalia.gov.co\/colombia\/noticias\/a-la-carcel-docente-senalado-de-abusar-sexualmente-de-una-menor-de-edad-en-un-colegio-de-bogota\/#breadcrumb\"},\"inLanguage\":\"es-CO\",\"potentialAction\":[{\"@type\":\"ReadAction\",\"target\":[\"https:\/\/www.fiscalia.gov.co\/colombia\/noticias\/a-la-carcel-docente-senalado-de-abusar-sexualmente-de-una-menor-de-edad-en-un-colegio-de-bogota\/\"]}]},{\"@type\":\"ImageObject\",\"inLanguage\":\"es-CO\",\"@id\":\"https:\/\/www.fiscalia.gov.co\/colombia\/noticias\/a-la-carcel-docente-senalado-de-abusar-sexualmente-de-una-menor-de-edad-en-un-colegio-de-bogota\/#primaryimage\",\"url\":\"https:\/\/www.fiscalia.gov.co\/colombia\/wp-content\/uploads\/WhatsApp-Image-2025-07-24-at-2.51.32-PM.jpeg\",\"contentUrl\":\"https:\/\/www.fiscalia.gov.co\/colombia\/wp-content\/uploads\/WhatsApp-Image-2025-07-24-at-2.51.32-PM.jpeg\",\"width\":1304,\"height\":900,\"caption\":\"Jorge Andr\u00e9s Rodr\u00edguez R\u00edos quien trabajaba como profesor de m\u00fasica es se\u00f1alado de abusar de una menor 4 a\u00f1os.\"},{\"@type\":\"BreadcrumbList\",\"@id\":\"https:\/\/www.fiscalia.gov.co\/colombia\/noticias\/a-la-carcel-docente-senalado-de-abusar-sexualmente-de-una-menor-de-edad-en-un-colegio-de-bogota\/#breadcrumb\",\"itemListElement\":[{\"@type\":\"ListItem\",\"position\":1,\"name\":\"Home\",\"item\":\"https:\/\/www.fiscalia.gov.co\/colombia\/\"},{\"@type\":\"ListItem\",\"position\":2,\"name\":\"A la c\u00e1rcel docente se\u00f1alado de abusar sexualmente de una menor de edad en un colegio de Bogot\u00e1\"}]},{\"@type\":\"WebSite\",\"@id\":\"https:\/\/www.fiscalia.gov.co\/colombia\/#website\",\"url\":\"https:\/\/www.fiscalia.gov.co\/colombia\/\",\"name\":\"Fiscal\u00eda General de la Naci\u00f3n\",\"description\":\"P\u00e1gina oficial de la Fiscal\u00eda General de la Naci\u00f3n \u2013 Colombia. Garantizamos el acceso efectivo a la justicia, la verdad y la reparaci\u00f3n de las v\u00edctimas de los delitos.\",\"publisher\":{\"@id\":\"https:\/\/www.fiscalia.gov.co\/colombia\/#organization\"},\"potentialAction\":[{\"@type\":\"SearchAction\",\"target\":{\"@type\":\"EntryPoint\",\"urlTemplate\":\"https:\/\/www.fiscalia.gov.co\/colombia\/?s={search_term_string}\"},\"query-input\":{\"@type\":\"PropertyValueSpecification\",\"valueRequired\":true,\"valueName\":\"search_term_string\"}}],\"inLanguage\":\"es-CO\"},{\"@type\":\"Organization\",\"@id\":\"https:\/\/www.fiscalia.gov.co\/colombia\/#organization\",\"name\":\"Fiscal\u00eda General de la Naci\u00f3n\",\"url\":\"https:\/\/www.fiscalia.gov.co\/colombia\/\",\"logo\":{\"@type\":\"ImageObject\",\"inLanguage\":\"es-CO\",\"@id\":\"https:\/\/www.fiscalia.gov.co\/colombia\/#\/schema\/logo\/image\/\",\"url\":\"https:\/\/www.fiscalia.gov.co\/colombia\/wp-content\/uploads\/LogoHorizontal_1.jpg\",\"contentUrl\":\"https:\/\/www.fiscalia.gov.co\/colombia\/wp-content\/uploads\/LogoHorizontal_1.jpg\",\"width\":300,\"height\":90,\"caption\":\"Fiscal\u00eda General de la Naci\u00f3n\"},\"image\":{\"@id\":\"https:\/\/www.fiscalia.gov.co\/colombia\/#\/schema\/logo\/image\/\"},\"sameAs\":[\"https:\/\/www.facebook.com\/FiscaliaCol\",\"https:\/\/x.com\/FiscaliaCol\",\"https:\/\/www.instagram.com\/fiscaliacol\",\"https:\/\/www.linkedin.com\/company\/fiscalia-general-de-la-naci-n\/\",\"https:\/\/youtube.com\/@fiscaliageneraldelanacion-4668?si=6nN79nyQICPU5iTh\"]},{\"@type\":\"Person\",\"@id\":\"https:\/\/www.fiscalia.gov.co\/colombia\/#\/schema\/person\/ba9eca435947489fb25117a0cd75bf3e\",\"name\":\"Johanna Islenny Prieto Pe\u00f1a\",\"image\":{\"@type\":\"ImageObject\",\"inLanguage\":\"es-CO\",\"@id\":\"https:\/\/www.fiscalia.gov.co\/colombia\/#\/schema\/person\/image\/\",\"url\":\"https:\/\/secure.gravatar.com\/avatar\/111433fc2acb037ffb768f6a3ca47864?s=96&d=mm&r=g\",\"contentUrl\":\"https:\/\/secure.gravatar.com\/avatar\/111433fc2acb037ffb768f6a3ca47864?s=96&d=mm&r=g\",\"caption\":\"Johanna Islenny Prieto Pe\u00f1a\"},\"url\":\"https:\/\/www.fiscalia.gov.co\/colombia\/author\/jprietop\/\"}]}<\/script>\n<!-- \/ Yoast SEO plugin. -->","yoast_head_json":{"title":"Fiscal\u00eda General de la Naci\u00f3n","description":"P\u00e1gina oficial de la Fiscal\u00eda General de la Naci\u00f3n \u2013 Colombia. Garantizamos el acceso efectivo a la justicia, la verdad y la reparaci\u00f3n de las v\u00edctimas de los delitos.","robots":{"index":"noindex","follow":"follow"},"og_locale":"es_ES","og_type":"article","og_title":"Fiscal\u00eda General de la Naci\u00f3n","og_description":"P\u00e1gina oficial de la Fiscal\u00eda General de la Naci\u00f3n \u2013 Colombia. Garantizamos el acceso efectivo a la justicia, la verdad y la reparaci\u00f3n de las v\u00edctimas de los delitos.","og_url":"https:\/\/www.fiscalia.gov.co\/colombia\/noticias\/a-la-carcel-docente-senalado-de-abusar-sexualmente-de-una-menor-de-edad-en-un-colegio-de-bogota\/","og_site_name":"Fiscal\u00eda General de la Naci\u00f3n","article_publisher":"https:\/\/www.facebook.com\/FiscaliaCol","article_published_time":"2025-07-25T14:59:42+00:00","article_modified_time":"2025-07-25T19:48:26+00:00","og_image":[{"width":1304,"height":900,"url":"https:\/\/www.fiscalia.gov.co\/colombia\/wp-content\/uploads\/WhatsApp-Image-2025-07-24-at-2.51.32-PM.jpeg","type":"image\/jpeg"}],"author":"Johanna Islenny Prieto Pe\u00f1a","twitter_card":"summary_large_image","twitter_creator":"@FiscaliaCol","twitter_site":"@FiscaliaCol","twitter_misc":{"Escrito por":"Johanna Islenny Prieto Pe\u00f1a","Tiempo de lectura":"2 minutos"},"schema":{"@context":"https:\/\/schema.org","@graph":[{"@type":"Article","@id":"https:\/\/www.fiscalia.gov.co\/colombia\/noticias\/a-la-carcel-docente-senalado-de-abusar-sexualmente-de-una-menor-de-edad-en-un-colegio-de-bogota\/#article","isPartOf":{"@id":"https:\/\/www.fiscalia.gov.co\/colombia\/noticias\/a-la-carcel-docente-senalado-de-abusar-sexualmente-de-una-menor-de-edad-en-un-colegio-de-bogota\/"},"author":{"name":"Johanna Islenny Prieto Pe\u00f1a","@id":"https:\/\/www.fiscalia.gov.co\/colombia\/#\/schema\/person\/ba9eca435947489fb25117a0cd75bf3e"},"headline":"A la c\u00e1rcel docente se\u00f1alado de abusar sexualmente de una menor de edad en un colegio de Bogot\u00e1","datePublished":"2025-07-25T14:59:42+00:00","dateModified":"2025-07-25T19:48:26+00:00","mainEntityOfPage":{"@id":"https:\/\/www.fiscalia.gov.co\/colombia\/noticias\/a-la-carcel-docente-senalado-de-abusar-sexualmente-de-una-menor-de-edad-en-un-colegio-de-bogota\/"},"wordCount":384,"publisher":{"@id":"https:\/\/www.fiscalia.gov.co\/colombia\/#organization"},"image":{"@id":"https:\/\/www.fiscalia.gov.co\/colombia\/noticias\/a-la-carcel-docente-senalado-de-abusar-sexualmente-de-una-menor-de-edad-en-un-colegio-de-bogota\/#primaryimage"},"thumbnailUrl":"https:\/\/www.fiscalia.gov.co\/colombia\/wp-content\/uploads\/WhatsApp-Image-2025-07-24-at-2.51.32-PM-300x207.jpeg","keywords":["abuso sexual menor de edad","Fiscal","Fiscal Luz Adriana Camargo","Fiscal\u00eda","Fiscal\u00eda General de la Naci\u00f3n","Noticias","UENNA."],"articleSection":["Noticias","Seguridad territorial"],"inLanguage":"es-CO"},{"@type":"WebPage","@id":"https:\/\/www.fiscalia.gov.co\/colombia\/noticias\/a-la-carcel-docente-senalado-de-abusar-sexualmente-de-una-menor-de-edad-en-un-colegio-de-bogota\/","url":"https:\/\/www.fiscalia.gov.co\/colombia\/noticias\/a-la-carcel-docente-senalado-de-abusar-sexualmente-de-una-menor-de-edad-en-un-colegio-de-bogota\/","name":"Fiscal\u00eda General de la Naci\u00f3n","isPartOf":{"@id":"https:\/\/www.fiscalia.gov.co\/colombia\/#website"},"primaryImageOfPage":{"@id":"https:\/\/www.fiscalia.gov.co\/colombia\/noticias\/a-la-carcel-docente-senalado-de-abusar-sexualmente-de-una-menor-de-edad-en-un-colegio-de-bogota\/#primaryimage"},"image":{"@id":"https:\/\/www.fiscalia.gov.co\/colombia\/noticias\/a-la-carcel-docente-senalado-de-abusar-sexualmente-de-una-menor-de-edad-en-un-colegio-de-bogota\/#primaryimage"},"thumbnailUrl":"https:\/\/www.fiscalia.gov.co\/colombia\/wp-content\/uploads\/WhatsApp-Image-2025-07-24-at-2.51.32-PM-300x207.jpeg","datePublished":"2025-07-25T14:59:42+00:00","dateModified":"2025-07-25T19:48:26+00:00","description":"P\u00e1gina oficial de la Fiscal\u00eda General de la Naci\u00f3n \u2013 Colombia. Garantizamos el acceso efectivo a la justicia, la verdad y la reparaci\u00f3n de las v\u00edctimas de los delitos.","breadcrumb":{"@id":"https:\/\/www.fiscalia.gov.co\/colombia\/noticias\/a-la-carcel-docente-senalado-de-abusar-sexualmente-de-una-menor-de-edad-en-un-colegio-de-bogota\/#breadcrumb"},"inLanguage":"es-CO","potentialAction":[{"@type":"ReadAction","target":["https:\/\/www.fiscalia.gov.co\/colombia\/noticias\/a-la-carcel-docente-senalado-de-abusar-sexualmente-de-una-menor-de-edad-en-un-colegio-de-bogota\/"]}]},{"@type":"ImageObject","inLanguage":"es-CO","@id":"https:\/\/www.fiscalia.gov.co\/colombia\/noticias\/a-la-carcel-docente-senalado-de-abusar-sexualmente-de-una-menor-de-edad-en-un-colegio-de-bogota\/#primaryimage","url":"https:\/\/www.fiscalia.gov.co\/colombia\/wp-content\/uploads\/WhatsApp-Image-2025-07-24-at-2.51.32-PM.jpeg","contentUrl":"https:\/\/www.fiscalia.gov.co\/colombia\/wp-content\/uploads\/WhatsApp-Image-2025-07-24-at-2.51.32-PM.jpeg","width":1304,"height":900,"caption":"Jorge Andr\u00e9s Rodr\u00edguez R\u00edos quien trabajaba como profesor de m\u00fasica es se\u00f1alado de abusar de una menor 4 a\u00f1os."},{"@type":"BreadcrumbList","@id":"https:\/\/www.fiscalia.gov.co\/colombia\/noticias\/a-la-carcel-docente-senalado-de-abusar-sexualmente-de-una-menor-de-edad-en-un-colegio-de-bogota\/#breadcrumb","itemListElement":[{"@type":"ListItem","position":1,"name":"Home","item":"https:\/\/www.fiscalia.gov.co\/colombia\/"},{"@type":"ListItem","position":2,"name":"A la c\u00e1rcel docente se\u00f1alado de abusar sexualmente de una menor de edad en un colegio de Bogot\u00e1"}]},{"@type":"WebSite","@id":"https:\/\/www.fiscalia.gov.co\/colombia\/#website","url":"https:\/\/www.fiscalia.gov.co\/colombia\/","name":"Fiscal\u00eda General de la Naci\u00f3n","description":"P\u00e1gina oficial de la Fiscal\u00eda General de la Naci\u00f3n \u2013 Colombia. Garantizamos el acceso efectivo a la justicia, la verdad y la reparaci\u00f3n de las v\u00edctimas de los delitos.","publisher":{"@id":"https:\/\/www.fiscalia.gov.co\/colombia\/#organization"},"potentialAction":[{"@type":"SearchAction","target":{"@type":"EntryPoint","urlTemplate":"https:\/\/www.fiscalia.gov.co\/colombia\/?s={search_term_string}"},"query-input":{"@type":"PropertyValueSpecification","valueRequired":true,"valueName":"search_term_string"}}],"inLanguage":"es-CO"},{"@type":"Organization","@id":"https:\/\/www.fiscalia.gov.co\/colombia\/#organization","name":"Fiscal\u00eda General de la Naci\u00f3n","url":"https:\/\/www.fiscalia.gov.co\/colombia\/","logo":{"@type":"ImageObject","inLanguage":"es-CO","@id":"https:\/\/www.fiscalia.gov.co\/colombia\/#\/schema\/logo\/image\/","url":"https:\/\/www.fiscalia.gov.co\/colombia\/wp-content\/uploads\/LogoHorizontal_1.jpg","contentUrl":"https:\/\/www.fiscalia.gov.co\/colombia\/wp-content\/uploads\/LogoHorizontal_1.jpg","width":300,"height":90,"caption":"Fiscal\u00eda General de la Naci\u00f3n"},"image":{"@id":"https:\/\/www.fiscalia.gov.co\/colombia\/#\/schema\/logo\/image\/"},"sameAs":["https:\/\/www.facebook.com\/FiscaliaCol","https:\/\/x.com\/FiscaliaCol","https:\/\/www.instagram.com\/fiscaliacol","https:\/\/www.linkedin.com\/company\/fiscalia-general-de-la-naci-n\/","https:\/\/youtube.com\/@fiscaliageneraldelanacion-4668?si=6nN79nyQICPU5iTh"]},{"@type":"Person","@id":"https:\/\/www.fiscalia.gov.co\/colombia\/#\/schema\/person\/ba9eca435947489fb25117a0cd75bf3e","name":"Johanna Islenny Prieto Pe\u00f1a","image":{"@type":"ImageObject","inLanguage":"es-CO","@id":"https:\/\/www.fiscalia.gov.co\/colombia\/#\/schema\/person\/image\/","url":"https:\/\/secure.gravatar.com\/avatar\/111433fc2acb037ffb768f6a3ca47864?s=96&d=mm&r=g","contentUrl":"https:\/\/secure.gravatar.com\/avatar\/111433fc2acb037ffb768f6a3ca47864?s=96&d=mm&r=g","caption":"Johanna Islenny Prieto Pe\u00f1a"},"url":"https:\/\/www.fiscalia.gov.co\/colombia\/author\/jprietop\/"}]}},"_links":{"self":[{"href":"https:\/\/www.fiscalia.gov.co\/colombia\/wp-json\/wp\/v2\/posts\/319617","targetHints":{"allow":["GET"]}}],"collection":[{"href":"https:\/\/www.fiscalia.gov.co\/colombia\/wp-json\/wp\/v2\/posts"}],"about":[{"href":"https:\/\/www.fiscalia.gov.co\/colombia\/wp-json\/wp\/v2\/types\/post"}],"author":[{"embeddable":true,"href":"https:\/\/www.fiscalia.gov.co\/colombia\/wp-json\/wp\/v2\/users\/181"}],"replies":[{"embeddable":true,"href":"https:\/\/www.fiscalia.gov.co\/colombia\/wp-json\/wp\/v2\/comments?post=319617"}],"version-history":[{"count":2,"href":"https:\/\/www.fiscalia.gov.co\/colombia\/wp-json\/wp\/v2\/posts\/319617\/revisions"}],"predecessor-version":[{"id":319651,"href":"https:\/\/www.fiscalia.gov.co\/colombia\/wp-json\/wp\/v2\/posts\/319617\/revisions\/319651"}],"wp:attachment":[{"href":"https:\/\/www.fiscalia.gov.co\/colombia\/wp-json\/wp\/v2\/media?parent=319617"}],"wp:term":[{"taxonomy":"category","embeddable":true,"href":"https:\/\/www.fiscalia.gov.co\/colombia\/wp-json\/wp\/v2\/categories?post=319617"},{"taxonomy":"post_tag","embeddable":true,"href":"https:\/\/www.fiscalia.gov.co\/colombia\/wp-json\/wp\/v2\/tags?post=319617"}],"curies":[{"name":"wp","href":"https:\/\/api.w.org\/{rel}","templated":true}]}}