{"id":319430,"date":"2025-07-23T16:35:32","date_gmt":"2025-07-23T21:35:32","guid":{"rendered":"https:\/\/www.fiscalia.gov.co\/colombia\/?p=319430"},"modified":"2025-07-23T16:35:32","modified_gmt":"2025-07-23T21:35:32","slug":"fiscalia-afecto-organizacion-delincuencial-dedicada-a-la-extorsion-en-la-comuna-5-de-medellin","status":"publish","type":"post","link":"https:\/\/www.fiscalia.gov.co\/colombia\/noticias\/fiscalia-afecto-organizacion-delincuencial-dedicada-a-la-extorsion-en-la-comuna-5-de-medellin\/","title":{"rendered":"Fiscal\u00eda afect\u00f3 organizaci\u00f3n delincuencial dedicada a la extorsi\u00f3n en la Comuna 5 de Medell\u00edn"},"content":{"rendered":"<p class=\"x_elementToProof\" data-ogsc=\"rgb(0, 0, 0)\">Por solicitud de la Fiscal\u00eda General de la Naci\u00f3n un Juez con funciones de control de garant\u00edas impuso medida de aseguramiento en centro carcelario en contra de 13 presuntos <strong>integrantes del grupo delincuencial Los Mondongueros<\/strong>, con injerencia en la zona noroccidental de Medell\u00edn.<\/p>\n<figure id=\"attachment_319431\" aria-describedby=\"caption-attachment-319431\" style=\"width: 696px\" class=\"wp-caption aligncenter\"><img loading=\"lazy\" decoding=\"async\" class=\"size-large wp-image-319431\" src=\"https:\/\/www.fiscalia.gov.co\/colombia\/wp-content\/uploads\/GDCO-Los-Mondongeros-1024x526.jpg\" alt=\"En la imagen est\u00e1n los 13 procesados con dos servidores del Gaula de la Polic\u00eda Nacional.\" width=\"696\" height=\"358\" srcset=\"https:\/\/www.fiscalia.gov.co\/colombia\/wp-content\/uploads\/GDCO-Los-Mondongeros-1024x526.jpg 1024w, https:\/\/www.fiscalia.gov.co\/colombia\/wp-content\/uploads\/GDCO-Los-Mondongeros-300x154.jpg 300w, https:\/\/www.fiscalia.gov.co\/colombia\/wp-content\/uploads\/GDCO-Los-Mondongeros-768x395.jpg 768w, https:\/\/www.fiscalia.gov.co\/colombia\/wp-content\/uploads\/GDCO-Los-Mondongeros-1536x789.jpg 1536w, https:\/\/www.fiscalia.gov.co\/colombia\/wp-content\/uploads\/GDCO-Los-Mondongeros-818x420.jpg 818w, https:\/\/www.fiscalia.gov.co\/colombia\/wp-content\/uploads\/GDCO-Los-Mondongeros-696x358.jpg 696w, https:\/\/www.fiscalia.gov.co\/colombia\/wp-content\/uploads\/GDCO-Los-Mondongeros-1068x549.jpg 1068w, https:\/\/www.fiscalia.gov.co\/colombia\/wp-content\/uploads\/GDCO-Los-Mondongeros.jpg 1600w\" sizes=\"auto, (max-width: 696px) 100vw, 696px\" \/><figcaption id=\"caption-attachment-319431\" class=\"wp-caption-text\">Presuntos integrantes del grupo delincuencial Los Mondongueros que delinquen en La Comuna 5 (Castilla) de Medell\u00edn<\/figcaption><\/figure>\n<p data-ogsc=\"rgb(0, 0, 0)\">\u00a0Los afectados con la <strong>medida fueron los presuntos coordinadores<\/strong> Jhon Fredy Mejia Echeverri, alias Micky o Perseo; Nilton Arley Orrego Quintero y Mario Andr\u00e9s G\u00f3mez L\u00f3pez, alias El Gordo; adem\u00e1s de los supuestos integrantes Juli\u00e1n Enrique Guisao Martinez; Olga Patricia Quintero Lopera; Dahiana Betancur Orozco, alias Sara;\u00a0 Luis Alberto Arboleda Zapata, alias El Mello; Juli\u00e1n Alexander Arroyave Aguirre, alias El Cojo O Tarz\u00e1n; Wilmar Ferley Villegas Ciro, alias Gavil\u00e1n; Santiago Andr\u00e9s Saldarriaga Diossa; Anderson G\u00f3mez Cadavid, alias Estiven; Santiago Estrada Pedraza, alias Estradita y el Ciudadano Venezolano\u00a0 Yohander De Jes\u00fas Yustiz Linarez.<\/p>\n<p data-ogsc=\"rgb(0, 0, 0)\">Los procesados no aceptaron los cargos imputados por un fiscal destacado ante el Gaula Medell\u00edn por <strong>delitos como concierto para delinquir, extorsi\u00f3n y desplazamiento forzado, todas las conductas agravadas.<\/strong><\/p>\n<p data-ogsc=\"rgb(0, 0, 0)\">La Fiscal\u00eda evidenci\u00f3 que el grupo delincuencial Los Mondongueros estar\u00eda delinquiendo en la Comuna 5 (Castilla) de Medell\u00edn desde la d\u00e9cada de los 90\u00b4s, y estar\u00eda <strong>dedicado al tr\u00e1fico de estupefacientes, desplazamientos forzados, homicidios selectivos y extorsiones a comerciantes y transportadores.<\/strong><\/p>\n<p data-ogsc=\"rgb(0, 0, 0)\">Entre los hechos investigados figuran las exigencias econ\u00f3micas a varios conductores de la ruta de buses que presta servicio en la zona desde el a\u00f1o 2015, y quienes han sido <strong>obligados a entregar la suma $60.000 semanales<\/strong> para permitirles realizar el trayecto y no atentar contra sus vidas.<\/p>\n<p data-ogsc=\"rgb(0, 0, 0)\">Las labores de polic\u00eda judicial permitieron determinar que los\u00a0 comerciantes del sector tambi\u00e9n han sido afectados con los cobros ilegales, por la denominada seguridad; con <strong>cuotas semanales que van entre los $5.000 y $200.000<\/strong> seg\u00fan la capacidad econ\u00f3mica de los afectados. Otras v\u00edctimas han tenido que abandonar sus inmuebles ante la imposibilidad de pagar las exigencias econ\u00f3micas ilegales.<\/p>\n<p data-ogsc=\"rgb(0, 0, 0)\">Seg\u00fan la investigaci\u00f3n realizada por el Gaula de la Polic\u00eda Nacional, esta estructura delincuencial obtiene ganancias il\u00edcitas de 300 millones de pesos mensuales,\u00a0 producto de las extorsiones.<\/p>\n<p aria-hidden=\"true\" data-ogsc=\"rgb(0, 0, 0)\">\n<p aria-hidden=\"true\" data-ogsc=\"rgb(0, 0, 0)\">\n<p aria-hidden=\"true\" data-ogsc=\"rgb(0, 0, 0)\">\n<p aria-hidden=\"true\" data-ogsc=\"rgb(0, 0, 0)\">\n<p aria-hidden=\"true\" data-ogsc=\"rgb(0, 0, 0)\">\n<p aria-hidden=\"true\" data-ogsc=\"rgb(0, 0, 0)\">\n<p data-ogsc=\"rgb(0, 0, 0)\">NAMT\/LFML\/DSM<\/p>\n<p data-ogsc=\"rgb(0, 0, 0)\">\n<p data-ogsc=\"rgb(0, 0, 0)\">\n<p data-ogsc=\"rgb(0, 0, 0)\">\n<p data-ogsc=\"rgb(0, 0, 0)\">\n<p data-ogsc=\"rgb(0, 0, 0)\">\n<div class=\"td-post-content tagdiv-type\">\n<p data-ogsc=\"black\"><i data-ogsc=\"\">La informaci\u00f3n contenida en este bolet\u00edn de prensa corresponde a la narraci\u00f3n de los hechos noticiosos objetivos, suministrados por los funcionarios encargados de adelantar las investigaciones penales al interior de la Fiscal\u00eda General de la Naci\u00f3n. Para el momento de la divulgaci\u00f3n de este comunicado, la situaci\u00f3n jur\u00eddica de la(s) persona(s) relacionada(s) se encuentra pendiente de resolver por la autoridad judicial competente, siempre bajo los preceptos de la presunci\u00f3n de inocencia, consagrados en el art\u00edculo 29 de la Constituci\u00f3n Pol\u00edtica y el art\u00edculo 7\u00ba de la Ley 906 de 2004.<\/i><\/p>\n<\/div>\n<footer>\n<div class=\"td-post-source-tags\"><\/div>\n<div class=\"td-post-sharing-bottom\"><\/div>\n<\/footer>\n\n<div class=\"twitter-share\"><a href=\"https:\/\/twitter.com\/intent\/tweet?via=fiscaliacol\" class=\"twitter-share-button\">Tweet<\/a><\/div>\n","protected":false},"excerpt":{"rendered":"<p>Por solicitud de la Fiscal\u00eda General de la Naci\u00f3n un Juez con funciones de control de garant\u00edas impuso medida de aseguramiento en centro carcelario en contra de 13 presuntos integrantes del grupo delincuencial Los Mondongueros, con injerencia en la zona noroccidental de Medell\u00edn. \u00a0Los afectados con la medida fueron los presuntos coordinadores Jhon Fredy Mejia [&hellip;]<\/p>\n","protected":false},"author":177,"featured_media":0,"comment_status":"closed","ping_status":"open","sticky":false,"template":"","format":"standard","meta":{"tdm_status":"","tdm_grid_status":"","footnotes":""},"categories":[1,331,303],"tags":[31919,98,50,871,37492,1047,5187,23985],"class_list":{"0":"post-319430","1":"post","2":"type-post","3":"status-publish","4":"format-standard","6":"category-noticias","7":"category-seccional-medellin","8":"category-seccionales","9":"tag-comuna-5","10":"tag-desplazamiento-forzado","11":"tag-estupefacientes","12":"tag-extorion","13":"tag-fiscal-luz-adriana-camargo","14":"tag-fiscalia-general-de-la-nacion","15":"tag-homicidios","16":"tag-medellin-antioquia"},"yoast_head":"<!-- This site is optimized with the Yoast SEO plugin v24.3 - https:\/\/yoast.com\/wordpress\/plugins\/seo\/ -->\n<title>Fiscal\u00eda General de la Naci\u00f3n<\/title>\n<meta name=\"description\" content=\"P\u00e1gina oficial de la Fiscal\u00eda General de la Naci\u00f3n \u2013 Colombia. Garantizamos el acceso efectivo a la justicia, la verdad y la reparaci\u00f3n de las v\u00edctimas de los delitos.\" \/>\n<meta name=\"robots\" content=\"noindex, follow\" \/>\n<meta property=\"og:locale\" content=\"es_ES\" \/>\n<meta property=\"og:type\" content=\"article\" \/>\n<meta property=\"og:title\" content=\"Fiscal\u00eda General de la Naci\u00f3n\" \/>\n<meta property=\"og:description\" content=\"P\u00e1gina oficial de la Fiscal\u00eda General de la Naci\u00f3n \u2013 Colombia. Garantizamos el acceso efectivo a la justicia, la verdad y la reparaci\u00f3n de las v\u00edctimas de los delitos.\" \/>\n<meta property=\"og:url\" content=\"https:\/\/www.fiscalia.gov.co\/colombia\/noticias\/fiscalia-afecto-organizacion-delincuencial-dedicada-a-la-extorsion-en-la-comuna-5-de-medellin\/\" \/>\n<meta property=\"og:site_name\" content=\"Fiscal\u00eda General de la Naci\u00f3n\" \/>\n<meta property=\"article:publisher\" content=\"https:\/\/www.facebook.com\/FiscaliaCol\" \/>\n<meta property=\"article:published_time\" content=\"2025-07-23T21:35:32+00:00\" \/>\n<meta property=\"og:image\" content=\"https:\/\/www.fiscalia.gov.co\/colombia\/wp-content\/uploads\/GDCO-Los-Mondongeros.jpg\" \/>\n\t<meta property=\"og:image:width\" content=\"1600\" \/>\n\t<meta property=\"og:image:height\" content=\"822\" \/>\n\t<meta property=\"og:image:type\" content=\"image\/jpeg\" \/>\n<meta name=\"author\" content=\"Jordan Leandro Oviedo Anzola\" \/>\n<meta name=\"twitter:card\" content=\"summary_large_image\" \/>\n<meta name=\"twitter:creator\" content=\"@FiscaliaCol\" \/>\n<meta name=\"twitter:site\" content=\"@FiscaliaCol\" \/>\n<meta name=\"twitter:label1\" content=\"Escrito por\" \/>\n\t<meta name=\"twitter:data1\" content=\"Jordan Leandro Oviedo Anzola\" \/>\n\t<meta name=\"twitter:label2\" content=\"Tiempo de lectura\" \/>\n\t<meta name=\"twitter:data2\" content=\"3 minutos\" \/>\n<script type=\"application\/ld+json\" class=\"yoast-schema-graph\">{\"@context\":\"https:\/\/schema.org\",\"@graph\":[{\"@type\":\"Article\",\"@id\":\"https:\/\/www.fiscalia.gov.co\/colombia\/noticias\/fiscalia-afecto-organizacion-delincuencial-dedicada-a-la-extorsion-en-la-comuna-5-de-medellin\/#article\",\"isPartOf\":{\"@id\":\"https:\/\/www.fiscalia.gov.co\/colombia\/noticias\/fiscalia-afecto-organizacion-delincuencial-dedicada-a-la-extorsion-en-la-comuna-5-de-medellin\/\"},\"author\":{\"name\":\"Jordan Leandro Oviedo Anzola\",\"@id\":\"https:\/\/www.fiscalia.gov.co\/colombia\/#\/schema\/person\/bf84402cf293a5393e9c70b111020b24\"},\"headline\":\"Fiscal\u00eda afect\u00f3 organizaci\u00f3n delincuencial dedicada a la extorsi\u00f3n en la Comuna 5 de Medell\u00edn\",\"datePublished\":\"2025-07-23T21:35:32+00:00\",\"dateModified\":\"2025-07-23T21:35:32+00:00\",\"mainEntityOfPage\":{\"@id\":\"https:\/\/www.fiscalia.gov.co\/colombia\/noticias\/fiscalia-afecto-organizacion-delincuencial-dedicada-a-la-extorsion-en-la-comuna-5-de-medellin\/\"},\"wordCount\":511,\"publisher\":{\"@id\":\"https:\/\/www.fiscalia.gov.co\/colombia\/#organization\"},\"image\":{\"@id\":\"https:\/\/www.fiscalia.gov.co\/colombia\/noticias\/fiscalia-afecto-organizacion-delincuencial-dedicada-a-la-extorsion-en-la-comuna-5-de-medellin\/#primaryimage\"},\"thumbnailUrl\":\"https:\/\/www.fiscalia.gov.co\/colombia\/wp-content\/uploads\/GDCO-Los-Mondongeros-1024x526.jpg\",\"keywords\":[\"comuna 5\",\"Desplazamiento forzado\",\"Estupefacientes\",\"Extorsi\u00f3n\",\"Fiscal Luz Adriana Camargo\",\"Fiscal\u00eda General de la Naci\u00f3n\",\"Homicidios\",\"Medell\u00edn (Antioquia)\"],\"articleSection\":[\"Noticias\",\"Seccional Medell\u00edn\",\"Seccionales\"],\"inLanguage\":\"es-CO\"},{\"@type\":\"WebPage\",\"@id\":\"https:\/\/www.fiscalia.gov.co\/colombia\/noticias\/fiscalia-afecto-organizacion-delincuencial-dedicada-a-la-extorsion-en-la-comuna-5-de-medellin\/\",\"url\":\"https:\/\/www.fiscalia.gov.co\/colombia\/noticias\/fiscalia-afecto-organizacion-delincuencial-dedicada-a-la-extorsion-en-la-comuna-5-de-medellin\/\",\"name\":\"Fiscal\u00eda General de la Naci\u00f3n\",\"isPartOf\":{\"@id\":\"https:\/\/www.fiscalia.gov.co\/colombia\/#website\"},\"primaryImageOfPage\":{\"@id\":\"https:\/\/www.fiscalia.gov.co\/colombia\/noticias\/fiscalia-afecto-organizacion-delincuencial-dedicada-a-la-extorsion-en-la-comuna-5-de-medellin\/#primaryimage\"},\"image\":{\"@id\":\"https:\/\/www.fiscalia.gov.co\/colombia\/noticias\/fiscalia-afecto-organizacion-delincuencial-dedicada-a-la-extorsion-en-la-comuna-5-de-medellin\/#primaryimage\"},\"thumbnailUrl\":\"https:\/\/www.fiscalia.gov.co\/colombia\/wp-content\/uploads\/GDCO-Los-Mondongeros-1024x526.jpg\",\"datePublished\":\"2025-07-23T21:35:32+00:00\",\"dateModified\":\"2025-07-23T21:35:32+00:00\",\"description\":\"P\u00e1gina oficial de la Fiscal\u00eda General de la Naci\u00f3n \u2013 Colombia. Garantizamos el acceso efectivo a la justicia, la verdad y la reparaci\u00f3n de las v\u00edctimas de los delitos.\",\"breadcrumb\":{\"@id\":\"https:\/\/www.fiscalia.gov.co\/colombia\/noticias\/fiscalia-afecto-organizacion-delincuencial-dedicada-a-la-extorsion-en-la-comuna-5-de-medellin\/#breadcrumb\"},\"inLanguage\":\"es-CO\",\"potentialAction\":[{\"@type\":\"ReadAction\",\"target\":[\"https:\/\/www.fiscalia.gov.co\/colombia\/noticias\/fiscalia-afecto-organizacion-delincuencial-dedicada-a-la-extorsion-en-la-comuna-5-de-medellin\/\"]}]},{\"@type\":\"ImageObject\",\"inLanguage\":\"es-CO\",\"@id\":\"https:\/\/www.fiscalia.gov.co\/colombia\/noticias\/fiscalia-afecto-organizacion-delincuencial-dedicada-a-la-extorsion-en-la-comuna-5-de-medellin\/#primaryimage\",\"url\":\"https:\/\/www.fiscalia.gov.co\/colombia\/wp-content\/uploads\/GDCO-Los-Mondongeros.jpg\",\"contentUrl\":\"https:\/\/www.fiscalia.gov.co\/colombia\/wp-content\/uploads\/GDCO-Los-Mondongeros.jpg\",\"width\":1600,\"height\":822,\"caption\":\"Presuntos integrantes del grupo delincuencial Los Mondongueros que delinquen en La Comuna 5 (Castilla) de Medell\u00edn\"},{\"@type\":\"BreadcrumbList\",\"@id\":\"https:\/\/www.fiscalia.gov.co\/colombia\/noticias\/fiscalia-afecto-organizacion-delincuencial-dedicada-a-la-extorsion-en-la-comuna-5-de-medellin\/#breadcrumb\",\"itemListElement\":[{\"@type\":\"ListItem\",\"position\":1,\"name\":\"Home\",\"item\":\"https:\/\/www.fiscalia.gov.co\/colombia\/\"},{\"@type\":\"ListItem\",\"position\":2,\"name\":\"Fiscal\u00eda afect\u00f3 organizaci\u00f3n delincuencial dedicada a la extorsi\u00f3n en la Comuna 5 de Medell\u00edn\"}]},{\"@type\":\"WebSite\",\"@id\":\"https:\/\/www.fiscalia.gov.co\/colombia\/#website\",\"url\":\"https:\/\/www.fiscalia.gov.co\/colombia\/\",\"name\":\"Fiscal\u00eda General de la Naci\u00f3n\",\"description\":\"P\u00e1gina oficial de la Fiscal\u00eda General de la Naci\u00f3n \u2013 Colombia. Garantizamos el acceso efectivo a la justicia, la verdad y la reparaci\u00f3n de las v\u00edctimas de los delitos.\",\"publisher\":{\"@id\":\"https:\/\/www.fiscalia.gov.co\/colombia\/#organization\"},\"potentialAction\":[{\"@type\":\"SearchAction\",\"target\":{\"@type\":\"EntryPoint\",\"urlTemplate\":\"https:\/\/www.fiscalia.gov.co\/colombia\/?s={search_term_string}\"},\"query-input\":{\"@type\":\"PropertyValueSpecification\",\"valueRequired\":true,\"valueName\":\"search_term_string\"}}],\"inLanguage\":\"es-CO\"},{\"@type\":\"Organization\",\"@id\":\"https:\/\/www.fiscalia.gov.co\/colombia\/#organization\",\"name\":\"Fiscal\u00eda General de la Naci\u00f3n\",\"url\":\"https:\/\/www.fiscalia.gov.co\/colombia\/\",\"logo\":{\"@type\":\"ImageObject\",\"inLanguage\":\"es-CO\",\"@id\":\"https:\/\/www.fiscalia.gov.co\/colombia\/#\/schema\/logo\/image\/\",\"url\":\"https:\/\/www.fiscalia.gov.co\/colombia\/wp-content\/uploads\/LogoHorizontal_1.jpg\",\"contentUrl\":\"https:\/\/www.fiscalia.gov.co\/colombia\/wp-content\/uploads\/LogoHorizontal_1.jpg\",\"width\":300,\"height\":90,\"caption\":\"Fiscal\u00eda General de la Naci\u00f3n\"},\"image\":{\"@id\":\"https:\/\/www.fiscalia.gov.co\/colombia\/#\/schema\/logo\/image\/\"},\"sameAs\":[\"https:\/\/www.facebook.com\/FiscaliaCol\",\"https:\/\/x.com\/FiscaliaCol\",\"https:\/\/www.instagram.com\/fiscaliacol\",\"https:\/\/www.linkedin.com\/company\/fiscalia-general-de-la-naci-n\/\",\"https:\/\/youtube.com\/@fiscaliageneraldelanacion-4668?si=6nN79nyQICPU5iTh\"]},{\"@type\":\"Person\",\"@id\":\"https:\/\/www.fiscalia.gov.co\/colombia\/#\/schema\/person\/bf84402cf293a5393e9c70b111020b24\",\"name\":\"Jordan Leandro Oviedo Anzola\",\"image\":{\"@type\":\"ImageObject\",\"inLanguage\":\"es-CO\",\"@id\":\"https:\/\/www.fiscalia.gov.co\/colombia\/#\/schema\/person\/image\/\",\"url\":\"https:\/\/secure.gravatar.com\/avatar\/dabba4346fa9b9207d96adafa8f92721?s=96&d=mm&r=g\",\"contentUrl\":\"https:\/\/secure.gravatar.com\/avatar\/dabba4346fa9b9207d96adafa8f92721?s=96&d=mm&r=g\",\"caption\":\"Jordan Leandro Oviedo Anzola\"},\"url\":\"https:\/\/www.fiscalia.gov.co\/colombia\/author\/joviedo\/\"}]}<\/script>\n<!-- \/ Yoast SEO plugin. -->","yoast_head_json":{"title":"Fiscal\u00eda General de la Naci\u00f3n","description":"P\u00e1gina oficial de la Fiscal\u00eda General de la Naci\u00f3n \u2013 Colombia. Garantizamos el acceso efectivo a la justicia, la verdad y la reparaci\u00f3n de las v\u00edctimas de los delitos.","robots":{"index":"noindex","follow":"follow"},"og_locale":"es_ES","og_type":"article","og_title":"Fiscal\u00eda General de la Naci\u00f3n","og_description":"P\u00e1gina oficial de la Fiscal\u00eda General de la Naci\u00f3n \u2013 Colombia. Garantizamos el acceso efectivo a la justicia, la verdad y la reparaci\u00f3n de las v\u00edctimas de los delitos.","og_url":"https:\/\/www.fiscalia.gov.co\/colombia\/noticias\/fiscalia-afecto-organizacion-delincuencial-dedicada-a-la-extorsion-en-la-comuna-5-de-medellin\/","og_site_name":"Fiscal\u00eda General de la Naci\u00f3n","article_publisher":"https:\/\/www.facebook.com\/FiscaliaCol","article_published_time":"2025-07-23T21:35:32+00:00","og_image":[{"width":1600,"height":822,"url":"https:\/\/www.fiscalia.gov.co\/colombia\/wp-content\/uploads\/GDCO-Los-Mondongeros.jpg","type":"image\/jpeg"}],"author":"Jordan Leandro Oviedo Anzola","twitter_card":"summary_large_image","twitter_creator":"@FiscaliaCol","twitter_site":"@FiscaliaCol","twitter_misc":{"Escrito por":"Jordan Leandro Oviedo Anzola","Tiempo de lectura":"3 minutos"},"schema":{"@context":"https:\/\/schema.org","@graph":[{"@type":"Article","@id":"https:\/\/www.fiscalia.gov.co\/colombia\/noticias\/fiscalia-afecto-organizacion-delincuencial-dedicada-a-la-extorsion-en-la-comuna-5-de-medellin\/#article","isPartOf":{"@id":"https:\/\/www.fiscalia.gov.co\/colombia\/noticias\/fiscalia-afecto-organizacion-delincuencial-dedicada-a-la-extorsion-en-la-comuna-5-de-medellin\/"},"author":{"name":"Jordan Leandro Oviedo Anzola","@id":"https:\/\/www.fiscalia.gov.co\/colombia\/#\/schema\/person\/bf84402cf293a5393e9c70b111020b24"},"headline":"Fiscal\u00eda afect\u00f3 organizaci\u00f3n delincuencial dedicada a la extorsi\u00f3n en la Comuna 5 de Medell\u00edn","datePublished":"2025-07-23T21:35:32+00:00","dateModified":"2025-07-23T21:35:32+00:00","mainEntityOfPage":{"@id":"https:\/\/www.fiscalia.gov.co\/colombia\/noticias\/fiscalia-afecto-organizacion-delincuencial-dedicada-a-la-extorsion-en-la-comuna-5-de-medellin\/"},"wordCount":511,"publisher":{"@id":"https:\/\/www.fiscalia.gov.co\/colombia\/#organization"},"image":{"@id":"https:\/\/www.fiscalia.gov.co\/colombia\/noticias\/fiscalia-afecto-organizacion-delincuencial-dedicada-a-la-extorsion-en-la-comuna-5-de-medellin\/#primaryimage"},"thumbnailUrl":"https:\/\/www.fiscalia.gov.co\/colombia\/wp-content\/uploads\/GDCO-Los-Mondongeros-1024x526.jpg","keywords":["comuna 5","Desplazamiento forzado","Estupefacientes","Extorsi\u00f3n","Fiscal Luz Adriana Camargo","Fiscal\u00eda General de la Naci\u00f3n","Homicidios","Medell\u00edn (Antioquia)"],"articleSection":["Noticias","Seccional Medell\u00edn","Seccionales"],"inLanguage":"es-CO"},{"@type":"WebPage","@id":"https:\/\/www.fiscalia.gov.co\/colombia\/noticias\/fiscalia-afecto-organizacion-delincuencial-dedicada-a-la-extorsion-en-la-comuna-5-de-medellin\/","url":"https:\/\/www.fiscalia.gov.co\/colombia\/noticias\/fiscalia-afecto-organizacion-delincuencial-dedicada-a-la-extorsion-en-la-comuna-5-de-medellin\/","name":"Fiscal\u00eda General de la Naci\u00f3n","isPartOf":{"@id":"https:\/\/www.fiscalia.gov.co\/colombia\/#website"},"primaryImageOfPage":{"@id":"https:\/\/www.fiscalia.gov.co\/colombia\/noticias\/fiscalia-afecto-organizacion-delincuencial-dedicada-a-la-extorsion-en-la-comuna-5-de-medellin\/#primaryimage"},"image":{"@id":"https:\/\/www.fiscalia.gov.co\/colombia\/noticias\/fiscalia-afecto-organizacion-delincuencial-dedicada-a-la-extorsion-en-la-comuna-5-de-medellin\/#primaryimage"},"thumbnailUrl":"https:\/\/www.fiscalia.gov.co\/colombia\/wp-content\/uploads\/GDCO-Los-Mondongeros-1024x526.jpg","datePublished":"2025-07-23T21:35:32+00:00","dateModified":"2025-07-23T21:35:32+00:00","description":"P\u00e1gina oficial de la Fiscal\u00eda General de la Naci\u00f3n \u2013 Colombia. Garantizamos el acceso efectivo a la justicia, la verdad y la reparaci\u00f3n de las v\u00edctimas de los delitos.","breadcrumb":{"@id":"https:\/\/www.fiscalia.gov.co\/colombia\/noticias\/fiscalia-afecto-organizacion-delincuencial-dedicada-a-la-extorsion-en-la-comuna-5-de-medellin\/#breadcrumb"},"inLanguage":"es-CO","potentialAction":[{"@type":"ReadAction","target":["https:\/\/www.fiscalia.gov.co\/colombia\/noticias\/fiscalia-afecto-organizacion-delincuencial-dedicada-a-la-extorsion-en-la-comuna-5-de-medellin\/"]}]},{"@type":"ImageObject","inLanguage":"es-CO","@id":"https:\/\/www.fiscalia.gov.co\/colombia\/noticias\/fiscalia-afecto-organizacion-delincuencial-dedicada-a-la-extorsion-en-la-comuna-5-de-medellin\/#primaryimage","url":"https:\/\/www.fiscalia.gov.co\/colombia\/wp-content\/uploads\/GDCO-Los-Mondongeros.jpg","contentUrl":"https:\/\/www.fiscalia.gov.co\/colombia\/wp-content\/uploads\/GDCO-Los-Mondongeros.jpg","width":1600,"height":822,"caption":"Presuntos integrantes del grupo delincuencial Los Mondongueros que delinquen en La Comuna 5 (Castilla) de Medell\u00edn"},{"@type":"BreadcrumbList","@id":"https:\/\/www.fiscalia.gov.co\/colombia\/noticias\/fiscalia-afecto-organizacion-delincuencial-dedicada-a-la-extorsion-en-la-comuna-5-de-medellin\/#breadcrumb","itemListElement":[{"@type":"ListItem","position":1,"name":"Home","item":"https:\/\/www.fiscalia.gov.co\/colombia\/"},{"@type":"ListItem","position":2,"name":"Fiscal\u00eda afect\u00f3 organizaci\u00f3n delincuencial dedicada a la extorsi\u00f3n en la Comuna 5 de Medell\u00edn"}]},{"@type":"WebSite","@id":"https:\/\/www.fiscalia.gov.co\/colombia\/#website","url":"https:\/\/www.fiscalia.gov.co\/colombia\/","name":"Fiscal\u00eda General de la Naci\u00f3n","description":"P\u00e1gina oficial de la Fiscal\u00eda General de la Naci\u00f3n \u2013 Colombia. Garantizamos el acceso efectivo a la justicia, la verdad y la reparaci\u00f3n de las v\u00edctimas de los delitos.","publisher":{"@id":"https:\/\/www.fiscalia.gov.co\/colombia\/#organization"},"potentialAction":[{"@type":"SearchAction","target":{"@type":"EntryPoint","urlTemplate":"https:\/\/www.fiscalia.gov.co\/colombia\/?s={search_term_string}"},"query-input":{"@type":"PropertyValueSpecification","valueRequired":true,"valueName":"search_term_string"}}],"inLanguage":"es-CO"},{"@type":"Organization","@id":"https:\/\/www.fiscalia.gov.co\/colombia\/#organization","name":"Fiscal\u00eda General de la Naci\u00f3n","url":"https:\/\/www.fiscalia.gov.co\/colombia\/","logo":{"@type":"ImageObject","inLanguage":"es-CO","@id":"https:\/\/www.fiscalia.gov.co\/colombia\/#\/schema\/logo\/image\/","url":"https:\/\/www.fiscalia.gov.co\/colombia\/wp-content\/uploads\/LogoHorizontal_1.jpg","contentUrl":"https:\/\/www.fiscalia.gov.co\/colombia\/wp-content\/uploads\/LogoHorizontal_1.jpg","width":300,"height":90,"caption":"Fiscal\u00eda General de la Naci\u00f3n"},"image":{"@id":"https:\/\/www.fiscalia.gov.co\/colombia\/#\/schema\/logo\/image\/"},"sameAs":["https:\/\/www.facebook.com\/FiscaliaCol","https:\/\/x.com\/FiscaliaCol","https:\/\/www.instagram.com\/fiscaliacol","https:\/\/www.linkedin.com\/company\/fiscalia-general-de-la-naci-n\/","https:\/\/youtube.com\/@fiscaliageneraldelanacion-4668?si=6nN79nyQICPU5iTh"]},{"@type":"Person","@id":"https:\/\/www.fiscalia.gov.co\/colombia\/#\/schema\/person\/bf84402cf293a5393e9c70b111020b24","name":"Jordan Leandro Oviedo Anzola","image":{"@type":"ImageObject","inLanguage":"es-CO","@id":"https:\/\/www.fiscalia.gov.co\/colombia\/#\/schema\/person\/image\/","url":"https:\/\/secure.gravatar.com\/avatar\/dabba4346fa9b9207d96adafa8f92721?s=96&d=mm&r=g","contentUrl":"https:\/\/secure.gravatar.com\/avatar\/dabba4346fa9b9207d96adafa8f92721?s=96&d=mm&r=g","caption":"Jordan Leandro Oviedo Anzola"},"url":"https:\/\/www.fiscalia.gov.co\/colombia\/author\/joviedo\/"}]}},"_links":{"self":[{"href":"https:\/\/www.fiscalia.gov.co\/colombia\/wp-json\/wp\/v2\/posts\/319430","targetHints":{"allow":["GET"]}}],"collection":[{"href":"https:\/\/www.fiscalia.gov.co\/colombia\/wp-json\/wp\/v2\/posts"}],"about":[{"href":"https:\/\/www.fiscalia.gov.co\/colombia\/wp-json\/wp\/v2\/types\/post"}],"author":[{"embeddable":true,"href":"https:\/\/www.fiscalia.gov.co\/colombia\/wp-json\/wp\/v2\/users\/177"}],"replies":[{"embeddable":true,"href":"https:\/\/www.fiscalia.gov.co\/colombia\/wp-json\/wp\/v2\/comments?post=319430"}],"version-history":[{"count":1,"href":"https:\/\/www.fiscalia.gov.co\/colombia\/wp-json\/wp\/v2\/posts\/319430\/revisions"}],"predecessor-version":[{"id":319432,"href":"https:\/\/www.fiscalia.gov.co\/colombia\/wp-json\/wp\/v2\/posts\/319430\/revisions\/319432"}],"wp:attachment":[{"href":"https:\/\/www.fiscalia.gov.co\/colombia\/wp-json\/wp\/v2\/media?parent=319430"}],"wp:term":[{"taxonomy":"category","embeddable":true,"href":"https:\/\/www.fiscalia.gov.co\/colombia\/wp-json\/wp\/v2\/categories?post=319430"},{"taxonomy":"post_tag","embeddable":true,"href":"https:\/\/www.fiscalia.gov.co\/colombia\/wp-json\/wp\/v2\/tags?post=319430"}],"curies":[{"name":"wp","href":"https:\/\/api.w.org\/{rel}","templated":true}]}}