{"id":319365,"date":"2025-07-22T17:19:08","date_gmt":"2025-07-22T22:19:08","guid":{"rendered":"https:\/\/www.fiscalia.gov.co\/colombia\/?p=319365"},"modified":"2025-07-22T17:19:08","modified_gmt":"2025-07-22T22:19:08","slug":"en-manizales-fue-enviado-a-la-carcel-un-hombre-que-habria-retenido-y-sometido-a-vejamenes-sexuales-a-una-mujer","status":"publish","type":"post","link":"https:\/\/www.fiscalia.gov.co\/colombia\/noticias\/en-manizales-fue-enviado-a-la-carcel-un-hombre-que-habria-retenido-y-sometido-a-vejamenes-sexuales-a-una-mujer\/","title":{"rendered":"En Manizales fue enviado a la c\u00e1rcel un hombre que habr\u00eda retenido y sometido a vej\u00e1menes sexuales a una mujer"},"content":{"rendered":"<p data-ogsc=\"rgb(0, 0, 0)\">Por solicitud de la Fiscal\u00eda General de la Naci\u00f3n, un juez de control de garant\u00edas impuso medida de aseguramiento en centro carcelario a Cristian Jhon Hadder Cardona Mart\u00ednez, quien, presuntamente, retuvo, <strong>durante m\u00e1s de tres d\u00edas, a una mujer en su residencia en Manizales (Caldas).<\/strong><\/p>\n<figure id=\"attachment_319366\" aria-describedby=\"caption-attachment-319366\" style=\"width: 696px\" class=\"wp-caption aligncenter\"><img loading=\"lazy\" decoding=\"async\" class=\"size-large wp-image-319366\" src=\"https:\/\/www.fiscalia.gov.co\/colombia\/wp-content\/uploads\/WhatsApp-Image-2025-07-22-at-4.48.39-PM-4-866x1024.jpeg\" alt=\"En las fotos aparece Cristian Jhon Hadder Cardona Mart\u00ednez acompa\u00f1ado de funcionarios de grupo Gaula del CTI y del Ej\u00e9rcito.\" width=\"696\" height=\"823\" srcset=\"https:\/\/www.fiscalia.gov.co\/colombia\/wp-content\/uploads\/WhatsApp-Image-2025-07-22-at-4.48.39-PM-4-866x1024.jpeg 866w, https:\/\/www.fiscalia.gov.co\/colombia\/wp-content\/uploads\/WhatsApp-Image-2025-07-22-at-4.48.39-PM-4-254x300.jpeg 254w, https:\/\/www.fiscalia.gov.co\/colombia\/wp-content\/uploads\/WhatsApp-Image-2025-07-22-at-4.48.39-PM-4-768x908.jpeg 768w, https:\/\/www.fiscalia.gov.co\/colombia\/wp-content\/uploads\/WhatsApp-Image-2025-07-22-at-4.48.39-PM-4-355x420.jpeg 355w, https:\/\/www.fiscalia.gov.co\/colombia\/wp-content\/uploads\/WhatsApp-Image-2025-07-22-at-4.48.39-PM-4-696x823.jpeg 696w, https:\/\/www.fiscalia.gov.co\/colombia\/wp-content\/uploads\/WhatsApp-Image-2025-07-22-at-4.48.39-PM-4.jpeg 1052w\" sizes=\"auto, (max-width: 696px) 100vw, 696px\" \/><figcaption id=\"caption-attachment-319366\" class=\"wp-caption-text\">A Cristian Jhon Hadder Cardona Mart\u00ednez, quien es se\u00f1alado de presuntamente secuestrar a una joven y abusar sexualmente de ella durante mas de tres d\u00edas lo capturaron en diligencias de registro y allanamiento en su residencia.<\/figcaption><\/figure>\n<p data-ogsc=\"rgb(0, 0, 0)\">Una fiscal Gaula seccional le formul\u00f3 imputaci\u00f3n por los delitos de secuestro simple y acceso carnal violento. <strong>Los cargos no fueron aceptados por Cardona Mart\u00ednez.<\/strong><\/p>\n<p data-ogsc=\"rgb(0, 0, 0)\">De acuerdo con la investigaci\u00f3n, se evidenci\u00f3 que la v\u00edctima, procedente de Antioquia, fue contactada para que <strong>fuera dama de compa\u00f1\u00eda en una fiesta en Manizales<\/strong>.<\/p>\n<p data-ogsc=\"rgb(0, 0, 0)\">El pasado 5 julio, la afectada conoci\u00f3 al presunto agresor en el evento, quien la contrat\u00f3 y llev\u00f3\u00a0 su casa, donde tambi\u00e9n ten\u00eda una barber\u00eda. <strong>Al d\u00eda siguiente, la mujer le pidi\u00f3 el pago para irse, pero Cardona Mart\u00ednez, al parecer, la encerr\u00f3 y no la dej\u00f3 salir.<\/strong><\/p>\n<p data-ogsc=\"rgb(0, 0, 0)\">El material de prueba da cuenta de que la v\u00edctima habr\u00eda sido sometida por varios d\u00edas a vej\u00e1menes sexuales en contra de su voluntad y trabajos dom\u00e9sticos. <strong>Adem\u00e1s era intimidada con arma cortopunzante sino acced\u00eda.<\/strong><\/p>\n<p data-ogsc=\"rgb(0, 0, 0)\">La mujer aprovech\u00f3 un descuido del hombre y llam\u00f3 a su expareja sentimental, para contarle lo que pasaba. <strong>Esta persona alert\u00f3 a las autoridades, que lograron ubicarla despu\u00e9s de que la v\u00edctima encendiera el GPS.<\/strong> La afectada logr\u00f3 huir del lugar, antes del operativo de rescate.<\/p>\n<p data-ogsc=\"rgb(0, 0, 0)\">Servidores del Cuerpo T\u00e9cnico de Investigaci\u00f3n (CTI), con apoyo del grupo Gaula de Ej\u00e9rcito Nacional, capturaron a este hombre en su vivienda.<\/p>\n<p aria-hidden=\"true\" data-ogsc=\"rgb(0, 0, 0)\">\n<p aria-hidden=\"true\" data-ogsc=\"rgb(0, 0, 0)\">\n<p aria-hidden=\"true\" data-ogsc=\"rgb(0, 0, 0)\">\n<p aria-hidden=\"true\" data-ogsc=\"rgb(0, 0, 0)\">\n<p data-ogsc=\"rgb(0, 0, 0)\">JLH\/LMFO\/AMCJ\/ACG<\/p>\n<p data-ogsc=\"rgb(0, 0, 0)\">\n<p data-ogsc=\"rgb(0, 0, 0)\">\n<p data-ogsc=\"rgb(0, 0, 0)\">\n<p data-ogsc=\"rgb(0, 0, 0)\">\n<div class=\"td-post-content tagdiv-type\">\n<div class=\"td-post-content tagdiv-type\">\n<div class=\"td-post-content tagdiv-type\">\n<div class=\"td-post-content tagdiv-type\">\n<div class=\"td-post-content tagdiv-type\">\n<div class=\"td-post-content tagdiv-type\">\n<p><i>La informaci\u00f3n contenida en este bolet\u00edn de prensa corresponde a la narraci\u00f3n de los hechos noticiosos objetivos, suministrados por los funcionarios encargados de adelantar las investigaciones penales al interior de la Fiscal\u00eda General de la Naci\u00f3n. Para el momento de la divulgaci\u00f3n de este comunicado, la situaci\u00f3n jur\u00eddica de la(s) persona(s) relacionada(s) se encuentra pendiente de resolver por la autoridad judicial competente, siempre bajo los preceptos de la presunci\u00f3n de inocencia, consagrados en el art\u00edculo 29 de la Constituci\u00f3n Pol\u00edtica y el art\u00edculo 7\u00ba de la Ley 906 de 2004.<\/i><\/p>\n<\/div>\n<footer>\n<div class=\"td-post-sharing-bottom\"><\/div>\n<\/footer>\n<\/div>\n<\/div>\n<\/div>\n<footer>\n<div class=\"td-post-source-tags\"><\/div>\n<div class=\"td-post-sharing-bottom\"><\/div>\n<\/footer>\n<\/div>\n<footer>\n<div class=\"td-post-source-tags\"><\/div>\n<div class=\"td-post-sharing-bottom\"><\/div>\n<\/footer>\n<\/div>\n<footer>\n<div class=\"td-post-source-tags\"><\/div>\n<div class=\"td-post-sharing-bottom\"><\/div>\n<\/footer>\n\n<div class=\"twitter-share\"><a href=\"https:\/\/twitter.com\/intent\/tweet?via=fiscaliacol\" class=\"twitter-share-button\">Tweet<\/a><\/div>\n","protected":false},"excerpt":{"rendered":"<p>Por solicitud de la Fiscal\u00eda General de la Naci\u00f3n, un juez de control de garant\u00edas impuso medida de aseguramiento en centro carcelario a Cristian Jhon Hadder Cardona Mart\u00ednez, quien, presuntamente, [&hellip;]<\/p>\n","protected":false},"author":177,"featured_media":0,"comment_status":"closed","ping_status":"open","sticky":false,"template":"","format":"standard","meta":{"tdm_status":"","tdm_grid_status":"","footnotes":""},"categories":[1,330,303],"tags":[42125,12596,25284,1047,42127,24665,42126],"class_list":["post-319365","post","type-post","status-publish","format-standard","category-noticias","category-seccional-manizales","category-seccionales","tag-cristian-jhon-hadder-cardona-martinez","tag-cuerpo-tecnico-de-investigacion-cti","tag-fiscal-gaula","tag-fiscalia-general-de-la-nacion","tag-grupo-gaula-de-ejercito-nacional","tag-manizales-caldas","tag-secuestro-simple-y-acceso-carnal-violento"],"yoast_head":"<!-- This site is optimized with the Yoast SEO plugin v24.3 - https:\/\/yoast.com\/wordpress\/plugins\/seo\/ -->\n<title>Fiscal\u00eda General de la Naci\u00f3n<\/title>\n<meta name=\"description\" content=\"P\u00e1gina oficial de la Fiscal\u00eda General de la Naci\u00f3n \u2013 Colombia. Garantizamos el acceso efectivo a la justicia, la verdad y la reparaci\u00f3n de las v\u00edctimas de los delitos.\" \/>\n<meta name=\"robots\" content=\"noindex, follow\" \/>\n<meta property=\"og:locale\" content=\"es_ES\" \/>\n<meta property=\"og:type\" content=\"article\" \/>\n<meta property=\"og:title\" content=\"Fiscal\u00eda General de la Naci\u00f3n\" \/>\n<meta property=\"og:description\" content=\"P\u00e1gina oficial de la Fiscal\u00eda General de la Naci\u00f3n \u2013 Colombia. Garantizamos el acceso efectivo a la justicia, la verdad y la reparaci\u00f3n de las v\u00edctimas de los delitos.\" \/>\n<meta property=\"og:url\" content=\"https:\/\/www.fiscalia.gov.co\/colombia\/noticias\/en-manizales-fue-enviado-a-la-carcel-un-hombre-que-habria-retenido-y-sometido-a-vejamenes-sexuales-a-una-mujer\/\" \/>\n<meta property=\"og:site_name\" content=\"Fiscal\u00eda General de la Naci\u00f3n\" \/>\n<meta property=\"article:publisher\" content=\"https:\/\/www.facebook.com\/FiscaliaCol\" \/>\n<meta property=\"article:published_time\" content=\"2025-07-22T22:19:08+00:00\" \/>\n<meta property=\"og:image\" content=\"https:\/\/www.fiscalia.gov.co\/colombia\/wp-content\/uploads\/WhatsApp-Image-2025-07-22-at-4.48.39-PM-4.jpeg\" \/>\n\t<meta property=\"og:image:width\" content=\"1052\" \/>\n\t<meta property=\"og:image:height\" content=\"1244\" \/>\n\t<meta property=\"og:image:type\" content=\"image\/jpeg\" \/>\n<meta name=\"author\" content=\"Jordan Leandro Oviedo Anzola\" \/>\n<meta name=\"twitter:card\" content=\"summary_large_image\" \/>\n<meta name=\"twitter:creator\" content=\"@FiscaliaCol\" \/>\n<meta name=\"twitter:site\" content=\"@FiscaliaCol\" \/>\n<meta name=\"twitter:label1\" content=\"Escrito por\" \/>\n\t<meta name=\"twitter:data1\" content=\"Jordan Leandro Oviedo Anzola\" \/>\n\t<meta name=\"twitter:label2\" content=\"Tiempo de lectura\" \/>\n\t<meta name=\"twitter:data2\" content=\"2 minutos\" \/>\n<script type=\"application\/ld+json\" class=\"yoast-schema-graph\">{\"@context\":\"https:\/\/schema.org\",\"@graph\":[{\"@type\":\"Article\",\"@id\":\"https:\/\/www.fiscalia.gov.co\/colombia\/noticias\/en-manizales-fue-enviado-a-la-carcel-un-hombre-que-habria-retenido-y-sometido-a-vejamenes-sexuales-a-una-mujer\/#article\",\"isPartOf\":{\"@id\":\"https:\/\/www.fiscalia.gov.co\/colombia\/noticias\/en-manizales-fue-enviado-a-la-carcel-un-hombre-que-habria-retenido-y-sometido-a-vejamenes-sexuales-a-una-mujer\/\"},\"author\":{\"name\":\"Jordan Leandro Oviedo Anzola\",\"@id\":\"https:\/\/www.fiscalia.gov.co\/colombia\/#\/schema\/person\/bf84402cf293a5393e9c70b111020b24\"},\"headline\":\"En Manizales fue enviado a la c\u00e1rcel un hombre que habr\u00eda retenido y sometido a vej\u00e1menes sexuales a una mujer\",\"datePublished\":\"2025-07-22T22:19:08+00:00\",\"dateModified\":\"2025-07-22T22:19:08+00:00\",\"mainEntityOfPage\":{\"@id\":\"https:\/\/www.fiscalia.gov.co\/colombia\/noticias\/en-manizales-fue-enviado-a-la-carcel-un-hombre-que-habria-retenido-y-sometido-a-vejamenes-sexuales-a-una-mujer\/\"},\"wordCount\":449,\"publisher\":{\"@id\":\"https:\/\/www.fiscalia.gov.co\/colombia\/#organization\"},\"image\":{\"@id\":\"https:\/\/www.fiscalia.gov.co\/colombia\/noticias\/en-manizales-fue-enviado-a-la-carcel-un-hombre-que-habria-retenido-y-sometido-a-vejamenes-sexuales-a-una-mujer\/#primaryimage\"},\"thumbnailUrl\":\"https:\/\/www.fiscalia.gov.co\/colombia\/wp-content\/uploads\/WhatsApp-Image-2025-07-22-at-4.48.39-PM-4-866x1024.jpeg\",\"keywords\":[\"Cristian Jhon Hadder Cardona Mart\u00ednez\",\"Cuerpo T\u00e9cnico de Investigaci\u00f3n (CTI)\",\"fiscal Gaula.\",\"Fiscal\u00eda General de la Naci\u00f3n\",\"grupo Gaula de Ej\u00e9rcito Nacional.\",\"Manizales (Caldas)\",\"secuestro simple y acceso carnal violento\"],\"articleSection\":[\"Noticias\",\"Seccional Manizales\",\"Seccionales\"],\"inLanguage\":\"es-CO\"},{\"@type\":\"WebPage\",\"@id\":\"https:\/\/www.fiscalia.gov.co\/colombia\/noticias\/en-manizales-fue-enviado-a-la-carcel-un-hombre-que-habria-retenido-y-sometido-a-vejamenes-sexuales-a-una-mujer\/\",\"url\":\"https:\/\/www.fiscalia.gov.co\/colombia\/noticias\/en-manizales-fue-enviado-a-la-carcel-un-hombre-que-habria-retenido-y-sometido-a-vejamenes-sexuales-a-una-mujer\/\",\"name\":\"Fiscal\u00eda General de la Naci\u00f3n\",\"isPartOf\":{\"@id\":\"https:\/\/www.fiscalia.gov.co\/colombia\/#website\"},\"primaryImageOfPage\":{\"@id\":\"https:\/\/www.fiscalia.gov.co\/colombia\/noticias\/en-manizales-fue-enviado-a-la-carcel-un-hombre-que-habria-retenido-y-sometido-a-vejamenes-sexuales-a-una-mujer\/#primaryimage\"},\"image\":{\"@id\":\"https:\/\/www.fiscalia.gov.co\/colombia\/noticias\/en-manizales-fue-enviado-a-la-carcel-un-hombre-que-habria-retenido-y-sometido-a-vejamenes-sexuales-a-una-mujer\/#primaryimage\"},\"thumbnailUrl\":\"https:\/\/www.fiscalia.gov.co\/colombia\/wp-content\/uploads\/WhatsApp-Image-2025-07-22-at-4.48.39-PM-4-866x1024.jpeg\",\"datePublished\":\"2025-07-22T22:19:08+00:00\",\"dateModified\":\"2025-07-22T22:19:08+00:00\",\"description\":\"P\u00e1gina oficial de la Fiscal\u00eda General de la Naci\u00f3n \u2013 Colombia. Garantizamos el acceso efectivo a la justicia, la verdad y la reparaci\u00f3n de las v\u00edctimas de los delitos.\",\"breadcrumb\":{\"@id\":\"https:\/\/www.fiscalia.gov.co\/colombia\/noticias\/en-manizales-fue-enviado-a-la-carcel-un-hombre-que-habria-retenido-y-sometido-a-vejamenes-sexuales-a-una-mujer\/#breadcrumb\"},\"inLanguage\":\"es-CO\",\"potentialAction\":[{\"@type\":\"ReadAction\",\"target\":[\"https:\/\/www.fiscalia.gov.co\/colombia\/noticias\/en-manizales-fue-enviado-a-la-carcel-un-hombre-que-habria-retenido-y-sometido-a-vejamenes-sexuales-a-una-mujer\/\"]}]},{\"@type\":\"ImageObject\",\"inLanguage\":\"es-CO\",\"@id\":\"https:\/\/www.fiscalia.gov.co\/colombia\/noticias\/en-manizales-fue-enviado-a-la-carcel-un-hombre-que-habria-retenido-y-sometido-a-vejamenes-sexuales-a-una-mujer\/#primaryimage\",\"url\":\"https:\/\/www.fiscalia.gov.co\/colombia\/wp-content\/uploads\/WhatsApp-Image-2025-07-22-at-4.48.39-PM-4.jpeg\",\"contentUrl\":\"https:\/\/www.fiscalia.gov.co\/colombia\/wp-content\/uploads\/WhatsApp-Image-2025-07-22-at-4.48.39-PM-4.jpeg\",\"width\":1052,\"height\":1244,\"caption\":\"A Cristian Jhon Hadder Cardona Mart\u00ednez, quien es se\u00f1alado de presuntamente secuestrar a una joven y abusar sexualmente de ella durante mas de tres d\u00edas lo capturaron en diligencias de registro y allanamiento en su residencia.\"},{\"@type\":\"BreadcrumbList\",\"@id\":\"https:\/\/www.fiscalia.gov.co\/colombia\/noticias\/en-manizales-fue-enviado-a-la-carcel-un-hombre-que-habria-retenido-y-sometido-a-vejamenes-sexuales-a-una-mujer\/#breadcrumb\",\"itemListElement\":[{\"@type\":\"ListItem\",\"position\":1,\"name\":\"Home\",\"item\":\"https:\/\/www.fiscalia.gov.co\/colombia\/\"},{\"@type\":\"ListItem\",\"position\":2,\"name\":\"En Manizales fue enviado a la c\u00e1rcel un hombre que habr\u00eda retenido y sometido a vej\u00e1menes sexuales a una mujer\"}]},{\"@type\":\"WebSite\",\"@id\":\"https:\/\/www.fiscalia.gov.co\/colombia\/#website\",\"url\":\"https:\/\/www.fiscalia.gov.co\/colombia\/\",\"name\":\"Fiscal\u00eda General de la Naci\u00f3n\",\"description\":\"P\u00e1gina oficial de la Fiscal\u00eda General de la Naci\u00f3n \u2013 Colombia. Garantizamos el acceso efectivo a la justicia, la verdad y la reparaci\u00f3n de las v\u00edctimas de los delitos.\",\"publisher\":{\"@id\":\"https:\/\/www.fiscalia.gov.co\/colombia\/#organization\"},\"potentialAction\":[{\"@type\":\"SearchAction\",\"target\":{\"@type\":\"EntryPoint\",\"urlTemplate\":\"https:\/\/www.fiscalia.gov.co\/colombia\/?s={search_term_string}\"},\"query-input\":{\"@type\":\"PropertyValueSpecification\",\"valueRequired\":true,\"valueName\":\"search_term_string\"}}],\"inLanguage\":\"es-CO\"},{\"@type\":\"Organization\",\"@id\":\"https:\/\/www.fiscalia.gov.co\/colombia\/#organization\",\"name\":\"Fiscal\u00eda General de la Naci\u00f3n\",\"url\":\"https:\/\/www.fiscalia.gov.co\/colombia\/\",\"logo\":{\"@type\":\"ImageObject\",\"inLanguage\":\"es-CO\",\"@id\":\"https:\/\/www.fiscalia.gov.co\/colombia\/#\/schema\/logo\/image\/\",\"url\":\"https:\/\/www.fiscalia.gov.co\/colombia\/wp-content\/uploads\/LogoHorizontal_1.jpg\",\"contentUrl\":\"https:\/\/www.fiscalia.gov.co\/colombia\/wp-content\/uploads\/LogoHorizontal_1.jpg\",\"width\":300,\"height\":90,\"caption\":\"Fiscal\u00eda General de la Naci\u00f3n\"},\"image\":{\"@id\":\"https:\/\/www.fiscalia.gov.co\/colombia\/#\/schema\/logo\/image\/\"},\"sameAs\":[\"https:\/\/www.facebook.com\/FiscaliaCol\",\"https:\/\/x.com\/FiscaliaCol\",\"https:\/\/www.instagram.com\/fiscaliacol\",\"https:\/\/www.linkedin.com\/company\/fiscalia-general-de-la-naci-n\/\",\"https:\/\/youtube.com\/@fiscaliageneraldelanacion-4668?si=6nN79nyQICPU5iTh\"]},{\"@type\":\"Person\",\"@id\":\"https:\/\/www.fiscalia.gov.co\/colombia\/#\/schema\/person\/bf84402cf293a5393e9c70b111020b24\",\"name\":\"Jordan Leandro Oviedo Anzola\",\"image\":{\"@type\":\"ImageObject\",\"inLanguage\":\"es-CO\",\"@id\":\"https:\/\/www.fiscalia.gov.co\/colombia\/#\/schema\/person\/image\/\",\"url\":\"https:\/\/secure.gravatar.com\/avatar\/dabba4346fa9b9207d96adafa8f92721?s=96&d=mm&r=g\",\"contentUrl\":\"https:\/\/secure.gravatar.com\/avatar\/dabba4346fa9b9207d96adafa8f92721?s=96&d=mm&r=g\",\"caption\":\"Jordan Leandro Oviedo Anzola\"},\"url\":\"https:\/\/www.fiscalia.gov.co\/colombia\/author\/joviedo\/\"}]}<\/script>\n<!-- \/ Yoast SEO plugin. -->","yoast_head_json":{"title":"Fiscal\u00eda General de la Naci\u00f3n","description":"P\u00e1gina oficial de la Fiscal\u00eda General de la Naci\u00f3n \u2013 Colombia. Garantizamos el acceso efectivo a la justicia, la verdad y la reparaci\u00f3n de las v\u00edctimas de los delitos.","robots":{"index":"noindex","follow":"follow"},"og_locale":"es_ES","og_type":"article","og_title":"Fiscal\u00eda General de la Naci\u00f3n","og_description":"P\u00e1gina oficial de la Fiscal\u00eda General de la Naci\u00f3n \u2013 Colombia. Garantizamos el acceso efectivo a la justicia, la verdad y la reparaci\u00f3n de las v\u00edctimas de los delitos.","og_url":"https:\/\/www.fiscalia.gov.co\/colombia\/noticias\/en-manizales-fue-enviado-a-la-carcel-un-hombre-que-habria-retenido-y-sometido-a-vejamenes-sexuales-a-una-mujer\/","og_site_name":"Fiscal\u00eda General de la Naci\u00f3n","article_publisher":"https:\/\/www.facebook.com\/FiscaliaCol","article_published_time":"2025-07-22T22:19:08+00:00","og_image":[{"width":1052,"height":1244,"url":"https:\/\/www.fiscalia.gov.co\/colombia\/wp-content\/uploads\/WhatsApp-Image-2025-07-22-at-4.48.39-PM-4.jpeg","type":"image\/jpeg"}],"author":"Jordan Leandro Oviedo Anzola","twitter_card":"summary_large_image","twitter_creator":"@FiscaliaCol","twitter_site":"@FiscaliaCol","twitter_misc":{"Escrito por":"Jordan Leandro Oviedo Anzola","Tiempo de lectura":"2 minutos"},"schema":{"@context":"https:\/\/schema.org","@graph":[{"@type":"Article","@id":"https:\/\/www.fiscalia.gov.co\/colombia\/noticias\/en-manizales-fue-enviado-a-la-carcel-un-hombre-que-habria-retenido-y-sometido-a-vejamenes-sexuales-a-una-mujer\/#article","isPartOf":{"@id":"https:\/\/www.fiscalia.gov.co\/colombia\/noticias\/en-manizales-fue-enviado-a-la-carcel-un-hombre-que-habria-retenido-y-sometido-a-vejamenes-sexuales-a-una-mujer\/"},"author":{"name":"Jordan Leandro Oviedo Anzola","@id":"https:\/\/www.fiscalia.gov.co\/colombia\/#\/schema\/person\/bf84402cf293a5393e9c70b111020b24"},"headline":"En Manizales fue enviado a la c\u00e1rcel un hombre que habr\u00eda retenido y sometido a vej\u00e1menes sexuales a una mujer","datePublished":"2025-07-22T22:19:08+00:00","dateModified":"2025-07-22T22:19:08+00:00","mainEntityOfPage":{"@id":"https:\/\/www.fiscalia.gov.co\/colombia\/noticias\/en-manizales-fue-enviado-a-la-carcel-un-hombre-que-habria-retenido-y-sometido-a-vejamenes-sexuales-a-una-mujer\/"},"wordCount":449,"publisher":{"@id":"https:\/\/www.fiscalia.gov.co\/colombia\/#organization"},"image":{"@id":"https:\/\/www.fiscalia.gov.co\/colombia\/noticias\/en-manizales-fue-enviado-a-la-carcel-un-hombre-que-habria-retenido-y-sometido-a-vejamenes-sexuales-a-una-mujer\/#primaryimage"},"thumbnailUrl":"https:\/\/www.fiscalia.gov.co\/colombia\/wp-content\/uploads\/WhatsApp-Image-2025-07-22-at-4.48.39-PM-4-866x1024.jpeg","keywords":["Cristian Jhon Hadder Cardona Mart\u00ednez","Cuerpo T\u00e9cnico de Investigaci\u00f3n (CTI)","fiscal Gaula.","Fiscal\u00eda General de la Naci\u00f3n","grupo Gaula de Ej\u00e9rcito Nacional.","Manizales (Caldas)","secuestro simple y acceso carnal violento"],"articleSection":["Noticias","Seccional Manizales","Seccionales"],"inLanguage":"es-CO"},{"@type":"WebPage","@id":"https:\/\/www.fiscalia.gov.co\/colombia\/noticias\/en-manizales-fue-enviado-a-la-carcel-un-hombre-que-habria-retenido-y-sometido-a-vejamenes-sexuales-a-una-mujer\/","url":"https:\/\/www.fiscalia.gov.co\/colombia\/noticias\/en-manizales-fue-enviado-a-la-carcel-un-hombre-que-habria-retenido-y-sometido-a-vejamenes-sexuales-a-una-mujer\/","name":"Fiscal\u00eda General de la Naci\u00f3n","isPartOf":{"@id":"https:\/\/www.fiscalia.gov.co\/colombia\/#website"},"primaryImageOfPage":{"@id":"https:\/\/www.fiscalia.gov.co\/colombia\/noticias\/en-manizales-fue-enviado-a-la-carcel-un-hombre-que-habria-retenido-y-sometido-a-vejamenes-sexuales-a-una-mujer\/#primaryimage"},"image":{"@id":"https:\/\/www.fiscalia.gov.co\/colombia\/noticias\/en-manizales-fue-enviado-a-la-carcel-un-hombre-que-habria-retenido-y-sometido-a-vejamenes-sexuales-a-una-mujer\/#primaryimage"},"thumbnailUrl":"https:\/\/www.fiscalia.gov.co\/colombia\/wp-content\/uploads\/WhatsApp-Image-2025-07-22-at-4.48.39-PM-4-866x1024.jpeg","datePublished":"2025-07-22T22:19:08+00:00","dateModified":"2025-07-22T22:19:08+00:00","description":"P\u00e1gina oficial de la Fiscal\u00eda General de la Naci\u00f3n \u2013 Colombia. Garantizamos el acceso efectivo a la justicia, la verdad y la reparaci\u00f3n de las v\u00edctimas de los delitos.","breadcrumb":{"@id":"https:\/\/www.fiscalia.gov.co\/colombia\/noticias\/en-manizales-fue-enviado-a-la-carcel-un-hombre-que-habria-retenido-y-sometido-a-vejamenes-sexuales-a-una-mujer\/#breadcrumb"},"inLanguage":"es-CO","potentialAction":[{"@type":"ReadAction","target":["https:\/\/www.fiscalia.gov.co\/colombia\/noticias\/en-manizales-fue-enviado-a-la-carcel-un-hombre-que-habria-retenido-y-sometido-a-vejamenes-sexuales-a-una-mujer\/"]}]},{"@type":"ImageObject","inLanguage":"es-CO","@id":"https:\/\/www.fiscalia.gov.co\/colombia\/noticias\/en-manizales-fue-enviado-a-la-carcel-un-hombre-que-habria-retenido-y-sometido-a-vejamenes-sexuales-a-una-mujer\/#primaryimage","url":"https:\/\/www.fiscalia.gov.co\/colombia\/wp-content\/uploads\/WhatsApp-Image-2025-07-22-at-4.48.39-PM-4.jpeg","contentUrl":"https:\/\/www.fiscalia.gov.co\/colombia\/wp-content\/uploads\/WhatsApp-Image-2025-07-22-at-4.48.39-PM-4.jpeg","width":1052,"height":1244,"caption":"A Cristian Jhon Hadder Cardona Mart\u00ednez, quien es se\u00f1alado de presuntamente secuestrar a una joven y abusar sexualmente de ella durante mas de tres d\u00edas lo capturaron en diligencias de registro y allanamiento en su residencia."},{"@type":"BreadcrumbList","@id":"https:\/\/www.fiscalia.gov.co\/colombia\/noticias\/en-manizales-fue-enviado-a-la-carcel-un-hombre-que-habria-retenido-y-sometido-a-vejamenes-sexuales-a-una-mujer\/#breadcrumb","itemListElement":[{"@type":"ListItem","position":1,"name":"Home","item":"https:\/\/www.fiscalia.gov.co\/colombia\/"},{"@type":"ListItem","position":2,"name":"En Manizales fue enviado a la c\u00e1rcel un hombre que habr\u00eda retenido y sometido a vej\u00e1menes sexuales a una mujer"}]},{"@type":"WebSite","@id":"https:\/\/www.fiscalia.gov.co\/colombia\/#website","url":"https:\/\/www.fiscalia.gov.co\/colombia\/","name":"Fiscal\u00eda General de la Naci\u00f3n","description":"P\u00e1gina oficial de la Fiscal\u00eda General de la Naci\u00f3n \u2013 Colombia. Garantizamos el acceso efectivo a la justicia, la verdad y la reparaci\u00f3n de las v\u00edctimas de los delitos.","publisher":{"@id":"https:\/\/www.fiscalia.gov.co\/colombia\/#organization"},"potentialAction":[{"@type":"SearchAction","target":{"@type":"EntryPoint","urlTemplate":"https:\/\/www.fiscalia.gov.co\/colombia\/?s={search_term_string}"},"query-input":{"@type":"PropertyValueSpecification","valueRequired":true,"valueName":"search_term_string"}}],"inLanguage":"es-CO"},{"@type":"Organization","@id":"https:\/\/www.fiscalia.gov.co\/colombia\/#organization","name":"Fiscal\u00eda General de la Naci\u00f3n","url":"https:\/\/www.fiscalia.gov.co\/colombia\/","logo":{"@type":"ImageObject","inLanguage":"es-CO","@id":"https:\/\/www.fiscalia.gov.co\/colombia\/#\/schema\/logo\/image\/","url":"https:\/\/www.fiscalia.gov.co\/colombia\/wp-content\/uploads\/LogoHorizontal_1.jpg","contentUrl":"https:\/\/www.fiscalia.gov.co\/colombia\/wp-content\/uploads\/LogoHorizontal_1.jpg","width":300,"height":90,"caption":"Fiscal\u00eda General de la Naci\u00f3n"},"image":{"@id":"https:\/\/www.fiscalia.gov.co\/colombia\/#\/schema\/logo\/image\/"},"sameAs":["https:\/\/www.facebook.com\/FiscaliaCol","https:\/\/x.com\/FiscaliaCol","https:\/\/www.instagram.com\/fiscaliacol","https:\/\/www.linkedin.com\/company\/fiscalia-general-de-la-naci-n\/","https:\/\/youtube.com\/@fiscaliageneraldelanacion-4668?si=6nN79nyQICPU5iTh"]},{"@type":"Person","@id":"https:\/\/www.fiscalia.gov.co\/colombia\/#\/schema\/person\/bf84402cf293a5393e9c70b111020b24","name":"Jordan Leandro Oviedo Anzola","image":{"@type":"ImageObject","inLanguage":"es-CO","@id":"https:\/\/www.fiscalia.gov.co\/colombia\/#\/schema\/person\/image\/","url":"https:\/\/secure.gravatar.com\/avatar\/dabba4346fa9b9207d96adafa8f92721?s=96&d=mm&r=g","contentUrl":"https:\/\/secure.gravatar.com\/avatar\/dabba4346fa9b9207d96adafa8f92721?s=96&d=mm&r=g","caption":"Jordan Leandro Oviedo Anzola"},"url":"https:\/\/www.fiscalia.gov.co\/colombia\/author\/joviedo\/"}]}},"_links":{"self":[{"href":"https:\/\/www.fiscalia.gov.co\/colombia\/wp-json\/wp\/v2\/posts\/319365","targetHints":{"allow":["GET"]}}],"collection":[{"href":"https:\/\/www.fiscalia.gov.co\/colombia\/wp-json\/wp\/v2\/posts"}],"about":[{"href":"https:\/\/www.fiscalia.gov.co\/colombia\/wp-json\/wp\/v2\/types\/post"}],"author":[{"embeddable":true,"href":"https:\/\/www.fiscalia.gov.co\/colombia\/wp-json\/wp\/v2\/users\/177"}],"replies":[{"embeddable":true,"href":"https:\/\/www.fiscalia.gov.co\/colombia\/wp-json\/wp\/v2\/comments?post=319365"}],"version-history":[{"count":1,"href":"https:\/\/www.fiscalia.gov.co\/colombia\/wp-json\/wp\/v2\/posts\/319365\/revisions"}],"predecessor-version":[{"id":319367,"href":"https:\/\/www.fiscalia.gov.co\/colombia\/wp-json\/wp\/v2\/posts\/319365\/revisions\/319367"}],"wp:attachment":[{"href":"https:\/\/www.fiscalia.gov.co\/colombia\/wp-json\/wp\/v2\/media?parent=319365"}],"wp:term":[{"taxonomy":"category","embeddable":true,"href":"https:\/\/www.fiscalia.gov.co\/colombia\/wp-json\/wp\/v2\/categories?post=319365"},{"taxonomy":"post_tag","embeddable":true,"href":"https:\/\/www.fiscalia.gov.co\/colombia\/wp-json\/wp\/v2\/tags?post=319365"}],"curies":[{"name":"wp","href":"https:\/\/api.w.org\/{rel}","templated":true}]}}