{"id":319328,"date":"2025-07-22T14:06:45","date_gmt":"2025-07-22T19:06:45","guid":{"rendered":"https:\/\/www.fiscalia.gov.co\/colombia\/?p=319328"},"modified":"2025-07-22T14:06:45","modified_gmt":"2025-07-22T19:06:45","slug":"afectada-red-delincuencial-senalada-de-explotacion-sexual-de-mujeres-y-menores-de-edad-en-cartagena","status":"publish","type":"post","link":"https:\/\/www.fiscalia.gov.co\/colombia\/noticias\/afectada-red-delincuencial-senalada-de-explotacion-sexual-de-mujeres-y-menores-de-edad-en-cartagena\/","title":{"rendered":"Afectada red delincuencial se\u00f1alada de explotaci\u00f3n sexual de mujeres y menores de edad en Cartagena"},"content":{"rendered":"<p data-ogsc=\"rgb(0, 0, 0)\">Los elementos materiales probatorios recopilados por la Fiscal\u00eda General de la Naci\u00f3n pusieron en evidencia el actuar de un grupo delincuencial denominado Titan 24, que estar\u00eda <strong>dedicado a la trata de mujeres y menores de edad con fines de explotaci\u00f3n sexual en Cartagena (Bol\u00edvar).<\/strong><\/p>\n<figure id=\"attachment_319329\" aria-describedby=\"caption-attachment-319329\" style=\"width: 696px\" class=\"wp-caption aligncenter\"><img loading=\"lazy\" decoding=\"async\" class=\"size-large wp-image-319329\" src=\"https:\/\/www.fiscalia.gov.co\/colombia\/wp-content\/uploads\/Foto-1-boletin-22-de-julio-Trata-de-personas--1024x576.jpeg\" alt=\"En la fotograf\u00eda est\u00e1n los procesados de pie, de frente, con los brazos esposados, custodiados por uniformados de la Polic\u00eda Nacional. Detr\u00e1s de ellos hay un pend\u00f3n de esa instituci\u00f3n.\" width=\"696\" height=\"392\" srcset=\"https:\/\/www.fiscalia.gov.co\/colombia\/wp-content\/uploads\/Foto-1-boletin-22-de-julio-Trata-de-personas--1024x576.jpeg 1024w, https:\/\/www.fiscalia.gov.co\/colombia\/wp-content\/uploads\/Foto-1-boletin-22-de-julio-Trata-de-personas--300x169.jpeg 300w, https:\/\/www.fiscalia.gov.co\/colombia\/wp-content\/uploads\/Foto-1-boletin-22-de-julio-Trata-de-personas--768x432.jpeg 768w, https:\/\/www.fiscalia.gov.co\/colombia\/wp-content\/uploads\/Foto-1-boletin-22-de-julio-Trata-de-personas--1536x864.jpeg 1536w, https:\/\/www.fiscalia.gov.co\/colombia\/wp-content\/uploads\/Foto-1-boletin-22-de-julio-Trata-de-personas--747x420.jpeg 747w, https:\/\/www.fiscalia.gov.co\/colombia\/wp-content\/uploads\/Foto-1-boletin-22-de-julio-Trata-de-personas--696x392.jpeg 696w, https:\/\/www.fiscalia.gov.co\/colombia\/wp-content\/uploads\/Foto-1-boletin-22-de-julio-Trata-de-personas--1068x601.jpeg 1068w, https:\/\/www.fiscalia.gov.co\/colombia\/wp-content\/uploads\/Foto-1-boletin-22-de-julio-Trata-de-personas-.jpeg 1600w\" sizes=\"auto, (max-width: 696px) 100vw, 696px\" \/><figcaption id=\"caption-attachment-319329\" class=\"wp-caption-text\">Los procesados fueron capturados por la Polic\u00eda Nacional en allanamientos y v\u00edas p\u00fablicas de Cartagena.<\/figcaption><\/figure>\n<p data-ogsc=\"rgb(0, 0, 0)\">En ese sentido, una fiscal especializada judicializ\u00f3 a 14 presuntos integrantes y los imput\u00f3 de acuerdo con sus responsabilidades individuales por los<strong> delitos de concierto para delinquir, trata de personas y proxenetismo con menor de edad,<\/strong> todas las conductas agravadas. Adem\u00e1s de inducci\u00f3n a la prostituci\u00f3n.<\/p>\n<p data-ogsc=\"rgb(0, 0, 0)\">Las evidencias legalmente obtenidas dan cuenta de que la red criminal desde inicios de 2024, al parecer, <strong>promov\u00eda el turismo sexual con extranjeros,<\/strong> realizando fiestas en las que presuntamente instrumentalizaron a mujeres vulnerables y menores de edad a cambio de dinero.<\/p>\n<p data-ogsc=\"rgb(0, 0, 0)\">Para ello habr\u00edan destinado 48 inmuebles, entre establecimientos comerciales, hoteles, casas y <strong>apartamentos que alquilaban por d\u00edas en los barrios Centro Hist\u00f3rico, Getseman\u00ed, Bocagrande<\/strong>, Castillo Grande, Laguito y Manga.<\/p>\n<p data-ogsc=\"rgb(0, 0, 0)\">La Fiscal\u00eda tambi\u00e9n evidenci\u00f3 que el proceso de la b\u00fasqueda de los clientes era realizado por algunos de los integrantes de <strong>la organizaci\u00f3n que detectaban a turistas en las playas y en la zona antigua.<\/strong> Otra de las modalidades era el ofrecimiento por p\u00e1ginas de internet de masajes er\u00f3ticos sexuales en sitios denominados spa, donde la escogencia de las mujeres se hac\u00eda previamente a trav\u00e9s de cat\u00e1logos.<\/p>\n<p data-ogsc=\"rgb(0, 0, 0)\">Ante un juez de control de garant\u00edas fueron presentados Jeison Mart\u00ednez Hazan, Em\u00e9rito Perea Garc\u00eda, Cesar Oscar Espinosa Blanco y, Keldis Margoth Jim\u00e9nez Mola, quienes deber\u00e1n <strong>cumplir medidas de aseguramiento en centros carcelarios.<\/strong> Entre tanto, los procesados Daira Fernanda Garc\u00eda Silgado y Daniel Mendoza Jaraba lo har\u00e1n en un lugar de domicilio.<\/p>\n<p data-ogsc=\"rgb(0, 0, 0)\">Por disposici\u00f3n judicial, los hermanos Tatiana Chakira y Carlos Yesis, Lemus Montoya, Duvis Mar\u00eda Hern\u00e1ndez Mart\u00ednez, Aida Judith P\u00e9rez L\u00f3pez, Vanessa Yineth R\u00edos Guerrero, Neris Giovanna Montero, Ricardo Andr\u00e9s S\u00e1nchez Almeida\u00a0y Mario Germ\u00e1n Azcarate Leyes\u00a0\u00a0\u00a0 seguir\u00e1n enfrentando el proceso en libertad. Estas dos \u00faltimas decisiones fueron apeladas por la Fiscal\u00eda.<\/p>\n<p data-ogsc=\"rgb(0, 0, 0)\">Las capturas de varios de los procesados fueron materializadas mediante diligencias de allanamientos realizadas por la Polic\u00eda Nacional en los<strong> barrios Crespo, Marbella y Getseman\u00ed en Cartagena.<\/strong><\/p>\n<p data-ogsc=\"rgb(0, 0, 0)\">\n<p data-ogsc=\"rgb(0, 0, 0)\">\n<p data-ogsc=\"rgb(0, 0, 0)\">\n<p data-ogsc=\"rgb(0, 0, 0)\">\n<p data-ogsc=\"rgb(0, 0, 0)\">\n<p data-ogsc=\"rgb(0, 0, 0)\">MEVA\/AMCJ\/OA\/EGM\/DSB<\/p>\n<p data-ogsc=\"rgb(0, 0, 0)\">\n<p data-ogsc=\"rgb(0, 0, 0)\">\n<p data-ogsc=\"rgb(0, 0, 0)\">\n<p data-ogsc=\"rgb(0, 0, 0)\">\n<p data-ogsc=\"rgb(0, 0, 0)\">\n<p data-ogsc=\"rgb(0, 0, 0)\"><i data-ogsc=\"\">La informaci\u00f3n contenida en este bolet\u00edn de prensa corresponde a la narraci\u00f3n de los hechos noticiosos objetivos, suministrados por los funcionarios encargados de adelantar las investigaciones penales al interior de la Fiscal\u00eda General de la Naci\u00f3n. Para el momento de la divulgaci\u00f3n de este comunicado, la situaci\u00f3n jur\u00eddica de la(s) persona(s) relacionada(s) se encuentra pendiente de resolver por la autoridad judicial competente, siempre bajo los preceptos de la presunci\u00f3n de inocencia, consagrados en el art\u00edculo 29 de la Constituci\u00f3n Pol\u00edtica y el art\u00edculo 7\u00ba de la Ley 906 de 2004.<\/i><\/p>\n\n<div class=\"twitter-share\"><a href=\"https:\/\/twitter.com\/intent\/tweet?via=fiscaliacol\" class=\"twitter-share-button\">Tweet<\/a><\/div>\n","protected":false},"excerpt":{"rendered":"<p>Los elementos materiales probatorios recopilados por la Fiscal\u00eda General de la Naci\u00f3n pusieron en evidencia el actuar de un grupo delincuencial denominado Titan 24, que estar\u00eda dedicado a la trata [&hellip;]<\/p>\n","protected":false},"author":177,"featured_media":0,"comment_status":"closed","ping_status":"open","sticky":false,"template":"","format":"standard","meta":{"tdm_status":"","tdm_grid_status":"","footnotes":""},"categories":[1,325,303],"tags":[14550,23819,23998,567,37492,24187,1047,4914,25071,24277,1628,558,213,42049,36972],"class_list":["post-319328","post","type-post","status-publish","format-standard","category-noticias","category-seccional-cartagena","category-seccionales","tag-carcel","tag-cartagena","tag-cartagena-bolivar","tag-explotacion-sexual","tag-fiscal-luz-adriana-camargo","tag-fiscalia-colombia","tag-fiscalia-general-de-la-nacion","tag-induccion-a-la-prostitucion","tag-intramural","tag-medida","tag-menores-de-edad","tag-policia-nacional","tag-trata-de-personas","tag-turismo-sexual","tag-turistas"],"yoast_head":"<!-- This site is optimized with the Yoast SEO plugin v24.3 - https:\/\/yoast.com\/wordpress\/plugins\/seo\/ -->\n<title>Fiscal\u00eda General de la Naci\u00f3n<\/title>\n<meta name=\"description\" content=\"P\u00e1gina oficial de la Fiscal\u00eda General de la Naci\u00f3n \u2013 Colombia. Garantizamos el acceso efectivo a la justicia, la verdad y la reparaci\u00f3n de las v\u00edctimas de los delitos.\" \/>\n<meta name=\"robots\" content=\"noindex, follow\" \/>\n<meta property=\"og:locale\" content=\"es_ES\" \/>\n<meta property=\"og:type\" content=\"article\" \/>\n<meta property=\"og:title\" content=\"Fiscal\u00eda General de la Naci\u00f3n\" \/>\n<meta property=\"og:description\" content=\"P\u00e1gina oficial de la Fiscal\u00eda General de la Naci\u00f3n \u2013 Colombia. Garantizamos el acceso efectivo a la justicia, la verdad y la reparaci\u00f3n de las v\u00edctimas de los delitos.\" \/>\n<meta property=\"og:url\" content=\"https:\/\/www.fiscalia.gov.co\/colombia\/noticias\/afectada-red-delincuencial-senalada-de-explotacion-sexual-de-mujeres-y-menores-de-edad-en-cartagena\/\" \/>\n<meta property=\"og:site_name\" content=\"Fiscal\u00eda General de la Naci\u00f3n\" \/>\n<meta property=\"article:publisher\" content=\"https:\/\/www.facebook.com\/FiscaliaCol\" \/>\n<meta property=\"article:published_time\" content=\"2025-07-22T19:06:45+00:00\" \/>\n<meta property=\"og:image\" content=\"https:\/\/www.fiscalia.gov.co\/colombia\/wp-content\/uploads\/Foto-1-boletin-22-de-julio-Trata-de-personas-.jpeg\" \/>\n\t<meta property=\"og:image:width\" content=\"1600\" \/>\n\t<meta property=\"og:image:height\" content=\"900\" \/>\n\t<meta property=\"og:image:type\" content=\"image\/jpeg\" \/>\n<meta name=\"author\" content=\"Jordan Leandro Oviedo Anzola\" \/>\n<meta name=\"twitter:card\" content=\"summary_large_image\" \/>\n<meta name=\"twitter:creator\" content=\"@FiscaliaCol\" \/>\n<meta name=\"twitter:site\" content=\"@FiscaliaCol\" \/>\n<meta name=\"twitter:label1\" content=\"Escrito por\" \/>\n\t<meta name=\"twitter:data1\" content=\"Jordan Leandro Oviedo Anzola\" \/>\n\t<meta name=\"twitter:label2\" content=\"Tiempo de lectura\" \/>\n\t<meta name=\"twitter:data2\" content=\"3 minutos\" \/>\n<script type=\"application\/ld+json\" class=\"yoast-schema-graph\">{\"@context\":\"https:\/\/schema.org\",\"@graph\":[{\"@type\":\"Article\",\"@id\":\"https:\/\/www.fiscalia.gov.co\/colombia\/noticias\/afectada-red-delincuencial-senalada-de-explotacion-sexual-de-mujeres-y-menores-de-edad-en-cartagena\/#article\",\"isPartOf\":{\"@id\":\"https:\/\/www.fiscalia.gov.co\/colombia\/noticias\/afectada-red-delincuencial-senalada-de-explotacion-sexual-de-mujeres-y-menores-de-edad-en-cartagena\/\"},\"author\":{\"name\":\"Jordan Leandro Oviedo Anzola\",\"@id\":\"https:\/\/www.fiscalia.gov.co\/colombia\/#\/schema\/person\/bf84402cf293a5393e9c70b111020b24\"},\"headline\":\"Afectada red delincuencial se\u00f1alada de explotaci\u00f3n sexual de mujeres y menores de edad en Cartagena\",\"datePublished\":\"2025-07-22T19:06:45+00:00\",\"dateModified\":\"2025-07-22T19:06:45+00:00\",\"mainEntityOfPage\":{\"@id\":\"https:\/\/www.fiscalia.gov.co\/colombia\/noticias\/afectada-red-delincuencial-senalada-de-explotacion-sexual-de-mujeres-y-menores-de-edad-en-cartagena\/\"},\"wordCount\":544,\"publisher\":{\"@id\":\"https:\/\/www.fiscalia.gov.co\/colombia\/#organization\"},\"image\":{\"@id\":\"https:\/\/www.fiscalia.gov.co\/colombia\/noticias\/afectada-red-delincuencial-senalada-de-explotacion-sexual-de-mujeres-y-menores-de-edad-en-cartagena\/#primaryimage\"},\"thumbnailUrl\":\"https:\/\/www.fiscalia.gov.co\/colombia\/wp-content\/uploads\/Foto-1-boletin-22-de-julio-Trata-de-personas--1024x576.jpeg\",\"keywords\":[\"C\u00e1rcel\",\"Cartagena\",\"Cartagena (Bol\u00edvar)\",\"Explotaci\u00f3n sexual\",\"Fiscal Luz Adriana Camargo\",\"Fiscal\u00eda Colombia\",\"Fiscal\u00eda General de la Naci\u00f3n\",\"Inducci\u00f3n a la prostituci\u00f3n\",\"intramural\",\"medida\",\"Menores de edad\",\"Polic\u00eda Nacional\",\"Trata de personas\",\"turismo sexual\",\"turistas\"],\"articleSection\":[\"Noticias\",\"Seccional Cartagena\",\"Seccionales\"],\"inLanguage\":\"es-CO\"},{\"@type\":\"WebPage\",\"@id\":\"https:\/\/www.fiscalia.gov.co\/colombia\/noticias\/afectada-red-delincuencial-senalada-de-explotacion-sexual-de-mujeres-y-menores-de-edad-en-cartagena\/\",\"url\":\"https:\/\/www.fiscalia.gov.co\/colombia\/noticias\/afectada-red-delincuencial-senalada-de-explotacion-sexual-de-mujeres-y-menores-de-edad-en-cartagena\/\",\"name\":\"Fiscal\u00eda General de la Naci\u00f3n\",\"isPartOf\":{\"@id\":\"https:\/\/www.fiscalia.gov.co\/colombia\/#website\"},\"primaryImageOfPage\":{\"@id\":\"https:\/\/www.fiscalia.gov.co\/colombia\/noticias\/afectada-red-delincuencial-senalada-de-explotacion-sexual-de-mujeres-y-menores-de-edad-en-cartagena\/#primaryimage\"},\"image\":{\"@id\":\"https:\/\/www.fiscalia.gov.co\/colombia\/noticias\/afectada-red-delincuencial-senalada-de-explotacion-sexual-de-mujeres-y-menores-de-edad-en-cartagena\/#primaryimage\"},\"thumbnailUrl\":\"https:\/\/www.fiscalia.gov.co\/colombia\/wp-content\/uploads\/Foto-1-boletin-22-de-julio-Trata-de-personas--1024x576.jpeg\",\"datePublished\":\"2025-07-22T19:06:45+00:00\",\"dateModified\":\"2025-07-22T19:06:45+00:00\",\"description\":\"P\u00e1gina oficial de la Fiscal\u00eda General de la Naci\u00f3n \u2013 Colombia. Garantizamos el acceso efectivo a la justicia, la verdad y la reparaci\u00f3n de las v\u00edctimas de los delitos.\",\"breadcrumb\":{\"@id\":\"https:\/\/www.fiscalia.gov.co\/colombia\/noticias\/afectada-red-delincuencial-senalada-de-explotacion-sexual-de-mujeres-y-menores-de-edad-en-cartagena\/#breadcrumb\"},\"inLanguage\":\"es-CO\",\"potentialAction\":[{\"@type\":\"ReadAction\",\"target\":[\"https:\/\/www.fiscalia.gov.co\/colombia\/noticias\/afectada-red-delincuencial-senalada-de-explotacion-sexual-de-mujeres-y-menores-de-edad-en-cartagena\/\"]}]},{\"@type\":\"ImageObject\",\"inLanguage\":\"es-CO\",\"@id\":\"https:\/\/www.fiscalia.gov.co\/colombia\/noticias\/afectada-red-delincuencial-senalada-de-explotacion-sexual-de-mujeres-y-menores-de-edad-en-cartagena\/#primaryimage\",\"url\":\"https:\/\/www.fiscalia.gov.co\/colombia\/wp-content\/uploads\/Foto-1-boletin-22-de-julio-Trata-de-personas-.jpeg\",\"contentUrl\":\"https:\/\/www.fiscalia.gov.co\/colombia\/wp-content\/uploads\/Foto-1-boletin-22-de-julio-Trata-de-personas-.jpeg\",\"width\":1600,\"height\":900,\"caption\":\"Los procesados fueron capturados por la Polic\u00eda Nacional en allanamientos y v\u00edas p\u00fablicas de Cartagena.\u00a0\"},{\"@type\":\"BreadcrumbList\",\"@id\":\"https:\/\/www.fiscalia.gov.co\/colombia\/noticias\/afectada-red-delincuencial-senalada-de-explotacion-sexual-de-mujeres-y-menores-de-edad-en-cartagena\/#breadcrumb\",\"itemListElement\":[{\"@type\":\"ListItem\",\"position\":1,\"name\":\"Home\",\"item\":\"https:\/\/www.fiscalia.gov.co\/colombia\/\"},{\"@type\":\"ListItem\",\"position\":2,\"name\":\"Afectada red delincuencial se\u00f1alada de explotaci\u00f3n sexual de mujeres y menores de edad en Cartagena\"}]},{\"@type\":\"WebSite\",\"@id\":\"https:\/\/www.fiscalia.gov.co\/colombia\/#website\",\"url\":\"https:\/\/www.fiscalia.gov.co\/colombia\/\",\"name\":\"Fiscal\u00eda General de la Naci\u00f3n\",\"description\":\"P\u00e1gina oficial de la Fiscal\u00eda General de la Naci\u00f3n \u2013 Colombia. Garantizamos el acceso efectivo a la justicia, la verdad y la reparaci\u00f3n de las v\u00edctimas de los delitos.\",\"publisher\":{\"@id\":\"https:\/\/www.fiscalia.gov.co\/colombia\/#organization\"},\"potentialAction\":[{\"@type\":\"SearchAction\",\"target\":{\"@type\":\"EntryPoint\",\"urlTemplate\":\"https:\/\/www.fiscalia.gov.co\/colombia\/?s={search_term_string}\"},\"query-input\":{\"@type\":\"PropertyValueSpecification\",\"valueRequired\":true,\"valueName\":\"search_term_string\"}}],\"inLanguage\":\"es-CO\"},{\"@type\":\"Organization\",\"@id\":\"https:\/\/www.fiscalia.gov.co\/colombia\/#organization\",\"name\":\"Fiscal\u00eda General de la Naci\u00f3n\",\"url\":\"https:\/\/www.fiscalia.gov.co\/colombia\/\",\"logo\":{\"@type\":\"ImageObject\",\"inLanguage\":\"es-CO\",\"@id\":\"https:\/\/www.fiscalia.gov.co\/colombia\/#\/schema\/logo\/image\/\",\"url\":\"https:\/\/www.fiscalia.gov.co\/colombia\/wp-content\/uploads\/LogoHorizontal_1.jpg\",\"contentUrl\":\"https:\/\/www.fiscalia.gov.co\/colombia\/wp-content\/uploads\/LogoHorizontal_1.jpg\",\"width\":300,\"height\":90,\"caption\":\"Fiscal\u00eda General de la Naci\u00f3n\"},\"image\":{\"@id\":\"https:\/\/www.fiscalia.gov.co\/colombia\/#\/schema\/logo\/image\/\"},\"sameAs\":[\"https:\/\/www.facebook.com\/FiscaliaCol\",\"https:\/\/x.com\/FiscaliaCol\",\"https:\/\/www.instagram.com\/fiscaliacol\",\"https:\/\/www.linkedin.com\/company\/fiscalia-general-de-la-naci-n\/\",\"https:\/\/youtube.com\/@fiscaliageneraldelanacion-4668?si=6nN79nyQICPU5iTh\"]},{\"@type\":\"Person\",\"@id\":\"https:\/\/www.fiscalia.gov.co\/colombia\/#\/schema\/person\/bf84402cf293a5393e9c70b111020b24\",\"name\":\"Jordan Leandro Oviedo Anzola\",\"image\":{\"@type\":\"ImageObject\",\"inLanguage\":\"es-CO\",\"@id\":\"https:\/\/www.fiscalia.gov.co\/colombia\/#\/schema\/person\/image\/\",\"url\":\"https:\/\/secure.gravatar.com\/avatar\/dabba4346fa9b9207d96adafa8f92721?s=96&d=mm&r=g\",\"contentUrl\":\"https:\/\/secure.gravatar.com\/avatar\/dabba4346fa9b9207d96adafa8f92721?s=96&d=mm&r=g\",\"caption\":\"Jordan Leandro Oviedo Anzola\"},\"url\":\"https:\/\/www.fiscalia.gov.co\/colombia\/author\/joviedo\/\"}]}<\/script>\n<!-- \/ Yoast SEO plugin. -->","yoast_head_json":{"title":"Fiscal\u00eda General de la Naci\u00f3n","description":"P\u00e1gina oficial de la Fiscal\u00eda General de la Naci\u00f3n \u2013 Colombia. Garantizamos el acceso efectivo a la justicia, la verdad y la reparaci\u00f3n de las v\u00edctimas de los delitos.","robots":{"index":"noindex","follow":"follow"},"og_locale":"es_ES","og_type":"article","og_title":"Fiscal\u00eda General de la Naci\u00f3n","og_description":"P\u00e1gina oficial de la Fiscal\u00eda General de la Naci\u00f3n \u2013 Colombia. Garantizamos el acceso efectivo a la justicia, la verdad y la reparaci\u00f3n de las v\u00edctimas de los delitos.","og_url":"https:\/\/www.fiscalia.gov.co\/colombia\/noticias\/afectada-red-delincuencial-senalada-de-explotacion-sexual-de-mujeres-y-menores-de-edad-en-cartagena\/","og_site_name":"Fiscal\u00eda General de la Naci\u00f3n","article_publisher":"https:\/\/www.facebook.com\/FiscaliaCol","article_published_time":"2025-07-22T19:06:45+00:00","og_image":[{"width":1600,"height":900,"url":"https:\/\/www.fiscalia.gov.co\/colombia\/wp-content\/uploads\/Foto-1-boletin-22-de-julio-Trata-de-personas-.jpeg","type":"image\/jpeg"}],"author":"Jordan Leandro Oviedo Anzola","twitter_card":"summary_large_image","twitter_creator":"@FiscaliaCol","twitter_site":"@FiscaliaCol","twitter_misc":{"Escrito por":"Jordan Leandro Oviedo Anzola","Tiempo de lectura":"3 minutos"},"schema":{"@context":"https:\/\/schema.org","@graph":[{"@type":"Article","@id":"https:\/\/www.fiscalia.gov.co\/colombia\/noticias\/afectada-red-delincuencial-senalada-de-explotacion-sexual-de-mujeres-y-menores-de-edad-en-cartagena\/#article","isPartOf":{"@id":"https:\/\/www.fiscalia.gov.co\/colombia\/noticias\/afectada-red-delincuencial-senalada-de-explotacion-sexual-de-mujeres-y-menores-de-edad-en-cartagena\/"},"author":{"name":"Jordan Leandro Oviedo Anzola","@id":"https:\/\/www.fiscalia.gov.co\/colombia\/#\/schema\/person\/bf84402cf293a5393e9c70b111020b24"},"headline":"Afectada red delincuencial se\u00f1alada de explotaci\u00f3n sexual de mujeres y menores de edad en Cartagena","datePublished":"2025-07-22T19:06:45+00:00","dateModified":"2025-07-22T19:06:45+00:00","mainEntityOfPage":{"@id":"https:\/\/www.fiscalia.gov.co\/colombia\/noticias\/afectada-red-delincuencial-senalada-de-explotacion-sexual-de-mujeres-y-menores-de-edad-en-cartagena\/"},"wordCount":544,"publisher":{"@id":"https:\/\/www.fiscalia.gov.co\/colombia\/#organization"},"image":{"@id":"https:\/\/www.fiscalia.gov.co\/colombia\/noticias\/afectada-red-delincuencial-senalada-de-explotacion-sexual-de-mujeres-y-menores-de-edad-en-cartagena\/#primaryimage"},"thumbnailUrl":"https:\/\/www.fiscalia.gov.co\/colombia\/wp-content\/uploads\/Foto-1-boletin-22-de-julio-Trata-de-personas--1024x576.jpeg","keywords":["C\u00e1rcel","Cartagena","Cartagena (Bol\u00edvar)","Explotaci\u00f3n sexual","Fiscal Luz Adriana Camargo","Fiscal\u00eda Colombia","Fiscal\u00eda General de la Naci\u00f3n","Inducci\u00f3n a la prostituci\u00f3n","intramural","medida","Menores de edad","Polic\u00eda Nacional","Trata de personas","turismo sexual","turistas"],"articleSection":["Noticias","Seccional Cartagena","Seccionales"],"inLanguage":"es-CO"},{"@type":"WebPage","@id":"https:\/\/www.fiscalia.gov.co\/colombia\/noticias\/afectada-red-delincuencial-senalada-de-explotacion-sexual-de-mujeres-y-menores-de-edad-en-cartagena\/","url":"https:\/\/www.fiscalia.gov.co\/colombia\/noticias\/afectada-red-delincuencial-senalada-de-explotacion-sexual-de-mujeres-y-menores-de-edad-en-cartagena\/","name":"Fiscal\u00eda General de la Naci\u00f3n","isPartOf":{"@id":"https:\/\/www.fiscalia.gov.co\/colombia\/#website"},"primaryImageOfPage":{"@id":"https:\/\/www.fiscalia.gov.co\/colombia\/noticias\/afectada-red-delincuencial-senalada-de-explotacion-sexual-de-mujeres-y-menores-de-edad-en-cartagena\/#primaryimage"},"image":{"@id":"https:\/\/www.fiscalia.gov.co\/colombia\/noticias\/afectada-red-delincuencial-senalada-de-explotacion-sexual-de-mujeres-y-menores-de-edad-en-cartagena\/#primaryimage"},"thumbnailUrl":"https:\/\/www.fiscalia.gov.co\/colombia\/wp-content\/uploads\/Foto-1-boletin-22-de-julio-Trata-de-personas--1024x576.jpeg","datePublished":"2025-07-22T19:06:45+00:00","dateModified":"2025-07-22T19:06:45+00:00","description":"P\u00e1gina oficial de la Fiscal\u00eda General de la Naci\u00f3n \u2013 Colombia. Garantizamos el acceso efectivo a la justicia, la verdad y la reparaci\u00f3n de las v\u00edctimas de los delitos.","breadcrumb":{"@id":"https:\/\/www.fiscalia.gov.co\/colombia\/noticias\/afectada-red-delincuencial-senalada-de-explotacion-sexual-de-mujeres-y-menores-de-edad-en-cartagena\/#breadcrumb"},"inLanguage":"es-CO","potentialAction":[{"@type":"ReadAction","target":["https:\/\/www.fiscalia.gov.co\/colombia\/noticias\/afectada-red-delincuencial-senalada-de-explotacion-sexual-de-mujeres-y-menores-de-edad-en-cartagena\/"]}]},{"@type":"ImageObject","inLanguage":"es-CO","@id":"https:\/\/www.fiscalia.gov.co\/colombia\/noticias\/afectada-red-delincuencial-senalada-de-explotacion-sexual-de-mujeres-y-menores-de-edad-en-cartagena\/#primaryimage","url":"https:\/\/www.fiscalia.gov.co\/colombia\/wp-content\/uploads\/Foto-1-boletin-22-de-julio-Trata-de-personas-.jpeg","contentUrl":"https:\/\/www.fiscalia.gov.co\/colombia\/wp-content\/uploads\/Foto-1-boletin-22-de-julio-Trata-de-personas-.jpeg","width":1600,"height":900,"caption":"Los procesados fueron capturados por la Polic\u00eda Nacional en allanamientos y v\u00edas p\u00fablicas de Cartagena.\u00a0"},{"@type":"BreadcrumbList","@id":"https:\/\/www.fiscalia.gov.co\/colombia\/noticias\/afectada-red-delincuencial-senalada-de-explotacion-sexual-de-mujeres-y-menores-de-edad-en-cartagena\/#breadcrumb","itemListElement":[{"@type":"ListItem","position":1,"name":"Home","item":"https:\/\/www.fiscalia.gov.co\/colombia\/"},{"@type":"ListItem","position":2,"name":"Afectada red delincuencial se\u00f1alada de explotaci\u00f3n sexual de mujeres y menores de edad en Cartagena"}]},{"@type":"WebSite","@id":"https:\/\/www.fiscalia.gov.co\/colombia\/#website","url":"https:\/\/www.fiscalia.gov.co\/colombia\/","name":"Fiscal\u00eda General de la Naci\u00f3n","description":"P\u00e1gina oficial de la Fiscal\u00eda General de la Naci\u00f3n \u2013 Colombia. Garantizamos el acceso efectivo a la justicia, la verdad y la reparaci\u00f3n de las v\u00edctimas de los delitos.","publisher":{"@id":"https:\/\/www.fiscalia.gov.co\/colombia\/#organization"},"potentialAction":[{"@type":"SearchAction","target":{"@type":"EntryPoint","urlTemplate":"https:\/\/www.fiscalia.gov.co\/colombia\/?s={search_term_string}"},"query-input":{"@type":"PropertyValueSpecification","valueRequired":true,"valueName":"search_term_string"}}],"inLanguage":"es-CO"},{"@type":"Organization","@id":"https:\/\/www.fiscalia.gov.co\/colombia\/#organization","name":"Fiscal\u00eda General de la Naci\u00f3n","url":"https:\/\/www.fiscalia.gov.co\/colombia\/","logo":{"@type":"ImageObject","inLanguage":"es-CO","@id":"https:\/\/www.fiscalia.gov.co\/colombia\/#\/schema\/logo\/image\/","url":"https:\/\/www.fiscalia.gov.co\/colombia\/wp-content\/uploads\/LogoHorizontal_1.jpg","contentUrl":"https:\/\/www.fiscalia.gov.co\/colombia\/wp-content\/uploads\/LogoHorizontal_1.jpg","width":300,"height":90,"caption":"Fiscal\u00eda General de la Naci\u00f3n"},"image":{"@id":"https:\/\/www.fiscalia.gov.co\/colombia\/#\/schema\/logo\/image\/"},"sameAs":["https:\/\/www.facebook.com\/FiscaliaCol","https:\/\/x.com\/FiscaliaCol","https:\/\/www.instagram.com\/fiscaliacol","https:\/\/www.linkedin.com\/company\/fiscalia-general-de-la-naci-n\/","https:\/\/youtube.com\/@fiscaliageneraldelanacion-4668?si=6nN79nyQICPU5iTh"]},{"@type":"Person","@id":"https:\/\/www.fiscalia.gov.co\/colombia\/#\/schema\/person\/bf84402cf293a5393e9c70b111020b24","name":"Jordan Leandro Oviedo Anzola","image":{"@type":"ImageObject","inLanguage":"es-CO","@id":"https:\/\/www.fiscalia.gov.co\/colombia\/#\/schema\/person\/image\/","url":"https:\/\/secure.gravatar.com\/avatar\/dabba4346fa9b9207d96adafa8f92721?s=96&d=mm&r=g","contentUrl":"https:\/\/secure.gravatar.com\/avatar\/dabba4346fa9b9207d96adafa8f92721?s=96&d=mm&r=g","caption":"Jordan Leandro Oviedo Anzola"},"url":"https:\/\/www.fiscalia.gov.co\/colombia\/author\/joviedo\/"}]}},"_links":{"self":[{"href":"https:\/\/www.fiscalia.gov.co\/colombia\/wp-json\/wp\/v2\/posts\/319328","targetHints":{"allow":["GET"]}}],"collection":[{"href":"https:\/\/www.fiscalia.gov.co\/colombia\/wp-json\/wp\/v2\/posts"}],"about":[{"href":"https:\/\/www.fiscalia.gov.co\/colombia\/wp-json\/wp\/v2\/types\/post"}],"author":[{"embeddable":true,"href":"https:\/\/www.fiscalia.gov.co\/colombia\/wp-json\/wp\/v2\/users\/177"}],"replies":[{"embeddable":true,"href":"https:\/\/www.fiscalia.gov.co\/colombia\/wp-json\/wp\/v2\/comments?post=319328"}],"version-history":[{"count":1,"href":"https:\/\/www.fiscalia.gov.co\/colombia\/wp-json\/wp\/v2\/posts\/319328\/revisions"}],"predecessor-version":[{"id":319330,"href":"https:\/\/www.fiscalia.gov.co\/colombia\/wp-json\/wp\/v2\/posts\/319328\/revisions\/319330"}],"wp:attachment":[{"href":"https:\/\/www.fiscalia.gov.co\/colombia\/wp-json\/wp\/v2\/media?parent=319328"}],"wp:term":[{"taxonomy":"category","embeddable":true,"href":"https:\/\/www.fiscalia.gov.co\/colombia\/wp-json\/wp\/v2\/categories?post=319328"},{"taxonomy":"post_tag","embeddable":true,"href":"https:\/\/www.fiscalia.gov.co\/colombia\/wp-json\/wp\/v2\/tags?post=319328"}],"curies":[{"name":"wp","href":"https:\/\/api.w.org\/{rel}","templated":true}]}}