{"id":319180,"date":"2025-07-19T15:03:48","date_gmt":"2025-07-19T20:03:48","guid":{"rendered":"https:\/\/www.fiscalia.gov.co\/colombia\/?p=319180"},"modified":"2025-07-19T15:28:08","modified_gmt":"2025-07-19T20:28:08","slug":"la-fiscalia-general-de-la-nacion-lamenta-profundamente-el-fallecimiento-del-servidor-del-cti-juan-carlos-uribe-alfaro","status":"publish","type":"post","link":"https:\/\/www.fiscalia.gov.co\/colombia\/noticias\/la-fiscalia-general-de-la-nacion-lamenta-profundamente-el-fallecimiento-del-servidor-del-cti-juan-carlos-uribe-alfaro\/","title":{"rendered":"La Fiscal\u00eda General de la Naci\u00f3n lamenta profundamente el fallecimiento del servidor del CTI Juan Carlos Uribe Alfaro"},"content":{"rendered":"<p>Este es un d\u00eda de duelo en la justicia. La Fiscal\u00eda General de la Naci\u00f3n registra con profundo pesar la muerte del investigador del <strong>Cuerpo T\u00e9cnico de Investigaci\u00f3n (CTI), Juan Carlos Uribe Alfaro<\/strong>, asesinado la madrugada de este s\u00e1bado en medio de un operativo de allanamiento y registro en el corregimiento Mondomo de Santander de Quilichao (Cauca).<\/p>\n<figure id=\"attachment_319183\" aria-describedby=\"caption-attachment-319183\" style=\"width: 556px\" class=\"wp-caption aligncenter\"><img loading=\"lazy\" decoding=\"async\" class=\"size-full wp-image-319183\" src=\"https:\/\/www.fiscalia.gov.co\/colombia\/wp-content\/uploads\/WhatsApp-Image-2025-07-19-at-12.18.44-PM.jpeg\" alt=\"\" width=\"556\" height=\"517\" srcset=\"https:\/\/www.fiscalia.gov.co\/colombia\/wp-content\/uploads\/WhatsApp-Image-2025-07-19-at-12.18.44-PM.jpeg 556w, https:\/\/www.fiscalia.gov.co\/colombia\/wp-content\/uploads\/WhatsApp-Image-2025-07-19-at-12.18.44-PM-300x279.jpeg 300w, https:\/\/www.fiscalia.gov.co\/colombia\/wp-content\/uploads\/WhatsApp-Image-2025-07-19-at-12.18.44-PM-452x420.jpeg 452w\" sizes=\"auto, (max-width: 556px) 100vw, 556px\" \/><figcaption id=\"caption-attachment-319183\" class=\"wp-caption-text\">Servidor del CTI Juan Carlos Uribe Alfaro<\/figcaption><\/figure>\n<p>La Fiscal\u00eda General de la Naci\u00f3n pierde en este episodio de <strong>violencia a un valioso funcionario que entreg\u00f3 31 a\u00f1os de servicio a la justicia<\/strong>. La Fiscal\u00eda se une al dolor que embarga en este momento a la familia, allegados y al CTI, ante la partida de nuestro compa\u00f1ero Juan Carlos Uribe Alfaro.<\/p>\n<p>La Fiscal\u00eda General de la Naci\u00f3n rechaza categ\u00f3ricamente las acciones criminales de l<strong>os grupos al margen de la ley contra la vida e integridad de funcionarios al servicio de la justicia y la Fuerza P\u00fablica,<\/strong> cuya misi\u00f3n profesional es contribuir en la resoluci\u00f3n de los conflictos del pa\u00eds y los problemas sociales derivados del delito.<\/p>\n<p>En los hechos en los que perdi\u00f3 la vida en cumplimiento de su deber nuestro investigador de polic\u00eda judicial, <strong>tambi\u00e9n result\u00f3 herido el soldado profesional Fernando Noguera Velasco, por quien hacemos votos de pronta recuperaci\u00f3n<\/strong>. En la reacci\u00f3n inmediata del Ej\u00e9rcito Nacional muri\u00f3 el atacante.<\/p>\n<p>&nbsp;<\/p>\n<p>&nbsp;<\/p>\n<p>&nbsp;<\/p>\n<p>&nbsp;<\/p>\n<p>&nbsp;<\/p>\n<div class=\"td-post-content tagdiv-type\">\n<div class=\"td-post-content tagdiv-type\">\n<div class=\"td-post-content tagdiv-type\">\n<div class=\"td-post-content tagdiv-type\">\n<p><i>La informaci\u00f3n contenida en este bolet\u00edn de prensa corresponde a la narraci\u00f3n de los hechos noticiosos objetivos, suministrados por los funcionarios encargados de adelantar las investigaciones penales al interior de la Fiscal\u00eda General de la Naci\u00f3n. Para el momento de la divulgaci\u00f3n de este comunicado, la situaci\u00f3n jur\u00eddica de la(s) persona(s) relacionada(s) se encuentra pendiente de resolver por la autoridad judicial competente, siempre bajo los preceptos de la presunci\u00f3n de inocencia, consagrados en el art\u00edculo 29 de la Constituci\u00f3n Pol\u00edtica y el art\u00edculo 7\u00ba de la Ley 906 de 2004.\u00a0<\/i><\/p>\n<\/div>\n<footer>\n<div class=\"td-post-source-tags\"><\/div>\n<div class=\"td-post-sharing-bottom\"><\/div>\n<\/footer>\n<\/div>\n<footer>\n<div class=\"td-post-source-tags\"><\/div>\n<div class=\"td-post-sharing-bottom\"><\/div>\n<\/footer>\n<\/div>\n<footer>\n<div class=\"td-post-source-tags\"><\/div>\n<div class=\"td-post-sharing-bottom\"><\/div>\n<\/footer>\n<\/div>\n<footer>\n<div class=\"td-post-source-tags\"><\/div>\n<div class=\"td-post-sharing-bottom\"><\/div>\n<\/footer>\n\n<div class=\"twitter-share\"><a href=\"https:\/\/twitter.com\/intent\/tweet?via=fiscaliacol\" class=\"twitter-share-button\">Tweet<\/a><\/div>\n","protected":false},"excerpt":{"rendered":"<p>Este es un d\u00eda de duelo en la justicia. La Fiscal\u00eda General de la Naci\u00f3n registra con profundo pesar la muerte del investigador del Cuerpo T\u00e9cnico de Investigaci\u00f3n (CTI), Juan Carlos Uribe Alfaro, asesinado la madrugada de este s\u00e1bado en medio de un operativo de allanamiento y registro en el corregimiento Mondomo de Santander de [&hellip;]<\/p>\n","protected":false},"author":177,"featured_media":0,"comment_status":"closed","ping_status":"open","sticky":false,"template":"","format":"standard","meta":{"tdm_status":"","tdm_grid_status":"","footnotes":""},"categories":[1],"tags":[42093,45,25012,24205,436,37492,25477,409,37918],"class_list":{"0":"post-319180","1":"post","2":"type-post","3":"status-publish","4":"format-standard","6":"category-noticias","7":"tag-arma-de-fuego-en-medio-de-un-operativo-de-allanamiento-y-registro-en-el-municipio-de-santander-de-quilichao-cauca","8":"tag-cti","9":"tag-cuerpo-tecnico-de-investigacion","10":"tag-disidencias","11":"tag-farc","12":"tag-fiscal-luz-adriana-camargo","13":"tag-fiscalia-general-de-la-nacio","14":"tag-homicidio","15":"tag-servidor"},"yoast_head":"<!-- This site is optimized with the Yoast SEO plugin v24.3 - https:\/\/yoast.com\/wordpress\/plugins\/seo\/ -->\n<title>Fiscal\u00eda General de la Naci\u00f3n<\/title>\n<meta name=\"description\" content=\"P\u00e1gina oficial de la Fiscal\u00eda General de la Naci\u00f3n \u2013 Colombia. Garantizamos el acceso efectivo a la justicia, la verdad y la reparaci\u00f3n de las v\u00edctimas de los delitos.\" \/>\n<meta name=\"robots\" content=\"noindex, follow\" \/>\n<meta property=\"og:locale\" content=\"es_ES\" \/>\n<meta property=\"og:type\" content=\"article\" \/>\n<meta property=\"og:title\" content=\"Fiscal\u00eda General de la Naci\u00f3n\" \/>\n<meta property=\"og:description\" content=\"P\u00e1gina oficial de la Fiscal\u00eda General de la Naci\u00f3n \u2013 Colombia. Garantizamos el acceso efectivo a la justicia, la verdad y la reparaci\u00f3n de las v\u00edctimas de los delitos.\" \/>\n<meta property=\"og:url\" content=\"https:\/\/www.fiscalia.gov.co\/colombia\/noticias\/la-fiscalia-general-de-la-nacion-lamenta-profundamente-el-fallecimiento-del-servidor-del-cti-juan-carlos-uribe-alfaro\/\" \/>\n<meta property=\"og:site_name\" content=\"Fiscal\u00eda General de la Naci\u00f3n\" \/>\n<meta property=\"article:publisher\" content=\"https:\/\/www.facebook.com\/FiscaliaCol\" \/>\n<meta property=\"article:published_time\" content=\"2025-07-19T20:03:48+00:00\" \/>\n<meta property=\"article:modified_time\" content=\"2025-07-19T20:28:08+00:00\" \/>\n<meta property=\"og:image\" content=\"https:\/\/www.fiscalia.gov.co\/colombia\/wp-content\/uploads\/WhatsApp-Image-2025-07-19-at-12.18.44-PM.jpeg\" \/>\n\t<meta property=\"og:image:width\" content=\"556\" \/>\n\t<meta property=\"og:image:height\" content=\"517\" \/>\n\t<meta property=\"og:image:type\" content=\"image\/jpeg\" \/>\n<meta name=\"author\" content=\"Jordan Leandro Oviedo Anzola\" \/>\n<meta name=\"twitter:card\" content=\"summary_large_image\" \/>\n<meta name=\"twitter:creator\" content=\"@FiscaliaCol\" \/>\n<meta name=\"twitter:site\" content=\"@FiscaliaCol\" \/>\n<meta name=\"twitter:label1\" content=\"Escrito por\" \/>\n\t<meta name=\"twitter:data1\" content=\"Jordan Leandro Oviedo Anzola\" \/>\n\t<meta name=\"twitter:label2\" content=\"Tiempo de lectura\" \/>\n\t<meta name=\"twitter:data2\" content=\"2 minutos\" \/>\n<script type=\"application\/ld+json\" class=\"yoast-schema-graph\">{\"@context\":\"https:\/\/schema.org\",\"@graph\":[{\"@type\":\"Article\",\"@id\":\"https:\/\/www.fiscalia.gov.co\/colombia\/noticias\/la-fiscalia-general-de-la-nacion-lamenta-profundamente-el-fallecimiento-del-servidor-del-cti-juan-carlos-uribe-alfaro\/#article\",\"isPartOf\":{\"@id\":\"https:\/\/www.fiscalia.gov.co\/colombia\/noticias\/la-fiscalia-general-de-la-nacion-lamenta-profundamente-el-fallecimiento-del-servidor-del-cti-juan-carlos-uribe-alfaro\/\"},\"author\":{\"name\":\"Jordan Leandro Oviedo Anzola\",\"@id\":\"https:\/\/www.fiscalia.gov.co\/colombia\/#\/schema\/person\/bf84402cf293a5393e9c70b111020b24\"},\"headline\":\"La Fiscal\u00eda General de la Naci\u00f3n lamenta profundamente el fallecimiento del servidor del CTI Juan Carlos Uribe Alfaro\",\"datePublished\":\"2025-07-19T20:03:48+00:00\",\"dateModified\":\"2025-07-19T20:28:08+00:00\",\"mainEntityOfPage\":{\"@id\":\"https:\/\/www.fiscalia.gov.co\/colombia\/noticias\/la-fiscalia-general-de-la-nacion-lamenta-profundamente-el-fallecimiento-del-servidor-del-cti-juan-carlos-uribe-alfaro\/\"},\"wordCount\":373,\"publisher\":{\"@id\":\"https:\/\/www.fiscalia.gov.co\/colombia\/#organization\"},\"image\":{\"@id\":\"https:\/\/www.fiscalia.gov.co\/colombia\/noticias\/la-fiscalia-general-de-la-nacion-lamenta-profundamente-el-fallecimiento-del-servidor-del-cti-juan-carlos-uribe-alfaro\/#primaryimage\"},\"thumbnailUrl\":\"https:\/\/www.fiscalia.gov.co\/colombia\/wp-content\/uploads\/WhatsApp-Image-2025-07-19-at-12.18.44-PM.jpeg\",\"keywords\":[\"arma de fuego en medio de un operativo de allanamiento y registro en el municipio de Santander de Quilichao (Cauca)\",\"CTI\",\"cuerpo t\u00e9cnico de investigaci\u00f3n\",\"disidencias\",\"Farc\",\"Fiscal Luz Adriana Camargo\",\"FISCAL\u00cdA GENERAL DE LA NACI\u00d3\",\"Homicidio\",\"servidor\"],\"articleSection\":[\"Noticias\"],\"inLanguage\":\"es-CO\"},{\"@type\":\"WebPage\",\"@id\":\"https:\/\/www.fiscalia.gov.co\/colombia\/noticias\/la-fiscalia-general-de-la-nacion-lamenta-profundamente-el-fallecimiento-del-servidor-del-cti-juan-carlos-uribe-alfaro\/\",\"url\":\"https:\/\/www.fiscalia.gov.co\/colombia\/noticias\/la-fiscalia-general-de-la-nacion-lamenta-profundamente-el-fallecimiento-del-servidor-del-cti-juan-carlos-uribe-alfaro\/\",\"name\":\"Fiscal\u00eda General de la Naci\u00f3n\",\"isPartOf\":{\"@id\":\"https:\/\/www.fiscalia.gov.co\/colombia\/#website\"},\"primaryImageOfPage\":{\"@id\":\"https:\/\/www.fiscalia.gov.co\/colombia\/noticias\/la-fiscalia-general-de-la-nacion-lamenta-profundamente-el-fallecimiento-del-servidor-del-cti-juan-carlos-uribe-alfaro\/#primaryimage\"},\"image\":{\"@id\":\"https:\/\/www.fiscalia.gov.co\/colombia\/noticias\/la-fiscalia-general-de-la-nacion-lamenta-profundamente-el-fallecimiento-del-servidor-del-cti-juan-carlos-uribe-alfaro\/#primaryimage\"},\"thumbnailUrl\":\"https:\/\/www.fiscalia.gov.co\/colombia\/wp-content\/uploads\/WhatsApp-Image-2025-07-19-at-12.18.44-PM.jpeg\",\"datePublished\":\"2025-07-19T20:03:48+00:00\",\"dateModified\":\"2025-07-19T20:28:08+00:00\",\"description\":\"P\u00e1gina oficial de la Fiscal\u00eda General de la Naci\u00f3n \u2013 Colombia. Garantizamos el acceso efectivo a la justicia, la verdad y la reparaci\u00f3n de las v\u00edctimas de los delitos.\",\"breadcrumb\":{\"@id\":\"https:\/\/www.fiscalia.gov.co\/colombia\/noticias\/la-fiscalia-general-de-la-nacion-lamenta-profundamente-el-fallecimiento-del-servidor-del-cti-juan-carlos-uribe-alfaro\/#breadcrumb\"},\"inLanguage\":\"es-CO\",\"potentialAction\":[{\"@type\":\"ReadAction\",\"target\":[\"https:\/\/www.fiscalia.gov.co\/colombia\/noticias\/la-fiscalia-general-de-la-nacion-lamenta-profundamente-el-fallecimiento-del-servidor-del-cti-juan-carlos-uribe-alfaro\/\"]}]},{\"@type\":\"ImageObject\",\"inLanguage\":\"es-CO\",\"@id\":\"https:\/\/www.fiscalia.gov.co\/colombia\/noticias\/la-fiscalia-general-de-la-nacion-lamenta-profundamente-el-fallecimiento-del-servidor-del-cti-juan-carlos-uribe-alfaro\/#primaryimage\",\"url\":\"https:\/\/www.fiscalia.gov.co\/colombia\/wp-content\/uploads\/WhatsApp-Image-2025-07-19-at-12.18.44-PM.jpeg\",\"contentUrl\":\"https:\/\/www.fiscalia.gov.co\/colombia\/wp-content\/uploads\/WhatsApp-Image-2025-07-19-at-12.18.44-PM.jpeg\",\"width\":556,\"height\":517,\"caption\":\"Servidor del CTI Juan Carlos Uribe Alfaro\"},{\"@type\":\"BreadcrumbList\",\"@id\":\"https:\/\/www.fiscalia.gov.co\/colombia\/noticias\/la-fiscalia-general-de-la-nacion-lamenta-profundamente-el-fallecimiento-del-servidor-del-cti-juan-carlos-uribe-alfaro\/#breadcrumb\",\"itemListElement\":[{\"@type\":\"ListItem\",\"position\":1,\"name\":\"Home\",\"item\":\"https:\/\/www.fiscalia.gov.co\/colombia\/\"},{\"@type\":\"ListItem\",\"position\":2,\"name\":\"La Fiscal\u00eda General de la Naci\u00f3n lamenta profundamente el fallecimiento del servidor del CTI Juan Carlos Uribe Alfaro\"}]},{\"@type\":\"WebSite\",\"@id\":\"https:\/\/www.fiscalia.gov.co\/colombia\/#website\",\"url\":\"https:\/\/www.fiscalia.gov.co\/colombia\/\",\"name\":\"Fiscal\u00eda General de la Naci\u00f3n\",\"description\":\"P\u00e1gina oficial de la Fiscal\u00eda General de la Naci\u00f3n \u2013 Colombia. Garantizamos el acceso efectivo a la justicia, la verdad y la reparaci\u00f3n de las v\u00edctimas de los delitos.\",\"publisher\":{\"@id\":\"https:\/\/www.fiscalia.gov.co\/colombia\/#organization\"},\"potentialAction\":[{\"@type\":\"SearchAction\",\"target\":{\"@type\":\"EntryPoint\",\"urlTemplate\":\"https:\/\/www.fiscalia.gov.co\/colombia\/?s={search_term_string}\"},\"query-input\":{\"@type\":\"PropertyValueSpecification\",\"valueRequired\":true,\"valueName\":\"search_term_string\"}}],\"inLanguage\":\"es-CO\"},{\"@type\":\"Organization\",\"@id\":\"https:\/\/www.fiscalia.gov.co\/colombia\/#organization\",\"name\":\"Fiscal\u00eda General de la Naci\u00f3n\",\"url\":\"https:\/\/www.fiscalia.gov.co\/colombia\/\",\"logo\":{\"@type\":\"ImageObject\",\"inLanguage\":\"es-CO\",\"@id\":\"https:\/\/www.fiscalia.gov.co\/colombia\/#\/schema\/logo\/image\/\",\"url\":\"https:\/\/www.fiscalia.gov.co\/colombia\/wp-content\/uploads\/LogoHorizontal_1.jpg\",\"contentUrl\":\"https:\/\/www.fiscalia.gov.co\/colombia\/wp-content\/uploads\/LogoHorizontal_1.jpg\",\"width\":300,\"height\":90,\"caption\":\"Fiscal\u00eda General de la Naci\u00f3n\"},\"image\":{\"@id\":\"https:\/\/www.fiscalia.gov.co\/colombia\/#\/schema\/logo\/image\/\"},\"sameAs\":[\"https:\/\/www.facebook.com\/FiscaliaCol\",\"https:\/\/x.com\/FiscaliaCol\",\"https:\/\/www.instagram.com\/fiscaliacol\",\"https:\/\/www.linkedin.com\/company\/fiscalia-general-de-la-naci-n\/\",\"https:\/\/youtube.com\/@fiscaliageneraldelanacion-4668?si=6nN79nyQICPU5iTh\"]},{\"@type\":\"Person\",\"@id\":\"https:\/\/www.fiscalia.gov.co\/colombia\/#\/schema\/person\/bf84402cf293a5393e9c70b111020b24\",\"name\":\"Jordan Leandro Oviedo Anzola\",\"image\":{\"@type\":\"ImageObject\",\"inLanguage\":\"es-CO\",\"@id\":\"https:\/\/www.fiscalia.gov.co\/colombia\/#\/schema\/person\/image\/\",\"url\":\"https:\/\/secure.gravatar.com\/avatar\/dabba4346fa9b9207d96adafa8f92721?s=96&d=mm&r=g\",\"contentUrl\":\"https:\/\/secure.gravatar.com\/avatar\/dabba4346fa9b9207d96adafa8f92721?s=96&d=mm&r=g\",\"caption\":\"Jordan Leandro Oviedo Anzola\"},\"url\":\"https:\/\/www.fiscalia.gov.co\/colombia\/author\/joviedo\/\"}]}<\/script>\n<!-- \/ Yoast SEO plugin. -->","yoast_head_json":{"title":"Fiscal\u00eda General de la Naci\u00f3n","description":"P\u00e1gina oficial de la Fiscal\u00eda General de la Naci\u00f3n \u2013 Colombia. Garantizamos el acceso efectivo a la justicia, la verdad y la reparaci\u00f3n de las v\u00edctimas de los delitos.","robots":{"index":"noindex","follow":"follow"},"og_locale":"es_ES","og_type":"article","og_title":"Fiscal\u00eda General de la Naci\u00f3n","og_description":"P\u00e1gina oficial de la Fiscal\u00eda General de la Naci\u00f3n \u2013 Colombia. Garantizamos el acceso efectivo a la justicia, la verdad y la reparaci\u00f3n de las v\u00edctimas de los delitos.","og_url":"https:\/\/www.fiscalia.gov.co\/colombia\/noticias\/la-fiscalia-general-de-la-nacion-lamenta-profundamente-el-fallecimiento-del-servidor-del-cti-juan-carlos-uribe-alfaro\/","og_site_name":"Fiscal\u00eda General de la Naci\u00f3n","article_publisher":"https:\/\/www.facebook.com\/FiscaliaCol","article_published_time":"2025-07-19T20:03:48+00:00","article_modified_time":"2025-07-19T20:28:08+00:00","og_image":[{"width":556,"height":517,"url":"https:\/\/www.fiscalia.gov.co\/colombia\/wp-content\/uploads\/WhatsApp-Image-2025-07-19-at-12.18.44-PM.jpeg","type":"image\/jpeg"}],"author":"Jordan Leandro Oviedo Anzola","twitter_card":"summary_large_image","twitter_creator":"@FiscaliaCol","twitter_site":"@FiscaliaCol","twitter_misc":{"Escrito por":"Jordan Leandro Oviedo Anzola","Tiempo de lectura":"2 minutos"},"schema":{"@context":"https:\/\/schema.org","@graph":[{"@type":"Article","@id":"https:\/\/www.fiscalia.gov.co\/colombia\/noticias\/la-fiscalia-general-de-la-nacion-lamenta-profundamente-el-fallecimiento-del-servidor-del-cti-juan-carlos-uribe-alfaro\/#article","isPartOf":{"@id":"https:\/\/www.fiscalia.gov.co\/colombia\/noticias\/la-fiscalia-general-de-la-nacion-lamenta-profundamente-el-fallecimiento-del-servidor-del-cti-juan-carlos-uribe-alfaro\/"},"author":{"name":"Jordan Leandro Oviedo Anzola","@id":"https:\/\/www.fiscalia.gov.co\/colombia\/#\/schema\/person\/bf84402cf293a5393e9c70b111020b24"},"headline":"La Fiscal\u00eda General de la Naci\u00f3n lamenta profundamente el fallecimiento del servidor del CTI Juan Carlos Uribe Alfaro","datePublished":"2025-07-19T20:03:48+00:00","dateModified":"2025-07-19T20:28:08+00:00","mainEntityOfPage":{"@id":"https:\/\/www.fiscalia.gov.co\/colombia\/noticias\/la-fiscalia-general-de-la-nacion-lamenta-profundamente-el-fallecimiento-del-servidor-del-cti-juan-carlos-uribe-alfaro\/"},"wordCount":373,"publisher":{"@id":"https:\/\/www.fiscalia.gov.co\/colombia\/#organization"},"image":{"@id":"https:\/\/www.fiscalia.gov.co\/colombia\/noticias\/la-fiscalia-general-de-la-nacion-lamenta-profundamente-el-fallecimiento-del-servidor-del-cti-juan-carlos-uribe-alfaro\/#primaryimage"},"thumbnailUrl":"https:\/\/www.fiscalia.gov.co\/colombia\/wp-content\/uploads\/WhatsApp-Image-2025-07-19-at-12.18.44-PM.jpeg","keywords":["arma de fuego en medio de un operativo de allanamiento y registro en el municipio de Santander de Quilichao (Cauca)","CTI","cuerpo t\u00e9cnico de investigaci\u00f3n","disidencias","Farc","Fiscal Luz Adriana Camargo","FISCAL\u00cdA GENERAL DE LA NACI\u00d3","Homicidio","servidor"],"articleSection":["Noticias"],"inLanguage":"es-CO"},{"@type":"WebPage","@id":"https:\/\/www.fiscalia.gov.co\/colombia\/noticias\/la-fiscalia-general-de-la-nacion-lamenta-profundamente-el-fallecimiento-del-servidor-del-cti-juan-carlos-uribe-alfaro\/","url":"https:\/\/www.fiscalia.gov.co\/colombia\/noticias\/la-fiscalia-general-de-la-nacion-lamenta-profundamente-el-fallecimiento-del-servidor-del-cti-juan-carlos-uribe-alfaro\/","name":"Fiscal\u00eda General de la Naci\u00f3n","isPartOf":{"@id":"https:\/\/www.fiscalia.gov.co\/colombia\/#website"},"primaryImageOfPage":{"@id":"https:\/\/www.fiscalia.gov.co\/colombia\/noticias\/la-fiscalia-general-de-la-nacion-lamenta-profundamente-el-fallecimiento-del-servidor-del-cti-juan-carlos-uribe-alfaro\/#primaryimage"},"image":{"@id":"https:\/\/www.fiscalia.gov.co\/colombia\/noticias\/la-fiscalia-general-de-la-nacion-lamenta-profundamente-el-fallecimiento-del-servidor-del-cti-juan-carlos-uribe-alfaro\/#primaryimage"},"thumbnailUrl":"https:\/\/www.fiscalia.gov.co\/colombia\/wp-content\/uploads\/WhatsApp-Image-2025-07-19-at-12.18.44-PM.jpeg","datePublished":"2025-07-19T20:03:48+00:00","dateModified":"2025-07-19T20:28:08+00:00","description":"P\u00e1gina oficial de la Fiscal\u00eda General de la Naci\u00f3n \u2013 Colombia. Garantizamos el acceso efectivo a la justicia, la verdad y la reparaci\u00f3n de las v\u00edctimas de los delitos.","breadcrumb":{"@id":"https:\/\/www.fiscalia.gov.co\/colombia\/noticias\/la-fiscalia-general-de-la-nacion-lamenta-profundamente-el-fallecimiento-del-servidor-del-cti-juan-carlos-uribe-alfaro\/#breadcrumb"},"inLanguage":"es-CO","potentialAction":[{"@type":"ReadAction","target":["https:\/\/www.fiscalia.gov.co\/colombia\/noticias\/la-fiscalia-general-de-la-nacion-lamenta-profundamente-el-fallecimiento-del-servidor-del-cti-juan-carlos-uribe-alfaro\/"]}]},{"@type":"ImageObject","inLanguage":"es-CO","@id":"https:\/\/www.fiscalia.gov.co\/colombia\/noticias\/la-fiscalia-general-de-la-nacion-lamenta-profundamente-el-fallecimiento-del-servidor-del-cti-juan-carlos-uribe-alfaro\/#primaryimage","url":"https:\/\/www.fiscalia.gov.co\/colombia\/wp-content\/uploads\/WhatsApp-Image-2025-07-19-at-12.18.44-PM.jpeg","contentUrl":"https:\/\/www.fiscalia.gov.co\/colombia\/wp-content\/uploads\/WhatsApp-Image-2025-07-19-at-12.18.44-PM.jpeg","width":556,"height":517,"caption":"Servidor del CTI Juan Carlos Uribe Alfaro"},{"@type":"BreadcrumbList","@id":"https:\/\/www.fiscalia.gov.co\/colombia\/noticias\/la-fiscalia-general-de-la-nacion-lamenta-profundamente-el-fallecimiento-del-servidor-del-cti-juan-carlos-uribe-alfaro\/#breadcrumb","itemListElement":[{"@type":"ListItem","position":1,"name":"Home","item":"https:\/\/www.fiscalia.gov.co\/colombia\/"},{"@type":"ListItem","position":2,"name":"La Fiscal\u00eda General de la Naci\u00f3n lamenta profundamente el fallecimiento del servidor del CTI Juan Carlos Uribe Alfaro"}]},{"@type":"WebSite","@id":"https:\/\/www.fiscalia.gov.co\/colombia\/#website","url":"https:\/\/www.fiscalia.gov.co\/colombia\/","name":"Fiscal\u00eda General de la Naci\u00f3n","description":"P\u00e1gina oficial de la Fiscal\u00eda General de la Naci\u00f3n \u2013 Colombia. Garantizamos el acceso efectivo a la justicia, la verdad y la reparaci\u00f3n de las v\u00edctimas de los delitos.","publisher":{"@id":"https:\/\/www.fiscalia.gov.co\/colombia\/#organization"},"potentialAction":[{"@type":"SearchAction","target":{"@type":"EntryPoint","urlTemplate":"https:\/\/www.fiscalia.gov.co\/colombia\/?s={search_term_string}"},"query-input":{"@type":"PropertyValueSpecification","valueRequired":true,"valueName":"search_term_string"}}],"inLanguage":"es-CO"},{"@type":"Organization","@id":"https:\/\/www.fiscalia.gov.co\/colombia\/#organization","name":"Fiscal\u00eda General de la Naci\u00f3n","url":"https:\/\/www.fiscalia.gov.co\/colombia\/","logo":{"@type":"ImageObject","inLanguage":"es-CO","@id":"https:\/\/www.fiscalia.gov.co\/colombia\/#\/schema\/logo\/image\/","url":"https:\/\/www.fiscalia.gov.co\/colombia\/wp-content\/uploads\/LogoHorizontal_1.jpg","contentUrl":"https:\/\/www.fiscalia.gov.co\/colombia\/wp-content\/uploads\/LogoHorizontal_1.jpg","width":300,"height":90,"caption":"Fiscal\u00eda General de la Naci\u00f3n"},"image":{"@id":"https:\/\/www.fiscalia.gov.co\/colombia\/#\/schema\/logo\/image\/"},"sameAs":["https:\/\/www.facebook.com\/FiscaliaCol","https:\/\/x.com\/FiscaliaCol","https:\/\/www.instagram.com\/fiscaliacol","https:\/\/www.linkedin.com\/company\/fiscalia-general-de-la-naci-n\/","https:\/\/youtube.com\/@fiscaliageneraldelanacion-4668?si=6nN79nyQICPU5iTh"]},{"@type":"Person","@id":"https:\/\/www.fiscalia.gov.co\/colombia\/#\/schema\/person\/bf84402cf293a5393e9c70b111020b24","name":"Jordan Leandro Oviedo Anzola","image":{"@type":"ImageObject","inLanguage":"es-CO","@id":"https:\/\/www.fiscalia.gov.co\/colombia\/#\/schema\/person\/image\/","url":"https:\/\/secure.gravatar.com\/avatar\/dabba4346fa9b9207d96adafa8f92721?s=96&d=mm&r=g","contentUrl":"https:\/\/secure.gravatar.com\/avatar\/dabba4346fa9b9207d96adafa8f92721?s=96&d=mm&r=g","caption":"Jordan Leandro Oviedo Anzola"},"url":"https:\/\/www.fiscalia.gov.co\/colombia\/author\/joviedo\/"}]}},"_links":{"self":[{"href":"https:\/\/www.fiscalia.gov.co\/colombia\/wp-json\/wp\/v2\/posts\/319180","targetHints":{"allow":["GET"]}}],"collection":[{"href":"https:\/\/www.fiscalia.gov.co\/colombia\/wp-json\/wp\/v2\/posts"}],"about":[{"href":"https:\/\/www.fiscalia.gov.co\/colombia\/wp-json\/wp\/v2\/types\/post"}],"author":[{"embeddable":true,"href":"https:\/\/www.fiscalia.gov.co\/colombia\/wp-json\/wp\/v2\/users\/177"}],"replies":[{"embeddable":true,"href":"https:\/\/www.fiscalia.gov.co\/colombia\/wp-json\/wp\/v2\/comments?post=319180"}],"version-history":[{"count":2,"href":"https:\/\/www.fiscalia.gov.co\/colombia\/wp-json\/wp\/v2\/posts\/319180\/revisions"}],"predecessor-version":[{"id":319184,"href":"https:\/\/www.fiscalia.gov.co\/colombia\/wp-json\/wp\/v2\/posts\/319180\/revisions\/319184"}],"wp:attachment":[{"href":"https:\/\/www.fiscalia.gov.co\/colombia\/wp-json\/wp\/v2\/media?parent=319180"}],"wp:term":[{"taxonomy":"category","embeddable":true,"href":"https:\/\/www.fiscalia.gov.co\/colombia\/wp-json\/wp\/v2\/categories?post=319180"},{"taxonomy":"post_tag","embeddable":true,"href":"https:\/\/www.fiscalia.gov.co\/colombia\/wp-json\/wp\/v2\/tags?post=319180"}],"curies":[{"name":"wp","href":"https:\/\/api.w.org\/{rel}","templated":true}]}}