{"id":319060,"date":"2025-07-17T11:02:26","date_gmt":"2025-07-17T16:02:26","guid":{"rendered":"https:\/\/www.fiscalia.gov.co\/colombia\/?p=319060"},"modified":"2025-07-17T11:02:26","modified_gmt":"2025-07-17T16:02:26","slug":"guia-para-adquirir-bienes-en-el-fondo-especial-para-la-administracion-de-bienes","status":"publish","type":"post","link":"https:\/\/www.fiscalia.gov.co\/colombia\/fiscalia-mas-cerca\/guia-para-adquirir-bienes-en-el-fondo-especial-para-la-administracion-de-bienes\/","title":{"rendered":"Gu\u00eda para adquirir bienes en el Fondo Especial para la Administraci\u00f3n de Bienes"},"content":{"rendered":"\r\n                <style type=\"text\/css\">\r\n                    \r\n                    #tdi_1  .td-doubleSlider-2 .td-item1 {\r\n                        background: url(https:\/\/www.fiscalia.gov.co\/colombia\/wp-content\/uploads\/WhatsApp-Image-2025-07-16-at-3.43.43-PM-80x60.jpeg) 0 0 no-repeat;\r\n                    }\r\n                    #tdi_1  .td-doubleSlider-2 .td-item2 {\r\n                        background: url(https:\/\/www.fiscalia.gov.co\/colombia\/wp-content\/uploads\/WhatsApp-Image-2025-07-16-at-3.43.43-PM-1-80x60.jpeg) 0 0 no-repeat;\r\n                    }\r\n                    #tdi_1  .td-doubleSlider-2 .td-item3 {\r\n                        background: url(https:\/\/www.fiscalia.gov.co\/colombia\/wp-content\/uploads\/WhatsApp-Image-2025-07-16-at-3.43.43-PM-2-80x60.jpeg) 0 0 no-repeat;\r\n                    }\r\n                    #tdi_1  .td-doubleSlider-2 .td-item4 {\r\n                        background: url(https:\/\/www.fiscalia.gov.co\/colombia\/wp-content\/uploads\/WhatsApp-Image-2025-07-16-at-3.43.44-PM-80x60.jpeg) 0 0 no-repeat;\r\n                    }\r\n                    #tdi_1  .td-doubleSlider-2 .td-item5 {\r\n                        background: url(https:\/\/www.fiscalia.gov.co\/colombia\/wp-content\/uploads\/WhatsApp-Image-2025-07-16-at-3.43.44-PM-1-80x60.jpeg) 0 0 no-repeat;\r\n                    }\r\n                    #tdi_1  .td-doubleSlider-2 .td-item6 {\r\n                        background: url(https:\/\/www.fiscalia.gov.co\/colombia\/wp-content\/uploads\/WhatsApp-Image-2025-07-16-at-3.43.44-PM-2-80x60.jpeg) 0 0 no-repeat;\r\n                    }\r\n                    #tdi_1  .td-doubleSlider-2 .td-item7 {\r\n                        background: url(https:\/\/www.fiscalia.gov.co\/colombia\/wp-content\/uploads\/WhatsApp-Image-2025-07-16-at-3.43.44-PM-3-80x60.jpeg) 0 0 no-repeat;\r\n                    }\r\n                <\/style>\r\n\r\n                <div id=\"tdi_1\" class=\"td-gallery td-slide-on-2-columns\">\r\n                    <div class=\"post_td_gallery\">\r\n                        <div class=\"td-gallery-slide-top\">\r\n                           <div class=\"td-gallery-title\"><\/div>\r\n\r\n                            <div class=\"td-gallery-controls-wrapper\">\r\n                                <div class=\"td-gallery-slide-count\"><span class=\"td-gallery-slide-item-focus\">1<\/span> de 7<\/div>\r\n                                <div class=\"td-gallery-slide-prev-next-but\">\r\n                                    <i class = \"td-icon-left doubleSliderPrevButton\"><\/i>\r\n                                    <i class = \"td-icon-right doubleSliderNextButton\"><\/i>\r\n                                <\/div>\r\n                            <\/div>\r\n                        <\/div>\r\n\r\n                        <div class = \"td-doubleSlider-1 \">\r\n                            <div class = \"td-slider\">\r\n                                \r\n                    <div class = \"td-slide-item td-item1\">\r\n                        <figure class=\"td-slide-galery-figure td-slide-popup-gallery\">\r\n                            <a class=\"slide-gallery-image-link\" href=\"https:\/\/www.fiscalia.gov.co\/colombia\/wp-content\/uploads\/WhatsApp-Image-2025-07-16-at-3.43.43-PM.jpeg\" title=\"Feab 1\"  data-caption=\"\"  data-description=\"\">\r\n                                <img decoding=\"async\" src=\"https:\/\/www.fiscalia.gov.co\/colombia\/wp-content\/uploads\/WhatsApp-Image-2025-07-16-at-3.43.43-PM-336x420.jpeg\" srcset=\"https:\/\/www.fiscalia.gov.co\/colombia\/wp-content\/uploads\/WhatsApp-Image-2025-07-16-at-3.43.43-PM-336x420.jpeg 336w, https:\/\/www.fiscalia.gov.co\/colombia\/wp-content\/uploads\/WhatsApp-Image-2025-07-16-at-3.43.43-PM-240x300.jpeg 240w, https:\/\/www.fiscalia.gov.co\/colombia\/wp-content\/uploads\/WhatsApp-Image-2025-07-16-at-3.43.43-PM-819x1024.jpeg 819w, https:\/\/www.fiscalia.gov.co\/colombia\/wp-content\/uploads\/WhatsApp-Image-2025-07-16-at-3.43.43-PM-768x960.jpeg 768w, https:\/\/www.fiscalia.gov.co\/colombia\/wp-content\/uploads\/WhatsApp-Image-2025-07-16-at-3.43.43-PM-696x870.jpeg 696w, https:\/\/www.fiscalia.gov.co\/colombia\/wp-content\/uploads\/WhatsApp-Image-2025-07-16-at-3.43.43-PM-1068x1335.jpeg 1068w, https:\/\/www.fiscalia.gov.co\/colombia\/wp-content\/uploads\/WhatsApp-Image-2025-07-16-at-3.43.43-PM.jpeg 1080w\" sizes=\"(max-width: 336px) 100vw, 336px\" alt=\"Texto: &bull; Logo de la Fiscal&iacute;a: &ldquo;FISCAL&Iacute;A GENERAL DE LA NACI&Oacute;N&rdquo; &bull; Logo adicional: &ldquo;#FISCAL&Iacute;A M&Aacute;S CERCA&rdquo; con una mano amarilla. &bull; &ldquo;Atenci&oacute;n con Enfoque &Eacute;tnico&rdquo; &bull; &ldquo;Gu&iacute;a para adquirir bienes en el Fondo Especial para la Administraci&oacute;n de Bienes.&rdquo; Elementos gr&aacute;ficos: &bull; Vista previa de un carro azul &bull; Fondo difuminado de una casa (no real, sino grafica) &bull; Silueta en blanco de una ciudad\">\r\n                            <\/a>\r\n                            \r\n                        <\/figure>\r\n                    <\/div>\r\n                    <div class = \"td-slide-item td-item2\">\r\n                        <figure class=\"td-slide-galery-figure td-slide-popup-gallery\">\r\n                            <a class=\"slide-gallery-image-link\" href=\"https:\/\/www.fiscalia.gov.co\/colombia\/wp-content\/uploads\/WhatsApp-Image-2025-07-16-at-3.43.43-PM-1.jpeg\" title=\"feab 2\"  data-caption=\"\"  data-description=\"\">\r\n                                <img decoding=\"async\" src=\"https:\/\/www.fiscalia.gov.co\/colombia\/wp-content\/uploads\/WhatsApp-Image-2025-07-16-at-3.43.43-PM-1-336x420.jpeg\" srcset=\"https:\/\/www.fiscalia.gov.co\/colombia\/wp-content\/uploads\/WhatsApp-Image-2025-07-16-at-3.43.43-PM-1-336x420.jpeg 336w, https:\/\/www.fiscalia.gov.co\/colombia\/wp-content\/uploads\/WhatsApp-Image-2025-07-16-at-3.43.43-PM-1-240x300.jpeg 240w, https:\/\/www.fiscalia.gov.co\/colombia\/wp-content\/uploads\/WhatsApp-Image-2025-07-16-at-3.43.43-PM-1-819x1024.jpeg 819w, https:\/\/www.fiscalia.gov.co\/colombia\/wp-content\/uploads\/WhatsApp-Image-2025-07-16-at-3.43.43-PM-1-768x960.jpeg 768w, https:\/\/www.fiscalia.gov.co\/colombia\/wp-content\/uploads\/WhatsApp-Image-2025-07-16-at-3.43.43-PM-1-696x870.jpeg 696w, https:\/\/www.fiscalia.gov.co\/colombia\/wp-content\/uploads\/WhatsApp-Image-2025-07-16-at-3.43.43-PM-1-1068x1335.jpeg 1068w, https:\/\/www.fiscalia.gov.co\/colombia\/wp-content\/uploads\/WhatsApp-Image-2025-07-16-at-3.43.43-PM-1.jpeg 1080w\" sizes=\"(max-width: 336px) 100vw, 336px\" alt=\"Texto: 1. Consulta de bienes disponibles: Ingresa a la p&aacute;gina del FEAB: feab.fiscalia.gov.co\/feab\/ y busca los bienes para venta o arriendo. Escribe a feab.fgn@fiscalia.gov.co adjuntando la informaci&oacute;n del bien de inter&eacute;s: &bull; Tipo de bien, si es automotor el c&oacute;digo identificador y si es un inmueble rural o urbano su direcci&oacute;n. &bull; Marca. &bull; Municipio. Elementos gr&aacute;ficos: &bull; Vista parcial de la parte trasera un carro azul y de un carro amarillo &bull; Fondo difuminado en degrade de colores verde claro y naranja claro\">\r\n                            <\/a>\r\n                            \r\n                        <\/figure>\r\n                    <\/div>\r\n                    <div class = \"td-slide-item td-item3\">\r\n                        <figure class=\"td-slide-galery-figure td-slide-popup-gallery\">\r\n                            <a class=\"slide-gallery-image-link\" href=\"https:\/\/www.fiscalia.gov.co\/colombia\/wp-content\/uploads\/WhatsApp-Image-2025-07-16-at-3.43.43-PM-2.jpeg\" title=\"feab 3\"  data-caption=\"\"  data-description=\"\">\r\n                                <img decoding=\"async\" src=\"https:\/\/www.fiscalia.gov.co\/colombia\/wp-content\/uploads\/WhatsApp-Image-2025-07-16-at-3.43.43-PM-2-336x420.jpeg\" srcset=\"https:\/\/www.fiscalia.gov.co\/colombia\/wp-content\/uploads\/WhatsApp-Image-2025-07-16-at-3.43.43-PM-2-336x420.jpeg 336w, https:\/\/www.fiscalia.gov.co\/colombia\/wp-content\/uploads\/WhatsApp-Image-2025-07-16-at-3.43.43-PM-2-240x300.jpeg 240w, https:\/\/www.fiscalia.gov.co\/colombia\/wp-content\/uploads\/WhatsApp-Image-2025-07-16-at-3.43.43-PM-2-819x1024.jpeg 819w, https:\/\/www.fiscalia.gov.co\/colombia\/wp-content\/uploads\/WhatsApp-Image-2025-07-16-at-3.43.43-PM-2-768x960.jpeg 768w, https:\/\/www.fiscalia.gov.co\/colombia\/wp-content\/uploads\/WhatsApp-Image-2025-07-16-at-3.43.43-PM-2-696x870.jpeg 696w, https:\/\/www.fiscalia.gov.co\/colombia\/wp-content\/uploads\/WhatsApp-Image-2025-07-16-at-3.43.43-PM-2-1068x1335.jpeg 1068w, https:\/\/www.fiscalia.gov.co\/colombia\/wp-content\/uploads\/WhatsApp-Image-2025-07-16-at-3.43.43-PM-2.jpeg 1080w\" sizes=\"(max-width: 336px) 100vw, 336px\" alt=\"Texto: 2. Revisi&oacute;n de condiciones: Antes de tomar una decisi&oacute;n, recuerda que: &bull; Los bienes se ofrecen en el estado en que se encuentran. &bull; Se pueden solicitar visitas o documentaci&oacute;n adicional para conocer el estado real del inmueble o bien mueble. Elementos gr&aacute;ficos: &bull; Vista parcial un carro amarillo &bull; Llaves y alarma de un carro &bull; Icono de advertencia, triangulo amarillo con signo de admiraci&oacute;n en medio &bull; Fondo difuminado en degrade de colores verde claro y naranja claro\">\r\n                            <\/a>\r\n                            \r\n                        <\/figure>\r\n                    <\/div>\r\n                    <div class = \"td-slide-item td-item4\">\r\n                        <figure class=\"td-slide-galery-figure td-slide-popup-gallery\">\r\n                            <a class=\"slide-gallery-image-link\" href=\"https:\/\/www.fiscalia.gov.co\/colombia\/wp-content\/uploads\/WhatsApp-Image-2025-07-16-at-3.43.44-PM.jpeg\" title=\"feab 4\"  data-caption=\"\"  data-description=\"\">\r\n                                <img decoding=\"async\" src=\"https:\/\/www.fiscalia.gov.co\/colombia\/wp-content\/uploads\/WhatsApp-Image-2025-07-16-at-3.43.44-PM-336x420.jpeg\" srcset=\"https:\/\/www.fiscalia.gov.co\/colombia\/wp-content\/uploads\/WhatsApp-Image-2025-07-16-at-3.43.44-PM-336x420.jpeg 336w, https:\/\/www.fiscalia.gov.co\/colombia\/wp-content\/uploads\/WhatsApp-Image-2025-07-16-at-3.43.44-PM-240x300.jpeg 240w, https:\/\/www.fiscalia.gov.co\/colombia\/wp-content\/uploads\/WhatsApp-Image-2025-07-16-at-3.43.44-PM-819x1024.jpeg 819w, https:\/\/www.fiscalia.gov.co\/colombia\/wp-content\/uploads\/WhatsApp-Image-2025-07-16-at-3.43.44-PM-768x960.jpeg 768w, https:\/\/www.fiscalia.gov.co\/colombia\/wp-content\/uploads\/WhatsApp-Image-2025-07-16-at-3.43.44-PM-696x870.jpeg 696w, https:\/\/www.fiscalia.gov.co\/colombia\/wp-content\/uploads\/WhatsApp-Image-2025-07-16-at-3.43.44-PM-1068x1335.jpeg 1068w, https:\/\/www.fiscalia.gov.co\/colombia\/wp-content\/uploads\/WhatsApp-Image-2025-07-16-at-3.43.44-PM.jpeg 1080w\" sizes=\"(max-width: 336px) 100vw, 336px\" alt=\"Texto: 3. Participa en la venta y\/o arriendo del bien de tu inter&eacute;s, teniendo en cuenta estas condiciones: &bull; La venta de bienes muebles e inmuebles se llevar&aacute; a cabo mediante subasta p&uacute;blica a trav&eacute;s de la plataforma SECOP II. Para participar, es necesario presentar la oferta econ&oacute;mica (no por debajo del aval&uacute;o del bien), documentaci&oacute;n y los anexos requeridos en el pliego de condiciones del proceso, para participar en este se cargar&aacute; un link a trav&eacute;s de la p&aacute;gina web. &bull; Arriendo de inmuebles. Se hace por contrataci&oacute;n directa, enviando la documentaci&oacute;n solicitada. &bull; Arriendo de bienes muebles. Se realiza una convocatoria p&uacute;blica con pluralidad de ofertas a trav&eacute;s de SECOP II, para participar en este se cargar&aacute; un link a trav&eacute;s de la p&aacute;gina web. Elementos gr&aacute;ficos: &bull; Ilustraci&oacute;n de una billetera con unos billetes saliendo de ella. &bull; Siluetas de arboles en blanco y negro en la parte inferior derecha\">\r\n                            <\/a>\r\n                            \r\n                        <\/figure>\r\n                    <\/div>\r\n                    <div class = \"td-slide-item td-item5\">\r\n                        <figure class=\"td-slide-galery-figure td-slide-popup-gallery\">\r\n                            <a class=\"slide-gallery-image-link\" href=\"https:\/\/www.fiscalia.gov.co\/colombia\/wp-content\/uploads\/WhatsApp-Image-2025-07-16-at-3.43.44-PM-1.jpeg\" title=\"feab 5\"  data-caption=\"\"  data-description=\"\">\r\n                                <img decoding=\"async\" src=\"https:\/\/www.fiscalia.gov.co\/colombia\/wp-content\/uploads\/WhatsApp-Image-2025-07-16-at-3.43.44-PM-1-336x420.jpeg\" srcset=\"https:\/\/www.fiscalia.gov.co\/colombia\/wp-content\/uploads\/WhatsApp-Image-2025-07-16-at-3.43.44-PM-1-336x420.jpeg 336w, https:\/\/www.fiscalia.gov.co\/colombia\/wp-content\/uploads\/WhatsApp-Image-2025-07-16-at-3.43.44-PM-1-240x300.jpeg 240w, https:\/\/www.fiscalia.gov.co\/colombia\/wp-content\/uploads\/WhatsApp-Image-2025-07-16-at-3.43.44-PM-1-819x1024.jpeg 819w, https:\/\/www.fiscalia.gov.co\/colombia\/wp-content\/uploads\/WhatsApp-Image-2025-07-16-at-3.43.44-PM-1-768x960.jpeg 768w, https:\/\/www.fiscalia.gov.co\/colombia\/wp-content\/uploads\/WhatsApp-Image-2025-07-16-at-3.43.44-PM-1-696x870.jpeg 696w, https:\/\/www.fiscalia.gov.co\/colombia\/wp-content\/uploads\/WhatsApp-Image-2025-07-16-at-3.43.44-PM-1-1068x1335.jpeg 1068w, https:\/\/www.fiscalia.gov.co\/colombia\/wp-content\/uploads\/WhatsApp-Image-2025-07-16-at-3.43.44-PM-1.jpeg 1080w\" sizes=\"(max-width: 336px) 100vw, 336px\" alt=\"Texto: 4. Adquisici&oacute;n del bien. Se proceder&aacute; a formalizar la adquisici&oacute;n del bien seg&uacute;n corresponda: &bull; Si adquiriste un bien inmueble en venta: Se realizar&aacute; la escritura p&uacute;blica, incluyendo los tr&aacute;mites notariales y de registro. Despu&eacute;s, se firmar&aacute; el contrato electr&oacute;nico en la plataforma SECOP II. &bull; Si vas a arrendar un bien, ya sea mueble o inmueble: Se suscribir&aacute; un contrato de arrendamiento. Elementos gr&aacute;ficos: &bull; Ilustraci&oacute;n de una casa en 3D con techo Vinotinto y paredes beigs\">\r\n                            <\/a>\r\n                            \r\n                        <\/figure>\r\n                    <\/div>\r\n                    <div class = \"td-slide-item td-item6\">\r\n                        <figure class=\"td-slide-galery-figure td-slide-popup-gallery\">\r\n                            <a class=\"slide-gallery-image-link\" href=\"https:\/\/www.fiscalia.gov.co\/colombia\/wp-content\/uploads\/WhatsApp-Image-2025-07-16-at-3.43.44-PM-2.jpeg\" title=\"feab 6\"  data-caption=\"\"  data-description=\"\">\r\n                                <img decoding=\"async\" src=\"https:\/\/www.fiscalia.gov.co\/colombia\/wp-content\/uploads\/WhatsApp-Image-2025-07-16-at-3.43.44-PM-2-336x420.jpeg\" srcset=\"https:\/\/www.fiscalia.gov.co\/colombia\/wp-content\/uploads\/WhatsApp-Image-2025-07-16-at-3.43.44-PM-2-336x420.jpeg 336w, https:\/\/www.fiscalia.gov.co\/colombia\/wp-content\/uploads\/WhatsApp-Image-2025-07-16-at-3.43.44-PM-2-240x300.jpeg 240w, https:\/\/www.fiscalia.gov.co\/colombia\/wp-content\/uploads\/WhatsApp-Image-2025-07-16-at-3.43.44-PM-2-819x1024.jpeg 819w, https:\/\/www.fiscalia.gov.co\/colombia\/wp-content\/uploads\/WhatsApp-Image-2025-07-16-at-3.43.44-PM-2-768x960.jpeg 768w, https:\/\/www.fiscalia.gov.co\/colombia\/wp-content\/uploads\/WhatsApp-Image-2025-07-16-at-3.43.44-PM-2-696x870.jpeg 696w, https:\/\/www.fiscalia.gov.co\/colombia\/wp-content\/uploads\/WhatsApp-Image-2025-07-16-at-3.43.44-PM-2-1068x1335.jpeg 1068w, https:\/\/www.fiscalia.gov.co\/colombia\/wp-content\/uploads\/WhatsApp-Image-2025-07-16-at-3.43.44-PM-2.jpeg 1080w\" sizes=\"(max-width: 336px) 100vw, 336px\" alt=\"Texto: No seas v&iacute;ctima de fraudes, el FEAB no recibe dinero en efectivo, ni pagos anticipados a cuentas personales. El proceso de pago lo establece el SECOP II. &iquest;Tienes dudas o necesitas m&aacute;s informaci&oacute;n? Escr&iacute;benos a: feab.fgn@fiscalia.gov.co Ll&aacute;manos al: (601) 570 2000 Ext. 11416 Elementos gr&aacute;ficos: &bull; Ilustraci&oacute;n de la misma casa en 3D de la pieza anterior, pero en esta pieza se ve de forma parcial de un lateral de la casa. &bull; Unas llaves al lado de la casa &bull; Siluetas de edificios y arboles en blanco y negro\">\r\n                            <\/a>\r\n                            \r\n                        <\/figure>\r\n                    <\/div>\r\n                    <div class = \"td-slide-item td-item7\">\r\n                        <figure class=\"td-slide-galery-figure td-slide-popup-gallery\">\r\n                            <a class=\"slide-gallery-image-link\" href=\"https:\/\/www.fiscalia.gov.co\/colombia\/wp-content\/uploads\/WhatsApp-Image-2025-07-16-at-3.43.44-PM-3.jpeg\" title=\"feab 7\"  data-caption=\"\"  data-description=\"\">\r\n                                <img decoding=\"async\" src=\"https:\/\/www.fiscalia.gov.co\/colombia\/wp-content\/uploads\/WhatsApp-Image-2025-07-16-at-3.43.44-PM-3-336x420.jpeg\" srcset=\"https:\/\/www.fiscalia.gov.co\/colombia\/wp-content\/uploads\/WhatsApp-Image-2025-07-16-at-3.43.44-PM-3-336x420.jpeg 336w, https:\/\/www.fiscalia.gov.co\/colombia\/wp-content\/uploads\/WhatsApp-Image-2025-07-16-at-3.43.44-PM-3-240x300.jpeg 240w, https:\/\/www.fiscalia.gov.co\/colombia\/wp-content\/uploads\/WhatsApp-Image-2025-07-16-at-3.43.44-PM-3-819x1024.jpeg 819w, https:\/\/www.fiscalia.gov.co\/colombia\/wp-content\/uploads\/WhatsApp-Image-2025-07-16-at-3.43.44-PM-3-768x960.jpeg 768w, https:\/\/www.fiscalia.gov.co\/colombia\/wp-content\/uploads\/WhatsApp-Image-2025-07-16-at-3.43.44-PM-3-696x870.jpeg 696w, https:\/\/www.fiscalia.gov.co\/colombia\/wp-content\/uploads\/WhatsApp-Image-2025-07-16-at-3.43.44-PM-3-1068x1335.jpeg 1068w, https:\/\/www.fiscalia.gov.co\/colombia\/wp-content\/uploads\/WhatsApp-Image-2025-07-16-at-3.43.44-PM-3.jpeg 1080w\" sizes=\"(max-width: 336px) 100vw, 336px\" alt=\"logo en zul de la Fiscalia, abajo de ella en color negro y resaltada en naranja la frase &quot;siguenos en redes sociales. en la parte inferior izquierda se ve unas siletas de edificios y arboles en blanco y negro\">\r\n                            <\/a>\r\n                            \r\n                        <\/figure>\r\n                    <\/div>\r\n                            <\/div>\r\n                        <\/div>\r\n\r\n                        <div class = \"td-doubleSlider-2\">\r\n                            <div class = \"td-slider\">\r\n                                \r\n                    <div class = \"td-button td-item1\">\r\n                        <div class = \"td-border\"><\/div>\r\n                    <\/div>\r\n                    <div class = \"td-button td-item2\">\r\n                        <div class = \"td-border\"><\/div>\r\n                    <\/div>\r\n                    <div class = \"td-button td-item3\">\r\n                        <div class = \"td-border\"><\/div>\r\n                    <\/div>\r\n                    <div class = \"td-button td-item4\">\r\n                        <div class = \"td-border\"><\/div>\r\n                    <\/div>\r\n                    <div class = \"td-button td-item5\">\r\n                        <div class = \"td-border\"><\/div>\r\n                    <\/div>\r\n                    <div class = \"td-button td-item6\">\r\n                        <div class = \"td-border\"><\/div>\r\n                    <\/div>\r\n                    <div class = \"td-button td-item7\">\r\n                        <div class = \"td-border\"><\/div>\r\n                    <\/div>\r\n                            <\/div>\r\n                        <\/div>\r\n\r\n                    <\/div>\r\n\r\n                <\/div>\r\n                \n<p>Los bienes muebles e inmuebles incautados con fines de comiso y en comiso, se administran por parte del <a href=\"https:\/\/www.instagram.com\/p\/DMLzERlsd-A\/?img_index=1\" target=\"_blank\" rel=\"noopener\">FEAB<\/a> y se encuentran a disposici\u00f3n de los ciudadanos para arrendamiento y venta de estos. Aqu\u00ed te explicamos c\u00f3mo es el proceso.<\/p>\n<p><strong>1. Consulta de bienes disponibles: <\/strong><\/p>\n<p>Ingresa a la p\u00e1gina del FEAB: <a href=\"https:\/\/feab.fiscalia.gov.co\/feab\/\" target=\"_blank\" rel=\"noopener\"><strong><em>feab.fiscalia.gov.co\/feab\/<\/em><\/strong><\/a> y busca los bienes para venta o arriendo.<\/p>\n<p>Escribe a <strong><em>feab.fgn@fiscalia.gov.co <\/em><\/strong>adjuntando la informaci\u00f3n del bien de inter\u00e9s:<\/p>\n<ul>\n<li>Tipo de bien, si es automotor el c\u00f3digo identificador y si es un inmueble rural o urbano su direcci\u00f3n.<\/li>\n<li>Marca<\/li>\n<li>Municipio<\/li>\n<\/ul>\n<p><strong>2. Revisi\u00f3n de condiciones: <\/strong><\/p>\n<p>Antes de tomar una decisi\u00f3n, recuerda que:<\/p>\n<ul>\n<li>Los bienes se ofrecen en el estado en que se encuentran.<\/li>\n<li>Se pueden solicitar visitas o documentaci\u00f3n adicional para conocer el estado real del inmueble o bien mueble.<\/li>\n<\/ul>\n<p><strong>3.<a href=\"https:\/\/www.tiktok.com\/@fiscaliacol\/photo\/7527810007056862520\" target=\"_blank\" rel=\"noopener\"> Participa en la venta y\/o arriendo<\/a> del bien de tu inter\u00e9s, teniendo en cuenta estas condiciones: <\/strong><\/p>\n<ol>\n<li>La venta de bienes muebles e inmuebles se llevar\u00e1 a cabo mediante subasta p\u00fablica a trav\u00e9s de la plataforma SECOP II. Para participar, es necesario presentar la oferta econ\u00f3mica (no por debajo del aval\u00fao del bien), documentaci\u00f3n y los anexos requeridos en el pliego de condiciones del proceso, para participar en este se cargar\u00e1 un link a trav\u00e9s de la p\u00e1gina web.<\/li>\n<li>Arriendo de <strong><em>inmuebles<\/em><\/strong>. Se hace por contrataci\u00f3n directa, enviando la documentaci\u00f3n solicitada.<\/li>\n<li>Arriendo de <strong><em>bienes muebles<\/em><\/strong>. Se realiza una convocatoria p\u00fablica con pluralidad de ofertas a trav\u00e9s de SECOP II, para participar en este se cargar\u00e1 un link a trav\u00e9s de la p\u00e1gina web.<\/li>\n<\/ol>\n<p><strong>4. Adquisici\u00f3n del bien.<\/strong><\/p>\n<p>Se proceder\u00e1 a formalizar la adquisici\u00f3n del bien seg\u00fan corresponda:<\/p>\n<ul>\n<li>Si adquiriste un bien inmueble en venta:<\/li>\n<\/ul>\n<p>Se realizar\u00e1 la escritura p\u00fablica, incluyendo los tr\u00e1mites notariales y de registro. Despu\u00e9s, se firmar\u00e1 el contrato electr\u00f3nico en la plataforma SECOP II.<\/p>\n<ul>\n<li>Si vas a arrendar un bien, ya sea mueble o inmueble:<\/li>\n<\/ul>\n<p>Se suscribir\u00e1 un contrato de arrendamiento.<\/p>\n<p>No seas v\u00edctima de fraudes, el FEAB no recibe dinero en efectivo, ni pagos anticipados a cuentas personales. El proceso de pago lo establece el SECOP II.<\/p>\n<p><strong>\u00bfTienes dudas o necesitas m\u00e1s informaci\u00f3n?<\/strong><\/p>\n<p>Escr\u00edbenos a: feab.fgn@fiscalia.gov.co<\/p>\n<p>Ll\u00e1manos al: (601) 570 2000 Ext. 11416<\/p>\n\n<div class=\"twitter-share\"><a href=\"https:\/\/twitter.com\/intent\/tweet?via=fiscaliacol\" class=\"twitter-share-button\">Tweet<\/a><\/div>\n","protected":false},"excerpt":{"rendered":"<p>Los bienes muebles e inmuebles incautados con fines de comiso y en comiso, se administran por parte del FEAB y se encuentran a disposici\u00f3n de los ciudadanos para arrendamiento y venta de estos. Aqu\u00ed te explicamos c\u00f3mo es el proceso. 1. Consulta de bienes disponibles: Ingresa a la p\u00e1gina del FEAB: feab.fiscalia.gov.co\/feab\/ y busca los [&hellip;]<\/p>\n","protected":false},"author":177,"featured_media":319081,"comment_status":"closed","ping_status":"open","sticky":false,"template":"","format":"video","meta":{"_price":"","_stock":"","_tribe_ticket_header":"","_tribe_default_ticket_provider":"","_tribe_ticket_capacity":"0","_ticket_start_date":"","_ticket_end_date":"","_tribe_ticket_show_description":"","_tribe_ticket_show_not_going":false,"_tribe_ticket_use_global_stock":"","_tribe_ticket_global_stock_level":"","_global_stock_mode":"","_global_stock_cap":"","_tribe_rsvp_for_event":"","_tribe_ticket_going_count":"","_tribe_ticket_not_going_count":"","_tribe_tickets_list":"[]","_tribe_ticket_has_attendee_info_fields":false,"tdm_status":"","tdm_grid_status":"","footnotes":""},"categories":[39217],"tags":[42015,37492,1047,39388,42083],"class_list":{"0":"post-319060","1":"post","2":"type-post","3":"status-publish","4":"format-video","5":"has-post-thumbnail","7":"category-fiscalia-mas-cerca","8":"tag-feab","9":"tag-fiscal-luz-adriana-camargo","10":"tag-fiscalia-general-de-la-nacion","11":"tag-fiscalia-mas-cerca","12":"tag-fondo-para-la-administracion-de-bienes","13":"post_format-post-format-video"},"yoast_head":"<!-- This site is optimized with the Yoast SEO plugin v24.3 - https:\/\/yoast.com\/wordpress\/plugins\/seo\/ -->\n<title>Fiscal\u00eda General de la Naci\u00f3n<\/title>\n<meta name=\"description\" content=\"P\u00e1gina oficial de la Fiscal\u00eda General de la Naci\u00f3n \u2013 Colombia. Garantizamos el acceso efectivo a la justicia, la verdad y la reparaci\u00f3n de las v\u00edctimas de los delitos.\" \/>\n<meta name=\"robots\" content=\"noindex, follow\" \/>\n<meta property=\"og:locale\" content=\"es_ES\" \/>\n<meta property=\"og:type\" content=\"article\" \/>\n<meta property=\"og:title\" content=\"Fiscal\u00eda General de la Naci\u00f3n\" \/>\n<meta property=\"og:description\" content=\"P\u00e1gina oficial de la Fiscal\u00eda General de la Naci\u00f3n \u2013 Colombia. Garantizamos el acceso efectivo a la justicia, la verdad y la reparaci\u00f3n de las v\u00edctimas de los delitos.\" \/>\n<meta property=\"og:url\" content=\"https:\/\/www.fiscalia.gov.co\/colombia\/fiscalia-mas-cerca\/guia-para-adquirir-bienes-en-el-fondo-especial-para-la-administracion-de-bienes\/\" \/>\n<meta property=\"og:site_name\" content=\"Fiscal\u00eda General de la Naci\u00f3n\" \/>\n<meta property=\"article:publisher\" content=\"https:\/\/www.facebook.com\/FiscaliaCol\" \/>\n<meta property=\"article:published_time\" content=\"2025-07-17T16:02:26+00:00\" \/>\n<meta property=\"og:image\" content=\"https:\/\/www.fiscalia.gov.co\/colombia\/wp-content\/uploads\/WhatsApp-Image-2025-07-16-at-3.43.43-PM.jpeg\" \/>\n\t<meta property=\"og:image:width\" content=\"1080\" \/>\n\t<meta property=\"og:image:height\" content=\"1350\" \/>\n\t<meta property=\"og:image:type\" content=\"image\/jpeg\" \/>\n<meta name=\"author\" content=\"Jordan Leandro Oviedo Anzola\" \/>\n<meta name=\"twitter:card\" content=\"summary_large_image\" \/>\n<meta name=\"twitter:creator\" content=\"@FiscaliaCol\" \/>\n<meta name=\"twitter:site\" content=\"@FiscaliaCol\" \/>\n<meta name=\"twitter:label1\" content=\"Escrito por\" \/>\n\t<meta name=\"twitter:data1\" content=\"Jordan Leandro Oviedo Anzola\" \/>\n\t<meta name=\"twitter:label2\" content=\"Tiempo de lectura\" \/>\n\t<meta name=\"twitter:data2\" content=\"2 minutos\" \/>\n<script type=\"application\/ld+json\" class=\"yoast-schema-graph\">{\"@context\":\"https:\/\/schema.org\",\"@graph\":[{\"@type\":\"Article\",\"@id\":\"https:\/\/www.fiscalia.gov.co\/colombia\/fiscalia-mas-cerca\/guia-para-adquirir-bienes-en-el-fondo-especial-para-la-administracion-de-bienes\/#article\",\"isPartOf\":{\"@id\":\"https:\/\/www.fiscalia.gov.co\/colombia\/fiscalia-mas-cerca\/guia-para-adquirir-bienes-en-el-fondo-especial-para-la-administracion-de-bienes\/\"},\"author\":{\"name\":\"Jordan Leandro Oviedo Anzola\",\"@id\":\"https:\/\/www.fiscalia.gov.co\/colombia\/#\/schema\/person\/bf84402cf293a5393e9c70b111020b24\"},\"headline\":\"Gu\u00eda para adquirir bienes en el Fondo Especial para la Administraci\u00f3n de Bienes\",\"datePublished\":\"2025-07-17T16:02:26+00:00\",\"dateModified\":\"2025-07-17T16:02:26+00:00\",\"mainEntityOfPage\":{\"@id\":\"https:\/\/www.fiscalia.gov.co\/colombia\/fiscalia-mas-cerca\/guia-para-adquirir-bienes-en-el-fondo-especial-para-la-administracion-de-bienes\/\"},\"wordCount\":420,\"publisher\":{\"@id\":\"https:\/\/www.fiscalia.gov.co\/colombia\/#organization\"},\"image\":{\"@id\":\"https:\/\/www.fiscalia.gov.co\/colombia\/fiscalia-mas-cerca\/guia-para-adquirir-bienes-en-el-fondo-especial-para-la-administracion-de-bienes\/#primaryimage\"},\"thumbnailUrl\":\"https:\/\/www.fiscalia.gov.co\/colombia\/wp-content\/uploads\/WhatsApp-Image-2025-07-16-at-3.43.43-PM.jpeg\",\"keywords\":[\"feab\",\"Fiscal Luz Adriana Camargo\",\"Fiscal\u00eda General de la Naci\u00f3n\",\"fiscalia mas cerca\",\"fondo para la administraci\u00f3n de bienes\"],\"articleSection\":[\"Fiscal\u00eda m\u00e1s cerca\"],\"inLanguage\":\"es-CO\"},{\"@type\":\"WebPage\",\"@id\":\"https:\/\/www.fiscalia.gov.co\/colombia\/fiscalia-mas-cerca\/guia-para-adquirir-bienes-en-el-fondo-especial-para-la-administracion-de-bienes\/\",\"url\":\"https:\/\/www.fiscalia.gov.co\/colombia\/fiscalia-mas-cerca\/guia-para-adquirir-bienes-en-el-fondo-especial-para-la-administracion-de-bienes\/\",\"name\":\"Fiscal\u00eda General de la Naci\u00f3n\",\"isPartOf\":{\"@id\":\"https:\/\/www.fiscalia.gov.co\/colombia\/#website\"},\"primaryImageOfPage\":{\"@id\":\"https:\/\/www.fiscalia.gov.co\/colombia\/fiscalia-mas-cerca\/guia-para-adquirir-bienes-en-el-fondo-especial-para-la-administracion-de-bienes\/#primaryimage\"},\"image\":{\"@id\":\"https:\/\/www.fiscalia.gov.co\/colombia\/fiscalia-mas-cerca\/guia-para-adquirir-bienes-en-el-fondo-especial-para-la-administracion-de-bienes\/#primaryimage\"},\"thumbnailUrl\":\"https:\/\/www.fiscalia.gov.co\/colombia\/wp-content\/uploads\/WhatsApp-Image-2025-07-16-at-3.43.43-PM.jpeg\",\"datePublished\":\"2025-07-17T16:02:26+00:00\",\"dateModified\":\"2025-07-17T16:02:26+00:00\",\"description\":\"P\u00e1gina oficial de la Fiscal\u00eda General de la Naci\u00f3n \u2013 Colombia. Garantizamos el acceso efectivo a la justicia, la verdad y la reparaci\u00f3n de las v\u00edctimas de los delitos.\",\"breadcrumb\":{\"@id\":\"https:\/\/www.fiscalia.gov.co\/colombia\/fiscalia-mas-cerca\/guia-para-adquirir-bienes-en-el-fondo-especial-para-la-administracion-de-bienes\/#breadcrumb\"},\"inLanguage\":\"es-CO\",\"potentialAction\":[{\"@type\":\"ReadAction\",\"target\":[\"https:\/\/www.fiscalia.gov.co\/colombia\/fiscalia-mas-cerca\/guia-para-adquirir-bienes-en-el-fondo-especial-para-la-administracion-de-bienes\/\"]}]},{\"@type\":\"ImageObject\",\"inLanguage\":\"es-CO\",\"@id\":\"https:\/\/www.fiscalia.gov.co\/colombia\/fiscalia-mas-cerca\/guia-para-adquirir-bienes-en-el-fondo-especial-para-la-administracion-de-bienes\/#primaryimage\",\"url\":\"https:\/\/www.fiscalia.gov.co\/colombia\/wp-content\/uploads\/WhatsApp-Image-2025-07-16-at-3.43.43-PM.jpeg\",\"contentUrl\":\"https:\/\/www.fiscalia.gov.co\/colombia\/wp-content\/uploads\/WhatsApp-Image-2025-07-16-at-3.43.43-PM.jpeg\",\"width\":1080,\"height\":1350,\"caption\":\"Texto: \u2022 Logo de la Fiscal\u00eda: \u201cFISCAL\u00cdA GENERAL DE LA NACI\u00d3N\u201d \u2022 Logo adicional: \u201c#FISCAL\u00cdA M\u00c1S CERCA\u201d con una mano amarilla. \u2022 \u201cAtenci\u00f3n con Enfoque \u00c9tnico\u201d \u2022 \u201cGu\u00eda para adquirir bienes en el Fondo Especial para la Administraci\u00f3n de Bienes.\u201d Elementos gr\u00e1ficos: \u2022 Vista previa de un carro azul \u2022 Fondo difuminado de una casa (no real, sino grafica) \u2022 Silueta en blanco de una ciudad\"},{\"@type\":\"BreadcrumbList\",\"@id\":\"https:\/\/www.fiscalia.gov.co\/colombia\/fiscalia-mas-cerca\/guia-para-adquirir-bienes-en-el-fondo-especial-para-la-administracion-de-bienes\/#breadcrumb\",\"itemListElement\":[{\"@type\":\"ListItem\",\"position\":1,\"name\":\"Home\",\"item\":\"https:\/\/www.fiscalia.gov.co\/colombia\/\"},{\"@type\":\"ListItem\",\"position\":2,\"name\":\"Gu\u00eda para adquirir bienes en el Fondo Especial para la Administraci\u00f3n de Bienes\"}]},{\"@type\":\"WebSite\",\"@id\":\"https:\/\/www.fiscalia.gov.co\/colombia\/#website\",\"url\":\"https:\/\/www.fiscalia.gov.co\/colombia\/\",\"name\":\"Fiscal\u00eda General de la Naci\u00f3n\",\"description\":\"P\u00e1gina oficial de la Fiscal\u00eda General de la Naci\u00f3n \u2013 Colombia. Garantizamos el acceso efectivo a la justicia, la verdad y la reparaci\u00f3n de las v\u00edctimas de los delitos.\",\"publisher\":{\"@id\":\"https:\/\/www.fiscalia.gov.co\/colombia\/#organization\"},\"potentialAction\":[{\"@type\":\"SearchAction\",\"target\":{\"@type\":\"EntryPoint\",\"urlTemplate\":\"https:\/\/www.fiscalia.gov.co\/colombia\/?s={search_term_string}\"},\"query-input\":{\"@type\":\"PropertyValueSpecification\",\"valueRequired\":true,\"valueName\":\"search_term_string\"}}],\"inLanguage\":\"es-CO\"},{\"@type\":\"Organization\",\"@id\":\"https:\/\/www.fiscalia.gov.co\/colombia\/#organization\",\"name\":\"Fiscal\u00eda General de la Naci\u00f3n\",\"url\":\"https:\/\/www.fiscalia.gov.co\/colombia\/\",\"logo\":{\"@type\":\"ImageObject\",\"inLanguage\":\"es-CO\",\"@id\":\"https:\/\/www.fiscalia.gov.co\/colombia\/#\/schema\/logo\/image\/\",\"url\":\"https:\/\/www.fiscalia.gov.co\/colombia\/wp-content\/uploads\/LogoHorizontal_1.jpg\",\"contentUrl\":\"https:\/\/www.fiscalia.gov.co\/colombia\/wp-content\/uploads\/LogoHorizontal_1.jpg\",\"width\":300,\"height\":90,\"caption\":\"Fiscal\u00eda General de la Naci\u00f3n\"},\"image\":{\"@id\":\"https:\/\/www.fiscalia.gov.co\/colombia\/#\/schema\/logo\/image\/\"},\"sameAs\":[\"https:\/\/www.facebook.com\/FiscaliaCol\",\"https:\/\/x.com\/FiscaliaCol\",\"https:\/\/www.instagram.com\/fiscaliacol\",\"https:\/\/www.linkedin.com\/company\/fiscalia-general-de-la-naci-n\/\",\"https:\/\/youtube.com\/@fiscaliageneraldelanacion-4668?si=6nN79nyQICPU5iTh\"]},{\"@type\":\"Person\",\"@id\":\"https:\/\/www.fiscalia.gov.co\/colombia\/#\/schema\/person\/bf84402cf293a5393e9c70b111020b24\",\"name\":\"Jordan Leandro Oviedo Anzola\",\"image\":{\"@type\":\"ImageObject\",\"inLanguage\":\"es-CO\",\"@id\":\"https:\/\/www.fiscalia.gov.co\/colombia\/#\/schema\/person\/image\/\",\"url\":\"https:\/\/secure.gravatar.com\/avatar\/dabba4346fa9b9207d96adafa8f92721?s=96&d=mm&r=g\",\"contentUrl\":\"https:\/\/secure.gravatar.com\/avatar\/dabba4346fa9b9207d96adafa8f92721?s=96&d=mm&r=g\",\"caption\":\"Jordan Leandro Oviedo Anzola\"},\"url\":\"https:\/\/www.fiscalia.gov.co\/colombia\/author\/joviedo\/\"}]}<\/script>\n<!-- \/ Yoast SEO plugin. -->","yoast_head_json":{"title":"Fiscal\u00eda General de la Naci\u00f3n","description":"P\u00e1gina oficial de la Fiscal\u00eda General de la Naci\u00f3n \u2013 Colombia. Garantizamos el acceso efectivo a la justicia, la verdad y la reparaci\u00f3n de las v\u00edctimas de los delitos.","robots":{"index":"noindex","follow":"follow"},"og_locale":"es_ES","og_type":"article","og_title":"Fiscal\u00eda General de la Naci\u00f3n","og_description":"P\u00e1gina oficial de la Fiscal\u00eda General de la Naci\u00f3n \u2013 Colombia. Garantizamos el acceso efectivo a la justicia, la verdad y la reparaci\u00f3n de las v\u00edctimas de los delitos.","og_url":"https:\/\/www.fiscalia.gov.co\/colombia\/fiscalia-mas-cerca\/guia-para-adquirir-bienes-en-el-fondo-especial-para-la-administracion-de-bienes\/","og_site_name":"Fiscal\u00eda General de la Naci\u00f3n","article_publisher":"https:\/\/www.facebook.com\/FiscaliaCol","article_published_time":"2025-07-17T16:02:26+00:00","og_image":[{"width":1080,"height":1350,"url":"https:\/\/www.fiscalia.gov.co\/colombia\/wp-content\/uploads\/WhatsApp-Image-2025-07-16-at-3.43.43-PM.jpeg","type":"image\/jpeg"}],"author":"Jordan Leandro Oviedo Anzola","twitter_card":"summary_large_image","twitter_creator":"@FiscaliaCol","twitter_site":"@FiscaliaCol","twitter_misc":{"Escrito por":"Jordan Leandro Oviedo Anzola","Tiempo de lectura":"2 minutos"},"schema":{"@context":"https:\/\/schema.org","@graph":[{"@type":"Article","@id":"https:\/\/www.fiscalia.gov.co\/colombia\/fiscalia-mas-cerca\/guia-para-adquirir-bienes-en-el-fondo-especial-para-la-administracion-de-bienes\/#article","isPartOf":{"@id":"https:\/\/www.fiscalia.gov.co\/colombia\/fiscalia-mas-cerca\/guia-para-adquirir-bienes-en-el-fondo-especial-para-la-administracion-de-bienes\/"},"author":{"name":"Jordan Leandro Oviedo Anzola","@id":"https:\/\/www.fiscalia.gov.co\/colombia\/#\/schema\/person\/bf84402cf293a5393e9c70b111020b24"},"headline":"Gu\u00eda para adquirir bienes en el Fondo Especial para la Administraci\u00f3n de Bienes","datePublished":"2025-07-17T16:02:26+00:00","dateModified":"2025-07-17T16:02:26+00:00","mainEntityOfPage":{"@id":"https:\/\/www.fiscalia.gov.co\/colombia\/fiscalia-mas-cerca\/guia-para-adquirir-bienes-en-el-fondo-especial-para-la-administracion-de-bienes\/"},"wordCount":420,"publisher":{"@id":"https:\/\/www.fiscalia.gov.co\/colombia\/#organization"},"image":{"@id":"https:\/\/www.fiscalia.gov.co\/colombia\/fiscalia-mas-cerca\/guia-para-adquirir-bienes-en-el-fondo-especial-para-la-administracion-de-bienes\/#primaryimage"},"thumbnailUrl":"https:\/\/www.fiscalia.gov.co\/colombia\/wp-content\/uploads\/WhatsApp-Image-2025-07-16-at-3.43.43-PM.jpeg","keywords":["feab","Fiscal Luz Adriana Camargo","Fiscal\u00eda General de la Naci\u00f3n","fiscalia mas cerca","fondo para la administraci\u00f3n de bienes"],"articleSection":["Fiscal\u00eda m\u00e1s cerca"],"inLanguage":"es-CO"},{"@type":"WebPage","@id":"https:\/\/www.fiscalia.gov.co\/colombia\/fiscalia-mas-cerca\/guia-para-adquirir-bienes-en-el-fondo-especial-para-la-administracion-de-bienes\/","url":"https:\/\/www.fiscalia.gov.co\/colombia\/fiscalia-mas-cerca\/guia-para-adquirir-bienes-en-el-fondo-especial-para-la-administracion-de-bienes\/","name":"Fiscal\u00eda General de la Naci\u00f3n","isPartOf":{"@id":"https:\/\/www.fiscalia.gov.co\/colombia\/#website"},"primaryImageOfPage":{"@id":"https:\/\/www.fiscalia.gov.co\/colombia\/fiscalia-mas-cerca\/guia-para-adquirir-bienes-en-el-fondo-especial-para-la-administracion-de-bienes\/#primaryimage"},"image":{"@id":"https:\/\/www.fiscalia.gov.co\/colombia\/fiscalia-mas-cerca\/guia-para-adquirir-bienes-en-el-fondo-especial-para-la-administracion-de-bienes\/#primaryimage"},"thumbnailUrl":"https:\/\/www.fiscalia.gov.co\/colombia\/wp-content\/uploads\/WhatsApp-Image-2025-07-16-at-3.43.43-PM.jpeg","datePublished":"2025-07-17T16:02:26+00:00","dateModified":"2025-07-17T16:02:26+00:00","description":"P\u00e1gina oficial de la Fiscal\u00eda General de la Naci\u00f3n \u2013 Colombia. Garantizamos el acceso efectivo a la justicia, la verdad y la reparaci\u00f3n de las v\u00edctimas de los delitos.","breadcrumb":{"@id":"https:\/\/www.fiscalia.gov.co\/colombia\/fiscalia-mas-cerca\/guia-para-adquirir-bienes-en-el-fondo-especial-para-la-administracion-de-bienes\/#breadcrumb"},"inLanguage":"es-CO","potentialAction":[{"@type":"ReadAction","target":["https:\/\/www.fiscalia.gov.co\/colombia\/fiscalia-mas-cerca\/guia-para-adquirir-bienes-en-el-fondo-especial-para-la-administracion-de-bienes\/"]}]},{"@type":"ImageObject","inLanguage":"es-CO","@id":"https:\/\/www.fiscalia.gov.co\/colombia\/fiscalia-mas-cerca\/guia-para-adquirir-bienes-en-el-fondo-especial-para-la-administracion-de-bienes\/#primaryimage","url":"https:\/\/www.fiscalia.gov.co\/colombia\/wp-content\/uploads\/WhatsApp-Image-2025-07-16-at-3.43.43-PM.jpeg","contentUrl":"https:\/\/www.fiscalia.gov.co\/colombia\/wp-content\/uploads\/WhatsApp-Image-2025-07-16-at-3.43.43-PM.jpeg","width":1080,"height":1350,"caption":"Texto: \u2022 Logo de la Fiscal\u00eda: \u201cFISCAL\u00cdA GENERAL DE LA NACI\u00d3N\u201d \u2022 Logo adicional: \u201c#FISCAL\u00cdA M\u00c1S CERCA\u201d con una mano amarilla. \u2022 \u201cAtenci\u00f3n con Enfoque \u00c9tnico\u201d \u2022 \u201cGu\u00eda para adquirir bienes en el Fondo Especial para la Administraci\u00f3n de Bienes.\u201d Elementos gr\u00e1ficos: \u2022 Vista previa de un carro azul \u2022 Fondo difuminado de una casa (no real, sino grafica) \u2022 Silueta en blanco de una ciudad"},{"@type":"BreadcrumbList","@id":"https:\/\/www.fiscalia.gov.co\/colombia\/fiscalia-mas-cerca\/guia-para-adquirir-bienes-en-el-fondo-especial-para-la-administracion-de-bienes\/#breadcrumb","itemListElement":[{"@type":"ListItem","position":1,"name":"Home","item":"https:\/\/www.fiscalia.gov.co\/colombia\/"},{"@type":"ListItem","position":2,"name":"Gu\u00eda para adquirir bienes en el Fondo Especial para la Administraci\u00f3n de Bienes"}]},{"@type":"WebSite","@id":"https:\/\/www.fiscalia.gov.co\/colombia\/#website","url":"https:\/\/www.fiscalia.gov.co\/colombia\/","name":"Fiscal\u00eda General de la Naci\u00f3n","description":"P\u00e1gina oficial de la Fiscal\u00eda General de la Naci\u00f3n \u2013 Colombia. Garantizamos el acceso efectivo a la justicia, la verdad y la reparaci\u00f3n de las v\u00edctimas de los delitos.","publisher":{"@id":"https:\/\/www.fiscalia.gov.co\/colombia\/#organization"},"potentialAction":[{"@type":"SearchAction","target":{"@type":"EntryPoint","urlTemplate":"https:\/\/www.fiscalia.gov.co\/colombia\/?s={search_term_string}"},"query-input":{"@type":"PropertyValueSpecification","valueRequired":true,"valueName":"search_term_string"}}],"inLanguage":"es-CO"},{"@type":"Organization","@id":"https:\/\/www.fiscalia.gov.co\/colombia\/#organization","name":"Fiscal\u00eda General de la Naci\u00f3n","url":"https:\/\/www.fiscalia.gov.co\/colombia\/","logo":{"@type":"ImageObject","inLanguage":"es-CO","@id":"https:\/\/www.fiscalia.gov.co\/colombia\/#\/schema\/logo\/image\/","url":"https:\/\/www.fiscalia.gov.co\/colombia\/wp-content\/uploads\/LogoHorizontal_1.jpg","contentUrl":"https:\/\/www.fiscalia.gov.co\/colombia\/wp-content\/uploads\/LogoHorizontal_1.jpg","width":300,"height":90,"caption":"Fiscal\u00eda General de la Naci\u00f3n"},"image":{"@id":"https:\/\/www.fiscalia.gov.co\/colombia\/#\/schema\/logo\/image\/"},"sameAs":["https:\/\/www.facebook.com\/FiscaliaCol","https:\/\/x.com\/FiscaliaCol","https:\/\/www.instagram.com\/fiscaliacol","https:\/\/www.linkedin.com\/company\/fiscalia-general-de-la-naci-n\/","https:\/\/youtube.com\/@fiscaliageneraldelanacion-4668?si=6nN79nyQICPU5iTh"]},{"@type":"Person","@id":"https:\/\/www.fiscalia.gov.co\/colombia\/#\/schema\/person\/bf84402cf293a5393e9c70b111020b24","name":"Jordan Leandro Oviedo Anzola","image":{"@type":"ImageObject","inLanguage":"es-CO","@id":"https:\/\/www.fiscalia.gov.co\/colombia\/#\/schema\/person\/image\/","url":"https:\/\/secure.gravatar.com\/avatar\/dabba4346fa9b9207d96adafa8f92721?s=96&d=mm&r=g","contentUrl":"https:\/\/secure.gravatar.com\/avatar\/dabba4346fa9b9207d96adafa8f92721?s=96&d=mm&r=g","caption":"Jordan Leandro Oviedo Anzola"},"url":"https:\/\/www.fiscalia.gov.co\/colombia\/author\/joviedo\/"}]}},"_links":{"self":[{"href":"https:\/\/www.fiscalia.gov.co\/colombia\/wp-json\/wp\/v2\/posts\/319060","targetHints":{"allow":["GET"]}}],"collection":[{"href":"https:\/\/www.fiscalia.gov.co\/colombia\/wp-json\/wp\/v2\/posts"}],"about":[{"href":"https:\/\/www.fiscalia.gov.co\/colombia\/wp-json\/wp\/v2\/types\/post"}],"author":[{"embeddable":true,"href":"https:\/\/www.fiscalia.gov.co\/colombia\/wp-json\/wp\/v2\/users\/177"}],"replies":[{"embeddable":true,"href":"https:\/\/www.fiscalia.gov.co\/colombia\/wp-json\/wp\/v2\/comments?post=319060"}],"version-history":[{"count":2,"href":"https:\/\/www.fiscalia.gov.co\/colombia\/wp-json\/wp\/v2\/posts\/319060\/revisions"}],"predecessor-version":[{"id":319092,"href":"https:\/\/www.fiscalia.gov.co\/colombia\/wp-json\/wp\/v2\/posts\/319060\/revisions\/319092"}],"wp:featuredmedia":[{"embeddable":true,"href":"https:\/\/www.fiscalia.gov.co\/colombia\/wp-json\/wp\/v2\/media\/319081"}],"wp:attachment":[{"href":"https:\/\/www.fiscalia.gov.co\/colombia\/wp-json\/wp\/v2\/media?parent=319060"}],"wp:term":[{"taxonomy":"category","embeddable":true,"href":"https:\/\/www.fiscalia.gov.co\/colombia\/wp-json\/wp\/v2\/categories?post=319060"},{"taxonomy":"post_tag","embeddable":true,"href":"https:\/\/www.fiscalia.gov.co\/colombia\/wp-json\/wp\/v2\/tags?post=319060"}],"curies":[{"name":"wp","href":"https:\/\/api.w.org\/{rel}","templated":true}]}}