{"id":318895,"date":"2025-07-15T10:13:51","date_gmt":"2025-07-15T15:13:51","guid":{"rendered":"https:\/\/www.fiscalia.gov.co\/colombia\/?p=318895"},"modified":"2025-07-15T10:13:51","modified_gmt":"2025-07-15T15:13:51","slug":"condenado-ivan-marquez-por-ordenar-el-crimen-de-sargento-del-ejercito-nacional-en-medio-de-un-operativo-de-rescate","status":"publish","type":"post","link":"https:\/\/www.fiscalia.gov.co\/colombia\/derechos-humanos\/condenado-ivan-marquez-por-ordenar-el-crimen-de-sargento-del-ejercito-nacional-en-medio-de-un-operativo-de-rescate\/","title":{"rendered":"Condenado \u2018Iv\u00e1n M\u00e1rquez\u2019 por ordenar el crimen de sargento del Ej\u00e9rcito Nacional en medio de un operativo de rescate"},"content":{"rendered":"<h4 style=\"text-align: center;\"><strong><em>El secretariado de las extintas Farc, del cual hacia parte alias Iv\u00e1n M\u00e1rquez, en ese momento entreg\u00f3 la directriz de asesinar a los secuestrados si exist\u00eda alguna operaci\u00f3n militar.<\/em><\/strong><\/h4>\n<p>La Fiscal\u00eda General de la Naci\u00f3n demostr\u00f3 en juicio que el entonces cabecilla de las extintas Farc, Iv\u00e1n Luciano M\u00e1rquez Mar\u00edn, alias Iv\u00e1n M\u00e1rquez,<strong> orden\u00f3 en su rol de mando el crimen del sargento viceprimero del Ej\u00e9rcito Naciona<\/strong>l, H\u00e9ctor Lucuara Segura, ocurrido el 5 mayo de 2003.<\/p>\n<p>En ese sentido, un juzgado penal de conocimiento de Apartado (Antioquia), lo sentenci\u00f3 a 44 a\u00f1os de prisi\u00f3n por los <strong>delitos de homicidio en persona protegida y secuestro extorsivo.<\/strong> Adem\u00e1s, orden\u00f3 su captura para que la pena sea cumplida en centro carcelario.<\/p>\n<p>Estos hechos fueron declarados y caracterizados de lesa humanidad y M\u00e1rquez Mar\u00edn fue condenado como persona ausente. <strong>El proceso se adelant\u00f3 bajo la ley 600 de 2000<\/strong> (anterior sistema penal colombiano).<\/p>\n<p>La investigaci\u00f3n liderada por un fiscal de la Direcci\u00f3n Especializada contra las Violaciones a los Derechos Humanos estableci\u00f3 que en agosto de 1998 se presentaron combates entre el Ej\u00e9rcito Nacional y la guerrilla de las Farc en una zona rural entre Riosucio (Choc\u00f3) y Mutat\u00e1 (Antioquia). Producto de los enfrentamientos <strong>fue secuestrado el sargentoen viceprimero, Lucuara Segura quien permaneci\u00f3 en cautiverio hasta el 5 de mayo de 2003,<\/strong> cuando fue asesinado por los guerrilleros que los custodiaban durante un operativo de rescate las selvas de Urrao (Antioquia).<\/p>\n<p>El suboficial estaba retenido con otros militares y el entonces gobernador de Antioquia, Guillermo Gaviria Correa y su asesor de paz, Gilberto Echeverry Mej\u00eda. Los secuestrados fueron ultimados <strong>en cumplimiento de la directriz de asesinarlos si exist\u00eda alguna operaci\u00f3n de rescate,<\/strong> impartida por los cabecillas del secretariado de las Farc, del cual hacia parte alias Iv\u00e1n M\u00e1rquez.<\/p>\n<p>En junio pasado, este hombre fue condenado a 40 a\u00f1os de c\u00e1rcel <strong>por el secuestro y homicidio<\/strong> del subteniente del Ej\u00e9rcito Nacional, Wargner Harbey Tapias Torres, sucedido durante el mismo operativo de rescate.<\/p>\n<p>Esta informaci\u00f3n se publica por razones de inter\u00e9s general.<\/p>\n<p>&nbsp;<\/p>\n<p>&nbsp;<\/p>\n<p>&nbsp;<\/p>\n<p>&nbsp;<\/p>\n<p>&nbsp;<\/p>\n<p>LAGP\/AMCJ\/HCG\/DEVDH.<\/p>\n<p>&nbsp;<\/p>\n<p>&nbsp;<\/p>\n<p>&nbsp;<\/p>\n<p>&nbsp;<\/p>\n<p class=\"pf0\"><em><span class=\"cf0\">La informaci\u00f3n contenida en este bolet\u00edn de prensa corresponde a la narraci\u00f3n de los hechos noticiosos objetivos, suministrados por los funcionarios encargados de adelantar las investigaciones penales al interior de la Fiscal\u00eda General de la Naci\u00f3n. Para el momento de la divulgaci\u00f3n de este comunicado, la situaci\u00f3n jur\u00eddica de la(s) persona(s) relacionada(s) se encuentra pendiente de resolver por la autoridad judicial competente, siempre bajo los preceptos de la presunci\u00f3n de inocencia, consagrados en el art\u00edculo 29 de la Constituci\u00f3n Pol\u00edtica y el art\u00edculo 7\u00ba de la Ley 906 de 2004.<\/span><\/em><\/p>\n\n<div class=\"twitter-share\"><a href=\"https:\/\/twitter.com\/intent\/tweet?via=fiscaliacol\" class=\"twitter-share-button\">Tweet<\/a><\/div>\n","protected":false},"excerpt":{"rendered":"<p>El secretariado de las extintas Farc, del cual hacia parte alias Iv\u00e1n M\u00e1rquez, en ese momento entreg\u00f3 la directriz de asesinar a los secuestrados si exist\u00eda alguna operaci\u00f3n militar. La [&hellip;]<\/p>\n","protected":false},"author":177,"featured_media":0,"comment_status":"closed","ping_status":"open","sticky":false,"template":"","format":"standard","meta":{"tdm_status":"","tdm_grid_status":"","footnotes":""},"categories":[24102,1],"tags":[3393,40475,436,37492,1047,409,389,23964],"class_list":["post-318895","post","type-post","status-publish","format-standard","category-derechos-humanos","category-noticias","tag-ejercito-nacional","tag-enfrentamientos","tag-farc","tag-fiscal-luz-adriana-camargo","tag-fiscalia-general-de-la-nacion","tag-homicidio","tag-ivan-marquez","tag-secuestro"],"yoast_head":"<!-- This site is optimized with the Yoast SEO plugin v24.3 - https:\/\/yoast.com\/wordpress\/plugins\/seo\/ -->\n<title>Fiscal\u00eda General de la Naci\u00f3n<\/title>\n<meta name=\"description\" content=\"P\u00e1gina oficial de la Fiscal\u00eda General de la Naci\u00f3n \u2013 Colombia. Garantizamos el acceso efectivo a la justicia, la verdad y la reparaci\u00f3n de las v\u00edctimas de los delitos.\" \/>\n<meta name=\"robots\" content=\"noindex, follow\" \/>\n<meta property=\"og:locale\" content=\"es_ES\" \/>\n<meta property=\"og:type\" content=\"article\" \/>\n<meta property=\"og:title\" content=\"Fiscal\u00eda General de la Naci\u00f3n\" \/>\n<meta property=\"og:description\" content=\"P\u00e1gina oficial de la Fiscal\u00eda General de la Naci\u00f3n \u2013 Colombia. Garantizamos el acceso efectivo a la justicia, la verdad y la reparaci\u00f3n de las v\u00edctimas de los delitos.\" \/>\n<meta property=\"og:url\" content=\"https:\/\/www.fiscalia.gov.co\/colombia\/derechos-humanos\/condenado-ivan-marquez-por-ordenar-el-crimen-de-sargento-del-ejercito-nacional-en-medio-de-un-operativo-de-rescate\/\" \/>\n<meta property=\"og:site_name\" content=\"Fiscal\u00eda General de la Naci\u00f3n\" \/>\n<meta property=\"article:publisher\" content=\"https:\/\/www.facebook.com\/FiscaliaCol\" \/>\n<meta property=\"article:published_time\" content=\"2025-07-15T15:13:51+00:00\" \/>\n<meta name=\"author\" content=\"Jordan Leandro Oviedo Anzola\" \/>\n<meta name=\"twitter:card\" content=\"summary_large_image\" \/>\n<meta name=\"twitter:creator\" content=\"@FiscaliaCol\" \/>\n<meta name=\"twitter:site\" content=\"@FiscaliaCol\" \/>\n<meta name=\"twitter:label1\" content=\"Escrito por\" \/>\n\t<meta name=\"twitter:data1\" content=\"Jordan Leandro Oviedo Anzola\" \/>\n\t<meta name=\"twitter:label2\" content=\"Tiempo de lectura\" \/>\n\t<meta name=\"twitter:data2\" content=\"2 minutos\" \/>\n<script type=\"application\/ld+json\" class=\"yoast-schema-graph\">{\"@context\":\"https:\/\/schema.org\",\"@graph\":[{\"@type\":\"Article\",\"@id\":\"https:\/\/www.fiscalia.gov.co\/colombia\/derechos-humanos\/condenado-ivan-marquez-por-ordenar-el-crimen-de-sargento-del-ejercito-nacional-en-medio-de-un-operativo-de-rescate\/#article\",\"isPartOf\":{\"@id\":\"https:\/\/www.fiscalia.gov.co\/colombia\/derechos-humanos\/condenado-ivan-marquez-por-ordenar-el-crimen-de-sargento-del-ejercito-nacional-en-medio-de-un-operativo-de-rescate\/\"},\"author\":{\"name\":\"Jordan Leandro Oviedo Anzola\",\"@id\":\"https:\/\/www.fiscalia.gov.co\/colombia\/#\/schema\/person\/bf84402cf293a5393e9c70b111020b24\"},\"headline\":\"Condenado \u2018Iv\u00e1n M\u00e1rquez\u2019 por ordenar el crimen de sargento del Ej\u00e9rcito Nacional en medio de un operativo de rescate\",\"datePublished\":\"2025-07-15T15:13:51+00:00\",\"dateModified\":\"2025-07-15T15:13:51+00:00\",\"mainEntityOfPage\":{\"@id\":\"https:\/\/www.fiscalia.gov.co\/colombia\/derechos-humanos\/condenado-ivan-marquez-por-ordenar-el-crimen-de-sargento-del-ejercito-nacional-en-medio-de-un-operativo-de-rescate\/\"},\"wordCount\":494,\"publisher\":{\"@id\":\"https:\/\/www.fiscalia.gov.co\/colombia\/#organization\"},\"keywords\":[\"Ej\u00e9rcito Nacional\",\"enfrentamientos\",\"Farc\",\"Fiscal Luz Adriana Camargo\",\"Fiscal\u00eda General de la Naci\u00f3n\",\"Homicidio\",\"Iv\u00e1n M\u00e1rquez\",\"Secuestro\"],\"articleSection\":[\"Derechos Humanos\",\"Noticias\"],\"inLanguage\":\"es-CO\"},{\"@type\":\"WebPage\",\"@id\":\"https:\/\/www.fiscalia.gov.co\/colombia\/derechos-humanos\/condenado-ivan-marquez-por-ordenar-el-crimen-de-sargento-del-ejercito-nacional-en-medio-de-un-operativo-de-rescate\/\",\"url\":\"https:\/\/www.fiscalia.gov.co\/colombia\/derechos-humanos\/condenado-ivan-marquez-por-ordenar-el-crimen-de-sargento-del-ejercito-nacional-en-medio-de-un-operativo-de-rescate\/\",\"name\":\"Fiscal\u00eda General de la Naci\u00f3n\",\"isPartOf\":{\"@id\":\"https:\/\/www.fiscalia.gov.co\/colombia\/#website\"},\"datePublished\":\"2025-07-15T15:13:51+00:00\",\"dateModified\":\"2025-07-15T15:13:51+00:00\",\"description\":\"P\u00e1gina oficial de la Fiscal\u00eda General de la Naci\u00f3n \u2013 Colombia. Garantizamos el acceso efectivo a la justicia, la verdad y la reparaci\u00f3n de las v\u00edctimas de los delitos.\",\"breadcrumb\":{\"@id\":\"https:\/\/www.fiscalia.gov.co\/colombia\/derechos-humanos\/condenado-ivan-marquez-por-ordenar-el-crimen-de-sargento-del-ejercito-nacional-en-medio-de-un-operativo-de-rescate\/#breadcrumb\"},\"inLanguage\":\"es-CO\",\"potentialAction\":[{\"@type\":\"ReadAction\",\"target\":[\"https:\/\/www.fiscalia.gov.co\/colombia\/derechos-humanos\/condenado-ivan-marquez-por-ordenar-el-crimen-de-sargento-del-ejercito-nacional-en-medio-de-un-operativo-de-rescate\/\"]}]},{\"@type\":\"BreadcrumbList\",\"@id\":\"https:\/\/www.fiscalia.gov.co\/colombia\/derechos-humanos\/condenado-ivan-marquez-por-ordenar-el-crimen-de-sargento-del-ejercito-nacional-en-medio-de-un-operativo-de-rescate\/#breadcrumb\",\"itemListElement\":[{\"@type\":\"ListItem\",\"position\":1,\"name\":\"Home\",\"item\":\"https:\/\/www.fiscalia.gov.co\/colombia\/\"},{\"@type\":\"ListItem\",\"position\":2,\"name\":\"Condenado \u2018Iv\u00e1n M\u00e1rquez\u2019 por ordenar el crimen de sargento del Ej\u00e9rcito Nacional en medio de un operativo de rescate\"}]},{\"@type\":\"WebSite\",\"@id\":\"https:\/\/www.fiscalia.gov.co\/colombia\/#website\",\"url\":\"https:\/\/www.fiscalia.gov.co\/colombia\/\",\"name\":\"Fiscal\u00eda General de la Naci\u00f3n\",\"description\":\"P\u00e1gina oficial de la Fiscal\u00eda General de la Naci\u00f3n \u2013 Colombia. Garantizamos el acceso efectivo a la justicia, la verdad y la reparaci\u00f3n de las v\u00edctimas de los delitos.\",\"publisher\":{\"@id\":\"https:\/\/www.fiscalia.gov.co\/colombia\/#organization\"},\"potentialAction\":[{\"@type\":\"SearchAction\",\"target\":{\"@type\":\"EntryPoint\",\"urlTemplate\":\"https:\/\/www.fiscalia.gov.co\/colombia\/?s={search_term_string}\"},\"query-input\":{\"@type\":\"PropertyValueSpecification\",\"valueRequired\":true,\"valueName\":\"search_term_string\"}}],\"inLanguage\":\"es-CO\"},{\"@type\":\"Organization\",\"@id\":\"https:\/\/www.fiscalia.gov.co\/colombia\/#organization\",\"name\":\"Fiscal\u00eda General de la Naci\u00f3n\",\"url\":\"https:\/\/www.fiscalia.gov.co\/colombia\/\",\"logo\":{\"@type\":\"ImageObject\",\"inLanguage\":\"es-CO\",\"@id\":\"https:\/\/www.fiscalia.gov.co\/colombia\/#\/schema\/logo\/image\/\",\"url\":\"https:\/\/www.fiscalia.gov.co\/colombia\/wp-content\/uploads\/LogoHorizontal_1.jpg\",\"contentUrl\":\"https:\/\/www.fiscalia.gov.co\/colombia\/wp-content\/uploads\/LogoHorizontal_1.jpg\",\"width\":300,\"height\":90,\"caption\":\"Fiscal\u00eda General de la Naci\u00f3n\"},\"image\":{\"@id\":\"https:\/\/www.fiscalia.gov.co\/colombia\/#\/schema\/logo\/image\/\"},\"sameAs\":[\"https:\/\/www.facebook.com\/FiscaliaCol\",\"https:\/\/x.com\/FiscaliaCol\",\"https:\/\/www.instagram.com\/fiscaliacol\",\"https:\/\/www.linkedin.com\/company\/fiscalia-general-de-la-naci-n\/\",\"https:\/\/youtube.com\/@fiscaliageneraldelanacion-4668?si=6nN79nyQICPU5iTh\"]},{\"@type\":\"Person\",\"@id\":\"https:\/\/www.fiscalia.gov.co\/colombia\/#\/schema\/person\/bf84402cf293a5393e9c70b111020b24\",\"name\":\"Jordan Leandro Oviedo Anzola\",\"image\":{\"@type\":\"ImageObject\",\"inLanguage\":\"es-CO\",\"@id\":\"https:\/\/www.fiscalia.gov.co\/colombia\/#\/schema\/person\/image\/\",\"url\":\"https:\/\/secure.gravatar.com\/avatar\/dabba4346fa9b9207d96adafa8f92721?s=96&d=mm&r=g\",\"contentUrl\":\"https:\/\/secure.gravatar.com\/avatar\/dabba4346fa9b9207d96adafa8f92721?s=96&d=mm&r=g\",\"caption\":\"Jordan Leandro Oviedo Anzola\"},\"url\":\"https:\/\/www.fiscalia.gov.co\/colombia\/author\/joviedo\/\"}]}<\/script>\n<!-- \/ Yoast SEO plugin. -->","yoast_head_json":{"title":"Fiscal\u00eda General de la Naci\u00f3n","description":"P\u00e1gina oficial de la Fiscal\u00eda General de la Naci\u00f3n \u2013 Colombia. Garantizamos el acceso efectivo a la justicia, la verdad y la reparaci\u00f3n de las v\u00edctimas de los delitos.","robots":{"index":"noindex","follow":"follow"},"og_locale":"es_ES","og_type":"article","og_title":"Fiscal\u00eda General de la Naci\u00f3n","og_description":"P\u00e1gina oficial de la Fiscal\u00eda General de la Naci\u00f3n \u2013 Colombia. Garantizamos el acceso efectivo a la justicia, la verdad y la reparaci\u00f3n de las v\u00edctimas de los delitos.","og_url":"https:\/\/www.fiscalia.gov.co\/colombia\/derechos-humanos\/condenado-ivan-marquez-por-ordenar-el-crimen-de-sargento-del-ejercito-nacional-en-medio-de-un-operativo-de-rescate\/","og_site_name":"Fiscal\u00eda General de la Naci\u00f3n","article_publisher":"https:\/\/www.facebook.com\/FiscaliaCol","article_published_time":"2025-07-15T15:13:51+00:00","author":"Jordan Leandro Oviedo Anzola","twitter_card":"summary_large_image","twitter_creator":"@FiscaliaCol","twitter_site":"@FiscaliaCol","twitter_misc":{"Escrito por":"Jordan Leandro Oviedo Anzola","Tiempo de lectura":"2 minutos"},"schema":{"@context":"https:\/\/schema.org","@graph":[{"@type":"Article","@id":"https:\/\/www.fiscalia.gov.co\/colombia\/derechos-humanos\/condenado-ivan-marquez-por-ordenar-el-crimen-de-sargento-del-ejercito-nacional-en-medio-de-un-operativo-de-rescate\/#article","isPartOf":{"@id":"https:\/\/www.fiscalia.gov.co\/colombia\/derechos-humanos\/condenado-ivan-marquez-por-ordenar-el-crimen-de-sargento-del-ejercito-nacional-en-medio-de-un-operativo-de-rescate\/"},"author":{"name":"Jordan Leandro Oviedo Anzola","@id":"https:\/\/www.fiscalia.gov.co\/colombia\/#\/schema\/person\/bf84402cf293a5393e9c70b111020b24"},"headline":"Condenado \u2018Iv\u00e1n M\u00e1rquez\u2019 por ordenar el crimen de sargento del Ej\u00e9rcito Nacional en medio de un operativo de rescate","datePublished":"2025-07-15T15:13:51+00:00","dateModified":"2025-07-15T15:13:51+00:00","mainEntityOfPage":{"@id":"https:\/\/www.fiscalia.gov.co\/colombia\/derechos-humanos\/condenado-ivan-marquez-por-ordenar-el-crimen-de-sargento-del-ejercito-nacional-en-medio-de-un-operativo-de-rescate\/"},"wordCount":494,"publisher":{"@id":"https:\/\/www.fiscalia.gov.co\/colombia\/#organization"},"keywords":["Ej\u00e9rcito Nacional","enfrentamientos","Farc","Fiscal Luz Adriana Camargo","Fiscal\u00eda General de la Naci\u00f3n","Homicidio","Iv\u00e1n M\u00e1rquez","Secuestro"],"articleSection":["Derechos Humanos","Noticias"],"inLanguage":"es-CO"},{"@type":"WebPage","@id":"https:\/\/www.fiscalia.gov.co\/colombia\/derechos-humanos\/condenado-ivan-marquez-por-ordenar-el-crimen-de-sargento-del-ejercito-nacional-en-medio-de-un-operativo-de-rescate\/","url":"https:\/\/www.fiscalia.gov.co\/colombia\/derechos-humanos\/condenado-ivan-marquez-por-ordenar-el-crimen-de-sargento-del-ejercito-nacional-en-medio-de-un-operativo-de-rescate\/","name":"Fiscal\u00eda General de la Naci\u00f3n","isPartOf":{"@id":"https:\/\/www.fiscalia.gov.co\/colombia\/#website"},"datePublished":"2025-07-15T15:13:51+00:00","dateModified":"2025-07-15T15:13:51+00:00","description":"P\u00e1gina oficial de la Fiscal\u00eda General de la Naci\u00f3n \u2013 Colombia. Garantizamos el acceso efectivo a la justicia, la verdad y la reparaci\u00f3n de las v\u00edctimas de los delitos.","breadcrumb":{"@id":"https:\/\/www.fiscalia.gov.co\/colombia\/derechos-humanos\/condenado-ivan-marquez-por-ordenar-el-crimen-de-sargento-del-ejercito-nacional-en-medio-de-un-operativo-de-rescate\/#breadcrumb"},"inLanguage":"es-CO","potentialAction":[{"@type":"ReadAction","target":["https:\/\/www.fiscalia.gov.co\/colombia\/derechos-humanos\/condenado-ivan-marquez-por-ordenar-el-crimen-de-sargento-del-ejercito-nacional-en-medio-de-un-operativo-de-rescate\/"]}]},{"@type":"BreadcrumbList","@id":"https:\/\/www.fiscalia.gov.co\/colombia\/derechos-humanos\/condenado-ivan-marquez-por-ordenar-el-crimen-de-sargento-del-ejercito-nacional-en-medio-de-un-operativo-de-rescate\/#breadcrumb","itemListElement":[{"@type":"ListItem","position":1,"name":"Home","item":"https:\/\/www.fiscalia.gov.co\/colombia\/"},{"@type":"ListItem","position":2,"name":"Condenado \u2018Iv\u00e1n M\u00e1rquez\u2019 por ordenar el crimen de sargento del Ej\u00e9rcito Nacional en medio de un operativo de rescate"}]},{"@type":"WebSite","@id":"https:\/\/www.fiscalia.gov.co\/colombia\/#website","url":"https:\/\/www.fiscalia.gov.co\/colombia\/","name":"Fiscal\u00eda General de la Naci\u00f3n","description":"P\u00e1gina oficial de la Fiscal\u00eda General de la Naci\u00f3n \u2013 Colombia. Garantizamos el acceso efectivo a la justicia, la verdad y la reparaci\u00f3n de las v\u00edctimas de los delitos.","publisher":{"@id":"https:\/\/www.fiscalia.gov.co\/colombia\/#organization"},"potentialAction":[{"@type":"SearchAction","target":{"@type":"EntryPoint","urlTemplate":"https:\/\/www.fiscalia.gov.co\/colombia\/?s={search_term_string}"},"query-input":{"@type":"PropertyValueSpecification","valueRequired":true,"valueName":"search_term_string"}}],"inLanguage":"es-CO"},{"@type":"Organization","@id":"https:\/\/www.fiscalia.gov.co\/colombia\/#organization","name":"Fiscal\u00eda General de la Naci\u00f3n","url":"https:\/\/www.fiscalia.gov.co\/colombia\/","logo":{"@type":"ImageObject","inLanguage":"es-CO","@id":"https:\/\/www.fiscalia.gov.co\/colombia\/#\/schema\/logo\/image\/","url":"https:\/\/www.fiscalia.gov.co\/colombia\/wp-content\/uploads\/LogoHorizontal_1.jpg","contentUrl":"https:\/\/www.fiscalia.gov.co\/colombia\/wp-content\/uploads\/LogoHorizontal_1.jpg","width":300,"height":90,"caption":"Fiscal\u00eda General de la Naci\u00f3n"},"image":{"@id":"https:\/\/www.fiscalia.gov.co\/colombia\/#\/schema\/logo\/image\/"},"sameAs":["https:\/\/www.facebook.com\/FiscaliaCol","https:\/\/x.com\/FiscaliaCol","https:\/\/www.instagram.com\/fiscaliacol","https:\/\/www.linkedin.com\/company\/fiscalia-general-de-la-naci-n\/","https:\/\/youtube.com\/@fiscaliageneraldelanacion-4668?si=6nN79nyQICPU5iTh"]},{"@type":"Person","@id":"https:\/\/www.fiscalia.gov.co\/colombia\/#\/schema\/person\/bf84402cf293a5393e9c70b111020b24","name":"Jordan Leandro Oviedo Anzola","image":{"@type":"ImageObject","inLanguage":"es-CO","@id":"https:\/\/www.fiscalia.gov.co\/colombia\/#\/schema\/person\/image\/","url":"https:\/\/secure.gravatar.com\/avatar\/dabba4346fa9b9207d96adafa8f92721?s=96&d=mm&r=g","contentUrl":"https:\/\/secure.gravatar.com\/avatar\/dabba4346fa9b9207d96adafa8f92721?s=96&d=mm&r=g","caption":"Jordan Leandro Oviedo Anzola"},"url":"https:\/\/www.fiscalia.gov.co\/colombia\/author\/joviedo\/"}]}},"_links":{"self":[{"href":"https:\/\/www.fiscalia.gov.co\/colombia\/wp-json\/wp\/v2\/posts\/318895","targetHints":{"allow":["GET"]}}],"collection":[{"href":"https:\/\/www.fiscalia.gov.co\/colombia\/wp-json\/wp\/v2\/posts"}],"about":[{"href":"https:\/\/www.fiscalia.gov.co\/colombia\/wp-json\/wp\/v2\/types\/post"}],"author":[{"embeddable":true,"href":"https:\/\/www.fiscalia.gov.co\/colombia\/wp-json\/wp\/v2\/users\/177"}],"replies":[{"embeddable":true,"href":"https:\/\/www.fiscalia.gov.co\/colombia\/wp-json\/wp\/v2\/comments?post=318895"}],"version-history":[{"count":2,"href":"https:\/\/www.fiscalia.gov.co\/colombia\/wp-json\/wp\/v2\/posts\/318895\/revisions"}],"predecessor-version":[{"id":318897,"href":"https:\/\/www.fiscalia.gov.co\/colombia\/wp-json\/wp\/v2\/posts\/318895\/revisions\/318897"}],"wp:attachment":[{"href":"https:\/\/www.fiscalia.gov.co\/colombia\/wp-json\/wp\/v2\/media?parent=318895"}],"wp:term":[{"taxonomy":"category","embeddable":true,"href":"https:\/\/www.fiscalia.gov.co\/colombia\/wp-json\/wp\/v2\/categories?post=318895"},{"taxonomy":"post_tag","embeddable":true,"href":"https:\/\/www.fiscalia.gov.co\/colombia\/wp-json\/wp\/v2\/tags?post=318895"}],"curies":[{"name":"wp","href":"https:\/\/api.w.org\/{rel}","templated":true}]}}