{"id":318771,"date":"2025-07-13T07:05:11","date_gmt":"2025-07-13T12:05:11","guid":{"rendered":"https:\/\/www.fiscalia.gov.co\/colombia\/?p=318771"},"modified":"2025-07-13T07:05:11","modified_gmt":"2025-07-13T12:05:11","slug":"golpe-a-grupo-delincuencial-los-mexicanos-que-estaria-involucrado-en-hurtos-por-mas-de-7-mil-millones-de-pesos-en-choco","status":"publish","type":"post","link":"https:\/\/www.fiscalia.gov.co\/colombia\/noticias\/golpe-a-grupo-delincuencial-los-mexicanos-que-estaria-involucrado-en-hurtos-por-mas-de-7-mil-millones-de-pesos-en-choco\/","title":{"rendered":"Golpe a grupo delincuencial Los Mexicanos que estar\u00eda involucrado en hurtos por m\u00e1s de 7 mil millones de pesos en Choc\u00f3"},"content":{"rendered":"<blockquote>\n<h4><em><strong>Fueron judicializados 26 presuntos integrantes que habr\u00edan cometido los robos mediante la modalidad de fleteo.<\/strong> <\/em><\/h4>\n<\/blockquote>\n<p>Las acciones investigativas desplegadas por la Fiscal\u00eda General de la Naci\u00f3n permitieron afectar al grupo delincuencial Los Mexicanos, que estar\u00eda involucrado en, al menos, 89 hurtos en los que se apropi\u00f3 de 7.828.779.735 de pesos en Choc\u00f3.<\/p>\n<p><img loading=\"lazy\" decoding=\"async\" class=\"alignnone size-medium wp-image-318772\" src=\"https:\/\/www.fiscalia.gov.co\/colombia\/wp-content\/uploads\/WhatsApp-Image-2025-07-13-at-6.14.52-AM-300x169.jpeg\" alt=\"La imagen muestra una fila de personas detenidas, alineadas una al lado de la otra con la cabeza inclinada hacia abajo, aparentemente esposadas. Est\u00e1n frente a una mesa blanca cubierta con varios objetos (posiblemente evidencia), y un fondo institucional con logotipos repetidos, que parecen pertenecer a una entidad gubernamental o policial de Colombia. A los extremos de la fila hay varios agentes uniformados, algunos con chalecos reflectantes y otros con uniforme militar o policial. El lugar parece ser el exterior de una instalaci\u00f3n oficial, posiblemente una estaci\u00f3n de polic\u00eda o edificio gubernamental. Tambi\u00e9n se pueden ver los logotipos de la Fiscal\u00eda General de la Naci\u00f3n de Colombia y la Polic\u00eda Nacional en la parte superior derecha de la imagen.\n\nPreguntar a ChatGPT\n\" width=\"300\" height=\"169\" srcset=\"https:\/\/www.fiscalia.gov.co\/colombia\/wp-content\/uploads\/WhatsApp-Image-2025-07-13-at-6.14.52-AM-300x169.jpeg 300w, https:\/\/www.fiscalia.gov.co\/colombia\/wp-content\/uploads\/WhatsApp-Image-2025-07-13-at-6.14.52-AM-1024x576.jpeg 1024w, https:\/\/www.fiscalia.gov.co\/colombia\/wp-content\/uploads\/WhatsApp-Image-2025-07-13-at-6.14.52-AM-768x432.jpeg 768w, https:\/\/www.fiscalia.gov.co\/colombia\/wp-content\/uploads\/WhatsApp-Image-2025-07-13-at-6.14.52-AM-747x420.jpeg 747w, https:\/\/www.fiscalia.gov.co\/colombia\/wp-content\/uploads\/WhatsApp-Image-2025-07-13-at-6.14.52-AM-696x392.jpeg 696w, https:\/\/www.fiscalia.gov.co\/colombia\/wp-content\/uploads\/WhatsApp-Image-2025-07-13-at-6.14.52-AM-1068x601.jpeg 1068w, https:\/\/www.fiscalia.gov.co\/colombia\/wp-content\/uploads\/WhatsApp-Image-2025-07-13-at-6.14.52-AM.jpeg 1280w\" sizes=\"auto, (max-width: 300px) 100vw, 300px\" \/><\/p>\n<p>En ese sentido fueron judicializados 26 presuntos integrantes que desde diferentes roles habr\u00edan ejecutado las acciones delincuenciales bajo la modalidad de fleteo, intimidando a las v\u00edctimas con armas de fuego en varios barrios de Quibd\u00f3 y otros municipios del departamento. Los hechos se presentaron entre enero de 2023 y marzo de 2025.<\/p>\n<p>Actividades investigativas como interceptaciones telef\u00f3nicas, entrevistas a testigos, verificaci\u00f3n de c\u00e1maras de seguridad, entre otras, permitieron identificar a estas personas como las se\u00f1aladas responsables de estos millonarios hurtos.<\/p>\n<p>La investigaci\u00f3n estableci\u00f3 que se divid\u00edan en peque\u00f1os grupos y el d\u00eda de los hechos compart\u00edan informaci\u00f3n para la identificaci\u00f3n de las v\u00edctimas y la distribuci\u00f3n de los roles que cada uno cumplir\u00eda.<\/p>\n<p>Luego de identificar la entidad bancaria, el marcador ingresaba al lugar a simular una consignaci\u00f3n para no llamar la atenci\u00f3n, posteriormente advert\u00eda a otros integrantes las caracter\u00edsticas de la v\u00edctima y la cantidad de dinero que retiraba.<\/p>\n<p>Con esta informaci\u00f3n otras personas segu\u00edan al afectado en motocicleta lo intimidaban con armas de fuegos y le hurtaban el dinero.\u00a0 M\u00e1s adelante entregaban el bot\u00edn a otros se\u00f1alados \u2018Mexicanos\u2019 para evadir la acci\u00f3n de las autoridades.<\/p>\n<p>Entre los hechos que se les atribuyen, se encuentra el robo de 334.000.000 de pesos a uno de los directivos del ancianato de Condoto. El hombre fue amenazado con arma de fuego para que entregara el dinero.<\/p>\n<p>En otro suceso, se habr\u00edan apropiado de 233.000.000 millones de pesos que hab\u00edan sido retirados por funcionarios de la Alcald\u00eda de Rio Ir\u00f3.<\/p>\n<p>Por todo lo anterior, un fiscal especializado de la Seccional Choc\u00f3 les imput\u00f3 los delitos de concierto para delinquir, hurto calificado y agravado, uso de menores para la comisi\u00f3n de delitos, y fabricaci\u00f3n, tr\u00e1fico, porte o tenencia de armas de fuego, accesorios, partes o municiones.<\/p>\n<p>En audiencias concentradas los procesados no aceptaron cargos y por disposici\u00f3n de un juez de control de garant\u00edas les fue impuesta medida de aseguramiento en establecimiento carcelario.<\/p>\n<p>Estas personas fueron capturadas en 20 diligencias de registro y allanamiento, entre ellas a dos locales comerciales dedicados a la reparaci\u00f3n y ventas de celulares y computadores. En los procedimientos judiciales les incautaron tres tel\u00e9fonos m\u00f3viles de alta gama reportados como robados y dos armas de fuego.<\/p>\n<p>&nbsp;<\/p>\n<p>JLH\/AMCJ\/DSC\/<\/p>\n<p>&nbsp;<\/p>\n<p>&nbsp;<\/p>\n<p>&nbsp;<\/p>\n<p><em>La informaci\u00f3n contenida en este bolet\u00edn de prensa corresponde a la narraci\u00f3n de los hechos noticiosos objetivos, suministrados por los funcionarios encargados de adelantar las investigaciones penales al interior de la Fiscal\u00eda General de la Naci\u00f3n. Para el momento de la divulgaci\u00f3n de este comunicado, la situaci\u00f3n jur\u00eddica de la(s) persona(s) relacionada(s) se encuentra pendiente de resolver por la autoridad judicial competente, siempre bajo los preceptos de la presunci\u00f3n de inocencia, consagrados en el art\u00edculo 29 de la Constituci\u00f3n Pol\u00edtica y el art\u00edculo 7\u00ba de la Ley 906 de 2004.<\/em><\/p>\n<p>&nbsp;<\/p>\n<p>&nbsp;<\/p>\n\n<div class=\"twitter-share\"><a href=\"https:\/\/twitter.com\/intent\/tweet?via=fiscaliacol\" class=\"twitter-share-button\">Tweet<\/a><\/div>\n","protected":false},"excerpt":{"rendered":"<p>Fueron judicializados 26 presuntos integrantes que habr\u00edan cometido los robos mediante la modalidad de fleteo. Las acciones investigativas desplegadas por la Fiscal\u00eda General de la Naci\u00f3n permitieron afectar al grupo [&hellip;]<\/p>\n","protected":false},"author":181,"featured_media":0,"comment_status":"closed","ping_status":"open","sticky":false,"template":"","format":"standard","meta":{"tdm_status":"","tdm_grid_status":"","footnotes":""},"categories":[1,2336,24099],"tags":[37492,4614,25502,30239],"class_list":["post-318771","post","type-post","status-publish","format-standard","category-noticias","category-seccional-quibdo","category-seguridad-territorial","tag-fiscal-luz-adriana-camargo","tag-fiscalia-2","tag-los-mexicanos","tag-seguridad-territorial"],"yoast_head":"<!-- This site is optimized with the Yoast SEO plugin v24.3 - https:\/\/yoast.com\/wordpress\/plugins\/seo\/ -->\n<title>Fiscal\u00eda General de la Naci\u00f3n<\/title>\n<meta name=\"description\" content=\"P\u00e1gina oficial de la Fiscal\u00eda General de la Naci\u00f3n \u2013 Colombia. Garantizamos el acceso efectivo a la justicia, la verdad y la reparaci\u00f3n de las v\u00edctimas de los delitos.\" \/>\n<meta name=\"robots\" content=\"noindex, follow\" \/>\n<meta property=\"og:locale\" content=\"es_ES\" \/>\n<meta property=\"og:type\" content=\"article\" \/>\n<meta property=\"og:title\" content=\"Fiscal\u00eda General de la Naci\u00f3n\" \/>\n<meta property=\"og:description\" content=\"P\u00e1gina oficial de la Fiscal\u00eda General de la Naci\u00f3n \u2013 Colombia. Garantizamos el acceso efectivo a la justicia, la verdad y la reparaci\u00f3n de las v\u00edctimas de los delitos.\" \/>\n<meta property=\"og:url\" content=\"https:\/\/www.fiscalia.gov.co\/colombia\/noticias\/golpe-a-grupo-delincuencial-los-mexicanos-que-estaria-involucrado-en-hurtos-por-mas-de-7-mil-millones-de-pesos-en-choco\/\" \/>\n<meta property=\"og:site_name\" content=\"Fiscal\u00eda General de la Naci\u00f3n\" \/>\n<meta property=\"article:publisher\" content=\"https:\/\/www.facebook.com\/FiscaliaCol\" \/>\n<meta property=\"article:published_time\" content=\"2025-07-13T12:05:11+00:00\" \/>\n<meta property=\"og:image\" content=\"https:\/\/www.fiscalia.gov.co\/colombia\/wp-content\/uploads\/WhatsApp-Image-2025-07-13-at-6.14.52-AM.jpeg\" \/>\n\t<meta property=\"og:image:width\" content=\"1280\" \/>\n\t<meta property=\"og:image:height\" content=\"720\" \/>\n\t<meta property=\"og:image:type\" content=\"image\/jpeg\" \/>\n<meta name=\"author\" content=\"Johanna Islenny Prieto Pe\u00f1a\" \/>\n<meta name=\"twitter:card\" content=\"summary_large_image\" \/>\n<meta name=\"twitter:creator\" content=\"@FiscaliaCol\" \/>\n<meta name=\"twitter:site\" content=\"@FiscaliaCol\" \/>\n<meta name=\"twitter:label1\" content=\"Escrito por\" \/>\n\t<meta name=\"twitter:data1\" content=\"Johanna Islenny Prieto Pe\u00f1a\" \/>\n\t<meta name=\"twitter:label2\" content=\"Tiempo de lectura\" \/>\n\t<meta name=\"twitter:data2\" content=\"3 minutos\" \/>\n<script type=\"application\/ld+json\" class=\"yoast-schema-graph\">{\"@context\":\"https:\/\/schema.org\",\"@graph\":[{\"@type\":\"Article\",\"@id\":\"https:\/\/www.fiscalia.gov.co\/colombia\/noticias\/golpe-a-grupo-delincuencial-los-mexicanos-que-estaria-involucrado-en-hurtos-por-mas-de-7-mil-millones-de-pesos-en-choco\/#article\",\"isPartOf\":{\"@id\":\"https:\/\/www.fiscalia.gov.co\/colombia\/noticias\/golpe-a-grupo-delincuencial-los-mexicanos-que-estaria-involucrado-en-hurtos-por-mas-de-7-mil-millones-de-pesos-en-choco\/\"},\"author\":{\"name\":\"Johanna Islenny Prieto Pe\u00f1a\",\"@id\":\"https:\/\/www.fiscalia.gov.co\/colombia\/#\/schema\/person\/ba9eca435947489fb25117a0cd75bf3e\"},\"headline\":\"Golpe a grupo delincuencial Los Mexicanos que estar\u00eda involucrado en hurtos por m\u00e1s de 7 mil millones de pesos en Choc\u00f3\",\"datePublished\":\"2025-07-13T12:05:11+00:00\",\"dateModified\":\"2025-07-13T12:05:11+00:00\",\"mainEntityOfPage\":{\"@id\":\"https:\/\/www.fiscalia.gov.co\/colombia\/noticias\/golpe-a-grupo-delincuencial-los-mexicanos-que-estaria-involucrado-en-hurtos-por-mas-de-7-mil-millones-de-pesos-en-choco\/\"},\"wordCount\":584,\"publisher\":{\"@id\":\"https:\/\/www.fiscalia.gov.co\/colombia\/#organization\"},\"image\":{\"@id\":\"https:\/\/www.fiscalia.gov.co\/colombia\/noticias\/golpe-a-grupo-delincuencial-los-mexicanos-que-estaria-involucrado-en-hurtos-por-mas-de-7-mil-millones-de-pesos-en-choco\/#primaryimage\"},\"thumbnailUrl\":\"https:\/\/www.fiscalia.gov.co\/colombia\/wp-content\/uploads\/WhatsApp-Image-2025-07-13-at-6.14.52-AM-300x169.jpeg\",\"keywords\":[\"Fiscal Luz Adriana Camargo\",\"Fiscal\u00eda\",\"los mexicanos\",\"Seguridad territorial\"],\"articleSection\":[\"Noticias\",\"Seccional Quibd\u00f3\",\"Seguridad territorial\"],\"inLanguage\":\"es-CO\"},{\"@type\":\"WebPage\",\"@id\":\"https:\/\/www.fiscalia.gov.co\/colombia\/noticias\/golpe-a-grupo-delincuencial-los-mexicanos-que-estaria-involucrado-en-hurtos-por-mas-de-7-mil-millones-de-pesos-en-choco\/\",\"url\":\"https:\/\/www.fiscalia.gov.co\/colombia\/noticias\/golpe-a-grupo-delincuencial-los-mexicanos-que-estaria-involucrado-en-hurtos-por-mas-de-7-mil-millones-de-pesos-en-choco\/\",\"name\":\"Fiscal\u00eda General de la Naci\u00f3n\",\"isPartOf\":{\"@id\":\"https:\/\/www.fiscalia.gov.co\/colombia\/#website\"},\"primaryImageOfPage\":{\"@id\":\"https:\/\/www.fiscalia.gov.co\/colombia\/noticias\/golpe-a-grupo-delincuencial-los-mexicanos-que-estaria-involucrado-en-hurtos-por-mas-de-7-mil-millones-de-pesos-en-choco\/#primaryimage\"},\"image\":{\"@id\":\"https:\/\/www.fiscalia.gov.co\/colombia\/noticias\/golpe-a-grupo-delincuencial-los-mexicanos-que-estaria-involucrado-en-hurtos-por-mas-de-7-mil-millones-de-pesos-en-choco\/#primaryimage\"},\"thumbnailUrl\":\"https:\/\/www.fiscalia.gov.co\/colombia\/wp-content\/uploads\/WhatsApp-Image-2025-07-13-at-6.14.52-AM-300x169.jpeg\",\"datePublished\":\"2025-07-13T12:05:11+00:00\",\"dateModified\":\"2025-07-13T12:05:11+00:00\",\"description\":\"P\u00e1gina oficial de la Fiscal\u00eda General de la Naci\u00f3n \u2013 Colombia. Garantizamos el acceso efectivo a la justicia, la verdad y la reparaci\u00f3n de las v\u00edctimas de los delitos.\",\"breadcrumb\":{\"@id\":\"https:\/\/www.fiscalia.gov.co\/colombia\/noticias\/golpe-a-grupo-delincuencial-los-mexicanos-que-estaria-involucrado-en-hurtos-por-mas-de-7-mil-millones-de-pesos-en-choco\/#breadcrumb\"},\"inLanguage\":\"es-CO\",\"potentialAction\":[{\"@type\":\"ReadAction\",\"target\":[\"https:\/\/www.fiscalia.gov.co\/colombia\/noticias\/golpe-a-grupo-delincuencial-los-mexicanos-que-estaria-involucrado-en-hurtos-por-mas-de-7-mil-millones-de-pesos-en-choco\/\"]}]},{\"@type\":\"ImageObject\",\"inLanguage\":\"es-CO\",\"@id\":\"https:\/\/www.fiscalia.gov.co\/colombia\/noticias\/golpe-a-grupo-delincuencial-los-mexicanos-que-estaria-involucrado-en-hurtos-por-mas-de-7-mil-millones-de-pesos-en-choco\/#primaryimage\",\"url\":\"https:\/\/www.fiscalia.gov.co\/colombia\/wp-content\/uploads\/WhatsApp-Image-2025-07-13-at-6.14.52-AM.jpeg\",\"contentUrl\":\"https:\/\/www.fiscalia.gov.co\/colombia\/wp-content\/uploads\/WhatsApp-Image-2025-07-13-at-6.14.52-AM.jpeg\",\"width\":1280,\"height\":720,\"caption\":\"La imagen muestra una fila de personas detenidas, alineadas una al lado de la otra con la cabeza inclinada hacia abajo, aparentemente esposadas. Est\u00e1n frente a una mesa blanca cubierta con varios objetos (posiblemente evidencia), y un fondo institucional con logotipos repetidos, que parecen pertenecer a una entidad gubernamental o policial de Colombia. A los extremos de la fila hay varios agentes uniformados, algunos con chalecos reflectantes y otros con uniforme militar o policial. El lugar parece ser el exterior de una instalaci\u00f3n oficial, posiblemente una estaci\u00f3n de polic\u00eda o edificio gubernamental. Tambi\u00e9n se pueden ver los logotipos de la Fiscal\u00eda General de la Naci\u00f3n de Colombia y la Polic\u00eda Nacional en la parte superior derecha de la imagen. Preguntar a ChatGPT\"},{\"@type\":\"BreadcrumbList\",\"@id\":\"https:\/\/www.fiscalia.gov.co\/colombia\/noticias\/golpe-a-grupo-delincuencial-los-mexicanos-que-estaria-involucrado-en-hurtos-por-mas-de-7-mil-millones-de-pesos-en-choco\/#breadcrumb\",\"itemListElement\":[{\"@type\":\"ListItem\",\"position\":1,\"name\":\"Home\",\"item\":\"https:\/\/www.fiscalia.gov.co\/colombia\/\"},{\"@type\":\"ListItem\",\"position\":2,\"name\":\"Golpe a grupo delincuencial Los Mexicanos que estar\u00eda involucrado en hurtos por m\u00e1s de 7 mil millones de pesos en Choc\u00f3\"}]},{\"@type\":\"WebSite\",\"@id\":\"https:\/\/www.fiscalia.gov.co\/colombia\/#website\",\"url\":\"https:\/\/www.fiscalia.gov.co\/colombia\/\",\"name\":\"Fiscal\u00eda General de la Naci\u00f3n\",\"description\":\"P\u00e1gina oficial de la Fiscal\u00eda General de la Naci\u00f3n \u2013 Colombia. Garantizamos el acceso efectivo a la justicia, la verdad y la reparaci\u00f3n de las v\u00edctimas de los delitos.\",\"publisher\":{\"@id\":\"https:\/\/www.fiscalia.gov.co\/colombia\/#organization\"},\"potentialAction\":[{\"@type\":\"SearchAction\",\"target\":{\"@type\":\"EntryPoint\",\"urlTemplate\":\"https:\/\/www.fiscalia.gov.co\/colombia\/?s={search_term_string}\"},\"query-input\":{\"@type\":\"PropertyValueSpecification\",\"valueRequired\":true,\"valueName\":\"search_term_string\"}}],\"inLanguage\":\"es-CO\"},{\"@type\":\"Organization\",\"@id\":\"https:\/\/www.fiscalia.gov.co\/colombia\/#organization\",\"name\":\"Fiscal\u00eda General de la Naci\u00f3n\",\"url\":\"https:\/\/www.fiscalia.gov.co\/colombia\/\",\"logo\":{\"@type\":\"ImageObject\",\"inLanguage\":\"es-CO\",\"@id\":\"https:\/\/www.fiscalia.gov.co\/colombia\/#\/schema\/logo\/image\/\",\"url\":\"https:\/\/www.fiscalia.gov.co\/colombia\/wp-content\/uploads\/LogoHorizontal_1.jpg\",\"contentUrl\":\"https:\/\/www.fiscalia.gov.co\/colombia\/wp-content\/uploads\/LogoHorizontal_1.jpg\",\"width\":300,\"height\":90,\"caption\":\"Fiscal\u00eda General de la Naci\u00f3n\"},\"image\":{\"@id\":\"https:\/\/www.fiscalia.gov.co\/colombia\/#\/schema\/logo\/image\/\"},\"sameAs\":[\"https:\/\/www.facebook.com\/FiscaliaCol\",\"https:\/\/x.com\/FiscaliaCol\",\"https:\/\/www.instagram.com\/fiscaliacol\",\"https:\/\/www.linkedin.com\/company\/fiscalia-general-de-la-naci-n\/\",\"https:\/\/youtube.com\/@fiscaliageneraldelanacion-4668?si=6nN79nyQICPU5iTh\"]},{\"@type\":\"Person\",\"@id\":\"https:\/\/www.fiscalia.gov.co\/colombia\/#\/schema\/person\/ba9eca435947489fb25117a0cd75bf3e\",\"name\":\"Johanna Islenny Prieto Pe\u00f1a\",\"image\":{\"@type\":\"ImageObject\",\"inLanguage\":\"es-CO\",\"@id\":\"https:\/\/www.fiscalia.gov.co\/colombia\/#\/schema\/person\/image\/\",\"url\":\"https:\/\/secure.gravatar.com\/avatar\/111433fc2acb037ffb768f6a3ca47864?s=96&d=mm&r=g\",\"contentUrl\":\"https:\/\/secure.gravatar.com\/avatar\/111433fc2acb037ffb768f6a3ca47864?s=96&d=mm&r=g\",\"caption\":\"Johanna Islenny Prieto Pe\u00f1a\"},\"url\":\"https:\/\/www.fiscalia.gov.co\/colombia\/author\/jprietop\/\"}]}<\/script>\n<!-- \/ Yoast SEO plugin. -->","yoast_head_json":{"title":"Fiscal\u00eda General de la Naci\u00f3n","description":"P\u00e1gina oficial de la Fiscal\u00eda General de la Naci\u00f3n \u2013 Colombia. Garantizamos el acceso efectivo a la justicia, la verdad y la reparaci\u00f3n de las v\u00edctimas de los delitos.","robots":{"index":"noindex","follow":"follow"},"og_locale":"es_ES","og_type":"article","og_title":"Fiscal\u00eda General de la Naci\u00f3n","og_description":"P\u00e1gina oficial de la Fiscal\u00eda General de la Naci\u00f3n \u2013 Colombia. Garantizamos el acceso efectivo a la justicia, la verdad y la reparaci\u00f3n de las v\u00edctimas de los delitos.","og_url":"https:\/\/www.fiscalia.gov.co\/colombia\/noticias\/golpe-a-grupo-delincuencial-los-mexicanos-que-estaria-involucrado-en-hurtos-por-mas-de-7-mil-millones-de-pesos-en-choco\/","og_site_name":"Fiscal\u00eda General de la Naci\u00f3n","article_publisher":"https:\/\/www.facebook.com\/FiscaliaCol","article_published_time":"2025-07-13T12:05:11+00:00","og_image":[{"width":1280,"height":720,"url":"https:\/\/www.fiscalia.gov.co\/colombia\/wp-content\/uploads\/WhatsApp-Image-2025-07-13-at-6.14.52-AM.jpeg","type":"image\/jpeg"}],"author":"Johanna Islenny Prieto Pe\u00f1a","twitter_card":"summary_large_image","twitter_creator":"@FiscaliaCol","twitter_site":"@FiscaliaCol","twitter_misc":{"Escrito por":"Johanna Islenny Prieto Pe\u00f1a","Tiempo de lectura":"3 minutos"},"schema":{"@context":"https:\/\/schema.org","@graph":[{"@type":"Article","@id":"https:\/\/www.fiscalia.gov.co\/colombia\/noticias\/golpe-a-grupo-delincuencial-los-mexicanos-que-estaria-involucrado-en-hurtos-por-mas-de-7-mil-millones-de-pesos-en-choco\/#article","isPartOf":{"@id":"https:\/\/www.fiscalia.gov.co\/colombia\/noticias\/golpe-a-grupo-delincuencial-los-mexicanos-que-estaria-involucrado-en-hurtos-por-mas-de-7-mil-millones-de-pesos-en-choco\/"},"author":{"name":"Johanna Islenny Prieto Pe\u00f1a","@id":"https:\/\/www.fiscalia.gov.co\/colombia\/#\/schema\/person\/ba9eca435947489fb25117a0cd75bf3e"},"headline":"Golpe a grupo delincuencial Los Mexicanos que estar\u00eda involucrado en hurtos por m\u00e1s de 7 mil millones de pesos en Choc\u00f3","datePublished":"2025-07-13T12:05:11+00:00","dateModified":"2025-07-13T12:05:11+00:00","mainEntityOfPage":{"@id":"https:\/\/www.fiscalia.gov.co\/colombia\/noticias\/golpe-a-grupo-delincuencial-los-mexicanos-que-estaria-involucrado-en-hurtos-por-mas-de-7-mil-millones-de-pesos-en-choco\/"},"wordCount":584,"publisher":{"@id":"https:\/\/www.fiscalia.gov.co\/colombia\/#organization"},"image":{"@id":"https:\/\/www.fiscalia.gov.co\/colombia\/noticias\/golpe-a-grupo-delincuencial-los-mexicanos-que-estaria-involucrado-en-hurtos-por-mas-de-7-mil-millones-de-pesos-en-choco\/#primaryimage"},"thumbnailUrl":"https:\/\/www.fiscalia.gov.co\/colombia\/wp-content\/uploads\/WhatsApp-Image-2025-07-13-at-6.14.52-AM-300x169.jpeg","keywords":["Fiscal Luz Adriana Camargo","Fiscal\u00eda","los mexicanos","Seguridad territorial"],"articleSection":["Noticias","Seccional Quibd\u00f3","Seguridad territorial"],"inLanguage":"es-CO"},{"@type":"WebPage","@id":"https:\/\/www.fiscalia.gov.co\/colombia\/noticias\/golpe-a-grupo-delincuencial-los-mexicanos-que-estaria-involucrado-en-hurtos-por-mas-de-7-mil-millones-de-pesos-en-choco\/","url":"https:\/\/www.fiscalia.gov.co\/colombia\/noticias\/golpe-a-grupo-delincuencial-los-mexicanos-que-estaria-involucrado-en-hurtos-por-mas-de-7-mil-millones-de-pesos-en-choco\/","name":"Fiscal\u00eda General de la Naci\u00f3n","isPartOf":{"@id":"https:\/\/www.fiscalia.gov.co\/colombia\/#website"},"primaryImageOfPage":{"@id":"https:\/\/www.fiscalia.gov.co\/colombia\/noticias\/golpe-a-grupo-delincuencial-los-mexicanos-que-estaria-involucrado-en-hurtos-por-mas-de-7-mil-millones-de-pesos-en-choco\/#primaryimage"},"image":{"@id":"https:\/\/www.fiscalia.gov.co\/colombia\/noticias\/golpe-a-grupo-delincuencial-los-mexicanos-que-estaria-involucrado-en-hurtos-por-mas-de-7-mil-millones-de-pesos-en-choco\/#primaryimage"},"thumbnailUrl":"https:\/\/www.fiscalia.gov.co\/colombia\/wp-content\/uploads\/WhatsApp-Image-2025-07-13-at-6.14.52-AM-300x169.jpeg","datePublished":"2025-07-13T12:05:11+00:00","dateModified":"2025-07-13T12:05:11+00:00","description":"P\u00e1gina oficial de la Fiscal\u00eda General de la Naci\u00f3n \u2013 Colombia. Garantizamos el acceso efectivo a la justicia, la verdad y la reparaci\u00f3n de las v\u00edctimas de los delitos.","breadcrumb":{"@id":"https:\/\/www.fiscalia.gov.co\/colombia\/noticias\/golpe-a-grupo-delincuencial-los-mexicanos-que-estaria-involucrado-en-hurtos-por-mas-de-7-mil-millones-de-pesos-en-choco\/#breadcrumb"},"inLanguage":"es-CO","potentialAction":[{"@type":"ReadAction","target":["https:\/\/www.fiscalia.gov.co\/colombia\/noticias\/golpe-a-grupo-delincuencial-los-mexicanos-que-estaria-involucrado-en-hurtos-por-mas-de-7-mil-millones-de-pesos-en-choco\/"]}]},{"@type":"ImageObject","inLanguage":"es-CO","@id":"https:\/\/www.fiscalia.gov.co\/colombia\/noticias\/golpe-a-grupo-delincuencial-los-mexicanos-que-estaria-involucrado-en-hurtos-por-mas-de-7-mil-millones-de-pesos-en-choco\/#primaryimage","url":"https:\/\/www.fiscalia.gov.co\/colombia\/wp-content\/uploads\/WhatsApp-Image-2025-07-13-at-6.14.52-AM.jpeg","contentUrl":"https:\/\/www.fiscalia.gov.co\/colombia\/wp-content\/uploads\/WhatsApp-Image-2025-07-13-at-6.14.52-AM.jpeg","width":1280,"height":720,"caption":"La imagen muestra una fila de personas detenidas, alineadas una al lado de la otra con la cabeza inclinada hacia abajo, aparentemente esposadas. Est\u00e1n frente a una mesa blanca cubierta con varios objetos (posiblemente evidencia), y un fondo institucional con logotipos repetidos, que parecen pertenecer a una entidad gubernamental o policial de Colombia. A los extremos de la fila hay varios agentes uniformados, algunos con chalecos reflectantes y otros con uniforme militar o policial. El lugar parece ser el exterior de una instalaci\u00f3n oficial, posiblemente una estaci\u00f3n de polic\u00eda o edificio gubernamental. Tambi\u00e9n se pueden ver los logotipos de la Fiscal\u00eda General de la Naci\u00f3n de Colombia y la Polic\u00eda Nacional en la parte superior derecha de la imagen. Preguntar a ChatGPT"},{"@type":"BreadcrumbList","@id":"https:\/\/www.fiscalia.gov.co\/colombia\/noticias\/golpe-a-grupo-delincuencial-los-mexicanos-que-estaria-involucrado-en-hurtos-por-mas-de-7-mil-millones-de-pesos-en-choco\/#breadcrumb","itemListElement":[{"@type":"ListItem","position":1,"name":"Home","item":"https:\/\/www.fiscalia.gov.co\/colombia\/"},{"@type":"ListItem","position":2,"name":"Golpe a grupo delincuencial Los Mexicanos que estar\u00eda involucrado en hurtos por m\u00e1s de 7 mil millones de pesos en Choc\u00f3"}]},{"@type":"WebSite","@id":"https:\/\/www.fiscalia.gov.co\/colombia\/#website","url":"https:\/\/www.fiscalia.gov.co\/colombia\/","name":"Fiscal\u00eda General de la Naci\u00f3n","description":"P\u00e1gina oficial de la Fiscal\u00eda General de la Naci\u00f3n \u2013 Colombia. Garantizamos el acceso efectivo a la justicia, la verdad y la reparaci\u00f3n de las v\u00edctimas de los delitos.","publisher":{"@id":"https:\/\/www.fiscalia.gov.co\/colombia\/#organization"},"potentialAction":[{"@type":"SearchAction","target":{"@type":"EntryPoint","urlTemplate":"https:\/\/www.fiscalia.gov.co\/colombia\/?s={search_term_string}"},"query-input":{"@type":"PropertyValueSpecification","valueRequired":true,"valueName":"search_term_string"}}],"inLanguage":"es-CO"},{"@type":"Organization","@id":"https:\/\/www.fiscalia.gov.co\/colombia\/#organization","name":"Fiscal\u00eda General de la Naci\u00f3n","url":"https:\/\/www.fiscalia.gov.co\/colombia\/","logo":{"@type":"ImageObject","inLanguage":"es-CO","@id":"https:\/\/www.fiscalia.gov.co\/colombia\/#\/schema\/logo\/image\/","url":"https:\/\/www.fiscalia.gov.co\/colombia\/wp-content\/uploads\/LogoHorizontal_1.jpg","contentUrl":"https:\/\/www.fiscalia.gov.co\/colombia\/wp-content\/uploads\/LogoHorizontal_1.jpg","width":300,"height":90,"caption":"Fiscal\u00eda General de la Naci\u00f3n"},"image":{"@id":"https:\/\/www.fiscalia.gov.co\/colombia\/#\/schema\/logo\/image\/"},"sameAs":["https:\/\/www.facebook.com\/FiscaliaCol","https:\/\/x.com\/FiscaliaCol","https:\/\/www.instagram.com\/fiscaliacol","https:\/\/www.linkedin.com\/company\/fiscalia-general-de-la-naci-n\/","https:\/\/youtube.com\/@fiscaliageneraldelanacion-4668?si=6nN79nyQICPU5iTh"]},{"@type":"Person","@id":"https:\/\/www.fiscalia.gov.co\/colombia\/#\/schema\/person\/ba9eca435947489fb25117a0cd75bf3e","name":"Johanna Islenny Prieto Pe\u00f1a","image":{"@type":"ImageObject","inLanguage":"es-CO","@id":"https:\/\/www.fiscalia.gov.co\/colombia\/#\/schema\/person\/image\/","url":"https:\/\/secure.gravatar.com\/avatar\/111433fc2acb037ffb768f6a3ca47864?s=96&d=mm&r=g","contentUrl":"https:\/\/secure.gravatar.com\/avatar\/111433fc2acb037ffb768f6a3ca47864?s=96&d=mm&r=g","caption":"Johanna Islenny Prieto Pe\u00f1a"},"url":"https:\/\/www.fiscalia.gov.co\/colombia\/author\/jprietop\/"}]}},"_links":{"self":[{"href":"https:\/\/www.fiscalia.gov.co\/colombia\/wp-json\/wp\/v2\/posts\/318771","targetHints":{"allow":["GET"]}}],"collection":[{"href":"https:\/\/www.fiscalia.gov.co\/colombia\/wp-json\/wp\/v2\/posts"}],"about":[{"href":"https:\/\/www.fiscalia.gov.co\/colombia\/wp-json\/wp\/v2\/types\/post"}],"author":[{"embeddable":true,"href":"https:\/\/www.fiscalia.gov.co\/colombia\/wp-json\/wp\/v2\/users\/181"}],"replies":[{"embeddable":true,"href":"https:\/\/www.fiscalia.gov.co\/colombia\/wp-json\/wp\/v2\/comments?post=318771"}],"version-history":[{"count":1,"href":"https:\/\/www.fiscalia.gov.co\/colombia\/wp-json\/wp\/v2\/posts\/318771\/revisions"}],"predecessor-version":[{"id":318773,"href":"https:\/\/www.fiscalia.gov.co\/colombia\/wp-json\/wp\/v2\/posts\/318771\/revisions\/318773"}],"wp:attachment":[{"href":"https:\/\/www.fiscalia.gov.co\/colombia\/wp-json\/wp\/v2\/media?parent=318771"}],"wp:term":[{"taxonomy":"category","embeddable":true,"href":"https:\/\/www.fiscalia.gov.co\/colombia\/wp-json\/wp\/v2\/categories?post=318771"},{"taxonomy":"post_tag","embeddable":true,"href":"https:\/\/www.fiscalia.gov.co\/colombia\/wp-json\/wp\/v2\/tags?post=318771"}],"curies":[{"name":"wp","href":"https:\/\/api.w.org\/{rel}","templated":true}]}}