{"id":318561,"date":"2025-07-09T14:37:44","date_gmt":"2025-07-09T19:37:44","guid":{"rendered":"https:\/\/www.fiscalia.gov.co\/colombia\/?p=318561"},"modified":"2025-07-09T14:37:44","modified_gmt":"2025-07-09T19:37:44","slug":"aseguradas-dos-personas-que-le-habrian-quitado-la-vida-a-dos-mujeres-en-cartagena","status":"publish","type":"post","link":"https:\/\/www.fiscalia.gov.co\/colombia\/noticias\/aseguradas-dos-personas-que-le-habrian-quitado-la-vida-a-dos-mujeres-en-cartagena\/","title":{"rendered":"Aseguradas dos personas que le habr\u00edan quitado la vida a dos mujeres en Cartagena"},"content":{"rendered":"<p data-ogsc=\"rgb(0, 0, 0)\">Fiscales de la Seccional Bol\u00edvar judicializaron a un hombre y a una mujer quienes, en hechos distintos, <strong>habr\u00edan participado en asesinatos ocurridos en Cartagena<\/strong><\/p>\n<p class=\"x_elementToProof\" data-ogsc=\"rgb(0, 0, 0)\">Se trata de Luis Mario Ram\u00edrez Padilla quien, en compa\u00f1\u00eda de otra persona, ingres\u00f3 a un supermercado del barrio Providencia donde, se cree, intimid\u00f3 a clientes y empleados, para hurtarles sus pertenencias. <strong>En total el hombre se apropi\u00f3 de 1\u2019800.000 que estaban en las cajas registradoras,<\/strong> y del celular de una de las compradoras.<\/p>\n<figure id=\"attachment_318564\" aria-describedby=\"caption-attachment-318564\" style=\"width: 696px\" class=\"wp-caption aligncenter\"><img loading=\"lazy\" decoding=\"async\" class=\"size-large wp-image-318564\" src=\"https:\/\/www.fiscalia.gov.co\/colombia\/wp-content\/uploads\/Foto-1-boletin-9-de-julio-homicidio--1024x665.jpeg\" alt=\"En la imagen est\u00e1 un hombre moreno de contextura mediana con la cabeza agachada de pelos cortos crespos, vestido con una camiseta negra en las afueras de un CAI de la Polic\u00eda Nacional. A su lado est\u00e1n dos uniformados de la Polic\u00eda custodi\u00e1ndolo.\u00a0\" width=\"696\" height=\"452\" srcset=\"https:\/\/www.fiscalia.gov.co\/colombia\/wp-content\/uploads\/Foto-1-boletin-9-de-julio-homicidio--1024x665.jpeg 1024w, https:\/\/www.fiscalia.gov.co\/colombia\/wp-content\/uploads\/Foto-1-boletin-9-de-julio-homicidio--300x195.jpeg 300w, https:\/\/www.fiscalia.gov.co\/colombia\/wp-content\/uploads\/Foto-1-boletin-9-de-julio-homicidio--768x499.jpeg 768w, https:\/\/www.fiscalia.gov.co\/colombia\/wp-content\/uploads\/Foto-1-boletin-9-de-julio-homicidio--647x420.jpeg 647w, https:\/\/www.fiscalia.gov.co\/colombia\/wp-content\/uploads\/Foto-1-boletin-9-de-julio-homicidio--696x452.jpeg 696w, https:\/\/www.fiscalia.gov.co\/colombia\/wp-content\/uploads\/Foto-1-boletin-9-de-julio-homicidio--1068x693.jpeg 1068w, https:\/\/www.fiscalia.gov.co\/colombia\/wp-content\/uploads\/Foto-1-boletin-9-de-julio-homicidio-.jpeg 1380w\" sizes=\"auto, (max-width: 696px) 100vw, 696px\" \/><figcaption id=\"caption-attachment-318564\" class=\"wp-caption-text\">Luis Mario Ram\u00edrez Padilla judicializado por la Fiscal\u00eda.<\/figcaption><\/figure>\n<p data-ogsc=\"rgb(0, 0, 0)\">Los hombres escaparon en una motocicleta y <strong>en su huida atropellaron a una mujer de 71 a\u00f1os quien falleci\u00f3 en una cl\u00ednica<\/strong>, debido a las lesiones causadas. En este incidente, Ram\u00edrez Padilla cay\u00f3 del automotor, siendo retenido por la comunidad que lo entreg\u00f3 a la Polic\u00eda Nacional.<\/p>\n<p data-ogsc=\"rgb(0, 0, 0)\">Una fiscal de la Unidad de Reacci\u00f3n Inmediata (URI) le imput\u00f3 los delitos de <a href=\"https:\/\/www.fiscalia.gov.co\/colombia\/noticias\/fiscalia-judicializa-a-persona-que-estaria-involucrada-en-el-ataque-sicarial-contra-periodista-en-san-jose-del-guaviare\/\">homicidio culposo<\/a> y hurto calificado agravado, cargos que no acept\u00f3. Por disposici\u00f3n judicial el procesado <strong>cumplir\u00e1 medida de aseguramiento en centro carcelario.<\/strong><\/p>\n<p data-ogsc=\"rgb(0, 0, 0)\">Por otro hecho fue judicializada Vanessa Patricia Segovia Batista a quien una fiscal de la Unidad de Vida consider\u00f3 como eventual responsable del <strong>delito de homicidio, cargo que no fue aceptado por la procesada.<\/strong><\/p>\n<p data-ogsc=\"rgb(0, 0, 0)\">Los hechos investigados ocurrieron el pasado 2 de julio en el barrio El Bosque. All\u00ed, Segovia Batista, de 33 a\u00f1os, habr\u00eda causado m\u00faltiples heridas con arma cortopunzante a otra mujer, durante una ri\u00f1a. <strong>La v\u00edctima muri\u00f3 cuando era trasladada a un centro asistencial.<\/strong> La procesada fue afectada con medida de aseguramiento domiciliaria.<\/p>\n<p data-ogsc=\"rgb(0, 0, 0)\">\n<p data-ogsc=\"rgb(0, 0, 0)\">\n<p data-ogsc=\"rgb(0, 0, 0)\">\n<p data-ogsc=\"rgb(0, 0, 0)\">\n<p data-ogsc=\"rgb(0, 0, 0)\">MEVA\/MAGA\/DL\/BR\/EGM\/DSB<\/p>\n<p data-ogsc=\"rgb(0, 0, 0)\">\n<p data-ogsc=\"rgb(0, 0, 0)\">\n<p data-ogsc=\"rgb(0, 0, 0)\">\n<p data-ogsc=\"rgb(0, 0, 0)\">\n<p data-ogsc=\"rgb(0, 0, 0)\">\n<p class=\"x_elementToProof\" data-ogsc=\"rgb(0, 0, 0)\"><i data-ogsc=\"\">La informaci\u00f3n contenida en este bolet\u00edn de prensa corresponde a la narraci\u00f3n de los hechos noticiosos objetivos, suministrados por los funcionarios encargados de adelantar las investigaciones penales al interior de la Fiscal\u00eda General de la Naci\u00f3n. Para el momento de la divulgaci\u00f3n de este comunicado, la situaci\u00f3n jur\u00eddica de la(s) persona(s) relacionada(s) se encuentra pendiente de resolver por la autoridad judicial competente, siempre bajo los preceptos de la presunci\u00f3n de inocencia, consagrados en el art\u00edculo 29 de la Constituci\u00f3n Pol\u00edtica y el art\u00edculo 7\u00ba de la Ley 906 de 2004.<\/i><\/p>\n<p data-ogsc=\"rgb(0, 0, 0)\">\n<p aria-hidden=\"true\" data-ogsc=\"rgb(0, 0, 0)\">\n<p data-ogsc=\"rgb(0, 0, 0)\">\n\n<div class=\"twitter-share\"><a href=\"https:\/\/twitter.com\/intent\/tweet?via=fiscaliacol\" class=\"twitter-share-button\">Tweet<\/a><\/div>\n","protected":false},"excerpt":{"rendered":"<p>Fiscales de la Seccional Bol\u00edvar judicializaron a un hombre y a una mujer quienes, en hechos distintos, habr\u00edan participado en asesinatos ocurridos en Cartagena Se trata de Luis Mario Ram\u00edrez Padilla quien, en compa\u00f1\u00eda de otra persona, ingres\u00f3 a un supermercado del barrio Providencia donde, se cree, intimid\u00f3 a clientes y empleados, para hurtarles sus [&hellip;]<\/p>\n","protected":false},"author":177,"featured_media":0,"comment_status":"closed","ping_status":"open","sticky":false,"template":"","format":"standard","meta":{"tdm_status":"","tdm_grid_status":"","footnotes":""},"categories":[1,325,303],"tags":[9712,24257,4688,9082,808,14550,23819,23998,24187,1047,23960,24277,5507,558,23970],"class_list":{"0":"post-318561","1":"post","2":"type-post","3":"status-publish","4":"format-standard","6":"category-noticias","7":"category-seccional-cartagena","8":"category-seccionales","9":"tag-accidente","10":"tag-arma-cortopunzante","11":"tag-asesinato","12":"tag-bolivar","13":"tag-capturas","14":"tag-carcel","15":"tag-cartagena","16":"tag-cartagena-bolivar","17":"tag-fiscalia-colombia","18":"tag-fiscalia-general-de-la-nacion","19":"tag-hurto","20":"tag-medida","21":"tag-mujeres","22":"tag-policia-nacional","23":"tag-victimas"},"yoast_head":"<!-- This site is optimized with the Yoast SEO plugin v24.3 - https:\/\/yoast.com\/wordpress\/plugins\/seo\/ -->\n<title>Fiscal\u00eda General de la Naci\u00f3n<\/title>\n<meta name=\"description\" content=\"P\u00e1gina oficial de la Fiscal\u00eda General de la Naci\u00f3n \u2013 Colombia. Garantizamos el acceso efectivo a la justicia, la verdad y la reparaci\u00f3n de las v\u00edctimas de los delitos.\" \/>\n<meta name=\"robots\" content=\"noindex, follow\" \/>\n<meta property=\"og:locale\" content=\"es_ES\" \/>\n<meta property=\"og:type\" content=\"article\" \/>\n<meta property=\"og:title\" content=\"Fiscal\u00eda General de la Naci\u00f3n\" \/>\n<meta property=\"og:description\" content=\"P\u00e1gina oficial de la Fiscal\u00eda General de la Naci\u00f3n \u2013 Colombia. Garantizamos el acceso efectivo a la justicia, la verdad y la reparaci\u00f3n de las v\u00edctimas de los delitos.\" \/>\n<meta property=\"og:url\" content=\"https:\/\/www.fiscalia.gov.co\/colombia\/noticias\/aseguradas-dos-personas-que-le-habrian-quitado-la-vida-a-dos-mujeres-en-cartagena\/\" \/>\n<meta property=\"og:site_name\" content=\"Fiscal\u00eda General de la Naci\u00f3n\" \/>\n<meta property=\"article:publisher\" content=\"https:\/\/www.facebook.com\/FiscaliaCol\" \/>\n<meta property=\"article:published_time\" content=\"2025-07-09T19:37:44+00:00\" \/>\n<meta property=\"og:image\" content=\"https:\/\/www.fiscalia.gov.co\/colombia\/wp-content\/uploads\/Foto-1-boletin-9-de-julio-homicidio-.jpeg\" \/>\n\t<meta property=\"og:image:width\" content=\"1380\" \/>\n\t<meta property=\"og:image:height\" content=\"896\" \/>\n\t<meta property=\"og:image:type\" content=\"image\/jpeg\" \/>\n<meta name=\"author\" content=\"Jordan Leandro Oviedo Anzola\" \/>\n<meta name=\"twitter:card\" content=\"summary_large_image\" \/>\n<meta name=\"twitter:creator\" content=\"@FiscaliaCol\" \/>\n<meta name=\"twitter:site\" content=\"@FiscaliaCol\" \/>\n<meta name=\"twitter:label1\" content=\"Escrito por\" \/>\n\t<meta name=\"twitter:data1\" content=\"Jordan Leandro Oviedo Anzola\" \/>\n\t<meta name=\"twitter:label2\" content=\"Tiempo de lectura\" \/>\n\t<meta name=\"twitter:data2\" content=\"2 minutos\" \/>\n<script type=\"application\/ld+json\" class=\"yoast-schema-graph\">{\"@context\":\"https:\/\/schema.org\",\"@graph\":[{\"@type\":\"Article\",\"@id\":\"https:\/\/www.fiscalia.gov.co\/colombia\/noticias\/aseguradas-dos-personas-que-le-habrian-quitado-la-vida-a-dos-mujeres-en-cartagena\/#article\",\"isPartOf\":{\"@id\":\"https:\/\/www.fiscalia.gov.co\/colombia\/noticias\/aseguradas-dos-personas-que-le-habrian-quitado-la-vida-a-dos-mujeres-en-cartagena\/\"},\"author\":{\"name\":\"Jordan Leandro Oviedo Anzola\",\"@id\":\"https:\/\/www.fiscalia.gov.co\/colombia\/#\/schema\/person\/bf84402cf293a5393e9c70b111020b24\"},\"headline\":\"Aseguradas dos personas que le habr\u00edan quitado la vida a dos mujeres en Cartagena\",\"datePublished\":\"2025-07-09T19:37:44+00:00\",\"dateModified\":\"2025-07-09T19:37:44+00:00\",\"mainEntityOfPage\":{\"@id\":\"https:\/\/www.fiscalia.gov.co\/colombia\/noticias\/aseguradas-dos-personas-que-le-habrian-quitado-la-vida-a-dos-mujeres-en-cartagena\/\"},\"wordCount\":398,\"publisher\":{\"@id\":\"https:\/\/www.fiscalia.gov.co\/colombia\/#organization\"},\"image\":{\"@id\":\"https:\/\/www.fiscalia.gov.co\/colombia\/noticias\/aseguradas-dos-personas-que-le-habrian-quitado-la-vida-a-dos-mujeres-en-cartagena\/#primaryimage\"},\"thumbnailUrl\":\"https:\/\/www.fiscalia.gov.co\/colombia\/wp-content\/uploads\/Foto-1-boletin-9-de-julio-homicidio--1024x665.jpeg\",\"keywords\":[\"Accidente\",\"arma cortopunzante\",\"Asesinato\",\"Bol\u00edvar\",\"Capturas\",\"C\u00e1rcel\",\"Cartagena\",\"Cartagena (Bol\u00edvar)\",\"Fiscal\u00eda Colombia\",\"Fiscal\u00eda General de la Naci\u00f3n\",\"Hurto\",\"medida\",\"Mujeres\",\"Polic\u00eda Nacional\",\"V\u00edctimas\"],\"articleSection\":[\"Noticias\",\"Seccional Cartagena\",\"Seccionales\"],\"inLanguage\":\"es-CO\"},{\"@type\":\"WebPage\",\"@id\":\"https:\/\/www.fiscalia.gov.co\/colombia\/noticias\/aseguradas-dos-personas-que-le-habrian-quitado-la-vida-a-dos-mujeres-en-cartagena\/\",\"url\":\"https:\/\/www.fiscalia.gov.co\/colombia\/noticias\/aseguradas-dos-personas-que-le-habrian-quitado-la-vida-a-dos-mujeres-en-cartagena\/\",\"name\":\"Fiscal\u00eda General de la Naci\u00f3n\",\"isPartOf\":{\"@id\":\"https:\/\/www.fiscalia.gov.co\/colombia\/#website\"},\"primaryImageOfPage\":{\"@id\":\"https:\/\/www.fiscalia.gov.co\/colombia\/noticias\/aseguradas-dos-personas-que-le-habrian-quitado-la-vida-a-dos-mujeres-en-cartagena\/#primaryimage\"},\"image\":{\"@id\":\"https:\/\/www.fiscalia.gov.co\/colombia\/noticias\/aseguradas-dos-personas-que-le-habrian-quitado-la-vida-a-dos-mujeres-en-cartagena\/#primaryimage\"},\"thumbnailUrl\":\"https:\/\/www.fiscalia.gov.co\/colombia\/wp-content\/uploads\/Foto-1-boletin-9-de-julio-homicidio--1024x665.jpeg\",\"datePublished\":\"2025-07-09T19:37:44+00:00\",\"dateModified\":\"2025-07-09T19:37:44+00:00\",\"description\":\"P\u00e1gina oficial de la Fiscal\u00eda General de la Naci\u00f3n \u2013 Colombia. Garantizamos el acceso efectivo a la justicia, la verdad y la reparaci\u00f3n de las v\u00edctimas de los delitos.\",\"breadcrumb\":{\"@id\":\"https:\/\/www.fiscalia.gov.co\/colombia\/noticias\/aseguradas-dos-personas-que-le-habrian-quitado-la-vida-a-dos-mujeres-en-cartagena\/#breadcrumb\"},\"inLanguage\":\"es-CO\",\"potentialAction\":[{\"@type\":\"ReadAction\",\"target\":[\"https:\/\/www.fiscalia.gov.co\/colombia\/noticias\/aseguradas-dos-personas-que-le-habrian-quitado-la-vida-a-dos-mujeres-en-cartagena\/\"]}]},{\"@type\":\"ImageObject\",\"inLanguage\":\"es-CO\",\"@id\":\"https:\/\/www.fiscalia.gov.co\/colombia\/noticias\/aseguradas-dos-personas-que-le-habrian-quitado-la-vida-a-dos-mujeres-en-cartagena\/#primaryimage\",\"url\":\"https:\/\/www.fiscalia.gov.co\/colombia\/wp-content\/uploads\/Foto-1-boletin-9-de-julio-homicidio-.jpeg\",\"contentUrl\":\"https:\/\/www.fiscalia.gov.co\/colombia\/wp-content\/uploads\/Foto-1-boletin-9-de-julio-homicidio-.jpeg\",\"width\":1380,\"height\":896,\"caption\":\"Luis Mario Ram\u00edrez Padilla judicializado por la Fiscal\u00eda.\u00a0\"},{\"@type\":\"BreadcrumbList\",\"@id\":\"https:\/\/www.fiscalia.gov.co\/colombia\/noticias\/aseguradas-dos-personas-que-le-habrian-quitado-la-vida-a-dos-mujeres-en-cartagena\/#breadcrumb\",\"itemListElement\":[{\"@type\":\"ListItem\",\"position\":1,\"name\":\"Home\",\"item\":\"https:\/\/www.fiscalia.gov.co\/colombia\/\"},{\"@type\":\"ListItem\",\"position\":2,\"name\":\"Aseguradas dos personas que le habr\u00edan quitado la vida a dos mujeres en Cartagena\"}]},{\"@type\":\"WebSite\",\"@id\":\"https:\/\/www.fiscalia.gov.co\/colombia\/#website\",\"url\":\"https:\/\/www.fiscalia.gov.co\/colombia\/\",\"name\":\"Fiscal\u00eda General de la Naci\u00f3n\",\"description\":\"P\u00e1gina oficial de la Fiscal\u00eda General de la Naci\u00f3n \u2013 Colombia. Garantizamos el acceso efectivo a la justicia, la verdad y la reparaci\u00f3n de las v\u00edctimas de los delitos.\",\"publisher\":{\"@id\":\"https:\/\/www.fiscalia.gov.co\/colombia\/#organization\"},\"potentialAction\":[{\"@type\":\"SearchAction\",\"target\":{\"@type\":\"EntryPoint\",\"urlTemplate\":\"https:\/\/www.fiscalia.gov.co\/colombia\/?s={search_term_string}\"},\"query-input\":{\"@type\":\"PropertyValueSpecification\",\"valueRequired\":true,\"valueName\":\"search_term_string\"}}],\"inLanguage\":\"es-CO\"},{\"@type\":\"Organization\",\"@id\":\"https:\/\/www.fiscalia.gov.co\/colombia\/#organization\",\"name\":\"Fiscal\u00eda General de la Naci\u00f3n\",\"url\":\"https:\/\/www.fiscalia.gov.co\/colombia\/\",\"logo\":{\"@type\":\"ImageObject\",\"inLanguage\":\"es-CO\",\"@id\":\"https:\/\/www.fiscalia.gov.co\/colombia\/#\/schema\/logo\/image\/\",\"url\":\"https:\/\/www.fiscalia.gov.co\/colombia\/wp-content\/uploads\/LogoHorizontal_1.jpg\",\"contentUrl\":\"https:\/\/www.fiscalia.gov.co\/colombia\/wp-content\/uploads\/LogoHorizontal_1.jpg\",\"width\":300,\"height\":90,\"caption\":\"Fiscal\u00eda General de la Naci\u00f3n\"},\"image\":{\"@id\":\"https:\/\/www.fiscalia.gov.co\/colombia\/#\/schema\/logo\/image\/\"},\"sameAs\":[\"https:\/\/www.facebook.com\/FiscaliaCol\",\"https:\/\/x.com\/FiscaliaCol\",\"https:\/\/www.instagram.com\/fiscaliacol\",\"https:\/\/www.linkedin.com\/company\/fiscalia-general-de-la-naci-n\/\",\"https:\/\/youtube.com\/@fiscaliageneraldelanacion-4668?si=6nN79nyQICPU5iTh\"]},{\"@type\":\"Person\",\"@id\":\"https:\/\/www.fiscalia.gov.co\/colombia\/#\/schema\/person\/bf84402cf293a5393e9c70b111020b24\",\"name\":\"Jordan Leandro Oviedo Anzola\",\"image\":{\"@type\":\"ImageObject\",\"inLanguage\":\"es-CO\",\"@id\":\"https:\/\/www.fiscalia.gov.co\/colombia\/#\/schema\/person\/image\/\",\"url\":\"https:\/\/secure.gravatar.com\/avatar\/dabba4346fa9b9207d96adafa8f92721?s=96&d=mm&r=g\",\"contentUrl\":\"https:\/\/secure.gravatar.com\/avatar\/dabba4346fa9b9207d96adafa8f92721?s=96&d=mm&r=g\",\"caption\":\"Jordan Leandro Oviedo Anzola\"},\"url\":\"https:\/\/www.fiscalia.gov.co\/colombia\/author\/joviedo\/\"}]}<\/script>\n<!-- \/ Yoast SEO plugin. -->","yoast_head_json":{"title":"Fiscal\u00eda General de la Naci\u00f3n","description":"P\u00e1gina oficial de la Fiscal\u00eda General de la Naci\u00f3n \u2013 Colombia. Garantizamos el acceso efectivo a la justicia, la verdad y la reparaci\u00f3n de las v\u00edctimas de los delitos.","robots":{"index":"noindex","follow":"follow"},"og_locale":"es_ES","og_type":"article","og_title":"Fiscal\u00eda General de la Naci\u00f3n","og_description":"P\u00e1gina oficial de la Fiscal\u00eda General de la Naci\u00f3n \u2013 Colombia. Garantizamos el acceso efectivo a la justicia, la verdad y la reparaci\u00f3n de las v\u00edctimas de los delitos.","og_url":"https:\/\/www.fiscalia.gov.co\/colombia\/noticias\/aseguradas-dos-personas-que-le-habrian-quitado-la-vida-a-dos-mujeres-en-cartagena\/","og_site_name":"Fiscal\u00eda General de la Naci\u00f3n","article_publisher":"https:\/\/www.facebook.com\/FiscaliaCol","article_published_time":"2025-07-09T19:37:44+00:00","og_image":[{"width":1380,"height":896,"url":"https:\/\/www.fiscalia.gov.co\/colombia\/wp-content\/uploads\/Foto-1-boletin-9-de-julio-homicidio-.jpeg","type":"image\/jpeg"}],"author":"Jordan Leandro Oviedo Anzola","twitter_card":"summary_large_image","twitter_creator":"@FiscaliaCol","twitter_site":"@FiscaliaCol","twitter_misc":{"Escrito por":"Jordan Leandro Oviedo Anzola","Tiempo de lectura":"2 minutos"},"schema":{"@context":"https:\/\/schema.org","@graph":[{"@type":"Article","@id":"https:\/\/www.fiscalia.gov.co\/colombia\/noticias\/aseguradas-dos-personas-que-le-habrian-quitado-la-vida-a-dos-mujeres-en-cartagena\/#article","isPartOf":{"@id":"https:\/\/www.fiscalia.gov.co\/colombia\/noticias\/aseguradas-dos-personas-que-le-habrian-quitado-la-vida-a-dos-mujeres-en-cartagena\/"},"author":{"name":"Jordan Leandro Oviedo Anzola","@id":"https:\/\/www.fiscalia.gov.co\/colombia\/#\/schema\/person\/bf84402cf293a5393e9c70b111020b24"},"headline":"Aseguradas dos personas que le habr\u00edan quitado la vida a dos mujeres en Cartagena","datePublished":"2025-07-09T19:37:44+00:00","dateModified":"2025-07-09T19:37:44+00:00","mainEntityOfPage":{"@id":"https:\/\/www.fiscalia.gov.co\/colombia\/noticias\/aseguradas-dos-personas-que-le-habrian-quitado-la-vida-a-dos-mujeres-en-cartagena\/"},"wordCount":398,"publisher":{"@id":"https:\/\/www.fiscalia.gov.co\/colombia\/#organization"},"image":{"@id":"https:\/\/www.fiscalia.gov.co\/colombia\/noticias\/aseguradas-dos-personas-que-le-habrian-quitado-la-vida-a-dos-mujeres-en-cartagena\/#primaryimage"},"thumbnailUrl":"https:\/\/www.fiscalia.gov.co\/colombia\/wp-content\/uploads\/Foto-1-boletin-9-de-julio-homicidio--1024x665.jpeg","keywords":["Accidente","arma cortopunzante","Asesinato","Bol\u00edvar","Capturas","C\u00e1rcel","Cartagena","Cartagena (Bol\u00edvar)","Fiscal\u00eda Colombia","Fiscal\u00eda General de la Naci\u00f3n","Hurto","medida","Mujeres","Polic\u00eda Nacional","V\u00edctimas"],"articleSection":["Noticias","Seccional Cartagena","Seccionales"],"inLanguage":"es-CO"},{"@type":"WebPage","@id":"https:\/\/www.fiscalia.gov.co\/colombia\/noticias\/aseguradas-dos-personas-que-le-habrian-quitado-la-vida-a-dos-mujeres-en-cartagena\/","url":"https:\/\/www.fiscalia.gov.co\/colombia\/noticias\/aseguradas-dos-personas-que-le-habrian-quitado-la-vida-a-dos-mujeres-en-cartagena\/","name":"Fiscal\u00eda General de la Naci\u00f3n","isPartOf":{"@id":"https:\/\/www.fiscalia.gov.co\/colombia\/#website"},"primaryImageOfPage":{"@id":"https:\/\/www.fiscalia.gov.co\/colombia\/noticias\/aseguradas-dos-personas-que-le-habrian-quitado-la-vida-a-dos-mujeres-en-cartagena\/#primaryimage"},"image":{"@id":"https:\/\/www.fiscalia.gov.co\/colombia\/noticias\/aseguradas-dos-personas-que-le-habrian-quitado-la-vida-a-dos-mujeres-en-cartagena\/#primaryimage"},"thumbnailUrl":"https:\/\/www.fiscalia.gov.co\/colombia\/wp-content\/uploads\/Foto-1-boletin-9-de-julio-homicidio--1024x665.jpeg","datePublished":"2025-07-09T19:37:44+00:00","dateModified":"2025-07-09T19:37:44+00:00","description":"P\u00e1gina oficial de la Fiscal\u00eda General de la Naci\u00f3n \u2013 Colombia. Garantizamos el acceso efectivo a la justicia, la verdad y la reparaci\u00f3n de las v\u00edctimas de los delitos.","breadcrumb":{"@id":"https:\/\/www.fiscalia.gov.co\/colombia\/noticias\/aseguradas-dos-personas-que-le-habrian-quitado-la-vida-a-dos-mujeres-en-cartagena\/#breadcrumb"},"inLanguage":"es-CO","potentialAction":[{"@type":"ReadAction","target":["https:\/\/www.fiscalia.gov.co\/colombia\/noticias\/aseguradas-dos-personas-que-le-habrian-quitado-la-vida-a-dos-mujeres-en-cartagena\/"]}]},{"@type":"ImageObject","inLanguage":"es-CO","@id":"https:\/\/www.fiscalia.gov.co\/colombia\/noticias\/aseguradas-dos-personas-que-le-habrian-quitado-la-vida-a-dos-mujeres-en-cartagena\/#primaryimage","url":"https:\/\/www.fiscalia.gov.co\/colombia\/wp-content\/uploads\/Foto-1-boletin-9-de-julio-homicidio-.jpeg","contentUrl":"https:\/\/www.fiscalia.gov.co\/colombia\/wp-content\/uploads\/Foto-1-boletin-9-de-julio-homicidio-.jpeg","width":1380,"height":896,"caption":"Luis Mario Ram\u00edrez Padilla judicializado por la Fiscal\u00eda.\u00a0"},{"@type":"BreadcrumbList","@id":"https:\/\/www.fiscalia.gov.co\/colombia\/noticias\/aseguradas-dos-personas-que-le-habrian-quitado-la-vida-a-dos-mujeres-en-cartagena\/#breadcrumb","itemListElement":[{"@type":"ListItem","position":1,"name":"Home","item":"https:\/\/www.fiscalia.gov.co\/colombia\/"},{"@type":"ListItem","position":2,"name":"Aseguradas dos personas que le habr\u00edan quitado la vida a dos mujeres en Cartagena"}]},{"@type":"WebSite","@id":"https:\/\/www.fiscalia.gov.co\/colombia\/#website","url":"https:\/\/www.fiscalia.gov.co\/colombia\/","name":"Fiscal\u00eda General de la Naci\u00f3n","description":"P\u00e1gina oficial de la Fiscal\u00eda General de la Naci\u00f3n \u2013 Colombia. Garantizamos el acceso efectivo a la justicia, la verdad y la reparaci\u00f3n de las v\u00edctimas de los delitos.","publisher":{"@id":"https:\/\/www.fiscalia.gov.co\/colombia\/#organization"},"potentialAction":[{"@type":"SearchAction","target":{"@type":"EntryPoint","urlTemplate":"https:\/\/www.fiscalia.gov.co\/colombia\/?s={search_term_string}"},"query-input":{"@type":"PropertyValueSpecification","valueRequired":true,"valueName":"search_term_string"}}],"inLanguage":"es-CO"},{"@type":"Organization","@id":"https:\/\/www.fiscalia.gov.co\/colombia\/#organization","name":"Fiscal\u00eda General de la Naci\u00f3n","url":"https:\/\/www.fiscalia.gov.co\/colombia\/","logo":{"@type":"ImageObject","inLanguage":"es-CO","@id":"https:\/\/www.fiscalia.gov.co\/colombia\/#\/schema\/logo\/image\/","url":"https:\/\/www.fiscalia.gov.co\/colombia\/wp-content\/uploads\/LogoHorizontal_1.jpg","contentUrl":"https:\/\/www.fiscalia.gov.co\/colombia\/wp-content\/uploads\/LogoHorizontal_1.jpg","width":300,"height":90,"caption":"Fiscal\u00eda General de la Naci\u00f3n"},"image":{"@id":"https:\/\/www.fiscalia.gov.co\/colombia\/#\/schema\/logo\/image\/"},"sameAs":["https:\/\/www.facebook.com\/FiscaliaCol","https:\/\/x.com\/FiscaliaCol","https:\/\/www.instagram.com\/fiscaliacol","https:\/\/www.linkedin.com\/company\/fiscalia-general-de-la-naci-n\/","https:\/\/youtube.com\/@fiscaliageneraldelanacion-4668?si=6nN79nyQICPU5iTh"]},{"@type":"Person","@id":"https:\/\/www.fiscalia.gov.co\/colombia\/#\/schema\/person\/bf84402cf293a5393e9c70b111020b24","name":"Jordan Leandro Oviedo Anzola","image":{"@type":"ImageObject","inLanguage":"es-CO","@id":"https:\/\/www.fiscalia.gov.co\/colombia\/#\/schema\/person\/image\/","url":"https:\/\/secure.gravatar.com\/avatar\/dabba4346fa9b9207d96adafa8f92721?s=96&d=mm&r=g","contentUrl":"https:\/\/secure.gravatar.com\/avatar\/dabba4346fa9b9207d96adafa8f92721?s=96&d=mm&r=g","caption":"Jordan Leandro Oviedo Anzola"},"url":"https:\/\/www.fiscalia.gov.co\/colombia\/author\/joviedo\/"}]}},"_links":{"self":[{"href":"https:\/\/www.fiscalia.gov.co\/colombia\/wp-json\/wp\/v2\/posts\/318561","targetHints":{"allow":["GET"]}}],"collection":[{"href":"https:\/\/www.fiscalia.gov.co\/colombia\/wp-json\/wp\/v2\/posts"}],"about":[{"href":"https:\/\/www.fiscalia.gov.co\/colombia\/wp-json\/wp\/v2\/types\/post"}],"author":[{"embeddable":true,"href":"https:\/\/www.fiscalia.gov.co\/colombia\/wp-json\/wp\/v2\/users\/177"}],"replies":[{"embeddable":true,"href":"https:\/\/www.fiscalia.gov.co\/colombia\/wp-json\/wp\/v2\/comments?post=318561"}],"version-history":[{"count":1,"href":"https:\/\/www.fiscalia.gov.co\/colombia\/wp-json\/wp\/v2\/posts\/318561\/revisions"}],"predecessor-version":[{"id":318565,"href":"https:\/\/www.fiscalia.gov.co\/colombia\/wp-json\/wp\/v2\/posts\/318561\/revisions\/318565"}],"wp:attachment":[{"href":"https:\/\/www.fiscalia.gov.co\/colombia\/wp-json\/wp\/v2\/media?parent=318561"}],"wp:term":[{"taxonomy":"category","embeddable":true,"href":"https:\/\/www.fiscalia.gov.co\/colombia\/wp-json\/wp\/v2\/categories?post=318561"},{"taxonomy":"post_tag","embeddable":true,"href":"https:\/\/www.fiscalia.gov.co\/colombia\/wp-json\/wp\/v2\/tags?post=318561"}],"curies":[{"name":"wp","href":"https:\/\/api.w.org\/{rel}","templated":true}]}}