{"id":318341,"date":"2025-07-07T11:18:20","date_gmt":"2025-07-07T16:18:20","guid":{"rendered":"https:\/\/www.fiscalia.gov.co\/colombia\/?p=318341"},"modified":"2025-07-07T11:18:20","modified_gmt":"2025-07-07T16:18:20","slug":"en-dosquebradas-risaralda-judicializan-a-presunto-responsable-de-abusar-sexualmente-de-un-menor-de-seis-anos","status":"publish","type":"post","link":"https:\/\/www.fiscalia.gov.co\/colombia\/noticias\/en-dosquebradas-risaralda-judicializan-a-presunto-responsable-de-abusar-sexualmente-de-un-menor-de-seis-anos\/","title":{"rendered":"En Dosquebradas (Risaralda) judicializan a presunto responsable de abusar sexualmente de un menor de seis a\u00f1os"},"content":{"rendered":"<p>Por solicitud de la Fiscal\u00eda General de la Naci\u00f3n, un juez de control de garant\u00edas impuso medida privativa de la libertad <strong>en establecimiento carcelario a un hombre,<\/strong> se\u00f1alado de abusar sexualmente de un menor de seis a\u00f1os de edad.<\/p>\n<p>Los hechos ocurrieron entre abril y mayo del presente a\u00f1o, en la vivienda de la v\u00edctima, ubicada en el barrio San Diego del municipio de Dosquebradas (Risaralda).<\/p>\n<figure id=\"attachment_318345\" aria-describedby=\"caption-attachment-318345\" style=\"width: 300px\" class=\"wp-caption alignnone\"><img loading=\"lazy\" decoding=\"async\" class=\"size-medium wp-image-318345\" src=\"https:\/\/www.fiscalia.gov.co\/colombia\/wp-content\/uploads\/ABUSO-SEXUAL-CONTRA-MENOR-DE-SEIS-ANOS-DOSQUEBRADAS-300x247.jpg\" alt=\"En la foto se observa al presunto agresor de frente y su rostro se ve difuminado por un efecto de blurr que lo cubre. A cada lado lo custodia un funcionario de la Polic\u00eda Nacional. Atr\u00e1s, un pend\u00f3n de la Polic\u00eda Nacional.\" width=\"300\" height=\"247\" srcset=\"https:\/\/www.fiscalia.gov.co\/colombia\/wp-content\/uploads\/ABUSO-SEXUAL-CONTRA-MENOR-DE-SEIS-ANOS-DOSQUEBRADAS-300x247.jpg 300w, https:\/\/www.fiscalia.gov.co\/colombia\/wp-content\/uploads\/ABUSO-SEXUAL-CONTRA-MENOR-DE-SEIS-ANOS-DOSQUEBRADAS-1024x842.jpg 1024w, https:\/\/www.fiscalia.gov.co\/colombia\/wp-content\/uploads\/ABUSO-SEXUAL-CONTRA-MENOR-DE-SEIS-ANOS-DOSQUEBRADAS-768x631.jpg 768w, https:\/\/www.fiscalia.gov.co\/colombia\/wp-content\/uploads\/ABUSO-SEXUAL-CONTRA-MENOR-DE-SEIS-ANOS-DOSQUEBRADAS-511x420.jpg 511w, https:\/\/www.fiscalia.gov.co\/colombia\/wp-content\/uploads\/ABUSO-SEXUAL-CONTRA-MENOR-DE-SEIS-ANOS-DOSQUEBRADAS-696x572.jpg 696w, https:\/\/www.fiscalia.gov.co\/colombia\/wp-content\/uploads\/ABUSO-SEXUAL-CONTRA-MENOR-DE-SEIS-ANOS-DOSQUEBRADAS.jpg 1056w\" sizes=\"auto, (max-width: 300px) 100vw, 300px\" \/><figcaption id=\"caption-attachment-318345\" class=\"wp-caption-text\">El presunto agresor sexual de un menor de seis a\u00f1os de edad fue enviado a la c\u00e1rcel<\/figcaption><\/figure>\n<p>Se presume que el investigado, de 55 a\u00f1os, familiar del expadrastro, aprovech\u00f3 los momentos en que la madre del ni\u00f1o atend\u00eda a otra de sus hijas,<strong> para llamar al infante a su habitaci\u00f3n y prestarle el celular.<\/strong> All\u00ed, al parecer, lo someti\u00f3 a vej\u00e1menes sexuales, que habr\u00edan ocurrido en, por lo menos, tres oportunidades.<\/p>\n<p><strong>Una fiscal de la Unidad Especial de Investigaci\u00f3n de Delitos contra Ni\u00f1os, Ni\u00f1as y Adolescentes (UENNA) imput\u00f3 al procesado los delitos de acto sexual abusivo con persona menor de 14 a\u00f1os<\/strong> y, acceso carnal abusivo con persona de menor de 14 a\u00f1os, ambas conductas agravadas. Cargos que no fueron aceptados por el procesado.<\/p>\n<p>Esta informaci\u00f3n se publica por razones de inter\u00e9s general.<\/p>\n<p>CLCG\/MAGA\/AMMD\/DSR<\/p>\n<p>&nbsp;<\/p>\n<p>&nbsp;<\/p>\n<p>&nbsp;<\/p>\n<p><em>La informaci\u00f3n contenida en este bolet\u00edn de prensa corresponde a la narraci\u00f3n de los hechos noticiosos objetivos, suministrados por los funcionarios encargados de adelantar las investigaciones penales al interior de la Fiscal\u00eda General de la Naci\u00f3n. Para el momento de la divulgaci\u00f3n de este comunicado, la situaci\u00f3n jur\u00eddica de la(s) persona(s) relacionada(s) se encuentra pendiente de resolver por la autoridad judicial competente, siempre bajo los preceptos de la presunci\u00f3n de inocencia, consagrados en el art\u00edculo 29 de la Constituci\u00f3n Pol\u00edtica y el art\u00edculo 7\u00ba de la Ley 906 de 2004.<\/em><\/p>\n\n<div class=\"twitter-share\"><a href=\"https:\/\/twitter.com\/intent\/tweet?via=fiscaliacol\" class=\"twitter-share-button\">Tweet<\/a><\/div>\n","protected":false},"excerpt":{"rendered":"<p>Por solicitud de la Fiscal\u00eda General de la Naci\u00f3n, un juez de control de garant\u00edas impuso medida privativa de la libertad en establecimiento carcelario a un hombre, se\u00f1alado de abusar sexualmente de un menor de seis a\u00f1os de edad. Los hechos ocurrieron entre abril y mayo del presente a\u00f1o, en la vivienda de la v\u00edctima, [&hellip;]<\/p>\n","protected":false},"author":181,"featured_media":0,"comment_status":"closed","ping_status":"open","sticky":false,"template":"","format":"standard","meta":{"_price":"","_stock":"","_tribe_ticket_header":"","_tribe_default_ticket_provider":"","_tribe_ticket_capacity":"0","_ticket_start_date":"","_ticket_end_date":"","_tribe_ticket_show_description":"","_tribe_ticket_show_not_going":false,"_tribe_ticket_use_global_stock":"","_tribe_ticket_global_stock_level":"","_global_stock_mode":"","_global_stock_cap":"","_tribe_rsvp_for_event":"","_tribe_ticket_going_count":"","_tribe_ticket_not_going_count":"","_tribe_tickets_list":"[]","_tribe_ticket_has_attendee_info_fields":false,"tdm_status":"","tdm_grid_status":"","footnotes":""},"categories":[1,24099],"tags":[],"class_list":{"0":"post-318341","1":"post","2":"type-post","3":"status-publish","4":"format-standard","6":"category-noticias","7":"category-seguridad-territorial"},"yoast_head":"<!-- This site is optimized with the Yoast SEO plugin v24.3 - https:\/\/yoast.com\/wordpress\/plugins\/seo\/ -->\n<title>Fiscal\u00eda General de la Naci\u00f3n<\/title>\n<meta name=\"description\" content=\"P\u00e1gina oficial de la Fiscal\u00eda General de la Naci\u00f3n \u2013 Colombia. Garantizamos el acceso efectivo a la justicia, la verdad y la reparaci\u00f3n de las v\u00edctimas de los delitos.\" \/>\n<meta name=\"robots\" content=\"noindex, follow\" \/>\n<meta property=\"og:locale\" content=\"es_ES\" \/>\n<meta property=\"og:type\" content=\"article\" \/>\n<meta property=\"og:title\" content=\"Fiscal\u00eda General de la Naci\u00f3n\" \/>\n<meta property=\"og:description\" content=\"P\u00e1gina oficial de la Fiscal\u00eda General de la Naci\u00f3n \u2013 Colombia. Garantizamos el acceso efectivo a la justicia, la verdad y la reparaci\u00f3n de las v\u00edctimas de los delitos.\" \/>\n<meta property=\"og:url\" content=\"https:\/\/www.fiscalia.gov.co\/colombia\/noticias\/en-dosquebradas-risaralda-judicializan-a-presunto-responsable-de-abusar-sexualmente-de-un-menor-de-seis-anos\/\" \/>\n<meta property=\"og:site_name\" content=\"Fiscal\u00eda General de la Naci\u00f3n\" \/>\n<meta property=\"article:publisher\" content=\"https:\/\/www.facebook.com\/FiscaliaCol\" \/>\n<meta property=\"article:published_time\" content=\"2025-07-07T16:18:20+00:00\" \/>\n<meta property=\"og:image\" content=\"https:\/\/www.fiscalia.gov.co\/colombia\/wp-content\/uploads\/ABUSO-SEXUAL-CONTRA-MENOR-DE-SEIS-ANOS-DOSQUEBRADAS.jpg\" \/>\n\t<meta property=\"og:image:width\" content=\"1056\" \/>\n\t<meta property=\"og:image:height\" content=\"868\" \/>\n\t<meta property=\"og:image:type\" content=\"image\/jpeg\" \/>\n<meta name=\"author\" content=\"Johanna Islenny Prieto Pe\u00f1a\" \/>\n<meta name=\"twitter:card\" content=\"summary_large_image\" \/>\n<meta name=\"twitter:creator\" content=\"@FiscaliaCol\" \/>\n<meta name=\"twitter:site\" content=\"@FiscaliaCol\" \/>\n<meta name=\"twitter:label1\" content=\"Escrito por\" \/>\n\t<meta name=\"twitter:data1\" content=\"Johanna Islenny Prieto Pe\u00f1a\" \/>\n\t<meta name=\"twitter:label2\" content=\"Tiempo de lectura\" \/>\n\t<meta name=\"twitter:data2\" content=\"2 minutos\" \/>\n<script type=\"application\/ld+json\" class=\"yoast-schema-graph\">{\"@context\":\"https:\/\/schema.org\",\"@graph\":[{\"@type\":\"Article\",\"@id\":\"https:\/\/www.fiscalia.gov.co\/colombia\/noticias\/en-dosquebradas-risaralda-judicializan-a-presunto-responsable-de-abusar-sexualmente-de-un-menor-de-seis-anos\/#article\",\"isPartOf\":{\"@id\":\"https:\/\/www.fiscalia.gov.co\/colombia\/noticias\/en-dosquebradas-risaralda-judicializan-a-presunto-responsable-de-abusar-sexualmente-de-un-menor-de-seis-anos\/\"},\"author\":{\"name\":\"Johanna Islenny Prieto Pe\u00f1a\",\"@id\":\"https:\/\/www.fiscalia.gov.co\/colombia\/#\/schema\/person\/ba9eca435947489fb25117a0cd75bf3e\"},\"headline\":\"En Dosquebradas (Risaralda) judicializan a presunto responsable de abusar sexualmente de un menor de seis a\u00f1os\",\"datePublished\":\"2025-07-07T16:18:20+00:00\",\"dateModified\":\"2025-07-07T16:18:20+00:00\",\"mainEntityOfPage\":{\"@id\":\"https:\/\/www.fiscalia.gov.co\/colombia\/noticias\/en-dosquebradas-risaralda-judicializan-a-presunto-responsable-de-abusar-sexualmente-de-un-menor-de-seis-anos\/\"},\"wordCount\":351,\"publisher\":{\"@id\":\"https:\/\/www.fiscalia.gov.co\/colombia\/#organization\"},\"image\":{\"@id\":\"https:\/\/www.fiscalia.gov.co\/colombia\/noticias\/en-dosquebradas-risaralda-judicializan-a-presunto-responsable-de-abusar-sexualmente-de-un-menor-de-seis-anos\/#primaryimage\"},\"thumbnailUrl\":\"https:\/\/www.fiscalia.gov.co\/colombia\/wp-content\/uploads\/ABUSO-SEXUAL-CONTRA-MENOR-DE-SEIS-ANOS-DOSQUEBRADAS-300x247.jpg\",\"articleSection\":[\"Noticias\",\"Seguridad territorial\"],\"inLanguage\":\"es-CO\"},{\"@type\":\"WebPage\",\"@id\":\"https:\/\/www.fiscalia.gov.co\/colombia\/noticias\/en-dosquebradas-risaralda-judicializan-a-presunto-responsable-de-abusar-sexualmente-de-un-menor-de-seis-anos\/\",\"url\":\"https:\/\/www.fiscalia.gov.co\/colombia\/noticias\/en-dosquebradas-risaralda-judicializan-a-presunto-responsable-de-abusar-sexualmente-de-un-menor-de-seis-anos\/\",\"name\":\"Fiscal\u00eda General de la Naci\u00f3n\",\"isPartOf\":{\"@id\":\"https:\/\/www.fiscalia.gov.co\/colombia\/#website\"},\"primaryImageOfPage\":{\"@id\":\"https:\/\/www.fiscalia.gov.co\/colombia\/noticias\/en-dosquebradas-risaralda-judicializan-a-presunto-responsable-de-abusar-sexualmente-de-un-menor-de-seis-anos\/#primaryimage\"},\"image\":{\"@id\":\"https:\/\/www.fiscalia.gov.co\/colombia\/noticias\/en-dosquebradas-risaralda-judicializan-a-presunto-responsable-de-abusar-sexualmente-de-un-menor-de-seis-anos\/#primaryimage\"},\"thumbnailUrl\":\"https:\/\/www.fiscalia.gov.co\/colombia\/wp-content\/uploads\/ABUSO-SEXUAL-CONTRA-MENOR-DE-SEIS-ANOS-DOSQUEBRADAS-300x247.jpg\",\"datePublished\":\"2025-07-07T16:18:20+00:00\",\"dateModified\":\"2025-07-07T16:18:20+00:00\",\"description\":\"P\u00e1gina oficial de la Fiscal\u00eda General de la Naci\u00f3n \u2013 Colombia. Garantizamos el acceso efectivo a la justicia, la verdad y la reparaci\u00f3n de las v\u00edctimas de los delitos.\",\"breadcrumb\":{\"@id\":\"https:\/\/www.fiscalia.gov.co\/colombia\/noticias\/en-dosquebradas-risaralda-judicializan-a-presunto-responsable-de-abusar-sexualmente-de-un-menor-de-seis-anos\/#breadcrumb\"},\"inLanguage\":\"es-CO\",\"potentialAction\":[{\"@type\":\"ReadAction\",\"target\":[\"https:\/\/www.fiscalia.gov.co\/colombia\/noticias\/en-dosquebradas-risaralda-judicializan-a-presunto-responsable-de-abusar-sexualmente-de-un-menor-de-seis-anos\/\"]}]},{\"@type\":\"ImageObject\",\"inLanguage\":\"es-CO\",\"@id\":\"https:\/\/www.fiscalia.gov.co\/colombia\/noticias\/en-dosquebradas-risaralda-judicializan-a-presunto-responsable-de-abusar-sexualmente-de-un-menor-de-seis-anos\/#primaryimage\",\"url\":\"https:\/\/www.fiscalia.gov.co\/colombia\/wp-content\/uploads\/ABUSO-SEXUAL-CONTRA-MENOR-DE-SEIS-ANOS-DOSQUEBRADAS.jpg\",\"contentUrl\":\"https:\/\/www.fiscalia.gov.co\/colombia\/wp-content\/uploads\/ABUSO-SEXUAL-CONTRA-MENOR-DE-SEIS-ANOS-DOSQUEBRADAS.jpg\",\"width\":1056,\"height\":868,\"caption\":\"El presunto agresor sexual de un menor de seis a\u00f1os de edad fue enviado a la c\u00e1rcel\"},{\"@type\":\"BreadcrumbList\",\"@id\":\"https:\/\/www.fiscalia.gov.co\/colombia\/noticias\/en-dosquebradas-risaralda-judicializan-a-presunto-responsable-de-abusar-sexualmente-de-un-menor-de-seis-anos\/#breadcrumb\",\"itemListElement\":[{\"@type\":\"ListItem\",\"position\":1,\"name\":\"Home\",\"item\":\"https:\/\/www.fiscalia.gov.co\/colombia\/\"},{\"@type\":\"ListItem\",\"position\":2,\"name\":\"En Dosquebradas (Risaralda) judicializan a presunto responsable de abusar sexualmente de un menor de seis a\u00f1os\"}]},{\"@type\":\"WebSite\",\"@id\":\"https:\/\/www.fiscalia.gov.co\/colombia\/#website\",\"url\":\"https:\/\/www.fiscalia.gov.co\/colombia\/\",\"name\":\"Fiscal\u00eda General de la Naci\u00f3n\",\"description\":\"P\u00e1gina oficial de la Fiscal\u00eda General de la Naci\u00f3n \u2013 Colombia. Garantizamos el acceso efectivo a la justicia, la verdad y la reparaci\u00f3n de las v\u00edctimas de los delitos.\",\"publisher\":{\"@id\":\"https:\/\/www.fiscalia.gov.co\/colombia\/#organization\"},\"potentialAction\":[{\"@type\":\"SearchAction\",\"target\":{\"@type\":\"EntryPoint\",\"urlTemplate\":\"https:\/\/www.fiscalia.gov.co\/colombia\/?s={search_term_string}\"},\"query-input\":{\"@type\":\"PropertyValueSpecification\",\"valueRequired\":true,\"valueName\":\"search_term_string\"}}],\"inLanguage\":\"es-CO\"},{\"@type\":\"Organization\",\"@id\":\"https:\/\/www.fiscalia.gov.co\/colombia\/#organization\",\"name\":\"Fiscal\u00eda General de la Naci\u00f3n\",\"url\":\"https:\/\/www.fiscalia.gov.co\/colombia\/\",\"logo\":{\"@type\":\"ImageObject\",\"inLanguage\":\"es-CO\",\"@id\":\"https:\/\/www.fiscalia.gov.co\/colombia\/#\/schema\/logo\/image\/\",\"url\":\"https:\/\/www.fiscalia.gov.co\/colombia\/wp-content\/uploads\/LogoHorizontal_1.jpg\",\"contentUrl\":\"https:\/\/www.fiscalia.gov.co\/colombia\/wp-content\/uploads\/LogoHorizontal_1.jpg\",\"width\":300,\"height\":90,\"caption\":\"Fiscal\u00eda General de la Naci\u00f3n\"},\"image\":{\"@id\":\"https:\/\/www.fiscalia.gov.co\/colombia\/#\/schema\/logo\/image\/\"},\"sameAs\":[\"https:\/\/www.facebook.com\/FiscaliaCol\",\"https:\/\/x.com\/FiscaliaCol\",\"https:\/\/www.instagram.com\/fiscaliacol\",\"https:\/\/www.linkedin.com\/company\/fiscalia-general-de-la-naci-n\/\",\"https:\/\/youtube.com\/@fiscaliageneraldelanacion-4668?si=6nN79nyQICPU5iTh\"]},{\"@type\":\"Person\",\"@id\":\"https:\/\/www.fiscalia.gov.co\/colombia\/#\/schema\/person\/ba9eca435947489fb25117a0cd75bf3e\",\"name\":\"Johanna Islenny Prieto Pe\u00f1a\",\"image\":{\"@type\":\"ImageObject\",\"inLanguage\":\"es-CO\",\"@id\":\"https:\/\/www.fiscalia.gov.co\/colombia\/#\/schema\/person\/image\/\",\"url\":\"https:\/\/secure.gravatar.com\/avatar\/111433fc2acb037ffb768f6a3ca47864?s=96&d=mm&r=g\",\"contentUrl\":\"https:\/\/secure.gravatar.com\/avatar\/111433fc2acb037ffb768f6a3ca47864?s=96&d=mm&r=g\",\"caption\":\"Johanna Islenny Prieto Pe\u00f1a\"},\"url\":\"https:\/\/www.fiscalia.gov.co\/colombia\/author\/jprietop\/\"}]}<\/script>\n<!-- \/ Yoast SEO plugin. -->","yoast_head_json":{"title":"Fiscal\u00eda General de la Naci\u00f3n","description":"P\u00e1gina oficial de la Fiscal\u00eda General de la Naci\u00f3n \u2013 Colombia. Garantizamos el acceso efectivo a la justicia, la verdad y la reparaci\u00f3n de las v\u00edctimas de los delitos.","robots":{"index":"noindex","follow":"follow"},"og_locale":"es_ES","og_type":"article","og_title":"Fiscal\u00eda General de la Naci\u00f3n","og_description":"P\u00e1gina oficial de la Fiscal\u00eda General de la Naci\u00f3n \u2013 Colombia. Garantizamos el acceso efectivo a la justicia, la verdad y la reparaci\u00f3n de las v\u00edctimas de los delitos.","og_url":"https:\/\/www.fiscalia.gov.co\/colombia\/noticias\/en-dosquebradas-risaralda-judicializan-a-presunto-responsable-de-abusar-sexualmente-de-un-menor-de-seis-anos\/","og_site_name":"Fiscal\u00eda General de la Naci\u00f3n","article_publisher":"https:\/\/www.facebook.com\/FiscaliaCol","article_published_time":"2025-07-07T16:18:20+00:00","og_image":[{"width":1056,"height":868,"url":"https:\/\/www.fiscalia.gov.co\/colombia\/wp-content\/uploads\/ABUSO-SEXUAL-CONTRA-MENOR-DE-SEIS-ANOS-DOSQUEBRADAS.jpg","type":"image\/jpeg"}],"author":"Johanna Islenny Prieto Pe\u00f1a","twitter_card":"summary_large_image","twitter_creator":"@FiscaliaCol","twitter_site":"@FiscaliaCol","twitter_misc":{"Escrito por":"Johanna Islenny Prieto Pe\u00f1a","Tiempo de lectura":"2 minutos"},"schema":{"@context":"https:\/\/schema.org","@graph":[{"@type":"Article","@id":"https:\/\/www.fiscalia.gov.co\/colombia\/noticias\/en-dosquebradas-risaralda-judicializan-a-presunto-responsable-de-abusar-sexualmente-de-un-menor-de-seis-anos\/#article","isPartOf":{"@id":"https:\/\/www.fiscalia.gov.co\/colombia\/noticias\/en-dosquebradas-risaralda-judicializan-a-presunto-responsable-de-abusar-sexualmente-de-un-menor-de-seis-anos\/"},"author":{"name":"Johanna Islenny Prieto Pe\u00f1a","@id":"https:\/\/www.fiscalia.gov.co\/colombia\/#\/schema\/person\/ba9eca435947489fb25117a0cd75bf3e"},"headline":"En Dosquebradas (Risaralda) judicializan a presunto responsable de abusar sexualmente de un menor de seis a\u00f1os","datePublished":"2025-07-07T16:18:20+00:00","dateModified":"2025-07-07T16:18:20+00:00","mainEntityOfPage":{"@id":"https:\/\/www.fiscalia.gov.co\/colombia\/noticias\/en-dosquebradas-risaralda-judicializan-a-presunto-responsable-de-abusar-sexualmente-de-un-menor-de-seis-anos\/"},"wordCount":351,"publisher":{"@id":"https:\/\/www.fiscalia.gov.co\/colombia\/#organization"},"image":{"@id":"https:\/\/www.fiscalia.gov.co\/colombia\/noticias\/en-dosquebradas-risaralda-judicializan-a-presunto-responsable-de-abusar-sexualmente-de-un-menor-de-seis-anos\/#primaryimage"},"thumbnailUrl":"https:\/\/www.fiscalia.gov.co\/colombia\/wp-content\/uploads\/ABUSO-SEXUAL-CONTRA-MENOR-DE-SEIS-ANOS-DOSQUEBRADAS-300x247.jpg","articleSection":["Noticias","Seguridad territorial"],"inLanguage":"es-CO"},{"@type":"WebPage","@id":"https:\/\/www.fiscalia.gov.co\/colombia\/noticias\/en-dosquebradas-risaralda-judicializan-a-presunto-responsable-de-abusar-sexualmente-de-un-menor-de-seis-anos\/","url":"https:\/\/www.fiscalia.gov.co\/colombia\/noticias\/en-dosquebradas-risaralda-judicializan-a-presunto-responsable-de-abusar-sexualmente-de-un-menor-de-seis-anos\/","name":"Fiscal\u00eda General de la Naci\u00f3n","isPartOf":{"@id":"https:\/\/www.fiscalia.gov.co\/colombia\/#website"},"primaryImageOfPage":{"@id":"https:\/\/www.fiscalia.gov.co\/colombia\/noticias\/en-dosquebradas-risaralda-judicializan-a-presunto-responsable-de-abusar-sexualmente-de-un-menor-de-seis-anos\/#primaryimage"},"image":{"@id":"https:\/\/www.fiscalia.gov.co\/colombia\/noticias\/en-dosquebradas-risaralda-judicializan-a-presunto-responsable-de-abusar-sexualmente-de-un-menor-de-seis-anos\/#primaryimage"},"thumbnailUrl":"https:\/\/www.fiscalia.gov.co\/colombia\/wp-content\/uploads\/ABUSO-SEXUAL-CONTRA-MENOR-DE-SEIS-ANOS-DOSQUEBRADAS-300x247.jpg","datePublished":"2025-07-07T16:18:20+00:00","dateModified":"2025-07-07T16:18:20+00:00","description":"P\u00e1gina oficial de la Fiscal\u00eda General de la Naci\u00f3n \u2013 Colombia. Garantizamos el acceso efectivo a la justicia, la verdad y la reparaci\u00f3n de las v\u00edctimas de los delitos.","breadcrumb":{"@id":"https:\/\/www.fiscalia.gov.co\/colombia\/noticias\/en-dosquebradas-risaralda-judicializan-a-presunto-responsable-de-abusar-sexualmente-de-un-menor-de-seis-anos\/#breadcrumb"},"inLanguage":"es-CO","potentialAction":[{"@type":"ReadAction","target":["https:\/\/www.fiscalia.gov.co\/colombia\/noticias\/en-dosquebradas-risaralda-judicializan-a-presunto-responsable-de-abusar-sexualmente-de-un-menor-de-seis-anos\/"]}]},{"@type":"ImageObject","inLanguage":"es-CO","@id":"https:\/\/www.fiscalia.gov.co\/colombia\/noticias\/en-dosquebradas-risaralda-judicializan-a-presunto-responsable-de-abusar-sexualmente-de-un-menor-de-seis-anos\/#primaryimage","url":"https:\/\/www.fiscalia.gov.co\/colombia\/wp-content\/uploads\/ABUSO-SEXUAL-CONTRA-MENOR-DE-SEIS-ANOS-DOSQUEBRADAS.jpg","contentUrl":"https:\/\/www.fiscalia.gov.co\/colombia\/wp-content\/uploads\/ABUSO-SEXUAL-CONTRA-MENOR-DE-SEIS-ANOS-DOSQUEBRADAS.jpg","width":1056,"height":868,"caption":"El presunto agresor sexual de un menor de seis a\u00f1os de edad fue enviado a la c\u00e1rcel"},{"@type":"BreadcrumbList","@id":"https:\/\/www.fiscalia.gov.co\/colombia\/noticias\/en-dosquebradas-risaralda-judicializan-a-presunto-responsable-de-abusar-sexualmente-de-un-menor-de-seis-anos\/#breadcrumb","itemListElement":[{"@type":"ListItem","position":1,"name":"Home","item":"https:\/\/www.fiscalia.gov.co\/colombia\/"},{"@type":"ListItem","position":2,"name":"En Dosquebradas (Risaralda) judicializan a presunto responsable de abusar sexualmente de un menor de seis a\u00f1os"}]},{"@type":"WebSite","@id":"https:\/\/www.fiscalia.gov.co\/colombia\/#website","url":"https:\/\/www.fiscalia.gov.co\/colombia\/","name":"Fiscal\u00eda General de la Naci\u00f3n","description":"P\u00e1gina oficial de la Fiscal\u00eda General de la Naci\u00f3n \u2013 Colombia. Garantizamos el acceso efectivo a la justicia, la verdad y la reparaci\u00f3n de las v\u00edctimas de los delitos.","publisher":{"@id":"https:\/\/www.fiscalia.gov.co\/colombia\/#organization"},"potentialAction":[{"@type":"SearchAction","target":{"@type":"EntryPoint","urlTemplate":"https:\/\/www.fiscalia.gov.co\/colombia\/?s={search_term_string}"},"query-input":{"@type":"PropertyValueSpecification","valueRequired":true,"valueName":"search_term_string"}}],"inLanguage":"es-CO"},{"@type":"Organization","@id":"https:\/\/www.fiscalia.gov.co\/colombia\/#organization","name":"Fiscal\u00eda General de la Naci\u00f3n","url":"https:\/\/www.fiscalia.gov.co\/colombia\/","logo":{"@type":"ImageObject","inLanguage":"es-CO","@id":"https:\/\/www.fiscalia.gov.co\/colombia\/#\/schema\/logo\/image\/","url":"https:\/\/www.fiscalia.gov.co\/colombia\/wp-content\/uploads\/LogoHorizontal_1.jpg","contentUrl":"https:\/\/www.fiscalia.gov.co\/colombia\/wp-content\/uploads\/LogoHorizontal_1.jpg","width":300,"height":90,"caption":"Fiscal\u00eda General de la Naci\u00f3n"},"image":{"@id":"https:\/\/www.fiscalia.gov.co\/colombia\/#\/schema\/logo\/image\/"},"sameAs":["https:\/\/www.facebook.com\/FiscaliaCol","https:\/\/x.com\/FiscaliaCol","https:\/\/www.instagram.com\/fiscaliacol","https:\/\/www.linkedin.com\/company\/fiscalia-general-de-la-naci-n\/","https:\/\/youtube.com\/@fiscaliageneraldelanacion-4668?si=6nN79nyQICPU5iTh"]},{"@type":"Person","@id":"https:\/\/www.fiscalia.gov.co\/colombia\/#\/schema\/person\/ba9eca435947489fb25117a0cd75bf3e","name":"Johanna Islenny Prieto Pe\u00f1a","image":{"@type":"ImageObject","inLanguage":"es-CO","@id":"https:\/\/www.fiscalia.gov.co\/colombia\/#\/schema\/person\/image\/","url":"https:\/\/secure.gravatar.com\/avatar\/111433fc2acb037ffb768f6a3ca47864?s=96&d=mm&r=g","contentUrl":"https:\/\/secure.gravatar.com\/avatar\/111433fc2acb037ffb768f6a3ca47864?s=96&d=mm&r=g","caption":"Johanna Islenny Prieto Pe\u00f1a"},"url":"https:\/\/www.fiscalia.gov.co\/colombia\/author\/jprietop\/"}]}},"_links":{"self":[{"href":"https:\/\/www.fiscalia.gov.co\/colombia\/wp-json\/wp\/v2\/posts\/318341","targetHints":{"allow":["GET"]}}],"collection":[{"href":"https:\/\/www.fiscalia.gov.co\/colombia\/wp-json\/wp\/v2\/posts"}],"about":[{"href":"https:\/\/www.fiscalia.gov.co\/colombia\/wp-json\/wp\/v2\/types\/post"}],"author":[{"embeddable":true,"href":"https:\/\/www.fiscalia.gov.co\/colombia\/wp-json\/wp\/v2\/users\/181"}],"replies":[{"embeddable":true,"href":"https:\/\/www.fiscalia.gov.co\/colombia\/wp-json\/wp\/v2\/comments?post=318341"}],"version-history":[{"count":1,"href":"https:\/\/www.fiscalia.gov.co\/colombia\/wp-json\/wp\/v2\/posts\/318341\/revisions"}],"predecessor-version":[{"id":318346,"href":"https:\/\/www.fiscalia.gov.co\/colombia\/wp-json\/wp\/v2\/posts\/318341\/revisions\/318346"}],"wp:attachment":[{"href":"https:\/\/www.fiscalia.gov.co\/colombia\/wp-json\/wp\/v2\/media?parent=318341"}],"wp:term":[{"taxonomy":"category","embeddable":true,"href":"https:\/\/www.fiscalia.gov.co\/colombia\/wp-json\/wp\/v2\/categories?post=318341"},{"taxonomy":"post_tag","embeddable":true,"href":"https:\/\/www.fiscalia.gov.co\/colombia\/wp-json\/wp\/v2\/tags?post=318341"}],"curies":[{"name":"wp","href":"https:\/\/api.w.org\/{rel}","templated":true}]}}