{"id":318319,"date":"2025-07-06T13:09:47","date_gmt":"2025-07-06T18:09:47","guid":{"rendered":"https:\/\/www.fiscalia.gov.co\/colombia\/?p=318319"},"modified":"2025-07-06T13:09:47","modified_gmt":"2025-07-06T18:09:47","slug":"presunto-responsable-de-coordinar-el-atentado-contra-miguel-uribe-turbay-debera-cumplir-medida-de-aseguramiento-en-centro-carcelario","status":"publish","type":"post","link":"https:\/\/www.fiscalia.gov.co\/colombia\/noticias\/presunto-responsable-de-coordinar-el-atentado-contra-miguel-uribe-turbay-debera-cumplir-medida-de-aseguramiento-en-centro-carcelario\/","title":{"rendered":"Presunto responsable de coordinar el atentado contra Miguel Uribe Turbay deber\u00e1 cumplir medida de aseguramiento en centro carcelario"},"content":{"rendered":"<blockquote>\n<h4 style=\"text-align: left;\"><em>El procesado habr\u00eda participado en las acciones previas y posteriores a la ejecuci\u00f3n del ataque. <\/em><\/h4>\n<\/blockquote>\n<figure id=\"attachment_318320\" aria-describedby=\"caption-attachment-318320\" style=\"width: 696px\" class=\"wp-caption aligncenter\"><img loading=\"lazy\" decoding=\"async\" class=\"wp-image-318320 size-large\" src=\"https:\/\/www.fiscalia.gov.co\/colombia\/wp-content\/uploads\/WhatsApp-Image-2025-07-06-at-11.58.26-AM-1024x576.jpeg\" alt=\"La imagen muestra a un hombre esposado en el centro, custodiado por varios polic\u00edas uniformados. El hombre, de contextura media, lleva una chaqueta acolchada de color oscuro y jeans azules. Tiene el rostro serio y mira hacia el frente. Est\u00e1 custodiado a cada lado por polic\u00edas vestidos con chaquetas amarillas fluorescentes y gorras negras con la palabra \u201cPOLIC\u00cdA\u201d en letras may\u00fasculas. Al fondo, hay una pared cubierta con un pend\u00f3n institucional repetido con el escudo de la Polic\u00eda Nacional de Colombia. En la parte superior derecha de la imagen se observan los logos de la Polic\u00eda Nacional y la Fiscal\u00eda General de la Naci\u00f3n. \" width=\"696\" height=\"392\" srcset=\"https:\/\/www.fiscalia.gov.co\/colombia\/wp-content\/uploads\/WhatsApp-Image-2025-07-06-at-11.58.26-AM-1024x576.jpeg 1024w, https:\/\/www.fiscalia.gov.co\/colombia\/wp-content\/uploads\/WhatsApp-Image-2025-07-06-at-11.58.26-AM-300x169.jpeg 300w, https:\/\/www.fiscalia.gov.co\/colombia\/wp-content\/uploads\/WhatsApp-Image-2025-07-06-at-11.58.26-AM-768x432.jpeg 768w, https:\/\/www.fiscalia.gov.co\/colombia\/wp-content\/uploads\/WhatsApp-Image-2025-07-06-at-11.58.26-AM-747x420.jpeg 747w, https:\/\/www.fiscalia.gov.co\/colombia\/wp-content\/uploads\/WhatsApp-Image-2025-07-06-at-11.58.26-AM-696x392.jpeg 696w, https:\/\/www.fiscalia.gov.co\/colombia\/wp-content\/uploads\/WhatsApp-Image-2025-07-06-at-11.58.26-AM-1068x601.jpeg 1068w, https:\/\/www.fiscalia.gov.co\/colombia\/wp-content\/uploads\/WhatsApp-Image-2025-07-06-at-11.58.26-AM.jpeg 1280w\" sizes=\"auto, (max-width: 696px) 100vw, 696px\" \/><figcaption id=\"caption-attachment-318320\" class=\"wp-caption-text\">Elder Jos\u00e9 Arteaga Hern\u00e1ndez, alias El Coste\u00f1o o Chipi, fue capturado por la Polic\u00eda Nacional y presentado ante la justicia por su presunta participaci\u00f3n en el atentado sicarial contra el senador y precandidato presidencial Miguel Uribe Turbay, ocurrido en junio de 2025 en el occidente de Bogot\u00e1.<\/figcaption><\/figure>\n<p>La <strong>Fiscal\u00eda General de la Naci\u00f3n<\/strong> present\u00f3 ante un juez de control de garant\u00edas a Elder Jos\u00e9 Arteaga Hern\u00e1ndez, alias <strong>El Coste\u00f1o o Chipi<\/strong>, por su presunta participaci\u00f3n en las acciones de coordinaci\u00f3n del atentado contra la vida del <strong>senador y precandidato presidencial Miguel Uribe Turbay<\/strong>, perpetrado el pasado 7 de junio en el <strong>barrio Modelia<\/strong> en el occidente de Bogot\u00e1.<\/p>\n<p>Los elementos <strong>materiales probatorios<\/strong> recopilados evidencian que Arteaga Hern\u00e1ndez se habr\u00eda reunido con William Fernando Gonz\u00e1lez Cruz, persona ya judicializada, para organizar las acciones previas y posteriores al ataque sicarial. Uno de los encuentros se realiz\u00f3 el 4 de junio del a\u00f1o en curso, en la <strong>localidad de Bosa. \u00a0<\/strong><\/p>\n<p>De otra parte, es el se\u00f1alado de contactar y ofrecer dinero a Katherine Andrea Mart\u00ednez, Carlos Eduardo Mora Gonz\u00e1lez, y un <strong>menor de edad,<\/strong> para que participaran en el hecho y distribuir los roles que cada una cumplir\u00eda.<\/p>\n<p>El 6 de junio, alias El Coste\u00f1o habr\u00eda realizado labores de verificaci\u00f3n del <strong>parque El Golfito<\/strong> donde el precandidato presidencial adelantar\u00eda un encuentro con la comunidad, esto con el fin de establecer rutas de escape.<\/p>\n<p>El d\u00eda del atentado en inmediaciones al sitio del evento, presuntamente se reuni\u00f3 con Mart\u00ednez Mart\u00ednez y Mora Gonz\u00e1lez en un veh\u00edculo, en donde le entreg\u00f3 al adolescente el arma de fuego con la que deb\u00eda atentar contra la vida del <strong>precandidato presidencial.<\/strong><\/p>\n<p>Posterior al ataque, Arteaga Hern\u00e1ndez y la mujer, habr\u00edan huido del lugar en un automotor que era conducido por Gonz\u00e1lez Cruz, quien los esperaba en inmediaciones del parque.<\/p>\n<p>Asimismo, al parecer se concert\u00f3 con el conductor para que vendiera su celular, con el prop\u00f3sito de intentar desviar la atenci\u00f3n de las autoridades.<\/p>\n<p>En ese sentido, una fiscal especializada lo imput\u00f3 por los delitos de homicidio en grado de tentativa, <strong>concierto para delinquir y fabricaci\u00f3n, tr\u00e1fico, porte o tenencia de armas de fuego, accesorios, partes o municiones<\/strong>, estas tres conductas agravadas; adem\u00e1s de uso de menores de edad para la comisi\u00f3n de delitos y ocultamiento, alteraci\u00f3n o destrucci\u00f3n de elemento material probatorio.<\/p>\n<p>En audiencias concentradas el procesado<strong> no acept\u00f3 los cargos<\/strong> imputados y le fue impuesta medida de aseguramiento en establecimiento carcelario.<\/p>\n<p>Las acciones investigativas desplegadas de manera articulada por <strong>la Fiscal\u00eda y la Polic\u00eda<\/strong> Nacional han permitido la judicializaci\u00f3n de cinco de los presuntos responsables que participaron en la planeaci\u00f3n y ejecuci\u00f3n, entre ellas el menor de edad infractor que habr\u00eda disparado contra la v\u00edctima.<\/p>\n<p>&nbsp;<\/p>\n<p>AMCJ\/GGR\/DJR\/DST\/<\/p>\n<p>&nbsp;<\/p>\n<p><em>La informaci\u00f3n contenida en este bolet\u00edn de prensa corresponde a la narraci\u00f3n de los hechos noticiosos objetivos, suministrados por los funcionarios encargados de adelantar las investigaciones penales al interior de la Fiscal\u00eda General de la Naci\u00f3n. Para el momento de la divulgaci\u00f3n de este comunicado, la situaci\u00f3n jur\u00eddica de la(s) persona(s) relacionada(s) se encuentra pendiente de resolver por la autoridad judicial competente, siempre bajo los preceptos de la presunci\u00f3n de inocencia, consagrados en el art\u00edculo 29 de la Constituci\u00f3n Pol\u00edtica y el art\u00edculo 7\u00ba de la Ley 906 de 2004.<\/em><\/p>\n\n<div class=\"twitter-share\"><a href=\"https:\/\/twitter.com\/intent\/tweet?via=fiscaliacol\" class=\"twitter-share-button\">Tweet<\/a><\/div>\n","protected":false},"excerpt":{"rendered":"<p>El procesado habr\u00eda participado en las acciones previas y posteriores a la ejecuci\u00f3n del ataque. La Fiscal\u00eda General de la Naci\u00f3n present\u00f3 ante un juez de control de garant\u00edas a Elder Jos\u00e9 Arteaga Hern\u00e1ndez, alias El Coste\u00f1o o Chipi, por su presunta participaci\u00f3n en las acciones de coordinaci\u00f3n del atentado contra la vida del senador [&hellip;]<\/p>\n","protected":false},"author":182,"featured_media":0,"comment_status":"closed","ping_status":"open","sticky":false,"template":"","format":"standard","meta":{"tdm_status":"","tdm_grid_status":"","footnotes":""},"categories":[1],"tags":[41971,26256,26796,41994,42001,42005,41999,42003,83,41970,42007,1047,42000,42004,42002,1185,41995,32164,41998,933,41972,42006,479,41997,41996],"class_list":{"0":"post-318319","1":"post","2":"type-post","3":"status-publish","4":"format-standard","6":"category-noticias","7":"tag-alias-chipi","8":"tag-alias-el-costeno","9":"tag-ataque-sicarial","10":"tag-atentado-contra-miguel-uribe-turbay","11":"tag-atentado-en-campana-electoral","12":"tag-atentado-junio-2025","13":"tag-atentado-politico","14":"tag-carlos-eduardo-mora-gonzalez","15":"tag-concierto-para-delinquir","16":"tag-elder-jose-arteaga-hernandez","17":"tag-escape-tras-atentado","18":"tag-fiscalia-general-de-la-nacion","19":"tag-fiscalia-y-policia-nacional","20":"tag-judicializacion-responsables","21":"tag-katherine-andrea-martinez","22":"tag-medida-de-aseguramiento","23":"tag-modelia-bogota","24":"tag-ocultamiento-de-pruebas","25":"tag-parque-el-golfito","26":"tag-porte-ilegal-de-armas","27":"tag-precandidato-presidencial","28":"tag-reunion-en-bosa","29":"tag-tentativa-de-homicidio","30":"tag-uso-de-menor-de-edad","31":"tag-william-fernando-gonzalez-cruz"},"yoast_head":"<!-- This site is optimized with the Yoast SEO plugin v24.3 - https:\/\/yoast.com\/wordpress\/plugins\/seo\/ -->\n<title>Fiscal\u00eda General de la Naci\u00f3n<\/title>\n<meta name=\"description\" content=\"P\u00e1gina oficial de la Fiscal\u00eda General de la Naci\u00f3n \u2013 Colombia. Garantizamos el acceso efectivo a la justicia, la verdad y la reparaci\u00f3n de las v\u00edctimas de los delitos.\" \/>\n<meta name=\"robots\" content=\"noindex, follow\" \/>\n<meta property=\"og:locale\" content=\"es_ES\" \/>\n<meta property=\"og:type\" content=\"article\" \/>\n<meta property=\"og:title\" content=\"Fiscal\u00eda General de la Naci\u00f3n\" \/>\n<meta property=\"og:description\" content=\"P\u00e1gina oficial de la Fiscal\u00eda General de la Naci\u00f3n \u2013 Colombia. Garantizamos el acceso efectivo a la justicia, la verdad y la reparaci\u00f3n de las v\u00edctimas de los delitos.\" \/>\n<meta property=\"og:url\" content=\"https:\/\/www.fiscalia.gov.co\/colombia\/noticias\/presunto-responsable-de-coordinar-el-atentado-contra-miguel-uribe-turbay-debera-cumplir-medida-de-aseguramiento-en-centro-carcelario\/\" \/>\n<meta property=\"og:site_name\" content=\"Fiscal\u00eda General de la Naci\u00f3n\" \/>\n<meta property=\"article:publisher\" content=\"https:\/\/www.facebook.com\/FiscaliaCol\" \/>\n<meta property=\"article:published_time\" content=\"2025-07-06T18:09:47+00:00\" \/>\n<meta property=\"og:image\" content=\"https:\/\/www.fiscalia.gov.co\/colombia\/wp-content\/uploads\/WhatsApp-Image-2025-07-06-at-11.58.26-AM.jpeg\" \/>\n\t<meta property=\"og:image:width\" content=\"1280\" \/>\n\t<meta property=\"og:image:height\" content=\"720\" \/>\n\t<meta property=\"og:image:type\" content=\"image\/jpeg\" \/>\n<meta name=\"author\" content=\"Paula Andrea Castillo Lenis\" \/>\n<meta name=\"twitter:card\" content=\"summary_large_image\" \/>\n<meta name=\"twitter:creator\" content=\"@FiscaliaCol\" \/>\n<meta name=\"twitter:site\" content=\"@FiscaliaCol\" \/>\n<meta name=\"twitter:label1\" content=\"Escrito por\" \/>\n\t<meta name=\"twitter:data1\" content=\"Paula Andrea Castillo Lenis\" \/>\n\t<meta name=\"twitter:label2\" content=\"Tiempo de lectura\" \/>\n\t<meta name=\"twitter:data2\" content=\"3 minutos\" \/>\n<script type=\"application\/ld+json\" class=\"yoast-schema-graph\">{\"@context\":\"https:\/\/schema.org\",\"@graph\":[{\"@type\":\"Article\",\"@id\":\"https:\/\/www.fiscalia.gov.co\/colombia\/noticias\/presunto-responsable-de-coordinar-el-atentado-contra-miguel-uribe-turbay-debera-cumplir-medida-de-aseguramiento-en-centro-carcelario\/#article\",\"isPartOf\":{\"@id\":\"https:\/\/www.fiscalia.gov.co\/colombia\/noticias\/presunto-responsable-de-coordinar-el-atentado-contra-miguel-uribe-turbay-debera-cumplir-medida-de-aseguramiento-en-centro-carcelario\/\"},\"author\":{\"name\":\"Paula Andrea Castillo Lenis\",\"@id\":\"https:\/\/www.fiscalia.gov.co\/colombia\/#\/schema\/person\/66c172905e0492f1de6bbe5f93c4668f\"},\"headline\":\"Presunto responsable de coordinar el atentado contra Miguel Uribe Turbay deber\u00e1 cumplir medida de aseguramiento en centro carcelario\",\"datePublished\":\"2025-07-06T18:09:47+00:00\",\"dateModified\":\"2025-07-06T18:09:47+00:00\",\"mainEntityOfPage\":{\"@id\":\"https:\/\/www.fiscalia.gov.co\/colombia\/noticias\/presunto-responsable-de-coordinar-el-atentado-contra-miguel-uribe-turbay-debera-cumplir-medida-de-aseguramiento-en-centro-carcelario\/\"},\"wordCount\":641,\"publisher\":{\"@id\":\"https:\/\/www.fiscalia.gov.co\/colombia\/#organization\"},\"image\":{\"@id\":\"https:\/\/www.fiscalia.gov.co\/colombia\/noticias\/presunto-responsable-de-coordinar-el-atentado-contra-miguel-uribe-turbay-debera-cumplir-medida-de-aseguramiento-en-centro-carcelario\/#primaryimage\"},\"thumbnailUrl\":\"https:\/\/www.fiscalia.gov.co\/colombia\/wp-content\/uploads\/WhatsApp-Image-2025-07-06-at-11.58.26-AM-1024x576.jpeg\",\"keywords\":[\"alias Chipi\",\"alias el Coste\u00f1o\",\"ataque sicarial\",\"atentado contra Miguel Uribe Turbay\",\"atentado en campa\u00f1a electoral\",\"atentado junio 2025\",\"atentado pol\u00edtico\",\"Carlos Eduardo Mora Gonz\u00e1lez\",\"Concierto para delinquir\",\"Elder Jos\u00e9 Arteaga Hern\u00e1ndez\",\"escape tras atentado\",\"Fiscal\u00eda General de la Naci\u00f3n\",\"Fiscal\u00eda y Polic\u00eda Nacional\",\"judicializaci\u00f3n responsables\",\"Katherine Andrea Mart\u00ednez\",\"Medida de aseguramiento\",\"Modelia Bogot\u00e1\",\"ocultamiento de pruebas\",\"parque El Golfito\",\"Porte ilegal de armas\",\"precandidato presidencial\",\"reuni\u00f3n en Bosa\",\"Tentativa de homicidio\",\"uso de menor de edad\",\"William Fernando Gonz\u00e1lez Cruz\"],\"articleSection\":[\"Noticias\"],\"inLanguage\":\"es-CO\"},{\"@type\":\"WebPage\",\"@id\":\"https:\/\/www.fiscalia.gov.co\/colombia\/noticias\/presunto-responsable-de-coordinar-el-atentado-contra-miguel-uribe-turbay-debera-cumplir-medida-de-aseguramiento-en-centro-carcelario\/\",\"url\":\"https:\/\/www.fiscalia.gov.co\/colombia\/noticias\/presunto-responsable-de-coordinar-el-atentado-contra-miguel-uribe-turbay-debera-cumplir-medida-de-aseguramiento-en-centro-carcelario\/\",\"name\":\"Fiscal\u00eda General de la Naci\u00f3n\",\"isPartOf\":{\"@id\":\"https:\/\/www.fiscalia.gov.co\/colombia\/#website\"},\"primaryImageOfPage\":{\"@id\":\"https:\/\/www.fiscalia.gov.co\/colombia\/noticias\/presunto-responsable-de-coordinar-el-atentado-contra-miguel-uribe-turbay-debera-cumplir-medida-de-aseguramiento-en-centro-carcelario\/#primaryimage\"},\"image\":{\"@id\":\"https:\/\/www.fiscalia.gov.co\/colombia\/noticias\/presunto-responsable-de-coordinar-el-atentado-contra-miguel-uribe-turbay-debera-cumplir-medida-de-aseguramiento-en-centro-carcelario\/#primaryimage\"},\"thumbnailUrl\":\"https:\/\/www.fiscalia.gov.co\/colombia\/wp-content\/uploads\/WhatsApp-Image-2025-07-06-at-11.58.26-AM-1024x576.jpeg\",\"datePublished\":\"2025-07-06T18:09:47+00:00\",\"dateModified\":\"2025-07-06T18:09:47+00:00\",\"description\":\"P\u00e1gina oficial de la Fiscal\u00eda General de la Naci\u00f3n \u2013 Colombia. Garantizamos el acceso efectivo a la justicia, la verdad y la reparaci\u00f3n de las v\u00edctimas de los delitos.\",\"breadcrumb\":{\"@id\":\"https:\/\/www.fiscalia.gov.co\/colombia\/noticias\/presunto-responsable-de-coordinar-el-atentado-contra-miguel-uribe-turbay-debera-cumplir-medida-de-aseguramiento-en-centro-carcelario\/#breadcrumb\"},\"inLanguage\":\"es-CO\",\"potentialAction\":[{\"@type\":\"ReadAction\",\"target\":[\"https:\/\/www.fiscalia.gov.co\/colombia\/noticias\/presunto-responsable-de-coordinar-el-atentado-contra-miguel-uribe-turbay-debera-cumplir-medida-de-aseguramiento-en-centro-carcelario\/\"]}]},{\"@type\":\"ImageObject\",\"inLanguage\":\"es-CO\",\"@id\":\"https:\/\/www.fiscalia.gov.co\/colombia\/noticias\/presunto-responsable-de-coordinar-el-atentado-contra-miguel-uribe-turbay-debera-cumplir-medida-de-aseguramiento-en-centro-carcelario\/#primaryimage\",\"url\":\"https:\/\/www.fiscalia.gov.co\/colombia\/wp-content\/uploads\/WhatsApp-Image-2025-07-06-at-11.58.26-AM.jpeg\",\"contentUrl\":\"https:\/\/www.fiscalia.gov.co\/colombia\/wp-content\/uploads\/WhatsApp-Image-2025-07-06-at-11.58.26-AM.jpeg\",\"width\":1280,\"height\":720,\"caption\":\"Elder Jos\u00e9 Arteaga Hern\u00e1ndez, alias El Coste\u00f1o o Chipi, fue capturado por la Polic\u00eda Nacional y presentado ante la justicia por su presunta participaci\u00f3n en el atentado sicarial contra el senador y precandidato presidencial Miguel Uribe Turbay, ocurrido en junio de 2025 en el occidente de Bogot\u00e1.\"},{\"@type\":\"BreadcrumbList\",\"@id\":\"https:\/\/www.fiscalia.gov.co\/colombia\/noticias\/presunto-responsable-de-coordinar-el-atentado-contra-miguel-uribe-turbay-debera-cumplir-medida-de-aseguramiento-en-centro-carcelario\/#breadcrumb\",\"itemListElement\":[{\"@type\":\"ListItem\",\"position\":1,\"name\":\"Home\",\"item\":\"https:\/\/www.fiscalia.gov.co\/colombia\/\"},{\"@type\":\"ListItem\",\"position\":2,\"name\":\"Presunto responsable de coordinar el atentado contra Miguel Uribe Turbay deber\u00e1 cumplir medida de aseguramiento en centro carcelario\"}]},{\"@type\":\"WebSite\",\"@id\":\"https:\/\/www.fiscalia.gov.co\/colombia\/#website\",\"url\":\"https:\/\/www.fiscalia.gov.co\/colombia\/\",\"name\":\"Fiscal\u00eda General de la Naci\u00f3n\",\"description\":\"P\u00e1gina oficial de la Fiscal\u00eda General de la Naci\u00f3n \u2013 Colombia. Garantizamos el acceso efectivo a la justicia, la verdad y la reparaci\u00f3n de las v\u00edctimas de los delitos.\",\"publisher\":{\"@id\":\"https:\/\/www.fiscalia.gov.co\/colombia\/#organization\"},\"potentialAction\":[{\"@type\":\"SearchAction\",\"target\":{\"@type\":\"EntryPoint\",\"urlTemplate\":\"https:\/\/www.fiscalia.gov.co\/colombia\/?s={search_term_string}\"},\"query-input\":{\"@type\":\"PropertyValueSpecification\",\"valueRequired\":true,\"valueName\":\"search_term_string\"}}],\"inLanguage\":\"es-CO\"},{\"@type\":\"Organization\",\"@id\":\"https:\/\/www.fiscalia.gov.co\/colombia\/#organization\",\"name\":\"Fiscal\u00eda General de la Naci\u00f3n\",\"url\":\"https:\/\/www.fiscalia.gov.co\/colombia\/\",\"logo\":{\"@type\":\"ImageObject\",\"inLanguage\":\"es-CO\",\"@id\":\"https:\/\/www.fiscalia.gov.co\/colombia\/#\/schema\/logo\/image\/\",\"url\":\"https:\/\/www.fiscalia.gov.co\/colombia\/wp-content\/uploads\/LogoHorizontal_1.jpg\",\"contentUrl\":\"https:\/\/www.fiscalia.gov.co\/colombia\/wp-content\/uploads\/LogoHorizontal_1.jpg\",\"width\":300,\"height\":90,\"caption\":\"Fiscal\u00eda General de la Naci\u00f3n\"},\"image\":{\"@id\":\"https:\/\/www.fiscalia.gov.co\/colombia\/#\/schema\/logo\/image\/\"},\"sameAs\":[\"https:\/\/www.facebook.com\/FiscaliaCol\",\"https:\/\/x.com\/FiscaliaCol\",\"https:\/\/www.instagram.com\/fiscaliacol\",\"https:\/\/www.linkedin.com\/company\/fiscalia-general-de-la-naci-n\/\",\"https:\/\/youtube.com\/@fiscaliageneraldelanacion-4668?si=6nN79nyQICPU5iTh\"]},{\"@type\":\"Person\",\"@id\":\"https:\/\/www.fiscalia.gov.co\/colombia\/#\/schema\/person\/66c172905e0492f1de6bbe5f93c4668f\",\"name\":\"Paula Andrea Castillo Lenis\",\"image\":{\"@type\":\"ImageObject\",\"inLanguage\":\"es-CO\",\"@id\":\"https:\/\/www.fiscalia.gov.co\/colombia\/#\/schema\/person\/image\/\",\"url\":\"https:\/\/secure.gravatar.com\/avatar\/cb060d9561f2947c4102d1825739f868?s=96&d=mm&r=g\",\"contentUrl\":\"https:\/\/secure.gravatar.com\/avatar\/cb060d9561f2947c4102d1825739f868?s=96&d=mm&r=g\",\"caption\":\"Paula Andrea Castillo Lenis\"},\"url\":\"https:\/\/www.fiscalia.gov.co\/colombia\/author\/paula-castillo\/\"}]}<\/script>\n<!-- \/ Yoast SEO plugin. -->","yoast_head_json":{"title":"Fiscal\u00eda General de la Naci\u00f3n","description":"P\u00e1gina oficial de la Fiscal\u00eda General de la Naci\u00f3n \u2013 Colombia. Garantizamos el acceso efectivo a la justicia, la verdad y la reparaci\u00f3n de las v\u00edctimas de los delitos.","robots":{"index":"noindex","follow":"follow"},"og_locale":"es_ES","og_type":"article","og_title":"Fiscal\u00eda General de la Naci\u00f3n","og_description":"P\u00e1gina oficial de la Fiscal\u00eda General de la Naci\u00f3n \u2013 Colombia. Garantizamos el acceso efectivo a la justicia, la verdad y la reparaci\u00f3n de las v\u00edctimas de los delitos.","og_url":"https:\/\/www.fiscalia.gov.co\/colombia\/noticias\/presunto-responsable-de-coordinar-el-atentado-contra-miguel-uribe-turbay-debera-cumplir-medida-de-aseguramiento-en-centro-carcelario\/","og_site_name":"Fiscal\u00eda General de la Naci\u00f3n","article_publisher":"https:\/\/www.facebook.com\/FiscaliaCol","article_published_time":"2025-07-06T18:09:47+00:00","og_image":[{"width":1280,"height":720,"url":"https:\/\/www.fiscalia.gov.co\/colombia\/wp-content\/uploads\/WhatsApp-Image-2025-07-06-at-11.58.26-AM.jpeg","type":"image\/jpeg"}],"author":"Paula Andrea Castillo Lenis","twitter_card":"summary_large_image","twitter_creator":"@FiscaliaCol","twitter_site":"@FiscaliaCol","twitter_misc":{"Escrito por":"Paula Andrea Castillo Lenis","Tiempo de lectura":"3 minutos"},"schema":{"@context":"https:\/\/schema.org","@graph":[{"@type":"Article","@id":"https:\/\/www.fiscalia.gov.co\/colombia\/noticias\/presunto-responsable-de-coordinar-el-atentado-contra-miguel-uribe-turbay-debera-cumplir-medida-de-aseguramiento-en-centro-carcelario\/#article","isPartOf":{"@id":"https:\/\/www.fiscalia.gov.co\/colombia\/noticias\/presunto-responsable-de-coordinar-el-atentado-contra-miguel-uribe-turbay-debera-cumplir-medida-de-aseguramiento-en-centro-carcelario\/"},"author":{"name":"Paula Andrea Castillo Lenis","@id":"https:\/\/www.fiscalia.gov.co\/colombia\/#\/schema\/person\/66c172905e0492f1de6bbe5f93c4668f"},"headline":"Presunto responsable de coordinar el atentado contra Miguel Uribe Turbay deber\u00e1 cumplir medida de aseguramiento en centro carcelario","datePublished":"2025-07-06T18:09:47+00:00","dateModified":"2025-07-06T18:09:47+00:00","mainEntityOfPage":{"@id":"https:\/\/www.fiscalia.gov.co\/colombia\/noticias\/presunto-responsable-de-coordinar-el-atentado-contra-miguel-uribe-turbay-debera-cumplir-medida-de-aseguramiento-en-centro-carcelario\/"},"wordCount":641,"publisher":{"@id":"https:\/\/www.fiscalia.gov.co\/colombia\/#organization"},"image":{"@id":"https:\/\/www.fiscalia.gov.co\/colombia\/noticias\/presunto-responsable-de-coordinar-el-atentado-contra-miguel-uribe-turbay-debera-cumplir-medida-de-aseguramiento-en-centro-carcelario\/#primaryimage"},"thumbnailUrl":"https:\/\/www.fiscalia.gov.co\/colombia\/wp-content\/uploads\/WhatsApp-Image-2025-07-06-at-11.58.26-AM-1024x576.jpeg","keywords":["alias Chipi","alias el Coste\u00f1o","ataque sicarial","atentado contra Miguel Uribe Turbay","atentado en campa\u00f1a electoral","atentado junio 2025","atentado pol\u00edtico","Carlos Eduardo Mora Gonz\u00e1lez","Concierto para delinquir","Elder Jos\u00e9 Arteaga Hern\u00e1ndez","escape tras atentado","Fiscal\u00eda General de la Naci\u00f3n","Fiscal\u00eda y Polic\u00eda Nacional","judicializaci\u00f3n responsables","Katherine Andrea Mart\u00ednez","Medida de aseguramiento","Modelia Bogot\u00e1","ocultamiento de pruebas","parque El Golfito","Porte ilegal de armas","precandidato presidencial","reuni\u00f3n en Bosa","Tentativa de homicidio","uso de menor de edad","William Fernando Gonz\u00e1lez Cruz"],"articleSection":["Noticias"],"inLanguage":"es-CO"},{"@type":"WebPage","@id":"https:\/\/www.fiscalia.gov.co\/colombia\/noticias\/presunto-responsable-de-coordinar-el-atentado-contra-miguel-uribe-turbay-debera-cumplir-medida-de-aseguramiento-en-centro-carcelario\/","url":"https:\/\/www.fiscalia.gov.co\/colombia\/noticias\/presunto-responsable-de-coordinar-el-atentado-contra-miguel-uribe-turbay-debera-cumplir-medida-de-aseguramiento-en-centro-carcelario\/","name":"Fiscal\u00eda General de la Naci\u00f3n","isPartOf":{"@id":"https:\/\/www.fiscalia.gov.co\/colombia\/#website"},"primaryImageOfPage":{"@id":"https:\/\/www.fiscalia.gov.co\/colombia\/noticias\/presunto-responsable-de-coordinar-el-atentado-contra-miguel-uribe-turbay-debera-cumplir-medida-de-aseguramiento-en-centro-carcelario\/#primaryimage"},"image":{"@id":"https:\/\/www.fiscalia.gov.co\/colombia\/noticias\/presunto-responsable-de-coordinar-el-atentado-contra-miguel-uribe-turbay-debera-cumplir-medida-de-aseguramiento-en-centro-carcelario\/#primaryimage"},"thumbnailUrl":"https:\/\/www.fiscalia.gov.co\/colombia\/wp-content\/uploads\/WhatsApp-Image-2025-07-06-at-11.58.26-AM-1024x576.jpeg","datePublished":"2025-07-06T18:09:47+00:00","dateModified":"2025-07-06T18:09:47+00:00","description":"P\u00e1gina oficial de la Fiscal\u00eda General de la Naci\u00f3n \u2013 Colombia. Garantizamos el acceso efectivo a la justicia, la verdad y la reparaci\u00f3n de las v\u00edctimas de los delitos.","breadcrumb":{"@id":"https:\/\/www.fiscalia.gov.co\/colombia\/noticias\/presunto-responsable-de-coordinar-el-atentado-contra-miguel-uribe-turbay-debera-cumplir-medida-de-aseguramiento-en-centro-carcelario\/#breadcrumb"},"inLanguage":"es-CO","potentialAction":[{"@type":"ReadAction","target":["https:\/\/www.fiscalia.gov.co\/colombia\/noticias\/presunto-responsable-de-coordinar-el-atentado-contra-miguel-uribe-turbay-debera-cumplir-medida-de-aseguramiento-en-centro-carcelario\/"]}]},{"@type":"ImageObject","inLanguage":"es-CO","@id":"https:\/\/www.fiscalia.gov.co\/colombia\/noticias\/presunto-responsable-de-coordinar-el-atentado-contra-miguel-uribe-turbay-debera-cumplir-medida-de-aseguramiento-en-centro-carcelario\/#primaryimage","url":"https:\/\/www.fiscalia.gov.co\/colombia\/wp-content\/uploads\/WhatsApp-Image-2025-07-06-at-11.58.26-AM.jpeg","contentUrl":"https:\/\/www.fiscalia.gov.co\/colombia\/wp-content\/uploads\/WhatsApp-Image-2025-07-06-at-11.58.26-AM.jpeg","width":1280,"height":720,"caption":"Elder Jos\u00e9 Arteaga Hern\u00e1ndez, alias El Coste\u00f1o o Chipi, fue capturado por la Polic\u00eda Nacional y presentado ante la justicia por su presunta participaci\u00f3n en el atentado sicarial contra el senador y precandidato presidencial Miguel Uribe Turbay, ocurrido en junio de 2025 en el occidente de Bogot\u00e1."},{"@type":"BreadcrumbList","@id":"https:\/\/www.fiscalia.gov.co\/colombia\/noticias\/presunto-responsable-de-coordinar-el-atentado-contra-miguel-uribe-turbay-debera-cumplir-medida-de-aseguramiento-en-centro-carcelario\/#breadcrumb","itemListElement":[{"@type":"ListItem","position":1,"name":"Home","item":"https:\/\/www.fiscalia.gov.co\/colombia\/"},{"@type":"ListItem","position":2,"name":"Presunto responsable de coordinar el atentado contra Miguel Uribe Turbay deber\u00e1 cumplir medida de aseguramiento en centro carcelario"}]},{"@type":"WebSite","@id":"https:\/\/www.fiscalia.gov.co\/colombia\/#website","url":"https:\/\/www.fiscalia.gov.co\/colombia\/","name":"Fiscal\u00eda General de la Naci\u00f3n","description":"P\u00e1gina oficial de la Fiscal\u00eda General de la Naci\u00f3n \u2013 Colombia. Garantizamos el acceso efectivo a la justicia, la verdad y la reparaci\u00f3n de las v\u00edctimas de los delitos.","publisher":{"@id":"https:\/\/www.fiscalia.gov.co\/colombia\/#organization"},"potentialAction":[{"@type":"SearchAction","target":{"@type":"EntryPoint","urlTemplate":"https:\/\/www.fiscalia.gov.co\/colombia\/?s={search_term_string}"},"query-input":{"@type":"PropertyValueSpecification","valueRequired":true,"valueName":"search_term_string"}}],"inLanguage":"es-CO"},{"@type":"Organization","@id":"https:\/\/www.fiscalia.gov.co\/colombia\/#organization","name":"Fiscal\u00eda General de la Naci\u00f3n","url":"https:\/\/www.fiscalia.gov.co\/colombia\/","logo":{"@type":"ImageObject","inLanguage":"es-CO","@id":"https:\/\/www.fiscalia.gov.co\/colombia\/#\/schema\/logo\/image\/","url":"https:\/\/www.fiscalia.gov.co\/colombia\/wp-content\/uploads\/LogoHorizontal_1.jpg","contentUrl":"https:\/\/www.fiscalia.gov.co\/colombia\/wp-content\/uploads\/LogoHorizontal_1.jpg","width":300,"height":90,"caption":"Fiscal\u00eda General de la Naci\u00f3n"},"image":{"@id":"https:\/\/www.fiscalia.gov.co\/colombia\/#\/schema\/logo\/image\/"},"sameAs":["https:\/\/www.facebook.com\/FiscaliaCol","https:\/\/x.com\/FiscaliaCol","https:\/\/www.instagram.com\/fiscaliacol","https:\/\/www.linkedin.com\/company\/fiscalia-general-de-la-naci-n\/","https:\/\/youtube.com\/@fiscaliageneraldelanacion-4668?si=6nN79nyQICPU5iTh"]},{"@type":"Person","@id":"https:\/\/www.fiscalia.gov.co\/colombia\/#\/schema\/person\/66c172905e0492f1de6bbe5f93c4668f","name":"Paula Andrea Castillo Lenis","image":{"@type":"ImageObject","inLanguage":"es-CO","@id":"https:\/\/www.fiscalia.gov.co\/colombia\/#\/schema\/person\/image\/","url":"https:\/\/secure.gravatar.com\/avatar\/cb060d9561f2947c4102d1825739f868?s=96&d=mm&r=g","contentUrl":"https:\/\/secure.gravatar.com\/avatar\/cb060d9561f2947c4102d1825739f868?s=96&d=mm&r=g","caption":"Paula Andrea Castillo Lenis"},"url":"https:\/\/www.fiscalia.gov.co\/colombia\/author\/paula-castillo\/"}]}},"_links":{"self":[{"href":"https:\/\/www.fiscalia.gov.co\/colombia\/wp-json\/wp\/v2\/posts\/318319","targetHints":{"allow":["GET"]}}],"collection":[{"href":"https:\/\/www.fiscalia.gov.co\/colombia\/wp-json\/wp\/v2\/posts"}],"about":[{"href":"https:\/\/www.fiscalia.gov.co\/colombia\/wp-json\/wp\/v2\/types\/post"}],"author":[{"embeddable":true,"href":"https:\/\/www.fiscalia.gov.co\/colombia\/wp-json\/wp\/v2\/users\/182"}],"replies":[{"embeddable":true,"href":"https:\/\/www.fiscalia.gov.co\/colombia\/wp-json\/wp\/v2\/comments?post=318319"}],"version-history":[{"count":1,"href":"https:\/\/www.fiscalia.gov.co\/colombia\/wp-json\/wp\/v2\/posts\/318319\/revisions"}],"predecessor-version":[{"id":318321,"href":"https:\/\/www.fiscalia.gov.co\/colombia\/wp-json\/wp\/v2\/posts\/318319\/revisions\/318321"}],"wp:attachment":[{"href":"https:\/\/www.fiscalia.gov.co\/colombia\/wp-json\/wp\/v2\/media?parent=318319"}],"wp:term":[{"taxonomy":"category","embeddable":true,"href":"https:\/\/www.fiscalia.gov.co\/colombia\/wp-json\/wp\/v2\/categories?post=318319"},{"taxonomy":"post_tag","embeddable":true,"href":"https:\/\/www.fiscalia.gov.co\/colombia\/wp-json\/wp\/v2\/tags?post=318319"}],"curies":[{"name":"wp","href":"https:\/\/api.w.org\/{rel}","templated":true}]}}