{"id":318275,"date":"2025-07-04T15:58:44","date_gmt":"2025-07-04T20:58:44","guid":{"rendered":"https:\/\/www.fiscalia.gov.co\/colombia\/?p=318275"},"modified":"2025-07-04T15:58:44","modified_gmt":"2025-07-04T20:58:44","slug":"en-maria-la-baja-bolivar-un-hombre-fue-enviado-a-la-carcel-por-abusar-sexualmente-de-una-adulta-mayor","status":"publish","type":"post","link":"https:\/\/www.fiscalia.gov.co\/colombia\/noticias\/en-maria-la-baja-bolivar-un-hombre-fue-enviado-a-la-carcel-por-abusar-sexualmente-de-una-adulta-mayor\/","title":{"rendered":"En Mar\u00eda La Baja (Bol\u00edvar), un hombre fue enviado a la c\u00e1rcel por abusar sexualmente de una adulta mayor"},"content":{"rendered":"<p>La Fiscal\u00eda General de la Naci\u00f3n present\u00f3 ante un juez de control de garant\u00edas de Cartagena (Bol\u00edvar) a un hombre de 43 a\u00f1os <strong>quien habr\u00eda abusado sexualmente de una mujer de 74.<\/strong><\/p>\n<p>Los hechos ocurrieron el 15 de diciembre de 2024 en el corregimiento de San Pablo, jurisdicci\u00f3n del municipio de Mar\u00eda La Baja (Bol\u00edvar). Al parecer, el d\u00eda en que se incurri\u00f3 en el delito, el procesado ingres\u00f3 de manera abusiva a la casa de su vecina y luego de arrojarla al piso, y <strong>someterla por la fuerza, la abus\u00f3 sexualmente.<\/strong><\/p>\n<p>El se\u00f1alado agresor fue capturado por la Polic\u00eda Nacional, el pasado 21 de junio en Bucaramanga (Santander), en cumplimiento de una orden judicial.<\/p>\n<p>En las audiencias concentradas el ahora investigado neg\u00f3 su responsabilidad en cuanto a los cargos que por <strong>acceso carnal violento agravado<\/strong> le impuso un fiscal seccional. Por disposici\u00f3n judicial su reclusi\u00f3n se llevar\u00e1 a cabo en centro carcelario de Cartagena (Bol\u00edvar).<\/p>\n<p>&nbsp;<\/p>\n<p>&nbsp;<\/p>\n<p>&nbsp;<\/p>\n<p>MEVA\/MAGA\/JMR\/EGM\/DSB<\/p>\n<p>&nbsp;<\/p>\n<p>&nbsp;<\/p>\n<p><em>La informaci\u00f3n contenida en este bolet\u00edn de prensa corresponde a la narraci\u00f3n de los hechos noticiosos objetivos, suministrados por los funcionarios encargados de adelantar las investigaciones penales al interior de la Fiscal\u00eda General de la Naci\u00f3n. Para el momento de la divulgaci\u00f3n de este comunicado, la situaci\u00f3n jur\u00eddica de la(s) persona(s) relacionada(s) se encuentra pendiente de resolver por la autoridad judicial competente, siempre bajo los preceptos de la presunci\u00f3n de inocencia, consagrados en el art\u00edculo 29 de la Constituci\u00f3n Pol\u00edtica y el art\u00edculo 7\u00ba de la Ley 906 de 2004.<\/em><\/p>\n\n<div class=\"twitter-share\"><a href=\"https:\/\/twitter.com\/intent\/tweet?via=fiscaliacol\" class=\"twitter-share-button\">Tweet<\/a><\/div>\n","protected":false},"excerpt":{"rendered":"<p>La Fiscal\u00eda General de la Naci\u00f3n present\u00f3 ante un juez de control de garant\u00edas de Cartagena (Bol\u00edvar) a un hombre de 43 a\u00f1os quien habr\u00eda abusado sexualmente de una mujer de 74. Los hechos ocurrieron el 15 de diciembre de 2024 en el corregimiento de San Pablo, jurisdicci\u00f3n del municipio de Mar\u00eda La Baja (Bol\u00edvar). [&hellip;]<\/p>\n","protected":false},"author":177,"featured_media":0,"comment_status":"closed","ping_status":"open","sticky":false,"template":"","format":"standard","meta":{"tdm_status":"","tdm_grid_status":"","footnotes":""},"categories":[1,325,303],"tags":[801,23966,24221,9082,924,14550,23998,24187,1047,31608,24277,558,20085,17445],"class_list":{"0":"post-318275","1":"post","2":"type-post","3":"status-publish","4":"format-standard","6":"category-noticias","7":"category-seccional-cartagena","8":"category-seccionales","9":"tag-abuso-sexual","10":"tag-acceso-carnal-violento","11":"tag-adulto-mayor","12":"tag-bolivar","13":"tag-captura","14":"tag-carcel","15":"tag-cartagena-bolivar","16":"tag-fiscalia-colombia","17":"tag-fiscalia-general-de-la-nacion","18":"tag-maria-la-baja","19":"tag-medida","20":"tag-policia-nacional","21":"tag-vecino","22":"tag-victima"},"yoast_head":"<!-- This site is optimized with the Yoast SEO plugin v24.3 - https:\/\/yoast.com\/wordpress\/plugins\/seo\/ -->\n<title>Fiscal\u00eda General de la Naci\u00f3n<\/title>\n<meta name=\"description\" content=\"P\u00e1gina oficial de la Fiscal\u00eda General de la Naci\u00f3n \u2013 Colombia. Garantizamos el acceso efectivo a la justicia, la verdad y la reparaci\u00f3n de las v\u00edctimas de los delitos.\" \/>\n<meta name=\"robots\" content=\"noindex, follow\" \/>\n<meta property=\"og:locale\" content=\"es_ES\" \/>\n<meta property=\"og:type\" content=\"article\" \/>\n<meta property=\"og:title\" content=\"Fiscal\u00eda General de la Naci\u00f3n\" \/>\n<meta property=\"og:description\" content=\"P\u00e1gina oficial de la Fiscal\u00eda General de la Naci\u00f3n \u2013 Colombia. Garantizamos el acceso efectivo a la justicia, la verdad y la reparaci\u00f3n de las v\u00edctimas de los delitos.\" \/>\n<meta property=\"og:url\" content=\"https:\/\/www.fiscalia.gov.co\/colombia\/noticias\/en-maria-la-baja-bolivar-un-hombre-fue-enviado-a-la-carcel-por-abusar-sexualmente-de-una-adulta-mayor\/\" \/>\n<meta property=\"og:site_name\" content=\"Fiscal\u00eda General de la Naci\u00f3n\" \/>\n<meta property=\"article:publisher\" content=\"https:\/\/www.facebook.com\/FiscaliaCol\" \/>\n<meta property=\"article:published_time\" content=\"2025-07-04T20:58:44+00:00\" \/>\n<meta name=\"author\" content=\"Jordan Leandro Oviedo Anzola\" \/>\n<meta name=\"twitter:card\" content=\"summary_large_image\" \/>\n<meta name=\"twitter:creator\" content=\"@FiscaliaCol\" \/>\n<meta name=\"twitter:site\" content=\"@FiscaliaCol\" \/>\n<meta name=\"twitter:label1\" content=\"Escrito por\" \/>\n\t<meta name=\"twitter:data1\" content=\"Jordan Leandro Oviedo Anzola\" \/>\n\t<meta name=\"twitter:label2\" content=\"Tiempo de lectura\" \/>\n\t<meta name=\"twitter:data2\" content=\"2 minutos\" \/>\n<script type=\"application\/ld+json\" class=\"yoast-schema-graph\">{\"@context\":\"https:\/\/schema.org\",\"@graph\":[{\"@type\":\"Article\",\"@id\":\"https:\/\/www.fiscalia.gov.co\/colombia\/noticias\/en-maria-la-baja-bolivar-un-hombre-fue-enviado-a-la-carcel-por-abusar-sexualmente-de-una-adulta-mayor\/#article\",\"isPartOf\":{\"@id\":\"https:\/\/www.fiscalia.gov.co\/colombia\/noticias\/en-maria-la-baja-bolivar-un-hombre-fue-enviado-a-la-carcel-por-abusar-sexualmente-de-una-adulta-mayor\/\"},\"author\":{\"name\":\"Jordan Leandro Oviedo Anzola\",\"@id\":\"https:\/\/www.fiscalia.gov.co\/colombia\/#\/schema\/person\/bf84402cf293a5393e9c70b111020b24\"},\"headline\":\"En Mar\u00eda La Baja (Bol\u00edvar), un hombre fue enviado a la c\u00e1rcel por abusar sexualmente de una adulta mayor\",\"datePublished\":\"2025-07-04T20:58:44+00:00\",\"dateModified\":\"2025-07-04T20:58:44+00:00\",\"mainEntityOfPage\":{\"@id\":\"https:\/\/www.fiscalia.gov.co\/colombia\/noticias\/en-maria-la-baja-bolivar-un-hombre-fue-enviado-a-la-carcel-por-abusar-sexualmente-de-una-adulta-mayor\/\"},\"wordCount\":300,\"publisher\":{\"@id\":\"https:\/\/www.fiscalia.gov.co\/colombia\/#organization\"},\"keywords\":[\"Abuso sexual\",\"Acceso carnal violento\",\"Adulto Mayor\",\"Bol\u00edvar\",\"Captura\",\"C\u00e1rcel\",\"Cartagena (Bol\u00edvar)\",\"Fiscal\u00eda Colombia\",\"Fiscal\u00eda General de la Naci\u00f3n\",\"Mar\u00eda La Baja\",\"medida\",\"Polic\u00eda Nacional\",\"Vecino\",\"V\u00edctima\"],\"articleSection\":[\"Noticias\",\"Seccional Cartagena\",\"Seccionales\"],\"inLanguage\":\"es-CO\"},{\"@type\":\"WebPage\",\"@id\":\"https:\/\/www.fiscalia.gov.co\/colombia\/noticias\/en-maria-la-baja-bolivar-un-hombre-fue-enviado-a-la-carcel-por-abusar-sexualmente-de-una-adulta-mayor\/\",\"url\":\"https:\/\/www.fiscalia.gov.co\/colombia\/noticias\/en-maria-la-baja-bolivar-un-hombre-fue-enviado-a-la-carcel-por-abusar-sexualmente-de-una-adulta-mayor\/\",\"name\":\"Fiscal\u00eda General de la Naci\u00f3n\",\"isPartOf\":{\"@id\":\"https:\/\/www.fiscalia.gov.co\/colombia\/#website\"},\"datePublished\":\"2025-07-04T20:58:44+00:00\",\"dateModified\":\"2025-07-04T20:58:44+00:00\",\"description\":\"P\u00e1gina oficial de la Fiscal\u00eda General de la Naci\u00f3n \u2013 Colombia. Garantizamos el acceso efectivo a la justicia, la verdad y la reparaci\u00f3n de las v\u00edctimas de los delitos.\",\"breadcrumb\":{\"@id\":\"https:\/\/www.fiscalia.gov.co\/colombia\/noticias\/en-maria-la-baja-bolivar-un-hombre-fue-enviado-a-la-carcel-por-abusar-sexualmente-de-una-adulta-mayor\/#breadcrumb\"},\"inLanguage\":\"es-CO\",\"potentialAction\":[{\"@type\":\"ReadAction\",\"target\":[\"https:\/\/www.fiscalia.gov.co\/colombia\/noticias\/en-maria-la-baja-bolivar-un-hombre-fue-enviado-a-la-carcel-por-abusar-sexualmente-de-una-adulta-mayor\/\"]}]},{\"@type\":\"BreadcrumbList\",\"@id\":\"https:\/\/www.fiscalia.gov.co\/colombia\/noticias\/en-maria-la-baja-bolivar-un-hombre-fue-enviado-a-la-carcel-por-abusar-sexualmente-de-una-adulta-mayor\/#breadcrumb\",\"itemListElement\":[{\"@type\":\"ListItem\",\"position\":1,\"name\":\"Home\",\"item\":\"https:\/\/www.fiscalia.gov.co\/colombia\/\"},{\"@type\":\"ListItem\",\"position\":2,\"name\":\"En Mar\u00eda La Baja (Bol\u00edvar), un hombre fue enviado a la c\u00e1rcel por abusar sexualmente de una adulta mayor\"}]},{\"@type\":\"WebSite\",\"@id\":\"https:\/\/www.fiscalia.gov.co\/colombia\/#website\",\"url\":\"https:\/\/www.fiscalia.gov.co\/colombia\/\",\"name\":\"Fiscal\u00eda General de la Naci\u00f3n\",\"description\":\"P\u00e1gina oficial de la Fiscal\u00eda General de la Naci\u00f3n \u2013 Colombia. Garantizamos el acceso efectivo a la justicia, la verdad y la reparaci\u00f3n de las v\u00edctimas de los delitos.\",\"publisher\":{\"@id\":\"https:\/\/www.fiscalia.gov.co\/colombia\/#organization\"},\"potentialAction\":[{\"@type\":\"SearchAction\",\"target\":{\"@type\":\"EntryPoint\",\"urlTemplate\":\"https:\/\/www.fiscalia.gov.co\/colombia\/?s={search_term_string}\"},\"query-input\":{\"@type\":\"PropertyValueSpecification\",\"valueRequired\":true,\"valueName\":\"search_term_string\"}}],\"inLanguage\":\"es-CO\"},{\"@type\":\"Organization\",\"@id\":\"https:\/\/www.fiscalia.gov.co\/colombia\/#organization\",\"name\":\"Fiscal\u00eda General de la Naci\u00f3n\",\"url\":\"https:\/\/www.fiscalia.gov.co\/colombia\/\",\"logo\":{\"@type\":\"ImageObject\",\"inLanguage\":\"es-CO\",\"@id\":\"https:\/\/www.fiscalia.gov.co\/colombia\/#\/schema\/logo\/image\/\",\"url\":\"https:\/\/www.fiscalia.gov.co\/colombia\/wp-content\/uploads\/LogoHorizontal_1.jpg\",\"contentUrl\":\"https:\/\/www.fiscalia.gov.co\/colombia\/wp-content\/uploads\/LogoHorizontal_1.jpg\",\"width\":300,\"height\":90,\"caption\":\"Fiscal\u00eda General de la Naci\u00f3n\"},\"image\":{\"@id\":\"https:\/\/www.fiscalia.gov.co\/colombia\/#\/schema\/logo\/image\/\"},\"sameAs\":[\"https:\/\/www.facebook.com\/FiscaliaCol\",\"https:\/\/x.com\/FiscaliaCol\",\"https:\/\/www.instagram.com\/fiscaliacol\",\"https:\/\/www.linkedin.com\/company\/fiscalia-general-de-la-naci-n\/\",\"https:\/\/youtube.com\/@fiscaliageneraldelanacion-4668?si=6nN79nyQICPU5iTh\"]},{\"@type\":\"Person\",\"@id\":\"https:\/\/www.fiscalia.gov.co\/colombia\/#\/schema\/person\/bf84402cf293a5393e9c70b111020b24\",\"name\":\"Jordan Leandro Oviedo Anzola\",\"image\":{\"@type\":\"ImageObject\",\"inLanguage\":\"es-CO\",\"@id\":\"https:\/\/www.fiscalia.gov.co\/colombia\/#\/schema\/person\/image\/\",\"url\":\"https:\/\/secure.gravatar.com\/avatar\/dabba4346fa9b9207d96adafa8f92721?s=96&d=mm&r=g\",\"contentUrl\":\"https:\/\/secure.gravatar.com\/avatar\/dabba4346fa9b9207d96adafa8f92721?s=96&d=mm&r=g\",\"caption\":\"Jordan Leandro Oviedo Anzola\"},\"url\":\"https:\/\/www.fiscalia.gov.co\/colombia\/author\/joviedo\/\"}]}<\/script>\n<!-- \/ Yoast SEO plugin. -->","yoast_head_json":{"title":"Fiscal\u00eda General de la Naci\u00f3n","description":"P\u00e1gina oficial de la Fiscal\u00eda General de la Naci\u00f3n \u2013 Colombia. Garantizamos el acceso efectivo a la justicia, la verdad y la reparaci\u00f3n de las v\u00edctimas de los delitos.","robots":{"index":"noindex","follow":"follow"},"og_locale":"es_ES","og_type":"article","og_title":"Fiscal\u00eda General de la Naci\u00f3n","og_description":"P\u00e1gina oficial de la Fiscal\u00eda General de la Naci\u00f3n \u2013 Colombia. Garantizamos el acceso efectivo a la justicia, la verdad y la reparaci\u00f3n de las v\u00edctimas de los delitos.","og_url":"https:\/\/www.fiscalia.gov.co\/colombia\/noticias\/en-maria-la-baja-bolivar-un-hombre-fue-enviado-a-la-carcel-por-abusar-sexualmente-de-una-adulta-mayor\/","og_site_name":"Fiscal\u00eda General de la Naci\u00f3n","article_publisher":"https:\/\/www.facebook.com\/FiscaliaCol","article_published_time":"2025-07-04T20:58:44+00:00","author":"Jordan Leandro Oviedo Anzola","twitter_card":"summary_large_image","twitter_creator":"@FiscaliaCol","twitter_site":"@FiscaliaCol","twitter_misc":{"Escrito por":"Jordan Leandro Oviedo Anzola","Tiempo de lectura":"2 minutos"},"schema":{"@context":"https:\/\/schema.org","@graph":[{"@type":"Article","@id":"https:\/\/www.fiscalia.gov.co\/colombia\/noticias\/en-maria-la-baja-bolivar-un-hombre-fue-enviado-a-la-carcel-por-abusar-sexualmente-de-una-adulta-mayor\/#article","isPartOf":{"@id":"https:\/\/www.fiscalia.gov.co\/colombia\/noticias\/en-maria-la-baja-bolivar-un-hombre-fue-enviado-a-la-carcel-por-abusar-sexualmente-de-una-adulta-mayor\/"},"author":{"name":"Jordan Leandro Oviedo Anzola","@id":"https:\/\/www.fiscalia.gov.co\/colombia\/#\/schema\/person\/bf84402cf293a5393e9c70b111020b24"},"headline":"En Mar\u00eda La Baja (Bol\u00edvar), un hombre fue enviado a la c\u00e1rcel por abusar sexualmente de una adulta mayor","datePublished":"2025-07-04T20:58:44+00:00","dateModified":"2025-07-04T20:58:44+00:00","mainEntityOfPage":{"@id":"https:\/\/www.fiscalia.gov.co\/colombia\/noticias\/en-maria-la-baja-bolivar-un-hombre-fue-enviado-a-la-carcel-por-abusar-sexualmente-de-una-adulta-mayor\/"},"wordCount":300,"publisher":{"@id":"https:\/\/www.fiscalia.gov.co\/colombia\/#organization"},"keywords":["Abuso sexual","Acceso carnal violento","Adulto Mayor","Bol\u00edvar","Captura","C\u00e1rcel","Cartagena (Bol\u00edvar)","Fiscal\u00eda Colombia","Fiscal\u00eda General de la Naci\u00f3n","Mar\u00eda La Baja","medida","Polic\u00eda Nacional","Vecino","V\u00edctima"],"articleSection":["Noticias","Seccional Cartagena","Seccionales"],"inLanguage":"es-CO"},{"@type":"WebPage","@id":"https:\/\/www.fiscalia.gov.co\/colombia\/noticias\/en-maria-la-baja-bolivar-un-hombre-fue-enviado-a-la-carcel-por-abusar-sexualmente-de-una-adulta-mayor\/","url":"https:\/\/www.fiscalia.gov.co\/colombia\/noticias\/en-maria-la-baja-bolivar-un-hombre-fue-enviado-a-la-carcel-por-abusar-sexualmente-de-una-adulta-mayor\/","name":"Fiscal\u00eda General de la Naci\u00f3n","isPartOf":{"@id":"https:\/\/www.fiscalia.gov.co\/colombia\/#website"},"datePublished":"2025-07-04T20:58:44+00:00","dateModified":"2025-07-04T20:58:44+00:00","description":"P\u00e1gina oficial de la Fiscal\u00eda General de la Naci\u00f3n \u2013 Colombia. Garantizamos el acceso efectivo a la justicia, la verdad y la reparaci\u00f3n de las v\u00edctimas de los delitos.","breadcrumb":{"@id":"https:\/\/www.fiscalia.gov.co\/colombia\/noticias\/en-maria-la-baja-bolivar-un-hombre-fue-enviado-a-la-carcel-por-abusar-sexualmente-de-una-adulta-mayor\/#breadcrumb"},"inLanguage":"es-CO","potentialAction":[{"@type":"ReadAction","target":["https:\/\/www.fiscalia.gov.co\/colombia\/noticias\/en-maria-la-baja-bolivar-un-hombre-fue-enviado-a-la-carcel-por-abusar-sexualmente-de-una-adulta-mayor\/"]}]},{"@type":"BreadcrumbList","@id":"https:\/\/www.fiscalia.gov.co\/colombia\/noticias\/en-maria-la-baja-bolivar-un-hombre-fue-enviado-a-la-carcel-por-abusar-sexualmente-de-una-adulta-mayor\/#breadcrumb","itemListElement":[{"@type":"ListItem","position":1,"name":"Home","item":"https:\/\/www.fiscalia.gov.co\/colombia\/"},{"@type":"ListItem","position":2,"name":"En Mar\u00eda La Baja (Bol\u00edvar), un hombre fue enviado a la c\u00e1rcel por abusar sexualmente de una adulta mayor"}]},{"@type":"WebSite","@id":"https:\/\/www.fiscalia.gov.co\/colombia\/#website","url":"https:\/\/www.fiscalia.gov.co\/colombia\/","name":"Fiscal\u00eda General de la Naci\u00f3n","description":"P\u00e1gina oficial de la Fiscal\u00eda General de la Naci\u00f3n \u2013 Colombia. Garantizamos el acceso efectivo a la justicia, la verdad y la reparaci\u00f3n de las v\u00edctimas de los delitos.","publisher":{"@id":"https:\/\/www.fiscalia.gov.co\/colombia\/#organization"},"potentialAction":[{"@type":"SearchAction","target":{"@type":"EntryPoint","urlTemplate":"https:\/\/www.fiscalia.gov.co\/colombia\/?s={search_term_string}"},"query-input":{"@type":"PropertyValueSpecification","valueRequired":true,"valueName":"search_term_string"}}],"inLanguage":"es-CO"},{"@type":"Organization","@id":"https:\/\/www.fiscalia.gov.co\/colombia\/#organization","name":"Fiscal\u00eda General de la Naci\u00f3n","url":"https:\/\/www.fiscalia.gov.co\/colombia\/","logo":{"@type":"ImageObject","inLanguage":"es-CO","@id":"https:\/\/www.fiscalia.gov.co\/colombia\/#\/schema\/logo\/image\/","url":"https:\/\/www.fiscalia.gov.co\/colombia\/wp-content\/uploads\/LogoHorizontal_1.jpg","contentUrl":"https:\/\/www.fiscalia.gov.co\/colombia\/wp-content\/uploads\/LogoHorizontal_1.jpg","width":300,"height":90,"caption":"Fiscal\u00eda General de la Naci\u00f3n"},"image":{"@id":"https:\/\/www.fiscalia.gov.co\/colombia\/#\/schema\/logo\/image\/"},"sameAs":["https:\/\/www.facebook.com\/FiscaliaCol","https:\/\/x.com\/FiscaliaCol","https:\/\/www.instagram.com\/fiscaliacol","https:\/\/www.linkedin.com\/company\/fiscalia-general-de-la-naci-n\/","https:\/\/youtube.com\/@fiscaliageneraldelanacion-4668?si=6nN79nyQICPU5iTh"]},{"@type":"Person","@id":"https:\/\/www.fiscalia.gov.co\/colombia\/#\/schema\/person\/bf84402cf293a5393e9c70b111020b24","name":"Jordan Leandro Oviedo Anzola","image":{"@type":"ImageObject","inLanguage":"es-CO","@id":"https:\/\/www.fiscalia.gov.co\/colombia\/#\/schema\/person\/image\/","url":"https:\/\/secure.gravatar.com\/avatar\/dabba4346fa9b9207d96adafa8f92721?s=96&d=mm&r=g","contentUrl":"https:\/\/secure.gravatar.com\/avatar\/dabba4346fa9b9207d96adafa8f92721?s=96&d=mm&r=g","caption":"Jordan Leandro Oviedo Anzola"},"url":"https:\/\/www.fiscalia.gov.co\/colombia\/author\/joviedo\/"}]}},"_links":{"self":[{"href":"https:\/\/www.fiscalia.gov.co\/colombia\/wp-json\/wp\/v2\/posts\/318275","targetHints":{"allow":["GET"]}}],"collection":[{"href":"https:\/\/www.fiscalia.gov.co\/colombia\/wp-json\/wp\/v2\/posts"}],"about":[{"href":"https:\/\/www.fiscalia.gov.co\/colombia\/wp-json\/wp\/v2\/types\/post"}],"author":[{"embeddable":true,"href":"https:\/\/www.fiscalia.gov.co\/colombia\/wp-json\/wp\/v2\/users\/177"}],"replies":[{"embeddable":true,"href":"https:\/\/www.fiscalia.gov.co\/colombia\/wp-json\/wp\/v2\/comments?post=318275"}],"version-history":[{"count":1,"href":"https:\/\/www.fiscalia.gov.co\/colombia\/wp-json\/wp\/v2\/posts\/318275\/revisions"}],"predecessor-version":[{"id":318276,"href":"https:\/\/www.fiscalia.gov.co\/colombia\/wp-json\/wp\/v2\/posts\/318275\/revisions\/318276"}],"wp:attachment":[{"href":"https:\/\/www.fiscalia.gov.co\/colombia\/wp-json\/wp\/v2\/media?parent=318275"}],"wp:term":[{"taxonomy":"category","embeddable":true,"href":"https:\/\/www.fiscalia.gov.co\/colombia\/wp-json\/wp\/v2\/categories?post=318275"},{"taxonomy":"post_tag","embeddable":true,"href":"https:\/\/www.fiscalia.gov.co\/colombia\/wp-json\/wp\/v2\/tags?post=318275"}],"curies":[{"name":"wp","href":"https:\/\/api.w.org\/{rel}","templated":true}]}}