{"id":318273,"date":"2025-07-04T16:27:32","date_gmt":"2025-07-04T21:27:32","guid":{"rendered":"https:\/\/www.fiscalia.gov.co\/colombia\/?p=318273"},"modified":"2025-07-04T16:29:09","modified_gmt":"2025-07-04T21:29:09","slug":"asi-puedes-denunciar-un-caso-de-explotacion-comercial-sexual-infantil","status":"publish","type":"post","link":"https:\/\/www.fiscalia.gov.co\/colombia\/fiscalia-mas-cerca\/asi-puedes-denunciar-un-caso-de-explotacion-comercial-sexual-infantil\/","title":{"rendered":"As\u00ed puedes denunciar un caso de explotaci\u00f3n comercial sexual infantil"},"content":{"rendered":"<p>La explotaci\u00f3n sexual comercial de ni\u00f1os, ni\u00f1as y adolescentes es un delito grave. No guardes silencio si conoces alg\u00fan caso. <strong>Este flagelo es una forma extrema de violencia<\/strong> contra los menores. Recuerda que la explotaci\u00f3n sexual es una agresi\u00f3n y no se considera como un trabajo.<\/p>\n<p>&nbsp;<\/p>\n<p><iframe loading=\"lazy\" style=\"border: none; overflow: hidden;\" src=\"https:\/\/www.facebook.com\/plugins\/post.php?href=https%3A%2F%2Fwww.facebook.com%2FFiscaliaCol%2Fposts%2Fpfbid025tSiJjpvBfJK36zjC8h1fdQsXL8k2gNyMwHvVv8omqaR4ngb5zvoeBzrZeMavJtbl&amp;show_text=true&amp;width=500\" width=\"500\" height=\"641\" frameborder=\"0\" scrolling=\"no\" allowfullscreen=\"allowfullscreen\"><\/iframe><\/p>\n<p>La explotaci\u00f3n\u00a0 sexual comercial de ni\u00f1as, ni\u00f1os y adolescentes <a href=\"https:\/\/www.instagram.com\/p\/DLnKQfcMfTy\/?img_index=5\" target=\"_blank\" rel=\"noopener\">(ESCNNA)<\/a> se da cuando un <strong>menor de 18 a\u00f1os es utilizado por un adulto para actividades sexuales a cambio de dinero<\/strong> y regalos.<\/p>\n<p>Este delito se manifiesta a trav\u00e9s de la explotaci\u00f3n sexual infantil, pornograf\u00eda infantil, turismo sexual con menores, acoso sexual por redes sociales y &#8220;pagos&#8221; \u00b4por favores sexuales.<\/p>\n<p>El ESCNNA implica <a href=\"https:\/\/www.tiktok.com\/@fiscaliacol\/photo\/7522529160690978054\" target=\"_blank\" rel=\"noopener\">violencia f\u00edsica y sexual,<\/a> da\u00f1o psicol\u00f3gico profundo, violaci\u00f3n de derechos fundamentales.<\/p>\n<p>No olvides que si conoces un caso puedes denunciarlo en la l\u00ednea 122 o en la p\u00e1gina de la Fiscal\u00eda, &#8220;Denuncia f\u00e1cil&#8221;.<\/p>\n\r\n                <style type=\"text\/css\">\r\n                    \r\n                    #tdi_1  .td-doubleSlider-2 .td-item1 {\r\n                        background: url(https:\/\/www.fiscalia.gov.co\/colombia\/wp-content\/uploads\/WhatsApp-Image-2025-07-02-at-11.04.44-AM-80x60.jpeg) 0 0 no-repeat;\r\n                    }\r\n                    #tdi_1  .td-doubleSlider-2 .td-item2 {\r\n                        background: url(https:\/\/www.fiscalia.gov.co\/colombia\/wp-content\/uploads\/WhatsApp-Image-2025-07-02-at-11.04.45-AM-80x60.jpeg) 0 0 no-repeat;\r\n                    }\r\n                    #tdi_1  .td-doubleSlider-2 .td-item3 {\r\n                        background: url(https:\/\/www.fiscalia.gov.co\/colombia\/wp-content\/uploads\/WhatsApp-Image-2025-07-02-at-11.04.45-AM-1-80x60.jpeg) 0 0 no-repeat;\r\n                    }\r\n                    #tdi_1  .td-doubleSlider-2 .td-item4 {\r\n                        background: url(https:\/\/www.fiscalia.gov.co\/colombia\/wp-content\/uploads\/WhatsApp-Image-2025-07-02-at-11.04.45-AM-2-80x60.jpeg) 0 0 no-repeat;\r\n                    }\r\n                    #tdi_1  .td-doubleSlider-2 .td-item5 {\r\n                        background: url(https:\/\/www.fiscalia.gov.co\/colombia\/wp-content\/uploads\/WhatsApp-Image-2025-07-02-at-11.04.45-AM-3-80x60.jpeg) 0 0 no-repeat;\r\n                    }\r\n                    #tdi_1  .td-doubleSlider-2 .td-item6 {\r\n                        background: url(https:\/\/www.fiscalia.gov.co\/colombia\/wp-content\/uploads\/WhatsApp-Image-2025-07-02-at-11.04.46-AM-80x60.jpeg) 0 0 no-repeat;\r\n                    }\r\n                <\/style>\r\n\r\n                <div id=\"tdi_1\" class=\"td-gallery td-slide-on-2-columns\">\r\n                    <div class=\"post_td_gallery\">\r\n                        <div class=\"td-gallery-slide-top\">\r\n                           <div class=\"td-gallery-title\"><\/div>\r\n\r\n                            <div class=\"td-gallery-controls-wrapper\">\r\n                                <div class=\"td-gallery-slide-count\"><span class=\"td-gallery-slide-item-focus\">1<\/span> de 6<\/div>\r\n                                <div class=\"td-gallery-slide-prev-next-but\">\r\n                                    <i class = \"td-icon-left doubleSliderPrevButton\"><\/i>\r\n                                    <i class = \"td-icon-right doubleSliderNextButton\"><\/i>\r\n                                <\/div>\r\n                            <\/div>\r\n                        <\/div>\r\n\r\n                        <div class = \"td-doubleSlider-1 \">\r\n                            <div class = \"td-slider\">\r\n                                \r\n                    <div class = \"td-slide-item td-item1\">\r\n                        <figure class=\"td-slide-galery-figure td-slide-popup-gallery\">\r\n                            <a class=\"slide-gallery-image-link\" href=\"https:\/\/www.fiscalia.gov.co\/colombia\/wp-content\/uploads\/WhatsApp-Image-2025-07-02-at-11.04.44-AM.jpeg\" title=\"qu\u00e9 es ESCNNA\"  data-caption=\"\"  data-description=\"\">\r\n                                <img decoding=\"async\" src=\"https:\/\/www.fiscalia.gov.co\/colombia\/wp-content\/uploads\/WhatsApp-Image-2025-07-02-at-11.04.44-AM-336x420.jpeg\" srcset=\"https:\/\/www.fiscalia.gov.co\/colombia\/wp-content\/uploads\/WhatsApp-Image-2025-07-02-at-11.04.44-AM-336x420.jpeg 336w, https:\/\/www.fiscalia.gov.co\/colombia\/wp-content\/uploads\/WhatsApp-Image-2025-07-02-at-11.04.44-AM-240x300.jpeg 240w, https:\/\/www.fiscalia.gov.co\/colombia\/wp-content\/uploads\/WhatsApp-Image-2025-07-02-at-11.04.44-AM-819x1024.jpeg 819w, https:\/\/www.fiscalia.gov.co\/colombia\/wp-content\/uploads\/WhatsApp-Image-2025-07-02-at-11.04.44-AM-768x960.jpeg 768w, https:\/\/www.fiscalia.gov.co\/colombia\/wp-content\/uploads\/WhatsApp-Image-2025-07-02-at-11.04.44-AM-696x870.jpeg 696w, https:\/\/www.fiscalia.gov.co\/colombia\/wp-content\/uploads\/WhatsApp-Image-2025-07-02-at-11.04.44-AM-1068x1335.jpeg 1068w, https:\/\/www.fiscalia.gov.co\/colombia\/wp-content\/uploads\/WhatsApp-Image-2025-07-02-at-11.04.44-AM.jpeg 1081w\" sizes=\"(max-width: 336px) 100vw, 336px\" alt=\"La imagen es una pieza dise&ntilde;o con un fondo gris con siluetas y un texto grande en negro que dice: Si conoces un caso de explotaci&oacute;n comercial sexual infantil, no te quedes callado, denuncia. TIene el logo de la fiscal&iacute;a en la parte derecha superior y el logo de fiscal&iacute;a m&aacute;s cerca en la parte izquierda inferior. En la parte de abajo de la pieza dice, desliza y ent&eacute;rate de c&oacute;mo actuar.\">\r\n                            <\/a>\r\n                            \r\n                        <\/figure>\r\n                    <\/div>\r\n                    <div class = \"td-slide-item td-item2\">\r\n                        <figure class=\"td-slide-galery-figure td-slide-popup-gallery\">\r\n                            <a class=\"slide-gallery-image-link\" href=\"https:\/\/www.fiscalia.gov.co\/colombia\/wp-content\/uploads\/WhatsApp-Image-2025-07-02-at-11.04.45-AM.jpeg\" title=\"\u00bfQu\u00e9 es ESCNNA?\"  data-caption=\"\"  data-description=\"\">\r\n                                <img decoding=\"async\" src=\"https:\/\/www.fiscalia.gov.co\/colombia\/wp-content\/uploads\/WhatsApp-Image-2025-07-02-at-11.04.45-AM-336x420.jpeg\" srcset=\"https:\/\/www.fiscalia.gov.co\/colombia\/wp-content\/uploads\/WhatsApp-Image-2025-07-02-at-11.04.45-AM-336x420.jpeg 336w, https:\/\/www.fiscalia.gov.co\/colombia\/wp-content\/uploads\/WhatsApp-Image-2025-07-02-at-11.04.45-AM-240x300.jpeg 240w, https:\/\/www.fiscalia.gov.co\/colombia\/wp-content\/uploads\/WhatsApp-Image-2025-07-02-at-11.04.45-AM-819x1024.jpeg 819w, https:\/\/www.fiscalia.gov.co\/colombia\/wp-content\/uploads\/WhatsApp-Image-2025-07-02-at-11.04.45-AM-768x960.jpeg 768w, https:\/\/www.fiscalia.gov.co\/colombia\/wp-content\/uploads\/WhatsApp-Image-2025-07-02-at-11.04.45-AM-696x870.jpeg 696w, https:\/\/www.fiscalia.gov.co\/colombia\/wp-content\/uploads\/WhatsApp-Image-2025-07-02-at-11.04.45-AM-1068x1335.jpeg 1068w, https:\/\/www.fiscalia.gov.co\/colombia\/wp-content\/uploads\/WhatsApp-Image-2025-07-02-at-11.04.45-AM.jpeg 1081w\" sizes=\"(max-width: 336px) 100vw, 336px\" alt=\"En la parte superior, aparece un texto en letras grandes y negras que dice: &quot;EXPLOTACI&Oacute;N SEXUAL COMERCIAL DE NI&Ntilde;AS, NI&Ntilde;OS Y ADOLESCENTES (ESCNNA):&quot; Debajo de este t&iacute;tulo, hay un recuadro con un mensaje explicativo en letras negras sobre fondo blanco: &quot;Cuando un menor de 18 a&ntilde;os es utilizado por un adulto para actividades sexuales a cambio de dinero y regalos.&quot; M&aacute;s abajo, en letras may&uacute;sculas blancas sobre un fondo gris oscuro, se destaca la advertencia: &quot;&iexcl;NO ES TRABAJO! &iexcl;ES UN DELITO!&quot; A la derecha, hay una ilustraci&oacute;n de una ni&ntilde;a sentada en el suelo. La ni&ntilde;a luce triste y preocupada, con la mirada hacia el frente. Est&aacute; vestida con una camiseta y pantalones cortos azules, y tiene el cabello suelto.\">\r\n                            <\/a>\r\n                            \r\n                        <\/figure>\r\n                    <\/div>\r\n                    <div class = \"td-slide-item td-item3\">\r\n                        <figure class=\"td-slide-galery-figure td-slide-popup-gallery\">\r\n                            <a class=\"slide-gallery-image-link\" href=\"https:\/\/www.fiscalia.gov.co\/colombia\/wp-content\/uploads\/WhatsApp-Image-2025-07-02-at-11.04.45-AM-1.jpeg\" title=\"\u00bfQu\u00e9 es ESCNNA?\"  data-caption=\"\"  data-description=\"\">\r\n                                <img decoding=\"async\" src=\"https:\/\/www.fiscalia.gov.co\/colombia\/wp-content\/uploads\/WhatsApp-Image-2025-07-02-at-11.04.45-AM-1-336x420.jpeg\" srcset=\"https:\/\/www.fiscalia.gov.co\/colombia\/wp-content\/uploads\/WhatsApp-Image-2025-07-02-at-11.04.45-AM-1-336x420.jpeg 336w, https:\/\/www.fiscalia.gov.co\/colombia\/wp-content\/uploads\/WhatsApp-Image-2025-07-02-at-11.04.45-AM-1-240x300.jpeg 240w, https:\/\/www.fiscalia.gov.co\/colombia\/wp-content\/uploads\/WhatsApp-Image-2025-07-02-at-11.04.45-AM-1-819x1024.jpeg 819w, https:\/\/www.fiscalia.gov.co\/colombia\/wp-content\/uploads\/WhatsApp-Image-2025-07-02-at-11.04.45-AM-1-768x960.jpeg 768w, https:\/\/www.fiscalia.gov.co\/colombia\/wp-content\/uploads\/WhatsApp-Image-2025-07-02-at-11.04.45-AM-1-696x870.jpeg 696w, https:\/\/www.fiscalia.gov.co\/colombia\/wp-content\/uploads\/WhatsApp-Image-2025-07-02-at-11.04.45-AM-1-1068x1335.jpeg 1068w, https:\/\/www.fiscalia.gov.co\/colombia\/wp-content\/uploads\/WhatsApp-Image-2025-07-02-at-11.04.45-AM-1.jpeg 1081w\" sizes=\"(max-width: 336px) 100vw, 336px\" alt=\"En la parte superior, en letras grandes negras se lee: &quot;SE MANIFIESTA A TRAV&Eacute;S DE:&quot; A continuaci&oacute;n, se enumeran distintas formas de manifestaci&oacute;n de la ESCNNA, cada una precedida por un &iacute;cono circular con una espiral: Prostituci&oacute;n infantil. Pornograf&iacute;a infantil. Turismo sexual con menores. Acoso sexual en redes sociales. &quot;Pagos&quot; por favores sexuales. En la parte inferior derecha, aparece la ilustraci&oacute;n de un ni&ntilde;o peque&ntilde;o con expresi&oacute;n triste y preocupada. Est&aacute; vestido con una sudadera con capucha de color azul y sostiene con fuerza un peluche, lo que transmite vulnerabilidad y desprotecci&oacute;n.\">\r\n                            <\/a>\r\n                            \r\n                        <\/figure>\r\n                    <\/div>\r\n                    <div class = \"td-slide-item td-item4\">\r\n                        <figure class=\"td-slide-galery-figure td-slide-popup-gallery\">\r\n                            <a class=\"slide-gallery-image-link\" href=\"https:\/\/www.fiscalia.gov.co\/colombia\/wp-content\/uploads\/WhatsApp-Image-2025-07-02-at-11.04.45-AM-2.jpeg\" title=\"Explotaci\u00f3n sexual\"  data-caption=\"\"  data-description=\"\">\r\n                                <img decoding=\"async\" src=\"https:\/\/www.fiscalia.gov.co\/colombia\/wp-content\/uploads\/WhatsApp-Image-2025-07-02-at-11.04.45-AM-2-336x420.jpeg\" srcset=\"https:\/\/www.fiscalia.gov.co\/colombia\/wp-content\/uploads\/WhatsApp-Image-2025-07-02-at-11.04.45-AM-2-336x420.jpeg 336w, https:\/\/www.fiscalia.gov.co\/colombia\/wp-content\/uploads\/WhatsApp-Image-2025-07-02-at-11.04.45-AM-2-240x300.jpeg 240w, https:\/\/www.fiscalia.gov.co\/colombia\/wp-content\/uploads\/WhatsApp-Image-2025-07-02-at-11.04.45-AM-2-819x1024.jpeg 819w, https:\/\/www.fiscalia.gov.co\/colombia\/wp-content\/uploads\/WhatsApp-Image-2025-07-02-at-11.04.45-AM-2-768x960.jpeg 768w, https:\/\/www.fiscalia.gov.co\/colombia\/wp-content\/uploads\/WhatsApp-Image-2025-07-02-at-11.04.45-AM-2-696x870.jpeg 696w, https:\/\/www.fiscalia.gov.co\/colombia\/wp-content\/uploads\/WhatsApp-Image-2025-07-02-at-11.04.45-AM-2-1068x1335.jpeg 1068w, https:\/\/www.fiscalia.gov.co\/colombia\/wp-content\/uploads\/WhatsApp-Image-2025-07-02-at-11.04.45-AM-2.jpeg 1081w\" sizes=\"(max-width: 336px) 100vw, 336px\" alt=\"Texto principal (parte superior): &quot;LA EXPLOTACI&Oacute;N SEXUAL COMERCIAL DE NI&Ntilde;AS, NI&Ntilde;OS Y ADOLESCENTES IMPLICA:&quot; Lista de consecuencias: Cada punto est&aacute; acompa&ntilde;ado por un &iacute;cono circular decorativo: Violencia f&iacute;sica y sexual. Da&ntilde;o psicol&oacute;gico profundo. Violaci&oacute;n de derechos fundamentales. Texto informativo adicional (parte media): &quot;Estas conductas son judicializadas y el responsable se expone a una&quot; Mensaje destacado en letras blancas sobre fondo gris verdoso: &quot;CONDENA DE 14 A 25 A&Ntilde;OS DE PRISI&Oacute;N.&quot; Ilustraci&oacute;n (parte derecha inferior): Una joven con expresi&oacute;n de angustia est&aacute; sentada con el rostro cubierto por las manos, claramente afectada emocionalmente. Su postura y lenguaje corporal reflejan tristeza, miedo y desesperaci&oacute;n.\">\r\n                            <\/a>\r\n                            \r\n                        <\/figure>\r\n                    <\/div>\r\n                    <div class = \"td-slide-item td-item5\">\r\n                        <figure class=\"td-slide-galery-figure td-slide-popup-gallery\">\r\n                            <a class=\"slide-gallery-image-link\" href=\"https:\/\/www.fiscalia.gov.co\/colombia\/wp-content\/uploads\/WhatsApp-Image-2025-07-02-at-11.04.45-AM-3.jpeg\" title=\"\u00bfQu\u00e9 es explotaci\u00f3n comercial sexual infantil?\"  data-caption=\"\"  data-description=\"\">\r\n                                <img decoding=\"async\" src=\"https:\/\/www.fiscalia.gov.co\/colombia\/wp-content\/uploads\/WhatsApp-Image-2025-07-02-at-11.04.45-AM-3-336x420.jpeg\" srcset=\"https:\/\/www.fiscalia.gov.co\/colombia\/wp-content\/uploads\/WhatsApp-Image-2025-07-02-at-11.04.45-AM-3-336x420.jpeg 336w, https:\/\/www.fiscalia.gov.co\/colombia\/wp-content\/uploads\/WhatsApp-Image-2025-07-02-at-11.04.45-AM-3-240x300.jpeg 240w, https:\/\/www.fiscalia.gov.co\/colombia\/wp-content\/uploads\/WhatsApp-Image-2025-07-02-at-11.04.45-AM-3-819x1024.jpeg 819w, https:\/\/www.fiscalia.gov.co\/colombia\/wp-content\/uploads\/WhatsApp-Image-2025-07-02-at-11.04.45-AM-3-768x960.jpeg 768w, https:\/\/www.fiscalia.gov.co\/colombia\/wp-content\/uploads\/WhatsApp-Image-2025-07-02-at-11.04.45-AM-3-696x870.jpeg 696w, https:\/\/www.fiscalia.gov.co\/colombia\/wp-content\/uploads\/WhatsApp-Image-2025-07-02-at-11.04.45-AM-3-1068x1335.jpeg 1068w, https:\/\/www.fiscalia.gov.co\/colombia\/wp-content\/uploads\/WhatsApp-Image-2025-07-02-at-11.04.45-AM-3.jpeg 1081w\" sizes=\"(max-width: 336px) 100vw, 336px\" alt=\"Esta imagen ofrece informaci&oacute;n sobre c&oacute;mo denunciar casos de explotaci&oacute;n sexual comercial de ni&ntilde;as, ni&ntilde;os y adolescentes (ESCNNA) en Colombia. Est&aacute; dirigida al p&uacute;blico en general e invita a actuar si se conoce una situaci&oacute;n de este tipo. Aqu&iacute; est&aacute; la descripci&oacute;n detallada: Texto principal en la parte superior: &quot;SI CONOCES UN CASO DENUNCIA EN:&quot; Canales de denuncia destacados: L&Iacute;NEA 122 de la Fiscal&iacute;a General de la Naci&oacute;n Tel&eacute;fono fijo: 01800919748 Sitio web oficial: www.fiscalia.gov.co (con bot&oacute;n gr&aacute;fico que dice &ldquo;DENUNCIA F&Aacute;CIL&rdquo;) P&aacute;gina adicional de ayuda: https:\/\/www.esoescuento.com Ilustraci&oacute;n (lado derecho inferior): Un joven con expresi&oacute;n seria y preocupada sostiene un celular en la oreja, como si estuviera realizando una llamada para denunciar. Su postura refuerza el mensaje de acci&oacute;n y responsabilidad social.\">\r\n                            <\/a>\r\n                            \r\n                        <\/figure>\r\n                    <\/div>\r\n                    <div class = \"td-slide-item td-item6\">\r\n                        <figure class=\"td-slide-galery-figure td-slide-popup-gallery\">\r\n                            <a class=\"slide-gallery-image-link\" href=\"https:\/\/www.fiscalia.gov.co\/colombia\/wp-content\/uploads\/WhatsApp-Image-2025-07-02-at-11.04.46-AM.jpeg\" title=\"Esta imagen es el cierre visual de la campa\u00f1a informativa sobre la explotaci\u00f3n sexual comercial de ni\u00f1as, ni\u00f1os y adolescentes (ESCNNA). Est\u00e1 dise\u00f1ada para reforzar la conexi\u00f3n con la entidad responsable y fomentar la participaci\u00f3n ciudadana en plataformas digitales. Aqu\u00ed est\u00e1 la descripci\u00f3n:  Elemento central: Logotipo de la Fiscal\u00eda General de la Naci\u00f3n de Colombia, con una ficha de rompecabezas blanca sobre fondo negro, s\u00edmbolo institucional de esta entidad.  Texto destacado: \"S\u00edguenos en REDES SOCIALES\" (La frase \"REDES SOCIALES\" aparece en may\u00fasculas y en blanco sobre fondo gris verdoso, destacando la invitaci\u00f3n a seguir sus cuentas oficiales.)  Dise\u00f1o visual: Fondo abstracto en tonos azules y grises.  Un peque\u00f1o coraz\u00f3n azul que suaviza la est\u00e9tica, indicando una intenci\u00f3n de cuidado y apoyo.  La parte izquierda muestra parcialmente el brazo de la persona ilustrada en la imagen anterior, dando continuidad visual a la campa\u00f1a.Esta imagen es el cierre visual de la campa\u00f1a informativa sobre la explotaci\u00f3n sexual comercial de ni\u00f1as, ni\u00f1os y adolescentes (ESCNNA). Est\u00e1 dise\u00f1ada para reforzar la conexi\u00f3n con la entidad responsable y fomentar la participaci\u00f3n ciudadana en plataformas digitales. Aqu\u00ed est\u00e1 la descripci\u00f3n:  Elemento central: Logotipo de la Fiscal\u00eda General de la Naci\u00f3n de Colombia, con una ficha de rompecabezas blanca sobre fondo negro, s\u00edmbolo institucional de esta entidad.  Texto destacado: \"S\u00edguenos en REDES SOCIALES\" (La frase \"REDES SOCIALES\" aparece en may\u00fasculas y en blanco sobre fondo gris verdoso, destacando la invitaci\u00f3n a seguir sus cuentas oficiales.)  Dise\u00f1o visual: Fondo abstracto en tonos azules y grises.  Un peque\u00f1o coraz\u00f3n azul que suaviza la est\u00e9tica, indicando una intenci\u00f3n de cuidado y apoyo.  La parte izquierda muestra parcialmente el brazo de la persona ilustrada en la imagen anterior, dando continuidad visual a la campa\u00f1a.\"  data-caption=\"\"  data-description=\"\n\">\r\n                                <img decoding=\"async\" src=\"https:\/\/www.fiscalia.gov.co\/colombia\/wp-content\/uploads\/WhatsApp-Image-2025-07-02-at-11.04.46-AM-336x420.jpeg\" srcset=\"https:\/\/www.fiscalia.gov.co\/colombia\/wp-content\/uploads\/WhatsApp-Image-2025-07-02-at-11.04.46-AM-336x420.jpeg 336w, https:\/\/www.fiscalia.gov.co\/colombia\/wp-content\/uploads\/WhatsApp-Image-2025-07-02-at-11.04.46-AM-240x300.jpeg 240w, https:\/\/www.fiscalia.gov.co\/colombia\/wp-content\/uploads\/WhatsApp-Image-2025-07-02-at-11.04.46-AM-819x1024.jpeg 819w, https:\/\/www.fiscalia.gov.co\/colombia\/wp-content\/uploads\/WhatsApp-Image-2025-07-02-at-11.04.46-AM-768x960.jpeg 768w, https:\/\/www.fiscalia.gov.co\/colombia\/wp-content\/uploads\/WhatsApp-Image-2025-07-02-at-11.04.46-AM-696x870.jpeg 696w, https:\/\/www.fiscalia.gov.co\/colombia\/wp-content\/uploads\/WhatsApp-Image-2025-07-02-at-11.04.46-AM-1068x1335.jpeg 1068w, https:\/\/www.fiscalia.gov.co\/colombia\/wp-content\/uploads\/WhatsApp-Image-2025-07-02-at-11.04.46-AM.jpeg 1081w\" sizes=\"(max-width: 336px) 100vw, 336px\" alt=\"Esta imagen es el cierre visual de la campa&ntilde;a informativa sobre la explotaci&oacute;n sexual comercial de ni&ntilde;as, ni&ntilde;os y adolescentes (ESCNNA). Est&aacute; dise&ntilde;ada para reforzar la conexi&oacute;n con la entidad responsable y fomentar la participaci&oacute;n ciudadana en plataformas digitales. Aqu&iacute; est&aacute; la descripci&oacute;n: Elemento central: Logotipo de la Fiscal&iacute;a General de la Naci&oacute;n de Colombia, con una ficha de rompecabezas blanca sobre fondo negro, s&iacute;mbolo institucional de esta entidad. Texto destacado: &quot;S&iacute;guenos en REDES SOCIALES&quot; (La frase &quot;REDES SOCIALES&quot; aparece en may&uacute;sculas y en blanco sobre fondo gris verdoso, destacando la invitaci&oacute;n a seguir sus cuentas oficiales.) Dise&ntilde;o visual: Fondo abstracto en tonos azules y grises. Un peque&ntilde;o coraz&oacute;n azul que suaviza la est&eacute;tica, indicando una intenci&oacute;n de cuidado y apoyo. La parte izquierda muestra parcialmente el brazo de la persona ilustrada en la imagen anterior, dando continuidad visual a la campa&ntilde;a.\">\r\n                            <\/a>\r\n                            <figcaption class = \"td-slide-caption td-gallery-slide-content\"><span>\n<\/span><\/figcaption>\r\n                        <\/figure>\r\n                    <\/div>\r\n                            <\/div>\r\n                        <\/div>\r\n\r\n                        <div class = \"td-doubleSlider-2\">\r\n                            <div class = \"td-slider\">\r\n                                \r\n                    <div class = \"td-button td-item1\">\r\n                        <div class = \"td-border\"><\/div>\r\n                    <\/div>\r\n                    <div class = \"td-button td-item2\">\r\n                        <div class = \"td-border\"><\/div>\r\n                    <\/div>\r\n                    <div class = \"td-button td-item3\">\r\n                        <div class = \"td-border\"><\/div>\r\n                    <\/div>\r\n                    <div class = \"td-button td-item4\">\r\n                        <div class = \"td-border\"><\/div>\r\n                    <\/div>\r\n                    <div class = \"td-button td-item5\">\r\n                        <div class = \"td-border\"><\/div>\r\n                    <\/div>\r\n                    <div class = \"td-button td-item6\">\r\n                        <div class = \"td-border\"><\/div>\r\n                    <\/div>\r\n                            <\/div>\r\n                        <\/div>\r\n\r\n                    <\/div>\r\n\r\n                <\/div>\r\n                \n<p>&nbsp;<\/p>\n\n<div class=\"twitter-share\"><a href=\"https:\/\/twitter.com\/intent\/tweet?via=fiscaliacol\" class=\"twitter-share-button\">Tweet<\/a><\/div>\n","protected":false},"excerpt":{"rendered":"<p>La explotaci\u00f3n sexual comercial de ni\u00f1os, ni\u00f1as y adolescentes es un delito grave. No guardes silencio si conoces alg\u00fan caso. Este flagelo es una forma extrema de violencia contra los menores. Recuerda que la explotaci\u00f3n sexual es una agresi\u00f3n y no se considera como un trabajo. &nbsp; La explotaci\u00f3n\u00a0 sexual comercial de ni\u00f1as, ni\u00f1os y [&hellip;]<\/p>\n","protected":false},"author":181,"featured_media":318288,"comment_status":"closed","ping_status":"open","sticky":false,"template":"","format":"video","meta":{"_price":"","_stock":"","_tribe_ticket_header":"","_tribe_default_ticket_provider":"","_tribe_ticket_capacity":"0","_ticket_start_date":"","_ticket_end_date":"","_tribe_ticket_show_description":"","_tribe_ticket_show_not_going":false,"_tribe_ticket_use_global_stock":"","_tribe_ticket_global_stock_level":"","_global_stock_mode":"","_global_stock_cap":"","_tribe_rsvp_for_event":"","_tribe_ticket_going_count":"","_tribe_ticket_not_going_count":"","_tribe_tickets_list":"[]","_tribe_ticket_has_attendee_info_fields":false,"tdm_status":"","tdm_grid_status":"","footnotes":""},"categories":[39217],"tags":[12184,37492,4614,39388,40513],"class_list":{"0":"post-318273","1":"post","2":"type-post","3":"status-publish","4":"format-video","5":"has-post-thumbnail","7":"category-fiscalia-mas-cerca","8":"tag-fiscal","9":"tag-fiscal-luz-adriana-camargo","10":"tag-fiscalia-2","11":"tag-fiscalia-mas-cerca","12":"tag-uenna","13":"post_format-post-format-video"},"yoast_head":"<!-- This site is optimized with the Yoast SEO plugin v24.3 - https:\/\/yoast.com\/wordpress\/plugins\/seo\/ -->\n<title>Fiscal\u00eda General de la Naci\u00f3n<\/title>\n<meta name=\"description\" content=\"P\u00e1gina oficial de la Fiscal\u00eda General de la Naci\u00f3n \u2013 Colombia. Garantizamos el acceso efectivo a la justicia, la verdad y la reparaci\u00f3n de las v\u00edctimas de los delitos.\" \/>\n<meta name=\"robots\" content=\"noindex, follow\" \/>\n<meta property=\"og:locale\" content=\"es_ES\" \/>\n<meta property=\"og:type\" content=\"article\" \/>\n<meta property=\"og:title\" content=\"Fiscal\u00eda General de la Naci\u00f3n\" \/>\n<meta property=\"og:description\" content=\"P\u00e1gina oficial de la Fiscal\u00eda General de la Naci\u00f3n \u2013 Colombia. Garantizamos el acceso efectivo a la justicia, la verdad y la reparaci\u00f3n de las v\u00edctimas de los delitos.\" \/>\n<meta property=\"og:url\" content=\"https:\/\/www.fiscalia.gov.co\/colombia\/fiscalia-mas-cerca\/asi-puedes-denunciar-un-caso-de-explotacion-comercial-sexual-infantil\/\" \/>\n<meta property=\"og:site_name\" content=\"Fiscal\u00eda General de la Naci\u00f3n\" \/>\n<meta property=\"article:publisher\" content=\"https:\/\/www.facebook.com\/FiscaliaCol\" \/>\n<meta property=\"article:published_time\" content=\"2025-07-04T21:27:32+00:00\" \/>\n<meta property=\"article:modified_time\" content=\"2025-07-04T21:29:09+00:00\" \/>\n<meta property=\"og:image\" content=\"https:\/\/www.fiscalia.gov.co\/colombia\/wp-content\/uploads\/WhatsApp-Image-2025-07-02-at-11.04.44-AM.jpeg\" \/>\n\t<meta property=\"og:image:width\" content=\"1081\" \/>\n\t<meta property=\"og:image:height\" content=\"1351\" \/>\n\t<meta property=\"og:image:type\" content=\"image\/jpeg\" \/>\n<meta name=\"author\" content=\"Johanna Islenny Prieto Pe\u00f1a\" \/>\n<meta name=\"twitter:card\" content=\"summary_large_image\" \/>\n<meta name=\"twitter:creator\" content=\"@FiscaliaCol\" \/>\n<meta name=\"twitter:site\" content=\"@FiscaliaCol\" \/>\n<meta name=\"twitter:label1\" content=\"Escrito por\" \/>\n\t<meta name=\"twitter:data1\" content=\"Johanna Islenny Prieto Pe\u00f1a\" \/>\n\t<meta name=\"twitter:label2\" content=\"Tiempo de lectura\" \/>\n\t<meta name=\"twitter:data2\" content=\"1 minuto\" \/>\n<script type=\"application\/ld+json\" class=\"yoast-schema-graph\">{\"@context\":\"https:\/\/schema.org\",\"@graph\":[{\"@type\":\"Article\",\"@id\":\"https:\/\/www.fiscalia.gov.co\/colombia\/fiscalia-mas-cerca\/asi-puedes-denunciar-un-caso-de-explotacion-comercial-sexual-infantil\/#article\",\"isPartOf\":{\"@id\":\"https:\/\/www.fiscalia.gov.co\/colombia\/fiscalia-mas-cerca\/asi-puedes-denunciar-un-caso-de-explotacion-comercial-sexual-infantil\/\"},\"author\":{\"name\":\"Johanna Islenny Prieto Pe\u00f1a\",\"@id\":\"https:\/\/www.fiscalia.gov.co\/colombia\/#\/schema\/person\/ba9eca435947489fb25117a0cd75bf3e\"},\"headline\":\"As\u00ed puedes denunciar un caso de explotaci\u00f3n comercial sexual infantil\",\"datePublished\":\"2025-07-04T21:27:32+00:00\",\"dateModified\":\"2025-07-04T21:29:09+00:00\",\"mainEntityOfPage\":{\"@id\":\"https:\/\/www.fiscalia.gov.co\/colombia\/fiscalia-mas-cerca\/asi-puedes-denunciar-un-caso-de-explotacion-comercial-sexual-infantil\/\"},\"wordCount\":180,\"publisher\":{\"@id\":\"https:\/\/www.fiscalia.gov.co\/colombia\/#organization\"},\"image\":{\"@id\":\"https:\/\/www.fiscalia.gov.co\/colombia\/fiscalia-mas-cerca\/asi-puedes-denunciar-un-caso-de-explotacion-comercial-sexual-infantil\/#primaryimage\"},\"thumbnailUrl\":\"https:\/\/www.fiscalia.gov.co\/colombia\/wp-content\/uploads\/WhatsApp-Image-2025-07-02-at-11.04.44-AM.jpeg\",\"keywords\":[\"Fiscal\",\"Fiscal Luz Adriana Camargo\",\"Fiscal\u00eda\",\"fiscalia mas cerca\",\"UENNA.\"],\"articleSection\":[\"Fiscal\u00eda m\u00e1s cerca\"],\"inLanguage\":\"es-CO\"},{\"@type\":\"WebPage\",\"@id\":\"https:\/\/www.fiscalia.gov.co\/colombia\/fiscalia-mas-cerca\/asi-puedes-denunciar-un-caso-de-explotacion-comercial-sexual-infantil\/\",\"url\":\"https:\/\/www.fiscalia.gov.co\/colombia\/fiscalia-mas-cerca\/asi-puedes-denunciar-un-caso-de-explotacion-comercial-sexual-infantil\/\",\"name\":\"Fiscal\u00eda General de la Naci\u00f3n\",\"isPartOf\":{\"@id\":\"https:\/\/www.fiscalia.gov.co\/colombia\/#website\"},\"primaryImageOfPage\":{\"@id\":\"https:\/\/www.fiscalia.gov.co\/colombia\/fiscalia-mas-cerca\/asi-puedes-denunciar-un-caso-de-explotacion-comercial-sexual-infantil\/#primaryimage\"},\"image\":{\"@id\":\"https:\/\/www.fiscalia.gov.co\/colombia\/fiscalia-mas-cerca\/asi-puedes-denunciar-un-caso-de-explotacion-comercial-sexual-infantil\/#primaryimage\"},\"thumbnailUrl\":\"https:\/\/www.fiscalia.gov.co\/colombia\/wp-content\/uploads\/WhatsApp-Image-2025-07-02-at-11.04.44-AM.jpeg\",\"datePublished\":\"2025-07-04T21:27:32+00:00\",\"dateModified\":\"2025-07-04T21:29:09+00:00\",\"description\":\"P\u00e1gina oficial de la Fiscal\u00eda General de la Naci\u00f3n \u2013 Colombia. Garantizamos el acceso efectivo a la justicia, la verdad y la reparaci\u00f3n de las v\u00edctimas de los delitos.\",\"breadcrumb\":{\"@id\":\"https:\/\/www.fiscalia.gov.co\/colombia\/fiscalia-mas-cerca\/asi-puedes-denunciar-un-caso-de-explotacion-comercial-sexual-infantil\/#breadcrumb\"},\"inLanguage\":\"es-CO\",\"potentialAction\":[{\"@type\":\"ReadAction\",\"target\":[\"https:\/\/www.fiscalia.gov.co\/colombia\/fiscalia-mas-cerca\/asi-puedes-denunciar-un-caso-de-explotacion-comercial-sexual-infantil\/\"]}]},{\"@type\":\"ImageObject\",\"inLanguage\":\"es-CO\",\"@id\":\"https:\/\/www.fiscalia.gov.co\/colombia\/fiscalia-mas-cerca\/asi-puedes-denunciar-un-caso-de-explotacion-comercial-sexual-infantil\/#primaryimage\",\"url\":\"https:\/\/www.fiscalia.gov.co\/colombia\/wp-content\/uploads\/WhatsApp-Image-2025-07-02-at-11.04.44-AM.jpeg\",\"contentUrl\":\"https:\/\/www.fiscalia.gov.co\/colombia\/wp-content\/uploads\/WhatsApp-Image-2025-07-02-at-11.04.44-AM.jpeg\",\"width\":1081,\"height\":1351,\"caption\":\"La imagen es una pieza dise\u00f1o con un fondo gris con siluetas y un texto grande en negro que dice: Si conoces un caso de explotaci\u00f3n comercial sexual infantil, no te quedes callado, denuncia. TIene el logo de la fiscal\u00eda en la parte derecha superior y el logo de fiscal\u00eda m\u00e1s cerca en la parte izquierda inferior. En la parte de abajo de la pieza dice, desliza y ent\u00e9rate de c\u00f3mo actuar.\"},{\"@type\":\"BreadcrumbList\",\"@id\":\"https:\/\/www.fiscalia.gov.co\/colombia\/fiscalia-mas-cerca\/asi-puedes-denunciar-un-caso-de-explotacion-comercial-sexual-infantil\/#breadcrumb\",\"itemListElement\":[{\"@type\":\"ListItem\",\"position\":1,\"name\":\"Home\",\"item\":\"https:\/\/www.fiscalia.gov.co\/colombia\/\"},{\"@type\":\"ListItem\",\"position\":2,\"name\":\"As\u00ed puedes denunciar un caso de explotaci\u00f3n comercial sexual infantil\"}]},{\"@type\":\"WebSite\",\"@id\":\"https:\/\/www.fiscalia.gov.co\/colombia\/#website\",\"url\":\"https:\/\/www.fiscalia.gov.co\/colombia\/\",\"name\":\"Fiscal\u00eda General de la Naci\u00f3n\",\"description\":\"P\u00e1gina oficial de la Fiscal\u00eda General de la Naci\u00f3n \u2013 Colombia. Garantizamos el acceso efectivo a la justicia, la verdad y la reparaci\u00f3n de las v\u00edctimas de los delitos.\",\"publisher\":{\"@id\":\"https:\/\/www.fiscalia.gov.co\/colombia\/#organization\"},\"potentialAction\":[{\"@type\":\"SearchAction\",\"target\":{\"@type\":\"EntryPoint\",\"urlTemplate\":\"https:\/\/www.fiscalia.gov.co\/colombia\/?s={search_term_string}\"},\"query-input\":{\"@type\":\"PropertyValueSpecification\",\"valueRequired\":true,\"valueName\":\"search_term_string\"}}],\"inLanguage\":\"es-CO\"},{\"@type\":\"Organization\",\"@id\":\"https:\/\/www.fiscalia.gov.co\/colombia\/#organization\",\"name\":\"Fiscal\u00eda General de la Naci\u00f3n\",\"url\":\"https:\/\/www.fiscalia.gov.co\/colombia\/\",\"logo\":{\"@type\":\"ImageObject\",\"inLanguage\":\"es-CO\",\"@id\":\"https:\/\/www.fiscalia.gov.co\/colombia\/#\/schema\/logo\/image\/\",\"url\":\"https:\/\/www.fiscalia.gov.co\/colombia\/wp-content\/uploads\/LogoHorizontal_1.jpg\",\"contentUrl\":\"https:\/\/www.fiscalia.gov.co\/colombia\/wp-content\/uploads\/LogoHorizontal_1.jpg\",\"width\":300,\"height\":90,\"caption\":\"Fiscal\u00eda General de la Naci\u00f3n\"},\"image\":{\"@id\":\"https:\/\/www.fiscalia.gov.co\/colombia\/#\/schema\/logo\/image\/\"},\"sameAs\":[\"https:\/\/www.facebook.com\/FiscaliaCol\",\"https:\/\/x.com\/FiscaliaCol\",\"https:\/\/www.instagram.com\/fiscaliacol\",\"https:\/\/www.linkedin.com\/company\/fiscalia-general-de-la-naci-n\/\",\"https:\/\/youtube.com\/@fiscaliageneraldelanacion-4668?si=6nN79nyQICPU5iTh\"]},{\"@type\":\"Person\",\"@id\":\"https:\/\/www.fiscalia.gov.co\/colombia\/#\/schema\/person\/ba9eca435947489fb25117a0cd75bf3e\",\"name\":\"Johanna Islenny Prieto Pe\u00f1a\",\"image\":{\"@type\":\"ImageObject\",\"inLanguage\":\"es-CO\",\"@id\":\"https:\/\/www.fiscalia.gov.co\/colombia\/#\/schema\/person\/image\/\",\"url\":\"https:\/\/secure.gravatar.com\/avatar\/111433fc2acb037ffb768f6a3ca47864?s=96&d=mm&r=g\",\"contentUrl\":\"https:\/\/secure.gravatar.com\/avatar\/111433fc2acb037ffb768f6a3ca47864?s=96&d=mm&r=g\",\"caption\":\"Johanna Islenny Prieto Pe\u00f1a\"},\"url\":\"https:\/\/www.fiscalia.gov.co\/colombia\/author\/jprietop\/\"}]}<\/script>\n<!-- \/ Yoast SEO plugin. -->","yoast_head_json":{"title":"Fiscal\u00eda General de la Naci\u00f3n","description":"P\u00e1gina oficial de la Fiscal\u00eda General de la Naci\u00f3n \u2013 Colombia. Garantizamos el acceso efectivo a la justicia, la verdad y la reparaci\u00f3n de las v\u00edctimas de los delitos.","robots":{"index":"noindex","follow":"follow"},"og_locale":"es_ES","og_type":"article","og_title":"Fiscal\u00eda General de la Naci\u00f3n","og_description":"P\u00e1gina oficial de la Fiscal\u00eda General de la Naci\u00f3n \u2013 Colombia. Garantizamos el acceso efectivo a la justicia, la verdad y la reparaci\u00f3n de las v\u00edctimas de los delitos.","og_url":"https:\/\/www.fiscalia.gov.co\/colombia\/fiscalia-mas-cerca\/asi-puedes-denunciar-un-caso-de-explotacion-comercial-sexual-infantil\/","og_site_name":"Fiscal\u00eda General de la Naci\u00f3n","article_publisher":"https:\/\/www.facebook.com\/FiscaliaCol","article_published_time":"2025-07-04T21:27:32+00:00","article_modified_time":"2025-07-04T21:29:09+00:00","og_image":[{"width":1081,"height":1351,"url":"https:\/\/www.fiscalia.gov.co\/colombia\/wp-content\/uploads\/WhatsApp-Image-2025-07-02-at-11.04.44-AM.jpeg","type":"image\/jpeg"}],"author":"Johanna Islenny Prieto Pe\u00f1a","twitter_card":"summary_large_image","twitter_creator":"@FiscaliaCol","twitter_site":"@FiscaliaCol","twitter_misc":{"Escrito por":"Johanna Islenny Prieto Pe\u00f1a","Tiempo de lectura":"1 minuto"},"schema":{"@context":"https:\/\/schema.org","@graph":[{"@type":"Article","@id":"https:\/\/www.fiscalia.gov.co\/colombia\/fiscalia-mas-cerca\/asi-puedes-denunciar-un-caso-de-explotacion-comercial-sexual-infantil\/#article","isPartOf":{"@id":"https:\/\/www.fiscalia.gov.co\/colombia\/fiscalia-mas-cerca\/asi-puedes-denunciar-un-caso-de-explotacion-comercial-sexual-infantil\/"},"author":{"name":"Johanna Islenny Prieto Pe\u00f1a","@id":"https:\/\/www.fiscalia.gov.co\/colombia\/#\/schema\/person\/ba9eca435947489fb25117a0cd75bf3e"},"headline":"As\u00ed puedes denunciar un caso de explotaci\u00f3n comercial sexual infantil","datePublished":"2025-07-04T21:27:32+00:00","dateModified":"2025-07-04T21:29:09+00:00","mainEntityOfPage":{"@id":"https:\/\/www.fiscalia.gov.co\/colombia\/fiscalia-mas-cerca\/asi-puedes-denunciar-un-caso-de-explotacion-comercial-sexual-infantil\/"},"wordCount":180,"publisher":{"@id":"https:\/\/www.fiscalia.gov.co\/colombia\/#organization"},"image":{"@id":"https:\/\/www.fiscalia.gov.co\/colombia\/fiscalia-mas-cerca\/asi-puedes-denunciar-un-caso-de-explotacion-comercial-sexual-infantil\/#primaryimage"},"thumbnailUrl":"https:\/\/www.fiscalia.gov.co\/colombia\/wp-content\/uploads\/WhatsApp-Image-2025-07-02-at-11.04.44-AM.jpeg","keywords":["Fiscal","Fiscal Luz Adriana Camargo","Fiscal\u00eda","fiscalia mas cerca","UENNA."],"articleSection":["Fiscal\u00eda m\u00e1s cerca"],"inLanguage":"es-CO"},{"@type":"WebPage","@id":"https:\/\/www.fiscalia.gov.co\/colombia\/fiscalia-mas-cerca\/asi-puedes-denunciar-un-caso-de-explotacion-comercial-sexual-infantil\/","url":"https:\/\/www.fiscalia.gov.co\/colombia\/fiscalia-mas-cerca\/asi-puedes-denunciar-un-caso-de-explotacion-comercial-sexual-infantil\/","name":"Fiscal\u00eda General de la Naci\u00f3n","isPartOf":{"@id":"https:\/\/www.fiscalia.gov.co\/colombia\/#website"},"primaryImageOfPage":{"@id":"https:\/\/www.fiscalia.gov.co\/colombia\/fiscalia-mas-cerca\/asi-puedes-denunciar-un-caso-de-explotacion-comercial-sexual-infantil\/#primaryimage"},"image":{"@id":"https:\/\/www.fiscalia.gov.co\/colombia\/fiscalia-mas-cerca\/asi-puedes-denunciar-un-caso-de-explotacion-comercial-sexual-infantil\/#primaryimage"},"thumbnailUrl":"https:\/\/www.fiscalia.gov.co\/colombia\/wp-content\/uploads\/WhatsApp-Image-2025-07-02-at-11.04.44-AM.jpeg","datePublished":"2025-07-04T21:27:32+00:00","dateModified":"2025-07-04T21:29:09+00:00","description":"P\u00e1gina oficial de la Fiscal\u00eda General de la Naci\u00f3n \u2013 Colombia. Garantizamos el acceso efectivo a la justicia, la verdad y la reparaci\u00f3n de las v\u00edctimas de los delitos.","breadcrumb":{"@id":"https:\/\/www.fiscalia.gov.co\/colombia\/fiscalia-mas-cerca\/asi-puedes-denunciar-un-caso-de-explotacion-comercial-sexual-infantil\/#breadcrumb"},"inLanguage":"es-CO","potentialAction":[{"@type":"ReadAction","target":["https:\/\/www.fiscalia.gov.co\/colombia\/fiscalia-mas-cerca\/asi-puedes-denunciar-un-caso-de-explotacion-comercial-sexual-infantil\/"]}]},{"@type":"ImageObject","inLanguage":"es-CO","@id":"https:\/\/www.fiscalia.gov.co\/colombia\/fiscalia-mas-cerca\/asi-puedes-denunciar-un-caso-de-explotacion-comercial-sexual-infantil\/#primaryimage","url":"https:\/\/www.fiscalia.gov.co\/colombia\/wp-content\/uploads\/WhatsApp-Image-2025-07-02-at-11.04.44-AM.jpeg","contentUrl":"https:\/\/www.fiscalia.gov.co\/colombia\/wp-content\/uploads\/WhatsApp-Image-2025-07-02-at-11.04.44-AM.jpeg","width":1081,"height":1351,"caption":"La imagen es una pieza dise\u00f1o con un fondo gris con siluetas y un texto grande en negro que dice: Si conoces un caso de explotaci\u00f3n comercial sexual infantil, no te quedes callado, denuncia. TIene el logo de la fiscal\u00eda en la parte derecha superior y el logo de fiscal\u00eda m\u00e1s cerca en la parte izquierda inferior. En la parte de abajo de la pieza dice, desliza y ent\u00e9rate de c\u00f3mo actuar."},{"@type":"BreadcrumbList","@id":"https:\/\/www.fiscalia.gov.co\/colombia\/fiscalia-mas-cerca\/asi-puedes-denunciar-un-caso-de-explotacion-comercial-sexual-infantil\/#breadcrumb","itemListElement":[{"@type":"ListItem","position":1,"name":"Home","item":"https:\/\/www.fiscalia.gov.co\/colombia\/"},{"@type":"ListItem","position":2,"name":"As\u00ed puedes denunciar un caso de explotaci\u00f3n comercial sexual infantil"}]},{"@type":"WebSite","@id":"https:\/\/www.fiscalia.gov.co\/colombia\/#website","url":"https:\/\/www.fiscalia.gov.co\/colombia\/","name":"Fiscal\u00eda General de la Naci\u00f3n","description":"P\u00e1gina oficial de la Fiscal\u00eda General de la Naci\u00f3n \u2013 Colombia. Garantizamos el acceso efectivo a la justicia, la verdad y la reparaci\u00f3n de las v\u00edctimas de los delitos.","publisher":{"@id":"https:\/\/www.fiscalia.gov.co\/colombia\/#organization"},"potentialAction":[{"@type":"SearchAction","target":{"@type":"EntryPoint","urlTemplate":"https:\/\/www.fiscalia.gov.co\/colombia\/?s={search_term_string}"},"query-input":{"@type":"PropertyValueSpecification","valueRequired":true,"valueName":"search_term_string"}}],"inLanguage":"es-CO"},{"@type":"Organization","@id":"https:\/\/www.fiscalia.gov.co\/colombia\/#organization","name":"Fiscal\u00eda General de la Naci\u00f3n","url":"https:\/\/www.fiscalia.gov.co\/colombia\/","logo":{"@type":"ImageObject","inLanguage":"es-CO","@id":"https:\/\/www.fiscalia.gov.co\/colombia\/#\/schema\/logo\/image\/","url":"https:\/\/www.fiscalia.gov.co\/colombia\/wp-content\/uploads\/LogoHorizontal_1.jpg","contentUrl":"https:\/\/www.fiscalia.gov.co\/colombia\/wp-content\/uploads\/LogoHorizontal_1.jpg","width":300,"height":90,"caption":"Fiscal\u00eda General de la Naci\u00f3n"},"image":{"@id":"https:\/\/www.fiscalia.gov.co\/colombia\/#\/schema\/logo\/image\/"},"sameAs":["https:\/\/www.facebook.com\/FiscaliaCol","https:\/\/x.com\/FiscaliaCol","https:\/\/www.instagram.com\/fiscaliacol","https:\/\/www.linkedin.com\/company\/fiscalia-general-de-la-naci-n\/","https:\/\/youtube.com\/@fiscaliageneraldelanacion-4668?si=6nN79nyQICPU5iTh"]},{"@type":"Person","@id":"https:\/\/www.fiscalia.gov.co\/colombia\/#\/schema\/person\/ba9eca435947489fb25117a0cd75bf3e","name":"Johanna Islenny Prieto Pe\u00f1a","image":{"@type":"ImageObject","inLanguage":"es-CO","@id":"https:\/\/www.fiscalia.gov.co\/colombia\/#\/schema\/person\/image\/","url":"https:\/\/secure.gravatar.com\/avatar\/111433fc2acb037ffb768f6a3ca47864?s=96&d=mm&r=g","contentUrl":"https:\/\/secure.gravatar.com\/avatar\/111433fc2acb037ffb768f6a3ca47864?s=96&d=mm&r=g","caption":"Johanna Islenny Prieto Pe\u00f1a"},"url":"https:\/\/www.fiscalia.gov.co\/colombia\/author\/jprietop\/"}]}},"_links":{"self":[{"href":"https:\/\/www.fiscalia.gov.co\/colombia\/wp-json\/wp\/v2\/posts\/318273","targetHints":{"allow":["GET"]}}],"collection":[{"href":"https:\/\/www.fiscalia.gov.co\/colombia\/wp-json\/wp\/v2\/posts"}],"about":[{"href":"https:\/\/www.fiscalia.gov.co\/colombia\/wp-json\/wp\/v2\/types\/post"}],"author":[{"embeddable":true,"href":"https:\/\/www.fiscalia.gov.co\/colombia\/wp-json\/wp\/v2\/users\/181"}],"replies":[{"embeddable":true,"href":"https:\/\/www.fiscalia.gov.co\/colombia\/wp-json\/wp\/v2\/comments?post=318273"}],"version-history":[{"count":2,"href":"https:\/\/www.fiscalia.gov.co\/colombia\/wp-json\/wp\/v2\/posts\/318273\/revisions"}],"predecessor-version":[{"id":318292,"href":"https:\/\/www.fiscalia.gov.co\/colombia\/wp-json\/wp\/v2\/posts\/318273\/revisions\/318292"}],"wp:featuredmedia":[{"embeddable":true,"href":"https:\/\/www.fiscalia.gov.co\/colombia\/wp-json\/wp\/v2\/media\/318288"}],"wp:attachment":[{"href":"https:\/\/www.fiscalia.gov.co\/colombia\/wp-json\/wp\/v2\/media?parent=318273"}],"wp:term":[{"taxonomy":"category","embeddable":true,"href":"https:\/\/www.fiscalia.gov.co\/colombia\/wp-json\/wp\/v2\/categories?post=318273"},{"taxonomy":"post_tag","embeddable":true,"href":"https:\/\/www.fiscalia.gov.co\/colombia\/wp-json\/wp\/v2\/tags?post=318273"}],"curies":[{"name":"wp","href":"https:\/\/api.w.org\/{rel}","templated":true}]}}