{"id":318039,"date":"2025-06-29T10:00:37","date_gmt":"2025-06-29T15:00:37","guid":{"rendered":"https:\/\/www.fiscalia.gov.co\/colombia\/?p=318039"},"modified":"2025-06-29T10:00:37","modified_gmt":"2025-06-29T15:00:37","slug":"judicializado-hombre-que-mantenia-en-cautiverio-y-en-precarias-condiciones-de-cuidado-a-15-animales-domesticos-y-silvestres-en-palmira-valle-del-cauca","status":"publish","type":"post","link":"https:\/\/www.fiscalia.gov.co\/colombia\/noticias\/judicializado-hombre-que-mantenia-en-cautiverio-y-en-precarias-condiciones-de-cuidado-a-15-animales-domesticos-y-silvestres-en-palmira-valle-del-cauca\/","title":{"rendered":"Judicializado hombre que manten\u00eda en cautiverio y en precarias condiciones de cuidado a 15 animales dom\u00e9sticos y silvestres en Palmira (Valle del Cauca)"},"content":{"rendered":"<h4 style=\"font-weight: 400; text-align: center;\"><strong><em>En otro hecho de maltrato y agresi\u00f3n contra los animales ocurrido en C\u00facuta (Norte de Santander), fue imputada una persona que le habr\u00eda causado la muerte a un perro.<\/em><\/strong><\/h4>\n<p style=\"font-weight: 400;\">La Fiscal\u00eda General de la Naci\u00f3n\u00a0present\u00f3 ante un juez de control de garant\u00edas a Darwin Hern\u00e1n Gonz\u00e1lez Dulcey, por <strong>mantener en cautiverio y en precarias condiciones f\u00edsicas y de salud a 15 animales dom\u00e9sticos y silvestres<\/strong> en una\u00a0finca del corregimiento La Dolores, en Palmira (Valle del Cauca).<\/p>\n<p style=\"font-weight: 400;\">Por estos hechos, una\u00a0fiscal local\u00a0de la Seccional Valle del Cauca,\u00a0con el apoyo del Grupo Especial contra el Maltrato Animal (Gelma), imput\u00f3 a esta persona\u00a0los delitos de\u00a0aprovechamiento il\u00edcito de los recursos naturales renovables, muerte al animal y\u00a0<strong>lesiones que menoscaben gravemente la salud o la integridad f\u00edsica del animal,\u00a0estos dos \u00faltimos agravados.<\/strong> El procesado no acept\u00f3 los cargos y deber\u00e1 cumplir medida de aseguramiento privativa de la libertad en su lugar de residencia.<\/p>\n\r\n                <style type=\"text\/css\">\r\n                    \r\n                    #tdi_1  .td-doubleSlider-2 .td-item1 {\r\n                        background: url(https:\/\/www.fiscalia.gov.co\/colombia\/wp-content\/uploads\/foto-4-1-1-80x60.jpeg) 0 0 no-repeat;\r\n                    }\r\n                    #tdi_1  .td-doubleSlider-2 .td-item2 {\r\n                        background: url(https:\/\/www.fiscalia.gov.co\/colombia\/wp-content\/uploads\/foto-2-1-2-80x60.jpeg) 0 0 no-repeat;\r\n                    }\r\n                    #tdi_1  .td-doubleSlider-2 .td-item3 {\r\n                        background: url(https:\/\/www.fiscalia.gov.co\/colombia\/wp-content\/uploads\/foto-5-2-80x60.jpeg) 0 0 no-repeat;\r\n                    }\r\n                    #tdi_1  .td-doubleSlider-2 .td-item4 {\r\n                        background: url(https:\/\/www.fiscalia.gov.co\/colombia\/wp-content\/uploads\/foto1-1-1-80x60.jpeg) 0 0 no-repeat;\r\n                    }\r\n                    #tdi_1  .td-doubleSlider-2 .td-item5 {\r\n                        background: url(https:\/\/www.fiscalia.gov.co\/colombia\/wp-content\/uploads\/foto-6-2-80x60.jpeg) 0 0 no-repeat;\r\n                    }\r\n                    #tdi_1  .td-doubleSlider-2 .td-item6 {\r\n                        background: url(https:\/\/www.fiscalia.gov.co\/colombia\/wp-content\/uploads\/foto-7-1-80x60.jpeg) 0 0 no-repeat;\r\n                    }\r\n                    #tdi_1  .td-doubleSlider-2 .td-item7 {\r\n                        background: url(https:\/\/www.fiscalia.gov.co\/colombia\/wp-content\/uploads\/foto-8-1-80x60.jpeg) 0 0 no-repeat;\r\n                    }\r\n                    #tdi_1  .td-doubleSlider-2 .td-item8 {\r\n                        background: url(https:\/\/www.fiscalia.gov.co\/colombia\/wp-content\/uploads\/foto-3-1-1-80x60.jpeg) 0 0 no-repeat;\r\n                    }\r\n                <\/style>\r\n\r\n                <div id=\"tdi_1\" class=\"td-gallery td-slide-on-2-columns\">\r\n                    <div class=\"post_td_gallery\">\r\n                        <div class=\"td-gallery-slide-top\">\r\n                           <div class=\"td-gallery-title\"><\/div>\r\n\r\n                            <div class=\"td-gallery-controls-wrapper\">\r\n                                <div class=\"td-gallery-slide-count\"><span class=\"td-gallery-slide-item-focus\">1<\/span> de 8<\/div>\r\n                                <div class=\"td-gallery-slide-prev-next-but\">\r\n                                    <i class = \"td-icon-left doubleSliderPrevButton\"><\/i>\r\n                                    <i class = \"td-icon-right doubleSliderNextButton\"><\/i>\r\n                                <\/div>\r\n                            <\/div>\r\n                        <\/div>\r\n\r\n                        <div class = \"td-doubleSlider-1 \">\r\n                            <div class = \"td-slider\">\r\n                                \r\n                    <div class = \"td-slide-item td-item1\">\r\n                        <figure class=\"td-slide-galery-figure td-slide-popup-gallery\">\r\n                            <a class=\"slide-gallery-image-link\" href=\"https:\/\/www.fiscalia.gov.co\/colombia\/wp-content\/uploads\/foto-4-1-1.jpeg\" title=\"foto 4 (1)\"  data-caption=\"\"  data-description=\"\">\r\n                                <img decoding=\"async\" src=\"https:\/\/www.fiscalia.gov.co\/colombia\/wp-content\/uploads\/foto-4-1-1-312x420.jpeg\" srcset=\"https:\/\/www.fiscalia.gov.co\/colombia\/wp-content\/uploads\/foto-4-1-1-312x420.jpeg 312w, https:\/\/www.fiscalia.gov.co\/colombia\/wp-content\/uploads\/foto-4-1-1-223x300.jpeg 223w, https:\/\/www.fiscalia.gov.co\/colombia\/wp-content\/uploads\/foto-4-1-1-762x1024.jpeg 762w, https:\/\/www.fiscalia.gov.co\/colombia\/wp-content\/uploads\/foto-4-1-1-768x1033.jpeg 768w, https:\/\/www.fiscalia.gov.co\/colombia\/wp-content\/uploads\/foto-4-1-1-696x936.jpeg 696w, https:\/\/www.fiscalia.gov.co\/colombia\/wp-content\/uploads\/foto-4-1-1.jpeg 894w\" sizes=\"(max-width: 312px) 100vw, 312px\" alt=\"fotografia de dos perros en una especie de corral, uno de raza putbull y el otro criollo\">\r\n                            <\/a>\r\n                            \r\n                        <\/figure>\r\n                    <\/div>\r\n                    <div class = \"td-slide-item td-item2\">\r\n                        <figure class=\"td-slide-galery-figure td-slide-popup-gallery\">\r\n                            <a class=\"slide-gallery-image-link\" href=\"https:\/\/www.fiscalia.gov.co\/colombia\/wp-content\/uploads\/foto-2-1-2.jpeg\" title=\"foto 2 (1)\"  data-caption=\"\"  data-description=\"\">\r\n                                <img decoding=\"async\" src=\"https:\/\/www.fiscalia.gov.co\/colombia\/wp-content\/uploads\/foto-2-1-2-308x420.jpeg\" srcset=\"https:\/\/www.fiscalia.gov.co\/colombia\/wp-content\/uploads\/foto-2-1-2-308x420.jpeg 308w, https:\/\/www.fiscalia.gov.co\/colombia\/wp-content\/uploads\/foto-2-1-2-220x300.jpeg 220w, https:\/\/www.fiscalia.gov.co\/colombia\/wp-content\/uploads\/foto-2-1-2-752x1024.jpeg 752w, https:\/\/www.fiscalia.gov.co\/colombia\/wp-content\/uploads\/foto-2-1-2-768x1046.jpeg 768w, https:\/\/www.fiscalia.gov.co\/colombia\/wp-content\/uploads\/foto-2-1-2-696x948.jpeg 696w, https:\/\/www.fiscalia.gov.co\/colombia\/wp-content\/uploads\/foto-2-1-2.jpeg 884w\" sizes=\"(max-width: 308px) 100vw, 308px\" alt=\"fotografia de un perro al parecer de raza buldog en grave estado de desnutricion\">\r\n                            <\/a>\r\n                            \r\n                        <\/figure>\r\n                    <\/div>\r\n                    <div class = \"td-slide-item td-item3\">\r\n                        <figure class=\"td-slide-galery-figure td-slide-popup-gallery\">\r\n                            <a class=\"slide-gallery-image-link\" href=\"https:\/\/www.fiscalia.gov.co\/colombia\/wp-content\/uploads\/foto-5-2.jpeg\" title=\"foto 5\"  data-caption=\"\"  data-description=\"\">\r\n                                <img decoding=\"async\" src=\"https:\/\/www.fiscalia.gov.co\/colombia\/wp-content\/uploads\/foto-5-2-311x420.jpeg\" srcset=\"https:\/\/www.fiscalia.gov.co\/colombia\/wp-content\/uploads\/foto-5-2-311x420.jpeg 311w, https:\/\/www.fiscalia.gov.co\/colombia\/wp-content\/uploads\/foto-5-2-222x300.jpeg 222w, https:\/\/www.fiscalia.gov.co\/colombia\/wp-content\/uploads\/foto-5-2-757x1024.jpeg 757w, https:\/\/www.fiscalia.gov.co\/colombia\/wp-content\/uploads\/foto-5-2-768x1038.jpeg 768w, https:\/\/www.fiscalia.gov.co\/colombia\/wp-content\/uploads\/foto-5-2-696x941.jpeg 696w, https:\/\/www.fiscalia.gov.co\/colombia\/wp-content\/uploads\/foto-5-2.jpeg 892w\" sizes=\"(max-width: 311px) 100vw, 311px\" alt=\"fotografia de dos perros, al parecer un de raza bulldog frances y otro de raza beagle, detras de una maya y en estado de desnutricion\">\r\n                            <\/a>\r\n                            \r\n                        <\/figure>\r\n                    <\/div>\r\n                    <div class = \"td-slide-item td-item4\">\r\n                        <figure class=\"td-slide-galery-figure td-slide-popup-gallery\">\r\n                            <a class=\"slide-gallery-image-link\" href=\"https:\/\/www.fiscalia.gov.co\/colombia\/wp-content\/uploads\/foto1-1-1.jpeg\" title=\"foto1 (1)\"  data-caption=\"\"  data-description=\"\">\r\n                                <img decoding=\"async\" src=\"https:\/\/www.fiscalia.gov.co\/colombia\/wp-content\/uploads\/foto1-1-1-339x420.jpeg\" srcset=\"https:\/\/www.fiscalia.gov.co\/colombia\/wp-content\/uploads\/foto1-1-1-339x420.jpeg 339w, https:\/\/www.fiscalia.gov.co\/colombia\/wp-content\/uploads\/foto1-1-1-242x300.jpeg 242w, https:\/\/www.fiscalia.gov.co\/colombia\/wp-content\/uploads\/foto1-1-1-826x1024.jpeg 826w, https:\/\/www.fiscalia.gov.co\/colombia\/wp-content\/uploads\/foto1-1-1-768x952.jpeg 768w, https:\/\/www.fiscalia.gov.co\/colombia\/wp-content\/uploads\/foto1-1-1-324x400.jpeg 324w, https:\/\/www.fiscalia.gov.co\/colombia\/wp-content\/uploads\/foto1-1-1-696x863.jpeg 696w, https:\/\/www.fiscalia.gov.co\/colombia\/wp-content\/uploads\/foto1-1-1.jpeg 976w\" sizes=\"(max-width: 339px) 100vw, 339px\" alt=\"En la imagen se aprecia a varios gatos enjaulados y de color blanco.\">\r\n                            <\/a>\r\n                            \r\n                        <\/figure>\r\n                    <\/div>\r\n                    <div class = \"td-slide-item td-item5\">\r\n                        <figure class=\"td-slide-galery-figure td-slide-popup-gallery\">\r\n                            <a class=\"slide-gallery-image-link\" href=\"https:\/\/www.fiscalia.gov.co\/colombia\/wp-content\/uploads\/foto-6-2.jpeg\" title=\"foto 6\"  data-caption=\"\"  data-description=\"\">\r\n                                <img decoding=\"async\" src=\"https:\/\/www.fiscalia.gov.co\/colombia\/wp-content\/uploads\/foto-6-2-304x420.jpeg\" srcset=\"https:\/\/www.fiscalia.gov.co\/colombia\/wp-content\/uploads\/foto-6-2-304x420.jpeg 304w, https:\/\/www.fiscalia.gov.co\/colombia\/wp-content\/uploads\/foto-6-2-217x300.jpeg 217w, https:\/\/www.fiscalia.gov.co\/colombia\/wp-content\/uploads\/foto-6-2-742x1024.jpeg 742w, https:\/\/www.fiscalia.gov.co\/colombia\/wp-content\/uploads\/foto-6-2-768x1059.jpeg 768w, https:\/\/www.fiscalia.gov.co\/colombia\/wp-content\/uploads\/foto-6-2-696x960.jpeg 696w, https:\/\/www.fiscalia.gov.co\/colombia\/wp-content\/uploads\/foto-6-2.jpeg 880w\" sizes=\"(max-width: 304px) 100vw, 304px\" alt=\"fotografia de tortuga icotea\">\r\n                            <\/a>\r\n                            \r\n                        <\/figure>\r\n                    <\/div>\r\n                    <div class = \"td-slide-item td-item6\">\r\n                        <figure class=\"td-slide-galery-figure td-slide-popup-gallery\">\r\n                            <a class=\"slide-gallery-image-link\" href=\"https:\/\/www.fiscalia.gov.co\/colombia\/wp-content\/uploads\/foto-7-1.jpeg\" title=\"foto 7\"  data-caption=\"\"  data-description=\"\">\r\n                                <img decoding=\"async\" src=\"https:\/\/www.fiscalia.gov.co\/colombia\/wp-content\/uploads\/foto-7-1-302x420.jpeg\" srcset=\"https:\/\/www.fiscalia.gov.co\/colombia\/wp-content\/uploads\/foto-7-1-302x420.jpeg 302w, https:\/\/www.fiscalia.gov.co\/colombia\/wp-content\/uploads\/foto-7-1-216x300.jpeg 216w, https:\/\/www.fiscalia.gov.co\/colombia\/wp-content\/uploads\/foto-7-1-737x1024.jpeg 737w, https:\/\/www.fiscalia.gov.co\/colombia\/wp-content\/uploads\/foto-7-1-768x1067.jpeg 768w, https:\/\/www.fiscalia.gov.co\/colombia\/wp-content\/uploads\/foto-7-1-696x967.jpeg 696w, https:\/\/www.fiscalia.gov.co\/colombia\/wp-content\/uploads\/foto-7-1.jpeg 872w\" sizes=\"(max-width: 302px) 100vw, 302px\" alt=\"fotografia de un perro blanco\">\r\n                            <\/a>\r\n                            \r\n                        <\/figure>\r\n                    <\/div>\r\n                    <div class = \"td-slide-item td-item7\">\r\n                        <figure class=\"td-slide-galery-figure td-slide-popup-gallery\">\r\n                            <a class=\"slide-gallery-image-link\" href=\"https:\/\/www.fiscalia.gov.co\/colombia\/wp-content\/uploads\/foto-8-1.jpeg\" title=\"foto 8\"  data-caption=\"\"  data-description=\"\">\r\n                                <img decoding=\"async\" src=\"https:\/\/www.fiscalia.gov.co\/colombia\/wp-content\/uploads\/foto-8-1-307x420.jpeg\" srcset=\"https:\/\/www.fiscalia.gov.co\/colombia\/wp-content\/uploads\/foto-8-1-307x420.jpeg 307w, https:\/\/www.fiscalia.gov.co\/colombia\/wp-content\/uploads\/foto-8-1-219x300.jpeg 219w, https:\/\/www.fiscalia.gov.co\/colombia\/wp-content\/uploads\/foto-8-1-749x1024.jpeg 749w, https:\/\/www.fiscalia.gov.co\/colombia\/wp-content\/uploads\/foto-8-1-768x1051.jpeg 768w, https:\/\/www.fiscalia.gov.co\/colombia\/wp-content\/uploads\/foto-8-1-696x952.jpeg 696w, https:\/\/www.fiscalia.gov.co\/colombia\/wp-content\/uploads\/foto-8-1.jpeg 886w\" sizes=\"(max-width: 307px) 100vw, 307px\" alt=\"fotografia de un perro criollo sobre una manta\">\r\n                            <\/a>\r\n                            \r\n                        <\/figure>\r\n                    <\/div>\r\n                    <div class = \"td-slide-item td-item8\">\r\n                        <figure class=\"td-slide-galery-figure td-slide-popup-gallery\">\r\n                            <a class=\"slide-gallery-image-link\" href=\"https:\/\/www.fiscalia.gov.co\/colombia\/wp-content\/uploads\/foto-3-1-1.jpeg\" title=\"foto 3 (1)\"  data-caption=\"\"  data-description=\"\">\r\n                                <img decoding=\"async\" src=\"https:\/\/www.fiscalia.gov.co\/colombia\/wp-content\/uploads\/foto-3-1-1-280x420.jpeg\" srcset=\"https:\/\/www.fiscalia.gov.co\/colombia\/wp-content\/uploads\/foto-3-1-1-280x420.jpeg 280w, https:\/\/www.fiscalia.gov.co\/colombia\/wp-content\/uploads\/foto-3-1-1-200x300.jpeg 200w, https:\/\/www.fiscalia.gov.co\/colombia\/wp-content\/uploads\/foto-3-1-1-683x1024.jpeg 683w, https:\/\/www.fiscalia.gov.co\/colombia\/wp-content\/uploads\/foto-3-1-1-768x1152.jpeg 768w, https:\/\/www.fiscalia.gov.co\/colombia\/wp-content\/uploads\/foto-3-1-1-696x1044.jpeg 696w, https:\/\/www.fiscalia.gov.co\/colombia\/wp-content\/uploads\/foto-3-1-1.jpeg 804w\" sizes=\"(max-width: 280px) 100vw, 280px\" alt=\"fotografia de tres perros en pesimas condiciones de salud\">\r\n                            <\/a>\r\n                            \r\n                        <\/figure>\r\n                    <\/div>\r\n                            <\/div>\r\n                        <\/div>\r\n\r\n                        <div class = \"td-doubleSlider-2\">\r\n                            <div class = \"td-slider\">\r\n                                \r\n                    <div class = \"td-button td-item1\">\r\n                        <div class = \"td-border\"><\/div>\r\n                    <\/div>\r\n                    <div class = \"td-button td-item2\">\r\n                        <div class = \"td-border\"><\/div>\r\n                    <\/div>\r\n                    <div class = \"td-button td-item3\">\r\n                        <div class = \"td-border\"><\/div>\r\n                    <\/div>\r\n                    <div class = \"td-button td-item4\">\r\n                        <div class = \"td-border\"><\/div>\r\n                    <\/div>\r\n                    <div class = \"td-button td-item5\">\r\n                        <div class = \"td-border\"><\/div>\r\n                    <\/div>\r\n                    <div class = \"td-button td-item6\">\r\n                        <div class = \"td-border\"><\/div>\r\n                    <\/div>\r\n                    <div class = \"td-button td-item7\">\r\n                        <div class = \"td-border\"><\/div>\r\n                    <\/div>\r\n                    <div class = \"td-button td-item8\">\r\n                        <div class = \"td-border\"><\/div>\r\n                    <\/div>\r\n                            <\/div>\r\n                        <\/div>\r\n\r\n                    <\/div>\r\n\r\n                <\/div>\r\n                \n<p style=\"font-weight: 400;\">El pasado 25 de junio, la Fiscal\u00eda,\u00a0la Polic\u00eda Nacional, la Corporaci\u00f3n Ambiental de Valle del Cauca (CVC) y otras entidades, se trasladaron al inmueble de\u00a0Gonz\u00e1lez Dulcey\u00a0y <strong>encontraron a siete perros y gatos de diferentes razas<\/strong>, un guat\u00edn, dos guacamayas azules, dos loras amaz\u00f3nicas y tres tortugas morrocoy.<\/p>\n<p style=\"font-weight: 400;\">Los animales presentaban deterioro en su salud. Adem\u00e1s, su conservaci\u00f3n y cuidado no eran adecuados. Esto les generaba atrofias musculares, estr\u00e9s y ansiedad.<strong> Por su parte, los dom\u00e9sticos no ten\u00edan registro de haber sido vacunados<\/strong>, ni desparacitados.<\/p>\n<p style=\"font-weight: 400;\"><strong><u>Muerte de un canino en C\u00facuta<\/u><\/strong><\/p>\n<p style=\"font-weight: 400;\">Una fiscal local de la Seccional Norte de Santander imput\u00f3 a Gabriel Malpica Guar\u00edn el delito de muerte a animal agravado. <strong>Los hechos que se le atribuyen ocurrieron el pasado 12 de junio en una vivienda del barrio Do\u00f1a Nidia, en C\u00facuta (Norte de Santander)<\/strong>, cuando at\u00f3 una cuerda al cuello de un perro criollo y lo levant\u00f3 hasta dejarlo inconsciente.<\/p>\n<p style=\"font-weight: 400;\">El hombre habr\u00eda reaccionado violentamente porque el canino se le comi\u00f3 el almuerzo.<\/p>\n<p style=\"font-weight: 400;\">Malpica Guar\u00edn no acept\u00f3 el cargo en su contra y, por disposici\u00f3n de un juez de control de garant\u00edas, deber\u00e1 cumplir medida de aseguramiento no privativa de la libertad.<\/p>\n<p>&nbsp;<\/p>\n<p>&nbsp;<\/p>\n<p>&nbsp;<\/p>\n<p>&nbsp;<\/p>\n<p style=\"font-weight: 400;\">LYBT\/JARG\/ MG\/JMT\/GG\/<\/p>\n<p style=\"font-weight: 400;\">\n<p>&nbsp;<\/p>\n<p>&nbsp;<\/p>\n<p>&nbsp;<\/p>\n<p>&nbsp;<\/p>\n<div class=\"td-post-content tagdiv-type\">\n<div class=\"td-post-content tagdiv-type\">\n<div class=\"td-post-content tagdiv-type\">\n<div class=\"td-post-content tagdiv-type\">\n<p><em>La informaci\u00f3n contenida en este bolet\u00edn de prensa corresponde a la narraci\u00f3n de los hechos noticiosos objetivos, suministrados por los funcionarios encargados de adelantar las investigaciones penales al interior de la Fiscal\u00eda General de la Naci\u00f3n. Para el momento de la divulgaci\u00f3n de este comunicado, la situaci\u00f3n jur\u00eddica de la(s) persona(s) relacionada(s) se encuentra pendiente de resolver por la autoridad judicial competente, siempre bajo los preceptos de la presunci\u00f3n de inocencia, consagrados en el art\u00edculo 29 de la Constituci\u00f3n Pol\u00edtica y el art\u00edculo 7\u00ba de la Ley 906 de 2004.<\/em><\/p>\n<\/div>\n<footer>\n<div class=\"td-post-sharing-bottom\"><\/div>\n<\/footer>\n<\/div>\n<\/div>\n<\/div>\n<footer>\n<div class=\"td-post-source-tags\"><\/div>\n<div class=\"td-post-sharing-bottom\"><\/div>\n<\/footer>\n\n<div class=\"twitter-share\"><a href=\"https:\/\/twitter.com\/intent\/tweet?via=fiscaliacol\" class=\"twitter-share-button\">Tweet<\/a><\/div>\n","protected":false},"excerpt":{"rendered":"<p>En otro hecho de maltrato y agresi\u00f3n contra los animales ocurrido en C\u00facuta (Norte de Santander), fue imputada una persona que le habr\u00eda causado la muerte a un perro. La Fiscal\u00eda General de la Naci\u00f3n\u00a0present\u00f3 ante un juez de control de garant\u00edas a Darwin Hern\u00e1n Gonz\u00e1lez Dulcey, por mantener en cautiverio y en precarias condiciones [&hellip;]<\/p>\n","protected":false},"author":177,"featured_media":0,"comment_status":"closed","ping_status":"open","sticky":false,"template":"","format":"video","meta":{"tdm_status":"","tdm_grid_status":"","footnotes":""},"categories":[1],"tags":[38906,30445,23826,37492,1047,24282,18566],"class_list":{"0":"post-318039","1":"post","2":"type-post","3":"status-publish","4":"format-video","6":"category-noticias","7":"tag-animales-domesticos","8":"tag-animales-silvestres","9":"tag-cucuta","10":"tag-fiscal-luz-adriana-camargo","11":"tag-fiscalia-general-de-la-nacion","12":"tag-gelma","13":"tag-maltrato-animal","14":"post_format-post-format-video"},"yoast_head":"<!-- This site is optimized with the Yoast SEO plugin v24.3 - https:\/\/yoast.com\/wordpress\/plugins\/seo\/ -->\n<title>Fiscal\u00eda General de la Naci\u00f3n<\/title>\n<meta name=\"description\" content=\"P\u00e1gina oficial de la Fiscal\u00eda General de la Naci\u00f3n \u2013 Colombia. Garantizamos el acceso efectivo a la justicia, la verdad y la reparaci\u00f3n de las v\u00edctimas de los delitos.\" \/>\n<meta name=\"robots\" content=\"noindex, follow\" \/>\n<meta property=\"og:locale\" content=\"es_ES\" \/>\n<meta property=\"og:type\" content=\"article\" \/>\n<meta property=\"og:title\" content=\"Fiscal\u00eda General de la Naci\u00f3n\" \/>\n<meta property=\"og:description\" content=\"P\u00e1gina oficial de la Fiscal\u00eda General de la Naci\u00f3n \u2013 Colombia. Garantizamos el acceso efectivo a la justicia, la verdad y la reparaci\u00f3n de las v\u00edctimas de los delitos.\" \/>\n<meta property=\"og:url\" content=\"https:\/\/www.fiscalia.gov.co\/colombia\/noticias\/judicializado-hombre-que-mantenia-en-cautiverio-y-en-precarias-condiciones-de-cuidado-a-15-animales-domesticos-y-silvestres-en-palmira-valle-del-cauca\/\" \/>\n<meta property=\"og:site_name\" content=\"Fiscal\u00eda General de la Naci\u00f3n\" \/>\n<meta property=\"article:publisher\" content=\"https:\/\/www.facebook.com\/FiscaliaCol\" \/>\n<meta property=\"article:published_time\" content=\"2025-06-29T15:00:37+00:00\" \/>\n<meta property=\"og:image\" content=\"https:\/\/www.fiscalia.gov.co\/colombia\/wp-content\/uploads\/foto-4-1-1-312x420.jpeg\" \/>\n<meta name=\"author\" content=\"Jordan Leandro Oviedo Anzola\" \/>\n<meta name=\"twitter:card\" content=\"summary_large_image\" \/>\n<meta name=\"twitter:creator\" content=\"@FiscaliaCol\" \/>\n<meta name=\"twitter:site\" content=\"@FiscaliaCol\" \/>\n<meta name=\"twitter:label1\" content=\"Escrito por\" \/>\n\t<meta name=\"twitter:data1\" content=\"Jordan Leandro Oviedo Anzola\" \/>\n\t<meta name=\"twitter:label2\" content=\"Tiempo de lectura\" \/>\n\t<meta name=\"twitter:data2\" content=\"3 minutos\" \/>\n<script type=\"application\/ld+json\" class=\"yoast-schema-graph\">{\"@context\":\"https:\/\/schema.org\",\"@graph\":[{\"@type\":\"Article\",\"@id\":\"https:\/\/www.fiscalia.gov.co\/colombia\/noticias\/judicializado-hombre-que-mantenia-en-cautiverio-y-en-precarias-condiciones-de-cuidado-a-15-animales-domesticos-y-silvestres-en-palmira-valle-del-cauca\/#article\",\"isPartOf\":{\"@id\":\"https:\/\/www.fiscalia.gov.co\/colombia\/noticias\/judicializado-hombre-que-mantenia-en-cautiverio-y-en-precarias-condiciones-de-cuidado-a-15-animales-domesticos-y-silvestres-en-palmira-valle-del-cauca\/\"},\"author\":{\"name\":\"Jordan Leandro Oviedo Anzola\",\"@id\":\"https:\/\/www.fiscalia.gov.co\/colombia\/#\/schema\/person\/bf84402cf293a5393e9c70b111020b24\"},\"headline\":\"Judicializado hombre que manten\u00eda en cautiverio y en precarias condiciones de cuidado a 15 animales dom\u00e9sticos y silvestres en Palmira (Valle del Cauca)\",\"datePublished\":\"2025-06-29T15:00:37+00:00\",\"dateModified\":\"2025-06-29T15:00:37+00:00\",\"mainEntityOfPage\":{\"@id\":\"https:\/\/www.fiscalia.gov.co\/colombia\/noticias\/judicializado-hombre-que-mantenia-en-cautiverio-y-en-precarias-condiciones-de-cuidado-a-15-animales-domesticos-y-silvestres-en-palmira-valle-del-cauca\/\"},\"wordCount\":526,\"publisher\":{\"@id\":\"https:\/\/www.fiscalia.gov.co\/colombia\/#organization\"},\"keywords\":[\"animales dom\u00e9sticos\",\"animales silvestres\",\"C\u00facuta\",\"Fiscal Luz Adriana Camargo\",\"Fiscal\u00eda General de la Naci\u00f3n\",\"Gelma\",\"Maltrato animal\"],\"articleSection\":[\"Noticias\"],\"inLanguage\":\"es-CO\"},{\"@type\":\"WebPage\",\"@id\":\"https:\/\/www.fiscalia.gov.co\/colombia\/noticias\/judicializado-hombre-que-mantenia-en-cautiverio-y-en-precarias-condiciones-de-cuidado-a-15-animales-domesticos-y-silvestres-en-palmira-valle-del-cauca\/\",\"url\":\"https:\/\/www.fiscalia.gov.co\/colombia\/noticias\/judicializado-hombre-que-mantenia-en-cautiverio-y-en-precarias-condiciones-de-cuidado-a-15-animales-domesticos-y-silvestres-en-palmira-valle-del-cauca\/\",\"name\":\"Fiscal\u00eda General de la Naci\u00f3n\",\"isPartOf\":{\"@id\":\"https:\/\/www.fiscalia.gov.co\/colombia\/#website\"},\"datePublished\":\"2025-06-29T15:00:37+00:00\",\"dateModified\":\"2025-06-29T15:00:37+00:00\",\"description\":\"P\u00e1gina oficial de la Fiscal\u00eda General de la Naci\u00f3n \u2013 Colombia. Garantizamos el acceso efectivo a la justicia, la verdad y la reparaci\u00f3n de las v\u00edctimas de los delitos.\",\"breadcrumb\":{\"@id\":\"https:\/\/www.fiscalia.gov.co\/colombia\/noticias\/judicializado-hombre-que-mantenia-en-cautiverio-y-en-precarias-condiciones-de-cuidado-a-15-animales-domesticos-y-silvestres-en-palmira-valle-del-cauca\/#breadcrumb\"},\"inLanguage\":\"es-CO\",\"potentialAction\":[{\"@type\":\"ReadAction\",\"target\":[\"https:\/\/www.fiscalia.gov.co\/colombia\/noticias\/judicializado-hombre-que-mantenia-en-cautiverio-y-en-precarias-condiciones-de-cuidado-a-15-animales-domesticos-y-silvestres-en-palmira-valle-del-cauca\/\"]}]},{\"@type\":\"BreadcrumbList\",\"@id\":\"https:\/\/www.fiscalia.gov.co\/colombia\/noticias\/judicializado-hombre-que-mantenia-en-cautiverio-y-en-precarias-condiciones-de-cuidado-a-15-animales-domesticos-y-silvestres-en-palmira-valle-del-cauca\/#breadcrumb\",\"itemListElement\":[{\"@type\":\"ListItem\",\"position\":1,\"name\":\"Home\",\"item\":\"https:\/\/www.fiscalia.gov.co\/colombia\/\"},{\"@type\":\"ListItem\",\"position\":2,\"name\":\"Judicializado hombre que manten\u00eda en cautiverio y en precarias condiciones de cuidado a 15 animales dom\u00e9sticos y silvestres en Palmira (Valle del Cauca)\"}]},{\"@type\":\"WebSite\",\"@id\":\"https:\/\/www.fiscalia.gov.co\/colombia\/#website\",\"url\":\"https:\/\/www.fiscalia.gov.co\/colombia\/\",\"name\":\"Fiscal\u00eda General de la Naci\u00f3n\",\"description\":\"P\u00e1gina oficial de la Fiscal\u00eda General de la Naci\u00f3n \u2013 Colombia. Garantizamos el acceso efectivo a la justicia, la verdad y la reparaci\u00f3n de las v\u00edctimas de los delitos.\",\"publisher\":{\"@id\":\"https:\/\/www.fiscalia.gov.co\/colombia\/#organization\"},\"potentialAction\":[{\"@type\":\"SearchAction\",\"target\":{\"@type\":\"EntryPoint\",\"urlTemplate\":\"https:\/\/www.fiscalia.gov.co\/colombia\/?s={search_term_string}\"},\"query-input\":{\"@type\":\"PropertyValueSpecification\",\"valueRequired\":true,\"valueName\":\"search_term_string\"}}],\"inLanguage\":\"es-CO\"},{\"@type\":\"Organization\",\"@id\":\"https:\/\/www.fiscalia.gov.co\/colombia\/#organization\",\"name\":\"Fiscal\u00eda General de la Naci\u00f3n\",\"url\":\"https:\/\/www.fiscalia.gov.co\/colombia\/\",\"logo\":{\"@type\":\"ImageObject\",\"inLanguage\":\"es-CO\",\"@id\":\"https:\/\/www.fiscalia.gov.co\/colombia\/#\/schema\/logo\/image\/\",\"url\":\"https:\/\/www.fiscalia.gov.co\/colombia\/wp-content\/uploads\/LogoHorizontal_1.jpg\",\"contentUrl\":\"https:\/\/www.fiscalia.gov.co\/colombia\/wp-content\/uploads\/LogoHorizontal_1.jpg\",\"width\":300,\"height\":90,\"caption\":\"Fiscal\u00eda General de la Naci\u00f3n\"},\"image\":{\"@id\":\"https:\/\/www.fiscalia.gov.co\/colombia\/#\/schema\/logo\/image\/\"},\"sameAs\":[\"https:\/\/www.facebook.com\/FiscaliaCol\",\"https:\/\/x.com\/FiscaliaCol\",\"https:\/\/www.instagram.com\/fiscaliacol\",\"https:\/\/www.linkedin.com\/company\/fiscalia-general-de-la-naci-n\/\",\"https:\/\/youtube.com\/@fiscaliageneraldelanacion-4668?si=6nN79nyQICPU5iTh\"]},{\"@type\":\"Person\",\"@id\":\"https:\/\/www.fiscalia.gov.co\/colombia\/#\/schema\/person\/bf84402cf293a5393e9c70b111020b24\",\"name\":\"Jordan Leandro Oviedo Anzola\",\"image\":{\"@type\":\"ImageObject\",\"inLanguage\":\"es-CO\",\"@id\":\"https:\/\/www.fiscalia.gov.co\/colombia\/#\/schema\/person\/image\/\",\"url\":\"https:\/\/secure.gravatar.com\/avatar\/dabba4346fa9b9207d96adafa8f92721?s=96&d=mm&r=g\",\"contentUrl\":\"https:\/\/secure.gravatar.com\/avatar\/dabba4346fa9b9207d96adafa8f92721?s=96&d=mm&r=g\",\"caption\":\"Jordan Leandro Oviedo Anzola\"},\"url\":\"https:\/\/www.fiscalia.gov.co\/colombia\/author\/joviedo\/\"}]}<\/script>\n<!-- \/ Yoast SEO plugin. -->","yoast_head_json":{"title":"Fiscal\u00eda General de la Naci\u00f3n","description":"P\u00e1gina oficial de la Fiscal\u00eda General de la Naci\u00f3n \u2013 Colombia. Garantizamos el acceso efectivo a la justicia, la verdad y la reparaci\u00f3n de las v\u00edctimas de los delitos.","robots":{"index":"noindex","follow":"follow"},"og_locale":"es_ES","og_type":"article","og_title":"Fiscal\u00eda General de la Naci\u00f3n","og_description":"P\u00e1gina oficial de la Fiscal\u00eda General de la Naci\u00f3n \u2013 Colombia. Garantizamos el acceso efectivo a la justicia, la verdad y la reparaci\u00f3n de las v\u00edctimas de los delitos.","og_url":"https:\/\/www.fiscalia.gov.co\/colombia\/noticias\/judicializado-hombre-que-mantenia-en-cautiverio-y-en-precarias-condiciones-de-cuidado-a-15-animales-domesticos-y-silvestres-en-palmira-valle-del-cauca\/","og_site_name":"Fiscal\u00eda General de la Naci\u00f3n","article_publisher":"https:\/\/www.facebook.com\/FiscaliaCol","article_published_time":"2025-06-29T15:00:37+00:00","og_image":[{"url":"https:\/\/www.fiscalia.gov.co\/colombia\/wp-content\/uploads\/foto-4-1-1-312x420.jpeg","type":"","width":"","height":""}],"author":"Jordan Leandro Oviedo Anzola","twitter_card":"summary_large_image","twitter_creator":"@FiscaliaCol","twitter_site":"@FiscaliaCol","twitter_misc":{"Escrito por":"Jordan Leandro Oviedo Anzola","Tiempo de lectura":"3 minutos"},"schema":{"@context":"https:\/\/schema.org","@graph":[{"@type":"Article","@id":"https:\/\/www.fiscalia.gov.co\/colombia\/noticias\/judicializado-hombre-que-mantenia-en-cautiverio-y-en-precarias-condiciones-de-cuidado-a-15-animales-domesticos-y-silvestres-en-palmira-valle-del-cauca\/#article","isPartOf":{"@id":"https:\/\/www.fiscalia.gov.co\/colombia\/noticias\/judicializado-hombre-que-mantenia-en-cautiverio-y-en-precarias-condiciones-de-cuidado-a-15-animales-domesticos-y-silvestres-en-palmira-valle-del-cauca\/"},"author":{"name":"Jordan Leandro Oviedo Anzola","@id":"https:\/\/www.fiscalia.gov.co\/colombia\/#\/schema\/person\/bf84402cf293a5393e9c70b111020b24"},"headline":"Judicializado hombre que manten\u00eda en cautiverio y en precarias condiciones de cuidado a 15 animales dom\u00e9sticos y silvestres en Palmira (Valle del Cauca)","datePublished":"2025-06-29T15:00:37+00:00","dateModified":"2025-06-29T15:00:37+00:00","mainEntityOfPage":{"@id":"https:\/\/www.fiscalia.gov.co\/colombia\/noticias\/judicializado-hombre-que-mantenia-en-cautiverio-y-en-precarias-condiciones-de-cuidado-a-15-animales-domesticos-y-silvestres-en-palmira-valle-del-cauca\/"},"wordCount":526,"publisher":{"@id":"https:\/\/www.fiscalia.gov.co\/colombia\/#organization"},"keywords":["animales dom\u00e9sticos","animales silvestres","C\u00facuta","Fiscal Luz Adriana Camargo","Fiscal\u00eda General de la Naci\u00f3n","Gelma","Maltrato animal"],"articleSection":["Noticias"],"inLanguage":"es-CO"},{"@type":"WebPage","@id":"https:\/\/www.fiscalia.gov.co\/colombia\/noticias\/judicializado-hombre-que-mantenia-en-cautiverio-y-en-precarias-condiciones-de-cuidado-a-15-animales-domesticos-y-silvestres-en-palmira-valle-del-cauca\/","url":"https:\/\/www.fiscalia.gov.co\/colombia\/noticias\/judicializado-hombre-que-mantenia-en-cautiverio-y-en-precarias-condiciones-de-cuidado-a-15-animales-domesticos-y-silvestres-en-palmira-valle-del-cauca\/","name":"Fiscal\u00eda General de la Naci\u00f3n","isPartOf":{"@id":"https:\/\/www.fiscalia.gov.co\/colombia\/#website"},"datePublished":"2025-06-29T15:00:37+00:00","dateModified":"2025-06-29T15:00:37+00:00","description":"P\u00e1gina oficial de la Fiscal\u00eda General de la Naci\u00f3n \u2013 Colombia. Garantizamos el acceso efectivo a la justicia, la verdad y la reparaci\u00f3n de las v\u00edctimas de los delitos.","breadcrumb":{"@id":"https:\/\/www.fiscalia.gov.co\/colombia\/noticias\/judicializado-hombre-que-mantenia-en-cautiverio-y-en-precarias-condiciones-de-cuidado-a-15-animales-domesticos-y-silvestres-en-palmira-valle-del-cauca\/#breadcrumb"},"inLanguage":"es-CO","potentialAction":[{"@type":"ReadAction","target":["https:\/\/www.fiscalia.gov.co\/colombia\/noticias\/judicializado-hombre-que-mantenia-en-cautiverio-y-en-precarias-condiciones-de-cuidado-a-15-animales-domesticos-y-silvestres-en-palmira-valle-del-cauca\/"]}]},{"@type":"BreadcrumbList","@id":"https:\/\/www.fiscalia.gov.co\/colombia\/noticias\/judicializado-hombre-que-mantenia-en-cautiverio-y-en-precarias-condiciones-de-cuidado-a-15-animales-domesticos-y-silvestres-en-palmira-valle-del-cauca\/#breadcrumb","itemListElement":[{"@type":"ListItem","position":1,"name":"Home","item":"https:\/\/www.fiscalia.gov.co\/colombia\/"},{"@type":"ListItem","position":2,"name":"Judicializado hombre que manten\u00eda en cautiverio y en precarias condiciones de cuidado a 15 animales dom\u00e9sticos y silvestres en Palmira (Valle del Cauca)"}]},{"@type":"WebSite","@id":"https:\/\/www.fiscalia.gov.co\/colombia\/#website","url":"https:\/\/www.fiscalia.gov.co\/colombia\/","name":"Fiscal\u00eda General de la Naci\u00f3n","description":"P\u00e1gina oficial de la Fiscal\u00eda General de la Naci\u00f3n \u2013 Colombia. Garantizamos el acceso efectivo a la justicia, la verdad y la reparaci\u00f3n de las v\u00edctimas de los delitos.","publisher":{"@id":"https:\/\/www.fiscalia.gov.co\/colombia\/#organization"},"potentialAction":[{"@type":"SearchAction","target":{"@type":"EntryPoint","urlTemplate":"https:\/\/www.fiscalia.gov.co\/colombia\/?s={search_term_string}"},"query-input":{"@type":"PropertyValueSpecification","valueRequired":true,"valueName":"search_term_string"}}],"inLanguage":"es-CO"},{"@type":"Organization","@id":"https:\/\/www.fiscalia.gov.co\/colombia\/#organization","name":"Fiscal\u00eda General de la Naci\u00f3n","url":"https:\/\/www.fiscalia.gov.co\/colombia\/","logo":{"@type":"ImageObject","inLanguage":"es-CO","@id":"https:\/\/www.fiscalia.gov.co\/colombia\/#\/schema\/logo\/image\/","url":"https:\/\/www.fiscalia.gov.co\/colombia\/wp-content\/uploads\/LogoHorizontal_1.jpg","contentUrl":"https:\/\/www.fiscalia.gov.co\/colombia\/wp-content\/uploads\/LogoHorizontal_1.jpg","width":300,"height":90,"caption":"Fiscal\u00eda General de la Naci\u00f3n"},"image":{"@id":"https:\/\/www.fiscalia.gov.co\/colombia\/#\/schema\/logo\/image\/"},"sameAs":["https:\/\/www.facebook.com\/FiscaliaCol","https:\/\/x.com\/FiscaliaCol","https:\/\/www.instagram.com\/fiscaliacol","https:\/\/www.linkedin.com\/company\/fiscalia-general-de-la-naci-n\/","https:\/\/youtube.com\/@fiscaliageneraldelanacion-4668?si=6nN79nyQICPU5iTh"]},{"@type":"Person","@id":"https:\/\/www.fiscalia.gov.co\/colombia\/#\/schema\/person\/bf84402cf293a5393e9c70b111020b24","name":"Jordan Leandro Oviedo Anzola","image":{"@type":"ImageObject","inLanguage":"es-CO","@id":"https:\/\/www.fiscalia.gov.co\/colombia\/#\/schema\/person\/image\/","url":"https:\/\/secure.gravatar.com\/avatar\/dabba4346fa9b9207d96adafa8f92721?s=96&d=mm&r=g","contentUrl":"https:\/\/secure.gravatar.com\/avatar\/dabba4346fa9b9207d96adafa8f92721?s=96&d=mm&r=g","caption":"Jordan Leandro Oviedo Anzola"},"url":"https:\/\/www.fiscalia.gov.co\/colombia\/author\/joviedo\/"}]}},"_links":{"self":[{"href":"https:\/\/www.fiscalia.gov.co\/colombia\/wp-json\/wp\/v2\/posts\/318039","targetHints":{"allow":["GET"]}}],"collection":[{"href":"https:\/\/www.fiscalia.gov.co\/colombia\/wp-json\/wp\/v2\/posts"}],"about":[{"href":"https:\/\/www.fiscalia.gov.co\/colombia\/wp-json\/wp\/v2\/types\/post"}],"author":[{"embeddable":true,"href":"https:\/\/www.fiscalia.gov.co\/colombia\/wp-json\/wp\/v2\/users\/177"}],"replies":[{"embeddable":true,"href":"https:\/\/www.fiscalia.gov.co\/colombia\/wp-json\/wp\/v2\/comments?post=318039"}],"version-history":[{"count":2,"href":"https:\/\/www.fiscalia.gov.co\/colombia\/wp-json\/wp\/v2\/posts\/318039\/revisions"}],"predecessor-version":[{"id":318049,"href":"https:\/\/www.fiscalia.gov.co\/colombia\/wp-json\/wp\/v2\/posts\/318039\/revisions\/318049"}],"wp:attachment":[{"href":"https:\/\/www.fiscalia.gov.co\/colombia\/wp-json\/wp\/v2\/media?parent=318039"}],"wp:term":[{"taxonomy":"category","embeddable":true,"href":"https:\/\/www.fiscalia.gov.co\/colombia\/wp-json\/wp\/v2\/categories?post=318039"},{"taxonomy":"post_tag","embeddable":true,"href":"https:\/\/www.fiscalia.gov.co\/colombia\/wp-json\/wp\/v2\/tags?post=318039"}],"curies":[{"name":"wp","href":"https:\/\/api.w.org\/{rel}","templated":true}]}}