{"id":317889,"date":"2025-06-25T18:01:57","date_gmt":"2025-06-25T23:01:57","guid":{"rendered":"https:\/\/www.fiscalia.gov.co\/colombia\/?p=317889"},"modified":"2025-06-25T18:07:09","modified_gmt":"2025-06-25T23:07:09","slug":"fiscalia-acusa-a-la-exministra-del-deporte-maria-isabel-urrutia-por-irregularidades-en-el-tramite-y-celebracion-de-mas-de-100-contratos-de-prestacion-de-servicios-y-de-apoyo","status":"publish","type":"post","link":"https:\/\/www.fiscalia.gov.co\/colombia\/noticias\/fiscalia-acusa-a-la-exministra-del-deporte-maria-isabel-urrutia-por-irregularidades-en-el-tramite-y-celebracion-de-mas-de-100-contratos-de-prestacion-de-servicios-y-de-apoyo\/","title":{"rendered":"Fiscal\u00eda acusa a la exministra del Deporte Mar\u00eda Isabel Urrutia por irregularidades en el tr\u00e1mite y celebraci\u00f3n de m\u00e1s de 100 contratos de prestaci\u00f3n de servicios y de apoyo"},"content":{"rendered":"<blockquote>\n<h4 class=\"s5\"><em><strong><span class=\"s6\"><span class=\"bumpedFont15\">\u00a0Una vez <\/span><\/span><span class=\"s6\"><span class=\"bumpedFont15\">el <\/span><\/span><span class=\"s6\"><span class=\"bumpedFont15\">Presidente de la Rep\u00fablica le solicit\u00f3 la renuncia, la exfuncionaria habr\u00eda ordenado dar por terminados 104 contratos<\/span><\/span><span class=\"s6\"><span class=\"bumpedFont15\"> para volverlos a suscribir horas despu\u00e9s.<\/span><\/span><\/strong><\/em><\/h4>\n<\/blockquote>\n<p class=\"s9\"><span class=\"s8\"><span class=\"bumpedFont15\">La Fiscal\u00eda General de la Naci\u00f3n acus\u00f3 formalmente <\/span><\/span><span class=\"s8\"><span class=\"bumpedFont15\">a la exministra del Deporte, Mar\u00eda Isabel Urrutia <\/span><\/span><span class=\"s8\"><span class=\"bumpedFont15\">Ocor\u00f3<\/span><\/span><span class=\"s8\"><span class=\"bumpedFont15\">, por su presunta responsabilidad en el tr\u00e1mite y celebraci\u00f3n de m\u00faltiples contratos<\/span><\/span><span class=\"s8\"><span class=\"bumpedFont15\"> de prestaci\u00f3n de servicios y de apoyo a la gesti\u00f3n<\/span><\/span><span class=\"s8\"><span class=\"bumpedFont15\">, desconociendo las normas de la contrataci\u00f3n p\u00fablica.<\/span><\/span><\/p>\n<figure id=\"attachment_317893\" aria-describedby=\"caption-attachment-317893\" style=\"width: 293px\" class=\"wp-caption alignnone\"><img loading=\"lazy\" decoding=\"async\" class=\"size-medium wp-image-317893\" src=\"https:\/\/www.fiscalia.gov.co\/colombia\/wp-content\/uploads\/c40962e5-1789-4f03-a465-2c70e5b8db12-293x300.jpeg\" alt=\"En la imagen se ve a la exministra Maria Isabel Urrutia con una paloleta azul en la cabeza y una blusa a cuasdros rojo con blanco. De fondo un mueble con varios libros.\" width=\"293\" height=\"300\" srcset=\"https:\/\/www.fiscalia.gov.co\/colombia\/wp-content\/uploads\/c40962e5-1789-4f03-a465-2c70e5b8db12-293x300.jpeg 293w, https:\/\/www.fiscalia.gov.co\/colombia\/wp-content\/uploads\/c40962e5-1789-4f03-a465-2c70e5b8db12-768x786.jpeg 768w, https:\/\/www.fiscalia.gov.co\/colombia\/wp-content\/uploads\/c40962e5-1789-4f03-a465-2c70e5b8db12-410x420.jpeg 410w, https:\/\/www.fiscalia.gov.co\/colombia\/wp-content\/uploads\/c40962e5-1789-4f03-a465-2c70e5b8db12-696x712.jpeg 696w, https:\/\/www.fiscalia.gov.co\/colombia\/wp-content\/uploads\/c40962e5-1789-4f03-a465-2c70e5b8db12-356x364.jpeg 356w, https:\/\/www.fiscalia.gov.co\/colombia\/wp-content\/uploads\/c40962e5-1789-4f03-a465-2c70e5b8db12.jpeg 990w\" sizes=\"auto, (max-width: 293px) 100vw, 293px\" \/><figcaption id=\"caption-attachment-317893\" class=\"wp-caption-text\">Imagen de Mar\u00eda Isabel Urruita durante la audiencia de acusaci\u00f3n.<\/figcaption><\/figure>\n<p class=\"s9\"><span class=\"s8\"><span class=\"bumpedFont15\">En el curso de la investigaci\u00f3n se estableci\u00f3 que, luego de <\/span><\/span><span class=\"s8\"><span class=\"bumpedFont15\">que el Presidente de la Rep\u00fablica <\/span><\/span><span class=\"s8\"><span class=\"bumpedFont15\">le solicit\u00f3<\/span><\/span><span class=\"s8\"><span class=\"bumpedFont15\"> p\u00fablicamente la renuncia, la noche del 27 de febrero<\/span><\/span><span class=\"s8\"><span class=\"bumpedFont15\"> de 2023<\/span><\/span><span class=\"s8\"><span class=\"bumpedFont15\">, la exfuncionaria habr\u00eda ordenado dar por terminado de manera selectiva y subjetiva 104 contratos, los cuales ten\u00edan una vigencia de cuatro meses.<\/span><\/span><\/p>\n<p class=\"s9\"><span class=\"s8\"><span class=\"bumpedFont15\">Los contratistas suscribieron un acta de terminaci\u00f3n anticipada, argumentando motivos personales. Sin embargo, d\u00edas despu\u00e9s<\/span><\/span><span class=\"s8\"><span class=\"bumpedFont15\"> y<\/span><\/span><span class=\"s8\"><span class=\"bumpedFont15\"> por instrucci\u00f3n de la entonces ministra fueron contratados nuevamente, pero <\/span><\/span><span class=\"s8\"><span class=\"bumpedFont15\">con<\/span><\/span><span class=\"s8\"><span class=\"bumpedFont15\"> un t\u00e9rmino mayor, que se extend\u00eda hasta el 31 de diciembre de 2023.<\/span><\/span><\/p>\n<p class=\"s9\"><span class=\"s8\"><span class=\"bumpedFont15\">De esta manera, Urrutia <\/span><\/span><span class=\"s8\"><span class=\"bumpedFont15\">Ocor\u00f3<\/span><\/span><span class=\"s8\"><span class=\"bumpedFont15\"> pretend\u00eda <\/span><\/span><span class=\"s8\"><span class=\"bumpedFont15\">darles<\/span><\/span><span class=\"s8\"><span class=\"bumpedFont15\"> continuidad laboral a personas cercanas o referidas para que siguieran vinculadas con el Ministerio del Deporte, a pesar de su salida de la cartera.<\/span><\/span><\/p>\n<p class=\"s9\"><span class=\"s8\"><span class=\"bumpedFont15\">Por estos hechos, u<\/span><\/span><span class=\"s8\"><span class=\"bumpedFont15\">n fiscal delegado ante la Corte Suprema de Justicia <\/span><\/span><a name=\"_GoBack\"><\/a><span class=\"s8\"><span class=\"bumpedFont15\">acus\u00f3<\/span><\/span><span class=\"s8\"><span class=\"bumpedFont15\"> a la exministra<\/span><\/span><span class=\"s8\"><span class=\"bumpedFont15\"> por el delito de <\/span><\/span><span class=\"s8\"><span class=\"bumpedFont15\">contrato sin cumplimento de requisitos legales. <\/span><\/span><span class=\"s8\"><span class=\"bumpedFont15\">Las audiencias preparatorias de juicio comenzar\u00e1n en la fecha que fije la Sala Especial de Primera Instancia de la Corte Suprema de Justicia. <\/span><\/span><\/p>\n<p class=\"s9\"><span class=\"s8\"><span class=\"bumpedFont15\">Esta informaci\u00f3n se publica por razones de inter\u00e9s general.<\/span><\/span><\/p>\n<p class=\"s9\"><span class=\"s8\"><span class=\"bumpedFont15\">LMFO\/<\/span><\/span><span class=\"s8\"><span class=\"bumpedFont15\">JARG\/<\/span><\/span><span class=\"s8\"><span class=\"bumpedFont15\">GFSV\/UFDCSJ.<\/span><\/span><\/p>\n<p>&nbsp;<\/p>\n<p>&nbsp;<\/p>\n<p><em>La\u00a0 informaci\u00f3n contenida en este bolet\u00edn de prensa corresponde a la narraci\u00f3n de los hechos noticiosos objetivos, suministrados por los funcionarios encargados de adelantar las investigaciones penales al interior de la Fiscal\u00eda General de la Naci\u00f3n. Para el momento de la divulgaci\u00f3n de este comunicado, la situaci\u00f3n jur\u00eddica de la(s) persona(s) relacionada(s) se encuentra pendiente de resolver por la autoridad judicial competente, siempre bajo los preceptos de la presunci\u00f3n de inocencia, consagrados en el art\u00edculo 29 de la Constituci\u00f3n Pol\u00edtica y el art\u00edculo 7\u00ba de la Ley 906 de 2004<\/em><\/p>\n<p>&nbsp;<\/p>\n\n<div class=\"twitter-share\"><a href=\"https:\/\/twitter.com\/intent\/tweet?via=fiscaliacol\" class=\"twitter-share-button\">Tweet<\/a><\/div>\n","protected":false},"excerpt":{"rendered":"<p>\u00a0Una vez el Presidente de la Rep\u00fablica le solicit\u00f3 la renuncia, la exfuncionaria habr\u00eda ordenado dar por terminados 104 contratos para volverlos a suscribir horas despu\u00e9s. La Fiscal\u00eda General de la Naci\u00f3n acus\u00f3 formalmente a la exministra del Deporte, Mar\u00eda Isabel Urrutia Ocor\u00f3, por su presunta responsabilidad en el tr\u00e1mite y celebraci\u00f3n de m\u00faltiples contratos [&hellip;]<\/p>\n","protected":false},"author":181,"featured_media":0,"comment_status":"closed","ping_status":"open","sticky":false,"template":"","format":"standard","meta":{"_price":"","_stock":"","_tribe_ticket_header":"","_tribe_default_ticket_provider":"","_tribe_ticket_capacity":"0","_ticket_start_date":"","_ticket_end_date":"","_tribe_ticket_show_description":"","_tribe_ticket_show_not_going":false,"_tribe_ticket_use_global_stock":"","_tribe_ticket_global_stock_level":"","_global_stock_mode":"","_global_stock_cap":"","_tribe_rsvp_for_event":"","_tribe_ticket_going_count":"","_tribe_ticket_not_going_count":"","_tribe_tickets_list":"[]","_tribe_ticket_has_attendee_info_fields":false,"tdm_status":"","tdm_grid_status":"","footnotes":""},"categories":[1],"tags":[],"class_list":{"0":"post-317889","1":"post","2":"type-post","3":"status-publish","4":"format-standard","6":"category-noticias"},"yoast_head":"<!-- This site is optimized with the Yoast SEO plugin v24.3 - https:\/\/yoast.com\/wordpress\/plugins\/seo\/ -->\n<title>Fiscal\u00eda General de la Naci\u00f3n<\/title>\n<meta name=\"description\" content=\"P\u00e1gina oficial de la Fiscal\u00eda General de la Naci\u00f3n \u2013 Colombia. Garantizamos el acceso efectivo a la justicia, la verdad y la reparaci\u00f3n de las v\u00edctimas de los delitos.\" \/>\n<meta name=\"robots\" content=\"noindex, follow\" \/>\n<meta property=\"og:locale\" content=\"es_ES\" \/>\n<meta property=\"og:type\" content=\"article\" \/>\n<meta property=\"og:title\" content=\"Fiscal\u00eda General de la Naci\u00f3n\" \/>\n<meta property=\"og:description\" content=\"P\u00e1gina oficial de la Fiscal\u00eda General de la Naci\u00f3n \u2013 Colombia. Garantizamos el acceso efectivo a la justicia, la verdad y la reparaci\u00f3n de las v\u00edctimas de los delitos.\" \/>\n<meta property=\"og:url\" content=\"https:\/\/www.fiscalia.gov.co\/colombia\/noticias\/fiscalia-acusa-a-la-exministra-del-deporte-maria-isabel-urrutia-por-irregularidades-en-el-tramite-y-celebracion-de-mas-de-100-contratos-de-prestacion-de-servicios-y-de-apoyo\/\" \/>\n<meta property=\"og:site_name\" content=\"Fiscal\u00eda General de la Naci\u00f3n\" \/>\n<meta property=\"article:publisher\" content=\"https:\/\/www.facebook.com\/FiscaliaCol\" \/>\n<meta property=\"article:published_time\" content=\"2025-06-25T23:01:57+00:00\" \/>\n<meta property=\"article:modified_time\" content=\"2025-06-25T23:07:09+00:00\" \/>\n<meta property=\"og:image\" content=\"https:\/\/www.fiscalia.gov.co\/colombia\/wp-content\/uploads\/c40962e5-1789-4f03-a465-2c70e5b8db12.jpeg\" \/>\n\t<meta property=\"og:image:width\" content=\"990\" \/>\n\t<meta property=\"og:image:height\" content=\"1013\" \/>\n\t<meta property=\"og:image:type\" content=\"image\/jpeg\" \/>\n<meta name=\"author\" content=\"Johanna Islenny Prieto Pe\u00f1a\" \/>\n<meta name=\"twitter:card\" content=\"summary_large_image\" \/>\n<meta name=\"twitter:creator\" content=\"@FiscaliaCol\" \/>\n<meta name=\"twitter:site\" content=\"@FiscaliaCol\" \/>\n<meta name=\"twitter:label1\" content=\"Escrito por\" \/>\n\t<meta name=\"twitter:data1\" content=\"Johanna Islenny Prieto Pe\u00f1a\" \/>\n\t<meta name=\"twitter:label2\" content=\"Tiempo de lectura\" \/>\n\t<meta name=\"twitter:data2\" content=\"2 minutos\" \/>\n<script type=\"application\/ld+json\" class=\"yoast-schema-graph\">{\"@context\":\"https:\/\/schema.org\",\"@graph\":[{\"@type\":\"Article\",\"@id\":\"https:\/\/www.fiscalia.gov.co\/colombia\/noticias\/fiscalia-acusa-a-la-exministra-del-deporte-maria-isabel-urrutia-por-irregularidades-en-el-tramite-y-celebracion-de-mas-de-100-contratos-de-prestacion-de-servicios-y-de-apoyo\/#article\",\"isPartOf\":{\"@id\":\"https:\/\/www.fiscalia.gov.co\/colombia\/noticias\/fiscalia-acusa-a-la-exministra-del-deporte-maria-isabel-urrutia-por-irregularidades-en-el-tramite-y-celebracion-de-mas-de-100-contratos-de-prestacion-de-servicios-y-de-apoyo\/\"},\"author\":{\"name\":\"Johanna Islenny Prieto Pe\u00f1a\",\"@id\":\"https:\/\/www.fiscalia.gov.co\/colombia\/#\/schema\/person\/ba9eca435947489fb25117a0cd75bf3e\"},\"headline\":\"Fiscal\u00eda acusa a la exministra del Deporte Mar\u00eda Isabel Urrutia por irregularidades en el tr\u00e1mite y celebraci\u00f3n de m\u00e1s de 100 contratos de prestaci\u00f3n de servicios y de apoyo\",\"datePublished\":\"2025-06-25T23:01:57+00:00\",\"dateModified\":\"2025-06-25T23:07:09+00:00\",\"mainEntityOfPage\":{\"@id\":\"https:\/\/www.fiscalia.gov.co\/colombia\/noticias\/fiscalia-acusa-a-la-exministra-del-deporte-maria-isabel-urrutia-por-irregularidades-en-el-tramite-y-celebracion-de-mas-de-100-contratos-de-prestacion-de-servicios-y-de-apoyo\/\"},\"wordCount\":438,\"publisher\":{\"@id\":\"https:\/\/www.fiscalia.gov.co\/colombia\/#organization\"},\"image\":{\"@id\":\"https:\/\/www.fiscalia.gov.co\/colombia\/noticias\/fiscalia-acusa-a-la-exministra-del-deporte-maria-isabel-urrutia-por-irregularidades-en-el-tramite-y-celebracion-de-mas-de-100-contratos-de-prestacion-de-servicios-y-de-apoyo\/#primaryimage\"},\"thumbnailUrl\":\"https:\/\/www.fiscalia.gov.co\/colombia\/wp-content\/uploads\/c40962e5-1789-4f03-a465-2c70e5b8db12-293x300.jpeg\",\"articleSection\":[\"Noticias\"],\"inLanguage\":\"es-CO\"},{\"@type\":\"WebPage\",\"@id\":\"https:\/\/www.fiscalia.gov.co\/colombia\/noticias\/fiscalia-acusa-a-la-exministra-del-deporte-maria-isabel-urrutia-por-irregularidades-en-el-tramite-y-celebracion-de-mas-de-100-contratos-de-prestacion-de-servicios-y-de-apoyo\/\",\"url\":\"https:\/\/www.fiscalia.gov.co\/colombia\/noticias\/fiscalia-acusa-a-la-exministra-del-deporte-maria-isabel-urrutia-por-irregularidades-en-el-tramite-y-celebracion-de-mas-de-100-contratos-de-prestacion-de-servicios-y-de-apoyo\/\",\"name\":\"Fiscal\u00eda General de la Naci\u00f3n\",\"isPartOf\":{\"@id\":\"https:\/\/www.fiscalia.gov.co\/colombia\/#website\"},\"primaryImageOfPage\":{\"@id\":\"https:\/\/www.fiscalia.gov.co\/colombia\/noticias\/fiscalia-acusa-a-la-exministra-del-deporte-maria-isabel-urrutia-por-irregularidades-en-el-tramite-y-celebracion-de-mas-de-100-contratos-de-prestacion-de-servicios-y-de-apoyo\/#primaryimage\"},\"image\":{\"@id\":\"https:\/\/www.fiscalia.gov.co\/colombia\/noticias\/fiscalia-acusa-a-la-exministra-del-deporte-maria-isabel-urrutia-por-irregularidades-en-el-tramite-y-celebracion-de-mas-de-100-contratos-de-prestacion-de-servicios-y-de-apoyo\/#primaryimage\"},\"thumbnailUrl\":\"https:\/\/www.fiscalia.gov.co\/colombia\/wp-content\/uploads\/c40962e5-1789-4f03-a465-2c70e5b8db12-293x300.jpeg\",\"datePublished\":\"2025-06-25T23:01:57+00:00\",\"dateModified\":\"2025-06-25T23:07:09+00:00\",\"description\":\"P\u00e1gina oficial de la Fiscal\u00eda General de la Naci\u00f3n \u2013 Colombia. Garantizamos el acceso efectivo a la justicia, la verdad y la reparaci\u00f3n de las v\u00edctimas de los delitos.\",\"breadcrumb\":{\"@id\":\"https:\/\/www.fiscalia.gov.co\/colombia\/noticias\/fiscalia-acusa-a-la-exministra-del-deporte-maria-isabel-urrutia-por-irregularidades-en-el-tramite-y-celebracion-de-mas-de-100-contratos-de-prestacion-de-servicios-y-de-apoyo\/#breadcrumb\"},\"inLanguage\":\"es-CO\",\"potentialAction\":[{\"@type\":\"ReadAction\",\"target\":[\"https:\/\/www.fiscalia.gov.co\/colombia\/noticias\/fiscalia-acusa-a-la-exministra-del-deporte-maria-isabel-urrutia-por-irregularidades-en-el-tramite-y-celebracion-de-mas-de-100-contratos-de-prestacion-de-servicios-y-de-apoyo\/\"]}]},{\"@type\":\"ImageObject\",\"inLanguage\":\"es-CO\",\"@id\":\"https:\/\/www.fiscalia.gov.co\/colombia\/noticias\/fiscalia-acusa-a-la-exministra-del-deporte-maria-isabel-urrutia-por-irregularidades-en-el-tramite-y-celebracion-de-mas-de-100-contratos-de-prestacion-de-servicios-y-de-apoyo\/#primaryimage\",\"url\":\"https:\/\/www.fiscalia.gov.co\/colombia\/wp-content\/uploads\/c40962e5-1789-4f03-a465-2c70e5b8db12.jpeg\",\"contentUrl\":\"https:\/\/www.fiscalia.gov.co\/colombia\/wp-content\/uploads\/c40962e5-1789-4f03-a465-2c70e5b8db12.jpeg\",\"width\":990,\"height\":1013,\"caption\":\"Imagen de Mar\u00eda Isabel Urruita durante la audiencia de acusaci\u00f3n.\"},{\"@type\":\"BreadcrumbList\",\"@id\":\"https:\/\/www.fiscalia.gov.co\/colombia\/noticias\/fiscalia-acusa-a-la-exministra-del-deporte-maria-isabel-urrutia-por-irregularidades-en-el-tramite-y-celebracion-de-mas-de-100-contratos-de-prestacion-de-servicios-y-de-apoyo\/#breadcrumb\",\"itemListElement\":[{\"@type\":\"ListItem\",\"position\":1,\"name\":\"Home\",\"item\":\"https:\/\/www.fiscalia.gov.co\/colombia\/\"},{\"@type\":\"ListItem\",\"position\":2,\"name\":\"Fiscal\u00eda acusa a la exministra del Deporte Mar\u00eda Isabel Urrutia por irregularidades en el tr\u00e1mite y celebraci\u00f3n de m\u00e1s de 100 contratos de prestaci\u00f3n de servicios y de apoyo\"}]},{\"@type\":\"WebSite\",\"@id\":\"https:\/\/www.fiscalia.gov.co\/colombia\/#website\",\"url\":\"https:\/\/www.fiscalia.gov.co\/colombia\/\",\"name\":\"Fiscal\u00eda General de la Naci\u00f3n\",\"description\":\"P\u00e1gina oficial de la Fiscal\u00eda General de la Naci\u00f3n \u2013 Colombia. Garantizamos el acceso efectivo a la justicia, la verdad y la reparaci\u00f3n de las v\u00edctimas de los delitos.\",\"publisher\":{\"@id\":\"https:\/\/www.fiscalia.gov.co\/colombia\/#organization\"},\"potentialAction\":[{\"@type\":\"SearchAction\",\"target\":{\"@type\":\"EntryPoint\",\"urlTemplate\":\"https:\/\/www.fiscalia.gov.co\/colombia\/?s={search_term_string}\"},\"query-input\":{\"@type\":\"PropertyValueSpecification\",\"valueRequired\":true,\"valueName\":\"search_term_string\"}}],\"inLanguage\":\"es-CO\"},{\"@type\":\"Organization\",\"@id\":\"https:\/\/www.fiscalia.gov.co\/colombia\/#organization\",\"name\":\"Fiscal\u00eda General de la Naci\u00f3n\",\"url\":\"https:\/\/www.fiscalia.gov.co\/colombia\/\",\"logo\":{\"@type\":\"ImageObject\",\"inLanguage\":\"es-CO\",\"@id\":\"https:\/\/www.fiscalia.gov.co\/colombia\/#\/schema\/logo\/image\/\",\"url\":\"https:\/\/www.fiscalia.gov.co\/colombia\/wp-content\/uploads\/LogoHorizontal_1.jpg\",\"contentUrl\":\"https:\/\/www.fiscalia.gov.co\/colombia\/wp-content\/uploads\/LogoHorizontal_1.jpg\",\"width\":300,\"height\":90,\"caption\":\"Fiscal\u00eda General de la Naci\u00f3n\"},\"image\":{\"@id\":\"https:\/\/www.fiscalia.gov.co\/colombia\/#\/schema\/logo\/image\/\"},\"sameAs\":[\"https:\/\/www.facebook.com\/FiscaliaCol\",\"https:\/\/x.com\/FiscaliaCol\",\"https:\/\/www.instagram.com\/fiscaliacol\",\"https:\/\/www.linkedin.com\/company\/fiscalia-general-de-la-naci-n\/\",\"https:\/\/youtube.com\/@fiscaliageneraldelanacion-4668?si=6nN79nyQICPU5iTh\"]},{\"@type\":\"Person\",\"@id\":\"https:\/\/www.fiscalia.gov.co\/colombia\/#\/schema\/person\/ba9eca435947489fb25117a0cd75bf3e\",\"name\":\"Johanna Islenny Prieto Pe\u00f1a\",\"image\":{\"@type\":\"ImageObject\",\"inLanguage\":\"es-CO\",\"@id\":\"https:\/\/www.fiscalia.gov.co\/colombia\/#\/schema\/person\/image\/\",\"url\":\"https:\/\/secure.gravatar.com\/avatar\/111433fc2acb037ffb768f6a3ca47864?s=96&d=mm&r=g\",\"contentUrl\":\"https:\/\/secure.gravatar.com\/avatar\/111433fc2acb037ffb768f6a3ca47864?s=96&d=mm&r=g\",\"caption\":\"Johanna Islenny Prieto Pe\u00f1a\"},\"url\":\"https:\/\/www.fiscalia.gov.co\/colombia\/author\/jprietop\/\"}]}<\/script>\n<!-- \/ Yoast SEO plugin. -->","yoast_head_json":{"title":"Fiscal\u00eda General de la Naci\u00f3n","description":"P\u00e1gina oficial de la Fiscal\u00eda General de la Naci\u00f3n \u2013 Colombia. Garantizamos el acceso efectivo a la justicia, la verdad y la reparaci\u00f3n de las v\u00edctimas de los delitos.","robots":{"index":"noindex","follow":"follow"},"og_locale":"es_ES","og_type":"article","og_title":"Fiscal\u00eda General de la Naci\u00f3n","og_description":"P\u00e1gina oficial de la Fiscal\u00eda General de la Naci\u00f3n \u2013 Colombia. Garantizamos el acceso efectivo a la justicia, la verdad y la reparaci\u00f3n de las v\u00edctimas de los delitos.","og_url":"https:\/\/www.fiscalia.gov.co\/colombia\/noticias\/fiscalia-acusa-a-la-exministra-del-deporte-maria-isabel-urrutia-por-irregularidades-en-el-tramite-y-celebracion-de-mas-de-100-contratos-de-prestacion-de-servicios-y-de-apoyo\/","og_site_name":"Fiscal\u00eda General de la Naci\u00f3n","article_publisher":"https:\/\/www.facebook.com\/FiscaliaCol","article_published_time":"2025-06-25T23:01:57+00:00","article_modified_time":"2025-06-25T23:07:09+00:00","og_image":[{"width":990,"height":1013,"url":"https:\/\/www.fiscalia.gov.co\/colombia\/wp-content\/uploads\/c40962e5-1789-4f03-a465-2c70e5b8db12.jpeg","type":"image\/jpeg"}],"author":"Johanna Islenny Prieto Pe\u00f1a","twitter_card":"summary_large_image","twitter_creator":"@FiscaliaCol","twitter_site":"@FiscaliaCol","twitter_misc":{"Escrito por":"Johanna Islenny Prieto Pe\u00f1a","Tiempo de lectura":"2 minutos"},"schema":{"@context":"https:\/\/schema.org","@graph":[{"@type":"Article","@id":"https:\/\/www.fiscalia.gov.co\/colombia\/noticias\/fiscalia-acusa-a-la-exministra-del-deporte-maria-isabel-urrutia-por-irregularidades-en-el-tramite-y-celebracion-de-mas-de-100-contratos-de-prestacion-de-servicios-y-de-apoyo\/#article","isPartOf":{"@id":"https:\/\/www.fiscalia.gov.co\/colombia\/noticias\/fiscalia-acusa-a-la-exministra-del-deporte-maria-isabel-urrutia-por-irregularidades-en-el-tramite-y-celebracion-de-mas-de-100-contratos-de-prestacion-de-servicios-y-de-apoyo\/"},"author":{"name":"Johanna Islenny Prieto Pe\u00f1a","@id":"https:\/\/www.fiscalia.gov.co\/colombia\/#\/schema\/person\/ba9eca435947489fb25117a0cd75bf3e"},"headline":"Fiscal\u00eda acusa a la exministra del Deporte Mar\u00eda Isabel Urrutia por irregularidades en el tr\u00e1mite y celebraci\u00f3n de m\u00e1s de 100 contratos de prestaci\u00f3n de servicios y de apoyo","datePublished":"2025-06-25T23:01:57+00:00","dateModified":"2025-06-25T23:07:09+00:00","mainEntityOfPage":{"@id":"https:\/\/www.fiscalia.gov.co\/colombia\/noticias\/fiscalia-acusa-a-la-exministra-del-deporte-maria-isabel-urrutia-por-irregularidades-en-el-tramite-y-celebracion-de-mas-de-100-contratos-de-prestacion-de-servicios-y-de-apoyo\/"},"wordCount":438,"publisher":{"@id":"https:\/\/www.fiscalia.gov.co\/colombia\/#organization"},"image":{"@id":"https:\/\/www.fiscalia.gov.co\/colombia\/noticias\/fiscalia-acusa-a-la-exministra-del-deporte-maria-isabel-urrutia-por-irregularidades-en-el-tramite-y-celebracion-de-mas-de-100-contratos-de-prestacion-de-servicios-y-de-apoyo\/#primaryimage"},"thumbnailUrl":"https:\/\/www.fiscalia.gov.co\/colombia\/wp-content\/uploads\/c40962e5-1789-4f03-a465-2c70e5b8db12-293x300.jpeg","articleSection":["Noticias"],"inLanguage":"es-CO"},{"@type":"WebPage","@id":"https:\/\/www.fiscalia.gov.co\/colombia\/noticias\/fiscalia-acusa-a-la-exministra-del-deporte-maria-isabel-urrutia-por-irregularidades-en-el-tramite-y-celebracion-de-mas-de-100-contratos-de-prestacion-de-servicios-y-de-apoyo\/","url":"https:\/\/www.fiscalia.gov.co\/colombia\/noticias\/fiscalia-acusa-a-la-exministra-del-deporte-maria-isabel-urrutia-por-irregularidades-en-el-tramite-y-celebracion-de-mas-de-100-contratos-de-prestacion-de-servicios-y-de-apoyo\/","name":"Fiscal\u00eda General de la Naci\u00f3n","isPartOf":{"@id":"https:\/\/www.fiscalia.gov.co\/colombia\/#website"},"primaryImageOfPage":{"@id":"https:\/\/www.fiscalia.gov.co\/colombia\/noticias\/fiscalia-acusa-a-la-exministra-del-deporte-maria-isabel-urrutia-por-irregularidades-en-el-tramite-y-celebracion-de-mas-de-100-contratos-de-prestacion-de-servicios-y-de-apoyo\/#primaryimage"},"image":{"@id":"https:\/\/www.fiscalia.gov.co\/colombia\/noticias\/fiscalia-acusa-a-la-exministra-del-deporte-maria-isabel-urrutia-por-irregularidades-en-el-tramite-y-celebracion-de-mas-de-100-contratos-de-prestacion-de-servicios-y-de-apoyo\/#primaryimage"},"thumbnailUrl":"https:\/\/www.fiscalia.gov.co\/colombia\/wp-content\/uploads\/c40962e5-1789-4f03-a465-2c70e5b8db12-293x300.jpeg","datePublished":"2025-06-25T23:01:57+00:00","dateModified":"2025-06-25T23:07:09+00:00","description":"P\u00e1gina oficial de la Fiscal\u00eda General de la Naci\u00f3n \u2013 Colombia. Garantizamos el acceso efectivo a la justicia, la verdad y la reparaci\u00f3n de las v\u00edctimas de los delitos.","breadcrumb":{"@id":"https:\/\/www.fiscalia.gov.co\/colombia\/noticias\/fiscalia-acusa-a-la-exministra-del-deporte-maria-isabel-urrutia-por-irregularidades-en-el-tramite-y-celebracion-de-mas-de-100-contratos-de-prestacion-de-servicios-y-de-apoyo\/#breadcrumb"},"inLanguage":"es-CO","potentialAction":[{"@type":"ReadAction","target":["https:\/\/www.fiscalia.gov.co\/colombia\/noticias\/fiscalia-acusa-a-la-exministra-del-deporte-maria-isabel-urrutia-por-irregularidades-en-el-tramite-y-celebracion-de-mas-de-100-contratos-de-prestacion-de-servicios-y-de-apoyo\/"]}]},{"@type":"ImageObject","inLanguage":"es-CO","@id":"https:\/\/www.fiscalia.gov.co\/colombia\/noticias\/fiscalia-acusa-a-la-exministra-del-deporte-maria-isabel-urrutia-por-irregularidades-en-el-tramite-y-celebracion-de-mas-de-100-contratos-de-prestacion-de-servicios-y-de-apoyo\/#primaryimage","url":"https:\/\/www.fiscalia.gov.co\/colombia\/wp-content\/uploads\/c40962e5-1789-4f03-a465-2c70e5b8db12.jpeg","contentUrl":"https:\/\/www.fiscalia.gov.co\/colombia\/wp-content\/uploads\/c40962e5-1789-4f03-a465-2c70e5b8db12.jpeg","width":990,"height":1013,"caption":"Imagen de Mar\u00eda Isabel Urruita durante la audiencia de acusaci\u00f3n."},{"@type":"BreadcrumbList","@id":"https:\/\/www.fiscalia.gov.co\/colombia\/noticias\/fiscalia-acusa-a-la-exministra-del-deporte-maria-isabel-urrutia-por-irregularidades-en-el-tramite-y-celebracion-de-mas-de-100-contratos-de-prestacion-de-servicios-y-de-apoyo\/#breadcrumb","itemListElement":[{"@type":"ListItem","position":1,"name":"Home","item":"https:\/\/www.fiscalia.gov.co\/colombia\/"},{"@type":"ListItem","position":2,"name":"Fiscal\u00eda acusa a la exministra del Deporte Mar\u00eda Isabel Urrutia por irregularidades en el tr\u00e1mite y celebraci\u00f3n de m\u00e1s de 100 contratos de prestaci\u00f3n de servicios y de apoyo"}]},{"@type":"WebSite","@id":"https:\/\/www.fiscalia.gov.co\/colombia\/#website","url":"https:\/\/www.fiscalia.gov.co\/colombia\/","name":"Fiscal\u00eda General de la Naci\u00f3n","description":"P\u00e1gina oficial de la Fiscal\u00eda General de la Naci\u00f3n \u2013 Colombia. Garantizamos el acceso efectivo a la justicia, la verdad y la reparaci\u00f3n de las v\u00edctimas de los delitos.","publisher":{"@id":"https:\/\/www.fiscalia.gov.co\/colombia\/#organization"},"potentialAction":[{"@type":"SearchAction","target":{"@type":"EntryPoint","urlTemplate":"https:\/\/www.fiscalia.gov.co\/colombia\/?s={search_term_string}"},"query-input":{"@type":"PropertyValueSpecification","valueRequired":true,"valueName":"search_term_string"}}],"inLanguage":"es-CO"},{"@type":"Organization","@id":"https:\/\/www.fiscalia.gov.co\/colombia\/#organization","name":"Fiscal\u00eda General de la Naci\u00f3n","url":"https:\/\/www.fiscalia.gov.co\/colombia\/","logo":{"@type":"ImageObject","inLanguage":"es-CO","@id":"https:\/\/www.fiscalia.gov.co\/colombia\/#\/schema\/logo\/image\/","url":"https:\/\/www.fiscalia.gov.co\/colombia\/wp-content\/uploads\/LogoHorizontal_1.jpg","contentUrl":"https:\/\/www.fiscalia.gov.co\/colombia\/wp-content\/uploads\/LogoHorizontal_1.jpg","width":300,"height":90,"caption":"Fiscal\u00eda General de la Naci\u00f3n"},"image":{"@id":"https:\/\/www.fiscalia.gov.co\/colombia\/#\/schema\/logo\/image\/"},"sameAs":["https:\/\/www.facebook.com\/FiscaliaCol","https:\/\/x.com\/FiscaliaCol","https:\/\/www.instagram.com\/fiscaliacol","https:\/\/www.linkedin.com\/company\/fiscalia-general-de-la-naci-n\/","https:\/\/youtube.com\/@fiscaliageneraldelanacion-4668?si=6nN79nyQICPU5iTh"]},{"@type":"Person","@id":"https:\/\/www.fiscalia.gov.co\/colombia\/#\/schema\/person\/ba9eca435947489fb25117a0cd75bf3e","name":"Johanna Islenny Prieto Pe\u00f1a","image":{"@type":"ImageObject","inLanguage":"es-CO","@id":"https:\/\/www.fiscalia.gov.co\/colombia\/#\/schema\/person\/image\/","url":"https:\/\/secure.gravatar.com\/avatar\/111433fc2acb037ffb768f6a3ca47864?s=96&d=mm&r=g","contentUrl":"https:\/\/secure.gravatar.com\/avatar\/111433fc2acb037ffb768f6a3ca47864?s=96&d=mm&r=g","caption":"Johanna Islenny Prieto Pe\u00f1a"},"url":"https:\/\/www.fiscalia.gov.co\/colombia\/author\/jprietop\/"}]}},"_links":{"self":[{"href":"https:\/\/www.fiscalia.gov.co\/colombia\/wp-json\/wp\/v2\/posts\/317889","targetHints":{"allow":["GET"]}}],"collection":[{"href":"https:\/\/www.fiscalia.gov.co\/colombia\/wp-json\/wp\/v2\/posts"}],"about":[{"href":"https:\/\/www.fiscalia.gov.co\/colombia\/wp-json\/wp\/v2\/types\/post"}],"author":[{"embeddable":true,"href":"https:\/\/www.fiscalia.gov.co\/colombia\/wp-json\/wp\/v2\/users\/181"}],"replies":[{"embeddable":true,"href":"https:\/\/www.fiscalia.gov.co\/colombia\/wp-json\/wp\/v2\/comments?post=317889"}],"version-history":[{"count":4,"href":"https:\/\/www.fiscalia.gov.co\/colombia\/wp-json\/wp\/v2\/posts\/317889\/revisions"}],"predecessor-version":[{"id":317894,"href":"https:\/\/www.fiscalia.gov.co\/colombia\/wp-json\/wp\/v2\/posts\/317889\/revisions\/317894"}],"wp:attachment":[{"href":"https:\/\/www.fiscalia.gov.co\/colombia\/wp-json\/wp\/v2\/media?parent=317889"}],"wp:term":[{"taxonomy":"category","embeddable":true,"href":"https:\/\/www.fiscalia.gov.co\/colombia\/wp-json\/wp\/v2\/categories?post=317889"},{"taxonomy":"post_tag","embeddable":true,"href":"https:\/\/www.fiscalia.gov.co\/colombia\/wp-json\/wp\/v2\/tags?post=317889"}],"curies":[{"name":"wp","href":"https:\/\/api.w.org\/{rel}","templated":true}]}}