{"id":317863,"date":"2025-06-25T14:20:03","date_gmt":"2025-06-25T19:20:03","guid":{"rendered":"https:\/\/www.fiscalia.gov.co\/colombia\/?p=317863"},"modified":"2025-07-10T08:50:32","modified_gmt":"2025-07-10T13:50:32","slug":"por-presunta-participacion-en-irregularidades-en-contrato-de-suministro-de-alimentos-para-el-ejercito-en-cesar-fueron-judicializadas-seis-personas","status":"publish","type":"post","link":"https:\/\/www.fiscalia.gov.co\/colombia\/noticias\/por-presunta-participacion-en-irregularidades-en-contrato-de-suministro-de-alimentos-para-el-ejercito-en-cesar-fueron-judicializadas-seis-personas\/","title":{"rendered":"Por presunta participaci\u00f3n en irregularidades en contrato de suministro de alimentos para el Ej\u00e9rcito en Cesar fueron judicializadas seis personas"},"content":{"rendered":"<h4 style=\"text-align: center;\"><strong><em>Entre irregularidades detectadas se encuentran la firma de recibos a satisfacci\u00f3n de la entrega de los suministros a personal que se encontraba en situaciones administrativas.<\/em><\/strong><\/h4>\n<p>Las acciones investigativas adelantadas por la Fiscal\u00eda General de la Naci\u00f3n pusieron en evidencia el actuar ilegal de seis personas que estar\u00edan involucradas en posibles irregularidades en la ejecuci\u00f3n de un contrato de suministro de <strong>alimentos para las Fuerzas Militares en Cesar.<\/strong><\/p>\n<p>Se trata de dos exfuncionarios de la Alcald\u00eda de la Jagua de Ibirico (Cesar): el exsecretario de Gobierno, William D\u00edaz Bazza; y el exjefe de contrataci\u00f3n Carlos Borrego Daza. Adem\u00e1s del teniente coronel del Batall\u00f3n Energ\u00e9tico y Vial n\u00famero 2, David Franco Dur\u00e1n; el sargento viceprimero, Ricardo Garc\u00eda Deiber; el teniente coronel, Bernardo Antonio Rozzo; y el contratista, Alfonso Rodr\u00edguez Qui\u00f1onez.<\/p>\n<p>Estas personas fueron imputadas por los <strong>delitos de contrato sin cumplimiento de requisitos legales, peculado por apropiaci\u00f3n<\/strong>, falsedad ideol\u00f3gica en documento p\u00fablico y prevaricato por omisi\u00f3n.<\/p>\n<p>Los elementos materiales probatorios dan cuenta de posibles inconsistencias en la firma de un contrato celebrado el 14 de junio del 2022 en el municipio, que ten\u00eda por objeto el suministro de alimentos a integrantes de la fuerza p\u00fablica que prestar\u00edan servicio transitoriamente en esa zona, <strong>por un valor de 100 millones de pesos.<\/strong><\/p>\n<p>Durante la investigaci\u00f3n se logr\u00f3 establecer que se habr\u00eda omitido la realizaci\u00f3n de estudios previos y de mercadeo conforme a la ley, y que se<strong> celebr\u00f3 el contrato sin cumplimiento de requisitos como diversidad de cotizaciones<\/strong>, lo que gener\u00f3 que fuera direccionado a un solo oferente.<\/p>\n<p>De igual forma, se evidenci\u00f3 que no se realiz\u00f3 una supervisi\u00f3n del contrato por parte del secretario de Gobierno de la \u00e9poca y que se firmaron actas de recibo a satisfacci\u00f3n por parte de comandantes del Ej\u00e9rcito, <strong>relacionando como evidencias planillas con nombres de personas que supuestamente recibieron el insumo.<\/strong><\/p>\n<p>Sin embargo, los formatos habr\u00edan sido diligenciados por un suboficial con nombres de soldados que estaban en situaciones administrativas como vacaciones, permisos, licencias, entre otros.<\/p>\n<p>Adicionalmente, se estableci\u00f3 que se pag\u00f3, <strong>termin\u00f3 y liquid\u00f3 el contrato,<\/strong> a pesar de que el objeto contractual no se habr\u00eda cumplido.<\/p>\n<p>Las capturas de los hoy imputados se materializaron en Bogot\u00e1, Bucaramanga, Popay\u00e1n y la Jagua de Ibirico (Cesar), en cumplimiento de una orden judicial por uniformados de la Polic\u00eda y soldados del Ej\u00e9rcito Nacional.<\/p>\n<p>Por estos hechos un juez de control de garant\u00edas les impuso medida de aseguramiento en lugar de domicilio.<\/p>\n<p>&nbsp;<\/p>\n<p>&nbsp;<\/p>\n<p>&nbsp;<\/p>\n<p>&nbsp;<\/p>\n<p>&nbsp;<\/p>\n<p>EDH\/AMCJ\/RCV\/DSC.<\/p>\n<p>&nbsp;<\/p>\n<p>&nbsp;<\/p>\n<p>&nbsp;<\/p>\n<p>&nbsp;<\/p>\n<p>&nbsp;<\/p>\n<div class=\"td-post-content tagdiv-type\">\n<p dir=\"ltr\"><em>La\u00a0 informaci\u00f3n contenida en este bolet\u00edn de prensa corresponde a la narraci\u00f3n de los hechos noticiosos objetivos, suministrados por los funcionarios encargados de adelantar las investigaciones penales al interior de la Fiscal\u00eda General de la Naci\u00f3n. Para el momento de la divulgaci\u00f3n de este comunicado, la situaci\u00f3n jur\u00eddica de la(s) persona(s) relacionada(s) se encuentra pendiente de resolver por la autoridad judicial competente, siempre bajo los preceptos de la presunci\u00f3n de inocencia, consagrados en el art\u00edculo 29 de la Constituci\u00f3n Pol\u00edtica y el art\u00edculo 7\u00ba de la Ley 906 de 2004.\u00a0<\/em><\/p>\n<\/div>\n<footer>\n<div class=\"td-post-source-tags\"><\/div>\n<div class=\"td-post-sharing-bottom\"><\/div>\n<\/footer>\n\n<div class=\"twitter-share\"><a href=\"https:\/\/twitter.com\/intent\/tweet?via=fiscaliacol\" class=\"twitter-share-button\">Tweet<\/a><\/div>\n","protected":false},"excerpt":{"rendered":"<p>Entre irregularidades detectadas se encuentran la firma de recibos a satisfacci\u00f3n de la entrega de los suministros a personal que se encontraba en situaciones administrativas. Las acciones investigativas adelantadas por la Fiscal\u00eda General de la Naci\u00f3n pusieron en evidencia el actuar ilegal de seis personas que estar\u00edan involucradas en posibles irregularidades en la ejecuci\u00f3n de [&hellip;]<\/p>\n","protected":false},"author":177,"featured_media":0,"comment_status":"closed","ping_status":"open","sticky":false,"template":"","format":"standard","meta":{"_price":"","_stock":"","_tribe_ticket_header":"","_tribe_default_ticket_provider":"","_tribe_ticket_capacity":"0","_ticket_start_date":"","_ticket_end_date":"","_tribe_ticket_show_description":"","_tribe_ticket_show_not_going":false,"_tribe_ticket_use_global_stock":"","_tribe_ticket_global_stock_level":"","_global_stock_mode":"","_global_stock_cap":"","_tribe_rsvp_for_event":"","_tribe_ticket_going_count":"","_tribe_ticket_not_going_count":"","_tribe_tickets_list":"[]","_tribe_ticket_has_attendee_info_fields":false,"tdm_status":"","tdm_grid_status":"","footnotes":""},"categories":[1],"tags":[7578,667,37492,1047,1229,41896,24965],"class_list":{"0":"post-317863","1":"post","2":"type-post","3":"status-publish","4":"format-standard","6":"category-noticias","7":"tag-contrato-sin-cumplimiento-de-requisitos-legales","8":"tag-ejercito","9":"tag-fiscal-luz-adriana-camargo","10":"tag-fiscalia-general-de-la-nacion","11":"tag-peculado-por-apropiacion","12":"tag-requisitos-legales","13":"tag-valledupar-cesar"},"yoast_head":"<!-- This site is optimized with the Yoast SEO plugin v24.3 - https:\/\/yoast.com\/wordpress\/plugins\/seo\/ -->\n<title>Fiscal\u00eda General de la Naci\u00f3n<\/title>\n<meta name=\"description\" content=\"P\u00e1gina oficial de la Fiscal\u00eda General de la Naci\u00f3n \u2013 Colombia. Garantizamos el acceso efectivo a la justicia, la verdad y la reparaci\u00f3n de las v\u00edctimas de los delitos.\" \/>\n<meta name=\"robots\" content=\"noindex, follow\" \/>\n<meta property=\"og:locale\" content=\"es_ES\" \/>\n<meta property=\"og:type\" content=\"article\" \/>\n<meta property=\"og:title\" content=\"Fiscal\u00eda General de la Naci\u00f3n\" \/>\n<meta property=\"og:description\" content=\"P\u00e1gina oficial de la Fiscal\u00eda General de la Naci\u00f3n \u2013 Colombia. Garantizamos el acceso efectivo a la justicia, la verdad y la reparaci\u00f3n de las v\u00edctimas de los delitos.\" \/>\n<meta property=\"og:url\" content=\"https:\/\/www.fiscalia.gov.co\/colombia\/noticias\/por-presunta-participacion-en-irregularidades-en-contrato-de-suministro-de-alimentos-para-el-ejercito-en-cesar-fueron-judicializadas-seis-personas\/\" \/>\n<meta property=\"og:site_name\" content=\"Fiscal\u00eda General de la Naci\u00f3n\" \/>\n<meta property=\"article:publisher\" content=\"https:\/\/www.facebook.com\/FiscaliaCol\" \/>\n<meta property=\"article:published_time\" content=\"2025-06-25T19:20:03+00:00\" \/>\n<meta property=\"article:modified_time\" content=\"2025-07-10T13:50:32+00:00\" \/>\n<meta name=\"author\" content=\"Jordan Leandro Oviedo Anzola\" \/>\n<meta name=\"twitter:card\" content=\"summary_large_image\" \/>\n<meta name=\"twitter:creator\" content=\"@FiscaliaCol\" \/>\n<meta name=\"twitter:site\" content=\"@FiscaliaCol\" \/>\n<meta name=\"twitter:label1\" content=\"Escrito por\" \/>\n\t<meta name=\"twitter:data1\" content=\"Jordan Leandro Oviedo Anzola\" \/>\n\t<meta name=\"twitter:label2\" content=\"Tiempo de lectura\" \/>\n\t<meta name=\"twitter:data2\" content=\"3 minutos\" \/>\n<script type=\"application\/ld+json\" class=\"yoast-schema-graph\">{\"@context\":\"https:\/\/schema.org\",\"@graph\":[{\"@type\":\"Article\",\"@id\":\"https:\/\/www.fiscalia.gov.co\/colombia\/noticias\/por-presunta-participacion-en-irregularidades-en-contrato-de-suministro-de-alimentos-para-el-ejercito-en-cesar-fueron-judicializadas-seis-personas\/#article\",\"isPartOf\":{\"@id\":\"https:\/\/www.fiscalia.gov.co\/colombia\/noticias\/por-presunta-participacion-en-irregularidades-en-contrato-de-suministro-de-alimentos-para-el-ejercito-en-cesar-fueron-judicializadas-seis-personas\/\"},\"author\":{\"name\":\"Jordan Leandro Oviedo Anzola\",\"@id\":\"https:\/\/www.fiscalia.gov.co\/colombia\/#\/schema\/person\/bf84402cf293a5393e9c70b111020b24\"},\"headline\":\"Por presunta participaci\u00f3n en irregularidades en contrato de suministro de alimentos para el Ej\u00e9rcito en Cesar fueron judicializadas seis personas\",\"datePublished\":\"2025-06-25T19:20:03+00:00\",\"dateModified\":\"2025-07-10T13:50:32+00:00\",\"mainEntityOfPage\":{\"@id\":\"https:\/\/www.fiscalia.gov.co\/colombia\/noticias\/por-presunta-participacion-en-irregularidades-en-contrato-de-suministro-de-alimentos-para-el-ejercito-en-cesar-fueron-judicializadas-seis-personas\/\"},\"wordCount\":572,\"publisher\":{\"@id\":\"https:\/\/www.fiscalia.gov.co\/colombia\/#organization\"},\"keywords\":[\"contrato sin cumplimiento de requisitos legales\",\"Ej\u00e9rcito\",\"Fiscal Luz Adriana Camargo\",\"Fiscal\u00eda General de la Naci\u00f3n\",\"Peculado por apropiaci\u00f3n\",\"requisitos legales\",\"Valledupar (Cesar)\"],\"articleSection\":[\"Noticias\"],\"inLanguage\":\"es-CO\"},{\"@type\":\"WebPage\",\"@id\":\"https:\/\/www.fiscalia.gov.co\/colombia\/noticias\/por-presunta-participacion-en-irregularidades-en-contrato-de-suministro-de-alimentos-para-el-ejercito-en-cesar-fueron-judicializadas-seis-personas\/\",\"url\":\"https:\/\/www.fiscalia.gov.co\/colombia\/noticias\/por-presunta-participacion-en-irregularidades-en-contrato-de-suministro-de-alimentos-para-el-ejercito-en-cesar-fueron-judicializadas-seis-personas\/\",\"name\":\"Fiscal\u00eda General de la Naci\u00f3n\",\"isPartOf\":{\"@id\":\"https:\/\/www.fiscalia.gov.co\/colombia\/#website\"},\"datePublished\":\"2025-06-25T19:20:03+00:00\",\"dateModified\":\"2025-07-10T13:50:32+00:00\",\"description\":\"P\u00e1gina oficial de la Fiscal\u00eda General de la Naci\u00f3n \u2013 Colombia. Garantizamos el acceso efectivo a la justicia, la verdad y la reparaci\u00f3n de las v\u00edctimas de los delitos.\",\"breadcrumb\":{\"@id\":\"https:\/\/www.fiscalia.gov.co\/colombia\/noticias\/por-presunta-participacion-en-irregularidades-en-contrato-de-suministro-de-alimentos-para-el-ejercito-en-cesar-fueron-judicializadas-seis-personas\/#breadcrumb\"},\"inLanguage\":\"es-CO\",\"potentialAction\":[{\"@type\":\"ReadAction\",\"target\":[\"https:\/\/www.fiscalia.gov.co\/colombia\/noticias\/por-presunta-participacion-en-irregularidades-en-contrato-de-suministro-de-alimentos-para-el-ejercito-en-cesar-fueron-judicializadas-seis-personas\/\"]}]},{\"@type\":\"BreadcrumbList\",\"@id\":\"https:\/\/www.fiscalia.gov.co\/colombia\/noticias\/por-presunta-participacion-en-irregularidades-en-contrato-de-suministro-de-alimentos-para-el-ejercito-en-cesar-fueron-judicializadas-seis-personas\/#breadcrumb\",\"itemListElement\":[{\"@type\":\"ListItem\",\"position\":1,\"name\":\"Home\",\"item\":\"https:\/\/www.fiscalia.gov.co\/colombia\/\"},{\"@type\":\"ListItem\",\"position\":2,\"name\":\"Por presunta participaci\u00f3n en irregularidades en contrato de suministro de alimentos para el Ej\u00e9rcito en Cesar fueron judicializadas seis personas\"}]},{\"@type\":\"WebSite\",\"@id\":\"https:\/\/www.fiscalia.gov.co\/colombia\/#website\",\"url\":\"https:\/\/www.fiscalia.gov.co\/colombia\/\",\"name\":\"Fiscal\u00eda General de la Naci\u00f3n\",\"description\":\"P\u00e1gina oficial de la Fiscal\u00eda General de la Naci\u00f3n \u2013 Colombia. Garantizamos el acceso efectivo a la justicia, la verdad y la reparaci\u00f3n de las v\u00edctimas de los delitos.\",\"publisher\":{\"@id\":\"https:\/\/www.fiscalia.gov.co\/colombia\/#organization\"},\"potentialAction\":[{\"@type\":\"SearchAction\",\"target\":{\"@type\":\"EntryPoint\",\"urlTemplate\":\"https:\/\/www.fiscalia.gov.co\/colombia\/?s={search_term_string}\"},\"query-input\":{\"@type\":\"PropertyValueSpecification\",\"valueRequired\":true,\"valueName\":\"search_term_string\"}}],\"inLanguage\":\"es-CO\"},{\"@type\":\"Organization\",\"@id\":\"https:\/\/www.fiscalia.gov.co\/colombia\/#organization\",\"name\":\"Fiscal\u00eda General de la Naci\u00f3n\",\"url\":\"https:\/\/www.fiscalia.gov.co\/colombia\/\",\"logo\":{\"@type\":\"ImageObject\",\"inLanguage\":\"es-CO\",\"@id\":\"https:\/\/www.fiscalia.gov.co\/colombia\/#\/schema\/logo\/image\/\",\"url\":\"https:\/\/www.fiscalia.gov.co\/colombia\/wp-content\/uploads\/LogoHorizontal_1.jpg\",\"contentUrl\":\"https:\/\/www.fiscalia.gov.co\/colombia\/wp-content\/uploads\/LogoHorizontal_1.jpg\",\"width\":300,\"height\":90,\"caption\":\"Fiscal\u00eda General de la Naci\u00f3n\"},\"image\":{\"@id\":\"https:\/\/www.fiscalia.gov.co\/colombia\/#\/schema\/logo\/image\/\"},\"sameAs\":[\"https:\/\/www.facebook.com\/FiscaliaCol\",\"https:\/\/x.com\/FiscaliaCol\",\"https:\/\/www.instagram.com\/fiscaliacol\",\"https:\/\/www.linkedin.com\/company\/fiscalia-general-de-la-naci-n\/\",\"https:\/\/youtube.com\/@fiscaliageneraldelanacion-4668?si=6nN79nyQICPU5iTh\"]},{\"@type\":\"Person\",\"@id\":\"https:\/\/www.fiscalia.gov.co\/colombia\/#\/schema\/person\/bf84402cf293a5393e9c70b111020b24\",\"name\":\"Jordan Leandro Oviedo Anzola\",\"image\":{\"@type\":\"ImageObject\",\"inLanguage\":\"es-CO\",\"@id\":\"https:\/\/www.fiscalia.gov.co\/colombia\/#\/schema\/person\/image\/\",\"url\":\"https:\/\/secure.gravatar.com\/avatar\/dabba4346fa9b9207d96adafa8f92721?s=96&d=mm&r=g\",\"contentUrl\":\"https:\/\/secure.gravatar.com\/avatar\/dabba4346fa9b9207d96adafa8f92721?s=96&d=mm&r=g\",\"caption\":\"Jordan Leandro Oviedo Anzola\"},\"url\":\"https:\/\/www.fiscalia.gov.co\/colombia\/author\/joviedo\/\"}]}<\/script>\n<!-- \/ Yoast SEO plugin. -->","yoast_head_json":{"title":"Fiscal\u00eda General de la Naci\u00f3n","description":"P\u00e1gina oficial de la Fiscal\u00eda General de la Naci\u00f3n \u2013 Colombia. Garantizamos el acceso efectivo a la justicia, la verdad y la reparaci\u00f3n de las v\u00edctimas de los delitos.","robots":{"index":"noindex","follow":"follow"},"og_locale":"es_ES","og_type":"article","og_title":"Fiscal\u00eda General de la Naci\u00f3n","og_description":"P\u00e1gina oficial de la Fiscal\u00eda General de la Naci\u00f3n \u2013 Colombia. Garantizamos el acceso efectivo a la justicia, la verdad y la reparaci\u00f3n de las v\u00edctimas de los delitos.","og_url":"https:\/\/www.fiscalia.gov.co\/colombia\/noticias\/por-presunta-participacion-en-irregularidades-en-contrato-de-suministro-de-alimentos-para-el-ejercito-en-cesar-fueron-judicializadas-seis-personas\/","og_site_name":"Fiscal\u00eda General de la Naci\u00f3n","article_publisher":"https:\/\/www.facebook.com\/FiscaliaCol","article_published_time":"2025-06-25T19:20:03+00:00","article_modified_time":"2025-07-10T13:50:32+00:00","author":"Jordan Leandro Oviedo Anzola","twitter_card":"summary_large_image","twitter_creator":"@FiscaliaCol","twitter_site":"@FiscaliaCol","twitter_misc":{"Escrito por":"Jordan Leandro Oviedo Anzola","Tiempo de lectura":"3 minutos"},"schema":{"@context":"https:\/\/schema.org","@graph":[{"@type":"Article","@id":"https:\/\/www.fiscalia.gov.co\/colombia\/noticias\/por-presunta-participacion-en-irregularidades-en-contrato-de-suministro-de-alimentos-para-el-ejercito-en-cesar-fueron-judicializadas-seis-personas\/#article","isPartOf":{"@id":"https:\/\/www.fiscalia.gov.co\/colombia\/noticias\/por-presunta-participacion-en-irregularidades-en-contrato-de-suministro-de-alimentos-para-el-ejercito-en-cesar-fueron-judicializadas-seis-personas\/"},"author":{"name":"Jordan Leandro Oviedo Anzola","@id":"https:\/\/www.fiscalia.gov.co\/colombia\/#\/schema\/person\/bf84402cf293a5393e9c70b111020b24"},"headline":"Por presunta participaci\u00f3n en irregularidades en contrato de suministro de alimentos para el Ej\u00e9rcito en Cesar fueron judicializadas seis personas","datePublished":"2025-06-25T19:20:03+00:00","dateModified":"2025-07-10T13:50:32+00:00","mainEntityOfPage":{"@id":"https:\/\/www.fiscalia.gov.co\/colombia\/noticias\/por-presunta-participacion-en-irregularidades-en-contrato-de-suministro-de-alimentos-para-el-ejercito-en-cesar-fueron-judicializadas-seis-personas\/"},"wordCount":572,"publisher":{"@id":"https:\/\/www.fiscalia.gov.co\/colombia\/#organization"},"keywords":["contrato sin cumplimiento de requisitos legales","Ej\u00e9rcito","Fiscal Luz Adriana Camargo","Fiscal\u00eda General de la Naci\u00f3n","Peculado por apropiaci\u00f3n","requisitos legales","Valledupar (Cesar)"],"articleSection":["Noticias"],"inLanguage":"es-CO"},{"@type":"WebPage","@id":"https:\/\/www.fiscalia.gov.co\/colombia\/noticias\/por-presunta-participacion-en-irregularidades-en-contrato-de-suministro-de-alimentos-para-el-ejercito-en-cesar-fueron-judicializadas-seis-personas\/","url":"https:\/\/www.fiscalia.gov.co\/colombia\/noticias\/por-presunta-participacion-en-irregularidades-en-contrato-de-suministro-de-alimentos-para-el-ejercito-en-cesar-fueron-judicializadas-seis-personas\/","name":"Fiscal\u00eda General de la Naci\u00f3n","isPartOf":{"@id":"https:\/\/www.fiscalia.gov.co\/colombia\/#website"},"datePublished":"2025-06-25T19:20:03+00:00","dateModified":"2025-07-10T13:50:32+00:00","description":"P\u00e1gina oficial de la Fiscal\u00eda General de la Naci\u00f3n \u2013 Colombia. Garantizamos el acceso efectivo a la justicia, la verdad y la reparaci\u00f3n de las v\u00edctimas de los delitos.","breadcrumb":{"@id":"https:\/\/www.fiscalia.gov.co\/colombia\/noticias\/por-presunta-participacion-en-irregularidades-en-contrato-de-suministro-de-alimentos-para-el-ejercito-en-cesar-fueron-judicializadas-seis-personas\/#breadcrumb"},"inLanguage":"es-CO","potentialAction":[{"@type":"ReadAction","target":["https:\/\/www.fiscalia.gov.co\/colombia\/noticias\/por-presunta-participacion-en-irregularidades-en-contrato-de-suministro-de-alimentos-para-el-ejercito-en-cesar-fueron-judicializadas-seis-personas\/"]}]},{"@type":"BreadcrumbList","@id":"https:\/\/www.fiscalia.gov.co\/colombia\/noticias\/por-presunta-participacion-en-irregularidades-en-contrato-de-suministro-de-alimentos-para-el-ejercito-en-cesar-fueron-judicializadas-seis-personas\/#breadcrumb","itemListElement":[{"@type":"ListItem","position":1,"name":"Home","item":"https:\/\/www.fiscalia.gov.co\/colombia\/"},{"@type":"ListItem","position":2,"name":"Por presunta participaci\u00f3n en irregularidades en contrato de suministro de alimentos para el Ej\u00e9rcito en Cesar fueron judicializadas seis personas"}]},{"@type":"WebSite","@id":"https:\/\/www.fiscalia.gov.co\/colombia\/#website","url":"https:\/\/www.fiscalia.gov.co\/colombia\/","name":"Fiscal\u00eda General de la Naci\u00f3n","description":"P\u00e1gina oficial de la Fiscal\u00eda General de la Naci\u00f3n \u2013 Colombia. Garantizamos el acceso efectivo a la justicia, la verdad y la reparaci\u00f3n de las v\u00edctimas de los delitos.","publisher":{"@id":"https:\/\/www.fiscalia.gov.co\/colombia\/#organization"},"potentialAction":[{"@type":"SearchAction","target":{"@type":"EntryPoint","urlTemplate":"https:\/\/www.fiscalia.gov.co\/colombia\/?s={search_term_string}"},"query-input":{"@type":"PropertyValueSpecification","valueRequired":true,"valueName":"search_term_string"}}],"inLanguage":"es-CO"},{"@type":"Organization","@id":"https:\/\/www.fiscalia.gov.co\/colombia\/#organization","name":"Fiscal\u00eda General de la Naci\u00f3n","url":"https:\/\/www.fiscalia.gov.co\/colombia\/","logo":{"@type":"ImageObject","inLanguage":"es-CO","@id":"https:\/\/www.fiscalia.gov.co\/colombia\/#\/schema\/logo\/image\/","url":"https:\/\/www.fiscalia.gov.co\/colombia\/wp-content\/uploads\/LogoHorizontal_1.jpg","contentUrl":"https:\/\/www.fiscalia.gov.co\/colombia\/wp-content\/uploads\/LogoHorizontal_1.jpg","width":300,"height":90,"caption":"Fiscal\u00eda General de la Naci\u00f3n"},"image":{"@id":"https:\/\/www.fiscalia.gov.co\/colombia\/#\/schema\/logo\/image\/"},"sameAs":["https:\/\/www.facebook.com\/FiscaliaCol","https:\/\/x.com\/FiscaliaCol","https:\/\/www.instagram.com\/fiscaliacol","https:\/\/www.linkedin.com\/company\/fiscalia-general-de-la-naci-n\/","https:\/\/youtube.com\/@fiscaliageneraldelanacion-4668?si=6nN79nyQICPU5iTh"]},{"@type":"Person","@id":"https:\/\/www.fiscalia.gov.co\/colombia\/#\/schema\/person\/bf84402cf293a5393e9c70b111020b24","name":"Jordan Leandro Oviedo Anzola","image":{"@type":"ImageObject","inLanguage":"es-CO","@id":"https:\/\/www.fiscalia.gov.co\/colombia\/#\/schema\/person\/image\/","url":"https:\/\/secure.gravatar.com\/avatar\/dabba4346fa9b9207d96adafa8f92721?s=96&d=mm&r=g","contentUrl":"https:\/\/secure.gravatar.com\/avatar\/dabba4346fa9b9207d96adafa8f92721?s=96&d=mm&r=g","caption":"Jordan Leandro Oviedo Anzola"},"url":"https:\/\/www.fiscalia.gov.co\/colombia\/author\/joviedo\/"}]}},"_links":{"self":[{"href":"https:\/\/www.fiscalia.gov.co\/colombia\/wp-json\/wp\/v2\/posts\/317863","targetHints":{"allow":["GET"]}}],"collection":[{"href":"https:\/\/www.fiscalia.gov.co\/colombia\/wp-json\/wp\/v2\/posts"}],"about":[{"href":"https:\/\/www.fiscalia.gov.co\/colombia\/wp-json\/wp\/v2\/types\/post"}],"author":[{"embeddable":true,"href":"https:\/\/www.fiscalia.gov.co\/colombia\/wp-json\/wp\/v2\/users\/177"}],"replies":[{"embeddable":true,"href":"https:\/\/www.fiscalia.gov.co\/colombia\/wp-json\/wp\/v2\/comments?post=317863"}],"version-history":[{"count":2,"href":"https:\/\/www.fiscalia.gov.co\/colombia\/wp-json\/wp\/v2\/posts\/317863\/revisions"}],"predecessor-version":[{"id":318616,"href":"https:\/\/www.fiscalia.gov.co\/colombia\/wp-json\/wp\/v2\/posts\/317863\/revisions\/318616"}],"wp:attachment":[{"href":"https:\/\/www.fiscalia.gov.co\/colombia\/wp-json\/wp\/v2\/media?parent=317863"}],"wp:term":[{"taxonomy":"category","embeddable":true,"href":"https:\/\/www.fiscalia.gov.co\/colombia\/wp-json\/wp\/v2\/categories?post=317863"},{"taxonomy":"post_tag","embeddable":true,"href":"https:\/\/www.fiscalia.gov.co\/colombia\/wp-json\/wp\/v2\/tags?post=317863"}],"curies":[{"name":"wp","href":"https:\/\/api.w.org\/{rel}","templated":true}]}}