{"id":317764,"date":"2025-06-22T08:55:43","date_gmt":"2025-06-22T13:55:43","guid":{"rendered":"https:\/\/www.fiscalia.gov.co\/colombia\/?p=317764"},"modified":"2025-06-22T08:56:33","modified_gmt":"2025-06-22T13:56:33","slug":"caen-presuntos-integrantes-de-las-disidencias-de-las-farc-senalados-de-enviar-mensajes-extorsivos-a-traves-de-emisoras-locales-y-redes-sociales","status":"publish","type":"post","link":"https:\/\/www.fiscalia.gov.co\/colombia\/noticias\/caen-presuntos-integrantes-de-las-disidencias-de-las-farc-senalados-de-enviar-mensajes-extorsivos-a-traves-de-emisoras-locales-y-redes-sociales\/","title":{"rendered":"Caen presuntos integrantes de las disidencias de las Farc se\u00f1alados de enviar mensajes extorsivos a trav\u00e9s de emisoras locales y redes sociales"},"content":{"rendered":"<h4 class=\"s5\"><strong><em><span class=\"s6\">Las evidencias en su contra dan cuenta de intimida<\/span><span class=\"s6\">ciones<\/span><span class=\"s6\"> a la poblaci\u00f3n civil y a los sectores productivos de<\/span><span class=\"s6\">l oriente del pa\u00eds <\/span><span class=\"s6\">para obligarlos a atender <\/span><span class=\"s6\">las restricciones impuestas por el grupo armado ilegal<\/span><span class=\"s6\"> y desatender las directrices de otras estructuras armadas.<\/span><\/em><\/strong><\/h4>\n<p class=\"s8\">Mensajes radiales emitidos desde emisoras locales y comunitarias, de las que tomaban control transitoriamente en medio de presiones, y publicaciones por redes sociales se habr\u00edan convertido en la modalidad il\u00edcita utilizada por una estructura del autodenominado frente de las disidencias de las Farc para someter a habitantes y comerciantes de municipios de Meta y Guaviare.<\/p>\n<p class=\"s8\">El trabajo investigativo orientado por la Fiscal\u00eda General de la Naci\u00f3n puso al descubierto a tres de los presuntosarticuladores de esta actividad ilegal, identificados como V\u00edctor Alfonso Uma\u00f1a Portela, alias JJ Uma\u00f1a; Telmo Ni\u00f1o Delgadillo, y Gilbert Alexer Barrera L\u00f3pez, conocido con el alias Yasir Zapata.<\/p>\n<p class=\"s8\">Estas personas fueron capturadas en diligencias realizadas de manera articulada por el Cuerpo T\u00e9cnico de Investigaci\u00f3n (CTI), la SIJIN de la Polic\u00eda Nacional y el Ej\u00e9rcito Nacional en Villavicencio (Meta) y San Jos\u00e9 del Guaviare (Guaviare). En los procedimientos les fueron incautados un dron, cuatro relojes digitales y tres tel\u00e9fonos celulares.<\/p>\n<p class=\"s9\">Un fiscal de la Direcci\u00f3n Especializada contra las Organizaciones Criminales los present\u00f3 ante un juez de control de garant\u00edas y les imput\u00f3 el delito de concierto para delinquir agravado con fines de terrorismo y extorsi\u00f3n. El cargo no fue aceptado y, en atenci\u00f3n a los elementos materiales probatorios, deber\u00e1n cumplir medida de aseguramiento en centro carcelario.<\/p>\n<p class=\"s10\">En el curso del proceso se estableci\u00f3 que JJ Uma\u00f1a ser\u00eda elcoordinador de las acciones clandestinas y de intimidaci\u00f3n en Villavicencio, mientras que Ni\u00f1o Delgadillo y \u2018Yasir Zapata\u2019 son se\u00f1alados enlaces y apoyos en San Jos\u00e9 del Guaviare y otros municipios para la difusi\u00f3n de los mensajes amenazantes y extorsivos, que buscaban que la comunidad acatara las restricciones impuestas por el frente primero y desatendiera las \u00f3rdenes de otras estructuras armadas con las que sostiene una disputa violenta, como el frente s\u00e9ptimo y su m\u00e1ximo cabecilla alias Iv\u00e1n Mordisco.<\/p>\n<p class=\"s12\"><span class=\"s11\"><span class=\"bumpedFont17\">JMSV\/<\/span><\/span><span class=\"s11\"><span class=\"bumpedFont17\">JARG\/<\/span><\/span><span class=\"s11\"><span class=\"bumpedFont17\">HMCR\/DECOC<\/span><\/span><span class=\"s11\"><span class=\"bumpedFont17\">\/<\/span><\/span><\/p>\n<p>&nbsp;<\/p>\n<p>&nbsp;<\/p>\n<p><em>La informaci\u00f3n contenida en este bolet\u00edn de prensa corresponde a la narraci\u00f3n de los hechos noticiosos objetivos, suministrados por los funcionarios encargados de adelantar las investigaciones penales al interior de la Fiscal\u00eda General de la Naci\u00f3n. Para el momento de la divulgaci\u00f3n de este comunicado, la situaci\u00f3n jur\u00eddica de la(s) persona(s) relacionada(s) se encuentra pendiente de resolver por la autoridad judicial competente, siempre bajo los preceptos de la presunci\u00f3n de inocencia, consagrados en el art\u00edculo 29 de la Constituci\u00f3n Pol\u00edtica y el art\u00edculo 7\u00ba de la Ley 906 de 2004<\/em><\/p>\n<p>&nbsp;<\/p>\n\n<div class=\"twitter-share\"><a href=\"https:\/\/twitter.com\/intent\/tweet?via=fiscaliacol\" class=\"twitter-share-button\">Tweet<\/a><\/div>\n","protected":false},"excerpt":{"rendered":"<p>Las evidencias en su contra dan cuenta de intimidaciones a la poblaci\u00f3n civil y a los sectores productivos del oriente del pa\u00eds para obligarlos a atender las restricciones impuestas por el grupo armado ilegal y desatender las directrices de otras estructuras armadas. Mensajes radiales emitidos desde emisoras locales y comunitarias, de las que tomaban control [&hellip;]<\/p>\n","protected":false},"author":181,"featured_media":0,"comment_status":"closed","ping_status":"open","sticky":false,"template":"","format":"standard","meta":{"_price":"","_stock":"","_tribe_ticket_header":"","_tribe_default_ticket_provider":"","_tribe_ticket_capacity":"0","_ticket_start_date":"","_ticket_end_date":"","_tribe_ticket_show_description":"","_tribe_ticket_show_not_going":false,"_tribe_ticket_use_global_stock":"","_tribe_ticket_global_stock_level":"","_global_stock_mode":"","_global_stock_cap":"","_tribe_rsvp_for_event":"","_tribe_ticket_going_count":"","_tribe_ticket_not_going_count":"","_tribe_tickets_list":"[]","_tribe_ticket_has_attendee_info_fields":false,"tdm_status":"","tdm_grid_status":"","footnotes":""},"categories":[1],"tags":[],"class_list":{"0":"post-317764","1":"post","2":"type-post","3":"status-publish","4":"format-standard","6":"category-noticias"},"yoast_head":"<!-- This site is optimized with the Yoast SEO plugin v24.3 - https:\/\/yoast.com\/wordpress\/plugins\/seo\/ -->\n<title>Fiscal\u00eda General de la Naci\u00f3n<\/title>\n<meta name=\"description\" content=\"P\u00e1gina oficial de la Fiscal\u00eda General de la Naci\u00f3n \u2013 Colombia. Garantizamos el acceso efectivo a la justicia, la verdad y la reparaci\u00f3n de las v\u00edctimas de los delitos.\" \/>\n<meta name=\"robots\" content=\"noindex, follow\" \/>\n<meta property=\"og:locale\" content=\"es_ES\" \/>\n<meta property=\"og:type\" content=\"article\" \/>\n<meta property=\"og:title\" content=\"Fiscal\u00eda General de la Naci\u00f3n\" \/>\n<meta property=\"og:description\" content=\"P\u00e1gina oficial de la Fiscal\u00eda General de la Naci\u00f3n \u2013 Colombia. Garantizamos el acceso efectivo a la justicia, la verdad y la reparaci\u00f3n de las v\u00edctimas de los delitos.\" \/>\n<meta property=\"og:url\" content=\"https:\/\/www.fiscalia.gov.co\/colombia\/noticias\/caen-presuntos-integrantes-de-las-disidencias-de-las-farc-senalados-de-enviar-mensajes-extorsivos-a-traves-de-emisoras-locales-y-redes-sociales\/\" \/>\n<meta property=\"og:site_name\" content=\"Fiscal\u00eda General de la Naci\u00f3n\" \/>\n<meta property=\"article:publisher\" content=\"https:\/\/www.facebook.com\/FiscaliaCol\" \/>\n<meta property=\"article:published_time\" content=\"2025-06-22T13:55:43+00:00\" \/>\n<meta property=\"article:modified_time\" content=\"2025-06-22T13:56:33+00:00\" \/>\n<meta name=\"author\" content=\"Johanna Islenny Prieto Pe\u00f1a\" \/>\n<meta name=\"twitter:card\" content=\"summary_large_image\" \/>\n<meta name=\"twitter:creator\" content=\"@FiscaliaCol\" \/>\n<meta name=\"twitter:site\" content=\"@FiscaliaCol\" \/>\n<meta name=\"twitter:label1\" content=\"Escrito por\" \/>\n\t<meta name=\"twitter:data1\" content=\"Johanna Islenny Prieto Pe\u00f1a\" \/>\n\t<meta name=\"twitter:label2\" content=\"Tiempo de lectura\" \/>\n\t<meta name=\"twitter:data2\" content=\"2 minutos\" \/>\n<script type=\"application\/ld+json\" class=\"yoast-schema-graph\">{\"@context\":\"https:\/\/schema.org\",\"@graph\":[{\"@type\":\"Article\",\"@id\":\"https:\/\/www.fiscalia.gov.co\/colombia\/noticias\/caen-presuntos-integrantes-de-las-disidencias-de-las-farc-senalados-de-enviar-mensajes-extorsivos-a-traves-de-emisoras-locales-y-redes-sociales\/#article\",\"isPartOf\":{\"@id\":\"https:\/\/www.fiscalia.gov.co\/colombia\/noticias\/caen-presuntos-integrantes-de-las-disidencias-de-las-farc-senalados-de-enviar-mensajes-extorsivos-a-traves-de-emisoras-locales-y-redes-sociales\/\"},\"author\":{\"name\":\"Johanna Islenny Prieto Pe\u00f1a\",\"@id\":\"https:\/\/www.fiscalia.gov.co\/colombia\/#\/schema\/person\/ba9eca435947489fb25117a0cd75bf3e\"},\"headline\":\"Caen presuntos integrantes de las disidencias de las Farc se\u00f1alados de enviar mensajes extorsivos a trav\u00e9s de emisoras locales y redes sociales\",\"datePublished\":\"2025-06-22T13:55:43+00:00\",\"dateModified\":\"2025-06-22T13:56:33+00:00\",\"mainEntityOfPage\":{\"@id\":\"https:\/\/www.fiscalia.gov.co\/colombia\/noticias\/caen-presuntos-integrantes-de-las-disidencias-de-las-farc-senalados-de-enviar-mensajes-extorsivos-a-traves-de-emisoras-locales-y-redes-sociales\/\"},\"wordCount\":504,\"publisher\":{\"@id\":\"https:\/\/www.fiscalia.gov.co\/colombia\/#organization\"},\"articleSection\":[\"Noticias\"],\"inLanguage\":\"es-CO\"},{\"@type\":\"WebPage\",\"@id\":\"https:\/\/www.fiscalia.gov.co\/colombia\/noticias\/caen-presuntos-integrantes-de-las-disidencias-de-las-farc-senalados-de-enviar-mensajes-extorsivos-a-traves-de-emisoras-locales-y-redes-sociales\/\",\"url\":\"https:\/\/www.fiscalia.gov.co\/colombia\/noticias\/caen-presuntos-integrantes-de-las-disidencias-de-las-farc-senalados-de-enviar-mensajes-extorsivos-a-traves-de-emisoras-locales-y-redes-sociales\/\",\"name\":\"Fiscal\u00eda General de la Naci\u00f3n\",\"isPartOf\":{\"@id\":\"https:\/\/www.fiscalia.gov.co\/colombia\/#website\"},\"datePublished\":\"2025-06-22T13:55:43+00:00\",\"dateModified\":\"2025-06-22T13:56:33+00:00\",\"description\":\"P\u00e1gina oficial de la Fiscal\u00eda General de la Naci\u00f3n \u2013 Colombia. Garantizamos el acceso efectivo a la justicia, la verdad y la reparaci\u00f3n de las v\u00edctimas de los delitos.\",\"breadcrumb\":{\"@id\":\"https:\/\/www.fiscalia.gov.co\/colombia\/noticias\/caen-presuntos-integrantes-de-las-disidencias-de-las-farc-senalados-de-enviar-mensajes-extorsivos-a-traves-de-emisoras-locales-y-redes-sociales\/#breadcrumb\"},\"inLanguage\":\"es-CO\",\"potentialAction\":[{\"@type\":\"ReadAction\",\"target\":[\"https:\/\/www.fiscalia.gov.co\/colombia\/noticias\/caen-presuntos-integrantes-de-las-disidencias-de-las-farc-senalados-de-enviar-mensajes-extorsivos-a-traves-de-emisoras-locales-y-redes-sociales\/\"]}]},{\"@type\":\"BreadcrumbList\",\"@id\":\"https:\/\/www.fiscalia.gov.co\/colombia\/noticias\/caen-presuntos-integrantes-de-las-disidencias-de-las-farc-senalados-de-enviar-mensajes-extorsivos-a-traves-de-emisoras-locales-y-redes-sociales\/#breadcrumb\",\"itemListElement\":[{\"@type\":\"ListItem\",\"position\":1,\"name\":\"Home\",\"item\":\"https:\/\/www.fiscalia.gov.co\/colombia\/\"},{\"@type\":\"ListItem\",\"position\":2,\"name\":\"Caen presuntos integrantes de las disidencias de las Farc se\u00f1alados de enviar mensajes extorsivos a trav\u00e9s de emisoras locales y redes sociales\"}]},{\"@type\":\"WebSite\",\"@id\":\"https:\/\/www.fiscalia.gov.co\/colombia\/#website\",\"url\":\"https:\/\/www.fiscalia.gov.co\/colombia\/\",\"name\":\"Fiscal\u00eda General de la Naci\u00f3n\",\"description\":\"P\u00e1gina oficial de la Fiscal\u00eda General de la Naci\u00f3n \u2013 Colombia. Garantizamos el acceso efectivo a la justicia, la verdad y la reparaci\u00f3n de las v\u00edctimas de los delitos.\",\"publisher\":{\"@id\":\"https:\/\/www.fiscalia.gov.co\/colombia\/#organization\"},\"potentialAction\":[{\"@type\":\"SearchAction\",\"target\":{\"@type\":\"EntryPoint\",\"urlTemplate\":\"https:\/\/www.fiscalia.gov.co\/colombia\/?s={search_term_string}\"},\"query-input\":{\"@type\":\"PropertyValueSpecification\",\"valueRequired\":true,\"valueName\":\"search_term_string\"}}],\"inLanguage\":\"es-CO\"},{\"@type\":\"Organization\",\"@id\":\"https:\/\/www.fiscalia.gov.co\/colombia\/#organization\",\"name\":\"Fiscal\u00eda General de la Naci\u00f3n\",\"url\":\"https:\/\/www.fiscalia.gov.co\/colombia\/\",\"logo\":{\"@type\":\"ImageObject\",\"inLanguage\":\"es-CO\",\"@id\":\"https:\/\/www.fiscalia.gov.co\/colombia\/#\/schema\/logo\/image\/\",\"url\":\"https:\/\/www.fiscalia.gov.co\/colombia\/wp-content\/uploads\/LogoHorizontal_1.jpg\",\"contentUrl\":\"https:\/\/www.fiscalia.gov.co\/colombia\/wp-content\/uploads\/LogoHorizontal_1.jpg\",\"width\":300,\"height\":90,\"caption\":\"Fiscal\u00eda General de la Naci\u00f3n\"},\"image\":{\"@id\":\"https:\/\/www.fiscalia.gov.co\/colombia\/#\/schema\/logo\/image\/\"},\"sameAs\":[\"https:\/\/www.facebook.com\/FiscaliaCol\",\"https:\/\/x.com\/FiscaliaCol\",\"https:\/\/www.instagram.com\/fiscaliacol\",\"https:\/\/www.linkedin.com\/company\/fiscalia-general-de-la-naci-n\/\",\"https:\/\/youtube.com\/@fiscaliageneraldelanacion-4668?si=6nN79nyQICPU5iTh\"]},{\"@type\":\"Person\",\"@id\":\"https:\/\/www.fiscalia.gov.co\/colombia\/#\/schema\/person\/ba9eca435947489fb25117a0cd75bf3e\",\"name\":\"Johanna Islenny Prieto Pe\u00f1a\",\"image\":{\"@type\":\"ImageObject\",\"inLanguage\":\"es-CO\",\"@id\":\"https:\/\/www.fiscalia.gov.co\/colombia\/#\/schema\/person\/image\/\",\"url\":\"https:\/\/secure.gravatar.com\/avatar\/111433fc2acb037ffb768f6a3ca47864?s=96&d=mm&r=g\",\"contentUrl\":\"https:\/\/secure.gravatar.com\/avatar\/111433fc2acb037ffb768f6a3ca47864?s=96&d=mm&r=g\",\"caption\":\"Johanna Islenny Prieto Pe\u00f1a\"},\"url\":\"https:\/\/www.fiscalia.gov.co\/colombia\/author\/jprietop\/\"}]}<\/script>\n<!-- \/ Yoast SEO plugin. -->","yoast_head_json":{"title":"Fiscal\u00eda General de la Naci\u00f3n","description":"P\u00e1gina oficial de la Fiscal\u00eda General de la Naci\u00f3n \u2013 Colombia. Garantizamos el acceso efectivo a la justicia, la verdad y la reparaci\u00f3n de las v\u00edctimas de los delitos.","robots":{"index":"noindex","follow":"follow"},"og_locale":"es_ES","og_type":"article","og_title":"Fiscal\u00eda General de la Naci\u00f3n","og_description":"P\u00e1gina oficial de la Fiscal\u00eda General de la Naci\u00f3n \u2013 Colombia. Garantizamos el acceso efectivo a la justicia, la verdad y la reparaci\u00f3n de las v\u00edctimas de los delitos.","og_url":"https:\/\/www.fiscalia.gov.co\/colombia\/noticias\/caen-presuntos-integrantes-de-las-disidencias-de-las-farc-senalados-de-enviar-mensajes-extorsivos-a-traves-de-emisoras-locales-y-redes-sociales\/","og_site_name":"Fiscal\u00eda General de la Naci\u00f3n","article_publisher":"https:\/\/www.facebook.com\/FiscaliaCol","article_published_time":"2025-06-22T13:55:43+00:00","article_modified_time":"2025-06-22T13:56:33+00:00","author":"Johanna Islenny Prieto Pe\u00f1a","twitter_card":"summary_large_image","twitter_creator":"@FiscaliaCol","twitter_site":"@FiscaliaCol","twitter_misc":{"Escrito por":"Johanna Islenny Prieto Pe\u00f1a","Tiempo de lectura":"2 minutos"},"schema":{"@context":"https:\/\/schema.org","@graph":[{"@type":"Article","@id":"https:\/\/www.fiscalia.gov.co\/colombia\/noticias\/caen-presuntos-integrantes-de-las-disidencias-de-las-farc-senalados-de-enviar-mensajes-extorsivos-a-traves-de-emisoras-locales-y-redes-sociales\/#article","isPartOf":{"@id":"https:\/\/www.fiscalia.gov.co\/colombia\/noticias\/caen-presuntos-integrantes-de-las-disidencias-de-las-farc-senalados-de-enviar-mensajes-extorsivos-a-traves-de-emisoras-locales-y-redes-sociales\/"},"author":{"name":"Johanna Islenny Prieto Pe\u00f1a","@id":"https:\/\/www.fiscalia.gov.co\/colombia\/#\/schema\/person\/ba9eca435947489fb25117a0cd75bf3e"},"headline":"Caen presuntos integrantes de las disidencias de las Farc se\u00f1alados de enviar mensajes extorsivos a trav\u00e9s de emisoras locales y redes sociales","datePublished":"2025-06-22T13:55:43+00:00","dateModified":"2025-06-22T13:56:33+00:00","mainEntityOfPage":{"@id":"https:\/\/www.fiscalia.gov.co\/colombia\/noticias\/caen-presuntos-integrantes-de-las-disidencias-de-las-farc-senalados-de-enviar-mensajes-extorsivos-a-traves-de-emisoras-locales-y-redes-sociales\/"},"wordCount":504,"publisher":{"@id":"https:\/\/www.fiscalia.gov.co\/colombia\/#organization"},"articleSection":["Noticias"],"inLanguage":"es-CO"},{"@type":"WebPage","@id":"https:\/\/www.fiscalia.gov.co\/colombia\/noticias\/caen-presuntos-integrantes-de-las-disidencias-de-las-farc-senalados-de-enviar-mensajes-extorsivos-a-traves-de-emisoras-locales-y-redes-sociales\/","url":"https:\/\/www.fiscalia.gov.co\/colombia\/noticias\/caen-presuntos-integrantes-de-las-disidencias-de-las-farc-senalados-de-enviar-mensajes-extorsivos-a-traves-de-emisoras-locales-y-redes-sociales\/","name":"Fiscal\u00eda General de la Naci\u00f3n","isPartOf":{"@id":"https:\/\/www.fiscalia.gov.co\/colombia\/#website"},"datePublished":"2025-06-22T13:55:43+00:00","dateModified":"2025-06-22T13:56:33+00:00","description":"P\u00e1gina oficial de la Fiscal\u00eda General de la Naci\u00f3n \u2013 Colombia. Garantizamos el acceso efectivo a la justicia, la verdad y la reparaci\u00f3n de las v\u00edctimas de los delitos.","breadcrumb":{"@id":"https:\/\/www.fiscalia.gov.co\/colombia\/noticias\/caen-presuntos-integrantes-de-las-disidencias-de-las-farc-senalados-de-enviar-mensajes-extorsivos-a-traves-de-emisoras-locales-y-redes-sociales\/#breadcrumb"},"inLanguage":"es-CO","potentialAction":[{"@type":"ReadAction","target":["https:\/\/www.fiscalia.gov.co\/colombia\/noticias\/caen-presuntos-integrantes-de-las-disidencias-de-las-farc-senalados-de-enviar-mensajes-extorsivos-a-traves-de-emisoras-locales-y-redes-sociales\/"]}]},{"@type":"BreadcrumbList","@id":"https:\/\/www.fiscalia.gov.co\/colombia\/noticias\/caen-presuntos-integrantes-de-las-disidencias-de-las-farc-senalados-de-enviar-mensajes-extorsivos-a-traves-de-emisoras-locales-y-redes-sociales\/#breadcrumb","itemListElement":[{"@type":"ListItem","position":1,"name":"Home","item":"https:\/\/www.fiscalia.gov.co\/colombia\/"},{"@type":"ListItem","position":2,"name":"Caen presuntos integrantes de las disidencias de las Farc se\u00f1alados de enviar mensajes extorsivos a trav\u00e9s de emisoras locales y redes sociales"}]},{"@type":"WebSite","@id":"https:\/\/www.fiscalia.gov.co\/colombia\/#website","url":"https:\/\/www.fiscalia.gov.co\/colombia\/","name":"Fiscal\u00eda General de la Naci\u00f3n","description":"P\u00e1gina oficial de la Fiscal\u00eda General de la Naci\u00f3n \u2013 Colombia. Garantizamos el acceso efectivo a la justicia, la verdad y la reparaci\u00f3n de las v\u00edctimas de los delitos.","publisher":{"@id":"https:\/\/www.fiscalia.gov.co\/colombia\/#organization"},"potentialAction":[{"@type":"SearchAction","target":{"@type":"EntryPoint","urlTemplate":"https:\/\/www.fiscalia.gov.co\/colombia\/?s={search_term_string}"},"query-input":{"@type":"PropertyValueSpecification","valueRequired":true,"valueName":"search_term_string"}}],"inLanguage":"es-CO"},{"@type":"Organization","@id":"https:\/\/www.fiscalia.gov.co\/colombia\/#organization","name":"Fiscal\u00eda General de la Naci\u00f3n","url":"https:\/\/www.fiscalia.gov.co\/colombia\/","logo":{"@type":"ImageObject","inLanguage":"es-CO","@id":"https:\/\/www.fiscalia.gov.co\/colombia\/#\/schema\/logo\/image\/","url":"https:\/\/www.fiscalia.gov.co\/colombia\/wp-content\/uploads\/LogoHorizontal_1.jpg","contentUrl":"https:\/\/www.fiscalia.gov.co\/colombia\/wp-content\/uploads\/LogoHorizontal_1.jpg","width":300,"height":90,"caption":"Fiscal\u00eda General de la Naci\u00f3n"},"image":{"@id":"https:\/\/www.fiscalia.gov.co\/colombia\/#\/schema\/logo\/image\/"},"sameAs":["https:\/\/www.facebook.com\/FiscaliaCol","https:\/\/x.com\/FiscaliaCol","https:\/\/www.instagram.com\/fiscaliacol","https:\/\/www.linkedin.com\/company\/fiscalia-general-de-la-naci-n\/","https:\/\/youtube.com\/@fiscaliageneraldelanacion-4668?si=6nN79nyQICPU5iTh"]},{"@type":"Person","@id":"https:\/\/www.fiscalia.gov.co\/colombia\/#\/schema\/person\/ba9eca435947489fb25117a0cd75bf3e","name":"Johanna Islenny Prieto Pe\u00f1a","image":{"@type":"ImageObject","inLanguage":"es-CO","@id":"https:\/\/www.fiscalia.gov.co\/colombia\/#\/schema\/person\/image\/","url":"https:\/\/secure.gravatar.com\/avatar\/111433fc2acb037ffb768f6a3ca47864?s=96&d=mm&r=g","contentUrl":"https:\/\/secure.gravatar.com\/avatar\/111433fc2acb037ffb768f6a3ca47864?s=96&d=mm&r=g","caption":"Johanna Islenny Prieto Pe\u00f1a"},"url":"https:\/\/www.fiscalia.gov.co\/colombia\/author\/jprietop\/"}]}},"_links":{"self":[{"href":"https:\/\/www.fiscalia.gov.co\/colombia\/wp-json\/wp\/v2\/posts\/317764","targetHints":{"allow":["GET"]}}],"collection":[{"href":"https:\/\/www.fiscalia.gov.co\/colombia\/wp-json\/wp\/v2\/posts"}],"about":[{"href":"https:\/\/www.fiscalia.gov.co\/colombia\/wp-json\/wp\/v2\/types\/post"}],"author":[{"embeddable":true,"href":"https:\/\/www.fiscalia.gov.co\/colombia\/wp-json\/wp\/v2\/users\/181"}],"replies":[{"embeddable":true,"href":"https:\/\/www.fiscalia.gov.co\/colombia\/wp-json\/wp\/v2\/comments?post=317764"}],"version-history":[{"count":2,"href":"https:\/\/www.fiscalia.gov.co\/colombia\/wp-json\/wp\/v2\/posts\/317764\/revisions"}],"predecessor-version":[{"id":317766,"href":"https:\/\/www.fiscalia.gov.co\/colombia\/wp-json\/wp\/v2\/posts\/317764\/revisions\/317766"}],"wp:attachment":[{"href":"https:\/\/www.fiscalia.gov.co\/colombia\/wp-json\/wp\/v2\/media?parent=317764"}],"wp:term":[{"taxonomy":"category","embeddable":true,"href":"https:\/\/www.fiscalia.gov.co\/colombia\/wp-json\/wp\/v2\/categories?post=317764"},{"taxonomy":"post_tag","embeddable":true,"href":"https:\/\/www.fiscalia.gov.co\/colombia\/wp-json\/wp\/v2\/tags?post=317764"}],"curies":[{"name":"wp","href":"https:\/\/api.w.org\/{rel}","templated":true}]}}