{"id":317709,"date":"2025-06-20T08:18:47","date_gmt":"2025-06-20T13:18:47","guid":{"rendered":"https:\/\/www.fiscalia.gov.co\/colombia\/?p=317709"},"modified":"2025-06-20T08:18:47","modified_gmt":"2025-06-20T13:18:47","slug":"aseguradas-en-centro-carcelario-mujeres-senaladas-de-comercializar-con-un-ciudadano-frances-imagenes-de-menores-de-edad-en-actividades-sexuales","status":"publish","type":"post","link":"https:\/\/www.fiscalia.gov.co\/colombia\/noticias\/aseguradas-en-centro-carcelario-mujeres-senaladas-de-comercializar-con-un-ciudadano-frances-imagenes-de-menores-de-edad-en-actividades-sexuales\/","title":{"rendered":"Aseguradas en centro carcelario mujeres se\u00f1aladas de comercializar con un ciudadano franc\u00e9s im\u00e1genes de menores de edad en actividades sexuales"},"content":{"rendered":"<h4 style=\"text-align: center;\"><strong><em>Dos de las procesadas son la mam\u00e1 y la hermana de una de las v\u00edctimas, una ni\u00f1a de cinco a\u00f1os.<\/em><\/strong><\/h4>\n<p>Luego de valorar los elementos materiales probatorios aportado por la Fiscal\u00eda General de la Naci\u00f3n, una juez de control de garant\u00edas impuso medida de aseguramiento en establecimiento carcelario a tres mujeres que estar\u00edan involucradas en la comercializaci\u00f3n de im\u00e1genes de <strong>menores de edad en actividades sexuales.<\/strong><\/p>\n<p>Una de las procesadas es se\u00f1alada de grabar videos y tomar fotograf\u00edas a su hija de cinco a\u00f1os en su lugar de residencia en Medell\u00edn, y compartir el material con contenido expl\u00edcito a un ciudadano franc\u00e9s. La actividad la habr\u00eda realizado entre septiembre de 2018 y marzo de 2024, con apoyo de su hija mayor, tambi\u00e9n judicializada, quien presuntamente facilit\u00f3 el <strong>env\u00edo de los registros al extranjero y recibi\u00f3 giros por algo m\u00e1s de 22 millones de pesos.<\/strong><\/p>\n<p>La otra persona vinculada a la investigaci\u00f3n ser\u00eda la responsable de obtener im\u00e1genes de ni\u00f1os y ni\u00f1as desnudos, y venderlas al mismo ciudadano franc\u00e9s. Las evidencias dan cuenta de que a cambio le<strong> fueron trasferidos 20 millones de pesos en dos a\u00f1os.<\/strong><\/p>\n<p>Estas tres mujeres fueron capturadas en diligencias realizadas en Medell\u00edn (Antioquia), gracias al trabajo articulado con la Oficina de Investigaciones de Seguridad Nacional de Estados Unidos (HSI \u2013 ICE) y las autoridades judiciales francesas. Una fiscal del Centro de Atenci\u00f3n Integral a V\u00edctimas de Abuso Sexual (Caivas) les imput\u00f3 <strong>los delitos de pornograf\u00eda con persona menor de 18 a\u00f1os y proxenetismo con menor de edad.<\/strong> Los cargos no fueron aceptados.<\/p>\n<p>Entre tanto, el ciudadano franc\u00e9s involucrado en la compra del material,<strong> identificado como Richard Gilbert Touret, fue ubicado y capturado en Francia<\/strong>. Es procesado conforme a la legislaci\u00f3n penal de ese pa\u00eds.<\/p>\n<p>A las menores de edad v\u00edctimas se les realiz\u00f3 el restablecimiento de derechos por parte del Instituto Colombiano de Bienestar Familiar (ICBF).<\/p>\n<p>&nbsp;<\/p>\n<p>&nbsp;<\/p>\n<p>&nbsp;<\/p>\n<p>&nbsp;<\/p>\n<p>LFML\/DC\/DSM\/AMCJ\/JARG\/<\/p>\n<p>&nbsp;<\/p>\n<p>&nbsp;<\/p>\n<p>&nbsp;<\/p>\n<p>&nbsp;<\/p>\n<p>&nbsp;<\/p>\n<div class=\"td-post-content tagdiv-type\">\n<div class=\"td-post-content tagdiv-type\">\n<div class=\"td-post-content tagdiv-type\">\n<div class=\"td-post-content tagdiv-type\">\n<p><i>La informaci\u00f3n contenida en este bolet\u00edn de prensa corresponde a la narraci\u00f3n de los hechos noticiosos objetivos, suministrados por los funcionarios encargados de adelantar las investigaciones penales al interior de la Fiscal\u00eda General de la Naci\u00f3n. Para el momento de la divulgaci\u00f3n de este comunicado, la situaci\u00f3n jur\u00eddica de la(s) persona(s) relacionada(s) se encuentra pendiente de resolver por la autoridad judicial competente, siempre bajo los preceptos de la presunci\u00f3n de inocencia, consagrados en el art\u00edculo 29 de la Constituci\u00f3n Pol\u00edtica y el art\u00edculo 7\u00ba de la Ley 906 de 2004.<\/i><\/p>\n<\/div>\n<\/div>\n<\/div>\n<\/div>\n\n<div class=\"twitter-share\"><a href=\"https:\/\/twitter.com\/intent\/tweet?via=fiscaliacol\" class=\"twitter-share-button\">Tweet<\/a><\/div>\n","protected":false},"excerpt":{"rendered":"<p>Dos de las procesadas son la mam\u00e1 y la hermana de una de las v\u00edctimas, una ni\u00f1a de cinco a\u00f1os. Luego de valorar los elementos materiales probatorios aportado por la [&hellip;]<\/p>\n","protected":false},"author":177,"featured_media":0,"comment_status":"closed","ping_status":"open","sticky":false,"template":"","format":"standard","meta":{"tdm_status":"","tdm_grid_status":"","footnotes":""},"categories":[1,331,303,24127],"tags":[25212,31803,3049,23985,1628,3224,3026],"class_list":["post-317709","post","type-post","status-publish","format-standard","category-noticias","category-seccional-medellin","category-seccionales","category-violencia-sexual-e-intrafamiliar","tag-ciudadano-frances","tag-francia","tag-icbf","tag-medellin-antioquia","tag-menores-de-edad","tag-pornografia-infantil","tag-proxenetismo"],"yoast_head":"<!-- This site is optimized with the Yoast SEO plugin v24.3 - https:\/\/yoast.com\/wordpress\/plugins\/seo\/ -->\n<title>Fiscal\u00eda General de la Naci\u00f3n<\/title>\n<meta name=\"description\" content=\"P\u00e1gina oficial de la Fiscal\u00eda General de la Naci\u00f3n \u2013 Colombia. Garantizamos el acceso efectivo a la justicia, la verdad y la reparaci\u00f3n de las v\u00edctimas de los delitos.\" \/>\n<meta name=\"robots\" content=\"noindex, follow\" \/>\n<meta property=\"og:locale\" content=\"es_ES\" \/>\n<meta property=\"og:type\" content=\"article\" \/>\n<meta property=\"og:title\" content=\"Fiscal\u00eda General de la Naci\u00f3n\" \/>\n<meta property=\"og:description\" content=\"P\u00e1gina oficial de la Fiscal\u00eda General de la Naci\u00f3n \u2013 Colombia. Garantizamos el acceso efectivo a la justicia, la verdad y la reparaci\u00f3n de las v\u00edctimas de los delitos.\" \/>\n<meta property=\"og:url\" content=\"https:\/\/www.fiscalia.gov.co\/colombia\/noticias\/aseguradas-en-centro-carcelario-mujeres-senaladas-de-comercializar-con-un-ciudadano-frances-imagenes-de-menores-de-edad-en-actividades-sexuales\/\" \/>\n<meta property=\"og:site_name\" content=\"Fiscal\u00eda General de la Naci\u00f3n\" \/>\n<meta property=\"article:publisher\" content=\"https:\/\/www.facebook.com\/FiscaliaCol\" \/>\n<meta property=\"article:published_time\" content=\"2025-06-20T13:18:47+00:00\" \/>\n<meta name=\"author\" content=\"Jordan Leandro Oviedo Anzola\" \/>\n<meta name=\"twitter:card\" content=\"summary_large_image\" \/>\n<meta name=\"twitter:creator\" content=\"@FiscaliaCol\" \/>\n<meta name=\"twitter:site\" content=\"@FiscaliaCol\" \/>\n<meta name=\"twitter:label1\" content=\"Escrito por\" \/>\n\t<meta name=\"twitter:data1\" content=\"Jordan Leandro Oviedo Anzola\" \/>\n\t<meta name=\"twitter:label2\" content=\"Tiempo de lectura\" \/>\n\t<meta name=\"twitter:data2\" content=\"2 minutos\" \/>\n<script type=\"application\/ld+json\" class=\"yoast-schema-graph\">{\"@context\":\"https:\/\/schema.org\",\"@graph\":[{\"@type\":\"Article\",\"@id\":\"https:\/\/www.fiscalia.gov.co\/colombia\/noticias\/aseguradas-en-centro-carcelario-mujeres-senaladas-de-comercializar-con-un-ciudadano-frances-imagenes-de-menores-de-edad-en-actividades-sexuales\/#article\",\"isPartOf\":{\"@id\":\"https:\/\/www.fiscalia.gov.co\/colombia\/noticias\/aseguradas-en-centro-carcelario-mujeres-senaladas-de-comercializar-con-un-ciudadano-frances-imagenes-de-menores-de-edad-en-actividades-sexuales\/\"},\"author\":{\"name\":\"Jordan Leandro Oviedo Anzola\",\"@id\":\"https:\/\/www.fiscalia.gov.co\/colombia\/#\/schema\/person\/bf84402cf293a5393e9c70b111020b24\"},\"headline\":\"Aseguradas en centro carcelario mujeres se\u00f1aladas de comercializar con un ciudadano franc\u00e9s im\u00e1genes de menores de edad en actividades sexuales\",\"datePublished\":\"2025-06-20T13:18:47+00:00\",\"dateModified\":\"2025-06-20T13:18:47+00:00\",\"mainEntityOfPage\":{\"@id\":\"https:\/\/www.fiscalia.gov.co\/colombia\/noticias\/aseguradas-en-centro-carcelario-mujeres-senaladas-de-comercializar-con-un-ciudadano-frances-imagenes-de-menores-de-edad-en-actividades-sexuales\/\"},\"wordCount\":478,\"publisher\":{\"@id\":\"https:\/\/www.fiscalia.gov.co\/colombia\/#organization\"},\"keywords\":[\"ciudadano franc\u00e9s\",\"Francia\",\"ICBF\",\"Medell\u00edn (Antioquia)\",\"Menores de edad\",\"Pornograf\u00eda infantil\",\"Proxenetismo\"],\"articleSection\":[\"Noticias\",\"Seccional Medell\u00edn\",\"Seccionales\",\"Violencia sexual e intrafamiliar\"],\"inLanguage\":\"es-CO\"},{\"@type\":\"WebPage\",\"@id\":\"https:\/\/www.fiscalia.gov.co\/colombia\/noticias\/aseguradas-en-centro-carcelario-mujeres-senaladas-de-comercializar-con-un-ciudadano-frances-imagenes-de-menores-de-edad-en-actividades-sexuales\/\",\"url\":\"https:\/\/www.fiscalia.gov.co\/colombia\/noticias\/aseguradas-en-centro-carcelario-mujeres-senaladas-de-comercializar-con-un-ciudadano-frances-imagenes-de-menores-de-edad-en-actividades-sexuales\/\",\"name\":\"Fiscal\u00eda General de la Naci\u00f3n\",\"isPartOf\":{\"@id\":\"https:\/\/www.fiscalia.gov.co\/colombia\/#website\"},\"datePublished\":\"2025-06-20T13:18:47+00:00\",\"dateModified\":\"2025-06-20T13:18:47+00:00\",\"description\":\"P\u00e1gina oficial de la Fiscal\u00eda General de la Naci\u00f3n \u2013 Colombia. Garantizamos el acceso efectivo a la justicia, la verdad y la reparaci\u00f3n de las v\u00edctimas de los delitos.\",\"breadcrumb\":{\"@id\":\"https:\/\/www.fiscalia.gov.co\/colombia\/noticias\/aseguradas-en-centro-carcelario-mujeres-senaladas-de-comercializar-con-un-ciudadano-frances-imagenes-de-menores-de-edad-en-actividades-sexuales\/#breadcrumb\"},\"inLanguage\":\"es-CO\",\"potentialAction\":[{\"@type\":\"ReadAction\",\"target\":[\"https:\/\/www.fiscalia.gov.co\/colombia\/noticias\/aseguradas-en-centro-carcelario-mujeres-senaladas-de-comercializar-con-un-ciudadano-frances-imagenes-de-menores-de-edad-en-actividades-sexuales\/\"]}]},{\"@type\":\"BreadcrumbList\",\"@id\":\"https:\/\/www.fiscalia.gov.co\/colombia\/noticias\/aseguradas-en-centro-carcelario-mujeres-senaladas-de-comercializar-con-un-ciudadano-frances-imagenes-de-menores-de-edad-en-actividades-sexuales\/#breadcrumb\",\"itemListElement\":[{\"@type\":\"ListItem\",\"position\":1,\"name\":\"Home\",\"item\":\"https:\/\/www.fiscalia.gov.co\/colombia\/\"},{\"@type\":\"ListItem\",\"position\":2,\"name\":\"Aseguradas en centro carcelario mujeres se\u00f1aladas de comercializar con un ciudadano franc\u00e9s im\u00e1genes de menores de edad en actividades sexuales\"}]},{\"@type\":\"WebSite\",\"@id\":\"https:\/\/www.fiscalia.gov.co\/colombia\/#website\",\"url\":\"https:\/\/www.fiscalia.gov.co\/colombia\/\",\"name\":\"Fiscal\u00eda General de la Naci\u00f3n\",\"description\":\"P\u00e1gina oficial de la Fiscal\u00eda General de la Naci\u00f3n \u2013 Colombia. Garantizamos el acceso efectivo a la justicia, la verdad y la reparaci\u00f3n de las v\u00edctimas de los delitos.\",\"publisher\":{\"@id\":\"https:\/\/www.fiscalia.gov.co\/colombia\/#organization\"},\"potentialAction\":[{\"@type\":\"SearchAction\",\"target\":{\"@type\":\"EntryPoint\",\"urlTemplate\":\"https:\/\/www.fiscalia.gov.co\/colombia\/?s={search_term_string}\"},\"query-input\":{\"@type\":\"PropertyValueSpecification\",\"valueRequired\":true,\"valueName\":\"search_term_string\"}}],\"inLanguage\":\"es-CO\"},{\"@type\":\"Organization\",\"@id\":\"https:\/\/www.fiscalia.gov.co\/colombia\/#organization\",\"name\":\"Fiscal\u00eda General de la Naci\u00f3n\",\"url\":\"https:\/\/www.fiscalia.gov.co\/colombia\/\",\"logo\":{\"@type\":\"ImageObject\",\"inLanguage\":\"es-CO\",\"@id\":\"https:\/\/www.fiscalia.gov.co\/colombia\/#\/schema\/logo\/image\/\",\"url\":\"https:\/\/www.fiscalia.gov.co\/colombia\/wp-content\/uploads\/LogoHorizontal_1.jpg\",\"contentUrl\":\"https:\/\/www.fiscalia.gov.co\/colombia\/wp-content\/uploads\/LogoHorizontal_1.jpg\",\"width\":300,\"height\":90,\"caption\":\"Fiscal\u00eda General de la Naci\u00f3n\"},\"image\":{\"@id\":\"https:\/\/www.fiscalia.gov.co\/colombia\/#\/schema\/logo\/image\/\"},\"sameAs\":[\"https:\/\/www.facebook.com\/FiscaliaCol\",\"https:\/\/x.com\/FiscaliaCol\",\"https:\/\/www.instagram.com\/fiscaliacol\",\"https:\/\/www.linkedin.com\/company\/fiscalia-general-de-la-naci-n\/\",\"https:\/\/youtube.com\/@fiscaliageneraldelanacion-4668?si=6nN79nyQICPU5iTh\"]},{\"@type\":\"Person\",\"@id\":\"https:\/\/www.fiscalia.gov.co\/colombia\/#\/schema\/person\/bf84402cf293a5393e9c70b111020b24\",\"name\":\"Jordan Leandro Oviedo Anzola\",\"image\":{\"@type\":\"ImageObject\",\"inLanguage\":\"es-CO\",\"@id\":\"https:\/\/www.fiscalia.gov.co\/colombia\/#\/schema\/person\/image\/\",\"url\":\"https:\/\/secure.gravatar.com\/avatar\/dabba4346fa9b9207d96adafa8f92721?s=96&d=mm&r=g\",\"contentUrl\":\"https:\/\/secure.gravatar.com\/avatar\/dabba4346fa9b9207d96adafa8f92721?s=96&d=mm&r=g\",\"caption\":\"Jordan Leandro Oviedo Anzola\"},\"url\":\"https:\/\/www.fiscalia.gov.co\/colombia\/author\/joviedo\/\"}]}<\/script>\n<!-- \/ Yoast SEO plugin. -->","yoast_head_json":{"title":"Fiscal\u00eda General de la Naci\u00f3n","description":"P\u00e1gina oficial de la Fiscal\u00eda General de la Naci\u00f3n \u2013 Colombia. Garantizamos el acceso efectivo a la justicia, la verdad y la reparaci\u00f3n de las v\u00edctimas de los delitos.","robots":{"index":"noindex","follow":"follow"},"og_locale":"es_ES","og_type":"article","og_title":"Fiscal\u00eda General de la Naci\u00f3n","og_description":"P\u00e1gina oficial de la Fiscal\u00eda General de la Naci\u00f3n \u2013 Colombia. Garantizamos el acceso efectivo a la justicia, la verdad y la reparaci\u00f3n de las v\u00edctimas de los delitos.","og_url":"https:\/\/www.fiscalia.gov.co\/colombia\/noticias\/aseguradas-en-centro-carcelario-mujeres-senaladas-de-comercializar-con-un-ciudadano-frances-imagenes-de-menores-de-edad-en-actividades-sexuales\/","og_site_name":"Fiscal\u00eda General de la Naci\u00f3n","article_publisher":"https:\/\/www.facebook.com\/FiscaliaCol","article_published_time":"2025-06-20T13:18:47+00:00","author":"Jordan Leandro Oviedo Anzola","twitter_card":"summary_large_image","twitter_creator":"@FiscaliaCol","twitter_site":"@FiscaliaCol","twitter_misc":{"Escrito por":"Jordan Leandro Oviedo Anzola","Tiempo de lectura":"2 minutos"},"schema":{"@context":"https:\/\/schema.org","@graph":[{"@type":"Article","@id":"https:\/\/www.fiscalia.gov.co\/colombia\/noticias\/aseguradas-en-centro-carcelario-mujeres-senaladas-de-comercializar-con-un-ciudadano-frances-imagenes-de-menores-de-edad-en-actividades-sexuales\/#article","isPartOf":{"@id":"https:\/\/www.fiscalia.gov.co\/colombia\/noticias\/aseguradas-en-centro-carcelario-mujeres-senaladas-de-comercializar-con-un-ciudadano-frances-imagenes-de-menores-de-edad-en-actividades-sexuales\/"},"author":{"name":"Jordan Leandro Oviedo Anzola","@id":"https:\/\/www.fiscalia.gov.co\/colombia\/#\/schema\/person\/bf84402cf293a5393e9c70b111020b24"},"headline":"Aseguradas en centro carcelario mujeres se\u00f1aladas de comercializar con un ciudadano franc\u00e9s im\u00e1genes de menores de edad en actividades sexuales","datePublished":"2025-06-20T13:18:47+00:00","dateModified":"2025-06-20T13:18:47+00:00","mainEntityOfPage":{"@id":"https:\/\/www.fiscalia.gov.co\/colombia\/noticias\/aseguradas-en-centro-carcelario-mujeres-senaladas-de-comercializar-con-un-ciudadano-frances-imagenes-de-menores-de-edad-en-actividades-sexuales\/"},"wordCount":478,"publisher":{"@id":"https:\/\/www.fiscalia.gov.co\/colombia\/#organization"},"keywords":["ciudadano franc\u00e9s","Francia","ICBF","Medell\u00edn (Antioquia)","Menores de edad","Pornograf\u00eda infantil","Proxenetismo"],"articleSection":["Noticias","Seccional Medell\u00edn","Seccionales","Violencia sexual e intrafamiliar"],"inLanguage":"es-CO"},{"@type":"WebPage","@id":"https:\/\/www.fiscalia.gov.co\/colombia\/noticias\/aseguradas-en-centro-carcelario-mujeres-senaladas-de-comercializar-con-un-ciudadano-frances-imagenes-de-menores-de-edad-en-actividades-sexuales\/","url":"https:\/\/www.fiscalia.gov.co\/colombia\/noticias\/aseguradas-en-centro-carcelario-mujeres-senaladas-de-comercializar-con-un-ciudadano-frances-imagenes-de-menores-de-edad-en-actividades-sexuales\/","name":"Fiscal\u00eda General de la Naci\u00f3n","isPartOf":{"@id":"https:\/\/www.fiscalia.gov.co\/colombia\/#website"},"datePublished":"2025-06-20T13:18:47+00:00","dateModified":"2025-06-20T13:18:47+00:00","description":"P\u00e1gina oficial de la Fiscal\u00eda General de la Naci\u00f3n \u2013 Colombia. Garantizamos el acceso efectivo a la justicia, la verdad y la reparaci\u00f3n de las v\u00edctimas de los delitos.","breadcrumb":{"@id":"https:\/\/www.fiscalia.gov.co\/colombia\/noticias\/aseguradas-en-centro-carcelario-mujeres-senaladas-de-comercializar-con-un-ciudadano-frances-imagenes-de-menores-de-edad-en-actividades-sexuales\/#breadcrumb"},"inLanguage":"es-CO","potentialAction":[{"@type":"ReadAction","target":["https:\/\/www.fiscalia.gov.co\/colombia\/noticias\/aseguradas-en-centro-carcelario-mujeres-senaladas-de-comercializar-con-un-ciudadano-frances-imagenes-de-menores-de-edad-en-actividades-sexuales\/"]}]},{"@type":"BreadcrumbList","@id":"https:\/\/www.fiscalia.gov.co\/colombia\/noticias\/aseguradas-en-centro-carcelario-mujeres-senaladas-de-comercializar-con-un-ciudadano-frances-imagenes-de-menores-de-edad-en-actividades-sexuales\/#breadcrumb","itemListElement":[{"@type":"ListItem","position":1,"name":"Home","item":"https:\/\/www.fiscalia.gov.co\/colombia\/"},{"@type":"ListItem","position":2,"name":"Aseguradas en centro carcelario mujeres se\u00f1aladas de comercializar con un ciudadano franc\u00e9s im\u00e1genes de menores de edad en actividades sexuales"}]},{"@type":"WebSite","@id":"https:\/\/www.fiscalia.gov.co\/colombia\/#website","url":"https:\/\/www.fiscalia.gov.co\/colombia\/","name":"Fiscal\u00eda General de la Naci\u00f3n","description":"P\u00e1gina oficial de la Fiscal\u00eda General de la Naci\u00f3n \u2013 Colombia. Garantizamos el acceso efectivo a la justicia, la verdad y la reparaci\u00f3n de las v\u00edctimas de los delitos.","publisher":{"@id":"https:\/\/www.fiscalia.gov.co\/colombia\/#organization"},"potentialAction":[{"@type":"SearchAction","target":{"@type":"EntryPoint","urlTemplate":"https:\/\/www.fiscalia.gov.co\/colombia\/?s={search_term_string}"},"query-input":{"@type":"PropertyValueSpecification","valueRequired":true,"valueName":"search_term_string"}}],"inLanguage":"es-CO"},{"@type":"Organization","@id":"https:\/\/www.fiscalia.gov.co\/colombia\/#organization","name":"Fiscal\u00eda General de la Naci\u00f3n","url":"https:\/\/www.fiscalia.gov.co\/colombia\/","logo":{"@type":"ImageObject","inLanguage":"es-CO","@id":"https:\/\/www.fiscalia.gov.co\/colombia\/#\/schema\/logo\/image\/","url":"https:\/\/www.fiscalia.gov.co\/colombia\/wp-content\/uploads\/LogoHorizontal_1.jpg","contentUrl":"https:\/\/www.fiscalia.gov.co\/colombia\/wp-content\/uploads\/LogoHorizontal_1.jpg","width":300,"height":90,"caption":"Fiscal\u00eda General de la Naci\u00f3n"},"image":{"@id":"https:\/\/www.fiscalia.gov.co\/colombia\/#\/schema\/logo\/image\/"},"sameAs":["https:\/\/www.facebook.com\/FiscaliaCol","https:\/\/x.com\/FiscaliaCol","https:\/\/www.instagram.com\/fiscaliacol","https:\/\/www.linkedin.com\/company\/fiscalia-general-de-la-naci-n\/","https:\/\/youtube.com\/@fiscaliageneraldelanacion-4668?si=6nN79nyQICPU5iTh"]},{"@type":"Person","@id":"https:\/\/www.fiscalia.gov.co\/colombia\/#\/schema\/person\/bf84402cf293a5393e9c70b111020b24","name":"Jordan Leandro Oviedo Anzola","image":{"@type":"ImageObject","inLanguage":"es-CO","@id":"https:\/\/www.fiscalia.gov.co\/colombia\/#\/schema\/person\/image\/","url":"https:\/\/secure.gravatar.com\/avatar\/dabba4346fa9b9207d96adafa8f92721?s=96&d=mm&r=g","contentUrl":"https:\/\/secure.gravatar.com\/avatar\/dabba4346fa9b9207d96adafa8f92721?s=96&d=mm&r=g","caption":"Jordan Leandro Oviedo Anzola"},"url":"https:\/\/www.fiscalia.gov.co\/colombia\/author\/joviedo\/"}]}},"_links":{"self":[{"href":"https:\/\/www.fiscalia.gov.co\/colombia\/wp-json\/wp\/v2\/posts\/317709","targetHints":{"allow":["GET"]}}],"collection":[{"href":"https:\/\/www.fiscalia.gov.co\/colombia\/wp-json\/wp\/v2\/posts"}],"about":[{"href":"https:\/\/www.fiscalia.gov.co\/colombia\/wp-json\/wp\/v2\/types\/post"}],"author":[{"embeddable":true,"href":"https:\/\/www.fiscalia.gov.co\/colombia\/wp-json\/wp\/v2\/users\/177"}],"replies":[{"embeddable":true,"href":"https:\/\/www.fiscalia.gov.co\/colombia\/wp-json\/wp\/v2\/comments?post=317709"}],"version-history":[{"count":1,"href":"https:\/\/www.fiscalia.gov.co\/colombia\/wp-json\/wp\/v2\/posts\/317709\/revisions"}],"predecessor-version":[{"id":317710,"href":"https:\/\/www.fiscalia.gov.co\/colombia\/wp-json\/wp\/v2\/posts\/317709\/revisions\/317710"}],"wp:attachment":[{"href":"https:\/\/www.fiscalia.gov.co\/colombia\/wp-json\/wp\/v2\/media?parent=317709"}],"wp:term":[{"taxonomy":"category","embeddable":true,"href":"https:\/\/www.fiscalia.gov.co\/colombia\/wp-json\/wp\/v2\/categories?post=317709"},{"taxonomy":"post_tag","embeddable":true,"href":"https:\/\/www.fiscalia.gov.co\/colombia\/wp-json\/wp\/v2\/tags?post=317709"}],"curies":[{"name":"wp","href":"https:\/\/api.w.org\/{rel}","templated":true}]}}