{"id":317580,"date":"2025-06-18T14:17:29","date_gmt":"2025-06-18T19:17:29","guid":{"rendered":"https:\/\/www.fiscalia.gov.co\/colombia\/?p=317580"},"modified":"2025-06-18T14:17:29","modified_gmt":"2025-06-18T19:17:29","slug":"asegurada-pareja-que-estaria-involucrada-en-la-muerte-de-un-adulto-mayor-en-arauca","status":"publish","type":"post","link":"https:\/\/www.fiscalia.gov.co\/colombia\/noticias\/asegurada-pareja-que-estaria-involucrada-en-la-muerte-de-un-adulto-mayor-en-arauca\/","title":{"rendered":"Asegurada pareja que estar\u00eda involucrada en la muerte de un adulto mayor en Arauca"},"content":{"rendered":"<p dir=\"ltr\">Tras acoger los argumentos presentados por la Fiscal\u00eda General de la Naci\u00f3n, un juez de control de garant\u00edas impuso medida de aseguramiento en establecimiento carcelario a Willianderson Gabriel Herrera Ram\u00edrez y\u00a0 Franshuas Dairin Molina Guti\u00e9rrez, por su presunta participaci\u00f3n en el\u00a0<a href=\"https:\/\/www.fiscalia.gov.co\/colombia\/noticias\/judicializados-presuntos-integrantes-del-eln-que-estarian-involucrados-en-el-secuestro-y-posterior-homicidio-de-dos-comerciantes-en-arauca\/\" target=\"_blank\" rel=\"noopener\" data-saferedirecturl=\"https:\/\/www.google.com\/url?q=https:\/\/www.fiscalia.gov.co\/colombia\/noticias\/judicializados-presuntos-integrantes-del-eln-que-estarian-involucrados-en-el-secuestro-y-posterior-homicidio-de-dos-comerciantes-en-arauca\/&amp;source=gmail&amp;ust=1750359844135000&amp;usg=AOvVaw1HLLYUze2ptpDnepu7uVxS\">homicidio<\/a>\u00a0de un adulto mayor.<\/p>\n<figure id=\"attachment_317581\" aria-describedby=\"caption-attachment-317581\" style=\"width: 696px\" class=\"wp-caption aligncenter\"><img loading=\"lazy\" decoding=\"async\" class=\"size-large wp-image-317581\" src=\"https:\/\/www.fiscalia.gov.co\/colombia\/wp-content\/uploads\/Willianderson-Gabriel-Herrera-Ramirez-y-Franshuas-Dairin-Molina-Gutierrez-judicializados-por-su-presunta-responsabilidad-en-el-delito-de-homicidio-agravado.jpg-1024x586.jpeg\" alt=\"Se visualiza a los capturados junto a dos uniformados de la Polic\u00eda Nacional.  Detr\u00e1s de ellos el banner que identifica a la Fiscal\u00eda General de la Naci\u00f3n.\" width=\"696\" height=\"398\" srcset=\"https:\/\/www.fiscalia.gov.co\/colombia\/wp-content\/uploads\/Willianderson-Gabriel-Herrera-Ramirez-y-Franshuas-Dairin-Molina-Gutierrez-judicializados-por-su-presunta-responsabilidad-en-el-delito-de-homicidio-agravado.jpg-1024x586.jpeg 1024w, https:\/\/www.fiscalia.gov.co\/colombia\/wp-content\/uploads\/Willianderson-Gabriel-Herrera-Ramirez-y-Franshuas-Dairin-Molina-Gutierrez-judicializados-por-su-presunta-responsabilidad-en-el-delito-de-homicidio-agravado.jpg-300x172.jpeg 300w, https:\/\/www.fiscalia.gov.co\/colombia\/wp-content\/uploads\/Willianderson-Gabriel-Herrera-Ramirez-y-Franshuas-Dairin-Molina-Gutierrez-judicializados-por-su-presunta-responsabilidad-en-el-delito-de-homicidio-agravado.jpg-768x439.jpeg 768w, https:\/\/www.fiscalia.gov.co\/colombia\/wp-content\/uploads\/Willianderson-Gabriel-Herrera-Ramirez-y-Franshuas-Dairin-Molina-Gutierrez-judicializados-por-su-presunta-responsabilidad-en-el-delito-de-homicidio-agravado.jpg-1536x879.jpeg 1536w, https:\/\/www.fiscalia.gov.co\/colombia\/wp-content\/uploads\/Willianderson-Gabriel-Herrera-Ramirez-y-Franshuas-Dairin-Molina-Gutierrez-judicializados-por-su-presunta-responsabilidad-en-el-delito-de-homicidio-agravado.jpg-734x420.jpeg 734w, https:\/\/www.fiscalia.gov.co\/colombia\/wp-content\/uploads\/Willianderson-Gabriel-Herrera-Ramirez-y-Franshuas-Dairin-Molina-Gutierrez-judicializados-por-su-presunta-responsabilidad-en-el-delito-de-homicidio-agravado.jpg-696x398.jpeg 696w, https:\/\/www.fiscalia.gov.co\/colombia\/wp-content\/uploads\/Willianderson-Gabriel-Herrera-Ramirez-y-Franshuas-Dairin-Molina-Gutierrez-judicializados-por-su-presunta-responsabilidad-en-el-delito-de-homicidio-agravado.jpg-1068x611.jpeg 1068w, https:\/\/www.fiscalia.gov.co\/colombia\/wp-content\/uploads\/Willianderson-Gabriel-Herrera-Ramirez-y-Franshuas-Dairin-Molina-Gutierrez-judicializados-por-su-presunta-responsabilidad-en-el-delito-de-homicidio-agravado.jpg.jpeg 1566w\" sizes=\"auto, (max-width: 696px) 100vw, 696px\" \/><figcaption id=\"caption-attachment-317581\" class=\"wp-caption-text\">Willianderson Gabriel Herrera Ram\u00edrez y Franshuas Dairin Molina Guti\u00e9rrez, se\u00f1alados del homicidio de un adulto mayor en Arauca.<\/figcaption><\/figure>\n<p dir=\"ltr\">Los hechos se presentaron el pasado 24 de mayo en Arauca (Arauca), cuando los procesados<strong> habr\u00edan golpeado y agredido con arma cortopunzante<\/strong> a un hombre de 89 a\u00f1os caus\u00e1ndole la muerte.<\/p>\n<p dir=\"ltr\">La investigaci\u00f3n permiti\u00f3 establecer que los procesados eran habitantes de calle y en varias ocasiones <strong>la v\u00edctima les hab\u00eda arrendado una habitaci\u00f3n<\/strong> de su residencia ubicada en el barrio 7 de agosto para pasar la noche.<\/p>\n<p dir=\"ltr\">Actividades de polic\u00eda judicial, como <strong>declaraciones juradas, reconocimientos fotogr\u00e1ficos y en video, y labores de verificaci\u00f3n<\/strong>, permitieron la identificaci\u00f3n de los presuntos responsables.<\/p>\n<p dir=\"ltr\">Por estos hechos, un fiscal de la Seccional Arauca les imput\u00f3 <strong>el delito de homicidio agravado<\/strong>, cargo que no fue aceptado.<\/p>\n<p dir=\"ltr\">Los procesados fueron capturados por orden judicial el pasado 15 de junio en un trabajo articulado entre investigadores del Cuerpo T\u00e9cnico de Investigaci\u00f3n (CTI) y la Sij\u00edn de la Polic\u00eda Nacional en zona c\u00e9ntrica del barrio San Luis\u00a0 de la capital araucana.<\/p>\n<p dir=\"ltr\">\n<p dir=\"ltr\">\n<p dir=\"ltr\">\n<p dir=\"ltr\">\n<p dir=\"ltr\">MPHA\/AMCJ\/JASN\/DSA<\/p>\n<p dir=\"ltr\">\n<p dir=\"ltr\">\n<p dir=\"ltr\">\n<p dir=\"ltr\">\n<p dir=\"ltr\"><em>La informaci\u00f3n contenida en este bolet\u00edn de prensa corresponde a la narraci\u00f3n de los hechos noticiosos objetivos, suministrados por los funcionarios encargados de adelantar las investigaciones penales al interior de la Fiscal\u00eda General de la Naci\u00f3n. Para el momento de la divulgaci\u00f3n de este comunicado, la situaci\u00f3n jur\u00eddica de la(s) persona(s) relacionada(s) se encuentra pendiente de resolver por la autoridad judicial competente, siempre bajo los preceptos de la presunci\u00f3n de inocencia, consagrados en el art\u00edculo 29 de la Constituci\u00f3n Pol\u00edtica y el art\u00edculo 7\u00ba de la Ley 906 de 2004.<\/em><\/p>\n\n<div class=\"twitter-share\"><a href=\"https:\/\/twitter.com\/intent\/tweet?via=fiscaliacol\" class=\"twitter-share-button\">Tweet<\/a><\/div>\n","protected":false},"excerpt":{"rendered":"<p>Tras acoger los argumentos presentados por la Fiscal\u00eda General de la Naci\u00f3n, un juez de control de garant\u00edas impuso medida de aseguramiento en establecimiento carcelario a Willianderson Gabriel Herrera Ram\u00edrez y\u00a0 Franshuas Dairin Molina Guti\u00e9rrez, por su presunta participaci\u00f3n en el\u00a0homicidio\u00a0de un adulto mayor. Los hechos se presentaron el pasado 24 de mayo en Arauca [&hellip;]<\/p>\n","protected":false},"author":177,"featured_media":0,"comment_status":"closed","ping_status":"open","sticky":false,"template":"","format":"standard","meta":{"tdm_status":"","tdm_grid_status":"","footnotes":""},"categories":[1,12632,303],"tags":[31726,924,14550,37492,4614,1047,17967,558,10084],"class_list":{"0":"post-317580","1":"post","2":"type-post","3":"status-publish","4":"format-standard","6":"category-noticias","7":"category-seccional-arauca","8":"category-seccionales","9":"tag-arauca-arauca","10":"tag-captura","11":"tag-carcel","12":"tag-fiscal-luz-adriana-camargo","13":"tag-fiscalia-2","14":"tag-fiscalia-general-de-la-nacion","15":"tag-investigacion","16":"tag-policia-nacional","17":"tag-seguridad"},"yoast_head":"<!-- This site is optimized with the Yoast SEO plugin v24.3 - https:\/\/yoast.com\/wordpress\/plugins\/seo\/ -->\n<title>Fiscal\u00eda General de la Naci\u00f3n<\/title>\n<meta name=\"description\" content=\"P\u00e1gina oficial de la Fiscal\u00eda General de la Naci\u00f3n \u2013 Colombia. Garantizamos el acceso efectivo a la justicia, la verdad y la reparaci\u00f3n de las v\u00edctimas de los delitos.\" \/>\n<meta name=\"robots\" content=\"noindex, follow\" \/>\n<meta property=\"og:locale\" content=\"es_ES\" \/>\n<meta property=\"og:type\" content=\"article\" \/>\n<meta property=\"og:title\" content=\"Fiscal\u00eda General de la Naci\u00f3n\" \/>\n<meta property=\"og:description\" content=\"P\u00e1gina oficial de la Fiscal\u00eda General de la Naci\u00f3n \u2013 Colombia. Garantizamos el acceso efectivo a la justicia, la verdad y la reparaci\u00f3n de las v\u00edctimas de los delitos.\" \/>\n<meta property=\"og:url\" content=\"https:\/\/www.fiscalia.gov.co\/colombia\/noticias\/asegurada-pareja-que-estaria-involucrada-en-la-muerte-de-un-adulto-mayor-en-arauca\/\" \/>\n<meta property=\"og:site_name\" content=\"Fiscal\u00eda General de la Naci\u00f3n\" \/>\n<meta property=\"article:publisher\" content=\"https:\/\/www.facebook.com\/FiscaliaCol\" \/>\n<meta property=\"article:published_time\" content=\"2025-06-18T19:17:29+00:00\" \/>\n<meta property=\"og:image\" content=\"https:\/\/www.fiscalia.gov.co\/colombia\/wp-content\/uploads\/Willianderson-Gabriel-Herrera-Ramirez-y-Franshuas-Dairin-Molina-Gutierrez-judicializados-por-su-presunta-responsabilidad-en-el-delito-de-homicidio-agravado.jpg.jpeg\" \/>\n\t<meta property=\"og:image:width\" content=\"1566\" \/>\n\t<meta property=\"og:image:height\" content=\"896\" \/>\n\t<meta property=\"og:image:type\" content=\"image\/jpeg\" \/>\n<meta name=\"author\" content=\"Jordan Leandro Oviedo Anzola\" \/>\n<meta name=\"twitter:card\" content=\"summary_large_image\" \/>\n<meta name=\"twitter:creator\" content=\"@FiscaliaCol\" \/>\n<meta name=\"twitter:site\" content=\"@FiscaliaCol\" \/>\n<meta name=\"twitter:label1\" content=\"Escrito por\" \/>\n\t<meta name=\"twitter:data1\" content=\"Jordan Leandro Oviedo Anzola\" \/>\n\t<meta name=\"twitter:label2\" content=\"Tiempo de lectura\" \/>\n\t<meta name=\"twitter:data2\" content=\"2 minutos\" \/>\n<script type=\"application\/ld+json\" class=\"yoast-schema-graph\">{\"@context\":\"https:\/\/schema.org\",\"@graph\":[{\"@type\":\"Article\",\"@id\":\"https:\/\/www.fiscalia.gov.co\/colombia\/noticias\/asegurada-pareja-que-estaria-involucrada-en-la-muerte-de-un-adulto-mayor-en-arauca\/#article\",\"isPartOf\":{\"@id\":\"https:\/\/www.fiscalia.gov.co\/colombia\/noticias\/asegurada-pareja-que-estaria-involucrada-en-la-muerte-de-un-adulto-mayor-en-arauca\/\"},\"author\":{\"name\":\"Jordan Leandro Oviedo Anzola\",\"@id\":\"https:\/\/www.fiscalia.gov.co\/colombia\/#\/schema\/person\/bf84402cf293a5393e9c70b111020b24\"},\"headline\":\"Asegurada pareja que estar\u00eda involucrada en la muerte de un adulto mayor en Arauca\",\"datePublished\":\"2025-06-18T19:17:29+00:00\",\"dateModified\":\"2025-06-18T19:17:29+00:00\",\"mainEntityOfPage\":{\"@id\":\"https:\/\/www.fiscalia.gov.co\/colombia\/noticias\/asegurada-pareja-que-estaria-involucrada-en-la-muerte-de-un-adulto-mayor-en-arauca\/\"},\"wordCount\":366,\"publisher\":{\"@id\":\"https:\/\/www.fiscalia.gov.co\/colombia\/#organization\"},\"image\":{\"@id\":\"https:\/\/www.fiscalia.gov.co\/colombia\/noticias\/asegurada-pareja-que-estaria-involucrada-en-la-muerte-de-un-adulto-mayor-en-arauca\/#primaryimage\"},\"thumbnailUrl\":\"https:\/\/www.fiscalia.gov.co\/colombia\/wp-content\/uploads\/Willianderson-Gabriel-Herrera-Ramirez-y-Franshuas-Dairin-Molina-Gutierrez-judicializados-por-su-presunta-responsabilidad-en-el-delito-de-homicidio-agravado.jpg-1024x586.jpeg\",\"keywords\":[\"Arauca (Arauca)\",\"Captura\",\"C\u00e1rcel\",\"Fiscal Luz Adriana Camargo\",\"Fiscal\u00eda\",\"Fiscal\u00eda General de la Naci\u00f3n\",\"Investigaci\u00f3n\",\"Polic\u00eda Nacional\",\"Seguridad\"],\"articleSection\":[\"Noticias\",\"Seccional Arauca\",\"Seccionales\"],\"inLanguage\":\"es-CO\"},{\"@type\":\"WebPage\",\"@id\":\"https:\/\/www.fiscalia.gov.co\/colombia\/noticias\/asegurada-pareja-que-estaria-involucrada-en-la-muerte-de-un-adulto-mayor-en-arauca\/\",\"url\":\"https:\/\/www.fiscalia.gov.co\/colombia\/noticias\/asegurada-pareja-que-estaria-involucrada-en-la-muerte-de-un-adulto-mayor-en-arauca\/\",\"name\":\"Fiscal\u00eda General de la Naci\u00f3n\",\"isPartOf\":{\"@id\":\"https:\/\/www.fiscalia.gov.co\/colombia\/#website\"},\"primaryImageOfPage\":{\"@id\":\"https:\/\/www.fiscalia.gov.co\/colombia\/noticias\/asegurada-pareja-que-estaria-involucrada-en-la-muerte-de-un-adulto-mayor-en-arauca\/#primaryimage\"},\"image\":{\"@id\":\"https:\/\/www.fiscalia.gov.co\/colombia\/noticias\/asegurada-pareja-que-estaria-involucrada-en-la-muerte-de-un-adulto-mayor-en-arauca\/#primaryimage\"},\"thumbnailUrl\":\"https:\/\/www.fiscalia.gov.co\/colombia\/wp-content\/uploads\/Willianderson-Gabriel-Herrera-Ramirez-y-Franshuas-Dairin-Molina-Gutierrez-judicializados-por-su-presunta-responsabilidad-en-el-delito-de-homicidio-agravado.jpg-1024x586.jpeg\",\"datePublished\":\"2025-06-18T19:17:29+00:00\",\"dateModified\":\"2025-06-18T19:17:29+00:00\",\"description\":\"P\u00e1gina oficial de la Fiscal\u00eda General de la Naci\u00f3n \u2013 Colombia. Garantizamos el acceso efectivo a la justicia, la verdad y la reparaci\u00f3n de las v\u00edctimas de los delitos.\",\"breadcrumb\":{\"@id\":\"https:\/\/www.fiscalia.gov.co\/colombia\/noticias\/asegurada-pareja-que-estaria-involucrada-en-la-muerte-de-un-adulto-mayor-en-arauca\/#breadcrumb\"},\"inLanguage\":\"es-CO\",\"potentialAction\":[{\"@type\":\"ReadAction\",\"target\":[\"https:\/\/www.fiscalia.gov.co\/colombia\/noticias\/asegurada-pareja-que-estaria-involucrada-en-la-muerte-de-un-adulto-mayor-en-arauca\/\"]}]},{\"@type\":\"ImageObject\",\"inLanguage\":\"es-CO\",\"@id\":\"https:\/\/www.fiscalia.gov.co\/colombia\/noticias\/asegurada-pareja-que-estaria-involucrada-en-la-muerte-de-un-adulto-mayor-en-arauca\/#primaryimage\",\"url\":\"https:\/\/www.fiscalia.gov.co\/colombia\/wp-content\/uploads\/Willianderson-Gabriel-Herrera-Ramirez-y-Franshuas-Dairin-Molina-Gutierrez-judicializados-por-su-presunta-responsabilidad-en-el-delito-de-homicidio-agravado.jpg.jpeg\",\"contentUrl\":\"https:\/\/www.fiscalia.gov.co\/colombia\/wp-content\/uploads\/Willianderson-Gabriel-Herrera-Ramirez-y-Franshuas-Dairin-Molina-Gutierrez-judicializados-por-su-presunta-responsabilidad-en-el-delito-de-homicidio-agravado.jpg.jpeg\",\"width\":1566,\"height\":896,\"caption\":\"Willianderson Gabriel Herrera Ram\u00edrez y Franshuas Dairin Molina Guti\u00e9rrez, se\u00f1alados del homicidio de un adulto mayor en Arauca.\"},{\"@type\":\"BreadcrumbList\",\"@id\":\"https:\/\/www.fiscalia.gov.co\/colombia\/noticias\/asegurada-pareja-que-estaria-involucrada-en-la-muerte-de-un-adulto-mayor-en-arauca\/#breadcrumb\",\"itemListElement\":[{\"@type\":\"ListItem\",\"position\":1,\"name\":\"Home\",\"item\":\"https:\/\/www.fiscalia.gov.co\/colombia\/\"},{\"@type\":\"ListItem\",\"position\":2,\"name\":\"Asegurada pareja que estar\u00eda involucrada en la muerte de un adulto mayor en Arauca\"}]},{\"@type\":\"WebSite\",\"@id\":\"https:\/\/www.fiscalia.gov.co\/colombia\/#website\",\"url\":\"https:\/\/www.fiscalia.gov.co\/colombia\/\",\"name\":\"Fiscal\u00eda General de la Naci\u00f3n\",\"description\":\"P\u00e1gina oficial de la Fiscal\u00eda General de la Naci\u00f3n \u2013 Colombia. Garantizamos el acceso efectivo a la justicia, la verdad y la reparaci\u00f3n de las v\u00edctimas de los delitos.\",\"publisher\":{\"@id\":\"https:\/\/www.fiscalia.gov.co\/colombia\/#organization\"},\"potentialAction\":[{\"@type\":\"SearchAction\",\"target\":{\"@type\":\"EntryPoint\",\"urlTemplate\":\"https:\/\/www.fiscalia.gov.co\/colombia\/?s={search_term_string}\"},\"query-input\":{\"@type\":\"PropertyValueSpecification\",\"valueRequired\":true,\"valueName\":\"search_term_string\"}}],\"inLanguage\":\"es-CO\"},{\"@type\":\"Organization\",\"@id\":\"https:\/\/www.fiscalia.gov.co\/colombia\/#organization\",\"name\":\"Fiscal\u00eda General de la Naci\u00f3n\",\"url\":\"https:\/\/www.fiscalia.gov.co\/colombia\/\",\"logo\":{\"@type\":\"ImageObject\",\"inLanguage\":\"es-CO\",\"@id\":\"https:\/\/www.fiscalia.gov.co\/colombia\/#\/schema\/logo\/image\/\",\"url\":\"https:\/\/www.fiscalia.gov.co\/colombia\/wp-content\/uploads\/LogoHorizontal_1.jpg\",\"contentUrl\":\"https:\/\/www.fiscalia.gov.co\/colombia\/wp-content\/uploads\/LogoHorizontal_1.jpg\",\"width\":300,\"height\":90,\"caption\":\"Fiscal\u00eda General de la Naci\u00f3n\"},\"image\":{\"@id\":\"https:\/\/www.fiscalia.gov.co\/colombia\/#\/schema\/logo\/image\/\"},\"sameAs\":[\"https:\/\/www.facebook.com\/FiscaliaCol\",\"https:\/\/x.com\/FiscaliaCol\",\"https:\/\/www.instagram.com\/fiscaliacol\",\"https:\/\/www.linkedin.com\/company\/fiscalia-general-de-la-naci-n\/\",\"https:\/\/youtube.com\/@fiscaliageneraldelanacion-4668?si=6nN79nyQICPU5iTh\"]},{\"@type\":\"Person\",\"@id\":\"https:\/\/www.fiscalia.gov.co\/colombia\/#\/schema\/person\/bf84402cf293a5393e9c70b111020b24\",\"name\":\"Jordan Leandro Oviedo Anzola\",\"image\":{\"@type\":\"ImageObject\",\"inLanguage\":\"es-CO\",\"@id\":\"https:\/\/www.fiscalia.gov.co\/colombia\/#\/schema\/person\/image\/\",\"url\":\"https:\/\/secure.gravatar.com\/avatar\/dabba4346fa9b9207d96adafa8f92721?s=96&d=mm&r=g\",\"contentUrl\":\"https:\/\/secure.gravatar.com\/avatar\/dabba4346fa9b9207d96adafa8f92721?s=96&d=mm&r=g\",\"caption\":\"Jordan Leandro Oviedo Anzola\"},\"url\":\"https:\/\/www.fiscalia.gov.co\/colombia\/author\/joviedo\/\"}]}<\/script>\n<!-- \/ Yoast SEO plugin. -->","yoast_head_json":{"title":"Fiscal\u00eda General de la Naci\u00f3n","description":"P\u00e1gina oficial de la Fiscal\u00eda General de la Naci\u00f3n \u2013 Colombia. Garantizamos el acceso efectivo a la justicia, la verdad y la reparaci\u00f3n de las v\u00edctimas de los delitos.","robots":{"index":"noindex","follow":"follow"},"og_locale":"es_ES","og_type":"article","og_title":"Fiscal\u00eda General de la Naci\u00f3n","og_description":"P\u00e1gina oficial de la Fiscal\u00eda General de la Naci\u00f3n \u2013 Colombia. Garantizamos el acceso efectivo a la justicia, la verdad y la reparaci\u00f3n de las v\u00edctimas de los delitos.","og_url":"https:\/\/www.fiscalia.gov.co\/colombia\/noticias\/asegurada-pareja-que-estaria-involucrada-en-la-muerte-de-un-adulto-mayor-en-arauca\/","og_site_name":"Fiscal\u00eda General de la Naci\u00f3n","article_publisher":"https:\/\/www.facebook.com\/FiscaliaCol","article_published_time":"2025-06-18T19:17:29+00:00","og_image":[{"width":1566,"height":896,"url":"https:\/\/www.fiscalia.gov.co\/colombia\/wp-content\/uploads\/Willianderson-Gabriel-Herrera-Ramirez-y-Franshuas-Dairin-Molina-Gutierrez-judicializados-por-su-presunta-responsabilidad-en-el-delito-de-homicidio-agravado.jpg.jpeg","type":"image\/jpeg"}],"author":"Jordan Leandro Oviedo Anzola","twitter_card":"summary_large_image","twitter_creator":"@FiscaliaCol","twitter_site":"@FiscaliaCol","twitter_misc":{"Escrito por":"Jordan Leandro Oviedo Anzola","Tiempo de lectura":"2 minutos"},"schema":{"@context":"https:\/\/schema.org","@graph":[{"@type":"Article","@id":"https:\/\/www.fiscalia.gov.co\/colombia\/noticias\/asegurada-pareja-que-estaria-involucrada-en-la-muerte-de-un-adulto-mayor-en-arauca\/#article","isPartOf":{"@id":"https:\/\/www.fiscalia.gov.co\/colombia\/noticias\/asegurada-pareja-que-estaria-involucrada-en-la-muerte-de-un-adulto-mayor-en-arauca\/"},"author":{"name":"Jordan Leandro Oviedo Anzola","@id":"https:\/\/www.fiscalia.gov.co\/colombia\/#\/schema\/person\/bf84402cf293a5393e9c70b111020b24"},"headline":"Asegurada pareja que estar\u00eda involucrada en la muerte de un adulto mayor en Arauca","datePublished":"2025-06-18T19:17:29+00:00","dateModified":"2025-06-18T19:17:29+00:00","mainEntityOfPage":{"@id":"https:\/\/www.fiscalia.gov.co\/colombia\/noticias\/asegurada-pareja-que-estaria-involucrada-en-la-muerte-de-un-adulto-mayor-en-arauca\/"},"wordCount":366,"publisher":{"@id":"https:\/\/www.fiscalia.gov.co\/colombia\/#organization"},"image":{"@id":"https:\/\/www.fiscalia.gov.co\/colombia\/noticias\/asegurada-pareja-que-estaria-involucrada-en-la-muerte-de-un-adulto-mayor-en-arauca\/#primaryimage"},"thumbnailUrl":"https:\/\/www.fiscalia.gov.co\/colombia\/wp-content\/uploads\/Willianderson-Gabriel-Herrera-Ramirez-y-Franshuas-Dairin-Molina-Gutierrez-judicializados-por-su-presunta-responsabilidad-en-el-delito-de-homicidio-agravado.jpg-1024x586.jpeg","keywords":["Arauca (Arauca)","Captura","C\u00e1rcel","Fiscal Luz Adriana Camargo","Fiscal\u00eda","Fiscal\u00eda General de la Naci\u00f3n","Investigaci\u00f3n","Polic\u00eda Nacional","Seguridad"],"articleSection":["Noticias","Seccional Arauca","Seccionales"],"inLanguage":"es-CO"},{"@type":"WebPage","@id":"https:\/\/www.fiscalia.gov.co\/colombia\/noticias\/asegurada-pareja-que-estaria-involucrada-en-la-muerte-de-un-adulto-mayor-en-arauca\/","url":"https:\/\/www.fiscalia.gov.co\/colombia\/noticias\/asegurada-pareja-que-estaria-involucrada-en-la-muerte-de-un-adulto-mayor-en-arauca\/","name":"Fiscal\u00eda General de la Naci\u00f3n","isPartOf":{"@id":"https:\/\/www.fiscalia.gov.co\/colombia\/#website"},"primaryImageOfPage":{"@id":"https:\/\/www.fiscalia.gov.co\/colombia\/noticias\/asegurada-pareja-que-estaria-involucrada-en-la-muerte-de-un-adulto-mayor-en-arauca\/#primaryimage"},"image":{"@id":"https:\/\/www.fiscalia.gov.co\/colombia\/noticias\/asegurada-pareja-que-estaria-involucrada-en-la-muerte-de-un-adulto-mayor-en-arauca\/#primaryimage"},"thumbnailUrl":"https:\/\/www.fiscalia.gov.co\/colombia\/wp-content\/uploads\/Willianderson-Gabriel-Herrera-Ramirez-y-Franshuas-Dairin-Molina-Gutierrez-judicializados-por-su-presunta-responsabilidad-en-el-delito-de-homicidio-agravado.jpg-1024x586.jpeg","datePublished":"2025-06-18T19:17:29+00:00","dateModified":"2025-06-18T19:17:29+00:00","description":"P\u00e1gina oficial de la Fiscal\u00eda General de la Naci\u00f3n \u2013 Colombia. Garantizamos el acceso efectivo a la justicia, la verdad y la reparaci\u00f3n de las v\u00edctimas de los delitos.","breadcrumb":{"@id":"https:\/\/www.fiscalia.gov.co\/colombia\/noticias\/asegurada-pareja-que-estaria-involucrada-en-la-muerte-de-un-adulto-mayor-en-arauca\/#breadcrumb"},"inLanguage":"es-CO","potentialAction":[{"@type":"ReadAction","target":["https:\/\/www.fiscalia.gov.co\/colombia\/noticias\/asegurada-pareja-que-estaria-involucrada-en-la-muerte-de-un-adulto-mayor-en-arauca\/"]}]},{"@type":"ImageObject","inLanguage":"es-CO","@id":"https:\/\/www.fiscalia.gov.co\/colombia\/noticias\/asegurada-pareja-que-estaria-involucrada-en-la-muerte-de-un-adulto-mayor-en-arauca\/#primaryimage","url":"https:\/\/www.fiscalia.gov.co\/colombia\/wp-content\/uploads\/Willianderson-Gabriel-Herrera-Ramirez-y-Franshuas-Dairin-Molina-Gutierrez-judicializados-por-su-presunta-responsabilidad-en-el-delito-de-homicidio-agravado.jpg.jpeg","contentUrl":"https:\/\/www.fiscalia.gov.co\/colombia\/wp-content\/uploads\/Willianderson-Gabriel-Herrera-Ramirez-y-Franshuas-Dairin-Molina-Gutierrez-judicializados-por-su-presunta-responsabilidad-en-el-delito-de-homicidio-agravado.jpg.jpeg","width":1566,"height":896,"caption":"Willianderson Gabriel Herrera Ram\u00edrez y Franshuas Dairin Molina Guti\u00e9rrez, se\u00f1alados del homicidio de un adulto mayor en Arauca."},{"@type":"BreadcrumbList","@id":"https:\/\/www.fiscalia.gov.co\/colombia\/noticias\/asegurada-pareja-que-estaria-involucrada-en-la-muerte-de-un-adulto-mayor-en-arauca\/#breadcrumb","itemListElement":[{"@type":"ListItem","position":1,"name":"Home","item":"https:\/\/www.fiscalia.gov.co\/colombia\/"},{"@type":"ListItem","position":2,"name":"Asegurada pareja que estar\u00eda involucrada en la muerte de un adulto mayor en Arauca"}]},{"@type":"WebSite","@id":"https:\/\/www.fiscalia.gov.co\/colombia\/#website","url":"https:\/\/www.fiscalia.gov.co\/colombia\/","name":"Fiscal\u00eda General de la Naci\u00f3n","description":"P\u00e1gina oficial de la Fiscal\u00eda General de la Naci\u00f3n \u2013 Colombia. Garantizamos el acceso efectivo a la justicia, la verdad y la reparaci\u00f3n de las v\u00edctimas de los delitos.","publisher":{"@id":"https:\/\/www.fiscalia.gov.co\/colombia\/#organization"},"potentialAction":[{"@type":"SearchAction","target":{"@type":"EntryPoint","urlTemplate":"https:\/\/www.fiscalia.gov.co\/colombia\/?s={search_term_string}"},"query-input":{"@type":"PropertyValueSpecification","valueRequired":true,"valueName":"search_term_string"}}],"inLanguage":"es-CO"},{"@type":"Organization","@id":"https:\/\/www.fiscalia.gov.co\/colombia\/#organization","name":"Fiscal\u00eda General de la Naci\u00f3n","url":"https:\/\/www.fiscalia.gov.co\/colombia\/","logo":{"@type":"ImageObject","inLanguage":"es-CO","@id":"https:\/\/www.fiscalia.gov.co\/colombia\/#\/schema\/logo\/image\/","url":"https:\/\/www.fiscalia.gov.co\/colombia\/wp-content\/uploads\/LogoHorizontal_1.jpg","contentUrl":"https:\/\/www.fiscalia.gov.co\/colombia\/wp-content\/uploads\/LogoHorizontal_1.jpg","width":300,"height":90,"caption":"Fiscal\u00eda General de la Naci\u00f3n"},"image":{"@id":"https:\/\/www.fiscalia.gov.co\/colombia\/#\/schema\/logo\/image\/"},"sameAs":["https:\/\/www.facebook.com\/FiscaliaCol","https:\/\/x.com\/FiscaliaCol","https:\/\/www.instagram.com\/fiscaliacol","https:\/\/www.linkedin.com\/company\/fiscalia-general-de-la-naci-n\/","https:\/\/youtube.com\/@fiscaliageneraldelanacion-4668?si=6nN79nyQICPU5iTh"]},{"@type":"Person","@id":"https:\/\/www.fiscalia.gov.co\/colombia\/#\/schema\/person\/bf84402cf293a5393e9c70b111020b24","name":"Jordan Leandro Oviedo Anzola","image":{"@type":"ImageObject","inLanguage":"es-CO","@id":"https:\/\/www.fiscalia.gov.co\/colombia\/#\/schema\/person\/image\/","url":"https:\/\/secure.gravatar.com\/avatar\/dabba4346fa9b9207d96adafa8f92721?s=96&d=mm&r=g","contentUrl":"https:\/\/secure.gravatar.com\/avatar\/dabba4346fa9b9207d96adafa8f92721?s=96&d=mm&r=g","caption":"Jordan Leandro Oviedo Anzola"},"url":"https:\/\/www.fiscalia.gov.co\/colombia\/author\/joviedo\/"}]}},"_links":{"self":[{"href":"https:\/\/www.fiscalia.gov.co\/colombia\/wp-json\/wp\/v2\/posts\/317580","targetHints":{"allow":["GET"]}}],"collection":[{"href":"https:\/\/www.fiscalia.gov.co\/colombia\/wp-json\/wp\/v2\/posts"}],"about":[{"href":"https:\/\/www.fiscalia.gov.co\/colombia\/wp-json\/wp\/v2\/types\/post"}],"author":[{"embeddable":true,"href":"https:\/\/www.fiscalia.gov.co\/colombia\/wp-json\/wp\/v2\/users\/177"}],"replies":[{"embeddable":true,"href":"https:\/\/www.fiscalia.gov.co\/colombia\/wp-json\/wp\/v2\/comments?post=317580"}],"version-history":[{"count":1,"href":"https:\/\/www.fiscalia.gov.co\/colombia\/wp-json\/wp\/v2\/posts\/317580\/revisions"}],"predecessor-version":[{"id":317582,"href":"https:\/\/www.fiscalia.gov.co\/colombia\/wp-json\/wp\/v2\/posts\/317580\/revisions\/317582"}],"wp:attachment":[{"href":"https:\/\/www.fiscalia.gov.co\/colombia\/wp-json\/wp\/v2\/media?parent=317580"}],"wp:term":[{"taxonomy":"category","embeddable":true,"href":"https:\/\/www.fiscalia.gov.co\/colombia\/wp-json\/wp\/v2\/categories?post=317580"},{"taxonomy":"post_tag","embeddable":true,"href":"https:\/\/www.fiscalia.gov.co\/colombia\/wp-json\/wp\/v2\/tags?post=317580"}],"curies":[{"name":"wp","href":"https:\/\/api.w.org\/{rel}","templated":true}]}}