{"id":317511,"date":"2025-06-17T16:04:43","date_gmt":"2025-06-17T21:04:43","guid":{"rendered":"https:\/\/www.fiscalia.gov.co\/colombia\/?p=317511"},"modified":"2025-06-17T16:05:23","modified_gmt":"2025-06-17T21:05:23","slug":"asegurados-integrantes-de-las-disidencias-de-las-farc-que-estarian-involucrados-en-acciones-delincuenciales-en-arauca","status":"publish","type":"post","link":"https:\/\/www.fiscalia.gov.co\/colombia\/noticias\/asegurados-integrantes-de-las-disidencias-de-las-farc-que-estarian-involucrados-en-acciones-delincuenciales-en-arauca\/","title":{"rendered":"Asegurados integrantes de las disidencias de las Farc que estar\u00edan involucrados en acciones delincuenciales en Arauca"},"content":{"rendered":"<h4 style=\"text-align: center;\"><strong><em>Entre los investigados se encuentra alias Ingeniero, presunto cabecilla de la estructura\u00a0 Mart\u00edn Villa.\u00a0<\/em><\/strong><\/h4>\n<div class=\"gmail_quote\">\n<div dir=\"ltr\">\n<p dir=\"ltr\">Por solicitud de la Fiscal\u00eda General de la Naci\u00f3n, un juez de control\u00a0 de garant\u00edas de C\u00facuta (Norte de Santander) impuso medida de aseguramiento en centro carcelario contra cuatro <a href=\"https:\/\/www.fiscalia.gov.co\/colombia\/noticias\/por-acciones-delictivas-en-arauca-fue-asegurado-alias-sombreron-presunto-cabecilla-de-las-disidencias-de-las-farc\/\" target=\"_blank\" rel=\"noopener\" data-saferedirecturl=\"https:\/\/www.google.com\/url?q=https:\/\/www.fiscalia.gov.co\/colombia\/noticias\/por-acciones-delictivas-en-arauca-fue-asegurado-alias-sombreron-presunto-cabecilla-de-las-disidencias-de-las-farc\/&amp;source=gmail&amp;ust=1750278389226000&amp;usg=AOvVaw1IUnNnXODbgQz47VXUz24p\">presuntos<\/a> integrantes de la <strong>estructura Mart\u00edn Villa del frente d\u00e9cimo<\/strong> de las disidencias de las Farc.<\/p>\n<p dir=\"ltr\">Se trata de Edier Elias Cisneros Madrid, alias El Ingeniero, presunto cabecilla del frente; Oscar Javier Cisneros Osto, alias Garza Volando;\u00a0 David Monta\u00f1ez Villazana, alias David;\u00a0 y Juan Camilo C\u00e1rdenas D\u00edaz, alias Camilo, se\u00f1alados de perpetrar acciones delictivas en Arauca.<\/p>\n<figure id=\"attachment_317512\" aria-describedby=\"caption-attachment-317512\" style=\"width: 696px\" class=\"wp-caption aligncenter\"><img loading=\"lazy\" decoding=\"async\" class=\"size-large wp-image-317512\" src=\"https:\/\/www.fiscalia.gov.co\/colombia\/wp-content\/uploads\/Eider-Elias-Cisneros-Madrid-alias-El-Ingeniro-judicializado-por-concierto-para-delinquir-y-trafico-de-armas-agravados-1024x983.jpeg\" alt=\"Se visualiza al capturado de espaldas al momento de ser capturado por uniformados de la Polic\u00eda Nacional en Bogot\u00e1.\" width=\"696\" height=\"668\" srcset=\"https:\/\/www.fiscalia.gov.co\/colombia\/wp-content\/uploads\/Eider-Elias-Cisneros-Madrid-alias-El-Ingeniro-judicializado-por-concierto-para-delinquir-y-trafico-de-armas-agravados-1024x983.jpeg 1024w, https:\/\/www.fiscalia.gov.co\/colombia\/wp-content\/uploads\/Eider-Elias-Cisneros-Madrid-alias-El-Ingeniro-judicializado-por-concierto-para-delinquir-y-trafico-de-armas-agravados-300x288.jpeg 300w, https:\/\/www.fiscalia.gov.co\/colombia\/wp-content\/uploads\/Eider-Elias-Cisneros-Madrid-alias-El-Ingeniro-judicializado-por-concierto-para-delinquir-y-trafico-de-armas-agravados-768x738.jpeg 768w, https:\/\/www.fiscalia.gov.co\/colombia\/wp-content\/uploads\/Eider-Elias-Cisneros-Madrid-alias-El-Ingeniro-judicializado-por-concierto-para-delinquir-y-trafico-de-armas-agravados-437x420.jpeg 437w, https:\/\/www.fiscalia.gov.co\/colombia\/wp-content\/uploads\/Eider-Elias-Cisneros-Madrid-alias-El-Ingeniro-judicializado-por-concierto-para-delinquir-y-trafico-de-armas-agravados-696x668.jpeg 696w, https:\/\/www.fiscalia.gov.co\/colombia\/wp-content\/uploads\/Eider-Elias-Cisneros-Madrid-alias-El-Ingeniro-judicializado-por-concierto-para-delinquir-y-trafico-de-armas-agravados-1068x1026.jpeg 1068w, https:\/\/www.fiscalia.gov.co\/colombia\/wp-content\/uploads\/Eider-Elias-Cisneros-Madrid-alias-El-Ingeniro-judicializado-por-concierto-para-delinquir-y-trafico-de-armas-agravados.jpeg 1310w\" sizes=\"auto, (max-width: 696px) 100vw, 696px\" \/><figcaption id=\"caption-attachment-317512\" class=\"wp-caption-text\">Edier Elias Cisneros Madrid, alias El Ingeniero, presunto cabecilla de la estructura Mart\u00edn Villa, fue judicializado por concierto para delinquir y tr\u00e1fico de armas, ambas conductas agravadas.<\/figcaption><\/figure>\n<p dir=\"ltr\">La Fiscal\u00eda evidenci\u00f3 que<strong> alias El Ingeniero<\/strong>, ser\u00eda el encargado de adquirir armas, celulares, medicamentos y veh\u00edculos para ser entregados\u00a0en los campamentos de dicha estructura ubicados en Tame y Puerto Rond\u00f3n (Arauca), <strong>adem\u00e1s de coordinar acciones contra la Fuerza P\u00fablica y la comunidad araucana.<\/strong><\/p>\n<p dir=\"ltr\">En ese sentido, un fiscal especializado de la seccional Arauca les imput\u00f3 a los procesados el <strong>delito de concierto para delinquir agravado.<\/strong> Por su parte, a alias Ingeniero tambi\u00e9n se le formul\u00f3 cargos por el il\u00edcito de fabricaci\u00f3n, tr\u00e1fico y porte de armas, municiones de uso restringido, de uso privativo de las Fuerzas Armadas o explosivos agravado.<\/p>\n<figure id=\"attachment_317513\" aria-describedby=\"caption-attachment-317513\" style=\"width: 696px\" class=\"wp-caption aligncenter\"><img loading=\"lazy\" decoding=\"async\" class=\"size-large wp-image-317513\" src=\"https:\/\/www.fiscalia.gov.co\/colombia\/wp-content\/uploads\/David-Montanez-Villazana-judicializado-por-concierto-para-delinquir.jpeg-1-1024x948.jpeg\" alt=\"Se visualiza al capturado junto a dos uniformados de la Polic\u00eda Nacional. En la parte posterior se ubica el banner de la Polic\u00eda Nacional.\" width=\"696\" height=\"644\" srcset=\"https:\/\/www.fiscalia.gov.co\/colombia\/wp-content\/uploads\/David-Montanez-Villazana-judicializado-por-concierto-para-delinquir.jpeg-1-1024x948.jpeg 1024w, https:\/\/www.fiscalia.gov.co\/colombia\/wp-content\/uploads\/David-Montanez-Villazana-judicializado-por-concierto-para-delinquir.jpeg-1-300x278.jpeg 300w, https:\/\/www.fiscalia.gov.co\/colombia\/wp-content\/uploads\/David-Montanez-Villazana-judicializado-por-concierto-para-delinquir.jpeg-1-768x711.jpeg 768w, https:\/\/www.fiscalia.gov.co\/colombia\/wp-content\/uploads\/David-Montanez-Villazana-judicializado-por-concierto-para-delinquir.jpeg-1-454x420.jpeg 454w, https:\/\/www.fiscalia.gov.co\/colombia\/wp-content\/uploads\/David-Montanez-Villazana-judicializado-por-concierto-para-delinquir.jpeg-1-696x644.jpeg 696w, https:\/\/www.fiscalia.gov.co\/colombia\/wp-content\/uploads\/David-Montanez-Villazana-judicializado-por-concierto-para-delinquir.jpeg-1-1068x988.jpeg 1068w, https:\/\/www.fiscalia.gov.co\/colombia\/wp-content\/uploads\/David-Montanez-Villazana-judicializado-por-concierto-para-delinquir.jpeg-1.jpeg 1366w\" sizes=\"auto, (max-width: 696px) 100vw, 696px\" \/><figcaption id=\"caption-attachment-317513\" class=\"wp-caption-text\">David Monta\u00f1ez Villazana, alias David, presunto integrante de las disidencias de las Farc &#8211; estructura Mart\u00edn Villa, con injerencia en el departamento de Arauca, judicializado por concierto para delinquir fue enviado a la c\u00e1rcel.<\/figcaption><\/figure>\n<p dir=\"ltr\">Los investigados fueron\u00a0<a href=\"https:\/\/www.fiscalia.gov.co\/colombia\/noticias\/asegurada-mujer-senalada-de-planear-extorsiones-para-las-disidencias-de-las-farc-en-casanare\/\" target=\"_blank\" rel=\"noopener\" data-saferedirecturl=\"https:\/\/www.google.com\/url?q=https:\/\/www.fiscalia.gov.co\/colombia\/noticias\/asegurada-mujer-senalada-de-planear-extorsiones-para-las-disidencias-de-las-farc-en-casanare\/&amp;source=gmail&amp;ust=1750278389226000&amp;usg=AOvVaw1MOFfU-VR3Zfp2cq2DD5bB\">capturados<\/a> mediante diligencias de registro y allanamiento adelantadas simult\u00e1neamente este 12 de junio en Madrid (Cundinamarca), Yopal (Casanare), Cabuyaro (Meta) y Bogot\u00e1, por uniformados de la Armada Nacional y de la\u00a0 Dijin, <strong>dando cumplimiento a \u00f3rdenes judiciales emitidas por un juez de la rep\u00fablica.<\/strong><\/p>\n<\/div>\n<\/div>\n<p dir=\"ltr\"><img loading=\"lazy\" decoding=\"async\" class=\"aligncenter size-large wp-image-317514\" src=\"https:\/\/www.fiscalia.gov.co\/colombia\/wp-content\/uploads\/Juan-Camilo-Cardenas-Diaz-judicializado-por-concierto-para-delinquir-agravado-1024x829.jpeg\" alt=\"Juan Camilo C\u00e1rdenas D\u00edaz, alias Camilo, capturado en Madrid (Cundinamarca), presunto integrante de las disidencias de las Farc estructura Mart\u00edn Villa con injerencia en Arauca.\" width=\"696\" height=\"563\" srcset=\"https:\/\/www.fiscalia.gov.co\/colombia\/wp-content\/uploads\/Juan-Camilo-Cardenas-Diaz-judicializado-por-concierto-para-delinquir-agravado-1024x829.jpeg 1024w, https:\/\/www.fiscalia.gov.co\/colombia\/wp-content\/uploads\/Juan-Camilo-Cardenas-Diaz-judicializado-por-concierto-para-delinquir-agravado-300x243.jpeg 300w, https:\/\/www.fiscalia.gov.co\/colombia\/wp-content\/uploads\/Juan-Camilo-Cardenas-Diaz-judicializado-por-concierto-para-delinquir-agravado-768x622.jpeg 768w, https:\/\/www.fiscalia.gov.co\/colombia\/wp-content\/uploads\/Juan-Camilo-Cardenas-Diaz-judicializado-por-concierto-para-delinquir-agravado-1536x1244.jpeg 1536w, https:\/\/www.fiscalia.gov.co\/colombia\/wp-content\/uploads\/Juan-Camilo-Cardenas-Diaz-judicializado-por-concierto-para-delinquir-agravado-519x420.jpeg 519w, https:\/\/www.fiscalia.gov.co\/colombia\/wp-content\/uploads\/Juan-Camilo-Cardenas-Diaz-judicializado-por-concierto-para-delinquir-agravado-696x564.jpeg 696w, https:\/\/www.fiscalia.gov.co\/colombia\/wp-content\/uploads\/Juan-Camilo-Cardenas-Diaz-judicializado-por-concierto-para-delinquir-agravado-1068x865.jpeg 1068w, https:\/\/www.fiscalia.gov.co\/colombia\/wp-content\/uploads\/Juan-Camilo-Cardenas-Diaz-judicializado-por-concierto-para-delinquir-agravado.jpeg 1556w\" sizes=\"auto, (max-width: 696px) 100vw, 696px\" \/><\/p>\n<div class=\"gmail_quote\">\n<div dir=\"ltr\">\n<p dir=\"ltr\">MPHA\/AMCJ\/FEHV\/JASN\/DSNS<\/p>\n<\/div>\n<\/div>\n<div class=\"gmail_quote\">\n<div dir=\"ltr\">\n<p dir=\"ltr\"><em>La informaci\u00f3n contenida en este bolet\u00edn de prensa corresponde a la narraci\u00f3n de los hechos noticiosos objetivos, suministrados por los funcionarios encargados de adelantar las investigaciones penales al interior de la Fiscal\u00eda General de la Naci\u00f3n. Para el momento de la divulgaci\u00f3n de este comunicado, la situaci\u00f3n jur\u00eddica de la(s) persona(s) relacionada(s) se encuentra pendiente de resolver por la autoridad judicial competente, siempre bajo los preceptos de la presunci\u00f3n de inocencia, consagrados en el art\u00edculo 29 de la Constituci\u00f3n Pol\u00edtica y el art\u00edculo 7\u00ba de la Ley 906 de 2004.\u00a0<\/em><\/p>\n<\/div>\n<\/div>\n\n<div class=\"twitter-share\"><a href=\"https:\/\/twitter.com\/intent\/tweet?via=fiscaliacol\" class=\"twitter-share-button\">Tweet<\/a><\/div>\n","protected":false},"excerpt":{"rendered":"<p>Entre los investigados se encuentra alias Ingeniero, presunto cabecilla de la estructura\u00a0 Mart\u00edn Villa.\u00a0 Por solicitud de la Fiscal\u00eda General de la Naci\u00f3n, un juez de control\u00a0 de garant\u00edas de C\u00facuta (Norte de Santander) impuso medida de aseguramiento en centro carcelario contra cuatro presuntos integrantes de la estructura Mart\u00edn Villa del frente d\u00e9cimo de las [&hellip;]<\/p>\n","protected":false},"author":177,"featured_media":0,"comment_status":"closed","ping_status":"open","sticky":false,"template":"","format":"standard","meta":{"tdm_status":"","tdm_grid_status":"","footnotes":""},"categories":[1,12632,303],"tags":[14550,31730,24205,37492,4614,1047,17967,10084],"class_list":{"0":"post-317511","1":"post","2":"type-post","3":"status-publish","4":"format-standard","6":"category-noticias","7":"category-seccional-arauca","8":"category-seccionales","9":"tag-carcel","10":"tag-cucuta-norte-de-santander","11":"tag-disidencias","12":"tag-fiscal-luz-adriana-camargo","13":"tag-fiscalia-2","14":"tag-fiscalia-general-de-la-nacion","15":"tag-investigacion","16":"tag-seguridad"},"yoast_head":"<!-- This site is optimized with the Yoast SEO plugin v24.3 - https:\/\/yoast.com\/wordpress\/plugins\/seo\/ -->\n<title>Fiscal\u00eda General de la Naci\u00f3n<\/title>\n<meta name=\"description\" content=\"P\u00e1gina oficial de la Fiscal\u00eda General de la Naci\u00f3n \u2013 Colombia. Garantizamos el acceso efectivo a la justicia, la verdad y la reparaci\u00f3n de las v\u00edctimas de los delitos.\" \/>\n<meta name=\"robots\" content=\"noindex, follow\" \/>\n<meta property=\"og:locale\" content=\"es_ES\" \/>\n<meta property=\"og:type\" content=\"article\" \/>\n<meta property=\"og:title\" content=\"Fiscal\u00eda General de la Naci\u00f3n\" \/>\n<meta property=\"og:description\" content=\"P\u00e1gina oficial de la Fiscal\u00eda General de la Naci\u00f3n \u2013 Colombia. Garantizamos el acceso efectivo a la justicia, la verdad y la reparaci\u00f3n de las v\u00edctimas de los delitos.\" \/>\n<meta property=\"og:url\" content=\"https:\/\/www.fiscalia.gov.co\/colombia\/noticias\/asegurados-integrantes-de-las-disidencias-de-las-farc-que-estarian-involucrados-en-acciones-delincuenciales-en-arauca\/\" \/>\n<meta property=\"og:site_name\" content=\"Fiscal\u00eda General de la Naci\u00f3n\" \/>\n<meta property=\"article:publisher\" content=\"https:\/\/www.facebook.com\/FiscaliaCol\" \/>\n<meta property=\"article:published_time\" content=\"2025-06-17T21:04:43+00:00\" \/>\n<meta property=\"article:modified_time\" content=\"2025-06-17T21:05:23+00:00\" \/>\n<meta property=\"og:image\" content=\"https:\/\/www.fiscalia.gov.co\/colombia\/wp-content\/uploads\/Eider-Elias-Cisneros-Madrid-alias-El-Ingeniro-judicializado-por-concierto-para-delinquir-y-trafico-de-armas-agravados.jpeg\" \/>\n\t<meta property=\"og:image:width\" content=\"1310\" \/>\n\t<meta property=\"og:image:height\" content=\"1258\" \/>\n\t<meta property=\"og:image:type\" content=\"image\/jpeg\" \/>\n<meta name=\"author\" content=\"Jordan Leandro Oviedo Anzola\" \/>\n<meta name=\"twitter:card\" content=\"summary_large_image\" \/>\n<meta name=\"twitter:creator\" content=\"@FiscaliaCol\" \/>\n<meta name=\"twitter:site\" content=\"@FiscaliaCol\" \/>\n<meta name=\"twitter:label1\" content=\"Escrito por\" \/>\n\t<meta name=\"twitter:data1\" content=\"Jordan Leandro Oviedo Anzola\" \/>\n\t<meta name=\"twitter:label2\" content=\"Tiempo de lectura\" \/>\n\t<meta name=\"twitter:data2\" content=\"3 minutos\" \/>\n<script type=\"application\/ld+json\" class=\"yoast-schema-graph\">{\"@context\":\"https:\/\/schema.org\",\"@graph\":[{\"@type\":\"Article\",\"@id\":\"https:\/\/www.fiscalia.gov.co\/colombia\/noticias\/asegurados-integrantes-de-las-disidencias-de-las-farc-que-estarian-involucrados-en-acciones-delincuenciales-en-arauca\/#article\",\"isPartOf\":{\"@id\":\"https:\/\/www.fiscalia.gov.co\/colombia\/noticias\/asegurados-integrantes-de-las-disidencias-de-las-farc-que-estarian-involucrados-en-acciones-delincuenciales-en-arauca\/\"},\"author\":{\"name\":\"Jordan Leandro Oviedo Anzola\",\"@id\":\"https:\/\/www.fiscalia.gov.co\/colombia\/#\/schema\/person\/bf84402cf293a5393e9c70b111020b24\"},\"headline\":\"Asegurados integrantes de las disidencias de las Farc que estar\u00edan involucrados en acciones delincuenciales en Arauca\",\"datePublished\":\"2025-06-17T21:04:43+00:00\",\"dateModified\":\"2025-06-17T21:05:23+00:00\",\"mainEntityOfPage\":{\"@id\":\"https:\/\/www.fiscalia.gov.co\/colombia\/noticias\/asegurados-integrantes-de-las-disidencias-de-las-farc-que-estarian-involucrados-en-acciones-delincuenciales-en-arauca\/\"},\"wordCount\":474,\"publisher\":{\"@id\":\"https:\/\/www.fiscalia.gov.co\/colombia\/#organization\"},\"image\":{\"@id\":\"https:\/\/www.fiscalia.gov.co\/colombia\/noticias\/asegurados-integrantes-de-las-disidencias-de-las-farc-que-estarian-involucrados-en-acciones-delincuenciales-en-arauca\/#primaryimage\"},\"thumbnailUrl\":\"https:\/\/www.fiscalia.gov.co\/colombia\/wp-content\/uploads\/Eider-Elias-Cisneros-Madrid-alias-El-Ingeniro-judicializado-por-concierto-para-delinquir-y-trafico-de-armas-agravados-1024x983.jpeg\",\"keywords\":[\"C\u00e1rcel\",\"C\u00facuta (Norte de Santander)\",\"disidencias\",\"Fiscal Luz Adriana Camargo\",\"Fiscal\u00eda\",\"Fiscal\u00eda General de la Naci\u00f3n\",\"Investigaci\u00f3n\",\"Seguridad\"],\"articleSection\":[\"Noticias\",\"Seccional Arauca\",\"Seccionales\"],\"inLanguage\":\"es-CO\"},{\"@type\":\"WebPage\",\"@id\":\"https:\/\/www.fiscalia.gov.co\/colombia\/noticias\/asegurados-integrantes-de-las-disidencias-de-las-farc-que-estarian-involucrados-en-acciones-delincuenciales-en-arauca\/\",\"url\":\"https:\/\/www.fiscalia.gov.co\/colombia\/noticias\/asegurados-integrantes-de-las-disidencias-de-las-farc-que-estarian-involucrados-en-acciones-delincuenciales-en-arauca\/\",\"name\":\"Fiscal\u00eda General de la Naci\u00f3n\",\"isPartOf\":{\"@id\":\"https:\/\/www.fiscalia.gov.co\/colombia\/#website\"},\"primaryImageOfPage\":{\"@id\":\"https:\/\/www.fiscalia.gov.co\/colombia\/noticias\/asegurados-integrantes-de-las-disidencias-de-las-farc-que-estarian-involucrados-en-acciones-delincuenciales-en-arauca\/#primaryimage\"},\"image\":{\"@id\":\"https:\/\/www.fiscalia.gov.co\/colombia\/noticias\/asegurados-integrantes-de-las-disidencias-de-las-farc-que-estarian-involucrados-en-acciones-delincuenciales-en-arauca\/#primaryimage\"},\"thumbnailUrl\":\"https:\/\/www.fiscalia.gov.co\/colombia\/wp-content\/uploads\/Eider-Elias-Cisneros-Madrid-alias-El-Ingeniro-judicializado-por-concierto-para-delinquir-y-trafico-de-armas-agravados-1024x983.jpeg\",\"datePublished\":\"2025-06-17T21:04:43+00:00\",\"dateModified\":\"2025-06-17T21:05:23+00:00\",\"description\":\"P\u00e1gina oficial de la Fiscal\u00eda General de la Naci\u00f3n \u2013 Colombia. Garantizamos el acceso efectivo a la justicia, la verdad y la reparaci\u00f3n de las v\u00edctimas de los delitos.\",\"breadcrumb\":{\"@id\":\"https:\/\/www.fiscalia.gov.co\/colombia\/noticias\/asegurados-integrantes-de-las-disidencias-de-las-farc-que-estarian-involucrados-en-acciones-delincuenciales-en-arauca\/#breadcrumb\"},\"inLanguage\":\"es-CO\",\"potentialAction\":[{\"@type\":\"ReadAction\",\"target\":[\"https:\/\/www.fiscalia.gov.co\/colombia\/noticias\/asegurados-integrantes-de-las-disidencias-de-las-farc-que-estarian-involucrados-en-acciones-delincuenciales-en-arauca\/\"]}]},{\"@type\":\"ImageObject\",\"inLanguage\":\"es-CO\",\"@id\":\"https:\/\/www.fiscalia.gov.co\/colombia\/noticias\/asegurados-integrantes-de-las-disidencias-de-las-farc-que-estarian-involucrados-en-acciones-delincuenciales-en-arauca\/#primaryimage\",\"url\":\"https:\/\/www.fiscalia.gov.co\/colombia\/wp-content\/uploads\/Eider-Elias-Cisneros-Madrid-alias-El-Ingeniro-judicializado-por-concierto-para-delinquir-y-trafico-de-armas-agravados.jpeg\",\"contentUrl\":\"https:\/\/www.fiscalia.gov.co\/colombia\/wp-content\/uploads\/Eider-Elias-Cisneros-Madrid-alias-El-Ingeniro-judicializado-por-concierto-para-delinquir-y-trafico-de-armas-agravados.jpeg\",\"width\":1310,\"height\":1258,\"caption\":\"Edier Elias Cisneros Madrid, alias El Ingeniero, presunto cabecilla de la estructura Mart\u00edn Villa, fue judicializado por concierto para delinquir y tr\u00e1fico de armas, ambas conductas agravadas.\"},{\"@type\":\"BreadcrumbList\",\"@id\":\"https:\/\/www.fiscalia.gov.co\/colombia\/noticias\/asegurados-integrantes-de-las-disidencias-de-las-farc-que-estarian-involucrados-en-acciones-delincuenciales-en-arauca\/#breadcrumb\",\"itemListElement\":[{\"@type\":\"ListItem\",\"position\":1,\"name\":\"Home\",\"item\":\"https:\/\/www.fiscalia.gov.co\/colombia\/\"},{\"@type\":\"ListItem\",\"position\":2,\"name\":\"Asegurados integrantes de las disidencias de las Farc que estar\u00edan involucrados en acciones delincuenciales en Arauca\"}]},{\"@type\":\"WebSite\",\"@id\":\"https:\/\/www.fiscalia.gov.co\/colombia\/#website\",\"url\":\"https:\/\/www.fiscalia.gov.co\/colombia\/\",\"name\":\"Fiscal\u00eda General de la Naci\u00f3n\",\"description\":\"P\u00e1gina oficial de la Fiscal\u00eda General de la Naci\u00f3n \u2013 Colombia. Garantizamos el acceso efectivo a la justicia, la verdad y la reparaci\u00f3n de las v\u00edctimas de los delitos.\",\"publisher\":{\"@id\":\"https:\/\/www.fiscalia.gov.co\/colombia\/#organization\"},\"potentialAction\":[{\"@type\":\"SearchAction\",\"target\":{\"@type\":\"EntryPoint\",\"urlTemplate\":\"https:\/\/www.fiscalia.gov.co\/colombia\/?s={search_term_string}\"},\"query-input\":{\"@type\":\"PropertyValueSpecification\",\"valueRequired\":true,\"valueName\":\"search_term_string\"}}],\"inLanguage\":\"es-CO\"},{\"@type\":\"Organization\",\"@id\":\"https:\/\/www.fiscalia.gov.co\/colombia\/#organization\",\"name\":\"Fiscal\u00eda General de la Naci\u00f3n\",\"url\":\"https:\/\/www.fiscalia.gov.co\/colombia\/\",\"logo\":{\"@type\":\"ImageObject\",\"inLanguage\":\"es-CO\",\"@id\":\"https:\/\/www.fiscalia.gov.co\/colombia\/#\/schema\/logo\/image\/\",\"url\":\"https:\/\/www.fiscalia.gov.co\/colombia\/wp-content\/uploads\/LogoHorizontal_1.jpg\",\"contentUrl\":\"https:\/\/www.fiscalia.gov.co\/colombia\/wp-content\/uploads\/LogoHorizontal_1.jpg\",\"width\":300,\"height\":90,\"caption\":\"Fiscal\u00eda General de la Naci\u00f3n\"},\"image\":{\"@id\":\"https:\/\/www.fiscalia.gov.co\/colombia\/#\/schema\/logo\/image\/\"},\"sameAs\":[\"https:\/\/www.facebook.com\/FiscaliaCol\",\"https:\/\/x.com\/FiscaliaCol\",\"https:\/\/www.instagram.com\/fiscaliacol\",\"https:\/\/www.linkedin.com\/company\/fiscalia-general-de-la-naci-n\/\",\"https:\/\/youtube.com\/@fiscaliageneraldelanacion-4668?si=6nN79nyQICPU5iTh\"]},{\"@type\":\"Person\",\"@id\":\"https:\/\/www.fiscalia.gov.co\/colombia\/#\/schema\/person\/bf84402cf293a5393e9c70b111020b24\",\"name\":\"Jordan Leandro Oviedo Anzola\",\"image\":{\"@type\":\"ImageObject\",\"inLanguage\":\"es-CO\",\"@id\":\"https:\/\/www.fiscalia.gov.co\/colombia\/#\/schema\/person\/image\/\",\"url\":\"https:\/\/secure.gravatar.com\/avatar\/dabba4346fa9b9207d96adafa8f92721?s=96&d=mm&r=g\",\"contentUrl\":\"https:\/\/secure.gravatar.com\/avatar\/dabba4346fa9b9207d96adafa8f92721?s=96&d=mm&r=g\",\"caption\":\"Jordan Leandro Oviedo Anzola\"},\"url\":\"https:\/\/www.fiscalia.gov.co\/colombia\/author\/joviedo\/\"}]}<\/script>\n<!-- \/ Yoast SEO plugin. -->","yoast_head_json":{"title":"Fiscal\u00eda General de la Naci\u00f3n","description":"P\u00e1gina oficial de la Fiscal\u00eda General de la Naci\u00f3n \u2013 Colombia. Garantizamos el acceso efectivo a la justicia, la verdad y la reparaci\u00f3n de las v\u00edctimas de los delitos.","robots":{"index":"noindex","follow":"follow"},"og_locale":"es_ES","og_type":"article","og_title":"Fiscal\u00eda General de la Naci\u00f3n","og_description":"P\u00e1gina oficial de la Fiscal\u00eda General de la Naci\u00f3n \u2013 Colombia. Garantizamos el acceso efectivo a la justicia, la verdad y la reparaci\u00f3n de las v\u00edctimas de los delitos.","og_url":"https:\/\/www.fiscalia.gov.co\/colombia\/noticias\/asegurados-integrantes-de-las-disidencias-de-las-farc-que-estarian-involucrados-en-acciones-delincuenciales-en-arauca\/","og_site_name":"Fiscal\u00eda General de la Naci\u00f3n","article_publisher":"https:\/\/www.facebook.com\/FiscaliaCol","article_published_time":"2025-06-17T21:04:43+00:00","article_modified_time":"2025-06-17T21:05:23+00:00","og_image":[{"width":1310,"height":1258,"url":"https:\/\/www.fiscalia.gov.co\/colombia\/wp-content\/uploads\/Eider-Elias-Cisneros-Madrid-alias-El-Ingeniro-judicializado-por-concierto-para-delinquir-y-trafico-de-armas-agravados.jpeg","type":"image\/jpeg"}],"author":"Jordan Leandro Oviedo Anzola","twitter_card":"summary_large_image","twitter_creator":"@FiscaliaCol","twitter_site":"@FiscaliaCol","twitter_misc":{"Escrito por":"Jordan Leandro Oviedo Anzola","Tiempo de lectura":"3 minutos"},"schema":{"@context":"https:\/\/schema.org","@graph":[{"@type":"Article","@id":"https:\/\/www.fiscalia.gov.co\/colombia\/noticias\/asegurados-integrantes-de-las-disidencias-de-las-farc-que-estarian-involucrados-en-acciones-delincuenciales-en-arauca\/#article","isPartOf":{"@id":"https:\/\/www.fiscalia.gov.co\/colombia\/noticias\/asegurados-integrantes-de-las-disidencias-de-las-farc-que-estarian-involucrados-en-acciones-delincuenciales-en-arauca\/"},"author":{"name":"Jordan Leandro Oviedo Anzola","@id":"https:\/\/www.fiscalia.gov.co\/colombia\/#\/schema\/person\/bf84402cf293a5393e9c70b111020b24"},"headline":"Asegurados integrantes de las disidencias de las Farc que estar\u00edan involucrados en acciones delincuenciales en Arauca","datePublished":"2025-06-17T21:04:43+00:00","dateModified":"2025-06-17T21:05:23+00:00","mainEntityOfPage":{"@id":"https:\/\/www.fiscalia.gov.co\/colombia\/noticias\/asegurados-integrantes-de-las-disidencias-de-las-farc-que-estarian-involucrados-en-acciones-delincuenciales-en-arauca\/"},"wordCount":474,"publisher":{"@id":"https:\/\/www.fiscalia.gov.co\/colombia\/#organization"},"image":{"@id":"https:\/\/www.fiscalia.gov.co\/colombia\/noticias\/asegurados-integrantes-de-las-disidencias-de-las-farc-que-estarian-involucrados-en-acciones-delincuenciales-en-arauca\/#primaryimage"},"thumbnailUrl":"https:\/\/www.fiscalia.gov.co\/colombia\/wp-content\/uploads\/Eider-Elias-Cisneros-Madrid-alias-El-Ingeniro-judicializado-por-concierto-para-delinquir-y-trafico-de-armas-agravados-1024x983.jpeg","keywords":["C\u00e1rcel","C\u00facuta (Norte de Santander)","disidencias","Fiscal Luz Adriana Camargo","Fiscal\u00eda","Fiscal\u00eda General de la Naci\u00f3n","Investigaci\u00f3n","Seguridad"],"articleSection":["Noticias","Seccional Arauca","Seccionales"],"inLanguage":"es-CO"},{"@type":"WebPage","@id":"https:\/\/www.fiscalia.gov.co\/colombia\/noticias\/asegurados-integrantes-de-las-disidencias-de-las-farc-que-estarian-involucrados-en-acciones-delincuenciales-en-arauca\/","url":"https:\/\/www.fiscalia.gov.co\/colombia\/noticias\/asegurados-integrantes-de-las-disidencias-de-las-farc-que-estarian-involucrados-en-acciones-delincuenciales-en-arauca\/","name":"Fiscal\u00eda General de la Naci\u00f3n","isPartOf":{"@id":"https:\/\/www.fiscalia.gov.co\/colombia\/#website"},"primaryImageOfPage":{"@id":"https:\/\/www.fiscalia.gov.co\/colombia\/noticias\/asegurados-integrantes-de-las-disidencias-de-las-farc-que-estarian-involucrados-en-acciones-delincuenciales-en-arauca\/#primaryimage"},"image":{"@id":"https:\/\/www.fiscalia.gov.co\/colombia\/noticias\/asegurados-integrantes-de-las-disidencias-de-las-farc-que-estarian-involucrados-en-acciones-delincuenciales-en-arauca\/#primaryimage"},"thumbnailUrl":"https:\/\/www.fiscalia.gov.co\/colombia\/wp-content\/uploads\/Eider-Elias-Cisneros-Madrid-alias-El-Ingeniro-judicializado-por-concierto-para-delinquir-y-trafico-de-armas-agravados-1024x983.jpeg","datePublished":"2025-06-17T21:04:43+00:00","dateModified":"2025-06-17T21:05:23+00:00","description":"P\u00e1gina oficial de la Fiscal\u00eda General de la Naci\u00f3n \u2013 Colombia. Garantizamos el acceso efectivo a la justicia, la verdad y la reparaci\u00f3n de las v\u00edctimas de los delitos.","breadcrumb":{"@id":"https:\/\/www.fiscalia.gov.co\/colombia\/noticias\/asegurados-integrantes-de-las-disidencias-de-las-farc-que-estarian-involucrados-en-acciones-delincuenciales-en-arauca\/#breadcrumb"},"inLanguage":"es-CO","potentialAction":[{"@type":"ReadAction","target":["https:\/\/www.fiscalia.gov.co\/colombia\/noticias\/asegurados-integrantes-de-las-disidencias-de-las-farc-que-estarian-involucrados-en-acciones-delincuenciales-en-arauca\/"]}]},{"@type":"ImageObject","inLanguage":"es-CO","@id":"https:\/\/www.fiscalia.gov.co\/colombia\/noticias\/asegurados-integrantes-de-las-disidencias-de-las-farc-que-estarian-involucrados-en-acciones-delincuenciales-en-arauca\/#primaryimage","url":"https:\/\/www.fiscalia.gov.co\/colombia\/wp-content\/uploads\/Eider-Elias-Cisneros-Madrid-alias-El-Ingeniro-judicializado-por-concierto-para-delinquir-y-trafico-de-armas-agravados.jpeg","contentUrl":"https:\/\/www.fiscalia.gov.co\/colombia\/wp-content\/uploads\/Eider-Elias-Cisneros-Madrid-alias-El-Ingeniro-judicializado-por-concierto-para-delinquir-y-trafico-de-armas-agravados.jpeg","width":1310,"height":1258,"caption":"Edier Elias Cisneros Madrid, alias El Ingeniero, presunto cabecilla de la estructura Mart\u00edn Villa, fue judicializado por concierto para delinquir y tr\u00e1fico de armas, ambas conductas agravadas."},{"@type":"BreadcrumbList","@id":"https:\/\/www.fiscalia.gov.co\/colombia\/noticias\/asegurados-integrantes-de-las-disidencias-de-las-farc-que-estarian-involucrados-en-acciones-delincuenciales-en-arauca\/#breadcrumb","itemListElement":[{"@type":"ListItem","position":1,"name":"Home","item":"https:\/\/www.fiscalia.gov.co\/colombia\/"},{"@type":"ListItem","position":2,"name":"Asegurados integrantes de las disidencias de las Farc que estar\u00edan involucrados en acciones delincuenciales en Arauca"}]},{"@type":"WebSite","@id":"https:\/\/www.fiscalia.gov.co\/colombia\/#website","url":"https:\/\/www.fiscalia.gov.co\/colombia\/","name":"Fiscal\u00eda General de la Naci\u00f3n","description":"P\u00e1gina oficial de la Fiscal\u00eda General de la Naci\u00f3n \u2013 Colombia. Garantizamos el acceso efectivo a la justicia, la verdad y la reparaci\u00f3n de las v\u00edctimas de los delitos.","publisher":{"@id":"https:\/\/www.fiscalia.gov.co\/colombia\/#organization"},"potentialAction":[{"@type":"SearchAction","target":{"@type":"EntryPoint","urlTemplate":"https:\/\/www.fiscalia.gov.co\/colombia\/?s={search_term_string}"},"query-input":{"@type":"PropertyValueSpecification","valueRequired":true,"valueName":"search_term_string"}}],"inLanguage":"es-CO"},{"@type":"Organization","@id":"https:\/\/www.fiscalia.gov.co\/colombia\/#organization","name":"Fiscal\u00eda General de la Naci\u00f3n","url":"https:\/\/www.fiscalia.gov.co\/colombia\/","logo":{"@type":"ImageObject","inLanguage":"es-CO","@id":"https:\/\/www.fiscalia.gov.co\/colombia\/#\/schema\/logo\/image\/","url":"https:\/\/www.fiscalia.gov.co\/colombia\/wp-content\/uploads\/LogoHorizontal_1.jpg","contentUrl":"https:\/\/www.fiscalia.gov.co\/colombia\/wp-content\/uploads\/LogoHorizontal_1.jpg","width":300,"height":90,"caption":"Fiscal\u00eda General de la Naci\u00f3n"},"image":{"@id":"https:\/\/www.fiscalia.gov.co\/colombia\/#\/schema\/logo\/image\/"},"sameAs":["https:\/\/www.facebook.com\/FiscaliaCol","https:\/\/x.com\/FiscaliaCol","https:\/\/www.instagram.com\/fiscaliacol","https:\/\/www.linkedin.com\/company\/fiscalia-general-de-la-naci-n\/","https:\/\/youtube.com\/@fiscaliageneraldelanacion-4668?si=6nN79nyQICPU5iTh"]},{"@type":"Person","@id":"https:\/\/www.fiscalia.gov.co\/colombia\/#\/schema\/person\/bf84402cf293a5393e9c70b111020b24","name":"Jordan Leandro Oviedo Anzola","image":{"@type":"ImageObject","inLanguage":"es-CO","@id":"https:\/\/www.fiscalia.gov.co\/colombia\/#\/schema\/person\/image\/","url":"https:\/\/secure.gravatar.com\/avatar\/dabba4346fa9b9207d96adafa8f92721?s=96&d=mm&r=g","contentUrl":"https:\/\/secure.gravatar.com\/avatar\/dabba4346fa9b9207d96adafa8f92721?s=96&d=mm&r=g","caption":"Jordan Leandro Oviedo Anzola"},"url":"https:\/\/www.fiscalia.gov.co\/colombia\/author\/joviedo\/"}]}},"_links":{"self":[{"href":"https:\/\/www.fiscalia.gov.co\/colombia\/wp-json\/wp\/v2\/posts\/317511","targetHints":{"allow":["GET"]}}],"collection":[{"href":"https:\/\/www.fiscalia.gov.co\/colombia\/wp-json\/wp\/v2\/posts"}],"about":[{"href":"https:\/\/www.fiscalia.gov.co\/colombia\/wp-json\/wp\/v2\/types\/post"}],"author":[{"embeddable":true,"href":"https:\/\/www.fiscalia.gov.co\/colombia\/wp-json\/wp\/v2\/users\/177"}],"replies":[{"embeddable":true,"href":"https:\/\/www.fiscalia.gov.co\/colombia\/wp-json\/wp\/v2\/comments?post=317511"}],"version-history":[{"count":2,"href":"https:\/\/www.fiscalia.gov.co\/colombia\/wp-json\/wp\/v2\/posts\/317511\/revisions"}],"predecessor-version":[{"id":317516,"href":"https:\/\/www.fiscalia.gov.co\/colombia\/wp-json\/wp\/v2\/posts\/317511\/revisions\/317516"}],"wp:attachment":[{"href":"https:\/\/www.fiscalia.gov.co\/colombia\/wp-json\/wp\/v2\/media?parent=317511"}],"wp:term":[{"taxonomy":"category","embeddable":true,"href":"https:\/\/www.fiscalia.gov.co\/colombia\/wp-json\/wp\/v2\/categories?post=317511"},{"taxonomy":"post_tag","embeddable":true,"href":"https:\/\/www.fiscalia.gov.co\/colombia\/wp-json\/wp\/v2\/tags?post=317511"}],"curies":[{"name":"wp","href":"https:\/\/api.w.org\/{rel}","templated":true}]}}