{"id":317402,"date":"2025-06-16T13:47:48","date_gmt":"2025-06-16T18:47:48","guid":{"rendered":"https:\/\/www.fiscalia.gov.co\/colombia\/?p=317402"},"modified":"2025-06-16T13:48:34","modified_gmt":"2025-06-16T18:48:34","slug":"aseguran-a-un-hombre-quien-diciendo-ser-brujo-habria-abusado-sexualmente-de-una-menor-de-edad","status":"publish","type":"post","link":"https:\/\/www.fiscalia.gov.co\/colombia\/noticias\/aseguran-a-un-hombre-quien-diciendo-ser-brujo-habria-abusado-sexualmente-de-una-menor-de-edad\/","title":{"rendered":"Aseguran a un hombre quien, diciendo ser brujo, habr\u00eda abusado sexualmente de una menor de edad"},"content":{"rendered":"<div>\n<h4 dir=\"ltr\" style=\"text-align: center;\"><strong><em>En el curso de la investigaci\u00f3n se estableci\u00f3 que la v\u00edctima fue agredida en, por lo menos, cuatro oportunidades.\u00a0 Las agresiones ocurr\u00edan durante supuestos rituales.<\/em><\/strong><\/h4>\n<figure id=\"attachment_317403\" aria-describedby=\"caption-attachment-317403\" style=\"width: 321px\" class=\"wp-caption alignleft\"><img loading=\"lazy\" decoding=\"async\" class=\" wp-image-317403\" src=\"https:\/\/www.fiscalia.gov.co\/colombia\/wp-content\/uploads\/Supuesto-brujo.jpeg\" alt=\"En la imagen se ve a un hombre de uniforme verde menta con una cofia del mismo color en su cabeza. Frente a \u00e9l un agente del CTI leyendo un documento.\" width=\"321\" height=\"472\" srcset=\"https:\/\/www.fiscalia.gov.co\/colombia\/wp-content\/uploads\/Supuesto-brujo.jpeg 612w, https:\/\/www.fiscalia.gov.co\/colombia\/wp-content\/uploads\/Supuesto-brujo-204x300.jpeg 204w, https:\/\/www.fiscalia.gov.co\/colombia\/wp-content\/uploads\/Supuesto-brujo-286x420.jpeg 286w\" sizes=\"auto, (max-width: 321px) 100vw, 321px\" \/><figcaption id=\"caption-attachment-317403\" class=\"wp-caption-text\">Juan Carlos C\u00e1rdenas Bulla es se\u00f1alado de abusar sexualmente de una menor de 14 a\u00f1os, durante supuestos rituales de sanaci\u00f3n.<\/figcaption><\/figure>\n<p dir=\"ltr\">El material probatorio presentado por la Fiscal\u00eda General de la Naci\u00f3n, permiti\u00f3 que\u00a0un juez penal con funci\u00f3n de control de garant\u00edas de Cali (Valle del Cauca) impusiera medida de aseguramiento en <strong>centro carcelario a\u00a0Juan Carlos C\u00e1rdenas Bulla.<\/strong> Esta persona es se\u00f1alada de abusar sexualmente de una menor de 14 a\u00f1os, durante supuestos rituales de sanaci\u00f3n.<\/p>\n<p dir=\"ltr\">Por esto, un fiscal de la Unidad Especial de Investigaci\u00f3n de Delitos contra Ni\u00f1os, Ni\u00f1as y Adolescentes (UENNA) <strong>imput\u00f3 al procesado el delito de acceso carnal abusivo con menor de 14 a\u00f1os,<\/strong> cargo que no fue aceptado.<\/p>\n<p dir=\"ltr\">La investigaci\u00f3n determin\u00f3 que el procesado se habr\u00eda ganado la confianza de los familiares de la v\u00edctima a quienes, entre 2021 y 2022, invit\u00f3 en varias ocasiones a una finca. En el lugar, y con la excusa de realizar limpiezas espirituales, <strong>ped\u00eda apagar las luces y cerrar los ojos.<\/strong><\/p>\n<p dir=\"ltr\">Estos espacios habr\u00edan sido aprovechados por el procesado para acercarse a la menor y agredirla sexualmente. <strong>La investigaci\u00f3n determin\u00f3 que la v\u00edctima fue abusada<\/strong>, en por lo menos, cuatro oportunidades.<\/p>\n<p dir=\"ltr\">Inspecciones al lugar de los hechos, entrevistas y apoyos fotogr\u00e1ficos, permitieron identificar a C\u00e1rdenas Bulla, quien luego fue capturado en Cali, por\u00a0servidores del Cuerpo T\u00e9cnico de Investigaci\u00f3n (CTI) y la Sij\u00edn de la Polic\u00eda Nacional.<\/p>\n<\/div>\n<div>\n<p dir=\"ltr\">JPP\/MAGA\/SB\/UENNA<\/p>\n<\/div>\n<p>&nbsp;<\/p>\n<p>&nbsp;<\/p>\n<p>&nbsp;<\/p>\n<p>&nbsp;<\/p>\n<p>&nbsp;<\/p>\n<div class=\"td-post-content tagdiv-type\">\n<p><em>La informaci\u00f3n contenida en este bolet\u00edn de prensa corresponde a la narraci\u00f3n de los hechos noticiosos objetivos, suministrados por los funcionarios encargados de adelantar las investigaciones penales al interior de la Fiscal\u00eda General de la Naci\u00f3n. Para el momento de la divulgaci\u00f3n de este comunicado, la situaci\u00f3n jur\u00eddica de la(s) persona(s) relacionada(s) se encuentra pendiente de resolver por la autoridad judicial competente, siempre bajo los preceptos de la presunci\u00f3n de inocencia, consagrados en el art\u00edculo 29 de la Constituci\u00f3n Pol\u00edtica y el art\u00edculo 7\u00ba de la Ley 906 de 2004.\u00a0<\/em><\/p>\n<\/div>\n\n<div class=\"twitter-share\"><a href=\"https:\/\/twitter.com\/intent\/tweet?via=fiscaliacol\" class=\"twitter-share-button\">Tweet<\/a><\/div>\n","protected":false},"excerpt":{"rendered":"<p>En el curso de la investigaci\u00f3n se estableci\u00f3 que la v\u00edctima fue agredida en, por lo menos, cuatro oportunidades.\u00a0 Las agresiones ocurr\u00edan durante supuestos rituales. El material probatorio presentado por la Fiscal\u00eda General de la Naci\u00f3n, permiti\u00f3 que\u00a0un juez penal con funci\u00f3n de control de garant\u00edas de Cali (Valle del Cauca) impusiera medida de aseguramiento [&hellip;]<\/p>\n","protected":false},"author":177,"featured_media":0,"comment_status":"closed","ping_status":"open","sticky":false,"template":"","format":"standard","meta":{"_price":"","_stock":"","_tribe_ticket_header":"","_tribe_default_ticket_provider":"","_tribe_ticket_capacity":"0","_ticket_start_date":"","_ticket_end_date":"","_tribe_ticket_show_description":"","_tribe_ticket_show_not_going":false,"_tribe_ticket_use_global_stock":"","_tribe_ticket_global_stock_level":"","_global_stock_mode":"","_global_stock_cap":"","_tribe_rsvp_for_event":"","_tribe_ticket_going_count":"","_tribe_ticket_not_going_count":"","_tribe_tickets_list":"[]","_tribe_ticket_has_attendee_info_fields":false,"tdm_status":"","tdm_grid_status":"","footnotes":""},"categories":[1],"tags":[801,23823,41804,1047,932,40513],"class_list":{"0":"post-317402","1":"post","2":"type-post","3":"status-publish","4":"format-standard","6":"category-noticias","7":"tag-abuso-sexual","8":"tag-cali","9":"tag-fiscal-luz-adriana-camaro","10":"tag-fiscalia-general-de-la-nacion","11":"tag-mensor-de-edad","12":"tag-uenna"},"yoast_head":"<!-- This site is optimized with the Yoast SEO plugin v24.3 - https:\/\/yoast.com\/wordpress\/plugins\/seo\/ -->\n<title>Fiscal\u00eda General de la Naci\u00f3n<\/title>\n<meta name=\"description\" content=\"P\u00e1gina oficial de la Fiscal\u00eda General de la Naci\u00f3n \u2013 Colombia. Garantizamos el acceso efectivo a la justicia, la verdad y la reparaci\u00f3n de las v\u00edctimas de los delitos.\" \/>\n<meta name=\"robots\" content=\"noindex, follow\" \/>\n<meta property=\"og:locale\" content=\"es_ES\" \/>\n<meta property=\"og:type\" content=\"article\" \/>\n<meta property=\"og:title\" content=\"Fiscal\u00eda General de la Naci\u00f3n\" \/>\n<meta property=\"og:description\" content=\"P\u00e1gina oficial de la Fiscal\u00eda General de la Naci\u00f3n \u2013 Colombia. Garantizamos el acceso efectivo a la justicia, la verdad y la reparaci\u00f3n de las v\u00edctimas de los delitos.\" \/>\n<meta property=\"og:url\" content=\"https:\/\/www.fiscalia.gov.co\/colombia\/noticias\/aseguran-a-un-hombre-quien-diciendo-ser-brujo-habria-abusado-sexualmente-de-una-menor-de-edad\/\" \/>\n<meta property=\"og:site_name\" content=\"Fiscal\u00eda General de la Naci\u00f3n\" \/>\n<meta property=\"article:publisher\" content=\"https:\/\/www.facebook.com\/FiscaliaCol\" \/>\n<meta property=\"article:published_time\" content=\"2025-06-16T18:47:48+00:00\" \/>\n<meta property=\"article:modified_time\" content=\"2025-06-16T18:48:34+00:00\" \/>\n<meta property=\"og:image\" content=\"https:\/\/www.fiscalia.gov.co\/colombia\/wp-content\/uploads\/Supuesto-brujo.jpeg\" \/>\n\t<meta property=\"og:image:width\" content=\"612\" \/>\n\t<meta property=\"og:image:height\" content=\"900\" \/>\n\t<meta property=\"og:image:type\" content=\"image\/jpeg\" \/>\n<meta name=\"author\" content=\"Jordan Leandro Oviedo Anzola\" \/>\n<meta name=\"twitter:card\" content=\"summary_large_image\" \/>\n<meta name=\"twitter:creator\" content=\"@FiscaliaCol\" \/>\n<meta name=\"twitter:site\" content=\"@FiscaliaCol\" \/>\n<meta name=\"twitter:label1\" content=\"Escrito por\" \/>\n\t<meta name=\"twitter:data1\" content=\"Jordan Leandro Oviedo Anzola\" \/>\n\t<meta name=\"twitter:label2\" content=\"Tiempo de lectura\" \/>\n\t<meta name=\"twitter:data2\" content=\"2 minutos\" \/>\n<script type=\"application\/ld+json\" class=\"yoast-schema-graph\">{\"@context\":\"https:\/\/schema.org\",\"@graph\":[{\"@type\":\"Article\",\"@id\":\"https:\/\/www.fiscalia.gov.co\/colombia\/noticias\/aseguran-a-un-hombre-quien-diciendo-ser-brujo-habria-abusado-sexualmente-de-una-menor-de-edad\/#article\",\"isPartOf\":{\"@id\":\"https:\/\/www.fiscalia.gov.co\/colombia\/noticias\/aseguran-a-un-hombre-quien-diciendo-ser-brujo-habria-abusado-sexualmente-de-una-menor-de-edad\/\"},\"author\":{\"name\":\"Jordan Leandro Oviedo Anzola\",\"@id\":\"https:\/\/www.fiscalia.gov.co\/colombia\/#\/schema\/person\/bf84402cf293a5393e9c70b111020b24\"},\"headline\":\"Aseguran a un hombre quien, diciendo ser brujo, habr\u00eda abusado sexualmente de una menor de edad\",\"datePublished\":\"2025-06-16T18:47:48+00:00\",\"dateModified\":\"2025-06-16T18:48:34+00:00\",\"mainEntityOfPage\":{\"@id\":\"https:\/\/www.fiscalia.gov.co\/colombia\/noticias\/aseguran-a-un-hombre-quien-diciendo-ser-brujo-habria-abusado-sexualmente-de-una-menor-de-edad\/\"},\"wordCount\":416,\"publisher\":{\"@id\":\"https:\/\/www.fiscalia.gov.co\/colombia\/#organization\"},\"image\":{\"@id\":\"https:\/\/www.fiscalia.gov.co\/colombia\/noticias\/aseguran-a-un-hombre-quien-diciendo-ser-brujo-habria-abusado-sexualmente-de-una-menor-de-edad\/#primaryimage\"},\"thumbnailUrl\":\"https:\/\/www.fiscalia.gov.co\/colombia\/wp-content\/uploads\/Supuesto-brujo.jpeg\",\"keywords\":[\"Abuso sexual\",\"Cali\",\"fiscal luz adriana camaro\",\"Fiscal\u00eda General de la Naci\u00f3n\",\"Menor de edad\",\"UENNA.\"],\"articleSection\":[\"Noticias\"],\"inLanguage\":\"es-CO\"},{\"@type\":\"WebPage\",\"@id\":\"https:\/\/www.fiscalia.gov.co\/colombia\/noticias\/aseguran-a-un-hombre-quien-diciendo-ser-brujo-habria-abusado-sexualmente-de-una-menor-de-edad\/\",\"url\":\"https:\/\/www.fiscalia.gov.co\/colombia\/noticias\/aseguran-a-un-hombre-quien-diciendo-ser-brujo-habria-abusado-sexualmente-de-una-menor-de-edad\/\",\"name\":\"Fiscal\u00eda General de la Naci\u00f3n\",\"isPartOf\":{\"@id\":\"https:\/\/www.fiscalia.gov.co\/colombia\/#website\"},\"primaryImageOfPage\":{\"@id\":\"https:\/\/www.fiscalia.gov.co\/colombia\/noticias\/aseguran-a-un-hombre-quien-diciendo-ser-brujo-habria-abusado-sexualmente-de-una-menor-de-edad\/#primaryimage\"},\"image\":{\"@id\":\"https:\/\/www.fiscalia.gov.co\/colombia\/noticias\/aseguran-a-un-hombre-quien-diciendo-ser-brujo-habria-abusado-sexualmente-de-una-menor-de-edad\/#primaryimage\"},\"thumbnailUrl\":\"https:\/\/www.fiscalia.gov.co\/colombia\/wp-content\/uploads\/Supuesto-brujo.jpeg\",\"datePublished\":\"2025-06-16T18:47:48+00:00\",\"dateModified\":\"2025-06-16T18:48:34+00:00\",\"description\":\"P\u00e1gina oficial de la Fiscal\u00eda General de la Naci\u00f3n \u2013 Colombia. Garantizamos el acceso efectivo a la justicia, la verdad y la reparaci\u00f3n de las v\u00edctimas de los delitos.\",\"breadcrumb\":{\"@id\":\"https:\/\/www.fiscalia.gov.co\/colombia\/noticias\/aseguran-a-un-hombre-quien-diciendo-ser-brujo-habria-abusado-sexualmente-de-una-menor-de-edad\/#breadcrumb\"},\"inLanguage\":\"es-CO\",\"potentialAction\":[{\"@type\":\"ReadAction\",\"target\":[\"https:\/\/www.fiscalia.gov.co\/colombia\/noticias\/aseguran-a-un-hombre-quien-diciendo-ser-brujo-habria-abusado-sexualmente-de-una-menor-de-edad\/\"]}]},{\"@type\":\"ImageObject\",\"inLanguage\":\"es-CO\",\"@id\":\"https:\/\/www.fiscalia.gov.co\/colombia\/noticias\/aseguran-a-un-hombre-quien-diciendo-ser-brujo-habria-abusado-sexualmente-de-una-menor-de-edad\/#primaryimage\",\"url\":\"https:\/\/www.fiscalia.gov.co\/colombia\/wp-content\/uploads\/Supuesto-brujo.jpeg\",\"contentUrl\":\"https:\/\/www.fiscalia.gov.co\/colombia\/wp-content\/uploads\/Supuesto-brujo.jpeg\",\"width\":612,\"height\":900,\"caption\":\"Juan Carlos C\u00e1rdenas Bulla es se\u00f1alado de abusar sexualmente de una menor de 14 a\u00f1os, durante supuestos rituales de sanaci\u00f3n.\"},{\"@type\":\"BreadcrumbList\",\"@id\":\"https:\/\/www.fiscalia.gov.co\/colombia\/noticias\/aseguran-a-un-hombre-quien-diciendo-ser-brujo-habria-abusado-sexualmente-de-una-menor-de-edad\/#breadcrumb\",\"itemListElement\":[{\"@type\":\"ListItem\",\"position\":1,\"name\":\"Home\",\"item\":\"https:\/\/www.fiscalia.gov.co\/colombia\/\"},{\"@type\":\"ListItem\",\"position\":2,\"name\":\"Aseguran a un hombre quien, diciendo ser brujo, habr\u00eda abusado sexualmente de una menor de edad\"}]},{\"@type\":\"WebSite\",\"@id\":\"https:\/\/www.fiscalia.gov.co\/colombia\/#website\",\"url\":\"https:\/\/www.fiscalia.gov.co\/colombia\/\",\"name\":\"Fiscal\u00eda General de la Naci\u00f3n\",\"description\":\"P\u00e1gina oficial de la Fiscal\u00eda General de la Naci\u00f3n \u2013 Colombia. Garantizamos el acceso efectivo a la justicia, la verdad y la reparaci\u00f3n de las v\u00edctimas de los delitos.\",\"publisher\":{\"@id\":\"https:\/\/www.fiscalia.gov.co\/colombia\/#organization\"},\"potentialAction\":[{\"@type\":\"SearchAction\",\"target\":{\"@type\":\"EntryPoint\",\"urlTemplate\":\"https:\/\/www.fiscalia.gov.co\/colombia\/?s={search_term_string}\"},\"query-input\":{\"@type\":\"PropertyValueSpecification\",\"valueRequired\":true,\"valueName\":\"search_term_string\"}}],\"inLanguage\":\"es-CO\"},{\"@type\":\"Organization\",\"@id\":\"https:\/\/www.fiscalia.gov.co\/colombia\/#organization\",\"name\":\"Fiscal\u00eda General de la Naci\u00f3n\",\"url\":\"https:\/\/www.fiscalia.gov.co\/colombia\/\",\"logo\":{\"@type\":\"ImageObject\",\"inLanguage\":\"es-CO\",\"@id\":\"https:\/\/www.fiscalia.gov.co\/colombia\/#\/schema\/logo\/image\/\",\"url\":\"https:\/\/www.fiscalia.gov.co\/colombia\/wp-content\/uploads\/LogoHorizontal_1.jpg\",\"contentUrl\":\"https:\/\/www.fiscalia.gov.co\/colombia\/wp-content\/uploads\/LogoHorizontal_1.jpg\",\"width\":300,\"height\":90,\"caption\":\"Fiscal\u00eda General de la Naci\u00f3n\"},\"image\":{\"@id\":\"https:\/\/www.fiscalia.gov.co\/colombia\/#\/schema\/logo\/image\/\"},\"sameAs\":[\"https:\/\/www.facebook.com\/FiscaliaCol\",\"https:\/\/x.com\/FiscaliaCol\",\"https:\/\/www.instagram.com\/fiscaliacol\",\"https:\/\/www.linkedin.com\/company\/fiscalia-general-de-la-naci-n\/\",\"https:\/\/youtube.com\/@fiscaliageneraldelanacion-4668?si=6nN79nyQICPU5iTh\"]},{\"@type\":\"Person\",\"@id\":\"https:\/\/www.fiscalia.gov.co\/colombia\/#\/schema\/person\/bf84402cf293a5393e9c70b111020b24\",\"name\":\"Jordan Leandro Oviedo Anzola\",\"image\":{\"@type\":\"ImageObject\",\"inLanguage\":\"es-CO\",\"@id\":\"https:\/\/www.fiscalia.gov.co\/colombia\/#\/schema\/person\/image\/\",\"url\":\"https:\/\/secure.gravatar.com\/avatar\/dabba4346fa9b9207d96adafa8f92721?s=96&d=mm&r=g\",\"contentUrl\":\"https:\/\/secure.gravatar.com\/avatar\/dabba4346fa9b9207d96adafa8f92721?s=96&d=mm&r=g\",\"caption\":\"Jordan Leandro Oviedo Anzola\"},\"url\":\"https:\/\/www.fiscalia.gov.co\/colombia\/author\/joviedo\/\"}]}<\/script>\n<!-- \/ Yoast SEO plugin. -->","yoast_head_json":{"title":"Fiscal\u00eda General de la Naci\u00f3n","description":"P\u00e1gina oficial de la Fiscal\u00eda General de la Naci\u00f3n \u2013 Colombia. Garantizamos el acceso efectivo a la justicia, la verdad y la reparaci\u00f3n de las v\u00edctimas de los delitos.","robots":{"index":"noindex","follow":"follow"},"og_locale":"es_ES","og_type":"article","og_title":"Fiscal\u00eda General de la Naci\u00f3n","og_description":"P\u00e1gina oficial de la Fiscal\u00eda General de la Naci\u00f3n \u2013 Colombia. Garantizamos el acceso efectivo a la justicia, la verdad y la reparaci\u00f3n de las v\u00edctimas de los delitos.","og_url":"https:\/\/www.fiscalia.gov.co\/colombia\/noticias\/aseguran-a-un-hombre-quien-diciendo-ser-brujo-habria-abusado-sexualmente-de-una-menor-de-edad\/","og_site_name":"Fiscal\u00eda General de la Naci\u00f3n","article_publisher":"https:\/\/www.facebook.com\/FiscaliaCol","article_published_time":"2025-06-16T18:47:48+00:00","article_modified_time":"2025-06-16T18:48:34+00:00","og_image":[{"width":612,"height":900,"url":"https:\/\/www.fiscalia.gov.co\/colombia\/wp-content\/uploads\/Supuesto-brujo.jpeg","type":"image\/jpeg"}],"author":"Jordan Leandro Oviedo Anzola","twitter_card":"summary_large_image","twitter_creator":"@FiscaliaCol","twitter_site":"@FiscaliaCol","twitter_misc":{"Escrito por":"Jordan Leandro Oviedo Anzola","Tiempo de lectura":"2 minutos"},"schema":{"@context":"https:\/\/schema.org","@graph":[{"@type":"Article","@id":"https:\/\/www.fiscalia.gov.co\/colombia\/noticias\/aseguran-a-un-hombre-quien-diciendo-ser-brujo-habria-abusado-sexualmente-de-una-menor-de-edad\/#article","isPartOf":{"@id":"https:\/\/www.fiscalia.gov.co\/colombia\/noticias\/aseguran-a-un-hombre-quien-diciendo-ser-brujo-habria-abusado-sexualmente-de-una-menor-de-edad\/"},"author":{"name":"Jordan Leandro Oviedo Anzola","@id":"https:\/\/www.fiscalia.gov.co\/colombia\/#\/schema\/person\/bf84402cf293a5393e9c70b111020b24"},"headline":"Aseguran a un hombre quien, diciendo ser brujo, habr\u00eda abusado sexualmente de una menor de edad","datePublished":"2025-06-16T18:47:48+00:00","dateModified":"2025-06-16T18:48:34+00:00","mainEntityOfPage":{"@id":"https:\/\/www.fiscalia.gov.co\/colombia\/noticias\/aseguran-a-un-hombre-quien-diciendo-ser-brujo-habria-abusado-sexualmente-de-una-menor-de-edad\/"},"wordCount":416,"publisher":{"@id":"https:\/\/www.fiscalia.gov.co\/colombia\/#organization"},"image":{"@id":"https:\/\/www.fiscalia.gov.co\/colombia\/noticias\/aseguran-a-un-hombre-quien-diciendo-ser-brujo-habria-abusado-sexualmente-de-una-menor-de-edad\/#primaryimage"},"thumbnailUrl":"https:\/\/www.fiscalia.gov.co\/colombia\/wp-content\/uploads\/Supuesto-brujo.jpeg","keywords":["Abuso sexual","Cali","fiscal luz adriana camaro","Fiscal\u00eda General de la Naci\u00f3n","Menor de edad","UENNA."],"articleSection":["Noticias"],"inLanguage":"es-CO"},{"@type":"WebPage","@id":"https:\/\/www.fiscalia.gov.co\/colombia\/noticias\/aseguran-a-un-hombre-quien-diciendo-ser-brujo-habria-abusado-sexualmente-de-una-menor-de-edad\/","url":"https:\/\/www.fiscalia.gov.co\/colombia\/noticias\/aseguran-a-un-hombre-quien-diciendo-ser-brujo-habria-abusado-sexualmente-de-una-menor-de-edad\/","name":"Fiscal\u00eda General de la Naci\u00f3n","isPartOf":{"@id":"https:\/\/www.fiscalia.gov.co\/colombia\/#website"},"primaryImageOfPage":{"@id":"https:\/\/www.fiscalia.gov.co\/colombia\/noticias\/aseguran-a-un-hombre-quien-diciendo-ser-brujo-habria-abusado-sexualmente-de-una-menor-de-edad\/#primaryimage"},"image":{"@id":"https:\/\/www.fiscalia.gov.co\/colombia\/noticias\/aseguran-a-un-hombre-quien-diciendo-ser-brujo-habria-abusado-sexualmente-de-una-menor-de-edad\/#primaryimage"},"thumbnailUrl":"https:\/\/www.fiscalia.gov.co\/colombia\/wp-content\/uploads\/Supuesto-brujo.jpeg","datePublished":"2025-06-16T18:47:48+00:00","dateModified":"2025-06-16T18:48:34+00:00","description":"P\u00e1gina oficial de la Fiscal\u00eda General de la Naci\u00f3n \u2013 Colombia. Garantizamos el acceso efectivo a la justicia, la verdad y la reparaci\u00f3n de las v\u00edctimas de los delitos.","breadcrumb":{"@id":"https:\/\/www.fiscalia.gov.co\/colombia\/noticias\/aseguran-a-un-hombre-quien-diciendo-ser-brujo-habria-abusado-sexualmente-de-una-menor-de-edad\/#breadcrumb"},"inLanguage":"es-CO","potentialAction":[{"@type":"ReadAction","target":["https:\/\/www.fiscalia.gov.co\/colombia\/noticias\/aseguran-a-un-hombre-quien-diciendo-ser-brujo-habria-abusado-sexualmente-de-una-menor-de-edad\/"]}]},{"@type":"ImageObject","inLanguage":"es-CO","@id":"https:\/\/www.fiscalia.gov.co\/colombia\/noticias\/aseguran-a-un-hombre-quien-diciendo-ser-brujo-habria-abusado-sexualmente-de-una-menor-de-edad\/#primaryimage","url":"https:\/\/www.fiscalia.gov.co\/colombia\/wp-content\/uploads\/Supuesto-brujo.jpeg","contentUrl":"https:\/\/www.fiscalia.gov.co\/colombia\/wp-content\/uploads\/Supuesto-brujo.jpeg","width":612,"height":900,"caption":"Juan Carlos C\u00e1rdenas Bulla es se\u00f1alado de abusar sexualmente de una menor de 14 a\u00f1os, durante supuestos rituales de sanaci\u00f3n."},{"@type":"BreadcrumbList","@id":"https:\/\/www.fiscalia.gov.co\/colombia\/noticias\/aseguran-a-un-hombre-quien-diciendo-ser-brujo-habria-abusado-sexualmente-de-una-menor-de-edad\/#breadcrumb","itemListElement":[{"@type":"ListItem","position":1,"name":"Home","item":"https:\/\/www.fiscalia.gov.co\/colombia\/"},{"@type":"ListItem","position":2,"name":"Aseguran a un hombre quien, diciendo ser brujo, habr\u00eda abusado sexualmente de una menor de edad"}]},{"@type":"WebSite","@id":"https:\/\/www.fiscalia.gov.co\/colombia\/#website","url":"https:\/\/www.fiscalia.gov.co\/colombia\/","name":"Fiscal\u00eda General de la Naci\u00f3n","description":"P\u00e1gina oficial de la Fiscal\u00eda General de la Naci\u00f3n \u2013 Colombia. Garantizamos el acceso efectivo a la justicia, la verdad y la reparaci\u00f3n de las v\u00edctimas de los delitos.","publisher":{"@id":"https:\/\/www.fiscalia.gov.co\/colombia\/#organization"},"potentialAction":[{"@type":"SearchAction","target":{"@type":"EntryPoint","urlTemplate":"https:\/\/www.fiscalia.gov.co\/colombia\/?s={search_term_string}"},"query-input":{"@type":"PropertyValueSpecification","valueRequired":true,"valueName":"search_term_string"}}],"inLanguage":"es-CO"},{"@type":"Organization","@id":"https:\/\/www.fiscalia.gov.co\/colombia\/#organization","name":"Fiscal\u00eda General de la Naci\u00f3n","url":"https:\/\/www.fiscalia.gov.co\/colombia\/","logo":{"@type":"ImageObject","inLanguage":"es-CO","@id":"https:\/\/www.fiscalia.gov.co\/colombia\/#\/schema\/logo\/image\/","url":"https:\/\/www.fiscalia.gov.co\/colombia\/wp-content\/uploads\/LogoHorizontal_1.jpg","contentUrl":"https:\/\/www.fiscalia.gov.co\/colombia\/wp-content\/uploads\/LogoHorizontal_1.jpg","width":300,"height":90,"caption":"Fiscal\u00eda General de la Naci\u00f3n"},"image":{"@id":"https:\/\/www.fiscalia.gov.co\/colombia\/#\/schema\/logo\/image\/"},"sameAs":["https:\/\/www.facebook.com\/FiscaliaCol","https:\/\/x.com\/FiscaliaCol","https:\/\/www.instagram.com\/fiscaliacol","https:\/\/www.linkedin.com\/company\/fiscalia-general-de-la-naci-n\/","https:\/\/youtube.com\/@fiscaliageneraldelanacion-4668?si=6nN79nyQICPU5iTh"]},{"@type":"Person","@id":"https:\/\/www.fiscalia.gov.co\/colombia\/#\/schema\/person\/bf84402cf293a5393e9c70b111020b24","name":"Jordan Leandro Oviedo Anzola","image":{"@type":"ImageObject","inLanguage":"es-CO","@id":"https:\/\/www.fiscalia.gov.co\/colombia\/#\/schema\/person\/image\/","url":"https:\/\/secure.gravatar.com\/avatar\/dabba4346fa9b9207d96adafa8f92721?s=96&d=mm&r=g","contentUrl":"https:\/\/secure.gravatar.com\/avatar\/dabba4346fa9b9207d96adafa8f92721?s=96&d=mm&r=g","caption":"Jordan Leandro Oviedo Anzola"},"url":"https:\/\/www.fiscalia.gov.co\/colombia\/author\/joviedo\/"}]}},"_links":{"self":[{"href":"https:\/\/www.fiscalia.gov.co\/colombia\/wp-json\/wp\/v2\/posts\/317402","targetHints":{"allow":["GET"]}}],"collection":[{"href":"https:\/\/www.fiscalia.gov.co\/colombia\/wp-json\/wp\/v2\/posts"}],"about":[{"href":"https:\/\/www.fiscalia.gov.co\/colombia\/wp-json\/wp\/v2\/types\/post"}],"author":[{"embeddable":true,"href":"https:\/\/www.fiscalia.gov.co\/colombia\/wp-json\/wp\/v2\/users\/177"}],"replies":[{"embeddable":true,"href":"https:\/\/www.fiscalia.gov.co\/colombia\/wp-json\/wp\/v2\/comments?post=317402"}],"version-history":[{"count":2,"href":"https:\/\/www.fiscalia.gov.co\/colombia\/wp-json\/wp\/v2\/posts\/317402\/revisions"}],"predecessor-version":[{"id":317405,"href":"https:\/\/www.fiscalia.gov.co\/colombia\/wp-json\/wp\/v2\/posts\/317402\/revisions\/317405"}],"wp:attachment":[{"href":"https:\/\/www.fiscalia.gov.co\/colombia\/wp-json\/wp\/v2\/media?parent=317402"}],"wp:term":[{"taxonomy":"category","embeddable":true,"href":"https:\/\/www.fiscalia.gov.co\/colombia\/wp-json\/wp\/v2\/categories?post=317402"},{"taxonomy":"post_tag","embeddable":true,"href":"https:\/\/www.fiscalia.gov.co\/colombia\/wp-json\/wp\/v2\/tags?post=317402"}],"curies":[{"name":"wp","href":"https:\/\/api.w.org\/{rel}","templated":true}]}}