{"id":317328,"date":"2025-06-14T07:11:56","date_gmt":"2025-06-14T12:11:56","guid":{"rendered":"https:\/\/www.fiscalia.gov.co\/colombia\/?p=317328"},"modified":"2025-06-14T07:47:33","modified_gmt":"2025-06-14T12:47:33","slug":"abre-sus-puertas-nuevo-centro-de-atencion-de-lfiscalia-caf-para-habitantes-del-sur-de-bolivar","status":"publish","type":"post","link":"https:\/\/www.fiscalia.gov.co\/colombia\/noticias\/abre-sus-puertas-nuevo-centro-de-atencion-de-lfiscalia-caf-para-habitantes-del-sur-de-bolivar\/","title":{"rendered":"Abre sus puertas nuevo Centro de Atencion de Fiscal\u00eda (CAF) para habitantes del sur de Bol\u00edvar"},"content":{"rendered":"<h4 style=\"text-align: center;\"><strong><em>M\u00e1s de 72.000 habitantes de San Mart\u00edn de Loba y municipios aleda\u00f1os como Altos del Rosario, Hatillo de Loba, El Pe\u00f1\u00f3n y Barranco de Loba se benefician de los servicios que presta el CAF.<\/em><\/strong><\/h4>\n<p>Como parte del acercamiento de los servicios de la entidad a la ciudadan\u00eda y la ampliaci\u00f3n de los canales de acceso a la justicia en los territorios, entr\u00f3 en funcionamiento un nuevo <strong>Centro de Atenci\u00f3n de Fiscal\u00eda (CAF) en San Mart\u00edn de Loba<\/strong>, en el coraz\u00f3n del sur de Bol\u00edvar.<\/p>\n<p>La fiscal general de la Naci\u00f3n, Luz Adriana Camargo Garz\u00f3n, inaugur\u00f3 este nuevo espacio en compa\u00f1\u00eda del vicefiscal general, Gilberto Javier Guerrero D\u00edaz; la delegada para la Seguridad Territorial, Deicy Jaramillo Rivera; la directora Seccional de Bol\u00edvar, Elizabeth G\u00f3mez Mej\u00eda, entre otros representantes de<strong> organismos nacionales, regionales y locales.<\/strong><\/p>\n<p>El CAF de San Mart\u00edn de Loba tambi\u00e9n beneficiar\u00e1 a poblaciones vecinas como<strong> Altos del Rosario, Hatillo de Loba, El Pe\u00f1\u00f3n y Barranco de Loba,<\/strong> garantizando la atenci\u00f3n de m\u00e1s de 72.000 habitantes de toda la regi\u00f3n.<\/p>\n<p>\u201cLos Centros de Atenci\u00f3n de Fiscal\u00eda son espacios que estamos empe\u00f1ados en multiplicar en todo el pa\u00eds como estrategia para acercar la justicia a las v\u00edctimas en los lugares m\u00e1s apartados y necesitados, de una manera que nosotros podamos aproximarnos a la ciudadan\u00eda de forma cercana y adecuada, donde puedan acudir y recibir atenci\u00f3n pronta a sus denuncias, no s\u00f3lo en el \u00e1mbito penal sino restaurativo\u201d, <strong>se\u00f1al\u00f3 la fiscal general.<\/strong><\/p>\n<p>Este espacio funcionar\u00e1 articulada y estrat\u00e9gicamente con otras instituciones <strong>con el fin de brindar orientaci\u00f3n, asistencia y acompa\u00f1amiento<\/strong> a todas las personas que resulten v\u00edctimas de alg\u00fan delito en esta subregi\u00f3n.<\/p>\n<p>El CAF cuenta con un fiscal local y su asistente, investigadores del Cuerpo T\u00e9cnico de Investigaci\u00f3n (CTI), un profesional del Instituto Nacional de Medicina Legal y Ciencias Forenses, un trabajador social y <strong>un sic\u00f3logo del Instituto Colombiano de Bienestar Familiar,<\/strong> defensores p\u00fablicos, un receptor de denuncias, un mediador e investigadores de la Polic\u00eda Nacional.<\/p>\n<p>\u201cSomos conscientes de que estas sedes son m\u00e1s que un espacio f\u00edsico, esto no se trata de unir esfuerzos para hacer unas adecuaciones locativas. Esta es una apuesta ambiciosa que tiene que ver con personas que est\u00e1n muy comprometidas en un nuevo modelo de justicia, eficiente, \u00e1gil y emp\u00e1tica\u201d, <strong>concluy\u00f3 la fiscal general.<\/strong><\/p>\n<p>Previo a la inauguraci\u00f3n del CAF, la Direcci\u00f3n Seccional Bol\u00edvar convoc\u00f3 a una <strong>brigada de promoci\u00f3n institucional articulada con las distintas entidades del orden departamental<\/strong> y local para dar a conocer los servicios que prestar\u00e1 este nuevo espacio y sensibilizar a la comunidad sobre los canales y rutas de atenci\u00f3n de la Fiscal\u00eda.<\/p>\n<p>&nbsp;<\/p>\n<p>&nbsp;<\/p>\n<p>&nbsp;<\/p>\n<p>&nbsp;<\/p>\n<p>MEVA\/AMCJ\/EGM\/DSB\/DJR\/DST\/<\/p>\n<p>&nbsp;<\/p>\n<p>&nbsp;<\/p>\n<p>&nbsp;<\/p>\n<p>&nbsp;<\/p>\n<p><em>La informaci\u00f3n contenida en este bolet\u00edn de prensa corresponde a la narraci\u00f3n de los hechos noticiosos objetivos, suministrados por los funcionarios encargados de adelantar las investigaciones penales al interior de la Fiscal\u00eda General de la Naci\u00f3n. Para el momento de la divulgaci\u00f3n de este comunicado, la situaci\u00f3n jur\u00eddica de la(s) persona(s) relacionada(s) se encuentra pendiente de resolver por la autoridad judicial competente, siempre bajo los preceptos de la presunci\u00f3n de inocencia, consagrados en el art\u00edculo 29 de la Constituci\u00f3n Pol\u00edtica y el art\u00edculo 7\u00ba de la Ley 906 de 2004.\u00a0<\/em><\/p>\n\n<div class=\"twitter-share\"><a href=\"https:\/\/twitter.com\/intent\/tweet?via=fiscaliacol\" class=\"twitter-share-button\">Tweet<\/a><\/div>\n","protected":false},"excerpt":{"rendered":"<p>M\u00e1s de 72.000 habitantes de San Mart\u00edn de Loba y municipios aleda\u00f1os como Altos del Rosario, Hatillo de Loba, El Pe\u00f1\u00f3n y Barranco de Loba se benefician de los servicios que presta el CAF. Como parte del acercamiento de los servicios de la entidad a la ciudadan\u00eda y la ampliaci\u00f3n de los canales de acceso [&hellip;]<\/p>\n","protected":false},"author":177,"featured_media":0,"comment_status":"closed","ping_status":"open","sticky":false,"template":"","format":"standard","meta":{"tdm_status":"","tdm_grid_status":"","footnotes":""},"categories":[1,325,303],"tags":[9082,40675,33854,4345,1288,37492,1047],"class_list":{"0":"post-317328","1":"post","2":"type-post","3":"status-publish","4":"format-standard","6":"category-noticias","7":"category-seccional-cartagena","8":"category-seccionales","9":"tag-bolivar","10":"tag-caf","11":"tag-centro-de-atencion","12":"tag-delitos","13":"tag-denuncia","14":"tag-fiscal-luz-adriana-camargo","15":"tag-fiscalia-general-de-la-nacion"},"yoast_head":"<!-- This site is optimized with the Yoast SEO plugin v24.3 - https:\/\/yoast.com\/wordpress\/plugins\/seo\/ -->\n<title>Fiscal\u00eda General de la Naci\u00f3n<\/title>\n<meta name=\"description\" content=\"P\u00e1gina oficial de la Fiscal\u00eda General de la Naci\u00f3n \u2013 Colombia. Garantizamos el acceso efectivo a la justicia, la verdad y la reparaci\u00f3n de las v\u00edctimas de los delitos.\" \/>\n<meta name=\"robots\" content=\"noindex, follow\" \/>\n<meta property=\"og:locale\" content=\"es_ES\" \/>\n<meta property=\"og:type\" content=\"article\" \/>\n<meta property=\"og:title\" content=\"Fiscal\u00eda General de la Naci\u00f3n\" \/>\n<meta property=\"og:description\" content=\"P\u00e1gina oficial de la Fiscal\u00eda General de la Naci\u00f3n \u2013 Colombia. Garantizamos el acceso efectivo a la justicia, la verdad y la reparaci\u00f3n de las v\u00edctimas de los delitos.\" \/>\n<meta property=\"og:url\" content=\"https:\/\/www.fiscalia.gov.co\/colombia\/noticias\/abre-sus-puertas-nuevo-centro-de-atencion-de-lfiscalia-caf-para-habitantes-del-sur-de-bolivar\/\" \/>\n<meta property=\"og:site_name\" content=\"Fiscal\u00eda General de la Naci\u00f3n\" \/>\n<meta property=\"article:publisher\" content=\"https:\/\/www.facebook.com\/FiscaliaCol\" \/>\n<meta property=\"article:published_time\" content=\"2025-06-14T12:11:56+00:00\" \/>\n<meta property=\"article:modified_time\" content=\"2025-06-14T12:47:33+00:00\" \/>\n<meta name=\"author\" content=\"Jordan Leandro Oviedo Anzola\" \/>\n<meta name=\"twitter:card\" content=\"summary_large_image\" \/>\n<meta name=\"twitter:creator\" content=\"@FiscaliaCol\" \/>\n<meta name=\"twitter:site\" content=\"@FiscaliaCol\" \/>\n<meta name=\"twitter:label1\" content=\"Escrito por\" \/>\n\t<meta name=\"twitter:data1\" content=\"Jordan Leandro Oviedo Anzola\" \/>\n\t<meta name=\"twitter:label2\" content=\"Tiempo de lectura\" \/>\n\t<meta name=\"twitter:data2\" content=\"3 minutos\" \/>\n<script type=\"application\/ld+json\" class=\"yoast-schema-graph\">{\"@context\":\"https:\/\/schema.org\",\"@graph\":[{\"@type\":\"Article\",\"@id\":\"https:\/\/www.fiscalia.gov.co\/colombia\/noticias\/abre-sus-puertas-nuevo-centro-de-atencion-de-lfiscalia-caf-para-habitantes-del-sur-de-bolivar\/#article\",\"isPartOf\":{\"@id\":\"https:\/\/www.fiscalia.gov.co\/colombia\/noticias\/abre-sus-puertas-nuevo-centro-de-atencion-de-lfiscalia-caf-para-habitantes-del-sur-de-bolivar\/\"},\"author\":{\"name\":\"Jordan Leandro Oviedo Anzola\",\"@id\":\"https:\/\/www.fiscalia.gov.co\/colombia\/#\/schema\/person\/bf84402cf293a5393e9c70b111020b24\"},\"headline\":\"Abre sus puertas nuevo Centro de Atencion de Fiscal\u00eda (CAF) para habitantes del sur de Bol\u00edvar\",\"datePublished\":\"2025-06-14T12:11:56+00:00\",\"dateModified\":\"2025-06-14T12:47:33+00:00\",\"mainEntityOfPage\":{\"@id\":\"https:\/\/www.fiscalia.gov.co\/colombia\/noticias\/abre-sus-puertas-nuevo-centro-de-atencion-de-lfiscalia-caf-para-habitantes-del-sur-de-bolivar\/\"},\"wordCount\":618,\"publisher\":{\"@id\":\"https:\/\/www.fiscalia.gov.co\/colombia\/#organization\"},\"keywords\":[\"Bol\u00edvar\",\"CAF\",\"centro de atenci\u00f3n\",\"Delitos\",\"Denuncia\",\"Fiscal Luz Adriana Camargo\",\"Fiscal\u00eda General de la Naci\u00f3n\"],\"articleSection\":[\"Noticias\",\"Seccional Cartagena\",\"Seccionales\"],\"inLanguage\":\"es-CO\"},{\"@type\":\"WebPage\",\"@id\":\"https:\/\/www.fiscalia.gov.co\/colombia\/noticias\/abre-sus-puertas-nuevo-centro-de-atencion-de-lfiscalia-caf-para-habitantes-del-sur-de-bolivar\/\",\"url\":\"https:\/\/www.fiscalia.gov.co\/colombia\/noticias\/abre-sus-puertas-nuevo-centro-de-atencion-de-lfiscalia-caf-para-habitantes-del-sur-de-bolivar\/\",\"name\":\"Fiscal\u00eda General de la Naci\u00f3n\",\"isPartOf\":{\"@id\":\"https:\/\/www.fiscalia.gov.co\/colombia\/#website\"},\"datePublished\":\"2025-06-14T12:11:56+00:00\",\"dateModified\":\"2025-06-14T12:47:33+00:00\",\"description\":\"P\u00e1gina oficial de la Fiscal\u00eda General de la Naci\u00f3n \u2013 Colombia. Garantizamos el acceso efectivo a la justicia, la verdad y la reparaci\u00f3n de las v\u00edctimas de los delitos.\",\"breadcrumb\":{\"@id\":\"https:\/\/www.fiscalia.gov.co\/colombia\/noticias\/abre-sus-puertas-nuevo-centro-de-atencion-de-lfiscalia-caf-para-habitantes-del-sur-de-bolivar\/#breadcrumb\"},\"inLanguage\":\"es-CO\",\"potentialAction\":[{\"@type\":\"ReadAction\",\"target\":[\"https:\/\/www.fiscalia.gov.co\/colombia\/noticias\/abre-sus-puertas-nuevo-centro-de-atencion-de-lfiscalia-caf-para-habitantes-del-sur-de-bolivar\/\"]}]},{\"@type\":\"BreadcrumbList\",\"@id\":\"https:\/\/www.fiscalia.gov.co\/colombia\/noticias\/abre-sus-puertas-nuevo-centro-de-atencion-de-lfiscalia-caf-para-habitantes-del-sur-de-bolivar\/#breadcrumb\",\"itemListElement\":[{\"@type\":\"ListItem\",\"position\":1,\"name\":\"Home\",\"item\":\"https:\/\/www.fiscalia.gov.co\/colombia\/\"},{\"@type\":\"ListItem\",\"position\":2,\"name\":\"Abre sus puertas nuevo Centro de Atencion de Fiscal\u00eda (CAF) para habitantes del sur de Bol\u00edvar\"}]},{\"@type\":\"WebSite\",\"@id\":\"https:\/\/www.fiscalia.gov.co\/colombia\/#website\",\"url\":\"https:\/\/www.fiscalia.gov.co\/colombia\/\",\"name\":\"Fiscal\u00eda General de la Naci\u00f3n\",\"description\":\"P\u00e1gina oficial de la Fiscal\u00eda General de la Naci\u00f3n \u2013 Colombia. Garantizamos el acceso efectivo a la justicia, la verdad y la reparaci\u00f3n de las v\u00edctimas de los delitos.\",\"publisher\":{\"@id\":\"https:\/\/www.fiscalia.gov.co\/colombia\/#organization\"},\"potentialAction\":[{\"@type\":\"SearchAction\",\"target\":{\"@type\":\"EntryPoint\",\"urlTemplate\":\"https:\/\/www.fiscalia.gov.co\/colombia\/?s={search_term_string}\"},\"query-input\":{\"@type\":\"PropertyValueSpecification\",\"valueRequired\":true,\"valueName\":\"search_term_string\"}}],\"inLanguage\":\"es-CO\"},{\"@type\":\"Organization\",\"@id\":\"https:\/\/www.fiscalia.gov.co\/colombia\/#organization\",\"name\":\"Fiscal\u00eda General de la Naci\u00f3n\",\"url\":\"https:\/\/www.fiscalia.gov.co\/colombia\/\",\"logo\":{\"@type\":\"ImageObject\",\"inLanguage\":\"es-CO\",\"@id\":\"https:\/\/www.fiscalia.gov.co\/colombia\/#\/schema\/logo\/image\/\",\"url\":\"https:\/\/www.fiscalia.gov.co\/colombia\/wp-content\/uploads\/LogoHorizontal_1.jpg\",\"contentUrl\":\"https:\/\/www.fiscalia.gov.co\/colombia\/wp-content\/uploads\/LogoHorizontal_1.jpg\",\"width\":300,\"height\":90,\"caption\":\"Fiscal\u00eda General de la Naci\u00f3n\"},\"image\":{\"@id\":\"https:\/\/www.fiscalia.gov.co\/colombia\/#\/schema\/logo\/image\/\"},\"sameAs\":[\"https:\/\/www.facebook.com\/FiscaliaCol\",\"https:\/\/x.com\/FiscaliaCol\",\"https:\/\/www.instagram.com\/fiscaliacol\",\"https:\/\/www.linkedin.com\/company\/fiscalia-general-de-la-naci-n\/\",\"https:\/\/youtube.com\/@fiscaliageneraldelanacion-4668?si=6nN79nyQICPU5iTh\"]},{\"@type\":\"Person\",\"@id\":\"https:\/\/www.fiscalia.gov.co\/colombia\/#\/schema\/person\/bf84402cf293a5393e9c70b111020b24\",\"name\":\"Jordan Leandro Oviedo Anzola\",\"image\":{\"@type\":\"ImageObject\",\"inLanguage\":\"es-CO\",\"@id\":\"https:\/\/www.fiscalia.gov.co\/colombia\/#\/schema\/person\/image\/\",\"url\":\"https:\/\/secure.gravatar.com\/avatar\/dabba4346fa9b9207d96adafa8f92721?s=96&d=mm&r=g\",\"contentUrl\":\"https:\/\/secure.gravatar.com\/avatar\/dabba4346fa9b9207d96adafa8f92721?s=96&d=mm&r=g\",\"caption\":\"Jordan Leandro Oviedo Anzola\"},\"url\":\"https:\/\/www.fiscalia.gov.co\/colombia\/author\/joviedo\/\"}]}<\/script>\n<!-- \/ Yoast SEO plugin. -->","yoast_head_json":{"title":"Fiscal\u00eda General de la Naci\u00f3n","description":"P\u00e1gina oficial de la Fiscal\u00eda General de la Naci\u00f3n \u2013 Colombia. Garantizamos el acceso efectivo a la justicia, la verdad y la reparaci\u00f3n de las v\u00edctimas de los delitos.","robots":{"index":"noindex","follow":"follow"},"og_locale":"es_ES","og_type":"article","og_title":"Fiscal\u00eda General de la Naci\u00f3n","og_description":"P\u00e1gina oficial de la Fiscal\u00eda General de la Naci\u00f3n \u2013 Colombia. Garantizamos el acceso efectivo a la justicia, la verdad y la reparaci\u00f3n de las v\u00edctimas de los delitos.","og_url":"https:\/\/www.fiscalia.gov.co\/colombia\/noticias\/abre-sus-puertas-nuevo-centro-de-atencion-de-lfiscalia-caf-para-habitantes-del-sur-de-bolivar\/","og_site_name":"Fiscal\u00eda General de la Naci\u00f3n","article_publisher":"https:\/\/www.facebook.com\/FiscaliaCol","article_published_time":"2025-06-14T12:11:56+00:00","article_modified_time":"2025-06-14T12:47:33+00:00","author":"Jordan Leandro Oviedo Anzola","twitter_card":"summary_large_image","twitter_creator":"@FiscaliaCol","twitter_site":"@FiscaliaCol","twitter_misc":{"Escrito por":"Jordan Leandro Oviedo Anzola","Tiempo de lectura":"3 minutos"},"schema":{"@context":"https:\/\/schema.org","@graph":[{"@type":"Article","@id":"https:\/\/www.fiscalia.gov.co\/colombia\/noticias\/abre-sus-puertas-nuevo-centro-de-atencion-de-lfiscalia-caf-para-habitantes-del-sur-de-bolivar\/#article","isPartOf":{"@id":"https:\/\/www.fiscalia.gov.co\/colombia\/noticias\/abre-sus-puertas-nuevo-centro-de-atencion-de-lfiscalia-caf-para-habitantes-del-sur-de-bolivar\/"},"author":{"name":"Jordan Leandro Oviedo Anzola","@id":"https:\/\/www.fiscalia.gov.co\/colombia\/#\/schema\/person\/bf84402cf293a5393e9c70b111020b24"},"headline":"Abre sus puertas nuevo Centro de Atencion de Fiscal\u00eda (CAF) para habitantes del sur de Bol\u00edvar","datePublished":"2025-06-14T12:11:56+00:00","dateModified":"2025-06-14T12:47:33+00:00","mainEntityOfPage":{"@id":"https:\/\/www.fiscalia.gov.co\/colombia\/noticias\/abre-sus-puertas-nuevo-centro-de-atencion-de-lfiscalia-caf-para-habitantes-del-sur-de-bolivar\/"},"wordCount":618,"publisher":{"@id":"https:\/\/www.fiscalia.gov.co\/colombia\/#organization"},"keywords":["Bol\u00edvar","CAF","centro de atenci\u00f3n","Delitos","Denuncia","Fiscal Luz Adriana Camargo","Fiscal\u00eda General de la Naci\u00f3n"],"articleSection":["Noticias","Seccional Cartagena","Seccionales"],"inLanguage":"es-CO"},{"@type":"WebPage","@id":"https:\/\/www.fiscalia.gov.co\/colombia\/noticias\/abre-sus-puertas-nuevo-centro-de-atencion-de-lfiscalia-caf-para-habitantes-del-sur-de-bolivar\/","url":"https:\/\/www.fiscalia.gov.co\/colombia\/noticias\/abre-sus-puertas-nuevo-centro-de-atencion-de-lfiscalia-caf-para-habitantes-del-sur-de-bolivar\/","name":"Fiscal\u00eda General de la Naci\u00f3n","isPartOf":{"@id":"https:\/\/www.fiscalia.gov.co\/colombia\/#website"},"datePublished":"2025-06-14T12:11:56+00:00","dateModified":"2025-06-14T12:47:33+00:00","description":"P\u00e1gina oficial de la Fiscal\u00eda General de la Naci\u00f3n \u2013 Colombia. Garantizamos el acceso efectivo a la justicia, la verdad y la reparaci\u00f3n de las v\u00edctimas de los delitos.","breadcrumb":{"@id":"https:\/\/www.fiscalia.gov.co\/colombia\/noticias\/abre-sus-puertas-nuevo-centro-de-atencion-de-lfiscalia-caf-para-habitantes-del-sur-de-bolivar\/#breadcrumb"},"inLanguage":"es-CO","potentialAction":[{"@type":"ReadAction","target":["https:\/\/www.fiscalia.gov.co\/colombia\/noticias\/abre-sus-puertas-nuevo-centro-de-atencion-de-lfiscalia-caf-para-habitantes-del-sur-de-bolivar\/"]}]},{"@type":"BreadcrumbList","@id":"https:\/\/www.fiscalia.gov.co\/colombia\/noticias\/abre-sus-puertas-nuevo-centro-de-atencion-de-lfiscalia-caf-para-habitantes-del-sur-de-bolivar\/#breadcrumb","itemListElement":[{"@type":"ListItem","position":1,"name":"Home","item":"https:\/\/www.fiscalia.gov.co\/colombia\/"},{"@type":"ListItem","position":2,"name":"Abre sus puertas nuevo Centro de Atencion de Fiscal\u00eda (CAF) para habitantes del sur de Bol\u00edvar"}]},{"@type":"WebSite","@id":"https:\/\/www.fiscalia.gov.co\/colombia\/#website","url":"https:\/\/www.fiscalia.gov.co\/colombia\/","name":"Fiscal\u00eda General de la Naci\u00f3n","description":"P\u00e1gina oficial de la Fiscal\u00eda General de la Naci\u00f3n \u2013 Colombia. Garantizamos el acceso efectivo a la justicia, la verdad y la reparaci\u00f3n de las v\u00edctimas de los delitos.","publisher":{"@id":"https:\/\/www.fiscalia.gov.co\/colombia\/#organization"},"potentialAction":[{"@type":"SearchAction","target":{"@type":"EntryPoint","urlTemplate":"https:\/\/www.fiscalia.gov.co\/colombia\/?s={search_term_string}"},"query-input":{"@type":"PropertyValueSpecification","valueRequired":true,"valueName":"search_term_string"}}],"inLanguage":"es-CO"},{"@type":"Organization","@id":"https:\/\/www.fiscalia.gov.co\/colombia\/#organization","name":"Fiscal\u00eda General de la Naci\u00f3n","url":"https:\/\/www.fiscalia.gov.co\/colombia\/","logo":{"@type":"ImageObject","inLanguage":"es-CO","@id":"https:\/\/www.fiscalia.gov.co\/colombia\/#\/schema\/logo\/image\/","url":"https:\/\/www.fiscalia.gov.co\/colombia\/wp-content\/uploads\/LogoHorizontal_1.jpg","contentUrl":"https:\/\/www.fiscalia.gov.co\/colombia\/wp-content\/uploads\/LogoHorizontal_1.jpg","width":300,"height":90,"caption":"Fiscal\u00eda General de la Naci\u00f3n"},"image":{"@id":"https:\/\/www.fiscalia.gov.co\/colombia\/#\/schema\/logo\/image\/"},"sameAs":["https:\/\/www.facebook.com\/FiscaliaCol","https:\/\/x.com\/FiscaliaCol","https:\/\/www.instagram.com\/fiscaliacol","https:\/\/www.linkedin.com\/company\/fiscalia-general-de-la-naci-n\/","https:\/\/youtube.com\/@fiscaliageneraldelanacion-4668?si=6nN79nyQICPU5iTh"]},{"@type":"Person","@id":"https:\/\/www.fiscalia.gov.co\/colombia\/#\/schema\/person\/bf84402cf293a5393e9c70b111020b24","name":"Jordan Leandro Oviedo Anzola","image":{"@type":"ImageObject","inLanguage":"es-CO","@id":"https:\/\/www.fiscalia.gov.co\/colombia\/#\/schema\/person\/image\/","url":"https:\/\/secure.gravatar.com\/avatar\/dabba4346fa9b9207d96adafa8f92721?s=96&d=mm&r=g","contentUrl":"https:\/\/secure.gravatar.com\/avatar\/dabba4346fa9b9207d96adafa8f92721?s=96&d=mm&r=g","caption":"Jordan Leandro Oviedo Anzola"},"url":"https:\/\/www.fiscalia.gov.co\/colombia\/author\/joviedo\/"}]}},"_links":{"self":[{"href":"https:\/\/www.fiscalia.gov.co\/colombia\/wp-json\/wp\/v2\/posts\/317328","targetHints":{"allow":["GET"]}}],"collection":[{"href":"https:\/\/www.fiscalia.gov.co\/colombia\/wp-json\/wp\/v2\/posts"}],"about":[{"href":"https:\/\/www.fiscalia.gov.co\/colombia\/wp-json\/wp\/v2\/types\/post"}],"author":[{"embeddable":true,"href":"https:\/\/www.fiscalia.gov.co\/colombia\/wp-json\/wp\/v2\/users\/177"}],"replies":[{"embeddable":true,"href":"https:\/\/www.fiscalia.gov.co\/colombia\/wp-json\/wp\/v2\/comments?post=317328"}],"version-history":[{"count":5,"href":"https:\/\/www.fiscalia.gov.co\/colombia\/wp-json\/wp\/v2\/posts\/317328\/revisions"}],"predecessor-version":[{"id":317335,"href":"https:\/\/www.fiscalia.gov.co\/colombia\/wp-json\/wp\/v2\/posts\/317328\/revisions\/317335"}],"wp:attachment":[{"href":"https:\/\/www.fiscalia.gov.co\/colombia\/wp-json\/wp\/v2\/media?parent=317328"}],"wp:term":[{"taxonomy":"category","embeddable":true,"href":"https:\/\/www.fiscalia.gov.co\/colombia\/wp-json\/wp\/v2\/categories?post=317328"},{"taxonomy":"post_tag","embeddable":true,"href":"https:\/\/www.fiscalia.gov.co\/colombia\/wp-json\/wp\/v2\/tags?post=317328"}],"curies":[{"name":"wp","href":"https:\/\/api.w.org\/{rel}","templated":true}]}}