{"id":317324,"date":"2025-06-13T17:24:31","date_gmt":"2025-06-13T22:24:31","guid":{"rendered":"https:\/\/www.fiscalia.gov.co\/colombia\/?p=317324"},"modified":"2025-06-14T07:46:04","modified_gmt":"2025-06-14T12:46:04","slug":"presuntos-integrantes-de-red-narcotraficante-senalada-de-enviar-viajeros-a-francia-con-estupefacientes-en-su-cuerpo-fueron-judicializados","status":"publish","type":"post","link":"https:\/\/www.fiscalia.gov.co\/colombia\/noticias\/presuntos-integrantes-de-red-narcotraficante-senalada-de-enviar-viajeros-a-francia-con-estupefacientes-en-su-cuerpo-fueron-judicializados\/","title":{"rendered":"Presuntos integrantes de red narcotraficante se\u00f1alada de enviar viajeros a Francia con estupefacientes en su cuerpo fueron judicializados"},"content":{"rendered":"<blockquote>\n<h4><strong><em>El grupo criminal estar\u00eda conformado por integrantes de una misma familia, incluida una menor de edad.<\/em><\/strong><\/h4>\n<\/blockquote>\n<p>El material probatorio aportado por la Fiscal\u00eda General de la Naci\u00f3n permiti\u00f3 judicializar a siete presuntos<strong> integrantes de una red narcotraficante denominada Eiffel,<\/strong> que estar\u00edan involucrados en el env\u00edo de personas a Par\u00eds (Francia) con coca\u00edna ingerida dentro de su organismo.<\/p>\n<p>Se trata de Erika Milena Mu\u00f1oz Betancourt, alias Zarca, presunta cabecilla; Mar\u00eda Eugenia Mu\u00f1oz Betancur, Harold Andr\u00e9s Rivera R\u00faa, alias Tatoo; Maryely R\u00faa Cano, alias Mayerly; Jos\u00e9 Heli Mu\u00f1oz, alias Zarco, Dagoberto Ram\u00edrez Tenorio, alias Dago y una menor de 16 a\u00f1os de edad.\u00a0 Varios de los hoy judicializados tienen v\u00ednculo familiar entre ellos.<\/p>\n<figure id=\"attachment_317325\" aria-describedby=\"caption-attachment-317325\" style=\"width: 664px\" class=\"wp-caption alignnone\"><img loading=\"lazy\" decoding=\"async\" class=\" wp-image-317325\" src=\"https:\/\/www.fiscalia.gov.co\/colombia\/wp-content\/uploads\/GDCO-EIFFEL-300x169.jpg\" alt=\" Se observan siete personas capturadas, en fila y de frente. A cada costado un funcionario de Polic\u00eda nacional. Atr\u00e1s un pend\u00f3n de Polic\u00eda nacional. Adelante una mesa con material incautado durante allanamientos\" width=\"664\" height=\"374\" srcset=\"https:\/\/www.fiscalia.gov.co\/colombia\/wp-content\/uploads\/GDCO-EIFFEL-300x169.jpg 300w, https:\/\/www.fiscalia.gov.co\/colombia\/wp-content\/uploads\/GDCO-EIFFEL-1024x576.jpg 1024w, https:\/\/www.fiscalia.gov.co\/colombia\/wp-content\/uploads\/GDCO-EIFFEL-768x432.jpg 768w, https:\/\/www.fiscalia.gov.co\/colombia\/wp-content\/uploads\/GDCO-EIFFEL-1536x864.jpg 1536w, https:\/\/www.fiscalia.gov.co\/colombia\/wp-content\/uploads\/GDCO-EIFFEL-747x420.jpg 747w, https:\/\/www.fiscalia.gov.co\/colombia\/wp-content\/uploads\/GDCO-EIFFEL-696x392.jpg 696w, https:\/\/www.fiscalia.gov.co\/colombia\/wp-content\/uploads\/GDCO-EIFFEL-1068x601.jpg 1068w, https:\/\/www.fiscalia.gov.co\/colombia\/wp-content\/uploads\/GDCO-EIFFEL.jpg 1600w\" sizes=\"auto, (max-width: 664px) 100vw, 664px\" \/><figcaption id=\"caption-attachment-317325\" class=\"wp-caption-text\">Presuntos integrantes de la organizaci\u00f3n delincuencial Eiffel fueron se\u00f1alados de enviar correos humanos a Francia con c\u00e1psulas de coca\u00edna ingeridas en su organismo<\/figcaption><\/figure>\n<p>La investigaci\u00f3n estableci\u00f3 que, en al menos cuatro oportunidades, la red criminal, al parecer, prepar\u00f3, coordin\u00f3 y envi\u00f3 correos humanos que inger\u00edan c\u00e1psulas cargadas con coca\u00edna para transportarlas desde el Aeropuerto Mateca\u00f1a, en Pereira (Risaralda), con escala en Bogot\u00e1 y con destino final al aeropuerto internacional en Par\u00eds (Francia).<\/p>\n<p><strong>Los presuntos responsables se encargaban de preparar y empacar las c\u00e1psulas de los estupefacientes en dedos de l\u00e1tex<\/strong>, orientar y supervisar que los correos ingirieran las mismas, proporcionar tiquetes y dinero, adem\u00e1s de adecuar la log\u00edstica para salir del pa\u00eds.<\/p>\n<p>Posteriormente, en Par\u00eds, Erika Milena Mu\u00f1oz Betancourt, al parecer, se encargaba de recibir a las personas que transportaban la sustancia il\u00edcita, obtener la mercanc\u00eda y comercializarla.<\/p>\n<p>El material de prueba da cuenta de que las personas que transportaban los estupefacientes recib\u00edan pagos cercanos<strong> a los 30 millones de pesos y los alucin\u00f3genos eran vendidos<\/strong> en Francia en 100 millones de pesos.<\/p>\n<p>Por lo anterior, los procesados fueron imputados, de acuerdo con su responsabilidad individual,\u00a0<strong> por los delitos de tr\u00e1fico, fabricaci\u00f3n o porte de estupefacientes, concierto para delinquir y uso de menores de edad para la comisi\u00f3n de delitos<\/strong>, las dos \u00faltimas conductas agravadas. Rivera R\u00faa, R\u00faa Cano y Mu\u00f1oz aceptaron los cargos.<\/p>\n<p>Por su parte, la menor de edad fue imputada por los delitos de fabricaci\u00f3n o porte de estupefacientes y concierto para delinquir, ambos agravados y guard\u00f3 silencio.<\/p>\n<p>Los procesados fueron capturados en v\u00eda p\u00fablica y durante cinco diligencias de allanamiento <strong>y registro adelantadas en Pereira, Dosquebradas (Risaralda) y Cali (Valle del Cauca) por servidores de Polic\u00eda Nacional.<\/strong> En las actividades judiciales les encontraron cerca de 600 gramos de coca\u00edna empacados en la forma en la que era enviada al exterior.<\/p>\n<p>Un juez de control de garant\u00edas le impuso medida <strong>privativa de la libertad en establecimiento carcelario a Erika Milena Mu\u00f1oz Betancourt.<\/strong> Por su parte, a Mar\u00eda Eugenia Mu\u00f1oz Betancur, Maryely R\u00faa Cano y Jos\u00e9 Heli Mu\u00f1oz, en lugar de domicilio.<\/p>\n<p>A su vez, la menor de edad fue cobijada con medida de\u00a0 internamiento preventivo en centro especializado.<\/p>\n<p>A Harold Andr\u00e9s Rivera R\u00faa le fue impuesta medida no privativa de la libertad. <strong>Dagoberto Ram\u00edrez Tenorio no fue afectado con medidas por cuanto tiene activa una sentencia<\/strong> condenatoria en su contra por haber sido descubierto y capturado en posesi\u00f3n de las mencionadas c\u00e1psulas de estupefacientes en diciembre de 2024 en el aeropuerto internacional El Dorado.<\/p>\n<p>Esta informaci\u00f3n se publica por razones de inter\u00e9s general.<\/p>\n<p>&nbsp;<\/p>\n<p>CLCG\/AMCJ\/CABS\/DSR\/<\/p>\n<p>&nbsp;<\/p>\n<p>&nbsp;<\/p>\n<p>&nbsp;<\/p>\n<p>&nbsp;<\/p>\n<p>&nbsp;<\/p>\n<p><em>La informaci\u00f3n contenida en este bolet\u00edn de prensa corresponde a la narraci\u00f3n de los hechos noticiosos objetivos, suministrados por los funcionarios encargados de adelantar las investigaciones penales al interior de la Fiscal\u00eda General de la Naci\u00f3n. Para el momento de la divulgaci\u00f3n de este comunicado, la situaci\u00f3n jur\u00eddica de la(s) persona(s) relacionada(s) se encuentra pendiente de resolver por la autoridad judicial competente, siempre bajo los preceptos de la presunci\u00f3n de inocencia, consagrados en el art\u00edculo 29 de la Constituci\u00f3n Pol\u00edtica y el art\u00edculo 7\u00ba de la Ley 906 de 2004.\u00a0<\/em><\/p>\n\n<div class=\"twitter-share\"><a href=\"https:\/\/twitter.com\/intent\/tweet?via=fiscaliacol\" class=\"twitter-share-button\">Tweet<\/a><\/div>\n","protected":false},"excerpt":{"rendered":"<p>El grupo criminal estar\u00eda conformado por integrantes de una misma familia, incluida una menor de edad. El material probatorio aportado por la Fiscal\u00eda General de la Naci\u00f3n permiti\u00f3 judicializar a siete presuntos integrantes de una red narcotraficante denominada Eiffel, que estar\u00edan involucrados en el env\u00edo de personas a Par\u00eds (Francia) con coca\u00edna ingerida dentro de [&hellip;]<\/p>\n","protected":false},"author":181,"featured_media":0,"comment_status":"closed","ping_status":"open","sticky":false,"template":"","format":"standard","meta":{"_price":"","_stock":"","_tribe_ticket_header":"","_tribe_default_ticket_provider":"","_tribe_ticket_capacity":"0","_ticket_start_date":"","_ticket_end_date":"","_tribe_ticket_show_description":"","_tribe_ticket_show_not_going":false,"_tribe_ticket_use_global_stock":"","_tribe_ticket_global_stock_level":"","_global_stock_mode":"","_global_stock_cap":"","_tribe_rsvp_for_event":"","_tribe_ticket_going_count":"","_tribe_ticket_not_going_count":"","_tribe_tickets_list":"[]","_tribe_ticket_has_attendee_info_fields":false,"tdm_status":"","tdm_grid_status":"","footnotes":""},"categories":[1,24099],"tags":[12184,37492,4614,1047],"class_list":{"0":"post-317324","1":"post","2":"type-post","3":"status-publish","4":"format-standard","6":"category-noticias","7":"category-seguridad-territorial","8":"tag-fiscal","9":"tag-fiscal-luz-adriana-camargo","10":"tag-fiscalia-2","11":"tag-fiscalia-general-de-la-nacion"},"yoast_head":"<!-- This site is optimized with the Yoast SEO plugin v24.3 - https:\/\/yoast.com\/wordpress\/plugins\/seo\/ -->\n<title>Fiscal\u00eda General de la Naci\u00f3n<\/title>\n<meta name=\"description\" content=\"P\u00e1gina oficial de la Fiscal\u00eda General de la Naci\u00f3n \u2013 Colombia. Garantizamos el acceso efectivo a la justicia, la verdad y la reparaci\u00f3n de las v\u00edctimas de los delitos.\" \/>\n<meta name=\"robots\" content=\"noindex, follow\" \/>\n<meta property=\"og:locale\" content=\"es_ES\" \/>\n<meta property=\"og:type\" content=\"article\" \/>\n<meta property=\"og:title\" content=\"Fiscal\u00eda General de la Naci\u00f3n\" \/>\n<meta property=\"og:description\" content=\"P\u00e1gina oficial de la Fiscal\u00eda General de la Naci\u00f3n \u2013 Colombia. Garantizamos el acceso efectivo a la justicia, la verdad y la reparaci\u00f3n de las v\u00edctimas de los delitos.\" \/>\n<meta property=\"og:url\" content=\"https:\/\/www.fiscalia.gov.co\/colombia\/noticias\/presuntos-integrantes-de-red-narcotraficante-senalada-de-enviar-viajeros-a-francia-con-estupefacientes-en-su-cuerpo-fueron-judicializados\/\" \/>\n<meta property=\"og:site_name\" content=\"Fiscal\u00eda General de la Naci\u00f3n\" \/>\n<meta property=\"article:publisher\" content=\"https:\/\/www.facebook.com\/FiscaliaCol\" \/>\n<meta property=\"article:published_time\" content=\"2025-06-13T22:24:31+00:00\" \/>\n<meta property=\"article:modified_time\" content=\"2025-06-14T12:46:04+00:00\" \/>\n<meta property=\"og:image\" content=\"https:\/\/www.fiscalia.gov.co\/colombia\/wp-content\/uploads\/GDCO-EIFFEL.jpg\" \/>\n\t<meta property=\"og:image:width\" content=\"1600\" \/>\n\t<meta property=\"og:image:height\" content=\"900\" \/>\n\t<meta property=\"og:image:type\" content=\"image\/jpeg\" \/>\n<meta name=\"author\" content=\"Johanna Islenny Prieto Pe\u00f1a\" \/>\n<meta name=\"twitter:card\" content=\"summary_large_image\" \/>\n<meta name=\"twitter:creator\" content=\"@FiscaliaCol\" \/>\n<meta name=\"twitter:site\" content=\"@FiscaliaCol\" \/>\n<meta name=\"twitter:label1\" content=\"Escrito por\" \/>\n\t<meta name=\"twitter:data1\" content=\"Johanna Islenny Prieto Pe\u00f1a\" \/>\n\t<meta name=\"twitter:label2\" content=\"Tiempo de lectura\" \/>\n\t<meta name=\"twitter:data2\" content=\"4 minutos\" \/>\n<script type=\"application\/ld+json\" class=\"yoast-schema-graph\">{\"@context\":\"https:\/\/schema.org\",\"@graph\":[{\"@type\":\"Article\",\"@id\":\"https:\/\/www.fiscalia.gov.co\/colombia\/noticias\/presuntos-integrantes-de-red-narcotraficante-senalada-de-enviar-viajeros-a-francia-con-estupefacientes-en-su-cuerpo-fueron-judicializados\/#article\",\"isPartOf\":{\"@id\":\"https:\/\/www.fiscalia.gov.co\/colombia\/noticias\/presuntos-integrantes-de-red-narcotraficante-senalada-de-enviar-viajeros-a-francia-con-estupefacientes-en-su-cuerpo-fueron-judicializados\/\"},\"author\":{\"name\":\"Johanna Islenny Prieto Pe\u00f1a\",\"@id\":\"https:\/\/www.fiscalia.gov.co\/colombia\/#\/schema\/person\/ba9eca435947489fb25117a0cd75bf3e\"},\"headline\":\"Presuntos integrantes de red narcotraficante se\u00f1alada de enviar viajeros a Francia con estupefacientes en su cuerpo fueron judicializados\",\"datePublished\":\"2025-06-13T22:24:31+00:00\",\"dateModified\":\"2025-06-14T12:46:04+00:00\",\"mainEntityOfPage\":{\"@id\":\"https:\/\/www.fiscalia.gov.co\/colombia\/noticias\/presuntos-integrantes-de-red-narcotraficante-senalada-de-enviar-viajeros-a-francia-con-estupefacientes-en-su-cuerpo-fueron-judicializados\/\"},\"wordCount\":732,\"publisher\":{\"@id\":\"https:\/\/www.fiscalia.gov.co\/colombia\/#organization\"},\"image\":{\"@id\":\"https:\/\/www.fiscalia.gov.co\/colombia\/noticias\/presuntos-integrantes-de-red-narcotraficante-senalada-de-enviar-viajeros-a-francia-con-estupefacientes-en-su-cuerpo-fueron-judicializados\/#primaryimage\"},\"thumbnailUrl\":\"https:\/\/www.fiscalia.gov.co\/colombia\/wp-content\/uploads\/GDCO-EIFFEL-300x169.jpg\",\"keywords\":[\"Fiscal\",\"Fiscal Luz Adriana Camargo\",\"Fiscal\u00eda\",\"Fiscal\u00eda General de la Naci\u00f3n\"],\"articleSection\":[\"Noticias\",\"Seguridad territorial\"],\"inLanguage\":\"es-CO\"},{\"@type\":\"WebPage\",\"@id\":\"https:\/\/www.fiscalia.gov.co\/colombia\/noticias\/presuntos-integrantes-de-red-narcotraficante-senalada-de-enviar-viajeros-a-francia-con-estupefacientes-en-su-cuerpo-fueron-judicializados\/\",\"url\":\"https:\/\/www.fiscalia.gov.co\/colombia\/noticias\/presuntos-integrantes-de-red-narcotraficante-senalada-de-enviar-viajeros-a-francia-con-estupefacientes-en-su-cuerpo-fueron-judicializados\/\",\"name\":\"Fiscal\u00eda General de la Naci\u00f3n\",\"isPartOf\":{\"@id\":\"https:\/\/www.fiscalia.gov.co\/colombia\/#website\"},\"primaryImageOfPage\":{\"@id\":\"https:\/\/www.fiscalia.gov.co\/colombia\/noticias\/presuntos-integrantes-de-red-narcotraficante-senalada-de-enviar-viajeros-a-francia-con-estupefacientes-en-su-cuerpo-fueron-judicializados\/#primaryimage\"},\"image\":{\"@id\":\"https:\/\/www.fiscalia.gov.co\/colombia\/noticias\/presuntos-integrantes-de-red-narcotraficante-senalada-de-enviar-viajeros-a-francia-con-estupefacientes-en-su-cuerpo-fueron-judicializados\/#primaryimage\"},\"thumbnailUrl\":\"https:\/\/www.fiscalia.gov.co\/colombia\/wp-content\/uploads\/GDCO-EIFFEL-300x169.jpg\",\"datePublished\":\"2025-06-13T22:24:31+00:00\",\"dateModified\":\"2025-06-14T12:46:04+00:00\",\"description\":\"P\u00e1gina oficial de la Fiscal\u00eda General de la Naci\u00f3n \u2013 Colombia. Garantizamos el acceso efectivo a la justicia, la verdad y la reparaci\u00f3n de las v\u00edctimas de los delitos.\",\"breadcrumb\":{\"@id\":\"https:\/\/www.fiscalia.gov.co\/colombia\/noticias\/presuntos-integrantes-de-red-narcotraficante-senalada-de-enviar-viajeros-a-francia-con-estupefacientes-en-su-cuerpo-fueron-judicializados\/#breadcrumb\"},\"inLanguage\":\"es-CO\",\"potentialAction\":[{\"@type\":\"ReadAction\",\"target\":[\"https:\/\/www.fiscalia.gov.co\/colombia\/noticias\/presuntos-integrantes-de-red-narcotraficante-senalada-de-enviar-viajeros-a-francia-con-estupefacientes-en-su-cuerpo-fueron-judicializados\/\"]}]},{\"@type\":\"ImageObject\",\"inLanguage\":\"es-CO\",\"@id\":\"https:\/\/www.fiscalia.gov.co\/colombia\/noticias\/presuntos-integrantes-de-red-narcotraficante-senalada-de-enviar-viajeros-a-francia-con-estupefacientes-en-su-cuerpo-fueron-judicializados\/#primaryimage\",\"url\":\"https:\/\/www.fiscalia.gov.co\/colombia\/wp-content\/uploads\/GDCO-EIFFEL.jpg\",\"contentUrl\":\"https:\/\/www.fiscalia.gov.co\/colombia\/wp-content\/uploads\/GDCO-EIFFEL.jpg\",\"width\":1600,\"height\":900,\"caption\":\"Presuntos integrantes de la organizaci\u00f3n delincuencial Eiffel fueron se\u00f1alados de enviar correos humanos a Francia con c\u00e1psulas de coca\u00edna ingeridas en su organismo\"},{\"@type\":\"BreadcrumbList\",\"@id\":\"https:\/\/www.fiscalia.gov.co\/colombia\/noticias\/presuntos-integrantes-de-red-narcotraficante-senalada-de-enviar-viajeros-a-francia-con-estupefacientes-en-su-cuerpo-fueron-judicializados\/#breadcrumb\",\"itemListElement\":[{\"@type\":\"ListItem\",\"position\":1,\"name\":\"Home\",\"item\":\"https:\/\/www.fiscalia.gov.co\/colombia\/\"},{\"@type\":\"ListItem\",\"position\":2,\"name\":\"Presuntos integrantes de red narcotraficante se\u00f1alada de enviar viajeros a Francia con estupefacientes en su cuerpo fueron judicializados\"}]},{\"@type\":\"WebSite\",\"@id\":\"https:\/\/www.fiscalia.gov.co\/colombia\/#website\",\"url\":\"https:\/\/www.fiscalia.gov.co\/colombia\/\",\"name\":\"Fiscal\u00eda General de la Naci\u00f3n\",\"description\":\"P\u00e1gina oficial de la Fiscal\u00eda General de la Naci\u00f3n \u2013 Colombia. Garantizamos el acceso efectivo a la justicia, la verdad y la reparaci\u00f3n de las v\u00edctimas de los delitos.\",\"publisher\":{\"@id\":\"https:\/\/www.fiscalia.gov.co\/colombia\/#organization\"},\"potentialAction\":[{\"@type\":\"SearchAction\",\"target\":{\"@type\":\"EntryPoint\",\"urlTemplate\":\"https:\/\/www.fiscalia.gov.co\/colombia\/?s={search_term_string}\"},\"query-input\":{\"@type\":\"PropertyValueSpecification\",\"valueRequired\":true,\"valueName\":\"search_term_string\"}}],\"inLanguage\":\"es-CO\"},{\"@type\":\"Organization\",\"@id\":\"https:\/\/www.fiscalia.gov.co\/colombia\/#organization\",\"name\":\"Fiscal\u00eda General de la Naci\u00f3n\",\"url\":\"https:\/\/www.fiscalia.gov.co\/colombia\/\",\"logo\":{\"@type\":\"ImageObject\",\"inLanguage\":\"es-CO\",\"@id\":\"https:\/\/www.fiscalia.gov.co\/colombia\/#\/schema\/logo\/image\/\",\"url\":\"https:\/\/www.fiscalia.gov.co\/colombia\/wp-content\/uploads\/LogoHorizontal_1.jpg\",\"contentUrl\":\"https:\/\/www.fiscalia.gov.co\/colombia\/wp-content\/uploads\/LogoHorizontal_1.jpg\",\"width\":300,\"height\":90,\"caption\":\"Fiscal\u00eda General de la Naci\u00f3n\"},\"image\":{\"@id\":\"https:\/\/www.fiscalia.gov.co\/colombia\/#\/schema\/logo\/image\/\"},\"sameAs\":[\"https:\/\/www.facebook.com\/FiscaliaCol\",\"https:\/\/x.com\/FiscaliaCol\",\"https:\/\/www.instagram.com\/fiscaliacol\",\"https:\/\/www.linkedin.com\/company\/fiscalia-general-de-la-naci-n\/\",\"https:\/\/youtube.com\/@fiscaliageneraldelanacion-4668?si=6nN79nyQICPU5iTh\"]},{\"@type\":\"Person\",\"@id\":\"https:\/\/www.fiscalia.gov.co\/colombia\/#\/schema\/person\/ba9eca435947489fb25117a0cd75bf3e\",\"name\":\"Johanna Islenny Prieto Pe\u00f1a\",\"image\":{\"@type\":\"ImageObject\",\"inLanguage\":\"es-CO\",\"@id\":\"https:\/\/www.fiscalia.gov.co\/colombia\/#\/schema\/person\/image\/\",\"url\":\"https:\/\/secure.gravatar.com\/avatar\/111433fc2acb037ffb768f6a3ca47864?s=96&d=mm&r=g\",\"contentUrl\":\"https:\/\/secure.gravatar.com\/avatar\/111433fc2acb037ffb768f6a3ca47864?s=96&d=mm&r=g\",\"caption\":\"Johanna Islenny Prieto Pe\u00f1a\"},\"url\":\"https:\/\/www.fiscalia.gov.co\/colombia\/author\/jprietop\/\"}]}<\/script>\n<!-- \/ Yoast SEO plugin. -->","yoast_head_json":{"title":"Fiscal\u00eda General de la Naci\u00f3n","description":"P\u00e1gina oficial de la Fiscal\u00eda General de la Naci\u00f3n \u2013 Colombia. Garantizamos el acceso efectivo a la justicia, la verdad y la reparaci\u00f3n de las v\u00edctimas de los delitos.","robots":{"index":"noindex","follow":"follow"},"og_locale":"es_ES","og_type":"article","og_title":"Fiscal\u00eda General de la Naci\u00f3n","og_description":"P\u00e1gina oficial de la Fiscal\u00eda General de la Naci\u00f3n \u2013 Colombia. Garantizamos el acceso efectivo a la justicia, la verdad y la reparaci\u00f3n de las v\u00edctimas de los delitos.","og_url":"https:\/\/www.fiscalia.gov.co\/colombia\/noticias\/presuntos-integrantes-de-red-narcotraficante-senalada-de-enviar-viajeros-a-francia-con-estupefacientes-en-su-cuerpo-fueron-judicializados\/","og_site_name":"Fiscal\u00eda General de la Naci\u00f3n","article_publisher":"https:\/\/www.facebook.com\/FiscaliaCol","article_published_time":"2025-06-13T22:24:31+00:00","article_modified_time":"2025-06-14T12:46:04+00:00","og_image":[{"width":1600,"height":900,"url":"https:\/\/www.fiscalia.gov.co\/colombia\/wp-content\/uploads\/GDCO-EIFFEL.jpg","type":"image\/jpeg"}],"author":"Johanna Islenny Prieto Pe\u00f1a","twitter_card":"summary_large_image","twitter_creator":"@FiscaliaCol","twitter_site":"@FiscaliaCol","twitter_misc":{"Escrito por":"Johanna Islenny Prieto Pe\u00f1a","Tiempo de lectura":"4 minutos"},"schema":{"@context":"https:\/\/schema.org","@graph":[{"@type":"Article","@id":"https:\/\/www.fiscalia.gov.co\/colombia\/noticias\/presuntos-integrantes-de-red-narcotraficante-senalada-de-enviar-viajeros-a-francia-con-estupefacientes-en-su-cuerpo-fueron-judicializados\/#article","isPartOf":{"@id":"https:\/\/www.fiscalia.gov.co\/colombia\/noticias\/presuntos-integrantes-de-red-narcotraficante-senalada-de-enviar-viajeros-a-francia-con-estupefacientes-en-su-cuerpo-fueron-judicializados\/"},"author":{"name":"Johanna Islenny Prieto Pe\u00f1a","@id":"https:\/\/www.fiscalia.gov.co\/colombia\/#\/schema\/person\/ba9eca435947489fb25117a0cd75bf3e"},"headline":"Presuntos integrantes de red narcotraficante se\u00f1alada de enviar viajeros a Francia con estupefacientes en su cuerpo fueron judicializados","datePublished":"2025-06-13T22:24:31+00:00","dateModified":"2025-06-14T12:46:04+00:00","mainEntityOfPage":{"@id":"https:\/\/www.fiscalia.gov.co\/colombia\/noticias\/presuntos-integrantes-de-red-narcotraficante-senalada-de-enviar-viajeros-a-francia-con-estupefacientes-en-su-cuerpo-fueron-judicializados\/"},"wordCount":732,"publisher":{"@id":"https:\/\/www.fiscalia.gov.co\/colombia\/#organization"},"image":{"@id":"https:\/\/www.fiscalia.gov.co\/colombia\/noticias\/presuntos-integrantes-de-red-narcotraficante-senalada-de-enviar-viajeros-a-francia-con-estupefacientes-en-su-cuerpo-fueron-judicializados\/#primaryimage"},"thumbnailUrl":"https:\/\/www.fiscalia.gov.co\/colombia\/wp-content\/uploads\/GDCO-EIFFEL-300x169.jpg","keywords":["Fiscal","Fiscal Luz Adriana Camargo","Fiscal\u00eda","Fiscal\u00eda General de la Naci\u00f3n"],"articleSection":["Noticias","Seguridad territorial"],"inLanguage":"es-CO"},{"@type":"WebPage","@id":"https:\/\/www.fiscalia.gov.co\/colombia\/noticias\/presuntos-integrantes-de-red-narcotraficante-senalada-de-enviar-viajeros-a-francia-con-estupefacientes-en-su-cuerpo-fueron-judicializados\/","url":"https:\/\/www.fiscalia.gov.co\/colombia\/noticias\/presuntos-integrantes-de-red-narcotraficante-senalada-de-enviar-viajeros-a-francia-con-estupefacientes-en-su-cuerpo-fueron-judicializados\/","name":"Fiscal\u00eda General de la Naci\u00f3n","isPartOf":{"@id":"https:\/\/www.fiscalia.gov.co\/colombia\/#website"},"primaryImageOfPage":{"@id":"https:\/\/www.fiscalia.gov.co\/colombia\/noticias\/presuntos-integrantes-de-red-narcotraficante-senalada-de-enviar-viajeros-a-francia-con-estupefacientes-en-su-cuerpo-fueron-judicializados\/#primaryimage"},"image":{"@id":"https:\/\/www.fiscalia.gov.co\/colombia\/noticias\/presuntos-integrantes-de-red-narcotraficante-senalada-de-enviar-viajeros-a-francia-con-estupefacientes-en-su-cuerpo-fueron-judicializados\/#primaryimage"},"thumbnailUrl":"https:\/\/www.fiscalia.gov.co\/colombia\/wp-content\/uploads\/GDCO-EIFFEL-300x169.jpg","datePublished":"2025-06-13T22:24:31+00:00","dateModified":"2025-06-14T12:46:04+00:00","description":"P\u00e1gina oficial de la Fiscal\u00eda General de la Naci\u00f3n \u2013 Colombia. Garantizamos el acceso efectivo a la justicia, la verdad y la reparaci\u00f3n de las v\u00edctimas de los delitos.","breadcrumb":{"@id":"https:\/\/www.fiscalia.gov.co\/colombia\/noticias\/presuntos-integrantes-de-red-narcotraficante-senalada-de-enviar-viajeros-a-francia-con-estupefacientes-en-su-cuerpo-fueron-judicializados\/#breadcrumb"},"inLanguage":"es-CO","potentialAction":[{"@type":"ReadAction","target":["https:\/\/www.fiscalia.gov.co\/colombia\/noticias\/presuntos-integrantes-de-red-narcotraficante-senalada-de-enviar-viajeros-a-francia-con-estupefacientes-en-su-cuerpo-fueron-judicializados\/"]}]},{"@type":"ImageObject","inLanguage":"es-CO","@id":"https:\/\/www.fiscalia.gov.co\/colombia\/noticias\/presuntos-integrantes-de-red-narcotraficante-senalada-de-enviar-viajeros-a-francia-con-estupefacientes-en-su-cuerpo-fueron-judicializados\/#primaryimage","url":"https:\/\/www.fiscalia.gov.co\/colombia\/wp-content\/uploads\/GDCO-EIFFEL.jpg","contentUrl":"https:\/\/www.fiscalia.gov.co\/colombia\/wp-content\/uploads\/GDCO-EIFFEL.jpg","width":1600,"height":900,"caption":"Presuntos integrantes de la organizaci\u00f3n delincuencial Eiffel fueron se\u00f1alados de enviar correos humanos a Francia con c\u00e1psulas de coca\u00edna ingeridas en su organismo"},{"@type":"BreadcrumbList","@id":"https:\/\/www.fiscalia.gov.co\/colombia\/noticias\/presuntos-integrantes-de-red-narcotraficante-senalada-de-enviar-viajeros-a-francia-con-estupefacientes-en-su-cuerpo-fueron-judicializados\/#breadcrumb","itemListElement":[{"@type":"ListItem","position":1,"name":"Home","item":"https:\/\/www.fiscalia.gov.co\/colombia\/"},{"@type":"ListItem","position":2,"name":"Presuntos integrantes de red narcotraficante se\u00f1alada de enviar viajeros a Francia con estupefacientes en su cuerpo fueron judicializados"}]},{"@type":"WebSite","@id":"https:\/\/www.fiscalia.gov.co\/colombia\/#website","url":"https:\/\/www.fiscalia.gov.co\/colombia\/","name":"Fiscal\u00eda General de la Naci\u00f3n","description":"P\u00e1gina oficial de la Fiscal\u00eda General de la Naci\u00f3n \u2013 Colombia. Garantizamos el acceso efectivo a la justicia, la verdad y la reparaci\u00f3n de las v\u00edctimas de los delitos.","publisher":{"@id":"https:\/\/www.fiscalia.gov.co\/colombia\/#organization"},"potentialAction":[{"@type":"SearchAction","target":{"@type":"EntryPoint","urlTemplate":"https:\/\/www.fiscalia.gov.co\/colombia\/?s={search_term_string}"},"query-input":{"@type":"PropertyValueSpecification","valueRequired":true,"valueName":"search_term_string"}}],"inLanguage":"es-CO"},{"@type":"Organization","@id":"https:\/\/www.fiscalia.gov.co\/colombia\/#organization","name":"Fiscal\u00eda General de la Naci\u00f3n","url":"https:\/\/www.fiscalia.gov.co\/colombia\/","logo":{"@type":"ImageObject","inLanguage":"es-CO","@id":"https:\/\/www.fiscalia.gov.co\/colombia\/#\/schema\/logo\/image\/","url":"https:\/\/www.fiscalia.gov.co\/colombia\/wp-content\/uploads\/LogoHorizontal_1.jpg","contentUrl":"https:\/\/www.fiscalia.gov.co\/colombia\/wp-content\/uploads\/LogoHorizontal_1.jpg","width":300,"height":90,"caption":"Fiscal\u00eda General de la Naci\u00f3n"},"image":{"@id":"https:\/\/www.fiscalia.gov.co\/colombia\/#\/schema\/logo\/image\/"},"sameAs":["https:\/\/www.facebook.com\/FiscaliaCol","https:\/\/x.com\/FiscaliaCol","https:\/\/www.instagram.com\/fiscaliacol","https:\/\/www.linkedin.com\/company\/fiscalia-general-de-la-naci-n\/","https:\/\/youtube.com\/@fiscaliageneraldelanacion-4668?si=6nN79nyQICPU5iTh"]},{"@type":"Person","@id":"https:\/\/www.fiscalia.gov.co\/colombia\/#\/schema\/person\/ba9eca435947489fb25117a0cd75bf3e","name":"Johanna Islenny Prieto Pe\u00f1a","image":{"@type":"ImageObject","inLanguage":"es-CO","@id":"https:\/\/www.fiscalia.gov.co\/colombia\/#\/schema\/person\/image\/","url":"https:\/\/secure.gravatar.com\/avatar\/111433fc2acb037ffb768f6a3ca47864?s=96&d=mm&r=g","contentUrl":"https:\/\/secure.gravatar.com\/avatar\/111433fc2acb037ffb768f6a3ca47864?s=96&d=mm&r=g","caption":"Johanna Islenny Prieto Pe\u00f1a"},"url":"https:\/\/www.fiscalia.gov.co\/colombia\/author\/jprietop\/"}]}},"_links":{"self":[{"href":"https:\/\/www.fiscalia.gov.co\/colombia\/wp-json\/wp\/v2\/posts\/317324","targetHints":{"allow":["GET"]}}],"collection":[{"href":"https:\/\/www.fiscalia.gov.co\/colombia\/wp-json\/wp\/v2\/posts"}],"about":[{"href":"https:\/\/www.fiscalia.gov.co\/colombia\/wp-json\/wp\/v2\/types\/post"}],"author":[{"embeddable":true,"href":"https:\/\/www.fiscalia.gov.co\/colombia\/wp-json\/wp\/v2\/users\/181"}],"replies":[{"embeddable":true,"href":"https:\/\/www.fiscalia.gov.co\/colombia\/wp-json\/wp\/v2\/comments?post=317324"}],"version-history":[{"count":3,"href":"https:\/\/www.fiscalia.gov.co\/colombia\/wp-json\/wp\/v2\/posts\/317324\/revisions"}],"predecessor-version":[{"id":317333,"href":"https:\/\/www.fiscalia.gov.co\/colombia\/wp-json\/wp\/v2\/posts\/317324\/revisions\/317333"}],"wp:attachment":[{"href":"https:\/\/www.fiscalia.gov.co\/colombia\/wp-json\/wp\/v2\/media?parent=317324"}],"wp:term":[{"taxonomy":"category","embeddable":true,"href":"https:\/\/www.fiscalia.gov.co\/colombia\/wp-json\/wp\/v2\/categories?post=317324"},{"taxonomy":"post_tag","embeddable":true,"href":"https:\/\/www.fiscalia.gov.co\/colombia\/wp-json\/wp\/v2\/tags?post=317324"}],"curies":[{"name":"wp","href":"https:\/\/api.w.org\/{rel}","templated":true}]}}