{"id":317065,"date":"2025-06-11T08:02:20","date_gmt":"2025-06-11T13:02:20","guid":{"rendered":"https:\/\/www.fiscalia.gov.co\/colombia\/?p=317065"},"modified":"2025-06-11T08:02:20","modified_gmt":"2025-06-11T13:02:20","slug":"por-el-secuestro-y-asesinato-de-subteniente-del-ejercito-nacional-fue-condenado-a-40-anos-de-prision-ivan-marquez","status":"publish","type":"post","link":"https:\/\/www.fiscalia.gov.co\/colombia\/noticias\/por-el-secuestro-y-asesinato-de-subteniente-del-ejercito-nacional-fue-condenado-a-40-anos-de-prision-ivan-marquez\/","title":{"rendered":"Por el secuestro y asesinato de subteniente del Ej\u00e9rcito Nacional fue condenado a 40 a\u00f1os de prisi\u00f3n Iv\u00e1n M\u00e1rquez"},"content":{"rendered":"<p style=\"text-align: center;\"><strong><em>El entonces cabecilla de las extintas Farc fue declarado responsable penalmente de los delitos de homicidio en persona protegida y secuestro extorsivo.<\/em><\/strong><\/p>\n<p>Las pruebas presentadas por la Fiscal\u00eda General de la Naci\u00f3n permitieron que un juzgado de conocimiento de Turbo (Antioquia) emitiera sentencia condenatoria de 40 a\u00f1os de prisi\u00f3n en contra de Iv\u00e1n Luciano M\u00e1rquez Mar\u00edn Arango, alias Iv\u00e1n M\u00e1rquez, por el secuestro y asesinato del subintendente del Ej\u00e9rcito Nacional, Wargner Harbey Tapias Torres.<\/p>\n<p>Los hechos que motivaron la decisi\u00f3n ocurrieron el 28 de mayo de 1997, en un ret\u00e9n ilegal instalado por las extintas Farc, en la vereda El Lim\u00f3n, en la v\u00eda que de Turbo conduce hacia San Pedro de Urab\u00e1.<\/p>\n<p>All\u00ed, varios guerrilleros hicieron descender de los automotores a quienes transitaban por la carretera, y al percatarse de la presencia del subteniente del Ej\u00e9rcito Nacional lo retuvieron y llevaron a un campamento donde ten\u00edan a otros secuestrados, entre ellos, el gobernador de Antioquia, Guillermo Gaviria y su asesor de paz, Gilberto Echeverri.<\/p>\n<p>El 5 de mayo de 2003, en medio de una operaci\u00f3n a\u00e9rea de las Fuerzas Militares que buscaba la liberaci\u00f3n de los secuestrados, Iv\u00e1n M\u00e1rquez, dio la orden al cabecilla encargado del campamento, de ejecutar a los retenidos, entre ellos, el subteniente Wagner Harbey Tapias Torres.<\/p>\n<p>Un fiscal de la Direcci\u00f3n Especializada contra las Violaciones a los Derechos Humanos demostr\u00f3 con pruebas testimoniales, periciales y t\u00e9cnicas el homicidio y la responsabilidad de M\u00e1rquez Mar\u00edn Arango como determinador, quien era integrante del secretariado de las extintas Farc.<\/p>\n<p>Por estas razones, la juez de conocimiento lo conden\u00f3 por los delitos de homicidio en persona protegida y secuestro extorsivo agravado. Adem\u00e1s le neg\u00f3 suspensi\u00f3n condicional de la ejecuci\u00f3n de la pena y la prisi\u00f3n domiciliaria.<\/p>\n<p>&nbsp;<\/p>\n<p>&nbsp;<\/p>\n<p>&nbsp;<\/p>\n<p>&nbsp;<\/p>\n<p>LKSC\/AMCJ\/ HC\/DEVDH<\/p>\n<p>&nbsp;<\/p>\n<p>&nbsp;<\/p>\n<p>&nbsp;<\/p>\n<p><em>La informaci\u00f3n contenida en este bolet\u00edn de prensa corresponde a la narraci\u00f3n de los hechos noticiosos objetivos, suministrados por los funcionarios encargados de adelantar las investigaciones penales al interior de la Fiscal\u00eda General de la Naci\u00f3n. Para el momento de la divulgaci\u00f3n de este comunicado, la situaci\u00f3n jur\u00eddica de la(s) persona(s) relacionada(s) se encuentra pendiente de resolver por la autoridad judicial competente, siempre bajo los preceptos de la presunci\u00f3n de inocencia, consagrados en el art\u00edculo 29 de la Constituci\u00f3n Pol\u00edtica y el art\u00edculo 7\u00ba de la Ley 906 de 2004.\u00a0<\/em><\/p>\n\n<div class=\"twitter-share\"><a href=\"https:\/\/twitter.com\/intent\/tweet?via=fiscaliacol\" class=\"twitter-share-button\">Tweet<\/a><\/div>\n","protected":false},"excerpt":{"rendered":"<p>El entonces cabecilla de las extintas Farc fue declarado responsable penalmente de los delitos de homicidio en persona protegida y secuestro extorsivo. Las pruebas presentadas por la Fiscal\u00eda General de la Naci\u00f3n permitieron que un juzgado de conocimiento de Turbo (Antioquia) emitiera sentencia condenatoria de 40 a\u00f1os de prisi\u00f3n en contra de Iv\u00e1n Luciano M\u00e1rquez [&hellip;]<\/p>\n","protected":false},"author":177,"featured_media":0,"comment_status":"closed","ping_status":"open","sticky":false,"template":"","format":"standard","meta":{"_price":"","_stock":"","_tribe_ticket_header":"","_tribe_default_ticket_provider":"","_tribe_ticket_capacity":"0","_ticket_start_date":"","_ticket_end_date":"","_tribe_ticket_show_description":"","_tribe_ticket_show_not_going":false,"_tribe_ticket_use_global_stock":"","_tribe_ticket_global_stock_level":"","_global_stock_mode":"","_global_stock_cap":"","_tribe_rsvp_for_event":"","_tribe_ticket_going_count":"","_tribe_ticket_not_going_count":"","_tribe_tickets_list":"[]","_tribe_ticket_has_attendee_info_fields":false,"tdm_status":"","tdm_grid_status":"","footnotes":""},"categories":[1],"tags":[10645,36494,37492,1047,154,389,80,1287,41774],"class_list":{"0":"post-317065","1":"post","2":"type-post","3":"status-publish","4":"format-standard","6":"category-noticias","7":"tag-antioquia","8":"tag-direccion-especializada-contra-las-violaciones-a-los-derechos-humanos","9":"tag-fiscal-luz-adriana-camargo","10":"tag-fiscalia-general-de-la-nacion","11":"tag-homicidio-en-persona-protegida","12":"tag-ivan-marquez","13":"tag-secuestro-extorsivo","14":"tag-uraba","15":"tag-wagner-harbey-tapias-torres"},"yoast_head":"<!-- This site is optimized with the Yoast SEO plugin v24.3 - https:\/\/yoast.com\/wordpress\/plugins\/seo\/ -->\n<title>Fiscal\u00eda General de la Naci\u00f3n<\/title>\n<meta name=\"description\" content=\"P\u00e1gina oficial de la Fiscal\u00eda General de la Naci\u00f3n \u2013 Colombia. Garantizamos el acceso efectivo a la justicia, la verdad y la reparaci\u00f3n de las v\u00edctimas de los delitos.\" \/>\n<meta name=\"robots\" content=\"noindex, follow\" \/>\n<meta property=\"og:locale\" content=\"es_ES\" \/>\n<meta property=\"og:type\" content=\"article\" \/>\n<meta property=\"og:title\" content=\"Fiscal\u00eda General de la Naci\u00f3n\" \/>\n<meta property=\"og:description\" content=\"P\u00e1gina oficial de la Fiscal\u00eda General de la Naci\u00f3n \u2013 Colombia. Garantizamos el acceso efectivo a la justicia, la verdad y la reparaci\u00f3n de las v\u00edctimas de los delitos.\" \/>\n<meta property=\"og:url\" content=\"https:\/\/www.fiscalia.gov.co\/colombia\/noticias\/por-el-secuestro-y-asesinato-de-subteniente-del-ejercito-nacional-fue-condenado-a-40-anos-de-prision-ivan-marquez\/\" \/>\n<meta property=\"og:site_name\" content=\"Fiscal\u00eda General de la Naci\u00f3n\" \/>\n<meta property=\"article:publisher\" content=\"https:\/\/www.facebook.com\/FiscaliaCol\" \/>\n<meta property=\"article:published_time\" content=\"2025-06-11T13:02:20+00:00\" \/>\n<meta name=\"author\" content=\"Jordan Leandro Oviedo Anzola\" \/>\n<meta name=\"twitter:card\" content=\"summary_large_image\" \/>\n<meta name=\"twitter:creator\" content=\"@FiscaliaCol\" \/>\n<meta name=\"twitter:site\" content=\"@FiscaliaCol\" \/>\n<meta name=\"twitter:label1\" content=\"Escrito por\" \/>\n\t<meta name=\"twitter:data1\" content=\"Jordan Leandro Oviedo Anzola\" \/>\n\t<meta name=\"twitter:label2\" content=\"Tiempo de lectura\" \/>\n\t<meta name=\"twitter:data2\" content=\"2 minutos\" \/>\n<script type=\"application\/ld+json\" class=\"yoast-schema-graph\">{\"@context\":\"https:\/\/schema.org\",\"@graph\":[{\"@type\":\"Article\",\"@id\":\"https:\/\/www.fiscalia.gov.co\/colombia\/noticias\/por-el-secuestro-y-asesinato-de-subteniente-del-ejercito-nacional-fue-condenado-a-40-anos-de-prision-ivan-marquez\/#article\",\"isPartOf\":{\"@id\":\"https:\/\/www.fiscalia.gov.co\/colombia\/noticias\/por-el-secuestro-y-asesinato-de-subteniente-del-ejercito-nacional-fue-condenado-a-40-anos-de-prision-ivan-marquez\/\"},\"author\":{\"name\":\"Jordan Leandro Oviedo Anzola\",\"@id\":\"https:\/\/www.fiscalia.gov.co\/colombia\/#\/schema\/person\/bf84402cf293a5393e9c70b111020b24\"},\"headline\":\"Por el secuestro y asesinato de subteniente del Ej\u00e9rcito Nacional fue condenado a 40 a\u00f1os de prisi\u00f3n Iv\u00e1n M\u00e1rquez\",\"datePublished\":\"2025-06-11T13:02:20+00:00\",\"dateModified\":\"2025-06-11T13:02:20+00:00\",\"mainEntityOfPage\":{\"@id\":\"https:\/\/www.fiscalia.gov.co\/colombia\/noticias\/por-el-secuestro-y-asesinato-de-subteniente-del-ejercito-nacional-fue-condenado-a-40-anos-de-prision-ivan-marquez\/\"},\"wordCount\":447,\"publisher\":{\"@id\":\"https:\/\/www.fiscalia.gov.co\/colombia\/#organization\"},\"keywords\":[\"Antioquia\",\"Direcci\u00f3n Especializada contra las Violaciones a los Derechos Humanos\",\"Fiscal Luz Adriana Camargo\",\"Fiscal\u00eda General de la Naci\u00f3n\",\"Homicidio en persona protegida\",\"Iv\u00e1n M\u00e1rquez\",\"Secuestro extorsivo\",\"Urab\u00e1\",\"Wagner Harbey Tapias Torres\"],\"articleSection\":[\"Noticias\"],\"inLanguage\":\"es-CO\"},{\"@type\":\"WebPage\",\"@id\":\"https:\/\/www.fiscalia.gov.co\/colombia\/noticias\/por-el-secuestro-y-asesinato-de-subteniente-del-ejercito-nacional-fue-condenado-a-40-anos-de-prision-ivan-marquez\/\",\"url\":\"https:\/\/www.fiscalia.gov.co\/colombia\/noticias\/por-el-secuestro-y-asesinato-de-subteniente-del-ejercito-nacional-fue-condenado-a-40-anos-de-prision-ivan-marquez\/\",\"name\":\"Fiscal\u00eda General de la Naci\u00f3n\",\"isPartOf\":{\"@id\":\"https:\/\/www.fiscalia.gov.co\/colombia\/#website\"},\"datePublished\":\"2025-06-11T13:02:20+00:00\",\"dateModified\":\"2025-06-11T13:02:20+00:00\",\"description\":\"P\u00e1gina oficial de la Fiscal\u00eda General de la Naci\u00f3n \u2013 Colombia. Garantizamos el acceso efectivo a la justicia, la verdad y la reparaci\u00f3n de las v\u00edctimas de los delitos.\",\"breadcrumb\":{\"@id\":\"https:\/\/www.fiscalia.gov.co\/colombia\/noticias\/por-el-secuestro-y-asesinato-de-subteniente-del-ejercito-nacional-fue-condenado-a-40-anos-de-prision-ivan-marquez\/#breadcrumb\"},\"inLanguage\":\"es-CO\",\"potentialAction\":[{\"@type\":\"ReadAction\",\"target\":[\"https:\/\/www.fiscalia.gov.co\/colombia\/noticias\/por-el-secuestro-y-asesinato-de-subteniente-del-ejercito-nacional-fue-condenado-a-40-anos-de-prision-ivan-marquez\/\"]}]},{\"@type\":\"BreadcrumbList\",\"@id\":\"https:\/\/www.fiscalia.gov.co\/colombia\/noticias\/por-el-secuestro-y-asesinato-de-subteniente-del-ejercito-nacional-fue-condenado-a-40-anos-de-prision-ivan-marquez\/#breadcrumb\",\"itemListElement\":[{\"@type\":\"ListItem\",\"position\":1,\"name\":\"Home\",\"item\":\"https:\/\/www.fiscalia.gov.co\/colombia\/\"},{\"@type\":\"ListItem\",\"position\":2,\"name\":\"Por el secuestro y asesinato de subteniente del Ej\u00e9rcito Nacional fue condenado a 40 a\u00f1os de prisi\u00f3n Iv\u00e1n M\u00e1rquez\"}]},{\"@type\":\"WebSite\",\"@id\":\"https:\/\/www.fiscalia.gov.co\/colombia\/#website\",\"url\":\"https:\/\/www.fiscalia.gov.co\/colombia\/\",\"name\":\"Fiscal\u00eda General de la Naci\u00f3n\",\"description\":\"P\u00e1gina oficial de la Fiscal\u00eda General de la Naci\u00f3n \u2013 Colombia. Garantizamos el acceso efectivo a la justicia, la verdad y la reparaci\u00f3n de las v\u00edctimas de los delitos.\",\"publisher\":{\"@id\":\"https:\/\/www.fiscalia.gov.co\/colombia\/#organization\"},\"potentialAction\":[{\"@type\":\"SearchAction\",\"target\":{\"@type\":\"EntryPoint\",\"urlTemplate\":\"https:\/\/www.fiscalia.gov.co\/colombia\/?s={search_term_string}\"},\"query-input\":{\"@type\":\"PropertyValueSpecification\",\"valueRequired\":true,\"valueName\":\"search_term_string\"}}],\"inLanguage\":\"es-CO\"},{\"@type\":\"Organization\",\"@id\":\"https:\/\/www.fiscalia.gov.co\/colombia\/#organization\",\"name\":\"Fiscal\u00eda General de la Naci\u00f3n\",\"url\":\"https:\/\/www.fiscalia.gov.co\/colombia\/\",\"logo\":{\"@type\":\"ImageObject\",\"inLanguage\":\"es-CO\",\"@id\":\"https:\/\/www.fiscalia.gov.co\/colombia\/#\/schema\/logo\/image\/\",\"url\":\"https:\/\/www.fiscalia.gov.co\/colombia\/wp-content\/uploads\/LogoHorizontal_1.jpg\",\"contentUrl\":\"https:\/\/www.fiscalia.gov.co\/colombia\/wp-content\/uploads\/LogoHorizontal_1.jpg\",\"width\":300,\"height\":90,\"caption\":\"Fiscal\u00eda General de la Naci\u00f3n\"},\"image\":{\"@id\":\"https:\/\/www.fiscalia.gov.co\/colombia\/#\/schema\/logo\/image\/\"},\"sameAs\":[\"https:\/\/www.facebook.com\/FiscaliaCol\",\"https:\/\/x.com\/FiscaliaCol\",\"https:\/\/www.instagram.com\/fiscaliacol\",\"https:\/\/www.linkedin.com\/company\/fiscalia-general-de-la-naci-n\/\",\"https:\/\/youtube.com\/@fiscaliageneraldelanacion-4668?si=6nN79nyQICPU5iTh\"]},{\"@type\":\"Person\",\"@id\":\"https:\/\/www.fiscalia.gov.co\/colombia\/#\/schema\/person\/bf84402cf293a5393e9c70b111020b24\",\"name\":\"Jordan Leandro Oviedo Anzola\",\"image\":{\"@type\":\"ImageObject\",\"inLanguage\":\"es-CO\",\"@id\":\"https:\/\/www.fiscalia.gov.co\/colombia\/#\/schema\/person\/image\/\",\"url\":\"https:\/\/secure.gravatar.com\/avatar\/dabba4346fa9b9207d96adafa8f92721?s=96&d=mm&r=g\",\"contentUrl\":\"https:\/\/secure.gravatar.com\/avatar\/dabba4346fa9b9207d96adafa8f92721?s=96&d=mm&r=g\",\"caption\":\"Jordan Leandro Oviedo Anzola\"},\"url\":\"https:\/\/www.fiscalia.gov.co\/colombia\/author\/joviedo\/\"}]}<\/script>\n<!-- \/ Yoast SEO plugin. -->","yoast_head_json":{"title":"Fiscal\u00eda General de la Naci\u00f3n","description":"P\u00e1gina oficial de la Fiscal\u00eda General de la Naci\u00f3n \u2013 Colombia. Garantizamos el acceso efectivo a la justicia, la verdad y la reparaci\u00f3n de las v\u00edctimas de los delitos.","robots":{"index":"noindex","follow":"follow"},"og_locale":"es_ES","og_type":"article","og_title":"Fiscal\u00eda General de la Naci\u00f3n","og_description":"P\u00e1gina oficial de la Fiscal\u00eda General de la Naci\u00f3n \u2013 Colombia. Garantizamos el acceso efectivo a la justicia, la verdad y la reparaci\u00f3n de las v\u00edctimas de los delitos.","og_url":"https:\/\/www.fiscalia.gov.co\/colombia\/noticias\/por-el-secuestro-y-asesinato-de-subteniente-del-ejercito-nacional-fue-condenado-a-40-anos-de-prision-ivan-marquez\/","og_site_name":"Fiscal\u00eda General de la Naci\u00f3n","article_publisher":"https:\/\/www.facebook.com\/FiscaliaCol","article_published_time":"2025-06-11T13:02:20+00:00","author":"Jordan Leandro Oviedo Anzola","twitter_card":"summary_large_image","twitter_creator":"@FiscaliaCol","twitter_site":"@FiscaliaCol","twitter_misc":{"Escrito por":"Jordan Leandro Oviedo Anzola","Tiempo de lectura":"2 minutos"},"schema":{"@context":"https:\/\/schema.org","@graph":[{"@type":"Article","@id":"https:\/\/www.fiscalia.gov.co\/colombia\/noticias\/por-el-secuestro-y-asesinato-de-subteniente-del-ejercito-nacional-fue-condenado-a-40-anos-de-prision-ivan-marquez\/#article","isPartOf":{"@id":"https:\/\/www.fiscalia.gov.co\/colombia\/noticias\/por-el-secuestro-y-asesinato-de-subteniente-del-ejercito-nacional-fue-condenado-a-40-anos-de-prision-ivan-marquez\/"},"author":{"name":"Jordan Leandro Oviedo Anzola","@id":"https:\/\/www.fiscalia.gov.co\/colombia\/#\/schema\/person\/bf84402cf293a5393e9c70b111020b24"},"headline":"Por el secuestro y asesinato de subteniente del Ej\u00e9rcito Nacional fue condenado a 40 a\u00f1os de prisi\u00f3n Iv\u00e1n M\u00e1rquez","datePublished":"2025-06-11T13:02:20+00:00","dateModified":"2025-06-11T13:02:20+00:00","mainEntityOfPage":{"@id":"https:\/\/www.fiscalia.gov.co\/colombia\/noticias\/por-el-secuestro-y-asesinato-de-subteniente-del-ejercito-nacional-fue-condenado-a-40-anos-de-prision-ivan-marquez\/"},"wordCount":447,"publisher":{"@id":"https:\/\/www.fiscalia.gov.co\/colombia\/#organization"},"keywords":["Antioquia","Direcci\u00f3n Especializada contra las Violaciones a los Derechos Humanos","Fiscal Luz Adriana Camargo","Fiscal\u00eda General de la Naci\u00f3n","Homicidio en persona protegida","Iv\u00e1n M\u00e1rquez","Secuestro extorsivo","Urab\u00e1","Wagner Harbey Tapias Torres"],"articleSection":["Noticias"],"inLanguage":"es-CO"},{"@type":"WebPage","@id":"https:\/\/www.fiscalia.gov.co\/colombia\/noticias\/por-el-secuestro-y-asesinato-de-subteniente-del-ejercito-nacional-fue-condenado-a-40-anos-de-prision-ivan-marquez\/","url":"https:\/\/www.fiscalia.gov.co\/colombia\/noticias\/por-el-secuestro-y-asesinato-de-subteniente-del-ejercito-nacional-fue-condenado-a-40-anos-de-prision-ivan-marquez\/","name":"Fiscal\u00eda General de la Naci\u00f3n","isPartOf":{"@id":"https:\/\/www.fiscalia.gov.co\/colombia\/#website"},"datePublished":"2025-06-11T13:02:20+00:00","dateModified":"2025-06-11T13:02:20+00:00","description":"P\u00e1gina oficial de la Fiscal\u00eda General de la Naci\u00f3n \u2013 Colombia. Garantizamos el acceso efectivo a la justicia, la verdad y la reparaci\u00f3n de las v\u00edctimas de los delitos.","breadcrumb":{"@id":"https:\/\/www.fiscalia.gov.co\/colombia\/noticias\/por-el-secuestro-y-asesinato-de-subteniente-del-ejercito-nacional-fue-condenado-a-40-anos-de-prision-ivan-marquez\/#breadcrumb"},"inLanguage":"es-CO","potentialAction":[{"@type":"ReadAction","target":["https:\/\/www.fiscalia.gov.co\/colombia\/noticias\/por-el-secuestro-y-asesinato-de-subteniente-del-ejercito-nacional-fue-condenado-a-40-anos-de-prision-ivan-marquez\/"]}]},{"@type":"BreadcrumbList","@id":"https:\/\/www.fiscalia.gov.co\/colombia\/noticias\/por-el-secuestro-y-asesinato-de-subteniente-del-ejercito-nacional-fue-condenado-a-40-anos-de-prision-ivan-marquez\/#breadcrumb","itemListElement":[{"@type":"ListItem","position":1,"name":"Home","item":"https:\/\/www.fiscalia.gov.co\/colombia\/"},{"@type":"ListItem","position":2,"name":"Por el secuestro y asesinato de subteniente del Ej\u00e9rcito Nacional fue condenado a 40 a\u00f1os de prisi\u00f3n Iv\u00e1n M\u00e1rquez"}]},{"@type":"WebSite","@id":"https:\/\/www.fiscalia.gov.co\/colombia\/#website","url":"https:\/\/www.fiscalia.gov.co\/colombia\/","name":"Fiscal\u00eda General de la Naci\u00f3n","description":"P\u00e1gina oficial de la Fiscal\u00eda General de la Naci\u00f3n \u2013 Colombia. Garantizamos el acceso efectivo a la justicia, la verdad y la reparaci\u00f3n de las v\u00edctimas de los delitos.","publisher":{"@id":"https:\/\/www.fiscalia.gov.co\/colombia\/#organization"},"potentialAction":[{"@type":"SearchAction","target":{"@type":"EntryPoint","urlTemplate":"https:\/\/www.fiscalia.gov.co\/colombia\/?s={search_term_string}"},"query-input":{"@type":"PropertyValueSpecification","valueRequired":true,"valueName":"search_term_string"}}],"inLanguage":"es-CO"},{"@type":"Organization","@id":"https:\/\/www.fiscalia.gov.co\/colombia\/#organization","name":"Fiscal\u00eda General de la Naci\u00f3n","url":"https:\/\/www.fiscalia.gov.co\/colombia\/","logo":{"@type":"ImageObject","inLanguage":"es-CO","@id":"https:\/\/www.fiscalia.gov.co\/colombia\/#\/schema\/logo\/image\/","url":"https:\/\/www.fiscalia.gov.co\/colombia\/wp-content\/uploads\/LogoHorizontal_1.jpg","contentUrl":"https:\/\/www.fiscalia.gov.co\/colombia\/wp-content\/uploads\/LogoHorizontal_1.jpg","width":300,"height":90,"caption":"Fiscal\u00eda General de la Naci\u00f3n"},"image":{"@id":"https:\/\/www.fiscalia.gov.co\/colombia\/#\/schema\/logo\/image\/"},"sameAs":["https:\/\/www.facebook.com\/FiscaliaCol","https:\/\/x.com\/FiscaliaCol","https:\/\/www.instagram.com\/fiscaliacol","https:\/\/www.linkedin.com\/company\/fiscalia-general-de-la-naci-n\/","https:\/\/youtube.com\/@fiscaliageneraldelanacion-4668?si=6nN79nyQICPU5iTh"]},{"@type":"Person","@id":"https:\/\/www.fiscalia.gov.co\/colombia\/#\/schema\/person\/bf84402cf293a5393e9c70b111020b24","name":"Jordan Leandro Oviedo Anzola","image":{"@type":"ImageObject","inLanguage":"es-CO","@id":"https:\/\/www.fiscalia.gov.co\/colombia\/#\/schema\/person\/image\/","url":"https:\/\/secure.gravatar.com\/avatar\/dabba4346fa9b9207d96adafa8f92721?s=96&d=mm&r=g","contentUrl":"https:\/\/secure.gravatar.com\/avatar\/dabba4346fa9b9207d96adafa8f92721?s=96&d=mm&r=g","caption":"Jordan Leandro Oviedo Anzola"},"url":"https:\/\/www.fiscalia.gov.co\/colombia\/author\/joviedo\/"}]}},"_links":{"self":[{"href":"https:\/\/www.fiscalia.gov.co\/colombia\/wp-json\/wp\/v2\/posts\/317065","targetHints":{"allow":["GET"]}}],"collection":[{"href":"https:\/\/www.fiscalia.gov.co\/colombia\/wp-json\/wp\/v2\/posts"}],"about":[{"href":"https:\/\/www.fiscalia.gov.co\/colombia\/wp-json\/wp\/v2\/types\/post"}],"author":[{"embeddable":true,"href":"https:\/\/www.fiscalia.gov.co\/colombia\/wp-json\/wp\/v2\/users\/177"}],"replies":[{"embeddable":true,"href":"https:\/\/www.fiscalia.gov.co\/colombia\/wp-json\/wp\/v2\/comments?post=317065"}],"version-history":[{"count":1,"href":"https:\/\/www.fiscalia.gov.co\/colombia\/wp-json\/wp\/v2\/posts\/317065\/revisions"}],"predecessor-version":[{"id":317066,"href":"https:\/\/www.fiscalia.gov.co\/colombia\/wp-json\/wp\/v2\/posts\/317065\/revisions\/317066"}],"wp:attachment":[{"href":"https:\/\/www.fiscalia.gov.co\/colombia\/wp-json\/wp\/v2\/media?parent=317065"}],"wp:term":[{"taxonomy":"category","embeddable":true,"href":"https:\/\/www.fiscalia.gov.co\/colombia\/wp-json\/wp\/v2\/categories?post=317065"},{"taxonomy":"post_tag","embeddable":true,"href":"https:\/\/www.fiscalia.gov.co\/colombia\/wp-json\/wp\/v2\/tags?post=317065"}],"curies":[{"name":"wp","href":"https:\/\/api.w.org\/{rel}","templated":true}]}}