{"id":316952,"date":"2025-06-09T11:53:23","date_gmt":"2025-06-09T16:53:23","guid":{"rendered":"https:\/\/www.fiscalia.gov.co\/colombia\/?p=316952"},"modified":"2025-06-09T12:14:59","modified_gmt":"2025-06-09T17:14:59","slug":"fiscalia-general-de-la-nacion-entrega-balance-preliminar-de-la-investigacion-sobre-atentado-al-senador-miguel-uribe-turbay","status":"publish","type":"post","link":"https:\/\/www.fiscalia.gov.co\/colombia\/noticias\/fiscalia-general-de-la-nacion-entrega-balance-preliminar-de-la-investigacion-sobre-atentado-al-senador-miguel-uribe-turbay\/","title":{"rendered":"Fiscal\u00eda General de la Naci\u00f3n entrega balance preliminar de la investigaci\u00f3n sobre atentado al senador Miguel Uribe Turbay"},"content":{"rendered":"<h4 style=\"text-align: center;\"><em><strong>251 investigadores de polic\u00eda judicial de la Fiscal\u00eda General de la Naci\u00f3n y la Polic\u00eda Nacional recaudan material probatorio y evidencia f\u00edsica.\u00a0\u00a0\u00a0\u00a0<\/strong> <\/em><\/h4>\n<figure id=\"attachment_316955\" aria-describedby=\"caption-attachment-316955\" style=\"width: 696px\" class=\"wp-caption aligncenter\"><img loading=\"lazy\" decoding=\"async\" class=\"size-large wp-image-316955\" src=\"https:\/\/www.fiscalia.gov.co\/colombia\/wp-content\/uploads\/WhatsApp-Image-2025-06-09-at-11.55.03-AM-1024x682.jpeg\" alt=\"En la fotografia se pueden ver a la fiscal general, luz adriana camargo, a un general y coronel de la policia y dos funcionarios de la Fiscalia sentados en frente a una mesa, listos a dar declaraciones frente a los medios, detras de ellos se ven las banderas de colombia, fiscalia y policia\" width=\"696\" height=\"464\" srcset=\"https:\/\/www.fiscalia.gov.co\/colombia\/wp-content\/uploads\/WhatsApp-Image-2025-06-09-at-11.55.03-AM-1024x682.jpeg 1024w, https:\/\/www.fiscalia.gov.co\/colombia\/wp-content\/uploads\/WhatsApp-Image-2025-06-09-at-11.55.03-AM-300x200.jpeg 300w, https:\/\/www.fiscalia.gov.co\/colombia\/wp-content\/uploads\/WhatsApp-Image-2025-06-09-at-11.55.03-AM-768x512.jpeg 768w, https:\/\/www.fiscalia.gov.co\/colombia\/wp-content\/uploads\/WhatsApp-Image-2025-06-09-at-11.55.03-AM-1536x1024.jpeg 1536w, https:\/\/www.fiscalia.gov.co\/colombia\/wp-content\/uploads\/WhatsApp-Image-2025-06-09-at-11.55.03-AM-2048x1365.jpeg 2048w, https:\/\/www.fiscalia.gov.co\/colombia\/wp-content\/uploads\/WhatsApp-Image-2025-06-09-at-11.55.03-AM-630x420.jpeg 630w, https:\/\/www.fiscalia.gov.co\/colombia\/wp-content\/uploads\/WhatsApp-Image-2025-06-09-at-11.55.03-AM-696x464.jpeg 696w, https:\/\/www.fiscalia.gov.co\/colombia\/wp-content\/uploads\/WhatsApp-Image-2025-06-09-at-11.55.03-AM-1068x712.jpeg 1068w, https:\/\/www.fiscalia.gov.co\/colombia\/wp-content\/uploads\/WhatsApp-Image-2025-06-09-at-11.55.03-AM-1920x1280.jpeg 1920w\" sizes=\"auto, (max-width: 696px) 100vw, 696px\" \/><figcaption id=\"caption-attachment-316955\" class=\"wp-caption-text\">Rueda de prensa Fiscal\u00eda General de la Naci\u00f3n y Polic\u00eda Nacional<\/figcaption><\/figure>\n<p>La fiscal general de la Naci\u00f3n, Luz Adriana Camargo Garz\u00f3n; el director de la Polic\u00eda Nacional, Mayor General Carlos Fernando Triana Beltr\u00e1n; la delegada para la Seguridad Territorial de la Fiscal\u00eda, Deicy Jaramillo Rivera; el director del Cuerpo T\u00e9cnico de Investigaci\u00f3n (CTI), Fabi\u00e1n Andr\u00e9s Ord\u00f3\u00f1ez Tacu\u00e9 y el director de la Dij\u00edn, coronel Hebert Mej\u00eda Castro, entregaron un balance preliminar del avance de la investigaci\u00f3n sobre el atentado contra el senador y p<strong>recandidato presidencial Miguel Uribe Turbay.<\/strong><\/p>\n<p>Para adelantar esta investigaci\u00f3n se dispuso de un equipo 251 funcionarios de polic\u00eda judicial de la <strong>Fiscal\u00eda General de la Naci\u00f3n y la Polic\u00eda Nacional<\/strong> que avanza en la recolecci\u00f3n y an\u00e1lisis de los elementos materiales probatorios y evidencia f\u00edsica y testimonial que permitan establecer las circunstancias del atentado, las personas que participaron en el <strong>hecho criminal y los determinadores.<\/strong><\/p>\n<p>Hasta el momento, se han realizado las pruebas de bal\u00edstica al arma recuperada as\u00ed como su procedencia y, a trav\u00e9s del sistema misional <strong>SUCOBA de la Fiscal\u00eda<\/strong>, se pretende establecer si fue utilizada en otras acciones delictivas. Adicionalmente, se realiz\u00f3 la prueba de absorci\u00f3n at\u00f3mica (ASS) al menor de edad aprehendido.<\/p>\n<p>Asimismo, avanza el <strong>an\u00e1lisis t\u00e9cnico de cerca de 1.000 videos recaudados<\/strong> y en cadena de custodia. Los peritos examinan los momentos previos al atentado para establecer los recorridos realizados por el presunto autor material y los de la v\u00edctima con el fin de determinar posibles seguimientos.<\/p>\n<p>Como parte de las actividades investigativas, se realizaron dos diligencias de registro y allanamiento, adem\u00e1s de entrevistas a 23 personas que se encontraban <strong>en el lugar de los hechos y dos familiares del adolescente aprehendido.<\/strong><\/p>\n<p>Con relaci\u00f3n a la judicializaci\u00f3n del menor de edad, un fiscal de la Unidad de Responsabilidad Penal para Adolescentes (URPA) legaliz\u00f3 la captura ante un juez de control de garant\u00edas y se est\u00e1 a la espera de la audiencia de imputaci\u00f3n por <strong>los delitos de homicidio en grado de tentativa y porte ilegal de armas de fuego.<\/strong> De igual forma, solicitar\u00e1 una medida de internamiento preventivo en centro especializado.<\/p>\n<p>La fiscal general de la Naci\u00f3n se\u00f1al\u00f3 que se est\u00e1n brindando las medidas de protecci\u00f3n necesaria para salvaguardar la vida del joven y sus familiares cercanos.<\/p>\n<p>&nbsp;<\/p>\n<p>&nbsp;<\/p>\n<p>&nbsp;<\/p>\n<p>JMSV\/LAGP\/AMCJ<\/p>\n<p>&nbsp;<\/p>\n<p>&nbsp;<\/p>\n<p>&nbsp;<\/p>\n<p><em>La informaci\u00f3n contenida en este bolet\u00edn de prensa corresponde a la narraci\u00f3n de los hechos noticiosos objetivos, y las investigaciones penales al interior de la Fiscal\u00eda General de la Naci\u00f3n. Para el momento de la divulgaci\u00f3n de este comunicado, la situaci\u00f3n jur\u00eddica de la(s) persona(s) relacionada(s) se encuentra pendiente de resolver por la autoridad judicial competente, siempre bajo los preceptos de la presunci\u00f3n de inocencia, consagrados en el art\u00edculo 29 de la Constituci\u00f3n Pol\u00edtica y el art\u00edculo 7\u00ba de la Ley 906 de 2004.<\/em><\/p>\n\n<div class=\"twitter-share\"><a href=\"https:\/\/twitter.com\/intent\/tweet?via=fiscaliacol\" class=\"twitter-share-button\">Tweet<\/a><\/div>\n","protected":false},"excerpt":{"rendered":"<p>251 investigadores de polic\u00eda judicial de la Fiscal\u00eda General de la Naci\u00f3n y la Polic\u00eda Nacional recaudan material probatorio y evidencia f\u00edsica.\u00a0\u00a0\u00a0\u00a0 La fiscal general de la Naci\u00f3n, Luz Adriana Camargo Garz\u00f3n; el director de la Polic\u00eda Nacional, Mayor General Carlos Fernando Triana Beltr\u00e1n; la delegada para la Seguridad Territorial de la Fiscal\u00eda, Deicy Jaramillo [&hellip;]<\/p>\n","protected":false},"author":177,"featured_media":0,"comment_status":"closed","ping_status":"open","sticky":false,"template":"","format":"standard","meta":{"tdm_status":"","tdm_grid_status":"","footnotes":""},"categories":[1],"tags":[1152,37492,1047,3049,12467,41761,41762,558,6016,37288],"class_list":{"0":"post-316952","1":"post","2":"type-post","3":"status-publish","4":"format-standard","6":"category-noticias","7":"tag-atentado","8":"tag-fiscal-luz-adriana-camargo","9":"tag-fiscalia-general-de-la-nacion","10":"tag-icbf","11":"tag-menor-infractor","12":"tag-miguel-uribe-turbay","13":"tag-normandia","14":"tag-policia-nacional","15":"tag-senador","16":"tag-unidad-de-proteccion"},"yoast_head":"<!-- This site is optimized with the Yoast SEO plugin v24.3 - https:\/\/yoast.com\/wordpress\/plugins\/seo\/ -->\n<title>Fiscal\u00eda General de la Naci\u00f3n<\/title>\n<meta name=\"description\" content=\"P\u00e1gina oficial de la Fiscal\u00eda General de la Naci\u00f3n \u2013 Colombia. Garantizamos el acceso efectivo a la justicia, la verdad y la reparaci\u00f3n de las v\u00edctimas de los delitos.\" \/>\n<meta name=\"robots\" content=\"noindex, follow\" \/>\n<meta property=\"og:locale\" content=\"es_ES\" \/>\n<meta property=\"og:type\" content=\"article\" \/>\n<meta property=\"og:title\" content=\"Fiscal\u00eda General de la Naci\u00f3n\" \/>\n<meta property=\"og:description\" content=\"P\u00e1gina oficial de la Fiscal\u00eda General de la Naci\u00f3n \u2013 Colombia. Garantizamos el acceso efectivo a la justicia, la verdad y la reparaci\u00f3n de las v\u00edctimas de los delitos.\" \/>\n<meta property=\"og:url\" content=\"https:\/\/www.fiscalia.gov.co\/colombia\/noticias\/fiscalia-general-de-la-nacion-entrega-balance-preliminar-de-la-investigacion-sobre-atentado-al-senador-miguel-uribe-turbay\/\" \/>\n<meta property=\"og:site_name\" content=\"Fiscal\u00eda General de la Naci\u00f3n\" \/>\n<meta property=\"article:publisher\" content=\"https:\/\/www.facebook.com\/FiscaliaCol\" \/>\n<meta property=\"article:published_time\" content=\"2025-06-09T16:53:23+00:00\" \/>\n<meta property=\"article:modified_time\" content=\"2025-06-09T17:14:59+00:00\" \/>\n<meta property=\"og:image\" content=\"https:\/\/www.fiscalia.gov.co\/colombia\/wp-content\/uploads\/WhatsApp-Image-2025-06-09-at-11.55.03-AM.jpeg\" \/>\n\t<meta property=\"og:image:width\" content=\"2560\" \/>\n\t<meta property=\"og:image:height\" content=\"1706\" \/>\n\t<meta property=\"og:image:type\" content=\"image\/jpeg\" \/>\n<meta name=\"author\" content=\"Jordan Leandro Oviedo Anzola\" \/>\n<meta name=\"twitter:card\" content=\"summary_large_image\" \/>\n<meta name=\"twitter:creator\" content=\"@FiscaliaCol\" \/>\n<meta name=\"twitter:site\" content=\"@FiscaliaCol\" \/>\n<meta name=\"twitter:label1\" content=\"Escrito por\" \/>\n\t<meta name=\"twitter:data1\" content=\"Jordan Leandro Oviedo Anzola\" \/>\n\t<meta name=\"twitter:label2\" content=\"Tiempo de lectura\" \/>\n\t<meta name=\"twitter:data2\" content=\"3 minutos\" \/>\n<script type=\"application\/ld+json\" class=\"yoast-schema-graph\">{\"@context\":\"https:\/\/schema.org\",\"@graph\":[{\"@type\":\"Article\",\"@id\":\"https:\/\/www.fiscalia.gov.co\/colombia\/noticias\/fiscalia-general-de-la-nacion-entrega-balance-preliminar-de-la-investigacion-sobre-atentado-al-senador-miguel-uribe-turbay\/#article\",\"isPartOf\":{\"@id\":\"https:\/\/www.fiscalia.gov.co\/colombia\/noticias\/fiscalia-general-de-la-nacion-entrega-balance-preliminar-de-la-investigacion-sobre-atentado-al-senador-miguel-uribe-turbay\/\"},\"author\":{\"name\":\"Jordan Leandro Oviedo Anzola\",\"@id\":\"https:\/\/www.fiscalia.gov.co\/colombia\/#\/schema\/person\/bf84402cf293a5393e9c70b111020b24\"},\"headline\":\"Fiscal\u00eda General de la Naci\u00f3n entrega balance preliminar de la investigaci\u00f3n sobre atentado al senador Miguel Uribe Turbay\",\"datePublished\":\"2025-06-09T16:53:23+00:00\",\"dateModified\":\"2025-06-09T17:14:59+00:00\",\"mainEntityOfPage\":{\"@id\":\"https:\/\/www.fiscalia.gov.co\/colombia\/noticias\/fiscalia-general-de-la-nacion-entrega-balance-preliminar-de-la-investigacion-sobre-atentado-al-senador-miguel-uribe-turbay\/\"},\"wordCount\":572,\"publisher\":{\"@id\":\"https:\/\/www.fiscalia.gov.co\/colombia\/#organization\"},\"image\":{\"@id\":\"https:\/\/www.fiscalia.gov.co\/colombia\/noticias\/fiscalia-general-de-la-nacion-entrega-balance-preliminar-de-la-investigacion-sobre-atentado-al-senador-miguel-uribe-turbay\/#primaryimage\"},\"thumbnailUrl\":\"https:\/\/www.fiscalia.gov.co\/colombia\/wp-content\/uploads\/WhatsApp-Image-2025-06-09-at-11.55.03-AM-1024x682.jpeg\",\"keywords\":[\"Atentado\",\"Fiscal Luz Adriana Camargo\",\"Fiscal\u00eda General de la Naci\u00f3n\",\"ICBF\",\"menor infractor\",\"miguel uribe turbay\",\"normandia\",\"Polic\u00eda Nacional\",\"Senador\",\"unidad de protecci\u00f3n\"],\"articleSection\":[\"Noticias\"],\"inLanguage\":\"es-CO\"},{\"@type\":\"WebPage\",\"@id\":\"https:\/\/www.fiscalia.gov.co\/colombia\/noticias\/fiscalia-general-de-la-nacion-entrega-balance-preliminar-de-la-investigacion-sobre-atentado-al-senador-miguel-uribe-turbay\/\",\"url\":\"https:\/\/www.fiscalia.gov.co\/colombia\/noticias\/fiscalia-general-de-la-nacion-entrega-balance-preliminar-de-la-investigacion-sobre-atentado-al-senador-miguel-uribe-turbay\/\",\"name\":\"Fiscal\u00eda General de la Naci\u00f3n\",\"isPartOf\":{\"@id\":\"https:\/\/www.fiscalia.gov.co\/colombia\/#website\"},\"primaryImageOfPage\":{\"@id\":\"https:\/\/www.fiscalia.gov.co\/colombia\/noticias\/fiscalia-general-de-la-nacion-entrega-balance-preliminar-de-la-investigacion-sobre-atentado-al-senador-miguel-uribe-turbay\/#primaryimage\"},\"image\":{\"@id\":\"https:\/\/www.fiscalia.gov.co\/colombia\/noticias\/fiscalia-general-de-la-nacion-entrega-balance-preliminar-de-la-investigacion-sobre-atentado-al-senador-miguel-uribe-turbay\/#primaryimage\"},\"thumbnailUrl\":\"https:\/\/www.fiscalia.gov.co\/colombia\/wp-content\/uploads\/WhatsApp-Image-2025-06-09-at-11.55.03-AM-1024x682.jpeg\",\"datePublished\":\"2025-06-09T16:53:23+00:00\",\"dateModified\":\"2025-06-09T17:14:59+00:00\",\"description\":\"P\u00e1gina oficial de la Fiscal\u00eda General de la Naci\u00f3n \u2013 Colombia. Garantizamos el acceso efectivo a la justicia, la verdad y la reparaci\u00f3n de las v\u00edctimas de los delitos.\",\"breadcrumb\":{\"@id\":\"https:\/\/www.fiscalia.gov.co\/colombia\/noticias\/fiscalia-general-de-la-nacion-entrega-balance-preliminar-de-la-investigacion-sobre-atentado-al-senador-miguel-uribe-turbay\/#breadcrumb\"},\"inLanguage\":\"es-CO\",\"potentialAction\":[{\"@type\":\"ReadAction\",\"target\":[\"https:\/\/www.fiscalia.gov.co\/colombia\/noticias\/fiscalia-general-de-la-nacion-entrega-balance-preliminar-de-la-investigacion-sobre-atentado-al-senador-miguel-uribe-turbay\/\"]}]},{\"@type\":\"ImageObject\",\"inLanguage\":\"es-CO\",\"@id\":\"https:\/\/www.fiscalia.gov.co\/colombia\/noticias\/fiscalia-general-de-la-nacion-entrega-balance-preliminar-de-la-investigacion-sobre-atentado-al-senador-miguel-uribe-turbay\/#primaryimage\",\"url\":\"https:\/\/www.fiscalia.gov.co\/colombia\/wp-content\/uploads\/WhatsApp-Image-2025-06-09-at-11.55.03-AM.jpeg\",\"contentUrl\":\"https:\/\/www.fiscalia.gov.co\/colombia\/wp-content\/uploads\/WhatsApp-Image-2025-06-09-at-11.55.03-AM.jpeg\",\"width\":2560,\"height\":1706,\"caption\":\"Rueda de prensa Fiscal\u00eda General de la Naci\u00f3n y Polic\u00eda Nacional\"},{\"@type\":\"BreadcrumbList\",\"@id\":\"https:\/\/www.fiscalia.gov.co\/colombia\/noticias\/fiscalia-general-de-la-nacion-entrega-balance-preliminar-de-la-investigacion-sobre-atentado-al-senador-miguel-uribe-turbay\/#breadcrumb\",\"itemListElement\":[{\"@type\":\"ListItem\",\"position\":1,\"name\":\"Home\",\"item\":\"https:\/\/www.fiscalia.gov.co\/colombia\/\"},{\"@type\":\"ListItem\",\"position\":2,\"name\":\"Fiscal\u00eda General de la Naci\u00f3n entrega balance preliminar de la investigaci\u00f3n sobre atentado al senador Miguel Uribe Turbay\"}]},{\"@type\":\"WebSite\",\"@id\":\"https:\/\/www.fiscalia.gov.co\/colombia\/#website\",\"url\":\"https:\/\/www.fiscalia.gov.co\/colombia\/\",\"name\":\"Fiscal\u00eda General de la Naci\u00f3n\",\"description\":\"P\u00e1gina oficial de la Fiscal\u00eda General de la Naci\u00f3n \u2013 Colombia. Garantizamos el acceso efectivo a la justicia, la verdad y la reparaci\u00f3n de las v\u00edctimas de los delitos.\",\"publisher\":{\"@id\":\"https:\/\/www.fiscalia.gov.co\/colombia\/#organization\"},\"potentialAction\":[{\"@type\":\"SearchAction\",\"target\":{\"@type\":\"EntryPoint\",\"urlTemplate\":\"https:\/\/www.fiscalia.gov.co\/colombia\/?s={search_term_string}\"},\"query-input\":{\"@type\":\"PropertyValueSpecification\",\"valueRequired\":true,\"valueName\":\"search_term_string\"}}],\"inLanguage\":\"es-CO\"},{\"@type\":\"Organization\",\"@id\":\"https:\/\/www.fiscalia.gov.co\/colombia\/#organization\",\"name\":\"Fiscal\u00eda General de la Naci\u00f3n\",\"url\":\"https:\/\/www.fiscalia.gov.co\/colombia\/\",\"logo\":{\"@type\":\"ImageObject\",\"inLanguage\":\"es-CO\",\"@id\":\"https:\/\/www.fiscalia.gov.co\/colombia\/#\/schema\/logo\/image\/\",\"url\":\"https:\/\/www.fiscalia.gov.co\/colombia\/wp-content\/uploads\/LogoHorizontal_1.jpg\",\"contentUrl\":\"https:\/\/www.fiscalia.gov.co\/colombia\/wp-content\/uploads\/LogoHorizontal_1.jpg\",\"width\":300,\"height\":90,\"caption\":\"Fiscal\u00eda General de la Naci\u00f3n\"},\"image\":{\"@id\":\"https:\/\/www.fiscalia.gov.co\/colombia\/#\/schema\/logo\/image\/\"},\"sameAs\":[\"https:\/\/www.facebook.com\/FiscaliaCol\",\"https:\/\/x.com\/FiscaliaCol\",\"https:\/\/www.instagram.com\/fiscaliacol\",\"https:\/\/www.linkedin.com\/company\/fiscalia-general-de-la-naci-n\/\",\"https:\/\/youtube.com\/@fiscaliageneraldelanacion-4668?si=6nN79nyQICPU5iTh\"]},{\"@type\":\"Person\",\"@id\":\"https:\/\/www.fiscalia.gov.co\/colombia\/#\/schema\/person\/bf84402cf293a5393e9c70b111020b24\",\"name\":\"Jordan Leandro Oviedo Anzola\",\"image\":{\"@type\":\"ImageObject\",\"inLanguage\":\"es-CO\",\"@id\":\"https:\/\/www.fiscalia.gov.co\/colombia\/#\/schema\/person\/image\/\",\"url\":\"https:\/\/secure.gravatar.com\/avatar\/dabba4346fa9b9207d96adafa8f92721?s=96&d=mm&r=g\",\"contentUrl\":\"https:\/\/secure.gravatar.com\/avatar\/dabba4346fa9b9207d96adafa8f92721?s=96&d=mm&r=g\",\"caption\":\"Jordan Leandro Oviedo Anzola\"},\"url\":\"https:\/\/www.fiscalia.gov.co\/colombia\/author\/joviedo\/\"}]}<\/script>\n<!-- \/ Yoast SEO plugin. -->","yoast_head_json":{"title":"Fiscal\u00eda General de la Naci\u00f3n","description":"P\u00e1gina oficial de la Fiscal\u00eda General de la Naci\u00f3n \u2013 Colombia. Garantizamos el acceso efectivo a la justicia, la verdad y la reparaci\u00f3n de las v\u00edctimas de los delitos.","robots":{"index":"noindex","follow":"follow"},"og_locale":"es_ES","og_type":"article","og_title":"Fiscal\u00eda General de la Naci\u00f3n","og_description":"P\u00e1gina oficial de la Fiscal\u00eda General de la Naci\u00f3n \u2013 Colombia. Garantizamos el acceso efectivo a la justicia, la verdad y la reparaci\u00f3n de las v\u00edctimas de los delitos.","og_url":"https:\/\/www.fiscalia.gov.co\/colombia\/noticias\/fiscalia-general-de-la-nacion-entrega-balance-preliminar-de-la-investigacion-sobre-atentado-al-senador-miguel-uribe-turbay\/","og_site_name":"Fiscal\u00eda General de la Naci\u00f3n","article_publisher":"https:\/\/www.facebook.com\/FiscaliaCol","article_published_time":"2025-06-09T16:53:23+00:00","article_modified_time":"2025-06-09T17:14:59+00:00","og_image":[{"width":2560,"height":1706,"url":"https:\/\/www.fiscalia.gov.co\/colombia\/wp-content\/uploads\/WhatsApp-Image-2025-06-09-at-11.55.03-AM.jpeg","type":"image\/jpeg"}],"author":"Jordan Leandro Oviedo Anzola","twitter_card":"summary_large_image","twitter_creator":"@FiscaliaCol","twitter_site":"@FiscaliaCol","twitter_misc":{"Escrito por":"Jordan Leandro Oviedo Anzola","Tiempo de lectura":"3 minutos"},"schema":{"@context":"https:\/\/schema.org","@graph":[{"@type":"Article","@id":"https:\/\/www.fiscalia.gov.co\/colombia\/noticias\/fiscalia-general-de-la-nacion-entrega-balance-preliminar-de-la-investigacion-sobre-atentado-al-senador-miguel-uribe-turbay\/#article","isPartOf":{"@id":"https:\/\/www.fiscalia.gov.co\/colombia\/noticias\/fiscalia-general-de-la-nacion-entrega-balance-preliminar-de-la-investigacion-sobre-atentado-al-senador-miguel-uribe-turbay\/"},"author":{"name":"Jordan Leandro Oviedo Anzola","@id":"https:\/\/www.fiscalia.gov.co\/colombia\/#\/schema\/person\/bf84402cf293a5393e9c70b111020b24"},"headline":"Fiscal\u00eda General de la Naci\u00f3n entrega balance preliminar de la investigaci\u00f3n sobre atentado al senador Miguel Uribe Turbay","datePublished":"2025-06-09T16:53:23+00:00","dateModified":"2025-06-09T17:14:59+00:00","mainEntityOfPage":{"@id":"https:\/\/www.fiscalia.gov.co\/colombia\/noticias\/fiscalia-general-de-la-nacion-entrega-balance-preliminar-de-la-investigacion-sobre-atentado-al-senador-miguel-uribe-turbay\/"},"wordCount":572,"publisher":{"@id":"https:\/\/www.fiscalia.gov.co\/colombia\/#organization"},"image":{"@id":"https:\/\/www.fiscalia.gov.co\/colombia\/noticias\/fiscalia-general-de-la-nacion-entrega-balance-preliminar-de-la-investigacion-sobre-atentado-al-senador-miguel-uribe-turbay\/#primaryimage"},"thumbnailUrl":"https:\/\/www.fiscalia.gov.co\/colombia\/wp-content\/uploads\/WhatsApp-Image-2025-06-09-at-11.55.03-AM-1024x682.jpeg","keywords":["Atentado","Fiscal Luz Adriana Camargo","Fiscal\u00eda General de la Naci\u00f3n","ICBF","menor infractor","miguel uribe turbay","normandia","Polic\u00eda Nacional","Senador","unidad de protecci\u00f3n"],"articleSection":["Noticias"],"inLanguage":"es-CO"},{"@type":"WebPage","@id":"https:\/\/www.fiscalia.gov.co\/colombia\/noticias\/fiscalia-general-de-la-nacion-entrega-balance-preliminar-de-la-investigacion-sobre-atentado-al-senador-miguel-uribe-turbay\/","url":"https:\/\/www.fiscalia.gov.co\/colombia\/noticias\/fiscalia-general-de-la-nacion-entrega-balance-preliminar-de-la-investigacion-sobre-atentado-al-senador-miguel-uribe-turbay\/","name":"Fiscal\u00eda General de la Naci\u00f3n","isPartOf":{"@id":"https:\/\/www.fiscalia.gov.co\/colombia\/#website"},"primaryImageOfPage":{"@id":"https:\/\/www.fiscalia.gov.co\/colombia\/noticias\/fiscalia-general-de-la-nacion-entrega-balance-preliminar-de-la-investigacion-sobre-atentado-al-senador-miguel-uribe-turbay\/#primaryimage"},"image":{"@id":"https:\/\/www.fiscalia.gov.co\/colombia\/noticias\/fiscalia-general-de-la-nacion-entrega-balance-preliminar-de-la-investigacion-sobre-atentado-al-senador-miguel-uribe-turbay\/#primaryimage"},"thumbnailUrl":"https:\/\/www.fiscalia.gov.co\/colombia\/wp-content\/uploads\/WhatsApp-Image-2025-06-09-at-11.55.03-AM-1024x682.jpeg","datePublished":"2025-06-09T16:53:23+00:00","dateModified":"2025-06-09T17:14:59+00:00","description":"P\u00e1gina oficial de la Fiscal\u00eda General de la Naci\u00f3n \u2013 Colombia. Garantizamos el acceso efectivo a la justicia, la verdad y la reparaci\u00f3n de las v\u00edctimas de los delitos.","breadcrumb":{"@id":"https:\/\/www.fiscalia.gov.co\/colombia\/noticias\/fiscalia-general-de-la-nacion-entrega-balance-preliminar-de-la-investigacion-sobre-atentado-al-senador-miguel-uribe-turbay\/#breadcrumb"},"inLanguage":"es-CO","potentialAction":[{"@type":"ReadAction","target":["https:\/\/www.fiscalia.gov.co\/colombia\/noticias\/fiscalia-general-de-la-nacion-entrega-balance-preliminar-de-la-investigacion-sobre-atentado-al-senador-miguel-uribe-turbay\/"]}]},{"@type":"ImageObject","inLanguage":"es-CO","@id":"https:\/\/www.fiscalia.gov.co\/colombia\/noticias\/fiscalia-general-de-la-nacion-entrega-balance-preliminar-de-la-investigacion-sobre-atentado-al-senador-miguel-uribe-turbay\/#primaryimage","url":"https:\/\/www.fiscalia.gov.co\/colombia\/wp-content\/uploads\/WhatsApp-Image-2025-06-09-at-11.55.03-AM.jpeg","contentUrl":"https:\/\/www.fiscalia.gov.co\/colombia\/wp-content\/uploads\/WhatsApp-Image-2025-06-09-at-11.55.03-AM.jpeg","width":2560,"height":1706,"caption":"Rueda de prensa Fiscal\u00eda General de la Naci\u00f3n y Polic\u00eda Nacional"},{"@type":"BreadcrumbList","@id":"https:\/\/www.fiscalia.gov.co\/colombia\/noticias\/fiscalia-general-de-la-nacion-entrega-balance-preliminar-de-la-investigacion-sobre-atentado-al-senador-miguel-uribe-turbay\/#breadcrumb","itemListElement":[{"@type":"ListItem","position":1,"name":"Home","item":"https:\/\/www.fiscalia.gov.co\/colombia\/"},{"@type":"ListItem","position":2,"name":"Fiscal\u00eda General de la Naci\u00f3n entrega balance preliminar de la investigaci\u00f3n sobre atentado al senador Miguel Uribe Turbay"}]},{"@type":"WebSite","@id":"https:\/\/www.fiscalia.gov.co\/colombia\/#website","url":"https:\/\/www.fiscalia.gov.co\/colombia\/","name":"Fiscal\u00eda General de la Naci\u00f3n","description":"P\u00e1gina oficial de la Fiscal\u00eda General de la Naci\u00f3n \u2013 Colombia. Garantizamos el acceso efectivo a la justicia, la verdad y la reparaci\u00f3n de las v\u00edctimas de los delitos.","publisher":{"@id":"https:\/\/www.fiscalia.gov.co\/colombia\/#organization"},"potentialAction":[{"@type":"SearchAction","target":{"@type":"EntryPoint","urlTemplate":"https:\/\/www.fiscalia.gov.co\/colombia\/?s={search_term_string}"},"query-input":{"@type":"PropertyValueSpecification","valueRequired":true,"valueName":"search_term_string"}}],"inLanguage":"es-CO"},{"@type":"Organization","@id":"https:\/\/www.fiscalia.gov.co\/colombia\/#organization","name":"Fiscal\u00eda General de la Naci\u00f3n","url":"https:\/\/www.fiscalia.gov.co\/colombia\/","logo":{"@type":"ImageObject","inLanguage":"es-CO","@id":"https:\/\/www.fiscalia.gov.co\/colombia\/#\/schema\/logo\/image\/","url":"https:\/\/www.fiscalia.gov.co\/colombia\/wp-content\/uploads\/LogoHorizontal_1.jpg","contentUrl":"https:\/\/www.fiscalia.gov.co\/colombia\/wp-content\/uploads\/LogoHorizontal_1.jpg","width":300,"height":90,"caption":"Fiscal\u00eda General de la Naci\u00f3n"},"image":{"@id":"https:\/\/www.fiscalia.gov.co\/colombia\/#\/schema\/logo\/image\/"},"sameAs":["https:\/\/www.facebook.com\/FiscaliaCol","https:\/\/x.com\/FiscaliaCol","https:\/\/www.instagram.com\/fiscaliacol","https:\/\/www.linkedin.com\/company\/fiscalia-general-de-la-naci-n\/","https:\/\/youtube.com\/@fiscaliageneraldelanacion-4668?si=6nN79nyQICPU5iTh"]},{"@type":"Person","@id":"https:\/\/www.fiscalia.gov.co\/colombia\/#\/schema\/person\/bf84402cf293a5393e9c70b111020b24","name":"Jordan Leandro Oviedo Anzola","image":{"@type":"ImageObject","inLanguage":"es-CO","@id":"https:\/\/www.fiscalia.gov.co\/colombia\/#\/schema\/person\/image\/","url":"https:\/\/secure.gravatar.com\/avatar\/dabba4346fa9b9207d96adafa8f92721?s=96&d=mm&r=g","contentUrl":"https:\/\/secure.gravatar.com\/avatar\/dabba4346fa9b9207d96adafa8f92721?s=96&d=mm&r=g","caption":"Jordan Leandro Oviedo Anzola"},"url":"https:\/\/www.fiscalia.gov.co\/colombia\/author\/joviedo\/"}]}},"_links":{"self":[{"href":"https:\/\/www.fiscalia.gov.co\/colombia\/wp-json\/wp\/v2\/posts\/316952","targetHints":{"allow":["GET"]}}],"collection":[{"href":"https:\/\/www.fiscalia.gov.co\/colombia\/wp-json\/wp\/v2\/posts"}],"about":[{"href":"https:\/\/www.fiscalia.gov.co\/colombia\/wp-json\/wp\/v2\/types\/post"}],"author":[{"embeddable":true,"href":"https:\/\/www.fiscalia.gov.co\/colombia\/wp-json\/wp\/v2\/users\/177"}],"replies":[{"embeddable":true,"href":"https:\/\/www.fiscalia.gov.co\/colombia\/wp-json\/wp\/v2\/comments?post=316952"}],"version-history":[{"count":4,"href":"https:\/\/www.fiscalia.gov.co\/colombia\/wp-json\/wp\/v2\/posts\/316952\/revisions"}],"predecessor-version":[{"id":316963,"href":"https:\/\/www.fiscalia.gov.co\/colombia\/wp-json\/wp\/v2\/posts\/316952\/revisions\/316963"}],"wp:attachment":[{"href":"https:\/\/www.fiscalia.gov.co\/colombia\/wp-json\/wp\/v2\/media?parent=316952"}],"wp:term":[{"taxonomy":"category","embeddable":true,"href":"https:\/\/www.fiscalia.gov.co\/colombia\/wp-json\/wp\/v2\/categories?post=316952"},{"taxonomy":"post_tag","embeddable":true,"href":"https:\/\/www.fiscalia.gov.co\/colombia\/wp-json\/wp\/v2\/tags?post=316952"}],"curies":[{"name":"wp","href":"https:\/\/api.w.org\/{rel}","templated":true}]}}