{"id":316909,"date":"2025-06-07T10:05:19","date_gmt":"2025-06-07T15:05:19","guid":{"rendered":"https:\/\/www.fiscalia.gov.co\/colombia\/?p=316909"},"modified":"2025-06-07T10:05:19","modified_gmt":"2025-06-07T15:05:19","slug":"acciones-investigativas-de-la-fiscalia-en-defensa-de-las-areas-de-proteccion-ambiental-en-inmediaciones-del-paramo-de-santurban","status":"publish","type":"post","link":"https:\/\/www.fiscalia.gov.co\/colombia\/dano-al-medio-ambiente\/acciones-investigativas-de-la-fiscalia-en-defensa-de-las-areas-de-proteccion-ambiental-en-inmediaciones-del-paramo-de-santurban\/","title":{"rendered":"Acciones investigativas de la Fiscal\u00eda en defensa de las \u00e1reas de protecci\u00f3n ambiental en inmediaciones del P\u00e1ramo de Santurb\u00e1n"},"content":{"rendered":"<h4><strong><em>Seis personas se\u00f1aladas de coordinar la explotaci\u00f3n ilegal de oro fueron judicializadas. Con su actuar ilegal habr\u00edan promovido el deterioro de los ecosistemas y recursos de la regi\u00f3n.<\/em><\/strong><\/h4>\n<p>La Fiscal\u00eda General de la Naci\u00f3n present\u00f3 ante un juez de control de garant\u00edas a seis personas que har\u00edan parte de una organizaci\u00f3n delictiva dedicada a la extracci\u00f3n ilegal de oro en una zona de conservaci\u00f3n y protecci\u00f3n ambiental, ubicada en inmediaciones del p\u00e1ramo de Santurb\u00e1n, en jurisdicci\u00f3n de Lebrija (Santander).<\/p>\n<p>Una fiscal de la Direcci\u00f3n Especializada para los Delitos contra los Recursos Naturales y el Medio Ambiente les imput\u00f3, de acuerdo con su posible participaci\u00f3n en los hechos investigados, los delitos de concierto para delinquir agravado, explotaci\u00f3n il\u00edcita de yacimiento minero, contaminaci\u00f3n ambiental por explotaci\u00f3n de yacimiento minero o hidrocarburo, da\u00f1os en los recursos naturales; y fabricaci\u00f3n, tr\u00e1fico y porte de armas, municiones de uso restringido, de uso privativo de las Fuerzas Armadas o explosivos.<\/p>\n<p>Los hoy procesados son se\u00f1alados de coordinar el uso de equipos mecanizados como malacantes y taladros el\u00e9ctricos; adem\u00e1s de explosivos y sustancias qu\u00edmicas peligrosas, entre estas mercurio y cianuro, para obtener el metal precioso en las bocaminas denominadas El T\u00fanel, Vetabarrro, El Indio y La Perezosa. Estas actividades las auspiciaban de manera clandestina, sin t\u00edtulos mineros y permisos de ley.<\/p>\n<p>En el lugar se constat\u00f3 que ocasionaron graves afectaciones a los recursos naturales del \u00e1rea protegida. Adem\u00e1s, se identific\u00f3 una red de trabajadores en mina y de los denominados \u2018campaneros\u2019, que se encargaban de alertar sobre la cercan\u00eda de las autoridades o procedimientos que se desarrollaban en el sector.<\/p>\n<p>Los investigados fueron identificados como Fredy Chaparro Lizcano, Cristian Alberto Vera Solano, Luis Enrique Vera Solano, Fredy Rico Su\u00e1rez, Kenner Daza Calvo y Robinson Vega Acevedo. Todos seguir\u00e1n vinculados a la investigaci\u00f3n.<\/p>\n<p>LKSC\/JARG\/PATO\/DEMA<\/p>\n<p>&nbsp;<\/p>\n<p>&nbsp;<\/p>\n<p><em>La informaci\u00f3n contenida en este bolet\u00edn de prensa corresponde a la narraci\u00f3n de los hechos noticiosos objetivos, y las investigaciones penales al interior de la Fiscal\u00eda General de la Naci\u00f3n. Para el momento de la divulgaci\u00f3n de este comunicado, la situaci\u00f3n jur\u00eddica de la(s) persona(s) relacionada(s) se encuentra pendiente de resolver por la autoridad judicial competente, siempre bajo los preceptos de la presunci\u00f3n de inocencia, consagrados en el art\u00edculo 29 de la Constituci\u00f3n Pol\u00edtica y el art\u00edculo 7\u00ba de la Ley 906 de 2004.<\/em><\/p>\n<p>&nbsp;<\/p>\n<p>&nbsp;<\/p>\n<p>&nbsp;<\/p>\n<p>&nbsp;<\/p>\n<p>&nbsp;<\/p>\n\n<div class=\"twitter-share\"><a href=\"https:\/\/twitter.com\/intent\/tweet?via=fiscaliacol\" class=\"twitter-share-button\">Tweet<\/a><\/div>\n","protected":false},"excerpt":{"rendered":"<p>Seis personas se\u00f1aladas de coordinar la explotaci\u00f3n ilegal de oro fueron judicializadas. Con su actuar ilegal habr\u00edan promovido el deterioro de los ecosistemas y recursos de la regi\u00f3n. La Fiscal\u00eda General de la Naci\u00f3n present\u00f3 ante un juez de control de garant\u00edas a seis personas que har\u00edan parte de una organizaci\u00f3n delictiva dedicada a la [&hellip;]<\/p>\n","protected":false},"author":181,"featured_media":0,"comment_status":"closed","ping_status":"open","sticky":false,"template":"","format":"standard","meta":{"_price":"","_stock":"","_tribe_ticket_header":"","_tribe_default_ticket_provider":"","_tribe_ticket_capacity":"0","_ticket_start_date":"","_ticket_end_date":"","_tribe_ticket_show_description":"","_tribe_ticket_show_not_going":false,"_tribe_ticket_use_global_stock":"","_tribe_ticket_global_stock_level":"","_global_stock_mode":"","_global_stock_cap":"","_tribe_rsvp_for_event":"","_tribe_ticket_going_count":"","_tribe_ticket_not_going_count":"","_tribe_tickets_list":"[]","_tribe_ticket_has_attendee_info_fields":false,"tdm_status":"","tdm_grid_status":"","footnotes":""},"categories":[24124],"tags":[41758,38681,3304,37491,1047,26149,1365,41757,1561],"class_list":{"0":"post-316909","1":"post","2":"type-post","3":"status-publish","4":"format-standard","6":"category-dano-al-medio-ambiente","7":"tag-cianuro-y-mercurio","8":"tag-direccion-especializada-para-los-delitos-contra-los-recursos-naturales-y-el-medio-ambiente","9":"tag-explosivos","10":"tag-fiscal-camargo","11":"tag-fiscalia-general-de-la-nacion","12":"tag-lebrija","13":"tag-mineria-ilegal","14":"tag-paramo-de-santurban","15":"tag-santander"},"yoast_head":"<!-- This site is optimized with the Yoast SEO plugin v24.3 - https:\/\/yoast.com\/wordpress\/plugins\/seo\/ -->\n<title>Fiscal\u00eda General de la Naci\u00f3n<\/title>\n<meta name=\"description\" content=\"P\u00e1gina oficial de la Fiscal\u00eda General de la Naci\u00f3n \u2013 Colombia. Garantizamos el acceso efectivo a la justicia, la verdad y la reparaci\u00f3n de las v\u00edctimas de los delitos.\" \/>\n<meta name=\"robots\" content=\"noindex, follow\" \/>\n<meta property=\"og:locale\" content=\"es_ES\" \/>\n<meta property=\"og:type\" content=\"article\" \/>\n<meta property=\"og:title\" content=\"Fiscal\u00eda General de la Naci\u00f3n\" \/>\n<meta property=\"og:description\" content=\"P\u00e1gina oficial de la Fiscal\u00eda General de la Naci\u00f3n \u2013 Colombia. Garantizamos el acceso efectivo a la justicia, la verdad y la reparaci\u00f3n de las v\u00edctimas de los delitos.\" \/>\n<meta property=\"og:url\" content=\"https:\/\/www.fiscalia.gov.co\/colombia\/dano-al-medio-ambiente\/acciones-investigativas-de-la-fiscalia-en-defensa-de-las-areas-de-proteccion-ambiental-en-inmediaciones-del-paramo-de-santurban\/\" \/>\n<meta property=\"og:site_name\" content=\"Fiscal\u00eda General de la Naci\u00f3n\" \/>\n<meta property=\"article:publisher\" content=\"https:\/\/www.facebook.com\/FiscaliaCol\" \/>\n<meta property=\"article:published_time\" content=\"2025-06-07T15:05:19+00:00\" \/>\n<meta name=\"author\" content=\"Johanna Islenny Prieto Pe\u00f1a\" \/>\n<meta name=\"twitter:card\" content=\"summary_large_image\" \/>\n<meta name=\"twitter:creator\" content=\"@FiscaliaCol\" \/>\n<meta name=\"twitter:site\" content=\"@FiscaliaCol\" \/>\n<meta name=\"twitter:label1\" content=\"Escrito por\" \/>\n\t<meta name=\"twitter:data1\" content=\"Johanna Islenny Prieto Pe\u00f1a\" \/>\n\t<meta name=\"twitter:label2\" content=\"Tiempo de lectura\" \/>\n\t<meta name=\"twitter:data2\" content=\"2 minutos\" \/>\n<script type=\"application\/ld+json\" class=\"yoast-schema-graph\">{\"@context\":\"https:\/\/schema.org\",\"@graph\":[{\"@type\":\"Article\",\"@id\":\"https:\/\/www.fiscalia.gov.co\/colombia\/dano-al-medio-ambiente\/acciones-investigativas-de-la-fiscalia-en-defensa-de-las-areas-de-proteccion-ambiental-en-inmediaciones-del-paramo-de-santurban\/#article\",\"isPartOf\":{\"@id\":\"https:\/\/www.fiscalia.gov.co\/colombia\/dano-al-medio-ambiente\/acciones-investigativas-de-la-fiscalia-en-defensa-de-las-areas-de-proteccion-ambiental-en-inmediaciones-del-paramo-de-santurban\/\"},\"author\":{\"name\":\"Johanna Islenny Prieto Pe\u00f1a\",\"@id\":\"https:\/\/www.fiscalia.gov.co\/colombia\/#\/schema\/person\/ba9eca435947489fb25117a0cd75bf3e\"},\"headline\":\"Acciones investigativas de la Fiscal\u00eda en defensa de las \u00e1reas de protecci\u00f3n ambiental en inmediaciones del P\u00e1ramo de Santurb\u00e1n\",\"datePublished\":\"2025-06-07T15:05:19+00:00\",\"dateModified\":\"2025-06-07T15:05:19+00:00\",\"mainEntityOfPage\":{\"@id\":\"https:\/\/www.fiscalia.gov.co\/colombia\/dano-al-medio-ambiente\/acciones-investigativas-de-la-fiscalia-en-defensa-de-las-areas-de-proteccion-ambiental-en-inmediaciones-del-paramo-de-santurban\/\"},\"wordCount\":460,\"publisher\":{\"@id\":\"https:\/\/www.fiscalia.gov.co\/colombia\/#organization\"},\"keywords\":[\"cianuro y mercurio\",\"Direcci\u00f3n Especializada para los Delitos contra los Recursos Naturales y el Medio Ambiente\",\"Explosivos\",\"fiscal Camargo\",\"Fiscal\u00eda General de la Naci\u00f3n\",\"Lebrija\",\"Miner\u00eda ilegal\",\"p\u00e1ramo de Santurb\u00e1n\",\"Santander\"],\"articleSection\":[\"Da\u00f1o al medio ambiente\"],\"inLanguage\":\"es-CO\"},{\"@type\":\"WebPage\",\"@id\":\"https:\/\/www.fiscalia.gov.co\/colombia\/dano-al-medio-ambiente\/acciones-investigativas-de-la-fiscalia-en-defensa-de-las-areas-de-proteccion-ambiental-en-inmediaciones-del-paramo-de-santurban\/\",\"url\":\"https:\/\/www.fiscalia.gov.co\/colombia\/dano-al-medio-ambiente\/acciones-investigativas-de-la-fiscalia-en-defensa-de-las-areas-de-proteccion-ambiental-en-inmediaciones-del-paramo-de-santurban\/\",\"name\":\"Fiscal\u00eda General de la Naci\u00f3n\",\"isPartOf\":{\"@id\":\"https:\/\/www.fiscalia.gov.co\/colombia\/#website\"},\"datePublished\":\"2025-06-07T15:05:19+00:00\",\"dateModified\":\"2025-06-07T15:05:19+00:00\",\"description\":\"P\u00e1gina oficial de la Fiscal\u00eda General de la Naci\u00f3n \u2013 Colombia. Garantizamos el acceso efectivo a la justicia, la verdad y la reparaci\u00f3n de las v\u00edctimas de los delitos.\",\"breadcrumb\":{\"@id\":\"https:\/\/www.fiscalia.gov.co\/colombia\/dano-al-medio-ambiente\/acciones-investigativas-de-la-fiscalia-en-defensa-de-las-areas-de-proteccion-ambiental-en-inmediaciones-del-paramo-de-santurban\/#breadcrumb\"},\"inLanguage\":\"es-CO\",\"potentialAction\":[{\"@type\":\"ReadAction\",\"target\":[\"https:\/\/www.fiscalia.gov.co\/colombia\/dano-al-medio-ambiente\/acciones-investigativas-de-la-fiscalia-en-defensa-de-las-areas-de-proteccion-ambiental-en-inmediaciones-del-paramo-de-santurban\/\"]}]},{\"@type\":\"BreadcrumbList\",\"@id\":\"https:\/\/www.fiscalia.gov.co\/colombia\/dano-al-medio-ambiente\/acciones-investigativas-de-la-fiscalia-en-defensa-de-las-areas-de-proteccion-ambiental-en-inmediaciones-del-paramo-de-santurban\/#breadcrumb\",\"itemListElement\":[{\"@type\":\"ListItem\",\"position\":1,\"name\":\"Home\",\"item\":\"https:\/\/www.fiscalia.gov.co\/colombia\/\"},{\"@type\":\"ListItem\",\"position\":2,\"name\":\"Acciones investigativas de la Fiscal\u00eda en defensa de las \u00e1reas de protecci\u00f3n ambiental en inmediaciones del P\u00e1ramo de Santurb\u00e1n\"}]},{\"@type\":\"WebSite\",\"@id\":\"https:\/\/www.fiscalia.gov.co\/colombia\/#website\",\"url\":\"https:\/\/www.fiscalia.gov.co\/colombia\/\",\"name\":\"Fiscal\u00eda General de la Naci\u00f3n\",\"description\":\"P\u00e1gina oficial de la Fiscal\u00eda General de la Naci\u00f3n \u2013 Colombia. Garantizamos el acceso efectivo a la justicia, la verdad y la reparaci\u00f3n de las v\u00edctimas de los delitos.\",\"publisher\":{\"@id\":\"https:\/\/www.fiscalia.gov.co\/colombia\/#organization\"},\"potentialAction\":[{\"@type\":\"SearchAction\",\"target\":{\"@type\":\"EntryPoint\",\"urlTemplate\":\"https:\/\/www.fiscalia.gov.co\/colombia\/?s={search_term_string}\"},\"query-input\":{\"@type\":\"PropertyValueSpecification\",\"valueRequired\":true,\"valueName\":\"search_term_string\"}}],\"inLanguage\":\"es-CO\"},{\"@type\":\"Organization\",\"@id\":\"https:\/\/www.fiscalia.gov.co\/colombia\/#organization\",\"name\":\"Fiscal\u00eda General de la Naci\u00f3n\",\"url\":\"https:\/\/www.fiscalia.gov.co\/colombia\/\",\"logo\":{\"@type\":\"ImageObject\",\"inLanguage\":\"es-CO\",\"@id\":\"https:\/\/www.fiscalia.gov.co\/colombia\/#\/schema\/logo\/image\/\",\"url\":\"https:\/\/www.fiscalia.gov.co\/colombia\/wp-content\/uploads\/LogoHorizontal_1.jpg\",\"contentUrl\":\"https:\/\/www.fiscalia.gov.co\/colombia\/wp-content\/uploads\/LogoHorizontal_1.jpg\",\"width\":300,\"height\":90,\"caption\":\"Fiscal\u00eda General de la Naci\u00f3n\"},\"image\":{\"@id\":\"https:\/\/www.fiscalia.gov.co\/colombia\/#\/schema\/logo\/image\/\"},\"sameAs\":[\"https:\/\/www.facebook.com\/FiscaliaCol\",\"https:\/\/x.com\/FiscaliaCol\",\"https:\/\/www.instagram.com\/fiscaliacol\",\"https:\/\/www.linkedin.com\/company\/fiscalia-general-de-la-naci-n\/\",\"https:\/\/youtube.com\/@fiscaliageneraldelanacion-4668?si=6nN79nyQICPU5iTh\"]},{\"@type\":\"Person\",\"@id\":\"https:\/\/www.fiscalia.gov.co\/colombia\/#\/schema\/person\/ba9eca435947489fb25117a0cd75bf3e\",\"name\":\"Johanna Islenny Prieto Pe\u00f1a\",\"image\":{\"@type\":\"ImageObject\",\"inLanguage\":\"es-CO\",\"@id\":\"https:\/\/www.fiscalia.gov.co\/colombia\/#\/schema\/person\/image\/\",\"url\":\"https:\/\/secure.gravatar.com\/avatar\/111433fc2acb037ffb768f6a3ca47864?s=96&d=mm&r=g\",\"contentUrl\":\"https:\/\/secure.gravatar.com\/avatar\/111433fc2acb037ffb768f6a3ca47864?s=96&d=mm&r=g\",\"caption\":\"Johanna Islenny Prieto Pe\u00f1a\"},\"url\":\"https:\/\/www.fiscalia.gov.co\/colombia\/author\/jprietop\/\"}]}<\/script>\n<!-- \/ Yoast SEO plugin. -->","yoast_head_json":{"title":"Fiscal\u00eda General de la Naci\u00f3n","description":"P\u00e1gina oficial de la Fiscal\u00eda General de la Naci\u00f3n \u2013 Colombia. Garantizamos el acceso efectivo a la justicia, la verdad y la reparaci\u00f3n de las v\u00edctimas de los delitos.","robots":{"index":"noindex","follow":"follow"},"og_locale":"es_ES","og_type":"article","og_title":"Fiscal\u00eda General de la Naci\u00f3n","og_description":"P\u00e1gina oficial de la Fiscal\u00eda General de la Naci\u00f3n \u2013 Colombia. Garantizamos el acceso efectivo a la justicia, la verdad y la reparaci\u00f3n de las v\u00edctimas de los delitos.","og_url":"https:\/\/www.fiscalia.gov.co\/colombia\/dano-al-medio-ambiente\/acciones-investigativas-de-la-fiscalia-en-defensa-de-las-areas-de-proteccion-ambiental-en-inmediaciones-del-paramo-de-santurban\/","og_site_name":"Fiscal\u00eda General de la Naci\u00f3n","article_publisher":"https:\/\/www.facebook.com\/FiscaliaCol","article_published_time":"2025-06-07T15:05:19+00:00","author":"Johanna Islenny Prieto Pe\u00f1a","twitter_card":"summary_large_image","twitter_creator":"@FiscaliaCol","twitter_site":"@FiscaliaCol","twitter_misc":{"Escrito por":"Johanna Islenny Prieto Pe\u00f1a","Tiempo de lectura":"2 minutos"},"schema":{"@context":"https:\/\/schema.org","@graph":[{"@type":"Article","@id":"https:\/\/www.fiscalia.gov.co\/colombia\/dano-al-medio-ambiente\/acciones-investigativas-de-la-fiscalia-en-defensa-de-las-areas-de-proteccion-ambiental-en-inmediaciones-del-paramo-de-santurban\/#article","isPartOf":{"@id":"https:\/\/www.fiscalia.gov.co\/colombia\/dano-al-medio-ambiente\/acciones-investigativas-de-la-fiscalia-en-defensa-de-las-areas-de-proteccion-ambiental-en-inmediaciones-del-paramo-de-santurban\/"},"author":{"name":"Johanna Islenny Prieto Pe\u00f1a","@id":"https:\/\/www.fiscalia.gov.co\/colombia\/#\/schema\/person\/ba9eca435947489fb25117a0cd75bf3e"},"headline":"Acciones investigativas de la Fiscal\u00eda en defensa de las \u00e1reas de protecci\u00f3n ambiental en inmediaciones del P\u00e1ramo de Santurb\u00e1n","datePublished":"2025-06-07T15:05:19+00:00","dateModified":"2025-06-07T15:05:19+00:00","mainEntityOfPage":{"@id":"https:\/\/www.fiscalia.gov.co\/colombia\/dano-al-medio-ambiente\/acciones-investigativas-de-la-fiscalia-en-defensa-de-las-areas-de-proteccion-ambiental-en-inmediaciones-del-paramo-de-santurban\/"},"wordCount":460,"publisher":{"@id":"https:\/\/www.fiscalia.gov.co\/colombia\/#organization"},"keywords":["cianuro y mercurio","Direcci\u00f3n Especializada para los Delitos contra los Recursos Naturales y el Medio Ambiente","Explosivos","fiscal Camargo","Fiscal\u00eda General de la Naci\u00f3n","Lebrija","Miner\u00eda ilegal","p\u00e1ramo de Santurb\u00e1n","Santander"],"articleSection":["Da\u00f1o al medio ambiente"],"inLanguage":"es-CO"},{"@type":"WebPage","@id":"https:\/\/www.fiscalia.gov.co\/colombia\/dano-al-medio-ambiente\/acciones-investigativas-de-la-fiscalia-en-defensa-de-las-areas-de-proteccion-ambiental-en-inmediaciones-del-paramo-de-santurban\/","url":"https:\/\/www.fiscalia.gov.co\/colombia\/dano-al-medio-ambiente\/acciones-investigativas-de-la-fiscalia-en-defensa-de-las-areas-de-proteccion-ambiental-en-inmediaciones-del-paramo-de-santurban\/","name":"Fiscal\u00eda General de la Naci\u00f3n","isPartOf":{"@id":"https:\/\/www.fiscalia.gov.co\/colombia\/#website"},"datePublished":"2025-06-07T15:05:19+00:00","dateModified":"2025-06-07T15:05:19+00:00","description":"P\u00e1gina oficial de la Fiscal\u00eda General de la Naci\u00f3n \u2013 Colombia. Garantizamos el acceso efectivo a la justicia, la verdad y la reparaci\u00f3n de las v\u00edctimas de los delitos.","breadcrumb":{"@id":"https:\/\/www.fiscalia.gov.co\/colombia\/dano-al-medio-ambiente\/acciones-investigativas-de-la-fiscalia-en-defensa-de-las-areas-de-proteccion-ambiental-en-inmediaciones-del-paramo-de-santurban\/#breadcrumb"},"inLanguage":"es-CO","potentialAction":[{"@type":"ReadAction","target":["https:\/\/www.fiscalia.gov.co\/colombia\/dano-al-medio-ambiente\/acciones-investigativas-de-la-fiscalia-en-defensa-de-las-areas-de-proteccion-ambiental-en-inmediaciones-del-paramo-de-santurban\/"]}]},{"@type":"BreadcrumbList","@id":"https:\/\/www.fiscalia.gov.co\/colombia\/dano-al-medio-ambiente\/acciones-investigativas-de-la-fiscalia-en-defensa-de-las-areas-de-proteccion-ambiental-en-inmediaciones-del-paramo-de-santurban\/#breadcrumb","itemListElement":[{"@type":"ListItem","position":1,"name":"Home","item":"https:\/\/www.fiscalia.gov.co\/colombia\/"},{"@type":"ListItem","position":2,"name":"Acciones investigativas de la Fiscal\u00eda en defensa de las \u00e1reas de protecci\u00f3n ambiental en inmediaciones del P\u00e1ramo de Santurb\u00e1n"}]},{"@type":"WebSite","@id":"https:\/\/www.fiscalia.gov.co\/colombia\/#website","url":"https:\/\/www.fiscalia.gov.co\/colombia\/","name":"Fiscal\u00eda General de la Naci\u00f3n","description":"P\u00e1gina oficial de la Fiscal\u00eda General de la Naci\u00f3n \u2013 Colombia. Garantizamos el acceso efectivo a la justicia, la verdad y la reparaci\u00f3n de las v\u00edctimas de los delitos.","publisher":{"@id":"https:\/\/www.fiscalia.gov.co\/colombia\/#organization"},"potentialAction":[{"@type":"SearchAction","target":{"@type":"EntryPoint","urlTemplate":"https:\/\/www.fiscalia.gov.co\/colombia\/?s={search_term_string}"},"query-input":{"@type":"PropertyValueSpecification","valueRequired":true,"valueName":"search_term_string"}}],"inLanguage":"es-CO"},{"@type":"Organization","@id":"https:\/\/www.fiscalia.gov.co\/colombia\/#organization","name":"Fiscal\u00eda General de la Naci\u00f3n","url":"https:\/\/www.fiscalia.gov.co\/colombia\/","logo":{"@type":"ImageObject","inLanguage":"es-CO","@id":"https:\/\/www.fiscalia.gov.co\/colombia\/#\/schema\/logo\/image\/","url":"https:\/\/www.fiscalia.gov.co\/colombia\/wp-content\/uploads\/LogoHorizontal_1.jpg","contentUrl":"https:\/\/www.fiscalia.gov.co\/colombia\/wp-content\/uploads\/LogoHorizontal_1.jpg","width":300,"height":90,"caption":"Fiscal\u00eda General de la Naci\u00f3n"},"image":{"@id":"https:\/\/www.fiscalia.gov.co\/colombia\/#\/schema\/logo\/image\/"},"sameAs":["https:\/\/www.facebook.com\/FiscaliaCol","https:\/\/x.com\/FiscaliaCol","https:\/\/www.instagram.com\/fiscaliacol","https:\/\/www.linkedin.com\/company\/fiscalia-general-de-la-naci-n\/","https:\/\/youtube.com\/@fiscaliageneraldelanacion-4668?si=6nN79nyQICPU5iTh"]},{"@type":"Person","@id":"https:\/\/www.fiscalia.gov.co\/colombia\/#\/schema\/person\/ba9eca435947489fb25117a0cd75bf3e","name":"Johanna Islenny Prieto Pe\u00f1a","image":{"@type":"ImageObject","inLanguage":"es-CO","@id":"https:\/\/www.fiscalia.gov.co\/colombia\/#\/schema\/person\/image\/","url":"https:\/\/secure.gravatar.com\/avatar\/111433fc2acb037ffb768f6a3ca47864?s=96&d=mm&r=g","contentUrl":"https:\/\/secure.gravatar.com\/avatar\/111433fc2acb037ffb768f6a3ca47864?s=96&d=mm&r=g","caption":"Johanna Islenny Prieto Pe\u00f1a"},"url":"https:\/\/www.fiscalia.gov.co\/colombia\/author\/jprietop\/"}]}},"_links":{"self":[{"href":"https:\/\/www.fiscalia.gov.co\/colombia\/wp-json\/wp\/v2\/posts\/316909","targetHints":{"allow":["GET"]}}],"collection":[{"href":"https:\/\/www.fiscalia.gov.co\/colombia\/wp-json\/wp\/v2\/posts"}],"about":[{"href":"https:\/\/www.fiscalia.gov.co\/colombia\/wp-json\/wp\/v2\/types\/post"}],"author":[{"embeddable":true,"href":"https:\/\/www.fiscalia.gov.co\/colombia\/wp-json\/wp\/v2\/users\/181"}],"replies":[{"embeddable":true,"href":"https:\/\/www.fiscalia.gov.co\/colombia\/wp-json\/wp\/v2\/comments?post=316909"}],"version-history":[{"count":1,"href":"https:\/\/www.fiscalia.gov.co\/colombia\/wp-json\/wp\/v2\/posts\/316909\/revisions"}],"predecessor-version":[{"id":316910,"href":"https:\/\/www.fiscalia.gov.co\/colombia\/wp-json\/wp\/v2\/posts\/316909\/revisions\/316910"}],"wp:attachment":[{"href":"https:\/\/www.fiscalia.gov.co\/colombia\/wp-json\/wp\/v2\/media?parent=316909"}],"wp:term":[{"taxonomy":"category","embeddable":true,"href":"https:\/\/www.fiscalia.gov.co\/colombia\/wp-json\/wp\/v2\/categories?post=316909"},{"taxonomy":"post_tag","embeddable":true,"href":"https:\/\/www.fiscalia.gov.co\/colombia\/wp-json\/wp\/v2\/tags?post=316909"}],"curies":[{"name":"wp","href":"https:\/\/api.w.org\/{rel}","templated":true}]}}