{"id":316828,"date":"2025-06-06T08:41:08","date_gmt":"2025-06-06T13:41:08","guid":{"rendered":"https:\/\/www.fiscalia.gov.co\/colombia\/?p=316828"},"modified":"2025-06-06T08:41:08","modified_gmt":"2025-06-06T13:41:08","slug":"capturado-con-fines-de-extradicion-alias-tony-senalado-integrante-de-una-red-criminal-responsable-de-enviar-cocaina-a-estados-unidos-y-lavar-activos-para-el-eln","status":"publish","type":"post","link":"https:\/\/www.fiscalia.gov.co\/colombia\/noticias\/capturado-con-fines-de-extradicion-alias-tony-senalado-integrante-de-una-red-criminal-responsable-de-enviar-cocaina-a-estados-unidos-y-lavar-activos-para-el-eln\/","title":{"rendered":"Capturado con fines de extradici\u00f3n alias Tony, se\u00f1alado integrante de una red criminal responsable de enviar coca\u00edna a Estados Unidos y lavar activos para el ELN"},"content":{"rendered":"<h4 style=\"text-align: center;\"><em><strong>Fue notificado por servidores del Cuerpo T\u00e9cnico de Investigaci\u00f3n (CTI) en el Aeropuerto Internacional El Dorado de Bogot\u00e1, luego de llegar de un vuelo procedente de M\u00e9xico.<\/strong> <\/em><\/h4>\n<p>A disposici\u00f3n de la Fiscal\u00eda General de la Naci\u00f3n qued\u00f3 Jorge Enrique Pedraza Reyes, alias Tony, presunto integrante de una red se\u00f1alada de enviar toneladas de clorhidrato de coca\u00edna a Estados Unidos y darle apariencia de <strong>legalidad a los recursos il\u00edcitos que retornaban a Colombia<\/strong> por esa actividad ilegal.<\/p>\n<p>Esta persona es solicitada en extradici\u00f3n por una <strong>Corte del Distrito Norte de Georgia (Estados Unidos)<\/strong>, por cargos relacionados con concierto para delinquir, tr\u00e1fico de estupefacientes y lavado de activos.<\/p>\n<p>El requerimiento internacional precisa que alias Tony habr\u00eda integrado la organizaci\u00f3n criminal de Cristian Eduardo Garc\u00eda Jerez, alias Barbas, extraditado el pasado mes de marzo a Estados Unidos. Es se\u00f1alado de coordinador la salida de los cargamentos il\u00edcitos en zona de <strong>influencia del frente Edgar Amilkar Grimaldo Bar\u00f3n del ELN<\/strong>, en Antioquia, rumbo a M\u00e9xico y pa\u00edses de Centroam\u00e9rica.<\/p>\n<p>Asimismo, estar\u00eda implicado en la recepci\u00f3n de grandes sumas de dinero provenientes del narcotr\u00e1fico y su introducci\u00f3n al sistema financiero colombiano.<\/p>\n<p>Alias Tony fue capturado con fines de extradici\u00f3n por servidores del Cuerpo T\u00e9cnico de Investigaci\u00f3n (CTI), en el Aeropuerto Internacional El Dorado de Bogot\u00e1, luego de llegar en un vuelo procedente de M\u00e9xico.<\/p>\n<p>&nbsp;<\/p>\n<p>&nbsp;<\/p>\n<p>&nbsp;<\/p>\n<p>&nbsp;<\/p>\n<p>&nbsp;<\/p>\n<p>MARA\/JARG\/<\/p>\n<p>&nbsp;<\/p>\n<p>&nbsp;<\/p>\n<p>&nbsp;<\/p>\n<p>&nbsp;<\/p>\n<p>&nbsp;<\/p>\n<div class=\"td-post-content tagdiv-type\">\n<p><em>La informaci\u00f3n contenida en este bolet\u00edn de prensa corresponde a la narraci\u00f3n de los hechos noticiosos objetivos, suministrados por los funcionarios encargados de adelantar las investigaciones penales al interior de la Fiscal\u00eda General de la Naci\u00f3n. Para el momento de la divulgaci\u00f3n de este comunicado, la situaci\u00f3n jur\u00eddica de la(s) persona(s) relacionada(s) se encuentra pendiente de resolver por la autoridad judicial competente, siempre bajo los preceptos de la presunci\u00f3n de inocencia, consagrados en el art\u00edculo 29 de la Constituci\u00f3n Pol\u00edtica y el art\u00edculo 7\u00ba de la Ley 906 de 2004.<\/em><\/p>\n<\/div>\n<footer>\n<div class=\"td-post-source-tags\"><\/div>\n<div class=\"td-post-sharing-bottom\"><\/div>\n<\/footer>\n\n<div class=\"twitter-share\"><a href=\"https:\/\/twitter.com\/intent\/tweet?via=fiscaliacol\" class=\"twitter-share-button\">Tweet<\/a><\/div>\n","protected":false},"excerpt":{"rendered":"<p>Fue notificado por servidores del Cuerpo T\u00e9cnico de Investigaci\u00f3n (CTI) en el Aeropuerto Internacional El Dorado de Bogot\u00e1, luego de llegar de un vuelo procedente de M\u00e9xico. A disposici\u00f3n de [&hellip;]<\/p>\n","protected":false},"author":177,"featured_media":0,"comment_status":"closed","ping_status":"open","sticky":false,"template":"","format":"standard","meta":{"tdm_status":"","tdm_grid_status":"","footnotes":""},"categories":[24125,1],"tags":[83,37492,1047,147,155],"class_list":["post-316828","post","type-post","status-publish","format-standard","category-lavado-de-activos","category-noticias","tag-concierto-para-delinquir","tag-fiscal-luz-adriana-camargo","tag-fiscalia-general-de-la-nacion","tag-lavado-de-activos","tag-trafico-de-estupefacientes"],"yoast_head":"<!-- This site is optimized with the Yoast SEO plugin v24.3 - https:\/\/yoast.com\/wordpress\/plugins\/seo\/ -->\n<title>Fiscal\u00eda General de la Naci\u00f3n<\/title>\n<meta name=\"description\" content=\"P\u00e1gina oficial de la Fiscal\u00eda General de la Naci\u00f3n \u2013 Colombia. Garantizamos el acceso efectivo a la justicia, la verdad y la reparaci\u00f3n de las v\u00edctimas de los delitos.\" \/>\n<meta name=\"robots\" content=\"noindex, follow\" \/>\n<meta property=\"og:locale\" content=\"es_ES\" \/>\n<meta property=\"og:type\" content=\"article\" \/>\n<meta property=\"og:title\" content=\"Fiscal\u00eda General de la Naci\u00f3n\" \/>\n<meta property=\"og:description\" content=\"P\u00e1gina oficial de la Fiscal\u00eda General de la Naci\u00f3n \u2013 Colombia. Garantizamos el acceso efectivo a la justicia, la verdad y la reparaci\u00f3n de las v\u00edctimas de los delitos.\" \/>\n<meta property=\"og:url\" content=\"https:\/\/www.fiscalia.gov.co\/colombia\/noticias\/capturado-con-fines-de-extradicion-alias-tony-senalado-integrante-de-una-red-criminal-responsable-de-enviar-cocaina-a-estados-unidos-y-lavar-activos-para-el-eln\/\" \/>\n<meta property=\"og:site_name\" content=\"Fiscal\u00eda General de la Naci\u00f3n\" \/>\n<meta property=\"article:publisher\" content=\"https:\/\/www.facebook.com\/FiscaliaCol\" \/>\n<meta property=\"article:published_time\" content=\"2025-06-06T13:41:08+00:00\" \/>\n<meta name=\"author\" content=\"Jordan Leandro Oviedo Anzola\" \/>\n<meta name=\"twitter:card\" content=\"summary_large_image\" \/>\n<meta name=\"twitter:creator\" content=\"@FiscaliaCol\" \/>\n<meta name=\"twitter:site\" content=\"@FiscaliaCol\" \/>\n<meta name=\"twitter:label1\" content=\"Escrito por\" \/>\n\t<meta name=\"twitter:data1\" content=\"Jordan Leandro Oviedo Anzola\" \/>\n\t<meta name=\"twitter:label2\" content=\"Tiempo de lectura\" \/>\n\t<meta name=\"twitter:data2\" content=\"2 minutos\" \/>\n<script type=\"application\/ld+json\" class=\"yoast-schema-graph\">{\"@context\":\"https:\/\/schema.org\",\"@graph\":[{\"@type\":\"Article\",\"@id\":\"https:\/\/www.fiscalia.gov.co\/colombia\/noticias\/capturado-con-fines-de-extradicion-alias-tony-senalado-integrante-de-una-red-criminal-responsable-de-enviar-cocaina-a-estados-unidos-y-lavar-activos-para-el-eln\/#article\",\"isPartOf\":{\"@id\":\"https:\/\/www.fiscalia.gov.co\/colombia\/noticias\/capturado-con-fines-de-extradicion-alias-tony-senalado-integrante-de-una-red-criminal-responsable-de-enviar-cocaina-a-estados-unidos-y-lavar-activos-para-el-eln\/\"},\"author\":{\"name\":\"Jordan Leandro Oviedo Anzola\",\"@id\":\"https:\/\/www.fiscalia.gov.co\/colombia\/#\/schema\/person\/bf84402cf293a5393e9c70b111020b24\"},\"headline\":\"Capturado con fines de extradici\u00f3n alias Tony, se\u00f1alado integrante de una red criminal responsable de enviar coca\u00edna a Estados Unidos y lavar activos para el ELN\",\"datePublished\":\"2025-06-06T13:41:08+00:00\",\"dateModified\":\"2025-06-06T13:41:08+00:00\",\"mainEntityOfPage\":{\"@id\":\"https:\/\/www.fiscalia.gov.co\/colombia\/noticias\/capturado-con-fines-de-extradicion-alias-tony-senalado-integrante-de-una-red-criminal-responsable-de-enviar-cocaina-a-estados-unidos-y-lavar-activos-para-el-eln\/\"},\"wordCount\":390,\"publisher\":{\"@id\":\"https:\/\/www.fiscalia.gov.co\/colombia\/#organization\"},\"keywords\":[\"Concierto para delinquir\",\"Fiscal Luz Adriana Camargo\",\"Fiscal\u00eda General de la Naci\u00f3n\",\"Lavado de activos\",\"Tr\u00e1fico de estupefacientes\"],\"articleSection\":[\"Lavado de activos\",\"Noticias\"],\"inLanguage\":\"es-CO\"},{\"@type\":\"WebPage\",\"@id\":\"https:\/\/www.fiscalia.gov.co\/colombia\/noticias\/capturado-con-fines-de-extradicion-alias-tony-senalado-integrante-de-una-red-criminal-responsable-de-enviar-cocaina-a-estados-unidos-y-lavar-activos-para-el-eln\/\",\"url\":\"https:\/\/www.fiscalia.gov.co\/colombia\/noticias\/capturado-con-fines-de-extradicion-alias-tony-senalado-integrante-de-una-red-criminal-responsable-de-enviar-cocaina-a-estados-unidos-y-lavar-activos-para-el-eln\/\",\"name\":\"Fiscal\u00eda General de la Naci\u00f3n\",\"isPartOf\":{\"@id\":\"https:\/\/www.fiscalia.gov.co\/colombia\/#website\"},\"datePublished\":\"2025-06-06T13:41:08+00:00\",\"dateModified\":\"2025-06-06T13:41:08+00:00\",\"description\":\"P\u00e1gina oficial de la Fiscal\u00eda General de la Naci\u00f3n \u2013 Colombia. Garantizamos el acceso efectivo a la justicia, la verdad y la reparaci\u00f3n de las v\u00edctimas de los delitos.\",\"breadcrumb\":{\"@id\":\"https:\/\/www.fiscalia.gov.co\/colombia\/noticias\/capturado-con-fines-de-extradicion-alias-tony-senalado-integrante-de-una-red-criminal-responsable-de-enviar-cocaina-a-estados-unidos-y-lavar-activos-para-el-eln\/#breadcrumb\"},\"inLanguage\":\"es-CO\",\"potentialAction\":[{\"@type\":\"ReadAction\",\"target\":[\"https:\/\/www.fiscalia.gov.co\/colombia\/noticias\/capturado-con-fines-de-extradicion-alias-tony-senalado-integrante-de-una-red-criminal-responsable-de-enviar-cocaina-a-estados-unidos-y-lavar-activos-para-el-eln\/\"]}]},{\"@type\":\"BreadcrumbList\",\"@id\":\"https:\/\/www.fiscalia.gov.co\/colombia\/noticias\/capturado-con-fines-de-extradicion-alias-tony-senalado-integrante-de-una-red-criminal-responsable-de-enviar-cocaina-a-estados-unidos-y-lavar-activos-para-el-eln\/#breadcrumb\",\"itemListElement\":[{\"@type\":\"ListItem\",\"position\":1,\"name\":\"Home\",\"item\":\"https:\/\/www.fiscalia.gov.co\/colombia\/\"},{\"@type\":\"ListItem\",\"position\":2,\"name\":\"Capturado con fines de extradici\u00f3n alias Tony, se\u00f1alado integrante de una red criminal responsable de enviar coca\u00edna a Estados Unidos y lavar activos para el ELN\"}]},{\"@type\":\"WebSite\",\"@id\":\"https:\/\/www.fiscalia.gov.co\/colombia\/#website\",\"url\":\"https:\/\/www.fiscalia.gov.co\/colombia\/\",\"name\":\"Fiscal\u00eda General de la Naci\u00f3n\",\"description\":\"P\u00e1gina oficial de la Fiscal\u00eda General de la Naci\u00f3n \u2013 Colombia. Garantizamos el acceso efectivo a la justicia, la verdad y la reparaci\u00f3n de las v\u00edctimas de los delitos.\",\"publisher\":{\"@id\":\"https:\/\/www.fiscalia.gov.co\/colombia\/#organization\"},\"potentialAction\":[{\"@type\":\"SearchAction\",\"target\":{\"@type\":\"EntryPoint\",\"urlTemplate\":\"https:\/\/www.fiscalia.gov.co\/colombia\/?s={search_term_string}\"},\"query-input\":{\"@type\":\"PropertyValueSpecification\",\"valueRequired\":true,\"valueName\":\"search_term_string\"}}],\"inLanguage\":\"es-CO\"},{\"@type\":\"Organization\",\"@id\":\"https:\/\/www.fiscalia.gov.co\/colombia\/#organization\",\"name\":\"Fiscal\u00eda General de la Naci\u00f3n\",\"url\":\"https:\/\/www.fiscalia.gov.co\/colombia\/\",\"logo\":{\"@type\":\"ImageObject\",\"inLanguage\":\"es-CO\",\"@id\":\"https:\/\/www.fiscalia.gov.co\/colombia\/#\/schema\/logo\/image\/\",\"url\":\"https:\/\/www.fiscalia.gov.co\/colombia\/wp-content\/uploads\/LogoHorizontal_1.jpg\",\"contentUrl\":\"https:\/\/www.fiscalia.gov.co\/colombia\/wp-content\/uploads\/LogoHorizontal_1.jpg\",\"width\":300,\"height\":90,\"caption\":\"Fiscal\u00eda General de la Naci\u00f3n\"},\"image\":{\"@id\":\"https:\/\/www.fiscalia.gov.co\/colombia\/#\/schema\/logo\/image\/\"},\"sameAs\":[\"https:\/\/www.facebook.com\/FiscaliaCol\",\"https:\/\/x.com\/FiscaliaCol\",\"https:\/\/www.instagram.com\/fiscaliacol\",\"https:\/\/www.linkedin.com\/company\/fiscalia-general-de-la-naci-n\/\",\"https:\/\/youtube.com\/@fiscaliageneraldelanacion-4668?si=6nN79nyQICPU5iTh\"]},{\"@type\":\"Person\",\"@id\":\"https:\/\/www.fiscalia.gov.co\/colombia\/#\/schema\/person\/bf84402cf293a5393e9c70b111020b24\",\"name\":\"Jordan Leandro Oviedo Anzola\",\"image\":{\"@type\":\"ImageObject\",\"inLanguage\":\"es-CO\",\"@id\":\"https:\/\/www.fiscalia.gov.co\/colombia\/#\/schema\/person\/image\/\",\"url\":\"https:\/\/secure.gravatar.com\/avatar\/dabba4346fa9b9207d96adafa8f92721?s=96&d=mm&r=g\",\"contentUrl\":\"https:\/\/secure.gravatar.com\/avatar\/dabba4346fa9b9207d96adafa8f92721?s=96&d=mm&r=g\",\"caption\":\"Jordan Leandro Oviedo Anzola\"},\"url\":\"https:\/\/www.fiscalia.gov.co\/colombia\/author\/joviedo\/\"}]}<\/script>\n<!-- \/ Yoast SEO plugin. -->","yoast_head_json":{"title":"Fiscal\u00eda General de la Naci\u00f3n","description":"P\u00e1gina oficial de la Fiscal\u00eda General de la Naci\u00f3n \u2013 Colombia. Garantizamos el acceso efectivo a la justicia, la verdad y la reparaci\u00f3n de las v\u00edctimas de los delitos.","robots":{"index":"noindex","follow":"follow"},"og_locale":"es_ES","og_type":"article","og_title":"Fiscal\u00eda General de la Naci\u00f3n","og_description":"P\u00e1gina oficial de la Fiscal\u00eda General de la Naci\u00f3n \u2013 Colombia. Garantizamos el acceso efectivo a la justicia, la verdad y la reparaci\u00f3n de las v\u00edctimas de los delitos.","og_url":"https:\/\/www.fiscalia.gov.co\/colombia\/noticias\/capturado-con-fines-de-extradicion-alias-tony-senalado-integrante-de-una-red-criminal-responsable-de-enviar-cocaina-a-estados-unidos-y-lavar-activos-para-el-eln\/","og_site_name":"Fiscal\u00eda General de la Naci\u00f3n","article_publisher":"https:\/\/www.facebook.com\/FiscaliaCol","article_published_time":"2025-06-06T13:41:08+00:00","author":"Jordan Leandro Oviedo Anzola","twitter_card":"summary_large_image","twitter_creator":"@FiscaliaCol","twitter_site":"@FiscaliaCol","twitter_misc":{"Escrito por":"Jordan Leandro Oviedo Anzola","Tiempo de lectura":"2 minutos"},"schema":{"@context":"https:\/\/schema.org","@graph":[{"@type":"Article","@id":"https:\/\/www.fiscalia.gov.co\/colombia\/noticias\/capturado-con-fines-de-extradicion-alias-tony-senalado-integrante-de-una-red-criminal-responsable-de-enviar-cocaina-a-estados-unidos-y-lavar-activos-para-el-eln\/#article","isPartOf":{"@id":"https:\/\/www.fiscalia.gov.co\/colombia\/noticias\/capturado-con-fines-de-extradicion-alias-tony-senalado-integrante-de-una-red-criminal-responsable-de-enviar-cocaina-a-estados-unidos-y-lavar-activos-para-el-eln\/"},"author":{"name":"Jordan Leandro Oviedo Anzola","@id":"https:\/\/www.fiscalia.gov.co\/colombia\/#\/schema\/person\/bf84402cf293a5393e9c70b111020b24"},"headline":"Capturado con fines de extradici\u00f3n alias Tony, se\u00f1alado integrante de una red criminal responsable de enviar coca\u00edna a Estados Unidos y lavar activos para el ELN","datePublished":"2025-06-06T13:41:08+00:00","dateModified":"2025-06-06T13:41:08+00:00","mainEntityOfPage":{"@id":"https:\/\/www.fiscalia.gov.co\/colombia\/noticias\/capturado-con-fines-de-extradicion-alias-tony-senalado-integrante-de-una-red-criminal-responsable-de-enviar-cocaina-a-estados-unidos-y-lavar-activos-para-el-eln\/"},"wordCount":390,"publisher":{"@id":"https:\/\/www.fiscalia.gov.co\/colombia\/#organization"},"keywords":["Concierto para delinquir","Fiscal Luz Adriana Camargo","Fiscal\u00eda General de la Naci\u00f3n","Lavado de activos","Tr\u00e1fico de estupefacientes"],"articleSection":["Lavado de activos","Noticias"],"inLanguage":"es-CO"},{"@type":"WebPage","@id":"https:\/\/www.fiscalia.gov.co\/colombia\/noticias\/capturado-con-fines-de-extradicion-alias-tony-senalado-integrante-de-una-red-criminal-responsable-de-enviar-cocaina-a-estados-unidos-y-lavar-activos-para-el-eln\/","url":"https:\/\/www.fiscalia.gov.co\/colombia\/noticias\/capturado-con-fines-de-extradicion-alias-tony-senalado-integrante-de-una-red-criminal-responsable-de-enviar-cocaina-a-estados-unidos-y-lavar-activos-para-el-eln\/","name":"Fiscal\u00eda General de la Naci\u00f3n","isPartOf":{"@id":"https:\/\/www.fiscalia.gov.co\/colombia\/#website"},"datePublished":"2025-06-06T13:41:08+00:00","dateModified":"2025-06-06T13:41:08+00:00","description":"P\u00e1gina oficial de la Fiscal\u00eda General de la Naci\u00f3n \u2013 Colombia. Garantizamos el acceso efectivo a la justicia, la verdad y la reparaci\u00f3n de las v\u00edctimas de los delitos.","breadcrumb":{"@id":"https:\/\/www.fiscalia.gov.co\/colombia\/noticias\/capturado-con-fines-de-extradicion-alias-tony-senalado-integrante-de-una-red-criminal-responsable-de-enviar-cocaina-a-estados-unidos-y-lavar-activos-para-el-eln\/#breadcrumb"},"inLanguage":"es-CO","potentialAction":[{"@type":"ReadAction","target":["https:\/\/www.fiscalia.gov.co\/colombia\/noticias\/capturado-con-fines-de-extradicion-alias-tony-senalado-integrante-de-una-red-criminal-responsable-de-enviar-cocaina-a-estados-unidos-y-lavar-activos-para-el-eln\/"]}]},{"@type":"BreadcrumbList","@id":"https:\/\/www.fiscalia.gov.co\/colombia\/noticias\/capturado-con-fines-de-extradicion-alias-tony-senalado-integrante-de-una-red-criminal-responsable-de-enviar-cocaina-a-estados-unidos-y-lavar-activos-para-el-eln\/#breadcrumb","itemListElement":[{"@type":"ListItem","position":1,"name":"Home","item":"https:\/\/www.fiscalia.gov.co\/colombia\/"},{"@type":"ListItem","position":2,"name":"Capturado con fines de extradici\u00f3n alias Tony, se\u00f1alado integrante de una red criminal responsable de enviar coca\u00edna a Estados Unidos y lavar activos para el ELN"}]},{"@type":"WebSite","@id":"https:\/\/www.fiscalia.gov.co\/colombia\/#website","url":"https:\/\/www.fiscalia.gov.co\/colombia\/","name":"Fiscal\u00eda General de la Naci\u00f3n","description":"P\u00e1gina oficial de la Fiscal\u00eda General de la Naci\u00f3n \u2013 Colombia. Garantizamos el acceso efectivo a la justicia, la verdad y la reparaci\u00f3n de las v\u00edctimas de los delitos.","publisher":{"@id":"https:\/\/www.fiscalia.gov.co\/colombia\/#organization"},"potentialAction":[{"@type":"SearchAction","target":{"@type":"EntryPoint","urlTemplate":"https:\/\/www.fiscalia.gov.co\/colombia\/?s={search_term_string}"},"query-input":{"@type":"PropertyValueSpecification","valueRequired":true,"valueName":"search_term_string"}}],"inLanguage":"es-CO"},{"@type":"Organization","@id":"https:\/\/www.fiscalia.gov.co\/colombia\/#organization","name":"Fiscal\u00eda General de la Naci\u00f3n","url":"https:\/\/www.fiscalia.gov.co\/colombia\/","logo":{"@type":"ImageObject","inLanguage":"es-CO","@id":"https:\/\/www.fiscalia.gov.co\/colombia\/#\/schema\/logo\/image\/","url":"https:\/\/www.fiscalia.gov.co\/colombia\/wp-content\/uploads\/LogoHorizontal_1.jpg","contentUrl":"https:\/\/www.fiscalia.gov.co\/colombia\/wp-content\/uploads\/LogoHorizontal_1.jpg","width":300,"height":90,"caption":"Fiscal\u00eda General de la Naci\u00f3n"},"image":{"@id":"https:\/\/www.fiscalia.gov.co\/colombia\/#\/schema\/logo\/image\/"},"sameAs":["https:\/\/www.facebook.com\/FiscaliaCol","https:\/\/x.com\/FiscaliaCol","https:\/\/www.instagram.com\/fiscaliacol","https:\/\/www.linkedin.com\/company\/fiscalia-general-de-la-naci-n\/","https:\/\/youtube.com\/@fiscaliageneraldelanacion-4668?si=6nN79nyQICPU5iTh"]},{"@type":"Person","@id":"https:\/\/www.fiscalia.gov.co\/colombia\/#\/schema\/person\/bf84402cf293a5393e9c70b111020b24","name":"Jordan Leandro Oviedo Anzola","image":{"@type":"ImageObject","inLanguage":"es-CO","@id":"https:\/\/www.fiscalia.gov.co\/colombia\/#\/schema\/person\/image\/","url":"https:\/\/secure.gravatar.com\/avatar\/dabba4346fa9b9207d96adafa8f92721?s=96&d=mm&r=g","contentUrl":"https:\/\/secure.gravatar.com\/avatar\/dabba4346fa9b9207d96adafa8f92721?s=96&d=mm&r=g","caption":"Jordan Leandro Oviedo Anzola"},"url":"https:\/\/www.fiscalia.gov.co\/colombia\/author\/joviedo\/"}]}},"_links":{"self":[{"href":"https:\/\/www.fiscalia.gov.co\/colombia\/wp-json\/wp\/v2\/posts\/316828","targetHints":{"allow":["GET"]}}],"collection":[{"href":"https:\/\/www.fiscalia.gov.co\/colombia\/wp-json\/wp\/v2\/posts"}],"about":[{"href":"https:\/\/www.fiscalia.gov.co\/colombia\/wp-json\/wp\/v2\/types\/post"}],"author":[{"embeddable":true,"href":"https:\/\/www.fiscalia.gov.co\/colombia\/wp-json\/wp\/v2\/users\/177"}],"replies":[{"embeddable":true,"href":"https:\/\/www.fiscalia.gov.co\/colombia\/wp-json\/wp\/v2\/comments?post=316828"}],"version-history":[{"count":1,"href":"https:\/\/www.fiscalia.gov.co\/colombia\/wp-json\/wp\/v2\/posts\/316828\/revisions"}],"predecessor-version":[{"id":316829,"href":"https:\/\/www.fiscalia.gov.co\/colombia\/wp-json\/wp\/v2\/posts\/316828\/revisions\/316829"}],"wp:attachment":[{"href":"https:\/\/www.fiscalia.gov.co\/colombia\/wp-json\/wp\/v2\/media?parent=316828"}],"wp:term":[{"taxonomy":"category","embeddable":true,"href":"https:\/\/www.fiscalia.gov.co\/colombia\/wp-json\/wp\/v2\/categories?post=316828"},{"taxonomy":"post_tag","embeddable":true,"href":"https:\/\/www.fiscalia.gov.co\/colombia\/wp-json\/wp\/v2\/tags?post=316828"}],"curies":[{"name":"wp","href":"https:\/\/api.w.org\/{rel}","templated":true}]}}