{"id":316587,"date":"2025-06-03T13:15:03","date_gmt":"2025-06-03T18:15:03","guid":{"rendered":"https:\/\/www.fiscalia.gov.co\/colombia\/?p=316587"},"modified":"2025-06-03T13:15:03","modified_gmt":"2025-06-03T18:15:03","slug":"comunicado-de-prensa-413","status":"publish","type":"post","link":"https:\/\/www.fiscalia.gov.co\/colombia\/noticias\/comunicado-de-prensa-413\/","title":{"rendered":"Comunicado de prensa 413"},"content":{"rendered":"<p><span style=\"font-weight: 400;\">La <strong>Fiscal\u00eda General de la Naci\u00f3n<\/strong> desarrolla en la actualidad un proceso silencioso de transformaci\u00f3n y renovaci\u00f3n dirigido, entre otros aspectos,\u00a0 a atacar la estructura de las organizaciones criminales que operan en <strong>Colombia<\/strong> y tienen impacto en otros pa\u00edses. Hemos fortalecido la articulaci\u00f3n institucional interna y la cooperaci\u00f3n judicial internacional, porque sabemos que la delincuencia es una amenaza que no respeta fronteras.<\/span><\/p>\n<p><span style=\"font-weight: 400;\">En el marco de la Trig\u00e9sima Segunda <strong>Asamblea General Ordinaria de la Organizaci\u00f3n Iberoamericana de Ministerios P\u00fablicos, AIAMP,<\/strong> celebramos el viernes pasado convenios de cooperaci\u00f3n y la conformaci\u00f3n de equipos conjuntos de investigaci\u00f3n con Chile, Paraguay, Bolivia y Panam\u00e1. Estos acuerdos constituyen la hoja de ruta para una agenda multilateral donde se suman las capacidades de persecuci\u00f3n penal de diversos pa\u00edses latinoamericanos y del caribe, pero en la que tambi\u00e9n contamos con la colaboraci\u00f3n de <strong>Espa\u00f1a, Portugal, Andorra, Italia, Pa\u00edses Bajos<\/strong>, y \u00faltimamente pa\u00edses como Serbia y<strong> Albania<\/strong>, afectados por los flagelos del narcotr\u00e1fico y la trata de personas.<\/span><\/p>\n<p><span style=\"font-weight: 400;\">Estamos observando que esta lucha\u00a0 contra la corrupci\u00f3n y\u00a0 la criminalidad organizada dentro y fuera del pa\u00eds, est\u00e1 generando un contraataque sin precedentes contra los servidores de la entidad y la propia <strong>Fiscal General de la Naci\u00f3n.<\/strong> La decisi\u00f3n anunciada ayer por el Ministerio P\u00fablico de Guatemala es una m\u00e1s de estas manifestaciones.\u00a0<\/span><\/p>\n<p><span style=\"font-weight: 400;\">Como lo expuso al t\u00e9rmino de su vista a <strong>Guatemala<\/strong> el pasado 23 de mayo la relatora especial de la <strong>ONU<\/strong> sobre la independencia de magistrados y abogados, Margaret Satterthwaite, existen graves preocupaciones institucionales respecto del liderazgo de la oficina de la Fiscal General de ese pa\u00eds desde 2018, por el posible abuso del derecho disciplinario para sancionar a los jefes de unidades especializadas que conoc\u00edan de casos de corrupci\u00f3n, derechos humanos o justicia de transici\u00f3n, a veces en momentos clave de casos de alto perfil, o respecto de fiscales encargados de investigaciones especialmente delicadas o con conexiones pol\u00edticas, lo cual plantea preocupaciones sobre presiones o represalias por la labor desempe\u00f1ada en estas materias.<\/span><\/p>\n<p><span style=\"font-weight: 400;\">La alta funcionaria del sistema de <strong>Naciones Unidas<\/strong> mencion\u00f3 igualmente la existencia de un patr\u00f3n preocupante de utilizaci\u00f3n del derecho penal para intimidar y acallar la voz de quienes defienden los derechos humanos, combaten la corrupci\u00f3n o quieren cuestionar los poderes establecidos, entre ellos m\u00e1s de 60 operadores de justicia, periodistas, autoridades ind\u00edgenas, l\u00edderes estudiantiles y miembros de las comisiones de postulaci\u00f3n, acusados de numerosas acciones jur\u00eddicas que se repiten y solapan, basadas en hechos muy gaseosos y por delitos muy generales, como abusos de la autoridad u obstrucci\u00f3n a la justicia.<\/span><\/p>\n<p><span style=\"font-weight: 400;\">En ese contexto conocimos la decisi\u00f3n emitida por la <strong>Sala Tercera de Apelaciones de Guatemala<\/strong>, la cual constituye una flagrante violaci\u00f3n a los t\u00e9rminos del acuerdo entre la Organizaci\u00f3n de las Naciones Unidas y el Gobierno de Guatemala, relativo a la creaci\u00f3n de la <strong>Comisi\u00f3n Internacional contra la Impunidad en Guatemala (CICIG)<\/strong>, de la cual hice parte entre 2014 y 2017 como jefe del Departamento de Investigaci\u00f3n y Litigio.<\/span><\/p>\n<p><span style=\"font-weight: 400;\">El art\u00edculo 10 de ese acuerdo suscrito en la ciudad de Nueva York el 12 de diciembre de 2006 establece que el comisionado\/a, y el personal internacional de la <strong>CICIG<\/strong>, \u201ctendr\u00e1n inmunidad de jurisdicci\u00f3n penal, civil y administrativa de conformidad con la Convenci\u00f3n de Viena\u201d sobre Relaciones Diplom\u00e1ticas de 1961. Adicionalmente, incluye inmunidad de arresto o detenci\u00f3n personal e inmunidad de toda acci\u00f3n judicial con respecto a actos realizados en el desempe\u00f1o de la misi\u00f3n, incluso \u201c&#8230; despu\u00e9s de que la comitiva haya dejado de prestar servicios a la CICIG\u201d.<\/span><\/p>\n<p><span style=\"font-weight: 400;\">En ese sentido, la determinaci\u00f3n del Tribunal desconoce los par\u00e1metros del derecho internacional y los derechos humanos, carece de sustento jur\u00eddico y pone en riesgo la colaboraci\u00f3n decidida entre pa\u00edses y organismos internacionales para<strong> luchar contra la impunidad, la corrupci\u00f3n y los flagelos criminales que debilitan las democracias.\u00a0<\/strong><\/span><\/p>\n<p><span style=\"font-weight: 400;\">Se basa en una interpretaci\u00f3n descontextualizada de los logros obtenidos en el caso Odebrecht por la <strong>Fiscal\u00eda Especial contra la Impunidad de Guatemala<\/strong> dirigida por su entonces jefe, Juan Francisco Sandoval Alfaro, acompa\u00f1ado por personal nacional e internacional de la CICIG entre el que me cuento. En ese caso se construy\u00f3 y desarroll\u00f3 una metodolog\u00eda de investigaci\u00f3n que permiti\u00f3 rastrear y documentar la ruta del dinero entregado como soborno por la constructora brasile\u00f1a a altos funcionarios del Estado guatemalteco. El rigor y la solidez de esa investigaci\u00f3n generaron la reacci\u00f3n de los corruptos involucrados que pretenden desprestigiarla.<\/span><\/p>\n<p><span style=\"font-weight: 400;\">Por eso, m\u00e1s all\u00e1 de la inmunidad que me ampara e impide la expedici\u00f3n de la orden de captura internacional que ayer se dio por tramitada sin estarlo y que no ser\u00e1 emitida, teniendo en cuenta el comunicado del<strong> Gobierno de Guatemala<\/strong> que rechaza la petici\u00f3n del Ministerio P\u00fablico de ese pa\u00eds, me cobija la tranquilidad de mi inocencia en los hechos que con sesgo pol\u00edtico se me atribuyen.<\/span><\/p>\n<p><span style=\"font-weight: 400;\">Las actuaciones que se cuestionan, como cruzar correos o asistir a reuniones en que se discut\u00edan los t\u00e9rminos de colaboraci\u00f3n eficaz a que se sometieron los altos directivos de Odebrecht, fueron la base para la entrega de importante informaci\u00f3n sobre los receptores de las coimas pagadas y del compromiso de la multinacional de reconocer al Estado de Guatemala una indemnizaci\u00f3n de 16.5 millones de d\u00f3lares por los actos de corrupci\u00f3n que promovi\u00f3.<\/span><\/p>\n<p><span style=\"font-weight: 400;\">La inmunidad no significa impunidad: claro que puedo ser investigada pero observando las formas propias del debido proceso internacional. Es m\u00e1s da\u00f1ino difundir rumores y dejar un manto de duda sobre mi conducta, que ni en esa \u00e9poca ni ahora\u00a0 puede ser cuestionada.<\/span><\/p>\n<p><span style=\"font-weight: 400;\">Hago un llamado a la sensatez, al respeto por los compromisos asumidos conforme a la <strong>Carta de Naciones Unidas<\/strong>, y a la consolidaci\u00f3n de caminos de colaboraci\u00f3n, leg\u00edtimos y lejanos de la criminalizaci\u00f3n emprendida contra personas que luchan contra la corrupci\u00f3n, advertida hace una semana por la<strong> relatora especial de la ONU, Margaret Satterthwait.<\/strong><\/span><\/p>\n<p><span style=\"font-weight: 400;\">Agradezco el respaldo incondicional de quienes creen en las instituciones.<\/span><\/p>\n<p>&nbsp;<\/p>\n<p><b>LUZ ADRIANA CAMARGO GARZ\u00d3N<\/b><\/p>\n<p><span style=\"font-weight: 400;\">Fiscal general de la Naci\u00f3n<\/span><\/p>\n\n<div class=\"twitter-share\"><a href=\"https:\/\/twitter.com\/intent\/tweet?via=fiscaliacol\" class=\"twitter-share-button\">Tweet<\/a><\/div>\n","protected":false},"excerpt":{"rendered":"<p>La Fiscal\u00eda General de la Naci\u00f3n desarrolla en la actualidad un proceso silencioso de transformaci\u00f3n y renovaci\u00f3n dirigido, entre otros aspectos,\u00a0 a atacar la estructura de las organizaciones criminales que [&hellip;]<\/p>\n","protected":false},"author":182,"featured_media":0,"comment_status":"closed","ping_status":"open","sticky":false,"template":"","format":"standard","meta":{"tdm_status":"","tdm_grid_status":"","footnotes":""},"categories":[1],"tags":[32462,41719,35167,41724,741,427,41725,41726,31790,8672,1050,37492,1047,419,1165,41721,41723,41718,41722,36060,1150,148,25949,15442,41720,41717,40926,35802,41716,213],"class_list":["post-316587","post","type-post","status-publish","format-standard","category-noticias","tag-aiamp","tag-cicig","tag-coimas","tag-colaboracion-eficaz","tag-cooperacion-internacional","tag-corrupcion","tag-criminalizacion","tag-debido-proceso","tag-democracia","tag-derecho-internacional","tag-derechoa-humanos","tag-fiscal-luz-adriana-camargo","tag-fiscalia-general-de-la-nacion","tag-guatemala","tag-impunida","tag-inmunidad-diplomatica","tag-intimidacion-judicial","tag-investigacion-conjunta","tag-juan-francisco-sandoval","tag-margaret-satterthwaite","tag-naciones-unidas","tag-narcotrafico","tag-odebrecht","tag-organizaciones-criminales","tag-persecucion-judicial","tag-renovacion","tag-respaldo-institucional","tag-sobornos","tag-transformacion-institucional","tag-trata-de-personas"],"yoast_head":"<!-- This site is optimized with the Yoast SEO plugin v24.3 - https:\/\/yoast.com\/wordpress\/plugins\/seo\/ -->\n<title>Fiscal\u00eda General de la Naci\u00f3n<\/title>\n<meta name=\"description\" content=\"P\u00e1gina oficial de la Fiscal\u00eda General de la Naci\u00f3n \u2013 Colombia. Garantizamos el acceso efectivo a la justicia, la verdad y la reparaci\u00f3n de las v\u00edctimas de los delitos.\" \/>\n<meta name=\"robots\" content=\"noindex, follow\" \/>\n<meta property=\"og:locale\" content=\"es_ES\" \/>\n<meta property=\"og:type\" content=\"article\" \/>\n<meta property=\"og:title\" content=\"Fiscal\u00eda General de la Naci\u00f3n\" \/>\n<meta property=\"og:description\" content=\"P\u00e1gina oficial de la Fiscal\u00eda General de la Naci\u00f3n \u2013 Colombia. Garantizamos el acceso efectivo a la justicia, la verdad y la reparaci\u00f3n de las v\u00edctimas de los delitos.\" \/>\n<meta property=\"og:url\" content=\"https:\/\/www.fiscalia.gov.co\/colombia\/noticias\/comunicado-de-prensa-413\/\" \/>\n<meta property=\"og:site_name\" content=\"Fiscal\u00eda General de la Naci\u00f3n\" \/>\n<meta property=\"article:publisher\" content=\"https:\/\/www.facebook.com\/FiscaliaCol\" \/>\n<meta property=\"article:published_time\" content=\"2025-06-03T18:15:03+00:00\" \/>\n<meta name=\"author\" content=\"Paula Andrea Castillo Lenis\" \/>\n<meta name=\"twitter:card\" content=\"summary_large_image\" \/>\n<meta name=\"twitter:creator\" content=\"@FiscaliaCol\" \/>\n<meta name=\"twitter:site\" content=\"@FiscaliaCol\" \/>\n<meta name=\"twitter:label1\" content=\"Escrito por\" \/>\n\t<meta name=\"twitter:data1\" content=\"Paula Andrea Castillo Lenis\" \/>\n\t<meta name=\"twitter:label2\" content=\"Tiempo de lectura\" \/>\n\t<meta name=\"twitter:data2\" content=\"5 minutos\" \/>\n<script type=\"application\/ld+json\" class=\"yoast-schema-graph\">{\"@context\":\"https:\/\/schema.org\",\"@graph\":[{\"@type\":\"Article\",\"@id\":\"https:\/\/www.fiscalia.gov.co\/colombia\/noticias\/comunicado-de-prensa-413\/#article\",\"isPartOf\":{\"@id\":\"https:\/\/www.fiscalia.gov.co\/colombia\/noticias\/comunicado-de-prensa-413\/\"},\"author\":{\"name\":\"Paula Andrea Castillo Lenis\",\"@id\":\"https:\/\/www.fiscalia.gov.co\/colombia\/#\/schema\/person\/66c172905e0492f1de6bbe5f93c4668f\"},\"headline\":\"Comunicado de prensa 413\",\"datePublished\":\"2025-06-03T18:15:03+00:00\",\"dateModified\":\"2025-06-03T18:15:03+00:00\",\"mainEntityOfPage\":{\"@id\":\"https:\/\/www.fiscalia.gov.co\/colombia\/noticias\/comunicado-de-prensa-413\/\"},\"wordCount\":1071,\"publisher\":{\"@id\":\"https:\/\/www.fiscalia.gov.co\/colombia\/#organization\"},\"keywords\":[\"AIAMP\",\"CICIG\",\"coimas\",\"colaboraci\u00f3n eficaz\",\"Cooperaci\u00f3n Internacional\",\"Corrupci\u00f3n\",\"criminalizaci\u00f3n\",\"debido proceso\",\"Democracia\",\"Derecho Internacional\",\"Derechos Humanos\",\"Fiscal Luz Adriana Camargo\",\"Fiscal\u00eda General de la Naci\u00f3n\",\"Guatemala\",\"Impunidad\",\"inmunidad diplom\u00e1tica\",\"intimidaci\u00f3n judicial\",\"investigaci\u00f3n conjunta\",\"Juan Francisco Sandoval\",\"Margaret Satterthwaite\",\"Naciones Unidas\",\"Narcotr\u00e1fico\",\"Odebrecht\",\"Organizaciones criminales\",\"persecuci\u00f3n judicial\",\"renovaci\u00f3n\",\"respaldo institucional\",\"sobornos\",\"transformaci\u00f3n institucional\",\"Trata de personas\"],\"articleSection\":[\"Noticias\"],\"inLanguage\":\"es-CO\"},{\"@type\":\"WebPage\",\"@id\":\"https:\/\/www.fiscalia.gov.co\/colombia\/noticias\/comunicado-de-prensa-413\/\",\"url\":\"https:\/\/www.fiscalia.gov.co\/colombia\/noticias\/comunicado-de-prensa-413\/\",\"name\":\"Fiscal\u00eda General de la Naci\u00f3n\",\"isPartOf\":{\"@id\":\"https:\/\/www.fiscalia.gov.co\/colombia\/#website\"},\"datePublished\":\"2025-06-03T18:15:03+00:00\",\"dateModified\":\"2025-06-03T18:15:03+00:00\",\"description\":\"P\u00e1gina oficial de la Fiscal\u00eda General de la Naci\u00f3n \u2013 Colombia. Garantizamos el acceso efectivo a la justicia, la verdad y la reparaci\u00f3n de las v\u00edctimas de los delitos.\",\"breadcrumb\":{\"@id\":\"https:\/\/www.fiscalia.gov.co\/colombia\/noticias\/comunicado-de-prensa-413\/#breadcrumb\"},\"inLanguage\":\"es-CO\",\"potentialAction\":[{\"@type\":\"ReadAction\",\"target\":[\"https:\/\/www.fiscalia.gov.co\/colombia\/noticias\/comunicado-de-prensa-413\/\"]}]},{\"@type\":\"BreadcrumbList\",\"@id\":\"https:\/\/www.fiscalia.gov.co\/colombia\/noticias\/comunicado-de-prensa-413\/#breadcrumb\",\"itemListElement\":[{\"@type\":\"ListItem\",\"position\":1,\"name\":\"Home\",\"item\":\"https:\/\/www.fiscalia.gov.co\/colombia\/\"},{\"@type\":\"ListItem\",\"position\":2,\"name\":\"Comunicado de prensa 413\"}]},{\"@type\":\"WebSite\",\"@id\":\"https:\/\/www.fiscalia.gov.co\/colombia\/#website\",\"url\":\"https:\/\/www.fiscalia.gov.co\/colombia\/\",\"name\":\"Fiscal\u00eda General de la Naci\u00f3n\",\"description\":\"P\u00e1gina oficial de la Fiscal\u00eda General de la Naci\u00f3n \u2013 Colombia. Garantizamos el acceso efectivo a la justicia, la verdad y la reparaci\u00f3n de las v\u00edctimas de los delitos.\",\"publisher\":{\"@id\":\"https:\/\/www.fiscalia.gov.co\/colombia\/#organization\"},\"potentialAction\":[{\"@type\":\"SearchAction\",\"target\":{\"@type\":\"EntryPoint\",\"urlTemplate\":\"https:\/\/www.fiscalia.gov.co\/colombia\/?s={search_term_string}\"},\"query-input\":{\"@type\":\"PropertyValueSpecification\",\"valueRequired\":true,\"valueName\":\"search_term_string\"}}],\"inLanguage\":\"es-CO\"},{\"@type\":\"Organization\",\"@id\":\"https:\/\/www.fiscalia.gov.co\/colombia\/#organization\",\"name\":\"Fiscal\u00eda General de la Naci\u00f3n\",\"url\":\"https:\/\/www.fiscalia.gov.co\/colombia\/\",\"logo\":{\"@type\":\"ImageObject\",\"inLanguage\":\"es-CO\",\"@id\":\"https:\/\/www.fiscalia.gov.co\/colombia\/#\/schema\/logo\/image\/\",\"url\":\"https:\/\/www.fiscalia.gov.co\/colombia\/wp-content\/uploads\/LogoHorizontal_1.jpg\",\"contentUrl\":\"https:\/\/www.fiscalia.gov.co\/colombia\/wp-content\/uploads\/LogoHorizontal_1.jpg\",\"width\":300,\"height\":90,\"caption\":\"Fiscal\u00eda General de la Naci\u00f3n\"},\"image\":{\"@id\":\"https:\/\/www.fiscalia.gov.co\/colombia\/#\/schema\/logo\/image\/\"},\"sameAs\":[\"https:\/\/www.facebook.com\/FiscaliaCol\",\"https:\/\/x.com\/FiscaliaCol\",\"https:\/\/www.instagram.com\/fiscaliacol\",\"https:\/\/www.linkedin.com\/company\/fiscalia-general-de-la-naci-n\/\",\"https:\/\/youtube.com\/@fiscaliageneraldelanacion-4668?si=6nN79nyQICPU5iTh\"]},{\"@type\":\"Person\",\"@id\":\"https:\/\/www.fiscalia.gov.co\/colombia\/#\/schema\/person\/66c172905e0492f1de6bbe5f93c4668f\",\"name\":\"Paula Andrea Castillo Lenis\",\"image\":{\"@type\":\"ImageObject\",\"inLanguage\":\"es-CO\",\"@id\":\"https:\/\/www.fiscalia.gov.co\/colombia\/#\/schema\/person\/image\/\",\"url\":\"https:\/\/secure.gravatar.com\/avatar\/cb060d9561f2947c4102d1825739f868?s=96&d=mm&r=g\",\"contentUrl\":\"https:\/\/secure.gravatar.com\/avatar\/cb060d9561f2947c4102d1825739f868?s=96&d=mm&r=g\",\"caption\":\"Paula Andrea Castillo Lenis\"},\"url\":\"https:\/\/www.fiscalia.gov.co\/colombia\/author\/paula-castillo\/\"}]}<\/script>\n<!-- \/ Yoast SEO plugin. -->","yoast_head_json":{"title":"Fiscal\u00eda General de la Naci\u00f3n","description":"P\u00e1gina oficial de la Fiscal\u00eda General de la Naci\u00f3n \u2013 Colombia. Garantizamos el acceso efectivo a la justicia, la verdad y la reparaci\u00f3n de las v\u00edctimas de los delitos.","robots":{"index":"noindex","follow":"follow"},"og_locale":"es_ES","og_type":"article","og_title":"Fiscal\u00eda General de la Naci\u00f3n","og_description":"P\u00e1gina oficial de la Fiscal\u00eda General de la Naci\u00f3n \u2013 Colombia. Garantizamos el acceso efectivo a la justicia, la verdad y la reparaci\u00f3n de las v\u00edctimas de los delitos.","og_url":"https:\/\/www.fiscalia.gov.co\/colombia\/noticias\/comunicado-de-prensa-413\/","og_site_name":"Fiscal\u00eda General de la Naci\u00f3n","article_publisher":"https:\/\/www.facebook.com\/FiscaliaCol","article_published_time":"2025-06-03T18:15:03+00:00","author":"Paula Andrea Castillo Lenis","twitter_card":"summary_large_image","twitter_creator":"@FiscaliaCol","twitter_site":"@FiscaliaCol","twitter_misc":{"Escrito por":"Paula Andrea Castillo Lenis","Tiempo de lectura":"5 minutos"},"schema":{"@context":"https:\/\/schema.org","@graph":[{"@type":"Article","@id":"https:\/\/www.fiscalia.gov.co\/colombia\/noticias\/comunicado-de-prensa-413\/#article","isPartOf":{"@id":"https:\/\/www.fiscalia.gov.co\/colombia\/noticias\/comunicado-de-prensa-413\/"},"author":{"name":"Paula Andrea Castillo Lenis","@id":"https:\/\/www.fiscalia.gov.co\/colombia\/#\/schema\/person\/66c172905e0492f1de6bbe5f93c4668f"},"headline":"Comunicado de prensa 413","datePublished":"2025-06-03T18:15:03+00:00","dateModified":"2025-06-03T18:15:03+00:00","mainEntityOfPage":{"@id":"https:\/\/www.fiscalia.gov.co\/colombia\/noticias\/comunicado-de-prensa-413\/"},"wordCount":1071,"publisher":{"@id":"https:\/\/www.fiscalia.gov.co\/colombia\/#organization"},"keywords":["AIAMP","CICIG","coimas","colaboraci\u00f3n eficaz","Cooperaci\u00f3n Internacional","Corrupci\u00f3n","criminalizaci\u00f3n","debido proceso","Democracia","Derecho Internacional","Derechos Humanos","Fiscal Luz Adriana Camargo","Fiscal\u00eda General de la Naci\u00f3n","Guatemala","Impunidad","inmunidad diplom\u00e1tica","intimidaci\u00f3n judicial","investigaci\u00f3n conjunta","Juan Francisco Sandoval","Margaret Satterthwaite","Naciones Unidas","Narcotr\u00e1fico","Odebrecht","Organizaciones criminales","persecuci\u00f3n judicial","renovaci\u00f3n","respaldo institucional","sobornos","transformaci\u00f3n institucional","Trata de personas"],"articleSection":["Noticias"],"inLanguage":"es-CO"},{"@type":"WebPage","@id":"https:\/\/www.fiscalia.gov.co\/colombia\/noticias\/comunicado-de-prensa-413\/","url":"https:\/\/www.fiscalia.gov.co\/colombia\/noticias\/comunicado-de-prensa-413\/","name":"Fiscal\u00eda General de la Naci\u00f3n","isPartOf":{"@id":"https:\/\/www.fiscalia.gov.co\/colombia\/#website"},"datePublished":"2025-06-03T18:15:03+00:00","dateModified":"2025-06-03T18:15:03+00:00","description":"P\u00e1gina oficial de la Fiscal\u00eda General de la Naci\u00f3n \u2013 Colombia. Garantizamos el acceso efectivo a la justicia, la verdad y la reparaci\u00f3n de las v\u00edctimas de los delitos.","breadcrumb":{"@id":"https:\/\/www.fiscalia.gov.co\/colombia\/noticias\/comunicado-de-prensa-413\/#breadcrumb"},"inLanguage":"es-CO","potentialAction":[{"@type":"ReadAction","target":["https:\/\/www.fiscalia.gov.co\/colombia\/noticias\/comunicado-de-prensa-413\/"]}]},{"@type":"BreadcrumbList","@id":"https:\/\/www.fiscalia.gov.co\/colombia\/noticias\/comunicado-de-prensa-413\/#breadcrumb","itemListElement":[{"@type":"ListItem","position":1,"name":"Home","item":"https:\/\/www.fiscalia.gov.co\/colombia\/"},{"@type":"ListItem","position":2,"name":"Comunicado de prensa 413"}]},{"@type":"WebSite","@id":"https:\/\/www.fiscalia.gov.co\/colombia\/#website","url":"https:\/\/www.fiscalia.gov.co\/colombia\/","name":"Fiscal\u00eda General de la Naci\u00f3n","description":"P\u00e1gina oficial de la Fiscal\u00eda General de la Naci\u00f3n \u2013 Colombia. Garantizamos el acceso efectivo a la justicia, la verdad y la reparaci\u00f3n de las v\u00edctimas de los delitos.","publisher":{"@id":"https:\/\/www.fiscalia.gov.co\/colombia\/#organization"},"potentialAction":[{"@type":"SearchAction","target":{"@type":"EntryPoint","urlTemplate":"https:\/\/www.fiscalia.gov.co\/colombia\/?s={search_term_string}"},"query-input":{"@type":"PropertyValueSpecification","valueRequired":true,"valueName":"search_term_string"}}],"inLanguage":"es-CO"},{"@type":"Organization","@id":"https:\/\/www.fiscalia.gov.co\/colombia\/#organization","name":"Fiscal\u00eda General de la Naci\u00f3n","url":"https:\/\/www.fiscalia.gov.co\/colombia\/","logo":{"@type":"ImageObject","inLanguage":"es-CO","@id":"https:\/\/www.fiscalia.gov.co\/colombia\/#\/schema\/logo\/image\/","url":"https:\/\/www.fiscalia.gov.co\/colombia\/wp-content\/uploads\/LogoHorizontal_1.jpg","contentUrl":"https:\/\/www.fiscalia.gov.co\/colombia\/wp-content\/uploads\/LogoHorizontal_1.jpg","width":300,"height":90,"caption":"Fiscal\u00eda General de la Naci\u00f3n"},"image":{"@id":"https:\/\/www.fiscalia.gov.co\/colombia\/#\/schema\/logo\/image\/"},"sameAs":["https:\/\/www.facebook.com\/FiscaliaCol","https:\/\/x.com\/FiscaliaCol","https:\/\/www.instagram.com\/fiscaliacol","https:\/\/www.linkedin.com\/company\/fiscalia-general-de-la-naci-n\/","https:\/\/youtube.com\/@fiscaliageneraldelanacion-4668?si=6nN79nyQICPU5iTh"]},{"@type":"Person","@id":"https:\/\/www.fiscalia.gov.co\/colombia\/#\/schema\/person\/66c172905e0492f1de6bbe5f93c4668f","name":"Paula Andrea Castillo Lenis","image":{"@type":"ImageObject","inLanguage":"es-CO","@id":"https:\/\/www.fiscalia.gov.co\/colombia\/#\/schema\/person\/image\/","url":"https:\/\/secure.gravatar.com\/avatar\/cb060d9561f2947c4102d1825739f868?s=96&d=mm&r=g","contentUrl":"https:\/\/secure.gravatar.com\/avatar\/cb060d9561f2947c4102d1825739f868?s=96&d=mm&r=g","caption":"Paula Andrea Castillo Lenis"},"url":"https:\/\/www.fiscalia.gov.co\/colombia\/author\/paula-castillo\/"}]}},"_links":{"self":[{"href":"https:\/\/www.fiscalia.gov.co\/colombia\/wp-json\/wp\/v2\/posts\/316587","targetHints":{"allow":["GET"]}}],"collection":[{"href":"https:\/\/www.fiscalia.gov.co\/colombia\/wp-json\/wp\/v2\/posts"}],"about":[{"href":"https:\/\/www.fiscalia.gov.co\/colombia\/wp-json\/wp\/v2\/types\/post"}],"author":[{"embeddable":true,"href":"https:\/\/www.fiscalia.gov.co\/colombia\/wp-json\/wp\/v2\/users\/182"}],"replies":[{"embeddable":true,"href":"https:\/\/www.fiscalia.gov.co\/colombia\/wp-json\/wp\/v2\/comments?post=316587"}],"version-history":[{"count":1,"href":"https:\/\/www.fiscalia.gov.co\/colombia\/wp-json\/wp\/v2\/posts\/316587\/revisions"}],"predecessor-version":[{"id":316588,"href":"https:\/\/www.fiscalia.gov.co\/colombia\/wp-json\/wp\/v2\/posts\/316587\/revisions\/316588"}],"wp:attachment":[{"href":"https:\/\/www.fiscalia.gov.co\/colombia\/wp-json\/wp\/v2\/media?parent=316587"}],"wp:term":[{"taxonomy":"category","embeddable":true,"href":"https:\/\/www.fiscalia.gov.co\/colombia\/wp-json\/wp\/v2\/categories?post=316587"},{"taxonomy":"post_tag","embeddable":true,"href":"https:\/\/www.fiscalia.gov.co\/colombia\/wp-json\/wp\/v2\/tags?post=316587"}],"curies":[{"name":"wp","href":"https:\/\/api.w.org\/{rel}","templated":true}]}}