{"id":316523,"date":"2025-06-02T08:07:31","date_gmt":"2025-06-02T13:07:31","guid":{"rendered":"https:\/\/www.fiscalia.gov.co\/colombia\/?p=316523"},"modified":"2025-06-02T08:07:31","modified_gmt":"2025-06-02T13:07:31","slug":"fiscalia-afecta-a-red-delictiva-senalada-de-gestionar-visas-estadounidenses-con-informacion-falsa","status":"publish","type":"post","link":"https:\/\/www.fiscalia.gov.co\/colombia\/noticias\/fiscalia-afecta-a-red-delictiva-senalada-de-gestionar-visas-estadounidenses-con-informacion-falsa\/","title":{"rendered":"Fiscal\u00eda afecta a red delictiva se\u00f1alada de gestionar visas estadounidenses con informaci\u00f3n falsa"},"content":{"rendered":"<blockquote>\n<h4 class=\"p1\" style=\"text-align: left;\"><span class=\"s1\">Tres de los presuntos integrantes fueron judicializados. Ser\u00edan los responsables de crear perfiles con informaci\u00f3n laboral y financiera falsa para inducir en error a los funcionarios de la embajada de Estados Unidos en Colombia.<\/span><\/h4>\n<\/blockquote>\n<p class=\"p1\"><span class=\"s2\">La <strong>Fiscal\u00eda General de la Naci\u00f3n<\/strong> logr\u00f3 la judicializaci\u00f3n de Luis Cesar Su\u00e1rez Badillo, Ella Marina Ram\u00edrez Aguilar y Silvia Marcela Murcia Barrag\u00e1n, los presuntos integrantes de una red delictiva con injerencia en la <strong>Costa Atl\u00e1ntica<\/strong> que ser\u00eda la responsable de gestionar <strong>visas estadounidenses<\/strong> con informaci\u00f3n falsa de los aspirantes.<\/span><\/p>\n<p class=\"p1\"><span class=\"s2\">Una fiscal del <strong>Grupo de Tr\u00e1fico de Migrantes y Trata de Personas de la Direcci\u00f3n Especializada contra las Violaciones a los Derechos Humanos<\/strong> los present\u00f3 ante un juez de control de garant\u00edas y les imput\u00f3 los delitos de concierto para delinquir agravado y tr\u00e1fico de migrantes. \u00a0<\/span><\/p>\n<p class=\"p1\"><span class=\"s2\">De acuerdo con los <strong>elementos materiales probatorios<\/strong>, los hoy procesados estar\u00edan involucrados en, por lo menos, cinco eventos delictivos ocurridos entre 2023 y 2024. Al parecer, contactaron a ciudadanos residentes en <strong>Barranquilla (Atl\u00e1ntico)<\/strong> y, a cambio de sumas que ascend\u00edan a 800.000 pesos, les garantizaron la obtenci\u00f3n o renovaci\u00f3n de visas de turista a <strong>Estados Unidos.<\/strong><\/span><\/p>\n<p class=\"p1\"><span class=\"s2\">Para este prop\u00f3sito habr\u00edan elaborado perfiles financieros, laborales y econ\u00f3micos falsos de los solicitantes, y plasmado en los formularios datos que no correspond\u00edan a la realidad, como altos ingresos, titularidad sobre bienes y negocios entre otras inconsistencias. De esta manera, fueron inducidos en error los funcionarios de la <strong>Embajada de Estados Unidos en Colombia<\/strong>, quienes tramitaron y en algunos casos alcanzaron a autorizar la expedici\u00f3n de las visas.<\/span><\/p>\n<p class=\"p1\"><span class=\"s2\">Su\u00e1rez Badillo, Ram\u00edrez Aguilar y Murcia Barrag\u00e1n no aceptaron los cargos formulados por la Fiscal\u00eda y recibieron <strong>medida de aseguramiento privativa de la libertad<\/strong> en sus lugares de residencia. <\/span><\/p>\n<p class=\"p1\"><span class=\"s2\">Esta informaci\u00f3n se publica por razones de inter\u00e9s general.<\/span><\/p>\n<p class=\"p1\"><span class=\"s2\">LAGP\/JARG\/<\/span><\/p>\n<p class=\"p1\"><span class=\"s2\">\u00a0<\/span><\/p>\n<p class=\"p1\"><em><span class=\"s1\">La informaci\u00f3n contenida en este bolet\u00edn de prensa corresponde a la narraci\u00f3n de los hechos noticiosos objetivos, suministrados por los funcionarios encargados de adelantar las investigaciones penales al interior de la Fiscal\u00eda General de la Naci\u00f3n. Para el momento de la divulgaci\u00f3n de este comunicado, la situaci\u00f3n jur\u00eddica de la(s) persona(s) relacionada(s) se encuentra pendiente de resolver por la autoridad judicial competente, siempre bajo los preceptos de la presunci\u00f3n de inocencia, consagrados en el art\u00edculo 29 de la Constituci\u00f3n Pol\u00edtica y el art\u00edculo 7\u00ba de la Ley 906 de 2004.<\/span><\/em><\/p>\n<p class=\"p1\">\n\n<div class=\"twitter-share\"><a href=\"https:\/\/twitter.com\/intent\/tweet?via=fiscaliacol\" class=\"twitter-share-button\">Tweet<\/a><\/div>\n","protected":false},"excerpt":{"rendered":"<p>Tres de los presuntos integrantes fueron judicializados. Ser\u00edan los responsables de crear perfiles con informaci\u00f3n laboral y financiera falsa para inducir en error a los funcionarios de la embajada de [&hellip;]<\/p>\n","protected":false},"author":182,"featured_media":0,"comment_status":"closed","ping_status":"open","sticky":false,"template":"","format":"standard","meta":{"tdm_status":"","tdm_grid_status":"","footnotes":""},"categories":[1],"tags":[33715,36878,23829,2677,7336,15585,41695,36494,41691,1415,1047,41697,41694,35773,25812,41690,1185,41114,32324,41692,38170,4634,213,41696,41693],"class_list":["post-316523","post","type-post","status-publish","format-standard","category-noticias","tag-33715","tag-36878","tag-barranquilla","tag-colombia","tag-concierto-para-delinquir-agravado","tag-costa-atlantica","tag-delitos-migratorios","tag-direccion-especializada-contra-las-violaciones-a-los-derechos-humanos","tag-ella-marina-ramirez-aguilar","tag-embajada-de-estados-unidos","tag-fiscalia-general-de-la-nacion","tag-fraude-migratorio","tag-grupo-de-trafico-de-migrantes","tag-informacion-falsa","tag-judicializacion","tag-luis-cesar-suarez-badillo","tag-medida-de-aseguramiento","tag-perfiles-falsos","tag-red-delictiva","tag-silvia-marcela-murcia-barragan","tag-sumas-de-dinero","tag-trafico-de-migrantes","tag-trata-de-personas","tag-visa-de-turista","tag-visas-falsas"],"yoast_head":"<!-- This site is optimized with the Yoast SEO plugin v24.3 - https:\/\/yoast.com\/wordpress\/plugins\/seo\/ -->\n<title>Fiscal\u00eda General de la Naci\u00f3n<\/title>\n<meta name=\"description\" content=\"P\u00e1gina oficial de la Fiscal\u00eda General de la Naci\u00f3n \u2013 Colombia. Garantizamos el acceso efectivo a la justicia, la verdad y la reparaci\u00f3n de las v\u00edctimas de los delitos.\" \/>\n<meta name=\"robots\" content=\"noindex, follow\" \/>\n<meta property=\"og:locale\" content=\"es_ES\" \/>\n<meta property=\"og:type\" content=\"article\" \/>\n<meta property=\"og:title\" content=\"Fiscal\u00eda General de la Naci\u00f3n\" \/>\n<meta property=\"og:description\" content=\"P\u00e1gina oficial de la Fiscal\u00eda General de la Naci\u00f3n \u2013 Colombia. Garantizamos el acceso efectivo a la justicia, la verdad y la reparaci\u00f3n de las v\u00edctimas de los delitos.\" \/>\n<meta property=\"og:url\" content=\"https:\/\/www.fiscalia.gov.co\/colombia\/noticias\/fiscalia-afecta-a-red-delictiva-senalada-de-gestionar-visas-estadounidenses-con-informacion-falsa\/\" \/>\n<meta property=\"og:site_name\" content=\"Fiscal\u00eda General de la Naci\u00f3n\" \/>\n<meta property=\"article:publisher\" content=\"https:\/\/www.facebook.com\/FiscaliaCol\" \/>\n<meta property=\"article:published_time\" content=\"2025-06-02T13:07:31+00:00\" \/>\n<meta name=\"author\" content=\"Paula Andrea Castillo Lenis\" \/>\n<meta name=\"twitter:card\" content=\"summary_large_image\" \/>\n<meta name=\"twitter:creator\" content=\"@FiscaliaCol\" \/>\n<meta name=\"twitter:site\" content=\"@FiscaliaCol\" \/>\n<meta name=\"twitter:label1\" content=\"Escrito por\" \/>\n\t<meta name=\"twitter:data1\" content=\"Paula Andrea Castillo Lenis\" \/>\n\t<meta name=\"twitter:label2\" content=\"Tiempo de lectura\" \/>\n\t<meta name=\"twitter:data2\" content=\"2 minutos\" \/>\n<script type=\"application\/ld+json\" class=\"yoast-schema-graph\">{\"@context\":\"https:\/\/schema.org\",\"@graph\":[{\"@type\":\"Article\",\"@id\":\"https:\/\/www.fiscalia.gov.co\/colombia\/noticias\/fiscalia-afecta-a-red-delictiva-senalada-de-gestionar-visas-estadounidenses-con-informacion-falsa\/#article\",\"isPartOf\":{\"@id\":\"https:\/\/www.fiscalia.gov.co\/colombia\/noticias\/fiscalia-afecta-a-red-delictiva-senalada-de-gestionar-visas-estadounidenses-con-informacion-falsa\/\"},\"author\":{\"name\":\"Paula Andrea Castillo Lenis\",\"@id\":\"https:\/\/www.fiscalia.gov.co\/colombia\/#\/schema\/person\/66c172905e0492f1de6bbe5f93c4668f\"},\"headline\":\"Fiscal\u00eda afecta a red delictiva se\u00f1alada de gestionar visas estadounidenses con informaci\u00f3n falsa\",\"datePublished\":\"2025-06-02T13:07:31+00:00\",\"dateModified\":\"2025-06-02T13:07:31+00:00\",\"mainEntityOfPage\":{\"@id\":\"https:\/\/www.fiscalia.gov.co\/colombia\/noticias\/fiscalia-afecta-a-red-delictiva-senalada-de-gestionar-visas-estadounidenses-con-informacion-falsa\/\"},\"wordCount\":440,\"publisher\":{\"@id\":\"https:\/\/www.fiscalia.gov.co\/colombia\/#organization\"},\"keywords\":[\"2023\",\"2024\",\"Barranquilla\",\"Colombia\",\"Concierto para delinquir agravado\",\"Costa Atl\u00e1ntica\",\"delitos migratorios\",\"Direcci\u00f3n Especializada contra las Violaciones a los Derechos Humanos\",\"Ella Marina Ram\u00edrez Aguilar\",\"Embajada de Estados Unidos\",\"Fiscal\u00eda General de la Naci\u00f3n\",\"fraude migratorio\",\"Grupo de Tr\u00e1fico de Migrantes\",\"informaci\u00f3n falsa\",\"Judicializaci\u00f3n\",\"Luis Cesar Su\u00e1rez Badillo\",\"Medida de aseguramiento\",\"perfiles falsos\",\"red delictiva\",\"Silvia Marcela Murcia Barrag\u00e1n\",\"sumas de dinero\",\"Tr\u00e1fico de migrantes\",\"Trata de personas\",\"visa de turista\",\"visas falsas\"],\"articleSection\":[\"Noticias\"],\"inLanguage\":\"es-CO\"},{\"@type\":\"WebPage\",\"@id\":\"https:\/\/www.fiscalia.gov.co\/colombia\/noticias\/fiscalia-afecta-a-red-delictiva-senalada-de-gestionar-visas-estadounidenses-con-informacion-falsa\/\",\"url\":\"https:\/\/www.fiscalia.gov.co\/colombia\/noticias\/fiscalia-afecta-a-red-delictiva-senalada-de-gestionar-visas-estadounidenses-con-informacion-falsa\/\",\"name\":\"Fiscal\u00eda General de la Naci\u00f3n\",\"isPartOf\":{\"@id\":\"https:\/\/www.fiscalia.gov.co\/colombia\/#website\"},\"datePublished\":\"2025-06-02T13:07:31+00:00\",\"dateModified\":\"2025-06-02T13:07:31+00:00\",\"description\":\"P\u00e1gina oficial de la Fiscal\u00eda General de la Naci\u00f3n \u2013 Colombia. Garantizamos el acceso efectivo a la justicia, la verdad y la reparaci\u00f3n de las v\u00edctimas de los delitos.\",\"breadcrumb\":{\"@id\":\"https:\/\/www.fiscalia.gov.co\/colombia\/noticias\/fiscalia-afecta-a-red-delictiva-senalada-de-gestionar-visas-estadounidenses-con-informacion-falsa\/#breadcrumb\"},\"inLanguage\":\"es-CO\",\"potentialAction\":[{\"@type\":\"ReadAction\",\"target\":[\"https:\/\/www.fiscalia.gov.co\/colombia\/noticias\/fiscalia-afecta-a-red-delictiva-senalada-de-gestionar-visas-estadounidenses-con-informacion-falsa\/\"]}]},{\"@type\":\"BreadcrumbList\",\"@id\":\"https:\/\/www.fiscalia.gov.co\/colombia\/noticias\/fiscalia-afecta-a-red-delictiva-senalada-de-gestionar-visas-estadounidenses-con-informacion-falsa\/#breadcrumb\",\"itemListElement\":[{\"@type\":\"ListItem\",\"position\":1,\"name\":\"Home\",\"item\":\"https:\/\/www.fiscalia.gov.co\/colombia\/\"},{\"@type\":\"ListItem\",\"position\":2,\"name\":\"Fiscal\u00eda afecta a red delictiva se\u00f1alada de gestionar visas estadounidenses con informaci\u00f3n falsa\"}]},{\"@type\":\"WebSite\",\"@id\":\"https:\/\/www.fiscalia.gov.co\/colombia\/#website\",\"url\":\"https:\/\/www.fiscalia.gov.co\/colombia\/\",\"name\":\"Fiscal\u00eda General de la Naci\u00f3n\",\"description\":\"P\u00e1gina oficial de la Fiscal\u00eda General de la Naci\u00f3n \u2013 Colombia. Garantizamos el acceso efectivo a la justicia, la verdad y la reparaci\u00f3n de las v\u00edctimas de los delitos.\",\"publisher\":{\"@id\":\"https:\/\/www.fiscalia.gov.co\/colombia\/#organization\"},\"potentialAction\":[{\"@type\":\"SearchAction\",\"target\":{\"@type\":\"EntryPoint\",\"urlTemplate\":\"https:\/\/www.fiscalia.gov.co\/colombia\/?s={search_term_string}\"},\"query-input\":{\"@type\":\"PropertyValueSpecification\",\"valueRequired\":true,\"valueName\":\"search_term_string\"}}],\"inLanguage\":\"es-CO\"},{\"@type\":\"Organization\",\"@id\":\"https:\/\/www.fiscalia.gov.co\/colombia\/#organization\",\"name\":\"Fiscal\u00eda General de la Naci\u00f3n\",\"url\":\"https:\/\/www.fiscalia.gov.co\/colombia\/\",\"logo\":{\"@type\":\"ImageObject\",\"inLanguage\":\"es-CO\",\"@id\":\"https:\/\/www.fiscalia.gov.co\/colombia\/#\/schema\/logo\/image\/\",\"url\":\"https:\/\/www.fiscalia.gov.co\/colombia\/wp-content\/uploads\/LogoHorizontal_1.jpg\",\"contentUrl\":\"https:\/\/www.fiscalia.gov.co\/colombia\/wp-content\/uploads\/LogoHorizontal_1.jpg\",\"width\":300,\"height\":90,\"caption\":\"Fiscal\u00eda General de la Naci\u00f3n\"},\"image\":{\"@id\":\"https:\/\/www.fiscalia.gov.co\/colombia\/#\/schema\/logo\/image\/\"},\"sameAs\":[\"https:\/\/www.facebook.com\/FiscaliaCol\",\"https:\/\/x.com\/FiscaliaCol\",\"https:\/\/www.instagram.com\/fiscaliacol\",\"https:\/\/www.linkedin.com\/company\/fiscalia-general-de-la-naci-n\/\",\"https:\/\/youtube.com\/@fiscaliageneraldelanacion-4668?si=6nN79nyQICPU5iTh\"]},{\"@type\":\"Person\",\"@id\":\"https:\/\/www.fiscalia.gov.co\/colombia\/#\/schema\/person\/66c172905e0492f1de6bbe5f93c4668f\",\"name\":\"Paula Andrea Castillo Lenis\",\"image\":{\"@type\":\"ImageObject\",\"inLanguage\":\"es-CO\",\"@id\":\"https:\/\/www.fiscalia.gov.co\/colombia\/#\/schema\/person\/image\/\",\"url\":\"https:\/\/secure.gravatar.com\/avatar\/cb060d9561f2947c4102d1825739f868?s=96&d=mm&r=g\",\"contentUrl\":\"https:\/\/secure.gravatar.com\/avatar\/cb060d9561f2947c4102d1825739f868?s=96&d=mm&r=g\",\"caption\":\"Paula Andrea Castillo Lenis\"},\"url\":\"https:\/\/www.fiscalia.gov.co\/colombia\/author\/paula-castillo\/\"}]}<\/script>\n<!-- \/ Yoast SEO plugin. -->","yoast_head_json":{"title":"Fiscal\u00eda General de la Naci\u00f3n","description":"P\u00e1gina oficial de la Fiscal\u00eda General de la Naci\u00f3n \u2013 Colombia. Garantizamos el acceso efectivo a la justicia, la verdad y la reparaci\u00f3n de las v\u00edctimas de los delitos.","robots":{"index":"noindex","follow":"follow"},"og_locale":"es_ES","og_type":"article","og_title":"Fiscal\u00eda General de la Naci\u00f3n","og_description":"P\u00e1gina oficial de la Fiscal\u00eda General de la Naci\u00f3n \u2013 Colombia. Garantizamos el acceso efectivo a la justicia, la verdad y la reparaci\u00f3n de las v\u00edctimas de los delitos.","og_url":"https:\/\/www.fiscalia.gov.co\/colombia\/noticias\/fiscalia-afecta-a-red-delictiva-senalada-de-gestionar-visas-estadounidenses-con-informacion-falsa\/","og_site_name":"Fiscal\u00eda General de la Naci\u00f3n","article_publisher":"https:\/\/www.facebook.com\/FiscaliaCol","article_published_time":"2025-06-02T13:07:31+00:00","author":"Paula Andrea Castillo Lenis","twitter_card":"summary_large_image","twitter_creator":"@FiscaliaCol","twitter_site":"@FiscaliaCol","twitter_misc":{"Escrito por":"Paula Andrea Castillo Lenis","Tiempo de lectura":"2 minutos"},"schema":{"@context":"https:\/\/schema.org","@graph":[{"@type":"Article","@id":"https:\/\/www.fiscalia.gov.co\/colombia\/noticias\/fiscalia-afecta-a-red-delictiva-senalada-de-gestionar-visas-estadounidenses-con-informacion-falsa\/#article","isPartOf":{"@id":"https:\/\/www.fiscalia.gov.co\/colombia\/noticias\/fiscalia-afecta-a-red-delictiva-senalada-de-gestionar-visas-estadounidenses-con-informacion-falsa\/"},"author":{"name":"Paula Andrea Castillo Lenis","@id":"https:\/\/www.fiscalia.gov.co\/colombia\/#\/schema\/person\/66c172905e0492f1de6bbe5f93c4668f"},"headline":"Fiscal\u00eda afecta a red delictiva se\u00f1alada de gestionar visas estadounidenses con informaci\u00f3n falsa","datePublished":"2025-06-02T13:07:31+00:00","dateModified":"2025-06-02T13:07:31+00:00","mainEntityOfPage":{"@id":"https:\/\/www.fiscalia.gov.co\/colombia\/noticias\/fiscalia-afecta-a-red-delictiva-senalada-de-gestionar-visas-estadounidenses-con-informacion-falsa\/"},"wordCount":440,"publisher":{"@id":"https:\/\/www.fiscalia.gov.co\/colombia\/#organization"},"keywords":["2023","2024","Barranquilla","Colombia","Concierto para delinquir agravado","Costa Atl\u00e1ntica","delitos migratorios","Direcci\u00f3n Especializada contra las Violaciones a los Derechos Humanos","Ella Marina Ram\u00edrez Aguilar","Embajada de Estados Unidos","Fiscal\u00eda General de la Naci\u00f3n","fraude migratorio","Grupo de Tr\u00e1fico de Migrantes","informaci\u00f3n falsa","Judicializaci\u00f3n","Luis Cesar Su\u00e1rez Badillo","Medida de aseguramiento","perfiles falsos","red delictiva","Silvia Marcela Murcia Barrag\u00e1n","sumas de dinero","Tr\u00e1fico de migrantes","Trata de personas","visa de turista","visas falsas"],"articleSection":["Noticias"],"inLanguage":"es-CO"},{"@type":"WebPage","@id":"https:\/\/www.fiscalia.gov.co\/colombia\/noticias\/fiscalia-afecta-a-red-delictiva-senalada-de-gestionar-visas-estadounidenses-con-informacion-falsa\/","url":"https:\/\/www.fiscalia.gov.co\/colombia\/noticias\/fiscalia-afecta-a-red-delictiva-senalada-de-gestionar-visas-estadounidenses-con-informacion-falsa\/","name":"Fiscal\u00eda General de la Naci\u00f3n","isPartOf":{"@id":"https:\/\/www.fiscalia.gov.co\/colombia\/#website"},"datePublished":"2025-06-02T13:07:31+00:00","dateModified":"2025-06-02T13:07:31+00:00","description":"P\u00e1gina oficial de la Fiscal\u00eda General de la Naci\u00f3n \u2013 Colombia. Garantizamos el acceso efectivo a la justicia, la verdad y la reparaci\u00f3n de las v\u00edctimas de los delitos.","breadcrumb":{"@id":"https:\/\/www.fiscalia.gov.co\/colombia\/noticias\/fiscalia-afecta-a-red-delictiva-senalada-de-gestionar-visas-estadounidenses-con-informacion-falsa\/#breadcrumb"},"inLanguage":"es-CO","potentialAction":[{"@type":"ReadAction","target":["https:\/\/www.fiscalia.gov.co\/colombia\/noticias\/fiscalia-afecta-a-red-delictiva-senalada-de-gestionar-visas-estadounidenses-con-informacion-falsa\/"]}]},{"@type":"BreadcrumbList","@id":"https:\/\/www.fiscalia.gov.co\/colombia\/noticias\/fiscalia-afecta-a-red-delictiva-senalada-de-gestionar-visas-estadounidenses-con-informacion-falsa\/#breadcrumb","itemListElement":[{"@type":"ListItem","position":1,"name":"Home","item":"https:\/\/www.fiscalia.gov.co\/colombia\/"},{"@type":"ListItem","position":2,"name":"Fiscal\u00eda afecta a red delictiva se\u00f1alada de gestionar visas estadounidenses con informaci\u00f3n falsa"}]},{"@type":"WebSite","@id":"https:\/\/www.fiscalia.gov.co\/colombia\/#website","url":"https:\/\/www.fiscalia.gov.co\/colombia\/","name":"Fiscal\u00eda General de la Naci\u00f3n","description":"P\u00e1gina oficial de la Fiscal\u00eda General de la Naci\u00f3n \u2013 Colombia. Garantizamos el acceso efectivo a la justicia, la verdad y la reparaci\u00f3n de las v\u00edctimas de los delitos.","publisher":{"@id":"https:\/\/www.fiscalia.gov.co\/colombia\/#organization"},"potentialAction":[{"@type":"SearchAction","target":{"@type":"EntryPoint","urlTemplate":"https:\/\/www.fiscalia.gov.co\/colombia\/?s={search_term_string}"},"query-input":{"@type":"PropertyValueSpecification","valueRequired":true,"valueName":"search_term_string"}}],"inLanguage":"es-CO"},{"@type":"Organization","@id":"https:\/\/www.fiscalia.gov.co\/colombia\/#organization","name":"Fiscal\u00eda General de la Naci\u00f3n","url":"https:\/\/www.fiscalia.gov.co\/colombia\/","logo":{"@type":"ImageObject","inLanguage":"es-CO","@id":"https:\/\/www.fiscalia.gov.co\/colombia\/#\/schema\/logo\/image\/","url":"https:\/\/www.fiscalia.gov.co\/colombia\/wp-content\/uploads\/LogoHorizontal_1.jpg","contentUrl":"https:\/\/www.fiscalia.gov.co\/colombia\/wp-content\/uploads\/LogoHorizontal_1.jpg","width":300,"height":90,"caption":"Fiscal\u00eda General de la Naci\u00f3n"},"image":{"@id":"https:\/\/www.fiscalia.gov.co\/colombia\/#\/schema\/logo\/image\/"},"sameAs":["https:\/\/www.facebook.com\/FiscaliaCol","https:\/\/x.com\/FiscaliaCol","https:\/\/www.instagram.com\/fiscaliacol","https:\/\/www.linkedin.com\/company\/fiscalia-general-de-la-naci-n\/","https:\/\/youtube.com\/@fiscaliageneraldelanacion-4668?si=6nN79nyQICPU5iTh"]},{"@type":"Person","@id":"https:\/\/www.fiscalia.gov.co\/colombia\/#\/schema\/person\/66c172905e0492f1de6bbe5f93c4668f","name":"Paula Andrea Castillo Lenis","image":{"@type":"ImageObject","inLanguage":"es-CO","@id":"https:\/\/www.fiscalia.gov.co\/colombia\/#\/schema\/person\/image\/","url":"https:\/\/secure.gravatar.com\/avatar\/cb060d9561f2947c4102d1825739f868?s=96&d=mm&r=g","contentUrl":"https:\/\/secure.gravatar.com\/avatar\/cb060d9561f2947c4102d1825739f868?s=96&d=mm&r=g","caption":"Paula Andrea Castillo Lenis"},"url":"https:\/\/www.fiscalia.gov.co\/colombia\/author\/paula-castillo\/"}]}},"_links":{"self":[{"href":"https:\/\/www.fiscalia.gov.co\/colombia\/wp-json\/wp\/v2\/posts\/316523","targetHints":{"allow":["GET"]}}],"collection":[{"href":"https:\/\/www.fiscalia.gov.co\/colombia\/wp-json\/wp\/v2\/posts"}],"about":[{"href":"https:\/\/www.fiscalia.gov.co\/colombia\/wp-json\/wp\/v2\/types\/post"}],"author":[{"embeddable":true,"href":"https:\/\/www.fiscalia.gov.co\/colombia\/wp-json\/wp\/v2\/users\/182"}],"replies":[{"embeddable":true,"href":"https:\/\/www.fiscalia.gov.co\/colombia\/wp-json\/wp\/v2\/comments?post=316523"}],"version-history":[{"count":1,"href":"https:\/\/www.fiscalia.gov.co\/colombia\/wp-json\/wp\/v2\/posts\/316523\/revisions"}],"predecessor-version":[{"id":316524,"href":"https:\/\/www.fiscalia.gov.co\/colombia\/wp-json\/wp\/v2\/posts\/316523\/revisions\/316524"}],"wp:attachment":[{"href":"https:\/\/www.fiscalia.gov.co\/colombia\/wp-json\/wp\/v2\/media?parent=316523"}],"wp:term":[{"taxonomy":"category","embeddable":true,"href":"https:\/\/www.fiscalia.gov.co\/colombia\/wp-json\/wp\/v2\/categories?post=316523"},{"taxonomy":"post_tag","embeddable":true,"href":"https:\/\/www.fiscalia.gov.co\/colombia\/wp-json\/wp\/v2\/tags?post=316523"}],"curies":[{"name":"wp","href":"https:\/\/api.w.org\/{rel}","templated":true}]}}