{"id":316517,"date":"2025-06-01T08:24:01","date_gmt":"2025-06-01T13:24:01","guid":{"rendered":"https:\/\/www.fiscalia.gov.co\/colombia\/?p=316517"},"modified":"2025-06-01T08:24:01","modified_gmt":"2025-06-01T13:24:01","slug":"asegurado-en-centro-carcelario-hombre-senalado-de-hacerse-pasar-como-sacerdote-para-estafar-a-219-personas-con-falsas-promesas-de-trabajo","status":"publish","type":"post","link":"https:\/\/www.fiscalia.gov.co\/colombia\/noticias\/asegurado-en-centro-carcelario-hombre-senalado-de-hacerse-pasar-como-sacerdote-para-estafar-a-219-personas-con-falsas-promesas-de-trabajo\/","title":{"rendered":"Asegurado en centro carcelario hombre se\u00f1alado de hacerse pasar como sacerdote para estafar a 219 personas con falsas promesas de trabajo"},"content":{"rendered":"<blockquote>\n<h4 class=\"p1\"><span class=\"s1\">Fueron acreditadas v\u00edctimas en, por lo menos, tres departamentos del pa\u00eds. Se trata de personas que pagaron para asegurar una oportunidad laboral.<\/span><\/h4>\n<\/blockquote>\n<figure id=\"attachment_316518\" aria-describedby=\"caption-attachment-316518\" style=\"width: 696px\" class=\"wp-caption aligncenter\"><img loading=\"lazy\" decoding=\"async\" class=\"wp-image-316518 size-large\" src=\"https:\/\/www.fiscalia.gov.co\/colombia\/wp-content\/uploads\/4a2efcea-2910-4ea5-878e-23d17535fade-1024x576.jpeg\" alt=\"En la imagen se ve a un hombre joven, de piel oscura, cabello corto y expresi\u00f3n seria, vistiendo una camiseta clara con cuadros. Est\u00e1 de frente a un funcionario del CTI (Cuerpo T\u00e9cnico de Investigaci\u00f3n), quien lleva una chaqueta negra con los logos de la Fiscal\u00eda General de la Naci\u00f3n y del CTI, as\u00ed como una gorra. El funcionario sostiene unos documentos que el hombre observa atentamente. De fondo hay un cartel institucional repetido de la Polic\u00eda Nacional de Colombia.\" width=\"696\" height=\"392\" srcset=\"https:\/\/www.fiscalia.gov.co\/colombia\/wp-content\/uploads\/4a2efcea-2910-4ea5-878e-23d17535fade-1024x576.jpeg 1024w, https:\/\/www.fiscalia.gov.co\/colombia\/wp-content\/uploads\/4a2efcea-2910-4ea5-878e-23d17535fade-300x169.jpeg 300w, https:\/\/www.fiscalia.gov.co\/colombia\/wp-content\/uploads\/4a2efcea-2910-4ea5-878e-23d17535fade-768x432.jpeg 768w, https:\/\/www.fiscalia.gov.co\/colombia\/wp-content\/uploads\/4a2efcea-2910-4ea5-878e-23d17535fade-747x420.jpeg 747w, https:\/\/www.fiscalia.gov.co\/colombia\/wp-content\/uploads\/4a2efcea-2910-4ea5-878e-23d17535fade-696x392.jpeg 696w, https:\/\/www.fiscalia.gov.co\/colombia\/wp-content\/uploads\/4a2efcea-2910-4ea5-878e-23d17535fade-1068x601.jpeg 1068w, https:\/\/www.fiscalia.gov.co\/colombia\/wp-content\/uploads\/4a2efcea-2910-4ea5-878e-23d17535fade.jpeg 1280w\" sizes=\"auto, (max-width: 696px) 100vw, 696px\" \/><figcaption id=\"caption-attachment-316518\" class=\"wp-caption-text\">Carlos Arley Hurtado Valencia es se\u00f1alado de hacerse pasar por sacerdote para estafar a 219 personas en Choc\u00f3, Valle del Cauca y Nari\u00f1o con falsas ofertas laborales.<\/figcaption><\/figure>\n<p class=\"p1\"><span class=\"s2\">La <strong>Fiscal\u00eda General de la Naci\u00f3n<\/strong> obtuvo elementos materiales probatorios que dan cuenta de la fachada a la que presuntamente recurri\u00f3 Carlos Arley Hurtado Valencia, alias Meiker, para estafar 219 personas en <strong>Choc\u00f3, Valle del Cauca y Nari\u00f1o<\/strong>.<\/span><\/p>\n<p class=\"p1\"><span class=\"s2\">El hombre es se\u00f1alado de hacerse pasar como sacerdote paraenga\u00f1ar a sus v\u00edctimas con falsas ofertas laborales. Con la apariencia de religioso adscrito a la Di\u00f3cesis de <strong>Istmina (Choc\u00f3)<\/strong>, el <strong>Plan de Alimentaci\u00f3n Escolar (PAE)<\/strong> y otras entidades que brindan asistencia humanitaria, habr\u00eda contacto telef\u00f3nicamente ciudadanos y ofrecido empleo como empacadores a cambio de una remuneraci\u00f3n de 1\u2019700.000 pesos mensuales.<\/span><\/p>\n<p class=\"p1\"><span class=\"s2\">En las comunicaciones, al parecer, exig\u00eda a los interesados entre 340.000 y 370.000 pesos con el supuesto de asegurar el trabajo con el pago de seguridad social. De esta manera, se apropi\u00f3 ilegalmente de algo m\u00e1s de 90 millones de pesos entre 2023 y 2025. En todos los casos documentados, luego de recibir el dinero, bloque\u00f3 los n\u00fameros telef\u00f3nicos de las <strong>v\u00edctimas<\/strong> para evitar que lo contactaran y ubicaran.<\/span><\/p>\n<p class=\"p1\"><span class=\"s2\">Alias Meiker fue capturado por servidores del <strong>Cuerpo T\u00e9cnico de Investigaci\u00f3n (CTI)<\/strong> en Medell\u00edn (Antioquia). Un fiscal de la Seccional Choc\u00f3 lo present\u00f3 ante un juez de control de garant\u00edas y le imput\u00f3 el delito de estafa agravada, el cual fue aceptado.<\/span><\/p>\n<p class=\"p1\"><span class=\"s2\">El procesado deber\u00e1 cumplir medida de aseguramientoprivativa de la libertad en establecimiento carcelario. <\/span><\/p>\n<p class=\"p1\"><span class=\"s2\">JLH\/AMCJ\/JARG\/JAHM\/DSC\/<\/span><\/p>\n<p class=\"p1\"><em><span class=\"s1\">La informaci\u00f3n contenida en este bolet\u00edn de prensa corresponde a la narraci\u00f3n de los hechos noticiosos objetivos, suministrados por los funcionarios encargados de adelantar las investigaciones penales al interior de la Fiscal\u00eda General de la Naci\u00f3n. Para el momento de la divulgaci\u00f3n de este comunicado, la situaci\u00f3n jur\u00eddica de la(s) persona(s) relacionada(s) se encuentra pendiente de resolver por la autoridad judicial competente, siempre bajo los preceptos de la presunci\u00f3n de inocencia, consagrados en el art\u00edculo 29 de la Constituci\u00f3n Pol\u00edtica y el art\u00edculo 7\u00ba de la Ley 906 de 2004.<\/span><\/em><\/p>\n<p class=\"p1\">\n\n<div class=\"twitter-share\"><a href=\"https:\/\/twitter.com\/intent\/tweet?via=fiscaliacol\" class=\"twitter-share-button\">Tweet<\/a><\/div>\n","protected":false},"excerpt":{"rendered":"<p>Fueron acreditadas v\u00edctimas en, por lo menos, tres departamentos del pa\u00eds. Se trata de personas que pagaron para asegurar una oportunidad laboral. La Fiscal\u00eda General de la Naci\u00f3n obtuvo elementos [&hellip;]<\/p>\n","protected":false},"author":182,"featured_media":0,"comment_status":"closed","ping_status":"open","sticky":false,"template":"","format":"standard","meta":{"tdm_status":"","tdm_grid_status":"","footnotes":""},"categories":[1],"tags":[41687,41680,24883,12424,14550,41681,2110,45,41683,41685,41684,653,7393,26451,39202,41682,1047,13858,28197,270,1185,10666,31352,31849,26159,41686,1886,23970],"class_list":["post-316517","post","type-post","status-publish","format-standard","category-noticias","tag-90-millones-de-pesos","tag-alias-meiker","tag-asistencia-humanitaria","tag-capturado","tag-carcel","tag-carlos-arley-hurtado-valencia","tag-choco","tag-cti","tag-diocesis-de-istmina","tag-empacadores","tag-empleo-falso","tag-estafa","tag-estafa-agravada","tag-fachada","tag-falsas-ofertas-laborales","tag-falso-sacerdote","tag-fiscalia-general-de-la-nacion","tag-imputacion","tag-juez-de-control-de-garantias","tag-medellinc","tag-medida-de-aseguramiento","tag-narino","tag-pae","tag-plan-de-alimentacion-escolar","tag-seccional-choco","tag-seguridad-social","tag-valle-del-cauca","tag-victimas"],"yoast_head":"<!-- This site is optimized with the Yoast SEO plugin v24.3 - https:\/\/yoast.com\/wordpress\/plugins\/seo\/ -->\n<title>Fiscal\u00eda General de la Naci\u00f3n<\/title>\n<meta name=\"description\" content=\"P\u00e1gina oficial de la Fiscal\u00eda General de la Naci\u00f3n \u2013 Colombia. Garantizamos el acceso efectivo a la justicia, la verdad y la reparaci\u00f3n de las v\u00edctimas de los delitos.\" \/>\n<meta name=\"robots\" content=\"noindex, follow\" \/>\n<meta property=\"og:locale\" content=\"es_ES\" \/>\n<meta property=\"og:type\" content=\"article\" \/>\n<meta property=\"og:title\" content=\"Fiscal\u00eda General de la Naci\u00f3n\" \/>\n<meta property=\"og:description\" content=\"P\u00e1gina oficial de la Fiscal\u00eda General de la Naci\u00f3n \u2013 Colombia. Garantizamos el acceso efectivo a la justicia, la verdad y la reparaci\u00f3n de las v\u00edctimas de los delitos.\" \/>\n<meta property=\"og:url\" content=\"https:\/\/www.fiscalia.gov.co\/colombia\/noticias\/asegurado-en-centro-carcelario-hombre-senalado-de-hacerse-pasar-como-sacerdote-para-estafar-a-219-personas-con-falsas-promesas-de-trabajo\/\" \/>\n<meta property=\"og:site_name\" content=\"Fiscal\u00eda General de la Naci\u00f3n\" \/>\n<meta property=\"article:publisher\" content=\"https:\/\/www.facebook.com\/FiscaliaCol\" \/>\n<meta property=\"article:published_time\" content=\"2025-06-01T13:24:01+00:00\" \/>\n<meta property=\"og:image\" content=\"https:\/\/www.fiscalia.gov.co\/colombia\/wp-content\/uploads\/4a2efcea-2910-4ea5-878e-23d17535fade.jpeg\" \/>\n\t<meta property=\"og:image:width\" content=\"1280\" \/>\n\t<meta property=\"og:image:height\" content=\"720\" \/>\n\t<meta property=\"og:image:type\" content=\"image\/jpeg\" \/>\n<meta name=\"author\" content=\"Paula Andrea Castillo Lenis\" \/>\n<meta name=\"twitter:card\" content=\"summary_large_image\" \/>\n<meta name=\"twitter:creator\" content=\"@FiscaliaCol\" \/>\n<meta name=\"twitter:site\" content=\"@FiscaliaCol\" \/>\n<meta name=\"twitter:label1\" content=\"Escrito por\" \/>\n\t<meta name=\"twitter:data1\" content=\"Paula Andrea Castillo Lenis\" \/>\n\t<meta name=\"twitter:label2\" content=\"Tiempo de lectura\" \/>\n\t<meta name=\"twitter:data2\" content=\"2 minutos\" \/>\n<script type=\"application\/ld+json\" class=\"yoast-schema-graph\">{\"@context\":\"https:\/\/schema.org\",\"@graph\":[{\"@type\":\"Article\",\"@id\":\"https:\/\/www.fiscalia.gov.co\/colombia\/noticias\/asegurado-en-centro-carcelario-hombre-senalado-de-hacerse-pasar-como-sacerdote-para-estafar-a-219-personas-con-falsas-promesas-de-trabajo\/#article\",\"isPartOf\":{\"@id\":\"https:\/\/www.fiscalia.gov.co\/colombia\/noticias\/asegurado-en-centro-carcelario-hombre-senalado-de-hacerse-pasar-como-sacerdote-para-estafar-a-219-personas-con-falsas-promesas-de-trabajo\/\"},\"author\":{\"name\":\"Paula Andrea Castillo Lenis\",\"@id\":\"https:\/\/www.fiscalia.gov.co\/colombia\/#\/schema\/person\/66c172905e0492f1de6bbe5f93c4668f\"},\"headline\":\"Asegurado en centro carcelario hombre se\u00f1alado de hacerse pasar como sacerdote para estafar a 219 personas con falsas promesas de trabajo\",\"datePublished\":\"2025-06-01T13:24:01+00:00\",\"dateModified\":\"2025-06-01T13:24:01+00:00\",\"mainEntityOfPage\":{\"@id\":\"https:\/\/www.fiscalia.gov.co\/colombia\/noticias\/asegurado-en-centro-carcelario-hombre-senalado-de-hacerse-pasar-como-sacerdote-para-estafar-a-219-personas-con-falsas-promesas-de-trabajo\/\"},\"wordCount\":422,\"publisher\":{\"@id\":\"https:\/\/www.fiscalia.gov.co\/colombia\/#organization\"},\"image\":{\"@id\":\"https:\/\/www.fiscalia.gov.co\/colombia\/noticias\/asegurado-en-centro-carcelario-hombre-senalado-de-hacerse-pasar-como-sacerdote-para-estafar-a-219-personas-con-falsas-promesas-de-trabajo\/#primaryimage\"},\"thumbnailUrl\":\"https:\/\/www.fiscalia.gov.co\/colombia\/wp-content\/uploads\/4a2efcea-2910-4ea5-878e-23d17535fade-1024x576.jpeg\",\"keywords\":[\"90 millones de pesos\",\"alias Meiker\",\"Asistencia humanitaria\",\"Capturado\",\"C\u00e1rcel\",\"Carlos Arley Hurtado Valencia\",\"Choc\u00f3\",\"CTI\",\"Di\u00f3cesis de Istmina\",\"empacadores\",\"empleo falso\",\"Estafa\",\"Estafa agravada\",\"fachada\",\"falsas ofertas laborales\",\"falso sacerdote\",\"Fiscal\u00eda General de la Naci\u00f3n\",\"Imputaci\u00f3n\",\"juez de control de garant\u00edas\",\"Medell\u00edn\",\"Medida de aseguramiento\",\"Nari\u00f1o\",\"PAE\",\"plan de alimentaci\u00f3n escolar\",\"Seccional Choc\u00f3\",\"seguridad social\",\"Valle del Cauca\",\"V\u00edctimas\"],\"articleSection\":[\"Noticias\"],\"inLanguage\":\"es-CO\"},{\"@type\":\"WebPage\",\"@id\":\"https:\/\/www.fiscalia.gov.co\/colombia\/noticias\/asegurado-en-centro-carcelario-hombre-senalado-de-hacerse-pasar-como-sacerdote-para-estafar-a-219-personas-con-falsas-promesas-de-trabajo\/\",\"url\":\"https:\/\/www.fiscalia.gov.co\/colombia\/noticias\/asegurado-en-centro-carcelario-hombre-senalado-de-hacerse-pasar-como-sacerdote-para-estafar-a-219-personas-con-falsas-promesas-de-trabajo\/\",\"name\":\"Fiscal\u00eda General de la Naci\u00f3n\",\"isPartOf\":{\"@id\":\"https:\/\/www.fiscalia.gov.co\/colombia\/#website\"},\"primaryImageOfPage\":{\"@id\":\"https:\/\/www.fiscalia.gov.co\/colombia\/noticias\/asegurado-en-centro-carcelario-hombre-senalado-de-hacerse-pasar-como-sacerdote-para-estafar-a-219-personas-con-falsas-promesas-de-trabajo\/#primaryimage\"},\"image\":{\"@id\":\"https:\/\/www.fiscalia.gov.co\/colombia\/noticias\/asegurado-en-centro-carcelario-hombre-senalado-de-hacerse-pasar-como-sacerdote-para-estafar-a-219-personas-con-falsas-promesas-de-trabajo\/#primaryimage\"},\"thumbnailUrl\":\"https:\/\/www.fiscalia.gov.co\/colombia\/wp-content\/uploads\/4a2efcea-2910-4ea5-878e-23d17535fade-1024x576.jpeg\",\"datePublished\":\"2025-06-01T13:24:01+00:00\",\"dateModified\":\"2025-06-01T13:24:01+00:00\",\"description\":\"P\u00e1gina oficial de la Fiscal\u00eda General de la Naci\u00f3n \u2013 Colombia. Garantizamos el acceso efectivo a la justicia, la verdad y la reparaci\u00f3n de las v\u00edctimas de los delitos.\",\"breadcrumb\":{\"@id\":\"https:\/\/www.fiscalia.gov.co\/colombia\/noticias\/asegurado-en-centro-carcelario-hombre-senalado-de-hacerse-pasar-como-sacerdote-para-estafar-a-219-personas-con-falsas-promesas-de-trabajo\/#breadcrumb\"},\"inLanguage\":\"es-CO\",\"potentialAction\":[{\"@type\":\"ReadAction\",\"target\":[\"https:\/\/www.fiscalia.gov.co\/colombia\/noticias\/asegurado-en-centro-carcelario-hombre-senalado-de-hacerse-pasar-como-sacerdote-para-estafar-a-219-personas-con-falsas-promesas-de-trabajo\/\"]}]},{\"@type\":\"ImageObject\",\"inLanguage\":\"es-CO\",\"@id\":\"https:\/\/www.fiscalia.gov.co\/colombia\/noticias\/asegurado-en-centro-carcelario-hombre-senalado-de-hacerse-pasar-como-sacerdote-para-estafar-a-219-personas-con-falsas-promesas-de-trabajo\/#primaryimage\",\"url\":\"https:\/\/www.fiscalia.gov.co\/colombia\/wp-content\/uploads\/4a2efcea-2910-4ea5-878e-23d17535fade.jpeg\",\"contentUrl\":\"https:\/\/www.fiscalia.gov.co\/colombia\/wp-content\/uploads\/4a2efcea-2910-4ea5-878e-23d17535fade.jpeg\",\"width\":1280,\"height\":720,\"caption\":\"Carlos Arley Hurtado Valencia es se\u00f1alado de hacerse pasar por sacerdote para estafar a 219 personas en Choc\u00f3, Valle del Cauca y Nari\u00f1o con falsas ofertas laborales.\"},{\"@type\":\"BreadcrumbList\",\"@id\":\"https:\/\/www.fiscalia.gov.co\/colombia\/noticias\/asegurado-en-centro-carcelario-hombre-senalado-de-hacerse-pasar-como-sacerdote-para-estafar-a-219-personas-con-falsas-promesas-de-trabajo\/#breadcrumb\",\"itemListElement\":[{\"@type\":\"ListItem\",\"position\":1,\"name\":\"Home\",\"item\":\"https:\/\/www.fiscalia.gov.co\/colombia\/\"},{\"@type\":\"ListItem\",\"position\":2,\"name\":\"Asegurado en centro carcelario hombre se\u00f1alado de hacerse pasar como sacerdote para estafar a 219 personas con falsas promesas de trabajo\"}]},{\"@type\":\"WebSite\",\"@id\":\"https:\/\/www.fiscalia.gov.co\/colombia\/#website\",\"url\":\"https:\/\/www.fiscalia.gov.co\/colombia\/\",\"name\":\"Fiscal\u00eda General de la Naci\u00f3n\",\"description\":\"P\u00e1gina oficial de la Fiscal\u00eda General de la Naci\u00f3n \u2013 Colombia. Garantizamos el acceso efectivo a la justicia, la verdad y la reparaci\u00f3n de las v\u00edctimas de los delitos.\",\"publisher\":{\"@id\":\"https:\/\/www.fiscalia.gov.co\/colombia\/#organization\"},\"potentialAction\":[{\"@type\":\"SearchAction\",\"target\":{\"@type\":\"EntryPoint\",\"urlTemplate\":\"https:\/\/www.fiscalia.gov.co\/colombia\/?s={search_term_string}\"},\"query-input\":{\"@type\":\"PropertyValueSpecification\",\"valueRequired\":true,\"valueName\":\"search_term_string\"}}],\"inLanguage\":\"es-CO\"},{\"@type\":\"Organization\",\"@id\":\"https:\/\/www.fiscalia.gov.co\/colombia\/#organization\",\"name\":\"Fiscal\u00eda General de la Naci\u00f3n\",\"url\":\"https:\/\/www.fiscalia.gov.co\/colombia\/\",\"logo\":{\"@type\":\"ImageObject\",\"inLanguage\":\"es-CO\",\"@id\":\"https:\/\/www.fiscalia.gov.co\/colombia\/#\/schema\/logo\/image\/\",\"url\":\"https:\/\/www.fiscalia.gov.co\/colombia\/wp-content\/uploads\/LogoHorizontal_1.jpg\",\"contentUrl\":\"https:\/\/www.fiscalia.gov.co\/colombia\/wp-content\/uploads\/LogoHorizontal_1.jpg\",\"width\":300,\"height\":90,\"caption\":\"Fiscal\u00eda General de la Naci\u00f3n\"},\"image\":{\"@id\":\"https:\/\/www.fiscalia.gov.co\/colombia\/#\/schema\/logo\/image\/\"},\"sameAs\":[\"https:\/\/www.facebook.com\/FiscaliaCol\",\"https:\/\/x.com\/FiscaliaCol\",\"https:\/\/www.instagram.com\/fiscaliacol\",\"https:\/\/www.linkedin.com\/company\/fiscalia-general-de-la-naci-n\/\",\"https:\/\/youtube.com\/@fiscaliageneraldelanacion-4668?si=6nN79nyQICPU5iTh\"]},{\"@type\":\"Person\",\"@id\":\"https:\/\/www.fiscalia.gov.co\/colombia\/#\/schema\/person\/66c172905e0492f1de6bbe5f93c4668f\",\"name\":\"Paula Andrea Castillo Lenis\",\"image\":{\"@type\":\"ImageObject\",\"inLanguage\":\"es-CO\",\"@id\":\"https:\/\/www.fiscalia.gov.co\/colombia\/#\/schema\/person\/image\/\",\"url\":\"https:\/\/secure.gravatar.com\/avatar\/cb060d9561f2947c4102d1825739f868?s=96&d=mm&r=g\",\"contentUrl\":\"https:\/\/secure.gravatar.com\/avatar\/cb060d9561f2947c4102d1825739f868?s=96&d=mm&r=g\",\"caption\":\"Paula Andrea Castillo Lenis\"},\"url\":\"https:\/\/www.fiscalia.gov.co\/colombia\/author\/paula-castillo\/\"}]}<\/script>\n<!-- \/ Yoast SEO plugin. -->","yoast_head_json":{"title":"Fiscal\u00eda General de la Naci\u00f3n","description":"P\u00e1gina oficial de la Fiscal\u00eda General de la Naci\u00f3n \u2013 Colombia. Garantizamos el acceso efectivo a la justicia, la verdad y la reparaci\u00f3n de las v\u00edctimas de los delitos.","robots":{"index":"noindex","follow":"follow"},"og_locale":"es_ES","og_type":"article","og_title":"Fiscal\u00eda General de la Naci\u00f3n","og_description":"P\u00e1gina oficial de la Fiscal\u00eda General de la Naci\u00f3n \u2013 Colombia. Garantizamos el acceso efectivo a la justicia, la verdad y la reparaci\u00f3n de las v\u00edctimas de los delitos.","og_url":"https:\/\/www.fiscalia.gov.co\/colombia\/noticias\/asegurado-en-centro-carcelario-hombre-senalado-de-hacerse-pasar-como-sacerdote-para-estafar-a-219-personas-con-falsas-promesas-de-trabajo\/","og_site_name":"Fiscal\u00eda General de la Naci\u00f3n","article_publisher":"https:\/\/www.facebook.com\/FiscaliaCol","article_published_time":"2025-06-01T13:24:01+00:00","og_image":[{"width":1280,"height":720,"url":"https:\/\/www.fiscalia.gov.co\/colombia\/wp-content\/uploads\/4a2efcea-2910-4ea5-878e-23d17535fade.jpeg","type":"image\/jpeg"}],"author":"Paula Andrea Castillo Lenis","twitter_card":"summary_large_image","twitter_creator":"@FiscaliaCol","twitter_site":"@FiscaliaCol","twitter_misc":{"Escrito por":"Paula Andrea Castillo Lenis","Tiempo de lectura":"2 minutos"},"schema":{"@context":"https:\/\/schema.org","@graph":[{"@type":"Article","@id":"https:\/\/www.fiscalia.gov.co\/colombia\/noticias\/asegurado-en-centro-carcelario-hombre-senalado-de-hacerse-pasar-como-sacerdote-para-estafar-a-219-personas-con-falsas-promesas-de-trabajo\/#article","isPartOf":{"@id":"https:\/\/www.fiscalia.gov.co\/colombia\/noticias\/asegurado-en-centro-carcelario-hombre-senalado-de-hacerse-pasar-como-sacerdote-para-estafar-a-219-personas-con-falsas-promesas-de-trabajo\/"},"author":{"name":"Paula Andrea Castillo Lenis","@id":"https:\/\/www.fiscalia.gov.co\/colombia\/#\/schema\/person\/66c172905e0492f1de6bbe5f93c4668f"},"headline":"Asegurado en centro carcelario hombre se\u00f1alado de hacerse pasar como sacerdote para estafar a 219 personas con falsas promesas de trabajo","datePublished":"2025-06-01T13:24:01+00:00","dateModified":"2025-06-01T13:24:01+00:00","mainEntityOfPage":{"@id":"https:\/\/www.fiscalia.gov.co\/colombia\/noticias\/asegurado-en-centro-carcelario-hombre-senalado-de-hacerse-pasar-como-sacerdote-para-estafar-a-219-personas-con-falsas-promesas-de-trabajo\/"},"wordCount":422,"publisher":{"@id":"https:\/\/www.fiscalia.gov.co\/colombia\/#organization"},"image":{"@id":"https:\/\/www.fiscalia.gov.co\/colombia\/noticias\/asegurado-en-centro-carcelario-hombre-senalado-de-hacerse-pasar-como-sacerdote-para-estafar-a-219-personas-con-falsas-promesas-de-trabajo\/#primaryimage"},"thumbnailUrl":"https:\/\/www.fiscalia.gov.co\/colombia\/wp-content\/uploads\/4a2efcea-2910-4ea5-878e-23d17535fade-1024x576.jpeg","keywords":["90 millones de pesos","alias Meiker","Asistencia humanitaria","Capturado","C\u00e1rcel","Carlos Arley Hurtado Valencia","Choc\u00f3","CTI","Di\u00f3cesis de Istmina","empacadores","empleo falso","Estafa","Estafa agravada","fachada","falsas ofertas laborales","falso sacerdote","Fiscal\u00eda General de la Naci\u00f3n","Imputaci\u00f3n","juez de control de garant\u00edas","Medell\u00edn","Medida de aseguramiento","Nari\u00f1o","PAE","plan de alimentaci\u00f3n escolar","Seccional Choc\u00f3","seguridad social","Valle del Cauca","V\u00edctimas"],"articleSection":["Noticias"],"inLanguage":"es-CO"},{"@type":"WebPage","@id":"https:\/\/www.fiscalia.gov.co\/colombia\/noticias\/asegurado-en-centro-carcelario-hombre-senalado-de-hacerse-pasar-como-sacerdote-para-estafar-a-219-personas-con-falsas-promesas-de-trabajo\/","url":"https:\/\/www.fiscalia.gov.co\/colombia\/noticias\/asegurado-en-centro-carcelario-hombre-senalado-de-hacerse-pasar-como-sacerdote-para-estafar-a-219-personas-con-falsas-promesas-de-trabajo\/","name":"Fiscal\u00eda General de la Naci\u00f3n","isPartOf":{"@id":"https:\/\/www.fiscalia.gov.co\/colombia\/#website"},"primaryImageOfPage":{"@id":"https:\/\/www.fiscalia.gov.co\/colombia\/noticias\/asegurado-en-centro-carcelario-hombre-senalado-de-hacerse-pasar-como-sacerdote-para-estafar-a-219-personas-con-falsas-promesas-de-trabajo\/#primaryimage"},"image":{"@id":"https:\/\/www.fiscalia.gov.co\/colombia\/noticias\/asegurado-en-centro-carcelario-hombre-senalado-de-hacerse-pasar-como-sacerdote-para-estafar-a-219-personas-con-falsas-promesas-de-trabajo\/#primaryimage"},"thumbnailUrl":"https:\/\/www.fiscalia.gov.co\/colombia\/wp-content\/uploads\/4a2efcea-2910-4ea5-878e-23d17535fade-1024x576.jpeg","datePublished":"2025-06-01T13:24:01+00:00","dateModified":"2025-06-01T13:24:01+00:00","description":"P\u00e1gina oficial de la Fiscal\u00eda General de la Naci\u00f3n \u2013 Colombia. Garantizamos el acceso efectivo a la justicia, la verdad y la reparaci\u00f3n de las v\u00edctimas de los delitos.","breadcrumb":{"@id":"https:\/\/www.fiscalia.gov.co\/colombia\/noticias\/asegurado-en-centro-carcelario-hombre-senalado-de-hacerse-pasar-como-sacerdote-para-estafar-a-219-personas-con-falsas-promesas-de-trabajo\/#breadcrumb"},"inLanguage":"es-CO","potentialAction":[{"@type":"ReadAction","target":["https:\/\/www.fiscalia.gov.co\/colombia\/noticias\/asegurado-en-centro-carcelario-hombre-senalado-de-hacerse-pasar-como-sacerdote-para-estafar-a-219-personas-con-falsas-promesas-de-trabajo\/"]}]},{"@type":"ImageObject","inLanguage":"es-CO","@id":"https:\/\/www.fiscalia.gov.co\/colombia\/noticias\/asegurado-en-centro-carcelario-hombre-senalado-de-hacerse-pasar-como-sacerdote-para-estafar-a-219-personas-con-falsas-promesas-de-trabajo\/#primaryimage","url":"https:\/\/www.fiscalia.gov.co\/colombia\/wp-content\/uploads\/4a2efcea-2910-4ea5-878e-23d17535fade.jpeg","contentUrl":"https:\/\/www.fiscalia.gov.co\/colombia\/wp-content\/uploads\/4a2efcea-2910-4ea5-878e-23d17535fade.jpeg","width":1280,"height":720,"caption":"Carlos Arley Hurtado Valencia es se\u00f1alado de hacerse pasar por sacerdote para estafar a 219 personas en Choc\u00f3, Valle del Cauca y Nari\u00f1o con falsas ofertas laborales."},{"@type":"BreadcrumbList","@id":"https:\/\/www.fiscalia.gov.co\/colombia\/noticias\/asegurado-en-centro-carcelario-hombre-senalado-de-hacerse-pasar-como-sacerdote-para-estafar-a-219-personas-con-falsas-promesas-de-trabajo\/#breadcrumb","itemListElement":[{"@type":"ListItem","position":1,"name":"Home","item":"https:\/\/www.fiscalia.gov.co\/colombia\/"},{"@type":"ListItem","position":2,"name":"Asegurado en centro carcelario hombre se\u00f1alado de hacerse pasar como sacerdote para estafar a 219 personas con falsas promesas de trabajo"}]},{"@type":"WebSite","@id":"https:\/\/www.fiscalia.gov.co\/colombia\/#website","url":"https:\/\/www.fiscalia.gov.co\/colombia\/","name":"Fiscal\u00eda General de la Naci\u00f3n","description":"P\u00e1gina oficial de la Fiscal\u00eda General de la Naci\u00f3n \u2013 Colombia. Garantizamos el acceso efectivo a la justicia, la verdad y la reparaci\u00f3n de las v\u00edctimas de los delitos.","publisher":{"@id":"https:\/\/www.fiscalia.gov.co\/colombia\/#organization"},"potentialAction":[{"@type":"SearchAction","target":{"@type":"EntryPoint","urlTemplate":"https:\/\/www.fiscalia.gov.co\/colombia\/?s={search_term_string}"},"query-input":{"@type":"PropertyValueSpecification","valueRequired":true,"valueName":"search_term_string"}}],"inLanguage":"es-CO"},{"@type":"Organization","@id":"https:\/\/www.fiscalia.gov.co\/colombia\/#organization","name":"Fiscal\u00eda General de la Naci\u00f3n","url":"https:\/\/www.fiscalia.gov.co\/colombia\/","logo":{"@type":"ImageObject","inLanguage":"es-CO","@id":"https:\/\/www.fiscalia.gov.co\/colombia\/#\/schema\/logo\/image\/","url":"https:\/\/www.fiscalia.gov.co\/colombia\/wp-content\/uploads\/LogoHorizontal_1.jpg","contentUrl":"https:\/\/www.fiscalia.gov.co\/colombia\/wp-content\/uploads\/LogoHorizontal_1.jpg","width":300,"height":90,"caption":"Fiscal\u00eda General de la Naci\u00f3n"},"image":{"@id":"https:\/\/www.fiscalia.gov.co\/colombia\/#\/schema\/logo\/image\/"},"sameAs":["https:\/\/www.facebook.com\/FiscaliaCol","https:\/\/x.com\/FiscaliaCol","https:\/\/www.instagram.com\/fiscaliacol","https:\/\/www.linkedin.com\/company\/fiscalia-general-de-la-naci-n\/","https:\/\/youtube.com\/@fiscaliageneraldelanacion-4668?si=6nN79nyQICPU5iTh"]},{"@type":"Person","@id":"https:\/\/www.fiscalia.gov.co\/colombia\/#\/schema\/person\/66c172905e0492f1de6bbe5f93c4668f","name":"Paula Andrea Castillo Lenis","image":{"@type":"ImageObject","inLanguage":"es-CO","@id":"https:\/\/www.fiscalia.gov.co\/colombia\/#\/schema\/person\/image\/","url":"https:\/\/secure.gravatar.com\/avatar\/cb060d9561f2947c4102d1825739f868?s=96&d=mm&r=g","contentUrl":"https:\/\/secure.gravatar.com\/avatar\/cb060d9561f2947c4102d1825739f868?s=96&d=mm&r=g","caption":"Paula Andrea Castillo Lenis"},"url":"https:\/\/www.fiscalia.gov.co\/colombia\/author\/paula-castillo\/"}]}},"_links":{"self":[{"href":"https:\/\/www.fiscalia.gov.co\/colombia\/wp-json\/wp\/v2\/posts\/316517","targetHints":{"allow":["GET"]}}],"collection":[{"href":"https:\/\/www.fiscalia.gov.co\/colombia\/wp-json\/wp\/v2\/posts"}],"about":[{"href":"https:\/\/www.fiscalia.gov.co\/colombia\/wp-json\/wp\/v2\/types\/post"}],"author":[{"embeddable":true,"href":"https:\/\/www.fiscalia.gov.co\/colombia\/wp-json\/wp\/v2\/users\/182"}],"replies":[{"embeddable":true,"href":"https:\/\/www.fiscalia.gov.co\/colombia\/wp-json\/wp\/v2\/comments?post=316517"}],"version-history":[{"count":1,"href":"https:\/\/www.fiscalia.gov.co\/colombia\/wp-json\/wp\/v2\/posts\/316517\/revisions"}],"predecessor-version":[{"id":316519,"href":"https:\/\/www.fiscalia.gov.co\/colombia\/wp-json\/wp\/v2\/posts\/316517\/revisions\/316519"}],"wp:attachment":[{"href":"https:\/\/www.fiscalia.gov.co\/colombia\/wp-json\/wp\/v2\/media?parent=316517"}],"wp:term":[{"taxonomy":"category","embeddable":true,"href":"https:\/\/www.fiscalia.gov.co\/colombia\/wp-json\/wp\/v2\/categories?post=316517"},{"taxonomy":"post_tag","embeddable":true,"href":"https:\/\/www.fiscalia.gov.co\/colombia\/wp-json\/wp\/v2\/tags?post=316517"}],"curies":[{"name":"wp","href":"https:\/\/api.w.org\/{rel}","templated":true}]}}