{"id":316429,"date":"2025-05-30T10:48:46","date_gmt":"2025-05-30T15:48:46","guid":{"rendered":"https:\/\/www.fiscalia.gov.co\/colombia\/?p=316429"},"modified":"2025-05-30T10:48:46","modified_gmt":"2025-05-30T15:48:46","slug":"en-valle-del-cauca-fueron-judicializados-18-presuntos-implicados-en-trafico-local-de-estupefacientes","status":"publish","type":"post","link":"https:\/\/www.fiscalia.gov.co\/colombia\/noticias\/en-valle-del-cauca-fueron-judicializados-18-presuntos-implicados-en-trafico-local-de-estupefacientes\/","title":{"rendered":"En Valle del Cauca fueron judicializados 18 presuntos implicados en tr\u00e1fico local de estupefacientes"},"content":{"rendered":"<h4 dir=\"ltr\" style=\"text-align: center;\"><strong><em>En Tulu\u00e1 y Calima-Dari\u00e9n fueron impactadas las organizaciones ilegales \u2018Los Mayores\u2019 y \u2018La Zona\u2019 en Yotoco.<\/em><\/strong><\/h4>\n<p dir=\"ltr\">En operativos diferentes, la Seccional Valle del Cauca de la Fiscal\u00eda General de la Naci\u00f3n, impact\u00f3 dos grupos delincuenciales presuntamente <strong>responsables de tr\u00e1fico de estupefacientes<\/strong> en Calima-Dari\u00e9n, Tulu\u00e1, Buga y Yotoco.<\/p>\n<p dir=\"ltr\">Se trata de 18 personas, cuatro de ellas menores de edad, <strong>quienes har\u00edan parte de las estructuras narcotraficantes: \u2018La Zona\u2019 y \u2018Los Mayores\u2019.<\/strong> Las acciones estuvieron a cargo de servidores del Cuerpo T\u00e9cnico de Investigaci\u00f3n (CTI) y personal de la Sij\u00edn de la Polic\u00eda Nacional.<\/p>\n<ul>\n<li dir=\"ltr\">\n<p dir=\"ltr\" role=\"presentation\">El pasado 27 de mayo en Tulu\u00e1 fueron judicializados 10 presuntos<strong> integrantes del grupo delincuencial \u2018La Zona\u2019<\/strong>; cuatro son menores de edad. Estas\u00a0 personas ser\u00edan responsables de comercializar sustancias il\u00edcitas en el barrio Entre R\u00edos, sector La Casona.<\/p>\n<\/li>\n<\/ul>\n<p dir=\"ltr\" role=\"presentation\">Los adultos fueron afectados con medida privativa de la libertad en centros carcelarios, los adolescentes en internamiento preventivo. A estas personas se les imput\u00f3 <strong>concierto para delinquir agravado; tr\u00e1fico y porte de estupefacientes<\/strong> y uso de menores para la comisi\u00f3n de delitos.<\/p>\n<figure id=\"attachment_316430\" aria-describedby=\"caption-attachment-316430\" style=\"width: 696px\" class=\"wp-caption aligncenter\"><img loading=\"lazy\" decoding=\"async\" class=\"size-large wp-image-316430\" src=\"https:\/\/www.fiscalia.gov.co\/colombia\/wp-content\/uploads\/Foto-1.-La-Zona.-Estupefacientes.-Tulua-Valle-1024x576.jpg\" alt=\"Presuntos integrantes del grupo delincuencial La Zona, se\u00f1alados de comercializar estupefacientes en el barrio Entre R\u00edos, sector La Casona, de Tulu\u00e1 (Valle del Cauca).\" width=\"696\" height=\"392\" srcset=\"https:\/\/www.fiscalia.gov.co\/colombia\/wp-content\/uploads\/Foto-1.-La-Zona.-Estupefacientes.-Tulua-Valle-1024x576.jpg 1024w, https:\/\/www.fiscalia.gov.co\/colombia\/wp-content\/uploads\/Foto-1.-La-Zona.-Estupefacientes.-Tulua-Valle-300x169.jpg 300w, https:\/\/www.fiscalia.gov.co\/colombia\/wp-content\/uploads\/Foto-1.-La-Zona.-Estupefacientes.-Tulua-Valle-768x432.jpg 768w, https:\/\/www.fiscalia.gov.co\/colombia\/wp-content\/uploads\/Foto-1.-La-Zona.-Estupefacientes.-Tulua-Valle-1536x864.jpg 1536w, https:\/\/www.fiscalia.gov.co\/colombia\/wp-content\/uploads\/Foto-1.-La-Zona.-Estupefacientes.-Tulua-Valle-747x420.jpg 747w, https:\/\/www.fiscalia.gov.co\/colombia\/wp-content\/uploads\/Foto-1.-La-Zona.-Estupefacientes.-Tulua-Valle-696x392.jpg 696w, https:\/\/www.fiscalia.gov.co\/colombia\/wp-content\/uploads\/Foto-1.-La-Zona.-Estupefacientes.-Tulua-Valle-1068x601.jpg 1068w, https:\/\/www.fiscalia.gov.co\/colombia\/wp-content\/uploads\/Foto-1.-La-Zona.-Estupefacientes.-Tulua-Valle.jpg 1600w\" sizes=\"auto, (max-width: 696px) 100vw, 696px\" \/><figcaption id=\"caption-attachment-316430\" class=\"wp-caption-text\">Presuntos integrantes del grupo delincuencial La Zona fueron judicializados por comercializar estupefacientes en Tulu\u00e1 (Valle del Cauca).<\/figcaption><\/figure>\n<ul>\n<li dir=\"ltr\">\n<p dir=\"ltr\" role=\"presentation\">En Calima-Dari\u00e9n fue impactado el <strong>grupo delincuencial \u2018Los Mayores\u2019.<\/strong> En total fueron capturados siete de sus presuntos integrantes, quienes ser\u00edan responsables de <strong>almacenar y comercializar estupefacientes en parques y zonas cercanas a hospitales,<\/strong> el estadio y en los barrios El Basuro y La Esperanza.<\/p>\n<\/li>\n<\/ul>\n<p dir=\"ltr\">Durante seis diligencias de registro y allanamiento, cumplidas el pasado 27 de mayo, fueron capturados los ahora procesados. La Fiscal\u00eda les imput\u00f3 <strong>cargos de concierto para delinquir y fabricaci\u00f3n, tr\u00e1fico y porte de estupefacientes.<\/strong> A todos los privaron de la libertad en establecimientos penitenciarios.<\/p>\n<figure id=\"attachment_316431\" aria-describedby=\"caption-attachment-316431\" style=\"width: 696px\" class=\"wp-caption aligncenter\"><img loading=\"lazy\" decoding=\"async\" class=\"size-large wp-image-316431\" src=\"https:\/\/www.fiscalia.gov.co\/colombia\/wp-content\/uploads\/Foto-2.-Los-Mayores.-Estupefacientes.-Calima-Darien-Valle-1024x576.jpg\" alt=\"En la fotograf\u00eda se aprecian en hilera los siete presuntos integrantes de \u2018Los Mayores\u2019. A su extremo izquierdo hay un servidor del CTI de la Fiscal\u00eda y en el extremo derecho de ellos hay un uniformado de la Polic\u00eda Nacional. Al extremo izquierdo hay un servidor del CTI de la Fiscal\u00eda y al extremo derecho un uniformado de la Polic\u00eda Nacional. Detr\u00e1s de ellos hay un pend\u00f3n institucional de la Fiscal\u00eda.\" width=\"696\" height=\"392\" srcset=\"https:\/\/www.fiscalia.gov.co\/colombia\/wp-content\/uploads\/Foto-2.-Los-Mayores.-Estupefacientes.-Calima-Darien-Valle-1024x576.jpg 1024w, https:\/\/www.fiscalia.gov.co\/colombia\/wp-content\/uploads\/Foto-2.-Los-Mayores.-Estupefacientes.-Calima-Darien-Valle-300x169.jpg 300w, https:\/\/www.fiscalia.gov.co\/colombia\/wp-content\/uploads\/Foto-2.-Los-Mayores.-Estupefacientes.-Calima-Darien-Valle-768x432.jpg 768w, https:\/\/www.fiscalia.gov.co\/colombia\/wp-content\/uploads\/Foto-2.-Los-Mayores.-Estupefacientes.-Calima-Darien-Valle-1536x864.jpg 1536w, https:\/\/www.fiscalia.gov.co\/colombia\/wp-content\/uploads\/Foto-2.-Los-Mayores.-Estupefacientes.-Calima-Darien-Valle-747x420.jpg 747w, https:\/\/www.fiscalia.gov.co\/colombia\/wp-content\/uploads\/Foto-2.-Los-Mayores.-Estupefacientes.-Calima-Darien-Valle-696x392.jpg 696w, https:\/\/www.fiscalia.gov.co\/colombia\/wp-content\/uploads\/Foto-2.-Los-Mayores.-Estupefacientes.-Calima-Darien-Valle-1068x601.jpg 1068w, https:\/\/www.fiscalia.gov.co\/colombia\/wp-content\/uploads\/Foto-2.-Los-Mayores.-Estupefacientes.-Calima-Darien-Valle.jpg 1600w\" sizes=\"auto, (max-width: 696px) 100vw, 696px\" \/><figcaption id=\"caption-attachment-316431\" class=\"wp-caption-text\">Presuntos integrantes del grupo delincuencial Los Mayores, se\u00f1alados de almacenar y expender narc\u00f3ticos en Calima &#8211; Dari\u00e9n (Valle del Cauca).<\/figcaption><\/figure>\n<ul>\n<li dir=\"ltr\">\n<p dir=\"ltr\" role=\"presentation\">Finalmente, en Yotoco, fue judicializado y enviado a un<strong> centro carcelario Wiston Caicedo Araujo<\/strong>, quien ser\u00eda responsable del d<strong>elito de tr\u00e1fico, fabricaci\u00f3n o porte de estupefacientes.<\/strong> Al parecer, portaba m\u00e1s de 28 kilos de marihuana, la sustancia iba empacada en el equipaje, pues viajaba como pasajero en un bus de servicio p\u00fablico.<\/p>\n<\/li>\n<\/ul>\n<figure id=\"attachment_316432\" aria-describedby=\"caption-attachment-316432\" style=\"width: 696px\" class=\"wp-caption aligncenter\"><img loading=\"lazy\" decoding=\"async\" class=\"size-large wp-image-316432\" src=\"https:\/\/www.fiscalia.gov.co\/colombia\/wp-content\/uploads\/Foto-3.-Winston-Caicedo-Araujo.-Estupefacientes.-Yotoco-Valle-1024x771.jpg\" alt=\"En la fotograf\u00eda se aprecia de pie y con los brazos atr\u00e1s a Wiston Caicedo Araujo. Usa gorra y viste con buso de color gris, jean azul desgastado y zapatillas blancas con rojo. A sus extremos hay uniformados de la Polic\u00eda Nacional. En el piso hay varios paquetes envueltos en papel y pl\u00e1stico y sobre algunos de ellos hay letreros que dicen: \u2018Marihuana\u2019. En la parte posterior, detr\u00e1s del judicializado y los polic\u00edas hay un pend\u00f3n institucional de la Polic\u00eda.\" width=\"696\" height=\"524\" srcset=\"https:\/\/www.fiscalia.gov.co\/colombia\/wp-content\/uploads\/Foto-3.-Winston-Caicedo-Araujo.-Estupefacientes.-Yotoco-Valle-1024x771.jpg 1024w, https:\/\/www.fiscalia.gov.co\/colombia\/wp-content\/uploads\/Foto-3.-Winston-Caicedo-Araujo.-Estupefacientes.-Yotoco-Valle-300x226.jpg 300w, https:\/\/www.fiscalia.gov.co\/colombia\/wp-content\/uploads\/Foto-3.-Winston-Caicedo-Araujo.-Estupefacientes.-Yotoco-Valle-768x578.jpg 768w, https:\/\/www.fiscalia.gov.co\/colombia\/wp-content\/uploads\/Foto-3.-Winston-Caicedo-Araujo.-Estupefacientes.-Yotoco-Valle-558x420.jpg 558w, https:\/\/www.fiscalia.gov.co\/colombia\/wp-content\/uploads\/Foto-3.-Winston-Caicedo-Araujo.-Estupefacientes.-Yotoco-Valle-80x60.jpg 80w, https:\/\/www.fiscalia.gov.co\/colombia\/wp-content\/uploads\/Foto-3.-Winston-Caicedo-Araujo.-Estupefacientes.-Yotoco-Valle-696x524.jpg 696w, https:\/\/www.fiscalia.gov.co\/colombia\/wp-content\/uploads\/Foto-3.-Winston-Caicedo-Araujo.-Estupefacientes.-Yotoco-Valle-1068x804.jpg 1068w, https:\/\/www.fiscalia.gov.co\/colombia\/wp-content\/uploads\/Foto-3.-Winston-Caicedo-Araujo.-Estupefacientes.-Yotoco-Valle.jpg 1196w\" sizes=\"auto, (max-width: 696px) 100vw, 696px\" \/><figcaption id=\"caption-attachment-316432\" class=\"wp-caption-text\">Wiston Caicedo Araujo, al parecer llevaba como equipaje m\u00e1s de 28 kilos de marihuana, en jurisdicci\u00f3n de Yotoco (Valle del Cauca).<\/figcaption><\/figure>\n<p dir=\"ltr\">Personal del Cuerpo T\u00e9cnico de Investigaci\u00f3n (CTI) de la Fiscal\u00eda y la Sij\u00edn de la Polic\u00eda Nacional<strong> incautaron estupefacientes como marihuana, bazuco y coca\u00edna,<\/strong> adem\u00e1s de elementos dispuestos para dosificar las sustancias il\u00edcitas, celulares y dinero en efectivo.<\/p>\n<p dir=\"ltr\">\n<p dir=\"ltr\">\n<p dir=\"ltr\">\n<p dir=\"ltr\">\n<p dir=\"ltr\">MAP\/DSVC\/MAGA\/<\/p>\n<p dir=\"ltr\">\n<p dir=\"ltr\">\n<p dir=\"ltr\">\n<p>&nbsp;<\/p>\n<p>&nbsp;<\/p>\n<div class=\"td-post-content tagdiv-type\">\n<div class=\"td-post-content tagdiv-type\">\n<div class=\"td-post-content tagdiv-type\">\n<div class=\"td-post-content tagdiv-type\">\n<div class=\"td-post-content tagdiv-type\">\n<p><em>La informaci\u00f3n contenida en este bolet\u00edn de prensa corresponde a la narraci\u00f3n de los hechos noticiosos objetivos, suministrados por los funcionarios encargados de adelantar las investigaciones penales al interior de la Fiscal\u00eda General de la Naci\u00f3n. Para el momento de la divulgaci\u00f3n de este comunicado, la situaci\u00f3n jur\u00eddica de la(s) persona(s) relacionada(s) se encuentra pendiente de resolver por la autoridad judicial competente, siempre bajo los preceptos de la presunci\u00f3n de inocencia, consagrados en el art\u00edculo 29 de la Constituci\u00f3n Pol\u00edtica y el art\u00edculo 7\u00ba de la Ley 906 de 2004.<\/em><\/p>\n<\/div>\n<\/div>\n<\/div>\n<\/div>\n<\/div>\n\n<div class=\"twitter-share\"><a href=\"https:\/\/twitter.com\/intent\/tweet?via=fiscaliacol\" class=\"twitter-share-button\">Tweet<\/a><\/div>\n","protected":false},"excerpt":{"rendered":"<p>En Tulu\u00e1 y Calima-Dari\u00e9n fueron impactadas las organizaciones ilegales \u2018Los Mayores\u2019 y \u2018La Zona\u2019 en Yotoco. En operativos diferentes, la Seccional Valle del Cauca de la Fiscal\u00eda General de la [&hellip;]<\/p>\n","protected":false},"author":177,"featured_media":0,"comment_status":"closed","ping_status":"open","sticky":false,"template":"","format":"standard","meta":{"tdm_status":"","tdm_grid_status":"","footnotes":""},"categories":[1,324,303,24103],"tags":[83,24247,41648,23892,41647],"class_list":["post-316429","post","type-post","status-publish","format-standard","category-noticias","category-seccional-cali","category-seccionales","category-trafico-de-estupefacientes","tag-concierto-para-delinquir","tag-grupo-delincuencial","tag-trafico-estupefaacientes","tag-tulua","tag-yotoco-y-calima-darien-valle-del-cauca"],"yoast_head":"<!-- This site is optimized with the Yoast SEO plugin v24.3 - https:\/\/yoast.com\/wordpress\/plugins\/seo\/ -->\n<title>Fiscal\u00eda General de la Naci\u00f3n<\/title>\n<meta name=\"description\" content=\"P\u00e1gina oficial de la Fiscal\u00eda General de la Naci\u00f3n \u2013 Colombia. Garantizamos el acceso efectivo a la justicia, la verdad y la reparaci\u00f3n de las v\u00edctimas de los delitos.\" \/>\n<meta name=\"robots\" content=\"noindex, follow\" \/>\n<meta property=\"og:locale\" content=\"es_ES\" \/>\n<meta property=\"og:type\" content=\"article\" \/>\n<meta property=\"og:title\" content=\"Fiscal\u00eda General de la Naci\u00f3n\" \/>\n<meta property=\"og:description\" content=\"P\u00e1gina oficial de la Fiscal\u00eda General de la Naci\u00f3n \u2013 Colombia. Garantizamos el acceso efectivo a la justicia, la verdad y la reparaci\u00f3n de las v\u00edctimas de los delitos.\" \/>\n<meta property=\"og:url\" content=\"https:\/\/www.fiscalia.gov.co\/colombia\/noticias\/en-valle-del-cauca-fueron-judicializados-18-presuntos-implicados-en-trafico-local-de-estupefacientes\/\" \/>\n<meta property=\"og:site_name\" content=\"Fiscal\u00eda General de la Naci\u00f3n\" \/>\n<meta property=\"article:publisher\" content=\"https:\/\/www.facebook.com\/FiscaliaCol\" \/>\n<meta property=\"article:published_time\" content=\"2025-05-30T15:48:46+00:00\" \/>\n<meta property=\"og:image\" content=\"https:\/\/www.fiscalia.gov.co\/colombia\/wp-content\/uploads\/Foto-1.-La-Zona.-Estupefacientes.-Tulua-Valle.jpg\" \/>\n\t<meta property=\"og:image:width\" content=\"1600\" \/>\n\t<meta property=\"og:image:height\" content=\"900\" \/>\n\t<meta property=\"og:image:type\" content=\"image\/jpeg\" \/>\n<meta name=\"author\" content=\"Jordan Leandro Oviedo Anzola\" \/>\n<meta name=\"twitter:card\" content=\"summary_large_image\" \/>\n<meta name=\"twitter:creator\" content=\"@FiscaliaCol\" \/>\n<meta name=\"twitter:site\" content=\"@FiscaliaCol\" \/>\n<meta name=\"twitter:label1\" content=\"Escrito por\" \/>\n\t<meta name=\"twitter:data1\" content=\"Jordan Leandro Oviedo Anzola\" \/>\n\t<meta name=\"twitter:label2\" content=\"Tiempo de lectura\" \/>\n\t<meta name=\"twitter:data2\" content=\"3 minutos\" \/>\n<script type=\"application\/ld+json\" class=\"yoast-schema-graph\">{\"@context\":\"https:\/\/schema.org\",\"@graph\":[{\"@type\":\"Article\",\"@id\":\"https:\/\/www.fiscalia.gov.co\/colombia\/noticias\/en-valle-del-cauca-fueron-judicializados-18-presuntos-implicados-en-trafico-local-de-estupefacientes\/#article\",\"isPartOf\":{\"@id\":\"https:\/\/www.fiscalia.gov.co\/colombia\/noticias\/en-valle-del-cauca-fueron-judicializados-18-presuntos-implicados-en-trafico-local-de-estupefacientes\/\"},\"author\":{\"name\":\"Jordan Leandro Oviedo Anzola\",\"@id\":\"https:\/\/www.fiscalia.gov.co\/colombia\/#\/schema\/person\/bf84402cf293a5393e9c70b111020b24\"},\"headline\":\"En Valle del Cauca fueron judicializados 18 presuntos implicados en tr\u00e1fico local de estupefacientes\",\"datePublished\":\"2025-05-30T15:48:46+00:00\",\"dateModified\":\"2025-05-30T15:48:46+00:00\",\"mainEntityOfPage\":{\"@id\":\"https:\/\/www.fiscalia.gov.co\/colombia\/noticias\/en-valle-del-cauca-fueron-judicializados-18-presuntos-implicados-en-trafico-local-de-estupefacientes\/\"},\"wordCount\":582,\"publisher\":{\"@id\":\"https:\/\/www.fiscalia.gov.co\/colombia\/#organization\"},\"image\":{\"@id\":\"https:\/\/www.fiscalia.gov.co\/colombia\/noticias\/en-valle-del-cauca-fueron-judicializados-18-presuntos-implicados-en-trafico-local-de-estupefacientes\/#primaryimage\"},\"thumbnailUrl\":\"https:\/\/www.fiscalia.gov.co\/colombia\/wp-content\/uploads\/Foto-1.-La-Zona.-Estupefacientes.-Tulua-Valle-1024x576.jpg\",\"keywords\":[\"Concierto para delinquir\",\"grupo delincuencial\",\"trafico estupefaacientes\",\"Tulu\u00e1\",\"Yotoco y Calima - Dari\u00e9n (Valle del Cauca)\"],\"articleSection\":[\"Noticias\",\"Seccional Cali\",\"Seccionales\",\"Tr\u00e1fico de estupefacientes\"],\"inLanguage\":\"es-CO\"},{\"@type\":\"WebPage\",\"@id\":\"https:\/\/www.fiscalia.gov.co\/colombia\/noticias\/en-valle-del-cauca-fueron-judicializados-18-presuntos-implicados-en-trafico-local-de-estupefacientes\/\",\"url\":\"https:\/\/www.fiscalia.gov.co\/colombia\/noticias\/en-valle-del-cauca-fueron-judicializados-18-presuntos-implicados-en-trafico-local-de-estupefacientes\/\",\"name\":\"Fiscal\u00eda General de la Naci\u00f3n\",\"isPartOf\":{\"@id\":\"https:\/\/www.fiscalia.gov.co\/colombia\/#website\"},\"primaryImageOfPage\":{\"@id\":\"https:\/\/www.fiscalia.gov.co\/colombia\/noticias\/en-valle-del-cauca-fueron-judicializados-18-presuntos-implicados-en-trafico-local-de-estupefacientes\/#primaryimage\"},\"image\":{\"@id\":\"https:\/\/www.fiscalia.gov.co\/colombia\/noticias\/en-valle-del-cauca-fueron-judicializados-18-presuntos-implicados-en-trafico-local-de-estupefacientes\/#primaryimage\"},\"thumbnailUrl\":\"https:\/\/www.fiscalia.gov.co\/colombia\/wp-content\/uploads\/Foto-1.-La-Zona.-Estupefacientes.-Tulua-Valle-1024x576.jpg\",\"datePublished\":\"2025-05-30T15:48:46+00:00\",\"dateModified\":\"2025-05-30T15:48:46+00:00\",\"description\":\"P\u00e1gina oficial de la Fiscal\u00eda General de la Naci\u00f3n \u2013 Colombia. Garantizamos el acceso efectivo a la justicia, la verdad y la reparaci\u00f3n de las v\u00edctimas de los delitos.\",\"breadcrumb\":{\"@id\":\"https:\/\/www.fiscalia.gov.co\/colombia\/noticias\/en-valle-del-cauca-fueron-judicializados-18-presuntos-implicados-en-trafico-local-de-estupefacientes\/#breadcrumb\"},\"inLanguage\":\"es-CO\",\"potentialAction\":[{\"@type\":\"ReadAction\",\"target\":[\"https:\/\/www.fiscalia.gov.co\/colombia\/noticias\/en-valle-del-cauca-fueron-judicializados-18-presuntos-implicados-en-trafico-local-de-estupefacientes\/\"]}]},{\"@type\":\"ImageObject\",\"inLanguage\":\"es-CO\",\"@id\":\"https:\/\/www.fiscalia.gov.co\/colombia\/noticias\/en-valle-del-cauca-fueron-judicializados-18-presuntos-implicados-en-trafico-local-de-estupefacientes\/#primaryimage\",\"url\":\"https:\/\/www.fiscalia.gov.co\/colombia\/wp-content\/uploads\/Foto-1.-La-Zona.-Estupefacientes.-Tulua-Valle.jpg\",\"contentUrl\":\"https:\/\/www.fiscalia.gov.co\/colombia\/wp-content\/uploads\/Foto-1.-La-Zona.-Estupefacientes.-Tulua-Valle.jpg\",\"width\":1600,\"height\":900,\"caption\":\"Presuntos integrantes del grupo delincuencial La Zona fueron judicializados por comercializar estupefacientes en Tulu\u00e1 (Valle del Cauca).\"},{\"@type\":\"BreadcrumbList\",\"@id\":\"https:\/\/www.fiscalia.gov.co\/colombia\/noticias\/en-valle-del-cauca-fueron-judicializados-18-presuntos-implicados-en-trafico-local-de-estupefacientes\/#breadcrumb\",\"itemListElement\":[{\"@type\":\"ListItem\",\"position\":1,\"name\":\"Home\",\"item\":\"https:\/\/www.fiscalia.gov.co\/colombia\/\"},{\"@type\":\"ListItem\",\"position\":2,\"name\":\"En Valle del Cauca fueron judicializados 18 presuntos implicados en tr\u00e1fico local de estupefacientes\"}]},{\"@type\":\"WebSite\",\"@id\":\"https:\/\/www.fiscalia.gov.co\/colombia\/#website\",\"url\":\"https:\/\/www.fiscalia.gov.co\/colombia\/\",\"name\":\"Fiscal\u00eda General de la Naci\u00f3n\",\"description\":\"P\u00e1gina oficial de la Fiscal\u00eda General de la Naci\u00f3n \u2013 Colombia. Garantizamos el acceso efectivo a la justicia, la verdad y la reparaci\u00f3n de las v\u00edctimas de los delitos.\",\"publisher\":{\"@id\":\"https:\/\/www.fiscalia.gov.co\/colombia\/#organization\"},\"potentialAction\":[{\"@type\":\"SearchAction\",\"target\":{\"@type\":\"EntryPoint\",\"urlTemplate\":\"https:\/\/www.fiscalia.gov.co\/colombia\/?s={search_term_string}\"},\"query-input\":{\"@type\":\"PropertyValueSpecification\",\"valueRequired\":true,\"valueName\":\"search_term_string\"}}],\"inLanguage\":\"es-CO\"},{\"@type\":\"Organization\",\"@id\":\"https:\/\/www.fiscalia.gov.co\/colombia\/#organization\",\"name\":\"Fiscal\u00eda General de la Naci\u00f3n\",\"url\":\"https:\/\/www.fiscalia.gov.co\/colombia\/\",\"logo\":{\"@type\":\"ImageObject\",\"inLanguage\":\"es-CO\",\"@id\":\"https:\/\/www.fiscalia.gov.co\/colombia\/#\/schema\/logo\/image\/\",\"url\":\"https:\/\/www.fiscalia.gov.co\/colombia\/wp-content\/uploads\/LogoHorizontal_1.jpg\",\"contentUrl\":\"https:\/\/www.fiscalia.gov.co\/colombia\/wp-content\/uploads\/LogoHorizontal_1.jpg\",\"width\":300,\"height\":90,\"caption\":\"Fiscal\u00eda General de la Naci\u00f3n\"},\"image\":{\"@id\":\"https:\/\/www.fiscalia.gov.co\/colombia\/#\/schema\/logo\/image\/\"},\"sameAs\":[\"https:\/\/www.facebook.com\/FiscaliaCol\",\"https:\/\/x.com\/FiscaliaCol\",\"https:\/\/www.instagram.com\/fiscaliacol\",\"https:\/\/www.linkedin.com\/company\/fiscalia-general-de-la-naci-n\/\",\"https:\/\/youtube.com\/@fiscaliageneraldelanacion-4668?si=6nN79nyQICPU5iTh\"]},{\"@type\":\"Person\",\"@id\":\"https:\/\/www.fiscalia.gov.co\/colombia\/#\/schema\/person\/bf84402cf293a5393e9c70b111020b24\",\"name\":\"Jordan Leandro Oviedo Anzola\",\"image\":{\"@type\":\"ImageObject\",\"inLanguage\":\"es-CO\",\"@id\":\"https:\/\/www.fiscalia.gov.co\/colombia\/#\/schema\/person\/image\/\",\"url\":\"https:\/\/secure.gravatar.com\/avatar\/dabba4346fa9b9207d96adafa8f92721?s=96&d=mm&r=g\",\"contentUrl\":\"https:\/\/secure.gravatar.com\/avatar\/dabba4346fa9b9207d96adafa8f92721?s=96&d=mm&r=g\",\"caption\":\"Jordan Leandro Oviedo Anzola\"},\"url\":\"https:\/\/www.fiscalia.gov.co\/colombia\/author\/joviedo\/\"}]}<\/script>\n<!-- \/ Yoast SEO plugin. -->","yoast_head_json":{"title":"Fiscal\u00eda General de la Naci\u00f3n","description":"P\u00e1gina oficial de la Fiscal\u00eda General de la Naci\u00f3n \u2013 Colombia. Garantizamos el acceso efectivo a la justicia, la verdad y la reparaci\u00f3n de las v\u00edctimas de los delitos.","robots":{"index":"noindex","follow":"follow"},"og_locale":"es_ES","og_type":"article","og_title":"Fiscal\u00eda General de la Naci\u00f3n","og_description":"P\u00e1gina oficial de la Fiscal\u00eda General de la Naci\u00f3n \u2013 Colombia. Garantizamos el acceso efectivo a la justicia, la verdad y la reparaci\u00f3n de las v\u00edctimas de los delitos.","og_url":"https:\/\/www.fiscalia.gov.co\/colombia\/noticias\/en-valle-del-cauca-fueron-judicializados-18-presuntos-implicados-en-trafico-local-de-estupefacientes\/","og_site_name":"Fiscal\u00eda General de la Naci\u00f3n","article_publisher":"https:\/\/www.facebook.com\/FiscaliaCol","article_published_time":"2025-05-30T15:48:46+00:00","og_image":[{"width":1600,"height":900,"url":"https:\/\/www.fiscalia.gov.co\/colombia\/wp-content\/uploads\/Foto-1.-La-Zona.-Estupefacientes.-Tulua-Valle.jpg","type":"image\/jpeg"}],"author":"Jordan Leandro Oviedo Anzola","twitter_card":"summary_large_image","twitter_creator":"@FiscaliaCol","twitter_site":"@FiscaliaCol","twitter_misc":{"Escrito por":"Jordan Leandro Oviedo Anzola","Tiempo de lectura":"3 minutos"},"schema":{"@context":"https:\/\/schema.org","@graph":[{"@type":"Article","@id":"https:\/\/www.fiscalia.gov.co\/colombia\/noticias\/en-valle-del-cauca-fueron-judicializados-18-presuntos-implicados-en-trafico-local-de-estupefacientes\/#article","isPartOf":{"@id":"https:\/\/www.fiscalia.gov.co\/colombia\/noticias\/en-valle-del-cauca-fueron-judicializados-18-presuntos-implicados-en-trafico-local-de-estupefacientes\/"},"author":{"name":"Jordan Leandro Oviedo Anzola","@id":"https:\/\/www.fiscalia.gov.co\/colombia\/#\/schema\/person\/bf84402cf293a5393e9c70b111020b24"},"headline":"En Valle del Cauca fueron judicializados 18 presuntos implicados en tr\u00e1fico local de estupefacientes","datePublished":"2025-05-30T15:48:46+00:00","dateModified":"2025-05-30T15:48:46+00:00","mainEntityOfPage":{"@id":"https:\/\/www.fiscalia.gov.co\/colombia\/noticias\/en-valle-del-cauca-fueron-judicializados-18-presuntos-implicados-en-trafico-local-de-estupefacientes\/"},"wordCount":582,"publisher":{"@id":"https:\/\/www.fiscalia.gov.co\/colombia\/#organization"},"image":{"@id":"https:\/\/www.fiscalia.gov.co\/colombia\/noticias\/en-valle-del-cauca-fueron-judicializados-18-presuntos-implicados-en-trafico-local-de-estupefacientes\/#primaryimage"},"thumbnailUrl":"https:\/\/www.fiscalia.gov.co\/colombia\/wp-content\/uploads\/Foto-1.-La-Zona.-Estupefacientes.-Tulua-Valle-1024x576.jpg","keywords":["Concierto para delinquir","grupo delincuencial","trafico estupefaacientes","Tulu\u00e1","Yotoco y Calima - Dari\u00e9n (Valle del Cauca)"],"articleSection":["Noticias","Seccional Cali","Seccionales","Tr\u00e1fico de estupefacientes"],"inLanguage":"es-CO"},{"@type":"WebPage","@id":"https:\/\/www.fiscalia.gov.co\/colombia\/noticias\/en-valle-del-cauca-fueron-judicializados-18-presuntos-implicados-en-trafico-local-de-estupefacientes\/","url":"https:\/\/www.fiscalia.gov.co\/colombia\/noticias\/en-valle-del-cauca-fueron-judicializados-18-presuntos-implicados-en-trafico-local-de-estupefacientes\/","name":"Fiscal\u00eda General de la Naci\u00f3n","isPartOf":{"@id":"https:\/\/www.fiscalia.gov.co\/colombia\/#website"},"primaryImageOfPage":{"@id":"https:\/\/www.fiscalia.gov.co\/colombia\/noticias\/en-valle-del-cauca-fueron-judicializados-18-presuntos-implicados-en-trafico-local-de-estupefacientes\/#primaryimage"},"image":{"@id":"https:\/\/www.fiscalia.gov.co\/colombia\/noticias\/en-valle-del-cauca-fueron-judicializados-18-presuntos-implicados-en-trafico-local-de-estupefacientes\/#primaryimage"},"thumbnailUrl":"https:\/\/www.fiscalia.gov.co\/colombia\/wp-content\/uploads\/Foto-1.-La-Zona.-Estupefacientes.-Tulua-Valle-1024x576.jpg","datePublished":"2025-05-30T15:48:46+00:00","dateModified":"2025-05-30T15:48:46+00:00","description":"P\u00e1gina oficial de la Fiscal\u00eda General de la Naci\u00f3n \u2013 Colombia. Garantizamos el acceso efectivo a la justicia, la verdad y la reparaci\u00f3n de las v\u00edctimas de los delitos.","breadcrumb":{"@id":"https:\/\/www.fiscalia.gov.co\/colombia\/noticias\/en-valle-del-cauca-fueron-judicializados-18-presuntos-implicados-en-trafico-local-de-estupefacientes\/#breadcrumb"},"inLanguage":"es-CO","potentialAction":[{"@type":"ReadAction","target":["https:\/\/www.fiscalia.gov.co\/colombia\/noticias\/en-valle-del-cauca-fueron-judicializados-18-presuntos-implicados-en-trafico-local-de-estupefacientes\/"]}]},{"@type":"ImageObject","inLanguage":"es-CO","@id":"https:\/\/www.fiscalia.gov.co\/colombia\/noticias\/en-valle-del-cauca-fueron-judicializados-18-presuntos-implicados-en-trafico-local-de-estupefacientes\/#primaryimage","url":"https:\/\/www.fiscalia.gov.co\/colombia\/wp-content\/uploads\/Foto-1.-La-Zona.-Estupefacientes.-Tulua-Valle.jpg","contentUrl":"https:\/\/www.fiscalia.gov.co\/colombia\/wp-content\/uploads\/Foto-1.-La-Zona.-Estupefacientes.-Tulua-Valle.jpg","width":1600,"height":900,"caption":"Presuntos integrantes del grupo delincuencial La Zona fueron judicializados por comercializar estupefacientes en Tulu\u00e1 (Valle del Cauca)."},{"@type":"BreadcrumbList","@id":"https:\/\/www.fiscalia.gov.co\/colombia\/noticias\/en-valle-del-cauca-fueron-judicializados-18-presuntos-implicados-en-trafico-local-de-estupefacientes\/#breadcrumb","itemListElement":[{"@type":"ListItem","position":1,"name":"Home","item":"https:\/\/www.fiscalia.gov.co\/colombia\/"},{"@type":"ListItem","position":2,"name":"En Valle del Cauca fueron judicializados 18 presuntos implicados en tr\u00e1fico local de estupefacientes"}]},{"@type":"WebSite","@id":"https:\/\/www.fiscalia.gov.co\/colombia\/#website","url":"https:\/\/www.fiscalia.gov.co\/colombia\/","name":"Fiscal\u00eda General de la Naci\u00f3n","description":"P\u00e1gina oficial de la Fiscal\u00eda General de la Naci\u00f3n \u2013 Colombia. Garantizamos el acceso efectivo a la justicia, la verdad y la reparaci\u00f3n de las v\u00edctimas de los delitos.","publisher":{"@id":"https:\/\/www.fiscalia.gov.co\/colombia\/#organization"},"potentialAction":[{"@type":"SearchAction","target":{"@type":"EntryPoint","urlTemplate":"https:\/\/www.fiscalia.gov.co\/colombia\/?s={search_term_string}"},"query-input":{"@type":"PropertyValueSpecification","valueRequired":true,"valueName":"search_term_string"}}],"inLanguage":"es-CO"},{"@type":"Organization","@id":"https:\/\/www.fiscalia.gov.co\/colombia\/#organization","name":"Fiscal\u00eda General de la Naci\u00f3n","url":"https:\/\/www.fiscalia.gov.co\/colombia\/","logo":{"@type":"ImageObject","inLanguage":"es-CO","@id":"https:\/\/www.fiscalia.gov.co\/colombia\/#\/schema\/logo\/image\/","url":"https:\/\/www.fiscalia.gov.co\/colombia\/wp-content\/uploads\/LogoHorizontal_1.jpg","contentUrl":"https:\/\/www.fiscalia.gov.co\/colombia\/wp-content\/uploads\/LogoHorizontal_1.jpg","width":300,"height":90,"caption":"Fiscal\u00eda General de la Naci\u00f3n"},"image":{"@id":"https:\/\/www.fiscalia.gov.co\/colombia\/#\/schema\/logo\/image\/"},"sameAs":["https:\/\/www.facebook.com\/FiscaliaCol","https:\/\/x.com\/FiscaliaCol","https:\/\/www.instagram.com\/fiscaliacol","https:\/\/www.linkedin.com\/company\/fiscalia-general-de-la-naci-n\/","https:\/\/youtube.com\/@fiscaliageneraldelanacion-4668?si=6nN79nyQICPU5iTh"]},{"@type":"Person","@id":"https:\/\/www.fiscalia.gov.co\/colombia\/#\/schema\/person\/bf84402cf293a5393e9c70b111020b24","name":"Jordan Leandro Oviedo Anzola","image":{"@type":"ImageObject","inLanguage":"es-CO","@id":"https:\/\/www.fiscalia.gov.co\/colombia\/#\/schema\/person\/image\/","url":"https:\/\/secure.gravatar.com\/avatar\/dabba4346fa9b9207d96adafa8f92721?s=96&d=mm&r=g","contentUrl":"https:\/\/secure.gravatar.com\/avatar\/dabba4346fa9b9207d96adafa8f92721?s=96&d=mm&r=g","caption":"Jordan Leandro Oviedo Anzola"},"url":"https:\/\/www.fiscalia.gov.co\/colombia\/author\/joviedo\/"}]}},"_links":{"self":[{"href":"https:\/\/www.fiscalia.gov.co\/colombia\/wp-json\/wp\/v2\/posts\/316429","targetHints":{"allow":["GET"]}}],"collection":[{"href":"https:\/\/www.fiscalia.gov.co\/colombia\/wp-json\/wp\/v2\/posts"}],"about":[{"href":"https:\/\/www.fiscalia.gov.co\/colombia\/wp-json\/wp\/v2\/types\/post"}],"author":[{"embeddable":true,"href":"https:\/\/www.fiscalia.gov.co\/colombia\/wp-json\/wp\/v2\/users\/177"}],"replies":[{"embeddable":true,"href":"https:\/\/www.fiscalia.gov.co\/colombia\/wp-json\/wp\/v2\/comments?post=316429"}],"version-history":[{"count":1,"href":"https:\/\/www.fiscalia.gov.co\/colombia\/wp-json\/wp\/v2\/posts\/316429\/revisions"}],"predecessor-version":[{"id":316433,"href":"https:\/\/www.fiscalia.gov.co\/colombia\/wp-json\/wp\/v2\/posts\/316429\/revisions\/316433"}],"wp:attachment":[{"href":"https:\/\/www.fiscalia.gov.co\/colombia\/wp-json\/wp\/v2\/media?parent=316429"}],"wp:term":[{"taxonomy":"category","embeddable":true,"href":"https:\/\/www.fiscalia.gov.co\/colombia\/wp-json\/wp\/v2\/categories?post=316429"},{"taxonomy":"post_tag","embeddable":true,"href":"https:\/\/www.fiscalia.gov.co\/colombia\/wp-json\/wp\/v2\/tags?post=316429"}],"curies":[{"name":"wp","href":"https:\/\/api.w.org\/{rel}","templated":true}]}}