{"id":316357,"date":"2025-05-29T14:14:31","date_gmt":"2025-05-29T19:14:31","guid":{"rendered":"https:\/\/www.fiscalia.gov.co\/colombia\/?p=316357"},"modified":"2025-05-29T14:14:31","modified_gmt":"2025-05-29T19:14:31","slug":"presunto-responsable-de-participar-en-el-secuestro-y-desaparicion-de-un-topografo-en-casanare-fue-enviado-a-la-carcel","status":"publish","type":"post","link":"https:\/\/www.fiscalia.gov.co\/colombia\/noticias\/presunto-responsable-de-participar-en-el-secuestro-y-desaparicion-de-un-topografo-en-casanare-fue-enviado-a-la-carcel\/","title":{"rendered":"Presunto responsable de participar en el secuestro y desaparici\u00f3n de un top\u00f3grafo en Casanare fue enviado a la c\u00e1rcel"},"content":{"rendered":"<p style=\"font-weight: 400;\">Por solicitud de la Fiscal\u00eda General de la Naci\u00f3n un juez con funci\u00f3n de control de garant\u00edas impuso medida\u00a0 de aseguramiento en centro carcelario a Esneider Luis Ricardo Ortiz, alias Negro o Piojo, <strong>se\u00f1alado de participar en el secuestro y posterior desaparici\u00f3n de un top\u00f3grafo<\/strong>, el pasado 21 de marzo, en \u00e1rea rural de Yopal (Casanare).<\/p>\n<figure id=\"attachment_316358\" aria-describedby=\"caption-attachment-316358\" style=\"width: 696px\" class=\"wp-caption aligncenter\"><img loading=\"lazy\" decoding=\"async\" class=\"size-large wp-image-316358\" src=\"https:\/\/www.fiscalia.gov.co\/colombia\/wp-content\/uploads\/PROCESADO-1024x852.jpeg\" alt=\"El capturado aparece con sus manos esposadas a la espalda, custodiado por dos uniformados del GOES de la Polic\u00eda Nacional.\" width=\"696\" height=\"579\" srcset=\"https:\/\/www.fiscalia.gov.co\/colombia\/wp-content\/uploads\/PROCESADO-1024x852.jpeg 1024w, https:\/\/www.fiscalia.gov.co\/colombia\/wp-content\/uploads\/PROCESADO-300x250.jpeg 300w, https:\/\/www.fiscalia.gov.co\/colombia\/wp-content\/uploads\/PROCESADO-768x639.jpeg 768w, https:\/\/www.fiscalia.gov.co\/colombia\/wp-content\/uploads\/PROCESADO-505x420.jpeg 505w, https:\/\/www.fiscalia.gov.co\/colombia\/wp-content\/uploads\/PROCESADO-696x579.jpeg 696w, https:\/\/www.fiscalia.gov.co\/colombia\/wp-content\/uploads\/PROCESADO-1068x888.jpeg 1068w, https:\/\/www.fiscalia.gov.co\/colombia\/wp-content\/uploads\/PROCESADO.jpeg 1082w\" sizes=\"auto, (max-width: 696px) 100vw, 696px\" \/><figcaption id=\"caption-attachment-316358\" class=\"wp-caption-text\">Por solicitud del ente acusador, Esneider Luis Ricardo Ortiz fue afectado con medida en centro carcelario, por su presunta responsabilidad en los delitos de secuestro extorsivo y desaparici\u00f3n forzada.<\/figcaption><\/figure>\n<p style=\"font-weight: 400;\">Por estos hechos, un fiscal de la Seccional Casanare le imput\u00f3 los delitos <a href=\"https:\/\/www.fiscalia.gov.co\/colombia\/noticias\/por-secuestro-extorsivo-de-dos-hermanos-ganaderos-fueron-enviados-a-la-carcel-cinco-presuntos-responsables\/\">de secuestro extorsivo<\/a> y desaparici\u00f3n forzada, ambas conductas agravadas; los cargos no fueron aceptados.<\/p>\n<p style=\"font-weight: 400;\">De acuerdo con la investigaci\u00f3n, se evidenci\u00f3 que la v\u00edctima fue contactada para realizar un trabajo de topograf\u00eda, <strong>que consist\u00eda en medir unos terrenos en el sector de El Morichal, en zona rural de Yopal<\/strong>. Dicha labor fue solicitada bajo la modalidad de falso servicio.<\/p>\n<p style=\"font-weight: 400;\">El top\u00f3grafo, atendiendo ese requerimiento, <strong>viaj\u00f3 desde Pore (Casanare) donde resid\u00eda,<\/strong> hasta Yopal. All\u00e1, seg\u00fan lo acordado, lo recogieron en la plaza de mercado para llevarlo al sitio se\u00f1alado para desarrollar la actividad programada.<\/p>\n<p style=\"font-weight: 400;\">Horas despu\u00e9s los familiares del hombre comenzaron a recibir llamadas, de quienes se identificaron como integrantes de una organizaci\u00f3n criminal, <strong>en las que les exig\u00edan el pago de una suma de dinero<\/strong>, a cambio de no hacerle da\u00f1o y liberarlo. Sin embargo, hasta el momento se desconoce el paradero de la v\u00edctima.<\/p>\n<p style=\"font-weight: 400;\">Ricardo Ortiz, de 21 a\u00f1os, fue capturado en cumplimiento de una orden judicial, por uniformados de la Polic\u00eda Nacional en un c\u00e9ntrico sector de Yopal.<\/p>\n<p>&nbsp;<\/p>\n<p>&nbsp;<\/p>\n<p>&nbsp;<\/p>\n<p>&nbsp;<\/p>\n<p>&nbsp;<\/p>\n<p style=\"font-weight: 400;\">LAZL\/LMFO\/AMCJ\/APS\/DSC\/<\/p>\n<p>&nbsp;<\/p>\n<p>&nbsp;<\/p>\n<p>&nbsp;<\/p>\n<p>&nbsp;<\/p>\n<p>&nbsp;<\/p>\n<p style=\"font-weight: 400;\"><em>La informaci\u00f3n contenida en este bolet\u00edn de prensa corresponde a la narraci\u00f3n de los hechos noticiosos objetivos, suministrados por los funcionarios encargados de adelantar las investigaciones penales al interior de la Fiscal\u00eda General de la Naci\u00f3n. Para el momento de la divulgaci\u00f3n de este comunicado, la situaci\u00f3n jur\u00eddica de la(s) persona(s) relacionada(s) se encuentra pendiente de resolver por la autoridad judicial competente, siempre bajo los preceptos de la presunci\u00f3n de inocencia, consagrados en el art\u00edculo 29 de la Constituci\u00f3n Pol\u00edtica y el art\u00edculo 7\u00ba de la Ley 906 de 2004.<\/em><\/p>\n\n<div class=\"twitter-share\"><a href=\"https:\/\/twitter.com\/intent\/tweet?via=fiscaliacol\" class=\"twitter-share-button\">Tweet<\/a><\/div>\n","protected":false},"excerpt":{"rendered":"<p>Por solicitud de la Fiscal\u00eda General de la Naci\u00f3n un juez con funci\u00f3n de control de garant\u00edas impuso medida\u00a0 de aseguramiento en centro carcelario a Esneider Luis Ricardo Ortiz, alias [&hellip;]<\/p>\n","protected":false},"author":177,"featured_media":0,"comment_status":"closed","ping_status":"open","sticky":false,"template":"","format":"standard","meta":{"tdm_status":"","tdm_grid_status":"","footnotes":""},"categories":[1,24134,303],"tags":[14550,37492,1047,1185,41640,24034],"class_list":["post-316357","post","type-post","status-publish","format-standard","category-noticias","category-seccional-yopal","category-seccionales","tag-carcel","tag-fiscal-luz-adriana-camargo","tag-fiscalia-general-de-la-nacion","tag-medida-de-aseguramiento","tag-secuestro-extorsivo-agravado-en-concurso-con-desaparicion-forzada-agravada","tag-yopal-casanare"],"yoast_head":"<!-- This site is optimized with the Yoast SEO plugin v24.3 - https:\/\/yoast.com\/wordpress\/plugins\/seo\/ -->\n<title>Fiscal\u00eda General de la Naci\u00f3n<\/title>\n<meta name=\"description\" content=\"P\u00e1gina oficial de la Fiscal\u00eda General de la Naci\u00f3n \u2013 Colombia. Garantizamos el acceso efectivo a la justicia, la verdad y la reparaci\u00f3n de las v\u00edctimas de los delitos.\" \/>\n<meta name=\"robots\" content=\"noindex, follow\" \/>\n<meta property=\"og:locale\" content=\"es_ES\" \/>\n<meta property=\"og:type\" content=\"article\" \/>\n<meta property=\"og:title\" content=\"Fiscal\u00eda General de la Naci\u00f3n\" \/>\n<meta property=\"og:description\" content=\"P\u00e1gina oficial de la Fiscal\u00eda General de la Naci\u00f3n \u2013 Colombia. Garantizamos el acceso efectivo a la justicia, la verdad y la reparaci\u00f3n de las v\u00edctimas de los delitos.\" \/>\n<meta property=\"og:url\" content=\"https:\/\/www.fiscalia.gov.co\/colombia\/noticias\/presunto-responsable-de-participar-en-el-secuestro-y-desaparicion-de-un-topografo-en-casanare-fue-enviado-a-la-carcel\/\" \/>\n<meta property=\"og:site_name\" content=\"Fiscal\u00eda General de la Naci\u00f3n\" \/>\n<meta property=\"article:publisher\" content=\"https:\/\/www.facebook.com\/FiscaliaCol\" \/>\n<meta property=\"article:published_time\" content=\"2025-05-29T19:14:31+00:00\" \/>\n<meta property=\"og:image\" content=\"https:\/\/www.fiscalia.gov.co\/colombia\/wp-content\/uploads\/PROCESADO.jpeg\" \/>\n\t<meta property=\"og:image:width\" content=\"1082\" \/>\n\t<meta property=\"og:image:height\" content=\"900\" \/>\n\t<meta property=\"og:image:type\" content=\"image\/jpeg\" \/>\n<meta name=\"author\" content=\"Jordan Leandro Oviedo Anzola\" \/>\n<meta name=\"twitter:card\" content=\"summary_large_image\" \/>\n<meta name=\"twitter:creator\" content=\"@FiscaliaCol\" \/>\n<meta name=\"twitter:site\" content=\"@FiscaliaCol\" \/>\n<meta name=\"twitter:label1\" content=\"Escrito por\" \/>\n\t<meta name=\"twitter:data1\" content=\"Jordan Leandro Oviedo Anzola\" \/>\n\t<meta name=\"twitter:label2\" content=\"Tiempo de lectura\" \/>\n\t<meta name=\"twitter:data2\" content=\"2 minutos\" \/>\n<script type=\"application\/ld+json\" class=\"yoast-schema-graph\">{\"@context\":\"https:\/\/schema.org\",\"@graph\":[{\"@type\":\"Article\",\"@id\":\"https:\/\/www.fiscalia.gov.co\/colombia\/noticias\/presunto-responsable-de-participar-en-el-secuestro-y-desaparicion-de-un-topografo-en-casanare-fue-enviado-a-la-carcel\/#article\",\"isPartOf\":{\"@id\":\"https:\/\/www.fiscalia.gov.co\/colombia\/noticias\/presunto-responsable-de-participar-en-el-secuestro-y-desaparicion-de-un-topografo-en-casanare-fue-enviado-a-la-carcel\/\"},\"author\":{\"name\":\"Jordan Leandro Oviedo Anzola\",\"@id\":\"https:\/\/www.fiscalia.gov.co\/colombia\/#\/schema\/person\/bf84402cf293a5393e9c70b111020b24\"},\"headline\":\"Presunto responsable de participar en el secuestro y desaparici\u00f3n de un top\u00f3grafo en Casanare fue enviado a la c\u00e1rcel\",\"datePublished\":\"2025-05-29T19:14:31+00:00\",\"dateModified\":\"2025-05-29T19:14:31+00:00\",\"mainEntityOfPage\":{\"@id\":\"https:\/\/www.fiscalia.gov.co\/colombia\/noticias\/presunto-responsable-de-participar-en-el-secuestro-y-desaparicion-de-un-topografo-en-casanare-fue-enviado-a-la-carcel\/\"},\"wordCount\":437,\"publisher\":{\"@id\":\"https:\/\/www.fiscalia.gov.co\/colombia\/#organization\"},\"image\":{\"@id\":\"https:\/\/www.fiscalia.gov.co\/colombia\/noticias\/presunto-responsable-de-participar-en-el-secuestro-y-desaparicion-de-un-topografo-en-casanare-fue-enviado-a-la-carcel\/#primaryimage\"},\"thumbnailUrl\":\"https:\/\/www.fiscalia.gov.co\/colombia\/wp-content\/uploads\/PROCESADO-1024x852.jpeg\",\"keywords\":[\"C\u00e1rcel\",\"Fiscal Luz Adriana Camargo\",\"Fiscal\u00eda General de la Naci\u00f3n\",\"Medida de aseguramiento\",\"secuestro extorsivo agravado en concurso con desaparici\u00f3n forzada agravada\",\"Yopal (Casanare)\"],\"articleSection\":[\"Noticias\",\"Seccional Yopal\",\"Seccionales\"],\"inLanguage\":\"es-CO\"},{\"@type\":\"WebPage\",\"@id\":\"https:\/\/www.fiscalia.gov.co\/colombia\/noticias\/presunto-responsable-de-participar-en-el-secuestro-y-desaparicion-de-un-topografo-en-casanare-fue-enviado-a-la-carcel\/\",\"url\":\"https:\/\/www.fiscalia.gov.co\/colombia\/noticias\/presunto-responsable-de-participar-en-el-secuestro-y-desaparicion-de-un-topografo-en-casanare-fue-enviado-a-la-carcel\/\",\"name\":\"Fiscal\u00eda General de la Naci\u00f3n\",\"isPartOf\":{\"@id\":\"https:\/\/www.fiscalia.gov.co\/colombia\/#website\"},\"primaryImageOfPage\":{\"@id\":\"https:\/\/www.fiscalia.gov.co\/colombia\/noticias\/presunto-responsable-de-participar-en-el-secuestro-y-desaparicion-de-un-topografo-en-casanare-fue-enviado-a-la-carcel\/#primaryimage\"},\"image\":{\"@id\":\"https:\/\/www.fiscalia.gov.co\/colombia\/noticias\/presunto-responsable-de-participar-en-el-secuestro-y-desaparicion-de-un-topografo-en-casanare-fue-enviado-a-la-carcel\/#primaryimage\"},\"thumbnailUrl\":\"https:\/\/www.fiscalia.gov.co\/colombia\/wp-content\/uploads\/PROCESADO-1024x852.jpeg\",\"datePublished\":\"2025-05-29T19:14:31+00:00\",\"dateModified\":\"2025-05-29T19:14:31+00:00\",\"description\":\"P\u00e1gina oficial de la Fiscal\u00eda General de la Naci\u00f3n \u2013 Colombia. Garantizamos el acceso efectivo a la justicia, la verdad y la reparaci\u00f3n de las v\u00edctimas de los delitos.\",\"breadcrumb\":{\"@id\":\"https:\/\/www.fiscalia.gov.co\/colombia\/noticias\/presunto-responsable-de-participar-en-el-secuestro-y-desaparicion-de-un-topografo-en-casanare-fue-enviado-a-la-carcel\/#breadcrumb\"},\"inLanguage\":\"es-CO\",\"potentialAction\":[{\"@type\":\"ReadAction\",\"target\":[\"https:\/\/www.fiscalia.gov.co\/colombia\/noticias\/presunto-responsable-de-participar-en-el-secuestro-y-desaparicion-de-un-topografo-en-casanare-fue-enviado-a-la-carcel\/\"]}]},{\"@type\":\"ImageObject\",\"inLanguage\":\"es-CO\",\"@id\":\"https:\/\/www.fiscalia.gov.co\/colombia\/noticias\/presunto-responsable-de-participar-en-el-secuestro-y-desaparicion-de-un-topografo-en-casanare-fue-enviado-a-la-carcel\/#primaryimage\",\"url\":\"https:\/\/www.fiscalia.gov.co\/colombia\/wp-content\/uploads\/PROCESADO.jpeg\",\"contentUrl\":\"https:\/\/www.fiscalia.gov.co\/colombia\/wp-content\/uploads\/PROCESADO.jpeg\",\"width\":1082,\"height\":900,\"caption\":\"Por solicitud del ente acusador, Esneider Luis Ricardo Ortiz fue afectado con medida en centro carcelario, por su presunta responsabilidad en los delitos de secuestro extorsivo y desaparici\u00f3n forzada.\"},{\"@type\":\"BreadcrumbList\",\"@id\":\"https:\/\/www.fiscalia.gov.co\/colombia\/noticias\/presunto-responsable-de-participar-en-el-secuestro-y-desaparicion-de-un-topografo-en-casanare-fue-enviado-a-la-carcel\/#breadcrumb\",\"itemListElement\":[{\"@type\":\"ListItem\",\"position\":1,\"name\":\"Home\",\"item\":\"https:\/\/www.fiscalia.gov.co\/colombia\/\"},{\"@type\":\"ListItem\",\"position\":2,\"name\":\"Presunto responsable de participar en el secuestro y desaparici\u00f3n de un top\u00f3grafo en Casanare fue enviado a la c\u00e1rcel\"}]},{\"@type\":\"WebSite\",\"@id\":\"https:\/\/www.fiscalia.gov.co\/colombia\/#website\",\"url\":\"https:\/\/www.fiscalia.gov.co\/colombia\/\",\"name\":\"Fiscal\u00eda General de la Naci\u00f3n\",\"description\":\"P\u00e1gina oficial de la Fiscal\u00eda General de la Naci\u00f3n \u2013 Colombia. Garantizamos el acceso efectivo a la justicia, la verdad y la reparaci\u00f3n de las v\u00edctimas de los delitos.\",\"publisher\":{\"@id\":\"https:\/\/www.fiscalia.gov.co\/colombia\/#organization\"},\"potentialAction\":[{\"@type\":\"SearchAction\",\"target\":{\"@type\":\"EntryPoint\",\"urlTemplate\":\"https:\/\/www.fiscalia.gov.co\/colombia\/?s={search_term_string}\"},\"query-input\":{\"@type\":\"PropertyValueSpecification\",\"valueRequired\":true,\"valueName\":\"search_term_string\"}}],\"inLanguage\":\"es-CO\"},{\"@type\":\"Organization\",\"@id\":\"https:\/\/www.fiscalia.gov.co\/colombia\/#organization\",\"name\":\"Fiscal\u00eda General de la Naci\u00f3n\",\"url\":\"https:\/\/www.fiscalia.gov.co\/colombia\/\",\"logo\":{\"@type\":\"ImageObject\",\"inLanguage\":\"es-CO\",\"@id\":\"https:\/\/www.fiscalia.gov.co\/colombia\/#\/schema\/logo\/image\/\",\"url\":\"https:\/\/www.fiscalia.gov.co\/colombia\/wp-content\/uploads\/LogoHorizontal_1.jpg\",\"contentUrl\":\"https:\/\/www.fiscalia.gov.co\/colombia\/wp-content\/uploads\/LogoHorizontal_1.jpg\",\"width\":300,\"height\":90,\"caption\":\"Fiscal\u00eda General de la Naci\u00f3n\"},\"image\":{\"@id\":\"https:\/\/www.fiscalia.gov.co\/colombia\/#\/schema\/logo\/image\/\"},\"sameAs\":[\"https:\/\/www.facebook.com\/FiscaliaCol\",\"https:\/\/x.com\/FiscaliaCol\",\"https:\/\/www.instagram.com\/fiscaliacol\",\"https:\/\/www.linkedin.com\/company\/fiscalia-general-de-la-naci-n\/\",\"https:\/\/youtube.com\/@fiscaliageneraldelanacion-4668?si=6nN79nyQICPU5iTh\"]},{\"@type\":\"Person\",\"@id\":\"https:\/\/www.fiscalia.gov.co\/colombia\/#\/schema\/person\/bf84402cf293a5393e9c70b111020b24\",\"name\":\"Jordan Leandro Oviedo Anzola\",\"image\":{\"@type\":\"ImageObject\",\"inLanguage\":\"es-CO\",\"@id\":\"https:\/\/www.fiscalia.gov.co\/colombia\/#\/schema\/person\/image\/\",\"url\":\"https:\/\/secure.gravatar.com\/avatar\/dabba4346fa9b9207d96adafa8f92721?s=96&d=mm&r=g\",\"contentUrl\":\"https:\/\/secure.gravatar.com\/avatar\/dabba4346fa9b9207d96adafa8f92721?s=96&d=mm&r=g\",\"caption\":\"Jordan Leandro Oviedo Anzola\"},\"url\":\"https:\/\/www.fiscalia.gov.co\/colombia\/author\/joviedo\/\"}]}<\/script>\n<!-- \/ Yoast SEO plugin. -->","yoast_head_json":{"title":"Fiscal\u00eda General de la Naci\u00f3n","description":"P\u00e1gina oficial de la Fiscal\u00eda General de la Naci\u00f3n \u2013 Colombia. Garantizamos el acceso efectivo a la justicia, la verdad y la reparaci\u00f3n de las v\u00edctimas de los delitos.","robots":{"index":"noindex","follow":"follow"},"og_locale":"es_ES","og_type":"article","og_title":"Fiscal\u00eda General de la Naci\u00f3n","og_description":"P\u00e1gina oficial de la Fiscal\u00eda General de la Naci\u00f3n \u2013 Colombia. Garantizamos el acceso efectivo a la justicia, la verdad y la reparaci\u00f3n de las v\u00edctimas de los delitos.","og_url":"https:\/\/www.fiscalia.gov.co\/colombia\/noticias\/presunto-responsable-de-participar-en-el-secuestro-y-desaparicion-de-un-topografo-en-casanare-fue-enviado-a-la-carcel\/","og_site_name":"Fiscal\u00eda General de la Naci\u00f3n","article_publisher":"https:\/\/www.facebook.com\/FiscaliaCol","article_published_time":"2025-05-29T19:14:31+00:00","og_image":[{"width":1082,"height":900,"url":"https:\/\/www.fiscalia.gov.co\/colombia\/wp-content\/uploads\/PROCESADO.jpeg","type":"image\/jpeg"}],"author":"Jordan Leandro Oviedo Anzola","twitter_card":"summary_large_image","twitter_creator":"@FiscaliaCol","twitter_site":"@FiscaliaCol","twitter_misc":{"Escrito por":"Jordan Leandro Oviedo Anzola","Tiempo de lectura":"2 minutos"},"schema":{"@context":"https:\/\/schema.org","@graph":[{"@type":"Article","@id":"https:\/\/www.fiscalia.gov.co\/colombia\/noticias\/presunto-responsable-de-participar-en-el-secuestro-y-desaparicion-de-un-topografo-en-casanare-fue-enviado-a-la-carcel\/#article","isPartOf":{"@id":"https:\/\/www.fiscalia.gov.co\/colombia\/noticias\/presunto-responsable-de-participar-en-el-secuestro-y-desaparicion-de-un-topografo-en-casanare-fue-enviado-a-la-carcel\/"},"author":{"name":"Jordan Leandro Oviedo Anzola","@id":"https:\/\/www.fiscalia.gov.co\/colombia\/#\/schema\/person\/bf84402cf293a5393e9c70b111020b24"},"headline":"Presunto responsable de participar en el secuestro y desaparici\u00f3n de un top\u00f3grafo en Casanare fue enviado a la c\u00e1rcel","datePublished":"2025-05-29T19:14:31+00:00","dateModified":"2025-05-29T19:14:31+00:00","mainEntityOfPage":{"@id":"https:\/\/www.fiscalia.gov.co\/colombia\/noticias\/presunto-responsable-de-participar-en-el-secuestro-y-desaparicion-de-un-topografo-en-casanare-fue-enviado-a-la-carcel\/"},"wordCount":437,"publisher":{"@id":"https:\/\/www.fiscalia.gov.co\/colombia\/#organization"},"image":{"@id":"https:\/\/www.fiscalia.gov.co\/colombia\/noticias\/presunto-responsable-de-participar-en-el-secuestro-y-desaparicion-de-un-topografo-en-casanare-fue-enviado-a-la-carcel\/#primaryimage"},"thumbnailUrl":"https:\/\/www.fiscalia.gov.co\/colombia\/wp-content\/uploads\/PROCESADO-1024x852.jpeg","keywords":["C\u00e1rcel","Fiscal Luz Adriana Camargo","Fiscal\u00eda General de la Naci\u00f3n","Medida de aseguramiento","secuestro extorsivo agravado en concurso con desaparici\u00f3n forzada agravada","Yopal (Casanare)"],"articleSection":["Noticias","Seccional Yopal","Seccionales"],"inLanguage":"es-CO"},{"@type":"WebPage","@id":"https:\/\/www.fiscalia.gov.co\/colombia\/noticias\/presunto-responsable-de-participar-en-el-secuestro-y-desaparicion-de-un-topografo-en-casanare-fue-enviado-a-la-carcel\/","url":"https:\/\/www.fiscalia.gov.co\/colombia\/noticias\/presunto-responsable-de-participar-en-el-secuestro-y-desaparicion-de-un-topografo-en-casanare-fue-enviado-a-la-carcel\/","name":"Fiscal\u00eda General de la Naci\u00f3n","isPartOf":{"@id":"https:\/\/www.fiscalia.gov.co\/colombia\/#website"},"primaryImageOfPage":{"@id":"https:\/\/www.fiscalia.gov.co\/colombia\/noticias\/presunto-responsable-de-participar-en-el-secuestro-y-desaparicion-de-un-topografo-en-casanare-fue-enviado-a-la-carcel\/#primaryimage"},"image":{"@id":"https:\/\/www.fiscalia.gov.co\/colombia\/noticias\/presunto-responsable-de-participar-en-el-secuestro-y-desaparicion-de-un-topografo-en-casanare-fue-enviado-a-la-carcel\/#primaryimage"},"thumbnailUrl":"https:\/\/www.fiscalia.gov.co\/colombia\/wp-content\/uploads\/PROCESADO-1024x852.jpeg","datePublished":"2025-05-29T19:14:31+00:00","dateModified":"2025-05-29T19:14:31+00:00","description":"P\u00e1gina oficial de la Fiscal\u00eda General de la Naci\u00f3n \u2013 Colombia. Garantizamos el acceso efectivo a la justicia, la verdad y la reparaci\u00f3n de las v\u00edctimas de los delitos.","breadcrumb":{"@id":"https:\/\/www.fiscalia.gov.co\/colombia\/noticias\/presunto-responsable-de-participar-en-el-secuestro-y-desaparicion-de-un-topografo-en-casanare-fue-enviado-a-la-carcel\/#breadcrumb"},"inLanguage":"es-CO","potentialAction":[{"@type":"ReadAction","target":["https:\/\/www.fiscalia.gov.co\/colombia\/noticias\/presunto-responsable-de-participar-en-el-secuestro-y-desaparicion-de-un-topografo-en-casanare-fue-enviado-a-la-carcel\/"]}]},{"@type":"ImageObject","inLanguage":"es-CO","@id":"https:\/\/www.fiscalia.gov.co\/colombia\/noticias\/presunto-responsable-de-participar-en-el-secuestro-y-desaparicion-de-un-topografo-en-casanare-fue-enviado-a-la-carcel\/#primaryimage","url":"https:\/\/www.fiscalia.gov.co\/colombia\/wp-content\/uploads\/PROCESADO.jpeg","contentUrl":"https:\/\/www.fiscalia.gov.co\/colombia\/wp-content\/uploads\/PROCESADO.jpeg","width":1082,"height":900,"caption":"Por solicitud del ente acusador, Esneider Luis Ricardo Ortiz fue afectado con medida en centro carcelario, por su presunta responsabilidad en los delitos de secuestro extorsivo y desaparici\u00f3n forzada."},{"@type":"BreadcrumbList","@id":"https:\/\/www.fiscalia.gov.co\/colombia\/noticias\/presunto-responsable-de-participar-en-el-secuestro-y-desaparicion-de-un-topografo-en-casanare-fue-enviado-a-la-carcel\/#breadcrumb","itemListElement":[{"@type":"ListItem","position":1,"name":"Home","item":"https:\/\/www.fiscalia.gov.co\/colombia\/"},{"@type":"ListItem","position":2,"name":"Presunto responsable de participar en el secuestro y desaparici\u00f3n de un top\u00f3grafo en Casanare fue enviado a la c\u00e1rcel"}]},{"@type":"WebSite","@id":"https:\/\/www.fiscalia.gov.co\/colombia\/#website","url":"https:\/\/www.fiscalia.gov.co\/colombia\/","name":"Fiscal\u00eda General de la Naci\u00f3n","description":"P\u00e1gina oficial de la Fiscal\u00eda General de la Naci\u00f3n \u2013 Colombia. Garantizamos el acceso efectivo a la justicia, la verdad y la reparaci\u00f3n de las v\u00edctimas de los delitos.","publisher":{"@id":"https:\/\/www.fiscalia.gov.co\/colombia\/#organization"},"potentialAction":[{"@type":"SearchAction","target":{"@type":"EntryPoint","urlTemplate":"https:\/\/www.fiscalia.gov.co\/colombia\/?s={search_term_string}"},"query-input":{"@type":"PropertyValueSpecification","valueRequired":true,"valueName":"search_term_string"}}],"inLanguage":"es-CO"},{"@type":"Organization","@id":"https:\/\/www.fiscalia.gov.co\/colombia\/#organization","name":"Fiscal\u00eda General de la Naci\u00f3n","url":"https:\/\/www.fiscalia.gov.co\/colombia\/","logo":{"@type":"ImageObject","inLanguage":"es-CO","@id":"https:\/\/www.fiscalia.gov.co\/colombia\/#\/schema\/logo\/image\/","url":"https:\/\/www.fiscalia.gov.co\/colombia\/wp-content\/uploads\/LogoHorizontal_1.jpg","contentUrl":"https:\/\/www.fiscalia.gov.co\/colombia\/wp-content\/uploads\/LogoHorizontal_1.jpg","width":300,"height":90,"caption":"Fiscal\u00eda General de la Naci\u00f3n"},"image":{"@id":"https:\/\/www.fiscalia.gov.co\/colombia\/#\/schema\/logo\/image\/"},"sameAs":["https:\/\/www.facebook.com\/FiscaliaCol","https:\/\/x.com\/FiscaliaCol","https:\/\/www.instagram.com\/fiscaliacol","https:\/\/www.linkedin.com\/company\/fiscalia-general-de-la-naci-n\/","https:\/\/youtube.com\/@fiscaliageneraldelanacion-4668?si=6nN79nyQICPU5iTh"]},{"@type":"Person","@id":"https:\/\/www.fiscalia.gov.co\/colombia\/#\/schema\/person\/bf84402cf293a5393e9c70b111020b24","name":"Jordan Leandro Oviedo Anzola","image":{"@type":"ImageObject","inLanguage":"es-CO","@id":"https:\/\/www.fiscalia.gov.co\/colombia\/#\/schema\/person\/image\/","url":"https:\/\/secure.gravatar.com\/avatar\/dabba4346fa9b9207d96adafa8f92721?s=96&d=mm&r=g","contentUrl":"https:\/\/secure.gravatar.com\/avatar\/dabba4346fa9b9207d96adafa8f92721?s=96&d=mm&r=g","caption":"Jordan Leandro Oviedo Anzola"},"url":"https:\/\/www.fiscalia.gov.co\/colombia\/author\/joviedo\/"}]}},"_links":{"self":[{"href":"https:\/\/www.fiscalia.gov.co\/colombia\/wp-json\/wp\/v2\/posts\/316357","targetHints":{"allow":["GET"]}}],"collection":[{"href":"https:\/\/www.fiscalia.gov.co\/colombia\/wp-json\/wp\/v2\/posts"}],"about":[{"href":"https:\/\/www.fiscalia.gov.co\/colombia\/wp-json\/wp\/v2\/types\/post"}],"author":[{"embeddable":true,"href":"https:\/\/www.fiscalia.gov.co\/colombia\/wp-json\/wp\/v2\/users\/177"}],"replies":[{"embeddable":true,"href":"https:\/\/www.fiscalia.gov.co\/colombia\/wp-json\/wp\/v2\/comments?post=316357"}],"version-history":[{"count":1,"href":"https:\/\/www.fiscalia.gov.co\/colombia\/wp-json\/wp\/v2\/posts\/316357\/revisions"}],"predecessor-version":[{"id":316359,"href":"https:\/\/www.fiscalia.gov.co\/colombia\/wp-json\/wp\/v2\/posts\/316357\/revisions\/316359"}],"wp:attachment":[{"href":"https:\/\/www.fiscalia.gov.co\/colombia\/wp-json\/wp\/v2\/media?parent=316357"}],"wp:term":[{"taxonomy":"category","embeddable":true,"href":"https:\/\/www.fiscalia.gov.co\/colombia\/wp-json\/wp\/v2\/categories?post=316357"},{"taxonomy":"post_tag","embeddable":true,"href":"https:\/\/www.fiscalia.gov.co\/colombia\/wp-json\/wp\/v2\/tags?post=316357"}],"curies":[{"name":"wp","href":"https:\/\/api.w.org\/{rel}","templated":true}]}}