{"id":316220,"date":"2025-05-28T10:50:47","date_gmt":"2025-05-28T15:50:47","guid":{"rendered":"https:\/\/www.fiscalia.gov.co\/colombia\/?p=316220"},"modified":"2025-05-28T10:50:47","modified_gmt":"2025-05-28T15:50:47","slug":"en-jamundi-fiscalia-judicializa-a-un-hombre-que-habria-abusado-sexualmente-de-su-hijastro-menor-de-edad","status":"publish","type":"post","link":"https:\/\/www.fiscalia.gov.co\/colombia\/noticias\/en-jamundi-fiscalia-judicializa-a-un-hombre-que-habria-abusado-sexualmente-de-su-hijastro-menor-de-edad\/","title":{"rendered":"En Jamund\u00ed Fiscal\u00eda judicializa a un hombre que habr\u00eda abusado sexualmente de su hijastro, menor de edad"},"content":{"rendered":"<h4 dir=\"ltr\" style=\"text-align: center;\"><em><strong>Las agresiones habr\u00edan sido cometidas durante cuatro a\u00f1os, y ocurrir\u00edan mientras la mam\u00e1 de la v\u00edctima trabajaba.<\/strong><\/em><\/h4>\n<figure id=\"attachment_316221\" aria-describedby=\"caption-attachment-316221\" style=\"width: 696px\" class=\"wp-caption aligncenter\"><img loading=\"lazy\" decoding=\"async\" class=\"size-large wp-image-316221\" src=\"https:\/\/www.fiscalia.gov.co\/colombia\/wp-content\/uploads\/AJOF.-Acceso-Carnal-y-acto-sexual-violentos-agravados.-Jamundi-Valle-1024x576.jpg\" alt=\"En la fotograf\u00eda se aprecia de pie y con los brazos atr\u00e1s al presunto implicado en el abuso sexual a su hijastro. Viste con camiseta de manga corta y de color gris; jean azul desgastado y zapatillas de color negro con zuela blanca. A sus extremos hay uniformados de la Polic\u00eda Nacional. Detr\u00e1s de ellos hay un pend\u00f3n institucional de la Polic\u00eda.\" width=\"696\" height=\"392\" srcset=\"https:\/\/www.fiscalia.gov.co\/colombia\/wp-content\/uploads\/AJOF.-Acceso-Carnal-y-acto-sexual-violentos-agravados.-Jamundi-Valle-1024x576.jpg 1024w, https:\/\/www.fiscalia.gov.co\/colombia\/wp-content\/uploads\/AJOF.-Acceso-Carnal-y-acto-sexual-violentos-agravados.-Jamundi-Valle-300x169.jpg 300w, https:\/\/www.fiscalia.gov.co\/colombia\/wp-content\/uploads\/AJOF.-Acceso-Carnal-y-acto-sexual-violentos-agravados.-Jamundi-Valle-768x432.jpg 768w, https:\/\/www.fiscalia.gov.co\/colombia\/wp-content\/uploads\/AJOF.-Acceso-Carnal-y-acto-sexual-violentos-agravados.-Jamundi-Valle-1536x864.jpg 1536w, https:\/\/www.fiscalia.gov.co\/colombia\/wp-content\/uploads\/AJOF.-Acceso-Carnal-y-acto-sexual-violentos-agravados.-Jamundi-Valle-747x420.jpg 747w, https:\/\/www.fiscalia.gov.co\/colombia\/wp-content\/uploads\/AJOF.-Acceso-Carnal-y-acto-sexual-violentos-agravados.-Jamundi-Valle-696x392.jpg 696w, https:\/\/www.fiscalia.gov.co\/colombia\/wp-content\/uploads\/AJOF.-Acceso-Carnal-y-acto-sexual-violentos-agravados.-Jamundi-Valle-1068x601.jpg 1068w, https:\/\/www.fiscalia.gov.co\/colombia\/wp-content\/uploads\/AJOF.-Acceso-Carnal-y-acto-sexual-violentos-agravados.-Jamundi-Valle.jpg 1600w\" sizes=\"auto, (max-width: 696px) 100vw, 696px\" \/><figcaption id=\"caption-attachment-316221\" class=\"wp-caption-text\">Este hombre de 35 a\u00f1os fue judicializado y privado de la libertad como presunto responsable de abusar sexualmente de su hijastro desde que \u00e9ste ten\u00eda 12 a\u00f1os, il\u00edcito que ocurri\u00f3 durante cuatro a\u00f1os seguidos, en Jamund\u00ed (Valle del Cauca).<\/figcaption><\/figure>\n<p dir=\"ltr\">La Fiscal\u00eda General de la Naci\u00f3n present\u00f3 ante un juez de control de garant\u00edas de Jamund\u00ed (Valle del Cauca) a un hombre de 35 a\u00f1os, <strong>se\u00f1alado de abusar sexualmente<\/strong>, durante cuatro a\u00f1os, de su hijastro.<\/p>\n<p dir=\"ltr\">Un fiscal de la Seccional Cali imput\u00f3 al investigado, <strong>cargos por acceso carnal violento y acto sexual violento; ambos agravados<\/strong>. Los delitos eran cometidos los fines de semana mientras la mam\u00e1 del joven trabajaba.<\/p>\n<p dir=\"ltr\">De acuerdo con la investigaci\u00f3n, adelantada por la Sij\u00edn de la Polic\u00eda Nacional, la Fiscal\u00eda estableci\u00f3 que el hoy imputado, al parecer, <strong>ven\u00eda cometiendo el il\u00edcito desde 2021, cuando la v\u00edctima ten\u00eda 12 a\u00f1os.<\/strong><\/p>\n<p dir=\"ltr\">Por estos hechos, uniformados de la Sij\u00edn de la Polic\u00eda Nacional capturaron al padrastro en Jamund\u00ed, el pasado 25 de mayo. <strong>El juez de control de garant\u00edas le impuso al investigado, medida de aseguramiento en centro carcelario.<\/strong><\/p>\n<p dir=\"ltr\">El procesado no acept\u00f3 los cargos en su contra.<\/p>\n<p dir=\"ltr\">\n<p dir=\"ltr\">\n<p dir=\"ltr\">\n<p dir=\"ltr\">\n<p dir=\"ltr\">MAP\/DSC\/MAGA\/<\/p>\n<p dir=\"ltr\">\n<p dir=\"ltr\">\n<p dir=\"ltr\">\n<p dir=\"ltr\">\n<div class=\"td-post-content tagdiv-type\">\n<div class=\"td-post-content tagdiv-type\">\n<p><i>La informaci\u00f3n contenida en este bolet\u00edn de prensa corresponde a la narraci\u00f3n de los hechos noticiosos objetivos, suministrados por los funcionarios encargados de adelantar las investigaciones penales al interior de la Fiscal\u00eda General de la Naci\u00f3n. Para el momento de la divulgaci\u00f3n de este comunicado, la situaci\u00f3n jur\u00eddica de la(s) persona(s) relacionada(s) se encuentra pendiente de resolver por la autoridad judicial competente, siempre bajo los preceptos de la presunci\u00f3n de inocencia, consagrados en el art\u00edculo 29 de la Constituci\u00f3n Pol\u00edtica y el art\u00edculo 7\u00ba de la Ley 906 de 2004.\u00a0<\/i><\/p>\n<\/div>\n<\/div>\n\n<div class=\"twitter-share\"><a href=\"https:\/\/twitter.com\/intent\/tweet?via=fiscaliacol\" class=\"twitter-share-button\">Tweet<\/a><\/div>\n","protected":false},"excerpt":{"rendered":"<p>Las agresiones habr\u00edan sido cometidas durante cuatro a\u00f1os, y ocurrir\u00edan mientras la mam\u00e1 de la v\u00edctima trabajaba. La Fiscal\u00eda General de la Naci\u00f3n present\u00f3 ante un juez de control de garant\u00edas de Jamund\u00ed (Valle del Cauca) a un hombre de 35 a\u00f1os, se\u00f1alado de abusar sexualmente, durante cuatro a\u00f1os, de su hijastro. Un fiscal de [&hellip;]<\/p>\n","protected":false},"author":177,"featured_media":0,"comment_status":"closed","ping_status":"open","sticky":false,"template":"","format":"standard","meta":{"tdm_status":"","tdm_grid_status":"","footnotes":""},"categories":[1],"tags":[32896],"class_list":{"0":"post-316220","1":"post","2":"type-post","3":"status-publish","4":"format-standard","6":"category-noticias","7":"tag-jamundi-valle-del-cauca"},"yoast_head":"<!-- This site is optimized with the Yoast SEO plugin v24.3 - https:\/\/yoast.com\/wordpress\/plugins\/seo\/ -->\n<title>Fiscal\u00eda General de la Naci\u00f3n<\/title>\n<meta name=\"description\" content=\"P\u00e1gina oficial de la Fiscal\u00eda General de la Naci\u00f3n \u2013 Colombia. Garantizamos el acceso efectivo a la justicia, la verdad y la reparaci\u00f3n de las v\u00edctimas de los delitos.\" \/>\n<meta name=\"robots\" content=\"noindex, follow\" \/>\n<meta property=\"og:locale\" content=\"es_ES\" \/>\n<meta property=\"og:type\" content=\"article\" \/>\n<meta property=\"og:title\" content=\"Fiscal\u00eda General de la Naci\u00f3n\" \/>\n<meta property=\"og:description\" content=\"P\u00e1gina oficial de la Fiscal\u00eda General de la Naci\u00f3n \u2013 Colombia. Garantizamos el acceso efectivo a la justicia, la verdad y la reparaci\u00f3n de las v\u00edctimas de los delitos.\" \/>\n<meta property=\"og:url\" content=\"https:\/\/www.fiscalia.gov.co\/colombia\/noticias\/en-jamundi-fiscalia-judicializa-a-un-hombre-que-habria-abusado-sexualmente-de-su-hijastro-menor-de-edad\/\" \/>\n<meta property=\"og:site_name\" content=\"Fiscal\u00eda General de la Naci\u00f3n\" \/>\n<meta property=\"article:publisher\" content=\"https:\/\/www.facebook.com\/FiscaliaCol\" \/>\n<meta property=\"article:published_time\" content=\"2025-05-28T15:50:47+00:00\" \/>\n<meta property=\"og:image\" content=\"https:\/\/www.fiscalia.gov.co\/colombia\/wp-content\/uploads\/AJOF.-Acceso-Carnal-y-acto-sexual-violentos-agravados.-Jamundi-Valle.jpg\" \/>\n\t<meta property=\"og:image:width\" content=\"1600\" \/>\n\t<meta property=\"og:image:height\" content=\"900\" \/>\n\t<meta property=\"og:image:type\" content=\"image\/jpeg\" \/>\n<meta name=\"author\" content=\"Jordan Leandro Oviedo Anzola\" \/>\n<meta name=\"twitter:card\" content=\"summary_large_image\" \/>\n<meta name=\"twitter:creator\" content=\"@FiscaliaCol\" \/>\n<meta name=\"twitter:site\" content=\"@FiscaliaCol\" \/>\n<meta name=\"twitter:label1\" content=\"Escrito por\" \/>\n\t<meta name=\"twitter:data1\" content=\"Jordan Leandro Oviedo Anzola\" \/>\n\t<meta name=\"twitter:label2\" content=\"Tiempo de lectura\" \/>\n\t<meta name=\"twitter:data2\" content=\"2 minutos\" \/>\n<script type=\"application\/ld+json\" class=\"yoast-schema-graph\">{\"@context\":\"https:\/\/schema.org\",\"@graph\":[{\"@type\":\"Article\",\"@id\":\"https:\/\/www.fiscalia.gov.co\/colombia\/noticias\/en-jamundi-fiscalia-judicializa-a-un-hombre-que-habria-abusado-sexualmente-de-su-hijastro-menor-de-edad\/#article\",\"isPartOf\":{\"@id\":\"https:\/\/www.fiscalia.gov.co\/colombia\/noticias\/en-jamundi-fiscalia-judicializa-a-un-hombre-que-habria-abusado-sexualmente-de-su-hijastro-menor-de-edad\/\"},\"author\":{\"name\":\"Jordan Leandro Oviedo Anzola\",\"@id\":\"https:\/\/www.fiscalia.gov.co\/colombia\/#\/schema\/person\/bf84402cf293a5393e9c70b111020b24\"},\"headline\":\"En Jamund\u00ed Fiscal\u00eda judicializa a un hombre que habr\u00eda abusado sexualmente de su hijastro, menor de edad\",\"datePublished\":\"2025-05-28T15:50:47+00:00\",\"dateModified\":\"2025-05-28T15:50:47+00:00\",\"mainEntityOfPage\":{\"@id\":\"https:\/\/www.fiscalia.gov.co\/colombia\/noticias\/en-jamundi-fiscalia-judicializa-a-un-hombre-que-habria-abusado-sexualmente-de-su-hijastro-menor-de-edad\/\"},\"wordCount\":357,\"publisher\":{\"@id\":\"https:\/\/www.fiscalia.gov.co\/colombia\/#organization\"},\"image\":{\"@id\":\"https:\/\/www.fiscalia.gov.co\/colombia\/noticias\/en-jamundi-fiscalia-judicializa-a-un-hombre-que-habria-abusado-sexualmente-de-su-hijastro-menor-de-edad\/#primaryimage\"},\"thumbnailUrl\":\"https:\/\/www.fiscalia.gov.co\/colombia\/wp-content\/uploads\/AJOF.-Acceso-Carnal-y-acto-sexual-violentos-agravados.-Jamundi-Valle-1024x576.jpg\",\"keywords\":[\"Jamund\u00ed (Valle del Cauca)\"],\"articleSection\":[\"Noticias\"],\"inLanguage\":\"es-CO\"},{\"@type\":\"WebPage\",\"@id\":\"https:\/\/www.fiscalia.gov.co\/colombia\/noticias\/en-jamundi-fiscalia-judicializa-a-un-hombre-que-habria-abusado-sexualmente-de-su-hijastro-menor-de-edad\/\",\"url\":\"https:\/\/www.fiscalia.gov.co\/colombia\/noticias\/en-jamundi-fiscalia-judicializa-a-un-hombre-que-habria-abusado-sexualmente-de-su-hijastro-menor-de-edad\/\",\"name\":\"Fiscal\u00eda General de la Naci\u00f3n\",\"isPartOf\":{\"@id\":\"https:\/\/www.fiscalia.gov.co\/colombia\/#website\"},\"primaryImageOfPage\":{\"@id\":\"https:\/\/www.fiscalia.gov.co\/colombia\/noticias\/en-jamundi-fiscalia-judicializa-a-un-hombre-que-habria-abusado-sexualmente-de-su-hijastro-menor-de-edad\/#primaryimage\"},\"image\":{\"@id\":\"https:\/\/www.fiscalia.gov.co\/colombia\/noticias\/en-jamundi-fiscalia-judicializa-a-un-hombre-que-habria-abusado-sexualmente-de-su-hijastro-menor-de-edad\/#primaryimage\"},\"thumbnailUrl\":\"https:\/\/www.fiscalia.gov.co\/colombia\/wp-content\/uploads\/AJOF.-Acceso-Carnal-y-acto-sexual-violentos-agravados.-Jamundi-Valle-1024x576.jpg\",\"datePublished\":\"2025-05-28T15:50:47+00:00\",\"dateModified\":\"2025-05-28T15:50:47+00:00\",\"description\":\"P\u00e1gina oficial de la Fiscal\u00eda General de la Naci\u00f3n \u2013 Colombia. Garantizamos el acceso efectivo a la justicia, la verdad y la reparaci\u00f3n de las v\u00edctimas de los delitos.\",\"breadcrumb\":{\"@id\":\"https:\/\/www.fiscalia.gov.co\/colombia\/noticias\/en-jamundi-fiscalia-judicializa-a-un-hombre-que-habria-abusado-sexualmente-de-su-hijastro-menor-de-edad\/#breadcrumb\"},\"inLanguage\":\"es-CO\",\"potentialAction\":[{\"@type\":\"ReadAction\",\"target\":[\"https:\/\/www.fiscalia.gov.co\/colombia\/noticias\/en-jamundi-fiscalia-judicializa-a-un-hombre-que-habria-abusado-sexualmente-de-su-hijastro-menor-de-edad\/\"]}]},{\"@type\":\"ImageObject\",\"inLanguage\":\"es-CO\",\"@id\":\"https:\/\/www.fiscalia.gov.co\/colombia\/noticias\/en-jamundi-fiscalia-judicializa-a-un-hombre-que-habria-abusado-sexualmente-de-su-hijastro-menor-de-edad\/#primaryimage\",\"url\":\"https:\/\/www.fiscalia.gov.co\/colombia\/wp-content\/uploads\/AJOF.-Acceso-Carnal-y-acto-sexual-violentos-agravados.-Jamundi-Valle.jpg\",\"contentUrl\":\"https:\/\/www.fiscalia.gov.co\/colombia\/wp-content\/uploads\/AJOF.-Acceso-Carnal-y-acto-sexual-violentos-agravados.-Jamundi-Valle.jpg\",\"width\":1600,\"height\":900,\"caption\":\"Este hombre de 35 a\u00f1os fue judicializado y privado de la libertad como presunto responsable de abusar sexualmente de su hijastro desde que \u00e9ste ten\u00eda 12 a\u00f1os, il\u00edcito que ocurri\u00f3 durante cuatro a\u00f1os seguidos, en Jamund\u00ed (Valle del Cauca).\"},{\"@type\":\"BreadcrumbList\",\"@id\":\"https:\/\/www.fiscalia.gov.co\/colombia\/noticias\/en-jamundi-fiscalia-judicializa-a-un-hombre-que-habria-abusado-sexualmente-de-su-hijastro-menor-de-edad\/#breadcrumb\",\"itemListElement\":[{\"@type\":\"ListItem\",\"position\":1,\"name\":\"Home\",\"item\":\"https:\/\/www.fiscalia.gov.co\/colombia\/\"},{\"@type\":\"ListItem\",\"position\":2,\"name\":\"En Jamund\u00ed Fiscal\u00eda judicializa a un hombre que habr\u00eda abusado sexualmente de su hijastro, menor de edad\"}]},{\"@type\":\"WebSite\",\"@id\":\"https:\/\/www.fiscalia.gov.co\/colombia\/#website\",\"url\":\"https:\/\/www.fiscalia.gov.co\/colombia\/\",\"name\":\"Fiscal\u00eda General de la Naci\u00f3n\",\"description\":\"P\u00e1gina oficial de la Fiscal\u00eda General de la Naci\u00f3n \u2013 Colombia. Garantizamos el acceso efectivo a la justicia, la verdad y la reparaci\u00f3n de las v\u00edctimas de los delitos.\",\"publisher\":{\"@id\":\"https:\/\/www.fiscalia.gov.co\/colombia\/#organization\"},\"potentialAction\":[{\"@type\":\"SearchAction\",\"target\":{\"@type\":\"EntryPoint\",\"urlTemplate\":\"https:\/\/www.fiscalia.gov.co\/colombia\/?s={search_term_string}\"},\"query-input\":{\"@type\":\"PropertyValueSpecification\",\"valueRequired\":true,\"valueName\":\"search_term_string\"}}],\"inLanguage\":\"es-CO\"},{\"@type\":\"Organization\",\"@id\":\"https:\/\/www.fiscalia.gov.co\/colombia\/#organization\",\"name\":\"Fiscal\u00eda General de la Naci\u00f3n\",\"url\":\"https:\/\/www.fiscalia.gov.co\/colombia\/\",\"logo\":{\"@type\":\"ImageObject\",\"inLanguage\":\"es-CO\",\"@id\":\"https:\/\/www.fiscalia.gov.co\/colombia\/#\/schema\/logo\/image\/\",\"url\":\"https:\/\/www.fiscalia.gov.co\/colombia\/wp-content\/uploads\/LogoHorizontal_1.jpg\",\"contentUrl\":\"https:\/\/www.fiscalia.gov.co\/colombia\/wp-content\/uploads\/LogoHorizontal_1.jpg\",\"width\":300,\"height\":90,\"caption\":\"Fiscal\u00eda General de la Naci\u00f3n\"},\"image\":{\"@id\":\"https:\/\/www.fiscalia.gov.co\/colombia\/#\/schema\/logo\/image\/\"},\"sameAs\":[\"https:\/\/www.facebook.com\/FiscaliaCol\",\"https:\/\/x.com\/FiscaliaCol\",\"https:\/\/www.instagram.com\/fiscaliacol\",\"https:\/\/www.linkedin.com\/company\/fiscalia-general-de-la-naci-n\/\",\"https:\/\/youtube.com\/@fiscaliageneraldelanacion-4668?si=6nN79nyQICPU5iTh\"]},{\"@type\":\"Person\",\"@id\":\"https:\/\/www.fiscalia.gov.co\/colombia\/#\/schema\/person\/bf84402cf293a5393e9c70b111020b24\",\"name\":\"Jordan Leandro Oviedo Anzola\",\"image\":{\"@type\":\"ImageObject\",\"inLanguage\":\"es-CO\",\"@id\":\"https:\/\/www.fiscalia.gov.co\/colombia\/#\/schema\/person\/image\/\",\"url\":\"https:\/\/secure.gravatar.com\/avatar\/dabba4346fa9b9207d96adafa8f92721?s=96&d=mm&r=g\",\"contentUrl\":\"https:\/\/secure.gravatar.com\/avatar\/dabba4346fa9b9207d96adafa8f92721?s=96&d=mm&r=g\",\"caption\":\"Jordan Leandro Oviedo Anzola\"},\"url\":\"https:\/\/www.fiscalia.gov.co\/colombia\/author\/joviedo\/\"}]}<\/script>\n<!-- \/ Yoast SEO plugin. -->","yoast_head_json":{"title":"Fiscal\u00eda General de la Naci\u00f3n","description":"P\u00e1gina oficial de la Fiscal\u00eda General de la Naci\u00f3n \u2013 Colombia. Garantizamos el acceso efectivo a la justicia, la verdad y la reparaci\u00f3n de las v\u00edctimas de los delitos.","robots":{"index":"noindex","follow":"follow"},"og_locale":"es_ES","og_type":"article","og_title":"Fiscal\u00eda General de la Naci\u00f3n","og_description":"P\u00e1gina oficial de la Fiscal\u00eda General de la Naci\u00f3n \u2013 Colombia. Garantizamos el acceso efectivo a la justicia, la verdad y la reparaci\u00f3n de las v\u00edctimas de los delitos.","og_url":"https:\/\/www.fiscalia.gov.co\/colombia\/noticias\/en-jamundi-fiscalia-judicializa-a-un-hombre-que-habria-abusado-sexualmente-de-su-hijastro-menor-de-edad\/","og_site_name":"Fiscal\u00eda General de la Naci\u00f3n","article_publisher":"https:\/\/www.facebook.com\/FiscaliaCol","article_published_time":"2025-05-28T15:50:47+00:00","og_image":[{"width":1600,"height":900,"url":"https:\/\/www.fiscalia.gov.co\/colombia\/wp-content\/uploads\/AJOF.-Acceso-Carnal-y-acto-sexual-violentos-agravados.-Jamundi-Valle.jpg","type":"image\/jpeg"}],"author":"Jordan Leandro Oviedo Anzola","twitter_card":"summary_large_image","twitter_creator":"@FiscaliaCol","twitter_site":"@FiscaliaCol","twitter_misc":{"Escrito por":"Jordan Leandro Oviedo Anzola","Tiempo de lectura":"2 minutos"},"schema":{"@context":"https:\/\/schema.org","@graph":[{"@type":"Article","@id":"https:\/\/www.fiscalia.gov.co\/colombia\/noticias\/en-jamundi-fiscalia-judicializa-a-un-hombre-que-habria-abusado-sexualmente-de-su-hijastro-menor-de-edad\/#article","isPartOf":{"@id":"https:\/\/www.fiscalia.gov.co\/colombia\/noticias\/en-jamundi-fiscalia-judicializa-a-un-hombre-que-habria-abusado-sexualmente-de-su-hijastro-menor-de-edad\/"},"author":{"name":"Jordan Leandro Oviedo Anzola","@id":"https:\/\/www.fiscalia.gov.co\/colombia\/#\/schema\/person\/bf84402cf293a5393e9c70b111020b24"},"headline":"En Jamund\u00ed Fiscal\u00eda judicializa a un hombre que habr\u00eda abusado sexualmente de su hijastro, menor de edad","datePublished":"2025-05-28T15:50:47+00:00","dateModified":"2025-05-28T15:50:47+00:00","mainEntityOfPage":{"@id":"https:\/\/www.fiscalia.gov.co\/colombia\/noticias\/en-jamundi-fiscalia-judicializa-a-un-hombre-que-habria-abusado-sexualmente-de-su-hijastro-menor-de-edad\/"},"wordCount":357,"publisher":{"@id":"https:\/\/www.fiscalia.gov.co\/colombia\/#organization"},"image":{"@id":"https:\/\/www.fiscalia.gov.co\/colombia\/noticias\/en-jamundi-fiscalia-judicializa-a-un-hombre-que-habria-abusado-sexualmente-de-su-hijastro-menor-de-edad\/#primaryimage"},"thumbnailUrl":"https:\/\/www.fiscalia.gov.co\/colombia\/wp-content\/uploads\/AJOF.-Acceso-Carnal-y-acto-sexual-violentos-agravados.-Jamundi-Valle-1024x576.jpg","keywords":["Jamund\u00ed (Valle del Cauca)"],"articleSection":["Noticias"],"inLanguage":"es-CO"},{"@type":"WebPage","@id":"https:\/\/www.fiscalia.gov.co\/colombia\/noticias\/en-jamundi-fiscalia-judicializa-a-un-hombre-que-habria-abusado-sexualmente-de-su-hijastro-menor-de-edad\/","url":"https:\/\/www.fiscalia.gov.co\/colombia\/noticias\/en-jamundi-fiscalia-judicializa-a-un-hombre-que-habria-abusado-sexualmente-de-su-hijastro-menor-de-edad\/","name":"Fiscal\u00eda General de la Naci\u00f3n","isPartOf":{"@id":"https:\/\/www.fiscalia.gov.co\/colombia\/#website"},"primaryImageOfPage":{"@id":"https:\/\/www.fiscalia.gov.co\/colombia\/noticias\/en-jamundi-fiscalia-judicializa-a-un-hombre-que-habria-abusado-sexualmente-de-su-hijastro-menor-de-edad\/#primaryimage"},"image":{"@id":"https:\/\/www.fiscalia.gov.co\/colombia\/noticias\/en-jamundi-fiscalia-judicializa-a-un-hombre-que-habria-abusado-sexualmente-de-su-hijastro-menor-de-edad\/#primaryimage"},"thumbnailUrl":"https:\/\/www.fiscalia.gov.co\/colombia\/wp-content\/uploads\/AJOF.-Acceso-Carnal-y-acto-sexual-violentos-agravados.-Jamundi-Valle-1024x576.jpg","datePublished":"2025-05-28T15:50:47+00:00","dateModified":"2025-05-28T15:50:47+00:00","description":"P\u00e1gina oficial de la Fiscal\u00eda General de la Naci\u00f3n \u2013 Colombia. Garantizamos el acceso efectivo a la justicia, la verdad y la reparaci\u00f3n de las v\u00edctimas de los delitos.","breadcrumb":{"@id":"https:\/\/www.fiscalia.gov.co\/colombia\/noticias\/en-jamundi-fiscalia-judicializa-a-un-hombre-que-habria-abusado-sexualmente-de-su-hijastro-menor-de-edad\/#breadcrumb"},"inLanguage":"es-CO","potentialAction":[{"@type":"ReadAction","target":["https:\/\/www.fiscalia.gov.co\/colombia\/noticias\/en-jamundi-fiscalia-judicializa-a-un-hombre-que-habria-abusado-sexualmente-de-su-hijastro-menor-de-edad\/"]}]},{"@type":"ImageObject","inLanguage":"es-CO","@id":"https:\/\/www.fiscalia.gov.co\/colombia\/noticias\/en-jamundi-fiscalia-judicializa-a-un-hombre-que-habria-abusado-sexualmente-de-su-hijastro-menor-de-edad\/#primaryimage","url":"https:\/\/www.fiscalia.gov.co\/colombia\/wp-content\/uploads\/AJOF.-Acceso-Carnal-y-acto-sexual-violentos-agravados.-Jamundi-Valle.jpg","contentUrl":"https:\/\/www.fiscalia.gov.co\/colombia\/wp-content\/uploads\/AJOF.-Acceso-Carnal-y-acto-sexual-violentos-agravados.-Jamundi-Valle.jpg","width":1600,"height":900,"caption":"Este hombre de 35 a\u00f1os fue judicializado y privado de la libertad como presunto responsable de abusar sexualmente de su hijastro desde que \u00e9ste ten\u00eda 12 a\u00f1os, il\u00edcito que ocurri\u00f3 durante cuatro a\u00f1os seguidos, en Jamund\u00ed (Valle del Cauca)."},{"@type":"BreadcrumbList","@id":"https:\/\/www.fiscalia.gov.co\/colombia\/noticias\/en-jamundi-fiscalia-judicializa-a-un-hombre-que-habria-abusado-sexualmente-de-su-hijastro-menor-de-edad\/#breadcrumb","itemListElement":[{"@type":"ListItem","position":1,"name":"Home","item":"https:\/\/www.fiscalia.gov.co\/colombia\/"},{"@type":"ListItem","position":2,"name":"En Jamund\u00ed Fiscal\u00eda judicializa a un hombre que habr\u00eda abusado sexualmente de su hijastro, menor de edad"}]},{"@type":"WebSite","@id":"https:\/\/www.fiscalia.gov.co\/colombia\/#website","url":"https:\/\/www.fiscalia.gov.co\/colombia\/","name":"Fiscal\u00eda General de la Naci\u00f3n","description":"P\u00e1gina oficial de la Fiscal\u00eda General de la Naci\u00f3n \u2013 Colombia. Garantizamos el acceso efectivo a la justicia, la verdad y la reparaci\u00f3n de las v\u00edctimas de los delitos.","publisher":{"@id":"https:\/\/www.fiscalia.gov.co\/colombia\/#organization"},"potentialAction":[{"@type":"SearchAction","target":{"@type":"EntryPoint","urlTemplate":"https:\/\/www.fiscalia.gov.co\/colombia\/?s={search_term_string}"},"query-input":{"@type":"PropertyValueSpecification","valueRequired":true,"valueName":"search_term_string"}}],"inLanguage":"es-CO"},{"@type":"Organization","@id":"https:\/\/www.fiscalia.gov.co\/colombia\/#organization","name":"Fiscal\u00eda General de la Naci\u00f3n","url":"https:\/\/www.fiscalia.gov.co\/colombia\/","logo":{"@type":"ImageObject","inLanguage":"es-CO","@id":"https:\/\/www.fiscalia.gov.co\/colombia\/#\/schema\/logo\/image\/","url":"https:\/\/www.fiscalia.gov.co\/colombia\/wp-content\/uploads\/LogoHorizontal_1.jpg","contentUrl":"https:\/\/www.fiscalia.gov.co\/colombia\/wp-content\/uploads\/LogoHorizontal_1.jpg","width":300,"height":90,"caption":"Fiscal\u00eda General de la Naci\u00f3n"},"image":{"@id":"https:\/\/www.fiscalia.gov.co\/colombia\/#\/schema\/logo\/image\/"},"sameAs":["https:\/\/www.facebook.com\/FiscaliaCol","https:\/\/x.com\/FiscaliaCol","https:\/\/www.instagram.com\/fiscaliacol","https:\/\/www.linkedin.com\/company\/fiscalia-general-de-la-naci-n\/","https:\/\/youtube.com\/@fiscaliageneraldelanacion-4668?si=6nN79nyQICPU5iTh"]},{"@type":"Person","@id":"https:\/\/www.fiscalia.gov.co\/colombia\/#\/schema\/person\/bf84402cf293a5393e9c70b111020b24","name":"Jordan Leandro Oviedo Anzola","image":{"@type":"ImageObject","inLanguage":"es-CO","@id":"https:\/\/www.fiscalia.gov.co\/colombia\/#\/schema\/person\/image\/","url":"https:\/\/secure.gravatar.com\/avatar\/dabba4346fa9b9207d96adafa8f92721?s=96&d=mm&r=g","contentUrl":"https:\/\/secure.gravatar.com\/avatar\/dabba4346fa9b9207d96adafa8f92721?s=96&d=mm&r=g","caption":"Jordan Leandro Oviedo Anzola"},"url":"https:\/\/www.fiscalia.gov.co\/colombia\/author\/joviedo\/"}]}},"_links":{"self":[{"href":"https:\/\/www.fiscalia.gov.co\/colombia\/wp-json\/wp\/v2\/posts\/316220","targetHints":{"allow":["GET"]}}],"collection":[{"href":"https:\/\/www.fiscalia.gov.co\/colombia\/wp-json\/wp\/v2\/posts"}],"about":[{"href":"https:\/\/www.fiscalia.gov.co\/colombia\/wp-json\/wp\/v2\/types\/post"}],"author":[{"embeddable":true,"href":"https:\/\/www.fiscalia.gov.co\/colombia\/wp-json\/wp\/v2\/users\/177"}],"replies":[{"embeddable":true,"href":"https:\/\/www.fiscalia.gov.co\/colombia\/wp-json\/wp\/v2\/comments?post=316220"}],"version-history":[{"count":1,"href":"https:\/\/www.fiscalia.gov.co\/colombia\/wp-json\/wp\/v2\/posts\/316220\/revisions"}],"predecessor-version":[{"id":316222,"href":"https:\/\/www.fiscalia.gov.co\/colombia\/wp-json\/wp\/v2\/posts\/316220\/revisions\/316222"}],"wp:attachment":[{"href":"https:\/\/www.fiscalia.gov.co\/colombia\/wp-json\/wp\/v2\/media?parent=316220"}],"wp:term":[{"taxonomy":"category","embeddable":true,"href":"https:\/\/www.fiscalia.gov.co\/colombia\/wp-json\/wp\/v2\/categories?post=316220"},{"taxonomy":"post_tag","embeddable":true,"href":"https:\/\/www.fiscalia.gov.co\/colombia\/wp-json\/wp\/v2\/tags?post=316220"}],"curies":[{"name":"wp","href":"https:\/\/api.w.org\/{rel}","templated":true}]}}