{"id":316212,"date":"2025-05-28T09:43:57","date_gmt":"2025-05-28T14:43:57","guid":{"rendered":"https:\/\/www.fiscalia.gov.co\/colombia\/?p=316212"},"modified":"2025-05-28T09:43:57","modified_gmt":"2025-05-28T14:43:57","slug":"asegurados-presuntos-responsables-de-secuestrar-y-golpear-extranjeros-para-presionar-el-pago-de-cuentas-exageradas-en-establecimientos-comerciales-en-medellin","status":"publish","type":"post","link":"https:\/\/www.fiscalia.gov.co\/colombia\/noticias\/asegurados-presuntos-responsables-de-secuestrar-y-golpear-extranjeros-para-presionar-el-pago-de-cuentas-exageradas-en-establecimientos-comerciales-en-medellin\/","title":{"rendered":"Asegurados presuntos responsables de secuestrar y golpear extranjeros para presionar el pago de cuentas exageradas en establecimientos comerciales en Medell\u00edn"},"content":{"rendered":"<h4 style=\"text-align: center;\"><strong><i>Entre los procesados se encuentra una mujer, quien funge como\u00a0 representante legal del grupo empresarial propietario de los establecimientos donde ocurrieron los hechos.<\/i><\/strong><\/h4>\n<figure id=\"attachment_316213\" aria-describedby=\"caption-attachment-316213\" style=\"width: 696px\" class=\"wp-caption aligncenter\"><img loading=\"lazy\" decoding=\"async\" class=\"size-large wp-image-316213\" src=\"https:\/\/www.fiscalia.gov.co\/colombia\/wp-content\/uploads\/Secuestro-de-extranjeros-en-discotecas-por-no-pago-de-cuentas-1024x642.jpg\" alt=\"En la imagen est\u00e1n los 10 procesados y a los lados 2 servidores del Gaula de la Polic\u00eda Nacional\" width=\"696\" height=\"436\" srcset=\"https:\/\/www.fiscalia.gov.co\/colombia\/wp-content\/uploads\/Secuestro-de-extranjeros-en-discotecas-por-no-pago-de-cuentas-1024x642.jpg 1024w, https:\/\/www.fiscalia.gov.co\/colombia\/wp-content\/uploads\/Secuestro-de-extranjeros-en-discotecas-por-no-pago-de-cuentas-300x188.jpg 300w, https:\/\/www.fiscalia.gov.co\/colombia\/wp-content\/uploads\/Secuestro-de-extranjeros-en-discotecas-por-no-pago-de-cuentas-768x481.jpg 768w, https:\/\/www.fiscalia.gov.co\/colombia\/wp-content\/uploads\/Secuestro-de-extranjeros-en-discotecas-por-no-pago-de-cuentas-1536x963.jpg 1536w, https:\/\/www.fiscalia.gov.co\/colombia\/wp-content\/uploads\/Secuestro-de-extranjeros-en-discotecas-por-no-pago-de-cuentas-670x420.jpg 670w, https:\/\/www.fiscalia.gov.co\/colombia\/wp-content\/uploads\/Secuestro-de-extranjeros-en-discotecas-por-no-pago-de-cuentas-696x436.jpg 696w, https:\/\/www.fiscalia.gov.co\/colombia\/wp-content\/uploads\/Secuestro-de-extranjeros-en-discotecas-por-no-pago-de-cuentas-1068x670.jpg 1068w, https:\/\/www.fiscalia.gov.co\/colombia\/wp-content\/uploads\/Secuestro-de-extranjeros-en-discotecas-por-no-pago-de-cuentas.jpg 1600w\" sizes=\"auto, (max-width: 696px) 100vw, 696px\" \/><figcaption id=\"caption-attachment-316213\" class=\"wp-caption-text\">Presuntos responsables de secuestrar y golpear a ciudadanos extranjeros por el pago de altas cuentas en establecimientos comerciales de la zona rosa de EL Poblado<\/figcaption><\/figure>\n<p>Por solicitud de la Fiscal\u00eda General de la Naci\u00f3n, un juez de control de garant\u00edas impuso medida de aseguramiento en centro carcelario en contra de diez presuntos responsables de secuestrar y golpear a tres extranjeros que se habr\u00edan negado a pagar cuentas exorbitantes en dos <strong>establecimientos comerciales del barrio El Poblado en Medell\u00edn<\/strong> (Antioquia).<\/p>\n<p>Los afectados con la medida fueron, los empleados de los locales comerciales, Duvan Santiago Mu\u00f1oz Gonz\u00e1lez, Oscar Hernando Vera Fl\u00f3rez, Camilo Andr\u00e9s Sierra Causil, Jhon Esteban Bustamante Rodas, Jos\u00e9 Vicente Torcat Gonz\u00e1lez, Rosemberg Antonio D\u00edaz Salazar, Luis Gerardo Ferrer Villalobos, Luis Javier Vergara Arizal, Alexander Camacho y Ana Isabel Rojas Chavarr\u00eda, representante legal <strong>del grupo empresarial al que pertenecen los establecimientos.\u00a0<\/strong><\/p>\n<p>Las 10 personas fueron imputadas por el <strong>delito de secuestro extorsivo agravado<\/strong>, cargo que no fue aceptado.<\/p>\n<p>Seg\u00fan la investigaci\u00f3n adelantada por un fiscal especializado de la Seccional Medell\u00edn, el primer hecho habr\u00eda ocurrido el 21 de octubre de 2024, cuando dos ciudadanos paname\u00f1os, al parecer, fueron retenidos y golpeados en una discoteca. Los extranjeros reclamaron por el abuso en una c<strong>uenta de 14 millones de pesos que les cobraron por el consumo de tres botellas de lico<\/strong>r.<\/p>\n<p>Se evidenci\u00f3 que ante el constre\u00f1imiento y las agresiones f\u00edsicas los extranjeros cancelaron la cuenta. <strong>La Fiscal\u00eda estableci\u00f3 adem\u00e1s, que luego del pago abusivo,<\/strong> una de las v\u00edctimas fue retenida mientras que su compa\u00f1ero fue llevado hasta el hotel donde se hospedaba para entregarles otra suma de dinero exigida.<\/p>\n<p>Las labores investigativas adelantadas con el apoyo del Gaula de la Polic\u00eda Nacional, determinaron que el pasado 14 de mayo, un ciudadano norteamericano fue v\u00edctima de conductas similares por los mismos procesados quienes le exigieron la suma de 2 millones de pesos por unos pasabocas y unos tragos de licor extranjero.\u00a0 El hombre estuvo retenido durante cuatro horas y bajo intimidaci\u00f3n <strong>autoriz\u00f3 el pago de 485 d\u00f3lares mediante una transacci\u00f3n virtual.<\/strong><\/p>\n<p>El segundo hecho habr\u00eda ocurrido, en otro establecimiento ubicado en la zona rosa de este sector y de propiedad del mismo grupo empresarial donde se registr\u00f3 el primer suceso.<\/p>\n<p>&nbsp;<\/p>\n<p>&nbsp;<\/p>\n<p>&nbsp;<\/p>\n<p>&nbsp;<\/p>\n<p>&nbsp;<\/p>\n<p>NAMT\/HQA\/AMCJ\/DSM<\/p>\n<p>&nbsp;<\/p>\n<p>&nbsp;<\/p>\n<p>&nbsp;<\/p>\n<p>&nbsp;<\/p>\n<p>&nbsp;<\/p>\n<div class=\"td-post-content tagdiv-type\">\n<p><i><span lang=\"ES\">La informaci\u00f3n contenida en este bolet\u00edn de prensa corresponde a la narraci\u00f3n de los hechos noticiosos objetivos, suministrados por los funcionarios encargados de adelantar las investigaciones penales al interior de la Fiscal\u00eda General de la Naci\u00f3n. Para el momento de la divulgaci\u00f3n de este comunicado, la situaci\u00f3n jur\u00eddica de la(s) persona(s) relacionada(s) se encuentra pendiente de resolver por la autoridad\u00a0judicial competente, siempre bajo los preceptos de la presunci\u00f3n de inocencia, consagrados en el art\u00edculo 29 de la Constituci\u00f3n Pol\u00edtica y el art\u00edculo 7\u00ba de la Ley 906 de 2004.\u00a0<\/span><\/i><\/p>\n<\/div>\n<footer>\n<div class=\"td-post-source-tags\"><\/div>\n<div class=\"td-post-sharing-bottom\"><\/div>\n<\/footer>\n\n<div class=\"twitter-share\"><a href=\"https:\/\/twitter.com\/intent\/tweet?via=fiscaliacol\" class=\"twitter-share-button\">Tweet<\/a><\/div>\n","protected":false},"excerpt":{"rendered":"<p>Entre los procesados se encuentra una mujer, quien funge como\u00a0 representante legal del grupo empresarial propietario de los establecimientos donde ocurrieron los hechos. Por solicitud de la Fiscal\u00eda General de [&hellip;]<\/p>\n","protected":false},"author":177,"featured_media":0,"comment_status":"closed","ping_status":"open","sticky":false,"template":"","format":"standard","meta":{"tdm_status":"","tdm_grid_status":"","footnotes":""},"categories":[1,331,303],"tags":[41625,41624,37492,1047,25489,23985,41623],"class_list":["post-316212","post","type-post","status-publish","format-standard","category-noticias","category-seccional-medellin","category-seccionales","tag-ciudadano-norteamericano-retenido-para-que-pagara-la-suma-de-2-millones-de-pesos-por-unos-pasabocas-y-unos-tragos-de-licor-extranjero","tag-ciudadanos-panamenos-retenidos-por-negarse-a-pagar-14-millones-de-pesos-por-3-botellas-de-licor","tag-fiscal-luz-adriana-camargo","tag-fiscalia-general-de-la-nacion","tag-gaula-policia-nacional","tag-medellin-antioquia","tag-secuestro-de-extranjeros-en-discotecas-del-barrio-el-poblado"],"yoast_head":"<!-- This site is optimized with the Yoast SEO plugin v24.3 - https:\/\/yoast.com\/wordpress\/plugins\/seo\/ -->\n<title>Fiscal\u00eda General de la Naci\u00f3n<\/title>\n<meta name=\"description\" content=\"P\u00e1gina oficial de la Fiscal\u00eda General de la Naci\u00f3n \u2013 Colombia. Garantizamos el acceso efectivo a la justicia, la verdad y la reparaci\u00f3n de las v\u00edctimas de los delitos.\" \/>\n<meta name=\"robots\" content=\"noindex, follow\" \/>\n<meta property=\"og:locale\" content=\"es_ES\" \/>\n<meta property=\"og:type\" content=\"article\" \/>\n<meta property=\"og:title\" content=\"Fiscal\u00eda General de la Naci\u00f3n\" \/>\n<meta property=\"og:description\" content=\"P\u00e1gina oficial de la Fiscal\u00eda General de la Naci\u00f3n \u2013 Colombia. Garantizamos el acceso efectivo a la justicia, la verdad y la reparaci\u00f3n de las v\u00edctimas de los delitos.\" \/>\n<meta property=\"og:url\" content=\"https:\/\/www.fiscalia.gov.co\/colombia\/noticias\/asegurados-presuntos-responsables-de-secuestrar-y-golpear-extranjeros-para-presionar-el-pago-de-cuentas-exageradas-en-establecimientos-comerciales-en-medellin\/\" \/>\n<meta property=\"og:site_name\" content=\"Fiscal\u00eda General de la Naci\u00f3n\" \/>\n<meta property=\"article:publisher\" content=\"https:\/\/www.facebook.com\/FiscaliaCol\" \/>\n<meta property=\"article:published_time\" content=\"2025-05-28T14:43:57+00:00\" \/>\n<meta property=\"og:image\" content=\"https:\/\/www.fiscalia.gov.co\/colombia\/wp-content\/uploads\/Secuestro-de-extranjeros-en-discotecas-por-no-pago-de-cuentas.jpg\" \/>\n\t<meta property=\"og:image:width\" content=\"1600\" \/>\n\t<meta property=\"og:image:height\" content=\"1003\" \/>\n\t<meta property=\"og:image:type\" content=\"image\/jpeg\" \/>\n<meta name=\"author\" content=\"Jordan Leandro Oviedo Anzola\" \/>\n<meta name=\"twitter:card\" content=\"summary_large_image\" \/>\n<meta name=\"twitter:creator\" content=\"@FiscaliaCol\" \/>\n<meta name=\"twitter:site\" content=\"@FiscaliaCol\" \/>\n<meta name=\"twitter:label1\" content=\"Escrito por\" \/>\n\t<meta name=\"twitter:data1\" content=\"Jordan Leandro Oviedo Anzola\" \/>\n\t<meta name=\"twitter:label2\" content=\"Tiempo de lectura\" \/>\n\t<meta name=\"twitter:data2\" content=\"3 minutos\" \/>\n<script type=\"application\/ld+json\" class=\"yoast-schema-graph\">{\"@context\":\"https:\/\/schema.org\",\"@graph\":[{\"@type\":\"Article\",\"@id\":\"https:\/\/www.fiscalia.gov.co\/colombia\/noticias\/asegurados-presuntos-responsables-de-secuestrar-y-golpear-extranjeros-para-presionar-el-pago-de-cuentas-exageradas-en-establecimientos-comerciales-en-medellin\/#article\",\"isPartOf\":{\"@id\":\"https:\/\/www.fiscalia.gov.co\/colombia\/noticias\/asegurados-presuntos-responsables-de-secuestrar-y-golpear-extranjeros-para-presionar-el-pago-de-cuentas-exageradas-en-establecimientos-comerciales-en-medellin\/\"},\"author\":{\"name\":\"Jordan Leandro Oviedo Anzola\",\"@id\":\"https:\/\/www.fiscalia.gov.co\/colombia\/#\/schema\/person\/bf84402cf293a5393e9c70b111020b24\"},\"headline\":\"Asegurados presuntos responsables de secuestrar y golpear extranjeros para presionar el pago de cuentas exageradas en establecimientos comerciales en Medell\u00edn\",\"datePublished\":\"2025-05-28T14:43:57+00:00\",\"dateModified\":\"2025-05-28T14:43:57+00:00\",\"mainEntityOfPage\":{\"@id\":\"https:\/\/www.fiscalia.gov.co\/colombia\/noticias\/asegurados-presuntos-responsables-de-secuestrar-y-golpear-extranjeros-para-presionar-el-pago-de-cuentas-exageradas-en-establecimientos-comerciales-en-medellin\/\"},\"wordCount\":556,\"publisher\":{\"@id\":\"https:\/\/www.fiscalia.gov.co\/colombia\/#organization\"},\"image\":{\"@id\":\"https:\/\/www.fiscalia.gov.co\/colombia\/noticias\/asegurados-presuntos-responsables-de-secuestrar-y-golpear-extranjeros-para-presionar-el-pago-de-cuentas-exageradas-en-establecimientos-comerciales-en-medellin\/#primaryimage\"},\"thumbnailUrl\":\"https:\/\/www.fiscalia.gov.co\/colombia\/wp-content\/uploads\/Secuestro-de-extranjeros-en-discotecas-por-no-pago-de-cuentas-1024x642.jpg\",\"keywords\":[\"ciudadano norteamericano retenido para que pagara la suma de 2 millones de pesos por unos pasabocas y unos tragos de licor extranjero\",\"ciudadanos paname\u00f1os retenidos por negarse a pagar 14 millones de pesos por 3 botellas de licor\",\"Fiscal Luz Adriana Camargo\",\"Fiscal\u00eda General de la Naci\u00f3n\",\"GAULA POLIC\u00cdA NACIONAL\",\"Medell\u00edn (Antioquia)\",\"Secuestro de extranjeros en discotecas del barrio El Poblado\"],\"articleSection\":[\"Noticias\",\"Seccional Medell\u00edn\",\"Seccionales\"],\"inLanguage\":\"es-CO\"},{\"@type\":\"WebPage\",\"@id\":\"https:\/\/www.fiscalia.gov.co\/colombia\/noticias\/asegurados-presuntos-responsables-de-secuestrar-y-golpear-extranjeros-para-presionar-el-pago-de-cuentas-exageradas-en-establecimientos-comerciales-en-medellin\/\",\"url\":\"https:\/\/www.fiscalia.gov.co\/colombia\/noticias\/asegurados-presuntos-responsables-de-secuestrar-y-golpear-extranjeros-para-presionar-el-pago-de-cuentas-exageradas-en-establecimientos-comerciales-en-medellin\/\",\"name\":\"Fiscal\u00eda General de la Naci\u00f3n\",\"isPartOf\":{\"@id\":\"https:\/\/www.fiscalia.gov.co\/colombia\/#website\"},\"primaryImageOfPage\":{\"@id\":\"https:\/\/www.fiscalia.gov.co\/colombia\/noticias\/asegurados-presuntos-responsables-de-secuestrar-y-golpear-extranjeros-para-presionar-el-pago-de-cuentas-exageradas-en-establecimientos-comerciales-en-medellin\/#primaryimage\"},\"image\":{\"@id\":\"https:\/\/www.fiscalia.gov.co\/colombia\/noticias\/asegurados-presuntos-responsables-de-secuestrar-y-golpear-extranjeros-para-presionar-el-pago-de-cuentas-exageradas-en-establecimientos-comerciales-en-medellin\/#primaryimage\"},\"thumbnailUrl\":\"https:\/\/www.fiscalia.gov.co\/colombia\/wp-content\/uploads\/Secuestro-de-extranjeros-en-discotecas-por-no-pago-de-cuentas-1024x642.jpg\",\"datePublished\":\"2025-05-28T14:43:57+00:00\",\"dateModified\":\"2025-05-28T14:43:57+00:00\",\"description\":\"P\u00e1gina oficial de la Fiscal\u00eda General de la Naci\u00f3n \u2013 Colombia. Garantizamos el acceso efectivo a la justicia, la verdad y la reparaci\u00f3n de las v\u00edctimas de los delitos.\",\"breadcrumb\":{\"@id\":\"https:\/\/www.fiscalia.gov.co\/colombia\/noticias\/asegurados-presuntos-responsables-de-secuestrar-y-golpear-extranjeros-para-presionar-el-pago-de-cuentas-exageradas-en-establecimientos-comerciales-en-medellin\/#breadcrumb\"},\"inLanguage\":\"es-CO\",\"potentialAction\":[{\"@type\":\"ReadAction\",\"target\":[\"https:\/\/www.fiscalia.gov.co\/colombia\/noticias\/asegurados-presuntos-responsables-de-secuestrar-y-golpear-extranjeros-para-presionar-el-pago-de-cuentas-exageradas-en-establecimientos-comerciales-en-medellin\/\"]}]},{\"@type\":\"ImageObject\",\"inLanguage\":\"es-CO\",\"@id\":\"https:\/\/www.fiscalia.gov.co\/colombia\/noticias\/asegurados-presuntos-responsables-de-secuestrar-y-golpear-extranjeros-para-presionar-el-pago-de-cuentas-exageradas-en-establecimientos-comerciales-en-medellin\/#primaryimage\",\"url\":\"https:\/\/www.fiscalia.gov.co\/colombia\/wp-content\/uploads\/Secuestro-de-extranjeros-en-discotecas-por-no-pago-de-cuentas.jpg\",\"contentUrl\":\"https:\/\/www.fiscalia.gov.co\/colombia\/wp-content\/uploads\/Secuestro-de-extranjeros-en-discotecas-por-no-pago-de-cuentas.jpg\",\"width\":1600,\"height\":1003,\"caption\":\"Presuntos responsables de secuestrar y golpear a ciudadanos extranjeros por el pago de altas cuentas en establecimientos comerciales de la zona rosa de EL Poblado\"},{\"@type\":\"BreadcrumbList\",\"@id\":\"https:\/\/www.fiscalia.gov.co\/colombia\/noticias\/asegurados-presuntos-responsables-de-secuestrar-y-golpear-extranjeros-para-presionar-el-pago-de-cuentas-exageradas-en-establecimientos-comerciales-en-medellin\/#breadcrumb\",\"itemListElement\":[{\"@type\":\"ListItem\",\"position\":1,\"name\":\"Home\",\"item\":\"https:\/\/www.fiscalia.gov.co\/colombia\/\"},{\"@type\":\"ListItem\",\"position\":2,\"name\":\"Asegurados presuntos responsables de secuestrar y golpear extranjeros para presionar el pago de cuentas exageradas en establecimientos comerciales en Medell\u00edn\"}]},{\"@type\":\"WebSite\",\"@id\":\"https:\/\/www.fiscalia.gov.co\/colombia\/#website\",\"url\":\"https:\/\/www.fiscalia.gov.co\/colombia\/\",\"name\":\"Fiscal\u00eda General de la Naci\u00f3n\",\"description\":\"P\u00e1gina oficial de la Fiscal\u00eda General de la Naci\u00f3n \u2013 Colombia. Garantizamos el acceso efectivo a la justicia, la verdad y la reparaci\u00f3n de las v\u00edctimas de los delitos.\",\"publisher\":{\"@id\":\"https:\/\/www.fiscalia.gov.co\/colombia\/#organization\"},\"potentialAction\":[{\"@type\":\"SearchAction\",\"target\":{\"@type\":\"EntryPoint\",\"urlTemplate\":\"https:\/\/www.fiscalia.gov.co\/colombia\/?s={search_term_string}\"},\"query-input\":{\"@type\":\"PropertyValueSpecification\",\"valueRequired\":true,\"valueName\":\"search_term_string\"}}],\"inLanguage\":\"es-CO\"},{\"@type\":\"Organization\",\"@id\":\"https:\/\/www.fiscalia.gov.co\/colombia\/#organization\",\"name\":\"Fiscal\u00eda General de la Naci\u00f3n\",\"url\":\"https:\/\/www.fiscalia.gov.co\/colombia\/\",\"logo\":{\"@type\":\"ImageObject\",\"inLanguage\":\"es-CO\",\"@id\":\"https:\/\/www.fiscalia.gov.co\/colombia\/#\/schema\/logo\/image\/\",\"url\":\"https:\/\/www.fiscalia.gov.co\/colombia\/wp-content\/uploads\/LogoHorizontal_1.jpg\",\"contentUrl\":\"https:\/\/www.fiscalia.gov.co\/colombia\/wp-content\/uploads\/LogoHorizontal_1.jpg\",\"width\":300,\"height\":90,\"caption\":\"Fiscal\u00eda General de la Naci\u00f3n\"},\"image\":{\"@id\":\"https:\/\/www.fiscalia.gov.co\/colombia\/#\/schema\/logo\/image\/\"},\"sameAs\":[\"https:\/\/www.facebook.com\/FiscaliaCol\",\"https:\/\/x.com\/FiscaliaCol\",\"https:\/\/www.instagram.com\/fiscaliacol\",\"https:\/\/www.linkedin.com\/company\/fiscalia-general-de-la-naci-n\/\",\"https:\/\/youtube.com\/@fiscaliageneraldelanacion-4668?si=6nN79nyQICPU5iTh\"]},{\"@type\":\"Person\",\"@id\":\"https:\/\/www.fiscalia.gov.co\/colombia\/#\/schema\/person\/bf84402cf293a5393e9c70b111020b24\",\"name\":\"Jordan Leandro Oviedo Anzola\",\"image\":{\"@type\":\"ImageObject\",\"inLanguage\":\"es-CO\",\"@id\":\"https:\/\/www.fiscalia.gov.co\/colombia\/#\/schema\/person\/image\/\",\"url\":\"https:\/\/secure.gravatar.com\/avatar\/dabba4346fa9b9207d96adafa8f92721?s=96&d=mm&r=g\",\"contentUrl\":\"https:\/\/secure.gravatar.com\/avatar\/dabba4346fa9b9207d96adafa8f92721?s=96&d=mm&r=g\",\"caption\":\"Jordan Leandro Oviedo Anzola\"},\"url\":\"https:\/\/www.fiscalia.gov.co\/colombia\/author\/joviedo\/\"}]}<\/script>\n<!-- \/ Yoast SEO plugin. -->","yoast_head_json":{"title":"Fiscal\u00eda General de la Naci\u00f3n","description":"P\u00e1gina oficial de la Fiscal\u00eda General de la Naci\u00f3n \u2013 Colombia. Garantizamos el acceso efectivo a la justicia, la verdad y la reparaci\u00f3n de las v\u00edctimas de los delitos.","robots":{"index":"noindex","follow":"follow"},"og_locale":"es_ES","og_type":"article","og_title":"Fiscal\u00eda General de la Naci\u00f3n","og_description":"P\u00e1gina oficial de la Fiscal\u00eda General de la Naci\u00f3n \u2013 Colombia. Garantizamos el acceso efectivo a la justicia, la verdad y la reparaci\u00f3n de las v\u00edctimas de los delitos.","og_url":"https:\/\/www.fiscalia.gov.co\/colombia\/noticias\/asegurados-presuntos-responsables-de-secuestrar-y-golpear-extranjeros-para-presionar-el-pago-de-cuentas-exageradas-en-establecimientos-comerciales-en-medellin\/","og_site_name":"Fiscal\u00eda General de la Naci\u00f3n","article_publisher":"https:\/\/www.facebook.com\/FiscaliaCol","article_published_time":"2025-05-28T14:43:57+00:00","og_image":[{"width":1600,"height":1003,"url":"https:\/\/www.fiscalia.gov.co\/colombia\/wp-content\/uploads\/Secuestro-de-extranjeros-en-discotecas-por-no-pago-de-cuentas.jpg","type":"image\/jpeg"}],"author":"Jordan Leandro Oviedo Anzola","twitter_card":"summary_large_image","twitter_creator":"@FiscaliaCol","twitter_site":"@FiscaliaCol","twitter_misc":{"Escrito por":"Jordan Leandro Oviedo Anzola","Tiempo de lectura":"3 minutos"},"schema":{"@context":"https:\/\/schema.org","@graph":[{"@type":"Article","@id":"https:\/\/www.fiscalia.gov.co\/colombia\/noticias\/asegurados-presuntos-responsables-de-secuestrar-y-golpear-extranjeros-para-presionar-el-pago-de-cuentas-exageradas-en-establecimientos-comerciales-en-medellin\/#article","isPartOf":{"@id":"https:\/\/www.fiscalia.gov.co\/colombia\/noticias\/asegurados-presuntos-responsables-de-secuestrar-y-golpear-extranjeros-para-presionar-el-pago-de-cuentas-exageradas-en-establecimientos-comerciales-en-medellin\/"},"author":{"name":"Jordan Leandro Oviedo Anzola","@id":"https:\/\/www.fiscalia.gov.co\/colombia\/#\/schema\/person\/bf84402cf293a5393e9c70b111020b24"},"headline":"Asegurados presuntos responsables de secuestrar y golpear extranjeros para presionar el pago de cuentas exageradas en establecimientos comerciales en Medell\u00edn","datePublished":"2025-05-28T14:43:57+00:00","dateModified":"2025-05-28T14:43:57+00:00","mainEntityOfPage":{"@id":"https:\/\/www.fiscalia.gov.co\/colombia\/noticias\/asegurados-presuntos-responsables-de-secuestrar-y-golpear-extranjeros-para-presionar-el-pago-de-cuentas-exageradas-en-establecimientos-comerciales-en-medellin\/"},"wordCount":556,"publisher":{"@id":"https:\/\/www.fiscalia.gov.co\/colombia\/#organization"},"image":{"@id":"https:\/\/www.fiscalia.gov.co\/colombia\/noticias\/asegurados-presuntos-responsables-de-secuestrar-y-golpear-extranjeros-para-presionar-el-pago-de-cuentas-exageradas-en-establecimientos-comerciales-en-medellin\/#primaryimage"},"thumbnailUrl":"https:\/\/www.fiscalia.gov.co\/colombia\/wp-content\/uploads\/Secuestro-de-extranjeros-en-discotecas-por-no-pago-de-cuentas-1024x642.jpg","keywords":["ciudadano norteamericano retenido para que pagara la suma de 2 millones de pesos por unos pasabocas y unos tragos de licor extranjero","ciudadanos paname\u00f1os retenidos por negarse a pagar 14 millones de pesos por 3 botellas de licor","Fiscal Luz Adriana Camargo","Fiscal\u00eda General de la Naci\u00f3n","GAULA POLIC\u00cdA NACIONAL","Medell\u00edn (Antioquia)","Secuestro de extranjeros en discotecas del barrio El Poblado"],"articleSection":["Noticias","Seccional Medell\u00edn","Seccionales"],"inLanguage":"es-CO"},{"@type":"WebPage","@id":"https:\/\/www.fiscalia.gov.co\/colombia\/noticias\/asegurados-presuntos-responsables-de-secuestrar-y-golpear-extranjeros-para-presionar-el-pago-de-cuentas-exageradas-en-establecimientos-comerciales-en-medellin\/","url":"https:\/\/www.fiscalia.gov.co\/colombia\/noticias\/asegurados-presuntos-responsables-de-secuestrar-y-golpear-extranjeros-para-presionar-el-pago-de-cuentas-exageradas-en-establecimientos-comerciales-en-medellin\/","name":"Fiscal\u00eda General de la Naci\u00f3n","isPartOf":{"@id":"https:\/\/www.fiscalia.gov.co\/colombia\/#website"},"primaryImageOfPage":{"@id":"https:\/\/www.fiscalia.gov.co\/colombia\/noticias\/asegurados-presuntos-responsables-de-secuestrar-y-golpear-extranjeros-para-presionar-el-pago-de-cuentas-exageradas-en-establecimientos-comerciales-en-medellin\/#primaryimage"},"image":{"@id":"https:\/\/www.fiscalia.gov.co\/colombia\/noticias\/asegurados-presuntos-responsables-de-secuestrar-y-golpear-extranjeros-para-presionar-el-pago-de-cuentas-exageradas-en-establecimientos-comerciales-en-medellin\/#primaryimage"},"thumbnailUrl":"https:\/\/www.fiscalia.gov.co\/colombia\/wp-content\/uploads\/Secuestro-de-extranjeros-en-discotecas-por-no-pago-de-cuentas-1024x642.jpg","datePublished":"2025-05-28T14:43:57+00:00","dateModified":"2025-05-28T14:43:57+00:00","description":"P\u00e1gina oficial de la Fiscal\u00eda General de la Naci\u00f3n \u2013 Colombia. Garantizamos el acceso efectivo a la justicia, la verdad y la reparaci\u00f3n de las v\u00edctimas de los delitos.","breadcrumb":{"@id":"https:\/\/www.fiscalia.gov.co\/colombia\/noticias\/asegurados-presuntos-responsables-de-secuestrar-y-golpear-extranjeros-para-presionar-el-pago-de-cuentas-exageradas-en-establecimientos-comerciales-en-medellin\/#breadcrumb"},"inLanguage":"es-CO","potentialAction":[{"@type":"ReadAction","target":["https:\/\/www.fiscalia.gov.co\/colombia\/noticias\/asegurados-presuntos-responsables-de-secuestrar-y-golpear-extranjeros-para-presionar-el-pago-de-cuentas-exageradas-en-establecimientos-comerciales-en-medellin\/"]}]},{"@type":"ImageObject","inLanguage":"es-CO","@id":"https:\/\/www.fiscalia.gov.co\/colombia\/noticias\/asegurados-presuntos-responsables-de-secuestrar-y-golpear-extranjeros-para-presionar-el-pago-de-cuentas-exageradas-en-establecimientos-comerciales-en-medellin\/#primaryimage","url":"https:\/\/www.fiscalia.gov.co\/colombia\/wp-content\/uploads\/Secuestro-de-extranjeros-en-discotecas-por-no-pago-de-cuentas.jpg","contentUrl":"https:\/\/www.fiscalia.gov.co\/colombia\/wp-content\/uploads\/Secuestro-de-extranjeros-en-discotecas-por-no-pago-de-cuentas.jpg","width":1600,"height":1003,"caption":"Presuntos responsables de secuestrar y golpear a ciudadanos extranjeros por el pago de altas cuentas en establecimientos comerciales de la zona rosa de EL Poblado"},{"@type":"BreadcrumbList","@id":"https:\/\/www.fiscalia.gov.co\/colombia\/noticias\/asegurados-presuntos-responsables-de-secuestrar-y-golpear-extranjeros-para-presionar-el-pago-de-cuentas-exageradas-en-establecimientos-comerciales-en-medellin\/#breadcrumb","itemListElement":[{"@type":"ListItem","position":1,"name":"Home","item":"https:\/\/www.fiscalia.gov.co\/colombia\/"},{"@type":"ListItem","position":2,"name":"Asegurados presuntos responsables de secuestrar y golpear extranjeros para presionar el pago de cuentas exageradas en establecimientos comerciales en Medell\u00edn"}]},{"@type":"WebSite","@id":"https:\/\/www.fiscalia.gov.co\/colombia\/#website","url":"https:\/\/www.fiscalia.gov.co\/colombia\/","name":"Fiscal\u00eda General de la Naci\u00f3n","description":"P\u00e1gina oficial de la Fiscal\u00eda General de la Naci\u00f3n \u2013 Colombia. Garantizamos el acceso efectivo a la justicia, la verdad y la reparaci\u00f3n de las v\u00edctimas de los delitos.","publisher":{"@id":"https:\/\/www.fiscalia.gov.co\/colombia\/#organization"},"potentialAction":[{"@type":"SearchAction","target":{"@type":"EntryPoint","urlTemplate":"https:\/\/www.fiscalia.gov.co\/colombia\/?s={search_term_string}"},"query-input":{"@type":"PropertyValueSpecification","valueRequired":true,"valueName":"search_term_string"}}],"inLanguage":"es-CO"},{"@type":"Organization","@id":"https:\/\/www.fiscalia.gov.co\/colombia\/#organization","name":"Fiscal\u00eda General de la Naci\u00f3n","url":"https:\/\/www.fiscalia.gov.co\/colombia\/","logo":{"@type":"ImageObject","inLanguage":"es-CO","@id":"https:\/\/www.fiscalia.gov.co\/colombia\/#\/schema\/logo\/image\/","url":"https:\/\/www.fiscalia.gov.co\/colombia\/wp-content\/uploads\/LogoHorizontal_1.jpg","contentUrl":"https:\/\/www.fiscalia.gov.co\/colombia\/wp-content\/uploads\/LogoHorizontal_1.jpg","width":300,"height":90,"caption":"Fiscal\u00eda General de la Naci\u00f3n"},"image":{"@id":"https:\/\/www.fiscalia.gov.co\/colombia\/#\/schema\/logo\/image\/"},"sameAs":["https:\/\/www.facebook.com\/FiscaliaCol","https:\/\/x.com\/FiscaliaCol","https:\/\/www.instagram.com\/fiscaliacol","https:\/\/www.linkedin.com\/company\/fiscalia-general-de-la-naci-n\/","https:\/\/youtube.com\/@fiscaliageneraldelanacion-4668?si=6nN79nyQICPU5iTh"]},{"@type":"Person","@id":"https:\/\/www.fiscalia.gov.co\/colombia\/#\/schema\/person\/bf84402cf293a5393e9c70b111020b24","name":"Jordan Leandro Oviedo Anzola","image":{"@type":"ImageObject","inLanguage":"es-CO","@id":"https:\/\/www.fiscalia.gov.co\/colombia\/#\/schema\/person\/image\/","url":"https:\/\/secure.gravatar.com\/avatar\/dabba4346fa9b9207d96adafa8f92721?s=96&d=mm&r=g","contentUrl":"https:\/\/secure.gravatar.com\/avatar\/dabba4346fa9b9207d96adafa8f92721?s=96&d=mm&r=g","caption":"Jordan Leandro Oviedo Anzola"},"url":"https:\/\/www.fiscalia.gov.co\/colombia\/author\/joviedo\/"}]}},"_links":{"self":[{"href":"https:\/\/www.fiscalia.gov.co\/colombia\/wp-json\/wp\/v2\/posts\/316212","targetHints":{"allow":["GET"]}}],"collection":[{"href":"https:\/\/www.fiscalia.gov.co\/colombia\/wp-json\/wp\/v2\/posts"}],"about":[{"href":"https:\/\/www.fiscalia.gov.co\/colombia\/wp-json\/wp\/v2\/types\/post"}],"author":[{"embeddable":true,"href":"https:\/\/www.fiscalia.gov.co\/colombia\/wp-json\/wp\/v2\/users\/177"}],"replies":[{"embeddable":true,"href":"https:\/\/www.fiscalia.gov.co\/colombia\/wp-json\/wp\/v2\/comments?post=316212"}],"version-history":[{"count":1,"href":"https:\/\/www.fiscalia.gov.co\/colombia\/wp-json\/wp\/v2\/posts\/316212\/revisions"}],"predecessor-version":[{"id":316214,"href":"https:\/\/www.fiscalia.gov.co\/colombia\/wp-json\/wp\/v2\/posts\/316212\/revisions\/316214"}],"wp:attachment":[{"href":"https:\/\/www.fiscalia.gov.co\/colombia\/wp-json\/wp\/v2\/media?parent=316212"}],"wp:term":[{"taxonomy":"category","embeddable":true,"href":"https:\/\/www.fiscalia.gov.co\/colombia\/wp-json\/wp\/v2\/categories?post=316212"},{"taxonomy":"post_tag","embeddable":true,"href":"https:\/\/www.fiscalia.gov.co\/colombia\/wp-json\/wp\/v2\/tags?post=316212"}],"curies":[{"name":"wp","href":"https:\/\/api.w.org\/{rel}","templated":true}]}}