{"id":315798,"date":"2025-05-21T12:47:33","date_gmt":"2025-05-21T17:47:33","guid":{"rendered":"https:\/\/www.fiscalia.gov.co\/colombia\/?p=315798"},"modified":"2025-05-22T08:36:54","modified_gmt":"2025-05-22T13:36:54","slug":"fiscalia-imputa-a-exdirector-del-departamento-administrativo-de-la-presidencia-por-su-presunta-participacion-en-el-entramado-de-corrupcion-en-la-ungrd","status":"publish","type":"post","link":"https:\/\/www.fiscalia.gov.co\/colombia\/noticias\/fiscalia-imputa-a-exdirector-del-departamento-administrativo-de-la-presidencia-por-su-presunta-participacion-en-el-entramado-de-corrupcion-en-la-ungrd\/","title":{"rendered":"Fiscal\u00eda imputa a exdirector del Departamento Administrativo de la Presidencia por su presunta participaci\u00f3n en el entramado de corrupci\u00f3n en la UNGRD"},"content":{"rendered":"<blockquote>\n<h4><strong><i>Carlos Ram\u00f3n Gonz\u00e1lez Merch\u00e1n habr\u00eda ordenado el direccionamiento de contratos de la UNGRD y el pago de coimas en beneficio de los congresistas Iv\u00e1n Leonidas Name V\u00e1squez y Andr\u00e9s David Calle Aguas.<\/i><\/strong><\/h4>\n<\/blockquote>\n<p><span style=\"font-weight: 400;\">En audiencia realizada ante un magistrado de la<strong> Sala Penal del Tribunal Superior de Bogot\u00e1<\/strong>, la <strong>Fiscal\u00eda General de la Naci\u00f3n<\/strong> imput\u00f3 al <strong>exdirector del Departamento Administrativo de la Presidencia (DAPRE), Carlos Ram\u00f3n Gonz\u00e1lez Merch\u00e1n<\/strong>, como presunto responsable de los delitos de cohecho por dar u ofrecer, peculado por apropiaci\u00f3n agravado en favor de terceros y lavado de activos.\u00a0<\/span><\/p>\n<p><span style=\"font-weight: 400;\">Los elementos materiales probatorios dan cuenta de que el exfuncionario, en ejercicio de su cargo, habr\u00eda ordenado al entonces director de la <strong>Unidad para la Gesti\u00f3n del Riesgo de Desastres (UNGRD),<\/strong> Olmedo de Jes\u00fas L\u00f3pez Mart\u00ednez, orientar la contrataci\u00f3n en la entidad en beneficio del expresidente del Senado, Iv\u00e1n Leonidas Name V\u00e1squez; y el expresidente de la <strong>C\u00e1mara de Representantes<\/strong>, Andr\u00e9s David Calle Aguas, para que impulsaran en el Congreso de la Rep\u00fablica la aprobaci\u00f3n de proyectos que tramitaba el Gobierno nacional.<\/span><\/p>\n<p><span style=\"font-weight: 400;\">Posteriormente, Gonz\u00e1lez Merch\u00e1n imparti\u00f3 instrucciones al <strong>exdirector de la UNGRD<\/strong> para que, a cambio de contrataci\u00f3n, se comprometiera a entregarles dinero en efectivo a los dos congresistas, que saldr\u00eda de una orden de proveedur\u00eda que contemplaba el abastecimiento de carrotanques para las <strong>comunidades de La Guajira.\u00a0<\/strong><\/span><\/p>\n<p><span style=\"font-weight: 400;\">Dichas coimas se materializaron en octubre del mismo a\u00f1o. Con la intermediaci\u00f3n de la <strong>exconsejera para las Regiones de la Presidencia de la Rep\u00fablica, Sandra Liliana Ortiz Nova<\/strong>, se le hicieron llegar 3.000 millones de pesos al congresista Name V\u00e1squez en Bogot\u00e1. Por su parte, Pinilla \u00c1lvarez se traslad\u00f3 a Monter\u00eda (C\u00f3rdoba) y le entreg\u00f3 1.000 millones de pesos al representante Calle Aguas.<\/span><\/p>\n<p><span style=\"font-weight: 400;\">Durante la audiencia, el exdirector del <strong>DAPRE<\/strong> no acept\u00f3 los cargos formulados por el equipo de fiscales delegados ante la Corte Suprema de Justicia que lidera la investigaci\u00f3n por los actos de corrupci\u00f3n en la UNGRD.<\/span><\/p>\n<p><span style=\"font-weight: 400;\">LAGP\/JARG\/MCPG\/GFSV\/UFDCSJ<\/span><\/p>\n<p>&nbsp;<\/p>\n<p><i><span style=\"font-weight: 400;\">La informaci\u00f3n contenida en este bolet\u00edn de prensa corresponde a la narraci\u00f3n de los hechos noticiosos objetivos, y las investigaciones penales al interior de la Fiscal\u00eda General de la Naci\u00f3n. Para el momento de la divulgaci\u00f3n de este comunicado, la situaci\u00f3n jur\u00eddica de la(s) persona(s) relacionada(s) se encuentra pendiente de resolver por la autoridad judicial competente, siempre bajo los preceptos de la presunci\u00f3n de inocencia, consagrados en el art\u00edculo 29 de la Constituci\u00f3n Pol\u00edtica y el art\u00edculo 7\u00ba de la Ley 906 de 2004.<\/span><\/i><\/p>\n\n<div class=\"twitter-share\"><a href=\"https:\/\/twitter.com\/intent\/tweet?via=fiscaliacol\" class=\"twitter-share-button\">Tweet<\/a><\/div>\n","protected":false},"excerpt":{"rendered":"<p>Carlos Ram\u00f3n Gonz\u00e1lez Merch\u00e1n habr\u00eda ordenado el direccionamiento de contratos de la UNGRD y el pago de coimas en beneficio de los congresistas Iv\u00e1n Leonidas Name V\u00e1squez y Andr\u00e9s David [&hellip;]<\/p>\n","protected":false},"author":182,"featured_media":0,"comment_status":"closed","ping_status":"open","sticky":false,"template":"","format":"standard","meta":{"tdm_status":"","tdm_grid_status":"","footnotes":""},"categories":[1],"tags":[41546,41545,41542,41539,41544,15149,35167,3317,41543,427,3563,41540,37492,1047,41541,147,25076,38245,14461,40724,23968,38197],"class_list":["post-315798","post","type-post","status-publish","format-standard","category-noticias","tag-1-000-millones","tag-3-000-millones","tag-andres-david-calle-aguas","tag-carlos-ramon-gonzalez-merchan","tag-carrotanques-la-guajira","tag-cohecho-por-dar-u-ofrecer","tag-coimas","tag-congreso-de-la-republica","tag-contratacion-indebida","tag-corrupcion","tag-corte-suprema-de-justicia","tag-exdirector-del-dapre","tag-fiscal-luz-adriana-camargo","tag-fiscalia-general-de-la-nacion","tag-ivan-leonidas-name-vasquez","tag-lavado-de-activos","tag-no-aceptacion-de-cargos","tag-olmedo-de-jesus-lopez-martinez","tag-peculado-por-apropiacion-agravado","tag-sandra-liliana-ortiz-nova","tag-tribunal-superior-de-bogota","tag-ungrd"],"yoast_head":"<!-- This site is optimized with the Yoast SEO plugin v24.3 - https:\/\/yoast.com\/wordpress\/plugins\/seo\/ -->\n<title>Fiscal\u00eda General de la Naci\u00f3n<\/title>\n<meta name=\"description\" content=\"P\u00e1gina oficial de la Fiscal\u00eda General de la Naci\u00f3n \u2013 Colombia. Garantizamos el acceso efectivo a la justicia, la verdad y la reparaci\u00f3n de las v\u00edctimas de los delitos.\" \/>\n<meta name=\"robots\" content=\"noindex, follow\" \/>\n<meta property=\"og:locale\" content=\"es_ES\" \/>\n<meta property=\"og:type\" content=\"article\" \/>\n<meta property=\"og:title\" content=\"Fiscal\u00eda General de la Naci\u00f3n\" \/>\n<meta property=\"og:description\" content=\"P\u00e1gina oficial de la Fiscal\u00eda General de la Naci\u00f3n \u2013 Colombia. Garantizamos el acceso efectivo a la justicia, la verdad y la reparaci\u00f3n de las v\u00edctimas de los delitos.\" \/>\n<meta property=\"og:url\" content=\"https:\/\/www.fiscalia.gov.co\/colombia\/noticias\/fiscalia-imputa-a-exdirector-del-departamento-administrativo-de-la-presidencia-por-su-presunta-participacion-en-el-entramado-de-corrupcion-en-la-ungrd\/\" \/>\n<meta property=\"og:site_name\" content=\"Fiscal\u00eda General de la Naci\u00f3n\" \/>\n<meta property=\"article:publisher\" content=\"https:\/\/www.facebook.com\/FiscaliaCol\" \/>\n<meta property=\"article:published_time\" content=\"2025-05-21T17:47:33+00:00\" \/>\n<meta property=\"article:modified_time\" content=\"2025-05-22T13:36:54+00:00\" \/>\n<meta name=\"author\" content=\"Paula Andrea Castillo Lenis\" \/>\n<meta name=\"twitter:card\" content=\"summary_large_image\" \/>\n<meta name=\"twitter:creator\" content=\"@FiscaliaCol\" \/>\n<meta name=\"twitter:site\" content=\"@FiscaliaCol\" \/>\n<meta name=\"twitter:label1\" content=\"Escrito por\" \/>\n\t<meta name=\"twitter:data1\" content=\"Paula Andrea Castillo Lenis\" \/>\n\t<meta name=\"twitter:label2\" content=\"Tiempo de lectura\" \/>\n\t<meta name=\"twitter:data2\" content=\"2 minutos\" \/>\n<script type=\"application\/ld+json\" class=\"yoast-schema-graph\">{\"@context\":\"https:\/\/schema.org\",\"@graph\":[{\"@type\":\"Article\",\"@id\":\"https:\/\/www.fiscalia.gov.co\/colombia\/noticias\/fiscalia-imputa-a-exdirector-del-departamento-administrativo-de-la-presidencia-por-su-presunta-participacion-en-el-entramado-de-corrupcion-en-la-ungrd\/#article\",\"isPartOf\":{\"@id\":\"https:\/\/www.fiscalia.gov.co\/colombia\/noticias\/fiscalia-imputa-a-exdirector-del-departamento-administrativo-de-la-presidencia-por-su-presunta-participacion-en-el-entramado-de-corrupcion-en-la-ungrd\/\"},\"author\":{\"name\":\"Paula Andrea Castillo Lenis\",\"@id\":\"https:\/\/www.fiscalia.gov.co\/colombia\/#\/schema\/person\/66c172905e0492f1de6bbe5f93c4668f\"},\"headline\":\"Fiscal\u00eda imputa a exdirector del Departamento Administrativo de la Presidencia por su presunta participaci\u00f3n en el entramado de corrupci\u00f3n en la UNGRD\",\"datePublished\":\"2025-05-21T17:47:33+00:00\",\"dateModified\":\"2025-05-22T13:36:54+00:00\",\"mainEntityOfPage\":{\"@id\":\"https:\/\/www.fiscalia.gov.co\/colombia\/noticias\/fiscalia-imputa-a-exdirector-del-departamento-administrativo-de-la-presidencia-por-su-presunta-participacion-en-el-entramado-de-corrupcion-en-la-ungrd\/\"},\"wordCount\":481,\"publisher\":{\"@id\":\"https:\/\/www.fiscalia.gov.co\/colombia\/#organization\"},\"keywords\":[\"1.000 millones\",\"3.000 millones\",\"Andr\u00e9s David Calle Aguas\",\"Carlos Ram\u00f3n Gonz\u00e1lez Merch\u00e1n\",\"carrotanques La Guajira\",\"cohecho por dar u ofrecer\",\"coimas\",\"Congreso de la Rep\u00fablica\",\"contrataci\u00f3n indebida\",\"Corrupci\u00f3n\",\"Corte Suprema de Justicia\",\"exdirector del DAPRE\",\"Fiscal Luz Adriana Camargo\",\"Fiscal\u00eda General de la Naci\u00f3n\",\"Iv\u00e1n Leonidas Name V\u00e1squez\",\"Lavado de activos\",\"no aceptaci\u00f3n de cargos\",\"Olmedo de Jes\u00fas L\u00f3pez Mart\u00ednez\",\"peculado por apropiaci\u00f3n agravado\",\"Sandra Liliana Ortiz Nova\",\"Tribunal Superior de Bogot\u00e1\",\"UNGRD\"],\"articleSection\":[\"Noticias\"],\"inLanguage\":\"es-CO\"},{\"@type\":\"WebPage\",\"@id\":\"https:\/\/www.fiscalia.gov.co\/colombia\/noticias\/fiscalia-imputa-a-exdirector-del-departamento-administrativo-de-la-presidencia-por-su-presunta-participacion-en-el-entramado-de-corrupcion-en-la-ungrd\/\",\"url\":\"https:\/\/www.fiscalia.gov.co\/colombia\/noticias\/fiscalia-imputa-a-exdirector-del-departamento-administrativo-de-la-presidencia-por-su-presunta-participacion-en-el-entramado-de-corrupcion-en-la-ungrd\/\",\"name\":\"Fiscal\u00eda General de la Naci\u00f3n\",\"isPartOf\":{\"@id\":\"https:\/\/www.fiscalia.gov.co\/colombia\/#website\"},\"datePublished\":\"2025-05-21T17:47:33+00:00\",\"dateModified\":\"2025-05-22T13:36:54+00:00\",\"description\":\"P\u00e1gina oficial de la Fiscal\u00eda General de la Naci\u00f3n \u2013 Colombia. Garantizamos el acceso efectivo a la justicia, la verdad y la reparaci\u00f3n de las v\u00edctimas de los delitos.\",\"breadcrumb\":{\"@id\":\"https:\/\/www.fiscalia.gov.co\/colombia\/noticias\/fiscalia-imputa-a-exdirector-del-departamento-administrativo-de-la-presidencia-por-su-presunta-participacion-en-el-entramado-de-corrupcion-en-la-ungrd\/#breadcrumb\"},\"inLanguage\":\"es-CO\",\"potentialAction\":[{\"@type\":\"ReadAction\",\"target\":[\"https:\/\/www.fiscalia.gov.co\/colombia\/noticias\/fiscalia-imputa-a-exdirector-del-departamento-administrativo-de-la-presidencia-por-su-presunta-participacion-en-el-entramado-de-corrupcion-en-la-ungrd\/\"]}]},{\"@type\":\"BreadcrumbList\",\"@id\":\"https:\/\/www.fiscalia.gov.co\/colombia\/noticias\/fiscalia-imputa-a-exdirector-del-departamento-administrativo-de-la-presidencia-por-su-presunta-participacion-en-el-entramado-de-corrupcion-en-la-ungrd\/#breadcrumb\",\"itemListElement\":[{\"@type\":\"ListItem\",\"position\":1,\"name\":\"Home\",\"item\":\"https:\/\/www.fiscalia.gov.co\/colombia\/\"},{\"@type\":\"ListItem\",\"position\":2,\"name\":\"Fiscal\u00eda imputa a exdirector del Departamento Administrativo de la Presidencia por su presunta participaci\u00f3n en el entramado de corrupci\u00f3n en la UNGRD\"}]},{\"@type\":\"WebSite\",\"@id\":\"https:\/\/www.fiscalia.gov.co\/colombia\/#website\",\"url\":\"https:\/\/www.fiscalia.gov.co\/colombia\/\",\"name\":\"Fiscal\u00eda General de la Naci\u00f3n\",\"description\":\"P\u00e1gina oficial de la Fiscal\u00eda General de la Naci\u00f3n \u2013 Colombia. Garantizamos el acceso efectivo a la justicia, la verdad y la reparaci\u00f3n de las v\u00edctimas de los delitos.\",\"publisher\":{\"@id\":\"https:\/\/www.fiscalia.gov.co\/colombia\/#organization\"},\"potentialAction\":[{\"@type\":\"SearchAction\",\"target\":{\"@type\":\"EntryPoint\",\"urlTemplate\":\"https:\/\/www.fiscalia.gov.co\/colombia\/?s={search_term_string}\"},\"query-input\":{\"@type\":\"PropertyValueSpecification\",\"valueRequired\":true,\"valueName\":\"search_term_string\"}}],\"inLanguage\":\"es-CO\"},{\"@type\":\"Organization\",\"@id\":\"https:\/\/www.fiscalia.gov.co\/colombia\/#organization\",\"name\":\"Fiscal\u00eda General de la Naci\u00f3n\",\"url\":\"https:\/\/www.fiscalia.gov.co\/colombia\/\",\"logo\":{\"@type\":\"ImageObject\",\"inLanguage\":\"es-CO\",\"@id\":\"https:\/\/www.fiscalia.gov.co\/colombia\/#\/schema\/logo\/image\/\",\"url\":\"https:\/\/www.fiscalia.gov.co\/colombia\/wp-content\/uploads\/LogoHorizontal_1.jpg\",\"contentUrl\":\"https:\/\/www.fiscalia.gov.co\/colombia\/wp-content\/uploads\/LogoHorizontal_1.jpg\",\"width\":300,\"height\":90,\"caption\":\"Fiscal\u00eda General de la Naci\u00f3n\"},\"image\":{\"@id\":\"https:\/\/www.fiscalia.gov.co\/colombia\/#\/schema\/logo\/image\/\"},\"sameAs\":[\"https:\/\/www.facebook.com\/FiscaliaCol\",\"https:\/\/x.com\/FiscaliaCol\",\"https:\/\/www.instagram.com\/fiscaliacol\",\"https:\/\/www.linkedin.com\/company\/fiscalia-general-de-la-naci-n\/\",\"https:\/\/youtube.com\/@fiscaliageneraldelanacion-4668?si=6nN79nyQICPU5iTh\"]},{\"@type\":\"Person\",\"@id\":\"https:\/\/www.fiscalia.gov.co\/colombia\/#\/schema\/person\/66c172905e0492f1de6bbe5f93c4668f\",\"name\":\"Paula Andrea Castillo Lenis\",\"image\":{\"@type\":\"ImageObject\",\"inLanguage\":\"es-CO\",\"@id\":\"https:\/\/www.fiscalia.gov.co\/colombia\/#\/schema\/person\/image\/\",\"url\":\"https:\/\/secure.gravatar.com\/avatar\/cb060d9561f2947c4102d1825739f868?s=96&d=mm&r=g\",\"contentUrl\":\"https:\/\/secure.gravatar.com\/avatar\/cb060d9561f2947c4102d1825739f868?s=96&d=mm&r=g\",\"caption\":\"Paula Andrea Castillo Lenis\"},\"url\":\"https:\/\/www.fiscalia.gov.co\/colombia\/author\/paula-castillo\/\"}]}<\/script>\n<!-- \/ Yoast SEO plugin. -->","yoast_head_json":{"title":"Fiscal\u00eda General de la Naci\u00f3n","description":"P\u00e1gina oficial de la Fiscal\u00eda General de la Naci\u00f3n \u2013 Colombia. Garantizamos el acceso efectivo a la justicia, la verdad y la reparaci\u00f3n de las v\u00edctimas de los delitos.","robots":{"index":"noindex","follow":"follow"},"og_locale":"es_ES","og_type":"article","og_title":"Fiscal\u00eda General de la Naci\u00f3n","og_description":"P\u00e1gina oficial de la Fiscal\u00eda General de la Naci\u00f3n \u2013 Colombia. Garantizamos el acceso efectivo a la justicia, la verdad y la reparaci\u00f3n de las v\u00edctimas de los delitos.","og_url":"https:\/\/www.fiscalia.gov.co\/colombia\/noticias\/fiscalia-imputa-a-exdirector-del-departamento-administrativo-de-la-presidencia-por-su-presunta-participacion-en-el-entramado-de-corrupcion-en-la-ungrd\/","og_site_name":"Fiscal\u00eda General de la Naci\u00f3n","article_publisher":"https:\/\/www.facebook.com\/FiscaliaCol","article_published_time":"2025-05-21T17:47:33+00:00","article_modified_time":"2025-05-22T13:36:54+00:00","author":"Paula Andrea Castillo Lenis","twitter_card":"summary_large_image","twitter_creator":"@FiscaliaCol","twitter_site":"@FiscaliaCol","twitter_misc":{"Escrito por":"Paula Andrea Castillo Lenis","Tiempo de lectura":"2 minutos"},"schema":{"@context":"https:\/\/schema.org","@graph":[{"@type":"Article","@id":"https:\/\/www.fiscalia.gov.co\/colombia\/noticias\/fiscalia-imputa-a-exdirector-del-departamento-administrativo-de-la-presidencia-por-su-presunta-participacion-en-el-entramado-de-corrupcion-en-la-ungrd\/#article","isPartOf":{"@id":"https:\/\/www.fiscalia.gov.co\/colombia\/noticias\/fiscalia-imputa-a-exdirector-del-departamento-administrativo-de-la-presidencia-por-su-presunta-participacion-en-el-entramado-de-corrupcion-en-la-ungrd\/"},"author":{"name":"Paula Andrea Castillo Lenis","@id":"https:\/\/www.fiscalia.gov.co\/colombia\/#\/schema\/person\/66c172905e0492f1de6bbe5f93c4668f"},"headline":"Fiscal\u00eda imputa a exdirector del Departamento Administrativo de la Presidencia por su presunta participaci\u00f3n en el entramado de corrupci\u00f3n en la UNGRD","datePublished":"2025-05-21T17:47:33+00:00","dateModified":"2025-05-22T13:36:54+00:00","mainEntityOfPage":{"@id":"https:\/\/www.fiscalia.gov.co\/colombia\/noticias\/fiscalia-imputa-a-exdirector-del-departamento-administrativo-de-la-presidencia-por-su-presunta-participacion-en-el-entramado-de-corrupcion-en-la-ungrd\/"},"wordCount":481,"publisher":{"@id":"https:\/\/www.fiscalia.gov.co\/colombia\/#organization"},"keywords":["1.000 millones","3.000 millones","Andr\u00e9s David Calle Aguas","Carlos Ram\u00f3n Gonz\u00e1lez Merch\u00e1n","carrotanques La Guajira","cohecho por dar u ofrecer","coimas","Congreso de la Rep\u00fablica","contrataci\u00f3n indebida","Corrupci\u00f3n","Corte Suprema de Justicia","exdirector del DAPRE","Fiscal Luz Adriana Camargo","Fiscal\u00eda General de la Naci\u00f3n","Iv\u00e1n Leonidas Name V\u00e1squez","Lavado de activos","no aceptaci\u00f3n de cargos","Olmedo de Jes\u00fas L\u00f3pez Mart\u00ednez","peculado por apropiaci\u00f3n agravado","Sandra Liliana Ortiz Nova","Tribunal Superior de Bogot\u00e1","UNGRD"],"articleSection":["Noticias"],"inLanguage":"es-CO"},{"@type":"WebPage","@id":"https:\/\/www.fiscalia.gov.co\/colombia\/noticias\/fiscalia-imputa-a-exdirector-del-departamento-administrativo-de-la-presidencia-por-su-presunta-participacion-en-el-entramado-de-corrupcion-en-la-ungrd\/","url":"https:\/\/www.fiscalia.gov.co\/colombia\/noticias\/fiscalia-imputa-a-exdirector-del-departamento-administrativo-de-la-presidencia-por-su-presunta-participacion-en-el-entramado-de-corrupcion-en-la-ungrd\/","name":"Fiscal\u00eda General de la Naci\u00f3n","isPartOf":{"@id":"https:\/\/www.fiscalia.gov.co\/colombia\/#website"},"datePublished":"2025-05-21T17:47:33+00:00","dateModified":"2025-05-22T13:36:54+00:00","description":"P\u00e1gina oficial de la Fiscal\u00eda General de la Naci\u00f3n \u2013 Colombia. Garantizamos el acceso efectivo a la justicia, la verdad y la reparaci\u00f3n de las v\u00edctimas de los delitos.","breadcrumb":{"@id":"https:\/\/www.fiscalia.gov.co\/colombia\/noticias\/fiscalia-imputa-a-exdirector-del-departamento-administrativo-de-la-presidencia-por-su-presunta-participacion-en-el-entramado-de-corrupcion-en-la-ungrd\/#breadcrumb"},"inLanguage":"es-CO","potentialAction":[{"@type":"ReadAction","target":["https:\/\/www.fiscalia.gov.co\/colombia\/noticias\/fiscalia-imputa-a-exdirector-del-departamento-administrativo-de-la-presidencia-por-su-presunta-participacion-en-el-entramado-de-corrupcion-en-la-ungrd\/"]}]},{"@type":"BreadcrumbList","@id":"https:\/\/www.fiscalia.gov.co\/colombia\/noticias\/fiscalia-imputa-a-exdirector-del-departamento-administrativo-de-la-presidencia-por-su-presunta-participacion-en-el-entramado-de-corrupcion-en-la-ungrd\/#breadcrumb","itemListElement":[{"@type":"ListItem","position":1,"name":"Home","item":"https:\/\/www.fiscalia.gov.co\/colombia\/"},{"@type":"ListItem","position":2,"name":"Fiscal\u00eda imputa a exdirector del Departamento Administrativo de la Presidencia por su presunta participaci\u00f3n en el entramado de corrupci\u00f3n en la UNGRD"}]},{"@type":"WebSite","@id":"https:\/\/www.fiscalia.gov.co\/colombia\/#website","url":"https:\/\/www.fiscalia.gov.co\/colombia\/","name":"Fiscal\u00eda General de la Naci\u00f3n","description":"P\u00e1gina oficial de la Fiscal\u00eda General de la Naci\u00f3n \u2013 Colombia. Garantizamos el acceso efectivo a la justicia, la verdad y la reparaci\u00f3n de las v\u00edctimas de los delitos.","publisher":{"@id":"https:\/\/www.fiscalia.gov.co\/colombia\/#organization"},"potentialAction":[{"@type":"SearchAction","target":{"@type":"EntryPoint","urlTemplate":"https:\/\/www.fiscalia.gov.co\/colombia\/?s={search_term_string}"},"query-input":{"@type":"PropertyValueSpecification","valueRequired":true,"valueName":"search_term_string"}}],"inLanguage":"es-CO"},{"@type":"Organization","@id":"https:\/\/www.fiscalia.gov.co\/colombia\/#organization","name":"Fiscal\u00eda General de la Naci\u00f3n","url":"https:\/\/www.fiscalia.gov.co\/colombia\/","logo":{"@type":"ImageObject","inLanguage":"es-CO","@id":"https:\/\/www.fiscalia.gov.co\/colombia\/#\/schema\/logo\/image\/","url":"https:\/\/www.fiscalia.gov.co\/colombia\/wp-content\/uploads\/LogoHorizontal_1.jpg","contentUrl":"https:\/\/www.fiscalia.gov.co\/colombia\/wp-content\/uploads\/LogoHorizontal_1.jpg","width":300,"height":90,"caption":"Fiscal\u00eda General de la Naci\u00f3n"},"image":{"@id":"https:\/\/www.fiscalia.gov.co\/colombia\/#\/schema\/logo\/image\/"},"sameAs":["https:\/\/www.facebook.com\/FiscaliaCol","https:\/\/x.com\/FiscaliaCol","https:\/\/www.instagram.com\/fiscaliacol","https:\/\/www.linkedin.com\/company\/fiscalia-general-de-la-naci-n\/","https:\/\/youtube.com\/@fiscaliageneraldelanacion-4668?si=6nN79nyQICPU5iTh"]},{"@type":"Person","@id":"https:\/\/www.fiscalia.gov.co\/colombia\/#\/schema\/person\/66c172905e0492f1de6bbe5f93c4668f","name":"Paula Andrea Castillo Lenis","image":{"@type":"ImageObject","inLanguage":"es-CO","@id":"https:\/\/www.fiscalia.gov.co\/colombia\/#\/schema\/person\/image\/","url":"https:\/\/secure.gravatar.com\/avatar\/cb060d9561f2947c4102d1825739f868?s=96&d=mm&r=g","contentUrl":"https:\/\/secure.gravatar.com\/avatar\/cb060d9561f2947c4102d1825739f868?s=96&d=mm&r=g","caption":"Paula Andrea Castillo Lenis"},"url":"https:\/\/www.fiscalia.gov.co\/colombia\/author\/paula-castillo\/"}]}},"_links":{"self":[{"href":"https:\/\/www.fiscalia.gov.co\/colombia\/wp-json\/wp\/v2\/posts\/315798","targetHints":{"allow":["GET"]}}],"collection":[{"href":"https:\/\/www.fiscalia.gov.co\/colombia\/wp-json\/wp\/v2\/posts"}],"about":[{"href":"https:\/\/www.fiscalia.gov.co\/colombia\/wp-json\/wp\/v2\/types\/post"}],"author":[{"embeddable":true,"href":"https:\/\/www.fiscalia.gov.co\/colombia\/wp-json\/wp\/v2\/users\/182"}],"replies":[{"embeddable":true,"href":"https:\/\/www.fiscalia.gov.co\/colombia\/wp-json\/wp\/v2\/comments?post=315798"}],"version-history":[{"count":2,"href":"https:\/\/www.fiscalia.gov.co\/colombia\/wp-json\/wp\/v2\/posts\/315798\/revisions"}],"predecessor-version":[{"id":315852,"href":"https:\/\/www.fiscalia.gov.co\/colombia\/wp-json\/wp\/v2\/posts\/315798\/revisions\/315852"}],"wp:attachment":[{"href":"https:\/\/www.fiscalia.gov.co\/colombia\/wp-json\/wp\/v2\/media?parent=315798"}],"wp:term":[{"taxonomy":"category","embeddable":true,"href":"https:\/\/www.fiscalia.gov.co\/colombia\/wp-json\/wp\/v2\/categories?post=315798"},{"taxonomy":"post_tag","embeddable":true,"href":"https:\/\/www.fiscalia.gov.co\/colombia\/wp-json\/wp\/v2\/tags?post=315798"}],"curies":[{"name":"wp","href":"https:\/\/api.w.org\/{rel}","templated":true}]}}