{"id":315659,"date":"2025-05-20T09:39:31","date_gmt":"2025-05-20T14:39:31","guid":{"rendered":"https:\/\/www.fiscalia.gov.co\/colombia\/?p=315659"},"modified":"2025-05-20T09:39:31","modified_gmt":"2025-05-20T14:39:31","slug":"asegurados-presuntos-integrantes-de-grupo-delincuencial-que-habrian-exigido-dinero-a-habitantes-del-nororiente-de-medellin-para-no-desplazarlos","status":"publish","type":"post","link":"https:\/\/www.fiscalia.gov.co\/colombia\/noticias\/asegurados-presuntos-integrantes-de-grupo-delincuencial-que-habrian-exigido-dinero-a-habitantes-del-nororiente-de-medellin-para-no-desplazarlos\/","title":{"rendered":"Asegurados presuntos integrantes de grupo delincuencial que habr\u00edan exigido dinero a habitantes del nororiente de Medell\u00edn para no desplazarlos"},"content":{"rendered":"<div id=\"m_7880275571437697108m_5623637374538033772divRplyFwdMsg\" dir=\"ltr\">\n<h4 style=\"text-align: center;\"><strong><i>Entre los procesados est\u00e1n siete se\u00f1alados cabecillas de la organizaci\u00f3n criminal.<\/i><\/strong><\/h4>\n<figure id=\"attachment_315666\" aria-describedby=\"caption-attachment-315666\" style=\"width: 696px\" class=\"wp-caption aligncenter\"><img loading=\"lazy\" decoding=\"async\" class=\"size-large wp-image-315666\" src=\"https:\/\/www.fiscalia.gov.co\/colombia\/wp-content\/uploads\/GDCO-SAN-PABLO-1024x506.jpg\" alt=\" En la imagen est\u00e1n los procesados con dos servidores de la Polic\u00eda Nacional y los elementos incautados\" width=\"696\" height=\"344\" srcset=\"https:\/\/www.fiscalia.gov.co\/colombia\/wp-content\/uploads\/GDCO-SAN-PABLO-1024x506.jpg 1024w, https:\/\/www.fiscalia.gov.co\/colombia\/wp-content\/uploads\/GDCO-SAN-PABLO-300x148.jpg 300w, https:\/\/www.fiscalia.gov.co\/colombia\/wp-content\/uploads\/GDCO-SAN-PABLO-768x379.jpg 768w, https:\/\/www.fiscalia.gov.co\/colombia\/wp-content\/uploads\/GDCO-SAN-PABLO-1536x758.jpg 1536w, https:\/\/www.fiscalia.gov.co\/colombia\/wp-content\/uploads\/GDCO-SAN-PABLO-851x420.jpg 851w, https:\/\/www.fiscalia.gov.co\/colombia\/wp-content\/uploads\/GDCO-SAN-PABLO-696x344.jpg 696w, https:\/\/www.fiscalia.gov.co\/colombia\/wp-content\/uploads\/GDCO-SAN-PABLO-1068x527.jpg 1068w, https:\/\/www.fiscalia.gov.co\/colombia\/wp-content\/uploads\/GDCO-SAN-PABLO-324x160.jpg 324w, https:\/\/www.fiscalia.gov.co\/colombia\/wp-content\/uploads\/GDCO-SAN-PABLO.jpg 1600w\" sizes=\"auto, (max-width: 696px) 100vw, 696px\" \/><figcaption id=\"caption-attachment-315666\" class=\"wp-caption-text\">Presuntos integrantes del grupo criminal San Pablo que delinque en las Comunas 1 y 3 de Medell\u00edn<\/figcaption><\/figure>\n<p>Las actividades investigativas adelantadas por la Fiscal\u00eda General de la Naci\u00f3n permitieron la judicializaci\u00f3n de 23 integrantes de un grupo delincuencial denominado San Pablo, que estar\u00edan involucrados en secuestros, tr\u00e1fico local de estupefacientes, <a href=\"https:\/\/www.fiscalia.gov.co\/colombia\/noticias\/fiscalia-aseguro-a-cuatro-presuntos-extorsionistas-de-vendedores-ambulantes-y-transportadores-del-centro-de-medellin\/\">extorsiones<\/a> y <strong>desplazamientos forzados de habitantes en las Comunas 1 y 3 de Medell\u00edn<\/strong> (Antioquia).<\/p>\n<p>Un fiscal destacado Gaula de la Seccional Medell\u00edn los imput\u00f3, de acuerdo con sus responsabilidades individuales, por los<strong> delitos de concierto para delinquir agravado, tortura, desplazamiento forzado, hurto calificado y agravado, secuestro extorsivo agravado y extorsi\u00f3n agravada.<\/strong><\/p>\n<p>Seg\u00fan las denuncias instauradas, entre el 2016 y 2025, los procesados, al parecer, desplazaron a habitantes de la zona porque no <strong>pagaron cuotas extorsivas exigidas por un supuesto control social.<\/strong><\/p>\n<p>Entre los hechos que se les atribuyen, se encuentra uno registrado en febrero de 2021, <strong>cuando un hombre que se radic\u00f3\u00a0 en el barrio Bello Oriente<\/strong>, habr\u00eda sido extorsionado por integrantes de \u2018San Pablo\u2019.<\/p>\n<p>A la v\u00edctima le habr\u00edan hecho exigencias econ\u00f3micas ilegales en, al menos, tres oportunidades. Posteriormente, en 2022, fue golpeada en su vivienda y obligada a salir de la ciudad. <strong>En enero pasado intent\u00f3 regresar al inmueble, pero fue amenazado de muerte y abandon\u00f3 nuevamente el sector.<\/strong><\/p>\n<p>Otro de los hechos investigados ocurri\u00f3 el 24 de septiembre de 2024, cuando a un mototaxista, al parecer, <strong>le hurtaron su veh\u00edculo y le exigieron 500.000 pesos para devolv\u00e9rselo.<\/strong><\/p>\n<p>Asimismo, estar\u00edan vinculados en el desplazamiento forzado de un habitante de Bello Oriente, que se opuso a hacer parte del grupo delincuencial, en agosto de 2024. Ante la negativa,<strong> le habr\u00edan hurtado su motocicleta y le exigieron una suma de dinero para entreg\u00e1rsela.<\/strong><\/p>\n<p>D\u00edas despu\u00e9s, el ciudadano fue abordado en el barrio Carpinelo por presuntos integrantes de la organizaci\u00f3n delincuencial, quienes, al parecer, lo llevaron hasta una vivienda <strong>donde lo golpearon, intentaron ahorcarlo, amenazaron y hostigaron para que abandonara el sector.<\/strong><\/p>\n<p>Finalmente, durante la investigaci\u00f3n adelantada se logr\u00f3 evidenciar que entre 2016 y 2020, Andr\u00e9s Adolfo Seguro Betancur, presidente de la Junta de Acci\u00f3n Comunal del barrio Carambolas, al parecer, se habr\u00eda respaldado de la mencionada estructura criminal para constre\u00f1ir a la comunidad y <strong>cobrar cuotas para tener acceso al agua potable.<\/strong><\/p>\n<p>A 22 de los procesados les fueron impuestas medidas de aseguramiento en establecimiento carcelario, entre ellos a siete presuntos cabecillas de la organizaci\u00f3n identificados con l<strong>os alias de Don Alex, \u2018Rigo\u2019, \u2018Manigueto\u2019, \u2018Colacho\u2019; \u2018Copas\u2019 o \u2018El Viejo\u2019; alias \u2018Chamaco\u2019 y \u2018El Burro\u2019.<\/strong><\/p>\n<p>Por su parte, a Seguro Betancur,\u00a0 le fue impuesta medida de aseguramiento no privativa de la libertad.<\/p>\n<\/div>\n<p>&nbsp;<\/p>\n<p>&nbsp;<\/p>\n<p>&nbsp;<\/p>\n<p>&nbsp;<\/p>\n<div id=\"m_7880275571437697108m_5623637374538033772divRplyFwdMsg\" dir=\"ltr\">\n<p>NAMT\/HQ\/AMCJ\/DSM<\/p>\n<p><b>\u00a0<\/b><\/p>\n<\/div>\n<p><b>\u00a0<\/b><\/p>\n<p>&nbsp;<\/p>\n<p>&nbsp;<\/p>\n<div class=\"td-post-content tagdiv-type\">\n<div class=\"td-post-content tagdiv-type\">\n<p><em>La informaci\u00f3n contenida en este bolet\u00edn de prensa corresponde a la narraci\u00f3n de los hechos noticiosos objetivos, suministrados por los funcionarios encargados de adelantar las investigaciones penales al interior de la Fiscal\u00eda General de la Naci\u00f3n. Para el momento de la divulgaci\u00f3n de este comunicado, la situaci\u00f3n jur\u00eddica de la(s) persona(s) relacionada(s) se encuentra pendiente de resolver por la autoridad judicial competente, siempre bajo los preceptos de la presunci\u00f3n de inocencia, consagrados en el art\u00edculo 29 de la Constituci\u00f3n Pol\u00edtica y el art\u00edculo 7\u00ba de la Ley 906 de 2004.<\/em><\/p>\n<\/div>\n<\/div>\n\n<div class=\"twitter-share\"><a href=\"https:\/\/twitter.com\/intent\/tweet?via=fiscaliacol\" class=\"twitter-share-button\">Tweet<\/a><\/div>\n","protected":false},"excerpt":{"rendered":"<p>Entre los procesados est\u00e1n siete se\u00f1alados cabecillas de la organizaci\u00f3n criminal. Las actividades investigativas adelantadas por la Fiscal\u00eda General de la Naci\u00f3n permitieron la judicializaci\u00f3n de 23 integrantes de un grupo delincuencial denominado San Pablo, que estar\u00edan involucrados en secuestros, tr\u00e1fico local de estupefacientes, extorsiones y desplazamientos forzados de habitantes en las Comunas 1 y [&hellip;]<\/p>\n","protected":false},"author":177,"featured_media":0,"comment_status":"closed","ping_status":"open","sticky":false,"template":"","format":"standard","meta":{"tdm_status":"","tdm_grid_status":"","footnotes":""},"categories":[1,331,303],"tags":[37492,1047,20,41502,41503,23985,26507,41504],"class_list":{"0":"post-315659","1":"post","2":"type-post","3":"status-publish","4":"format-standard","6":"category-noticias","7":"category-seccional-medellin","8":"category-seccionales","9":"tag-fiscal-luz-adriana-camargo","10":"tag-fiscalia-general-de-la-nacion","11":"tag-gaula","12":"tag-gdco-san-pablo","13":"tag-injerencia-en-las-comunas-1-y-3-de-medellin","14":"tag-medellin-antioquia","15":"tag-nororiente-de-medellin","16":"tag-presidente-de-la-junta-de-accion-comunal-de-carpinelo"},"yoast_head":"<!-- This site is optimized with the Yoast SEO plugin v24.3 - https:\/\/yoast.com\/wordpress\/plugins\/seo\/ -->\n<title>Fiscal\u00eda General de la Naci\u00f3n<\/title>\n<meta name=\"description\" content=\"P\u00e1gina oficial de la Fiscal\u00eda General de la Naci\u00f3n \u2013 Colombia. Garantizamos el acceso efectivo a la justicia, la verdad y la reparaci\u00f3n de las v\u00edctimas de los delitos.\" \/>\n<meta name=\"robots\" content=\"noindex, follow\" \/>\n<meta property=\"og:locale\" content=\"es_ES\" \/>\n<meta property=\"og:type\" content=\"article\" \/>\n<meta property=\"og:title\" content=\"Fiscal\u00eda General de la Naci\u00f3n\" \/>\n<meta property=\"og:description\" content=\"P\u00e1gina oficial de la Fiscal\u00eda General de la Naci\u00f3n \u2013 Colombia. Garantizamos el acceso efectivo a la justicia, la verdad y la reparaci\u00f3n de las v\u00edctimas de los delitos.\" \/>\n<meta property=\"og:url\" content=\"https:\/\/www.fiscalia.gov.co\/colombia\/noticias\/asegurados-presuntos-integrantes-de-grupo-delincuencial-que-habrian-exigido-dinero-a-habitantes-del-nororiente-de-medellin-para-no-desplazarlos\/\" \/>\n<meta property=\"og:site_name\" content=\"Fiscal\u00eda General de la Naci\u00f3n\" \/>\n<meta property=\"article:publisher\" content=\"https:\/\/www.facebook.com\/FiscaliaCol\" \/>\n<meta property=\"article:published_time\" content=\"2025-05-20T14:39:31+00:00\" \/>\n<meta property=\"og:image\" content=\"https:\/\/www.fiscalia.gov.co\/colombia\/wp-content\/uploads\/GDCO-SAN-PABLO.jpg\" \/>\n\t<meta property=\"og:image:width\" content=\"1600\" \/>\n\t<meta property=\"og:image:height\" content=\"790\" \/>\n\t<meta property=\"og:image:type\" content=\"image\/jpeg\" \/>\n<meta name=\"author\" content=\"Jordan Leandro Oviedo Anzola\" \/>\n<meta name=\"twitter:card\" content=\"summary_large_image\" \/>\n<meta name=\"twitter:creator\" content=\"@FiscaliaCol\" \/>\n<meta name=\"twitter:site\" content=\"@FiscaliaCol\" \/>\n<meta name=\"twitter:label1\" content=\"Escrito por\" \/>\n\t<meta name=\"twitter:data1\" content=\"Jordan Leandro Oviedo Anzola\" \/>\n\t<meta name=\"twitter:label2\" content=\"Tiempo de lectura\" \/>\n\t<meta name=\"twitter:data2\" content=\"3 minutos\" \/>\n<script type=\"application\/ld+json\" class=\"yoast-schema-graph\">{\"@context\":\"https:\/\/schema.org\",\"@graph\":[{\"@type\":\"Article\",\"@id\":\"https:\/\/www.fiscalia.gov.co\/colombia\/noticias\/asegurados-presuntos-integrantes-de-grupo-delincuencial-que-habrian-exigido-dinero-a-habitantes-del-nororiente-de-medellin-para-no-desplazarlos\/#article\",\"isPartOf\":{\"@id\":\"https:\/\/www.fiscalia.gov.co\/colombia\/noticias\/asegurados-presuntos-integrantes-de-grupo-delincuencial-que-habrian-exigido-dinero-a-habitantes-del-nororiente-de-medellin-para-no-desplazarlos\/\"},\"author\":{\"name\":\"Jordan Leandro Oviedo Anzola\",\"@id\":\"https:\/\/www.fiscalia.gov.co\/colombia\/#\/schema\/person\/bf84402cf293a5393e9c70b111020b24\"},\"headline\":\"Asegurados presuntos integrantes de grupo delincuencial que habr\u00edan exigido dinero a habitantes del nororiente de Medell\u00edn para no desplazarlos\",\"datePublished\":\"2025-05-20T14:39:31+00:00\",\"dateModified\":\"2025-05-20T14:39:31+00:00\",\"mainEntityOfPage\":{\"@id\":\"https:\/\/www.fiscalia.gov.co\/colombia\/noticias\/asegurados-presuntos-integrantes-de-grupo-delincuencial-que-habrian-exigido-dinero-a-habitantes-del-nororiente-de-medellin-para-no-desplazarlos\/\"},\"wordCount\":598,\"publisher\":{\"@id\":\"https:\/\/www.fiscalia.gov.co\/colombia\/#organization\"},\"image\":{\"@id\":\"https:\/\/www.fiscalia.gov.co\/colombia\/noticias\/asegurados-presuntos-integrantes-de-grupo-delincuencial-que-habrian-exigido-dinero-a-habitantes-del-nororiente-de-medellin-para-no-desplazarlos\/#primaryimage\"},\"thumbnailUrl\":\"https:\/\/www.fiscalia.gov.co\/colombia\/wp-content\/uploads\/GDCO-SAN-PABLO-1024x506.jpg\",\"keywords\":[\"Fiscal Luz Adriana Camargo\",\"Fiscal\u00eda General de la Naci\u00f3n\",\"Gaula\",\"GDCO San Pablo\",\"injerencia en las Comunas 1 y 3 de Medell\u00edn\",\"Medell\u00edn (Antioquia)\",\"NORORIENTE DE MEDELL\u00cdN\",\"presidente de la junta de acci\u00f3n comunal de Carpinelo.\"],\"articleSection\":[\"Noticias\",\"Seccional Medell\u00edn\",\"Seccionales\"],\"inLanguage\":\"es-CO\"},{\"@type\":\"WebPage\",\"@id\":\"https:\/\/www.fiscalia.gov.co\/colombia\/noticias\/asegurados-presuntos-integrantes-de-grupo-delincuencial-que-habrian-exigido-dinero-a-habitantes-del-nororiente-de-medellin-para-no-desplazarlos\/\",\"url\":\"https:\/\/www.fiscalia.gov.co\/colombia\/noticias\/asegurados-presuntos-integrantes-de-grupo-delincuencial-que-habrian-exigido-dinero-a-habitantes-del-nororiente-de-medellin-para-no-desplazarlos\/\",\"name\":\"Fiscal\u00eda General de la Naci\u00f3n\",\"isPartOf\":{\"@id\":\"https:\/\/www.fiscalia.gov.co\/colombia\/#website\"},\"primaryImageOfPage\":{\"@id\":\"https:\/\/www.fiscalia.gov.co\/colombia\/noticias\/asegurados-presuntos-integrantes-de-grupo-delincuencial-que-habrian-exigido-dinero-a-habitantes-del-nororiente-de-medellin-para-no-desplazarlos\/#primaryimage\"},\"image\":{\"@id\":\"https:\/\/www.fiscalia.gov.co\/colombia\/noticias\/asegurados-presuntos-integrantes-de-grupo-delincuencial-que-habrian-exigido-dinero-a-habitantes-del-nororiente-de-medellin-para-no-desplazarlos\/#primaryimage\"},\"thumbnailUrl\":\"https:\/\/www.fiscalia.gov.co\/colombia\/wp-content\/uploads\/GDCO-SAN-PABLO-1024x506.jpg\",\"datePublished\":\"2025-05-20T14:39:31+00:00\",\"dateModified\":\"2025-05-20T14:39:31+00:00\",\"description\":\"P\u00e1gina oficial de la Fiscal\u00eda General de la Naci\u00f3n \u2013 Colombia. Garantizamos el acceso efectivo a la justicia, la verdad y la reparaci\u00f3n de las v\u00edctimas de los delitos.\",\"breadcrumb\":{\"@id\":\"https:\/\/www.fiscalia.gov.co\/colombia\/noticias\/asegurados-presuntos-integrantes-de-grupo-delincuencial-que-habrian-exigido-dinero-a-habitantes-del-nororiente-de-medellin-para-no-desplazarlos\/#breadcrumb\"},\"inLanguage\":\"es-CO\",\"potentialAction\":[{\"@type\":\"ReadAction\",\"target\":[\"https:\/\/www.fiscalia.gov.co\/colombia\/noticias\/asegurados-presuntos-integrantes-de-grupo-delincuencial-que-habrian-exigido-dinero-a-habitantes-del-nororiente-de-medellin-para-no-desplazarlos\/\"]}]},{\"@type\":\"ImageObject\",\"inLanguage\":\"es-CO\",\"@id\":\"https:\/\/www.fiscalia.gov.co\/colombia\/noticias\/asegurados-presuntos-integrantes-de-grupo-delincuencial-que-habrian-exigido-dinero-a-habitantes-del-nororiente-de-medellin-para-no-desplazarlos\/#primaryimage\",\"url\":\"https:\/\/www.fiscalia.gov.co\/colombia\/wp-content\/uploads\/GDCO-SAN-PABLO.jpg\",\"contentUrl\":\"https:\/\/www.fiscalia.gov.co\/colombia\/wp-content\/uploads\/GDCO-SAN-PABLO.jpg\",\"width\":1600,\"height\":790,\"caption\":\"Presuntos integrantes del grupo criminal San Pablo que delinque en las Comunas 1 y 3 de Medell\u00edn\"},{\"@type\":\"BreadcrumbList\",\"@id\":\"https:\/\/www.fiscalia.gov.co\/colombia\/noticias\/asegurados-presuntos-integrantes-de-grupo-delincuencial-que-habrian-exigido-dinero-a-habitantes-del-nororiente-de-medellin-para-no-desplazarlos\/#breadcrumb\",\"itemListElement\":[{\"@type\":\"ListItem\",\"position\":1,\"name\":\"Home\",\"item\":\"https:\/\/www.fiscalia.gov.co\/colombia\/\"},{\"@type\":\"ListItem\",\"position\":2,\"name\":\"Asegurados presuntos integrantes de grupo delincuencial que habr\u00edan exigido dinero a habitantes del nororiente de Medell\u00edn para no desplazarlos\"}]},{\"@type\":\"WebSite\",\"@id\":\"https:\/\/www.fiscalia.gov.co\/colombia\/#website\",\"url\":\"https:\/\/www.fiscalia.gov.co\/colombia\/\",\"name\":\"Fiscal\u00eda General de la Naci\u00f3n\",\"description\":\"P\u00e1gina oficial de la Fiscal\u00eda General de la Naci\u00f3n \u2013 Colombia. Garantizamos el acceso efectivo a la justicia, la verdad y la reparaci\u00f3n de las v\u00edctimas de los delitos.\",\"publisher\":{\"@id\":\"https:\/\/www.fiscalia.gov.co\/colombia\/#organization\"},\"potentialAction\":[{\"@type\":\"SearchAction\",\"target\":{\"@type\":\"EntryPoint\",\"urlTemplate\":\"https:\/\/www.fiscalia.gov.co\/colombia\/?s={search_term_string}\"},\"query-input\":{\"@type\":\"PropertyValueSpecification\",\"valueRequired\":true,\"valueName\":\"search_term_string\"}}],\"inLanguage\":\"es-CO\"},{\"@type\":\"Organization\",\"@id\":\"https:\/\/www.fiscalia.gov.co\/colombia\/#organization\",\"name\":\"Fiscal\u00eda General de la Naci\u00f3n\",\"url\":\"https:\/\/www.fiscalia.gov.co\/colombia\/\",\"logo\":{\"@type\":\"ImageObject\",\"inLanguage\":\"es-CO\",\"@id\":\"https:\/\/www.fiscalia.gov.co\/colombia\/#\/schema\/logo\/image\/\",\"url\":\"https:\/\/www.fiscalia.gov.co\/colombia\/wp-content\/uploads\/LogoHorizontal_1.jpg\",\"contentUrl\":\"https:\/\/www.fiscalia.gov.co\/colombia\/wp-content\/uploads\/LogoHorizontal_1.jpg\",\"width\":300,\"height\":90,\"caption\":\"Fiscal\u00eda General de la Naci\u00f3n\"},\"image\":{\"@id\":\"https:\/\/www.fiscalia.gov.co\/colombia\/#\/schema\/logo\/image\/\"},\"sameAs\":[\"https:\/\/www.facebook.com\/FiscaliaCol\",\"https:\/\/x.com\/FiscaliaCol\",\"https:\/\/www.instagram.com\/fiscaliacol\",\"https:\/\/www.linkedin.com\/company\/fiscalia-general-de-la-naci-n\/\",\"https:\/\/youtube.com\/@fiscaliageneraldelanacion-4668?si=6nN79nyQICPU5iTh\"]},{\"@type\":\"Person\",\"@id\":\"https:\/\/www.fiscalia.gov.co\/colombia\/#\/schema\/person\/bf84402cf293a5393e9c70b111020b24\",\"name\":\"Jordan Leandro Oviedo Anzola\",\"image\":{\"@type\":\"ImageObject\",\"inLanguage\":\"es-CO\",\"@id\":\"https:\/\/www.fiscalia.gov.co\/colombia\/#\/schema\/person\/image\/\",\"url\":\"https:\/\/secure.gravatar.com\/avatar\/dabba4346fa9b9207d96adafa8f92721?s=96&d=mm&r=g\",\"contentUrl\":\"https:\/\/secure.gravatar.com\/avatar\/dabba4346fa9b9207d96adafa8f92721?s=96&d=mm&r=g\",\"caption\":\"Jordan Leandro Oviedo Anzola\"},\"url\":\"https:\/\/www.fiscalia.gov.co\/colombia\/author\/joviedo\/\"}]}<\/script>\n<!-- \/ Yoast SEO plugin. -->","yoast_head_json":{"title":"Fiscal\u00eda General de la Naci\u00f3n","description":"P\u00e1gina oficial de la Fiscal\u00eda General de la Naci\u00f3n \u2013 Colombia. Garantizamos el acceso efectivo a la justicia, la verdad y la reparaci\u00f3n de las v\u00edctimas de los delitos.","robots":{"index":"noindex","follow":"follow"},"og_locale":"es_ES","og_type":"article","og_title":"Fiscal\u00eda General de la Naci\u00f3n","og_description":"P\u00e1gina oficial de la Fiscal\u00eda General de la Naci\u00f3n \u2013 Colombia. Garantizamos el acceso efectivo a la justicia, la verdad y la reparaci\u00f3n de las v\u00edctimas de los delitos.","og_url":"https:\/\/www.fiscalia.gov.co\/colombia\/noticias\/asegurados-presuntos-integrantes-de-grupo-delincuencial-que-habrian-exigido-dinero-a-habitantes-del-nororiente-de-medellin-para-no-desplazarlos\/","og_site_name":"Fiscal\u00eda General de la Naci\u00f3n","article_publisher":"https:\/\/www.facebook.com\/FiscaliaCol","article_published_time":"2025-05-20T14:39:31+00:00","og_image":[{"width":1600,"height":790,"url":"https:\/\/www.fiscalia.gov.co\/colombia\/wp-content\/uploads\/GDCO-SAN-PABLO.jpg","type":"image\/jpeg"}],"author":"Jordan Leandro Oviedo Anzola","twitter_card":"summary_large_image","twitter_creator":"@FiscaliaCol","twitter_site":"@FiscaliaCol","twitter_misc":{"Escrito por":"Jordan Leandro Oviedo Anzola","Tiempo de lectura":"3 minutos"},"schema":{"@context":"https:\/\/schema.org","@graph":[{"@type":"Article","@id":"https:\/\/www.fiscalia.gov.co\/colombia\/noticias\/asegurados-presuntos-integrantes-de-grupo-delincuencial-que-habrian-exigido-dinero-a-habitantes-del-nororiente-de-medellin-para-no-desplazarlos\/#article","isPartOf":{"@id":"https:\/\/www.fiscalia.gov.co\/colombia\/noticias\/asegurados-presuntos-integrantes-de-grupo-delincuencial-que-habrian-exigido-dinero-a-habitantes-del-nororiente-de-medellin-para-no-desplazarlos\/"},"author":{"name":"Jordan Leandro Oviedo Anzola","@id":"https:\/\/www.fiscalia.gov.co\/colombia\/#\/schema\/person\/bf84402cf293a5393e9c70b111020b24"},"headline":"Asegurados presuntos integrantes de grupo delincuencial que habr\u00edan exigido dinero a habitantes del nororiente de Medell\u00edn para no desplazarlos","datePublished":"2025-05-20T14:39:31+00:00","dateModified":"2025-05-20T14:39:31+00:00","mainEntityOfPage":{"@id":"https:\/\/www.fiscalia.gov.co\/colombia\/noticias\/asegurados-presuntos-integrantes-de-grupo-delincuencial-que-habrian-exigido-dinero-a-habitantes-del-nororiente-de-medellin-para-no-desplazarlos\/"},"wordCount":598,"publisher":{"@id":"https:\/\/www.fiscalia.gov.co\/colombia\/#organization"},"image":{"@id":"https:\/\/www.fiscalia.gov.co\/colombia\/noticias\/asegurados-presuntos-integrantes-de-grupo-delincuencial-que-habrian-exigido-dinero-a-habitantes-del-nororiente-de-medellin-para-no-desplazarlos\/#primaryimage"},"thumbnailUrl":"https:\/\/www.fiscalia.gov.co\/colombia\/wp-content\/uploads\/GDCO-SAN-PABLO-1024x506.jpg","keywords":["Fiscal Luz Adriana Camargo","Fiscal\u00eda General de la Naci\u00f3n","Gaula","GDCO San Pablo","injerencia en las Comunas 1 y 3 de Medell\u00edn","Medell\u00edn (Antioquia)","NORORIENTE DE MEDELL\u00cdN","presidente de la junta de acci\u00f3n comunal de Carpinelo."],"articleSection":["Noticias","Seccional Medell\u00edn","Seccionales"],"inLanguage":"es-CO"},{"@type":"WebPage","@id":"https:\/\/www.fiscalia.gov.co\/colombia\/noticias\/asegurados-presuntos-integrantes-de-grupo-delincuencial-que-habrian-exigido-dinero-a-habitantes-del-nororiente-de-medellin-para-no-desplazarlos\/","url":"https:\/\/www.fiscalia.gov.co\/colombia\/noticias\/asegurados-presuntos-integrantes-de-grupo-delincuencial-que-habrian-exigido-dinero-a-habitantes-del-nororiente-de-medellin-para-no-desplazarlos\/","name":"Fiscal\u00eda General de la Naci\u00f3n","isPartOf":{"@id":"https:\/\/www.fiscalia.gov.co\/colombia\/#website"},"primaryImageOfPage":{"@id":"https:\/\/www.fiscalia.gov.co\/colombia\/noticias\/asegurados-presuntos-integrantes-de-grupo-delincuencial-que-habrian-exigido-dinero-a-habitantes-del-nororiente-de-medellin-para-no-desplazarlos\/#primaryimage"},"image":{"@id":"https:\/\/www.fiscalia.gov.co\/colombia\/noticias\/asegurados-presuntos-integrantes-de-grupo-delincuencial-que-habrian-exigido-dinero-a-habitantes-del-nororiente-de-medellin-para-no-desplazarlos\/#primaryimage"},"thumbnailUrl":"https:\/\/www.fiscalia.gov.co\/colombia\/wp-content\/uploads\/GDCO-SAN-PABLO-1024x506.jpg","datePublished":"2025-05-20T14:39:31+00:00","dateModified":"2025-05-20T14:39:31+00:00","description":"P\u00e1gina oficial de la Fiscal\u00eda General de la Naci\u00f3n \u2013 Colombia. Garantizamos el acceso efectivo a la justicia, la verdad y la reparaci\u00f3n de las v\u00edctimas de los delitos.","breadcrumb":{"@id":"https:\/\/www.fiscalia.gov.co\/colombia\/noticias\/asegurados-presuntos-integrantes-de-grupo-delincuencial-que-habrian-exigido-dinero-a-habitantes-del-nororiente-de-medellin-para-no-desplazarlos\/#breadcrumb"},"inLanguage":"es-CO","potentialAction":[{"@type":"ReadAction","target":["https:\/\/www.fiscalia.gov.co\/colombia\/noticias\/asegurados-presuntos-integrantes-de-grupo-delincuencial-que-habrian-exigido-dinero-a-habitantes-del-nororiente-de-medellin-para-no-desplazarlos\/"]}]},{"@type":"ImageObject","inLanguage":"es-CO","@id":"https:\/\/www.fiscalia.gov.co\/colombia\/noticias\/asegurados-presuntos-integrantes-de-grupo-delincuencial-que-habrian-exigido-dinero-a-habitantes-del-nororiente-de-medellin-para-no-desplazarlos\/#primaryimage","url":"https:\/\/www.fiscalia.gov.co\/colombia\/wp-content\/uploads\/GDCO-SAN-PABLO.jpg","contentUrl":"https:\/\/www.fiscalia.gov.co\/colombia\/wp-content\/uploads\/GDCO-SAN-PABLO.jpg","width":1600,"height":790,"caption":"Presuntos integrantes del grupo criminal San Pablo que delinque en las Comunas 1 y 3 de Medell\u00edn"},{"@type":"BreadcrumbList","@id":"https:\/\/www.fiscalia.gov.co\/colombia\/noticias\/asegurados-presuntos-integrantes-de-grupo-delincuencial-que-habrian-exigido-dinero-a-habitantes-del-nororiente-de-medellin-para-no-desplazarlos\/#breadcrumb","itemListElement":[{"@type":"ListItem","position":1,"name":"Home","item":"https:\/\/www.fiscalia.gov.co\/colombia\/"},{"@type":"ListItem","position":2,"name":"Asegurados presuntos integrantes de grupo delincuencial que habr\u00edan exigido dinero a habitantes del nororiente de Medell\u00edn para no desplazarlos"}]},{"@type":"WebSite","@id":"https:\/\/www.fiscalia.gov.co\/colombia\/#website","url":"https:\/\/www.fiscalia.gov.co\/colombia\/","name":"Fiscal\u00eda General de la Naci\u00f3n","description":"P\u00e1gina oficial de la Fiscal\u00eda General de la Naci\u00f3n \u2013 Colombia. Garantizamos el acceso efectivo a la justicia, la verdad y la reparaci\u00f3n de las v\u00edctimas de los delitos.","publisher":{"@id":"https:\/\/www.fiscalia.gov.co\/colombia\/#organization"},"potentialAction":[{"@type":"SearchAction","target":{"@type":"EntryPoint","urlTemplate":"https:\/\/www.fiscalia.gov.co\/colombia\/?s={search_term_string}"},"query-input":{"@type":"PropertyValueSpecification","valueRequired":true,"valueName":"search_term_string"}}],"inLanguage":"es-CO"},{"@type":"Organization","@id":"https:\/\/www.fiscalia.gov.co\/colombia\/#organization","name":"Fiscal\u00eda General de la Naci\u00f3n","url":"https:\/\/www.fiscalia.gov.co\/colombia\/","logo":{"@type":"ImageObject","inLanguage":"es-CO","@id":"https:\/\/www.fiscalia.gov.co\/colombia\/#\/schema\/logo\/image\/","url":"https:\/\/www.fiscalia.gov.co\/colombia\/wp-content\/uploads\/LogoHorizontal_1.jpg","contentUrl":"https:\/\/www.fiscalia.gov.co\/colombia\/wp-content\/uploads\/LogoHorizontal_1.jpg","width":300,"height":90,"caption":"Fiscal\u00eda General de la Naci\u00f3n"},"image":{"@id":"https:\/\/www.fiscalia.gov.co\/colombia\/#\/schema\/logo\/image\/"},"sameAs":["https:\/\/www.facebook.com\/FiscaliaCol","https:\/\/x.com\/FiscaliaCol","https:\/\/www.instagram.com\/fiscaliacol","https:\/\/www.linkedin.com\/company\/fiscalia-general-de-la-naci-n\/","https:\/\/youtube.com\/@fiscaliageneraldelanacion-4668?si=6nN79nyQICPU5iTh"]},{"@type":"Person","@id":"https:\/\/www.fiscalia.gov.co\/colombia\/#\/schema\/person\/bf84402cf293a5393e9c70b111020b24","name":"Jordan Leandro Oviedo Anzola","image":{"@type":"ImageObject","inLanguage":"es-CO","@id":"https:\/\/www.fiscalia.gov.co\/colombia\/#\/schema\/person\/image\/","url":"https:\/\/secure.gravatar.com\/avatar\/dabba4346fa9b9207d96adafa8f92721?s=96&d=mm&r=g","contentUrl":"https:\/\/secure.gravatar.com\/avatar\/dabba4346fa9b9207d96adafa8f92721?s=96&d=mm&r=g","caption":"Jordan Leandro Oviedo Anzola"},"url":"https:\/\/www.fiscalia.gov.co\/colombia\/author\/joviedo\/"}]}},"_links":{"self":[{"href":"https:\/\/www.fiscalia.gov.co\/colombia\/wp-json\/wp\/v2\/posts\/315659","targetHints":{"allow":["GET"]}}],"collection":[{"href":"https:\/\/www.fiscalia.gov.co\/colombia\/wp-json\/wp\/v2\/posts"}],"about":[{"href":"https:\/\/www.fiscalia.gov.co\/colombia\/wp-json\/wp\/v2\/types\/post"}],"author":[{"embeddable":true,"href":"https:\/\/www.fiscalia.gov.co\/colombia\/wp-json\/wp\/v2\/users\/177"}],"replies":[{"embeddable":true,"href":"https:\/\/www.fiscalia.gov.co\/colombia\/wp-json\/wp\/v2\/comments?post=315659"}],"version-history":[{"count":1,"href":"https:\/\/www.fiscalia.gov.co\/colombia\/wp-json\/wp\/v2\/posts\/315659\/revisions"}],"predecessor-version":[{"id":315667,"href":"https:\/\/www.fiscalia.gov.co\/colombia\/wp-json\/wp\/v2\/posts\/315659\/revisions\/315667"}],"wp:attachment":[{"href":"https:\/\/www.fiscalia.gov.co\/colombia\/wp-json\/wp\/v2\/media?parent=315659"}],"wp:term":[{"taxonomy":"category","embeddable":true,"href":"https:\/\/www.fiscalia.gov.co\/colombia\/wp-json\/wp\/v2\/categories?post=315659"},{"taxonomy":"post_tag","embeddable":true,"href":"https:\/\/www.fiscalia.gov.co\/colombia\/wp-json\/wp\/v2\/tags?post=315659"}],"curies":[{"name":"wp","href":"https:\/\/api.w.org\/{rel}","templated":true}]}}