{"id":315627,"date":"2025-05-19T15:07:56","date_gmt":"2025-05-19T20:07:56","guid":{"rendered":"https:\/\/www.fiscalia.gov.co\/colombia\/?p=315627"},"modified":"2025-05-19T15:07:56","modified_gmt":"2025-05-19T20:07:56","slug":"en-san-andres-un-hombre-fue-enviado-a-la-carcel-luego-de-ser-sorprendido-con-un-arma-de-fuego-sin-salvoconducto","status":"publish","type":"post","link":"https:\/\/www.fiscalia.gov.co\/colombia\/noticias\/en-san-andres-un-hombre-fue-enviado-a-la-carcel-luego-de-ser-sorprendido-con-un-arma-de-fuego-sin-salvoconducto\/","title":{"rendered":"En San Andr\u00e9s un hombre fue enviado a la c\u00e1rcel luego de ser sorprendido con un arma de fuego sin salvoconducto"},"content":{"rendered":"<p style=\"font-weight: 400;\">Elementos de prueba aportados por una fiscal de la Unidad de Reacci\u00f3n Inmediata (URI) de la Seccional San Andr\u00e9s, permitieron que un juez de control de garant\u00edas impusiera medida de aseguramiento <strong>en c\u00e1rcel contra Carlos Jos\u00e9 Jurado Gaviria.<\/strong><\/p>\n<p style=\"font-weight: 400;\">El procesado, de 31 a\u00f1os, fue imputado con el <strong>delito de fabricaci\u00f3n, tr\u00e1fico, porte o tenencia de armas de fuego, accesorios,<a href=\"https:\/\/www.fiscalia.gov.co\/colombia\/noticias\/judicializado-hombre-que-estaria-implicado-en-ataque-con-arma-de-fuego-a-dos-mujeres-en-cucuta\/\"> partes o municiones<\/a>,<\/strong> cargo que no fue aceptado.<\/p>\n<p style=\"font-weight: 400;\">La decisi\u00f3n judicial se refiere a los hechos registrados el pasado 14 de mayo en el barrio El Cocal del archipi\u00e9lago. A ese lugar lleg\u00f3 la Polic\u00eda Nacional y luego de escuchar unas detonaciones, y habr\u00eda sorprendi\u00f3 en flagrancia al hoy implicado con un <strong><a href=\"https:\/\/www.fiscalia.gov.co\/colombia\/crimen-organizado\/descubierta-red-conformada-por-integrantes-y-exintegrantes-de-la-fuerza-publica-que-estarian-involucrados-en-el-trafico-ilegal-de-armas\/\">arma de fuego<\/a> de uso personal.<\/strong><\/p>\n<p style=\"font-weight: 400;\"><strong>Tras solicitar la documentaci\u00f3n para verificar el porte l\u00edcito del arma<\/strong>, el investigado no pudo justificar dicha conducta. Seg\u00fan la investigaci\u00f3n, el ahora procesado intent\u00f3 huir, pero fue capturado por la Polic\u00eda Nacional.<\/p>\n<p style=\"font-weight: 400;\">La detenci\u00f3n de Jurado Gaviria ser\u00e1 cumplida en la c\u00e1rcel Nueva Esperanza de San Andr\u00e9s.<\/p>\n<p style=\"font-weight: 400;\">\n<p>&nbsp;<\/p>\n<p>&nbsp;<\/p>\n<p>&nbsp;<\/p>\n<p style=\"font-weight: 400;\">MEVA\/MAGA\/PS\/TAM\/DSSPS<\/p>\n<p style=\"font-weight: 400;\">\n<p style=\"font-weight: 400;\"><em>La informaci\u00f3n contenida en este bolet\u00edn de prensa corresponde a la narraci\u00f3n de los hechos noticiosos objetivos, suministrados por los funcionarios encargados de adelantar las investigaciones penales al interior de la Fiscal\u00eda General de la Naci\u00f3n. Para el momento de la divulgaci\u00f3n de este comunicado, la situaci\u00f3n jur\u00eddica de la(s) persona(s) relacionada(s) se encuentra pendiente de resolver por la autoridad judicial competente, siempre bajo los preceptos de la presunci\u00f3n de inocencia, consagrados en el art\u00edculo 29 de la Constituci\u00f3n Pol\u00edtica y el art\u00edculo 7\u00ba de la Ley 906 de 2004.<\/em><\/p>\n\n<div class=\"twitter-share\"><a href=\"https:\/\/twitter.com\/intent\/tweet?via=fiscaliacol\" class=\"twitter-share-button\">Tweet<\/a><\/div>\n","protected":false},"excerpt":{"rendered":"<p>Elementos de prueba aportados por una fiscal de la Unidad de Reacci\u00f3n Inmediata (URI) de la Seccional San Andr\u00e9s, permitieron que un juez de control de garant\u00edas impusiera medida de aseguramiento en c\u00e1rcel contra Carlos Jos\u00e9 Jurado Gaviria. El procesado, de 31 a\u00f1os, fue imputado con el delito de fabricaci\u00f3n, tr\u00e1fico, porte o tenencia de [&hellip;]<\/p>\n","protected":false},"author":177,"featured_media":0,"comment_status":"closed","ping_status":"open","sticky":false,"template":"","format":"standard","meta":{"tdm_status":"","tdm_grid_status":"","footnotes":""},"categories":[1,24133,303],"tags":[9276,924,14550,24187,1047,36784,9383,24277,41499,558,24914,33166,23841,31013],"class_list":{"0":"post-315627","1":"post","2":"type-post","3":"status-publish","4":"format-standard","6":"category-noticias","7":"category-seccional-san-andres","8":"category-seccionales","9":"tag-antecedentes-judiciales","10":"tag-captura","11":"tag-carcel","12":"tag-fiscalia-colombia","13":"tag-fiscalia-general-de-la-nacion","14":"tag-huyo","15":"tag-isla","16":"tag-medida","17":"tag-permiso-oficial","18":"tag-policia-nacional","19":"tag-porte-de-arma","20":"tag-salvoconducto","21":"tag-san-andres","22":"tag-san-andres-isla"},"yoast_head":"<!-- This site is optimized with the Yoast SEO plugin v24.3 - https:\/\/yoast.com\/wordpress\/plugins\/seo\/ -->\n<title>Fiscal\u00eda General de la Naci\u00f3n<\/title>\n<meta name=\"description\" content=\"P\u00e1gina oficial de la Fiscal\u00eda General de la Naci\u00f3n \u2013 Colombia. Garantizamos el acceso efectivo a la justicia, la verdad y la reparaci\u00f3n de las v\u00edctimas de los delitos.\" \/>\n<meta name=\"robots\" content=\"noindex, follow\" \/>\n<meta property=\"og:locale\" content=\"es_ES\" \/>\n<meta property=\"og:type\" content=\"article\" \/>\n<meta property=\"og:title\" content=\"Fiscal\u00eda General de la Naci\u00f3n\" \/>\n<meta property=\"og:description\" content=\"P\u00e1gina oficial de la Fiscal\u00eda General de la Naci\u00f3n \u2013 Colombia. Garantizamos el acceso efectivo a la justicia, la verdad y la reparaci\u00f3n de las v\u00edctimas de los delitos.\" \/>\n<meta property=\"og:url\" content=\"https:\/\/www.fiscalia.gov.co\/colombia\/noticias\/en-san-andres-un-hombre-fue-enviado-a-la-carcel-luego-de-ser-sorprendido-con-un-arma-de-fuego-sin-salvoconducto\/\" \/>\n<meta property=\"og:site_name\" content=\"Fiscal\u00eda General de la Naci\u00f3n\" \/>\n<meta property=\"article:publisher\" content=\"https:\/\/www.facebook.com\/FiscaliaCol\" \/>\n<meta property=\"article:published_time\" content=\"2025-05-19T20:07:56+00:00\" \/>\n<meta name=\"author\" content=\"Jordan Leandro Oviedo Anzola\" \/>\n<meta name=\"twitter:card\" content=\"summary_large_image\" \/>\n<meta name=\"twitter:creator\" content=\"@FiscaliaCol\" \/>\n<meta name=\"twitter:site\" content=\"@FiscaliaCol\" \/>\n<meta name=\"twitter:label1\" content=\"Escrito por\" \/>\n\t<meta name=\"twitter:data1\" content=\"Jordan Leandro Oviedo Anzola\" \/>\n\t<meta name=\"twitter:label2\" content=\"Tiempo de lectura\" \/>\n\t<meta name=\"twitter:data2\" content=\"2 minutos\" \/>\n<script type=\"application\/ld+json\" class=\"yoast-schema-graph\">{\"@context\":\"https:\/\/schema.org\",\"@graph\":[{\"@type\":\"Article\",\"@id\":\"https:\/\/www.fiscalia.gov.co\/colombia\/noticias\/en-san-andres-un-hombre-fue-enviado-a-la-carcel-luego-de-ser-sorprendido-con-un-arma-de-fuego-sin-salvoconducto\/#article\",\"isPartOf\":{\"@id\":\"https:\/\/www.fiscalia.gov.co\/colombia\/noticias\/en-san-andres-un-hombre-fue-enviado-a-la-carcel-luego-de-ser-sorprendido-con-un-arma-de-fuego-sin-salvoconducto\/\"},\"author\":{\"name\":\"Jordan Leandro Oviedo Anzola\",\"@id\":\"https:\/\/www.fiscalia.gov.co\/colombia\/#\/schema\/person\/bf84402cf293a5393e9c70b111020b24\"},\"headline\":\"En San Andr\u00e9s un hombre fue enviado a la c\u00e1rcel luego de ser sorprendido con un arma de fuego sin salvoconducto\",\"datePublished\":\"2025-05-19T20:07:56+00:00\",\"dateModified\":\"2025-05-19T20:07:56+00:00\",\"mainEntityOfPage\":{\"@id\":\"https:\/\/www.fiscalia.gov.co\/colombia\/noticias\/en-san-andres-un-hombre-fue-enviado-a-la-carcel-luego-de-ser-sorprendido-con-un-arma-de-fuego-sin-salvoconducto\/\"},\"wordCount\":315,\"publisher\":{\"@id\":\"https:\/\/www.fiscalia.gov.co\/colombia\/#organization\"},\"keywords\":[\"Antecedentes judiciales\",\"Captura\",\"C\u00e1rcel\",\"Fiscal\u00eda Colombia\",\"Fiscal\u00eda General de la Naci\u00f3n\",\"huy\u00f3\",\"Isla\",\"medida\",\"permiso oficial.\",\"Polic\u00eda Nacional\",\"porte de arma\",\"salvoconducto\",\"San Andr\u00e9s\",\"San Andr\u00e9s Isla\"],\"articleSection\":[\"Noticias\",\"Seccional San Andr\u00e9s\",\"Seccionales\"],\"inLanguage\":\"es-CO\"},{\"@type\":\"WebPage\",\"@id\":\"https:\/\/www.fiscalia.gov.co\/colombia\/noticias\/en-san-andres-un-hombre-fue-enviado-a-la-carcel-luego-de-ser-sorprendido-con-un-arma-de-fuego-sin-salvoconducto\/\",\"url\":\"https:\/\/www.fiscalia.gov.co\/colombia\/noticias\/en-san-andres-un-hombre-fue-enviado-a-la-carcel-luego-de-ser-sorprendido-con-un-arma-de-fuego-sin-salvoconducto\/\",\"name\":\"Fiscal\u00eda General de la Naci\u00f3n\",\"isPartOf\":{\"@id\":\"https:\/\/www.fiscalia.gov.co\/colombia\/#website\"},\"datePublished\":\"2025-05-19T20:07:56+00:00\",\"dateModified\":\"2025-05-19T20:07:56+00:00\",\"description\":\"P\u00e1gina oficial de la Fiscal\u00eda General de la Naci\u00f3n \u2013 Colombia. Garantizamos el acceso efectivo a la justicia, la verdad y la reparaci\u00f3n de las v\u00edctimas de los delitos.\",\"breadcrumb\":{\"@id\":\"https:\/\/www.fiscalia.gov.co\/colombia\/noticias\/en-san-andres-un-hombre-fue-enviado-a-la-carcel-luego-de-ser-sorprendido-con-un-arma-de-fuego-sin-salvoconducto\/#breadcrumb\"},\"inLanguage\":\"es-CO\",\"potentialAction\":[{\"@type\":\"ReadAction\",\"target\":[\"https:\/\/www.fiscalia.gov.co\/colombia\/noticias\/en-san-andres-un-hombre-fue-enviado-a-la-carcel-luego-de-ser-sorprendido-con-un-arma-de-fuego-sin-salvoconducto\/\"]}]},{\"@type\":\"BreadcrumbList\",\"@id\":\"https:\/\/www.fiscalia.gov.co\/colombia\/noticias\/en-san-andres-un-hombre-fue-enviado-a-la-carcel-luego-de-ser-sorprendido-con-un-arma-de-fuego-sin-salvoconducto\/#breadcrumb\",\"itemListElement\":[{\"@type\":\"ListItem\",\"position\":1,\"name\":\"Home\",\"item\":\"https:\/\/www.fiscalia.gov.co\/colombia\/\"},{\"@type\":\"ListItem\",\"position\":2,\"name\":\"En San Andr\u00e9s un hombre fue enviado a la c\u00e1rcel luego de ser sorprendido con un arma de fuego sin salvoconducto\"}]},{\"@type\":\"WebSite\",\"@id\":\"https:\/\/www.fiscalia.gov.co\/colombia\/#website\",\"url\":\"https:\/\/www.fiscalia.gov.co\/colombia\/\",\"name\":\"Fiscal\u00eda General de la Naci\u00f3n\",\"description\":\"P\u00e1gina oficial de la Fiscal\u00eda General de la Naci\u00f3n \u2013 Colombia. Garantizamos el acceso efectivo a la justicia, la verdad y la reparaci\u00f3n de las v\u00edctimas de los delitos.\",\"publisher\":{\"@id\":\"https:\/\/www.fiscalia.gov.co\/colombia\/#organization\"},\"potentialAction\":[{\"@type\":\"SearchAction\",\"target\":{\"@type\":\"EntryPoint\",\"urlTemplate\":\"https:\/\/www.fiscalia.gov.co\/colombia\/?s={search_term_string}\"},\"query-input\":{\"@type\":\"PropertyValueSpecification\",\"valueRequired\":true,\"valueName\":\"search_term_string\"}}],\"inLanguage\":\"es-CO\"},{\"@type\":\"Organization\",\"@id\":\"https:\/\/www.fiscalia.gov.co\/colombia\/#organization\",\"name\":\"Fiscal\u00eda General de la Naci\u00f3n\",\"url\":\"https:\/\/www.fiscalia.gov.co\/colombia\/\",\"logo\":{\"@type\":\"ImageObject\",\"inLanguage\":\"es-CO\",\"@id\":\"https:\/\/www.fiscalia.gov.co\/colombia\/#\/schema\/logo\/image\/\",\"url\":\"https:\/\/www.fiscalia.gov.co\/colombia\/wp-content\/uploads\/LogoHorizontal_1.jpg\",\"contentUrl\":\"https:\/\/www.fiscalia.gov.co\/colombia\/wp-content\/uploads\/LogoHorizontal_1.jpg\",\"width\":300,\"height\":90,\"caption\":\"Fiscal\u00eda General de la Naci\u00f3n\"},\"image\":{\"@id\":\"https:\/\/www.fiscalia.gov.co\/colombia\/#\/schema\/logo\/image\/\"},\"sameAs\":[\"https:\/\/www.facebook.com\/FiscaliaCol\",\"https:\/\/x.com\/FiscaliaCol\",\"https:\/\/www.instagram.com\/fiscaliacol\",\"https:\/\/www.linkedin.com\/company\/fiscalia-general-de-la-naci-n\/\",\"https:\/\/youtube.com\/@fiscaliageneraldelanacion-4668?si=6nN79nyQICPU5iTh\"]},{\"@type\":\"Person\",\"@id\":\"https:\/\/www.fiscalia.gov.co\/colombia\/#\/schema\/person\/bf84402cf293a5393e9c70b111020b24\",\"name\":\"Jordan Leandro Oviedo Anzola\",\"image\":{\"@type\":\"ImageObject\",\"inLanguage\":\"es-CO\",\"@id\":\"https:\/\/www.fiscalia.gov.co\/colombia\/#\/schema\/person\/image\/\",\"url\":\"https:\/\/secure.gravatar.com\/avatar\/dabba4346fa9b9207d96adafa8f92721?s=96&d=mm&r=g\",\"contentUrl\":\"https:\/\/secure.gravatar.com\/avatar\/dabba4346fa9b9207d96adafa8f92721?s=96&d=mm&r=g\",\"caption\":\"Jordan Leandro Oviedo Anzola\"},\"url\":\"https:\/\/www.fiscalia.gov.co\/colombia\/author\/joviedo\/\"}]}<\/script>\n<!-- \/ Yoast SEO plugin. -->","yoast_head_json":{"title":"Fiscal\u00eda General de la Naci\u00f3n","description":"P\u00e1gina oficial de la Fiscal\u00eda General de la Naci\u00f3n \u2013 Colombia. Garantizamos el acceso efectivo a la justicia, la verdad y la reparaci\u00f3n de las v\u00edctimas de los delitos.","robots":{"index":"noindex","follow":"follow"},"og_locale":"es_ES","og_type":"article","og_title":"Fiscal\u00eda General de la Naci\u00f3n","og_description":"P\u00e1gina oficial de la Fiscal\u00eda General de la Naci\u00f3n \u2013 Colombia. Garantizamos el acceso efectivo a la justicia, la verdad y la reparaci\u00f3n de las v\u00edctimas de los delitos.","og_url":"https:\/\/www.fiscalia.gov.co\/colombia\/noticias\/en-san-andres-un-hombre-fue-enviado-a-la-carcel-luego-de-ser-sorprendido-con-un-arma-de-fuego-sin-salvoconducto\/","og_site_name":"Fiscal\u00eda General de la Naci\u00f3n","article_publisher":"https:\/\/www.facebook.com\/FiscaliaCol","article_published_time":"2025-05-19T20:07:56+00:00","author":"Jordan Leandro Oviedo Anzola","twitter_card":"summary_large_image","twitter_creator":"@FiscaliaCol","twitter_site":"@FiscaliaCol","twitter_misc":{"Escrito por":"Jordan Leandro Oviedo Anzola","Tiempo de lectura":"2 minutos"},"schema":{"@context":"https:\/\/schema.org","@graph":[{"@type":"Article","@id":"https:\/\/www.fiscalia.gov.co\/colombia\/noticias\/en-san-andres-un-hombre-fue-enviado-a-la-carcel-luego-de-ser-sorprendido-con-un-arma-de-fuego-sin-salvoconducto\/#article","isPartOf":{"@id":"https:\/\/www.fiscalia.gov.co\/colombia\/noticias\/en-san-andres-un-hombre-fue-enviado-a-la-carcel-luego-de-ser-sorprendido-con-un-arma-de-fuego-sin-salvoconducto\/"},"author":{"name":"Jordan Leandro Oviedo Anzola","@id":"https:\/\/www.fiscalia.gov.co\/colombia\/#\/schema\/person\/bf84402cf293a5393e9c70b111020b24"},"headline":"En San Andr\u00e9s un hombre fue enviado a la c\u00e1rcel luego de ser sorprendido con un arma de fuego sin salvoconducto","datePublished":"2025-05-19T20:07:56+00:00","dateModified":"2025-05-19T20:07:56+00:00","mainEntityOfPage":{"@id":"https:\/\/www.fiscalia.gov.co\/colombia\/noticias\/en-san-andres-un-hombre-fue-enviado-a-la-carcel-luego-de-ser-sorprendido-con-un-arma-de-fuego-sin-salvoconducto\/"},"wordCount":315,"publisher":{"@id":"https:\/\/www.fiscalia.gov.co\/colombia\/#organization"},"keywords":["Antecedentes judiciales","Captura","C\u00e1rcel","Fiscal\u00eda Colombia","Fiscal\u00eda General de la Naci\u00f3n","huy\u00f3","Isla","medida","permiso oficial.","Polic\u00eda Nacional","porte de arma","salvoconducto","San Andr\u00e9s","San Andr\u00e9s Isla"],"articleSection":["Noticias","Seccional San Andr\u00e9s","Seccionales"],"inLanguage":"es-CO"},{"@type":"WebPage","@id":"https:\/\/www.fiscalia.gov.co\/colombia\/noticias\/en-san-andres-un-hombre-fue-enviado-a-la-carcel-luego-de-ser-sorprendido-con-un-arma-de-fuego-sin-salvoconducto\/","url":"https:\/\/www.fiscalia.gov.co\/colombia\/noticias\/en-san-andres-un-hombre-fue-enviado-a-la-carcel-luego-de-ser-sorprendido-con-un-arma-de-fuego-sin-salvoconducto\/","name":"Fiscal\u00eda General de la Naci\u00f3n","isPartOf":{"@id":"https:\/\/www.fiscalia.gov.co\/colombia\/#website"},"datePublished":"2025-05-19T20:07:56+00:00","dateModified":"2025-05-19T20:07:56+00:00","description":"P\u00e1gina oficial de la Fiscal\u00eda General de la Naci\u00f3n \u2013 Colombia. Garantizamos el acceso efectivo a la justicia, la verdad y la reparaci\u00f3n de las v\u00edctimas de los delitos.","breadcrumb":{"@id":"https:\/\/www.fiscalia.gov.co\/colombia\/noticias\/en-san-andres-un-hombre-fue-enviado-a-la-carcel-luego-de-ser-sorprendido-con-un-arma-de-fuego-sin-salvoconducto\/#breadcrumb"},"inLanguage":"es-CO","potentialAction":[{"@type":"ReadAction","target":["https:\/\/www.fiscalia.gov.co\/colombia\/noticias\/en-san-andres-un-hombre-fue-enviado-a-la-carcel-luego-de-ser-sorprendido-con-un-arma-de-fuego-sin-salvoconducto\/"]}]},{"@type":"BreadcrumbList","@id":"https:\/\/www.fiscalia.gov.co\/colombia\/noticias\/en-san-andres-un-hombre-fue-enviado-a-la-carcel-luego-de-ser-sorprendido-con-un-arma-de-fuego-sin-salvoconducto\/#breadcrumb","itemListElement":[{"@type":"ListItem","position":1,"name":"Home","item":"https:\/\/www.fiscalia.gov.co\/colombia\/"},{"@type":"ListItem","position":2,"name":"En San Andr\u00e9s un hombre fue enviado a la c\u00e1rcel luego de ser sorprendido con un arma de fuego sin salvoconducto"}]},{"@type":"WebSite","@id":"https:\/\/www.fiscalia.gov.co\/colombia\/#website","url":"https:\/\/www.fiscalia.gov.co\/colombia\/","name":"Fiscal\u00eda General de la Naci\u00f3n","description":"P\u00e1gina oficial de la Fiscal\u00eda General de la Naci\u00f3n \u2013 Colombia. Garantizamos el acceso efectivo a la justicia, la verdad y la reparaci\u00f3n de las v\u00edctimas de los delitos.","publisher":{"@id":"https:\/\/www.fiscalia.gov.co\/colombia\/#organization"},"potentialAction":[{"@type":"SearchAction","target":{"@type":"EntryPoint","urlTemplate":"https:\/\/www.fiscalia.gov.co\/colombia\/?s={search_term_string}"},"query-input":{"@type":"PropertyValueSpecification","valueRequired":true,"valueName":"search_term_string"}}],"inLanguage":"es-CO"},{"@type":"Organization","@id":"https:\/\/www.fiscalia.gov.co\/colombia\/#organization","name":"Fiscal\u00eda General de la Naci\u00f3n","url":"https:\/\/www.fiscalia.gov.co\/colombia\/","logo":{"@type":"ImageObject","inLanguage":"es-CO","@id":"https:\/\/www.fiscalia.gov.co\/colombia\/#\/schema\/logo\/image\/","url":"https:\/\/www.fiscalia.gov.co\/colombia\/wp-content\/uploads\/LogoHorizontal_1.jpg","contentUrl":"https:\/\/www.fiscalia.gov.co\/colombia\/wp-content\/uploads\/LogoHorizontal_1.jpg","width":300,"height":90,"caption":"Fiscal\u00eda General de la Naci\u00f3n"},"image":{"@id":"https:\/\/www.fiscalia.gov.co\/colombia\/#\/schema\/logo\/image\/"},"sameAs":["https:\/\/www.facebook.com\/FiscaliaCol","https:\/\/x.com\/FiscaliaCol","https:\/\/www.instagram.com\/fiscaliacol","https:\/\/www.linkedin.com\/company\/fiscalia-general-de-la-naci-n\/","https:\/\/youtube.com\/@fiscaliageneraldelanacion-4668?si=6nN79nyQICPU5iTh"]},{"@type":"Person","@id":"https:\/\/www.fiscalia.gov.co\/colombia\/#\/schema\/person\/bf84402cf293a5393e9c70b111020b24","name":"Jordan Leandro Oviedo Anzola","image":{"@type":"ImageObject","inLanguage":"es-CO","@id":"https:\/\/www.fiscalia.gov.co\/colombia\/#\/schema\/person\/image\/","url":"https:\/\/secure.gravatar.com\/avatar\/dabba4346fa9b9207d96adafa8f92721?s=96&d=mm&r=g","contentUrl":"https:\/\/secure.gravatar.com\/avatar\/dabba4346fa9b9207d96adafa8f92721?s=96&d=mm&r=g","caption":"Jordan Leandro Oviedo Anzola"},"url":"https:\/\/www.fiscalia.gov.co\/colombia\/author\/joviedo\/"}]}},"_links":{"self":[{"href":"https:\/\/www.fiscalia.gov.co\/colombia\/wp-json\/wp\/v2\/posts\/315627","targetHints":{"allow":["GET"]}}],"collection":[{"href":"https:\/\/www.fiscalia.gov.co\/colombia\/wp-json\/wp\/v2\/posts"}],"about":[{"href":"https:\/\/www.fiscalia.gov.co\/colombia\/wp-json\/wp\/v2\/types\/post"}],"author":[{"embeddable":true,"href":"https:\/\/www.fiscalia.gov.co\/colombia\/wp-json\/wp\/v2\/users\/177"}],"replies":[{"embeddable":true,"href":"https:\/\/www.fiscalia.gov.co\/colombia\/wp-json\/wp\/v2\/comments?post=315627"}],"version-history":[{"count":1,"href":"https:\/\/www.fiscalia.gov.co\/colombia\/wp-json\/wp\/v2\/posts\/315627\/revisions"}],"predecessor-version":[{"id":315628,"href":"https:\/\/www.fiscalia.gov.co\/colombia\/wp-json\/wp\/v2\/posts\/315627\/revisions\/315628"}],"wp:attachment":[{"href":"https:\/\/www.fiscalia.gov.co\/colombia\/wp-json\/wp\/v2\/media?parent=315627"}],"wp:term":[{"taxonomy":"category","embeddable":true,"href":"https:\/\/www.fiscalia.gov.co\/colombia\/wp-json\/wp\/v2\/categories?post=315627"},{"taxonomy":"post_tag","embeddable":true,"href":"https:\/\/www.fiscalia.gov.co\/colombia\/wp-json\/wp\/v2\/tags?post=315627"}],"curies":[{"name":"wp","href":"https:\/\/api.w.org\/{rel}","templated":true}]}}