{"id":315577,"date":"2025-05-19T07:13:25","date_gmt":"2025-05-19T12:13:25","guid":{"rendered":"https:\/\/www.fiscalia.gov.co\/colombia\/?p=315577"},"modified":"2025-05-19T12:50:37","modified_gmt":"2025-05-19T17:50:37","slug":"fiscalia-afecta-el-patrimonio-de-apolo-la-red-delictiva-dedicada-a-la-venta-de-chance-ilegal-en-el-eje-cafetero-y-valle-del-cauca","status":"publish","type":"post","link":"https:\/\/www.fiscalia.gov.co\/colombia\/noticias\/fiscalia-afecta-el-patrimonio-de-apolo-la-red-delictiva-dedicada-a-la-venta-de-chance-ilegal-en-el-eje-cafetero-y-valle-del-cauca\/","title":{"rendered":"Fiscal\u00eda afecta el patrimonio de \u2018Apolo\u2019, la red delictiva dedicada a la venta de chance ilegal en el Eje Cafetero y Valle del Cauca"},"content":{"rendered":"<h4 style=\"text-align: center;\"><strong><em>27 bienes avaluados en m\u00e1s de 7.000 millones de pesos fueron ocupados con fines de extinci\u00f3n del derecho de dominio.<\/em><\/strong><\/h4>\n<p>Los an\u00e1lisis financieros realizados por la Fiscal\u00eda General de la Naci\u00f3n al patrimonio de los integrantes de la organizaci\u00f3n delincuencial \u2018Apolo\u2019, dedicada a la venta ilegal de juegos de suerte y azar en el Eje Cafetero y Valle del Cauca, <strong>permitieron identificar 27 bienes que habr\u00edan sido adquiridos con recursos il\u00edcitos.<\/strong><\/p>\n<p><strong>Las verificaciones dan cuenta de 18 casas, 2 fincas, 4 veh\u00edculos, 2 motocicletas y un establecimiento comercial, avaluadas en algo m\u00e1s de 7.000 millones de pesos<\/strong>, que presuntamente fueron obtenidos con dineros que corresponder\u00edan a ganancias il\u00edcitas por la comercializaci\u00f3n clandestina de chance, rifas y bonos.<\/p>\n<p>En ese sentido, fiscales de la Direcci\u00f3n Especializada de Extinci\u00f3n del Derecho de Dominio impusieron sobre las propiedades medidas cautelares de suspensi\u00f3n del poder dispositivo, embargo y secuestro, <strong>las cuales fueron materializadas por servidores del Cuerpo T\u00e9cnico de Investigaci\u00f3n (CTI) en diligencias realizadas en Sevilla, Tulua,<\/strong> y en Caicedonia\u00a0 (Valle del Cauca).<\/p>\n<p>Los bienes afectados quedaron a disposici\u00f3n de la Sociedad de Activos Especiales (SAE) para su administraci\u00f3n.<\/p>\n<p>Esta informaci\u00f3n se publica por razones de inter\u00e9s general.<\/p>\n<p>&nbsp;<\/p>\n<p>&nbsp;<\/p>\n<p>&nbsp;<\/p>\n<p>&nbsp;<\/p>\n<p>FAGH\/JARG\/JICG\/ALTR\/DEED<\/p>\n<p>&nbsp;<\/p>\n<p>&nbsp;<\/p>\n<p>&nbsp;<\/p>\n<p>&nbsp;<\/p>\n<div class=\"td-post-content tagdiv-type\">\n<p><em>La informaci\u00f3n contenida en este bolet\u00edn de prensa corresponde a la narraci\u00f3n de los hechos noticiosos objetivos, suministrados por los funcionarios encargados de adelantar las investigaciones penales al interior de la Fiscal\u00eda General de la Naci\u00f3n. Para el momento de la divulgaci\u00f3n de este comunicado, la situaci\u00f3n jur\u00eddica de la(s) persona(s) relacionada(s) se encuentra pendiente de resolver por la autoridad judicial competente, siempre bajo los preceptos de la presunci\u00f3n de inocencia, consagrados en el art\u00edculo 29 de la Constituci\u00f3n Pol\u00edtica y el art\u00edculo 7\u00ba de la Ley 906 de 2004.<\/em><\/p>\n<\/div>\n<footer>\n<div class=\"td-post-source-tags\"><\/div>\n<div class=\"td-post-sharing-bottom\"><\/div>\n<\/footer>\n\n<div class=\"twitter-share\"><a href=\"https:\/\/twitter.com\/intent\/tweet?via=fiscaliacol\" class=\"twitter-share-button\">Tweet<\/a><\/div>\n","protected":false},"excerpt":{"rendered":"<p>27 bienes avaluados en m\u00e1s de 7.000 millones de pesos fueron ocupados con fines de extinci\u00f3n del derecho de dominio. Los an\u00e1lisis financieros realizados por la Fiscal\u00eda General de la Naci\u00f3n al patrimonio de los integrantes de la organizaci\u00f3n delincuencial \u2018Apolo\u2019, dedicada a la venta ilegal de juegos de suerte y azar en el Eje [&hellip;]<\/p>\n","protected":false},"author":177,"featured_media":0,"comment_status":"closed","ping_status":"open","sticky":false,"template":"","format":"standard","meta":{"tdm_status":"","tdm_grid_status":"","footnotes":""},"categories":[24116,1],"tags":[5555,1441,37492,1047,39205,41495,27156],"class_list":{"0":"post-315577","1":"post","2":"type-post","3":"status-publish","4":"format-standard","6":"category-extincion-de-dominio","7":"category-noticias","8":"tag-chance-ilegal","9":"tag-extincion-de-dominio","10":"tag-fiscal-luz-adriana-camargo","11":"tag-fiscalia-general-de-la-nacion","12":"tag-recursos-ilicitos","13":"tag-rifas","14":"tag-sae"},"yoast_head":"<!-- This site is optimized with the Yoast SEO plugin v24.3 - https:\/\/yoast.com\/wordpress\/plugins\/seo\/ -->\n<title>Fiscal\u00eda General de la Naci\u00f3n<\/title>\n<meta name=\"description\" content=\"P\u00e1gina oficial de la Fiscal\u00eda General de la Naci\u00f3n \u2013 Colombia. Garantizamos el acceso efectivo a la justicia, la verdad y la reparaci\u00f3n de las v\u00edctimas de los delitos.\" \/>\n<meta name=\"robots\" content=\"noindex, follow\" \/>\n<meta property=\"og:locale\" content=\"es_ES\" \/>\n<meta property=\"og:type\" content=\"article\" \/>\n<meta property=\"og:title\" content=\"Fiscal\u00eda General de la Naci\u00f3n\" \/>\n<meta property=\"og:description\" content=\"P\u00e1gina oficial de la Fiscal\u00eda General de la Naci\u00f3n \u2013 Colombia. Garantizamos el acceso efectivo a la justicia, la verdad y la reparaci\u00f3n de las v\u00edctimas de los delitos.\" \/>\n<meta property=\"og:url\" content=\"https:\/\/www.fiscalia.gov.co\/colombia\/noticias\/fiscalia-afecta-el-patrimonio-de-apolo-la-red-delictiva-dedicada-a-la-venta-de-chance-ilegal-en-el-eje-cafetero-y-valle-del-cauca\/\" \/>\n<meta property=\"og:site_name\" content=\"Fiscal\u00eda General de la Naci\u00f3n\" \/>\n<meta property=\"article:publisher\" content=\"https:\/\/www.facebook.com\/FiscaliaCol\" \/>\n<meta property=\"article:published_time\" content=\"2025-05-19T12:13:25+00:00\" \/>\n<meta property=\"article:modified_time\" content=\"2025-05-19T17:50:37+00:00\" \/>\n<meta name=\"author\" content=\"Jordan Leandro Oviedo Anzola\" \/>\n<meta name=\"twitter:card\" content=\"summary_large_image\" \/>\n<meta name=\"twitter:creator\" content=\"@FiscaliaCol\" \/>\n<meta name=\"twitter:site\" content=\"@FiscaliaCol\" \/>\n<meta name=\"twitter:label1\" content=\"Escrito por\" \/>\n\t<meta name=\"twitter:data1\" content=\"Jordan Leandro Oviedo Anzola\" \/>\n\t<meta name=\"twitter:label2\" content=\"Tiempo de lectura\" \/>\n\t<meta name=\"twitter:data2\" content=\"2 minutos\" \/>\n<script type=\"application\/ld+json\" class=\"yoast-schema-graph\">{\"@context\":\"https:\/\/schema.org\",\"@graph\":[{\"@type\":\"Article\",\"@id\":\"https:\/\/www.fiscalia.gov.co\/colombia\/noticias\/fiscalia-afecta-el-patrimonio-de-apolo-la-red-delictiva-dedicada-a-la-venta-de-chance-ilegal-en-el-eje-cafetero-y-valle-del-cauca\/#article\",\"isPartOf\":{\"@id\":\"https:\/\/www.fiscalia.gov.co\/colombia\/noticias\/fiscalia-afecta-el-patrimonio-de-apolo-la-red-delictiva-dedicada-a-la-venta-de-chance-ilegal-en-el-eje-cafetero-y-valle-del-cauca\/\"},\"author\":{\"name\":\"Jordan Leandro Oviedo Anzola\",\"@id\":\"https:\/\/www.fiscalia.gov.co\/colombia\/#\/schema\/person\/bf84402cf293a5393e9c70b111020b24\"},\"headline\":\"Fiscal\u00eda afecta el patrimonio de \u2018Apolo\u2019, la red delictiva dedicada a la venta de chance ilegal en el Eje Cafetero y Valle del Cauca\",\"datePublished\":\"2025-05-19T12:13:25+00:00\",\"dateModified\":\"2025-05-19T17:50:37+00:00\",\"mainEntityOfPage\":{\"@id\":\"https:\/\/www.fiscalia.gov.co\/colombia\/noticias\/fiscalia-afecta-el-patrimonio-de-apolo-la-red-delictiva-dedicada-a-la-venta-de-chance-ilegal-en-el-eje-cafetero-y-valle-del-cauca\/\"},\"wordCount\":348,\"publisher\":{\"@id\":\"https:\/\/www.fiscalia.gov.co\/colombia\/#organization\"},\"keywords\":[\"Chance ilegal\",\"Extinci\u00f3n de dominio\",\"Fiscal Luz Adriana Camargo\",\"Fiscal\u00eda General de la Naci\u00f3n\",\"recursos il\u00edcitos\",\"rifas\",\"SAE\"],\"articleSection\":[\"Extinci\u00f3n de dominio\",\"Noticias\"],\"inLanguage\":\"es-CO\"},{\"@type\":\"WebPage\",\"@id\":\"https:\/\/www.fiscalia.gov.co\/colombia\/noticias\/fiscalia-afecta-el-patrimonio-de-apolo-la-red-delictiva-dedicada-a-la-venta-de-chance-ilegal-en-el-eje-cafetero-y-valle-del-cauca\/\",\"url\":\"https:\/\/www.fiscalia.gov.co\/colombia\/noticias\/fiscalia-afecta-el-patrimonio-de-apolo-la-red-delictiva-dedicada-a-la-venta-de-chance-ilegal-en-el-eje-cafetero-y-valle-del-cauca\/\",\"name\":\"Fiscal\u00eda General de la Naci\u00f3n\",\"isPartOf\":{\"@id\":\"https:\/\/www.fiscalia.gov.co\/colombia\/#website\"},\"datePublished\":\"2025-05-19T12:13:25+00:00\",\"dateModified\":\"2025-05-19T17:50:37+00:00\",\"description\":\"P\u00e1gina oficial de la Fiscal\u00eda General de la Naci\u00f3n \u2013 Colombia. Garantizamos el acceso efectivo a la justicia, la verdad y la reparaci\u00f3n de las v\u00edctimas de los delitos.\",\"breadcrumb\":{\"@id\":\"https:\/\/www.fiscalia.gov.co\/colombia\/noticias\/fiscalia-afecta-el-patrimonio-de-apolo-la-red-delictiva-dedicada-a-la-venta-de-chance-ilegal-en-el-eje-cafetero-y-valle-del-cauca\/#breadcrumb\"},\"inLanguage\":\"es-CO\",\"potentialAction\":[{\"@type\":\"ReadAction\",\"target\":[\"https:\/\/www.fiscalia.gov.co\/colombia\/noticias\/fiscalia-afecta-el-patrimonio-de-apolo-la-red-delictiva-dedicada-a-la-venta-de-chance-ilegal-en-el-eje-cafetero-y-valle-del-cauca\/\"]}]},{\"@type\":\"BreadcrumbList\",\"@id\":\"https:\/\/www.fiscalia.gov.co\/colombia\/noticias\/fiscalia-afecta-el-patrimonio-de-apolo-la-red-delictiva-dedicada-a-la-venta-de-chance-ilegal-en-el-eje-cafetero-y-valle-del-cauca\/#breadcrumb\",\"itemListElement\":[{\"@type\":\"ListItem\",\"position\":1,\"name\":\"Home\",\"item\":\"https:\/\/www.fiscalia.gov.co\/colombia\/\"},{\"@type\":\"ListItem\",\"position\":2,\"name\":\"Fiscal\u00eda afecta el patrimonio de \u2018Apolo\u2019, la red delictiva dedicada a la venta de chance ilegal en el Eje Cafetero y Valle del Cauca\"}]},{\"@type\":\"WebSite\",\"@id\":\"https:\/\/www.fiscalia.gov.co\/colombia\/#website\",\"url\":\"https:\/\/www.fiscalia.gov.co\/colombia\/\",\"name\":\"Fiscal\u00eda General de la Naci\u00f3n\",\"description\":\"P\u00e1gina oficial de la Fiscal\u00eda General de la Naci\u00f3n \u2013 Colombia. Garantizamos el acceso efectivo a la justicia, la verdad y la reparaci\u00f3n de las v\u00edctimas de los delitos.\",\"publisher\":{\"@id\":\"https:\/\/www.fiscalia.gov.co\/colombia\/#organization\"},\"potentialAction\":[{\"@type\":\"SearchAction\",\"target\":{\"@type\":\"EntryPoint\",\"urlTemplate\":\"https:\/\/www.fiscalia.gov.co\/colombia\/?s={search_term_string}\"},\"query-input\":{\"@type\":\"PropertyValueSpecification\",\"valueRequired\":true,\"valueName\":\"search_term_string\"}}],\"inLanguage\":\"es-CO\"},{\"@type\":\"Organization\",\"@id\":\"https:\/\/www.fiscalia.gov.co\/colombia\/#organization\",\"name\":\"Fiscal\u00eda General de la Naci\u00f3n\",\"url\":\"https:\/\/www.fiscalia.gov.co\/colombia\/\",\"logo\":{\"@type\":\"ImageObject\",\"inLanguage\":\"es-CO\",\"@id\":\"https:\/\/www.fiscalia.gov.co\/colombia\/#\/schema\/logo\/image\/\",\"url\":\"https:\/\/www.fiscalia.gov.co\/colombia\/wp-content\/uploads\/LogoHorizontal_1.jpg\",\"contentUrl\":\"https:\/\/www.fiscalia.gov.co\/colombia\/wp-content\/uploads\/LogoHorizontal_1.jpg\",\"width\":300,\"height\":90,\"caption\":\"Fiscal\u00eda General de la Naci\u00f3n\"},\"image\":{\"@id\":\"https:\/\/www.fiscalia.gov.co\/colombia\/#\/schema\/logo\/image\/\"},\"sameAs\":[\"https:\/\/www.facebook.com\/FiscaliaCol\",\"https:\/\/x.com\/FiscaliaCol\",\"https:\/\/www.instagram.com\/fiscaliacol\",\"https:\/\/www.linkedin.com\/company\/fiscalia-general-de-la-naci-n\/\",\"https:\/\/youtube.com\/@fiscaliageneraldelanacion-4668?si=6nN79nyQICPU5iTh\"]},{\"@type\":\"Person\",\"@id\":\"https:\/\/www.fiscalia.gov.co\/colombia\/#\/schema\/person\/bf84402cf293a5393e9c70b111020b24\",\"name\":\"Jordan Leandro Oviedo Anzola\",\"image\":{\"@type\":\"ImageObject\",\"inLanguage\":\"es-CO\",\"@id\":\"https:\/\/www.fiscalia.gov.co\/colombia\/#\/schema\/person\/image\/\",\"url\":\"https:\/\/secure.gravatar.com\/avatar\/dabba4346fa9b9207d96adafa8f92721?s=96&d=mm&r=g\",\"contentUrl\":\"https:\/\/secure.gravatar.com\/avatar\/dabba4346fa9b9207d96adafa8f92721?s=96&d=mm&r=g\",\"caption\":\"Jordan Leandro Oviedo Anzola\"},\"url\":\"https:\/\/www.fiscalia.gov.co\/colombia\/author\/joviedo\/\"}]}<\/script>\n<!-- \/ Yoast SEO plugin. -->","yoast_head_json":{"title":"Fiscal\u00eda General de la Naci\u00f3n","description":"P\u00e1gina oficial de la Fiscal\u00eda General de la Naci\u00f3n \u2013 Colombia. Garantizamos el acceso efectivo a la justicia, la verdad y la reparaci\u00f3n de las v\u00edctimas de los delitos.","robots":{"index":"noindex","follow":"follow"},"og_locale":"es_ES","og_type":"article","og_title":"Fiscal\u00eda General de la Naci\u00f3n","og_description":"P\u00e1gina oficial de la Fiscal\u00eda General de la Naci\u00f3n \u2013 Colombia. Garantizamos el acceso efectivo a la justicia, la verdad y la reparaci\u00f3n de las v\u00edctimas de los delitos.","og_url":"https:\/\/www.fiscalia.gov.co\/colombia\/noticias\/fiscalia-afecta-el-patrimonio-de-apolo-la-red-delictiva-dedicada-a-la-venta-de-chance-ilegal-en-el-eje-cafetero-y-valle-del-cauca\/","og_site_name":"Fiscal\u00eda General de la Naci\u00f3n","article_publisher":"https:\/\/www.facebook.com\/FiscaliaCol","article_published_time":"2025-05-19T12:13:25+00:00","article_modified_time":"2025-05-19T17:50:37+00:00","author":"Jordan Leandro Oviedo Anzola","twitter_card":"summary_large_image","twitter_creator":"@FiscaliaCol","twitter_site":"@FiscaliaCol","twitter_misc":{"Escrito por":"Jordan Leandro Oviedo Anzola","Tiempo de lectura":"2 minutos"},"schema":{"@context":"https:\/\/schema.org","@graph":[{"@type":"Article","@id":"https:\/\/www.fiscalia.gov.co\/colombia\/noticias\/fiscalia-afecta-el-patrimonio-de-apolo-la-red-delictiva-dedicada-a-la-venta-de-chance-ilegal-en-el-eje-cafetero-y-valle-del-cauca\/#article","isPartOf":{"@id":"https:\/\/www.fiscalia.gov.co\/colombia\/noticias\/fiscalia-afecta-el-patrimonio-de-apolo-la-red-delictiva-dedicada-a-la-venta-de-chance-ilegal-en-el-eje-cafetero-y-valle-del-cauca\/"},"author":{"name":"Jordan Leandro Oviedo Anzola","@id":"https:\/\/www.fiscalia.gov.co\/colombia\/#\/schema\/person\/bf84402cf293a5393e9c70b111020b24"},"headline":"Fiscal\u00eda afecta el patrimonio de \u2018Apolo\u2019, la red delictiva dedicada a la venta de chance ilegal en el Eje Cafetero y Valle del Cauca","datePublished":"2025-05-19T12:13:25+00:00","dateModified":"2025-05-19T17:50:37+00:00","mainEntityOfPage":{"@id":"https:\/\/www.fiscalia.gov.co\/colombia\/noticias\/fiscalia-afecta-el-patrimonio-de-apolo-la-red-delictiva-dedicada-a-la-venta-de-chance-ilegal-en-el-eje-cafetero-y-valle-del-cauca\/"},"wordCount":348,"publisher":{"@id":"https:\/\/www.fiscalia.gov.co\/colombia\/#organization"},"keywords":["Chance ilegal","Extinci\u00f3n de dominio","Fiscal Luz Adriana Camargo","Fiscal\u00eda General de la Naci\u00f3n","recursos il\u00edcitos","rifas","SAE"],"articleSection":["Extinci\u00f3n de dominio","Noticias"],"inLanguage":"es-CO"},{"@type":"WebPage","@id":"https:\/\/www.fiscalia.gov.co\/colombia\/noticias\/fiscalia-afecta-el-patrimonio-de-apolo-la-red-delictiva-dedicada-a-la-venta-de-chance-ilegal-en-el-eje-cafetero-y-valle-del-cauca\/","url":"https:\/\/www.fiscalia.gov.co\/colombia\/noticias\/fiscalia-afecta-el-patrimonio-de-apolo-la-red-delictiva-dedicada-a-la-venta-de-chance-ilegal-en-el-eje-cafetero-y-valle-del-cauca\/","name":"Fiscal\u00eda General de la Naci\u00f3n","isPartOf":{"@id":"https:\/\/www.fiscalia.gov.co\/colombia\/#website"},"datePublished":"2025-05-19T12:13:25+00:00","dateModified":"2025-05-19T17:50:37+00:00","description":"P\u00e1gina oficial de la Fiscal\u00eda General de la Naci\u00f3n \u2013 Colombia. Garantizamos el acceso efectivo a la justicia, la verdad y la reparaci\u00f3n de las v\u00edctimas de los delitos.","breadcrumb":{"@id":"https:\/\/www.fiscalia.gov.co\/colombia\/noticias\/fiscalia-afecta-el-patrimonio-de-apolo-la-red-delictiva-dedicada-a-la-venta-de-chance-ilegal-en-el-eje-cafetero-y-valle-del-cauca\/#breadcrumb"},"inLanguage":"es-CO","potentialAction":[{"@type":"ReadAction","target":["https:\/\/www.fiscalia.gov.co\/colombia\/noticias\/fiscalia-afecta-el-patrimonio-de-apolo-la-red-delictiva-dedicada-a-la-venta-de-chance-ilegal-en-el-eje-cafetero-y-valle-del-cauca\/"]}]},{"@type":"BreadcrumbList","@id":"https:\/\/www.fiscalia.gov.co\/colombia\/noticias\/fiscalia-afecta-el-patrimonio-de-apolo-la-red-delictiva-dedicada-a-la-venta-de-chance-ilegal-en-el-eje-cafetero-y-valle-del-cauca\/#breadcrumb","itemListElement":[{"@type":"ListItem","position":1,"name":"Home","item":"https:\/\/www.fiscalia.gov.co\/colombia\/"},{"@type":"ListItem","position":2,"name":"Fiscal\u00eda afecta el patrimonio de \u2018Apolo\u2019, la red delictiva dedicada a la venta de chance ilegal en el Eje Cafetero y Valle del Cauca"}]},{"@type":"WebSite","@id":"https:\/\/www.fiscalia.gov.co\/colombia\/#website","url":"https:\/\/www.fiscalia.gov.co\/colombia\/","name":"Fiscal\u00eda General de la Naci\u00f3n","description":"P\u00e1gina oficial de la Fiscal\u00eda General de la Naci\u00f3n \u2013 Colombia. Garantizamos el acceso efectivo a la justicia, la verdad y la reparaci\u00f3n de las v\u00edctimas de los delitos.","publisher":{"@id":"https:\/\/www.fiscalia.gov.co\/colombia\/#organization"},"potentialAction":[{"@type":"SearchAction","target":{"@type":"EntryPoint","urlTemplate":"https:\/\/www.fiscalia.gov.co\/colombia\/?s={search_term_string}"},"query-input":{"@type":"PropertyValueSpecification","valueRequired":true,"valueName":"search_term_string"}}],"inLanguage":"es-CO"},{"@type":"Organization","@id":"https:\/\/www.fiscalia.gov.co\/colombia\/#organization","name":"Fiscal\u00eda General de la Naci\u00f3n","url":"https:\/\/www.fiscalia.gov.co\/colombia\/","logo":{"@type":"ImageObject","inLanguage":"es-CO","@id":"https:\/\/www.fiscalia.gov.co\/colombia\/#\/schema\/logo\/image\/","url":"https:\/\/www.fiscalia.gov.co\/colombia\/wp-content\/uploads\/LogoHorizontal_1.jpg","contentUrl":"https:\/\/www.fiscalia.gov.co\/colombia\/wp-content\/uploads\/LogoHorizontal_1.jpg","width":300,"height":90,"caption":"Fiscal\u00eda General de la Naci\u00f3n"},"image":{"@id":"https:\/\/www.fiscalia.gov.co\/colombia\/#\/schema\/logo\/image\/"},"sameAs":["https:\/\/www.facebook.com\/FiscaliaCol","https:\/\/x.com\/FiscaliaCol","https:\/\/www.instagram.com\/fiscaliacol","https:\/\/www.linkedin.com\/company\/fiscalia-general-de-la-naci-n\/","https:\/\/youtube.com\/@fiscaliageneraldelanacion-4668?si=6nN79nyQICPU5iTh"]},{"@type":"Person","@id":"https:\/\/www.fiscalia.gov.co\/colombia\/#\/schema\/person\/bf84402cf293a5393e9c70b111020b24","name":"Jordan Leandro Oviedo Anzola","image":{"@type":"ImageObject","inLanguage":"es-CO","@id":"https:\/\/www.fiscalia.gov.co\/colombia\/#\/schema\/person\/image\/","url":"https:\/\/secure.gravatar.com\/avatar\/dabba4346fa9b9207d96adafa8f92721?s=96&d=mm&r=g","contentUrl":"https:\/\/secure.gravatar.com\/avatar\/dabba4346fa9b9207d96adafa8f92721?s=96&d=mm&r=g","caption":"Jordan Leandro Oviedo Anzola"},"url":"https:\/\/www.fiscalia.gov.co\/colombia\/author\/joviedo\/"}]}},"_links":{"self":[{"href":"https:\/\/www.fiscalia.gov.co\/colombia\/wp-json\/wp\/v2\/posts\/315577","targetHints":{"allow":["GET"]}}],"collection":[{"href":"https:\/\/www.fiscalia.gov.co\/colombia\/wp-json\/wp\/v2\/posts"}],"about":[{"href":"https:\/\/www.fiscalia.gov.co\/colombia\/wp-json\/wp\/v2\/types\/post"}],"author":[{"embeddable":true,"href":"https:\/\/www.fiscalia.gov.co\/colombia\/wp-json\/wp\/v2\/users\/177"}],"replies":[{"embeddable":true,"href":"https:\/\/www.fiscalia.gov.co\/colombia\/wp-json\/wp\/v2\/comments?post=315577"}],"version-history":[{"count":2,"href":"https:\/\/www.fiscalia.gov.co\/colombia\/wp-json\/wp\/v2\/posts\/315577\/revisions"}],"predecessor-version":[{"id":315592,"href":"https:\/\/www.fiscalia.gov.co\/colombia\/wp-json\/wp\/v2\/posts\/315577\/revisions\/315592"}],"wp:attachment":[{"href":"https:\/\/www.fiscalia.gov.co\/colombia\/wp-json\/wp\/v2\/media?parent=315577"}],"wp:term":[{"taxonomy":"category","embeddable":true,"href":"https:\/\/www.fiscalia.gov.co\/colombia\/wp-json\/wp\/v2\/categories?post=315577"},{"taxonomy":"post_tag","embeddable":true,"href":"https:\/\/www.fiscalia.gov.co\/colombia\/wp-json\/wp\/v2\/tags?post=315577"}],"curies":[{"name":"wp","href":"https:\/\/api.w.org\/{rel}","templated":true}]}}