{"id":315479,"date":"2025-05-18T17:09:49","date_gmt":"2025-05-18T22:09:49","guid":{"rendered":"https:\/\/www.fiscalia.gov.co\/colombia\/?p=315479"},"modified":"2025-05-18T17:12:02","modified_gmt":"2025-05-18T22:12:02","slug":"asegurado-en-centro-carcelario-el-primer-capturado-por-orden-judicial-con-ocasion-de-la-nueva-ley-de-maltrato-animal","status":"publish","type":"post","link":"https:\/\/www.fiscalia.gov.co\/colombia\/noticias\/asegurado-en-centro-carcelario-el-primer-capturado-por-orden-judicial-con-ocasion-de-la-nueva-ley-de-maltrato-animal\/","title":{"rendered":"Asegurado en centro carcelario el primer capturado por orden judicial con ocasi\u00f3n de la nueva ley de maltrato animal"},"content":{"rendered":"<blockquote>\n<h4 style=\"font-weight: 400;\"><strong><em>Se trata de un hombre se\u00f1alado de amarrar a un gato del cuello y causarle la muerte en Bucaramanga (Santander).<\/em><\/strong><\/h4>\n<\/blockquote>\n<p style=\"font-weight: 400;\">Por petici\u00f3n de la Fiscal\u00eda General de la Naci\u00f3n, una juez de control de garant\u00edas impuso medida de aseguramiento en centro carcelario a Alexander Parra Carrillo, <strong>la primera persona que es capturada por orden judicial en atenci\u00f3n los nuevos par\u00e1metros de la Ley<\/strong> 2455 del 18 de abril de 2025 \u201cpor la cual se fortalece la lucha contra el maltrato animal y se actualiza el Estatuto Nacional de Protecci\u00f3n de los Animales\u201d.<\/p>\n<figure id=\"attachment_315480\" aria-describedby=\"caption-attachment-315480\" style=\"width: 300px\" class=\"wp-caption alignnone\"><img loading=\"lazy\" decoding=\"async\" class=\"size-medium wp-image-315480\" src=\"https:\/\/www.fiscalia.gov.co\/colombia\/wp-content\/uploads\/FOTO-1-PARRA-CARRILLO-300x276.jpeg\" alt=\"Alexander Parra Carrillo atendiendo la imputaci\u00f3n efectuada por la fiscal del grupo Gelma por el delito de muerte a animal agravado.\" width=\"300\" height=\"276\" srcset=\"https:\/\/www.fiscalia.gov.co\/colombia\/wp-content\/uploads\/FOTO-1-PARRA-CARRILLO-300x276.jpeg 300w, https:\/\/www.fiscalia.gov.co\/colombia\/wp-content\/uploads\/FOTO-1-PARRA-CARRILLO-1024x943.jpeg 1024w, https:\/\/www.fiscalia.gov.co\/colombia\/wp-content\/uploads\/FOTO-1-PARRA-CARRILLO-768x707.jpeg 768w, https:\/\/www.fiscalia.gov.co\/colombia\/wp-content\/uploads\/FOTO-1-PARRA-CARRILLO-456x420.jpeg 456w, https:\/\/www.fiscalia.gov.co\/colombia\/wp-content\/uploads\/FOTO-1-PARRA-CARRILLO-696x641.jpeg 696w, https:\/\/www.fiscalia.gov.co\/colombia\/wp-content\/uploads\/FOTO-1-PARRA-CARRILLO.jpeg 1053w\" sizes=\"auto, (max-width: 300px) 100vw, 300px\" \/><figcaption id=\"caption-attachment-315480\" class=\"wp-caption-text\">En la imagen se ve al procesado Alexander Parra Carrillo en la audiencia de imputaci\u00f3n por el delito de muerte a animal agravado.<\/figcaption><\/figure>\n<p style=\"font-weight: 400;\">El hoy procesado es se\u00f1alado de atar una cuerda en el cuello de un gato de nombre \u2018Mich\u00edn\u2019 y templarla durante <strong>varios minutos hasta causarle la muerte al felino el pasado 7 de mayo, en el suroccidente de Bucaramanga (Santander).<\/strong><\/p>\n<p style=\"font-weight: 400;\">La acci\u00f3n qued\u00f3 registrada en video y fue difundida a trav\u00e9s de redes sociales. El material audiovisual y otras evidencias recopiladas en el curso de la investigaci\u00f3n permitieron identificar al agresor y <strong>solicitar ante una juez de control de garant\u00edas la respectiva orden de captura,<\/strong> una nueva facultad que otorga Ley 2455 de 2025.<\/p>\n<p style=\"font-weight: 400;\">Parra Carrillo fue ubicado y capturado en v\u00eda p\u00fablica de Bucaramanga, en una diligencia realizada de manera conjunta con unidades de polic\u00eda judicial de la Direcci\u00f3n de Carabineros y Protecci\u00f3n Ambiental de la Polic\u00eda Nacional.<\/p>\n<p style=\"font-weight: 400;\">Una fiscal del Grupo Especial para la Lucha contra el Maltrato Animal (Gelma) <strong>imput\u00f3 al hombre el delito de muerte a animal agravado,<\/strong> otra novedad contenida en la norma que entr\u00f3 en vigor hace un mes. El cargo no fue aceptado.<\/p>\n<p style=\"font-weight: 400;\">LYBT\/JARG\/JMT\/GG<\/p>\n<p>&nbsp;<\/p>\n<p>&nbsp;<\/p>\n<p>&nbsp;<\/p>\n<p>&nbsp;<\/p>\n<p><em>La informaci\u00f3n contenida en este bolet\u00edn de prensa corresponde a la narraci\u00f3n de los hechos noticiosos objetivos, suministrados por los funcionarios encargados de adelantar las investigaciones penales al interior de la Fiscal\u00eda General de la Naci\u00f3n. Para el momento de la divulgaci\u00f3n de este comunicado, la situaci\u00f3n jur\u00eddica de la(s) persona(s) relacionada(s) se encuentra pendiente de resolver por la autoridad judicial competente, siempre bajo los preceptos de la presunci\u00f3n de inocencia, consagrados en el art\u00edculo 29 de la Constituci\u00f3n Pol\u00edtica y el art\u00edculo 7\u00ba de la Ley 906 de 2004.<\/em><\/p>\n\n<div class=\"twitter-share\"><a href=\"https:\/\/twitter.com\/intent\/tweet?via=fiscaliacol\" class=\"twitter-share-button\">Tweet<\/a><\/div>\n","protected":false},"excerpt":{"rendered":"<p>Se trata de un hombre se\u00f1alado de amarrar a un gato del cuello y causarle la muerte en Bucaramanga (Santander). Por petici\u00f3n de la Fiscal\u00eda General de la Naci\u00f3n, una juez de control de garant\u00edas impuso medida de aseguramiento en centro carcelario a Alexander Parra Carrillo, la primera persona que es capturada por orden judicial [&hellip;]<\/p>\n","protected":false},"author":181,"featured_media":0,"comment_status":"closed","ping_status":"open","sticky":false,"template":"","format":"standard","meta":{"tdm_status":"","tdm_grid_status":"","footnotes":""},"categories":[1,322,24099],"tags":[12184,38894,1047,24282,18566,558,28958,11101],"class_list":{"0":"post-315479","1":"post","2":"type-post","3":"status-publish","4":"format-standard","6":"category-noticias","7":"category-seccional-bucaramanga","8":"category-seguridad-territorial","9":"tag-fiscal","10":"tag-fiscal-luz-adreiana-camargo","11":"tag-fiscalia-general-de-la-nacion","12":"tag-gelma","13":"tag-maltrato-animal","14":"tag-policia-nacional","15":"tag-procesado","16":"tag-seguridad-ciudadana"},"yoast_head":"<!-- This site is optimized with the Yoast SEO plugin v24.3 - https:\/\/yoast.com\/wordpress\/plugins\/seo\/ -->\n<title>Fiscal\u00eda General de la Naci\u00f3n<\/title>\n<meta name=\"description\" content=\"P\u00e1gina oficial de la Fiscal\u00eda General de la Naci\u00f3n \u2013 Colombia. Garantizamos el acceso efectivo a la justicia, la verdad y la reparaci\u00f3n de las v\u00edctimas de los delitos.\" \/>\n<meta name=\"robots\" content=\"noindex, follow\" \/>\n<meta property=\"og:locale\" content=\"es_ES\" \/>\n<meta property=\"og:type\" content=\"article\" \/>\n<meta property=\"og:title\" content=\"Fiscal\u00eda General de la Naci\u00f3n\" \/>\n<meta property=\"og:description\" content=\"P\u00e1gina oficial de la Fiscal\u00eda General de la Naci\u00f3n \u2013 Colombia. Garantizamos el acceso efectivo a la justicia, la verdad y la reparaci\u00f3n de las v\u00edctimas de los delitos.\" \/>\n<meta property=\"og:url\" content=\"https:\/\/www.fiscalia.gov.co\/colombia\/noticias\/asegurado-en-centro-carcelario-el-primer-capturado-por-orden-judicial-con-ocasion-de-la-nueva-ley-de-maltrato-animal\/\" \/>\n<meta property=\"og:site_name\" content=\"Fiscal\u00eda General de la Naci\u00f3n\" \/>\n<meta property=\"article:publisher\" content=\"https:\/\/www.facebook.com\/FiscaliaCol\" \/>\n<meta property=\"article:published_time\" content=\"2025-05-18T22:09:49+00:00\" \/>\n<meta property=\"article:modified_time\" content=\"2025-05-18T22:12:02+00:00\" \/>\n<meta property=\"og:image\" content=\"https:\/\/www.fiscalia.gov.co\/colombia\/wp-content\/uploads\/FOTO-1-PARRA-CARRILLO.jpeg\" \/>\n\t<meta property=\"og:image:width\" content=\"1053\" \/>\n\t<meta property=\"og:image:height\" content=\"970\" \/>\n\t<meta property=\"og:image:type\" content=\"image\/jpeg\" \/>\n<meta name=\"author\" content=\"Johanna Islenny Prieto Pe\u00f1a\" \/>\n<meta name=\"twitter:card\" content=\"summary_large_image\" \/>\n<meta name=\"twitter:creator\" content=\"@FiscaliaCol\" \/>\n<meta name=\"twitter:site\" content=\"@FiscaliaCol\" \/>\n<meta name=\"twitter:label1\" content=\"Escrito por\" \/>\n\t<meta name=\"twitter:data1\" content=\"Johanna Islenny Prieto Pe\u00f1a\" \/>\n\t<meta name=\"twitter:label2\" content=\"Tiempo de lectura\" \/>\n\t<meta name=\"twitter:data2\" content=\"2 minutos\" \/>\n<script type=\"application\/ld+json\" class=\"yoast-schema-graph\">{\"@context\":\"https:\/\/schema.org\",\"@graph\":[{\"@type\":\"Article\",\"@id\":\"https:\/\/www.fiscalia.gov.co\/colombia\/noticias\/asegurado-en-centro-carcelario-el-primer-capturado-por-orden-judicial-con-ocasion-de-la-nueva-ley-de-maltrato-animal\/#article\",\"isPartOf\":{\"@id\":\"https:\/\/www.fiscalia.gov.co\/colombia\/noticias\/asegurado-en-centro-carcelario-el-primer-capturado-por-orden-judicial-con-ocasion-de-la-nueva-ley-de-maltrato-animal\/\"},\"author\":{\"name\":\"Johanna Islenny Prieto Pe\u00f1a\",\"@id\":\"https:\/\/www.fiscalia.gov.co\/colombia\/#\/schema\/person\/ba9eca435947489fb25117a0cd75bf3e\"},\"headline\":\"Asegurado en centro carcelario el primer capturado por orden judicial con ocasi\u00f3n de la nueva ley de maltrato animal\",\"datePublished\":\"2025-05-18T22:09:49+00:00\",\"dateModified\":\"2025-05-18T22:12:02+00:00\",\"mainEntityOfPage\":{\"@id\":\"https:\/\/www.fiscalia.gov.co\/colombia\/noticias\/asegurado-en-centro-carcelario-el-primer-capturado-por-orden-judicial-con-ocasion-de-la-nueva-ley-de-maltrato-animal\/\"},\"wordCount\":437,\"publisher\":{\"@id\":\"https:\/\/www.fiscalia.gov.co\/colombia\/#organization\"},\"image\":{\"@id\":\"https:\/\/www.fiscalia.gov.co\/colombia\/noticias\/asegurado-en-centro-carcelario-el-primer-capturado-por-orden-judicial-con-ocasion-de-la-nueva-ley-de-maltrato-animal\/#primaryimage\"},\"thumbnailUrl\":\"https:\/\/www.fiscalia.gov.co\/colombia\/wp-content\/uploads\/FOTO-1-PARRA-CARRILLO-300x276.jpeg\",\"keywords\":[\"Fiscal\",\"fiscal luz adreiana camargo\",\"Fiscal\u00eda General de la Naci\u00f3n\",\"Gelma\",\"Maltrato animal\",\"Polic\u00eda Nacional\",\"procesado\",\"Seguridad ciudadana\"],\"articleSection\":[\"Noticias\",\"Seccional Bucaramanga\",\"Seguridad territorial\"],\"inLanguage\":\"es-CO\"},{\"@type\":\"WebPage\",\"@id\":\"https:\/\/www.fiscalia.gov.co\/colombia\/noticias\/asegurado-en-centro-carcelario-el-primer-capturado-por-orden-judicial-con-ocasion-de-la-nueva-ley-de-maltrato-animal\/\",\"url\":\"https:\/\/www.fiscalia.gov.co\/colombia\/noticias\/asegurado-en-centro-carcelario-el-primer-capturado-por-orden-judicial-con-ocasion-de-la-nueva-ley-de-maltrato-animal\/\",\"name\":\"Fiscal\u00eda General de la Naci\u00f3n\",\"isPartOf\":{\"@id\":\"https:\/\/www.fiscalia.gov.co\/colombia\/#website\"},\"primaryImageOfPage\":{\"@id\":\"https:\/\/www.fiscalia.gov.co\/colombia\/noticias\/asegurado-en-centro-carcelario-el-primer-capturado-por-orden-judicial-con-ocasion-de-la-nueva-ley-de-maltrato-animal\/#primaryimage\"},\"image\":{\"@id\":\"https:\/\/www.fiscalia.gov.co\/colombia\/noticias\/asegurado-en-centro-carcelario-el-primer-capturado-por-orden-judicial-con-ocasion-de-la-nueva-ley-de-maltrato-animal\/#primaryimage\"},\"thumbnailUrl\":\"https:\/\/www.fiscalia.gov.co\/colombia\/wp-content\/uploads\/FOTO-1-PARRA-CARRILLO-300x276.jpeg\",\"datePublished\":\"2025-05-18T22:09:49+00:00\",\"dateModified\":\"2025-05-18T22:12:02+00:00\",\"description\":\"P\u00e1gina oficial de la Fiscal\u00eda General de la Naci\u00f3n \u2013 Colombia. Garantizamos el acceso efectivo a la justicia, la verdad y la reparaci\u00f3n de las v\u00edctimas de los delitos.\",\"breadcrumb\":{\"@id\":\"https:\/\/www.fiscalia.gov.co\/colombia\/noticias\/asegurado-en-centro-carcelario-el-primer-capturado-por-orden-judicial-con-ocasion-de-la-nueva-ley-de-maltrato-animal\/#breadcrumb\"},\"inLanguage\":\"es-CO\",\"potentialAction\":[{\"@type\":\"ReadAction\",\"target\":[\"https:\/\/www.fiscalia.gov.co\/colombia\/noticias\/asegurado-en-centro-carcelario-el-primer-capturado-por-orden-judicial-con-ocasion-de-la-nueva-ley-de-maltrato-animal\/\"]}]},{\"@type\":\"ImageObject\",\"inLanguage\":\"es-CO\",\"@id\":\"https:\/\/www.fiscalia.gov.co\/colombia\/noticias\/asegurado-en-centro-carcelario-el-primer-capturado-por-orden-judicial-con-ocasion-de-la-nueva-ley-de-maltrato-animal\/#primaryimage\",\"url\":\"https:\/\/www.fiscalia.gov.co\/colombia\/wp-content\/uploads\/FOTO-1-PARRA-CARRILLO.jpeg\",\"contentUrl\":\"https:\/\/www.fiscalia.gov.co\/colombia\/wp-content\/uploads\/FOTO-1-PARRA-CARRILLO.jpeg\",\"width\":1053,\"height\":970,\"caption\":\"En la imagen se ve al procesado Alexander Parra Carrillo en la audiencia de imputaci\u00f3n por el delito de muerte a animal agravado.\"},{\"@type\":\"BreadcrumbList\",\"@id\":\"https:\/\/www.fiscalia.gov.co\/colombia\/noticias\/asegurado-en-centro-carcelario-el-primer-capturado-por-orden-judicial-con-ocasion-de-la-nueva-ley-de-maltrato-animal\/#breadcrumb\",\"itemListElement\":[{\"@type\":\"ListItem\",\"position\":1,\"name\":\"Home\",\"item\":\"https:\/\/www.fiscalia.gov.co\/colombia\/\"},{\"@type\":\"ListItem\",\"position\":2,\"name\":\"Asegurado en centro carcelario el primer capturado por orden judicial con ocasi\u00f3n de la nueva ley de maltrato animal\"}]},{\"@type\":\"WebSite\",\"@id\":\"https:\/\/www.fiscalia.gov.co\/colombia\/#website\",\"url\":\"https:\/\/www.fiscalia.gov.co\/colombia\/\",\"name\":\"Fiscal\u00eda General de la Naci\u00f3n\",\"description\":\"P\u00e1gina oficial de la Fiscal\u00eda General de la Naci\u00f3n \u2013 Colombia. Garantizamos el acceso efectivo a la justicia, la verdad y la reparaci\u00f3n de las v\u00edctimas de los delitos.\",\"publisher\":{\"@id\":\"https:\/\/www.fiscalia.gov.co\/colombia\/#organization\"},\"potentialAction\":[{\"@type\":\"SearchAction\",\"target\":{\"@type\":\"EntryPoint\",\"urlTemplate\":\"https:\/\/www.fiscalia.gov.co\/colombia\/?s={search_term_string}\"},\"query-input\":{\"@type\":\"PropertyValueSpecification\",\"valueRequired\":true,\"valueName\":\"search_term_string\"}}],\"inLanguage\":\"es-CO\"},{\"@type\":\"Organization\",\"@id\":\"https:\/\/www.fiscalia.gov.co\/colombia\/#organization\",\"name\":\"Fiscal\u00eda General de la Naci\u00f3n\",\"url\":\"https:\/\/www.fiscalia.gov.co\/colombia\/\",\"logo\":{\"@type\":\"ImageObject\",\"inLanguage\":\"es-CO\",\"@id\":\"https:\/\/www.fiscalia.gov.co\/colombia\/#\/schema\/logo\/image\/\",\"url\":\"https:\/\/www.fiscalia.gov.co\/colombia\/wp-content\/uploads\/LogoHorizontal_1.jpg\",\"contentUrl\":\"https:\/\/www.fiscalia.gov.co\/colombia\/wp-content\/uploads\/LogoHorizontal_1.jpg\",\"width\":300,\"height\":90,\"caption\":\"Fiscal\u00eda General de la Naci\u00f3n\"},\"image\":{\"@id\":\"https:\/\/www.fiscalia.gov.co\/colombia\/#\/schema\/logo\/image\/\"},\"sameAs\":[\"https:\/\/www.facebook.com\/FiscaliaCol\",\"https:\/\/x.com\/FiscaliaCol\",\"https:\/\/www.instagram.com\/fiscaliacol\",\"https:\/\/www.linkedin.com\/company\/fiscalia-general-de-la-naci-n\/\",\"https:\/\/youtube.com\/@fiscaliageneraldelanacion-4668?si=6nN79nyQICPU5iTh\"]},{\"@type\":\"Person\",\"@id\":\"https:\/\/www.fiscalia.gov.co\/colombia\/#\/schema\/person\/ba9eca435947489fb25117a0cd75bf3e\",\"name\":\"Johanna Islenny Prieto Pe\u00f1a\",\"image\":{\"@type\":\"ImageObject\",\"inLanguage\":\"es-CO\",\"@id\":\"https:\/\/www.fiscalia.gov.co\/colombia\/#\/schema\/person\/image\/\",\"url\":\"https:\/\/secure.gravatar.com\/avatar\/111433fc2acb037ffb768f6a3ca47864?s=96&d=mm&r=g\",\"contentUrl\":\"https:\/\/secure.gravatar.com\/avatar\/111433fc2acb037ffb768f6a3ca47864?s=96&d=mm&r=g\",\"caption\":\"Johanna Islenny Prieto Pe\u00f1a\"},\"url\":\"https:\/\/www.fiscalia.gov.co\/colombia\/author\/jprietop\/\"}]}<\/script>\n<!-- \/ Yoast SEO plugin. -->","yoast_head_json":{"title":"Fiscal\u00eda General de la Naci\u00f3n","description":"P\u00e1gina oficial de la Fiscal\u00eda General de la Naci\u00f3n \u2013 Colombia. Garantizamos el acceso efectivo a la justicia, la verdad y la reparaci\u00f3n de las v\u00edctimas de los delitos.","robots":{"index":"noindex","follow":"follow"},"og_locale":"es_ES","og_type":"article","og_title":"Fiscal\u00eda General de la Naci\u00f3n","og_description":"P\u00e1gina oficial de la Fiscal\u00eda General de la Naci\u00f3n \u2013 Colombia. Garantizamos el acceso efectivo a la justicia, la verdad y la reparaci\u00f3n de las v\u00edctimas de los delitos.","og_url":"https:\/\/www.fiscalia.gov.co\/colombia\/noticias\/asegurado-en-centro-carcelario-el-primer-capturado-por-orden-judicial-con-ocasion-de-la-nueva-ley-de-maltrato-animal\/","og_site_name":"Fiscal\u00eda General de la Naci\u00f3n","article_publisher":"https:\/\/www.facebook.com\/FiscaliaCol","article_published_time":"2025-05-18T22:09:49+00:00","article_modified_time":"2025-05-18T22:12:02+00:00","og_image":[{"width":1053,"height":970,"url":"https:\/\/www.fiscalia.gov.co\/colombia\/wp-content\/uploads\/FOTO-1-PARRA-CARRILLO.jpeg","type":"image\/jpeg"}],"author":"Johanna Islenny Prieto Pe\u00f1a","twitter_card":"summary_large_image","twitter_creator":"@FiscaliaCol","twitter_site":"@FiscaliaCol","twitter_misc":{"Escrito por":"Johanna Islenny Prieto Pe\u00f1a","Tiempo de lectura":"2 minutos"},"schema":{"@context":"https:\/\/schema.org","@graph":[{"@type":"Article","@id":"https:\/\/www.fiscalia.gov.co\/colombia\/noticias\/asegurado-en-centro-carcelario-el-primer-capturado-por-orden-judicial-con-ocasion-de-la-nueva-ley-de-maltrato-animal\/#article","isPartOf":{"@id":"https:\/\/www.fiscalia.gov.co\/colombia\/noticias\/asegurado-en-centro-carcelario-el-primer-capturado-por-orden-judicial-con-ocasion-de-la-nueva-ley-de-maltrato-animal\/"},"author":{"name":"Johanna Islenny Prieto Pe\u00f1a","@id":"https:\/\/www.fiscalia.gov.co\/colombia\/#\/schema\/person\/ba9eca435947489fb25117a0cd75bf3e"},"headline":"Asegurado en centro carcelario el primer capturado por orden judicial con ocasi\u00f3n de la nueva ley de maltrato animal","datePublished":"2025-05-18T22:09:49+00:00","dateModified":"2025-05-18T22:12:02+00:00","mainEntityOfPage":{"@id":"https:\/\/www.fiscalia.gov.co\/colombia\/noticias\/asegurado-en-centro-carcelario-el-primer-capturado-por-orden-judicial-con-ocasion-de-la-nueva-ley-de-maltrato-animal\/"},"wordCount":437,"publisher":{"@id":"https:\/\/www.fiscalia.gov.co\/colombia\/#organization"},"image":{"@id":"https:\/\/www.fiscalia.gov.co\/colombia\/noticias\/asegurado-en-centro-carcelario-el-primer-capturado-por-orden-judicial-con-ocasion-de-la-nueva-ley-de-maltrato-animal\/#primaryimage"},"thumbnailUrl":"https:\/\/www.fiscalia.gov.co\/colombia\/wp-content\/uploads\/FOTO-1-PARRA-CARRILLO-300x276.jpeg","keywords":["Fiscal","fiscal luz adreiana camargo","Fiscal\u00eda General de la Naci\u00f3n","Gelma","Maltrato animal","Polic\u00eda Nacional","procesado","Seguridad ciudadana"],"articleSection":["Noticias","Seccional Bucaramanga","Seguridad territorial"],"inLanguage":"es-CO"},{"@type":"WebPage","@id":"https:\/\/www.fiscalia.gov.co\/colombia\/noticias\/asegurado-en-centro-carcelario-el-primer-capturado-por-orden-judicial-con-ocasion-de-la-nueva-ley-de-maltrato-animal\/","url":"https:\/\/www.fiscalia.gov.co\/colombia\/noticias\/asegurado-en-centro-carcelario-el-primer-capturado-por-orden-judicial-con-ocasion-de-la-nueva-ley-de-maltrato-animal\/","name":"Fiscal\u00eda General de la Naci\u00f3n","isPartOf":{"@id":"https:\/\/www.fiscalia.gov.co\/colombia\/#website"},"primaryImageOfPage":{"@id":"https:\/\/www.fiscalia.gov.co\/colombia\/noticias\/asegurado-en-centro-carcelario-el-primer-capturado-por-orden-judicial-con-ocasion-de-la-nueva-ley-de-maltrato-animal\/#primaryimage"},"image":{"@id":"https:\/\/www.fiscalia.gov.co\/colombia\/noticias\/asegurado-en-centro-carcelario-el-primer-capturado-por-orden-judicial-con-ocasion-de-la-nueva-ley-de-maltrato-animal\/#primaryimage"},"thumbnailUrl":"https:\/\/www.fiscalia.gov.co\/colombia\/wp-content\/uploads\/FOTO-1-PARRA-CARRILLO-300x276.jpeg","datePublished":"2025-05-18T22:09:49+00:00","dateModified":"2025-05-18T22:12:02+00:00","description":"P\u00e1gina oficial de la Fiscal\u00eda General de la Naci\u00f3n \u2013 Colombia. Garantizamos el acceso efectivo a la justicia, la verdad y la reparaci\u00f3n de las v\u00edctimas de los delitos.","breadcrumb":{"@id":"https:\/\/www.fiscalia.gov.co\/colombia\/noticias\/asegurado-en-centro-carcelario-el-primer-capturado-por-orden-judicial-con-ocasion-de-la-nueva-ley-de-maltrato-animal\/#breadcrumb"},"inLanguage":"es-CO","potentialAction":[{"@type":"ReadAction","target":["https:\/\/www.fiscalia.gov.co\/colombia\/noticias\/asegurado-en-centro-carcelario-el-primer-capturado-por-orden-judicial-con-ocasion-de-la-nueva-ley-de-maltrato-animal\/"]}]},{"@type":"ImageObject","inLanguage":"es-CO","@id":"https:\/\/www.fiscalia.gov.co\/colombia\/noticias\/asegurado-en-centro-carcelario-el-primer-capturado-por-orden-judicial-con-ocasion-de-la-nueva-ley-de-maltrato-animal\/#primaryimage","url":"https:\/\/www.fiscalia.gov.co\/colombia\/wp-content\/uploads\/FOTO-1-PARRA-CARRILLO.jpeg","contentUrl":"https:\/\/www.fiscalia.gov.co\/colombia\/wp-content\/uploads\/FOTO-1-PARRA-CARRILLO.jpeg","width":1053,"height":970,"caption":"En la imagen se ve al procesado Alexander Parra Carrillo en la audiencia de imputaci\u00f3n por el delito de muerte a animal agravado."},{"@type":"BreadcrumbList","@id":"https:\/\/www.fiscalia.gov.co\/colombia\/noticias\/asegurado-en-centro-carcelario-el-primer-capturado-por-orden-judicial-con-ocasion-de-la-nueva-ley-de-maltrato-animal\/#breadcrumb","itemListElement":[{"@type":"ListItem","position":1,"name":"Home","item":"https:\/\/www.fiscalia.gov.co\/colombia\/"},{"@type":"ListItem","position":2,"name":"Asegurado en centro carcelario el primer capturado por orden judicial con ocasi\u00f3n de la nueva ley de maltrato animal"}]},{"@type":"WebSite","@id":"https:\/\/www.fiscalia.gov.co\/colombia\/#website","url":"https:\/\/www.fiscalia.gov.co\/colombia\/","name":"Fiscal\u00eda General de la Naci\u00f3n","description":"P\u00e1gina oficial de la Fiscal\u00eda General de la Naci\u00f3n \u2013 Colombia. Garantizamos el acceso efectivo a la justicia, la verdad y la reparaci\u00f3n de las v\u00edctimas de los delitos.","publisher":{"@id":"https:\/\/www.fiscalia.gov.co\/colombia\/#organization"},"potentialAction":[{"@type":"SearchAction","target":{"@type":"EntryPoint","urlTemplate":"https:\/\/www.fiscalia.gov.co\/colombia\/?s={search_term_string}"},"query-input":{"@type":"PropertyValueSpecification","valueRequired":true,"valueName":"search_term_string"}}],"inLanguage":"es-CO"},{"@type":"Organization","@id":"https:\/\/www.fiscalia.gov.co\/colombia\/#organization","name":"Fiscal\u00eda General de la Naci\u00f3n","url":"https:\/\/www.fiscalia.gov.co\/colombia\/","logo":{"@type":"ImageObject","inLanguage":"es-CO","@id":"https:\/\/www.fiscalia.gov.co\/colombia\/#\/schema\/logo\/image\/","url":"https:\/\/www.fiscalia.gov.co\/colombia\/wp-content\/uploads\/LogoHorizontal_1.jpg","contentUrl":"https:\/\/www.fiscalia.gov.co\/colombia\/wp-content\/uploads\/LogoHorizontal_1.jpg","width":300,"height":90,"caption":"Fiscal\u00eda General de la Naci\u00f3n"},"image":{"@id":"https:\/\/www.fiscalia.gov.co\/colombia\/#\/schema\/logo\/image\/"},"sameAs":["https:\/\/www.facebook.com\/FiscaliaCol","https:\/\/x.com\/FiscaliaCol","https:\/\/www.instagram.com\/fiscaliacol","https:\/\/www.linkedin.com\/company\/fiscalia-general-de-la-naci-n\/","https:\/\/youtube.com\/@fiscaliageneraldelanacion-4668?si=6nN79nyQICPU5iTh"]},{"@type":"Person","@id":"https:\/\/www.fiscalia.gov.co\/colombia\/#\/schema\/person\/ba9eca435947489fb25117a0cd75bf3e","name":"Johanna Islenny Prieto Pe\u00f1a","image":{"@type":"ImageObject","inLanguage":"es-CO","@id":"https:\/\/www.fiscalia.gov.co\/colombia\/#\/schema\/person\/image\/","url":"https:\/\/secure.gravatar.com\/avatar\/111433fc2acb037ffb768f6a3ca47864?s=96&d=mm&r=g","contentUrl":"https:\/\/secure.gravatar.com\/avatar\/111433fc2acb037ffb768f6a3ca47864?s=96&d=mm&r=g","caption":"Johanna Islenny Prieto Pe\u00f1a"},"url":"https:\/\/www.fiscalia.gov.co\/colombia\/author\/jprietop\/"}]}},"_links":{"self":[{"href":"https:\/\/www.fiscalia.gov.co\/colombia\/wp-json\/wp\/v2\/posts\/315479","targetHints":{"allow":["GET"]}}],"collection":[{"href":"https:\/\/www.fiscalia.gov.co\/colombia\/wp-json\/wp\/v2\/posts"}],"about":[{"href":"https:\/\/www.fiscalia.gov.co\/colombia\/wp-json\/wp\/v2\/types\/post"}],"author":[{"embeddable":true,"href":"https:\/\/www.fiscalia.gov.co\/colombia\/wp-json\/wp\/v2\/users\/181"}],"replies":[{"embeddable":true,"href":"https:\/\/www.fiscalia.gov.co\/colombia\/wp-json\/wp\/v2\/comments?post=315479"}],"version-history":[{"count":3,"href":"https:\/\/www.fiscalia.gov.co\/colombia\/wp-json\/wp\/v2\/posts\/315479\/revisions"}],"predecessor-version":[{"id":315483,"href":"https:\/\/www.fiscalia.gov.co\/colombia\/wp-json\/wp\/v2\/posts\/315479\/revisions\/315483"}],"wp:attachment":[{"href":"https:\/\/www.fiscalia.gov.co\/colombia\/wp-json\/wp\/v2\/media?parent=315479"}],"wp:term":[{"taxonomy":"category","embeddable":true,"href":"https:\/\/www.fiscalia.gov.co\/colombia\/wp-json\/wp\/v2\/categories?post=315479"},{"taxonomy":"post_tag","embeddable":true,"href":"https:\/\/www.fiscalia.gov.co\/colombia\/wp-json\/wp\/v2\/tags?post=315479"}],"curies":[{"name":"wp","href":"https:\/\/api.w.org\/{rel}","templated":true}]}}